{"id":2365,"date":"2021-02-02T19:11:07","date_gmt":"2021-02-02T22:11:07","guid":{"rendered":"https:\/\/www.tvuai.com.br\/portal\/?p=2365"},"modified":"2021-02-10T17:52:32","modified_gmt":"2021-02-10T20:52:32","slug":"cemig-participa-da-alianca-pela-acao-climatica-lancada-no-brasil","status":"publish","type":"post","link":"https:\/\/www.tvuai.com.br\/portal\/cemig-participa-da-alianca-pela-acao-climatica-lancada-no-brasil\/","title":{"rendered":"Cemig participa da Alian\u00e7a pela A\u00e7\u00e3o Clim\u00e1tica lan\u00e7ada no Brasil"},"content":{"rendered":"<div class=\"5a1038e0903b96d426fcfcc338703013\" data-index=\"1\" style=\"float: right; margin:10px 0 10px 10px;\">\n<script async src=\"https:\/\/pagead2.googlesyndication.com\/pagead\/js\/adsbygoogle.js?client=ca-pub-9945944833605257\"\r\n     crossorigin=\"anonymous\"><\/script>\r\n<ins class=\"adsbygoogle\"\r\n     style=\"display:block; text-align:center;\"\r\n     data-ad-layout=\"in-article\"\r\n     data-ad-format=\"fluid\"\r\n     data-ad-client=\"ca-pub-9945944833605257\"\r\n     data-ad-slot=\"2343923581\"><\/ins>\r\n<script>\r\n     (adsbygoogle = window.adsbygoogle || []).push({});\r\n<\/script>\n<\/div>\n<h5 style=\"text-align: center\"><strong><em><img data-recalc-dims=\"1\" fetchpriority=\"high\" decoding=\"async\" data-attachment-id=\"2369\" data-permalink=\"https:\/\/www.tvuai.com.br\/portal\/cemig-participa-da-alianca-pela-acao-climatica-lancada-no-brasil\/cemig-climatico\/\" data-orig-file=\"https:\/\/i0.wp.com\/www.tvuai.com.br\/portal\/wp-content\/uploads\/2021\/02\/Cemig-clim\u00e1tico.jpg?fit=800%2C533&amp;ssl=1\" data-orig-size=\"800,533\" data-comments-opened=\"0\" data-image-meta=\"{&quot;aperture&quot;:&quot;0&quot;,&quot;credit&quot;:&quot;&quot;,&quot;camera&quot;:&quot;&quot;,&quot;caption&quot;:&quot;&quot;,&quot;created_timestamp&quot;:&quot;0&quot;,&quot;copyright&quot;:&quot;&quot;,&quot;focal_length&quot;:&quot;0&quot;,&quot;iso&quot;:&quot;0&quot;,&quot;shutter_speed&quot;:&quot;0&quot;,&quot;title&quot;:&quot;&quot;,&quot;orientation&quot;:&quot;1&quot;}\" data-image-title=\"Cemig clim\u00e1tico\" data-image-description=\"\" data-image-caption=\"\" data-medium-file=\"https:\/\/i0.wp.com\/www.tvuai.com.br\/portal\/wp-content\/uploads\/2021\/02\/Cemig-clim\u00e1tico.jpg?fit=300%2C200&amp;ssl=1\" data-large-file=\"https:\/\/i0.wp.com\/www.tvuai.com.br\/portal\/wp-content\/uploads\/2021\/02\/Cemig-clim\u00e1tico.jpg?fit=640%2C426&amp;ssl=1\" tabindex=\"0\" role=\"button\" class=\"aligncenter size-full wp-image-2369\" src=\"https:\/\/i0.wp.com\/www.tvuai.com.br\/portal\/wp-content\/uploads\/2021\/02\/Cemig-clim\u00e1tico.jpg?resize=640%2C426&#038;ssl=1\" alt=\"\" width=\"640\" height=\"426\" srcset=\"https:\/\/i0.wp.com\/www.tvuai.com.br\/portal\/wp-content\/uploads\/2021\/02\/Cemig-clim\u00e1tico.jpg?w=800&amp;ssl=1 800w, https:\/\/i0.wp.com\/www.tvuai.com.br\/portal\/wp-content\/uploads\/2021\/02\/Cemig-clim\u00e1tico.jpg?resize=300%2C200&amp;ssl=1 300w, https:\/\/i0.wp.com\/www.tvuai.com.br\/portal\/wp-content\/uploads\/2021\/02\/Cemig-clim\u00e1tico.jpg?resize=768%2C512&amp;ssl=1 768w, https:\/\/i0.wp.com\/www.tvuai.com.br\/portal\/wp-content\/uploads\/2021\/02\/Cemig-clim\u00e1tico.jpg?resize=600%2C400&amp;ssl=1 600w\" sizes=\"(max-width: 640px) 100vw, 640px\" \/>Cinco anos ap\u00f3s a aprova\u00e7\u00e3o do Acordo de Paris,<\/em><\/strong><br \/>\n<strong><em>a companhia reafirma seu compromisso com a gest\u00e3o do risco clim\u00e1tico<\/em><\/strong><\/h5>\n<p>A Cemig, empresa reconhecida por suas pr\u00e1ticas robustas em gest\u00e3o do risco clim\u00e1tico, \u00e9 uma das primeiras empresas do Pa\u00eds a aderir \u00e0 Alian\u00e7a pela A\u00e7\u00e3o Clim\u00e1tica (ACA-Brasil), uma coaliz\u00e3o nacional para o cumprimento dos compromissos do Acordo de Paris. A ACA-Brasil foi lan\u00e7ada na \u00faltima semana, durante evento virtual.<\/p>\n<p>Para o gerente de Sustentabilidade Ambiental da Cemig, Adi\u00e9liton Freitas, os efeitos das mudan\u00e7as clim\u00e1ticas ir\u00e3o impactar a sociedade e os servi\u00e7os de gera\u00e7\u00e3o e distribui\u00e7\u00e3o de energia el\u00e9trica. \u201cNa Cemig, temos dado a aten\u00e7\u00e3o especial na busca por solu\u00e7\u00f5es voltadas a reduzir emiss\u00f5es de gases de efeito estufa e as perdas de energia na sua \u00e1rea de concess\u00e3o. Por outro lado, temos buscado aproveitar as oportunidades de neg\u00f3cio que a transi\u00e7\u00e3o para a economia de baixo carbono pode proporcionar\u201d, explica.<\/p>\n<p>A capacidade de gera\u00e7\u00e3o da Cemig, uma das maiores do pa\u00eds, \u00e9 100% proveniente de matrizes renov\u00e1veis, como a hidrel\u00e9trica, a e\u00f3lica e a solar fotovoltaica. A empresa atua na redu\u00e7\u00e3o da emiss\u00e3o de gases de efeito estufa, sendo reconhecida internacionalmente pela suas pr\u00e1ticas sustent\u00e1veis, por organiza\u00e7\u00f5es como a CDP, FTSE\/Russell, B3 e MSCI. \u00c9 tamb\u00e9m a \u00fanica empresa do setor el\u00e9trico das Am\u00e9ricas que integra o \u00cdndice Dow Jones de Sustentabilidade (DJSI World 2020\/2021).<\/p>\n<p>Adi\u00e9liton Freitas ressalta que, apesar do que as empresas, os governos, as organiza\u00e7\u00f5es e os indiv\u00edduos t\u00eam feito separadamente para a redu\u00e7\u00e3o dos riscos clim\u00e1ticos, \u201cdevido \u00e0 urg\u00eancia do tema, somente com a soma de esfor\u00e7os tais como essa coaliz\u00e3o ser\u00e1 poss\u00edvel avan\u00e7ar para atingir os compromissos do Acordo de Paris\u201d.<\/p>\n<p style=\"text-align: center\"><strong>Sobre a Cemig<\/strong><\/p>\n<p>Nos \u00faltimos anos, a Cemig se consolidou como uma refer\u00eancia na economia global, reconhecida por sua atua\u00e7\u00e3o sustent\u00e1vel. H\u00e1 21 anos consecutivos, faz parte do \u00cdndice Dow Jones de Sustentabilidade (DJSI World). A companhia tamb\u00e9m \u00e9 reconhecida como uma pot\u00eancia nacional, uma das gigantes do setor de energia el\u00e9trica, que oferece ao mesmo tempo Gera\u00e7\u00e3o, Transmiss\u00e3o, Distribui\u00e7\u00e3o e Atendimento ao Cliente. Para se ter uma ideia da dimens\u00e3o dessa empresa, em Minas Gerais, a Cemig responde por 96% da \u00e1rea de concess\u00e3o, com 8,6 milh\u00f5es de liga\u00e7\u00f5es, em 774 munic\u00edpios, uma \u00e1rea de tamanho equivalente \u00e0 Fran\u00e7a.<\/p>\n<p style=\"text-align: center\"><strong>Sobre Alian\u00e7as para A\u00e7\u00e3o Clim\u00e1tica<\/strong><\/p>\n<p>A ACA-Brasil faz parte das Alian\u00e7as para A\u00e7\u00e3o Clim\u00e1tica, uma rede diversificada de alian\u00e7as nacionais dedicadas \u00e0 a\u00e7\u00e3o clim\u00e1tica ambiciosa, aumentando o apoio p\u00fablico para enfrentar a crise clim\u00e1tica e engajando seus respectivos governos nacionais para descarbonizar mais rapidamente e, por fim, alcan\u00e7ar redu\u00e7\u00f5es de emiss\u00f5es alinhadas com os objetivos do Acordo de Paris com os quais cada pa\u00eds se comprometeu. Saiba mais sobre as Alian\u00e7as para A\u00e7\u00e3o Clim\u00e1tica <strong><span style=\"color: #333399\"><a style=\"color: #333399\" href=\"https:\/\/www.alliancesforclimateaction.org\/\">clicando aqui<\/a><\/span><\/strong>.<\/p>\n\n<div style=\"font-size: 0px; height: 0px; line-height: 0px; margin: 0; padding: 0; clear: both;\"><\/div><div class='share-to-whatsapp-wrapper'><div class='share-on-whsp'>Share on: <\/div><a data-text='Cemig participa da Alian\u00e7a pela A\u00e7\u00e3o Clim\u00e1tica lan\u00e7ada no Brasil' data-link='https:\/\/www.tvuai.com.br\/portal\/cemig-participa-da-alianca-pela-acao-climatica-lancada-no-brasil\/' class='whatsapp-button whatsapp-share'>WhatsApp<\/a><div class='clear '><\/div><\/div><!-- AddThis Advanced Settings generic via filter on the_content --><!-- AddThis Share Buttons generic via filter on the_content -->","protected":false},"excerpt":{"rendered":"<p>Cinco anos ap\u00f3s a aprova\u00e7\u00e3o do Acordo de Paris, a companhia reafirma seu compromisso com a gest\u00e3o do risco clim\u00e1tico A Cemig, empresa reconhecida por suas pr\u00e1ticas robustas em gest\u00e3o do risco clim\u00e1tico, \u00e9 uma das primeiras empresas do Pa\u00eds a aderir \u00e0 Alian\u00e7a pela A\u00e7\u00e3o Clim\u00e1tica (ACA-Brasil), uma coaliz\u00e3o nacional para o cumprimento dos [&hellip;]<!-- AddThis Advanced Settings generic via filter on get_the_excerpt --><!-- AddThis Share Buttons generic via filter on get_the_excerpt --><\/p>\n","protected":false},"author":2,"featured_media":2368,"comment_status":"closed","ping_status":"closed","sticky":false,"template":"","format":"standard","meta":{"jetpack_post_was_ever_published":false,"_jetpack_newsletter_access":"","_jetpack_dont_email_post_to_subs":false,"_jetpack_newsletter_tier_id":0,"_jetpack_memberships_contains_paywalled_content":false,"_jetpack_memberships_contains_paid_content":false,"_joinchat":[],"footnotes":"","jetpack_publicize_message":"","jetpack_publicize_feature_enabled":true,"jetpack_social_post_already_shared":true,"jetpack_social_options":{"image_generator_settings":{"template":"highway","enabled":false},"version":2}},"categories":[19],"tags":[338,337,60,184,37,39,27],"class_list":["post-2365","post","type-post","status-publish","format-standard","has-post-thumbnail","hentry","category-noticias","tag-aca-brasil","tag-alianca-pela-acao-climatica","tag-cemig","tag-minas-gerais","tag-pouso-alegre","tag-sul-de-minas","tag-tv-uai"],"jetpack_publicize_connections":[],"yoast_head":"<!-- This site is optimized with the Yoast SEO plugin v23.5 - https:\/\/yoast.com\/wordpress\/plugins\/seo\/ -->\n<title>Cemig participa da Alian\u00e7a pela A\u00e7\u00e3o Clim\u00e1tica lan\u00e7ada no Brasil - TVUAI<\/title>\n<meta name=\"robots\" content=\"index, follow, max-snippet:-1, max-image-preview:large, max-video-preview:-1\" \/>\n<link rel=\"canonical\" href=\"https:\/\/www.tvuai.com.br\/portal\/cemig-participa-da-alianca-pela-acao-climatica-lancada-no-brasil\/\" \/>\n<meta property=\"og:locale\" content=\"pt_BR\" \/>\n<meta property=\"og:type\" content=\"article\" \/>\n<meta property=\"og:title\" content=\"Cemig participa da Alian\u00e7a pela A\u00e7\u00e3o Clim\u00e1tica lan\u00e7ada no Brasil - TVUAI\" \/>\n<meta property=\"og:description\" content=\"Cinco anos ap\u00f3s a aprova\u00e7\u00e3o do Acordo de Paris, a companhia reafirma seu compromisso com a gest\u00e3o do risco clim\u00e1tico A Cemig, empresa reconhecida por suas pr\u00e1ticas robustas em gest\u00e3o do risco clim\u00e1tico, \u00e9 uma das primeiras empresas do Pa\u00eds a aderir \u00e0 Alian\u00e7a pela A\u00e7\u00e3o Clim\u00e1tica (ACA-Brasil), uma coaliz\u00e3o nacional para o cumprimento dos [&hellip;]\" \/>\n<meta property=\"og:url\" content=\"https:\/\/www.tvuai.com.br\/portal\/cemig-participa-da-alianca-pela-acao-climatica-lancada-no-brasil\/\" \/>\n<meta property=\"og:site_name\" content=\"TVUAI\" \/>\n<meta property=\"article:publisher\" content=\"http:\/\/www.facebook.com\/pages\/TV-Uai-Comunica%c3%a7%c3%a3o\/139062546157369\" \/>\n<meta property=\"article:author\" content=\"https:\/\/www.facebook.com\/tvuai\/\" \/>\n<meta property=\"article:published_time\" content=\"2021-02-02T22:11:07+00:00\" \/>\n<meta property=\"article:modified_time\" content=\"2021-02-10T20:52:32+00:00\" \/>\n<meta property=\"og:image\" content=\"https:\/\/i0.wp.com\/www.tvuai.com.br\/portal\/wp-content\/uploads\/2021\/02\/Cemig-clim\u00e1tico-0.jpg?fit=200%2C200&ssl=1\" \/>\n\t<meta property=\"og:image:width\" content=\"200\" \/>\n\t<meta property=\"og:image:height\" content=\"200\" \/>\n\t<meta property=\"og:image:type\" content=\"image\/jpeg\" \/>\n<meta name=\"author\" content=\"Rosy Pantale\u00e3o\" \/>\n<meta name=\"twitter:card\" content=\"summary_large_image\" \/>\n<meta name=\"twitter:creator\" content=\"@tvuai\" \/>\n<meta name=\"twitter:site\" content=\"@tvuai\" \/>\n<meta name=\"twitter:label1\" content=\"Escrito por\" \/>\n\t<meta name=\"twitter:data1\" content=\"Rosy Pantale\u00e3o\" \/>\n\t<meta name=\"twitter:label2\" content=\"Est. tempo de leitura\" \/>\n\t<meta name=\"twitter:data2\" content=\"3 minutos\" \/>\n<script type=\"application\/ld+json\" class=\"yoast-schema-graph\">{\"@context\":\"https:\/\/schema.org\",\"@graph\":[{\"@type\":\"Article\",\"@id\":\"https:\/\/www.tvuai.com.br\/portal\/cemig-participa-da-alianca-pela-acao-climatica-lancada-no-brasil\/#article\",\"isPartOf\":{\"@id\":\"https:\/\/www.tvuai.com.br\/portal\/cemig-participa-da-alianca-pela-acao-climatica-lancada-no-brasil\/\"},\"author\":{\"name\":\"Rosy Pantale\u00e3o\",\"@id\":\"https:\/\/www.tvuai.com.br\/portal\/#\/schema\/person\/d1c5c2b1dc1e658906286802aad38555\"},\"headline\":\"Cemig participa da Alian\u00e7a pela A\u00e7\u00e3o Clim\u00e1tica lan\u00e7ada no Brasil\",\"datePublished\":\"2021-02-02T22:11:07+00:00\",\"dateModified\":\"2021-02-10T20:52:32+00:00\",\"mainEntityOfPage\":{\"@id\":\"https:\/\/www.tvuai.com.br\/portal\/cemig-participa-da-alianca-pela-acao-climatica-lancada-no-brasil\/\"},\"wordCount\":538,\"publisher\":{\"@id\":\"https:\/\/www.tvuai.com.br\/portal\/#organization\"},\"image\":{\"@id\":\"https:\/\/www.tvuai.com.br\/portal\/cemig-participa-da-alianca-pela-acao-climatica-lancada-no-brasil\/#primaryimage\"},\"thumbnailUrl\":\"https:\/\/i0.wp.com\/www.tvuai.com.br\/portal\/wp-content\/uploads\/2021\/02\/Cemig-clim\u00e1tico-0.jpg?fit=200%2C200&ssl=1\",\"keywords\":[\"ACA-Brasil\",\"Alian\u00e7a pela A\u00e7\u00e3o Clim\u00e1tica\",\"Cemig\",\"Minas Gerais\",\"Pouso Alegre\",\"Sul de Minas\",\"TV Uai\"],\"articleSection\":[\"Not\u00edcias\"],\"inLanguage\":\"pt-BR\"},{\"@type\":\"WebPage\",\"@id\":\"https:\/\/www.tvuai.com.br\/portal\/cemig-participa-da-alianca-pela-acao-climatica-lancada-no-brasil\/\",\"url\":\"https:\/\/www.tvuai.com.br\/portal\/cemig-participa-da-alianca-pela-acao-climatica-lancada-no-brasil\/\",\"name\":\"Cemig participa da Alian\u00e7a pela A\u00e7\u00e3o Clim\u00e1tica lan\u00e7ada no Brasil - TVUAI\",\"isPartOf\":{\"@id\":\"https:\/\/www.tvuai.com.br\/portal\/#website\"},\"primaryImageOfPage\":{\"@id\":\"https:\/\/www.tvuai.com.br\/portal\/cemig-participa-da-alianca-pela-acao-climatica-lancada-no-brasil\/#primaryimage\"},\"image\":{\"@id\":\"https:\/\/www.tvuai.com.br\/portal\/cemig-participa-da-alianca-pela-acao-climatica-lancada-no-brasil\/#primaryimage\"},\"thumbnailUrl\":\"https:\/\/i0.wp.com\/www.tvuai.com.br\/portal\/wp-content\/uploads\/2021\/02\/Cemig-clim\u00e1tico-0.jpg?fit=200%2C200&ssl=1\",\"datePublished\":\"2021-02-02T22:11:07+00:00\",\"dateModified\":\"2021-02-10T20:52:32+00:00\",\"breadcrumb\":{\"@id\":\"https:\/\/www.tvuai.com.br\/portal\/cemig-participa-da-alianca-pela-acao-climatica-lancada-no-brasil\/#breadcrumb\"},\"inLanguage\":\"pt-BR\",\"potentialAction\":[{\"@type\":\"ReadAction\",\"target\":[\"https:\/\/www.tvuai.com.br\/portal\/cemig-participa-da-alianca-pela-acao-climatica-lancada-no-brasil\/\"]}]},{\"@type\":\"ImageObject\",\"inLanguage\":\"pt-BR\",\"@id\":\"https:\/\/www.tvuai.com.br\/portal\/cemig-participa-da-alianca-pela-acao-climatica-lancada-no-brasil\/#primaryimage\",\"url\":\"https:\/\/i0.wp.com\/www.tvuai.com.br\/portal\/wp-content\/uploads\/2021\/02\/Cemig-clim\u00e1tico-0.jpg?fit=200%2C200&ssl=1\",\"contentUrl\":\"https:\/\/i0.wp.com\/www.tvuai.com.br\/portal\/wp-content\/uploads\/2021\/02\/Cemig-clim\u00e1tico-0.jpg?fit=200%2C200&ssl=1\",\"width\":200,\"height\":200},{\"@type\":\"BreadcrumbList\",\"@id\":\"https:\/\/www.tvuai.com.br\/portal\/cemig-participa-da-alianca-pela-acao-climatica-lancada-no-brasil\/#breadcrumb\",\"itemListElement\":[{\"@type\":\"ListItem\",\"position\":1,\"name\":\"In\u00edcio\",\"item\":\"https:\/\/www.tvuai.com.br\/portal\/\"},{\"@type\":\"ListItem\",\"position\":2,\"name\":\"Cemig participa da Alian\u00e7a pela A\u00e7\u00e3o Clim\u00e1tica lan\u00e7ada no Brasil\"}]},{\"@type\":\"WebSite\",\"@id\":\"https:\/\/www.tvuai.com.br\/portal\/#website\",\"url\":\"https:\/\/www.tvuai.com.br\/portal\/\",\"name\":\"TVUAI\",\"description\":\"Tudo sobre o Sul de Minas\",\"publisher\":{\"@id\":\"https:\/\/www.tvuai.com.br\/portal\/#organization\"},\"potentialAction\":[{\"@type\":\"SearchAction\",\"target\":{\"@type\":\"EntryPoint\",\"urlTemplate\":\"https:\/\/www.tvuai.com.br\/portal\/?s={search_term_string}\"},\"query-input\":{\"@type\":\"PropertyValueSpecification\",\"valueRequired\":true,\"valueName\":\"search_term_string\"}}],\"inLanguage\":\"pt-BR\"},{\"@type\":\"Organization\",\"@id\":\"https:\/\/www.tvuai.com.br\/portal\/#organization\",\"name\":\"TVUAI\",\"url\":\"https:\/\/www.tvuai.com.br\/portal\/\",\"logo\":{\"@type\":\"ImageObject\",\"inLanguage\":\"pt-BR\",\"@id\":\"https:\/\/www.tvuai.com.br\/portal\/#\/schema\/logo\/image\/\",\"url\":\"https:\/\/i0.wp.com\/www.tvuai.com.br\/portal\/wp-content\/uploads\/2017\/12\/logo_tvuai_100H.png?fit=207%2C100&ssl=1\",\"contentUrl\":\"https:\/\/i0.wp.com\/www.tvuai.com.br\/portal\/wp-content\/uploads\/2017\/12\/logo_tvuai_100H.png?fit=207%2C100&ssl=1\",\"width\":207,\"height\":100,\"caption\":\"TVUAI\"},\"image\":{\"@id\":\"https:\/\/www.tvuai.com.br\/portal\/#\/schema\/logo\/image\/\"},\"sameAs\":[\"http:\/\/www.facebook.com\/pages\/TV-Uai-Comunica\u00e7\u00e3o\/139062546157369\",\"https:\/\/x.com\/tvuai\",\"https:\/\/www.instagram.com\/tvuai_network\/\",\"https:\/\/www.youtube.com\/channel\/UCB7ZPB3wRv-OpoZ_09jmnkQ\"]},{\"@type\":\"Person\",\"@id\":\"https:\/\/www.tvuai.com.br\/portal\/#\/schema\/person\/d1c5c2b1dc1e658906286802aad38555\",\"name\":\"Rosy Pantale\u00e3o\",\"sameAs\":[\"https:\/\/www.tvuai.com.br\/portal\/\",\"https:\/\/www.facebook.com\/tvuai\/\",\"https:\/\/www.instagram.com\/tvuai\",\"https:\/\/x.com\/tvuai\",\"https:\/\/www.youtube.com\/channel\/UCB7ZPB3wRv-OpoZ_09jmnkQ\",\"tvuai\"],\"url\":\"https:\/\/www.tvuai.com.br\/portal\/author\/rosy\/\"}]}<\/script>\n<!-- \/ Yoast SEO plugin. -->","yoast_head_json":{"title":"Cemig participa da Alian\u00e7a pela A\u00e7\u00e3o Clim\u00e1tica lan\u00e7ada no Brasil - TVUAI","robots":{"index":"index","follow":"follow","max-snippet":"max-snippet:-1","max-image-preview":"max-image-preview:large","max-video-preview":"max-video-preview:-1"},"canonical":"https:\/\/www.tvuai.com.br\/portal\/cemig-participa-da-alianca-pela-acao-climatica-lancada-no-brasil\/","og_locale":"pt_BR","og_type":"article","og_title":"Cemig participa da Alian\u00e7a pela A\u00e7\u00e3o Clim\u00e1tica lan\u00e7ada no Brasil - TVUAI","og_description":"Cinco anos ap\u00f3s a aprova\u00e7\u00e3o do Acordo de Paris, a companhia reafirma seu compromisso com a gest\u00e3o do risco clim\u00e1tico A Cemig, empresa reconhecida por suas pr\u00e1ticas robustas em gest\u00e3o do risco clim\u00e1tico, \u00e9 uma das primeiras empresas do Pa\u00eds a aderir \u00e0 Alian\u00e7a pela A\u00e7\u00e3o Clim\u00e1tica (ACA-Brasil), uma coaliz\u00e3o nacional para o cumprimento dos [&hellip;]","og_url":"https:\/\/www.tvuai.com.br\/portal\/cemig-participa-da-alianca-pela-acao-climatica-lancada-no-brasil\/","og_site_name":"TVUAI","article_publisher":"http:\/\/www.facebook.com\/pages\/TV-Uai-Comunica%c3%a7%c3%a3o\/139062546157369","article_author":"https:\/\/www.facebook.com\/tvuai\/","article_published_time":"2021-02-02T22:11:07+00:00","article_modified_time":"2021-02-10T20:52:32+00:00","og_image":[{"width":200,"height":200,"url":"https:\/\/i0.wp.com\/www.tvuai.com.br\/portal\/wp-content\/uploads\/2021\/02\/Cemig-clim\u00e1tico-0.jpg?fit=200%2C200&ssl=1","type":"image\/jpeg"}],"author":"Rosy Pantale\u00e3o","twitter_card":"summary_large_image","twitter_creator":"@tvuai","twitter_site":"@tvuai","twitter_misc":{"Escrito por":"Rosy Pantale\u00e3o","Est. tempo de leitura":"3 minutos"},"schema":{"@context":"https:\/\/schema.org","@graph":[{"@type":"Article","@id":"https:\/\/www.tvuai.com.br\/portal\/cemig-participa-da-alianca-pela-acao-climatica-lancada-no-brasil\/#article","isPartOf":{"@id":"https:\/\/www.tvuai.com.br\/portal\/cemig-participa-da-alianca-pela-acao-climatica-lancada-no-brasil\/"},"author":{"name":"Rosy Pantale\u00e3o","@id":"https:\/\/www.tvuai.com.br\/portal\/#\/schema\/person\/d1c5c2b1dc1e658906286802aad38555"},"headline":"Cemig participa da Alian\u00e7a pela A\u00e7\u00e3o Clim\u00e1tica lan\u00e7ada no Brasil","datePublished":"2021-02-02T22:11:07+00:00","dateModified":"2021-02-10T20:52:32+00:00","mainEntityOfPage":{"@id":"https:\/\/www.tvuai.com.br\/portal\/cemig-participa-da-alianca-pela-acao-climatica-lancada-no-brasil\/"},"wordCount":538,"publisher":{"@id":"https:\/\/www.tvuai.com.br\/portal\/#organization"},"image":{"@id":"https:\/\/www.tvuai.com.br\/portal\/cemig-participa-da-alianca-pela-acao-climatica-lancada-no-brasil\/#primaryimage"},"thumbnailUrl":"https:\/\/i0.wp.com\/www.tvuai.com.br\/portal\/wp-content\/uploads\/2021\/02\/Cemig-clim\u00e1tico-0.jpg?fit=200%2C200&ssl=1","keywords":["ACA-Brasil","Alian\u00e7a pela A\u00e7\u00e3o Clim\u00e1tica","Cemig","Minas Gerais","Pouso Alegre","Sul de Minas","TV Uai"],"articleSection":["Not\u00edcias"],"inLanguage":"pt-BR"},{"@type":"WebPage","@id":"https:\/\/www.tvuai.com.br\/portal\/cemig-participa-da-alianca-pela-acao-climatica-lancada-no-brasil\/","url":"https:\/\/www.tvuai.com.br\/portal\/cemig-participa-da-alianca-pela-acao-climatica-lancada-no-brasil\/","name":"Cemig participa da Alian\u00e7a pela A\u00e7\u00e3o Clim\u00e1tica lan\u00e7ada no Brasil - TVUAI","isPartOf":{"@id":"https:\/\/www.tvuai.com.br\/portal\/#website"},"primaryImageOfPage":{"@id":"https:\/\/www.tvuai.com.br\/portal\/cemig-participa-da-alianca-pela-acao-climatica-lancada-no-brasil\/#primaryimage"},"image":{"@id":"https:\/\/www.tvuai.com.br\/portal\/cemig-participa-da-alianca-pela-acao-climatica-lancada-no-brasil\/#primaryimage"},"thumbnailUrl":"https:\/\/i0.wp.com\/www.tvuai.com.br\/portal\/wp-content\/uploads\/2021\/02\/Cemig-clim\u00e1tico-0.jpg?fit=200%2C200&ssl=1","datePublished":"2021-02-02T22:11:07+00:00","dateModified":"2021-02-10T20:52:32+00:00","breadcrumb":{"@id":"https:\/\/www.tvuai.com.br\/portal\/cemig-participa-da-alianca-pela-acao-climatica-lancada-no-brasil\/#breadcrumb"},"inLanguage":"pt-BR","potentialAction":[{"@type":"ReadAction","target":["https:\/\/www.tvuai.com.br\/portal\/cemig-participa-da-alianca-pela-acao-climatica-lancada-no-brasil\/"]}]},{"@type":"ImageObject","inLanguage":"pt-BR","@id":"https:\/\/www.tvuai.com.br\/portal\/cemig-participa-da-alianca-pela-acao-climatica-lancada-no-brasil\/#primaryimage","url":"https:\/\/i0.wp.com\/www.tvuai.com.br\/portal\/wp-content\/uploads\/2021\/02\/Cemig-clim\u00e1tico-0.jpg?fit=200%2C200&ssl=1","contentUrl":"https:\/\/i0.wp.com\/www.tvuai.com.br\/portal\/wp-content\/uploads\/2021\/02\/Cemig-clim\u00e1tico-0.jpg?fit=200%2C200&ssl=1","width":200,"height":200},{"@type":"BreadcrumbList","@id":"https:\/\/www.tvuai.com.br\/portal\/cemig-participa-da-alianca-pela-acao-climatica-lancada-no-brasil\/#breadcrumb","itemListElement":[{"@type":"ListItem","position":1,"name":"In\u00edcio","item":"https:\/\/www.tvuai.com.br\/portal\/"},{"@type":"ListItem","position":2,"name":"Cemig participa da Alian\u00e7a pela A\u00e7\u00e3o Clim\u00e1tica lan\u00e7ada no Brasil"}]},{"@type":"WebSite","@id":"https:\/\/www.tvuai.com.br\/portal\/#website","url":"https:\/\/www.tvuai.com.br\/portal\/","name":"TVUAI","description":"Tudo sobre o Sul de Minas","publisher":{"@id":"https:\/\/www.tvuai.com.br\/portal\/#organization"},"potentialAction":[{"@type":"SearchAction","target":{"@type":"EntryPoint","urlTemplate":"https:\/\/www.tvuai.com.br\/portal\/?s={search_term_string}"},"query-input":{"@type":"PropertyValueSpecification","valueRequired":true,"valueName":"search_term_string"}}],"inLanguage":"pt-BR"},{"@type":"Organization","@id":"https:\/\/www.tvuai.com.br\/portal\/#organization","name":"TVUAI","url":"https:\/\/www.tvuai.com.br\/portal\/","logo":{"@type":"ImageObject","inLanguage":"pt-BR","@id":"https:\/\/www.tvuai.com.br\/portal\/#\/schema\/logo\/image\/","url":"https:\/\/i0.wp.com\/www.tvuai.com.br\/portal\/wp-content\/uploads\/2017\/12\/logo_tvuai_100H.png?fit=207%2C100&ssl=1","contentUrl":"https:\/\/i0.wp.com\/www.tvuai.com.br\/portal\/wp-content\/uploads\/2017\/12\/logo_tvuai_100H.png?fit=207%2C100&ssl=1","width":207,"height":100,"caption":"TVUAI"},"image":{"@id":"https:\/\/www.tvuai.com.br\/portal\/#\/schema\/logo\/image\/"},"sameAs":["http:\/\/www.facebook.com\/pages\/TV-Uai-Comunica\u00e7\u00e3o\/139062546157369","https:\/\/x.com\/tvuai","https:\/\/www.instagram.com\/tvuai_network\/","https:\/\/www.youtube.com\/channel\/UCB7ZPB3wRv-OpoZ_09jmnkQ"]},{"@type":"Person","@id":"https:\/\/www.tvuai.com.br\/portal\/#\/schema\/person\/d1c5c2b1dc1e658906286802aad38555","name":"Rosy Pantale\u00e3o","sameAs":["https:\/\/www.tvuai.com.br\/portal\/","https:\/\/www.facebook.com\/tvuai\/","https:\/\/www.instagram.com\/tvuai","https:\/\/x.com\/tvuai","https:\/\/www.youtube.com\/channel\/UCB7ZPB3wRv-OpoZ_09jmnkQ","tvuai"],"url":"https:\/\/www.tvuai.com.br\/portal\/author\/rosy\/"}]}},"jetpack_featured_media_url":"https:\/\/i0.wp.com\/www.tvuai.com.br\/portal\/wp-content\/uploads\/2021\/02\/Cemig-clim\u00e1tico-0.jpg?fit=200%2C200&ssl=1","wpmagazine_modules_lite_featured_media_urls":{"thumbnail":["https:\/\/i0.wp.com\/www.tvuai.com.br\/portal\/wp-content\/uploads\/2021\/02\/Cemig-clim\u00e1tico-0.jpg?resize=150%2C150&ssl=1",150,150,true],"cvmm-medium":["https:\/\/i0.wp.com\/www.tvuai.com.br\/portal\/wp-content\/uploads\/2021\/02\/Cemig-clim\u00e1tico-0.jpg?resize=200%2C200&ssl=1",200,200,true],"cvmm-medium-plus":["https:\/\/i0.wp.com\/www.tvuai.com.br\/portal\/wp-content\/uploads\/2021\/02\/Cemig-clim\u00e1tico-0.jpg?resize=200%2C200&ssl=1",200,200,true],"cvmm-portrait":["https:\/\/i0.wp.com\/www.tvuai.com.br\/portal\/wp-content\/uploads\/2021\/02\/Cemig-clim\u00e1tico-0.jpg?resize=200%2C200&ssl=1",200,200,true],"cvmm-medium-square":["https:\/\/i0.wp.com\/www.tvuai.com.br\/portal\/wp-content\/uploads\/2021\/02\/Cemig-clim\u00e1tico-0.jpg?resize=200%2C200&ssl=1",200,200,true],"cvmm-large":["https:\/\/i0.wp.com\/www.tvuai.com.br\/portal\/wp-content\/uploads\/2021\/02\/Cemig-clim\u00e1tico-0.jpg?resize=200%2C200&ssl=1",200,200,true],"cvmm-small":["https:\/\/i0.wp.com\/www.tvuai.com.br\/portal\/wp-content\/uploads\/2021\/02\/Cemig-clim\u00e1tico-0.jpg?resize=130%2C95&ssl=1",130,95,true],"full":["https:\/\/i0.wp.com\/www.tvuai.com.br\/portal\/wp-content\/uploads\/2021\/02\/Cemig-clim\u00e1tico-0.jpg?fit=200%2C200&ssl=1",200,200,false]},"categories_names":{"19":{"name":"Not\u00edcias","link":"https:\/\/www.tvuai.com.br\/portal\/category\/noticias\/"}},"tags_names":{"338":{"name":"ACA-Brasil","link":"https:\/\/www.tvuai.com.br\/portal\/tag\/aca-brasil\/"},"337":{"name":"Alian\u00e7a pela A\u00e7\u00e3o Clim\u00e1tica","link":"https:\/\/www.tvuai.com.br\/portal\/tag\/alianca-pela-acao-climatica\/"},"60":{"name":"Cemig","link":"https:\/\/www.tvuai.com.br\/portal\/tag\/cemig\/"},"184":{"name":"Minas Gerais","link":"https:\/\/www.tvuai.com.br\/portal\/tag\/minas-gerais\/"},"37":{"name":"Pouso Alegre","link":"https:\/\/www.tvuai.com.br\/portal\/tag\/pouso-alegre\/"},"39":{"name":"Sul de Minas","link":"https:\/\/www.tvuai.com.br\/portal\/tag\/sul-de-minas\/"},"27":{"name":"TV Uai","link":"https:\/\/www.tvuai.com.br\/portal\/tag\/tv-uai\/"}},"comments_number":"0","jetpack_shortlink":"https:\/\/wp.me\/p9woix-C9","jetpack_sharing_enabled":true,"_links":{"self":[{"href":"https:\/\/www.tvuai.com.br\/portal\/wp-json\/wp\/v2\/posts\/2365"}],"collection":[{"href":"https:\/\/www.tvuai.com.br\/portal\/wp-json\/wp\/v2\/posts"}],"about":[{"href":"https:\/\/www.tvuai.com.br\/portal\/wp-json\/wp\/v2\/types\/post"}],"author":[{"embeddable":true,"href":"https:\/\/www.tvuai.com.br\/portal\/wp-json\/wp\/v2\/users\/2"}],"replies":[{"embeddable":true,"href":"https:\/\/www.tvuai.com.br\/portal\/wp-json\/wp\/v2\/comments?post=2365"}],"version-history":[{"count":2,"href":"https:\/\/www.tvuai.com.br\/portal\/wp-json\/wp\/v2\/posts\/2365\/revisions"}],"predecessor-version":[{"id":2370,"href":"https:\/\/www.tvuai.com.br\/portal\/wp-json\/wp\/v2\/posts\/2365\/revisions\/2370"}],"wp:featuredmedia":[{"embeddable":true,"href":"https:\/\/www.tvuai.com.br\/portal\/wp-json\/wp\/v2\/media\/2368"}],"wp:attachment":[{"href":"https:\/\/www.tvuai.com.br\/portal\/wp-json\/wp\/v2\/media?parent=2365"}],"wp:term":[{"taxonomy":"category","embeddable":true,"href":"https:\/\/www.tvuai.com.br\/portal\/wp-json\/wp\/v2\/categories?post=2365"},{"taxonomy":"post_tag","embeddable":true,"href":"https:\/\/www.tvuai.com.br\/portal\/wp-json\/wp\/v2\/tags?post=2365"}],"curies":[{"name":"wp","href":"https:\/\/api.w.org\/{rel}","templated":true}]}}