{"id":2204,"date":"2020-10-27T13:50:29","date_gmt":"2020-10-27T16:50:29","guid":{"rendered":"https:\/\/www.tvuai.com.br\/portal\/?p=2204"},"modified":"2020-11-16T20:55:46","modified_gmt":"2020-11-16T23:55:46","slug":"operacao-ilusionista-do-mpmg-e-gaeco-prende-ex-delegado-regional-de-varginha-que-e-tambem-vice-presidente-da-camara-em-sao-goncalo-do-sapucai","status":"publish","type":"post","link":"https:\/\/www.tvuai.com.br\/portal\/operacao-ilusionista-do-mpmg-e-gaeco-prende-ex-delegado-regional-de-varginha-que-e-tambem-vice-presidente-da-camara-em-sao-goncalo-do-sapucai\/","title":{"rendered":"Opera\u00e7\u00e3o &#8220;Ilusionista&#8221; do MPMG e Gaeco prende ex-delegado regional de Varginha que \u00e9 tamb\u00e9m vice-presidente da C\u00e2mara em S\u00e3o Gon\u00e7alo do Sapuca\u00ed"},"content":{"rendered":"<div class=\"5a1038e0903b96d426fcfcc338703013\" data-index=\"1\" style=\"float: right; margin:10px 0 10px 10px;\">\n<script async src=\"https:\/\/pagead2.googlesyndication.com\/pagead\/js\/adsbygoogle.js?client=ca-pub-9945944833605257\"\r\n     crossorigin=\"anonymous\"><\/script>\r\n<ins class=\"adsbygoogle\"\r\n     style=\"display:block; text-align:center;\"\r\n     data-ad-layout=\"in-article\"\r\n     data-ad-format=\"fluid\"\r\n     data-ad-client=\"ca-pub-9945944833605257\"\r\n     data-ad-slot=\"2343923581\"><\/ins>\r\n<script>\r\n     (adsbygoogle = window.adsbygoogle || []).push({});\r\n<\/script>\n<\/div>\n<p><img data-recalc-dims=\"1\" fetchpriority=\"high\" decoding=\"async\" data-attachment-id=\"2205\" data-permalink=\"https:\/\/www.tvuai.com.br\/portal\/operacao-ilusionista-do-mpmg-e-gaeco-prende-ex-delegado-regional-de-varginha-que-e-tambem-vice-presidente-da-camara-em-sao-goncalo-do-sapucai\/delegadowellington\/\" data-orig-file=\"https:\/\/i0.wp.com\/www.tvuai.com.br\/portal\/wp-content\/uploads\/2020\/10\/DelegadoWellington-e1603817636830.jpg?fit=200%2C149&amp;ssl=1\" data-orig-size=\"200,149\" data-comments-opened=\"0\" data-image-meta=\"{&quot;aperture&quot;:&quot;0&quot;,&quot;credit&quot;:&quot;&quot;,&quot;camera&quot;:&quot;&quot;,&quot;caption&quot;:&quot;&quot;,&quot;created_timestamp&quot;:&quot;0&quot;,&quot;copyright&quot;:&quot;&quot;,&quot;focal_length&quot;:&quot;0&quot;,&quot;iso&quot;:&quot;0&quot;,&quot;shutter_speed&quot;:&quot;0&quot;,&quot;title&quot;:&quot;&quot;,&quot;orientation&quot;:&quot;0&quot;}\" data-image-title=\"DelegadoWellington\" data-image-description=\"\" data-image-caption=\"\" data-medium-file=\"https:\/\/i0.wp.com\/www.tvuai.com.br\/portal\/wp-content\/uploads\/2020\/10\/DelegadoWellington-e1603817636830.jpg?fit=300%2C224&amp;ssl=1\" data-large-file=\"https:\/\/i0.wp.com\/www.tvuai.com.br\/portal\/wp-content\/uploads\/2020\/10\/DelegadoWellington-e1603817636830.jpg?fit=200%2C149&amp;ssl=1\" tabindex=\"0\" role=\"button\" class=\"aligncenter size-full wp-image-2205\" src=\"https:\/\/i0.wp.com\/www.tvuai.com.br\/portal\/wp-content\/uploads\/2020\/10\/DelegadoWellington.jpg?resize=500%2C373&#038;ssl=1\" alt=\"\" width=\"500\" height=\"373\" \/>Wellington Clair de Castro,\u00a0 ex-delegado regional de Pol\u00edcia Civil de Varginha, delegado licenciado de S\u00e3o Gon\u00e7alo do Sapuca\u00ed e vereador &#8211; vice-presidente da C\u00e2mara Municipal de S\u00e3o Gon\u00e7alo do Sapuca\u00ed &#8211; foi preso na manh\u00e3 desta ter\u00e7a-feira, 27, em opera\u00e7\u00e3o da Promotoria de Justi\u00e7a da Comarca de El\u00f3i Mendes, com apoio do Grupo de Atua\u00e7\u00e3o Especial de Combate ao Crime Organizado (Gaeco), n\u00facleos Varginha e Pouso Alegre. A Opera\u00e7\u00e3o \u201cIlusionista\u201d cumpriu ainda dois mandados de busca e apreens\u00e3o contra o alvo em S\u00e3o Gon\u00e7alo do Sapuca\u00ed.<\/p>\n<p>Wellington Clair ocupou o cargo de delegado regional de Varginha entre 2018 e 2019. Eleito vereador em 2016 pelo PRTB com expressiva vota\u00e7\u00e3o, chegou a ocupar a presid\u00eancia da C\u00e2mara Municipal de S\u00e3o Gon\u00e7alo do Sapuca\u00ed no bi\u00eanio 2017\/2018.\u00a0 A opera\u00e7\u00e3o \u00e9 resultado das investiga\u00e7\u00f5es realizadas entre 2019 e 2020 sobre crimes no Departamento de Tr\u00e2nsito (Detran), o Minist\u00e9rio P\u00fablico ofereceu a den\u00fancia pela pr\u00e1tica dos delitos de organiza\u00e7\u00e3o criminosa &#8211; na condi\u00e7\u00e3o de um dos chefes &#8211;\u00a0 99 crimes de corrup\u00e7\u00e3o passiva e usurpa\u00e7\u00e3o de fun\u00e7\u00e3o p\u00fablica.. Tamb\u00e9m foi determinado o sequestro de R$ 18 milh\u00f5es para pagamento de multa e dano moral coletivo, al\u00e9m de R$ 247,5 mil para devolu\u00e7\u00e3o de valores com origem em crimes de corrup\u00e7\u00e3o.<\/p>\n<p>Segundo a Pol\u00edcia Civil, Clair estava lotado em S\u00e3o Gon\u00e7alo do Sapuca\u00ed e afastado do cargo para concorrer \u00e0 reelei\u00e7\u00e3o para vereador na cidade. A delegacia de S\u00e3o Gon\u00e7alo do Sapuca\u00ed integra o 17\u00ba Departamento de Pol\u00edcia Civil de Pouso Alegre para onde o delegado Wellington Clair de Castro foi transferido em 26 de mar\u00e7o deste ano.<\/p>\n<p style=\"text-align: center\"><strong>Investiga\u00e7\u00f5es<\/strong><\/p>\n<p style=\"text-align: left\">A pris\u00e3o desta ter\u00e7a-feira \u00e9 continua\u00e7\u00e3o das investiga\u00e7\u00f5es de crimes como corrup\u00e7\u00e3o e falsidade ideol\u00f3gica no Departamento de Tr\u00e2nsito, dentro da Opera\u00e7\u00e3o \u00caxodo 23, que teve duas fases. Na primeira, 16 pessoas foram presas, entre funcion\u00e1rios do Detran e despachantes em Varginha e El\u00f3i Mendes.<\/p>\n<p style=\"text-align: left\">A dela\u00e7\u00e3o que originou uma das investiga\u00e7\u00f5es em S\u00e3o Gon\u00e7alo do Sapuca\u00ed contra o delegado e vereador Wellington Clair partiu do empres\u00e1rio Rafael Gois\u00a0 ao procurador da Rep\u00fablica de Pouso Alegre, Lucas Gualtieri, respons\u00e1vel pela Opera\u00e7\u00e3o Ex-Fumo numa a\u00e7\u00e3o conjunta da Receita Federal, MPF e PF que prenderam, al\u00e9m de Rafael Gois, outros quatro elementos da organiza\u00e7\u00e3o criminosa e 20 mandados de busca e apreens\u00e3o nos estados de Minas Gerais, S\u00e3o Paulo, Rio Grande do Sul e Rio de Janeiro, em julho de 2017.<\/p>\n<p style=\"text-align: left\">As investiga\u00e7\u00f5es apontaram que ve\u00edculos de leil\u00e3o eram reaproveitados e os dados deles eram adulterados para que o dono pudesse ter vantagem. Na segunda etapa, j\u00e1 em mar\u00e7o de 2020, foram cumpridos mandados de busca e apreens\u00e3o em Varginha e El\u00f3i Mendes (MG). Tamb\u00e9m foram expedidos e cumpridos cinco mandados de pris\u00e3o. No entanto, eram referentes a pessoas que j\u00e1 estavam presas desde a primeira fase.<\/p>\n\n<div style=\"font-size: 0px; height: 0px; line-height: 0px; margin: 0; padding: 0; clear: both;\"><\/div><div class='share-to-whatsapp-wrapper'><div class='share-on-whsp'>Share on: <\/div><a data-text='Opera\u00e7\u00e3o \"Ilusionista\" do MPMG e Gaeco prende ex-delegado regional de Varginha que \u00e9 tamb\u00e9m vice-presidente da C\u00e2mara em S\u00e3o Gon\u00e7alo do Sapuca\u00ed' data-link='https:\/\/www.tvuai.com.br\/portal\/operacao-ilusionista-do-mpmg-e-gaeco-prende-ex-delegado-regional-de-varginha-que-e-tambem-vice-presidente-da-camara-em-sao-goncalo-do-sapucai\/' class='whatsapp-button whatsapp-share'>WhatsApp<\/a><div class='clear '><\/div><\/div><!-- AddThis Advanced Settings generic via filter on the_content --><!-- AddThis Share Buttons generic via filter on the_content -->","protected":false},"excerpt":{"rendered":"<p>Wellington Clair de Castro,\u00a0 ex-delegado regional de Pol\u00edcia Civil de Varginha, delegado licenciado de S\u00e3o Gon\u00e7alo do Sapuca\u00ed e vereador &#8211; vice-presidente da C\u00e2mara Municipal de S\u00e3o Gon\u00e7alo do Sapuca\u00ed &#8211; foi preso na manh\u00e3 desta ter\u00e7a-feira, 27, em opera\u00e7\u00e3o da Promotoria de Justi\u00e7a da Comarca de El\u00f3i Mendes, com apoio do Grupo de Atua\u00e7\u00e3o [&hellip;]<!-- AddThis Advanced Settings generic via filter on get_the_excerpt --><!-- AddThis Share Buttons generic via filter on get_the_excerpt --><\/p>\n","protected":false},"author":2,"featured_media":2205,"comment_status":"closed","ping_status":"closed","sticky":false,"template":"","format":"standard","meta":{"jetpack_post_was_ever_published":false,"_jetpack_newsletter_access":"","_jetpack_dont_email_post_to_subs":false,"_jetpack_newsletter_tier_id":0,"_jetpack_memberships_contains_paywalled_content":false,"_jetpack_memberships_contains_paid_content":false,"_joinchat":[],"footnotes":"","jetpack_publicize_message":"","jetpack_publicize_feature_enabled":true,"jetpack_social_post_already_shared":true,"jetpack_social_options":{"image_generator_settings":{"template":"highway","enabled":false},"version":2}},"categories":[19],"tags":[122,299,300,37,196,39,27,277,298,297],"class_list":["post-2204","post","type-post","status-publish","format-standard","has-post-thumbnail","hentry","category-noticias","tag-mpf","tag-mpmg","tag-policia-civil","tag-pouso-alegre","tag-procurador-da-republica-lucas-gualtieri","tag-sul-de-minas","tag-tv-uai","tag-varginha","tag-vice-presidente-da-camara-municipal-de-sao-goncalo-do-sapucai","tag-wellington-clair"],"jetpack_publicize_connections":[],"yoast_head":"<!-- This site is optimized with the Yoast SEO plugin v23.5 - https:\/\/yoast.com\/wordpress\/plugins\/seo\/ -->\n<title>Opera\u00e7\u00e3o &quot;Ilusionista&quot; do MPMG e Gaeco prende ex-delegado regional de Varginha que \u00e9 tamb\u00e9m vice-presidente da C\u00e2mara em S\u00e3o Gon\u00e7alo do Sapuca\u00ed - TVUAI<\/title>\n<meta name=\"robots\" content=\"index, follow, max-snippet:-1, max-image-preview:large, max-video-preview:-1\" \/>\n<link rel=\"canonical\" href=\"https:\/\/www.tvuai.com.br\/portal\/operacao-ilusionista-do-mpmg-e-gaeco-prende-ex-delegado-regional-de-varginha-que-e-tambem-vice-presidente-da-camara-em-sao-goncalo-do-sapucai\/\" \/>\n<meta property=\"og:locale\" content=\"pt_BR\" \/>\n<meta property=\"og:type\" content=\"article\" \/>\n<meta property=\"og:title\" content=\"Opera\u00e7\u00e3o &quot;Ilusionista&quot; do MPMG e Gaeco prende ex-delegado regional de Varginha que \u00e9 tamb\u00e9m vice-presidente da C\u00e2mara em S\u00e3o Gon\u00e7alo do Sapuca\u00ed - TVUAI\" \/>\n<meta property=\"og:description\" content=\"Wellington Clair de Castro,\u00a0 ex-delegado regional de Pol\u00edcia Civil de Varginha, delegado licenciado de S\u00e3o Gon\u00e7alo do Sapuca\u00ed e vereador &#8211; vice-presidente da C\u00e2mara Municipal de S\u00e3o Gon\u00e7alo do Sapuca\u00ed &#8211; foi preso na manh\u00e3 desta ter\u00e7a-feira, 27, em opera\u00e7\u00e3o da Promotoria de Justi\u00e7a da Comarca de El\u00f3i Mendes, com apoio do Grupo de Atua\u00e7\u00e3o [&hellip;]\" \/>\n<meta property=\"og:url\" content=\"https:\/\/www.tvuai.com.br\/portal\/operacao-ilusionista-do-mpmg-e-gaeco-prende-ex-delegado-regional-de-varginha-que-e-tambem-vice-presidente-da-camara-em-sao-goncalo-do-sapucai\/\" \/>\n<meta property=\"og:site_name\" content=\"TVUAI\" \/>\n<meta property=\"article:publisher\" content=\"http:\/\/www.facebook.com\/pages\/TV-Uai-Comunica%c3%a7%c3%a3o\/139062546157369\" \/>\n<meta property=\"article:author\" content=\"https:\/\/www.facebook.com\/tvuai\/\" \/>\n<meta property=\"article:published_time\" content=\"2020-10-27T16:50:29+00:00\" \/>\n<meta property=\"article:modified_time\" content=\"2020-11-16T23:55:46+00:00\" \/>\n<meta property=\"og:image\" content=\"https:\/\/i0.wp.com\/www.tvuai.com.br\/portal\/wp-content\/uploads\/2020\/10\/DelegadoWellington-e1603817636830.jpg?fit=200%2C149&ssl=1\" \/>\n\t<meta property=\"og:image:width\" content=\"200\" \/>\n\t<meta property=\"og:image:height\" content=\"149\" \/>\n\t<meta property=\"og:image:type\" content=\"image\/jpeg\" \/>\n<meta name=\"author\" content=\"Rosy Pantale\u00e3o\" \/>\n<meta name=\"twitter:card\" content=\"summary_large_image\" \/>\n<meta name=\"twitter:creator\" content=\"@tvuai\" \/>\n<meta name=\"twitter:site\" content=\"@tvuai\" \/>\n<meta name=\"twitter:label1\" content=\"Escrito por\" \/>\n\t<meta name=\"twitter:data1\" content=\"Rosy Pantale\u00e3o\" \/>\n\t<meta name=\"twitter:label2\" content=\"Est. tempo de leitura\" \/>\n\t<meta name=\"twitter:data2\" content=\"3 minutos\" \/>\n<script type=\"application\/ld+json\" class=\"yoast-schema-graph\">{\"@context\":\"https:\/\/schema.org\",\"@graph\":[{\"@type\":\"Article\",\"@id\":\"https:\/\/www.tvuai.com.br\/portal\/operacao-ilusionista-do-mpmg-e-gaeco-prende-ex-delegado-regional-de-varginha-que-e-tambem-vice-presidente-da-camara-em-sao-goncalo-do-sapucai\/#article\",\"isPartOf\":{\"@id\":\"https:\/\/www.tvuai.com.br\/portal\/operacao-ilusionista-do-mpmg-e-gaeco-prende-ex-delegado-regional-de-varginha-que-e-tambem-vice-presidente-da-camara-em-sao-goncalo-do-sapucai\/\"},\"author\":{\"name\":\"Rosy Pantale\u00e3o\",\"@id\":\"https:\/\/www.tvuai.com.br\/portal\/#\/schema\/person\/d1c5c2b1dc1e658906286802aad38555\"},\"headline\":\"Opera\u00e7\u00e3o &#8220;Ilusionista&#8221; do MPMG e Gaeco prende ex-delegado regional de Varginha que \u00e9 tamb\u00e9m vice-presidente da C\u00e2mara em S\u00e3o Gon\u00e7alo do Sapuca\u00ed\",\"datePublished\":\"2020-10-27T16:50:29+00:00\",\"dateModified\":\"2020-11-16T23:55:46+00:00\",\"mainEntityOfPage\":{\"@id\":\"https:\/\/www.tvuai.com.br\/portal\/operacao-ilusionista-do-mpmg-e-gaeco-prende-ex-delegado-regional-de-varginha-que-e-tambem-vice-presidente-da-camara-em-sao-goncalo-do-sapucai\/\"},\"wordCount\":545,\"publisher\":{\"@id\":\"https:\/\/www.tvuai.com.br\/portal\/#organization\"},\"image\":{\"@id\":\"https:\/\/www.tvuai.com.br\/portal\/operacao-ilusionista-do-mpmg-e-gaeco-prende-ex-delegado-regional-de-varginha-que-e-tambem-vice-presidente-da-camara-em-sao-goncalo-do-sapucai\/#primaryimage\"},\"thumbnailUrl\":\"https:\/\/i0.wp.com\/www.tvuai.com.br\/portal\/wp-content\/uploads\/2020\/10\/DelegadoWellington-e1603817636830.jpg?fit=200%2C149&ssl=1\",\"keywords\":[\"MPF\",\"MPMG\",\"Policia Civil\",\"Pouso Alegre\",\"procurador da Rep\u00fablica Lucas Gualtieri\",\"Sul de Minas\",\"TV Uai\",\"Varginha\",\"vice-presidente da C\u00e2mara Municipal de S\u00e3o Gon\u00e7alo do Sapuca\u00ed\",\"Wellington Clair\"],\"articleSection\":[\"Not\u00edcias\"],\"inLanguage\":\"pt-BR\"},{\"@type\":\"WebPage\",\"@id\":\"https:\/\/www.tvuai.com.br\/portal\/operacao-ilusionista-do-mpmg-e-gaeco-prende-ex-delegado-regional-de-varginha-que-e-tambem-vice-presidente-da-camara-em-sao-goncalo-do-sapucai\/\",\"url\":\"https:\/\/www.tvuai.com.br\/portal\/operacao-ilusionista-do-mpmg-e-gaeco-prende-ex-delegado-regional-de-varginha-que-e-tambem-vice-presidente-da-camara-em-sao-goncalo-do-sapucai\/\",\"name\":\"Opera\u00e7\u00e3o \\\"Ilusionista\\\" do MPMG e Gaeco prende ex-delegado regional de Varginha que \u00e9 tamb\u00e9m vice-presidente da C\u00e2mara em S\u00e3o Gon\u00e7alo do Sapuca\u00ed - TVUAI\",\"isPartOf\":{\"@id\":\"https:\/\/www.tvuai.com.br\/portal\/#website\"},\"primaryImageOfPage\":{\"@id\":\"https:\/\/www.tvuai.com.br\/portal\/operacao-ilusionista-do-mpmg-e-gaeco-prende-ex-delegado-regional-de-varginha-que-e-tambem-vice-presidente-da-camara-em-sao-goncalo-do-sapucai\/#primaryimage\"},\"image\":{\"@id\":\"https:\/\/www.tvuai.com.br\/portal\/operacao-ilusionista-do-mpmg-e-gaeco-prende-ex-delegado-regional-de-varginha-que-e-tambem-vice-presidente-da-camara-em-sao-goncalo-do-sapucai\/#primaryimage\"},\"thumbnailUrl\":\"https:\/\/i0.wp.com\/www.tvuai.com.br\/portal\/wp-content\/uploads\/2020\/10\/DelegadoWellington-e1603817636830.jpg?fit=200%2C149&ssl=1\",\"datePublished\":\"2020-10-27T16:50:29+00:00\",\"dateModified\":\"2020-11-16T23:55:46+00:00\",\"breadcrumb\":{\"@id\":\"https:\/\/www.tvuai.com.br\/portal\/operacao-ilusionista-do-mpmg-e-gaeco-prende-ex-delegado-regional-de-varginha-que-e-tambem-vice-presidente-da-camara-em-sao-goncalo-do-sapucai\/#breadcrumb\"},\"inLanguage\":\"pt-BR\",\"potentialAction\":[{\"@type\":\"ReadAction\",\"target\":[\"https:\/\/www.tvuai.com.br\/portal\/operacao-ilusionista-do-mpmg-e-gaeco-prende-ex-delegado-regional-de-varginha-que-e-tambem-vice-presidente-da-camara-em-sao-goncalo-do-sapucai\/\"]}]},{\"@type\":\"ImageObject\",\"inLanguage\":\"pt-BR\",\"@id\":\"https:\/\/www.tvuai.com.br\/portal\/operacao-ilusionista-do-mpmg-e-gaeco-prende-ex-delegado-regional-de-varginha-que-e-tambem-vice-presidente-da-camara-em-sao-goncalo-do-sapucai\/#primaryimage\",\"url\":\"https:\/\/i0.wp.com\/www.tvuai.com.br\/portal\/wp-content\/uploads\/2020\/10\/DelegadoWellington-e1603817636830.jpg?fit=200%2C149&ssl=1\",\"contentUrl\":\"https:\/\/i0.wp.com\/www.tvuai.com.br\/portal\/wp-content\/uploads\/2020\/10\/DelegadoWellington-e1603817636830.jpg?fit=200%2C149&ssl=1\",\"width\":200,\"height\":149},{\"@type\":\"BreadcrumbList\",\"@id\":\"https:\/\/www.tvuai.com.br\/portal\/operacao-ilusionista-do-mpmg-e-gaeco-prende-ex-delegado-regional-de-varginha-que-e-tambem-vice-presidente-da-camara-em-sao-goncalo-do-sapucai\/#breadcrumb\",\"itemListElement\":[{\"@type\":\"ListItem\",\"position\":1,\"name\":\"In\u00edcio\",\"item\":\"https:\/\/www.tvuai.com.br\/portal\/\"},{\"@type\":\"ListItem\",\"position\":2,\"name\":\"Opera\u00e7\u00e3o &#8220;Ilusionista&#8221; do MPMG e Gaeco prende ex-delegado regional de Varginha que \u00e9 tamb\u00e9m vice-presidente da C\u00e2mara em S\u00e3o Gon\u00e7alo do Sapuca\u00ed\"}]},{\"@type\":\"WebSite\",\"@id\":\"https:\/\/www.tvuai.com.br\/portal\/#website\",\"url\":\"https:\/\/www.tvuai.com.br\/portal\/\",\"name\":\"TVUAI\",\"description\":\"Tudo sobre o Sul de Minas\",\"publisher\":{\"@id\":\"https:\/\/www.tvuai.com.br\/portal\/#organization\"},\"potentialAction\":[{\"@type\":\"SearchAction\",\"target\":{\"@type\":\"EntryPoint\",\"urlTemplate\":\"https:\/\/www.tvuai.com.br\/portal\/?s={search_term_string}\"},\"query-input\":{\"@type\":\"PropertyValueSpecification\",\"valueRequired\":true,\"valueName\":\"search_term_string\"}}],\"inLanguage\":\"pt-BR\"},{\"@type\":\"Organization\",\"@id\":\"https:\/\/www.tvuai.com.br\/portal\/#organization\",\"name\":\"TVUAI\",\"url\":\"https:\/\/www.tvuai.com.br\/portal\/\",\"logo\":{\"@type\":\"ImageObject\",\"inLanguage\":\"pt-BR\",\"@id\":\"https:\/\/www.tvuai.com.br\/portal\/#\/schema\/logo\/image\/\",\"url\":\"https:\/\/i0.wp.com\/www.tvuai.com.br\/portal\/wp-content\/uploads\/2017\/12\/logo_tvuai_100H.png?fit=207%2C100&ssl=1\",\"contentUrl\":\"https:\/\/i0.wp.com\/www.tvuai.com.br\/portal\/wp-content\/uploads\/2017\/12\/logo_tvuai_100H.png?fit=207%2C100&ssl=1\",\"width\":207,\"height\":100,\"caption\":\"TVUAI\"},\"image\":{\"@id\":\"https:\/\/www.tvuai.com.br\/portal\/#\/schema\/logo\/image\/\"},\"sameAs\":[\"http:\/\/www.facebook.com\/pages\/TV-Uai-Comunica\u00e7\u00e3o\/139062546157369\",\"https:\/\/x.com\/tvuai\",\"https:\/\/www.instagram.com\/tvuai_network\/\",\"https:\/\/www.youtube.com\/channel\/UCB7ZPB3wRv-OpoZ_09jmnkQ\"]},{\"@type\":\"Person\",\"@id\":\"https:\/\/www.tvuai.com.br\/portal\/#\/schema\/person\/d1c5c2b1dc1e658906286802aad38555\",\"name\":\"Rosy Pantale\u00e3o\",\"sameAs\":[\"https:\/\/www.tvuai.com.br\/portal\/\",\"https:\/\/www.facebook.com\/tvuai\/\",\"https:\/\/www.instagram.com\/tvuai\",\"https:\/\/x.com\/tvuai\",\"https:\/\/www.youtube.com\/channel\/UCB7ZPB3wRv-OpoZ_09jmnkQ\",\"tvuai\"],\"url\":\"https:\/\/www.tvuai.com.br\/portal\/author\/rosy\/\"}]}<\/script>\n<!-- \/ Yoast SEO plugin. -->","yoast_head_json":{"title":"Opera\u00e7\u00e3o \"Ilusionista\" do MPMG e Gaeco prende ex-delegado regional de Varginha que \u00e9 tamb\u00e9m vice-presidente da C\u00e2mara em S\u00e3o Gon\u00e7alo do Sapuca\u00ed - TVUAI","robots":{"index":"index","follow":"follow","max-snippet":"max-snippet:-1","max-image-preview":"max-image-preview:large","max-video-preview":"max-video-preview:-1"},"canonical":"https:\/\/www.tvuai.com.br\/portal\/operacao-ilusionista-do-mpmg-e-gaeco-prende-ex-delegado-regional-de-varginha-que-e-tambem-vice-presidente-da-camara-em-sao-goncalo-do-sapucai\/","og_locale":"pt_BR","og_type":"article","og_title":"Opera\u00e7\u00e3o \"Ilusionista\" do MPMG e Gaeco prende ex-delegado regional de Varginha que \u00e9 tamb\u00e9m vice-presidente da C\u00e2mara em S\u00e3o Gon\u00e7alo do Sapuca\u00ed - TVUAI","og_description":"Wellington Clair de Castro,\u00a0 ex-delegado regional de Pol\u00edcia Civil de Varginha, delegado licenciado de S\u00e3o Gon\u00e7alo do Sapuca\u00ed e vereador &#8211; vice-presidente da C\u00e2mara Municipal de S\u00e3o Gon\u00e7alo do Sapuca\u00ed &#8211; foi preso na manh\u00e3 desta ter\u00e7a-feira, 27, em opera\u00e7\u00e3o da Promotoria de Justi\u00e7a da Comarca de El\u00f3i Mendes, com apoio do Grupo de Atua\u00e7\u00e3o [&hellip;]","og_url":"https:\/\/www.tvuai.com.br\/portal\/operacao-ilusionista-do-mpmg-e-gaeco-prende-ex-delegado-regional-de-varginha-que-e-tambem-vice-presidente-da-camara-em-sao-goncalo-do-sapucai\/","og_site_name":"TVUAI","article_publisher":"http:\/\/www.facebook.com\/pages\/TV-Uai-Comunica%c3%a7%c3%a3o\/139062546157369","article_author":"https:\/\/www.facebook.com\/tvuai\/","article_published_time":"2020-10-27T16:50:29+00:00","article_modified_time":"2020-11-16T23:55:46+00:00","og_image":[{"width":200,"height":149,"url":"https:\/\/i0.wp.com\/www.tvuai.com.br\/portal\/wp-content\/uploads\/2020\/10\/DelegadoWellington-e1603817636830.jpg?fit=200%2C149&ssl=1","type":"image\/jpeg"}],"author":"Rosy Pantale\u00e3o","twitter_card":"summary_large_image","twitter_creator":"@tvuai","twitter_site":"@tvuai","twitter_misc":{"Escrito por":"Rosy Pantale\u00e3o","Est. tempo de leitura":"3 minutos"},"schema":{"@context":"https:\/\/schema.org","@graph":[{"@type":"Article","@id":"https:\/\/www.tvuai.com.br\/portal\/operacao-ilusionista-do-mpmg-e-gaeco-prende-ex-delegado-regional-de-varginha-que-e-tambem-vice-presidente-da-camara-em-sao-goncalo-do-sapucai\/#article","isPartOf":{"@id":"https:\/\/www.tvuai.com.br\/portal\/operacao-ilusionista-do-mpmg-e-gaeco-prende-ex-delegado-regional-de-varginha-que-e-tambem-vice-presidente-da-camara-em-sao-goncalo-do-sapucai\/"},"author":{"name":"Rosy Pantale\u00e3o","@id":"https:\/\/www.tvuai.com.br\/portal\/#\/schema\/person\/d1c5c2b1dc1e658906286802aad38555"},"headline":"Opera\u00e7\u00e3o &#8220;Ilusionista&#8221; do MPMG e Gaeco prende ex-delegado regional de Varginha que \u00e9 tamb\u00e9m vice-presidente da C\u00e2mara em S\u00e3o Gon\u00e7alo do Sapuca\u00ed","datePublished":"2020-10-27T16:50:29+00:00","dateModified":"2020-11-16T23:55:46+00:00","mainEntityOfPage":{"@id":"https:\/\/www.tvuai.com.br\/portal\/operacao-ilusionista-do-mpmg-e-gaeco-prende-ex-delegado-regional-de-varginha-que-e-tambem-vice-presidente-da-camara-em-sao-goncalo-do-sapucai\/"},"wordCount":545,"publisher":{"@id":"https:\/\/www.tvuai.com.br\/portal\/#organization"},"image":{"@id":"https:\/\/www.tvuai.com.br\/portal\/operacao-ilusionista-do-mpmg-e-gaeco-prende-ex-delegado-regional-de-varginha-que-e-tambem-vice-presidente-da-camara-em-sao-goncalo-do-sapucai\/#primaryimage"},"thumbnailUrl":"https:\/\/i0.wp.com\/www.tvuai.com.br\/portal\/wp-content\/uploads\/2020\/10\/DelegadoWellington-e1603817636830.jpg?fit=200%2C149&ssl=1","keywords":["MPF","MPMG","Policia Civil","Pouso Alegre","procurador da Rep\u00fablica Lucas Gualtieri","Sul de Minas","TV Uai","Varginha","vice-presidente da C\u00e2mara Municipal de S\u00e3o Gon\u00e7alo do Sapuca\u00ed","Wellington Clair"],"articleSection":["Not\u00edcias"],"inLanguage":"pt-BR"},{"@type":"WebPage","@id":"https:\/\/www.tvuai.com.br\/portal\/operacao-ilusionista-do-mpmg-e-gaeco-prende-ex-delegado-regional-de-varginha-que-e-tambem-vice-presidente-da-camara-em-sao-goncalo-do-sapucai\/","url":"https:\/\/www.tvuai.com.br\/portal\/operacao-ilusionista-do-mpmg-e-gaeco-prende-ex-delegado-regional-de-varginha-que-e-tambem-vice-presidente-da-camara-em-sao-goncalo-do-sapucai\/","name":"Opera\u00e7\u00e3o \"Ilusionista\" do MPMG e Gaeco prende ex-delegado regional de Varginha que \u00e9 tamb\u00e9m vice-presidente da C\u00e2mara em S\u00e3o Gon\u00e7alo do Sapuca\u00ed - TVUAI","isPartOf":{"@id":"https:\/\/www.tvuai.com.br\/portal\/#website"},"primaryImageOfPage":{"@id":"https:\/\/www.tvuai.com.br\/portal\/operacao-ilusionista-do-mpmg-e-gaeco-prende-ex-delegado-regional-de-varginha-que-e-tambem-vice-presidente-da-camara-em-sao-goncalo-do-sapucai\/#primaryimage"},"image":{"@id":"https:\/\/www.tvuai.com.br\/portal\/operacao-ilusionista-do-mpmg-e-gaeco-prende-ex-delegado-regional-de-varginha-que-e-tambem-vice-presidente-da-camara-em-sao-goncalo-do-sapucai\/#primaryimage"},"thumbnailUrl":"https:\/\/i0.wp.com\/www.tvuai.com.br\/portal\/wp-content\/uploads\/2020\/10\/DelegadoWellington-e1603817636830.jpg?fit=200%2C149&ssl=1","datePublished":"2020-10-27T16:50:29+00:00","dateModified":"2020-11-16T23:55:46+00:00","breadcrumb":{"@id":"https:\/\/www.tvuai.com.br\/portal\/operacao-ilusionista-do-mpmg-e-gaeco-prende-ex-delegado-regional-de-varginha-que-e-tambem-vice-presidente-da-camara-em-sao-goncalo-do-sapucai\/#breadcrumb"},"inLanguage":"pt-BR","potentialAction":[{"@type":"ReadAction","target":["https:\/\/www.tvuai.com.br\/portal\/operacao-ilusionista-do-mpmg-e-gaeco-prende-ex-delegado-regional-de-varginha-que-e-tambem-vice-presidente-da-camara-em-sao-goncalo-do-sapucai\/"]}]},{"@type":"ImageObject","inLanguage":"pt-BR","@id":"https:\/\/www.tvuai.com.br\/portal\/operacao-ilusionista-do-mpmg-e-gaeco-prende-ex-delegado-regional-de-varginha-que-e-tambem-vice-presidente-da-camara-em-sao-goncalo-do-sapucai\/#primaryimage","url":"https:\/\/i0.wp.com\/www.tvuai.com.br\/portal\/wp-content\/uploads\/2020\/10\/DelegadoWellington-e1603817636830.jpg?fit=200%2C149&ssl=1","contentUrl":"https:\/\/i0.wp.com\/www.tvuai.com.br\/portal\/wp-content\/uploads\/2020\/10\/DelegadoWellington-e1603817636830.jpg?fit=200%2C149&ssl=1","width":200,"height":149},{"@type":"BreadcrumbList","@id":"https:\/\/www.tvuai.com.br\/portal\/operacao-ilusionista-do-mpmg-e-gaeco-prende-ex-delegado-regional-de-varginha-que-e-tambem-vice-presidente-da-camara-em-sao-goncalo-do-sapucai\/#breadcrumb","itemListElement":[{"@type":"ListItem","position":1,"name":"In\u00edcio","item":"https:\/\/www.tvuai.com.br\/portal\/"},{"@type":"ListItem","position":2,"name":"Opera\u00e7\u00e3o &#8220;Ilusionista&#8221; do MPMG e Gaeco prende ex-delegado regional de Varginha que \u00e9 tamb\u00e9m vice-presidente da C\u00e2mara em S\u00e3o Gon\u00e7alo do Sapuca\u00ed"}]},{"@type":"WebSite","@id":"https:\/\/www.tvuai.com.br\/portal\/#website","url":"https:\/\/www.tvuai.com.br\/portal\/","name":"TVUAI","description":"Tudo sobre o Sul de Minas","publisher":{"@id":"https:\/\/www.tvuai.com.br\/portal\/#organization"},"potentialAction":[{"@type":"SearchAction","target":{"@type":"EntryPoint","urlTemplate":"https:\/\/www.tvuai.com.br\/portal\/?s={search_term_string}"},"query-input":{"@type":"PropertyValueSpecification","valueRequired":true,"valueName":"search_term_string"}}],"inLanguage":"pt-BR"},{"@type":"Organization","@id":"https:\/\/www.tvuai.com.br\/portal\/#organization","name":"TVUAI","url":"https:\/\/www.tvuai.com.br\/portal\/","logo":{"@type":"ImageObject","inLanguage":"pt-BR","@id":"https:\/\/www.tvuai.com.br\/portal\/#\/schema\/logo\/image\/","url":"https:\/\/i0.wp.com\/www.tvuai.com.br\/portal\/wp-content\/uploads\/2017\/12\/logo_tvuai_100H.png?fit=207%2C100&ssl=1","contentUrl":"https:\/\/i0.wp.com\/www.tvuai.com.br\/portal\/wp-content\/uploads\/2017\/12\/logo_tvuai_100H.png?fit=207%2C100&ssl=1","width":207,"height":100,"caption":"TVUAI"},"image":{"@id":"https:\/\/www.tvuai.com.br\/portal\/#\/schema\/logo\/image\/"},"sameAs":["http:\/\/www.facebook.com\/pages\/TV-Uai-Comunica\u00e7\u00e3o\/139062546157369","https:\/\/x.com\/tvuai","https:\/\/www.instagram.com\/tvuai_network\/","https:\/\/www.youtube.com\/channel\/UCB7ZPB3wRv-OpoZ_09jmnkQ"]},{"@type":"Person","@id":"https:\/\/www.tvuai.com.br\/portal\/#\/schema\/person\/d1c5c2b1dc1e658906286802aad38555","name":"Rosy Pantale\u00e3o","sameAs":["https:\/\/www.tvuai.com.br\/portal\/","https:\/\/www.facebook.com\/tvuai\/","https:\/\/www.instagram.com\/tvuai","https:\/\/x.com\/tvuai","https:\/\/www.youtube.com\/channel\/UCB7ZPB3wRv-OpoZ_09jmnkQ","tvuai"],"url":"https:\/\/www.tvuai.com.br\/portal\/author\/rosy\/"}]}},"jetpack_featured_media_url":"https:\/\/i0.wp.com\/www.tvuai.com.br\/portal\/wp-content\/uploads\/2020\/10\/DelegadoWellington-e1603817636830.jpg?fit=200%2C149&ssl=1","wpmagazine_modules_lite_featured_media_urls":{"thumbnail":["https:\/\/i0.wp.com\/www.tvuai.com.br\/portal\/wp-content\/uploads\/2020\/10\/DelegadoWellington-e1603817636830.jpg?resize=150%2C149&ssl=1",150,150,true],"cvmm-medium":["https:\/\/i0.wp.com\/www.tvuai.com.br\/portal\/wp-content\/uploads\/2020\/10\/DelegadoWellington-e1603817636830.jpg?resize=200%2C149&ssl=1",200,149,true],"cvmm-medium-plus":["https:\/\/i0.wp.com\/www.tvuai.com.br\/portal\/wp-content\/uploads\/2020\/10\/DelegadoWellington-e1603817636830.jpg?resize=200%2C149&ssl=1",200,149,true],"cvmm-portrait":["https:\/\/i0.wp.com\/www.tvuai.com.br\/portal\/wp-content\/uploads\/2020\/10\/DelegadoWellington-e1603817636830.jpg?resize=200%2C149&ssl=1",200,149,true],"cvmm-medium-square":["https:\/\/i0.wp.com\/www.tvuai.com.br\/portal\/wp-content\/uploads\/2020\/10\/DelegadoWellington-e1603817636830.jpg?resize=200%2C149&ssl=1",200,149,true],"cvmm-large":["https:\/\/i0.wp.com\/www.tvuai.com.br\/portal\/wp-content\/uploads\/2020\/10\/DelegadoWellington-e1603817636830.jpg?resize=200%2C149&ssl=1",200,149,true],"cvmm-small":["https:\/\/i0.wp.com\/www.tvuai.com.br\/portal\/wp-content\/uploads\/2020\/10\/DelegadoWellington-e1603817636830.jpg?resize=130%2C95&ssl=1",130,95,true],"full":["https:\/\/i0.wp.com\/www.tvuai.com.br\/portal\/wp-content\/uploads\/2020\/10\/DelegadoWellington-e1603817636830.jpg?fit=200%2C149&ssl=1",200,149,false]},"categories_names":{"19":{"name":"Not\u00edcias","link":"https:\/\/www.tvuai.com.br\/portal\/category\/noticias\/"}},"tags_names":{"122":{"name":"MPF","link":"https:\/\/www.tvuai.com.br\/portal\/tag\/mpf\/"},"299":{"name":"MPMG","link":"https:\/\/www.tvuai.com.br\/portal\/tag\/mpmg\/"},"300":{"name":"Policia Civil","link":"https:\/\/www.tvuai.com.br\/portal\/tag\/policia-civil\/"},"37":{"name":"Pouso Alegre","link":"https:\/\/www.tvuai.com.br\/portal\/tag\/pouso-alegre\/"},"196":{"name":"procurador da Rep\u00fablica Lucas Gualtieri","link":"https:\/\/www.tvuai.com.br\/portal\/tag\/procurador-da-republica-lucas-gualtieri\/"},"39":{"name":"Sul de Minas","link":"https:\/\/www.tvuai.com.br\/portal\/tag\/sul-de-minas\/"},"27":{"name":"TV Uai","link":"https:\/\/www.tvuai.com.br\/portal\/tag\/tv-uai\/"},"277":{"name":"Varginha","link":"https:\/\/www.tvuai.com.br\/portal\/tag\/varginha\/"},"298":{"name":"vice-presidente da C\u00e2mara Municipal de S\u00e3o Gon\u00e7alo do Sapuca\u00ed","link":"https:\/\/www.tvuai.com.br\/portal\/tag\/vice-presidente-da-camara-municipal-de-sao-goncalo-do-sapucai\/"},"297":{"name":"Wellington Clair","link":"https:\/\/www.tvuai.com.br\/portal\/tag\/wellington-clair\/"}},"comments_number":"0","jetpack_shortlink":"https:\/\/wp.me\/p9woix-zy","jetpack_sharing_enabled":true,"_links":{"self":[{"href":"https:\/\/www.tvuai.com.br\/portal\/wp-json\/wp\/v2\/posts\/2204"}],"collection":[{"href":"https:\/\/www.tvuai.com.br\/portal\/wp-json\/wp\/v2\/posts"}],"about":[{"href":"https:\/\/www.tvuai.com.br\/portal\/wp-json\/wp\/v2\/types\/post"}],"author":[{"embeddable":true,"href":"https:\/\/www.tvuai.com.br\/portal\/wp-json\/wp\/v2\/users\/2"}],"replies":[{"embeddable":true,"href":"https:\/\/www.tvuai.com.br\/portal\/wp-json\/wp\/v2\/comments?post=2204"}],"version-history":[{"count":1,"href":"https:\/\/www.tvuai.com.br\/portal\/wp-json\/wp\/v2\/posts\/2204\/revisions"}],"predecessor-version":[{"id":2206,"href":"https:\/\/www.tvuai.com.br\/portal\/wp-json\/wp\/v2\/posts\/2204\/revisions\/2206"}],"wp:featuredmedia":[{"embeddable":true,"href":"https:\/\/www.tvuai.com.br\/portal\/wp-json\/wp\/v2\/media\/2205"}],"wp:attachment":[{"href":"https:\/\/www.tvuai.com.br\/portal\/wp-json\/wp\/v2\/media?parent=2204"}],"wp:term":[{"taxonomy":"category","embeddable":true,"href":"https:\/\/www.tvuai.com.br\/portal\/wp-json\/wp\/v2\/categories?post=2204"},{"taxonomy":"post_tag","embeddable":true,"href":"https:\/\/www.tvuai.com.br\/portal\/wp-json\/wp\/v2\/tags?post=2204"}],"curies":[{"name":"wp","href":"https:\/\/api.w.org\/{rel}","templated":true}]}}