{"id":1998,"date":"2020-06-10T11:34:37","date_gmt":"2020-06-10T14:34:37","guid":{"rendered":"https:\/\/www.tvuai.com.br\/portal\/?p=1998"},"modified":"2020-07-03T18:26:31","modified_gmt":"2020-07-03T21:26:31","slug":"seguranca-cibernetica-esta-entre-as-tres-habilidades-mais-requisitadas-na-pos-pandemia","status":"publish","type":"post","link":"https:\/\/www.tvuai.com.br\/portal\/seguranca-cibernetica-esta-entre-as-tres-habilidades-mais-requisitadas-na-pos-pandemia\/","title":{"rendered":"Seguran\u00e7a cibern\u00e9tica est\u00e1 entre as tr\u00eas habilidades mais requisitadas na p\u00f3s-pandemia"},"content":{"rendered":"<div class=\"5a1038e0903b96d426fcfcc338703013\" data-index=\"1\" style=\"float: right; margin:10px 0 10px 10px;\">\n<script async src=\"https:\/\/pagead2.googlesyndication.com\/pagead\/js\/adsbygoogle.js?client=ca-pub-9945944833605257\"\r\n     crossorigin=\"anonymous\"><\/script>\r\n<ins class=\"adsbygoogle\"\r\n     style=\"display:block; text-align:center;\"\r\n     data-ad-layout=\"in-article\"\r\n     data-ad-format=\"fluid\"\r\n     data-ad-client=\"ca-pub-9945944833605257\"\r\n     data-ad-slot=\"2343923581\"><\/ins>\r\n<script>\r\n     (adsbygoogle = window.adsbygoogle || []).push({});\r\n<\/script>\n<\/div>\n<p><img data-recalc-dims=\"1\" fetchpriority=\"high\" decoding=\"async\" data-attachment-id=\"1999\" data-permalink=\"https:\/\/www.tvuai.com.br\/portal\/seguranca-cibernetica-esta-entre-as-tres-habilidades-mais-requisitadas-na-pos-pandemia\/seguranca-cibernetica\/\" data-orig-file=\"https:\/\/i0.wp.com\/www.tvuai.com.br\/portal\/wp-content\/uploads\/2020\/06\/seguran\u00e7a-cibern\u00e9tica.jpg?fit=600%2C297&amp;ssl=1\" data-orig-size=\"600,297\" data-comments-opened=\"0\" data-image-meta=\"{&quot;aperture&quot;:&quot;0&quot;,&quot;credit&quot;:&quot;&quot;,&quot;camera&quot;:&quot;&quot;,&quot;caption&quot;:&quot;&quot;,&quot;created_timestamp&quot;:&quot;0&quot;,&quot;copyright&quot;:&quot;&quot;,&quot;focal_length&quot;:&quot;0&quot;,&quot;iso&quot;:&quot;0&quot;,&quot;shutter_speed&quot;:&quot;0&quot;,&quot;title&quot;:&quot;&quot;,&quot;orientation&quot;:&quot;0&quot;}\" data-image-title=\"seguran\u00e7a cibern\u00e9tica\" data-image-description=\"\" data-image-caption=\"\" data-medium-file=\"https:\/\/i0.wp.com\/www.tvuai.com.br\/portal\/wp-content\/uploads\/2020\/06\/seguran\u00e7a-cibern\u00e9tica.jpg?fit=300%2C149&amp;ssl=1\" data-large-file=\"https:\/\/i0.wp.com\/www.tvuai.com.br\/portal\/wp-content\/uploads\/2020\/06\/seguran\u00e7a-cibern\u00e9tica.jpg?fit=600%2C297&amp;ssl=1\" tabindex=\"0\" role=\"button\" class=\"aligncenter size-full wp-image-1999\" src=\"https:\/\/i0.wp.com\/www.tvuai.com.br\/portal\/wp-content\/uploads\/2020\/06\/seguran\u00e7a-cibern\u00e9tica.jpg?resize=600%2C297&#038;ssl=1\" alt=\"\" width=\"600\" height=\"297\" srcset=\"https:\/\/i0.wp.com\/www.tvuai.com.br\/portal\/wp-content\/uploads\/2020\/06\/seguran\u00e7a-cibern\u00e9tica.jpg?w=600&amp;ssl=1 600w, https:\/\/i0.wp.com\/www.tvuai.com.br\/portal\/wp-content\/uploads\/2020\/06\/seguran\u00e7a-cibern\u00e9tica.jpg?resize=300%2C149&amp;ssl=1 300w\" sizes=\"(max-width: 600px) 100vw, 600px\" \/>Estudo com CIOs e executivos de tecnologia indica que seguran\u00e7a cibern\u00e9tica, solu\u00e7\u00e3o de problemas remotos de TI e suporte \u00e0 nuvem ser\u00e3o as tr\u00eas principais habilidades mais procuradas pelas empresas nos meses seguintes \u00e0 pandemia da Covid-19. Quase por unanimidade &#8211; 98% &#8211; os l\u00edderes de TI de empresas como Deloitte, Microsoft e Salesforce disseram que talentos em seguran\u00e7a cibern\u00e9tica seriam \u201cextremamente importantes\u201d para eles nos pr\u00f3ximos seis a 18 meses.<\/p>\n<p>A pesquisa, divulgada pelo TechRepublic, foi baseada nas respostas de 75 CIOs e executivos de tecnologia das ind\u00fastrias de servi\u00e7os financeiros, consultoria e tecnologia que fazem parte do conselho nacional ou regional da NPower, uma organiza\u00e7\u00e3o sem fins lucrativos dos Estados Unidos que oferece treinamento profissional gratuito para cargos de TI. Entre essas organiza\u00e7\u00f5es est\u00e3o Salesforce, Bank of America, Microsoft, Citi, Dell, Proctor &amp; Gamble, EY, BofA, AT&amp;T e Deloitte.<\/p>\n<p>De acordo com os entrevistados, as empresas pretendem melhorar o n\u00edvel de suporte t\u00e9cnico a funcion\u00e1rios que trabalham de casa, quando entrarem na pr\u00f3xima fase de recupera\u00e7\u00e3o dos bloqueios globais. Por isso, seguran\u00e7a cibern\u00e9tica e suporte \u00e0 nuvem estar\u00e3o entre as habilidades mais procuradas pelas empresas nos meses seguintes \u00e0 pandemia, diz a publica\u00e7\u00e3o.<\/p>\n<p>Fun\u00e7\u00f5es remotas de solu\u00e7\u00e3o de problemas de TI foram consideradas por 73% dos entrevistados como \u201cextremamente importantes ou muito importantes\u201d nos pr\u00f3ximos meses. Enquanto fun\u00e7\u00f5es de TI que d\u00e3o suporte \u00e0 nuvem foram consideradas por 87% dos l\u00edderes como \u201cextremamente importante ou muito importante\u201d.<\/p>\n<p>Os resultados refletem como os l\u00edderes empresariais tiveram que repensar suas estrat\u00e9gias em rela\u00e7\u00e3o \u00e0 contrata\u00e7\u00e3o, talento tecnol\u00f3gico e investimento corporativo a partir da pandemia. A publica\u00e7\u00e3o ressalta ainda que as empresas j\u00e1 se preocupam com as consequ\u00eancias da imposi\u00e7\u00e3o do trabalho remoto em massa e as pol\u00edticas desse modo de trabalho.<\/p>\n<p>Grandes empresas j\u00e1 declararam publicamente que permanecer\u00e3o com parte da for\u00e7a de trabalho de forma remota mesmo ap\u00f3s a pandemia. O dado vai ao encontro do que a pesquisa da NPower identificou, com 96% dos entrevistados afirmando que esperam que mais americanos trabalhem em casa ap\u00f3s a Covid-19.<\/p>\n<p>A mudan\u00e7a massiva para o modelo de trabalho tamb\u00e9m deixou os l\u00edderes atentos \u00e0s adapta\u00e7\u00f5es necess\u00e1rias \u00e0 cultura e \u00e0s pol\u00edticas das organiza\u00e7\u00f5es. Quase 70% dos participantes da pesquisa disseram esperar um investimento cont\u00ednuo ou aumentado das empresas em qualifica\u00e7\u00e3o e treinamento para novas habilidades de TI p\u00f3s-Covid-19. Al\u00e9m disso, a maioria dos executivos reconheceu que a contrata\u00e7\u00e3o para cargos de TI de n\u00edvel b\u00e1sico seria lenta para o restante de 2020 \u2013 embora tenha acrescentado que isso deve se recuperar novamente no primeiro semestre de 2021.<\/p>\n<p>A pesquisa tamb\u00e9m examinou as tend\u00eancias futuras de contrata\u00e7\u00e3o de fornecedores. Aproximadamente 64% das empresas norte-americanas disseram que \u201cconcordaram ou concordaram fortemente\u201d que sua empresa aumentaria os esfor\u00e7os para mitigar riscos e proteger a continuidade dos neg\u00f3cios usando fornecedores de TI nacionais e estrangeiros.<\/p>\n<p>* Com informa\u00e7\u00f5es da CIO<\/p>\n\n<div style=\"font-size: 0px; height: 0px; line-height: 0px; margin: 0; padding: 0; clear: both;\"><\/div><div class='share-to-whatsapp-wrapper'><div class='share-on-whsp'>Share on: <\/div><a data-text='Seguran\u00e7a cibern\u00e9tica est\u00e1 entre as tr\u00eas habilidades mais requisitadas na p\u00f3s-pandemia' data-link='https:\/\/www.tvuai.com.br\/portal\/seguranca-cibernetica-esta-entre-as-tres-habilidades-mais-requisitadas-na-pos-pandemia\/' class='whatsapp-button whatsapp-share'>WhatsApp<\/a><div class='clear '><\/div><\/div><!-- AddThis Advanced Settings generic via filter on the_content --><!-- AddThis Share Buttons generic via filter on the_content -->","protected":false},"excerpt":{"rendered":"<p>Estudo com CIOs e executivos de tecnologia indica que seguran\u00e7a cibern\u00e9tica, solu\u00e7\u00e3o de problemas remotos de TI e suporte \u00e0 nuvem ser\u00e3o as tr\u00eas principais habilidades mais procuradas pelas empresas nos meses seguintes \u00e0 pandemia da Covid-19. Quase por unanimidade &#8211; 98% &#8211; os l\u00edderes de TI de empresas como Deloitte, Microsoft e Salesforce disseram [&hellip;]<!-- AddThis Advanced Settings generic via filter on get_the_excerpt --><!-- AddThis Share Buttons generic via filter on get_the_excerpt --><\/p>\n","protected":false},"author":2,"featured_media":2000,"comment_status":"closed","ping_status":"closed","sticky":false,"template":"","format":"standard","meta":{"jetpack_post_was_ever_published":false,"_jetpack_newsletter_access":"","_jetpack_dont_email_post_to_subs":false,"_jetpack_newsletter_tier_id":0,"_jetpack_memberships_contains_paywalled_content":false,"_jetpack_memberships_contains_paid_content":false,"_joinchat":[],"footnotes":"","jetpack_publicize_message":"","jetpack_publicize_feature_enabled":true,"jetpack_social_post_already_shared":true,"jetpack_social_options":{"image_generator_settings":{"template":"highway","enabled":false},"version":2}},"categories":[19],"tags":[220,37,219,27],"class_list":["post-1998","post","type-post","status-publish","format-standard","has-post-thumbnail","hentry","category-noticias","tag-pos-pandemia","tag-pouso-alegre","tag-seguranca-cibernetica","tag-tv-uai"],"jetpack_publicize_connections":[],"yoast_head":"<!-- This site is optimized with the Yoast SEO plugin v23.5 - https:\/\/yoast.com\/wordpress\/plugins\/seo\/ -->\n<title>Seguran\u00e7a cibern\u00e9tica est\u00e1 entre as tr\u00eas habilidades mais requisitadas na p\u00f3s-pandemia - TVUAI<\/title>\n<meta name=\"robots\" content=\"index, follow, max-snippet:-1, max-image-preview:large, max-video-preview:-1\" \/>\n<link rel=\"canonical\" href=\"https:\/\/www.tvuai.com.br\/portal\/seguranca-cibernetica-esta-entre-as-tres-habilidades-mais-requisitadas-na-pos-pandemia\/\" \/>\n<meta property=\"og:locale\" content=\"pt_BR\" \/>\n<meta property=\"og:type\" content=\"article\" \/>\n<meta property=\"og:title\" content=\"Seguran\u00e7a cibern\u00e9tica est\u00e1 entre as tr\u00eas habilidades mais requisitadas na p\u00f3s-pandemia - TVUAI\" \/>\n<meta property=\"og:description\" content=\"Estudo com CIOs e executivos de tecnologia indica que seguran\u00e7a cibern\u00e9tica, solu\u00e7\u00e3o de problemas remotos de TI e suporte \u00e0 nuvem ser\u00e3o as tr\u00eas principais habilidades mais procuradas pelas empresas nos meses seguintes \u00e0 pandemia da Covid-19. Quase por unanimidade &#8211; 98% &#8211; os l\u00edderes de TI de empresas como Deloitte, Microsoft e Salesforce disseram [&hellip;]\" \/>\n<meta property=\"og:url\" content=\"https:\/\/www.tvuai.com.br\/portal\/seguranca-cibernetica-esta-entre-as-tres-habilidades-mais-requisitadas-na-pos-pandemia\/\" \/>\n<meta property=\"og:site_name\" content=\"TVUAI\" \/>\n<meta property=\"article:publisher\" content=\"http:\/\/www.facebook.com\/pages\/TV-Uai-Comunica%c3%a7%c3%a3o\/139062546157369\" \/>\n<meta property=\"article:author\" content=\"https:\/\/www.facebook.com\/tvuai\/\" \/>\n<meta property=\"article:published_time\" content=\"2020-06-10T14:34:37+00:00\" \/>\n<meta property=\"article:modified_time\" content=\"2020-07-03T21:26:31+00:00\" \/>\n<meta property=\"og:image\" content=\"https:\/\/i0.wp.com\/www.tvuai.com.br\/portal\/wp-content\/uploads\/2020\/06\/seguran\u00e7a-cibern\u00e9tica0.jpg?fit=200%2C200&ssl=1\" \/>\n\t<meta property=\"og:image:width\" content=\"200\" \/>\n\t<meta property=\"og:image:height\" content=\"200\" \/>\n\t<meta property=\"og:image:type\" content=\"image\/jpeg\" \/>\n<meta name=\"author\" content=\"Rosy Pantale\u00e3o\" \/>\n<meta name=\"twitter:card\" content=\"summary_large_image\" \/>\n<meta name=\"twitter:creator\" content=\"@tvuai\" \/>\n<meta name=\"twitter:site\" content=\"@tvuai\" \/>\n<meta name=\"twitter:label1\" content=\"Escrito por\" \/>\n\t<meta name=\"twitter:data1\" content=\"Rosy Pantale\u00e3o\" \/>\n\t<meta name=\"twitter:label2\" content=\"Est. tempo de leitura\" \/>\n\t<meta name=\"twitter:data2\" content=\"3 minutos\" \/>\n<script type=\"application\/ld+json\" class=\"yoast-schema-graph\">{\"@context\":\"https:\/\/schema.org\",\"@graph\":[{\"@type\":\"Article\",\"@id\":\"https:\/\/www.tvuai.com.br\/portal\/seguranca-cibernetica-esta-entre-as-tres-habilidades-mais-requisitadas-na-pos-pandemia\/#article\",\"isPartOf\":{\"@id\":\"https:\/\/www.tvuai.com.br\/portal\/seguranca-cibernetica-esta-entre-as-tres-habilidades-mais-requisitadas-na-pos-pandemia\/\"},\"author\":{\"name\":\"Rosy Pantale\u00e3o\",\"@id\":\"https:\/\/www.tvuai.com.br\/portal\/#\/schema\/person\/d1c5c2b1dc1e658906286802aad38555\"},\"headline\":\"Seguran\u00e7a cibern\u00e9tica est\u00e1 entre as tr\u00eas habilidades mais requisitadas na p\u00f3s-pandemia\",\"datePublished\":\"2020-06-10T14:34:37+00:00\",\"dateModified\":\"2020-07-03T21:26:31+00:00\",\"mainEntityOfPage\":{\"@id\":\"https:\/\/www.tvuai.com.br\/portal\/seguranca-cibernetica-esta-entre-as-tres-habilidades-mais-requisitadas-na-pos-pandemia\/\"},\"wordCount\":535,\"publisher\":{\"@id\":\"https:\/\/www.tvuai.com.br\/portal\/#organization\"},\"image\":{\"@id\":\"https:\/\/www.tvuai.com.br\/portal\/seguranca-cibernetica-esta-entre-as-tres-habilidades-mais-requisitadas-na-pos-pandemia\/#primaryimage\"},\"thumbnailUrl\":\"https:\/\/i0.wp.com\/www.tvuai.com.br\/portal\/wp-content\/uploads\/2020\/06\/seguran\u00e7a-cibern\u00e9tica0.jpg?fit=200%2C200&ssl=1\",\"keywords\":[\"p\u00f3s pandemia\",\"Pouso Alegre\",\"seguran\u00e7a cibern\u00e9tica\",\"TV Uai\"],\"articleSection\":[\"Not\u00edcias\"],\"inLanguage\":\"pt-BR\"},{\"@type\":\"WebPage\",\"@id\":\"https:\/\/www.tvuai.com.br\/portal\/seguranca-cibernetica-esta-entre-as-tres-habilidades-mais-requisitadas-na-pos-pandemia\/\",\"url\":\"https:\/\/www.tvuai.com.br\/portal\/seguranca-cibernetica-esta-entre-as-tres-habilidades-mais-requisitadas-na-pos-pandemia\/\",\"name\":\"Seguran\u00e7a cibern\u00e9tica est\u00e1 entre as tr\u00eas habilidades mais requisitadas na p\u00f3s-pandemia - TVUAI\",\"isPartOf\":{\"@id\":\"https:\/\/www.tvuai.com.br\/portal\/#website\"},\"primaryImageOfPage\":{\"@id\":\"https:\/\/www.tvuai.com.br\/portal\/seguranca-cibernetica-esta-entre-as-tres-habilidades-mais-requisitadas-na-pos-pandemia\/#primaryimage\"},\"image\":{\"@id\":\"https:\/\/www.tvuai.com.br\/portal\/seguranca-cibernetica-esta-entre-as-tres-habilidades-mais-requisitadas-na-pos-pandemia\/#primaryimage\"},\"thumbnailUrl\":\"https:\/\/i0.wp.com\/www.tvuai.com.br\/portal\/wp-content\/uploads\/2020\/06\/seguran\u00e7a-cibern\u00e9tica0.jpg?fit=200%2C200&ssl=1\",\"datePublished\":\"2020-06-10T14:34:37+00:00\",\"dateModified\":\"2020-07-03T21:26:31+00:00\",\"breadcrumb\":{\"@id\":\"https:\/\/www.tvuai.com.br\/portal\/seguranca-cibernetica-esta-entre-as-tres-habilidades-mais-requisitadas-na-pos-pandemia\/#breadcrumb\"},\"inLanguage\":\"pt-BR\",\"potentialAction\":[{\"@type\":\"ReadAction\",\"target\":[\"https:\/\/www.tvuai.com.br\/portal\/seguranca-cibernetica-esta-entre-as-tres-habilidades-mais-requisitadas-na-pos-pandemia\/\"]}]},{\"@type\":\"ImageObject\",\"inLanguage\":\"pt-BR\",\"@id\":\"https:\/\/www.tvuai.com.br\/portal\/seguranca-cibernetica-esta-entre-as-tres-habilidades-mais-requisitadas-na-pos-pandemia\/#primaryimage\",\"url\":\"https:\/\/i0.wp.com\/www.tvuai.com.br\/portal\/wp-content\/uploads\/2020\/06\/seguran\u00e7a-cibern\u00e9tica0.jpg?fit=200%2C200&ssl=1\",\"contentUrl\":\"https:\/\/i0.wp.com\/www.tvuai.com.br\/portal\/wp-content\/uploads\/2020\/06\/seguran\u00e7a-cibern\u00e9tica0.jpg?fit=200%2C200&ssl=1\",\"width\":200,\"height\":200},{\"@type\":\"BreadcrumbList\",\"@id\":\"https:\/\/www.tvuai.com.br\/portal\/seguranca-cibernetica-esta-entre-as-tres-habilidades-mais-requisitadas-na-pos-pandemia\/#breadcrumb\",\"itemListElement\":[{\"@type\":\"ListItem\",\"position\":1,\"name\":\"In\u00edcio\",\"item\":\"https:\/\/www.tvuai.com.br\/portal\/\"},{\"@type\":\"ListItem\",\"position\":2,\"name\":\"Seguran\u00e7a cibern\u00e9tica est\u00e1 entre as tr\u00eas habilidades mais requisitadas na p\u00f3s-pandemia\"}]},{\"@type\":\"WebSite\",\"@id\":\"https:\/\/www.tvuai.com.br\/portal\/#website\",\"url\":\"https:\/\/www.tvuai.com.br\/portal\/\",\"name\":\"TVUAI\",\"description\":\"Tudo sobre o Sul de Minas\",\"publisher\":{\"@id\":\"https:\/\/www.tvuai.com.br\/portal\/#organization\"},\"potentialAction\":[{\"@type\":\"SearchAction\",\"target\":{\"@type\":\"EntryPoint\",\"urlTemplate\":\"https:\/\/www.tvuai.com.br\/portal\/?s={search_term_string}\"},\"query-input\":{\"@type\":\"PropertyValueSpecification\",\"valueRequired\":true,\"valueName\":\"search_term_string\"}}],\"inLanguage\":\"pt-BR\"},{\"@type\":\"Organization\",\"@id\":\"https:\/\/www.tvuai.com.br\/portal\/#organization\",\"name\":\"TVUAI\",\"url\":\"https:\/\/www.tvuai.com.br\/portal\/\",\"logo\":{\"@type\":\"ImageObject\",\"inLanguage\":\"pt-BR\",\"@id\":\"https:\/\/www.tvuai.com.br\/portal\/#\/schema\/logo\/image\/\",\"url\":\"https:\/\/i0.wp.com\/www.tvuai.com.br\/portal\/wp-content\/uploads\/2017\/12\/logo_tvuai_100H.png?fit=207%2C100&ssl=1\",\"contentUrl\":\"https:\/\/i0.wp.com\/www.tvuai.com.br\/portal\/wp-content\/uploads\/2017\/12\/logo_tvuai_100H.png?fit=207%2C100&ssl=1\",\"width\":207,\"height\":100,\"caption\":\"TVUAI\"},\"image\":{\"@id\":\"https:\/\/www.tvuai.com.br\/portal\/#\/schema\/logo\/image\/\"},\"sameAs\":[\"http:\/\/www.facebook.com\/pages\/TV-Uai-Comunica\u00e7\u00e3o\/139062546157369\",\"https:\/\/x.com\/tvuai\",\"https:\/\/www.instagram.com\/tvuai_network\/\",\"https:\/\/www.youtube.com\/channel\/UCB7ZPB3wRv-OpoZ_09jmnkQ\"]},{\"@type\":\"Person\",\"@id\":\"https:\/\/www.tvuai.com.br\/portal\/#\/schema\/person\/d1c5c2b1dc1e658906286802aad38555\",\"name\":\"Rosy Pantale\u00e3o\",\"sameAs\":[\"https:\/\/www.tvuai.com.br\/portal\/\",\"https:\/\/www.facebook.com\/tvuai\/\",\"https:\/\/www.instagram.com\/tvuai\",\"https:\/\/x.com\/tvuai\",\"https:\/\/www.youtube.com\/channel\/UCB7ZPB3wRv-OpoZ_09jmnkQ\",\"tvuai\"],\"url\":\"https:\/\/www.tvuai.com.br\/portal\/author\/rosy\/\"}]}<\/script>\n<!-- \/ Yoast SEO plugin. -->","yoast_head_json":{"title":"Seguran\u00e7a cibern\u00e9tica est\u00e1 entre as tr\u00eas habilidades mais requisitadas na p\u00f3s-pandemia - TVUAI","robots":{"index":"index","follow":"follow","max-snippet":"max-snippet:-1","max-image-preview":"max-image-preview:large","max-video-preview":"max-video-preview:-1"},"canonical":"https:\/\/www.tvuai.com.br\/portal\/seguranca-cibernetica-esta-entre-as-tres-habilidades-mais-requisitadas-na-pos-pandemia\/","og_locale":"pt_BR","og_type":"article","og_title":"Seguran\u00e7a cibern\u00e9tica est\u00e1 entre as tr\u00eas habilidades mais requisitadas na p\u00f3s-pandemia - TVUAI","og_description":"Estudo com CIOs e executivos de tecnologia indica que seguran\u00e7a cibern\u00e9tica, solu\u00e7\u00e3o de problemas remotos de TI e suporte \u00e0 nuvem ser\u00e3o as tr\u00eas principais habilidades mais procuradas pelas empresas nos meses seguintes \u00e0 pandemia da Covid-19. Quase por unanimidade &#8211; 98% &#8211; os l\u00edderes de TI de empresas como Deloitte, Microsoft e Salesforce disseram [&hellip;]","og_url":"https:\/\/www.tvuai.com.br\/portal\/seguranca-cibernetica-esta-entre-as-tres-habilidades-mais-requisitadas-na-pos-pandemia\/","og_site_name":"TVUAI","article_publisher":"http:\/\/www.facebook.com\/pages\/TV-Uai-Comunica%c3%a7%c3%a3o\/139062546157369","article_author":"https:\/\/www.facebook.com\/tvuai\/","article_published_time":"2020-06-10T14:34:37+00:00","article_modified_time":"2020-07-03T21:26:31+00:00","og_image":[{"width":200,"height":200,"url":"https:\/\/i0.wp.com\/www.tvuai.com.br\/portal\/wp-content\/uploads\/2020\/06\/seguran\u00e7a-cibern\u00e9tica0.jpg?fit=200%2C200&ssl=1","type":"image\/jpeg"}],"author":"Rosy Pantale\u00e3o","twitter_card":"summary_large_image","twitter_creator":"@tvuai","twitter_site":"@tvuai","twitter_misc":{"Escrito por":"Rosy Pantale\u00e3o","Est. tempo de leitura":"3 minutos"},"schema":{"@context":"https:\/\/schema.org","@graph":[{"@type":"Article","@id":"https:\/\/www.tvuai.com.br\/portal\/seguranca-cibernetica-esta-entre-as-tres-habilidades-mais-requisitadas-na-pos-pandemia\/#article","isPartOf":{"@id":"https:\/\/www.tvuai.com.br\/portal\/seguranca-cibernetica-esta-entre-as-tres-habilidades-mais-requisitadas-na-pos-pandemia\/"},"author":{"name":"Rosy Pantale\u00e3o","@id":"https:\/\/www.tvuai.com.br\/portal\/#\/schema\/person\/d1c5c2b1dc1e658906286802aad38555"},"headline":"Seguran\u00e7a cibern\u00e9tica est\u00e1 entre as tr\u00eas habilidades mais requisitadas na p\u00f3s-pandemia","datePublished":"2020-06-10T14:34:37+00:00","dateModified":"2020-07-03T21:26:31+00:00","mainEntityOfPage":{"@id":"https:\/\/www.tvuai.com.br\/portal\/seguranca-cibernetica-esta-entre-as-tres-habilidades-mais-requisitadas-na-pos-pandemia\/"},"wordCount":535,"publisher":{"@id":"https:\/\/www.tvuai.com.br\/portal\/#organization"},"image":{"@id":"https:\/\/www.tvuai.com.br\/portal\/seguranca-cibernetica-esta-entre-as-tres-habilidades-mais-requisitadas-na-pos-pandemia\/#primaryimage"},"thumbnailUrl":"https:\/\/i0.wp.com\/www.tvuai.com.br\/portal\/wp-content\/uploads\/2020\/06\/seguran\u00e7a-cibern\u00e9tica0.jpg?fit=200%2C200&ssl=1","keywords":["p\u00f3s pandemia","Pouso Alegre","seguran\u00e7a cibern\u00e9tica","TV Uai"],"articleSection":["Not\u00edcias"],"inLanguage":"pt-BR"},{"@type":"WebPage","@id":"https:\/\/www.tvuai.com.br\/portal\/seguranca-cibernetica-esta-entre-as-tres-habilidades-mais-requisitadas-na-pos-pandemia\/","url":"https:\/\/www.tvuai.com.br\/portal\/seguranca-cibernetica-esta-entre-as-tres-habilidades-mais-requisitadas-na-pos-pandemia\/","name":"Seguran\u00e7a cibern\u00e9tica est\u00e1 entre as tr\u00eas habilidades mais requisitadas na p\u00f3s-pandemia - TVUAI","isPartOf":{"@id":"https:\/\/www.tvuai.com.br\/portal\/#website"},"primaryImageOfPage":{"@id":"https:\/\/www.tvuai.com.br\/portal\/seguranca-cibernetica-esta-entre-as-tres-habilidades-mais-requisitadas-na-pos-pandemia\/#primaryimage"},"image":{"@id":"https:\/\/www.tvuai.com.br\/portal\/seguranca-cibernetica-esta-entre-as-tres-habilidades-mais-requisitadas-na-pos-pandemia\/#primaryimage"},"thumbnailUrl":"https:\/\/i0.wp.com\/www.tvuai.com.br\/portal\/wp-content\/uploads\/2020\/06\/seguran\u00e7a-cibern\u00e9tica0.jpg?fit=200%2C200&ssl=1","datePublished":"2020-06-10T14:34:37+00:00","dateModified":"2020-07-03T21:26:31+00:00","breadcrumb":{"@id":"https:\/\/www.tvuai.com.br\/portal\/seguranca-cibernetica-esta-entre-as-tres-habilidades-mais-requisitadas-na-pos-pandemia\/#breadcrumb"},"inLanguage":"pt-BR","potentialAction":[{"@type":"ReadAction","target":["https:\/\/www.tvuai.com.br\/portal\/seguranca-cibernetica-esta-entre-as-tres-habilidades-mais-requisitadas-na-pos-pandemia\/"]}]},{"@type":"ImageObject","inLanguage":"pt-BR","@id":"https:\/\/www.tvuai.com.br\/portal\/seguranca-cibernetica-esta-entre-as-tres-habilidades-mais-requisitadas-na-pos-pandemia\/#primaryimage","url":"https:\/\/i0.wp.com\/www.tvuai.com.br\/portal\/wp-content\/uploads\/2020\/06\/seguran\u00e7a-cibern\u00e9tica0.jpg?fit=200%2C200&ssl=1","contentUrl":"https:\/\/i0.wp.com\/www.tvuai.com.br\/portal\/wp-content\/uploads\/2020\/06\/seguran\u00e7a-cibern\u00e9tica0.jpg?fit=200%2C200&ssl=1","width":200,"height":200},{"@type":"BreadcrumbList","@id":"https:\/\/www.tvuai.com.br\/portal\/seguranca-cibernetica-esta-entre-as-tres-habilidades-mais-requisitadas-na-pos-pandemia\/#breadcrumb","itemListElement":[{"@type":"ListItem","position":1,"name":"In\u00edcio","item":"https:\/\/www.tvuai.com.br\/portal\/"},{"@type":"ListItem","position":2,"name":"Seguran\u00e7a cibern\u00e9tica est\u00e1 entre as tr\u00eas habilidades mais requisitadas na p\u00f3s-pandemia"}]},{"@type":"WebSite","@id":"https:\/\/www.tvuai.com.br\/portal\/#website","url":"https:\/\/www.tvuai.com.br\/portal\/","name":"TVUAI","description":"Tudo sobre o Sul de Minas","publisher":{"@id":"https:\/\/www.tvuai.com.br\/portal\/#organization"},"potentialAction":[{"@type":"SearchAction","target":{"@type":"EntryPoint","urlTemplate":"https:\/\/www.tvuai.com.br\/portal\/?s={search_term_string}"},"query-input":{"@type":"PropertyValueSpecification","valueRequired":true,"valueName":"search_term_string"}}],"inLanguage":"pt-BR"},{"@type":"Organization","@id":"https:\/\/www.tvuai.com.br\/portal\/#organization","name":"TVUAI","url":"https:\/\/www.tvuai.com.br\/portal\/","logo":{"@type":"ImageObject","inLanguage":"pt-BR","@id":"https:\/\/www.tvuai.com.br\/portal\/#\/schema\/logo\/image\/","url":"https:\/\/i0.wp.com\/www.tvuai.com.br\/portal\/wp-content\/uploads\/2017\/12\/logo_tvuai_100H.png?fit=207%2C100&ssl=1","contentUrl":"https:\/\/i0.wp.com\/www.tvuai.com.br\/portal\/wp-content\/uploads\/2017\/12\/logo_tvuai_100H.png?fit=207%2C100&ssl=1","width":207,"height":100,"caption":"TVUAI"},"image":{"@id":"https:\/\/www.tvuai.com.br\/portal\/#\/schema\/logo\/image\/"},"sameAs":["http:\/\/www.facebook.com\/pages\/TV-Uai-Comunica\u00e7\u00e3o\/139062546157369","https:\/\/x.com\/tvuai","https:\/\/www.instagram.com\/tvuai_network\/","https:\/\/www.youtube.com\/channel\/UCB7ZPB3wRv-OpoZ_09jmnkQ"]},{"@type":"Person","@id":"https:\/\/www.tvuai.com.br\/portal\/#\/schema\/person\/d1c5c2b1dc1e658906286802aad38555","name":"Rosy Pantale\u00e3o","sameAs":["https:\/\/www.tvuai.com.br\/portal\/","https:\/\/www.facebook.com\/tvuai\/","https:\/\/www.instagram.com\/tvuai","https:\/\/x.com\/tvuai","https:\/\/www.youtube.com\/channel\/UCB7ZPB3wRv-OpoZ_09jmnkQ","tvuai"],"url":"https:\/\/www.tvuai.com.br\/portal\/author\/rosy\/"}]}},"jetpack_featured_media_url":"https:\/\/i0.wp.com\/www.tvuai.com.br\/portal\/wp-content\/uploads\/2020\/06\/seguran\u00e7a-cibern\u00e9tica0.jpg?fit=200%2C200&ssl=1","wpmagazine_modules_lite_featured_media_urls":{"thumbnail":["https:\/\/i0.wp.com\/www.tvuai.com.br\/portal\/wp-content\/uploads\/2020\/06\/seguran\u00e7a-cibern\u00e9tica0.jpg?resize=150%2C150&ssl=1",150,150,true],"cvmm-medium":["https:\/\/i0.wp.com\/www.tvuai.com.br\/portal\/wp-content\/uploads\/2020\/06\/seguran\u00e7a-cibern\u00e9tica0.jpg?resize=200%2C200&ssl=1",200,200,true],"cvmm-medium-plus":["https:\/\/i0.wp.com\/www.tvuai.com.br\/portal\/wp-content\/uploads\/2020\/06\/seguran\u00e7a-cibern\u00e9tica0.jpg?resize=200%2C200&ssl=1",200,200,true],"cvmm-portrait":["https:\/\/i0.wp.com\/www.tvuai.com.br\/portal\/wp-content\/uploads\/2020\/06\/seguran\u00e7a-cibern\u00e9tica0.jpg?resize=200%2C200&ssl=1",200,200,true],"cvmm-medium-square":["https:\/\/i0.wp.com\/www.tvuai.com.br\/portal\/wp-content\/uploads\/2020\/06\/seguran\u00e7a-cibern\u00e9tica0.jpg?resize=200%2C200&ssl=1",200,200,true],"cvmm-large":["https:\/\/i0.wp.com\/www.tvuai.com.br\/portal\/wp-content\/uploads\/2020\/06\/seguran\u00e7a-cibern\u00e9tica0.jpg?resize=200%2C200&ssl=1",200,200,true],"cvmm-small":["https:\/\/i0.wp.com\/www.tvuai.com.br\/portal\/wp-content\/uploads\/2020\/06\/seguran\u00e7a-cibern\u00e9tica0.jpg?resize=130%2C95&ssl=1",130,95,true],"full":["https:\/\/i0.wp.com\/www.tvuai.com.br\/portal\/wp-content\/uploads\/2020\/06\/seguran\u00e7a-cibern\u00e9tica0.jpg?fit=200%2C200&ssl=1",200,200,false]},"categories_names":{"19":{"name":"Not\u00edcias","link":"https:\/\/www.tvuai.com.br\/portal\/category\/noticias\/"}},"tags_names":{"220":{"name":"p\u00f3s pandemia","link":"https:\/\/www.tvuai.com.br\/portal\/tag\/pos-pandemia\/"},"37":{"name":"Pouso Alegre","link":"https:\/\/www.tvuai.com.br\/portal\/tag\/pouso-alegre\/"},"219":{"name":"seguran\u00e7a cibern\u00e9tica","link":"https:\/\/www.tvuai.com.br\/portal\/tag\/seguranca-cibernetica\/"},"27":{"name":"TV Uai","link":"https:\/\/www.tvuai.com.br\/portal\/tag\/tv-uai\/"}},"comments_number":"0","jetpack_shortlink":"https:\/\/wp.me\/p9woix-we","jetpack_sharing_enabled":true,"_links":{"self":[{"href":"https:\/\/www.tvuai.com.br\/portal\/wp-json\/wp\/v2\/posts\/1998"}],"collection":[{"href":"https:\/\/www.tvuai.com.br\/portal\/wp-json\/wp\/v2\/posts"}],"about":[{"href":"https:\/\/www.tvuai.com.br\/portal\/wp-json\/wp\/v2\/types\/post"}],"author":[{"embeddable":true,"href":"https:\/\/www.tvuai.com.br\/portal\/wp-json\/wp\/v2\/users\/2"}],"replies":[{"embeddable":true,"href":"https:\/\/www.tvuai.com.br\/portal\/wp-json\/wp\/v2\/comments?post=1998"}],"version-history":[{"count":1,"href":"https:\/\/www.tvuai.com.br\/portal\/wp-json\/wp\/v2\/posts\/1998\/revisions"}],"predecessor-version":[{"id":2001,"href":"https:\/\/www.tvuai.com.br\/portal\/wp-json\/wp\/v2\/posts\/1998\/revisions\/2001"}],"wp:featuredmedia":[{"embeddable":true,"href":"https:\/\/www.tvuai.com.br\/portal\/wp-json\/wp\/v2\/media\/2000"}],"wp:attachment":[{"href":"https:\/\/www.tvuai.com.br\/portal\/wp-json\/wp\/v2\/media?parent=1998"}],"wp:term":[{"taxonomy":"category","embeddable":true,"href":"https:\/\/www.tvuai.com.br\/portal\/wp-json\/wp\/v2\/categories?post=1998"},{"taxonomy":"post_tag","embeddable":true,"href":"https:\/\/www.tvuai.com.br\/portal\/wp-json\/wp\/v2\/tags?post=1998"}],"curies":[{"name":"wp","href":"https:\/\/api.w.org\/{rel}","templated":true}]}}