{"id":1950,"date":"2020-04-15T22:08:57","date_gmt":"2020-04-16T01:08:57","guid":{"rendered":"https:\/\/www.tvuai.com.br\/portal\/?p=1950"},"modified":"2020-06-10T11:43:00","modified_gmt":"2020-06-10T14:43:00","slug":"marcos-pontes-anuncia-teste-com-remedio-em-500-pacientes-que-reduz-94-da-carga-viral-contra-covid-19","status":"publish","type":"post","link":"https:\/\/www.tvuai.com.br\/portal\/marcos-pontes-anuncia-teste-com-remedio-em-500-pacientes-que-reduz-94-da-carga-viral-contra-covid-19\/","title":{"rendered":"Marcos Pontes anuncia teste com rem\u00e9dio, em 500 pacientes, que reduz 94% da carga viral contra Covid-19"},"content":{"rendered":"<div class=\"5a1038e0903b96d426fcfcc338703013\" data-index=\"1\" style=\"float: right; margin:10px 0 10px 10px;\">\n<script async src=\"https:\/\/pagead2.googlesyndication.com\/pagead\/js\/adsbygoogle.js?client=ca-pub-9945944833605257\"\r\n     crossorigin=\"anonymous\"><\/script>\r\n<ins class=\"adsbygoogle\"\r\n     style=\"display:block; text-align:center;\"\r\n     data-ad-layout=\"in-article\"\r\n     data-ad-format=\"fluid\"\r\n     data-ad-client=\"ca-pub-9945944833605257\"\r\n     data-ad-slot=\"2343923581\"><\/ins>\r\n<script>\r\n     (adsbygoogle = window.adsbygoogle || []).push({});\r\n<\/script>\n<\/div>\n<p style=\"text-align: center\"><div class=\"jetpack-video-wrapper\"><span class=\"embed-youtube\" style=\"text-align:center; display: block;\"><iframe class=\"youtube-player\" width=\"560\" height=\"315\" src=\"https:\/\/www.youtube.com\/embed\/RFUqiEAHZCE?version=3&#038;rel=1&#038;showsearch=0&#038;showinfo=1&#038;iv_load_policy=1&#038;fs=1&#038;hl=pt-BR&#038;autohide=2&#038;wmode=transparent\" allowfullscreen=\"true\" style=\"border:0;\" sandbox=\"allow-scripts allow-same-origin allow-popups allow-presentation allow-popups-to-escape-sandbox\"><\/iframe><\/span><\/div><\/p>\n<p>O ministro da Ci\u00eancia, Tecnologia e Inova\u00e7\u00e3o, Marcos Pontes, anunciou hoje, 15, estudos com rem\u00e9dios j\u00e1 conhecidos para o enfrentamento \u00e0 Covid-19. Nos pr\u00f3ximos dias, cientistas brasileiros iniciar\u00e3o os testes cl\u00ednicos em 500 pacientes com um medicamento que apresentou 94% de efic\u00e1cia em ensaios in vitro na redu\u00e7\u00e3o da carga viral em c\u00e9lulas infectadas pelo novo coronav\u00edrus. Os testes ser\u00e3o feitos em pacientes internados com covid-19, em sete hospitais do pa\u00eds: cinco no Rio de Janeiro, um em S\u00e3o Paulo e um em Bras\u00edlia.<\/p>\n<p>Segundo Pontes, os testes com pacientes internados ser\u00e3o conclu\u00eddos em quatro semanas e o nome do medicamento s\u00f3 ser\u00e1 divulgado ap\u00f3s o fim do protocolo de pesquisa cl\u00ednica, at\u00e9 que seja demonstrada a sua efic\u00e1cia e seguran\u00e7a em pacientes, \u201cpara evitar uma correria em torno do medicamento\u201d. Mas, de acordo com Pontes, \u00e9 um rem\u00e9dio de baixo custo, bem tolerado e dispon\u00edvel inclusive em formula\u00e7\u00f5es pedi\u00e1tricas. \u201cPor que isso \u00e9 importante? Ele tem uma vantagem muito grande, tem pouco efeito colateral e pode ser empregado numa grande faixa da popula\u00e7\u00e3o\u201d, explicou.<\/p>\n<p>O ministro destacou a import\u00e2ncia e o trabalho da ci\u00eancia brasileira na busca por solu\u00e7\u00f5es contra a pandemia de covid-19. \u201cN\u00f3s estamos falando de ci\u00eancia feita no Brasil, uma ci\u00eancia respeitada em todo o mundo. Os nossos cientistas s\u00e3o muito respons\u00e1veis, n\u00e3o s\u00f3 pelo conhecimento, mas pela atitude, esse pessoal tem trabalhado dia e noite. Muitos s\u00e3o bolsistas e estamos conseguindo resultados por meio do trabalho desses pesquisadores\u201d, disse o ministro. \u201cEspero que voc\u00eas como brasileiros tamb\u00e9m tenham orgulho desses cientistas\u201d, ressaltou.<\/p>\n<p style=\"text-align: center\"><strong>Replica\u00e7\u00e3o viral<\/strong><\/p>\n<p>Foram realizados testes com 2 mil medicamentos que j\u00e1 s\u00e3o comercializados em farm\u00e1cias para verificar se existe algum capaz de se ligar ao v\u00edrus e de bloquear a replica\u00e7\u00e3o viral. A estrat\u00e9gia, chamada de reposicionamento de f\u00e1rmacos, foi adotada por cientistas do Laborat\u00f3rio Nacional de Bioci\u00eancias (LNBio), em Campinas, que integra o Centro Nacional de Pesquisa em Energia e Materiais (CNPEM), organiza\u00e7\u00e3o social supervisionada pelo Minist\u00e9rio da Ci\u00eancia, Tecnologia, Inova\u00e7\u00f5es e Comunica\u00e7\u00f5es (MCTIC).<\/p>\n<p>Ao final, os pesquisadores identificaram seis mol\u00e9culas promissoras que seguiram para teste in vitro com c\u00e9lulas infectadas com o novo coronav\u00edrus. Desses seis rem\u00e9dios pesquisados, os cientistas do CNPEM descobriram que dois reduziram significativamente a replica\u00e7\u00e3o do v\u00edrus. O rem\u00e9dio mais promissor apresentou 94% de efic\u00e1cia em ensaios com as c\u00e9lulas infectadas.<\/p>\n<p>O protocolo de ensaios cl\u00ednicos foi aprovado nesta ter\u00e7a-feira, 14, pela Comiss\u00e3o Nacional de \u00c9tica em Pesquisa. O medicamento ser\u00e1 ministrado por cinco dias nos pacientes e mais nove dias ser\u00e3o necess\u00e1rios para observa\u00e7\u00e3o. Ser\u00e3o inclu\u00eddos no estudo pessoas que chegarem aos hospitais com pneumonia e sintomas de covid-19: febre, tosse seca e as caracter\u00edsticas da tomografia com vidro fosco.<\/p>\n<p>O grupo de testagem ser\u00e1 amplo, com qualquer pessoa maior de 18 anos, mas n\u00e3o para os casos muito graves. O paciente dever\u00e1 assinar um termo de consentimento para participar do protocolo, que consiste na administra\u00e7\u00e3o aleat\u00f3ria do medicamento ou de placebo. A expectativa \u00e9 que o estudo seja conclu\u00eddo em quatro semanas. \u201cIsso \u00e9 feito de forma extremamente cient\u00edfica, usando todo o formalismo cient\u00edfico, para que a gente n\u00e3o tenha d\u00favidas\u201d, destacou o ministro.<\/p>\n<p>O desenvolvimento do estudo no LNBio ocorre no \u00e2mbito da Rede V\u00edrus do MCTIC, respons\u00e1vel pela articula\u00e7\u00e3o dos laborat\u00f3rios de pesquisa e especialistas na continuidade dos estudos com pessoas infectadas pelo novo coronav\u00edrus.<\/p>\n<p style=\"text-align: center\"><strong>Testes e vacinas<\/strong><\/p>\n<p>Marcos Pontes tamb\u00e9m apresentou o resultado do trabalho do CTVacinas, da Universidade Federal de Minas Gerais, que tamb\u00e9m por meio da Rede V\u00edrus, desenvolveu um reagente nacional que tem a mesma performance de reagentes importados para testes diagn\u00f3sticos de covid-19. \u201cIsso d\u00e1 autonomia para o pa\u00eds e a possibilidade de aumentar a produ\u00e7\u00e3o para os tipos de teste que est\u00e3o sendo feitos no Brasil\u201d, explicou Pontes.<\/p>\n<p>Outra pesquisa apresentada pelo ministro \u00e9 o desenvolvimento de um teste para detec\u00e7\u00e3o do novo coronav\u00edrus que n\u00e3o precisa de reagente qu\u00edmico. \u201c\u00c9 um equipamento que faz rea\u00e7\u00e3o com laser a partir da saliva da pessoa que est\u00e1 sendo testado\u201d, explicou. O processamento do diagn\u00f3stico \u00e9 feito por meio de intelig\u00eancia artificial e o resultado fica pronto em menos de 1 minuto.<\/p>\n<p>O sensor est\u00e1 sendo desenvolvido pelo Instituto Nacional de Ci\u00eancia e Tecnologia em Teran\u00f3stica e Nanobiotecnologia (INCT TeraNano), da Universidade Federal de Uberl\u00e2ndia, em Minas Gerais. De acordo com Pontes, com a informatiza\u00e7\u00e3o das unidades de sa\u00fade, em 20 dias, ser\u00e1 poss\u00edvel colocar um n\u00famero consider\u00e1vel dessas m\u00e1quinas no pa\u00eds, cerca de mil m\u00e1quinas capazes de fazer at\u00e9 500 testes por dia.<\/p>\n<p>\u201cImaginando que tudo isso funcione [o rem\u00e9dio e os testes], em meados de maio teremos ferramentas muito efetivas para combater essa pandemia no Brasil e resolver todos esses problemas\u201d, revelou Marcos Pontes.<\/p>\n<p>&nbsp;<\/p>\n\n<div style=\"font-size: 0px; height: 0px; line-height: 0px; margin: 0; padding: 0; clear: both;\"><\/div><div class='share-to-whatsapp-wrapper'><div class='share-on-whsp'>Share on: <\/div><a data-text='Marcos Pontes anuncia teste com rem\u00e9dio, em 500 pacientes, que reduz 94% da carga viral contra Covid-19' data-link='https:\/\/www.tvuai.com.br\/portal\/marcos-pontes-anuncia-teste-com-remedio-em-500-pacientes-que-reduz-94-da-carga-viral-contra-covid-19\/' class='whatsapp-button whatsapp-share'>WhatsApp<\/a><div class='clear '><\/div><\/div><!-- AddThis Advanced Settings generic via filter on the_content --><!-- AddThis Share Buttons generic via filter on the_content -->","protected":false},"excerpt":{"rendered":"<p>O ministro da Ci\u00eancia, Tecnologia e Inova\u00e7\u00e3o, Marcos Pontes, anunciou hoje, 15, estudos com rem\u00e9dios j\u00e1 conhecidos para o enfrentamento \u00e0 Covid-19. Nos pr\u00f3ximos dias, cientistas brasileiros iniciar\u00e3o os testes cl\u00ednicos em 500 pacientes com um medicamento que apresentou 94% de efic\u00e1cia em ensaios in vitro na redu\u00e7\u00e3o da carga viral em c\u00e9lulas infectadas pelo [&hellip;]<!-- AddThis Advanced Settings generic via filter on get_the_excerpt --><!-- AddThis Share Buttons generic via filter on get_the_excerpt --><\/p>\n","protected":false},"author":2,"featured_media":1953,"comment_status":"closed","ping_status":"closed","sticky":false,"template":"","format":"standard","meta":{"jetpack_post_was_ever_published":false,"_jetpack_newsletter_access":"","_jetpack_dont_email_post_to_subs":false,"_jetpack_newsletter_tier_id":0,"_jetpack_memberships_contains_paywalled_content":false,"_jetpack_memberships_contains_paid_content":false,"_joinchat":[],"footnotes":"","jetpack_publicize_message":"","jetpack_publicize_feature_enabled":true,"jetpack_social_post_already_shared":true,"jetpack_social_options":{"image_generator_settings":{"template":"highway","enabled":false},"version":2}},"categories":[19,21],"tags":[213,209,212,215,37,214,39,27],"class_list":["post-1950","post","type-post","status-publish","format-standard","has-post-thumbnail","hentry","category-noticias","category-videos","tag-covid-19","tag-marcos-pontes","tag-pandemia","tag-pesquisa-coronavirus","tag-pouso-alegre","tag-remedio-para-coronavirus","tag-sul-de-minas","tag-tv-uai"],"jetpack_publicize_connections":[],"yoast_head":"<!-- This site is optimized with the Yoast SEO plugin v23.5 - https:\/\/yoast.com\/wordpress\/plugins\/seo\/ -->\n<title>Marcos Pontes anuncia teste com rem\u00e9dio, em 500 pacientes, que reduz 94% da carga viral contra Covid-19 - TVUAI<\/title>\n<meta name=\"description\" content=\"rem\u00e9dio Covid-19 reduz 94% carga viral\" \/>\n<meta name=\"robots\" content=\"index, follow, max-snippet:-1, max-image-preview:large, max-video-preview:-1\" \/>\n<link rel=\"canonical\" href=\"https:\/\/www.tvuai.com.br\/portal\/marcos-pontes-anuncia-teste-com-remedio-em-500-pacientes-que-reduz-94-da-carga-viral-contra-covid-19\/\" \/>\n<meta property=\"og:locale\" content=\"pt_BR\" \/>\n<meta property=\"og:type\" content=\"article\" \/>\n<meta property=\"og:title\" content=\"Marcos Pontes anuncia teste com rem\u00e9dio, em 500 pacientes, que reduz 94% da carga viral contra Covid-19 - TVUAI\" \/>\n<meta property=\"og:description\" content=\"rem\u00e9dio Covid-19 reduz 94% carga viral\" \/>\n<meta property=\"og:url\" content=\"https:\/\/www.tvuai.com.br\/portal\/marcos-pontes-anuncia-teste-com-remedio-em-500-pacientes-que-reduz-94-da-carga-viral-contra-covid-19\/\" \/>\n<meta property=\"og:site_name\" content=\"TVUAI\" \/>\n<meta property=\"article:publisher\" content=\"http:\/\/www.facebook.com\/pages\/TV-Uai-Comunica%c3%a7%c3%a3o\/139062546157369\" \/>\n<meta property=\"article:author\" content=\"https:\/\/www.facebook.com\/tvuai\/\" \/>\n<meta property=\"article:published_time\" content=\"2020-04-16T01:08:57+00:00\" \/>\n<meta property=\"article:modified_time\" content=\"2020-06-10T14:43:00+00:00\" \/>\n<meta property=\"og:image\" content=\"https:\/\/i0.wp.com\/www.tvuai.com.br\/portal\/wp-content\/uploads\/2020\/04\/covidMarcos-Pontes.jpg?fit=224%2C200&ssl=1\" \/>\n\t<meta property=\"og:image:width\" content=\"224\" \/>\n\t<meta property=\"og:image:height\" content=\"200\" \/>\n\t<meta property=\"og:image:type\" content=\"image\/jpeg\" \/>\n<meta name=\"author\" content=\"Rosy Pantale\u00e3o\" \/>\n<meta name=\"twitter:card\" content=\"summary_large_image\" \/>\n<meta name=\"twitter:creator\" content=\"@tvuai\" \/>\n<meta name=\"twitter:site\" content=\"@tvuai\" \/>\n<meta name=\"twitter:label1\" content=\"Escrito por\" \/>\n\t<meta name=\"twitter:data1\" content=\"Rosy Pantale\u00e3o\" \/>\n\t<meta name=\"twitter:label2\" content=\"Est. tempo de leitura\" \/>\n\t<meta name=\"twitter:data2\" content=\"4 minutos\" \/>\n<script type=\"application\/ld+json\" class=\"yoast-schema-graph\">{\"@context\":\"https:\/\/schema.org\",\"@graph\":[{\"@type\":\"Article\",\"@id\":\"https:\/\/www.tvuai.com.br\/portal\/marcos-pontes-anuncia-teste-com-remedio-em-500-pacientes-que-reduz-94-da-carga-viral-contra-covid-19\/#article\",\"isPartOf\":{\"@id\":\"https:\/\/www.tvuai.com.br\/portal\/marcos-pontes-anuncia-teste-com-remedio-em-500-pacientes-que-reduz-94-da-carga-viral-contra-covid-19\/\"},\"author\":{\"name\":\"Rosy Pantale\u00e3o\",\"@id\":\"https:\/\/www.tvuai.com.br\/portal\/#\/schema\/person\/d1c5c2b1dc1e658906286802aad38555\"},\"headline\":\"Marcos Pontes anuncia teste com rem\u00e9dio, em 500 pacientes, que reduz 94% da carga viral contra Covid-19\",\"datePublished\":\"2020-04-16T01:08:57+00:00\",\"dateModified\":\"2020-06-10T14:43:00+00:00\",\"mainEntityOfPage\":{\"@id\":\"https:\/\/www.tvuai.com.br\/portal\/marcos-pontes-anuncia-teste-com-remedio-em-500-pacientes-que-reduz-94-da-carga-viral-contra-covid-19\/\"},\"wordCount\":896,\"publisher\":{\"@id\":\"https:\/\/www.tvuai.com.br\/portal\/#organization\"},\"image\":{\"@id\":\"https:\/\/www.tvuai.com.br\/portal\/marcos-pontes-anuncia-teste-com-remedio-em-500-pacientes-que-reduz-94-da-carga-viral-contra-covid-19\/#primaryimage\"},\"thumbnailUrl\":\"https:\/\/i0.wp.com\/www.tvuai.com.br\/portal\/wp-content\/uploads\/2020\/04\/covidMarcos-Pontes.jpg?fit=224%2C200&ssl=1\",\"keywords\":[\"covid-19\",\"Marcos Pontes\",\"pandemia\",\"pesquisa coronavirus\",\"Pouso Alegre\",\"rem\u00e9dio para coronav\u00edrus\",\"Sul de Minas\",\"TV Uai\"],\"articleSection\":[\"Not\u00edcias\",\"Videos\"],\"inLanguage\":\"pt-BR\"},{\"@type\":\"WebPage\",\"@id\":\"https:\/\/www.tvuai.com.br\/portal\/marcos-pontes-anuncia-teste-com-remedio-em-500-pacientes-que-reduz-94-da-carga-viral-contra-covid-19\/\",\"url\":\"https:\/\/www.tvuai.com.br\/portal\/marcos-pontes-anuncia-teste-com-remedio-em-500-pacientes-que-reduz-94-da-carga-viral-contra-covid-19\/\",\"name\":\"Marcos Pontes anuncia teste com rem\u00e9dio, em 500 pacientes, que reduz 94% da carga viral contra Covid-19 - TVUAI\",\"isPartOf\":{\"@id\":\"https:\/\/www.tvuai.com.br\/portal\/#website\"},\"primaryImageOfPage\":{\"@id\":\"https:\/\/www.tvuai.com.br\/portal\/marcos-pontes-anuncia-teste-com-remedio-em-500-pacientes-que-reduz-94-da-carga-viral-contra-covid-19\/#primaryimage\"},\"image\":{\"@id\":\"https:\/\/www.tvuai.com.br\/portal\/marcos-pontes-anuncia-teste-com-remedio-em-500-pacientes-que-reduz-94-da-carga-viral-contra-covid-19\/#primaryimage\"},\"thumbnailUrl\":\"https:\/\/i0.wp.com\/www.tvuai.com.br\/portal\/wp-content\/uploads\/2020\/04\/covidMarcos-Pontes.jpg?fit=224%2C200&ssl=1\",\"datePublished\":\"2020-04-16T01:08:57+00:00\",\"dateModified\":\"2020-06-10T14:43:00+00:00\",\"description\":\"rem\u00e9dio Covid-19 reduz 94% carga viral\",\"breadcrumb\":{\"@id\":\"https:\/\/www.tvuai.com.br\/portal\/marcos-pontes-anuncia-teste-com-remedio-em-500-pacientes-que-reduz-94-da-carga-viral-contra-covid-19\/#breadcrumb\"},\"inLanguage\":\"pt-BR\",\"potentialAction\":[{\"@type\":\"ReadAction\",\"target\":[\"https:\/\/www.tvuai.com.br\/portal\/marcos-pontes-anuncia-teste-com-remedio-em-500-pacientes-que-reduz-94-da-carga-viral-contra-covid-19\/\"]}]},{\"@type\":\"ImageObject\",\"inLanguage\":\"pt-BR\",\"@id\":\"https:\/\/www.tvuai.com.br\/portal\/marcos-pontes-anuncia-teste-com-remedio-em-500-pacientes-que-reduz-94-da-carga-viral-contra-covid-19\/#primaryimage\",\"url\":\"https:\/\/i0.wp.com\/www.tvuai.com.br\/portal\/wp-content\/uploads\/2020\/04\/covidMarcos-Pontes.jpg?fit=224%2C200&ssl=1\",\"contentUrl\":\"https:\/\/i0.wp.com\/www.tvuai.com.br\/portal\/wp-content\/uploads\/2020\/04\/covidMarcos-Pontes.jpg?fit=224%2C200&ssl=1\",\"width\":224,\"height\":200,\"caption\":\"O ministro da Ci\u00eancia, Tecnologia, Inova\u00e7\u00f5es e Comunica\u00e7\u00f5es, Marcos Pontes, participa de coletiva de imprensa no Pal\u00e1cio do Planalto\"},{\"@type\":\"BreadcrumbList\",\"@id\":\"https:\/\/www.tvuai.com.br\/portal\/marcos-pontes-anuncia-teste-com-remedio-em-500-pacientes-que-reduz-94-da-carga-viral-contra-covid-19\/#breadcrumb\",\"itemListElement\":[{\"@type\":\"ListItem\",\"position\":1,\"name\":\"In\u00edcio\",\"item\":\"https:\/\/www.tvuai.com.br\/portal\/\"},{\"@type\":\"ListItem\",\"position\":2,\"name\":\"Marcos Pontes anuncia teste com rem\u00e9dio, em 500 pacientes, que reduz 94% da carga viral contra Covid-19\"}]},{\"@type\":\"WebSite\",\"@id\":\"https:\/\/www.tvuai.com.br\/portal\/#website\",\"url\":\"https:\/\/www.tvuai.com.br\/portal\/\",\"name\":\"TVUAI\",\"description\":\"Tudo sobre o Sul de Minas\",\"publisher\":{\"@id\":\"https:\/\/www.tvuai.com.br\/portal\/#organization\"},\"potentialAction\":[{\"@type\":\"SearchAction\",\"target\":{\"@type\":\"EntryPoint\",\"urlTemplate\":\"https:\/\/www.tvuai.com.br\/portal\/?s={search_term_string}\"},\"query-input\":{\"@type\":\"PropertyValueSpecification\",\"valueRequired\":true,\"valueName\":\"search_term_string\"}}],\"inLanguage\":\"pt-BR\"},{\"@type\":\"Organization\",\"@id\":\"https:\/\/www.tvuai.com.br\/portal\/#organization\",\"name\":\"TVUAI\",\"url\":\"https:\/\/www.tvuai.com.br\/portal\/\",\"logo\":{\"@type\":\"ImageObject\",\"inLanguage\":\"pt-BR\",\"@id\":\"https:\/\/www.tvuai.com.br\/portal\/#\/schema\/logo\/image\/\",\"url\":\"https:\/\/i0.wp.com\/www.tvuai.com.br\/portal\/wp-content\/uploads\/2017\/12\/logo_tvuai_100H.png?fit=207%2C100&ssl=1\",\"contentUrl\":\"https:\/\/i0.wp.com\/www.tvuai.com.br\/portal\/wp-content\/uploads\/2017\/12\/logo_tvuai_100H.png?fit=207%2C100&ssl=1\",\"width\":207,\"height\":100,\"caption\":\"TVUAI\"},\"image\":{\"@id\":\"https:\/\/www.tvuai.com.br\/portal\/#\/schema\/logo\/image\/\"},\"sameAs\":[\"http:\/\/www.facebook.com\/pages\/TV-Uai-Comunica\u00e7\u00e3o\/139062546157369\",\"https:\/\/x.com\/tvuai\",\"https:\/\/www.instagram.com\/tvuai_network\/\",\"https:\/\/www.youtube.com\/channel\/UCB7ZPB3wRv-OpoZ_09jmnkQ\"]},{\"@type\":\"Person\",\"@id\":\"https:\/\/www.tvuai.com.br\/portal\/#\/schema\/person\/d1c5c2b1dc1e658906286802aad38555\",\"name\":\"Rosy Pantale\u00e3o\",\"sameAs\":[\"https:\/\/www.tvuai.com.br\/portal\/\",\"https:\/\/www.facebook.com\/tvuai\/\",\"https:\/\/www.instagram.com\/tvuai\",\"https:\/\/x.com\/tvuai\",\"https:\/\/www.youtube.com\/channel\/UCB7ZPB3wRv-OpoZ_09jmnkQ\",\"tvuai\"],\"url\":\"https:\/\/www.tvuai.com.br\/portal\/author\/rosy\/\"}]}<\/script>\n<!-- \/ Yoast SEO plugin. -->","yoast_head_json":{"title":"Marcos Pontes anuncia teste com rem\u00e9dio, em 500 pacientes, que reduz 94% da carga viral contra Covid-19 - TVUAI","description":"rem\u00e9dio Covid-19 reduz 94% carga viral","robots":{"index":"index","follow":"follow","max-snippet":"max-snippet:-1","max-image-preview":"max-image-preview:large","max-video-preview":"max-video-preview:-1"},"canonical":"https:\/\/www.tvuai.com.br\/portal\/marcos-pontes-anuncia-teste-com-remedio-em-500-pacientes-que-reduz-94-da-carga-viral-contra-covid-19\/","og_locale":"pt_BR","og_type":"article","og_title":"Marcos Pontes anuncia teste com rem\u00e9dio, em 500 pacientes, que reduz 94% da carga viral contra Covid-19 - TVUAI","og_description":"rem\u00e9dio Covid-19 reduz 94% carga viral","og_url":"https:\/\/www.tvuai.com.br\/portal\/marcos-pontes-anuncia-teste-com-remedio-em-500-pacientes-que-reduz-94-da-carga-viral-contra-covid-19\/","og_site_name":"TVUAI","article_publisher":"http:\/\/www.facebook.com\/pages\/TV-Uai-Comunica%c3%a7%c3%a3o\/139062546157369","article_author":"https:\/\/www.facebook.com\/tvuai\/","article_published_time":"2020-04-16T01:08:57+00:00","article_modified_time":"2020-06-10T14:43:00+00:00","og_image":[{"width":224,"height":200,"url":"https:\/\/i0.wp.com\/www.tvuai.com.br\/portal\/wp-content\/uploads\/2020\/04\/covidMarcos-Pontes.jpg?fit=224%2C200&ssl=1","type":"image\/jpeg"}],"author":"Rosy Pantale\u00e3o","twitter_card":"summary_large_image","twitter_creator":"@tvuai","twitter_site":"@tvuai","twitter_misc":{"Escrito por":"Rosy Pantale\u00e3o","Est. tempo de leitura":"4 minutos"},"schema":{"@context":"https:\/\/schema.org","@graph":[{"@type":"Article","@id":"https:\/\/www.tvuai.com.br\/portal\/marcos-pontes-anuncia-teste-com-remedio-em-500-pacientes-que-reduz-94-da-carga-viral-contra-covid-19\/#article","isPartOf":{"@id":"https:\/\/www.tvuai.com.br\/portal\/marcos-pontes-anuncia-teste-com-remedio-em-500-pacientes-que-reduz-94-da-carga-viral-contra-covid-19\/"},"author":{"name":"Rosy Pantale\u00e3o","@id":"https:\/\/www.tvuai.com.br\/portal\/#\/schema\/person\/d1c5c2b1dc1e658906286802aad38555"},"headline":"Marcos Pontes anuncia teste com rem\u00e9dio, em 500 pacientes, que reduz 94% da carga viral contra Covid-19","datePublished":"2020-04-16T01:08:57+00:00","dateModified":"2020-06-10T14:43:00+00:00","mainEntityOfPage":{"@id":"https:\/\/www.tvuai.com.br\/portal\/marcos-pontes-anuncia-teste-com-remedio-em-500-pacientes-que-reduz-94-da-carga-viral-contra-covid-19\/"},"wordCount":896,"publisher":{"@id":"https:\/\/www.tvuai.com.br\/portal\/#organization"},"image":{"@id":"https:\/\/www.tvuai.com.br\/portal\/marcos-pontes-anuncia-teste-com-remedio-em-500-pacientes-que-reduz-94-da-carga-viral-contra-covid-19\/#primaryimage"},"thumbnailUrl":"https:\/\/i0.wp.com\/www.tvuai.com.br\/portal\/wp-content\/uploads\/2020\/04\/covidMarcos-Pontes.jpg?fit=224%2C200&ssl=1","keywords":["covid-19","Marcos Pontes","pandemia","pesquisa coronavirus","Pouso Alegre","rem\u00e9dio para coronav\u00edrus","Sul de Minas","TV Uai"],"articleSection":["Not\u00edcias","Videos"],"inLanguage":"pt-BR"},{"@type":"WebPage","@id":"https:\/\/www.tvuai.com.br\/portal\/marcos-pontes-anuncia-teste-com-remedio-em-500-pacientes-que-reduz-94-da-carga-viral-contra-covid-19\/","url":"https:\/\/www.tvuai.com.br\/portal\/marcos-pontes-anuncia-teste-com-remedio-em-500-pacientes-que-reduz-94-da-carga-viral-contra-covid-19\/","name":"Marcos Pontes anuncia teste com rem\u00e9dio, em 500 pacientes, que reduz 94% da carga viral contra Covid-19 - TVUAI","isPartOf":{"@id":"https:\/\/www.tvuai.com.br\/portal\/#website"},"primaryImageOfPage":{"@id":"https:\/\/www.tvuai.com.br\/portal\/marcos-pontes-anuncia-teste-com-remedio-em-500-pacientes-que-reduz-94-da-carga-viral-contra-covid-19\/#primaryimage"},"image":{"@id":"https:\/\/www.tvuai.com.br\/portal\/marcos-pontes-anuncia-teste-com-remedio-em-500-pacientes-que-reduz-94-da-carga-viral-contra-covid-19\/#primaryimage"},"thumbnailUrl":"https:\/\/i0.wp.com\/www.tvuai.com.br\/portal\/wp-content\/uploads\/2020\/04\/covidMarcos-Pontes.jpg?fit=224%2C200&ssl=1","datePublished":"2020-04-16T01:08:57+00:00","dateModified":"2020-06-10T14:43:00+00:00","description":"rem\u00e9dio Covid-19 reduz 94% carga viral","breadcrumb":{"@id":"https:\/\/www.tvuai.com.br\/portal\/marcos-pontes-anuncia-teste-com-remedio-em-500-pacientes-que-reduz-94-da-carga-viral-contra-covid-19\/#breadcrumb"},"inLanguage":"pt-BR","potentialAction":[{"@type":"ReadAction","target":["https:\/\/www.tvuai.com.br\/portal\/marcos-pontes-anuncia-teste-com-remedio-em-500-pacientes-que-reduz-94-da-carga-viral-contra-covid-19\/"]}]},{"@type":"ImageObject","inLanguage":"pt-BR","@id":"https:\/\/www.tvuai.com.br\/portal\/marcos-pontes-anuncia-teste-com-remedio-em-500-pacientes-que-reduz-94-da-carga-viral-contra-covid-19\/#primaryimage","url":"https:\/\/i0.wp.com\/www.tvuai.com.br\/portal\/wp-content\/uploads\/2020\/04\/covidMarcos-Pontes.jpg?fit=224%2C200&ssl=1","contentUrl":"https:\/\/i0.wp.com\/www.tvuai.com.br\/portal\/wp-content\/uploads\/2020\/04\/covidMarcos-Pontes.jpg?fit=224%2C200&ssl=1","width":224,"height":200,"caption":"O ministro da Ci\u00eancia, Tecnologia, Inova\u00e7\u00f5es e Comunica\u00e7\u00f5es, Marcos Pontes, participa de coletiva de imprensa no Pal\u00e1cio do Planalto"},{"@type":"BreadcrumbList","@id":"https:\/\/www.tvuai.com.br\/portal\/marcos-pontes-anuncia-teste-com-remedio-em-500-pacientes-que-reduz-94-da-carga-viral-contra-covid-19\/#breadcrumb","itemListElement":[{"@type":"ListItem","position":1,"name":"In\u00edcio","item":"https:\/\/www.tvuai.com.br\/portal\/"},{"@type":"ListItem","position":2,"name":"Marcos Pontes anuncia teste com rem\u00e9dio, em 500 pacientes, que reduz 94% da carga viral contra Covid-19"}]},{"@type":"WebSite","@id":"https:\/\/www.tvuai.com.br\/portal\/#website","url":"https:\/\/www.tvuai.com.br\/portal\/","name":"TVUAI","description":"Tudo sobre o Sul de Minas","publisher":{"@id":"https:\/\/www.tvuai.com.br\/portal\/#organization"},"potentialAction":[{"@type":"SearchAction","target":{"@type":"EntryPoint","urlTemplate":"https:\/\/www.tvuai.com.br\/portal\/?s={search_term_string}"},"query-input":{"@type":"PropertyValueSpecification","valueRequired":true,"valueName":"search_term_string"}}],"inLanguage":"pt-BR"},{"@type":"Organization","@id":"https:\/\/www.tvuai.com.br\/portal\/#organization","name":"TVUAI","url":"https:\/\/www.tvuai.com.br\/portal\/","logo":{"@type":"ImageObject","inLanguage":"pt-BR","@id":"https:\/\/www.tvuai.com.br\/portal\/#\/schema\/logo\/image\/","url":"https:\/\/i0.wp.com\/www.tvuai.com.br\/portal\/wp-content\/uploads\/2017\/12\/logo_tvuai_100H.png?fit=207%2C100&ssl=1","contentUrl":"https:\/\/i0.wp.com\/www.tvuai.com.br\/portal\/wp-content\/uploads\/2017\/12\/logo_tvuai_100H.png?fit=207%2C100&ssl=1","width":207,"height":100,"caption":"TVUAI"},"image":{"@id":"https:\/\/www.tvuai.com.br\/portal\/#\/schema\/logo\/image\/"},"sameAs":["http:\/\/www.facebook.com\/pages\/TV-Uai-Comunica\u00e7\u00e3o\/139062546157369","https:\/\/x.com\/tvuai","https:\/\/www.instagram.com\/tvuai_network\/","https:\/\/www.youtube.com\/channel\/UCB7ZPB3wRv-OpoZ_09jmnkQ"]},{"@type":"Person","@id":"https:\/\/www.tvuai.com.br\/portal\/#\/schema\/person\/d1c5c2b1dc1e658906286802aad38555","name":"Rosy Pantale\u00e3o","sameAs":["https:\/\/www.tvuai.com.br\/portal\/","https:\/\/www.facebook.com\/tvuai\/","https:\/\/www.instagram.com\/tvuai","https:\/\/x.com\/tvuai","https:\/\/www.youtube.com\/channel\/UCB7ZPB3wRv-OpoZ_09jmnkQ","tvuai"],"url":"https:\/\/www.tvuai.com.br\/portal\/author\/rosy\/"}]}},"jetpack_featured_media_url":"https:\/\/i0.wp.com\/www.tvuai.com.br\/portal\/wp-content\/uploads\/2020\/04\/covidMarcos-Pontes.jpg?fit=224%2C200&ssl=1","wpmagazine_modules_lite_featured_media_urls":{"thumbnail":["https:\/\/i0.wp.com\/www.tvuai.com.br\/portal\/wp-content\/uploads\/2020\/04\/covidMarcos-Pontes.jpg?resize=150%2C150&ssl=1",150,150,true],"cvmm-medium":["https:\/\/i0.wp.com\/www.tvuai.com.br\/portal\/wp-content\/uploads\/2020\/04\/covidMarcos-Pontes.jpg?resize=224%2C200&ssl=1",224,200,true],"cvmm-medium-plus":["https:\/\/i0.wp.com\/www.tvuai.com.br\/portal\/wp-content\/uploads\/2020\/04\/covidMarcos-Pontes.jpg?resize=224%2C200&ssl=1",224,200,true],"cvmm-portrait":["https:\/\/i0.wp.com\/www.tvuai.com.br\/portal\/wp-content\/uploads\/2020\/04\/covidMarcos-Pontes.jpg?resize=224%2C200&ssl=1",224,200,true],"cvmm-medium-square":["https:\/\/i0.wp.com\/www.tvuai.com.br\/portal\/wp-content\/uploads\/2020\/04\/covidMarcos-Pontes.jpg?resize=224%2C200&ssl=1",224,200,true],"cvmm-large":["https:\/\/i0.wp.com\/www.tvuai.com.br\/portal\/wp-content\/uploads\/2020\/04\/covidMarcos-Pontes.jpg?resize=224%2C200&ssl=1",224,200,true],"cvmm-small":["https:\/\/i0.wp.com\/www.tvuai.com.br\/portal\/wp-content\/uploads\/2020\/04\/covidMarcos-Pontes.jpg?resize=130%2C95&ssl=1",130,95,true],"full":["https:\/\/i0.wp.com\/www.tvuai.com.br\/portal\/wp-content\/uploads\/2020\/04\/covidMarcos-Pontes.jpg?fit=224%2C200&ssl=1",224,200,false]},"categories_names":{"19":{"name":"Not\u00edcias","link":"https:\/\/www.tvuai.com.br\/portal\/category\/noticias\/"},"21":{"name":"Videos","link":"https:\/\/www.tvuai.com.br\/portal\/category\/videos\/"}},"tags_names":{"213":{"name":"covid-19","link":"https:\/\/www.tvuai.com.br\/portal\/tag\/covid-19\/"},"209":{"name":"Marcos Pontes","link":"https:\/\/www.tvuai.com.br\/portal\/tag\/marcos-pontes\/"},"212":{"name":"pandemia","link":"https:\/\/www.tvuai.com.br\/portal\/tag\/pandemia\/"},"215":{"name":"pesquisa coronavirus","link":"https:\/\/www.tvuai.com.br\/portal\/tag\/pesquisa-coronavirus\/"},"37":{"name":"Pouso Alegre","link":"https:\/\/www.tvuai.com.br\/portal\/tag\/pouso-alegre\/"},"214":{"name":"rem\u00e9dio para coronav\u00edrus","link":"https:\/\/www.tvuai.com.br\/portal\/tag\/remedio-para-coronavirus\/"},"39":{"name":"Sul de Minas","link":"https:\/\/www.tvuai.com.br\/portal\/tag\/sul-de-minas\/"},"27":{"name":"TV Uai","link":"https:\/\/www.tvuai.com.br\/portal\/tag\/tv-uai\/"}},"comments_number":"0","jetpack_shortlink":"https:\/\/wp.me\/p9woix-vs","jetpack_sharing_enabled":true,"_links":{"self":[{"href":"https:\/\/www.tvuai.com.br\/portal\/wp-json\/wp\/v2\/posts\/1950"}],"collection":[{"href":"https:\/\/www.tvuai.com.br\/portal\/wp-json\/wp\/v2\/posts"}],"about":[{"href":"https:\/\/www.tvuai.com.br\/portal\/wp-json\/wp\/v2\/types\/post"}],"author":[{"embeddable":true,"href":"https:\/\/www.tvuai.com.br\/portal\/wp-json\/wp\/v2\/users\/2"}],"replies":[{"embeddable":true,"href":"https:\/\/www.tvuai.com.br\/portal\/wp-json\/wp\/v2\/comments?post=1950"}],"version-history":[{"count":2,"href":"https:\/\/www.tvuai.com.br\/portal\/wp-json\/wp\/v2\/posts\/1950\/revisions"}],"predecessor-version":[{"id":1955,"href":"https:\/\/www.tvuai.com.br\/portal\/wp-json\/wp\/v2\/posts\/1950\/revisions\/1955"}],"wp:featuredmedia":[{"embeddable":true,"href":"https:\/\/www.tvuai.com.br\/portal\/wp-json\/wp\/v2\/media\/1953"}],"wp:attachment":[{"href":"https:\/\/www.tvuai.com.br\/portal\/wp-json\/wp\/v2\/media?parent=1950"}],"wp:term":[{"taxonomy":"category","embeddable":true,"href":"https:\/\/www.tvuai.com.br\/portal\/wp-json\/wp\/v2\/categories?post=1950"},{"taxonomy":"post_tag","embeddable":true,"href":"https:\/\/www.tvuai.com.br\/portal\/wp-json\/wp\/v2\/tags?post=1950"}],"curies":[{"name":"wp","href":"https:\/\/api.w.org\/{rel}","templated":true}]}}