{"id":16498,"date":"2026-04-29T20:30:29","date_gmt":"2026-04-29T23:30:29","guid":{"rendered":"https:\/\/www.tvuai.com.br\/portal\/?p=16498"},"modified":"2026-04-29T20:35:38","modified_gmt":"2026-04-29T23:35:38","slug":"pouso-alegre-entra-na-rota-internacional-de-negocios-com-missao-angola-brasil-e-foco-em-expansao-global","status":"publish","type":"post","link":"https:\/\/www.tvuai.com.br\/portal\/pouso-alegre-entra-na-rota-internacional-de-negocios-com-missao-angola-brasil-e-foco-em-expansao-global\/","title":{"rendered":"Pouso Alegre entra na rota internacional de neg\u00f3cios com miss\u00e3o Angola\u2013Brasil e foco em expans\u00e3o global"},"content":{"rendered":"<div class=\"5a1038e0903b96d426fcfcc338703013\" data-index=\"1\" style=\"float: right; margin:10px 0 10px 10px;\">\n<script async src=\"https:\/\/pagead2.googlesyndication.com\/pagead\/js\/adsbygoogle.js?client=ca-pub-9945944833605257\"\r\n     crossorigin=\"anonymous\"><\/script>\r\n<ins class=\"adsbygoogle\"\r\n     style=\"display:block; text-align:center;\"\r\n     data-ad-layout=\"in-article\"\r\n     data-ad-format=\"fluid\"\r\n     data-ad-client=\"ca-pub-9945944833605257\"\r\n     data-ad-slot=\"2343923581\"><\/ins>\r\n<script>\r\n     (adsbygoogle = window.adsbygoogle || []).push({});\r\n<\/script>\n<\/div>\n<section class=\"text-token-text-primary w-full focus:outline-none [--shadow-height:45px] has-data-writing-block:pointer-events-none has-data-writing-block:-mt-(--shadow-height) has-data-writing-block:pt-(--shadow-height) [&amp;:has([data-writing-block])&gt;*]:pointer-events-auto [content-visibility:auto] supports-[content-visibility:auto]:[contain-intrinsic-size:auto_100lvh] R6Vx5W_threadScrollVars scroll-mb-[calc(var(--scroll-root-safe-area-inset-bottom,0px)+var(--thread-response-height))] scroll-mt-[calc(var(--header-height)+min(200px,max(70px,20svh)))]\" dir=\"auto\" data-turn-id=\"request-69f2252f-1708-83e9-8e3a-7d7d566805d2-0\" data-testid=\"conversation-turn-14\" data-scroll-anchor=\"false\" data-turn=\"assistant\">\n<div class=\"text-base my-auto mx-auto pb-10 [--thread-content-margin:var(--thread-content-margin-xs,calc(var(--spacing)*4))] @w-sm\/main:[--thread-content-margin:var(--thread-content-margin-sm,calc(var(--spacing)*6))] @w-lg\/main:[--thread-content-margin:var(--thread-content-margin-lg,calc(var(--spacing)*16))] px-(--thread-content-margin)\">\n<div class=\"[--thread-content-max-width:40rem] @w-lg\/main:[--thread-content-max-width:48rem] mx-auto max-w-(--thread-content-max-width) flex-1 group\/turn-messages focus-visible:outline-hidden relative flex w-full min-w-0 flex-col agent-turn\">\n<div class=\"flex max-w-full flex-col gap-4 grow\">\n<div class=\"min-h-8 text-message relative flex w-full flex-col items-end gap-2 text-start break-words whitespace-normal outline-none keyboard-focused:focus-ring [.text-message+&amp;]:mt-1\" dir=\"auto\" tabindex=\"0\" data-message-author-role=\"assistant\" data-message-id=\"5ff2d62e-5194-4226-a744-c750e346e5d5\" data-message-model-slug=\"gpt-5-3\" data-turn-start-message=\"true\">\n<div class=\"flex w-full flex-col gap-1 empty:hidden\">\n<div class=\"markdown prose dark:prose-invert w-full wrap-break-word light markdown-new-styling\">\n<h5 style=\"text-align: center;\" data-start=\"125\" data-end=\"273\"><em><strong>Miss\u00e3o empresarial Angola\u2013Brasil chega a Pouso Alegre com foco em investimentos, ind\u00fastria e conex\u00e3o com o mercado africano<\/strong><\/em><\/h5>\n<p data-start=\"389\" data-end=\"746\"><img data-recalc-dims=\"1\" fetchpriority=\"high\" decoding=\"async\" data-attachment-id=\"16507\" data-permalink=\"https:\/\/www.tvuai.com.br\/portal\/pouso-alegre-entra-na-rota-internacional-de-negocios-com-missao-angola-brasil-e-foco-em-expansao-global\/angola2\/\" data-orig-file=\"https:\/\/i0.wp.com\/www.tvuai.com.br\/portal\/wp-content\/uploads\/2026\/04\/Angola2.jpg?fit=900%2C451&amp;ssl=1\" data-orig-size=\"900,451\" data-comments-opened=\"0\" data-image-meta=\"{&quot;aperture&quot;:&quot;0&quot;,&quot;credit&quot;:&quot;&quot;,&quot;camera&quot;:&quot;&quot;,&quot;caption&quot;:&quot;&quot;,&quot;created_timestamp&quot;:&quot;1777496332&quot;,&quot;copyright&quot;:&quot;&quot;,&quot;focal_length&quot;:&quot;0&quot;,&quot;iso&quot;:&quot;0&quot;,&quot;shutter_speed&quot;:&quot;0&quot;,&quot;title&quot;:&quot;&quot;,&quot;orientation&quot;:&quot;0&quot;}\" data-image-title=\"Angola2\" data-image-description=\"\" data-image-caption=\"\" data-medium-file=\"https:\/\/i0.wp.com\/www.tvuai.com.br\/portal\/wp-content\/uploads\/2026\/04\/Angola2.jpg?fit=300%2C150&amp;ssl=1\" data-large-file=\"https:\/\/i0.wp.com\/www.tvuai.com.br\/portal\/wp-content\/uploads\/2026\/04\/Angola2.jpg?fit=640%2C321&amp;ssl=1\" tabindex=\"0\" role=\"button\" class=\"aligncenter size-full wp-image-16507\" src=\"https:\/\/i0.wp.com\/www.tvuai.com.br\/portal\/wp-content\/uploads\/2026\/04\/Angola2.jpg?resize=640%2C321&#038;ssl=1\" alt=\"\" width=\"640\" height=\"321\" srcset=\"https:\/\/i0.wp.com\/www.tvuai.com.br\/portal\/wp-content\/uploads\/2026\/04\/Angola2.jpg?w=900&amp;ssl=1 900w, https:\/\/i0.wp.com\/www.tvuai.com.br\/portal\/wp-content\/uploads\/2026\/04\/Angola2.jpg?resize=300%2C150&amp;ssl=1 300w, https:\/\/i0.wp.com\/www.tvuai.com.br\/portal\/wp-content\/uploads\/2026\/04\/Angola2.jpg?resize=768%2C385&amp;ssl=1 768w\" sizes=\"(max-width: 640px) 100vw, 640px\" \/>Pouso Alegre ser\u00e1 palco, no pr\u00f3ximo dia 8 de maio, de uma importante agenda internacional voltada \u00e0 atra\u00e7\u00e3o de investimentos e expans\u00e3o empresarial. A cidade recebe a Miss\u00e3o Empresarial Angola\u2013Brasil, liderada pela Zona Econ\u00f4mica Especial Luanda-Bengo (ZEE EP), em uma iniciativa que conecta empresas brasileiras ao mercado africano, especialmente angolano.<\/p>\n<p data-start=\"748\" data-end=\"975\">A a\u00e7\u00e3o integra a estrat\u00e9gia global da entidade angolana de fortalecer rela\u00e7\u00f5es econ\u00f4micas e abrir novas oportunidades de neg\u00f3cios entre os dois pa\u00edses, com foco em industrializa\u00e7\u00e3o, internacionaliza\u00e7\u00e3o e investimento produtivo.<\/p>\n<p style=\"text-align: center;\" data-start=\"748\" data-end=\"975\"><strong>Porta de entrada para o mercado africano<\/strong><\/p>\n<p data-start=\"1023\" data-end=\"1310\">Criada em 2009, a Zona Econ\u00f4mica Especial Luanda-Bengo se consolidou como o principal polo industrial estruturado de Angola. A iniciativa tem como miss\u00e3o impulsionar a produ\u00e7\u00e3o nacional, diversificar a economia e atrair empresas estrangeiras interessadas em atuar no continente africano.<\/p>\n<p data-start=\"1312\" data-end=\"1549\">Na pr\u00e1tica, a ZEE funciona como uma plataforma estrat\u00e9gica para implanta\u00e7\u00e3o de ind\u00fastrias, gera\u00e7\u00e3o de empregos e inser\u00e7\u00e3o competitiva no mercado internacional \u2014 sendo hoje uma das principais portas de entrada para investidores em Angola.<\/p>\n<p style=\"text-align: center;\" data-start=\"1312\" data-end=\"1549\"><strong>Estrat\u00e9gia global e avan\u00e7o no Brasil<\/strong><\/p>\n<p data-start=\"1593\" data-end=\"1854\">A presen\u00e7a da miss\u00e3o no Brasil n\u00e3o \u00e9 isolada. Em 2025, uma agenda semelhante realizada em S\u00e3o Paulo j\u00e1 havia aberto caminhos para coopera\u00e7\u00e3o entre empresas brasileiras e institui\u00e7\u00f5es angolanas, com destaque para reuni\u00f5es com entidades estrat\u00e9gicas como a FIESP.<\/p>\n<p data-start=\"1856\" data-end=\"2023\">Na ocasi\u00e3o, foram discutidas parcerias nas \u00e1reas industrial, tecnol\u00f3gica e educacional, al\u00e9m de iniciativas voltadas \u00e0 capacita\u00e7\u00e3o profissional e expans\u00e3o de neg\u00f3cios.<\/p>\n<p data-start=\"2025\" data-end=\"2083\">Agora, o movimento avan\u00e7a para o interior de Minas Gerais.<\/p>\n<p style=\"text-align: center;\" data-start=\"2025\" data-end=\"2083\"><strong>Por que Pouso Alegre?<\/strong><\/p>\n<p data-start=\"2112\" data-end=\"2389\">A escolha de Pouso Alegre como sede da miss\u00e3o em 2026 reflete o crescimento econ\u00f4mico e a relev\u00e2ncia industrial do munic\u00edpio. A cidade figura entre os principais polos do estado, com mais de 300 ind\u00fastrias instaladas e um Produto Interno Bruto (PIB) superior a R$ 14,2 bilh\u00f5es.<\/p>\n<p data-start=\"2391\" data-end=\"2603\">Nos \u00faltimos anos, o munic\u00edpio registrou crescimento superior a 32%, consolidando-se como a 10\u00aa maior economia de Minas Gerais. Setores como farmac\u00eautico, aliment\u00edcio e de m\u00e1quinas pesadas impulsionam esse avan\u00e7o.<\/p>\n<p data-start=\"2605\" data-end=\"2771\">Al\u00e9m disso, a localiza\u00e7\u00e3o estrat\u00e9gica no eixo S\u00e3o Paulo\u2013Minas Gerais e o ambiente empresarial din\u00e2mico tornam a regi\u00e3o um ponto atrativo para conex\u00f5es internacionais.<\/p>\n<p data-start=\"2605\" data-end=\"2771\">\u201cA realiza\u00e7\u00e3o dessa miss\u00e3o internacional em Pouso Alegre refor\u00e7a o protagonismo do munic\u00edpio no cen\u00e1rio econ\u00f4mico e abre portas concretas para que nossas empresas avancem rumo \u00e0 internacionaliza\u00e7\u00e3o. \u00c9 uma oportunidade estrat\u00e9gica de conex\u00e3o com novos mercados e de atra\u00e7\u00e3o de investimentos que fortalecem ainda mais o desenvolvimento local\u201d, destacou o secret\u00e1rio municipal de Desenvolvimento Econ\u00f4mico, Jos\u00e9 Carlos Costa.<\/p>\n<p style=\"text-align: center;\" data-start=\"2605\" data-end=\"2771\"><strong>\u00c1frica em destaque no cen\u00e1rio global<\/strong><\/p>\n<p data-start=\"2815\" data-end=\"3061\">A miss\u00e3o ocorre em um momento considerado estrat\u00e9gico no cen\u00e1rio econ\u00f4mico global. Com mercados tradicionais enfrentando desafios, pa\u00edses emergentes ganham protagonismo \u2014 e a \u00c1frica aparece como uma das regi\u00f5es com maior potencial de crescimento.<\/p>\n<p data-start=\"3063\" data-end=\"3259\">Angola, em particular, apresenta expans\u00e3o da demanda interna, abertura ao investimento estrangeiro e necessidade de industrializa\u00e7\u00e3o, criando oportunidades para empresas que buscam novos mercados.<\/p>\n<p style=\"text-align: center;\" data-start=\"3063\" data-end=\"3259\"><strong>Summit re\u00fane empres\u00e1rios e autoridades<\/strong><\/p>\n<p data-start=\"3305\" data-end=\"3463\">Como ponto central da programa\u00e7\u00e3o, ser\u00e1 realizado o \u201cPA Global Connect \u2013 Angola\u2013Pouso Alegre Business &amp; Investment Summit\u201d, no Plenarinho da C\u00e2mara Municipal de Pouso Alegre.<\/p>\n<p data-start=\"3465\" data-end=\"3667\">O evento tem como objetivo conectar empres\u00e1rios brasileiros a oportunidades concretas de investimento em Angola, al\u00e9m de fomentar parcerias estrat\u00e9gicas e estimular a expans\u00e3o internacional de neg\u00f3cios.<\/p>\n<p data-start=\"3669\" data-end=\"3820\">A programa\u00e7\u00e3o inclui apresenta\u00e7\u00e3o institucional da ZEE, pain\u00e9is de discuss\u00e3o, networking qualificado e debates sobre posicionamento global de empresas.<\/p>\n<p data-start=\"3822\" data-end=\"3841\">Entre os destaques:<\/p>\n<ul data-start=\"3843\" data-end=\"4058\">\n<li data-section-id=\"15evchb\" data-start=\"3843\" data-end=\"3913\">Abertura oficial com autoridades locais e representantes de Angola<\/li>\n<li data-section-id=\"uoy28b\" data-start=\"3914\" data-end=\"3964\">Apresenta\u00e7\u00e3o das oportunidades de investimento<\/li>\n<li data-section-id=\"165vpz\" data-start=\"3965\" data-end=\"4020\">Painel \u201cCircuito Vision\u00e1rio \u2013 Global Business Talk\u201d<\/li>\n<li data-section-id=\"1whb2s7\" data-start=\"4021\" data-end=\"4058\">Rodadas de networking estrat\u00e9gico<\/li>\n<\/ul>\n<p style=\"text-align: center;\" data-section-id=\"vorb5k\" data-start=\"4060\" data-end=\"4100\"><strong>Coopera\u00e7\u00e3o e articula\u00e7\u00e3o empresarial<\/strong><\/p>\n<p data-start=\"4102\" data-end=\"4328\">A miss\u00e3o conta com co-organiza\u00e7\u00e3o da Revoolex, empresa respons\u00e1vel pela articula\u00e7\u00e3o institucional e conex\u00e3o com o ecossistema empresarial brasileiro. A organiza\u00e7\u00e3o atua desde 2013 na constru\u00e7\u00e3o de pontes entre Brasil e Angola.<\/p>\n<p data-start=\"4330\" data-end=\"4519\">O projeto \u00e9 liderado localmente pelo engenheiro angolano Daniel Quiteque, residente em Pouso Alegre, que desempenha papel central na viabiliza\u00e7\u00e3o das conex\u00f5es entre empresas e institui\u00e7\u00f5es.<\/p>\n<p style=\"text-align: center;\" data-start=\"4330\" data-end=\"4519\"><strong>Delega\u00e7\u00e3o internacional<\/strong><\/p>\n<p data-start=\"4550\" data-end=\"4746\">A comitiva angolana ser\u00e1 liderada por representantes da ZEE e contar\u00e1 com autoridades institucionais e representantes comerciais, incluindo membros de consulados e entidades de com\u00e9rcio bilateral.<\/p>\n<p style=\"text-align: center;\" data-start=\"4550\" data-end=\"4746\"><strong>Oportunidades para empresas brasileiras<\/strong><\/p>\n<p data-start=\"4793\" data-end=\"4897\">A iniciativa oferece vantagens estrat\u00e9gicas para empresas interessadas em expandir suas opera\u00e7\u00f5es, como: acesso facilitado ao mercado africano, possibilidade de instala\u00e7\u00e3o industrial em Angola, mplia\u00e7\u00e3o de exporta\u00e7\u00f5es e inser\u00e7\u00e3o em mercados emergentes<\/p>\n<p data-start=\"5060\" data-end=\"5182\">Para Angola, a proposta inclui atra\u00e7\u00e3o de investimentos, transfer\u00eancia de tecnologia e fortalecimento da cadeia produtiva.<\/p>\n<p style=\"text-align: center;\" data-start=\"5060\" data-end=\"5182\"><strong>Pr\u00f3ximos passos<\/strong><\/p>\n<p data-start=\"5205\" data-end=\"5414\">A miss\u00e3o n\u00e3o se encerra no evento. Entre os desdobramentos previstos est\u00e3o o acompanhamento de empresas interessadas, organiza\u00e7\u00e3o de visitas t\u00e9cnicas \u00e0 ZEE em Angola e estrutura\u00e7\u00e3o de projetos de investimento.<\/p>\n<p style=\"text-align: center;\" data-start=\"5205\" data-end=\"5414\"><strong>Evento com vagas limitadas<\/strong><\/p>\n<p data-start=\"5448\" data-end=\"5655\">O encontro ter\u00e1 capacidade para cerca de 90 participantes, com foco em empres\u00e1rios, investidores e representantes institucionais. A organiza\u00e7\u00e3o solicita confirma\u00e7\u00e3o pr\u00e9via devido ao n\u00famero restrito de vagas atrav\u00e9s dos contatos: <span style=\"color: #000080;\"><strong><a style=\"color: #000080;\" href=\"danielq@get.inatel.br\">danielq@get.inatel.br<\/a> <\/strong><\/span>(35-99157-1359) ou <span style=\"color: #000080;\"><strong><a style=\"color: #000080;\" href=\"jessica.quiteque@zee.co.ao\">jessica.quiteque@zee.co.ao<\/a><\/strong><\/span>.<\/p>\n<p style=\"text-align: center;\" data-start=\"5448\" data-end=\"5655\"><strong>Um novo eixo de neg\u00f3cios<\/strong><\/p>\n<p data-start=\"5687\" data-end=\"5826\">Mais do que um evento pontual, o PA Global Connect marca o in\u00edcio de um movimento mais amplo de integra\u00e7\u00e3o econ\u00f4mica entre Brasil e \u00c1frica.<\/p>\n<p data-start=\"5828\" data-end=\"6017\">A expectativa \u00e9 que as conex\u00f5es estabelecidas em Pouso Alegre gerem oportunidades de longo prazo, consolidando a cidade como um polo estrat\u00e9gico tamb\u00e9m no cen\u00e1rio internacional de neg\u00f3cios.<\/p>\n<p data-start=\"5828\" data-end=\"6017\"><span style=\"color: #000080;\"><strong><a style=\"color: #000080;\" href=\"https:\/\/www.tvuai.com.br\/portal\/wp-content\/uploads\/2026\/04\/Angola-Missao-Empresarial-Internacional-Angola\u2013Brasil.pdf\">Clique aqui e confira a programa\u00e7\u00e3o completa do evento<\/a><\/strong><\/span><\/p>\n<p data-start=\"5828\" data-end=\"6017\"><a href=\"https:\/\/www.tvuai.com.br\/portal\/wp-content\/uploads\/2026\/04\/Angola-Missao-Empresarial-Internacional-Angola\u2013Brasil.pdf\"><img data-recalc-dims=\"1\" decoding=\"async\" data-attachment-id=\"16505\" data-permalink=\"https:\/\/www.tvuai.com.br\/portal\/pouso-alegre-entra-na-rota-internacional-de-negocios-com-missao-angola-brasil-e-foco-em-expansao-global\/angola\/\" data-orig-file=\"https:\/\/i0.wp.com\/www.tvuai.com.br\/portal\/wp-content\/uploads\/2026\/04\/Angola.jpg?fit=676%2C1011&amp;ssl=1\" data-orig-size=\"676,1011\" data-comments-opened=\"0\" data-image-meta=\"{&quot;aperture&quot;:&quot;0&quot;,&quot;credit&quot;:&quot;&quot;,&quot;camera&quot;:&quot;&quot;,&quot;caption&quot;:&quot;&quot;,&quot;created_timestamp&quot;:&quot;1777496188&quot;,&quot;copyright&quot;:&quot;&quot;,&quot;focal_length&quot;:&quot;0&quot;,&quot;iso&quot;:&quot;0&quot;,&quot;shutter_speed&quot;:&quot;0&quot;,&quot;title&quot;:&quot;&quot;,&quot;orientation&quot;:&quot;0&quot;}\" data-image-title=\"Angola\" data-image-description=\"\" data-image-caption=\"\" data-medium-file=\"https:\/\/i0.wp.com\/www.tvuai.com.br\/portal\/wp-content\/uploads\/2026\/04\/Angola.jpg?fit=201%2C300&amp;ssl=1\" data-large-file=\"https:\/\/i0.wp.com\/www.tvuai.com.br\/portal\/wp-content\/uploads\/2026\/04\/Angola.jpg?fit=640%2C957&amp;ssl=1\" tabindex=\"0\" role=\"button\" class=\"aligncenter size-full wp-image-16505\" src=\"https:\/\/i0.wp.com\/www.tvuai.com.br\/portal\/wp-content\/uploads\/2026\/04\/Angola.jpg?resize=640%2C957&#038;ssl=1\" alt=\"\" width=\"640\" height=\"957\" srcset=\"https:\/\/i0.wp.com\/www.tvuai.com.br\/portal\/wp-content\/uploads\/2026\/04\/Angola.jpg?w=676&amp;ssl=1 676w, https:\/\/i0.wp.com\/www.tvuai.com.br\/portal\/wp-content\/uploads\/2026\/04\/Angola.jpg?resize=201%2C300&amp;ssl=1 201w\" sizes=\"(max-width: 640px) 100vw, 640px\" \/><\/a><\/p>\n<\/div>\n<\/div>\n<\/div>\n<\/div>\n<\/div>\n<\/div>\n<\/section>\n\n<div style=\"font-size: 0px; height: 0px; line-height: 0px; margin: 0; padding: 0; clear: both;\"><\/div><div class='share-to-whatsapp-wrapper'><div class='share-on-whsp'>Share on: <\/div><a data-text='Pouso Alegre entra na rota internacional de neg\u00f3cios com miss\u00e3o Angola\u2013Brasil e foco em expans\u00e3o global' data-link='https:\/\/www.tvuai.com.br\/portal\/pouso-alegre-entra-na-rota-internacional-de-negocios-com-missao-angola-brasil-e-foco-em-expansao-global\/' class='whatsapp-button whatsapp-share'>WhatsApp<\/a><div class='clear '><\/div><\/div><!-- AddThis Advanced Settings generic via filter on the_content --><!-- AddThis Share Buttons generic via filter on the_content -->","protected":false},"excerpt":{"rendered":"<p>Miss\u00e3o empresarial Angola\u2013Brasil chega a Pouso Alegre com foco em investimentos, ind\u00fastria e conex\u00e3o com o mercado africano Pouso Alegre ser\u00e1 palco, no pr\u00f3ximo dia 8 de maio, de uma importante agenda internacional voltada \u00e0 atra\u00e7\u00e3o de investimentos e expans\u00e3o empresarial. A cidade recebe a Miss\u00e3o Empresarial Angola\u2013Brasil, liderada pela Zona Econ\u00f4mica Especial Luanda-Bengo (ZEE [&hellip;]<!-- AddThis Advanced Settings generic via filter on get_the_excerpt --><!-- AddThis Share Buttons generic via filter on get_the_excerpt --><\/p>\n","protected":false},"author":1,"featured_media":16506,"comment_status":"closed","ping_status":"closed","sticky":false,"template":"","format":"standard","meta":{"jetpack_post_was_ever_published":false,"_jetpack_newsletter_access":"","_jetpack_dont_email_post_to_subs":false,"_jetpack_newsletter_tier_id":0,"_jetpack_memberships_contains_paywalled_content":false,"_jetpack_memberships_contains_paid_content":false,"_joinchat":[],"footnotes":"","jetpack_publicize_message":"","jetpack_publicize_feature_enabled":true,"jetpack_social_post_already_shared":false,"jetpack_social_options":{"image_generator_settings":{"template":"highway","enabled":false},"version":2}},"categories":[4,1815,19,6235],"tags":[8775,8771,5382,862,7103,8772,184,8773,4704,8777,37,8776,39,27,8053,1618,8774],"class_list":["post-16498","post","type-post","status-publish","format-standard","has-post-thumbnail","hentry","category-destaque","category-economia","category-noticias","category-sociais","tag-africa","tag-angola","tag-economia","tag-industria","tag-internacionalizacao","tag-investimentos-internacionais","tag-minas-gerais","tag-missao-empresarial","tag-negocios","tag-pa-global-connect","tag-pouso-alegre","tag-revoolex","tag-sul-de-minas","tag-tv-uai","tag-tv-uai-26-anos-ainda-estamos-aqui-ainda-independentes","tag-tv-uai-pouso-alegre","tag-zee-luanda-bengo"],"jetpack_publicize_connections":[],"yoast_head":"<!-- This site is optimized with the Yoast SEO plugin v23.5 - https:\/\/yoast.com\/wordpress\/plugins\/seo\/ -->\n<title>Pouso Alegre entra na rota internacional de neg\u00f3cios com miss\u00e3o Angola\u2013Brasil e foco em expans\u00e3o global - TVUAI<\/title>\n<meta name=\"robots\" content=\"index, follow, max-snippet:-1, max-image-preview:large, max-video-preview:-1\" \/>\n<link rel=\"canonical\" href=\"https:\/\/www.tvuai.com.br\/portal\/pouso-alegre-entra-na-rota-internacional-de-negocios-com-missao-angola-brasil-e-foco-em-expansao-global\/\" \/>\n<meta property=\"og:locale\" content=\"pt_BR\" \/>\n<meta property=\"og:type\" content=\"article\" \/>\n<meta property=\"og:title\" content=\"Pouso Alegre entra na rota internacional de neg\u00f3cios com miss\u00e3o Angola\u2013Brasil e foco em expans\u00e3o global - TVUAI\" \/>\n<meta property=\"og:description\" content=\"Miss\u00e3o empresarial Angola\u2013Brasil chega a Pouso Alegre com foco em investimentos, ind\u00fastria e conex\u00e3o com o mercado africano Pouso Alegre ser\u00e1 palco, no pr\u00f3ximo dia 8 de maio, de uma importante agenda internacional voltada \u00e0 atra\u00e7\u00e3o de investimentos e expans\u00e3o empresarial. A cidade recebe a Miss\u00e3o Empresarial Angola\u2013Brasil, liderada pela Zona Econ\u00f4mica Especial Luanda-Bengo (ZEE [&hellip;]\" \/>\n<meta property=\"og:url\" content=\"https:\/\/www.tvuai.com.br\/portal\/pouso-alegre-entra-na-rota-internacional-de-negocios-com-missao-angola-brasil-e-foco-em-expansao-global\/\" \/>\n<meta property=\"og:site_name\" content=\"TVUAI\" \/>\n<meta property=\"article:publisher\" content=\"http:\/\/www.facebook.com\/pages\/TV-Uai-Comunica%c3%a7%c3%a3o\/139062546157369\" \/>\n<meta property=\"article:published_time\" content=\"2026-04-29T23:30:29+00:00\" \/>\n<meta property=\"article:modified_time\" content=\"2026-04-29T23:35:38+00:00\" \/>\n<meta property=\"og:image\" content=\"https:\/\/www.tvuai.com.br\/portal\/wp-content\/uploads\/2026\/04\/Angola0.jpg\" \/>\n\t<meta property=\"og:image:width\" content=\"200\" \/>\n\t<meta property=\"og:image:height\" content=\"200\" \/>\n\t<meta property=\"og:image:type\" content=\"image\/jpeg\" \/>\n<meta name=\"author\" content=\"tvuai\" \/>\n<meta name=\"twitter:card\" content=\"summary_large_image\" \/>\n<meta name=\"twitter:creator\" content=\"@tvuai\" \/>\n<meta name=\"twitter:site\" content=\"@tvuai\" \/>\n<meta name=\"twitter:label1\" content=\"Escrito por\" \/>\n\t<meta name=\"twitter:data1\" content=\"tvuai\" \/>\n\t<meta name=\"twitter:label2\" content=\"Est. tempo de leitura\" \/>\n\t<meta name=\"twitter:data2\" content=\"6 minutos\" \/>\n<script type=\"application\/ld+json\" class=\"yoast-schema-graph\">{\"@context\":\"https:\/\/schema.org\",\"@graph\":[{\"@type\":\"Article\",\"@id\":\"https:\/\/www.tvuai.com.br\/portal\/pouso-alegre-entra-na-rota-internacional-de-negocios-com-missao-angola-brasil-e-foco-em-expansao-global\/#article\",\"isPartOf\":{\"@id\":\"https:\/\/www.tvuai.com.br\/portal\/pouso-alegre-entra-na-rota-internacional-de-negocios-com-missao-angola-brasil-e-foco-em-expansao-global\/\"},\"author\":{\"name\":\"tvuai\",\"@id\":\"https:\/\/www.tvuai.com.br\/portal\/#\/schema\/person\/245e50e9127451fd0b7fd76f519ebbfe\"},\"headline\":\"Pouso Alegre entra na rota internacional de neg\u00f3cios com miss\u00e3o Angola\u2013Brasil e foco em expans\u00e3o global\",\"datePublished\":\"2026-04-29T23:30:29+00:00\",\"dateModified\":\"2026-04-29T23:35:38+00:00\",\"mainEntityOfPage\":{\"@id\":\"https:\/\/www.tvuai.com.br\/portal\/pouso-alegre-entra-na-rota-internacional-de-negocios-com-missao-angola-brasil-e-foco-em-expansao-global\/\"},\"wordCount\":1026,\"publisher\":{\"@id\":\"https:\/\/www.tvuai.com.br\/portal\/#organization\"},\"image\":{\"@id\":\"https:\/\/www.tvuai.com.br\/portal\/pouso-alegre-entra-na-rota-internacional-de-negocios-com-missao-angola-brasil-e-foco-em-expansao-global\/#primaryimage\"},\"thumbnailUrl\":\"https:\/\/i0.wp.com\/www.tvuai.com.br\/portal\/wp-content\/uploads\/2026\/04\/Angola0.jpg?fit=200%2C200&ssl=1\",\"keywords\":[\"\u00c1frica\",\"Angola\",\"economia\",\"Ind\u00fastria\",\"internacionaliza\u00e7\u00e3o\",\"investimentos internacionais\",\"Minas Gerais\",\"miss\u00e3o empresarial\",\"Neg\u00f3cios\",\"PA Global Connect\",\"Pouso Alegre\",\"Revoolex\",\"Sul de Minas\",\"TV Uai\",\"TV UAI 26 anos ainda estamos aqui ainda independentes\",\"TV UAI Pouso Alegre\",\"ZEE Luanda Bengo\"],\"articleSection\":[\"Destaque\",\"Economia\",\"Not\u00edcias\",\"Sociais\"],\"inLanguage\":\"pt-BR\"},{\"@type\":\"WebPage\",\"@id\":\"https:\/\/www.tvuai.com.br\/portal\/pouso-alegre-entra-na-rota-internacional-de-negocios-com-missao-angola-brasil-e-foco-em-expansao-global\/\",\"url\":\"https:\/\/www.tvuai.com.br\/portal\/pouso-alegre-entra-na-rota-internacional-de-negocios-com-missao-angola-brasil-e-foco-em-expansao-global\/\",\"name\":\"Pouso Alegre entra na rota internacional de neg\u00f3cios com miss\u00e3o Angola\u2013Brasil e foco em expans\u00e3o global - TVUAI\",\"isPartOf\":{\"@id\":\"https:\/\/www.tvuai.com.br\/portal\/#website\"},\"primaryImageOfPage\":{\"@id\":\"https:\/\/www.tvuai.com.br\/portal\/pouso-alegre-entra-na-rota-internacional-de-negocios-com-missao-angola-brasil-e-foco-em-expansao-global\/#primaryimage\"},\"image\":{\"@id\":\"https:\/\/www.tvuai.com.br\/portal\/pouso-alegre-entra-na-rota-internacional-de-negocios-com-missao-angola-brasil-e-foco-em-expansao-global\/#primaryimage\"},\"thumbnailUrl\":\"https:\/\/i0.wp.com\/www.tvuai.com.br\/portal\/wp-content\/uploads\/2026\/04\/Angola0.jpg?fit=200%2C200&ssl=1\",\"datePublished\":\"2026-04-29T23:30:29+00:00\",\"dateModified\":\"2026-04-29T23:35:38+00:00\",\"breadcrumb\":{\"@id\":\"https:\/\/www.tvuai.com.br\/portal\/pouso-alegre-entra-na-rota-internacional-de-negocios-com-missao-angola-brasil-e-foco-em-expansao-global\/#breadcrumb\"},\"inLanguage\":\"pt-BR\",\"potentialAction\":[{\"@type\":\"ReadAction\",\"target\":[\"https:\/\/www.tvuai.com.br\/portal\/pouso-alegre-entra-na-rota-internacional-de-negocios-com-missao-angola-brasil-e-foco-em-expansao-global\/\"]}]},{\"@type\":\"ImageObject\",\"inLanguage\":\"pt-BR\",\"@id\":\"https:\/\/www.tvuai.com.br\/portal\/pouso-alegre-entra-na-rota-internacional-de-negocios-com-missao-angola-brasil-e-foco-em-expansao-global\/#primaryimage\",\"url\":\"https:\/\/i0.wp.com\/www.tvuai.com.br\/portal\/wp-content\/uploads\/2026\/04\/Angola0.jpg?fit=200%2C200&ssl=1\",\"contentUrl\":\"https:\/\/i0.wp.com\/www.tvuai.com.br\/portal\/wp-content\/uploads\/2026\/04\/Angola0.jpg?fit=200%2C200&ssl=1\",\"width\":200,\"height\":200},{\"@type\":\"BreadcrumbList\",\"@id\":\"https:\/\/www.tvuai.com.br\/portal\/pouso-alegre-entra-na-rota-internacional-de-negocios-com-missao-angola-brasil-e-foco-em-expansao-global\/#breadcrumb\",\"itemListElement\":[{\"@type\":\"ListItem\",\"position\":1,\"name\":\"In\u00edcio\",\"item\":\"https:\/\/www.tvuai.com.br\/portal\/\"},{\"@type\":\"ListItem\",\"position\":2,\"name\":\"Pouso Alegre entra na rota internacional de neg\u00f3cios com miss\u00e3o Angola\u2013Brasil e foco em expans\u00e3o global\"}]},{\"@type\":\"WebSite\",\"@id\":\"https:\/\/www.tvuai.com.br\/portal\/#website\",\"url\":\"https:\/\/www.tvuai.com.br\/portal\/\",\"name\":\"TVUAI\",\"description\":\"Tudo sobre o Sul de Minas\",\"publisher\":{\"@id\":\"https:\/\/www.tvuai.com.br\/portal\/#organization\"},\"potentialAction\":[{\"@type\":\"SearchAction\",\"target\":{\"@type\":\"EntryPoint\",\"urlTemplate\":\"https:\/\/www.tvuai.com.br\/portal\/?s={search_term_string}\"},\"query-input\":{\"@type\":\"PropertyValueSpecification\",\"valueRequired\":true,\"valueName\":\"search_term_string\"}}],\"inLanguage\":\"pt-BR\"},{\"@type\":\"Organization\",\"@id\":\"https:\/\/www.tvuai.com.br\/portal\/#organization\",\"name\":\"TVUAI\",\"url\":\"https:\/\/www.tvuai.com.br\/portal\/\",\"logo\":{\"@type\":\"ImageObject\",\"inLanguage\":\"pt-BR\",\"@id\":\"https:\/\/www.tvuai.com.br\/portal\/#\/schema\/logo\/image\/\",\"url\":\"https:\/\/i0.wp.com\/www.tvuai.com.br\/portal\/wp-content\/uploads\/2017\/12\/logo_tvuai_100H.png?fit=207%2C100&ssl=1\",\"contentUrl\":\"https:\/\/i0.wp.com\/www.tvuai.com.br\/portal\/wp-content\/uploads\/2017\/12\/logo_tvuai_100H.png?fit=207%2C100&ssl=1\",\"width\":207,\"height\":100,\"caption\":\"TVUAI\"},\"image\":{\"@id\":\"https:\/\/www.tvuai.com.br\/portal\/#\/schema\/logo\/image\/\"},\"sameAs\":[\"http:\/\/www.facebook.com\/pages\/TV-Uai-Comunica\u00e7\u00e3o\/139062546157369\",\"https:\/\/x.com\/tvuai\",\"https:\/\/www.instagram.com\/tvuai_network\/\",\"https:\/\/www.youtube.com\/channel\/UCB7ZPB3wRv-OpoZ_09jmnkQ\"]},{\"@type\":\"Person\",\"@id\":\"https:\/\/www.tvuai.com.br\/portal\/#\/schema\/person\/245e50e9127451fd0b7fd76f519ebbfe\",\"name\":\"tvuai\",\"url\":\"https:\/\/www.tvuai.com.br\/portal\/author\/tvuai\/\"}]}<\/script>\n<!-- \/ Yoast SEO plugin. -->","yoast_head_json":{"title":"Pouso Alegre entra na rota internacional de neg\u00f3cios com miss\u00e3o Angola\u2013Brasil e foco em expans\u00e3o global - TVUAI","robots":{"index":"index","follow":"follow","max-snippet":"max-snippet:-1","max-image-preview":"max-image-preview:large","max-video-preview":"max-video-preview:-1"},"canonical":"https:\/\/www.tvuai.com.br\/portal\/pouso-alegre-entra-na-rota-internacional-de-negocios-com-missao-angola-brasil-e-foco-em-expansao-global\/","og_locale":"pt_BR","og_type":"article","og_title":"Pouso Alegre entra na rota internacional de neg\u00f3cios com miss\u00e3o Angola\u2013Brasil e foco em expans\u00e3o global - TVUAI","og_description":"Miss\u00e3o empresarial Angola\u2013Brasil chega a Pouso Alegre com foco em investimentos, ind\u00fastria e conex\u00e3o com o mercado africano Pouso Alegre ser\u00e1 palco, no pr\u00f3ximo dia 8 de maio, de uma importante agenda internacional voltada \u00e0 atra\u00e7\u00e3o de investimentos e expans\u00e3o empresarial. A cidade recebe a Miss\u00e3o Empresarial Angola\u2013Brasil, liderada pela Zona Econ\u00f4mica Especial Luanda-Bengo (ZEE [&hellip;]","og_url":"https:\/\/www.tvuai.com.br\/portal\/pouso-alegre-entra-na-rota-internacional-de-negocios-com-missao-angola-brasil-e-foco-em-expansao-global\/","og_site_name":"TVUAI","article_publisher":"http:\/\/www.facebook.com\/pages\/TV-Uai-Comunica%c3%a7%c3%a3o\/139062546157369","article_published_time":"2026-04-29T23:30:29+00:00","article_modified_time":"2026-04-29T23:35:38+00:00","og_image":[{"width":200,"height":200,"url":"https:\/\/www.tvuai.com.br\/portal\/wp-content\/uploads\/2026\/04\/Angola0.jpg","type":"image\/jpeg"}],"author":"tvuai","twitter_card":"summary_large_image","twitter_creator":"@tvuai","twitter_site":"@tvuai","twitter_misc":{"Escrito por":"tvuai","Est. tempo de leitura":"6 minutos"},"schema":{"@context":"https:\/\/schema.org","@graph":[{"@type":"Article","@id":"https:\/\/www.tvuai.com.br\/portal\/pouso-alegre-entra-na-rota-internacional-de-negocios-com-missao-angola-brasil-e-foco-em-expansao-global\/#article","isPartOf":{"@id":"https:\/\/www.tvuai.com.br\/portal\/pouso-alegre-entra-na-rota-internacional-de-negocios-com-missao-angola-brasil-e-foco-em-expansao-global\/"},"author":{"name":"tvuai","@id":"https:\/\/www.tvuai.com.br\/portal\/#\/schema\/person\/245e50e9127451fd0b7fd76f519ebbfe"},"headline":"Pouso Alegre entra na rota internacional de neg\u00f3cios com miss\u00e3o Angola\u2013Brasil e foco em expans\u00e3o global","datePublished":"2026-04-29T23:30:29+00:00","dateModified":"2026-04-29T23:35:38+00:00","mainEntityOfPage":{"@id":"https:\/\/www.tvuai.com.br\/portal\/pouso-alegre-entra-na-rota-internacional-de-negocios-com-missao-angola-brasil-e-foco-em-expansao-global\/"},"wordCount":1026,"publisher":{"@id":"https:\/\/www.tvuai.com.br\/portal\/#organization"},"image":{"@id":"https:\/\/www.tvuai.com.br\/portal\/pouso-alegre-entra-na-rota-internacional-de-negocios-com-missao-angola-brasil-e-foco-em-expansao-global\/#primaryimage"},"thumbnailUrl":"https:\/\/i0.wp.com\/www.tvuai.com.br\/portal\/wp-content\/uploads\/2026\/04\/Angola0.jpg?fit=200%2C200&ssl=1","keywords":["\u00c1frica","Angola","economia","Ind\u00fastria","internacionaliza\u00e7\u00e3o","investimentos internacionais","Minas Gerais","miss\u00e3o empresarial","Neg\u00f3cios","PA Global Connect","Pouso Alegre","Revoolex","Sul de Minas","TV Uai","TV UAI 26 anos ainda estamos aqui ainda independentes","TV UAI Pouso Alegre","ZEE Luanda Bengo"],"articleSection":["Destaque","Economia","Not\u00edcias","Sociais"],"inLanguage":"pt-BR"},{"@type":"WebPage","@id":"https:\/\/www.tvuai.com.br\/portal\/pouso-alegre-entra-na-rota-internacional-de-negocios-com-missao-angola-brasil-e-foco-em-expansao-global\/","url":"https:\/\/www.tvuai.com.br\/portal\/pouso-alegre-entra-na-rota-internacional-de-negocios-com-missao-angola-brasil-e-foco-em-expansao-global\/","name":"Pouso Alegre entra na rota internacional de neg\u00f3cios com miss\u00e3o Angola\u2013Brasil e foco em expans\u00e3o global - TVUAI","isPartOf":{"@id":"https:\/\/www.tvuai.com.br\/portal\/#website"},"primaryImageOfPage":{"@id":"https:\/\/www.tvuai.com.br\/portal\/pouso-alegre-entra-na-rota-internacional-de-negocios-com-missao-angola-brasil-e-foco-em-expansao-global\/#primaryimage"},"image":{"@id":"https:\/\/www.tvuai.com.br\/portal\/pouso-alegre-entra-na-rota-internacional-de-negocios-com-missao-angola-brasil-e-foco-em-expansao-global\/#primaryimage"},"thumbnailUrl":"https:\/\/i0.wp.com\/www.tvuai.com.br\/portal\/wp-content\/uploads\/2026\/04\/Angola0.jpg?fit=200%2C200&ssl=1","datePublished":"2026-04-29T23:30:29+00:00","dateModified":"2026-04-29T23:35:38+00:00","breadcrumb":{"@id":"https:\/\/www.tvuai.com.br\/portal\/pouso-alegre-entra-na-rota-internacional-de-negocios-com-missao-angola-brasil-e-foco-em-expansao-global\/#breadcrumb"},"inLanguage":"pt-BR","potentialAction":[{"@type":"ReadAction","target":["https:\/\/www.tvuai.com.br\/portal\/pouso-alegre-entra-na-rota-internacional-de-negocios-com-missao-angola-brasil-e-foco-em-expansao-global\/"]}]},{"@type":"ImageObject","inLanguage":"pt-BR","@id":"https:\/\/www.tvuai.com.br\/portal\/pouso-alegre-entra-na-rota-internacional-de-negocios-com-missao-angola-brasil-e-foco-em-expansao-global\/#primaryimage","url":"https:\/\/i0.wp.com\/www.tvuai.com.br\/portal\/wp-content\/uploads\/2026\/04\/Angola0.jpg?fit=200%2C200&ssl=1","contentUrl":"https:\/\/i0.wp.com\/www.tvuai.com.br\/portal\/wp-content\/uploads\/2026\/04\/Angola0.jpg?fit=200%2C200&ssl=1","width":200,"height":200},{"@type":"BreadcrumbList","@id":"https:\/\/www.tvuai.com.br\/portal\/pouso-alegre-entra-na-rota-internacional-de-negocios-com-missao-angola-brasil-e-foco-em-expansao-global\/#breadcrumb","itemListElement":[{"@type":"ListItem","position":1,"name":"In\u00edcio","item":"https:\/\/www.tvuai.com.br\/portal\/"},{"@type":"ListItem","position":2,"name":"Pouso Alegre entra na rota internacional de neg\u00f3cios com miss\u00e3o Angola\u2013Brasil e foco em expans\u00e3o global"}]},{"@type":"WebSite","@id":"https:\/\/www.tvuai.com.br\/portal\/#website","url":"https:\/\/www.tvuai.com.br\/portal\/","name":"TVUAI","description":"Tudo sobre o Sul de Minas","publisher":{"@id":"https:\/\/www.tvuai.com.br\/portal\/#organization"},"potentialAction":[{"@type":"SearchAction","target":{"@type":"EntryPoint","urlTemplate":"https:\/\/www.tvuai.com.br\/portal\/?s={search_term_string}"},"query-input":{"@type":"PropertyValueSpecification","valueRequired":true,"valueName":"search_term_string"}}],"inLanguage":"pt-BR"},{"@type":"Organization","@id":"https:\/\/www.tvuai.com.br\/portal\/#organization","name":"TVUAI","url":"https:\/\/www.tvuai.com.br\/portal\/","logo":{"@type":"ImageObject","inLanguage":"pt-BR","@id":"https:\/\/www.tvuai.com.br\/portal\/#\/schema\/logo\/image\/","url":"https:\/\/i0.wp.com\/www.tvuai.com.br\/portal\/wp-content\/uploads\/2017\/12\/logo_tvuai_100H.png?fit=207%2C100&ssl=1","contentUrl":"https:\/\/i0.wp.com\/www.tvuai.com.br\/portal\/wp-content\/uploads\/2017\/12\/logo_tvuai_100H.png?fit=207%2C100&ssl=1","width":207,"height":100,"caption":"TVUAI"},"image":{"@id":"https:\/\/www.tvuai.com.br\/portal\/#\/schema\/logo\/image\/"},"sameAs":["http:\/\/www.facebook.com\/pages\/TV-Uai-Comunica\u00e7\u00e3o\/139062546157369","https:\/\/x.com\/tvuai","https:\/\/www.instagram.com\/tvuai_network\/","https:\/\/www.youtube.com\/channel\/UCB7ZPB3wRv-OpoZ_09jmnkQ"]},{"@type":"Person","@id":"https:\/\/www.tvuai.com.br\/portal\/#\/schema\/person\/245e50e9127451fd0b7fd76f519ebbfe","name":"tvuai","url":"https:\/\/www.tvuai.com.br\/portal\/author\/tvuai\/"}]}},"jetpack_featured_media_url":"https:\/\/i0.wp.com\/www.tvuai.com.br\/portal\/wp-content\/uploads\/2026\/04\/Angola0.jpg?fit=200%2C200&ssl=1","wpmagazine_modules_lite_featured_media_urls":{"thumbnail":["https:\/\/i0.wp.com\/www.tvuai.com.br\/portal\/wp-content\/uploads\/2026\/04\/Angola0.jpg?resize=150%2C150&ssl=1",150,150,true],"cvmm-medium":["https:\/\/i0.wp.com\/www.tvuai.com.br\/portal\/wp-content\/uploads\/2026\/04\/Angola0.jpg?resize=200%2C200&ssl=1",200,200,true],"cvmm-medium-plus":["https:\/\/i0.wp.com\/www.tvuai.com.br\/portal\/wp-content\/uploads\/2026\/04\/Angola0.jpg?resize=200%2C200&ssl=1",200,200,true],"cvmm-portrait":["https:\/\/i0.wp.com\/www.tvuai.com.br\/portal\/wp-content\/uploads\/2026\/04\/Angola0.jpg?resize=200%2C200&ssl=1",200,200,true],"cvmm-medium-square":["https:\/\/i0.wp.com\/www.tvuai.com.br\/portal\/wp-content\/uploads\/2026\/04\/Angola0.jpg?resize=200%2C200&ssl=1",200,200,true],"cvmm-large":["https:\/\/i0.wp.com\/www.tvuai.com.br\/portal\/wp-content\/uploads\/2026\/04\/Angola0.jpg?resize=200%2C200&ssl=1",200,200,true],"cvmm-small":["https:\/\/i0.wp.com\/www.tvuai.com.br\/portal\/wp-content\/uploads\/2026\/04\/Angola0.jpg?resize=130%2C95&ssl=1",130,95,true],"full":["https:\/\/i0.wp.com\/www.tvuai.com.br\/portal\/wp-content\/uploads\/2026\/04\/Angola0.jpg?fit=200%2C200&ssl=1",200,200,false]},"categories_names":{"4":{"name":"Destaque","link":"https:\/\/www.tvuai.com.br\/portal\/category\/destaque\/"},"1815":{"name":"Economia","link":"https:\/\/www.tvuai.com.br\/portal\/category\/economia\/"},"19":{"name":"Not\u00edcias","link":"https:\/\/www.tvuai.com.br\/portal\/category\/noticias\/"},"6235":{"name":"Sociais","link":"https:\/\/www.tvuai.com.br\/portal\/category\/sociais\/"}},"tags_names":{"8775":{"name":"\u00c1frica","link":"https:\/\/www.tvuai.com.br\/portal\/tag\/africa\/"},"8771":{"name":"Angola","link":"https:\/\/www.tvuai.com.br\/portal\/tag\/angola\/"},"5382":{"name":"economia","link":"https:\/\/www.tvuai.com.br\/portal\/tag\/economia\/"},"862":{"name":"Ind\u00fastria","link":"https:\/\/www.tvuai.com.br\/portal\/tag\/industria\/"},"7103":{"name":"internacionaliza\u00e7\u00e3o","link":"https:\/\/www.tvuai.com.br\/portal\/tag\/internacionalizacao\/"},"8772":{"name":"investimentos internacionais","link":"https:\/\/www.tvuai.com.br\/portal\/tag\/investimentos-internacionais\/"},"184":{"name":"Minas Gerais","link":"https:\/\/www.tvuai.com.br\/portal\/tag\/minas-gerais\/"},"8773":{"name":"miss\u00e3o empresarial","link":"https:\/\/www.tvuai.com.br\/portal\/tag\/missao-empresarial\/"},"4704":{"name":"Neg\u00f3cios","link":"https:\/\/www.tvuai.com.br\/portal\/tag\/negocios\/"},"8777":{"name":"PA Global Connect","link":"https:\/\/www.tvuai.com.br\/portal\/tag\/pa-global-connect\/"},"37":{"name":"Pouso Alegre","link":"https:\/\/www.tvuai.com.br\/portal\/tag\/pouso-alegre\/"},"8776":{"name":"Revoolex","link":"https:\/\/www.tvuai.com.br\/portal\/tag\/revoolex\/"},"39":{"name":"Sul de Minas","link":"https:\/\/www.tvuai.com.br\/portal\/tag\/sul-de-minas\/"},"27":{"name":"TV Uai","link":"https:\/\/www.tvuai.com.br\/portal\/tag\/tv-uai\/"},"8053":{"name":"TV UAI 26 anos ainda estamos aqui ainda independentes","link":"https:\/\/www.tvuai.com.br\/portal\/tag\/tv-uai-26-anos-ainda-estamos-aqui-ainda-independentes\/"},"1618":{"name":"TV UAI Pouso Alegre","link":"https:\/\/www.tvuai.com.br\/portal\/tag\/tv-uai-pouso-alegre\/"},"8774":{"name":"ZEE Luanda Bengo","link":"https:\/\/www.tvuai.com.br\/portal\/tag\/zee-luanda-bengo\/"}},"comments_number":"0","jetpack_shortlink":"https:\/\/wp.me\/p9woix-4i6","jetpack_sharing_enabled":true,"_links":{"self":[{"href":"https:\/\/www.tvuai.com.br\/portal\/wp-json\/wp\/v2\/posts\/16498"}],"collection":[{"href":"https:\/\/www.tvuai.com.br\/portal\/wp-json\/wp\/v2\/posts"}],"about":[{"href":"https:\/\/www.tvuai.com.br\/portal\/wp-json\/wp\/v2\/types\/post"}],"author":[{"embeddable":true,"href":"https:\/\/www.tvuai.com.br\/portal\/wp-json\/wp\/v2\/users\/1"}],"replies":[{"embeddable":true,"href":"https:\/\/www.tvuai.com.br\/portal\/wp-json\/wp\/v2\/comments?post=16498"}],"version-history":[{"count":6,"href":"https:\/\/www.tvuai.com.br\/portal\/wp-json\/wp\/v2\/posts\/16498\/revisions"}],"predecessor-version":[{"id":16508,"href":"https:\/\/www.tvuai.com.br\/portal\/wp-json\/wp\/v2\/posts\/16498\/revisions\/16508"}],"wp:featuredmedia":[{"embeddable":true,"href":"https:\/\/www.tvuai.com.br\/portal\/wp-json\/wp\/v2\/media\/16506"}],"wp:attachment":[{"href":"https:\/\/www.tvuai.com.br\/portal\/wp-json\/wp\/v2\/media?parent=16498"}],"wp:term":[{"taxonomy":"category","embeddable":true,"href":"https:\/\/www.tvuai.com.br\/portal\/wp-json\/wp\/v2\/categories?post=16498"},{"taxonomy":"post_tag","embeddable":true,"href":"https:\/\/www.tvuai.com.br\/portal\/wp-json\/wp\/v2\/tags?post=16498"}],"curies":[{"name":"wp","href":"https:\/\/api.w.org\/{rel}","templated":true}]}}