{"id":16489,"date":"2026-04-27T18:50:49","date_gmt":"2026-04-27T21:50:49","guid":{"rendered":"https:\/\/www.tvuai.com.br\/portal\/?p=16489"},"modified":"2026-04-27T20:35:14","modified_gmt":"2026-04-27T23:35:14","slug":"projeto-em-pocos-de-caldas-coloca-sul-de-minas-na-rota-global-das-terras-raras","status":"publish","type":"post","link":"https:\/\/www.tvuai.com.br\/portal\/projeto-em-pocos-de-caldas-coloca-sul-de-minas-na-rota-global-das-terras-raras\/","title":{"rendered":"Projeto em Po\u00e7os de Caldas coloca Sul de Minas na rota global das terras raras"},"content":{"rendered":"<div class=\"5a1038e0903b96d426fcfcc338703013\" data-index=\"1\" style=\"float: right; margin:10px 0 10px 10px;\">\n<script async src=\"https:\/\/pagead2.googlesyndication.com\/pagead\/js\/adsbygoogle.js?client=ca-pub-9945944833605257\"\r\n     crossorigin=\"anonymous\"><\/script>\r\n<ins class=\"adsbygoogle\"\r\n     style=\"display:block; text-align:center;\"\r\n     data-ad-layout=\"in-article\"\r\n     data-ad-format=\"fluid\"\r\n     data-ad-client=\"ca-pub-9945944833605257\"\r\n     data-ad-slot=\"2343923581\"><\/ins>\r\n<script>\r\n     (adsbygoogle = window.adsbygoogle || []).push({});\r\n<\/script>\n<\/div>\n<div class=\"relative basis-auto flex-col -mb-(--composer-overlap-px) pb-(--composer-overlap-px) [--composer-overlap-px:28px] grow flex\">\n<div class=\"flex flex-col text-sm\">\n<section class=\"text-token-text-primary w-full focus:outline-none [--shadow-height:45px] has-data-writing-block:pointer-events-none has-data-writing-block:-mt-(--shadow-height) has-data-writing-block:pt-(--shadow-height) [&amp;:has([data-writing-block])&gt;*]:pointer-events-auto [content-visibility:auto] supports-[content-visibility:auto]:[contain-intrinsic-size:auto_100lvh] R6Vx5W_threadScrollVars scroll-mb-[calc(var(--scroll-root-safe-area-inset-bottom,0px)+var(--thread-response-height))] scroll-mt-[calc(var(--header-height)+min(200px,max(70px,20svh)))]\" dir=\"auto\" data-turn-id=\"request-69ed3a23-342c-83e9-aee6-75680ccfe883-19\" data-testid=\"conversation-turn-122\" data-scroll-anchor=\"false\" data-turn=\"assistant\">\n<div class=\"text-base my-auto mx-auto pb-10 [--thread-content-margin:var(--thread-content-margin-xs,calc(var(--spacing)*4))] @w-sm\/main:[--thread-content-margin:var(--thread-content-margin-sm,calc(var(--spacing)*6))] @w-lg\/main:[--thread-content-margin:var(--thread-content-margin-lg,calc(var(--spacing)*16))] px-(--thread-content-margin)\">\n<div class=\"[--thread-content-max-width:40rem] @w-lg\/main:[--thread-content-max-width:48rem] mx-auto max-w-(--thread-content-max-width) flex-1 group\/turn-messages focus-visible:outline-hidden relative flex w-full min-w-0 flex-col agent-turn\">\n<div class=\"flex max-w-full flex-col gap-4 grow\">\n<div class=\"min-h-8 text-message relative flex w-full flex-col items-end gap-2 text-start break-words whitespace-normal outline-none keyboard-focused:focus-ring [.text-message+&amp;]:mt-1\" dir=\"auto\" tabindex=\"0\" data-message-author-role=\"assistant\" data-message-id=\"c28efcf8-0436-4eb6-8798-2f5b6f0907e4\" data-message-model-slug=\"gpt-5-3\" data-turn-start-message=\"true\">\n<div class=\"flex w-full flex-col gap-1 empty:hidden\">\n<div class=\"markdown prose dark:prose-invert w-full wrap-break-word light markdown-new-styling\">\n<h5 style=\"text-align: center;\" data-start=\"208\" data-end=\"331\"><em><strong>Projeto em Po\u00e7os de Caldas refor\u00e7a papel de Minas Gerais na produ\u00e7\u00e3o de terras raras e amplia investimentos em minerais estrat\u00e9gicos<\/strong><\/em><\/h5>\n<figure id=\"attachment_16490\" aria-describedby=\"caption-attachment-16490\" style=\"width: 800px\" class=\"wp-caption aligncenter\"><img data-recalc-dims=\"1\" fetchpriority=\"high\" decoding=\"async\" data-attachment-id=\"16490\" data-permalink=\"https:\/\/www.tvuai.com.br\/portal\/projeto-em-pocos-de-caldas-coloca-sul-de-minas-na-rota-global-das-terras-raras\/terras-raras-pocos\/\" data-orig-file=\"https:\/\/i0.wp.com\/www.tvuai.com.br\/portal\/wp-content\/uploads\/2026\/04\/terras-raras-pocos.jpg?fit=800%2C297&amp;ssl=1\" data-orig-size=\"800,297\" data-comments-opened=\"0\" data-image-meta=\"{&quot;aperture&quot;:&quot;0&quot;,&quot;credit&quot;:&quot;&quot;,&quot;camera&quot;:&quot;&quot;,&quot;caption&quot;:&quot;&quot;,&quot;created_timestamp&quot;:&quot;0&quot;,&quot;copyright&quot;:&quot;&quot;,&quot;focal_length&quot;:&quot;0&quot;,&quot;iso&quot;:&quot;0&quot;,&quot;shutter_speed&quot;:&quot;0&quot;,&quot;title&quot;:&quot;&quot;,&quot;orientation&quot;:&quot;0&quot;}\" data-image-title=\"terras raras po\u00e7os\" data-image-description=\"\" data-image-caption=\"&lt;p&gt;Projeto pode colocar Minas como expoente na busca por minerais estrat\u00e9gicos  (Foto: Victor Fagundes\/Sede-MG)&lt;\/p&gt;\n\" data-medium-file=\"https:\/\/i0.wp.com\/www.tvuai.com.br\/portal\/wp-content\/uploads\/2026\/04\/terras-raras-pocos.jpg?fit=300%2C111&amp;ssl=1\" data-large-file=\"https:\/\/i0.wp.com\/www.tvuai.com.br\/portal\/wp-content\/uploads\/2026\/04\/terras-raras-pocos.jpg?fit=640%2C238&amp;ssl=1\" tabindex=\"0\" role=\"button\" class=\"size-full wp-image-16490\" src=\"https:\/\/i0.wp.com\/www.tvuai.com.br\/portal\/wp-content\/uploads\/2026\/04\/terras-raras-pocos.jpg?resize=640%2C238&#038;ssl=1\" alt=\"\" width=\"640\" height=\"238\" srcset=\"https:\/\/i0.wp.com\/www.tvuai.com.br\/portal\/wp-content\/uploads\/2026\/04\/terras-raras-pocos.jpg?w=800&amp;ssl=1 800w, https:\/\/i0.wp.com\/www.tvuai.com.br\/portal\/wp-content\/uploads\/2026\/04\/terras-raras-pocos.jpg?resize=300%2C111&amp;ssl=1 300w, https:\/\/i0.wp.com\/www.tvuai.com.br\/portal\/wp-content\/uploads\/2026\/04\/terras-raras-pocos.jpg?resize=768%2C285&amp;ssl=1 768w\" sizes=\"(max-width: 640px) 100vw, 640px\" \/><figcaption id=\"caption-attachment-16490\" class=\"wp-caption-text\"><em>Projeto pode colocar Minas como expoente na busca por minerais estrat\u00e9gicos (Foto: Victor Fagundes\/Sede-MG)<\/em><\/figcaption><\/figure>\n<p data-start=\"338\" data-end=\"681\">O Sul de Minas volta a ganhar destaque no cen\u00e1rio internacional com o avan\u00e7o de um projeto estrat\u00e9gico voltado \u00e0 produ\u00e7\u00e3o de terras raras em <span class=\"hover:entity-accent entity-underline inline cursor-pointer align-baseline\"><span class=\"whitespace-normal\">Po\u00e7os de Caldas<\/span><\/span>. A iniciativa refor\u00e7a o posicionamento de Minas Gerais em um mercado considerado essencial para a transi\u00e7\u00e3o energ\u00e9tica e o desenvolvimento de tecnologias avan\u00e7adas.<\/p>\n<p data-start=\"683\" data-end=\"996\">O movimento envolve a aquisi\u00e7\u00e3o da Minera\u00e7\u00e3o Terras Raras S.A. (MTR) pela <span class=\"hover:entity-accent entity-underline inline cursor-pointer align-baseline\"><span class=\"whitespace-normal\">Power Minerals<\/span><\/span>, companhia australiana voltada ao desenvolvimento de projetos minerais estrat\u00e9gicos. A negocia\u00e7\u00e3o marca uma nova fase para o projeto Morro de Ferro, um dos principais ativos ligados ao setor no estado.<\/p>\n<p style=\"text-align: center;\" data-start=\"683\" data-end=\"996\"><strong>Minerais estrat\u00e9gicos ganham protagonismo<\/strong><\/p>\n<p data-start=\"1053\" data-end=\"1140\">As chamadas terras raras s\u00e3o insumos fundamentais para diversas tecnologias, incluindo:<\/p>\n<ul data-start=\"1141\" data-end=\"1260\">\n<li data-section-id=\"u39qtc\" data-start=\"1141\" data-end=\"1163\">ve\u00edculos el\u00e9tricos<\/li>\n<li data-section-id=\"lt1g4l\" data-start=\"1164\" data-end=\"1185\">energia renov\u00e1vel<\/li>\n<li data-section-id=\"1fx1bw9\" data-start=\"1186\" data-end=\"1214\">equipamentos eletr\u00f4nicos<\/li>\n<li data-section-id=\"2b8v58\" data-start=\"1215\" data-end=\"1260\">solu\u00e7\u00f5es industriais de alta complexidade<\/li>\n<\/ul>\n<p data-start=\"1262\" data-end=\"1434\">Com o avan\u00e7o do projeto, Minas Gerais amplia sua inser\u00e7\u00e3o em cadeias globais de alto valor e fortalece sua presen\u00e7a em um setor cada vez mais relevante na economia mundial.<\/p>\n<p style=\"text-align: center;\" data-start=\"1262\" data-end=\"1434\"><strong>Projeto avan\u00e7a e atrai investimentos<\/strong><\/p>\n<p data-start=\"1487\" data-end=\"1643\">O empreendimento em Po\u00e7os de Caldas j\u00e1 se encontra em est\u00e1gio avan\u00e7ado de pesquisa mineral, seguindo padr\u00f5es internacionais e estudos t\u00e9cnicos preliminares.<\/p>\n<p data-start=\"1645\" data-end=\"1876\">O Governo de Minas, por meio da <span class=\"hover:entity-accent entity-underline inline cursor-pointer align-baseline\"><span class=\"whitespace-normal\">Invest Minas<\/span><\/span>, tem atuado na articula\u00e7\u00e3o do projeto. Na \u00faltima semana, foi assinado um protocolo de inten\u00e7\u00f5es entre as partes, consolidando o apoio institucional \u00e0 iniciativa.<\/p>\n<p data-start=\"1878\" data-end=\"2062\">A expectativa \u00e9 que a chegada de novos investidores internacionais e o fortalecimento de ativos j\u00e1 existentes ampliem as oportunidades de gera\u00e7\u00e3o de emprego e desenvolvimento regional.<\/p>\n<p style=\"text-align: center;\" data-start=\"1878\" data-end=\"2062\"><strong>Diversifica\u00e7\u00e3o e nova matriz mineral<\/strong><\/p>\n<p data-start=\"2114\" data-end=\"2257\">Tradicionalmente conhecido pela produ\u00e7\u00e3o de min\u00e9rio de ferro, Minas Gerais busca diversificar sua matriz mineral com foco em minerais cr\u00edticos.<\/p>\n<p data-start=\"2259\" data-end=\"2475\">Nesse cen\u00e1rio, o projeto Morro de Ferro se destaca pelo potencial de posicionar o estado como refer\u00eancia na produ\u00e7\u00e3o de terras raras, fundamentais para tecnologias limpas e para a chamada transi\u00e7\u00e3o energ\u00e9tica global.<\/p>\n<p style=\"text-align: center;\" data-start=\"2259\" data-end=\"2475\"><strong>Parceria estrat\u00e9gica<\/strong><\/p>\n<p data-start=\"2511\" data-end=\"2740\">Segundo representantes do setor, a parceria entre a Power Minerals e o Governo de Minas facilita o desenvolvimento do projeto ao garantir apoio institucional, coordena\u00e7\u00e3o regulat\u00f3ria e ambiente favor\u00e1vel para novos investimentos.<\/p>\n<p data-start=\"2742\" data-end=\"2882\">A iniciativa tamb\u00e9m refor\u00e7a a estrat\u00e9gia de inser\u00e7\u00e3o do estado em mercados internacionais ligados \u00e0 inova\u00e7\u00e3o, tecnologia e sustentabilidade.<\/p>\n<\/div>\n<\/div>\n<\/div>\n<\/div>\n<\/div>\n<\/div>\n<\/section>\n<\/div>\n<\/div>\n\n<div style=\"font-size: 0px; height: 0px; line-height: 0px; margin: 0; padding: 0; clear: both;\"><\/div><div class='share-to-whatsapp-wrapper'><div class='share-on-whsp'>Share on: <\/div><a data-text='Projeto em Po\u00e7os de Caldas coloca Sul de Minas na rota global das terras raras' data-link='https:\/\/www.tvuai.com.br\/portal\/projeto-em-pocos-de-caldas-coloca-sul-de-minas-na-rota-global-das-terras-raras\/' class='whatsapp-button whatsapp-share'>WhatsApp<\/a><div class='clear '><\/div><\/div><!-- AddThis Advanced Settings generic via filter on the_content --><!-- AddThis Share Buttons generic via filter on the_content -->","protected":false},"excerpt":{"rendered":"<p>Projeto em Po\u00e7os de Caldas refor\u00e7a papel de Minas Gerais na produ\u00e7\u00e3o de terras raras e amplia investimentos em minerais estrat\u00e9gicos O Sul de Minas volta a ganhar destaque no cen\u00e1rio internacional com o avan\u00e7o de um projeto estrat\u00e9gico voltado \u00e0 produ\u00e7\u00e3o de terras raras em Po\u00e7os de Caldas. A iniciativa refor\u00e7a o posicionamento de [&hellip;]<!-- AddThis Advanced Settings generic via filter on get_the_excerpt --><!-- AddThis Share Buttons generic via filter on get_the_excerpt --><\/p>\n","protected":false},"author":1,"featured_media":16491,"comment_status":"closed","ping_status":"closed","sticky":false,"template":"","format":"standard","meta":{"jetpack_post_was_ever_published":false,"_jetpack_newsletter_access":"","_jetpack_dont_email_post_to_subs":false,"_jetpack_newsletter_tier_id":0,"_jetpack_memberships_contains_paywalled_content":false,"_jetpack_memberships_contains_paid_content":false,"_joinchat":[],"footnotes":"","jetpack_publicize_message":"","jetpack_publicize_feature_enabled":true,"jetpack_social_post_already_shared":true,"jetpack_social_options":{"image_generator_settings":{"template":"highway","enabled":false},"version":2}},"categories":[1642,4,1815,19,6235],"tags":[6580,5382,913,862,731,6088,184,6823,8768,348,37,8767,39,89,2943,7896,27,8053,1618],"class_list":["post-16489","post","type-post","status-publish","format-standard","has-post-thumbnail","hentry","category-tecnologia","category-destaque","category-economia","category-noticias","category-sociais","tag-desenvolvimento-regional","tag-economia","tag-governo-de-minas-gerais","tag-industria","tag-invest-minas","tag-investimentos","tag-minas-gerais","tag-mineracao","tag-minerais-criticos","tag-pocos-de-caldas","tag-pouso-alegre","tag-power-minerals","tag-sul-de-minas","tag-tecnologia","tag-terras-raras","tag-transicao-energetica","tag-tv-uai","tag-tv-uai-26-anos-ainda-estamos-aqui-ainda-independentes","tag-tv-uai-pouso-alegre"],"jetpack_publicize_connections":[],"yoast_head":"<!-- This site is optimized with the Yoast SEO plugin v23.5 - https:\/\/yoast.com\/wordpress\/plugins\/seo\/ -->\n<title>Projeto em Po\u00e7os de Caldas coloca Sul de Minas na rota global das terras raras - TVUAI<\/title>\n<meta name=\"robots\" content=\"index, follow, max-snippet:-1, max-image-preview:large, max-video-preview:-1\" \/>\n<link rel=\"canonical\" href=\"https:\/\/www.tvuai.com.br\/portal\/projeto-em-pocos-de-caldas-coloca-sul-de-minas-na-rota-global-das-terras-raras\/\" \/>\n<meta property=\"og:locale\" content=\"pt_BR\" \/>\n<meta property=\"og:type\" content=\"article\" \/>\n<meta property=\"og:title\" content=\"Projeto em Po\u00e7os de Caldas coloca Sul de Minas na rota global das terras raras - TVUAI\" \/>\n<meta property=\"og:description\" content=\"Projeto em Po\u00e7os de Caldas refor\u00e7a papel de Minas Gerais na produ\u00e7\u00e3o de terras raras e amplia investimentos em minerais estrat\u00e9gicos O Sul de Minas volta a ganhar destaque no cen\u00e1rio internacional com o avan\u00e7o de um projeto estrat\u00e9gico voltado \u00e0 produ\u00e7\u00e3o de terras raras em Po\u00e7os de Caldas. A iniciativa refor\u00e7a o posicionamento de [&hellip;]\" \/>\n<meta property=\"og:url\" content=\"https:\/\/www.tvuai.com.br\/portal\/projeto-em-pocos-de-caldas-coloca-sul-de-minas-na-rota-global-das-terras-raras\/\" \/>\n<meta property=\"og:site_name\" content=\"TVUAI\" \/>\n<meta property=\"article:publisher\" content=\"http:\/\/www.facebook.com\/pages\/TV-Uai-Comunica%c3%a7%c3%a3o\/139062546157369\" \/>\n<meta property=\"article:published_time\" content=\"2026-04-27T21:50:49+00:00\" \/>\n<meta property=\"article:modified_time\" content=\"2026-04-27T23:35:14+00:00\" \/>\n<meta property=\"og:image\" content=\"https:\/\/www.tvuai.com.br\/portal\/wp-content\/uploads\/2026\/04\/terras-raras-pocos0.jpg\" \/>\n\t<meta property=\"og:image:width\" content=\"200\" \/>\n\t<meta property=\"og:image:height\" content=\"200\" \/>\n\t<meta property=\"og:image:type\" content=\"image\/jpeg\" \/>\n<meta name=\"author\" content=\"tvuai\" \/>\n<meta name=\"twitter:card\" content=\"summary_large_image\" \/>\n<meta name=\"twitter:creator\" content=\"@tvuai\" \/>\n<meta name=\"twitter:site\" content=\"@tvuai\" \/>\n<meta name=\"twitter:label1\" content=\"Escrito por\" \/>\n\t<meta name=\"twitter:data1\" content=\"tvuai\" \/>\n\t<meta name=\"twitter:label2\" content=\"Est. tempo de leitura\" \/>\n\t<meta name=\"twitter:data2\" content=\"3 minutos\" \/>\n<script type=\"application\/ld+json\" class=\"yoast-schema-graph\">{\"@context\":\"https:\/\/schema.org\",\"@graph\":[{\"@type\":\"Article\",\"@id\":\"https:\/\/www.tvuai.com.br\/portal\/projeto-em-pocos-de-caldas-coloca-sul-de-minas-na-rota-global-das-terras-raras\/#article\",\"isPartOf\":{\"@id\":\"https:\/\/www.tvuai.com.br\/portal\/projeto-em-pocos-de-caldas-coloca-sul-de-minas-na-rota-global-das-terras-raras\/\"},\"author\":{\"name\":\"tvuai\",\"@id\":\"https:\/\/www.tvuai.com.br\/portal\/#\/schema\/person\/245e50e9127451fd0b7fd76f519ebbfe\"},\"headline\":\"Projeto em Po\u00e7os de Caldas coloca Sul de Minas na rota global das terras raras\",\"datePublished\":\"2026-04-27T21:50:49+00:00\",\"dateModified\":\"2026-04-27T23:35:14+00:00\",\"mainEntityOfPage\":{\"@id\":\"https:\/\/www.tvuai.com.br\/portal\/projeto-em-pocos-de-caldas-coloca-sul-de-minas-na-rota-global-das-terras-raras\/\"},\"wordCount\":460,\"publisher\":{\"@id\":\"https:\/\/www.tvuai.com.br\/portal\/#organization\"},\"image\":{\"@id\":\"https:\/\/www.tvuai.com.br\/portal\/projeto-em-pocos-de-caldas-coloca-sul-de-minas-na-rota-global-das-terras-raras\/#primaryimage\"},\"thumbnailUrl\":\"https:\/\/i0.wp.com\/www.tvuai.com.br\/portal\/wp-content\/uploads\/2026\/04\/terras-raras-pocos0.jpg?fit=200%2C200&ssl=1\",\"keywords\":[\"desenvolvimento regional\",\"economia\",\"governo de Minas Gerais\",\"Ind\u00fastria\",\"Invest Minas\",\"investimentos\",\"Minas Gerais\",\"minera\u00e7\u00e3o\",\"minerais cr\u00edticos\",\"Po\u00e7os de Caldas\",\"Pouso Alegre\",\"Power Minerals\",\"Sul de Minas\",\"tecnologia\",\"terras raras\",\"transi\u00e7\u00e3o energ\u00e9tica\",\"TV Uai\",\"TV UAI 26 anos ainda estamos aqui ainda independentes\",\"TV UAI Pouso Alegre\"],\"articleSection\":[\"Ci\u00eancia e Tecnologia\",\"Destaque\",\"Economia\",\"Not\u00edcias\",\"Sociais\"],\"inLanguage\":\"pt-BR\"},{\"@type\":\"WebPage\",\"@id\":\"https:\/\/www.tvuai.com.br\/portal\/projeto-em-pocos-de-caldas-coloca-sul-de-minas-na-rota-global-das-terras-raras\/\",\"url\":\"https:\/\/www.tvuai.com.br\/portal\/projeto-em-pocos-de-caldas-coloca-sul-de-minas-na-rota-global-das-terras-raras\/\",\"name\":\"Projeto em Po\u00e7os de Caldas coloca Sul de Minas na rota global das terras raras - TVUAI\",\"isPartOf\":{\"@id\":\"https:\/\/www.tvuai.com.br\/portal\/#website\"},\"primaryImageOfPage\":{\"@id\":\"https:\/\/www.tvuai.com.br\/portal\/projeto-em-pocos-de-caldas-coloca-sul-de-minas-na-rota-global-das-terras-raras\/#primaryimage\"},\"image\":{\"@id\":\"https:\/\/www.tvuai.com.br\/portal\/projeto-em-pocos-de-caldas-coloca-sul-de-minas-na-rota-global-das-terras-raras\/#primaryimage\"},\"thumbnailUrl\":\"https:\/\/i0.wp.com\/www.tvuai.com.br\/portal\/wp-content\/uploads\/2026\/04\/terras-raras-pocos0.jpg?fit=200%2C200&ssl=1\",\"datePublished\":\"2026-04-27T21:50:49+00:00\",\"dateModified\":\"2026-04-27T23:35:14+00:00\",\"breadcrumb\":{\"@id\":\"https:\/\/www.tvuai.com.br\/portal\/projeto-em-pocos-de-caldas-coloca-sul-de-minas-na-rota-global-das-terras-raras\/#breadcrumb\"},\"inLanguage\":\"pt-BR\",\"potentialAction\":[{\"@type\":\"ReadAction\",\"target\":[\"https:\/\/www.tvuai.com.br\/portal\/projeto-em-pocos-de-caldas-coloca-sul-de-minas-na-rota-global-das-terras-raras\/\"]}]},{\"@type\":\"ImageObject\",\"inLanguage\":\"pt-BR\",\"@id\":\"https:\/\/www.tvuai.com.br\/portal\/projeto-em-pocos-de-caldas-coloca-sul-de-minas-na-rota-global-das-terras-raras\/#primaryimage\",\"url\":\"https:\/\/i0.wp.com\/www.tvuai.com.br\/portal\/wp-content\/uploads\/2026\/04\/terras-raras-pocos0.jpg?fit=200%2C200&ssl=1\",\"contentUrl\":\"https:\/\/i0.wp.com\/www.tvuai.com.br\/portal\/wp-content\/uploads\/2026\/04\/terras-raras-pocos0.jpg?fit=200%2C200&ssl=1\",\"width\":200,\"height\":200},{\"@type\":\"BreadcrumbList\",\"@id\":\"https:\/\/www.tvuai.com.br\/portal\/projeto-em-pocos-de-caldas-coloca-sul-de-minas-na-rota-global-das-terras-raras\/#breadcrumb\",\"itemListElement\":[{\"@type\":\"ListItem\",\"position\":1,\"name\":\"In\u00edcio\",\"item\":\"https:\/\/www.tvuai.com.br\/portal\/\"},{\"@type\":\"ListItem\",\"position\":2,\"name\":\"Projeto em Po\u00e7os de Caldas coloca Sul de Minas na rota global das terras raras\"}]},{\"@type\":\"WebSite\",\"@id\":\"https:\/\/www.tvuai.com.br\/portal\/#website\",\"url\":\"https:\/\/www.tvuai.com.br\/portal\/\",\"name\":\"TVUAI\",\"description\":\"Tudo sobre o Sul de Minas\",\"publisher\":{\"@id\":\"https:\/\/www.tvuai.com.br\/portal\/#organization\"},\"potentialAction\":[{\"@type\":\"SearchAction\",\"target\":{\"@type\":\"EntryPoint\",\"urlTemplate\":\"https:\/\/www.tvuai.com.br\/portal\/?s={search_term_string}\"},\"query-input\":{\"@type\":\"PropertyValueSpecification\",\"valueRequired\":true,\"valueName\":\"search_term_string\"}}],\"inLanguage\":\"pt-BR\"},{\"@type\":\"Organization\",\"@id\":\"https:\/\/www.tvuai.com.br\/portal\/#organization\",\"name\":\"TVUAI\",\"url\":\"https:\/\/www.tvuai.com.br\/portal\/\",\"logo\":{\"@type\":\"ImageObject\",\"inLanguage\":\"pt-BR\",\"@id\":\"https:\/\/www.tvuai.com.br\/portal\/#\/schema\/logo\/image\/\",\"url\":\"https:\/\/i0.wp.com\/www.tvuai.com.br\/portal\/wp-content\/uploads\/2017\/12\/logo_tvuai_100H.png?fit=207%2C100&ssl=1\",\"contentUrl\":\"https:\/\/i0.wp.com\/www.tvuai.com.br\/portal\/wp-content\/uploads\/2017\/12\/logo_tvuai_100H.png?fit=207%2C100&ssl=1\",\"width\":207,\"height\":100,\"caption\":\"TVUAI\"},\"image\":{\"@id\":\"https:\/\/www.tvuai.com.br\/portal\/#\/schema\/logo\/image\/\"},\"sameAs\":[\"http:\/\/www.facebook.com\/pages\/TV-Uai-Comunica\u00e7\u00e3o\/139062546157369\",\"https:\/\/x.com\/tvuai\",\"https:\/\/www.instagram.com\/tvuai_network\/\",\"https:\/\/www.youtube.com\/channel\/UCB7ZPB3wRv-OpoZ_09jmnkQ\"]},{\"@type\":\"Person\",\"@id\":\"https:\/\/www.tvuai.com.br\/portal\/#\/schema\/person\/245e50e9127451fd0b7fd76f519ebbfe\",\"name\":\"tvuai\",\"url\":\"https:\/\/www.tvuai.com.br\/portal\/author\/tvuai\/\"}]}<\/script>\n<!-- \/ Yoast SEO plugin. -->","yoast_head_json":{"title":"Projeto em Po\u00e7os de Caldas coloca Sul de Minas na rota global das terras raras - TVUAI","robots":{"index":"index","follow":"follow","max-snippet":"max-snippet:-1","max-image-preview":"max-image-preview:large","max-video-preview":"max-video-preview:-1"},"canonical":"https:\/\/www.tvuai.com.br\/portal\/projeto-em-pocos-de-caldas-coloca-sul-de-minas-na-rota-global-das-terras-raras\/","og_locale":"pt_BR","og_type":"article","og_title":"Projeto em Po\u00e7os de Caldas coloca Sul de Minas na rota global das terras raras - TVUAI","og_description":"Projeto em Po\u00e7os de Caldas refor\u00e7a papel de Minas Gerais na produ\u00e7\u00e3o de terras raras e amplia investimentos em minerais estrat\u00e9gicos O Sul de Minas volta a ganhar destaque no cen\u00e1rio internacional com o avan\u00e7o de um projeto estrat\u00e9gico voltado \u00e0 produ\u00e7\u00e3o de terras raras em Po\u00e7os de Caldas. A iniciativa refor\u00e7a o posicionamento de [&hellip;]","og_url":"https:\/\/www.tvuai.com.br\/portal\/projeto-em-pocos-de-caldas-coloca-sul-de-minas-na-rota-global-das-terras-raras\/","og_site_name":"TVUAI","article_publisher":"http:\/\/www.facebook.com\/pages\/TV-Uai-Comunica%c3%a7%c3%a3o\/139062546157369","article_published_time":"2026-04-27T21:50:49+00:00","article_modified_time":"2026-04-27T23:35:14+00:00","og_image":[{"width":200,"height":200,"url":"https:\/\/www.tvuai.com.br\/portal\/wp-content\/uploads\/2026\/04\/terras-raras-pocos0.jpg","type":"image\/jpeg"}],"author":"tvuai","twitter_card":"summary_large_image","twitter_creator":"@tvuai","twitter_site":"@tvuai","twitter_misc":{"Escrito por":"tvuai","Est. tempo de leitura":"3 minutos"},"schema":{"@context":"https:\/\/schema.org","@graph":[{"@type":"Article","@id":"https:\/\/www.tvuai.com.br\/portal\/projeto-em-pocos-de-caldas-coloca-sul-de-minas-na-rota-global-das-terras-raras\/#article","isPartOf":{"@id":"https:\/\/www.tvuai.com.br\/portal\/projeto-em-pocos-de-caldas-coloca-sul-de-minas-na-rota-global-das-terras-raras\/"},"author":{"name":"tvuai","@id":"https:\/\/www.tvuai.com.br\/portal\/#\/schema\/person\/245e50e9127451fd0b7fd76f519ebbfe"},"headline":"Projeto em Po\u00e7os de Caldas coloca Sul de Minas na rota global das terras raras","datePublished":"2026-04-27T21:50:49+00:00","dateModified":"2026-04-27T23:35:14+00:00","mainEntityOfPage":{"@id":"https:\/\/www.tvuai.com.br\/portal\/projeto-em-pocos-de-caldas-coloca-sul-de-minas-na-rota-global-das-terras-raras\/"},"wordCount":460,"publisher":{"@id":"https:\/\/www.tvuai.com.br\/portal\/#organization"},"image":{"@id":"https:\/\/www.tvuai.com.br\/portal\/projeto-em-pocos-de-caldas-coloca-sul-de-minas-na-rota-global-das-terras-raras\/#primaryimage"},"thumbnailUrl":"https:\/\/i0.wp.com\/www.tvuai.com.br\/portal\/wp-content\/uploads\/2026\/04\/terras-raras-pocos0.jpg?fit=200%2C200&ssl=1","keywords":["desenvolvimento regional","economia","governo de Minas Gerais","Ind\u00fastria","Invest Minas","investimentos","Minas Gerais","minera\u00e7\u00e3o","minerais cr\u00edticos","Po\u00e7os de Caldas","Pouso Alegre","Power Minerals","Sul de Minas","tecnologia","terras raras","transi\u00e7\u00e3o energ\u00e9tica","TV Uai","TV UAI 26 anos ainda estamos aqui ainda independentes","TV UAI Pouso Alegre"],"articleSection":["Ci\u00eancia e Tecnologia","Destaque","Economia","Not\u00edcias","Sociais"],"inLanguage":"pt-BR"},{"@type":"WebPage","@id":"https:\/\/www.tvuai.com.br\/portal\/projeto-em-pocos-de-caldas-coloca-sul-de-minas-na-rota-global-das-terras-raras\/","url":"https:\/\/www.tvuai.com.br\/portal\/projeto-em-pocos-de-caldas-coloca-sul-de-minas-na-rota-global-das-terras-raras\/","name":"Projeto em Po\u00e7os de Caldas coloca Sul de Minas na rota global das terras raras - TVUAI","isPartOf":{"@id":"https:\/\/www.tvuai.com.br\/portal\/#website"},"primaryImageOfPage":{"@id":"https:\/\/www.tvuai.com.br\/portal\/projeto-em-pocos-de-caldas-coloca-sul-de-minas-na-rota-global-das-terras-raras\/#primaryimage"},"image":{"@id":"https:\/\/www.tvuai.com.br\/portal\/projeto-em-pocos-de-caldas-coloca-sul-de-minas-na-rota-global-das-terras-raras\/#primaryimage"},"thumbnailUrl":"https:\/\/i0.wp.com\/www.tvuai.com.br\/portal\/wp-content\/uploads\/2026\/04\/terras-raras-pocos0.jpg?fit=200%2C200&ssl=1","datePublished":"2026-04-27T21:50:49+00:00","dateModified":"2026-04-27T23:35:14+00:00","breadcrumb":{"@id":"https:\/\/www.tvuai.com.br\/portal\/projeto-em-pocos-de-caldas-coloca-sul-de-minas-na-rota-global-das-terras-raras\/#breadcrumb"},"inLanguage":"pt-BR","potentialAction":[{"@type":"ReadAction","target":["https:\/\/www.tvuai.com.br\/portal\/projeto-em-pocos-de-caldas-coloca-sul-de-minas-na-rota-global-das-terras-raras\/"]}]},{"@type":"ImageObject","inLanguage":"pt-BR","@id":"https:\/\/www.tvuai.com.br\/portal\/projeto-em-pocos-de-caldas-coloca-sul-de-minas-na-rota-global-das-terras-raras\/#primaryimage","url":"https:\/\/i0.wp.com\/www.tvuai.com.br\/portal\/wp-content\/uploads\/2026\/04\/terras-raras-pocos0.jpg?fit=200%2C200&ssl=1","contentUrl":"https:\/\/i0.wp.com\/www.tvuai.com.br\/portal\/wp-content\/uploads\/2026\/04\/terras-raras-pocos0.jpg?fit=200%2C200&ssl=1","width":200,"height":200},{"@type":"BreadcrumbList","@id":"https:\/\/www.tvuai.com.br\/portal\/projeto-em-pocos-de-caldas-coloca-sul-de-minas-na-rota-global-das-terras-raras\/#breadcrumb","itemListElement":[{"@type":"ListItem","position":1,"name":"In\u00edcio","item":"https:\/\/www.tvuai.com.br\/portal\/"},{"@type":"ListItem","position":2,"name":"Projeto em Po\u00e7os de Caldas coloca Sul de Minas na rota global das terras raras"}]},{"@type":"WebSite","@id":"https:\/\/www.tvuai.com.br\/portal\/#website","url":"https:\/\/www.tvuai.com.br\/portal\/","name":"TVUAI","description":"Tudo sobre o Sul de Minas","publisher":{"@id":"https:\/\/www.tvuai.com.br\/portal\/#organization"},"potentialAction":[{"@type":"SearchAction","target":{"@type":"EntryPoint","urlTemplate":"https:\/\/www.tvuai.com.br\/portal\/?s={search_term_string}"},"query-input":{"@type":"PropertyValueSpecification","valueRequired":true,"valueName":"search_term_string"}}],"inLanguage":"pt-BR"},{"@type":"Organization","@id":"https:\/\/www.tvuai.com.br\/portal\/#organization","name":"TVUAI","url":"https:\/\/www.tvuai.com.br\/portal\/","logo":{"@type":"ImageObject","inLanguage":"pt-BR","@id":"https:\/\/www.tvuai.com.br\/portal\/#\/schema\/logo\/image\/","url":"https:\/\/i0.wp.com\/www.tvuai.com.br\/portal\/wp-content\/uploads\/2017\/12\/logo_tvuai_100H.png?fit=207%2C100&ssl=1","contentUrl":"https:\/\/i0.wp.com\/www.tvuai.com.br\/portal\/wp-content\/uploads\/2017\/12\/logo_tvuai_100H.png?fit=207%2C100&ssl=1","width":207,"height":100,"caption":"TVUAI"},"image":{"@id":"https:\/\/www.tvuai.com.br\/portal\/#\/schema\/logo\/image\/"},"sameAs":["http:\/\/www.facebook.com\/pages\/TV-Uai-Comunica\u00e7\u00e3o\/139062546157369","https:\/\/x.com\/tvuai","https:\/\/www.instagram.com\/tvuai_network\/","https:\/\/www.youtube.com\/channel\/UCB7ZPB3wRv-OpoZ_09jmnkQ"]},{"@type":"Person","@id":"https:\/\/www.tvuai.com.br\/portal\/#\/schema\/person\/245e50e9127451fd0b7fd76f519ebbfe","name":"tvuai","url":"https:\/\/www.tvuai.com.br\/portal\/author\/tvuai\/"}]}},"jetpack_featured_media_url":"https:\/\/i0.wp.com\/www.tvuai.com.br\/portal\/wp-content\/uploads\/2026\/04\/terras-raras-pocos0.jpg?fit=200%2C200&ssl=1","wpmagazine_modules_lite_featured_media_urls":{"thumbnail":["https:\/\/i0.wp.com\/www.tvuai.com.br\/portal\/wp-content\/uploads\/2026\/04\/terras-raras-pocos0.jpg?resize=150%2C150&ssl=1",150,150,true],"cvmm-medium":["https:\/\/i0.wp.com\/www.tvuai.com.br\/portal\/wp-content\/uploads\/2026\/04\/terras-raras-pocos0.jpg?resize=200%2C200&ssl=1",200,200,true],"cvmm-medium-plus":["https:\/\/i0.wp.com\/www.tvuai.com.br\/portal\/wp-content\/uploads\/2026\/04\/terras-raras-pocos0.jpg?resize=200%2C200&ssl=1",200,200,true],"cvmm-portrait":["https:\/\/i0.wp.com\/www.tvuai.com.br\/portal\/wp-content\/uploads\/2026\/04\/terras-raras-pocos0.jpg?resize=200%2C200&ssl=1",200,200,true],"cvmm-medium-square":["https:\/\/i0.wp.com\/www.tvuai.com.br\/portal\/wp-content\/uploads\/2026\/04\/terras-raras-pocos0.jpg?resize=200%2C200&ssl=1",200,200,true],"cvmm-large":["https:\/\/i0.wp.com\/www.tvuai.com.br\/portal\/wp-content\/uploads\/2026\/04\/terras-raras-pocos0.jpg?resize=200%2C200&ssl=1",200,200,true],"cvmm-small":["https:\/\/i0.wp.com\/www.tvuai.com.br\/portal\/wp-content\/uploads\/2026\/04\/terras-raras-pocos0.jpg?resize=130%2C95&ssl=1",130,95,true],"full":["https:\/\/i0.wp.com\/www.tvuai.com.br\/portal\/wp-content\/uploads\/2026\/04\/terras-raras-pocos0.jpg?fit=200%2C200&ssl=1",200,200,false]},"categories_names":{"1642":{"name":"Ci\u00eancia e Tecnologia","link":"https:\/\/www.tvuai.com.br\/portal\/category\/tecnologia\/"},"4":{"name":"Destaque","link":"https:\/\/www.tvuai.com.br\/portal\/category\/destaque\/"},"1815":{"name":"Economia","link":"https:\/\/www.tvuai.com.br\/portal\/category\/economia\/"},"19":{"name":"Not\u00edcias","link":"https:\/\/www.tvuai.com.br\/portal\/category\/noticias\/"},"6235":{"name":"Sociais","link":"https:\/\/www.tvuai.com.br\/portal\/category\/sociais\/"}},"tags_names":{"6580":{"name":"desenvolvimento regional","link":"https:\/\/www.tvuai.com.br\/portal\/tag\/desenvolvimento-regional\/"},"5382":{"name":"economia","link":"https:\/\/www.tvuai.com.br\/portal\/tag\/economia\/"},"913":{"name":"governo de Minas Gerais","link":"https:\/\/www.tvuai.com.br\/portal\/tag\/governo-de-minas-gerais\/"},"862":{"name":"Ind\u00fastria","link":"https:\/\/www.tvuai.com.br\/portal\/tag\/industria\/"},"731":{"name":"Invest Minas","link":"https:\/\/www.tvuai.com.br\/portal\/tag\/invest-minas\/"},"6088":{"name":"investimentos","link":"https:\/\/www.tvuai.com.br\/portal\/tag\/investimentos\/"},"184":{"name":"Minas Gerais","link":"https:\/\/www.tvuai.com.br\/portal\/tag\/minas-gerais\/"},"6823":{"name":"minera\u00e7\u00e3o","link":"https:\/\/www.tvuai.com.br\/portal\/tag\/mineracao\/"},"8768":{"name":"minerais cr\u00edticos","link":"https:\/\/www.tvuai.com.br\/portal\/tag\/minerais-criticos\/"},"348":{"name":"Po\u00e7os de Caldas","link":"https:\/\/www.tvuai.com.br\/portal\/tag\/pocos-de-caldas\/"},"37":{"name":"Pouso Alegre","link":"https:\/\/www.tvuai.com.br\/portal\/tag\/pouso-alegre\/"},"8767":{"name":"Power Minerals","link":"https:\/\/www.tvuai.com.br\/portal\/tag\/power-minerals\/"},"39":{"name":"Sul de Minas","link":"https:\/\/www.tvuai.com.br\/portal\/tag\/sul-de-minas\/"},"89":{"name":"tecnologia","link":"https:\/\/www.tvuai.com.br\/portal\/tag\/tecnologia\/"},"2943":{"name":"terras raras","link":"https:\/\/www.tvuai.com.br\/portal\/tag\/terras-raras\/"},"7896":{"name":"transi\u00e7\u00e3o energ\u00e9tica","link":"https:\/\/www.tvuai.com.br\/portal\/tag\/transicao-energetica\/"},"27":{"name":"TV Uai","link":"https:\/\/www.tvuai.com.br\/portal\/tag\/tv-uai\/"},"8053":{"name":"TV UAI 26 anos ainda estamos aqui ainda independentes","link":"https:\/\/www.tvuai.com.br\/portal\/tag\/tv-uai-26-anos-ainda-estamos-aqui-ainda-independentes\/"},"1618":{"name":"TV UAI Pouso Alegre","link":"https:\/\/www.tvuai.com.br\/portal\/tag\/tv-uai-pouso-alegre\/"}},"comments_number":"0","jetpack_shortlink":"https:\/\/wp.me\/p9woix-4hX","jetpack_sharing_enabled":true,"_links":{"self":[{"href":"https:\/\/www.tvuai.com.br\/portal\/wp-json\/wp\/v2\/posts\/16489"}],"collection":[{"href":"https:\/\/www.tvuai.com.br\/portal\/wp-json\/wp\/v2\/posts"}],"about":[{"href":"https:\/\/www.tvuai.com.br\/portal\/wp-json\/wp\/v2\/types\/post"}],"author":[{"embeddable":true,"href":"https:\/\/www.tvuai.com.br\/portal\/wp-json\/wp\/v2\/users\/1"}],"replies":[{"embeddable":true,"href":"https:\/\/www.tvuai.com.br\/portal\/wp-json\/wp\/v2\/comments?post=16489"}],"version-history":[{"count":2,"href":"https:\/\/www.tvuai.com.br\/portal\/wp-json\/wp\/v2\/posts\/16489\/revisions"}],"predecessor-version":[{"id":16493,"href":"https:\/\/www.tvuai.com.br\/portal\/wp-json\/wp\/v2\/posts\/16489\/revisions\/16493"}],"wp:featuredmedia":[{"embeddable":true,"href":"https:\/\/www.tvuai.com.br\/portal\/wp-json\/wp\/v2\/media\/16491"}],"wp:attachment":[{"href":"https:\/\/www.tvuai.com.br\/portal\/wp-json\/wp\/v2\/media?parent=16489"}],"wp:term":[{"taxonomy":"category","embeddable":true,"href":"https:\/\/www.tvuai.com.br\/portal\/wp-json\/wp\/v2\/categories?post=16489"},{"taxonomy":"post_tag","embeddable":true,"href":"https:\/\/www.tvuai.com.br\/portal\/wp-json\/wp\/v2\/tags?post=16489"}],"curies":[{"name":"wp","href":"https:\/\/api.w.org\/{rel}","templated":true}]}}