{"id":16480,"date":"2026-04-27T18:53:10","date_gmt":"2026-04-27T21:53:10","guid":{"rendered":"https:\/\/www.tvuai.com.br\/portal\/?p=16480"},"modified":"2026-04-27T19:18:55","modified_gmt":"2026-04-27T22:18:55","slug":"pouso-alegre-expoe-denuncias-de-trabalho-escravo-no-sul-de-minas-estado-lidera-resgates-no-brasil","status":"publish","type":"post","link":"https:\/\/www.tvuai.com.br\/portal\/pouso-alegre-expoe-denuncias-de-trabalho-escravo-no-sul-de-minas-estado-lidera-resgates-no-brasil\/","title":{"rendered":"Pouso Alegre exp\u00f5e den\u00fancias de trabalho escravo no Sul de Minas; estado lidera resgates no Brasil"},"content":{"rendered":"<div class=\"5a1038e0903b96d426fcfcc338703013\" data-index=\"1\" style=\"float: right; margin:10px 0 10px 10px;\">\n<script async src=\"https:\/\/pagead2.googlesyndication.com\/pagead\/js\/adsbygoogle.js?client=ca-pub-9945944833605257\"\r\n     crossorigin=\"anonymous\"><\/script>\r\n<ins class=\"adsbygoogle\"\r\n     style=\"display:block; text-align:center;\"\r\n     data-ad-layout=\"in-article\"\r\n     data-ad-format=\"fluid\"\r\n     data-ad-client=\"ca-pub-9945944833605257\"\r\n     data-ad-slot=\"2343923581\"><\/ins>\r\n<script>\r\n     (adsbygoogle = window.adsbygoogle || []).push({});\r\n<\/script>\n<\/div>\n<div class=\"relative basis-auto flex-col -mb-(--composer-overlap-px) pb-(--composer-overlap-px) [--composer-overlap-px:28px] grow flex\">\n<div class=\"flex flex-col text-sm\">\n<section class=\"text-token-text-primary w-full focus:outline-none [--shadow-height:45px] has-data-writing-block:pointer-events-none has-data-writing-block:-mt-(--shadow-height) has-data-writing-block:pt-(--shadow-height) [&amp;:has([data-writing-block])&gt;*]:pointer-events-auto [content-visibility:auto] supports-[content-visibility:auto]:[contain-intrinsic-size:auto_100lvh] R6Vx5W_threadScrollVars scroll-mb-[calc(var(--scroll-root-safe-area-inset-bottom,0px)+var(--thread-response-height))] scroll-mt-[calc(var(--header-height)+min(200px,max(70px,20svh)))]\" dir=\"auto\" data-turn-id=\"request-69ed3a23-342c-83e9-aee6-75680ccfe883-14\" data-testid=\"conversation-turn-112\" data-scroll-anchor=\"false\" data-turn=\"assistant\">\n<div class=\"text-base my-auto mx-auto pb-10 [--thread-content-margin:var(--thread-content-margin-xs,calc(var(--spacing)*4))] @w-sm\/main:[--thread-content-margin:var(--thread-content-margin-sm,calc(var(--spacing)*6))] @w-lg\/main:[--thread-content-margin:var(--thread-content-margin-lg,calc(var(--spacing)*16))] px-(--thread-content-margin)\">\n<div class=\"[--thread-content-max-width:40rem] @w-lg\/main:[--thread-content-max-width:48rem] mx-auto max-w-(--thread-content-max-width) flex-1 group\/turn-messages focus-visible:outline-hidden relative flex w-full min-w-0 flex-col agent-turn\">\n<div class=\"flex max-w-full flex-col gap-4 grow\">\n<div class=\"min-h-8 text-message relative flex w-full flex-col items-end gap-2 text-start break-words whitespace-normal outline-none keyboard-focused:focus-ring [.text-message+&amp;]:mt-1\" dir=\"auto\" tabindex=\"0\" data-message-author-role=\"assistant\" data-message-id=\"ddeb6b1a-8d2e-4842-a274-bbdba993c4cb\" data-message-model-slug=\"gpt-5-3\" data-turn-start-message=\"true\">\n<div class=\"flex w-full flex-col gap-1 empty:hidden\">\n<div class=\"markdown prose dark:prose-invert w-full wrap-break-word light markdown-new-styling\">\n<h5 style=\"text-align: center;\" data-start=\"235\" data-end=\"349\"><em>Relatos apontam trabalhadores sem \u00e1gua, banheiro e descanso; Minas concentra quase 20% dos casos do pa\u00eds<\/em><\/h5>\n<p data-start=\"356\" data-end=\"594\"><img data-recalc-dims=\"1\" fetchpriority=\"high\" decoding=\"async\" data-attachment-id=\"16483\" data-permalink=\"https:\/\/www.tvuai.com.br\/portal\/pouso-alegre-expoe-denuncias-de-trabalho-escravo-no-sul-de-minas-estado-lidera-resgates-no-brasil\/camara-escravo\/\" data-orig-file=\"https:\/\/i0.wp.com\/www.tvuai.com.br\/portal\/wp-content\/uploads\/2026\/04\/Camara-escravo.jpg?fit=800%2C515&amp;ssl=1\" data-orig-size=\"800,515\" data-comments-opened=\"0\" data-image-meta=\"{&quot;aperture&quot;:&quot;0&quot;,&quot;credit&quot;:&quot;&quot;,&quot;camera&quot;:&quot;&quot;,&quot;caption&quot;:&quot;&quot;,&quot;created_timestamp&quot;:&quot;0&quot;,&quot;copyright&quot;:&quot;&quot;,&quot;focal_length&quot;:&quot;0&quot;,&quot;iso&quot;:&quot;0&quot;,&quot;shutter_speed&quot;:&quot;0&quot;,&quot;title&quot;:&quot;&quot;,&quot;orientation&quot;:&quot;0&quot;}\" data-image-title=\"C\u00e2mara escravo\" data-image-description=\"\" data-image-caption=\"\" data-medium-file=\"https:\/\/i0.wp.com\/www.tvuai.com.br\/portal\/wp-content\/uploads\/2026\/04\/Camara-escravo.jpg?fit=300%2C193&amp;ssl=1\" data-large-file=\"https:\/\/i0.wp.com\/www.tvuai.com.br\/portal\/wp-content\/uploads\/2026\/04\/Camara-escravo.jpg?fit=640%2C412&amp;ssl=1\" tabindex=\"0\" role=\"button\" class=\"aligncenter size-full wp-image-16483\" src=\"https:\/\/i0.wp.com\/www.tvuai.com.br\/portal\/wp-content\/uploads\/2026\/04\/Camara-escravo.jpg?resize=640%2C412&#038;ssl=1\" alt=\"\" width=\"640\" height=\"412\" srcset=\"https:\/\/i0.wp.com\/www.tvuai.com.br\/portal\/wp-content\/uploads\/2026\/04\/Camara-escravo.jpg?w=800&amp;ssl=1 800w, https:\/\/i0.wp.com\/www.tvuai.com.br\/portal\/wp-content\/uploads\/2026\/04\/Camara-escravo.jpg?resize=300%2C193&amp;ssl=1 300w, https:\/\/i0.wp.com\/www.tvuai.com.br\/portal\/wp-content\/uploads\/2026\/04\/Camara-escravo.jpg?resize=768%2C494&amp;ssl=1 768w\" sizes=\"(max-width: 640px) 100vw, 640px\" \/><\/p>\n<h5 style=\"text-align: center;\" data-start=\"306\" data-end=\"416\"><em><strong>Audi\u00eancia em Pouso Alegre revelou den\u00fancias graves de trabalho escravo<\/strong><\/em><\/h5>\n<p data-start=\"423\" data-end=\"771\"><span class=\"hover:entity-accent entity-underline inline cursor-pointer align-baseline\"><span class=\"whitespace-normal\">Pouso Alegre<\/span><\/span> foi palco de uma audi\u00eancia p\u00fablica marcada por den\u00fancias graves de trabalho an\u00e1logo \u00e0 escravid\u00e3o no Sul de Minas. A audi\u00eancia p\u00fablica realizada na \u00faltima sexta-feira, 24, na C\u00e2mara Municipal de Pouso Alegre, reuniu autoridades, representantes de trabalhadores e \u00f3rg\u00e3os de fiscaliza\u00e7\u00e3o, com relatos de condi\u00e7\u00f5es degradantes que ainda persistem na regi\u00e3o.<\/p>\n<p data-start=\"773\" data-end=\"961\">Entre as den\u00fancias apresentadas est\u00e3o trabalhadores sem acesso a \u00e1gua pot\u00e1vel, alimenta\u00e7\u00e3o prec\u00e1ria, aus\u00eancia de banheiros e pessoas obrigadas a dormir no ch\u00e3o ou at\u00e9 debaixo de caminh\u00f5es.<\/p>\n<p style=\"text-align: center;\" data-start=\"773\" data-end=\"961\"><strong>Relatos chocam e exp\u00f5em falhas<\/strong><\/p>\n<p data-start=\"1007\" data-end=\"1203\">Durante o encontro, o superintendente regional do Minist\u00e9rio do Trabalho em Minas Gerais, Carlos Calazans, afirmou que, em muitos casos, nem o m\u00ednimo exigido por lei \u00e9 garantido aos trabalhadores.<\/p>\n<p data-start=\"1205\" data-end=\"1505\">Um dos momentos mais impactantes foi o depoimento de Jorge Ferreira dos Santos Filho, da Articula\u00e7\u00e3o dos Empregados Rurais de Minas Gerais. Ele relatou ter sido v\u00edtima de trabalho escravo em quatro ocasi\u00f5es, entre os 10 e 21 anos, e afirmou nunca ter sido resgatado, apontando falhas na fiscaliza\u00e7\u00e3o.<\/p>\n<p data-start=\"1507\" data-end=\"1673\">Tamb\u00e9m houve relatos de resgates em que trabalhadores consumiam alimentos estragados e, mesmo nessas condi\u00e7\u00f5es, demonstravam medo e submiss\u00e3o diante dos empregadores.<\/p>\n<p style=\"text-align: center;\" data-start=\"1507\" data-end=\"1673\"><strong>Minas Gerais lidera casos no Brasil<\/strong><\/p>\n<p data-start=\"1714\" data-end=\"1929\">Dados apresentados durante a audi\u00eancia refor\u00e7am o cen\u00e1rio preocupante. Minas Gerais lidera, pelo segundo ano consecutivo (2024 e 2025), o n\u00famero de resgates de trabalhadores em situa\u00e7\u00e3o an\u00e1loga \u00e0 escravid\u00e3o no pa\u00eds.<\/p>\n<p data-start=\"1931\" data-end=\"2016\">Mais de mil pessoas foram resgatadas recentemente em condi\u00e7\u00f5es degradantes no estado.<\/p>\n<p data-start=\"2018\" data-end=\"2104\">Al\u00e9m disso, quase 20% das den\u00fancias registradas no Brasil est\u00e3o em territ\u00f3rio mineiro.<\/p>\n<p style=\"text-align: center;\" data-start=\"2018\" data-end=\"2104\"><strong>Cafeicultura concentra maior n\u00famero de ocorr\u00eancias<\/strong><\/p>\n<p data-start=\"2170\" data-end=\"2290\">Entre os setores mais afetados, a cafeicultura \u2014 especialmente forte no Sul de Minas \u2014 concentra cerca de 34% dos casos.<\/p>\n<p data-start=\"2292\" data-end=\"2326\">Tamb\u00e9m foram citados registros em:<\/p>\n<ul data-start=\"2327\" data-end=\"2417\">\n<li data-section-id=\"1fytcob\" data-start=\"2327\" data-end=\"2343\">agropecu\u00e1ria<\/li>\n<li data-section-id=\"9sfffc\" data-start=\"2344\" data-end=\"2364\">constru\u00e7\u00e3o civil<\/li>\n<li data-section-id=\"194sjk9\" data-start=\"2365\" data-end=\"2379\">carvoarias<\/li>\n<li data-section-id=\"k6y6pa\" data-start=\"2380\" data-end=\"2394\">confec\u00e7\u00f5es<\/li>\n<li data-section-id=\"voxgcq\" data-start=\"2395\" data-end=\"2417\">trabalho dom\u00e9stico<\/li>\n<\/ul>\n<p style=\"text-align: center;\" data-section-id=\"vh3jl9\" data-start=\"2424\" data-end=\"2463\"><strong>Casos crescem nas \u00e1reas urbanas<\/strong><\/p>\n<p data-start=\"2465\" data-end=\"2666\">Outro dado que chama aten\u00e7\u00e3o \u00e9 a mudan\u00e7a no perfil das ocorr\u00eancias. Pela primeira vez, a maioria dos resgates no Brasil ocorre em \u00e1reas urbanas, tend\u00eancia que tamb\u00e9m j\u00e1 \u00e9 observada em cidades mineiras.<\/p>\n<p data-start=\"2668\" data-end=\"2758\">Casos t\u00eam sido registrados inclusive em \u00e1reas nobres, especialmente no trabalho dom\u00e9stico.<\/p>\n<p style=\"text-align: center;\" data-start=\"2668\" data-end=\"2758\"><strong>Perfil das v\u00edtimas e medidas discutidas<\/strong><\/p>\n<p data-start=\"2813\" data-end=\"2953\">Segundo participantes da audi\u00eancia, pessoas negras, ind\u00edgenas e imigrantes est\u00e3o entre os grupos mais vulner\u00e1veis a esse tipo de explora\u00e7\u00e3o.<\/p>\n<p data-start=\"2955\" data-end=\"3001\">Entre as medidas defendidas no encontro est\u00e3o:<\/p>\n<ul data-start=\"3002\" data-end=\"3166\">\n<li data-section-id=\"112g1ab\" data-start=\"3002\" data-end=\"3073\">amplia\u00e7\u00e3o da divulga\u00e7\u00e3o da chamada \u201clista suja\u201d do trabalho escravo<\/li>\n<li data-section-id=\"1h3mn03\" data-start=\"3074\" data-end=\"3114\">melhoria nas condi\u00e7\u00f5es de alojamento<\/li>\n<li data-section-id=\"1on3lys\" data-start=\"3115\" data-end=\"3166\">a\u00e7\u00f5es de acolhimento e capacita\u00e7\u00e3o profissional<\/li>\n<\/ul>\n<p data-start=\"3168\" data-end=\"3249\">O objetivo \u00e9 evitar que trabalhadores resgatados retornem ao ciclo de explora\u00e7\u00e3o.<\/p>\n<p data-start=\"3251\" data-end=\"3398\">Ao final da audi\u00eancia, foi anunciado um pedido de provid\u00eancias para apurar irregularidades em contratos de trabalho denunciados durante o encontro.<\/p>\n<p style=\"text-align: center;\" data-start=\"3251\" data-end=\"3398\"><strong>Participa\u00e7\u00e3o institucional<\/strong><\/p>\n<p data-start=\"3441\" data-end=\"3663\">A audi\u00eancia contou com a participa\u00e7\u00e3o do <span class=\"hover:entity-accent entity-underline inline cursor-pointer align-baseline\"><span class=\"whitespace-normal\">Tribunal Regional do Trabalho da 3\u00aa Regi\u00e3o<\/span><\/span>, representado pela desembargadora <span class=\"hover:entity-accent entity-underline inline cursor-pointer align-baseline\"><span class=\"whitespace-normal\">Juliana Vignoli<\/span><\/span>, que atua no enfrentamento ao trabalho escravo e ao tr\u00e1fico de pessoas.<\/p>\n<p data-start=\"3665\" data-end=\"3770\">O encontro teve como foco discutir medidas de preven\u00e7\u00e3o e repress\u00e3o diante do avan\u00e7o dos casos no estado. O cen\u00e1rio exposto em Pouso Alegre refor\u00e7a que o trabalho escravo contempor\u00e2neo segue presente e exige respostas mais r\u00e1pidas e eficazes das autoridades.<\/p>\n<\/div>\n<\/div>\n<\/div>\n<\/div>\n<\/div>\n<\/div>\n<\/section>\n<\/div>\n<\/div>\n\n<div style=\"font-size: 0px; height: 0px; line-height: 0px; margin: 0; padding: 0; clear: both;\"><\/div><div class='share-to-whatsapp-wrapper'><div class='share-on-whsp'>Share on: <\/div><a data-text='Pouso Alegre exp\u00f5e den\u00fancias de trabalho escravo no Sul de Minas; estado lidera resgates no Brasil' data-link='https:\/\/www.tvuai.com.br\/portal\/pouso-alegre-expoe-denuncias-de-trabalho-escravo-no-sul-de-minas-estado-lidera-resgates-no-brasil\/' class='whatsapp-button whatsapp-share'>WhatsApp<\/a><div class='clear '><\/div><\/div><!-- AddThis Advanced Settings generic via filter on the_content --><!-- AddThis Share Buttons generic via filter on the_content -->","protected":false},"excerpt":{"rendered":"<p>Relatos apontam trabalhadores sem \u00e1gua, banheiro e descanso; Minas concentra quase 20% dos casos do pa\u00eds Audi\u00eancia em Pouso Alegre revelou den\u00fancias graves de trabalho escravo Pouso Alegre foi palco de uma audi\u00eancia p\u00fablica marcada por den\u00fancias graves de trabalho an\u00e1logo \u00e0 escravid\u00e3o no Sul de Minas. A audi\u00eancia p\u00fablica realizada na \u00faltima sexta-feira, 24, [&hellip;]<!-- AddThis Advanced Settings generic via filter on get_the_excerpt --><!-- AddThis Share Buttons generic via filter on get_the_excerpt --><\/p>\n","protected":false},"author":1,"featured_media":16484,"comment_status":"closed","ping_status":"closed","sticky":false,"template":"","format":"standard","meta":{"jetpack_post_was_ever_published":false,"_jetpack_newsletter_access":"","_jetpack_dont_email_post_to_subs":false,"_jetpack_newsletter_tier_id":0,"_jetpack_memberships_contains_paywalled_content":false,"_jetpack_memberships_contains_paid_content":false,"_joinchat":[],"footnotes":"","jetpack_publicize_message":"","jetpack_publicize_feature_enabled":true,"jetpack_social_post_already_shared":true,"jetpack_social_options":{"image_generator_settings":{"template":"highway","enabled":false},"version":2}},"categories":[4,1843,19,6235],"tags":[5838,2448,8019,7059,8766,7230,6195,184,37,39,8436,8764,8765,6888,5478,27,8053,1618],"class_list":["post-16480","post","type-post","status-publish","format-standard","has-post-thumbnail","hentry","category-destaque","category-direito","category-noticias","category-sociais","tag-audiencia-publica","tag-brasil","tag-cafeicultura","tag-construcao-civil","tag-desembargadora-juliana-vignoli","tag-direitos-humanos","tag-fiscalizacao","tag-minas-gerais","tag-pouso-alegre","tag-sul-de-minas","tag-trabalhadores","tag-trabalho-analogo-a-escravidao","tag-trabalho-domestico","tag-trabalho-escravo","tag-trt-mg","tag-tv-uai","tag-tv-uai-26-anos-ainda-estamos-aqui-ainda-independentes","tag-tv-uai-pouso-alegre"],"jetpack_publicize_connections":[],"yoast_head":"<!-- This site is optimized with the Yoast SEO plugin v23.5 - https:\/\/yoast.com\/wordpress\/plugins\/seo\/ -->\n<title>Pouso Alegre exp\u00f5e den\u00fancias de trabalho escravo no Sul de Minas; estado lidera resgates no Brasil - TVUAI<\/title>\n<meta name=\"robots\" content=\"index, follow, max-snippet:-1, max-image-preview:large, max-video-preview:-1\" \/>\n<link rel=\"canonical\" href=\"https:\/\/www.tvuai.com.br\/portal\/pouso-alegre-expoe-denuncias-de-trabalho-escravo-no-sul-de-minas-estado-lidera-resgates-no-brasil\/\" \/>\n<meta property=\"og:locale\" content=\"pt_BR\" \/>\n<meta property=\"og:type\" content=\"article\" \/>\n<meta property=\"og:title\" content=\"Pouso Alegre exp\u00f5e den\u00fancias de trabalho escravo no Sul de Minas; estado lidera resgates no Brasil - TVUAI\" \/>\n<meta property=\"og:description\" content=\"Relatos apontam trabalhadores sem \u00e1gua, banheiro e descanso; Minas concentra quase 20% dos casos do pa\u00eds Audi\u00eancia em Pouso Alegre revelou den\u00fancias graves de trabalho escravo Pouso Alegre foi palco de uma audi\u00eancia p\u00fablica marcada por den\u00fancias graves de trabalho an\u00e1logo \u00e0 escravid\u00e3o no Sul de Minas. A audi\u00eancia p\u00fablica realizada na \u00faltima sexta-feira, 24, [&hellip;]\" \/>\n<meta property=\"og:url\" content=\"https:\/\/www.tvuai.com.br\/portal\/pouso-alegre-expoe-denuncias-de-trabalho-escravo-no-sul-de-minas-estado-lidera-resgates-no-brasil\/\" \/>\n<meta property=\"og:site_name\" content=\"TVUAI\" \/>\n<meta property=\"article:publisher\" content=\"http:\/\/www.facebook.com\/pages\/TV-Uai-Comunica%c3%a7%c3%a3o\/139062546157369\" \/>\n<meta property=\"article:published_time\" content=\"2026-04-27T21:53:10+00:00\" \/>\n<meta property=\"article:modified_time\" content=\"2026-04-27T22:18:55+00:00\" \/>\n<meta property=\"og:image\" content=\"https:\/\/www.tvuai.com.br\/portal\/wp-content\/uploads\/2026\/04\/Camara-escravo0.jpg\" \/>\n\t<meta property=\"og:image:width\" content=\"200\" \/>\n\t<meta property=\"og:image:height\" content=\"200\" \/>\n\t<meta property=\"og:image:type\" content=\"image\/jpeg\" \/>\n<meta name=\"author\" content=\"tvuai\" \/>\n<meta name=\"twitter:card\" content=\"summary_large_image\" \/>\n<meta name=\"twitter:creator\" content=\"@tvuai\" \/>\n<meta name=\"twitter:site\" content=\"@tvuai\" \/>\n<meta name=\"twitter:label1\" content=\"Escrito por\" \/>\n\t<meta name=\"twitter:data1\" content=\"tvuai\" \/>\n\t<meta name=\"twitter:label2\" content=\"Est. tempo de leitura\" \/>\n\t<meta name=\"twitter:data2\" content=\"4 minutos\" \/>\n<script type=\"application\/ld+json\" class=\"yoast-schema-graph\">{\"@context\":\"https:\/\/schema.org\",\"@graph\":[{\"@type\":\"Article\",\"@id\":\"https:\/\/www.tvuai.com.br\/portal\/pouso-alegre-expoe-denuncias-de-trabalho-escravo-no-sul-de-minas-estado-lidera-resgates-no-brasil\/#article\",\"isPartOf\":{\"@id\":\"https:\/\/www.tvuai.com.br\/portal\/pouso-alegre-expoe-denuncias-de-trabalho-escravo-no-sul-de-minas-estado-lidera-resgates-no-brasil\/\"},\"author\":{\"name\":\"tvuai\",\"@id\":\"https:\/\/www.tvuai.com.br\/portal\/#\/schema\/person\/245e50e9127451fd0b7fd76f519ebbfe\"},\"headline\":\"Pouso Alegre exp\u00f5e den\u00fancias de trabalho escravo no Sul de Minas; estado lidera resgates no Brasil\",\"datePublished\":\"2026-04-27T21:53:10+00:00\",\"dateModified\":\"2026-04-27T22:18:55+00:00\",\"mainEntityOfPage\":{\"@id\":\"https:\/\/www.tvuai.com.br\/portal\/pouso-alegre-expoe-denuncias-de-trabalho-escravo-no-sul-de-minas-estado-lidera-resgates-no-brasil\/\"},\"wordCount\":616,\"publisher\":{\"@id\":\"https:\/\/www.tvuai.com.br\/portal\/#organization\"},\"image\":{\"@id\":\"https:\/\/www.tvuai.com.br\/portal\/pouso-alegre-expoe-denuncias-de-trabalho-escravo-no-sul-de-minas-estado-lidera-resgates-no-brasil\/#primaryimage\"},\"thumbnailUrl\":\"https:\/\/i0.wp.com\/www.tvuai.com.br\/portal\/wp-content\/uploads\/2026\/04\/Camara-escravo0.jpg?fit=200%2C200&ssl=1\",\"keywords\":[\"Audi\u00eancia P\u00fablica\",\"Brasil\",\"cafeicultura\",\"Constru\u00e7\u00e3o Civil\",\"desembargadora Juliana Vignoli\",\"direitos humanos\",\"fiscaliza\u00e7\u00e3o\",\"Minas Gerais\",\"Pouso Alegre\",\"Sul de Minas\",\"trabalhadores\",\"trabalho an\u00e1logo \u00e0 escravid\u00e3o\",\"trabalho dom\u00e9stico\",\"trabalho escravo\",\"TRT-MG\",\"TV Uai\",\"TV UAI 26 anos ainda estamos aqui ainda independentes\",\"TV UAI Pouso Alegre\"],\"articleSection\":[\"Destaque\",\"Direito\",\"Not\u00edcias\",\"Sociais\"],\"inLanguage\":\"pt-BR\"},{\"@type\":\"WebPage\",\"@id\":\"https:\/\/www.tvuai.com.br\/portal\/pouso-alegre-expoe-denuncias-de-trabalho-escravo-no-sul-de-minas-estado-lidera-resgates-no-brasil\/\",\"url\":\"https:\/\/www.tvuai.com.br\/portal\/pouso-alegre-expoe-denuncias-de-trabalho-escravo-no-sul-de-minas-estado-lidera-resgates-no-brasil\/\",\"name\":\"Pouso Alegre exp\u00f5e den\u00fancias de trabalho escravo no Sul de Minas; estado lidera resgates no Brasil - TVUAI\",\"isPartOf\":{\"@id\":\"https:\/\/www.tvuai.com.br\/portal\/#website\"},\"primaryImageOfPage\":{\"@id\":\"https:\/\/www.tvuai.com.br\/portal\/pouso-alegre-expoe-denuncias-de-trabalho-escravo-no-sul-de-minas-estado-lidera-resgates-no-brasil\/#primaryimage\"},\"image\":{\"@id\":\"https:\/\/www.tvuai.com.br\/portal\/pouso-alegre-expoe-denuncias-de-trabalho-escravo-no-sul-de-minas-estado-lidera-resgates-no-brasil\/#primaryimage\"},\"thumbnailUrl\":\"https:\/\/i0.wp.com\/www.tvuai.com.br\/portal\/wp-content\/uploads\/2026\/04\/Camara-escravo0.jpg?fit=200%2C200&ssl=1\",\"datePublished\":\"2026-04-27T21:53:10+00:00\",\"dateModified\":\"2026-04-27T22:18:55+00:00\",\"breadcrumb\":{\"@id\":\"https:\/\/www.tvuai.com.br\/portal\/pouso-alegre-expoe-denuncias-de-trabalho-escravo-no-sul-de-minas-estado-lidera-resgates-no-brasil\/#breadcrumb\"},\"inLanguage\":\"pt-BR\",\"potentialAction\":[{\"@type\":\"ReadAction\",\"target\":[\"https:\/\/www.tvuai.com.br\/portal\/pouso-alegre-expoe-denuncias-de-trabalho-escravo-no-sul-de-minas-estado-lidera-resgates-no-brasil\/\"]}]},{\"@type\":\"ImageObject\",\"inLanguage\":\"pt-BR\",\"@id\":\"https:\/\/www.tvuai.com.br\/portal\/pouso-alegre-expoe-denuncias-de-trabalho-escravo-no-sul-de-minas-estado-lidera-resgates-no-brasil\/#primaryimage\",\"url\":\"https:\/\/i0.wp.com\/www.tvuai.com.br\/portal\/wp-content\/uploads\/2026\/04\/Camara-escravo0.jpg?fit=200%2C200&ssl=1\",\"contentUrl\":\"https:\/\/i0.wp.com\/www.tvuai.com.br\/portal\/wp-content\/uploads\/2026\/04\/Camara-escravo0.jpg?fit=200%2C200&ssl=1\",\"width\":200,\"height\":200},{\"@type\":\"BreadcrumbList\",\"@id\":\"https:\/\/www.tvuai.com.br\/portal\/pouso-alegre-expoe-denuncias-de-trabalho-escravo-no-sul-de-minas-estado-lidera-resgates-no-brasil\/#breadcrumb\",\"itemListElement\":[{\"@type\":\"ListItem\",\"position\":1,\"name\":\"In\u00edcio\",\"item\":\"https:\/\/www.tvuai.com.br\/portal\/\"},{\"@type\":\"ListItem\",\"position\":2,\"name\":\"Pouso Alegre exp\u00f5e den\u00fancias de trabalho escravo no Sul de Minas; estado lidera resgates no Brasil\"}]},{\"@type\":\"WebSite\",\"@id\":\"https:\/\/www.tvuai.com.br\/portal\/#website\",\"url\":\"https:\/\/www.tvuai.com.br\/portal\/\",\"name\":\"TVUAI\",\"description\":\"Tudo sobre o Sul de Minas\",\"publisher\":{\"@id\":\"https:\/\/www.tvuai.com.br\/portal\/#organization\"},\"potentialAction\":[{\"@type\":\"SearchAction\",\"target\":{\"@type\":\"EntryPoint\",\"urlTemplate\":\"https:\/\/www.tvuai.com.br\/portal\/?s={search_term_string}\"},\"query-input\":{\"@type\":\"PropertyValueSpecification\",\"valueRequired\":true,\"valueName\":\"search_term_string\"}}],\"inLanguage\":\"pt-BR\"},{\"@type\":\"Organization\",\"@id\":\"https:\/\/www.tvuai.com.br\/portal\/#organization\",\"name\":\"TVUAI\",\"url\":\"https:\/\/www.tvuai.com.br\/portal\/\",\"logo\":{\"@type\":\"ImageObject\",\"inLanguage\":\"pt-BR\",\"@id\":\"https:\/\/www.tvuai.com.br\/portal\/#\/schema\/logo\/image\/\",\"url\":\"https:\/\/i0.wp.com\/www.tvuai.com.br\/portal\/wp-content\/uploads\/2017\/12\/logo_tvuai_100H.png?fit=207%2C100&ssl=1\",\"contentUrl\":\"https:\/\/i0.wp.com\/www.tvuai.com.br\/portal\/wp-content\/uploads\/2017\/12\/logo_tvuai_100H.png?fit=207%2C100&ssl=1\",\"width\":207,\"height\":100,\"caption\":\"TVUAI\"},\"image\":{\"@id\":\"https:\/\/www.tvuai.com.br\/portal\/#\/schema\/logo\/image\/\"},\"sameAs\":[\"http:\/\/www.facebook.com\/pages\/TV-Uai-Comunica\u00e7\u00e3o\/139062546157369\",\"https:\/\/x.com\/tvuai\",\"https:\/\/www.instagram.com\/tvuai_network\/\",\"https:\/\/www.youtube.com\/channel\/UCB7ZPB3wRv-OpoZ_09jmnkQ\"]},{\"@type\":\"Person\",\"@id\":\"https:\/\/www.tvuai.com.br\/portal\/#\/schema\/person\/245e50e9127451fd0b7fd76f519ebbfe\",\"name\":\"tvuai\",\"url\":\"https:\/\/www.tvuai.com.br\/portal\/author\/tvuai\/\"}]}<\/script>\n<!-- \/ Yoast SEO plugin. -->","yoast_head_json":{"title":"Pouso Alegre exp\u00f5e den\u00fancias de trabalho escravo no Sul de Minas; estado lidera resgates no Brasil - TVUAI","robots":{"index":"index","follow":"follow","max-snippet":"max-snippet:-1","max-image-preview":"max-image-preview:large","max-video-preview":"max-video-preview:-1"},"canonical":"https:\/\/www.tvuai.com.br\/portal\/pouso-alegre-expoe-denuncias-de-trabalho-escravo-no-sul-de-minas-estado-lidera-resgates-no-brasil\/","og_locale":"pt_BR","og_type":"article","og_title":"Pouso Alegre exp\u00f5e den\u00fancias de trabalho escravo no Sul de Minas; estado lidera resgates no Brasil - TVUAI","og_description":"Relatos apontam trabalhadores sem \u00e1gua, banheiro e descanso; Minas concentra quase 20% dos casos do pa\u00eds Audi\u00eancia em Pouso Alegre revelou den\u00fancias graves de trabalho escravo Pouso Alegre foi palco de uma audi\u00eancia p\u00fablica marcada por den\u00fancias graves de trabalho an\u00e1logo \u00e0 escravid\u00e3o no Sul de Minas. A audi\u00eancia p\u00fablica realizada na \u00faltima sexta-feira, 24, [&hellip;]","og_url":"https:\/\/www.tvuai.com.br\/portal\/pouso-alegre-expoe-denuncias-de-trabalho-escravo-no-sul-de-minas-estado-lidera-resgates-no-brasil\/","og_site_name":"TVUAI","article_publisher":"http:\/\/www.facebook.com\/pages\/TV-Uai-Comunica%c3%a7%c3%a3o\/139062546157369","article_published_time":"2026-04-27T21:53:10+00:00","article_modified_time":"2026-04-27T22:18:55+00:00","og_image":[{"width":200,"height":200,"url":"https:\/\/www.tvuai.com.br\/portal\/wp-content\/uploads\/2026\/04\/Camara-escravo0.jpg","type":"image\/jpeg"}],"author":"tvuai","twitter_card":"summary_large_image","twitter_creator":"@tvuai","twitter_site":"@tvuai","twitter_misc":{"Escrito por":"tvuai","Est. tempo de leitura":"4 minutos"},"schema":{"@context":"https:\/\/schema.org","@graph":[{"@type":"Article","@id":"https:\/\/www.tvuai.com.br\/portal\/pouso-alegre-expoe-denuncias-de-trabalho-escravo-no-sul-de-minas-estado-lidera-resgates-no-brasil\/#article","isPartOf":{"@id":"https:\/\/www.tvuai.com.br\/portal\/pouso-alegre-expoe-denuncias-de-trabalho-escravo-no-sul-de-minas-estado-lidera-resgates-no-brasil\/"},"author":{"name":"tvuai","@id":"https:\/\/www.tvuai.com.br\/portal\/#\/schema\/person\/245e50e9127451fd0b7fd76f519ebbfe"},"headline":"Pouso Alegre exp\u00f5e den\u00fancias de trabalho escravo no Sul de Minas; estado lidera resgates no Brasil","datePublished":"2026-04-27T21:53:10+00:00","dateModified":"2026-04-27T22:18:55+00:00","mainEntityOfPage":{"@id":"https:\/\/www.tvuai.com.br\/portal\/pouso-alegre-expoe-denuncias-de-trabalho-escravo-no-sul-de-minas-estado-lidera-resgates-no-brasil\/"},"wordCount":616,"publisher":{"@id":"https:\/\/www.tvuai.com.br\/portal\/#organization"},"image":{"@id":"https:\/\/www.tvuai.com.br\/portal\/pouso-alegre-expoe-denuncias-de-trabalho-escravo-no-sul-de-minas-estado-lidera-resgates-no-brasil\/#primaryimage"},"thumbnailUrl":"https:\/\/i0.wp.com\/www.tvuai.com.br\/portal\/wp-content\/uploads\/2026\/04\/Camara-escravo0.jpg?fit=200%2C200&ssl=1","keywords":["Audi\u00eancia P\u00fablica","Brasil","cafeicultura","Constru\u00e7\u00e3o Civil","desembargadora Juliana Vignoli","direitos humanos","fiscaliza\u00e7\u00e3o","Minas Gerais","Pouso Alegre","Sul de Minas","trabalhadores","trabalho an\u00e1logo \u00e0 escravid\u00e3o","trabalho dom\u00e9stico","trabalho escravo","TRT-MG","TV Uai","TV UAI 26 anos ainda estamos aqui ainda independentes","TV UAI Pouso Alegre"],"articleSection":["Destaque","Direito","Not\u00edcias","Sociais"],"inLanguage":"pt-BR"},{"@type":"WebPage","@id":"https:\/\/www.tvuai.com.br\/portal\/pouso-alegre-expoe-denuncias-de-trabalho-escravo-no-sul-de-minas-estado-lidera-resgates-no-brasil\/","url":"https:\/\/www.tvuai.com.br\/portal\/pouso-alegre-expoe-denuncias-de-trabalho-escravo-no-sul-de-minas-estado-lidera-resgates-no-brasil\/","name":"Pouso Alegre exp\u00f5e den\u00fancias de trabalho escravo no Sul de Minas; estado lidera resgates no Brasil - TVUAI","isPartOf":{"@id":"https:\/\/www.tvuai.com.br\/portal\/#website"},"primaryImageOfPage":{"@id":"https:\/\/www.tvuai.com.br\/portal\/pouso-alegre-expoe-denuncias-de-trabalho-escravo-no-sul-de-minas-estado-lidera-resgates-no-brasil\/#primaryimage"},"image":{"@id":"https:\/\/www.tvuai.com.br\/portal\/pouso-alegre-expoe-denuncias-de-trabalho-escravo-no-sul-de-minas-estado-lidera-resgates-no-brasil\/#primaryimage"},"thumbnailUrl":"https:\/\/i0.wp.com\/www.tvuai.com.br\/portal\/wp-content\/uploads\/2026\/04\/Camara-escravo0.jpg?fit=200%2C200&ssl=1","datePublished":"2026-04-27T21:53:10+00:00","dateModified":"2026-04-27T22:18:55+00:00","breadcrumb":{"@id":"https:\/\/www.tvuai.com.br\/portal\/pouso-alegre-expoe-denuncias-de-trabalho-escravo-no-sul-de-minas-estado-lidera-resgates-no-brasil\/#breadcrumb"},"inLanguage":"pt-BR","potentialAction":[{"@type":"ReadAction","target":["https:\/\/www.tvuai.com.br\/portal\/pouso-alegre-expoe-denuncias-de-trabalho-escravo-no-sul-de-minas-estado-lidera-resgates-no-brasil\/"]}]},{"@type":"ImageObject","inLanguage":"pt-BR","@id":"https:\/\/www.tvuai.com.br\/portal\/pouso-alegre-expoe-denuncias-de-trabalho-escravo-no-sul-de-minas-estado-lidera-resgates-no-brasil\/#primaryimage","url":"https:\/\/i0.wp.com\/www.tvuai.com.br\/portal\/wp-content\/uploads\/2026\/04\/Camara-escravo0.jpg?fit=200%2C200&ssl=1","contentUrl":"https:\/\/i0.wp.com\/www.tvuai.com.br\/portal\/wp-content\/uploads\/2026\/04\/Camara-escravo0.jpg?fit=200%2C200&ssl=1","width":200,"height":200},{"@type":"BreadcrumbList","@id":"https:\/\/www.tvuai.com.br\/portal\/pouso-alegre-expoe-denuncias-de-trabalho-escravo-no-sul-de-minas-estado-lidera-resgates-no-brasil\/#breadcrumb","itemListElement":[{"@type":"ListItem","position":1,"name":"In\u00edcio","item":"https:\/\/www.tvuai.com.br\/portal\/"},{"@type":"ListItem","position":2,"name":"Pouso Alegre exp\u00f5e den\u00fancias de trabalho escravo no Sul de Minas; estado lidera resgates no Brasil"}]},{"@type":"WebSite","@id":"https:\/\/www.tvuai.com.br\/portal\/#website","url":"https:\/\/www.tvuai.com.br\/portal\/","name":"TVUAI","description":"Tudo sobre o Sul de Minas","publisher":{"@id":"https:\/\/www.tvuai.com.br\/portal\/#organization"},"potentialAction":[{"@type":"SearchAction","target":{"@type":"EntryPoint","urlTemplate":"https:\/\/www.tvuai.com.br\/portal\/?s={search_term_string}"},"query-input":{"@type":"PropertyValueSpecification","valueRequired":true,"valueName":"search_term_string"}}],"inLanguage":"pt-BR"},{"@type":"Organization","@id":"https:\/\/www.tvuai.com.br\/portal\/#organization","name":"TVUAI","url":"https:\/\/www.tvuai.com.br\/portal\/","logo":{"@type":"ImageObject","inLanguage":"pt-BR","@id":"https:\/\/www.tvuai.com.br\/portal\/#\/schema\/logo\/image\/","url":"https:\/\/i0.wp.com\/www.tvuai.com.br\/portal\/wp-content\/uploads\/2017\/12\/logo_tvuai_100H.png?fit=207%2C100&ssl=1","contentUrl":"https:\/\/i0.wp.com\/www.tvuai.com.br\/portal\/wp-content\/uploads\/2017\/12\/logo_tvuai_100H.png?fit=207%2C100&ssl=1","width":207,"height":100,"caption":"TVUAI"},"image":{"@id":"https:\/\/www.tvuai.com.br\/portal\/#\/schema\/logo\/image\/"},"sameAs":["http:\/\/www.facebook.com\/pages\/TV-Uai-Comunica\u00e7\u00e3o\/139062546157369","https:\/\/x.com\/tvuai","https:\/\/www.instagram.com\/tvuai_network\/","https:\/\/www.youtube.com\/channel\/UCB7ZPB3wRv-OpoZ_09jmnkQ"]},{"@type":"Person","@id":"https:\/\/www.tvuai.com.br\/portal\/#\/schema\/person\/245e50e9127451fd0b7fd76f519ebbfe","name":"tvuai","url":"https:\/\/www.tvuai.com.br\/portal\/author\/tvuai\/"}]}},"jetpack_featured_media_url":"https:\/\/i0.wp.com\/www.tvuai.com.br\/portal\/wp-content\/uploads\/2026\/04\/Camara-escravo0.jpg?fit=200%2C200&ssl=1","wpmagazine_modules_lite_featured_media_urls":{"thumbnail":["https:\/\/i0.wp.com\/www.tvuai.com.br\/portal\/wp-content\/uploads\/2026\/04\/Camara-escravo0.jpg?resize=150%2C150&ssl=1",150,150,true],"cvmm-medium":["https:\/\/i0.wp.com\/www.tvuai.com.br\/portal\/wp-content\/uploads\/2026\/04\/Camara-escravo0.jpg?resize=200%2C200&ssl=1",200,200,true],"cvmm-medium-plus":["https:\/\/i0.wp.com\/www.tvuai.com.br\/portal\/wp-content\/uploads\/2026\/04\/Camara-escravo0.jpg?resize=200%2C200&ssl=1",200,200,true],"cvmm-portrait":["https:\/\/i0.wp.com\/www.tvuai.com.br\/portal\/wp-content\/uploads\/2026\/04\/Camara-escravo0.jpg?resize=200%2C200&ssl=1",200,200,true],"cvmm-medium-square":["https:\/\/i0.wp.com\/www.tvuai.com.br\/portal\/wp-content\/uploads\/2026\/04\/Camara-escravo0.jpg?resize=200%2C200&ssl=1",200,200,true],"cvmm-large":["https:\/\/i0.wp.com\/www.tvuai.com.br\/portal\/wp-content\/uploads\/2026\/04\/Camara-escravo0.jpg?resize=200%2C200&ssl=1",200,200,true],"cvmm-small":["https:\/\/i0.wp.com\/www.tvuai.com.br\/portal\/wp-content\/uploads\/2026\/04\/Camara-escravo0.jpg?resize=130%2C95&ssl=1",130,95,true],"full":["https:\/\/i0.wp.com\/www.tvuai.com.br\/portal\/wp-content\/uploads\/2026\/04\/Camara-escravo0.jpg?fit=200%2C200&ssl=1",200,200,false]},"categories_names":{"4":{"name":"Destaque","link":"https:\/\/www.tvuai.com.br\/portal\/category\/destaque\/"},"1843":{"name":"Direito","link":"https:\/\/www.tvuai.com.br\/portal\/category\/direito\/"},"19":{"name":"Not\u00edcias","link":"https:\/\/www.tvuai.com.br\/portal\/category\/noticias\/"},"6235":{"name":"Sociais","link":"https:\/\/www.tvuai.com.br\/portal\/category\/sociais\/"}},"tags_names":{"5838":{"name":"Audi\u00eancia P\u00fablica","link":"https:\/\/www.tvuai.com.br\/portal\/tag\/audiencia-publica\/"},"2448":{"name":"Brasil","link":"https:\/\/www.tvuai.com.br\/portal\/tag\/brasil\/"},"8019":{"name":"cafeicultura","link":"https:\/\/www.tvuai.com.br\/portal\/tag\/cafeicultura\/"},"7059":{"name":"Constru\u00e7\u00e3o Civil","link":"https:\/\/www.tvuai.com.br\/portal\/tag\/construcao-civil\/"},"8766":{"name":"desembargadora Juliana Vignoli","link":"https:\/\/www.tvuai.com.br\/portal\/tag\/desembargadora-juliana-vignoli\/"},"7230":{"name":"direitos humanos","link":"https:\/\/www.tvuai.com.br\/portal\/tag\/direitos-humanos\/"},"6195":{"name":"fiscaliza\u00e7\u00e3o","link":"https:\/\/www.tvuai.com.br\/portal\/tag\/fiscalizacao\/"},"184":{"name":"Minas Gerais","link":"https:\/\/www.tvuai.com.br\/portal\/tag\/minas-gerais\/"},"37":{"name":"Pouso Alegre","link":"https:\/\/www.tvuai.com.br\/portal\/tag\/pouso-alegre\/"},"39":{"name":"Sul de Minas","link":"https:\/\/www.tvuai.com.br\/portal\/tag\/sul-de-minas\/"},"8436":{"name":"trabalhadores","link":"https:\/\/www.tvuai.com.br\/portal\/tag\/trabalhadores\/"},"8764":{"name":"trabalho an\u00e1logo \u00e0 escravid\u00e3o","link":"https:\/\/www.tvuai.com.br\/portal\/tag\/trabalho-analogo-a-escravidao\/"},"8765":{"name":"trabalho dom\u00e9stico","link":"https:\/\/www.tvuai.com.br\/portal\/tag\/trabalho-domestico\/"},"6888":{"name":"trabalho escravo","link":"https:\/\/www.tvuai.com.br\/portal\/tag\/trabalho-escravo\/"},"5478":{"name":"TRT-MG","link":"https:\/\/www.tvuai.com.br\/portal\/tag\/trt-mg\/"},"27":{"name":"TV Uai","link":"https:\/\/www.tvuai.com.br\/portal\/tag\/tv-uai\/"},"8053":{"name":"TV UAI 26 anos ainda estamos aqui ainda independentes","link":"https:\/\/www.tvuai.com.br\/portal\/tag\/tv-uai-26-anos-ainda-estamos-aqui-ainda-independentes\/"},"1618":{"name":"TV UAI Pouso Alegre","link":"https:\/\/www.tvuai.com.br\/portal\/tag\/tv-uai-pouso-alegre\/"}},"comments_number":"0","jetpack_shortlink":"https:\/\/wp.me\/p9woix-4hO","jetpack_sharing_enabled":true,"_links":{"self":[{"href":"https:\/\/www.tvuai.com.br\/portal\/wp-json\/wp\/v2\/posts\/16480"}],"collection":[{"href":"https:\/\/www.tvuai.com.br\/portal\/wp-json\/wp\/v2\/posts"}],"about":[{"href":"https:\/\/www.tvuai.com.br\/portal\/wp-json\/wp\/v2\/types\/post"}],"author":[{"embeddable":true,"href":"https:\/\/www.tvuai.com.br\/portal\/wp-json\/wp\/v2\/users\/1"}],"replies":[{"embeddable":true,"href":"https:\/\/www.tvuai.com.br\/portal\/wp-json\/wp\/v2\/comments?post=16480"}],"version-history":[{"count":6,"href":"https:\/\/www.tvuai.com.br\/portal\/wp-json\/wp\/v2\/posts\/16480\/revisions"}],"predecessor-version":[{"id":16488,"href":"https:\/\/www.tvuai.com.br\/portal\/wp-json\/wp\/v2\/posts\/16480\/revisions\/16488"}],"wp:featuredmedia":[{"embeddable":true,"href":"https:\/\/www.tvuai.com.br\/portal\/wp-json\/wp\/v2\/media\/16484"}],"wp:attachment":[{"href":"https:\/\/www.tvuai.com.br\/portal\/wp-json\/wp\/v2\/media?parent=16480"}],"wp:term":[{"taxonomy":"category","embeddable":true,"href":"https:\/\/www.tvuai.com.br\/portal\/wp-json\/wp\/v2\/categories?post=16480"},{"taxonomy":"post_tag","embeddable":true,"href":"https:\/\/www.tvuai.com.br\/portal\/wp-json\/wp\/v2\/tags?post=16480"}],"curies":[{"name":"wp","href":"https:\/\/api.w.org\/{rel}","templated":true}]}}