{"id":16475,"date":"2026-04-27T18:28:27","date_gmt":"2026-04-27T21:28:27","guid":{"rendered":"https:\/\/www.tvuai.com.br\/portal\/?p=16475"},"modified":"2026-04-27T18:28:27","modified_gmt":"2026-04-27T21:28:27","slug":"sul-de-minas-ganha-reforco-na-saude-com-novo-centro-de-imagem-e-investimento-de-r-35-milhoes-em-oftalmologia","status":"publish","type":"post","link":"https:\/\/www.tvuai.com.br\/portal\/sul-de-minas-ganha-reforco-na-saude-com-novo-centro-de-imagem-e-investimento-de-r-35-milhoes-em-oftalmologia\/","title":{"rendered":"Sul de Minas ganha refor\u00e7o na sa\u00fade com novo centro de imagem e investimento de R$ 3,5 milh\u00f5es em oftalmologia"},"content":{"rendered":"<div class=\"5a1038e0903b96d426fcfcc338703013\" data-index=\"1\" style=\"float: right; margin:10px 0 10px 10px;\">\n<script async src=\"https:\/\/pagead2.googlesyndication.com\/pagead\/js\/adsbygoogle.js?client=ca-pub-9945944833605257\"\r\n     crossorigin=\"anonymous\"><\/script>\r\n<ins class=\"adsbygoogle\"\r\n     style=\"display:block; text-align:center;\"\r\n     data-ad-layout=\"in-article\"\r\n     data-ad-format=\"fluid\"\r\n     data-ad-client=\"ca-pub-9945944833605257\"\r\n     data-ad-slot=\"2343923581\"><\/ins>\r\n<script>\r\n     (adsbygoogle = window.adsbygoogle || []).push({});\r\n<\/script>\n<\/div>\n<h5 style=\"text-align: center;\" data-start=\"262\" data-end=\"384\"><em><strong>Po\u00e7o Fundo e Varginha ampliam servi\u00e7os de sa\u00fade com novo centro de imagem e investimento federal em oftalmologia pelo SUS<\/strong><\/em><\/h5>\n<p data-start=\"391\" data-end=\"903\"><img data-recalc-dims=\"1\" fetchpriority=\"high\" decoding=\"async\" data-attachment-id=\"16477\" data-permalink=\"https:\/\/www.tvuai.com.br\/portal\/sul-de-minas-ganha-reforco-na-saude-com-novo-centro-de-imagem-e-investimento-de-r-35-milhoes-em-oftalmologia\/especialistas-varginha\/\" data-orig-file=\"https:\/\/i0.wp.com\/www.tvuai.com.br\/portal\/wp-content\/uploads\/2026\/04\/especialistas-Varginha.jpg?fit=900%2C414&amp;ssl=1\" data-orig-size=\"900,414\" data-comments-opened=\"0\" data-image-meta=\"{&quot;aperture&quot;:&quot;0&quot;,&quot;credit&quot;:&quot;&quot;,&quot;camera&quot;:&quot;&quot;,&quot;caption&quot;:&quot;&quot;,&quot;created_timestamp&quot;:&quot;0&quot;,&quot;copyright&quot;:&quot;&quot;,&quot;focal_length&quot;:&quot;0&quot;,&quot;iso&quot;:&quot;0&quot;,&quot;shutter_speed&quot;:&quot;0&quot;,&quot;title&quot;:&quot;&quot;,&quot;orientation&quot;:&quot;0&quot;}\" data-image-title=\"especialistas Varginha\" data-image-description=\"\" data-image-caption=\"\" data-medium-file=\"https:\/\/i0.wp.com\/www.tvuai.com.br\/portal\/wp-content\/uploads\/2026\/04\/especialistas-Varginha.jpg?fit=300%2C138&amp;ssl=1\" data-large-file=\"https:\/\/i0.wp.com\/www.tvuai.com.br\/portal\/wp-content\/uploads\/2026\/04\/especialistas-Varginha.jpg?fit=640%2C294&amp;ssl=1\" tabindex=\"0\" role=\"button\" class=\"aligncenter size-full wp-image-16477\" src=\"https:\/\/i0.wp.com\/www.tvuai.com.br\/portal\/wp-content\/uploads\/2026\/04\/especialistas-Varginha.jpg?resize=640%2C294&#038;ssl=1\" alt=\"\" width=\"640\" height=\"294\" srcset=\"https:\/\/i0.wp.com\/www.tvuai.com.br\/portal\/wp-content\/uploads\/2026\/04\/especialistas-Varginha.jpg?w=900&amp;ssl=1 900w, https:\/\/i0.wp.com\/www.tvuai.com.br\/portal\/wp-content\/uploads\/2026\/04\/especialistas-Varginha.jpg?resize=300%2C138&amp;ssl=1 300w, https:\/\/i0.wp.com\/www.tvuai.com.br\/portal\/wp-content\/uploads\/2026\/04\/especialistas-Varginha.jpg?resize=768%2C353&amp;ssl=1 768w\" sizes=\"(max-width: 640px) 100vw, 640px\" \/><\/p>\n<p data-start=\"391\" data-end=\"903\">A popula\u00e7\u00e3o do Sul de Minas passou a contar com mais acesso a exames e atendimentos especializados no Sistema \u00danico de Sa\u00fade (SUS). O ministro da Sa\u00fade, <span class=\"hover:entity-accent entity-underline inline cursor-pointer align-baseline\"><span class=\"whitespace-normal\">Alexandre Padilha<\/span><\/span>, participou neste s\u00e1bado, 25, da inaugura\u00e7\u00e3o do primeiro centro de imagem do Hospital Gimirim, em <span class=\"hover:entity-accent entity-underline inline cursor-pointer align-baseline\"><span class=\"whitespace-normal\">Po\u00e7o Fundo<\/span><\/span>, e visitou o Hospital Regional do Sul de Minas, em <span class=\"hover:entity-accent entity-underline inline cursor-pointer align-baseline\"><span class=\"whitespace-normal\">Varginha<\/span><\/span>\u00a0que recebeu investimento federal de R$ 3,5 milh\u00f5es para fortalecer os servi\u00e7os de oftalmologia.<\/p>\n<p data-start=\"905\" data-end=\"1142\">As a\u00e7\u00f5es fazem parte do programa <span class=\"hover:entity-accent entity-underline inline cursor-pointer align-baseline\"><span class=\"whitespace-normal\">Agora Tem Especialistas<\/span><\/span>, que busca ampliar o acesso da popula\u00e7\u00e3o a consultas, exames e procedimentos especializados, reduzindo filas e garantindo atendimento mais \u00e1gil e pr\u00f3ximo das pessoas.<\/p>\n<p style=\"text-align: center;\" data-start=\"905\" data-end=\"1142\"><strong>Centro de imagem amplia acesso a exames em Po\u00e7o Fundo<\/strong><\/p>\n<p data-start=\"1211\" data-end=\"1333\">Com a inaugura\u00e7\u00e3o do novo centro de imagem, moradores de Po\u00e7o Fundo e cidades da regi\u00e3o passam a ter acesso a exames como:<\/p>\n<ul data-start=\"1334\" data-end=\"1432\">\n<li data-section-id=\"1tgrq02\" data-start=\"1334\" data-end=\"1354\">ultrassonografia<\/li>\n<li data-section-id=\"uqz7l7\" data-start=\"1355\" data-end=\"1369\">tomografia<\/li>\n<li data-section-id=\"11f5zc3\" data-start=\"1370\" data-end=\"1385\">radiografia<\/li>\n<li data-section-id=\"1hly23g\" data-start=\"1386\" data-end=\"1400\">mamografia<\/li>\n<li data-section-id=\"n848dr\" data-start=\"1401\" data-end=\"1415\">endoscopia<\/li>\n<li data-section-id=\"3ledwh\" data-start=\"1416\" data-end=\"1432\">colonoscopia<\/li>\n<\/ul>\n<p data-start=\"1434\" data-end=\"1555\">A novidade reduz a necessidade de deslocamento para outros munic\u00edpios, acelerando diagn\u00f3sticos e o in\u00edcio de tratamentos.<\/p>\n<p data-start=\"1557\" data-end=\"1695\">O Hospital Gimirim, que atua de forma integrada \u00e0 rede p\u00fablica, conta com 74 leitos destinados ao SUS e \u00e9 uma unidade sem fins lucrativos.<\/p>\n<p data-start=\"1697\" data-end=\"1822\">Durante a inaugura\u00e7\u00e3o, o ministro destacou que a estrat\u00e9gia \u00e9 aproveitar estruturas j\u00e1 existentes para ampliar o atendimento. \u201cAo instalar um novo centro de imagem em um hospital que j\u00e1 conta com equipe qualificada, conseguimos ampliar a capacidade de atendimento de forma mais \u00e1gil e eficiente\u201d, afirmou.<\/p>\n<p style=\"text-align: center;\" data-start=\"1697\" data-end=\"1822\"><strong>Varginha recebe investimento para atendimentos oftalmol\u00f3gicos<\/strong><\/p>\n<p data-start=\"2083\" data-end=\"2240\">J\u00e1 em Varginha, o Hospital Regional do Sul de Minas foi habilitado para integrar a rede de aten\u00e7\u00e3o oftalmol\u00f3gica do SUS. Com isso, a unidade poder\u00e1 oferecer:<\/p>\n<ul data-start=\"2241\" data-end=\"2347\">\n<li data-section-id=\"nn8d52\" data-start=\"2241\" data-end=\"2269\">consultas especializadas<\/li>\n<li data-section-id=\"1crcjg3\" data-start=\"2270\" data-end=\"2295\">exames oftalmol\u00f3gicos<\/li>\n<li data-section-id=\"1rdg5i3\" data-start=\"2296\" data-end=\"2321\">cirurgias de catarata<\/li>\n<li data-section-id=\"nc0wts\" data-start=\"2322\" data-end=\"2347\">tratamentos de retina<\/li>\n<\/ul>\n<p data-start=\"2349\" data-end=\"2526\">O investimento de R$ 3,5 milh\u00f5es permitir\u00e1 a aquisi\u00e7\u00e3o de equipamentos, ampliando a capacidade de atendimento e evitando que pacientes precisem buscar tratamento fora da regi\u00e3o.<\/p>\n<p style=\"text-align: center;\" data-start=\"2349\" data-end=\"2526\"><strong>Investimentos seguem estrat\u00e9gia nacional<\/strong><\/p>\n<p data-start=\"2582\" data-end=\"2770\">As a\u00e7\u00f5es em Minas Gerais fazem parte de uma estrat\u00e9gia nacional de fortalecimento do SUS. Segundo o Minist\u00e9rio da Sa\u00fade, desde 2023 houve amplia\u00e7\u00e3o no acesso a atendimentos especializados.<\/p>\n<p data-start=\"2772\" data-end=\"2923\">Em 2025, o pa\u00eds registrou 14,9 milh\u00f5es de cirurgias eletivas \u2014 o maior n\u00famero da hist\u00f3ria do sistema p\u00fablico, com crescimento de 42% em rela\u00e7\u00e3o a 2022.<\/p>\n<p data-start=\"2925\" data-end=\"3024\">Tamb\u00e9m houve aumento na realiza\u00e7\u00e3o de exames e interna\u00e7\u00f5es, ampliando a capacidade da rede p\u00fablica. \u201cS\u00e3o exames muitas vezes decisivos para a continuidade do tratamento, que agora poder\u00e3o ser realizados com mais rapidez\u201d, refor\u00e7ou o ministro.<\/p>\n<h6 style=\"text-align: right;\" data-start=\"2925\" data-end=\"3024\"><em><strong>Com informa\u00e7\u00f5es de Julianna Valen\u00e7a e foto de Rafael Nascimento\/MS<\/strong><\/em><\/h6>\n\n<div style=\"font-size: 0px; height: 0px; line-height: 0px; margin: 0; padding: 0; clear: both;\"><\/div><div class='share-to-whatsapp-wrapper'><div class='share-on-whsp'>Share on: <\/div><a data-text='Sul de Minas ganha refor\u00e7o na sa\u00fade com novo centro de imagem e investimento de R$ 3,5 milh\u00f5es em oftalmologia' data-link='https:\/\/www.tvuai.com.br\/portal\/sul-de-minas-ganha-reforco-na-saude-com-novo-centro-de-imagem-e-investimento-de-r-35-milhoes-em-oftalmologia\/' class='whatsapp-button whatsapp-share'>WhatsApp<\/a><div class='clear '><\/div><\/div><!-- AddThis Advanced Settings generic via filter on the_content --><!-- AddThis Share Buttons generic via filter on the_content -->","protected":false},"excerpt":{"rendered":"<p>Po\u00e7o Fundo e Varginha ampliam servi\u00e7os de sa\u00fade com novo centro de imagem e investimento federal em oftalmologia pelo SUS A popula\u00e7\u00e3o do Sul de Minas passou a contar com mais acesso a exames e atendimentos especializados no Sistema \u00danico de Sa\u00fade (SUS). O ministro da Sa\u00fade, Alexandre Padilha, participou neste s\u00e1bado, 25, da inaugura\u00e7\u00e3o [&hellip;]<!-- AddThis Advanced Settings generic via filter on get_the_excerpt --><!-- AddThis Share Buttons generic via filter on get_the_excerpt --><\/p>\n","protected":false},"author":1,"featured_media":16478,"comment_status":"closed","ping_status":"closed","sticky":false,"template":"","format":"standard","meta":{"jetpack_post_was_ever_published":false,"_jetpack_newsletter_access":"","_jetpack_dont_email_post_to_subs":false,"_jetpack_newsletter_tier_id":0,"_jetpack_memberships_contains_paywalled_content":false,"_jetpack_memberships_contains_paid_content":false,"_joinchat":[],"footnotes":"","jetpack_publicize_message":"","jetpack_publicize_feature_enabled":true,"jetpack_social_post_already_shared":true,"jetpack_social_options":{"image_generator_settings":{"template":"highway","enabled":false},"version":2}},"categories":[4,19,1818,1876,6235],"tags":[7730,7977,8763,8761,8762,7826,7073,184,829,3559,37,831,5894,39,2070,27,8053,1618,277],"class_list":["post-16475","post","type-post","status-publish","format-standard","has-post-thumbnail","hentry","category-destaque","category-noticias","category-politica","category-saude","category-sociais","tag-agora-tem-especialistas","tag-alexandre-padilha","tag-catarata","tag-centro-de-imagem","tag-exames","tag-hospital","tag-investimento-publico","tag-minas-gerais","tag-oftalmologia","tag-poco-fundo","tag-pouso-alegre","tag-saude","tag-saude-publica","tag-sul-de-minas","tag-sus","tag-tv-uai","tag-tv-uai-26-anos-ainda-estamos-aqui-ainda-independentes","tag-tv-uai-pouso-alegre","tag-varginha"],"jetpack_publicize_connections":[],"yoast_head":"<!-- This site is optimized with the Yoast SEO plugin v23.5 - https:\/\/yoast.com\/wordpress\/plugins\/seo\/ -->\n<title>Sul de Minas ganha refor\u00e7o na sa\u00fade com novo centro de imagem e investimento de R$ 3,5 milh\u00f5es em oftalmologia - TVUAI<\/title>\n<meta name=\"robots\" content=\"index, follow, max-snippet:-1, max-image-preview:large, max-video-preview:-1\" \/>\n<link rel=\"canonical\" href=\"https:\/\/www.tvuai.com.br\/portal\/sul-de-minas-ganha-reforco-na-saude-com-novo-centro-de-imagem-e-investimento-de-r-35-milhoes-em-oftalmologia\/\" \/>\n<meta property=\"og:locale\" content=\"pt_BR\" \/>\n<meta property=\"og:type\" content=\"article\" \/>\n<meta property=\"og:title\" content=\"Sul de Minas ganha refor\u00e7o na sa\u00fade com novo centro de imagem e investimento de R$ 3,5 milh\u00f5es em oftalmologia - TVUAI\" \/>\n<meta property=\"og:description\" content=\"Po\u00e7o Fundo e Varginha ampliam servi\u00e7os de sa\u00fade com novo centro de imagem e investimento federal em oftalmologia pelo SUS A popula\u00e7\u00e3o do Sul de Minas passou a contar com mais acesso a exames e atendimentos especializados no Sistema \u00danico de Sa\u00fade (SUS). O ministro da Sa\u00fade, Alexandre Padilha, participou neste s\u00e1bado, 25, da inaugura\u00e7\u00e3o [&hellip;]\" \/>\n<meta property=\"og:url\" content=\"https:\/\/www.tvuai.com.br\/portal\/sul-de-minas-ganha-reforco-na-saude-com-novo-centro-de-imagem-e-investimento-de-r-35-milhoes-em-oftalmologia\/\" \/>\n<meta property=\"og:site_name\" content=\"TVUAI\" \/>\n<meta property=\"article:publisher\" content=\"http:\/\/www.facebook.com\/pages\/TV-Uai-Comunica%c3%a7%c3%a3o\/139062546157369\" \/>\n<meta property=\"article:published_time\" content=\"2026-04-27T21:28:27+00:00\" \/>\n<meta property=\"og:image\" content=\"https:\/\/www.tvuai.com.br\/portal\/wp-content\/uploads\/2026\/04\/especialistas-Varginha0.jpg\" \/>\n\t<meta property=\"og:image:width\" content=\"200\" \/>\n\t<meta property=\"og:image:height\" content=\"200\" \/>\n\t<meta property=\"og:image:type\" content=\"image\/jpeg\" \/>\n<meta name=\"author\" content=\"tvuai\" \/>\n<meta name=\"twitter:card\" content=\"summary_large_image\" \/>\n<meta name=\"twitter:creator\" content=\"@tvuai\" \/>\n<meta name=\"twitter:site\" content=\"@tvuai\" \/>\n<meta name=\"twitter:label1\" content=\"Escrito por\" \/>\n\t<meta name=\"twitter:data1\" content=\"tvuai\" \/>\n\t<meta name=\"twitter:label2\" content=\"Est. tempo de leitura\" \/>\n\t<meta name=\"twitter:data2\" content=\"3 minutos\" \/>\n<script type=\"application\/ld+json\" class=\"yoast-schema-graph\">{\"@context\":\"https:\/\/schema.org\",\"@graph\":[{\"@type\":\"Article\",\"@id\":\"https:\/\/www.tvuai.com.br\/portal\/sul-de-minas-ganha-reforco-na-saude-com-novo-centro-de-imagem-e-investimento-de-r-35-milhoes-em-oftalmologia\/#article\",\"isPartOf\":{\"@id\":\"https:\/\/www.tvuai.com.br\/portal\/sul-de-minas-ganha-reforco-na-saude-com-novo-centro-de-imagem-e-investimento-de-r-35-milhoes-em-oftalmologia\/\"},\"author\":{\"name\":\"tvuai\",\"@id\":\"https:\/\/www.tvuai.com.br\/portal\/#\/schema\/person\/245e50e9127451fd0b7fd76f519ebbfe\"},\"headline\":\"Sul de Minas ganha refor\u00e7o na sa\u00fade com novo centro de imagem e investimento de R$ 3,5 milh\u00f5es em oftalmologia\",\"datePublished\":\"2026-04-27T21:28:27+00:00\",\"dateModified\":\"2026-04-27T21:28:27+00:00\",\"mainEntityOfPage\":{\"@id\":\"https:\/\/www.tvuai.com.br\/portal\/sul-de-minas-ganha-reforco-na-saude-com-novo-centro-de-imagem-e-investimento-de-r-35-milhoes-em-oftalmologia\/\"},\"wordCount\":489,\"publisher\":{\"@id\":\"https:\/\/www.tvuai.com.br\/portal\/#organization\"},\"image\":{\"@id\":\"https:\/\/www.tvuai.com.br\/portal\/sul-de-minas-ganha-reforco-na-saude-com-novo-centro-de-imagem-e-investimento-de-r-35-milhoes-em-oftalmologia\/#primaryimage\"},\"thumbnailUrl\":\"https:\/\/i0.wp.com\/www.tvuai.com.br\/portal\/wp-content\/uploads\/2026\/04\/especialistas-Varginha0.jpg?fit=200%2C200&ssl=1\",\"keywords\":[\"Agora Tem Especialistas\",\"Alexandre Padilha\",\"catarata\",\"centro de imagem\",\"exames\",\"hospital\",\"investimento p\u00fablico\",\"Minas Gerais\",\"oftalmologia\",\"Po\u00e7o Fundo\",\"Pouso Alegre\",\"sa\u00fade\",\"sa\u00fade p\u00fablica\",\"Sul de Minas\",\"SUS)\",\"TV Uai\",\"TV UAI 26 anos ainda estamos aqui ainda independentes\",\"TV UAI Pouso Alegre\",\"Varginha\"],\"articleSection\":[\"Destaque\",\"Not\u00edcias\",\"Pol\u00edtica\",\"Sa\u00fade\",\"Sociais\"],\"inLanguage\":\"pt-BR\"},{\"@type\":\"WebPage\",\"@id\":\"https:\/\/www.tvuai.com.br\/portal\/sul-de-minas-ganha-reforco-na-saude-com-novo-centro-de-imagem-e-investimento-de-r-35-milhoes-em-oftalmologia\/\",\"url\":\"https:\/\/www.tvuai.com.br\/portal\/sul-de-minas-ganha-reforco-na-saude-com-novo-centro-de-imagem-e-investimento-de-r-35-milhoes-em-oftalmologia\/\",\"name\":\"Sul de Minas ganha refor\u00e7o na sa\u00fade com novo centro de imagem e investimento de R$ 3,5 milh\u00f5es em oftalmologia - TVUAI\",\"isPartOf\":{\"@id\":\"https:\/\/www.tvuai.com.br\/portal\/#website\"},\"primaryImageOfPage\":{\"@id\":\"https:\/\/www.tvuai.com.br\/portal\/sul-de-minas-ganha-reforco-na-saude-com-novo-centro-de-imagem-e-investimento-de-r-35-milhoes-em-oftalmologia\/#primaryimage\"},\"image\":{\"@id\":\"https:\/\/www.tvuai.com.br\/portal\/sul-de-minas-ganha-reforco-na-saude-com-novo-centro-de-imagem-e-investimento-de-r-35-milhoes-em-oftalmologia\/#primaryimage\"},\"thumbnailUrl\":\"https:\/\/i0.wp.com\/www.tvuai.com.br\/portal\/wp-content\/uploads\/2026\/04\/especialistas-Varginha0.jpg?fit=200%2C200&ssl=1\",\"datePublished\":\"2026-04-27T21:28:27+00:00\",\"dateModified\":\"2026-04-27T21:28:27+00:00\",\"breadcrumb\":{\"@id\":\"https:\/\/www.tvuai.com.br\/portal\/sul-de-minas-ganha-reforco-na-saude-com-novo-centro-de-imagem-e-investimento-de-r-35-milhoes-em-oftalmologia\/#breadcrumb\"},\"inLanguage\":\"pt-BR\",\"potentialAction\":[{\"@type\":\"ReadAction\",\"target\":[\"https:\/\/www.tvuai.com.br\/portal\/sul-de-minas-ganha-reforco-na-saude-com-novo-centro-de-imagem-e-investimento-de-r-35-milhoes-em-oftalmologia\/\"]}]},{\"@type\":\"ImageObject\",\"inLanguage\":\"pt-BR\",\"@id\":\"https:\/\/www.tvuai.com.br\/portal\/sul-de-minas-ganha-reforco-na-saude-com-novo-centro-de-imagem-e-investimento-de-r-35-milhoes-em-oftalmologia\/#primaryimage\",\"url\":\"https:\/\/i0.wp.com\/www.tvuai.com.br\/portal\/wp-content\/uploads\/2026\/04\/especialistas-Varginha0.jpg?fit=200%2C200&ssl=1\",\"contentUrl\":\"https:\/\/i0.wp.com\/www.tvuai.com.br\/portal\/wp-content\/uploads\/2026\/04\/especialistas-Varginha0.jpg?fit=200%2C200&ssl=1\",\"width\":200,\"height\":200},{\"@type\":\"BreadcrumbList\",\"@id\":\"https:\/\/www.tvuai.com.br\/portal\/sul-de-minas-ganha-reforco-na-saude-com-novo-centro-de-imagem-e-investimento-de-r-35-milhoes-em-oftalmologia\/#breadcrumb\",\"itemListElement\":[{\"@type\":\"ListItem\",\"position\":1,\"name\":\"In\u00edcio\",\"item\":\"https:\/\/www.tvuai.com.br\/portal\/\"},{\"@type\":\"ListItem\",\"position\":2,\"name\":\"Sul de Minas ganha refor\u00e7o na sa\u00fade com novo centro de imagem e investimento de R$ 3,5 milh\u00f5es em oftalmologia\"}]},{\"@type\":\"WebSite\",\"@id\":\"https:\/\/www.tvuai.com.br\/portal\/#website\",\"url\":\"https:\/\/www.tvuai.com.br\/portal\/\",\"name\":\"TVUAI\",\"description\":\"Tudo sobre o Sul de Minas\",\"publisher\":{\"@id\":\"https:\/\/www.tvuai.com.br\/portal\/#organization\"},\"potentialAction\":[{\"@type\":\"SearchAction\",\"target\":{\"@type\":\"EntryPoint\",\"urlTemplate\":\"https:\/\/www.tvuai.com.br\/portal\/?s={search_term_string}\"},\"query-input\":{\"@type\":\"PropertyValueSpecification\",\"valueRequired\":true,\"valueName\":\"search_term_string\"}}],\"inLanguage\":\"pt-BR\"},{\"@type\":\"Organization\",\"@id\":\"https:\/\/www.tvuai.com.br\/portal\/#organization\",\"name\":\"TVUAI\",\"url\":\"https:\/\/www.tvuai.com.br\/portal\/\",\"logo\":{\"@type\":\"ImageObject\",\"inLanguage\":\"pt-BR\",\"@id\":\"https:\/\/www.tvuai.com.br\/portal\/#\/schema\/logo\/image\/\",\"url\":\"https:\/\/i0.wp.com\/www.tvuai.com.br\/portal\/wp-content\/uploads\/2017\/12\/logo_tvuai_100H.png?fit=207%2C100&ssl=1\",\"contentUrl\":\"https:\/\/i0.wp.com\/www.tvuai.com.br\/portal\/wp-content\/uploads\/2017\/12\/logo_tvuai_100H.png?fit=207%2C100&ssl=1\",\"width\":207,\"height\":100,\"caption\":\"TVUAI\"},\"image\":{\"@id\":\"https:\/\/www.tvuai.com.br\/portal\/#\/schema\/logo\/image\/\"},\"sameAs\":[\"http:\/\/www.facebook.com\/pages\/TV-Uai-Comunica\u00e7\u00e3o\/139062546157369\",\"https:\/\/x.com\/tvuai\",\"https:\/\/www.instagram.com\/tvuai_network\/\",\"https:\/\/www.youtube.com\/channel\/UCB7ZPB3wRv-OpoZ_09jmnkQ\"]},{\"@type\":\"Person\",\"@id\":\"https:\/\/www.tvuai.com.br\/portal\/#\/schema\/person\/245e50e9127451fd0b7fd76f519ebbfe\",\"name\":\"tvuai\",\"url\":\"https:\/\/www.tvuai.com.br\/portal\/author\/tvuai\/\"}]}<\/script>\n<!-- \/ Yoast SEO plugin. -->","yoast_head_json":{"title":"Sul de Minas ganha refor\u00e7o na sa\u00fade com novo centro de imagem e investimento de R$ 3,5 milh\u00f5es em oftalmologia - TVUAI","robots":{"index":"index","follow":"follow","max-snippet":"max-snippet:-1","max-image-preview":"max-image-preview:large","max-video-preview":"max-video-preview:-1"},"canonical":"https:\/\/www.tvuai.com.br\/portal\/sul-de-minas-ganha-reforco-na-saude-com-novo-centro-de-imagem-e-investimento-de-r-35-milhoes-em-oftalmologia\/","og_locale":"pt_BR","og_type":"article","og_title":"Sul de Minas ganha refor\u00e7o na sa\u00fade com novo centro de imagem e investimento de R$ 3,5 milh\u00f5es em oftalmologia - TVUAI","og_description":"Po\u00e7o Fundo e Varginha ampliam servi\u00e7os de sa\u00fade com novo centro de imagem e investimento federal em oftalmologia pelo SUS A popula\u00e7\u00e3o do Sul de Minas passou a contar com mais acesso a exames e atendimentos especializados no Sistema \u00danico de Sa\u00fade (SUS). O ministro da Sa\u00fade, Alexandre Padilha, participou neste s\u00e1bado, 25, da inaugura\u00e7\u00e3o [&hellip;]","og_url":"https:\/\/www.tvuai.com.br\/portal\/sul-de-minas-ganha-reforco-na-saude-com-novo-centro-de-imagem-e-investimento-de-r-35-milhoes-em-oftalmologia\/","og_site_name":"TVUAI","article_publisher":"http:\/\/www.facebook.com\/pages\/TV-Uai-Comunica%c3%a7%c3%a3o\/139062546157369","article_published_time":"2026-04-27T21:28:27+00:00","og_image":[{"width":200,"height":200,"url":"https:\/\/www.tvuai.com.br\/portal\/wp-content\/uploads\/2026\/04\/especialistas-Varginha0.jpg","type":"image\/jpeg"}],"author":"tvuai","twitter_card":"summary_large_image","twitter_creator":"@tvuai","twitter_site":"@tvuai","twitter_misc":{"Escrito por":"tvuai","Est. tempo de leitura":"3 minutos"},"schema":{"@context":"https:\/\/schema.org","@graph":[{"@type":"Article","@id":"https:\/\/www.tvuai.com.br\/portal\/sul-de-minas-ganha-reforco-na-saude-com-novo-centro-de-imagem-e-investimento-de-r-35-milhoes-em-oftalmologia\/#article","isPartOf":{"@id":"https:\/\/www.tvuai.com.br\/portal\/sul-de-minas-ganha-reforco-na-saude-com-novo-centro-de-imagem-e-investimento-de-r-35-milhoes-em-oftalmologia\/"},"author":{"name":"tvuai","@id":"https:\/\/www.tvuai.com.br\/portal\/#\/schema\/person\/245e50e9127451fd0b7fd76f519ebbfe"},"headline":"Sul de Minas ganha refor\u00e7o na sa\u00fade com novo centro de imagem e investimento de R$ 3,5 milh\u00f5es em oftalmologia","datePublished":"2026-04-27T21:28:27+00:00","dateModified":"2026-04-27T21:28:27+00:00","mainEntityOfPage":{"@id":"https:\/\/www.tvuai.com.br\/portal\/sul-de-minas-ganha-reforco-na-saude-com-novo-centro-de-imagem-e-investimento-de-r-35-milhoes-em-oftalmologia\/"},"wordCount":489,"publisher":{"@id":"https:\/\/www.tvuai.com.br\/portal\/#organization"},"image":{"@id":"https:\/\/www.tvuai.com.br\/portal\/sul-de-minas-ganha-reforco-na-saude-com-novo-centro-de-imagem-e-investimento-de-r-35-milhoes-em-oftalmologia\/#primaryimage"},"thumbnailUrl":"https:\/\/i0.wp.com\/www.tvuai.com.br\/portal\/wp-content\/uploads\/2026\/04\/especialistas-Varginha0.jpg?fit=200%2C200&ssl=1","keywords":["Agora Tem Especialistas","Alexandre Padilha","catarata","centro de imagem","exames","hospital","investimento p\u00fablico","Minas Gerais","oftalmologia","Po\u00e7o Fundo","Pouso Alegre","sa\u00fade","sa\u00fade p\u00fablica","Sul de Minas","SUS)","TV Uai","TV UAI 26 anos ainda estamos aqui ainda independentes","TV UAI Pouso Alegre","Varginha"],"articleSection":["Destaque","Not\u00edcias","Pol\u00edtica","Sa\u00fade","Sociais"],"inLanguage":"pt-BR"},{"@type":"WebPage","@id":"https:\/\/www.tvuai.com.br\/portal\/sul-de-minas-ganha-reforco-na-saude-com-novo-centro-de-imagem-e-investimento-de-r-35-milhoes-em-oftalmologia\/","url":"https:\/\/www.tvuai.com.br\/portal\/sul-de-minas-ganha-reforco-na-saude-com-novo-centro-de-imagem-e-investimento-de-r-35-milhoes-em-oftalmologia\/","name":"Sul de Minas ganha refor\u00e7o na sa\u00fade com novo centro de imagem e investimento de R$ 3,5 milh\u00f5es em oftalmologia - TVUAI","isPartOf":{"@id":"https:\/\/www.tvuai.com.br\/portal\/#website"},"primaryImageOfPage":{"@id":"https:\/\/www.tvuai.com.br\/portal\/sul-de-minas-ganha-reforco-na-saude-com-novo-centro-de-imagem-e-investimento-de-r-35-milhoes-em-oftalmologia\/#primaryimage"},"image":{"@id":"https:\/\/www.tvuai.com.br\/portal\/sul-de-minas-ganha-reforco-na-saude-com-novo-centro-de-imagem-e-investimento-de-r-35-milhoes-em-oftalmologia\/#primaryimage"},"thumbnailUrl":"https:\/\/i0.wp.com\/www.tvuai.com.br\/portal\/wp-content\/uploads\/2026\/04\/especialistas-Varginha0.jpg?fit=200%2C200&ssl=1","datePublished":"2026-04-27T21:28:27+00:00","dateModified":"2026-04-27T21:28:27+00:00","breadcrumb":{"@id":"https:\/\/www.tvuai.com.br\/portal\/sul-de-minas-ganha-reforco-na-saude-com-novo-centro-de-imagem-e-investimento-de-r-35-milhoes-em-oftalmologia\/#breadcrumb"},"inLanguage":"pt-BR","potentialAction":[{"@type":"ReadAction","target":["https:\/\/www.tvuai.com.br\/portal\/sul-de-minas-ganha-reforco-na-saude-com-novo-centro-de-imagem-e-investimento-de-r-35-milhoes-em-oftalmologia\/"]}]},{"@type":"ImageObject","inLanguage":"pt-BR","@id":"https:\/\/www.tvuai.com.br\/portal\/sul-de-minas-ganha-reforco-na-saude-com-novo-centro-de-imagem-e-investimento-de-r-35-milhoes-em-oftalmologia\/#primaryimage","url":"https:\/\/i0.wp.com\/www.tvuai.com.br\/portal\/wp-content\/uploads\/2026\/04\/especialistas-Varginha0.jpg?fit=200%2C200&ssl=1","contentUrl":"https:\/\/i0.wp.com\/www.tvuai.com.br\/portal\/wp-content\/uploads\/2026\/04\/especialistas-Varginha0.jpg?fit=200%2C200&ssl=1","width":200,"height":200},{"@type":"BreadcrumbList","@id":"https:\/\/www.tvuai.com.br\/portal\/sul-de-minas-ganha-reforco-na-saude-com-novo-centro-de-imagem-e-investimento-de-r-35-milhoes-em-oftalmologia\/#breadcrumb","itemListElement":[{"@type":"ListItem","position":1,"name":"In\u00edcio","item":"https:\/\/www.tvuai.com.br\/portal\/"},{"@type":"ListItem","position":2,"name":"Sul de Minas ganha refor\u00e7o na sa\u00fade com novo centro de imagem e investimento de R$ 3,5 milh\u00f5es em oftalmologia"}]},{"@type":"WebSite","@id":"https:\/\/www.tvuai.com.br\/portal\/#website","url":"https:\/\/www.tvuai.com.br\/portal\/","name":"TVUAI","description":"Tudo sobre o Sul de Minas","publisher":{"@id":"https:\/\/www.tvuai.com.br\/portal\/#organization"},"potentialAction":[{"@type":"SearchAction","target":{"@type":"EntryPoint","urlTemplate":"https:\/\/www.tvuai.com.br\/portal\/?s={search_term_string}"},"query-input":{"@type":"PropertyValueSpecification","valueRequired":true,"valueName":"search_term_string"}}],"inLanguage":"pt-BR"},{"@type":"Organization","@id":"https:\/\/www.tvuai.com.br\/portal\/#organization","name":"TVUAI","url":"https:\/\/www.tvuai.com.br\/portal\/","logo":{"@type":"ImageObject","inLanguage":"pt-BR","@id":"https:\/\/www.tvuai.com.br\/portal\/#\/schema\/logo\/image\/","url":"https:\/\/i0.wp.com\/www.tvuai.com.br\/portal\/wp-content\/uploads\/2017\/12\/logo_tvuai_100H.png?fit=207%2C100&ssl=1","contentUrl":"https:\/\/i0.wp.com\/www.tvuai.com.br\/portal\/wp-content\/uploads\/2017\/12\/logo_tvuai_100H.png?fit=207%2C100&ssl=1","width":207,"height":100,"caption":"TVUAI"},"image":{"@id":"https:\/\/www.tvuai.com.br\/portal\/#\/schema\/logo\/image\/"},"sameAs":["http:\/\/www.facebook.com\/pages\/TV-Uai-Comunica\u00e7\u00e3o\/139062546157369","https:\/\/x.com\/tvuai","https:\/\/www.instagram.com\/tvuai_network\/","https:\/\/www.youtube.com\/channel\/UCB7ZPB3wRv-OpoZ_09jmnkQ"]},{"@type":"Person","@id":"https:\/\/www.tvuai.com.br\/portal\/#\/schema\/person\/245e50e9127451fd0b7fd76f519ebbfe","name":"tvuai","url":"https:\/\/www.tvuai.com.br\/portal\/author\/tvuai\/"}]}},"jetpack_featured_media_url":"https:\/\/i0.wp.com\/www.tvuai.com.br\/portal\/wp-content\/uploads\/2026\/04\/especialistas-Varginha0.jpg?fit=200%2C200&ssl=1","wpmagazine_modules_lite_featured_media_urls":{"thumbnail":["https:\/\/i0.wp.com\/www.tvuai.com.br\/portal\/wp-content\/uploads\/2026\/04\/especialistas-Varginha0.jpg?resize=150%2C150&ssl=1",150,150,true],"cvmm-medium":["https:\/\/i0.wp.com\/www.tvuai.com.br\/portal\/wp-content\/uploads\/2026\/04\/especialistas-Varginha0.jpg?resize=200%2C200&ssl=1",200,200,true],"cvmm-medium-plus":["https:\/\/i0.wp.com\/www.tvuai.com.br\/portal\/wp-content\/uploads\/2026\/04\/especialistas-Varginha0.jpg?resize=200%2C200&ssl=1",200,200,true],"cvmm-portrait":["https:\/\/i0.wp.com\/www.tvuai.com.br\/portal\/wp-content\/uploads\/2026\/04\/especialistas-Varginha0.jpg?resize=200%2C200&ssl=1",200,200,true],"cvmm-medium-square":["https:\/\/i0.wp.com\/www.tvuai.com.br\/portal\/wp-content\/uploads\/2026\/04\/especialistas-Varginha0.jpg?resize=200%2C200&ssl=1",200,200,true],"cvmm-large":["https:\/\/i0.wp.com\/www.tvuai.com.br\/portal\/wp-content\/uploads\/2026\/04\/especialistas-Varginha0.jpg?resize=200%2C200&ssl=1",200,200,true],"cvmm-small":["https:\/\/i0.wp.com\/www.tvuai.com.br\/portal\/wp-content\/uploads\/2026\/04\/especialistas-Varginha0.jpg?resize=130%2C95&ssl=1",130,95,true],"full":["https:\/\/i0.wp.com\/www.tvuai.com.br\/portal\/wp-content\/uploads\/2026\/04\/especialistas-Varginha0.jpg?fit=200%2C200&ssl=1",200,200,false]},"categories_names":{"4":{"name":"Destaque","link":"https:\/\/www.tvuai.com.br\/portal\/category\/destaque\/"},"19":{"name":"Not\u00edcias","link":"https:\/\/www.tvuai.com.br\/portal\/category\/noticias\/"},"1818":{"name":"Pol\u00edtica","link":"https:\/\/www.tvuai.com.br\/portal\/category\/politica\/"},"1876":{"name":"Sa\u00fade","link":"https:\/\/www.tvuai.com.br\/portal\/category\/saude\/"},"6235":{"name":"Sociais","link":"https:\/\/www.tvuai.com.br\/portal\/category\/sociais\/"}},"tags_names":{"7730":{"name":"Agora Tem Especialistas","link":"https:\/\/www.tvuai.com.br\/portal\/tag\/agora-tem-especialistas\/"},"7977":{"name":"Alexandre Padilha","link":"https:\/\/www.tvuai.com.br\/portal\/tag\/alexandre-padilha\/"},"8763":{"name":"catarata","link":"https:\/\/www.tvuai.com.br\/portal\/tag\/catarata\/"},"8761":{"name":"centro de imagem","link":"https:\/\/www.tvuai.com.br\/portal\/tag\/centro-de-imagem\/"},"8762":{"name":"exames","link":"https:\/\/www.tvuai.com.br\/portal\/tag\/exames\/"},"7826":{"name":"hospital","link":"https:\/\/www.tvuai.com.br\/portal\/tag\/hospital\/"},"7073":{"name":"investimento p\u00fablico","link":"https:\/\/www.tvuai.com.br\/portal\/tag\/investimento-publico\/"},"184":{"name":"Minas Gerais","link":"https:\/\/www.tvuai.com.br\/portal\/tag\/minas-gerais\/"},"829":{"name":"oftalmologia","link":"https:\/\/www.tvuai.com.br\/portal\/tag\/oftalmologia\/"},"3559":{"name":"Po\u00e7o Fundo","link":"https:\/\/www.tvuai.com.br\/portal\/tag\/poco-fundo\/"},"37":{"name":"Pouso Alegre","link":"https:\/\/www.tvuai.com.br\/portal\/tag\/pouso-alegre\/"},"831":{"name":"sa\u00fade","link":"https:\/\/www.tvuai.com.br\/portal\/tag\/saude\/"},"5894":{"name":"sa\u00fade p\u00fablica","link":"https:\/\/www.tvuai.com.br\/portal\/tag\/saude-publica\/"},"39":{"name":"Sul de Minas","link":"https:\/\/www.tvuai.com.br\/portal\/tag\/sul-de-minas\/"},"2070":{"name":"SUS)","link":"https:\/\/www.tvuai.com.br\/portal\/tag\/sus\/"},"27":{"name":"TV Uai","link":"https:\/\/www.tvuai.com.br\/portal\/tag\/tv-uai\/"},"8053":{"name":"TV UAI 26 anos ainda estamos aqui ainda independentes","link":"https:\/\/www.tvuai.com.br\/portal\/tag\/tv-uai-26-anos-ainda-estamos-aqui-ainda-independentes\/"},"1618":{"name":"TV UAI Pouso Alegre","link":"https:\/\/www.tvuai.com.br\/portal\/tag\/tv-uai-pouso-alegre\/"},"277":{"name":"Varginha","link":"https:\/\/www.tvuai.com.br\/portal\/tag\/varginha\/"}},"comments_number":"0","jetpack_shortlink":"https:\/\/wp.me\/p9woix-4hJ","jetpack_sharing_enabled":true,"_links":{"self":[{"href":"https:\/\/www.tvuai.com.br\/portal\/wp-json\/wp\/v2\/posts\/16475"}],"collection":[{"href":"https:\/\/www.tvuai.com.br\/portal\/wp-json\/wp\/v2\/posts"}],"about":[{"href":"https:\/\/www.tvuai.com.br\/portal\/wp-json\/wp\/v2\/types\/post"}],"author":[{"embeddable":true,"href":"https:\/\/www.tvuai.com.br\/portal\/wp-json\/wp\/v2\/users\/1"}],"replies":[{"embeddable":true,"href":"https:\/\/www.tvuai.com.br\/portal\/wp-json\/wp\/v2\/comments?post=16475"}],"version-history":[{"count":2,"href":"https:\/\/www.tvuai.com.br\/portal\/wp-json\/wp\/v2\/posts\/16475\/revisions"}],"predecessor-version":[{"id":16479,"href":"https:\/\/www.tvuai.com.br\/portal\/wp-json\/wp\/v2\/posts\/16475\/revisions\/16479"}],"wp:featuredmedia":[{"embeddable":true,"href":"https:\/\/www.tvuai.com.br\/portal\/wp-json\/wp\/v2\/media\/16478"}],"wp:attachment":[{"href":"https:\/\/www.tvuai.com.br\/portal\/wp-json\/wp\/v2\/media?parent=16475"}],"wp:term":[{"taxonomy":"category","embeddable":true,"href":"https:\/\/www.tvuai.com.br\/portal\/wp-json\/wp\/v2\/categories?post=16475"},{"taxonomy":"post_tag","embeddable":true,"href":"https:\/\/www.tvuai.com.br\/portal\/wp-json\/wp\/v2\/tags?post=16475"}],"curies":[{"name":"wp","href":"https:\/\/api.w.org\/{rel}","templated":true}]}}