{"id":16466,"date":"2026-04-27T17:47:58","date_gmt":"2026-04-27T20:47:58","guid":{"rendered":"https:\/\/www.tvuai.com.br\/portal\/?p=16466"},"modified":"2026-04-27T17:49:47","modified_gmt":"2026-04-27T20:49:47","slug":"brasil-leva-cooperacao-cientifica-ao-china-space-day-e-discute-novos-satelites-e-missoes","status":"publish","type":"post","link":"https:\/\/www.tvuai.com.br\/portal\/brasil-leva-cooperacao-cientifica-ao-china-space-day-e-discute-novos-satelites-e-missoes\/","title":{"rendered":"Brasil leva coopera\u00e7\u00e3o cient\u00edfica ao China Space Day e discute novos sat\u00e9lites e miss\u00f5es"},"content":{"rendered":"<div class=\"5a1038e0903b96d426fcfcc338703013\" data-index=\"1\" style=\"float: right; margin:10px 0 10px 10px;\">\n<script async src=\"https:\/\/pagead2.googlesyndication.com\/pagead\/js\/adsbygoogle.js?client=ca-pub-9945944833605257\"\r\n     crossorigin=\"anonymous\"><\/script>\r\n<ins class=\"adsbygoogle\"\r\n     style=\"display:block; text-align:center;\"\r\n     data-ad-layout=\"in-article\"\r\n     data-ad-format=\"fluid\"\r\n     data-ad-client=\"ca-pub-9945944833605257\"\r\n     data-ad-slot=\"2343923581\"><\/ins>\r\n<script>\r\n     (adsbygoogle = window.adsbygoogle || []).push({});\r\n<\/script>\n<\/div>\n<section class=\"text-token-text-primary w-full focus:outline-none [--shadow-height:45px] has-data-writing-block:pointer-events-none has-data-writing-block:-mt-(--shadow-height) has-data-writing-block:pt-(--shadow-height) [&amp;:has([data-writing-block])&gt;*]:pointer-events-auto [content-visibility:auto] supports-[content-visibility:auto]:[contain-intrinsic-size:auto_100lvh] R6Vx5W_threadScrollVars scroll-mb-[calc(var(--scroll-root-safe-area-inset-bottom,0px)+var(--thread-response-height))] scroll-mt-[calc(var(--header-height)+min(200px,max(70px,20svh)))]\" dir=\"auto\" data-turn-id=\"request-69ed3a23-342c-83e9-aee6-75680ccfe883-8\" data-testid=\"conversation-turn-100\" data-scroll-anchor=\"false\" data-turn=\"assistant\">\n<div class=\"text-base my-auto mx-auto [--thread-content-margin:var(--thread-content-margin-xs,calc(var(--spacing)*4))] @w-sm\/main:[--thread-content-margin:var(--thread-content-margin-sm,calc(var(--spacing)*6))] @w-lg\/main:[--thread-content-margin:var(--thread-content-margin-lg,calc(var(--spacing)*16))] px-(--thread-content-margin)\">\n<div class=\"[--thread-content-max-width:40rem] @w-lg\/main:[--thread-content-max-width:48rem] mx-auto max-w-(--thread-content-max-width) flex-1 group\/turn-messages focus-visible:outline-hidden relative flex w-full min-w-0 flex-col agent-turn\">\n<div class=\"flex max-w-full flex-col gap-4 grow\">\n<div class=\"min-h-8 text-message relative flex w-full flex-col items-end gap-2 text-start break-words whitespace-normal outline-none keyboard-focused:focus-ring [.text-message+&amp;]:mt-1\" dir=\"auto\" data-message-author-role=\"assistant\" data-message-id=\"2346a585-5b99-4d7b-ad22-2ccdb0c8d708\" data-message-model-slug=\"gpt-5-3\">\n<div class=\"flex w-full flex-col gap-1 empty:hidden\">\n<div class=\"markdown prose dark:prose-invert w-full wrap-break-word light markdown-new-styling\">\n<h5 style=\"text-align: center;\" data-start=\"215\" data-end=\"348\"><em><strong>Parceria estrat\u00e9gica inclui avan\u00e7os no programa CBERS, projetos clim\u00e1ticos e articula\u00e7\u00e3o de novas miss\u00f5es com tecnologia de ponta<\/strong><\/em><\/h5>\n<figure id=\"attachment_16471\" aria-describedby=\"caption-attachment-16471\" style=\"width: 1000px\" class=\"wp-caption aligncenter\"><img data-recalc-dims=\"1\" fetchpriority=\"high\" decoding=\"async\" data-attachment-id=\"16471\" data-permalink=\"https:\/\/www.tvuai.com.br\/portal\/brasil-leva-cooperacao-cientifica-ao-china-space-day-e-discute-novos-satelites-e-missoes\/china-space-day\/\" data-orig-file=\"https:\/\/i0.wp.com\/www.tvuai.com.br\/portal\/wp-content\/uploads\/2026\/04\/china-space-day.jpg?fit=1000%2C561&amp;ssl=1\" data-orig-size=\"1000,561\" data-comments-opened=\"0\" data-image-meta=\"{&quot;aperture&quot;:&quot;0&quot;,&quot;credit&quot;:&quot;&quot;,&quot;camera&quot;:&quot;&quot;,&quot;caption&quot;:&quot;&quot;,&quot;created_timestamp&quot;:&quot;0&quot;,&quot;copyright&quot;:&quot;&quot;,&quot;focal_length&quot;:&quot;0&quot;,&quot;iso&quot;:&quot;0&quot;,&quot;shutter_speed&quot;:&quot;0&quot;,&quot;title&quot;:&quot;&quot;,&quot;orientation&quot;:&quot;0&quot;}\" data-image-title=\"china space day\" data-image-description=\"\" data-image-caption=\"&lt;p&gt;Brasil participou da 11\u00aa edi\u00e7\u00e3o do China Space Day 2026, em Chengdu, na prov\u00edncia de Sichuan. Foto: MCTI&lt;\/p&gt;\n\" data-medium-file=\"https:\/\/i0.wp.com\/www.tvuai.com.br\/portal\/wp-content\/uploads\/2026\/04\/china-space-day.jpg?fit=300%2C168&amp;ssl=1\" data-large-file=\"https:\/\/i0.wp.com\/www.tvuai.com.br\/portal\/wp-content\/uploads\/2026\/04\/china-space-day.jpg?fit=640%2C359&amp;ssl=1\" tabindex=\"0\" role=\"button\" class=\"size-full wp-image-16471\" src=\"https:\/\/i0.wp.com\/www.tvuai.com.br\/portal\/wp-content\/uploads\/2026\/04\/china-space-day.jpg?resize=640%2C359&#038;ssl=1\" alt=\"\" width=\"640\" height=\"359\" srcset=\"https:\/\/i0.wp.com\/www.tvuai.com.br\/portal\/wp-content\/uploads\/2026\/04\/china-space-day.jpg?w=1000&amp;ssl=1 1000w, https:\/\/i0.wp.com\/www.tvuai.com.br\/portal\/wp-content\/uploads\/2026\/04\/china-space-day.jpg?resize=300%2C168&amp;ssl=1 300w, https:\/\/i0.wp.com\/www.tvuai.com.br\/portal\/wp-content\/uploads\/2026\/04\/china-space-day.jpg?resize=768%2C431&amp;ssl=1 768w\" sizes=\"(max-width: 640px) 100vw, 640px\" \/><figcaption id=\"caption-attachment-16471\" class=\"wp-caption-text\"><em>Brasil participou da 11\u00aa edi\u00e7\u00e3o do China Space Day 2026, em Chengdu, na prov\u00edncia de Sichuan. Foto: MCTI<\/em><\/figcaption><\/figure>\n<p data-start=\"350\" data-end=\"732\">O uso de tecnologias espaciais est\u00e1 cada vez mais presente no dia a dia, seja no monitoramento ambiental, na agricultura ou no planejamento urbano. Nesse contexto, o Brasil participou como pa\u00eds convidado de honra da 11\u00aa edi\u00e7\u00e3o do China Space Day 2026, realizada na sexta-feira (24), em Chengdu, na prov\u00edncia de Sichuan, refor\u00e7ando sua atua\u00e7\u00e3o em coopera\u00e7\u00e3o cient\u00edfica internacional.<\/p>\n<p data-start=\"734\" data-end=\"1132\">A delega\u00e7\u00e3o brasileira foi liderada pelo chefe de gabinete do Minist\u00e9rio da Ci\u00eancia, Tecnologia e Inova\u00e7\u00e3o (MCTI), Rubens Diniz. Considerado o principal evento do setor espacial chin\u00eas, o encontro reuniu autoridades e especialistas de diversos pa\u00edses, al\u00e9m de apresentar diretrizes do programa espacial da China, incluindo miss\u00f5es a Marte, estudos solares e iniciativas no setor espacial comercial.<\/p>\n<p data-start=\"1134\" data-end=\"1573\">Durante o evento, Diniz destacou a relev\u00e2ncia da parceria entre Brasil e China. Segundo ele, a coopera\u00e7\u00e3o no setor aeroespacial representa um instrumento importante para o desenvolvimento global e a promo\u00e7\u00e3o da paz, especialmente em um cen\u00e1rio internacional marcado por tens\u00f5es. O reconhecimento do Brasil como pa\u00eds convidado reflete quase quatro d\u00e9cadas de colabora\u00e7\u00e3o tecnol\u00f3gica entre as duas na\u00e7\u00f5es, com destaque para o Programa CBERS.<\/p>\n<p style=\"text-align: center;\" data-start=\"1134\" data-end=\"1573\"><strong>Coopera\u00e7\u00e3o fortalece autonomia tecnol\u00f3gica brasileira<\/strong><\/p>\n<p data-start=\"1637\" data-end=\"1958\">A participa\u00e7\u00e3o brasileira tamb\u00e9m evidenciou avan\u00e7os em iniciativas conjuntas que v\u00e3o al\u00e9m do CBERS. Entre os projetos apresentados est\u00e3o o laborat\u00f3rio sino-brasileiro de clima espacial (Space Weather), pesquisas com o radiotelesc\u00f3pio Bingo e articula\u00e7\u00f5es para a cria\u00e7\u00e3o de uma constela\u00e7\u00e3o de sat\u00e9lites no \u00e2mbito do Brics.<\/p>\n<p data-start=\"1960\" data-end=\"2167\">O chefe da Assessoria Especial de Assuntos Internacionais do MCTI, Carlos Matsumoto, ressaltou que o convite ao Brasil representa o reconhecimento dessa trajet\u00f3ria de coopera\u00e7\u00e3o de 38 anos no setor espacial.<\/p>\n<p data-start=\"2169\" data-end=\"2350\">Al\u00e9m disso, foram discutidas oportunidades de interc\u00e2mbio acad\u00eamico e forma\u00e7\u00e3o de estudantes brasileiros em institui\u00e7\u00f5es chinesas, ampliando a integra\u00e7\u00e3o cient\u00edfica entre os pa\u00edses.<\/p>\n<p data-start=\"2352\" data-end=\"2651\">O programa CBERS segue como um dos pilares dessa parceria, com papel fundamental no monitoramento ambiental, especialmente em biomas como a Amaz\u00f4nia. Os dados gerados pelos sat\u00e9lites s\u00e3o utilizados por sistemas como Deter e Prodes, contribuindo para pol\u00edticas p\u00fablicas e gest\u00e3o de recursos naturais.<\/p>\n<p style=\"text-align: center;\" data-start=\"2352\" data-end=\"2651\"><strong>Novos sat\u00e9lites e tecnologia de radar<\/strong><\/p>\n<p data-start=\"2700\" data-end=\"2948\">Durante o encontro, tamb\u00e9m foram debatidos os pr\u00f3ximos passos da coopera\u00e7\u00e3o, incluindo o desenvolvimento do CBERS-6, que contar\u00e1 com tecnologia de radar capaz de gerar imagens mesmo em condi\u00e7\u00f5es adversas, como per\u00edodos de chuva e alta nebulosidade.<\/p>\n<p data-start=\"2950\" data-end=\"3164\">Outro destaque \u00e9 o CBERS-5, primeiro sat\u00e9lite geoestacion\u00e1rio da parceria, que deve ampliar a capacidade brasileira na produ\u00e7\u00e3o de dados meteorol\u00f3gicos e ambientais, reduzindo a depend\u00eancia de informa\u00e7\u00f5es externas.<\/p>\n<p style=\"text-align: center;\" data-start=\"2950\" data-end=\"3164\"><strong>Carta presidencial refor\u00e7a parceria<\/strong><\/p>\n<p data-start=\"3210\" data-end=\"3486\">A abertura do evento contou com a leitura de uma carta do presidente Luiz In\u00e1cio Lula da Silva ao presidente chin\u00eas Xi Jinping. Na mensagem, Lula destacou os avan\u00e7os da China no setor espacial e refor\u00e7ou a import\u00e2ncia da coopera\u00e7\u00e3o internacional para o uso pac\u00edfico do espa\u00e7o.<\/p>\n<p data-start=\"3488\" data-end=\"3742\">O presidente brasileiro tamb\u00e9m ressaltou que os sat\u00e9lites do programa CBERS contribuem diretamente para o monitoramento ambiental, o planejamento territorial e a gest\u00e3o de recursos naturais, com benef\u00edcios que ultrapassam as fronteiras de Brasil e China.<\/p>\n<p style=\"text-align: center;\" data-start=\"3488\" data-end=\"3742\"><strong>Miss\u00e3o inclui agenda t\u00e9cnica e reuni\u00f5es bilaterais<\/strong><\/p>\n<p data-start=\"3803\" data-end=\"4089\">Al\u00e9m da participa\u00e7\u00e3o no evento, a miss\u00e3o brasileira na China inclui uma s\u00e9rie de compromissos t\u00e9cnicos e institucionais em Chengdu e Pequim. Est\u00e3o previstas reuni\u00f5es com a Administra\u00e7\u00e3o Espacial Nacional da China (CNSA), al\u00e9m de discuss\u00f5es sobre novos projetos e parcerias estrat\u00e9gicas.<\/p>\n<p data-start=\"4091\" data-end=\"4316\">A agenda tamb\u00e9m contempla a participa\u00e7\u00e3o em f\u00f3runs t\u00e9cnicos e espa\u00e7os expositivos, com foco no fortalecimento de iniciativas conjuntas e na amplia\u00e7\u00e3o da presen\u00e7a do Brasil em projetos internacionais de alto valor tecnol\u00f3gico.<\/p>\n<\/div>\n<\/div>\n<\/div>\n<\/div>\n<\/div>\n<\/div>\n<\/section>\n\n<div style=\"font-size: 0px; height: 0px; line-height: 0px; margin: 0; padding: 0; clear: both;\"><\/div><div class='share-to-whatsapp-wrapper'><div class='share-on-whsp'>Share on: <\/div><a data-text='Brasil leva coopera\u00e7\u00e3o cient\u00edfica ao China Space Day e discute novos sat\u00e9lites e miss\u00f5es' data-link='https:\/\/www.tvuai.com.br\/portal\/brasil-leva-cooperacao-cientifica-ao-china-space-day-e-discute-novos-satelites-e-missoes\/' class='whatsapp-button whatsapp-share'>WhatsApp<\/a><div class='clear '><\/div><\/div><!-- AddThis Advanced Settings generic via filter on the_content --><!-- AddThis Share Buttons generic via filter on the_content -->","protected":false},"excerpt":{"rendered":"<p>Parceria estrat\u00e9gica inclui avan\u00e7os no programa CBERS, projetos clim\u00e1ticos e articula\u00e7\u00e3o de novas miss\u00f5es com tecnologia de ponta O uso de tecnologias espaciais est\u00e1 cada vez mais presente no dia a dia, seja no monitoramento ambiental, na agricultura ou no planejamento urbano. Nesse contexto, o Brasil participou como pa\u00eds convidado de honra da 11\u00aa edi\u00e7\u00e3o [&hellip;]<!-- AddThis Advanced Settings generic via filter on get_the_excerpt --><!-- AddThis Share Buttons generic via filter on get_the_excerpt --><\/p>\n","protected":false},"author":1,"featured_media":16470,"comment_status":"closed","ping_status":"closed","sticky":false,"template":"","format":"standard","meta":{"jetpack_post_was_ever_published":false,"_jetpack_newsletter_access":"","_jetpack_dont_email_post_to_subs":false,"_jetpack_newsletter_tier_id":0,"_jetpack_memberships_contains_paywalled_content":false,"_jetpack_memberships_contains_paid_content":false,"_joinchat":[],"footnotes":"","jetpack_publicize_message":"","jetpack_publicize_feature_enabled":true,"jetpack_social_post_already_shared":true,"jetpack_social_options":{"image_generator_settings":{"template":"highway","enabled":false},"version":2}},"categories":[1642,4,1815,19,6235],"tags":[7286,2448,8759,8757,3663,8758,860,2143,7121,593,4675,5308,1637,184,8075,8760,37,7622,39,6462,27,8053,1618],"class_list":["post-16466","post","type-post","status-publish","format-standard","has-post-thumbnail","hentry","category-tecnologia","category-destaque","category-economia","category-noticias","category-sociais","tag-amazonia","tag-brasil","tag-brics","tag-cbers","tag-china","tag-china-space-day","tag-ciencia","tag-ciencia-engenharia-tecnologia","tag-cooperacao-internacional","tag-desenvolvimento-sustentavel","tag-espaco","tag-inovacao","tag-mcti","tag-minas-gerais","tag-monitoramento-ambiental","tag-politica-cientifica","tag-pouso-alegre","tag-satelites","tag-sul-de-minas","tag-tecnologia-espacial","tag-tv-uai","tag-tv-uai-26-anos-ainda-estamos-aqui-ainda-independentes","tag-tv-uai-pouso-alegre"],"jetpack_publicize_connections":[],"yoast_head":"<!-- This site is optimized with the Yoast SEO plugin v23.5 - https:\/\/yoast.com\/wordpress\/plugins\/seo\/ -->\n<title>Brasil leva coopera\u00e7\u00e3o cient\u00edfica ao China Space Day e discute novos sat\u00e9lites e miss\u00f5es - TVUAI<\/title>\n<meta name=\"robots\" content=\"index, follow, max-snippet:-1, max-image-preview:large, max-video-preview:-1\" \/>\n<link rel=\"canonical\" href=\"https:\/\/www.tvuai.com.br\/portal\/brasil-leva-cooperacao-cientifica-ao-china-space-day-e-discute-novos-satelites-e-missoes\/\" \/>\n<meta property=\"og:locale\" content=\"pt_BR\" \/>\n<meta property=\"og:type\" content=\"article\" \/>\n<meta property=\"og:title\" content=\"Brasil leva coopera\u00e7\u00e3o cient\u00edfica ao China Space Day e discute novos sat\u00e9lites e miss\u00f5es - TVUAI\" \/>\n<meta property=\"og:description\" content=\"Parceria estrat\u00e9gica inclui avan\u00e7os no programa CBERS, projetos clim\u00e1ticos e articula\u00e7\u00e3o de novas miss\u00f5es com tecnologia de ponta O uso de tecnologias espaciais est\u00e1 cada vez mais presente no dia a dia, seja no monitoramento ambiental, na agricultura ou no planejamento urbano. Nesse contexto, o Brasil participou como pa\u00eds convidado de honra da 11\u00aa edi\u00e7\u00e3o [&hellip;]\" \/>\n<meta property=\"og:url\" content=\"https:\/\/www.tvuai.com.br\/portal\/brasil-leva-cooperacao-cientifica-ao-china-space-day-e-discute-novos-satelites-e-missoes\/\" \/>\n<meta property=\"og:site_name\" content=\"TVUAI\" \/>\n<meta property=\"article:publisher\" content=\"http:\/\/www.facebook.com\/pages\/TV-Uai-Comunica%c3%a7%c3%a3o\/139062546157369\" \/>\n<meta property=\"article:published_time\" content=\"2026-04-27T20:47:58+00:00\" \/>\n<meta property=\"article:modified_time\" content=\"2026-04-27T20:49:47+00:00\" \/>\n<meta property=\"og:image\" content=\"https:\/\/www.tvuai.com.br\/portal\/wp-content\/uploads\/2026\/04\/china-space-day-0.jpg\" \/>\n\t<meta property=\"og:image:width\" content=\"200\" \/>\n\t<meta property=\"og:image:height\" content=\"200\" \/>\n\t<meta property=\"og:image:type\" content=\"image\/jpeg\" \/>\n<meta name=\"author\" content=\"tvuai\" \/>\n<meta name=\"twitter:card\" content=\"summary_large_image\" \/>\n<meta name=\"twitter:creator\" content=\"@tvuai\" \/>\n<meta name=\"twitter:site\" content=\"@tvuai\" \/>\n<meta name=\"twitter:label1\" content=\"Escrito por\" \/>\n\t<meta name=\"twitter:data1\" content=\"tvuai\" \/>\n\t<meta name=\"twitter:label2\" content=\"Est. tempo de leitura\" \/>\n\t<meta name=\"twitter:data2\" content=\"4 minutos\" \/>\n<script type=\"application\/ld+json\" class=\"yoast-schema-graph\">{\"@context\":\"https:\/\/schema.org\",\"@graph\":[{\"@type\":\"Article\",\"@id\":\"https:\/\/www.tvuai.com.br\/portal\/brasil-leva-cooperacao-cientifica-ao-china-space-day-e-discute-novos-satelites-e-missoes\/#article\",\"isPartOf\":{\"@id\":\"https:\/\/www.tvuai.com.br\/portal\/brasil-leva-cooperacao-cientifica-ao-china-space-day-e-discute-novos-satelites-e-missoes\/\"},\"author\":{\"name\":\"tvuai\",\"@id\":\"https:\/\/www.tvuai.com.br\/portal\/#\/schema\/person\/245e50e9127451fd0b7fd76f519ebbfe\"},\"headline\":\"Brasil leva coopera\u00e7\u00e3o cient\u00edfica ao China Space Day e discute novos sat\u00e9lites e miss\u00f5es\",\"datePublished\":\"2026-04-27T20:47:58+00:00\",\"dateModified\":\"2026-04-27T20:49:47+00:00\",\"mainEntityOfPage\":{\"@id\":\"https:\/\/www.tvuai.com.br\/portal\/brasil-leva-cooperacao-cientifica-ao-china-space-day-e-discute-novos-satelites-e-missoes\/\"},\"wordCount\":734,\"publisher\":{\"@id\":\"https:\/\/www.tvuai.com.br\/portal\/#organization\"},\"image\":{\"@id\":\"https:\/\/www.tvuai.com.br\/portal\/brasil-leva-cooperacao-cientifica-ao-china-space-day-e-discute-novos-satelites-e-missoes\/#primaryimage\"},\"thumbnailUrl\":\"https:\/\/i0.wp.com\/www.tvuai.com.br\/portal\/wp-content\/uploads\/2026\/04\/china-space-day-0.jpg?fit=200%2C200&ssl=1\",\"keywords\":[\"Amaz\u00f4nia\",\"Brasil\",\"Brics\",\"CBERS\",\"China\",\"China Space Day\",\"Ci\u00eancia\",\"Ci\u00eancia Engenharia &amp; Tecnologia\",\"coopera\u00e7\u00e3o internacional\",\"desenvolvimento sustent\u00e1vel\",\"espa\u00e7o\",\"inova\u00e7\u00e3o\",\"MCTI\",\"Minas Gerais\",\"monitoramento ambiental\",\"pol\u00edtica cient\u00edfica\",\"Pouso Alegre\",\"sat\u00e9lites\",\"Sul de Minas\",\"tecnologia espacial\",\"TV Uai\",\"TV UAI 26 anos ainda estamos aqui ainda independentes\",\"TV UAI Pouso Alegre\"],\"articleSection\":[\"Ci\u00eancia e Tecnologia\",\"Destaque\",\"Economia\",\"Not\u00edcias\",\"Sociais\"],\"inLanguage\":\"pt-BR\"},{\"@type\":\"WebPage\",\"@id\":\"https:\/\/www.tvuai.com.br\/portal\/brasil-leva-cooperacao-cientifica-ao-china-space-day-e-discute-novos-satelites-e-missoes\/\",\"url\":\"https:\/\/www.tvuai.com.br\/portal\/brasil-leva-cooperacao-cientifica-ao-china-space-day-e-discute-novos-satelites-e-missoes\/\",\"name\":\"Brasil leva coopera\u00e7\u00e3o cient\u00edfica ao China Space Day e discute novos sat\u00e9lites e miss\u00f5es - TVUAI\",\"isPartOf\":{\"@id\":\"https:\/\/www.tvuai.com.br\/portal\/#website\"},\"primaryImageOfPage\":{\"@id\":\"https:\/\/www.tvuai.com.br\/portal\/brasil-leva-cooperacao-cientifica-ao-china-space-day-e-discute-novos-satelites-e-missoes\/#primaryimage\"},\"image\":{\"@id\":\"https:\/\/www.tvuai.com.br\/portal\/brasil-leva-cooperacao-cientifica-ao-china-space-day-e-discute-novos-satelites-e-missoes\/#primaryimage\"},\"thumbnailUrl\":\"https:\/\/i0.wp.com\/www.tvuai.com.br\/portal\/wp-content\/uploads\/2026\/04\/china-space-day-0.jpg?fit=200%2C200&ssl=1\",\"datePublished\":\"2026-04-27T20:47:58+00:00\",\"dateModified\":\"2026-04-27T20:49:47+00:00\",\"breadcrumb\":{\"@id\":\"https:\/\/www.tvuai.com.br\/portal\/brasil-leva-cooperacao-cientifica-ao-china-space-day-e-discute-novos-satelites-e-missoes\/#breadcrumb\"},\"inLanguage\":\"pt-BR\",\"potentialAction\":[{\"@type\":\"ReadAction\",\"target\":[\"https:\/\/www.tvuai.com.br\/portal\/brasil-leva-cooperacao-cientifica-ao-china-space-day-e-discute-novos-satelites-e-missoes\/\"]}]},{\"@type\":\"ImageObject\",\"inLanguage\":\"pt-BR\",\"@id\":\"https:\/\/www.tvuai.com.br\/portal\/brasil-leva-cooperacao-cientifica-ao-china-space-day-e-discute-novos-satelites-e-missoes\/#primaryimage\",\"url\":\"https:\/\/i0.wp.com\/www.tvuai.com.br\/portal\/wp-content\/uploads\/2026\/04\/china-space-day-0.jpg?fit=200%2C200&ssl=1\",\"contentUrl\":\"https:\/\/i0.wp.com\/www.tvuai.com.br\/portal\/wp-content\/uploads\/2026\/04\/china-space-day-0.jpg?fit=200%2C200&ssl=1\",\"width\":200,\"height\":200},{\"@type\":\"BreadcrumbList\",\"@id\":\"https:\/\/www.tvuai.com.br\/portal\/brasil-leva-cooperacao-cientifica-ao-china-space-day-e-discute-novos-satelites-e-missoes\/#breadcrumb\",\"itemListElement\":[{\"@type\":\"ListItem\",\"position\":1,\"name\":\"In\u00edcio\",\"item\":\"https:\/\/www.tvuai.com.br\/portal\/\"},{\"@type\":\"ListItem\",\"position\":2,\"name\":\"Brasil leva coopera\u00e7\u00e3o cient\u00edfica ao China Space Day e discute novos sat\u00e9lites e miss\u00f5es\"}]},{\"@type\":\"WebSite\",\"@id\":\"https:\/\/www.tvuai.com.br\/portal\/#website\",\"url\":\"https:\/\/www.tvuai.com.br\/portal\/\",\"name\":\"TVUAI\",\"description\":\"Tudo sobre o Sul de Minas\",\"publisher\":{\"@id\":\"https:\/\/www.tvuai.com.br\/portal\/#organization\"},\"potentialAction\":[{\"@type\":\"SearchAction\",\"target\":{\"@type\":\"EntryPoint\",\"urlTemplate\":\"https:\/\/www.tvuai.com.br\/portal\/?s={search_term_string}\"},\"query-input\":{\"@type\":\"PropertyValueSpecification\",\"valueRequired\":true,\"valueName\":\"search_term_string\"}}],\"inLanguage\":\"pt-BR\"},{\"@type\":\"Organization\",\"@id\":\"https:\/\/www.tvuai.com.br\/portal\/#organization\",\"name\":\"TVUAI\",\"url\":\"https:\/\/www.tvuai.com.br\/portal\/\",\"logo\":{\"@type\":\"ImageObject\",\"inLanguage\":\"pt-BR\",\"@id\":\"https:\/\/www.tvuai.com.br\/portal\/#\/schema\/logo\/image\/\",\"url\":\"https:\/\/i0.wp.com\/www.tvuai.com.br\/portal\/wp-content\/uploads\/2017\/12\/logo_tvuai_100H.png?fit=207%2C100&ssl=1\",\"contentUrl\":\"https:\/\/i0.wp.com\/www.tvuai.com.br\/portal\/wp-content\/uploads\/2017\/12\/logo_tvuai_100H.png?fit=207%2C100&ssl=1\",\"width\":207,\"height\":100,\"caption\":\"TVUAI\"},\"image\":{\"@id\":\"https:\/\/www.tvuai.com.br\/portal\/#\/schema\/logo\/image\/\"},\"sameAs\":[\"http:\/\/www.facebook.com\/pages\/TV-Uai-Comunica\u00e7\u00e3o\/139062546157369\",\"https:\/\/x.com\/tvuai\",\"https:\/\/www.instagram.com\/tvuai_network\/\",\"https:\/\/www.youtube.com\/channel\/UCB7ZPB3wRv-OpoZ_09jmnkQ\"]},{\"@type\":\"Person\",\"@id\":\"https:\/\/www.tvuai.com.br\/portal\/#\/schema\/person\/245e50e9127451fd0b7fd76f519ebbfe\",\"name\":\"tvuai\",\"url\":\"https:\/\/www.tvuai.com.br\/portal\/author\/tvuai\/\"}]}<\/script>\n<!-- \/ Yoast SEO plugin. -->","yoast_head_json":{"title":"Brasil leva coopera\u00e7\u00e3o cient\u00edfica ao China Space Day e discute novos sat\u00e9lites e miss\u00f5es - TVUAI","robots":{"index":"index","follow":"follow","max-snippet":"max-snippet:-1","max-image-preview":"max-image-preview:large","max-video-preview":"max-video-preview:-1"},"canonical":"https:\/\/www.tvuai.com.br\/portal\/brasil-leva-cooperacao-cientifica-ao-china-space-day-e-discute-novos-satelites-e-missoes\/","og_locale":"pt_BR","og_type":"article","og_title":"Brasil leva coopera\u00e7\u00e3o cient\u00edfica ao China Space Day e discute novos sat\u00e9lites e miss\u00f5es - TVUAI","og_description":"Parceria estrat\u00e9gica inclui avan\u00e7os no programa CBERS, projetos clim\u00e1ticos e articula\u00e7\u00e3o de novas miss\u00f5es com tecnologia de ponta O uso de tecnologias espaciais est\u00e1 cada vez mais presente no dia a dia, seja no monitoramento ambiental, na agricultura ou no planejamento urbano. Nesse contexto, o Brasil participou como pa\u00eds convidado de honra da 11\u00aa edi\u00e7\u00e3o [&hellip;]","og_url":"https:\/\/www.tvuai.com.br\/portal\/brasil-leva-cooperacao-cientifica-ao-china-space-day-e-discute-novos-satelites-e-missoes\/","og_site_name":"TVUAI","article_publisher":"http:\/\/www.facebook.com\/pages\/TV-Uai-Comunica%c3%a7%c3%a3o\/139062546157369","article_published_time":"2026-04-27T20:47:58+00:00","article_modified_time":"2026-04-27T20:49:47+00:00","og_image":[{"width":200,"height":200,"url":"https:\/\/www.tvuai.com.br\/portal\/wp-content\/uploads\/2026\/04\/china-space-day-0.jpg","type":"image\/jpeg"}],"author":"tvuai","twitter_card":"summary_large_image","twitter_creator":"@tvuai","twitter_site":"@tvuai","twitter_misc":{"Escrito por":"tvuai","Est. tempo de leitura":"4 minutos"},"schema":{"@context":"https:\/\/schema.org","@graph":[{"@type":"Article","@id":"https:\/\/www.tvuai.com.br\/portal\/brasil-leva-cooperacao-cientifica-ao-china-space-day-e-discute-novos-satelites-e-missoes\/#article","isPartOf":{"@id":"https:\/\/www.tvuai.com.br\/portal\/brasil-leva-cooperacao-cientifica-ao-china-space-day-e-discute-novos-satelites-e-missoes\/"},"author":{"name":"tvuai","@id":"https:\/\/www.tvuai.com.br\/portal\/#\/schema\/person\/245e50e9127451fd0b7fd76f519ebbfe"},"headline":"Brasil leva coopera\u00e7\u00e3o cient\u00edfica ao China Space Day e discute novos sat\u00e9lites e miss\u00f5es","datePublished":"2026-04-27T20:47:58+00:00","dateModified":"2026-04-27T20:49:47+00:00","mainEntityOfPage":{"@id":"https:\/\/www.tvuai.com.br\/portal\/brasil-leva-cooperacao-cientifica-ao-china-space-day-e-discute-novos-satelites-e-missoes\/"},"wordCount":734,"publisher":{"@id":"https:\/\/www.tvuai.com.br\/portal\/#organization"},"image":{"@id":"https:\/\/www.tvuai.com.br\/portal\/brasil-leva-cooperacao-cientifica-ao-china-space-day-e-discute-novos-satelites-e-missoes\/#primaryimage"},"thumbnailUrl":"https:\/\/i0.wp.com\/www.tvuai.com.br\/portal\/wp-content\/uploads\/2026\/04\/china-space-day-0.jpg?fit=200%2C200&ssl=1","keywords":["Amaz\u00f4nia","Brasil","Brics","CBERS","China","China Space Day","Ci\u00eancia","Ci\u00eancia Engenharia &amp; Tecnologia","coopera\u00e7\u00e3o internacional","desenvolvimento sustent\u00e1vel","espa\u00e7o","inova\u00e7\u00e3o","MCTI","Minas Gerais","monitoramento ambiental","pol\u00edtica cient\u00edfica","Pouso Alegre","sat\u00e9lites","Sul de Minas","tecnologia espacial","TV Uai","TV UAI 26 anos ainda estamos aqui ainda independentes","TV UAI Pouso Alegre"],"articleSection":["Ci\u00eancia e Tecnologia","Destaque","Economia","Not\u00edcias","Sociais"],"inLanguage":"pt-BR"},{"@type":"WebPage","@id":"https:\/\/www.tvuai.com.br\/portal\/brasil-leva-cooperacao-cientifica-ao-china-space-day-e-discute-novos-satelites-e-missoes\/","url":"https:\/\/www.tvuai.com.br\/portal\/brasil-leva-cooperacao-cientifica-ao-china-space-day-e-discute-novos-satelites-e-missoes\/","name":"Brasil leva coopera\u00e7\u00e3o cient\u00edfica ao China Space Day e discute novos sat\u00e9lites e miss\u00f5es - TVUAI","isPartOf":{"@id":"https:\/\/www.tvuai.com.br\/portal\/#website"},"primaryImageOfPage":{"@id":"https:\/\/www.tvuai.com.br\/portal\/brasil-leva-cooperacao-cientifica-ao-china-space-day-e-discute-novos-satelites-e-missoes\/#primaryimage"},"image":{"@id":"https:\/\/www.tvuai.com.br\/portal\/brasil-leva-cooperacao-cientifica-ao-china-space-day-e-discute-novos-satelites-e-missoes\/#primaryimage"},"thumbnailUrl":"https:\/\/i0.wp.com\/www.tvuai.com.br\/portal\/wp-content\/uploads\/2026\/04\/china-space-day-0.jpg?fit=200%2C200&ssl=1","datePublished":"2026-04-27T20:47:58+00:00","dateModified":"2026-04-27T20:49:47+00:00","breadcrumb":{"@id":"https:\/\/www.tvuai.com.br\/portal\/brasil-leva-cooperacao-cientifica-ao-china-space-day-e-discute-novos-satelites-e-missoes\/#breadcrumb"},"inLanguage":"pt-BR","potentialAction":[{"@type":"ReadAction","target":["https:\/\/www.tvuai.com.br\/portal\/brasil-leva-cooperacao-cientifica-ao-china-space-day-e-discute-novos-satelites-e-missoes\/"]}]},{"@type":"ImageObject","inLanguage":"pt-BR","@id":"https:\/\/www.tvuai.com.br\/portal\/brasil-leva-cooperacao-cientifica-ao-china-space-day-e-discute-novos-satelites-e-missoes\/#primaryimage","url":"https:\/\/i0.wp.com\/www.tvuai.com.br\/portal\/wp-content\/uploads\/2026\/04\/china-space-day-0.jpg?fit=200%2C200&ssl=1","contentUrl":"https:\/\/i0.wp.com\/www.tvuai.com.br\/portal\/wp-content\/uploads\/2026\/04\/china-space-day-0.jpg?fit=200%2C200&ssl=1","width":200,"height":200},{"@type":"BreadcrumbList","@id":"https:\/\/www.tvuai.com.br\/portal\/brasil-leva-cooperacao-cientifica-ao-china-space-day-e-discute-novos-satelites-e-missoes\/#breadcrumb","itemListElement":[{"@type":"ListItem","position":1,"name":"In\u00edcio","item":"https:\/\/www.tvuai.com.br\/portal\/"},{"@type":"ListItem","position":2,"name":"Brasil leva coopera\u00e7\u00e3o cient\u00edfica ao China Space Day e discute novos sat\u00e9lites e miss\u00f5es"}]},{"@type":"WebSite","@id":"https:\/\/www.tvuai.com.br\/portal\/#website","url":"https:\/\/www.tvuai.com.br\/portal\/","name":"TVUAI","description":"Tudo sobre o Sul de Minas","publisher":{"@id":"https:\/\/www.tvuai.com.br\/portal\/#organization"},"potentialAction":[{"@type":"SearchAction","target":{"@type":"EntryPoint","urlTemplate":"https:\/\/www.tvuai.com.br\/portal\/?s={search_term_string}"},"query-input":{"@type":"PropertyValueSpecification","valueRequired":true,"valueName":"search_term_string"}}],"inLanguage":"pt-BR"},{"@type":"Organization","@id":"https:\/\/www.tvuai.com.br\/portal\/#organization","name":"TVUAI","url":"https:\/\/www.tvuai.com.br\/portal\/","logo":{"@type":"ImageObject","inLanguage":"pt-BR","@id":"https:\/\/www.tvuai.com.br\/portal\/#\/schema\/logo\/image\/","url":"https:\/\/i0.wp.com\/www.tvuai.com.br\/portal\/wp-content\/uploads\/2017\/12\/logo_tvuai_100H.png?fit=207%2C100&ssl=1","contentUrl":"https:\/\/i0.wp.com\/www.tvuai.com.br\/portal\/wp-content\/uploads\/2017\/12\/logo_tvuai_100H.png?fit=207%2C100&ssl=1","width":207,"height":100,"caption":"TVUAI"},"image":{"@id":"https:\/\/www.tvuai.com.br\/portal\/#\/schema\/logo\/image\/"},"sameAs":["http:\/\/www.facebook.com\/pages\/TV-Uai-Comunica\u00e7\u00e3o\/139062546157369","https:\/\/x.com\/tvuai","https:\/\/www.instagram.com\/tvuai_network\/","https:\/\/www.youtube.com\/channel\/UCB7ZPB3wRv-OpoZ_09jmnkQ"]},{"@type":"Person","@id":"https:\/\/www.tvuai.com.br\/portal\/#\/schema\/person\/245e50e9127451fd0b7fd76f519ebbfe","name":"tvuai","url":"https:\/\/www.tvuai.com.br\/portal\/author\/tvuai\/"}]}},"jetpack_featured_media_url":"https:\/\/i0.wp.com\/www.tvuai.com.br\/portal\/wp-content\/uploads\/2026\/04\/china-space-day-0.jpg?fit=200%2C200&ssl=1","wpmagazine_modules_lite_featured_media_urls":{"thumbnail":["https:\/\/i0.wp.com\/www.tvuai.com.br\/portal\/wp-content\/uploads\/2026\/04\/china-space-day-0.jpg?resize=150%2C150&ssl=1",150,150,true],"cvmm-medium":["https:\/\/i0.wp.com\/www.tvuai.com.br\/portal\/wp-content\/uploads\/2026\/04\/china-space-day-0.jpg?resize=200%2C200&ssl=1",200,200,true],"cvmm-medium-plus":["https:\/\/i0.wp.com\/www.tvuai.com.br\/portal\/wp-content\/uploads\/2026\/04\/china-space-day-0.jpg?resize=200%2C200&ssl=1",200,200,true],"cvmm-portrait":["https:\/\/i0.wp.com\/www.tvuai.com.br\/portal\/wp-content\/uploads\/2026\/04\/china-space-day-0.jpg?resize=200%2C200&ssl=1",200,200,true],"cvmm-medium-square":["https:\/\/i0.wp.com\/www.tvuai.com.br\/portal\/wp-content\/uploads\/2026\/04\/china-space-day-0.jpg?resize=200%2C200&ssl=1",200,200,true],"cvmm-large":["https:\/\/i0.wp.com\/www.tvuai.com.br\/portal\/wp-content\/uploads\/2026\/04\/china-space-day-0.jpg?resize=200%2C200&ssl=1",200,200,true],"cvmm-small":["https:\/\/i0.wp.com\/www.tvuai.com.br\/portal\/wp-content\/uploads\/2026\/04\/china-space-day-0.jpg?resize=130%2C95&ssl=1",130,95,true],"full":["https:\/\/i0.wp.com\/www.tvuai.com.br\/portal\/wp-content\/uploads\/2026\/04\/china-space-day-0.jpg?fit=200%2C200&ssl=1",200,200,false]},"categories_names":{"1642":{"name":"Ci\u00eancia e Tecnologia","link":"https:\/\/www.tvuai.com.br\/portal\/category\/tecnologia\/"},"4":{"name":"Destaque","link":"https:\/\/www.tvuai.com.br\/portal\/category\/destaque\/"},"1815":{"name":"Economia","link":"https:\/\/www.tvuai.com.br\/portal\/category\/economia\/"},"19":{"name":"Not\u00edcias","link":"https:\/\/www.tvuai.com.br\/portal\/category\/noticias\/"},"6235":{"name":"Sociais","link":"https:\/\/www.tvuai.com.br\/portal\/category\/sociais\/"}},"tags_names":{"7286":{"name":"Amaz\u00f4nia","link":"https:\/\/www.tvuai.com.br\/portal\/tag\/amazonia\/"},"2448":{"name":"Brasil","link":"https:\/\/www.tvuai.com.br\/portal\/tag\/brasil\/"},"8759":{"name":"Brics","link":"https:\/\/www.tvuai.com.br\/portal\/tag\/brics\/"},"8757":{"name":"CBERS","link":"https:\/\/www.tvuai.com.br\/portal\/tag\/cbers\/"},"3663":{"name":"China","link":"https:\/\/www.tvuai.com.br\/portal\/tag\/china\/"},"8758":{"name":"China Space Day","link":"https:\/\/www.tvuai.com.br\/portal\/tag\/china-space-day\/"},"860":{"name":"Ci\u00eancia","link":"https:\/\/www.tvuai.com.br\/portal\/tag\/ciencia\/"},"2143":{"name":"Ci\u00eancia Engenharia &amp; Tecnologia","link":"https:\/\/www.tvuai.com.br\/portal\/tag\/ciencia-engenharia-tecnologia\/"},"7121":{"name":"coopera\u00e7\u00e3o internacional","link":"https:\/\/www.tvuai.com.br\/portal\/tag\/cooperacao-internacional\/"},"593":{"name":"desenvolvimento sustent\u00e1vel","link":"https:\/\/www.tvuai.com.br\/portal\/tag\/desenvolvimento-sustentavel\/"},"4675":{"name":"espa\u00e7o","link":"https:\/\/www.tvuai.com.br\/portal\/tag\/espaco\/"},"5308":{"name":"inova\u00e7\u00e3o","link":"https:\/\/www.tvuai.com.br\/portal\/tag\/inovacao\/"},"1637":{"name":"MCTI","link":"https:\/\/www.tvuai.com.br\/portal\/tag\/mcti\/"},"184":{"name":"Minas Gerais","link":"https:\/\/www.tvuai.com.br\/portal\/tag\/minas-gerais\/"},"8075":{"name":"monitoramento ambiental","link":"https:\/\/www.tvuai.com.br\/portal\/tag\/monitoramento-ambiental\/"},"8760":{"name":"pol\u00edtica cient\u00edfica","link":"https:\/\/www.tvuai.com.br\/portal\/tag\/politica-cientifica\/"},"37":{"name":"Pouso Alegre","link":"https:\/\/www.tvuai.com.br\/portal\/tag\/pouso-alegre\/"},"7622":{"name":"sat\u00e9lites","link":"https:\/\/www.tvuai.com.br\/portal\/tag\/satelites\/"},"39":{"name":"Sul de Minas","link":"https:\/\/www.tvuai.com.br\/portal\/tag\/sul-de-minas\/"},"6462":{"name":"tecnologia espacial","link":"https:\/\/www.tvuai.com.br\/portal\/tag\/tecnologia-espacial\/"},"27":{"name":"TV Uai","link":"https:\/\/www.tvuai.com.br\/portal\/tag\/tv-uai\/"},"8053":{"name":"TV UAI 26 anos ainda estamos aqui ainda independentes","link":"https:\/\/www.tvuai.com.br\/portal\/tag\/tv-uai-26-anos-ainda-estamos-aqui-ainda-independentes\/"},"1618":{"name":"TV UAI Pouso Alegre","link":"https:\/\/www.tvuai.com.br\/portal\/tag\/tv-uai-pouso-alegre\/"}},"comments_number":"0","jetpack_shortlink":"https:\/\/wp.me\/p9woix-4hA","jetpack_sharing_enabled":true,"_links":{"self":[{"href":"https:\/\/www.tvuai.com.br\/portal\/wp-json\/wp\/v2\/posts\/16466"}],"collection":[{"href":"https:\/\/www.tvuai.com.br\/portal\/wp-json\/wp\/v2\/posts"}],"about":[{"href":"https:\/\/www.tvuai.com.br\/portal\/wp-json\/wp\/v2\/types\/post"}],"author":[{"embeddable":true,"href":"https:\/\/www.tvuai.com.br\/portal\/wp-json\/wp\/v2\/users\/1"}],"replies":[{"embeddable":true,"href":"https:\/\/www.tvuai.com.br\/portal\/wp-json\/wp\/v2\/comments?post=16466"}],"version-history":[{"count":6,"href":"https:\/\/www.tvuai.com.br\/portal\/wp-json\/wp\/v2\/posts\/16466\/revisions"}],"predecessor-version":[{"id":16474,"href":"https:\/\/www.tvuai.com.br\/portal\/wp-json\/wp\/v2\/posts\/16466\/revisions\/16474"}],"wp:featuredmedia":[{"embeddable":true,"href":"https:\/\/www.tvuai.com.br\/portal\/wp-json\/wp\/v2\/media\/16470"}],"wp:attachment":[{"href":"https:\/\/www.tvuai.com.br\/portal\/wp-json\/wp\/v2\/media?parent=16466"}],"wp:term":[{"taxonomy":"category","embeddable":true,"href":"https:\/\/www.tvuai.com.br\/portal\/wp-json\/wp\/v2\/categories?post=16466"},{"taxonomy":"post_tag","embeddable":true,"href":"https:\/\/www.tvuai.com.br\/portal\/wp-json\/wp\/v2\/tags?post=16466"}],"curies":[{"name":"wp","href":"https:\/\/api.w.org\/{rel}","templated":true}]}}