{"id":16458,"date":"2026-04-24T18:45:08","date_gmt":"2026-04-24T21:45:08","guid":{"rendered":"https:\/\/www.tvuai.com.br\/portal\/?p=16458"},"modified":"2026-04-27T20:33:01","modified_gmt":"2026-04-27T23:33:01","slug":"seu-artesanato-pode-ganhar-o-brasil-mas-o-prazo-de-inscricao-termina-neste-domingo","status":"publish","type":"post","link":"https:\/\/www.tvuai.com.br\/portal\/seu-artesanato-pode-ganhar-o-brasil-mas-o-prazo-de-inscricao-termina-neste-domingo\/","title":{"rendered":"Seu artesanato pode ganhar o Brasil \u2014 mas o prazo de inscri\u00e7\u00e3o termina neste domingo"},"content":{"rendered":"<div class=\"5a1038e0903b96d426fcfcc338703013\" data-index=\"1\" style=\"float: right; margin:10px 0 10px 10px;\">\n<script async src=\"https:\/\/pagead2.googlesyndication.com\/pagead\/js\/adsbygoogle.js?client=ca-pub-9945944833605257\"\r\n     crossorigin=\"anonymous\"><\/script>\r\n<ins class=\"adsbygoogle\"\r\n     style=\"display:block; text-align:center;\"\r\n     data-ad-layout=\"in-article\"\r\n     data-ad-format=\"fluid\"\r\n     data-ad-client=\"ca-pub-9945944833605257\"\r\n     data-ad-slot=\"2343923581\"><\/ins>\r\n<script>\r\n     (adsbygoogle = window.adsbygoogle || []).push({});\r\n<\/script>\n<\/div>\n<h5 style=\"text-align: center;\" data-start=\"201\" data-end=\"320\"><em><strong>Iniciativa do <span class=\"hover:entity-accent entity-underline inline cursor-pointer align-baseline\"><span class=\"whitespace-normal\">Sebrae<\/span><\/span> pode impulsionar renda e abrir mercado para artes\u00e3os de todo o pa\u00eds. <span role=\"text\">Prazo para pr\u00eamio nacional de artesanato termina neste domingo, 26<\/span><\/strong><\/em><\/h5>\n<figure id=\"attachment_16462\" aria-describedby=\"caption-attachment-16462\" style=\"width: 800px\" class=\"wp-caption aligncenter\"><img data-recalc-dims=\"1\" fetchpriority=\"high\" decoding=\"async\" data-attachment-id=\"16462\" data-permalink=\"https:\/\/www.tvuai.com.br\/portal\/seu-artesanato-pode-ganhar-o-brasil-mas-o-prazo-de-inscricao-termina-neste-domingo\/artesanatosebrae1\/\" data-orig-file=\"https:\/\/i0.wp.com\/www.tvuai.com.br\/portal\/wp-content\/uploads\/2026\/04\/artesanatoSebrae1.jpg?fit=800%2C533&amp;ssl=1\" data-orig-size=\"800,533\" data-comments-opened=\"0\" data-image-meta=\"{&quot;aperture&quot;:&quot;2.8&quot;,&quot;credit&quot;:&quot;NITRO Hist\\u00f3rias Visuais&quot;,&quot;camera&quot;:&quot;Canon EOS R5&quot;,&quot;caption&quot;:&quot;Urucuia_MG, 17 de julho de 2024\\n\\nSebrae - Projeto Grande Sertao Veredas\\n\\nCenas em Serra das Araras\\n\\nImagem: NITRO Historias Visuais&quot;,&quot;created_timestamp&quot;:&quot;1721272696&quot;,&quot;copyright&quot;:&quot;Nitro Imagens Ltda (c)&quot;,&quot;focal_length&quot;:&quot;50&quot;,&quot;iso&quot;:&quot;400&quot;,&quot;shutter_speed&quot;:&quot;0.00125&quot;,&quot;title&quot;:&quot;&quot;,&quot;orientation&quot;:&quot;0&quot;}\" data-image-title=\"artesanatoSebrae1\" data-image-description=\"\" data-image-caption=\"&lt;p&gt;Urucuia_MG, 17 de julho de 2024&lt;\/p&gt;\n&lt;p&gt;Sebrae &#8211; Projeto Grande Sertao Veredas&lt;\/p&gt;\n&lt;p&gt;Cenas em Serra das Araras&lt;\/p&gt;\n&lt;p&gt;Imagem: NITRO Historias Visuais&lt;\/p&gt;\n\" data-medium-file=\"https:\/\/i0.wp.com\/www.tvuai.com.br\/portal\/wp-content\/uploads\/2026\/04\/artesanatoSebrae1.jpg?fit=300%2C200&amp;ssl=1\" data-large-file=\"https:\/\/i0.wp.com\/www.tvuai.com.br\/portal\/wp-content\/uploads\/2026\/04\/artesanatoSebrae1.jpg?fit=640%2C426&amp;ssl=1\" tabindex=\"0\" role=\"button\" class=\"size-full wp-image-16462\" src=\"https:\/\/i0.wp.com\/www.tvuai.com.br\/portal\/wp-content\/uploads\/2026\/04\/artesanatoSebrae1.jpg?resize=640%2C426&#038;ssl=1\" alt=\"\" width=\"640\" height=\"426\" srcset=\"https:\/\/i0.wp.com\/www.tvuai.com.br\/portal\/wp-content\/uploads\/2026\/04\/artesanatoSebrae1.jpg?w=800&amp;ssl=1 800w, https:\/\/i0.wp.com\/www.tvuai.com.br\/portal\/wp-content\/uploads\/2026\/04\/artesanatoSebrae1.jpg?resize=300%2C200&amp;ssl=1 300w, https:\/\/i0.wp.com\/www.tvuai.com.br\/portal\/wp-content\/uploads\/2026\/04\/artesanatoSebrae1.jpg?resize=768%2C512&amp;ssl=1 768w\" sizes=\"(max-width: 640px) 100vw, 640px\" \/><figcaption id=\"caption-attachment-16462\" class=\"wp-caption-text\">Urucuia_MG, 17 de julho de 2024<br \/>Sebrae &#8211; Projeto Grande Sertao Veredas<br \/>Cenas em Serra das Araras<br \/>Imagem: NITRO Historias Visuais<\/figcaption><\/figure>\n<p data-start=\"346\" data-end=\"586\">Artes\u00e3os de todo o Brasil t\u00eam at\u00e9 o pr\u00f3ximo domingo, 26, para se inscrever na 6\u00aa edi\u00e7\u00e3o do Pr\u00eamio Sebrae TOP 100 de Artesanato. A iniciativa reconhece os melhores trabalhos do pa\u00eds e pode abrir portas para novos mercados e aumento de renda.<\/p>\n<p data-start=\"588\" data-end=\"812\">Promovido pelo <span class=\"hover:entity-accent entity-underline inline cursor-pointer align-baseline\"><span class=\"whitespace-normal\">Sebrae<\/span><\/span>, o pr\u00eamio \u00e9 considerado uma das principais vitrines do setor e est\u00e1 aberto a microempreendedores individuais (MEIs), micro e pequenas empresas, cooperativas e associa\u00e7\u00f5es.<\/p>\n<p data-start=\"814\" data-end=\"952\">A edi\u00e7\u00e3o deste ano foi lan\u00e7ada em mar\u00e7o, no <span class=\"hover:entity-accent entity-underline inline cursor-pointer align-baseline\"><span class=\"whitespace-normal\">Centro Sebrae de Refer\u00eancia do Artesanato Brasileiro<\/span><\/span> (CRAB), durante evento em comemora\u00e7\u00e3o ao Dia do Artes\u00e3o.<\/p>\n<p style=\"text-align: center;\" data-start=\"814\" data-end=\"952\"><strong><span role=\"text\">Setor em crescimento<\/span><\/strong><\/p>\n<p data-start=\"992\" data-end=\"1203\"><img data-recalc-dims=\"1\" decoding=\"async\" data-attachment-id=\"16463\" data-permalink=\"https:\/\/www.tvuai.com.br\/portal\/seu-artesanato-pode-ganhar-o-brasil-mas-o-prazo-de-inscricao-termina-neste-domingo\/artesanatosebrae2\/\" data-orig-file=\"https:\/\/i0.wp.com\/www.tvuai.com.br\/portal\/wp-content\/uploads\/2026\/04\/artesanatoSebrae2.jpg?fit=800%2C533&amp;ssl=1\" data-orig-size=\"800,533\" data-comments-opened=\"0\" data-image-meta=\"{&quot;aperture&quot;:&quot;0&quot;,&quot;credit&quot;:&quot;&quot;,&quot;camera&quot;:&quot;Canon EOS Rebel T7&quot;,&quot;caption&quot;:&quot;&quot;,&quot;created_timestamp&quot;:&quot;1765031707&quot;,&quot;copyright&quot;:&quot;&quot;,&quot;focal_length&quot;:&quot;0&quot;,&quot;iso&quot;:&quot;800&quot;,&quot;shutter_speed&quot;:&quot;0&quot;,&quot;title&quot;:&quot;&quot;,&quot;orientation&quot;:&quot;0&quot;}\" data-image-title=\"artesanatoSebrae2\" data-image-description=\"\" data-image-caption=\"\" data-medium-file=\"https:\/\/i0.wp.com\/www.tvuai.com.br\/portal\/wp-content\/uploads\/2026\/04\/artesanatoSebrae2.jpg?fit=300%2C200&amp;ssl=1\" data-large-file=\"https:\/\/i0.wp.com\/www.tvuai.com.br\/portal\/wp-content\/uploads\/2026\/04\/artesanatoSebrae2.jpg?fit=640%2C426&amp;ssl=1\" tabindex=\"0\" role=\"button\" class=\"alignleft size-medium wp-image-16463\" src=\"https:\/\/i0.wp.com\/www.tvuai.com.br\/portal\/wp-content\/uploads\/2026\/04\/artesanatoSebrae2.jpg?resize=300%2C200&#038;ssl=1\" alt=\"\" width=\"300\" height=\"200\" srcset=\"https:\/\/i0.wp.com\/www.tvuai.com.br\/portal\/wp-content\/uploads\/2026\/04\/artesanatoSebrae2.jpg?resize=300%2C200&amp;ssl=1 300w, https:\/\/i0.wp.com\/www.tvuai.com.br\/portal\/wp-content\/uploads\/2026\/04\/artesanatoSebrae2.jpg?resize=768%2C512&amp;ssl=1 768w, https:\/\/i0.wp.com\/www.tvuai.com.br\/portal\/wp-content\/uploads\/2026\/04\/artesanatoSebrae2.jpg?w=800&amp;ssl=1 800w\" sizes=\"(max-width: 300px) 100vw, 300px\" \/>O artesanato brasileiro est\u00e1 ganhando cada vez mais espa\u00e7o na economia. Segundo dados apresentados pelo Sebrae, o setor cresceu 26% nos \u00faltimos dez anos e re\u00fane cerca de 1,3 milh\u00e3o de trabalhadores em todo o pa\u00eds.<\/p>\n<p data-start=\"1205\" data-end=\"1400\">As informa\u00e7\u00f5es fazem parte de um estudo nacional encomendado \u00e0 <span class=\"hover:entity-accent entity-underline inline cursor-pointer align-baseline\"><span class=\"whitespace-normal\">Universidade do Vale do Rio dos Sinos<\/span><\/span>, que analisa o comportamento do consumidor, h\u00e1bitos de compra e o perfil do mercado artesanal.<\/p>\n<p style=\"text-align: center;\" data-start=\"1205\" data-end=\"1400\"><strong><span role=\"text\">Mais que reconhecimento<\/span><\/strong><\/p>\n<p data-start=\"1443\" data-end=\"1695\">Al\u00e9m da visibilidade, o pr\u00eamio tamb\u00e9m tem impacto direto na renda dos participantes. De acordo com levantamento feito pelo Sebrae com vencedores da \u00faltima edi\u00e7\u00e3o, realizada em 2022, 70% dos premiados registraram aumento no faturamento ap\u00f3s a conquista.<\/p>\n<p data-start=\"1697\" data-end=\"1873\">Entre esses, mais de um ter\u00e7o afirmou que o crescimento superou 41%, podendo chegar a at\u00e9 80% em alguns casos. A aprova\u00e7\u00e3o tamb\u00e9m \u00e9 alta: mais de 86% recomendam a participa\u00e7\u00e3o.<\/p>\n<p style=\"text-align: center;\" data-start=\"1697\" data-end=\"1873\"><strong><span role=\"text\">Oportunidade que pode virar renda<\/span><\/strong><\/p>\n<p data-start=\"1926\" data-end=\"2067\">Na pr\u00e1tica, o pr\u00eamio funciona como uma vitrine nacional para o artesanato, conectando produtores a novos clientes e oportunidades de neg\u00f3cio.<\/p>\n<p data-start=\"2069\" data-end=\"2171\">Com prazo final se aproximando, a expectativa \u00e9 de aumento na procura por inscri\u00e7\u00f5es nos \u00faltimos dias.<\/p>\n<p data-start=\"2069\" data-end=\"2171\"><span style=\"color: #000080;\"><strong><a style=\"color: #000080;\" href=\"https:\/\/cloud.cliente.sebrae.com.br\/top100artesanato\">Clique aqui para se inscrever<\/a><\/strong><\/span><\/p>\n\n<div style=\"font-size: 0px; height: 0px; line-height: 0px; margin: 0; padding: 0; clear: both;\"><\/div><div class='share-to-whatsapp-wrapper'><div class='share-on-whsp'>Share on: <\/div><a data-text='Seu artesanato pode ganhar o Brasil \u2014 mas o prazo de inscri\u00e7\u00e3o termina neste domingo' data-link='https:\/\/www.tvuai.com.br\/portal\/seu-artesanato-pode-ganhar-o-brasil-mas-o-prazo-de-inscricao-termina-neste-domingo\/' class='whatsapp-button whatsapp-share'>WhatsApp<\/a><div class='clear '><\/div><\/div><!-- AddThis Advanced Settings generic via filter on the_content --><!-- AddThis Share Buttons generic via filter on the_content -->","protected":false},"excerpt":{"rendered":"<p>Iniciativa do Sebrae pode impulsionar renda e abrir mercado para artes\u00e3os de todo o pa\u00eds. Prazo para pr\u00eamio nacional de artesanato termina neste domingo, 26 Artes\u00e3os de todo o Brasil t\u00eam at\u00e9 o pr\u00f3ximo domingo, 26, para se inscrever na 6\u00aa edi\u00e7\u00e3o do Pr\u00eamio Sebrae TOP 100 de Artesanato. A iniciativa reconhece os melhores trabalhos [&hellip;]<!-- AddThis Advanced Settings generic via filter on get_the_excerpt --><!-- AddThis Share Buttons generic via filter on get_the_excerpt --><\/p>\n","protected":false},"author":1,"featured_media":16461,"comment_status":"closed","ping_status":"closed","sticky":false,"template":"","format":"standard","meta":{"jetpack_post_was_ever_published":false,"_jetpack_newsletter_access":"","_jetpack_dont_email_post_to_subs":false,"_jetpack_newsletter_tier_id":0,"_jetpack_memberships_contains_paywalled_content":false,"_jetpack_memberships_contains_paid_content":false,"_joinchat":[],"footnotes":"","jetpack_publicize_message":"","jetpack_publicize_feature_enabled":true,"jetpack_social_post_already_shared":true,"jetpack_social_options":{"image_generator_settings":{"template":"highway","enabled":false},"version":2}},"categories":[1816,1815,1827,19,6235,5],"tags":[2027,8526,2448,8755,5773,6012,4056,184,6063,8754,37,8753,8756,683,39,27,8053,1618],"class_list":["post-16458","post","type-post","status-publish","format-standard","has-post-thumbnail","hentry","category-arte","category-economia","category-emprego","category-noticias","category-sociais","category-ultimas","tag-artesanato","tag-artesaos","tag-brasil","tag-cultura-brasileira","tag-economia-criativa","tag-empreendedorismo","tag-mei","tag-minas-gerais","tag-oportunidades","tag-pequenos-negocios","tag-pouso-alegre","tag-premio-top-100","tag-renda","tag-sebrae","tag-sul-de-minas","tag-tv-uai","tag-tv-uai-26-anos-ainda-estamos-aqui-ainda-independentes","tag-tv-uai-pouso-alegre"],"jetpack_publicize_connections":[],"yoast_head":"<!-- This site is optimized with the Yoast SEO plugin v23.5 - https:\/\/yoast.com\/wordpress\/plugins\/seo\/ -->\n<title>Seu artesanato pode ganhar o Brasil \u2014 mas o prazo de inscri\u00e7\u00e3o termina neste domingo - TVUAI<\/title>\n<meta name=\"robots\" content=\"index, follow, max-snippet:-1, max-image-preview:large, max-video-preview:-1\" \/>\n<link rel=\"canonical\" href=\"https:\/\/www.tvuai.com.br\/portal\/seu-artesanato-pode-ganhar-o-brasil-mas-o-prazo-de-inscricao-termina-neste-domingo\/\" \/>\n<meta property=\"og:locale\" content=\"pt_BR\" \/>\n<meta property=\"og:type\" content=\"article\" \/>\n<meta property=\"og:title\" content=\"Seu artesanato pode ganhar o Brasil \u2014 mas o prazo de inscri\u00e7\u00e3o termina neste domingo - TVUAI\" \/>\n<meta property=\"og:description\" content=\"Iniciativa do Sebrae pode impulsionar renda e abrir mercado para artes\u00e3os de todo o pa\u00eds. Prazo para pr\u00eamio nacional de artesanato termina neste domingo, 26 Artes\u00e3os de todo o Brasil t\u00eam at\u00e9 o pr\u00f3ximo domingo, 26, para se inscrever na 6\u00aa edi\u00e7\u00e3o do Pr\u00eamio Sebrae TOP 100 de Artesanato. A iniciativa reconhece os melhores trabalhos [&hellip;]\" \/>\n<meta property=\"og:url\" content=\"https:\/\/www.tvuai.com.br\/portal\/seu-artesanato-pode-ganhar-o-brasil-mas-o-prazo-de-inscricao-termina-neste-domingo\/\" \/>\n<meta property=\"og:site_name\" content=\"TVUAI\" \/>\n<meta property=\"article:publisher\" content=\"http:\/\/www.facebook.com\/pages\/TV-Uai-Comunica%c3%a7%c3%a3o\/139062546157369\" \/>\n<meta property=\"article:published_time\" content=\"2026-04-24T21:45:08+00:00\" \/>\n<meta property=\"article:modified_time\" content=\"2026-04-27T23:33:01+00:00\" \/>\n<meta property=\"og:image\" content=\"https:\/\/www.tvuai.com.br\/portal\/wp-content\/uploads\/2026\/04\/artesanatoSebrae0.jpg\" \/>\n\t<meta property=\"og:image:width\" content=\"200\" \/>\n\t<meta property=\"og:image:height\" content=\"200\" \/>\n\t<meta property=\"og:image:type\" content=\"image\/jpeg\" \/>\n<meta name=\"author\" content=\"tvuai\" \/>\n<meta name=\"twitter:card\" content=\"summary_large_image\" \/>\n<meta name=\"twitter:creator\" content=\"@tvuai\" \/>\n<meta name=\"twitter:site\" content=\"@tvuai\" \/>\n<meta name=\"twitter:label1\" content=\"Escrito por\" \/>\n\t<meta name=\"twitter:data1\" content=\"tvuai\" \/>\n\t<meta name=\"twitter:label2\" content=\"Est. tempo de leitura\" \/>\n\t<meta name=\"twitter:data2\" content=\"3 minutos\" \/>\n<script type=\"application\/ld+json\" class=\"yoast-schema-graph\">{\"@context\":\"https:\/\/schema.org\",\"@graph\":[{\"@type\":\"Article\",\"@id\":\"https:\/\/www.tvuai.com.br\/portal\/seu-artesanato-pode-ganhar-o-brasil-mas-o-prazo-de-inscricao-termina-neste-domingo\/#article\",\"isPartOf\":{\"@id\":\"https:\/\/www.tvuai.com.br\/portal\/seu-artesanato-pode-ganhar-o-brasil-mas-o-prazo-de-inscricao-termina-neste-domingo\/\"},\"author\":{\"name\":\"tvuai\",\"@id\":\"https:\/\/www.tvuai.com.br\/portal\/#\/schema\/person\/245e50e9127451fd0b7fd76f519ebbfe\"},\"headline\":\"Seu artesanato pode ganhar o Brasil \u2014 mas o prazo de inscri\u00e7\u00e3o termina neste domingo\",\"datePublished\":\"2026-04-24T21:45:08+00:00\",\"dateModified\":\"2026-04-27T23:33:01+00:00\",\"mainEntityOfPage\":{\"@id\":\"https:\/\/www.tvuai.com.br\/portal\/seu-artesanato-pode-ganhar-o-brasil-mas-o-prazo-de-inscricao-termina-neste-domingo\/\"},\"wordCount\":372,\"publisher\":{\"@id\":\"https:\/\/www.tvuai.com.br\/portal\/#organization\"},\"image\":{\"@id\":\"https:\/\/www.tvuai.com.br\/portal\/seu-artesanato-pode-ganhar-o-brasil-mas-o-prazo-de-inscricao-termina-neste-domingo\/#primaryimage\"},\"thumbnailUrl\":\"https:\/\/i0.wp.com\/www.tvuai.com.br\/portal\/wp-content\/uploads\/2026\/04\/artesanatoSebrae0.jpg?fit=200%2C200&ssl=1\",\"keywords\":[\"artesanato\",\"artes\u00e3os\",\"Brasil\",\"cultura brasileira\",\"Economia Criativa\",\"empreendedorismo\",\"MEI\",\"Minas Gerais\",\"oportunidades\",\"pequenos neg\u00f3cios\",\"Pouso Alegre\",\"pr\u00eamio TOP 100\",\"renda\",\"Sebrae\",\"Sul de Minas\",\"TV Uai\",\"TV UAI 26 anos ainda estamos aqui ainda independentes\",\"TV UAI Pouso Alegre\"],\"articleSection\":[\"Arte\",\"Economia\",\"Emprego\",\"Not\u00edcias\",\"Sociais\",\"\u00daltimas Not\u00edcias\"],\"inLanguage\":\"pt-BR\"},{\"@type\":\"WebPage\",\"@id\":\"https:\/\/www.tvuai.com.br\/portal\/seu-artesanato-pode-ganhar-o-brasil-mas-o-prazo-de-inscricao-termina-neste-domingo\/\",\"url\":\"https:\/\/www.tvuai.com.br\/portal\/seu-artesanato-pode-ganhar-o-brasil-mas-o-prazo-de-inscricao-termina-neste-domingo\/\",\"name\":\"Seu artesanato pode ganhar o Brasil \u2014 mas o prazo de inscri\u00e7\u00e3o termina neste domingo - TVUAI\",\"isPartOf\":{\"@id\":\"https:\/\/www.tvuai.com.br\/portal\/#website\"},\"primaryImageOfPage\":{\"@id\":\"https:\/\/www.tvuai.com.br\/portal\/seu-artesanato-pode-ganhar-o-brasil-mas-o-prazo-de-inscricao-termina-neste-domingo\/#primaryimage\"},\"image\":{\"@id\":\"https:\/\/www.tvuai.com.br\/portal\/seu-artesanato-pode-ganhar-o-brasil-mas-o-prazo-de-inscricao-termina-neste-domingo\/#primaryimage\"},\"thumbnailUrl\":\"https:\/\/i0.wp.com\/www.tvuai.com.br\/portal\/wp-content\/uploads\/2026\/04\/artesanatoSebrae0.jpg?fit=200%2C200&ssl=1\",\"datePublished\":\"2026-04-24T21:45:08+00:00\",\"dateModified\":\"2026-04-27T23:33:01+00:00\",\"breadcrumb\":{\"@id\":\"https:\/\/www.tvuai.com.br\/portal\/seu-artesanato-pode-ganhar-o-brasil-mas-o-prazo-de-inscricao-termina-neste-domingo\/#breadcrumb\"},\"inLanguage\":\"pt-BR\",\"potentialAction\":[{\"@type\":\"ReadAction\",\"target\":[\"https:\/\/www.tvuai.com.br\/portal\/seu-artesanato-pode-ganhar-o-brasil-mas-o-prazo-de-inscricao-termina-neste-domingo\/\"]}]},{\"@type\":\"ImageObject\",\"inLanguage\":\"pt-BR\",\"@id\":\"https:\/\/www.tvuai.com.br\/portal\/seu-artesanato-pode-ganhar-o-brasil-mas-o-prazo-de-inscricao-termina-neste-domingo\/#primaryimage\",\"url\":\"https:\/\/i0.wp.com\/www.tvuai.com.br\/portal\/wp-content\/uploads\/2026\/04\/artesanatoSebrae0.jpg?fit=200%2C200&ssl=1\",\"contentUrl\":\"https:\/\/i0.wp.com\/www.tvuai.com.br\/portal\/wp-content\/uploads\/2026\/04\/artesanatoSebrae0.jpg?fit=200%2C200&ssl=1\",\"width\":200,\"height\":200},{\"@type\":\"BreadcrumbList\",\"@id\":\"https:\/\/www.tvuai.com.br\/portal\/seu-artesanato-pode-ganhar-o-brasil-mas-o-prazo-de-inscricao-termina-neste-domingo\/#breadcrumb\",\"itemListElement\":[{\"@type\":\"ListItem\",\"position\":1,\"name\":\"In\u00edcio\",\"item\":\"https:\/\/www.tvuai.com.br\/portal\/\"},{\"@type\":\"ListItem\",\"position\":2,\"name\":\"Seu artesanato pode ganhar o Brasil \u2014 mas o prazo de inscri\u00e7\u00e3o termina neste domingo\"}]},{\"@type\":\"WebSite\",\"@id\":\"https:\/\/www.tvuai.com.br\/portal\/#website\",\"url\":\"https:\/\/www.tvuai.com.br\/portal\/\",\"name\":\"TVUAI\",\"description\":\"Tudo sobre o Sul de Minas\",\"publisher\":{\"@id\":\"https:\/\/www.tvuai.com.br\/portal\/#organization\"},\"potentialAction\":[{\"@type\":\"SearchAction\",\"target\":{\"@type\":\"EntryPoint\",\"urlTemplate\":\"https:\/\/www.tvuai.com.br\/portal\/?s={search_term_string}\"},\"query-input\":{\"@type\":\"PropertyValueSpecification\",\"valueRequired\":true,\"valueName\":\"search_term_string\"}}],\"inLanguage\":\"pt-BR\"},{\"@type\":\"Organization\",\"@id\":\"https:\/\/www.tvuai.com.br\/portal\/#organization\",\"name\":\"TVUAI\",\"url\":\"https:\/\/www.tvuai.com.br\/portal\/\",\"logo\":{\"@type\":\"ImageObject\",\"inLanguage\":\"pt-BR\",\"@id\":\"https:\/\/www.tvuai.com.br\/portal\/#\/schema\/logo\/image\/\",\"url\":\"https:\/\/i0.wp.com\/www.tvuai.com.br\/portal\/wp-content\/uploads\/2017\/12\/logo_tvuai_100H.png?fit=207%2C100&ssl=1\",\"contentUrl\":\"https:\/\/i0.wp.com\/www.tvuai.com.br\/portal\/wp-content\/uploads\/2017\/12\/logo_tvuai_100H.png?fit=207%2C100&ssl=1\",\"width\":207,\"height\":100,\"caption\":\"TVUAI\"},\"image\":{\"@id\":\"https:\/\/www.tvuai.com.br\/portal\/#\/schema\/logo\/image\/\"},\"sameAs\":[\"http:\/\/www.facebook.com\/pages\/TV-Uai-Comunica\u00e7\u00e3o\/139062546157369\",\"https:\/\/x.com\/tvuai\",\"https:\/\/www.instagram.com\/tvuai_network\/\",\"https:\/\/www.youtube.com\/channel\/UCB7ZPB3wRv-OpoZ_09jmnkQ\"]},{\"@type\":\"Person\",\"@id\":\"https:\/\/www.tvuai.com.br\/portal\/#\/schema\/person\/245e50e9127451fd0b7fd76f519ebbfe\",\"name\":\"tvuai\",\"url\":\"https:\/\/www.tvuai.com.br\/portal\/author\/tvuai\/\"}]}<\/script>\n<!-- \/ Yoast SEO plugin. -->","yoast_head_json":{"title":"Seu artesanato pode ganhar o Brasil \u2014 mas o prazo de inscri\u00e7\u00e3o termina neste domingo - TVUAI","robots":{"index":"index","follow":"follow","max-snippet":"max-snippet:-1","max-image-preview":"max-image-preview:large","max-video-preview":"max-video-preview:-1"},"canonical":"https:\/\/www.tvuai.com.br\/portal\/seu-artesanato-pode-ganhar-o-brasil-mas-o-prazo-de-inscricao-termina-neste-domingo\/","og_locale":"pt_BR","og_type":"article","og_title":"Seu artesanato pode ganhar o Brasil \u2014 mas o prazo de inscri\u00e7\u00e3o termina neste domingo - TVUAI","og_description":"Iniciativa do Sebrae pode impulsionar renda e abrir mercado para artes\u00e3os de todo o pa\u00eds. Prazo para pr\u00eamio nacional de artesanato termina neste domingo, 26 Artes\u00e3os de todo o Brasil t\u00eam at\u00e9 o pr\u00f3ximo domingo, 26, para se inscrever na 6\u00aa edi\u00e7\u00e3o do Pr\u00eamio Sebrae TOP 100 de Artesanato. A iniciativa reconhece os melhores trabalhos [&hellip;]","og_url":"https:\/\/www.tvuai.com.br\/portal\/seu-artesanato-pode-ganhar-o-brasil-mas-o-prazo-de-inscricao-termina-neste-domingo\/","og_site_name":"TVUAI","article_publisher":"http:\/\/www.facebook.com\/pages\/TV-Uai-Comunica%c3%a7%c3%a3o\/139062546157369","article_published_time":"2026-04-24T21:45:08+00:00","article_modified_time":"2026-04-27T23:33:01+00:00","og_image":[{"width":200,"height":200,"url":"https:\/\/www.tvuai.com.br\/portal\/wp-content\/uploads\/2026\/04\/artesanatoSebrae0.jpg","type":"image\/jpeg"}],"author":"tvuai","twitter_card":"summary_large_image","twitter_creator":"@tvuai","twitter_site":"@tvuai","twitter_misc":{"Escrito por":"tvuai","Est. tempo de leitura":"3 minutos"},"schema":{"@context":"https:\/\/schema.org","@graph":[{"@type":"Article","@id":"https:\/\/www.tvuai.com.br\/portal\/seu-artesanato-pode-ganhar-o-brasil-mas-o-prazo-de-inscricao-termina-neste-domingo\/#article","isPartOf":{"@id":"https:\/\/www.tvuai.com.br\/portal\/seu-artesanato-pode-ganhar-o-brasil-mas-o-prazo-de-inscricao-termina-neste-domingo\/"},"author":{"name":"tvuai","@id":"https:\/\/www.tvuai.com.br\/portal\/#\/schema\/person\/245e50e9127451fd0b7fd76f519ebbfe"},"headline":"Seu artesanato pode ganhar o Brasil \u2014 mas o prazo de inscri\u00e7\u00e3o termina neste domingo","datePublished":"2026-04-24T21:45:08+00:00","dateModified":"2026-04-27T23:33:01+00:00","mainEntityOfPage":{"@id":"https:\/\/www.tvuai.com.br\/portal\/seu-artesanato-pode-ganhar-o-brasil-mas-o-prazo-de-inscricao-termina-neste-domingo\/"},"wordCount":372,"publisher":{"@id":"https:\/\/www.tvuai.com.br\/portal\/#organization"},"image":{"@id":"https:\/\/www.tvuai.com.br\/portal\/seu-artesanato-pode-ganhar-o-brasil-mas-o-prazo-de-inscricao-termina-neste-domingo\/#primaryimage"},"thumbnailUrl":"https:\/\/i0.wp.com\/www.tvuai.com.br\/portal\/wp-content\/uploads\/2026\/04\/artesanatoSebrae0.jpg?fit=200%2C200&ssl=1","keywords":["artesanato","artes\u00e3os","Brasil","cultura brasileira","Economia Criativa","empreendedorismo","MEI","Minas Gerais","oportunidades","pequenos neg\u00f3cios","Pouso Alegre","pr\u00eamio TOP 100","renda","Sebrae","Sul de Minas","TV Uai","TV UAI 26 anos ainda estamos aqui ainda independentes","TV UAI Pouso Alegre"],"articleSection":["Arte","Economia","Emprego","Not\u00edcias","Sociais","\u00daltimas Not\u00edcias"],"inLanguage":"pt-BR"},{"@type":"WebPage","@id":"https:\/\/www.tvuai.com.br\/portal\/seu-artesanato-pode-ganhar-o-brasil-mas-o-prazo-de-inscricao-termina-neste-domingo\/","url":"https:\/\/www.tvuai.com.br\/portal\/seu-artesanato-pode-ganhar-o-brasil-mas-o-prazo-de-inscricao-termina-neste-domingo\/","name":"Seu artesanato pode ganhar o Brasil \u2014 mas o prazo de inscri\u00e7\u00e3o termina neste domingo - TVUAI","isPartOf":{"@id":"https:\/\/www.tvuai.com.br\/portal\/#website"},"primaryImageOfPage":{"@id":"https:\/\/www.tvuai.com.br\/portal\/seu-artesanato-pode-ganhar-o-brasil-mas-o-prazo-de-inscricao-termina-neste-domingo\/#primaryimage"},"image":{"@id":"https:\/\/www.tvuai.com.br\/portal\/seu-artesanato-pode-ganhar-o-brasil-mas-o-prazo-de-inscricao-termina-neste-domingo\/#primaryimage"},"thumbnailUrl":"https:\/\/i0.wp.com\/www.tvuai.com.br\/portal\/wp-content\/uploads\/2026\/04\/artesanatoSebrae0.jpg?fit=200%2C200&ssl=1","datePublished":"2026-04-24T21:45:08+00:00","dateModified":"2026-04-27T23:33:01+00:00","breadcrumb":{"@id":"https:\/\/www.tvuai.com.br\/portal\/seu-artesanato-pode-ganhar-o-brasil-mas-o-prazo-de-inscricao-termina-neste-domingo\/#breadcrumb"},"inLanguage":"pt-BR","potentialAction":[{"@type":"ReadAction","target":["https:\/\/www.tvuai.com.br\/portal\/seu-artesanato-pode-ganhar-o-brasil-mas-o-prazo-de-inscricao-termina-neste-domingo\/"]}]},{"@type":"ImageObject","inLanguage":"pt-BR","@id":"https:\/\/www.tvuai.com.br\/portal\/seu-artesanato-pode-ganhar-o-brasil-mas-o-prazo-de-inscricao-termina-neste-domingo\/#primaryimage","url":"https:\/\/i0.wp.com\/www.tvuai.com.br\/portal\/wp-content\/uploads\/2026\/04\/artesanatoSebrae0.jpg?fit=200%2C200&ssl=1","contentUrl":"https:\/\/i0.wp.com\/www.tvuai.com.br\/portal\/wp-content\/uploads\/2026\/04\/artesanatoSebrae0.jpg?fit=200%2C200&ssl=1","width":200,"height":200},{"@type":"BreadcrumbList","@id":"https:\/\/www.tvuai.com.br\/portal\/seu-artesanato-pode-ganhar-o-brasil-mas-o-prazo-de-inscricao-termina-neste-domingo\/#breadcrumb","itemListElement":[{"@type":"ListItem","position":1,"name":"In\u00edcio","item":"https:\/\/www.tvuai.com.br\/portal\/"},{"@type":"ListItem","position":2,"name":"Seu artesanato pode ganhar o Brasil \u2014 mas o prazo de inscri\u00e7\u00e3o termina neste domingo"}]},{"@type":"WebSite","@id":"https:\/\/www.tvuai.com.br\/portal\/#website","url":"https:\/\/www.tvuai.com.br\/portal\/","name":"TVUAI","description":"Tudo sobre o Sul de Minas","publisher":{"@id":"https:\/\/www.tvuai.com.br\/portal\/#organization"},"potentialAction":[{"@type":"SearchAction","target":{"@type":"EntryPoint","urlTemplate":"https:\/\/www.tvuai.com.br\/portal\/?s={search_term_string}"},"query-input":{"@type":"PropertyValueSpecification","valueRequired":true,"valueName":"search_term_string"}}],"inLanguage":"pt-BR"},{"@type":"Organization","@id":"https:\/\/www.tvuai.com.br\/portal\/#organization","name":"TVUAI","url":"https:\/\/www.tvuai.com.br\/portal\/","logo":{"@type":"ImageObject","inLanguage":"pt-BR","@id":"https:\/\/www.tvuai.com.br\/portal\/#\/schema\/logo\/image\/","url":"https:\/\/i0.wp.com\/www.tvuai.com.br\/portal\/wp-content\/uploads\/2017\/12\/logo_tvuai_100H.png?fit=207%2C100&ssl=1","contentUrl":"https:\/\/i0.wp.com\/www.tvuai.com.br\/portal\/wp-content\/uploads\/2017\/12\/logo_tvuai_100H.png?fit=207%2C100&ssl=1","width":207,"height":100,"caption":"TVUAI"},"image":{"@id":"https:\/\/www.tvuai.com.br\/portal\/#\/schema\/logo\/image\/"},"sameAs":["http:\/\/www.facebook.com\/pages\/TV-Uai-Comunica\u00e7\u00e3o\/139062546157369","https:\/\/x.com\/tvuai","https:\/\/www.instagram.com\/tvuai_network\/","https:\/\/www.youtube.com\/channel\/UCB7ZPB3wRv-OpoZ_09jmnkQ"]},{"@type":"Person","@id":"https:\/\/www.tvuai.com.br\/portal\/#\/schema\/person\/245e50e9127451fd0b7fd76f519ebbfe","name":"tvuai","url":"https:\/\/www.tvuai.com.br\/portal\/author\/tvuai\/"}]}},"jetpack_featured_media_url":"https:\/\/i0.wp.com\/www.tvuai.com.br\/portal\/wp-content\/uploads\/2026\/04\/artesanatoSebrae0.jpg?fit=200%2C200&ssl=1","wpmagazine_modules_lite_featured_media_urls":{"thumbnail":["https:\/\/i0.wp.com\/www.tvuai.com.br\/portal\/wp-content\/uploads\/2026\/04\/artesanatoSebrae0.jpg?resize=150%2C150&ssl=1",150,150,true],"cvmm-medium":["https:\/\/i0.wp.com\/www.tvuai.com.br\/portal\/wp-content\/uploads\/2026\/04\/artesanatoSebrae0.jpg?resize=200%2C200&ssl=1",200,200,true],"cvmm-medium-plus":["https:\/\/i0.wp.com\/www.tvuai.com.br\/portal\/wp-content\/uploads\/2026\/04\/artesanatoSebrae0.jpg?resize=200%2C200&ssl=1",200,200,true],"cvmm-portrait":["https:\/\/i0.wp.com\/www.tvuai.com.br\/portal\/wp-content\/uploads\/2026\/04\/artesanatoSebrae0.jpg?resize=200%2C200&ssl=1",200,200,true],"cvmm-medium-square":["https:\/\/i0.wp.com\/www.tvuai.com.br\/portal\/wp-content\/uploads\/2026\/04\/artesanatoSebrae0.jpg?resize=200%2C200&ssl=1",200,200,true],"cvmm-large":["https:\/\/i0.wp.com\/www.tvuai.com.br\/portal\/wp-content\/uploads\/2026\/04\/artesanatoSebrae0.jpg?resize=200%2C200&ssl=1",200,200,true],"cvmm-small":["https:\/\/i0.wp.com\/www.tvuai.com.br\/portal\/wp-content\/uploads\/2026\/04\/artesanatoSebrae0.jpg?resize=130%2C95&ssl=1",130,95,true],"full":["https:\/\/i0.wp.com\/www.tvuai.com.br\/portal\/wp-content\/uploads\/2026\/04\/artesanatoSebrae0.jpg?fit=200%2C200&ssl=1",200,200,false]},"categories_names":{"1816":{"name":"Arte","link":"https:\/\/www.tvuai.com.br\/portal\/category\/arte\/"},"1815":{"name":"Economia","link":"https:\/\/www.tvuai.com.br\/portal\/category\/economia\/"},"1827":{"name":"Emprego","link":"https:\/\/www.tvuai.com.br\/portal\/category\/emprego\/"},"19":{"name":"Not\u00edcias","link":"https:\/\/www.tvuai.com.br\/portal\/category\/noticias\/"},"6235":{"name":"Sociais","link":"https:\/\/www.tvuai.com.br\/portal\/category\/sociais\/"},"5":{"name":"\u00daltimas Not\u00edcias","link":"https:\/\/www.tvuai.com.br\/portal\/category\/noticias\/ultimas\/"}},"tags_names":{"2027":{"name":"artesanato","link":"https:\/\/www.tvuai.com.br\/portal\/tag\/artesanato\/"},"8526":{"name":"artes\u00e3os","link":"https:\/\/www.tvuai.com.br\/portal\/tag\/artesaos\/"},"2448":{"name":"Brasil","link":"https:\/\/www.tvuai.com.br\/portal\/tag\/brasil\/"},"8755":{"name":"cultura brasileira","link":"https:\/\/www.tvuai.com.br\/portal\/tag\/cultura-brasileira\/"},"5773":{"name":"Economia Criativa","link":"https:\/\/www.tvuai.com.br\/portal\/tag\/economia-criativa\/"},"6012":{"name":"empreendedorismo","link":"https:\/\/www.tvuai.com.br\/portal\/tag\/empreendedorismo\/"},"4056":{"name":"MEI","link":"https:\/\/www.tvuai.com.br\/portal\/tag\/mei\/"},"184":{"name":"Minas Gerais","link":"https:\/\/www.tvuai.com.br\/portal\/tag\/minas-gerais\/"},"6063":{"name":"oportunidades","link":"https:\/\/www.tvuai.com.br\/portal\/tag\/oportunidades\/"},"8754":{"name":"pequenos neg\u00f3cios","link":"https:\/\/www.tvuai.com.br\/portal\/tag\/pequenos-negocios\/"},"37":{"name":"Pouso Alegre","link":"https:\/\/www.tvuai.com.br\/portal\/tag\/pouso-alegre\/"},"8753":{"name":"pr\u00eamio TOP 100","link":"https:\/\/www.tvuai.com.br\/portal\/tag\/premio-top-100\/"},"8756":{"name":"renda","link":"https:\/\/www.tvuai.com.br\/portal\/tag\/renda\/"},"683":{"name":"Sebrae","link":"https:\/\/www.tvuai.com.br\/portal\/tag\/sebrae\/"},"39":{"name":"Sul de Minas","link":"https:\/\/www.tvuai.com.br\/portal\/tag\/sul-de-minas\/"},"27":{"name":"TV Uai","link":"https:\/\/www.tvuai.com.br\/portal\/tag\/tv-uai\/"},"8053":{"name":"TV UAI 26 anos ainda estamos aqui ainda independentes","link":"https:\/\/www.tvuai.com.br\/portal\/tag\/tv-uai-26-anos-ainda-estamos-aqui-ainda-independentes\/"},"1618":{"name":"TV UAI Pouso Alegre","link":"https:\/\/www.tvuai.com.br\/portal\/tag\/tv-uai-pouso-alegre\/"}},"comments_number":"0","jetpack_shortlink":"https:\/\/wp.me\/p9woix-4hs","jetpack_sharing_enabled":true,"_links":{"self":[{"href":"https:\/\/www.tvuai.com.br\/portal\/wp-json\/wp\/v2\/posts\/16458"}],"collection":[{"href":"https:\/\/www.tvuai.com.br\/portal\/wp-json\/wp\/v2\/posts"}],"about":[{"href":"https:\/\/www.tvuai.com.br\/portal\/wp-json\/wp\/v2\/types\/post"}],"author":[{"embeddable":true,"href":"https:\/\/www.tvuai.com.br\/portal\/wp-json\/wp\/v2\/users\/1"}],"replies":[{"embeddable":true,"href":"https:\/\/www.tvuai.com.br\/portal\/wp-json\/wp\/v2\/comments?post=16458"}],"version-history":[{"count":3,"href":"https:\/\/www.tvuai.com.br\/portal\/wp-json\/wp\/v2\/posts\/16458\/revisions"}],"predecessor-version":[{"id":16464,"href":"https:\/\/www.tvuai.com.br\/portal\/wp-json\/wp\/v2\/posts\/16458\/revisions\/16464"}],"wp:featuredmedia":[{"embeddable":true,"href":"https:\/\/www.tvuai.com.br\/portal\/wp-json\/wp\/v2\/media\/16461"}],"wp:attachment":[{"href":"https:\/\/www.tvuai.com.br\/portal\/wp-json\/wp\/v2\/media?parent=16458"}],"wp:term":[{"taxonomy":"category","embeddable":true,"href":"https:\/\/www.tvuai.com.br\/portal\/wp-json\/wp\/v2\/categories?post=16458"},{"taxonomy":"post_tag","embeddable":true,"href":"https:\/\/www.tvuai.com.br\/portal\/wp-json\/wp\/v2\/tags?post=16458"}],"curies":[{"name":"wp","href":"https:\/\/api.w.org\/{rel}","templated":true}]}}