{"id":16446,"date":"2026-04-24T19:21:29","date_gmt":"2026-04-24T22:21:29","guid":{"rendered":"https:\/\/www.tvuai.com.br\/portal\/?p=16446"},"modified":"2026-04-27T20:33:40","modified_gmt":"2026-04-27T23:33:40","slug":"quatro-cidades-do-sul-de-minas-recebem-quase-r-2-milhoes-cada-para-novas-unidades-de-saude","status":"publish","type":"post","link":"https:\/\/www.tvuai.com.br\/portal\/quatro-cidades-do-sul-de-minas-recebem-quase-r-2-milhoes-cada-para-novas-unidades-de-saude\/","title":{"rendered":"Quatro cidades do Sul de Minas recebem quase R$ 2 milh\u00f5es cada para novas unidades de sa\u00fade"},"content":{"rendered":"<div class=\"5a1038e0903b96d426fcfcc338703013\" data-index=\"1\" style=\"float: right; margin:10px 0 10px 10px;\">\n<script async src=\"https:\/\/pagead2.googlesyndication.com\/pagead\/js\/adsbygoogle.js?client=ca-pub-9945944833605257\"\r\n     crossorigin=\"anonymous\"><\/script>\r\n<ins class=\"adsbygoogle\"\r\n     style=\"display:block; text-align:center;\"\r\n     data-ad-layout=\"in-article\"\r\n     data-ad-format=\"fluid\"\r\n     data-ad-client=\"ca-pub-9945944833605257\"\r\n     data-ad-slot=\"2343923581\"><\/ins>\r\n<script>\r\n     (adsbygoogle = window.adsbygoogle || []).push({});\r\n<\/script>\n<\/div>\n<h5 style=\"text-align: center;\" data-start=\"229\" data-end=\"367\"><em><strong>Pedralva, S\u00e3o Sebasti\u00e3o da Bela Vista, Tocos do Moji e S\u00e3o Sebasti\u00e3o do Para\u00edso est\u00e3o entre os munic\u00edpios beneficiados pelo Novo PAC Sa\u00fade<\/strong><\/em><\/h5>\n<p data-start=\"393\" data-end=\"616\"><img data-recalc-dims=\"1\" fetchpriority=\"high\" decoding=\"async\" data-attachment-id=\"16450\" data-permalink=\"https:\/\/www.tvuai.com.br\/portal\/quatro-cidades-do-sul-de-minas-recebem-quase-r-2-milhoes-cada-para-novas-unidades-de-saude\/novo-pac\/\" data-orig-file=\"https:\/\/i0.wp.com\/www.tvuai.com.br\/portal\/wp-content\/uploads\/2026\/04\/novo-pac.jpg?fit=768%2C354&amp;ssl=1\" data-orig-size=\"768,354\" data-comments-opened=\"0\" data-image-meta=\"{&quot;aperture&quot;:&quot;0&quot;,&quot;credit&quot;:&quot;&quot;,&quot;camera&quot;:&quot;&quot;,&quot;caption&quot;:&quot;&quot;,&quot;created_timestamp&quot;:&quot;1777063119&quot;,&quot;copyright&quot;:&quot;&quot;,&quot;focal_length&quot;:&quot;0&quot;,&quot;iso&quot;:&quot;0&quot;,&quot;shutter_speed&quot;:&quot;0&quot;,&quot;title&quot;:&quot;&quot;,&quot;orientation&quot;:&quot;0&quot;}\" data-image-title=\"novo pac\" data-image-description=\"\" data-image-caption=\"\" data-medium-file=\"https:\/\/i0.wp.com\/www.tvuai.com.br\/portal\/wp-content\/uploads\/2026\/04\/novo-pac.jpg?fit=300%2C138&amp;ssl=1\" data-large-file=\"https:\/\/i0.wp.com\/www.tvuai.com.br\/portal\/wp-content\/uploads\/2026\/04\/novo-pac.jpg?fit=640%2C295&amp;ssl=1\" tabindex=\"0\" role=\"button\" class=\"aligncenter size-full wp-image-16450\" src=\"https:\/\/i0.wp.com\/www.tvuai.com.br\/portal\/wp-content\/uploads\/2026\/04\/novo-pac.jpg?resize=640%2C295&#038;ssl=1\" alt=\"\" width=\"640\" height=\"295\" srcset=\"https:\/\/i0.wp.com\/www.tvuai.com.br\/portal\/wp-content\/uploads\/2026\/04\/novo-pac.jpg?w=768&amp;ssl=1 768w, https:\/\/i0.wp.com\/www.tvuai.com.br\/portal\/wp-content\/uploads\/2026\/04\/novo-pac.jpg?resize=300%2C138&amp;ssl=1 300w\" sizes=\"(max-width: 640px) 100vw, 640px\" \/>Quatro cidades do Sul de Minas est\u00e3o entre os 64 munic\u00edpios contemplados em Minas Gerais com recursos do Novo PAC Sa\u00fade, programa do <span class=\"hover:entity-accent entity-underline inline cursor-pointer align-baseline\"><span class=\"whitespace-normal\">Minist\u00e9rio da Sa\u00fade<\/span><\/span> que prev\u00ea a constru\u00e7\u00e3o de novas unidades de atendimento em todo o pa\u00eds.<\/p>\n<p data-start=\"618\" data-end=\"830\">Pedralva, S\u00e3o Sebasti\u00e3o da Bela Vista, Tocos do Moji e S\u00e3o Sebasti\u00e3o do Para\u00edso receberam, cada uma, o valor de R$ 1.988.000,00 para a constru\u00e7\u00e3o de unidades de sa\u00fade, com in\u00edcio das obras previsto para imediato.<\/p>\n<p data-start=\"832\" data-end=\"1028\">Ao todo, Minas Gerais foi beneficiada com R$ 139,3 milh\u00f5es, destinados \u00e0 constru\u00e7\u00e3o de 64 novas estruturas, sendo cinco Centros de Aten\u00e7\u00e3o Psicossocial (CAPS) e 59 Unidades B\u00e1sicas de Sa\u00fade (UBS).<\/p>\n<p data-start=\"1030\" data-end=\"1254\"><img data-recalc-dims=\"1\" decoding=\"async\" data-attachment-id=\"16455\" data-permalink=\"https:\/\/www.tvuai.com.br\/portal\/quatro-cidades-do-sul-de-minas-recebem-quase-r-2-milhoes-cada-para-novas-unidades-de-saude\/novo-pac3\/\" data-orig-file=\"https:\/\/i0.wp.com\/www.tvuai.com.br\/portal\/wp-content\/uploads\/2026\/04\/novo-pac3.jpg?fit=360%2C500&amp;ssl=1\" data-orig-size=\"360,500\" data-comments-opened=\"0\" data-image-meta=\"{&quot;aperture&quot;:&quot;0&quot;,&quot;credit&quot;:&quot;&quot;,&quot;camera&quot;:&quot;&quot;,&quot;caption&quot;:&quot;&quot;,&quot;created_timestamp&quot;:&quot;1777063119&quot;,&quot;copyright&quot;:&quot;&quot;,&quot;focal_length&quot;:&quot;0&quot;,&quot;iso&quot;:&quot;0&quot;,&quot;shutter_speed&quot;:&quot;0&quot;,&quot;title&quot;:&quot;&quot;,&quot;orientation&quot;:&quot;1&quot;}\" data-image-title=\"novo pac3\" data-image-description=\"\" data-image-caption=\"\" data-medium-file=\"https:\/\/i0.wp.com\/www.tvuai.com.br\/portal\/wp-content\/uploads\/2026\/04\/novo-pac3.jpg?fit=216%2C300&amp;ssl=1\" data-large-file=\"https:\/\/i0.wp.com\/www.tvuai.com.br\/portal\/wp-content\/uploads\/2026\/04\/novo-pac3.jpg?fit=360%2C500&amp;ssl=1\" tabindex=\"0\" role=\"button\" class=\"alignleft size-medium wp-image-16455\" src=\"https:\/\/i0.wp.com\/www.tvuai.com.br\/portal\/wp-content\/uploads\/2026\/04\/novo-pac3.jpg?resize=216%2C300&#038;ssl=1\" alt=\"\" width=\"216\" height=\"300\" srcset=\"https:\/\/i0.wp.com\/www.tvuai.com.br\/portal\/wp-content\/uploads\/2026\/04\/novo-pac3.jpg?resize=216%2C300&amp;ssl=1 216w, https:\/\/i0.wp.com\/www.tvuai.com.br\/portal\/wp-content\/uploads\/2026\/04\/novo-pac3.jpg?w=360&amp;ssl=1 360w\" sizes=\"(max-width: 216px) 100vw, 216px\" \/>A libera\u00e7\u00e3o faz parte de um pacote nacional de R$ 1,2 bilh\u00e3o, considerado o maior volume de recursos j\u00e1 liberado de uma s\u00f3 vez dentro do Novo PAC Sa\u00fade. No total, ser\u00e3o 541 novas unidades de sa\u00fade distribu\u00eddas em 26 estados.<\/p>\n<p data-start=\"1256\" data-end=\"1432\">Segundo o ministro da Sa\u00fade, <span class=\"hover:entity-accent entity-underline inline cursor-pointer align-baseline\"><span class=\"whitespace-normal\">Alexandre Padilha<\/span><\/span>, o objetivo \u00e9 ampliar o acesso da popula\u00e7\u00e3o aos servi\u00e7os p\u00fablicos de sa\u00fade e reduzir desigualdades regionais.<\/p>\n<p data-start=\"1434\" data-end=\"1665\">\u201c\u00c9 o SUS sendo ampliado com rapidez, presen\u00e7a do Governo do Brasil e justi\u00e7a social. Onde antes faltava estrutura, o governo est\u00e1 fazendo chegar unidades de sa\u00fade e centros de atendimento que melhoram a vida da popula\u00e7\u00e3o\u201d, afirmou.<\/p>\n<p style=\"text-align: center;\" data-start=\"1434\" data-end=\"1665\"><strong><span role=\"text\">Obras imediatas e impacto regional<\/span><\/strong><\/p>\n<p data-start=\"1719\" data-end=\"1871\">Os recursos foram transferidos de forma integral, no modelo fundo a fundo, o que permite o in\u00edcio imediato das obras ap\u00f3s a emiss\u00e3o da ordem de servi\u00e7o.<\/p>\n<p data-start=\"1873\" data-end=\"2025\">Al\u00e9m de ampliar o acesso ao atendimento, os investimentos tamb\u00e9m devem gerar emprego e renda nos munic\u00edpios contemplados, fortalecendo a economia local.<\/p>\n<p style=\"text-align: center;\" data-start=\"1873\" data-end=\"2025\"><strong>R<span role=\"text\">efor\u00e7o no atendimento especializado<\/span><\/strong><\/p>\n<p data-start=\"2081\" data-end=\"2238\">A iniciativa integra ainda o programa \u201cAgora Tem Especialistas\u201d, voltado \u00e0 amplia\u00e7\u00e3o do acesso a consultas, exames e procedimentos no Sistema \u00danico de Sa\u00fade.<\/p>\n<p data-start=\"2240\" data-end=\"2437\">A proposta inclui a\u00e7\u00f5es como unidades m\u00f3veis, mutir\u00f5es e refor\u00e7o da rede de atendimento, com foco na redu\u00e7\u00e3o de filas e no tempo de espera, especialmente em regi\u00f5es com menor cobertura de servi\u00e7os.<\/p>\n<p style=\"text-align: center;\" data-start=\"2240\" data-end=\"2437\"><strong><span role=\"text\">Investimentos bilion\u00e1rios no SUS<\/span><\/strong><\/p>\n<p data-start=\"2489\" data-end=\"2699\"><img data-recalc-dims=\"1\" decoding=\"async\" data-attachment-id=\"16452\" data-permalink=\"https:\/\/www.tvuai.com.br\/portal\/quatro-cidades-do-sul-de-minas-recebem-quase-r-2-milhoes-cada-para-novas-unidades-de-saude\/novo-pac1\/\" data-orig-file=\"https:\/\/i0.wp.com\/www.tvuai.com.br\/portal\/wp-content\/uploads\/2026\/04\/novo-pac1.jpg?fit=768%2C354&amp;ssl=1\" data-orig-size=\"768,354\" data-comments-opened=\"0\" data-image-meta=\"{&quot;aperture&quot;:&quot;0&quot;,&quot;credit&quot;:&quot;&quot;,&quot;camera&quot;:&quot;&quot;,&quot;caption&quot;:&quot;&quot;,&quot;created_timestamp&quot;:&quot;1777063119&quot;,&quot;copyright&quot;:&quot;&quot;,&quot;focal_length&quot;:&quot;0&quot;,&quot;iso&quot;:&quot;0&quot;,&quot;shutter_speed&quot;:&quot;0&quot;,&quot;title&quot;:&quot;&quot;,&quot;orientation&quot;:&quot;0&quot;}\" data-image-title=\"novo pac1\" data-image-description=\"\" data-image-caption=\"\" data-medium-file=\"https:\/\/i0.wp.com\/www.tvuai.com.br\/portal\/wp-content\/uploads\/2026\/04\/novo-pac1.jpg?fit=300%2C138&amp;ssl=1\" data-large-file=\"https:\/\/i0.wp.com\/www.tvuai.com.br\/portal\/wp-content\/uploads\/2026\/04\/novo-pac1.jpg?fit=640%2C295&amp;ssl=1\" tabindex=\"0\" role=\"button\" class=\"alignright size-medium wp-image-16452\" src=\"https:\/\/i0.wp.com\/www.tvuai.com.br\/portal\/wp-content\/uploads\/2026\/04\/novo-pac1.jpg?resize=300%2C138&#038;ssl=1\" alt=\"\" width=\"300\" height=\"138\" srcset=\"https:\/\/i0.wp.com\/www.tvuai.com.br\/portal\/wp-content\/uploads\/2026\/04\/novo-pac1.jpg?resize=300%2C138&amp;ssl=1 300w, https:\/\/i0.wp.com\/www.tvuai.com.br\/portal\/wp-content\/uploads\/2026\/04\/novo-pac1.jpg?w=768&amp;ssl=1 768w\" sizes=\"(max-width: 300px) 100vw, 300px\" \/>O Novo PAC \u00e9 atualmente o maior programa de investimentos em infraestrutura da sa\u00fade p\u00fablica no Brasil. At\u00e9 o momento, j\u00e1 foram destinados mais de R$ 32 bilh\u00f5es para obras, aquisi\u00e7\u00e3o de equipamentos e ve\u00edculos.<\/p>\n<p data-start=\"2701\" data-end=\"2964\">Entre as a\u00e7\u00f5es previstas est\u00e3o a constru\u00e7\u00e3o de milhares de unidades b\u00e1sicas de sa\u00fade, centros especializados, policl\u00ednicas, ambul\u00e2ncias e unidades odontol\u00f3gicas m\u00f3veis, ampliando a capacidade de atendimento do <span class=\"hover:entity-accent entity-underline inline cursor-pointer align-baseline\"><span class=\"whitespace-normal\">Sistema \u00danico de Sa\u00fade<\/span><\/span> em todo o pa\u00eds.<\/p>\n<ul>\n<li><span style=\"color: #000080;\"><strong><a class=\"internal-link focus-visible\" style=\"color: #000080;\" title=\"Acesse a lista dos munic\u00edpios contemplados no estado\" href=\"https:\/\/www.gov.br\/saude\/pt-br\/assuntos\/noticias-para-os-estados\/minas-gerais\/2026\/abril\/arquivos\/minas-gerais.pdf\" target=\"_blank\" rel=\"noopener\" data-tippreview-image=\"\" data-tippreview-title=\"\" data-tippreview-enabled=\"false\" data-focus-visible-added=\"\">Confira a lista dos munic\u00edpios contemplados em Minas<\/a><a class=\"internal-link focus-visible\" style=\"color: #000080;\" title=\"Acesse a lista dos munic\u00edpios contemplados no estado\" href=\"https:\/\/www.gov.br\/saude\/pt-br\/assuntos\/noticias-para-os-estados\/minas-gerais\/2026\/abril\/arquivos\/minas-gerais.pdf\" target=\"_blank\" rel=\"noopener\" data-tippreview-image=\"\" data-tippreview-title=\"\" data-tippreview-enabled=\"false\" data-focus-visible-added=\"\"> Gerais<\/a><\/strong><\/span><\/li>\n<\/ul>\n\n<div style=\"font-size: 0px; height: 0px; line-height: 0px; margin: 0; padding: 0; clear: both;\"><\/div><div class='share-to-whatsapp-wrapper'><div class='share-on-whsp'>Share on: <\/div><a data-text='Quatro cidades do Sul de Minas recebem quase R$ 2 milh\u00f5es cada para novas unidades de sa\u00fade' data-link='https:\/\/www.tvuai.com.br\/portal\/quatro-cidades-do-sul-de-minas-recebem-quase-r-2-milhoes-cada-para-novas-unidades-de-saude\/' class='whatsapp-button whatsapp-share'>WhatsApp<\/a><div class='clear '><\/div><\/div><!-- AddThis Advanced Settings generic via filter on the_content --><!-- AddThis Share Buttons generic via filter on the_content -->","protected":false},"excerpt":{"rendered":"<p>Pedralva, S\u00e3o Sebasti\u00e3o da Bela Vista, Tocos do Moji e S\u00e3o Sebasti\u00e3o do Para\u00edso est\u00e3o entre os munic\u00edpios beneficiados pelo Novo PAC Sa\u00fade Quatro cidades do Sul de Minas est\u00e3o entre os 64 munic\u00edpios contemplados em Minas Gerais com recursos do Novo PAC Sa\u00fade, programa do Minist\u00e9rio da Sa\u00fade que prev\u00ea a constru\u00e7\u00e3o de novas [&hellip;]<!-- AddThis Advanced Settings generic via filter on get_the_excerpt --><!-- AddThis Share Buttons generic via filter on get_the_excerpt --><\/p>\n","protected":false},"author":1,"featured_media":16456,"comment_status":"closed","ping_status":"closed","sticky":false,"template":"","format":"standard","meta":{"jetpack_post_was_ever_published":false,"_jetpack_newsletter_access":"","_jetpack_dont_email_post_to_subs":false,"_jetpack_newsletter_tier_id":0,"_jetpack_memberships_contains_paywalled_content":false,"_jetpack_memberships_contains_paid_content":false,"_joinchat":[],"footnotes":"","jetpack_publicize_message":"","jetpack_publicize_feature_enabled":true,"jetpack_social_post_already_shared":true,"jetpack_social_options":{"image_generator_settings":{"template":"highway","enabled":false},"version":2}},"categories":[1815,19,1876,5],"tags":[7977,8752,6997,1614,6090,8750,184,2087,8749,1888,37,591,3047,5894,39,2070,6597,27,8053,1618,8751],"class_list":["post-16446","post","type-post","status-publish","format-standard","has-post-thumbnail","hentry","category-economia","category-noticias","category-saude","category-ultimas","tag-alexandre-padilha","tag-atendimento-publico","tag-caps","tag-governo-federal","tag-infraestrutura","tag-investimentos-em-saude","tag-minas-gerais","tag-ministerio-da-saude","tag-novo-pac-saude","tag-pedralva","tag-pouso-alegre","tag-sao-sebastiao-da-bela-vista","tag-sao-sebastiao-do-paraiso","tag-saude-publica","tag-sul-de-minas","tag-sus","tag-tocos-do-moji","tag-tv-uai","tag-tv-uai-26-anos-ainda-estamos-aqui-ainda-independentes","tag-tv-uai-pouso-alegre","tag-ubs"],"jetpack_publicize_connections":[],"yoast_head":"<!-- This site is optimized with the Yoast SEO plugin v23.5 - https:\/\/yoast.com\/wordpress\/plugins\/seo\/ -->\n<title>Quatro cidades do Sul de Minas recebem quase R$ 2 milh\u00f5es cada para novas unidades de sa\u00fade - TVUAI<\/title>\n<meta name=\"robots\" content=\"index, follow, max-snippet:-1, max-image-preview:large, max-video-preview:-1\" \/>\n<link rel=\"canonical\" href=\"https:\/\/www.tvuai.com.br\/portal\/quatro-cidades-do-sul-de-minas-recebem-quase-r-2-milhoes-cada-para-novas-unidades-de-saude\/\" \/>\n<meta property=\"og:locale\" content=\"pt_BR\" \/>\n<meta property=\"og:type\" content=\"article\" \/>\n<meta property=\"og:title\" content=\"Quatro cidades do Sul de Minas recebem quase R$ 2 milh\u00f5es cada para novas unidades de sa\u00fade - TVUAI\" \/>\n<meta property=\"og:description\" content=\"Pedralva, S\u00e3o Sebasti\u00e3o da Bela Vista, Tocos do Moji e S\u00e3o Sebasti\u00e3o do Para\u00edso est\u00e3o entre os munic\u00edpios beneficiados pelo Novo PAC Sa\u00fade Quatro cidades do Sul de Minas est\u00e3o entre os 64 munic\u00edpios contemplados em Minas Gerais com recursos do Novo PAC Sa\u00fade, programa do Minist\u00e9rio da Sa\u00fade que prev\u00ea a constru\u00e7\u00e3o de novas [&hellip;]\" \/>\n<meta property=\"og:url\" content=\"https:\/\/www.tvuai.com.br\/portal\/quatro-cidades-do-sul-de-minas-recebem-quase-r-2-milhoes-cada-para-novas-unidades-de-saude\/\" \/>\n<meta property=\"og:site_name\" content=\"TVUAI\" \/>\n<meta property=\"article:publisher\" content=\"http:\/\/www.facebook.com\/pages\/TV-Uai-Comunica%c3%a7%c3%a3o\/139062546157369\" \/>\n<meta property=\"article:published_time\" content=\"2026-04-24T22:21:29+00:00\" \/>\n<meta property=\"article:modified_time\" content=\"2026-04-27T23:33:40+00:00\" \/>\n<meta property=\"og:image\" content=\"https:\/\/www.tvuai.com.br\/portal\/wp-content\/uploads\/2026\/04\/novo-pac00.jpg\" \/>\n\t<meta property=\"og:image:width\" content=\"200\" \/>\n\t<meta property=\"og:image:height\" content=\"200\" \/>\n\t<meta property=\"og:image:type\" content=\"image\/jpeg\" \/>\n<meta name=\"author\" content=\"tvuai\" \/>\n<meta name=\"twitter:card\" content=\"summary_large_image\" \/>\n<meta name=\"twitter:creator\" content=\"@tvuai\" \/>\n<meta name=\"twitter:site\" content=\"@tvuai\" \/>\n<meta name=\"twitter:label1\" content=\"Escrito por\" \/>\n\t<meta name=\"twitter:data1\" content=\"tvuai\" \/>\n\t<meta name=\"twitter:label2\" content=\"Est. tempo de leitura\" \/>\n\t<meta name=\"twitter:data2\" content=\"4 minutos\" \/>\n<script type=\"application\/ld+json\" class=\"yoast-schema-graph\">{\"@context\":\"https:\/\/schema.org\",\"@graph\":[{\"@type\":\"Article\",\"@id\":\"https:\/\/www.tvuai.com.br\/portal\/quatro-cidades-do-sul-de-minas-recebem-quase-r-2-milhoes-cada-para-novas-unidades-de-saude\/#article\",\"isPartOf\":{\"@id\":\"https:\/\/www.tvuai.com.br\/portal\/quatro-cidades-do-sul-de-minas-recebem-quase-r-2-milhoes-cada-para-novas-unidades-de-saude\/\"},\"author\":{\"name\":\"tvuai\",\"@id\":\"https:\/\/www.tvuai.com.br\/portal\/#\/schema\/person\/245e50e9127451fd0b7fd76f519ebbfe\"},\"headline\":\"Quatro cidades do Sul de Minas recebem quase R$ 2 milh\u00f5es cada para novas unidades de sa\u00fade\",\"datePublished\":\"2026-04-24T22:21:29+00:00\",\"dateModified\":\"2026-04-27T23:33:40+00:00\",\"mainEntityOfPage\":{\"@id\":\"https:\/\/www.tvuai.com.br\/portal\/quatro-cidades-do-sul-de-minas-recebem-quase-r-2-milhoes-cada-para-novas-unidades-de-saude\/\"},\"wordCount\":513,\"publisher\":{\"@id\":\"https:\/\/www.tvuai.com.br\/portal\/#organization\"},\"image\":{\"@id\":\"https:\/\/www.tvuai.com.br\/portal\/quatro-cidades-do-sul-de-minas-recebem-quase-r-2-milhoes-cada-para-novas-unidades-de-saude\/#primaryimage\"},\"thumbnailUrl\":\"https:\/\/i0.wp.com\/www.tvuai.com.br\/portal\/wp-content\/uploads\/2026\/04\/novo-pac00.jpg?fit=200%2C200&ssl=1\",\"keywords\":[\"Alexandre Padilha\",\"atendimento p\u00fablico\",\"CAPS\",\"governo federal\",\"infraestrutura\",\"investimentos em sa\u00fade\",\"Minas Gerais\",\"Minist\u00e9rio da Sa\u00fade\",\"Novo PAC Sa\u00fade\",\"Pedralva\",\"Pouso Alegre\",\"S\u00e3o Sebasti\u00e3o da Bela Vista\",\"S\u00e3o Sebasti\u00e3o do Para\u00edso\",\"sa\u00fade p\u00fablica\",\"Sul de Minas\",\"SUS)\",\"Tocos do Moji\",\"TV Uai\",\"TV UAI 26 anos ainda estamos aqui ainda independentes\",\"TV UAI Pouso Alegre\",\"UBS\"],\"articleSection\":[\"Economia\",\"Not\u00edcias\",\"Sa\u00fade\",\"\u00daltimas Not\u00edcias\"],\"inLanguage\":\"pt-BR\"},{\"@type\":\"WebPage\",\"@id\":\"https:\/\/www.tvuai.com.br\/portal\/quatro-cidades-do-sul-de-minas-recebem-quase-r-2-milhoes-cada-para-novas-unidades-de-saude\/\",\"url\":\"https:\/\/www.tvuai.com.br\/portal\/quatro-cidades-do-sul-de-minas-recebem-quase-r-2-milhoes-cada-para-novas-unidades-de-saude\/\",\"name\":\"Quatro cidades do Sul de Minas recebem quase R$ 2 milh\u00f5es cada para novas unidades de sa\u00fade - TVUAI\",\"isPartOf\":{\"@id\":\"https:\/\/www.tvuai.com.br\/portal\/#website\"},\"primaryImageOfPage\":{\"@id\":\"https:\/\/www.tvuai.com.br\/portal\/quatro-cidades-do-sul-de-minas-recebem-quase-r-2-milhoes-cada-para-novas-unidades-de-saude\/#primaryimage\"},\"image\":{\"@id\":\"https:\/\/www.tvuai.com.br\/portal\/quatro-cidades-do-sul-de-minas-recebem-quase-r-2-milhoes-cada-para-novas-unidades-de-saude\/#primaryimage\"},\"thumbnailUrl\":\"https:\/\/i0.wp.com\/www.tvuai.com.br\/portal\/wp-content\/uploads\/2026\/04\/novo-pac00.jpg?fit=200%2C200&ssl=1\",\"datePublished\":\"2026-04-24T22:21:29+00:00\",\"dateModified\":\"2026-04-27T23:33:40+00:00\",\"breadcrumb\":{\"@id\":\"https:\/\/www.tvuai.com.br\/portal\/quatro-cidades-do-sul-de-minas-recebem-quase-r-2-milhoes-cada-para-novas-unidades-de-saude\/#breadcrumb\"},\"inLanguage\":\"pt-BR\",\"potentialAction\":[{\"@type\":\"ReadAction\",\"target\":[\"https:\/\/www.tvuai.com.br\/portal\/quatro-cidades-do-sul-de-minas-recebem-quase-r-2-milhoes-cada-para-novas-unidades-de-saude\/\"]}]},{\"@type\":\"ImageObject\",\"inLanguage\":\"pt-BR\",\"@id\":\"https:\/\/www.tvuai.com.br\/portal\/quatro-cidades-do-sul-de-minas-recebem-quase-r-2-milhoes-cada-para-novas-unidades-de-saude\/#primaryimage\",\"url\":\"https:\/\/i0.wp.com\/www.tvuai.com.br\/portal\/wp-content\/uploads\/2026\/04\/novo-pac00.jpg?fit=200%2C200&ssl=1\",\"contentUrl\":\"https:\/\/i0.wp.com\/www.tvuai.com.br\/portal\/wp-content\/uploads\/2026\/04\/novo-pac00.jpg?fit=200%2C200&ssl=1\",\"width\":200,\"height\":200},{\"@type\":\"BreadcrumbList\",\"@id\":\"https:\/\/www.tvuai.com.br\/portal\/quatro-cidades-do-sul-de-minas-recebem-quase-r-2-milhoes-cada-para-novas-unidades-de-saude\/#breadcrumb\",\"itemListElement\":[{\"@type\":\"ListItem\",\"position\":1,\"name\":\"In\u00edcio\",\"item\":\"https:\/\/www.tvuai.com.br\/portal\/\"},{\"@type\":\"ListItem\",\"position\":2,\"name\":\"Quatro cidades do Sul de Minas recebem quase R$ 2 milh\u00f5es cada para novas unidades de sa\u00fade\"}]},{\"@type\":\"WebSite\",\"@id\":\"https:\/\/www.tvuai.com.br\/portal\/#website\",\"url\":\"https:\/\/www.tvuai.com.br\/portal\/\",\"name\":\"TVUAI\",\"description\":\"Tudo sobre o Sul de Minas\",\"publisher\":{\"@id\":\"https:\/\/www.tvuai.com.br\/portal\/#organization\"},\"potentialAction\":[{\"@type\":\"SearchAction\",\"target\":{\"@type\":\"EntryPoint\",\"urlTemplate\":\"https:\/\/www.tvuai.com.br\/portal\/?s={search_term_string}\"},\"query-input\":{\"@type\":\"PropertyValueSpecification\",\"valueRequired\":true,\"valueName\":\"search_term_string\"}}],\"inLanguage\":\"pt-BR\"},{\"@type\":\"Organization\",\"@id\":\"https:\/\/www.tvuai.com.br\/portal\/#organization\",\"name\":\"TVUAI\",\"url\":\"https:\/\/www.tvuai.com.br\/portal\/\",\"logo\":{\"@type\":\"ImageObject\",\"inLanguage\":\"pt-BR\",\"@id\":\"https:\/\/www.tvuai.com.br\/portal\/#\/schema\/logo\/image\/\",\"url\":\"https:\/\/i0.wp.com\/www.tvuai.com.br\/portal\/wp-content\/uploads\/2017\/12\/logo_tvuai_100H.png?fit=207%2C100&ssl=1\",\"contentUrl\":\"https:\/\/i0.wp.com\/www.tvuai.com.br\/portal\/wp-content\/uploads\/2017\/12\/logo_tvuai_100H.png?fit=207%2C100&ssl=1\",\"width\":207,\"height\":100,\"caption\":\"TVUAI\"},\"image\":{\"@id\":\"https:\/\/www.tvuai.com.br\/portal\/#\/schema\/logo\/image\/\"},\"sameAs\":[\"http:\/\/www.facebook.com\/pages\/TV-Uai-Comunica\u00e7\u00e3o\/139062546157369\",\"https:\/\/x.com\/tvuai\",\"https:\/\/www.instagram.com\/tvuai_network\/\",\"https:\/\/www.youtube.com\/channel\/UCB7ZPB3wRv-OpoZ_09jmnkQ\"]},{\"@type\":\"Person\",\"@id\":\"https:\/\/www.tvuai.com.br\/portal\/#\/schema\/person\/245e50e9127451fd0b7fd76f519ebbfe\",\"name\":\"tvuai\",\"url\":\"https:\/\/www.tvuai.com.br\/portal\/author\/tvuai\/\"}]}<\/script>\n<!-- \/ Yoast SEO plugin. -->","yoast_head_json":{"title":"Quatro cidades do Sul de Minas recebem quase R$ 2 milh\u00f5es cada para novas unidades de sa\u00fade - TVUAI","robots":{"index":"index","follow":"follow","max-snippet":"max-snippet:-1","max-image-preview":"max-image-preview:large","max-video-preview":"max-video-preview:-1"},"canonical":"https:\/\/www.tvuai.com.br\/portal\/quatro-cidades-do-sul-de-minas-recebem-quase-r-2-milhoes-cada-para-novas-unidades-de-saude\/","og_locale":"pt_BR","og_type":"article","og_title":"Quatro cidades do Sul de Minas recebem quase R$ 2 milh\u00f5es cada para novas unidades de sa\u00fade - TVUAI","og_description":"Pedralva, S\u00e3o Sebasti\u00e3o da Bela Vista, Tocos do Moji e S\u00e3o Sebasti\u00e3o do Para\u00edso est\u00e3o entre os munic\u00edpios beneficiados pelo Novo PAC Sa\u00fade Quatro cidades do Sul de Minas est\u00e3o entre os 64 munic\u00edpios contemplados em Minas Gerais com recursos do Novo PAC Sa\u00fade, programa do Minist\u00e9rio da Sa\u00fade que prev\u00ea a constru\u00e7\u00e3o de novas [&hellip;]","og_url":"https:\/\/www.tvuai.com.br\/portal\/quatro-cidades-do-sul-de-minas-recebem-quase-r-2-milhoes-cada-para-novas-unidades-de-saude\/","og_site_name":"TVUAI","article_publisher":"http:\/\/www.facebook.com\/pages\/TV-Uai-Comunica%c3%a7%c3%a3o\/139062546157369","article_published_time":"2026-04-24T22:21:29+00:00","article_modified_time":"2026-04-27T23:33:40+00:00","og_image":[{"width":200,"height":200,"url":"https:\/\/www.tvuai.com.br\/portal\/wp-content\/uploads\/2026\/04\/novo-pac00.jpg","type":"image\/jpeg"}],"author":"tvuai","twitter_card":"summary_large_image","twitter_creator":"@tvuai","twitter_site":"@tvuai","twitter_misc":{"Escrito por":"tvuai","Est. tempo de leitura":"4 minutos"},"schema":{"@context":"https:\/\/schema.org","@graph":[{"@type":"Article","@id":"https:\/\/www.tvuai.com.br\/portal\/quatro-cidades-do-sul-de-minas-recebem-quase-r-2-milhoes-cada-para-novas-unidades-de-saude\/#article","isPartOf":{"@id":"https:\/\/www.tvuai.com.br\/portal\/quatro-cidades-do-sul-de-minas-recebem-quase-r-2-milhoes-cada-para-novas-unidades-de-saude\/"},"author":{"name":"tvuai","@id":"https:\/\/www.tvuai.com.br\/portal\/#\/schema\/person\/245e50e9127451fd0b7fd76f519ebbfe"},"headline":"Quatro cidades do Sul de Minas recebem quase R$ 2 milh\u00f5es cada para novas unidades de sa\u00fade","datePublished":"2026-04-24T22:21:29+00:00","dateModified":"2026-04-27T23:33:40+00:00","mainEntityOfPage":{"@id":"https:\/\/www.tvuai.com.br\/portal\/quatro-cidades-do-sul-de-minas-recebem-quase-r-2-milhoes-cada-para-novas-unidades-de-saude\/"},"wordCount":513,"publisher":{"@id":"https:\/\/www.tvuai.com.br\/portal\/#organization"},"image":{"@id":"https:\/\/www.tvuai.com.br\/portal\/quatro-cidades-do-sul-de-minas-recebem-quase-r-2-milhoes-cada-para-novas-unidades-de-saude\/#primaryimage"},"thumbnailUrl":"https:\/\/i0.wp.com\/www.tvuai.com.br\/portal\/wp-content\/uploads\/2026\/04\/novo-pac00.jpg?fit=200%2C200&ssl=1","keywords":["Alexandre Padilha","atendimento p\u00fablico","CAPS","governo federal","infraestrutura","investimentos em sa\u00fade","Minas Gerais","Minist\u00e9rio da Sa\u00fade","Novo PAC Sa\u00fade","Pedralva","Pouso Alegre","S\u00e3o Sebasti\u00e3o da Bela Vista","S\u00e3o Sebasti\u00e3o do Para\u00edso","sa\u00fade p\u00fablica","Sul de Minas","SUS)","Tocos do Moji","TV Uai","TV UAI 26 anos ainda estamos aqui ainda independentes","TV UAI Pouso Alegre","UBS"],"articleSection":["Economia","Not\u00edcias","Sa\u00fade","\u00daltimas Not\u00edcias"],"inLanguage":"pt-BR"},{"@type":"WebPage","@id":"https:\/\/www.tvuai.com.br\/portal\/quatro-cidades-do-sul-de-minas-recebem-quase-r-2-milhoes-cada-para-novas-unidades-de-saude\/","url":"https:\/\/www.tvuai.com.br\/portal\/quatro-cidades-do-sul-de-minas-recebem-quase-r-2-milhoes-cada-para-novas-unidades-de-saude\/","name":"Quatro cidades do Sul de Minas recebem quase R$ 2 milh\u00f5es cada para novas unidades de sa\u00fade - TVUAI","isPartOf":{"@id":"https:\/\/www.tvuai.com.br\/portal\/#website"},"primaryImageOfPage":{"@id":"https:\/\/www.tvuai.com.br\/portal\/quatro-cidades-do-sul-de-minas-recebem-quase-r-2-milhoes-cada-para-novas-unidades-de-saude\/#primaryimage"},"image":{"@id":"https:\/\/www.tvuai.com.br\/portal\/quatro-cidades-do-sul-de-minas-recebem-quase-r-2-milhoes-cada-para-novas-unidades-de-saude\/#primaryimage"},"thumbnailUrl":"https:\/\/i0.wp.com\/www.tvuai.com.br\/portal\/wp-content\/uploads\/2026\/04\/novo-pac00.jpg?fit=200%2C200&ssl=1","datePublished":"2026-04-24T22:21:29+00:00","dateModified":"2026-04-27T23:33:40+00:00","breadcrumb":{"@id":"https:\/\/www.tvuai.com.br\/portal\/quatro-cidades-do-sul-de-minas-recebem-quase-r-2-milhoes-cada-para-novas-unidades-de-saude\/#breadcrumb"},"inLanguage":"pt-BR","potentialAction":[{"@type":"ReadAction","target":["https:\/\/www.tvuai.com.br\/portal\/quatro-cidades-do-sul-de-minas-recebem-quase-r-2-milhoes-cada-para-novas-unidades-de-saude\/"]}]},{"@type":"ImageObject","inLanguage":"pt-BR","@id":"https:\/\/www.tvuai.com.br\/portal\/quatro-cidades-do-sul-de-minas-recebem-quase-r-2-milhoes-cada-para-novas-unidades-de-saude\/#primaryimage","url":"https:\/\/i0.wp.com\/www.tvuai.com.br\/portal\/wp-content\/uploads\/2026\/04\/novo-pac00.jpg?fit=200%2C200&ssl=1","contentUrl":"https:\/\/i0.wp.com\/www.tvuai.com.br\/portal\/wp-content\/uploads\/2026\/04\/novo-pac00.jpg?fit=200%2C200&ssl=1","width":200,"height":200},{"@type":"BreadcrumbList","@id":"https:\/\/www.tvuai.com.br\/portal\/quatro-cidades-do-sul-de-minas-recebem-quase-r-2-milhoes-cada-para-novas-unidades-de-saude\/#breadcrumb","itemListElement":[{"@type":"ListItem","position":1,"name":"In\u00edcio","item":"https:\/\/www.tvuai.com.br\/portal\/"},{"@type":"ListItem","position":2,"name":"Quatro cidades do Sul de Minas recebem quase R$ 2 milh\u00f5es cada para novas unidades de sa\u00fade"}]},{"@type":"WebSite","@id":"https:\/\/www.tvuai.com.br\/portal\/#website","url":"https:\/\/www.tvuai.com.br\/portal\/","name":"TVUAI","description":"Tudo sobre o Sul de Minas","publisher":{"@id":"https:\/\/www.tvuai.com.br\/portal\/#organization"},"potentialAction":[{"@type":"SearchAction","target":{"@type":"EntryPoint","urlTemplate":"https:\/\/www.tvuai.com.br\/portal\/?s={search_term_string}"},"query-input":{"@type":"PropertyValueSpecification","valueRequired":true,"valueName":"search_term_string"}}],"inLanguage":"pt-BR"},{"@type":"Organization","@id":"https:\/\/www.tvuai.com.br\/portal\/#organization","name":"TVUAI","url":"https:\/\/www.tvuai.com.br\/portal\/","logo":{"@type":"ImageObject","inLanguage":"pt-BR","@id":"https:\/\/www.tvuai.com.br\/portal\/#\/schema\/logo\/image\/","url":"https:\/\/i0.wp.com\/www.tvuai.com.br\/portal\/wp-content\/uploads\/2017\/12\/logo_tvuai_100H.png?fit=207%2C100&ssl=1","contentUrl":"https:\/\/i0.wp.com\/www.tvuai.com.br\/portal\/wp-content\/uploads\/2017\/12\/logo_tvuai_100H.png?fit=207%2C100&ssl=1","width":207,"height":100,"caption":"TVUAI"},"image":{"@id":"https:\/\/www.tvuai.com.br\/portal\/#\/schema\/logo\/image\/"},"sameAs":["http:\/\/www.facebook.com\/pages\/TV-Uai-Comunica\u00e7\u00e3o\/139062546157369","https:\/\/x.com\/tvuai","https:\/\/www.instagram.com\/tvuai_network\/","https:\/\/www.youtube.com\/channel\/UCB7ZPB3wRv-OpoZ_09jmnkQ"]},{"@type":"Person","@id":"https:\/\/www.tvuai.com.br\/portal\/#\/schema\/person\/245e50e9127451fd0b7fd76f519ebbfe","name":"tvuai","url":"https:\/\/www.tvuai.com.br\/portal\/author\/tvuai\/"}]}},"jetpack_featured_media_url":"https:\/\/i0.wp.com\/www.tvuai.com.br\/portal\/wp-content\/uploads\/2026\/04\/novo-pac00.jpg?fit=200%2C200&ssl=1","wpmagazine_modules_lite_featured_media_urls":{"thumbnail":["https:\/\/i0.wp.com\/www.tvuai.com.br\/portal\/wp-content\/uploads\/2026\/04\/novo-pac00.jpg?resize=150%2C150&ssl=1",150,150,true],"cvmm-medium":["https:\/\/i0.wp.com\/www.tvuai.com.br\/portal\/wp-content\/uploads\/2026\/04\/novo-pac00.jpg?resize=200%2C200&ssl=1",200,200,true],"cvmm-medium-plus":["https:\/\/i0.wp.com\/www.tvuai.com.br\/portal\/wp-content\/uploads\/2026\/04\/novo-pac00.jpg?resize=200%2C200&ssl=1",200,200,true],"cvmm-portrait":["https:\/\/i0.wp.com\/www.tvuai.com.br\/portal\/wp-content\/uploads\/2026\/04\/novo-pac00.jpg?resize=200%2C200&ssl=1",200,200,true],"cvmm-medium-square":["https:\/\/i0.wp.com\/www.tvuai.com.br\/portal\/wp-content\/uploads\/2026\/04\/novo-pac00.jpg?resize=200%2C200&ssl=1",200,200,true],"cvmm-large":["https:\/\/i0.wp.com\/www.tvuai.com.br\/portal\/wp-content\/uploads\/2026\/04\/novo-pac00.jpg?resize=200%2C200&ssl=1",200,200,true],"cvmm-small":["https:\/\/i0.wp.com\/www.tvuai.com.br\/portal\/wp-content\/uploads\/2026\/04\/novo-pac00.jpg?resize=130%2C95&ssl=1",130,95,true],"full":["https:\/\/i0.wp.com\/www.tvuai.com.br\/portal\/wp-content\/uploads\/2026\/04\/novo-pac00.jpg?fit=200%2C200&ssl=1",200,200,false]},"categories_names":{"1815":{"name":"Economia","link":"https:\/\/www.tvuai.com.br\/portal\/category\/economia\/"},"19":{"name":"Not\u00edcias","link":"https:\/\/www.tvuai.com.br\/portal\/category\/noticias\/"},"1876":{"name":"Sa\u00fade","link":"https:\/\/www.tvuai.com.br\/portal\/category\/saude\/"},"5":{"name":"\u00daltimas Not\u00edcias","link":"https:\/\/www.tvuai.com.br\/portal\/category\/noticias\/ultimas\/"}},"tags_names":{"7977":{"name":"Alexandre Padilha","link":"https:\/\/www.tvuai.com.br\/portal\/tag\/alexandre-padilha\/"},"8752":{"name":"atendimento p\u00fablico","link":"https:\/\/www.tvuai.com.br\/portal\/tag\/atendimento-publico\/"},"6997":{"name":"CAPS","link":"https:\/\/www.tvuai.com.br\/portal\/tag\/caps\/"},"1614":{"name":"governo federal","link":"https:\/\/www.tvuai.com.br\/portal\/tag\/governo-federal\/"},"6090":{"name":"infraestrutura","link":"https:\/\/www.tvuai.com.br\/portal\/tag\/infraestrutura\/"},"8750":{"name":"investimentos em sa\u00fade","link":"https:\/\/www.tvuai.com.br\/portal\/tag\/investimentos-em-saude\/"},"184":{"name":"Minas Gerais","link":"https:\/\/www.tvuai.com.br\/portal\/tag\/minas-gerais\/"},"2087":{"name":"Minist\u00e9rio da Sa\u00fade","link":"https:\/\/www.tvuai.com.br\/portal\/tag\/ministerio-da-saude\/"},"8749":{"name":"Novo PAC Sa\u00fade","link":"https:\/\/www.tvuai.com.br\/portal\/tag\/novo-pac-saude\/"},"1888":{"name":"Pedralva","link":"https:\/\/www.tvuai.com.br\/portal\/tag\/pedralva\/"},"37":{"name":"Pouso Alegre","link":"https:\/\/www.tvuai.com.br\/portal\/tag\/pouso-alegre\/"},"591":{"name":"S\u00e3o Sebasti\u00e3o da Bela Vista","link":"https:\/\/www.tvuai.com.br\/portal\/tag\/sao-sebastiao-da-bela-vista\/"},"3047":{"name":"S\u00e3o Sebasti\u00e3o do Para\u00edso","link":"https:\/\/www.tvuai.com.br\/portal\/tag\/sao-sebastiao-do-paraiso\/"},"5894":{"name":"sa\u00fade p\u00fablica","link":"https:\/\/www.tvuai.com.br\/portal\/tag\/saude-publica\/"},"39":{"name":"Sul de Minas","link":"https:\/\/www.tvuai.com.br\/portal\/tag\/sul-de-minas\/"},"2070":{"name":"SUS)","link":"https:\/\/www.tvuai.com.br\/portal\/tag\/sus\/"},"6597":{"name":"Tocos do Moji","link":"https:\/\/www.tvuai.com.br\/portal\/tag\/tocos-do-moji\/"},"27":{"name":"TV Uai","link":"https:\/\/www.tvuai.com.br\/portal\/tag\/tv-uai\/"},"8053":{"name":"TV UAI 26 anos ainda estamos aqui ainda independentes","link":"https:\/\/www.tvuai.com.br\/portal\/tag\/tv-uai-26-anos-ainda-estamos-aqui-ainda-independentes\/"},"1618":{"name":"TV UAI Pouso Alegre","link":"https:\/\/www.tvuai.com.br\/portal\/tag\/tv-uai-pouso-alegre\/"},"8751":{"name":"UBS","link":"https:\/\/www.tvuai.com.br\/portal\/tag\/ubs\/"}},"comments_number":"0","jetpack_shortlink":"https:\/\/wp.me\/p9woix-4hg","jetpack_sharing_enabled":true,"_links":{"self":[{"href":"https:\/\/www.tvuai.com.br\/portal\/wp-json\/wp\/v2\/posts\/16446"}],"collection":[{"href":"https:\/\/www.tvuai.com.br\/portal\/wp-json\/wp\/v2\/posts"}],"about":[{"href":"https:\/\/www.tvuai.com.br\/portal\/wp-json\/wp\/v2\/types\/post"}],"author":[{"embeddable":true,"href":"https:\/\/www.tvuai.com.br\/portal\/wp-json\/wp\/v2\/users\/1"}],"replies":[{"embeddable":true,"href":"https:\/\/www.tvuai.com.br\/portal\/wp-json\/wp\/v2\/comments?post=16446"}],"version-history":[{"count":4,"href":"https:\/\/www.tvuai.com.br\/portal\/wp-json\/wp\/v2\/posts\/16446\/revisions"}],"predecessor-version":[{"id":16457,"href":"https:\/\/www.tvuai.com.br\/portal\/wp-json\/wp\/v2\/posts\/16446\/revisions\/16457"}],"wp:featuredmedia":[{"embeddable":true,"href":"https:\/\/www.tvuai.com.br\/portal\/wp-json\/wp\/v2\/media\/16456"}],"wp:attachment":[{"href":"https:\/\/www.tvuai.com.br\/portal\/wp-json\/wp\/v2\/media?parent=16446"}],"wp:term":[{"taxonomy":"category","embeddable":true,"href":"https:\/\/www.tvuai.com.br\/portal\/wp-json\/wp\/v2\/categories?post=16446"},{"taxonomy":"post_tag","embeddable":true,"href":"https:\/\/www.tvuai.com.br\/portal\/wp-json\/wp\/v2\/tags?post=16446"}],"curies":[{"name":"wp","href":"https:\/\/api.w.org\/{rel}","templated":true}]}}