{"id":16433,"date":"2026-04-24T20:18:46","date_gmt":"2026-04-24T23:18:46","guid":{"rendered":"https:\/\/www.tvuai.com.br\/portal\/?p=16433"},"modified":"2026-04-27T20:34:06","modified_gmt":"2026-04-27T23:34:06","slug":"cel-dimas-leva-pouso-alegre-a-premio-de-inovacao-com-tecnologia-de-reconhecimento-facial-e-videomonitoramento","status":"publish","type":"post","link":"https:\/\/www.tvuai.com.br\/portal\/cel-dimas-leva-pouso-alegre-a-premio-de-inovacao-com-tecnologia-de-reconhecimento-facial-e-videomonitoramento\/","title":{"rendered":"Cel. Dimas leva Pouso Alegre a pr\u00eamio de inova\u00e7\u00e3o com tecnologia de reconhecimento facial e videomonitoramento"},"content":{"rendered":"<div class=\"5a1038e0903b96d426fcfcc338703013\" data-index=\"1\" style=\"float: right; margin:10px 0 10px 10px;\">\n<script async src=\"https:\/\/pagead2.googlesyndication.com\/pagead\/js\/adsbygoogle.js?client=ca-pub-9945944833605257\"\r\n     crossorigin=\"anonymous\"><\/script>\r\n<ins class=\"adsbygoogle\"\r\n     style=\"display:block; text-align:center;\"\r\n     data-ad-layout=\"in-article\"\r\n     data-ad-format=\"fluid\"\r\n     data-ad-client=\"ca-pub-9945944833605257\"\r\n     data-ad-slot=\"2343923581\"><\/ins>\r\n<script>\r\n     (adsbygoogle = window.adsbygoogle || []).push({});\r\n<\/script>\n<\/div>\n<h5 style=\"text-align: center;\" data-start=\"451\" data-end=\"568\"><em><strong>Prefeito de Pouso Alegre, Cel. Dimas \u00e9 reconhecido no pr\u00eamio Prefeito Inovador 2026 por moderniza\u00e7\u00e3o do videomonitoramento urbano no Sul de Minas. Pouso Alegre se destaca no Sul de Minas com moderniza\u00e7\u00e3o do videomonitoramento e entra na lista de prefeitos inovadores de 2026<\/strong><\/em><\/h5>\n<p data-start=\"451\" data-end=\"568\"><img data-recalc-dims=\"1\" fetchpriority=\"high\" decoding=\"async\" data-attachment-id=\"16439\" data-permalink=\"https:\/\/www.tvuai.com.br\/portal\/cel-dimas-leva-pouso-alegre-a-premio-de-inovacao-com-tecnologia-de-reconhecimento-facial-e-videomonitoramento\/inovador1\/\" data-orig-file=\"https:\/\/i0.wp.com\/www.tvuai.com.br\/portal\/wp-content\/uploads\/2026\/04\/inovador1.jpg?fit=800%2C450&amp;ssl=1\" data-orig-size=\"800,450\" data-comments-opened=\"0\" data-image-meta=\"{&quot;aperture&quot;:&quot;0&quot;,&quot;credit&quot;:&quot;&quot;,&quot;camera&quot;:&quot;&quot;,&quot;caption&quot;:&quot;&quot;,&quot;created_timestamp&quot;:&quot;1777062573&quot;,&quot;copyright&quot;:&quot;&quot;,&quot;focal_length&quot;:&quot;0&quot;,&quot;iso&quot;:&quot;0&quot;,&quot;shutter_speed&quot;:&quot;0&quot;,&quot;title&quot;:&quot;&quot;,&quot;orientation&quot;:&quot;1&quot;}\" data-image-title=\"inovador1\" data-image-description=\"\" data-image-caption=\"\" data-medium-file=\"https:\/\/i0.wp.com\/www.tvuai.com.br\/portal\/wp-content\/uploads\/2026\/04\/inovador1.jpg?fit=300%2C169&amp;ssl=1\" data-large-file=\"https:\/\/i0.wp.com\/www.tvuai.com.br\/portal\/wp-content\/uploads\/2026\/04\/inovador1.jpg?fit=640%2C360&amp;ssl=1\" tabindex=\"0\" role=\"button\" class=\"aligncenter size-full wp-image-16439\" src=\"https:\/\/i0.wp.com\/www.tvuai.com.br\/portal\/wp-content\/uploads\/2026\/04\/inovador1.jpg?resize=640%2C360&#038;ssl=1\" alt=\"\" width=\"640\" height=\"360\" srcset=\"https:\/\/i0.wp.com\/www.tvuai.com.br\/portal\/wp-content\/uploads\/2026\/04\/inovador1.jpg?w=800&amp;ssl=1 800w, https:\/\/i0.wp.com\/www.tvuai.com.br\/portal\/wp-content\/uploads\/2026\/04\/inovador1.jpg?resize=300%2C169&amp;ssl=1 300w, https:\/\/i0.wp.com\/www.tvuai.com.br\/portal\/wp-content\/uploads\/2026\/04\/inovador1.jpg?resize=768%2C432&amp;ssl=1 768w\" sizes=\"(max-width: 640px) 100vw, 640px\" \/>O uso de tecnologia de reconhecimento facial no sistema de seguran\u00e7a de Pouso Alegre colocou o munic\u00edpio entre os destaques de inova\u00e7\u00e3o p\u00fablica no Sul de Minas.<\/p>\n<div class=\"relative basis-auto flex-col -mb-(--composer-overlap-px) pb-(--composer-overlap-px) [--composer-overlap-px:28px] grow flex\">\n<div class=\"flex flex-col text-sm\">\n<section class=\"text-token-text-primary w-full focus:outline-none [--shadow-height:45px] has-data-writing-block:pointer-events-none has-data-writing-block:-mt-(--shadow-height) has-data-writing-block:pt-(--shadow-height) [&amp;:has([data-writing-block])&gt;*]:pointer-events-auto [content-visibility:auto] supports-[content-visibility:auto]:[contain-intrinsic-size:auto_100lvh] R6Vx5W_threadScrollVars scroll-mb-[calc(var(--scroll-root-safe-area-inset-bottom,0px)+var(--thread-response-height))] scroll-mt-[calc(var(--header-height)+min(200px,max(70px,20svh)))]\" dir=\"auto\" data-turn-id=\"request-WEB:c71b1d8b-e3db-464f-9d09-b1e7b83aa87c-11\" data-testid=\"conversation-turn-24\" data-scroll-anchor=\"false\" data-turn=\"assistant\">\n<div class=\"text-base my-auto mx-auto pb-10 [--thread-content-margin:var(--thread-content-margin-xs,calc(var(--spacing)*4))] @w-sm\/main:[--thread-content-margin:var(--thread-content-margin-sm,calc(var(--spacing)*6))] @w-lg\/main:[--thread-content-margin:var(--thread-content-margin-lg,calc(var(--spacing)*16))] px-(--thread-content-margin)\">\n<div class=\"[--thread-content-max-width:40rem] @w-lg\/main:[--thread-content-max-width:48rem] mx-auto max-w-(--thread-content-max-width) flex-1 group\/turn-messages focus-visible:outline-hidden relative flex w-full min-w-0 flex-col agent-turn\">\n<div class=\"flex max-w-full flex-col gap-4 grow\">\n<div class=\"min-h-8 text-message relative flex w-full flex-col items-end gap-2 text-start break-words whitespace-normal outline-none keyboard-focused:focus-ring [.text-message+&amp;]:mt-1\" dir=\"auto\" tabindex=\"0\" data-message-author-role=\"assistant\" data-message-id=\"5408167a-611a-474a-a02e-ca78e5402f5d\" data-message-model-slug=\"gpt-5-3\" data-turn-start-message=\"true\">\n<div class=\"flex w-full flex-col gap-1 empty:hidden\">\n<div class=\"markdown prose dark:prose-invert w-full wrap-break-word light markdown-new-styling\">\n<p data-start=\"554\" data-end=\"757\">O projeto, liderado pelo prefeito <span class=\"hover:entity-accent entity-underline inline cursor-pointer align-baseline\"><span class=\"whitespace-normal\">Coronel Dimas<\/span><\/span>, garantiu \u00e0 cidade o reconhecimento no pr\u00eamio \u201cPrefeito Inovador 2026\u201d, concedido pela <span class=\"hover:entity-accent entity-underline inline cursor-pointer align-baseline\"><span class=\"whitespace-normal\">Rede Cidade Digital<\/span><\/span> (RCD).<\/p>\n<p data-start=\"759\" data-end=\"1044\">A premia\u00e7\u00e3o ser\u00e1 realizada no dia 14 de maio, durante o F\u00f3rum de Cidades Digitais e Inteligentes do Sul de Minas, em Extrema (MG), reunindo gestores p\u00fablicos, especialistas e empresas para discutir solu\u00e7\u00f5es tecnol\u00f3gicas e estrat\u00e9gias voltadas \u00e0 moderniza\u00e7\u00e3o da administra\u00e7\u00e3o municipal.<\/p>\n<p style=\"text-align: center;\" data-start=\"759\" data-end=\"1044\"><strong><span role=\"text\">Tecnologia aplicada \u00e0 seguran\u00e7a<\/span><\/strong><\/p>\n<p><img data-recalc-dims=\"1\" decoding=\"async\" data-attachment-id=\"16084\" data-permalink=\"https:\/\/www.tvuai.com.br\/portal\/pouso-alegre-sediara-forum-sul-mineiro-de-turismo-e-desenvolvimento-economico-no-teatro-municipal\/forum-turismo2\/\" data-orig-file=\"https:\/\/i0.wp.com\/www.tvuai.com.br\/portal\/wp-content\/uploads\/2026\/03\/Forum-Turismo2.jpg?fit=800%2C600&amp;ssl=1\" data-orig-size=\"800,600\" data-comments-opened=\"0\" data-image-meta=\"{&quot;aperture&quot;:&quot;0&quot;,&quot;credit&quot;:&quot;&quot;,&quot;camera&quot;:&quot;&quot;,&quot;caption&quot;:&quot;&quot;,&quot;created_timestamp&quot;:&quot;1774570127&quot;,&quot;copyright&quot;:&quot;&quot;,&quot;focal_length&quot;:&quot;0&quot;,&quot;iso&quot;:&quot;0&quot;,&quot;shutter_speed&quot;:&quot;0&quot;,&quot;title&quot;:&quot;&quot;,&quot;orientation&quot;:&quot;0&quot;}\" data-image-title=\"Forum Turismo2\" data-image-description=\"\" data-image-caption=\"&lt;p&gt;O prefeito Cel. Dimas destacou a import\u00e2ncia do f\u00f3rum para o desenvolvimento regional.&lt;\/p&gt;\n\" data-medium-file=\"https:\/\/i0.wp.com\/www.tvuai.com.br\/portal\/wp-content\/uploads\/2026\/03\/Forum-Turismo2.jpg?fit=300%2C225&amp;ssl=1\" data-large-file=\"https:\/\/i0.wp.com\/www.tvuai.com.br\/portal\/wp-content\/uploads\/2026\/03\/Forum-Turismo2.jpg?fit=640%2C480&amp;ssl=1\" tabindex=\"0\" role=\"button\" class=\"size-medium wp-image-16084\" src=\"https:\/\/i0.wp.com\/www.tvuai.com.br\/portal\/wp-content\/uploads\/2026\/03\/Forum-Turismo2.jpg?resize=300%2C225&#038;ssl=1\" alt=\"\" width=\"300\" height=\"225\" srcset=\"https:\/\/i0.wp.com\/www.tvuai.com.br\/portal\/wp-content\/uploads\/2026\/03\/Forum-Turismo2.jpg?resize=300%2C225&amp;ssl=1 300w, https:\/\/i0.wp.com\/www.tvuai.com.br\/portal\/wp-content\/uploads\/2026\/03\/Forum-Turismo2.jpg?resize=768%2C576&amp;ssl=1 768w, https:\/\/i0.wp.com\/www.tvuai.com.br\/portal\/wp-content\/uploads\/2026\/03\/Forum-Turismo2.jpg?resize=136%2C102&amp;ssl=1 136w, https:\/\/i0.wp.com\/www.tvuai.com.br\/portal\/wp-content\/uploads\/2026\/03\/Forum-Turismo2.jpg?w=800&amp;ssl=1 800w\" sizes=\"(max-width: 300px) 100vw, 300px\" \/><\/p>\n<p data-start=\"1095\" data-end=\"1254\">Em Pouso Alegre, o destaque ficou por conta da moderniza\u00e7\u00e3o do sistema de videomonitoramento urbano, que passou a contar com recursos de reconhecimento facial.<\/p>\n<p data-start=\"1256\" data-end=\"1468\">A iniciativa busca ampliar a seguran\u00e7a p\u00fablica e otimizar a atua\u00e7\u00e3o das equipes respons\u00e1veis pelo monitoramento da cidade, utilizando dados e intelig\u00eancia para agilizar respostas e identificar situa\u00e7\u00f5es de risco.<\/p>\n<p style=\"text-align: center;\" data-start=\"1256\" data-end=\"1468\"><strong><span role=\"text\">Inova\u00e7\u00e3o na gest\u00e3o p\u00fablica<\/span><\/strong><\/p>\n<p data-start=\"1514\" data-end=\"1753\">Promovido pela <span class=\"hover:entity-accent entity-underline inline cursor-pointer align-baseline\"><span class=\"whitespace-normal\">Rede Cidade Digital<\/span><\/span>, em parceria com a Prefeitura de Extrema e com apoio institucional da <span class=\"hover:entity-accent entity-underline inline cursor-pointer align-baseline\"><span class=\"whitespace-normal\">Associa\u00e7\u00e3o Mineira dos Munic\u00edpios<\/span><\/span>, o evento tem como foco o fortalecimento da transforma\u00e7\u00e3o digital nas cidades.<\/p>\n<p data-start=\"1755\" data-end=\"1999\">O reconhecimento destaca prefeitos que v\u00eam investindo na digitaliza\u00e7\u00e3o dos servi\u00e7os, no uso de dados para a tomada de decis\u00f5es e na implanta\u00e7\u00e3o de tecnologias que tornam a gest\u00e3o mais eficiente e o atendimento \u00e0 popula\u00e7\u00e3o mais \u00e1gil e acess\u00edvel.<\/p>\n<p data-start=\"2001\" data-end=\"2332\">Segundo o diretor da RCD, <span class=\"hover:entity-accent entity-underline inline cursor-pointer align-baseline\"><span class=\"whitespace-normal\">Jos\u00e9 Marinho<\/span><\/span>, o pr\u00eamio valoriza gestores que utilizam a tecnologia de forma estrat\u00e9gica. \u201cO t\u00edtulo de Prefeito Inovador reconhece aqueles que transformam a administra\u00e7\u00e3o p\u00fablica por meio da inova\u00e7\u00e3o, impactando diretamente a qualidade dos servi\u00e7os prestados \u00e0 popula\u00e7\u00e3o\u201d, afirmou.<\/p>\n<p style=\"text-align: center;\" data-start=\"2001\" data-end=\"2332\"><strong><span role=\"text\">Destaque regional<\/span><\/strong><\/p>\n<p data-start=\"2369\" data-end=\"2622\">Al\u00e9m de Pouso Alegre, outros munic\u00edpios do Sul de Minas tamb\u00e9m foram reconhecidos por iniciativas inovadoras, como o uso de drones no combate \u00e0 dengue, implanta\u00e7\u00e3o de ilumina\u00e7\u00e3o p\u00fablica em LED e cria\u00e7\u00e3o de canais digitais de comunica\u00e7\u00e3o com a popula\u00e7\u00e3o.<\/p>\n<p data-start=\"2624\" data-end=\"2763\">O F\u00f3rum contar\u00e1 ainda com palestras, pain\u00e9is e a participa\u00e7\u00e3o de empresas que apresentar\u00e3o solu\u00e7\u00f5es tecnol\u00f3gicas voltadas \u00e0 gest\u00e3o p\u00fablica.<\/p>\n<p style=\"text-align: center;\" data-start=\"2624\" data-end=\"2763\"><strong><span role=\"text\">Impacto direto na popula\u00e7\u00e3o<\/span><\/strong><\/p>\n<p data-start=\"2810\" data-end=\"2968\">Na pr\u00e1tica, a aposta em tecnologia coloca Pouso Alegre em um novo patamar de monitoramento urbano, com reflexos diretos na sensa\u00e7\u00e3o de seguran\u00e7a da popula\u00e7\u00e3o.<\/p>\n<p data-start=\"2810\" data-end=\"2968\"><strong><span role=\"text\">SERVI\u00c7O<\/span><\/strong><\/p>\n<p data-start=\"2994\" data-end=\"3233\">Evento: F\u00f3rum de Cidades Digitais e Inteligentes do Sul de Minas<br data-start=\"3062\" data-end=\"3065\" \/>Data: 14 de maio<br data-start=\"3085\" data-end=\"3088\" \/>Hor\u00e1rio: das 8h \u00e0s 17h<br data-start=\"3114\" data-end=\"3117\" \/>Local: Cine Teatro \u2013 Avenida Ant\u00f4nio Saes Peres \u2013 Extrema (MG)<br data-start=\"3183\" data-end=\"3186\" \/>Inscri\u00e7\u00f5es: <span style=\"color: #000080;\"><strong><a class=\"decorated-link\" style=\"color: #000080;\" href=\"https:\/\/www.sympla.com.br\/evento\/forum-de-cidades-digitais-e-inteligentes-do-sul-de-minas\/3248431\" target=\"_new\" rel=\"noopener\" data-start=\"3202\" data-end=\"3231\">https:\/\/www.sympla.com.br\/rcd<\/a><\/strong><\/span><\/p>\n<p data-start=\"2994\" data-end=\"3233\"><strong>Prefeitos do Sul de Minas s\u00e3o reconhecidos com o t\u00edtulo de Prefeito Inovador 2026<\/strong><\/p>\n<p data-start=\"2994\" data-end=\"3233\"><img data-recalc-dims=\"1\" decoding=\"async\" data-attachment-id=\"16441\" data-permalink=\"https:\/\/www.tvuai.com.br\/portal\/cel-dimas-leva-pouso-alegre-a-premio-de-inovacao-com-tecnologia-de-reconhecimento-facial-e-videomonitoramento\/inovador3\/\" data-orig-file=\"https:\/\/i0.wp.com\/www.tvuai.com.br\/portal\/wp-content\/uploads\/2026\/04\/inovador3-scaled.jpg?fit=693%2C2560&amp;ssl=1\" data-orig-size=\"693,2560\" data-comments-opened=\"0\" data-image-meta=\"{&quot;aperture&quot;:&quot;0&quot;,&quot;credit&quot;:&quot;&quot;,&quot;camera&quot;:&quot;&quot;,&quot;caption&quot;:&quot;&quot;,&quot;created_timestamp&quot;:&quot;1777063119&quot;,&quot;copyright&quot;:&quot;&quot;,&quot;focal_length&quot;:&quot;0&quot;,&quot;iso&quot;:&quot;0&quot;,&quot;shutter_speed&quot;:&quot;0&quot;,&quot;title&quot;:&quot;&quot;,&quot;orientation&quot;:&quot;1&quot;}\" data-image-title=\"inovador3\" data-image-description=\"\" data-image-caption=\"\" data-medium-file=\"https:\/\/i0.wp.com\/www.tvuai.com.br\/portal\/wp-content\/uploads\/2026\/04\/inovador3-scaled.jpg?fit=81%2C300&amp;ssl=1\" data-large-file=\"https:\/\/i0.wp.com\/www.tvuai.com.br\/portal\/wp-content\/uploads\/2026\/04\/inovador3-scaled.jpg?fit=277%2C1024&amp;ssl=1\" tabindex=\"0\" role=\"button\" class=\"aligncenter size-full wp-image-16441\" src=\"https:\/\/i0.wp.com\/www.tvuai.com.br\/portal\/wp-content\/uploads\/2026\/04\/inovador3-scaled.jpg?resize=640%2C2364&#038;ssl=1\" alt=\"\" width=\"640\" height=\"2364\" srcset=\"https:\/\/i0.wp.com\/www.tvuai.com.br\/portal\/wp-content\/uploads\/2026\/04\/inovador3-scaled.jpg?w=693&amp;ssl=1 693w, https:\/\/i0.wp.com\/www.tvuai.com.br\/portal\/wp-content\/uploads\/2026\/04\/inovador3-scaled.jpg?resize=81%2C300&amp;ssl=1 81w, https:\/\/i0.wp.com\/www.tvuai.com.br\/portal\/wp-content\/uploads\/2026\/04\/inovador3-scaled.jpg?resize=277%2C1024&amp;ssl=1 277w, https:\/\/i0.wp.com\/www.tvuai.com.br\/portal\/wp-content\/uploads\/2026\/04\/inovador3-scaled.jpg?resize=416%2C1536&amp;ssl=1 416w, https:\/\/i0.wp.com\/www.tvuai.com.br\/portal\/wp-content\/uploads\/2026\/04\/inovador3-scaled.jpg?resize=554%2C2048&amp;ssl=1 554w\" sizes=\"(max-width: 640px) 100vw, 640px\" \/><\/p>\n<\/div>\n<\/div>\n<\/div>\n<\/div>\n<\/div>\n<\/div>\n<\/section>\n<\/div>\n<\/div>\n\n<div style=\"font-size: 0px; height: 0px; line-height: 0px; margin: 0; padding: 0; clear: both;\"><\/div><div class='share-to-whatsapp-wrapper'><div class='share-on-whsp'>Share on: <\/div><a data-text='Cel. Dimas leva Pouso Alegre a pr\u00eamio de inova\u00e7\u00e3o com tecnologia de reconhecimento facial e videomonitoramento' data-link='https:\/\/www.tvuai.com.br\/portal\/cel-dimas-leva-pouso-alegre-a-premio-de-inovacao-com-tecnologia-de-reconhecimento-facial-e-videomonitoramento\/' class='whatsapp-button whatsapp-share'>WhatsApp<\/a><div class='clear '><\/div><\/div><!-- AddThis Advanced Settings generic via filter on the_content --><!-- AddThis Share Buttons generic via filter on the_content -->","protected":false},"excerpt":{"rendered":"<p>Prefeito de Pouso Alegre, Cel. Dimas \u00e9 reconhecido no pr\u00eamio Prefeito Inovador 2026 por moderniza\u00e7\u00e3o do videomonitoramento urbano no Sul de Minas. Pouso Alegre se destaca no Sul de Minas com moderniza\u00e7\u00e3o do videomonitoramento e entra na lista de prefeitos inovadores de 2026 O uso de tecnologia de reconhecimento facial no sistema de seguran\u00e7a de [&hellip;]<!-- AddThis Advanced Settings generic via filter on get_the_excerpt --><!-- AddThis Share Buttons generic via filter on get_the_excerpt --><\/p>\n","protected":false},"author":1,"featured_media":16438,"comment_status":"closed","ping_status":"closed","sticky":false,"template":"","format":"standard","meta":{"jetpack_post_was_ever_published":false,"_jetpack_newsletter_access":"","_jetpack_dont_email_post_to_subs":false,"_jetpack_newsletter_tier_id":0,"_jetpack_memberships_contains_paywalled_content":false,"_jetpack_memberships_contains_paid_content":false,"_joinchat":[],"footnotes":"","jetpack_publicize_message":"","jetpack_publicize_feature_enabled":true,"jetpack_social_post_already_shared":false,"jetpack_social_options":{"image_generator_settings":{"template":"highway","enabled":false},"version":2}},"categories":[1642,1815,19,1818,6235,5],"tags":[2331,1998,8743,2794,1727,7038,5308,8746,184,37,324,8747,769,6524,8745,4328,39,89,8748,6357,27,8053,1618,8744],"class_list":["post-16433","post","type-post","status-publish","format-standard","has-post-thumbnail","hentry","category-tecnologia","category-economia","category-noticias","category-politica","category-sociais","category-ultimas","tag-amm","tag-cel-dimas","tag-cidades-digitais","tag-coronel-dimas","tag-extrema-mg","tag-gestao-publica","tag-inovacao","tag-inovacao-publica","tag-minas-gerais","tag-pouso-alegre","tag-prefeito-de-pouso-alegre","tag-prefeitos-inovadores","tag-prefeitura-de-pouso-alegre","tag-reconhecimento-facial","tag-rede-cidade-digital","tag-seguranca-publica","tag-sul-de-minas","tag-tecnologia","tag-tecnologia-na-gestao-publica","tag-transformacao-digital","tag-tv-uai","tag-tv-uai-26-anos-ainda-estamos-aqui-ainda-independentes","tag-tv-uai-pouso-alegre","tag-videomonitoramento"],"jetpack_publicize_connections":[],"yoast_head":"<!-- This site is optimized with the Yoast SEO plugin v23.5 - https:\/\/yoast.com\/wordpress\/plugins\/seo\/ -->\n<title>Cel. Dimas leva Pouso Alegre a pr\u00eamio de inova\u00e7\u00e3o com tecnologia de reconhecimento facial e videomonitoramento - TVUAI<\/title>\n<meta name=\"robots\" content=\"index, follow, max-snippet:-1, max-image-preview:large, max-video-preview:-1\" \/>\n<link rel=\"canonical\" href=\"https:\/\/www.tvuai.com.br\/portal\/cel-dimas-leva-pouso-alegre-a-premio-de-inovacao-com-tecnologia-de-reconhecimento-facial-e-videomonitoramento\/\" \/>\n<meta property=\"og:locale\" content=\"pt_BR\" \/>\n<meta property=\"og:type\" content=\"article\" \/>\n<meta property=\"og:title\" content=\"Cel. Dimas leva Pouso Alegre a pr\u00eamio de inova\u00e7\u00e3o com tecnologia de reconhecimento facial e videomonitoramento - TVUAI\" \/>\n<meta property=\"og:description\" content=\"Prefeito de Pouso Alegre, Cel. Dimas \u00e9 reconhecido no pr\u00eamio Prefeito Inovador 2026 por moderniza\u00e7\u00e3o do videomonitoramento urbano no Sul de Minas. Pouso Alegre se destaca no Sul de Minas com moderniza\u00e7\u00e3o do videomonitoramento e entra na lista de prefeitos inovadores de 2026 O uso de tecnologia de reconhecimento facial no sistema de seguran\u00e7a de [&hellip;]\" \/>\n<meta property=\"og:url\" content=\"https:\/\/www.tvuai.com.br\/portal\/cel-dimas-leva-pouso-alegre-a-premio-de-inovacao-com-tecnologia-de-reconhecimento-facial-e-videomonitoramento\/\" \/>\n<meta property=\"og:site_name\" content=\"TVUAI\" \/>\n<meta property=\"article:publisher\" content=\"http:\/\/www.facebook.com\/pages\/TV-Uai-Comunica%c3%a7%c3%a3o\/139062546157369\" \/>\n<meta property=\"article:published_time\" content=\"2026-04-24T23:18:46+00:00\" \/>\n<meta property=\"article:modified_time\" content=\"2026-04-27T23:34:06+00:00\" \/>\n<meta property=\"og:image\" content=\"https:\/\/www.tvuai.com.br\/portal\/wp-content\/uploads\/2026\/04\/inovador0.jpg\" \/>\n\t<meta property=\"og:image:width\" content=\"200\" \/>\n\t<meta property=\"og:image:height\" content=\"200\" \/>\n\t<meta property=\"og:image:type\" content=\"image\/jpeg\" \/>\n<meta name=\"author\" content=\"tvuai\" \/>\n<meta name=\"twitter:card\" content=\"summary_large_image\" \/>\n<meta name=\"twitter:creator\" content=\"@tvuai\" \/>\n<meta name=\"twitter:site\" content=\"@tvuai\" \/>\n<meta name=\"twitter:label1\" content=\"Escrito por\" \/>\n\t<meta name=\"twitter:data1\" content=\"tvuai\" \/>\n\t<meta name=\"twitter:label2\" content=\"Est. tempo de leitura\" \/>\n\t<meta name=\"twitter:data2\" content=\"4 minutos\" \/>\n<script type=\"application\/ld+json\" class=\"yoast-schema-graph\">{\"@context\":\"https:\/\/schema.org\",\"@graph\":[{\"@type\":\"Article\",\"@id\":\"https:\/\/www.tvuai.com.br\/portal\/cel-dimas-leva-pouso-alegre-a-premio-de-inovacao-com-tecnologia-de-reconhecimento-facial-e-videomonitoramento\/#article\",\"isPartOf\":{\"@id\":\"https:\/\/www.tvuai.com.br\/portal\/cel-dimas-leva-pouso-alegre-a-premio-de-inovacao-com-tecnologia-de-reconhecimento-facial-e-videomonitoramento\/\"},\"author\":{\"name\":\"tvuai\",\"@id\":\"https:\/\/www.tvuai.com.br\/portal\/#\/schema\/person\/245e50e9127451fd0b7fd76f519ebbfe\"},\"headline\":\"Cel. Dimas leva Pouso Alegre a pr\u00eamio de inova\u00e7\u00e3o com tecnologia de reconhecimento facial e videomonitoramento\",\"datePublished\":\"2026-04-24T23:18:46+00:00\",\"dateModified\":\"2026-04-27T23:34:06+00:00\",\"mainEntityOfPage\":{\"@id\":\"https:\/\/www.tvuai.com.br\/portal\/cel-dimas-leva-pouso-alegre-a-premio-de-inovacao-com-tecnologia-de-reconhecimento-facial-e-videomonitoramento\/\"},\"wordCount\":533,\"publisher\":{\"@id\":\"https:\/\/www.tvuai.com.br\/portal\/#organization\"},\"image\":{\"@id\":\"https:\/\/www.tvuai.com.br\/portal\/cel-dimas-leva-pouso-alegre-a-premio-de-inovacao-com-tecnologia-de-reconhecimento-facial-e-videomonitoramento\/#primaryimage\"},\"thumbnailUrl\":\"https:\/\/i0.wp.com\/www.tvuai.com.br\/portal\/wp-content\/uploads\/2026\/04\/inovador0.jpg?fit=200%2C200&ssl=1\",\"keywords\":[\"AMM\",\"Cel Dimas\",\"cidades digitais\",\"Coronel Dimas\",\"Extrema\/MG\",\"Gest\u00e3o P\u00fablica\",\"inova\u00e7\u00e3o\",\"inova\u00e7\u00e3o p\u00fablica\",\"Minas Gerais\",\"Pouso Alegre\",\"prefeito de Pouso Alegre\",\"prefeitos inovadores\",\"Prefeitura de Pouso Alegre\",\"reconhecimento facial\",\"Rede Cidade Digital\",\"Seguran\u00e7a P\u00fablica\",\"Sul de Minas\",\"tecnologia\",\"tecnologia na gest\u00e3o p\u00fablica\",\"transforma\u00e7\u00e3o digital\",\"TV Uai\",\"TV UAI 26 anos ainda estamos aqui ainda independentes\",\"TV UAI Pouso Alegre\",\"videomonitoramento\"],\"articleSection\":[\"Ci\u00eancia e Tecnologia\",\"Economia\",\"Not\u00edcias\",\"Pol\u00edtica\",\"Sociais\",\"\u00daltimas Not\u00edcias\"],\"inLanguage\":\"pt-BR\"},{\"@type\":\"WebPage\",\"@id\":\"https:\/\/www.tvuai.com.br\/portal\/cel-dimas-leva-pouso-alegre-a-premio-de-inovacao-com-tecnologia-de-reconhecimento-facial-e-videomonitoramento\/\",\"url\":\"https:\/\/www.tvuai.com.br\/portal\/cel-dimas-leva-pouso-alegre-a-premio-de-inovacao-com-tecnologia-de-reconhecimento-facial-e-videomonitoramento\/\",\"name\":\"Cel. Dimas leva Pouso Alegre a pr\u00eamio de inova\u00e7\u00e3o com tecnologia de reconhecimento facial e videomonitoramento - TVUAI\",\"isPartOf\":{\"@id\":\"https:\/\/www.tvuai.com.br\/portal\/#website\"},\"primaryImageOfPage\":{\"@id\":\"https:\/\/www.tvuai.com.br\/portal\/cel-dimas-leva-pouso-alegre-a-premio-de-inovacao-com-tecnologia-de-reconhecimento-facial-e-videomonitoramento\/#primaryimage\"},\"image\":{\"@id\":\"https:\/\/www.tvuai.com.br\/portal\/cel-dimas-leva-pouso-alegre-a-premio-de-inovacao-com-tecnologia-de-reconhecimento-facial-e-videomonitoramento\/#primaryimage\"},\"thumbnailUrl\":\"https:\/\/i0.wp.com\/www.tvuai.com.br\/portal\/wp-content\/uploads\/2026\/04\/inovador0.jpg?fit=200%2C200&ssl=1\",\"datePublished\":\"2026-04-24T23:18:46+00:00\",\"dateModified\":\"2026-04-27T23:34:06+00:00\",\"breadcrumb\":{\"@id\":\"https:\/\/www.tvuai.com.br\/portal\/cel-dimas-leva-pouso-alegre-a-premio-de-inovacao-com-tecnologia-de-reconhecimento-facial-e-videomonitoramento\/#breadcrumb\"},\"inLanguage\":\"pt-BR\",\"potentialAction\":[{\"@type\":\"ReadAction\",\"target\":[\"https:\/\/www.tvuai.com.br\/portal\/cel-dimas-leva-pouso-alegre-a-premio-de-inovacao-com-tecnologia-de-reconhecimento-facial-e-videomonitoramento\/\"]}]},{\"@type\":\"ImageObject\",\"inLanguage\":\"pt-BR\",\"@id\":\"https:\/\/www.tvuai.com.br\/portal\/cel-dimas-leva-pouso-alegre-a-premio-de-inovacao-com-tecnologia-de-reconhecimento-facial-e-videomonitoramento\/#primaryimage\",\"url\":\"https:\/\/i0.wp.com\/www.tvuai.com.br\/portal\/wp-content\/uploads\/2026\/04\/inovador0.jpg?fit=200%2C200&ssl=1\",\"contentUrl\":\"https:\/\/i0.wp.com\/www.tvuai.com.br\/portal\/wp-content\/uploads\/2026\/04\/inovador0.jpg?fit=200%2C200&ssl=1\",\"width\":200,\"height\":200},{\"@type\":\"BreadcrumbList\",\"@id\":\"https:\/\/www.tvuai.com.br\/portal\/cel-dimas-leva-pouso-alegre-a-premio-de-inovacao-com-tecnologia-de-reconhecimento-facial-e-videomonitoramento\/#breadcrumb\",\"itemListElement\":[{\"@type\":\"ListItem\",\"position\":1,\"name\":\"In\u00edcio\",\"item\":\"https:\/\/www.tvuai.com.br\/portal\/\"},{\"@type\":\"ListItem\",\"position\":2,\"name\":\"Cel. Dimas leva Pouso Alegre a pr\u00eamio de inova\u00e7\u00e3o com tecnologia de reconhecimento facial e videomonitoramento\"}]},{\"@type\":\"WebSite\",\"@id\":\"https:\/\/www.tvuai.com.br\/portal\/#website\",\"url\":\"https:\/\/www.tvuai.com.br\/portal\/\",\"name\":\"TVUAI\",\"description\":\"Tudo sobre o Sul de Minas\",\"publisher\":{\"@id\":\"https:\/\/www.tvuai.com.br\/portal\/#organization\"},\"potentialAction\":[{\"@type\":\"SearchAction\",\"target\":{\"@type\":\"EntryPoint\",\"urlTemplate\":\"https:\/\/www.tvuai.com.br\/portal\/?s={search_term_string}\"},\"query-input\":{\"@type\":\"PropertyValueSpecification\",\"valueRequired\":true,\"valueName\":\"search_term_string\"}}],\"inLanguage\":\"pt-BR\"},{\"@type\":\"Organization\",\"@id\":\"https:\/\/www.tvuai.com.br\/portal\/#organization\",\"name\":\"TVUAI\",\"url\":\"https:\/\/www.tvuai.com.br\/portal\/\",\"logo\":{\"@type\":\"ImageObject\",\"inLanguage\":\"pt-BR\",\"@id\":\"https:\/\/www.tvuai.com.br\/portal\/#\/schema\/logo\/image\/\",\"url\":\"https:\/\/i0.wp.com\/www.tvuai.com.br\/portal\/wp-content\/uploads\/2017\/12\/logo_tvuai_100H.png?fit=207%2C100&ssl=1\",\"contentUrl\":\"https:\/\/i0.wp.com\/www.tvuai.com.br\/portal\/wp-content\/uploads\/2017\/12\/logo_tvuai_100H.png?fit=207%2C100&ssl=1\",\"width\":207,\"height\":100,\"caption\":\"TVUAI\"},\"image\":{\"@id\":\"https:\/\/www.tvuai.com.br\/portal\/#\/schema\/logo\/image\/\"},\"sameAs\":[\"http:\/\/www.facebook.com\/pages\/TV-Uai-Comunica\u00e7\u00e3o\/139062546157369\",\"https:\/\/x.com\/tvuai\",\"https:\/\/www.instagram.com\/tvuai_network\/\",\"https:\/\/www.youtube.com\/channel\/UCB7ZPB3wRv-OpoZ_09jmnkQ\"]},{\"@type\":\"Person\",\"@id\":\"https:\/\/www.tvuai.com.br\/portal\/#\/schema\/person\/245e50e9127451fd0b7fd76f519ebbfe\",\"name\":\"tvuai\",\"url\":\"https:\/\/www.tvuai.com.br\/portal\/author\/tvuai\/\"}]}<\/script>\n<!-- \/ Yoast SEO plugin. -->","yoast_head_json":{"title":"Cel. Dimas leva Pouso Alegre a pr\u00eamio de inova\u00e7\u00e3o com tecnologia de reconhecimento facial e videomonitoramento - TVUAI","robots":{"index":"index","follow":"follow","max-snippet":"max-snippet:-1","max-image-preview":"max-image-preview:large","max-video-preview":"max-video-preview:-1"},"canonical":"https:\/\/www.tvuai.com.br\/portal\/cel-dimas-leva-pouso-alegre-a-premio-de-inovacao-com-tecnologia-de-reconhecimento-facial-e-videomonitoramento\/","og_locale":"pt_BR","og_type":"article","og_title":"Cel. Dimas leva Pouso Alegre a pr\u00eamio de inova\u00e7\u00e3o com tecnologia de reconhecimento facial e videomonitoramento - TVUAI","og_description":"Prefeito de Pouso Alegre, Cel. Dimas \u00e9 reconhecido no pr\u00eamio Prefeito Inovador 2026 por moderniza\u00e7\u00e3o do videomonitoramento urbano no Sul de Minas. Pouso Alegre se destaca no Sul de Minas com moderniza\u00e7\u00e3o do videomonitoramento e entra na lista de prefeitos inovadores de 2026 O uso de tecnologia de reconhecimento facial no sistema de seguran\u00e7a de [&hellip;]","og_url":"https:\/\/www.tvuai.com.br\/portal\/cel-dimas-leva-pouso-alegre-a-premio-de-inovacao-com-tecnologia-de-reconhecimento-facial-e-videomonitoramento\/","og_site_name":"TVUAI","article_publisher":"http:\/\/www.facebook.com\/pages\/TV-Uai-Comunica%c3%a7%c3%a3o\/139062546157369","article_published_time":"2026-04-24T23:18:46+00:00","article_modified_time":"2026-04-27T23:34:06+00:00","og_image":[{"width":200,"height":200,"url":"https:\/\/www.tvuai.com.br\/portal\/wp-content\/uploads\/2026\/04\/inovador0.jpg","type":"image\/jpeg"}],"author":"tvuai","twitter_card":"summary_large_image","twitter_creator":"@tvuai","twitter_site":"@tvuai","twitter_misc":{"Escrito por":"tvuai","Est. tempo de leitura":"4 minutos"},"schema":{"@context":"https:\/\/schema.org","@graph":[{"@type":"Article","@id":"https:\/\/www.tvuai.com.br\/portal\/cel-dimas-leva-pouso-alegre-a-premio-de-inovacao-com-tecnologia-de-reconhecimento-facial-e-videomonitoramento\/#article","isPartOf":{"@id":"https:\/\/www.tvuai.com.br\/portal\/cel-dimas-leva-pouso-alegre-a-premio-de-inovacao-com-tecnologia-de-reconhecimento-facial-e-videomonitoramento\/"},"author":{"name":"tvuai","@id":"https:\/\/www.tvuai.com.br\/portal\/#\/schema\/person\/245e50e9127451fd0b7fd76f519ebbfe"},"headline":"Cel. Dimas leva Pouso Alegre a pr\u00eamio de inova\u00e7\u00e3o com tecnologia de reconhecimento facial e videomonitoramento","datePublished":"2026-04-24T23:18:46+00:00","dateModified":"2026-04-27T23:34:06+00:00","mainEntityOfPage":{"@id":"https:\/\/www.tvuai.com.br\/portal\/cel-dimas-leva-pouso-alegre-a-premio-de-inovacao-com-tecnologia-de-reconhecimento-facial-e-videomonitoramento\/"},"wordCount":533,"publisher":{"@id":"https:\/\/www.tvuai.com.br\/portal\/#organization"},"image":{"@id":"https:\/\/www.tvuai.com.br\/portal\/cel-dimas-leva-pouso-alegre-a-premio-de-inovacao-com-tecnologia-de-reconhecimento-facial-e-videomonitoramento\/#primaryimage"},"thumbnailUrl":"https:\/\/i0.wp.com\/www.tvuai.com.br\/portal\/wp-content\/uploads\/2026\/04\/inovador0.jpg?fit=200%2C200&ssl=1","keywords":["AMM","Cel Dimas","cidades digitais","Coronel Dimas","Extrema\/MG","Gest\u00e3o P\u00fablica","inova\u00e7\u00e3o","inova\u00e7\u00e3o p\u00fablica","Minas Gerais","Pouso Alegre","prefeito de Pouso Alegre","prefeitos inovadores","Prefeitura de Pouso Alegre","reconhecimento facial","Rede Cidade Digital","Seguran\u00e7a P\u00fablica","Sul de Minas","tecnologia","tecnologia na gest\u00e3o p\u00fablica","transforma\u00e7\u00e3o digital","TV Uai","TV UAI 26 anos ainda estamos aqui ainda independentes","TV UAI Pouso Alegre","videomonitoramento"],"articleSection":["Ci\u00eancia e Tecnologia","Economia","Not\u00edcias","Pol\u00edtica","Sociais","\u00daltimas Not\u00edcias"],"inLanguage":"pt-BR"},{"@type":"WebPage","@id":"https:\/\/www.tvuai.com.br\/portal\/cel-dimas-leva-pouso-alegre-a-premio-de-inovacao-com-tecnologia-de-reconhecimento-facial-e-videomonitoramento\/","url":"https:\/\/www.tvuai.com.br\/portal\/cel-dimas-leva-pouso-alegre-a-premio-de-inovacao-com-tecnologia-de-reconhecimento-facial-e-videomonitoramento\/","name":"Cel. Dimas leva Pouso Alegre a pr\u00eamio de inova\u00e7\u00e3o com tecnologia de reconhecimento facial e videomonitoramento - TVUAI","isPartOf":{"@id":"https:\/\/www.tvuai.com.br\/portal\/#website"},"primaryImageOfPage":{"@id":"https:\/\/www.tvuai.com.br\/portal\/cel-dimas-leva-pouso-alegre-a-premio-de-inovacao-com-tecnologia-de-reconhecimento-facial-e-videomonitoramento\/#primaryimage"},"image":{"@id":"https:\/\/www.tvuai.com.br\/portal\/cel-dimas-leva-pouso-alegre-a-premio-de-inovacao-com-tecnologia-de-reconhecimento-facial-e-videomonitoramento\/#primaryimage"},"thumbnailUrl":"https:\/\/i0.wp.com\/www.tvuai.com.br\/portal\/wp-content\/uploads\/2026\/04\/inovador0.jpg?fit=200%2C200&ssl=1","datePublished":"2026-04-24T23:18:46+00:00","dateModified":"2026-04-27T23:34:06+00:00","breadcrumb":{"@id":"https:\/\/www.tvuai.com.br\/portal\/cel-dimas-leva-pouso-alegre-a-premio-de-inovacao-com-tecnologia-de-reconhecimento-facial-e-videomonitoramento\/#breadcrumb"},"inLanguage":"pt-BR","potentialAction":[{"@type":"ReadAction","target":["https:\/\/www.tvuai.com.br\/portal\/cel-dimas-leva-pouso-alegre-a-premio-de-inovacao-com-tecnologia-de-reconhecimento-facial-e-videomonitoramento\/"]}]},{"@type":"ImageObject","inLanguage":"pt-BR","@id":"https:\/\/www.tvuai.com.br\/portal\/cel-dimas-leva-pouso-alegre-a-premio-de-inovacao-com-tecnologia-de-reconhecimento-facial-e-videomonitoramento\/#primaryimage","url":"https:\/\/i0.wp.com\/www.tvuai.com.br\/portal\/wp-content\/uploads\/2026\/04\/inovador0.jpg?fit=200%2C200&ssl=1","contentUrl":"https:\/\/i0.wp.com\/www.tvuai.com.br\/portal\/wp-content\/uploads\/2026\/04\/inovador0.jpg?fit=200%2C200&ssl=1","width":200,"height":200},{"@type":"BreadcrumbList","@id":"https:\/\/www.tvuai.com.br\/portal\/cel-dimas-leva-pouso-alegre-a-premio-de-inovacao-com-tecnologia-de-reconhecimento-facial-e-videomonitoramento\/#breadcrumb","itemListElement":[{"@type":"ListItem","position":1,"name":"In\u00edcio","item":"https:\/\/www.tvuai.com.br\/portal\/"},{"@type":"ListItem","position":2,"name":"Cel. Dimas leva Pouso Alegre a pr\u00eamio de inova\u00e7\u00e3o com tecnologia de reconhecimento facial e videomonitoramento"}]},{"@type":"WebSite","@id":"https:\/\/www.tvuai.com.br\/portal\/#website","url":"https:\/\/www.tvuai.com.br\/portal\/","name":"TVUAI","description":"Tudo sobre o Sul de Minas","publisher":{"@id":"https:\/\/www.tvuai.com.br\/portal\/#organization"},"potentialAction":[{"@type":"SearchAction","target":{"@type":"EntryPoint","urlTemplate":"https:\/\/www.tvuai.com.br\/portal\/?s={search_term_string}"},"query-input":{"@type":"PropertyValueSpecification","valueRequired":true,"valueName":"search_term_string"}}],"inLanguage":"pt-BR"},{"@type":"Organization","@id":"https:\/\/www.tvuai.com.br\/portal\/#organization","name":"TVUAI","url":"https:\/\/www.tvuai.com.br\/portal\/","logo":{"@type":"ImageObject","inLanguage":"pt-BR","@id":"https:\/\/www.tvuai.com.br\/portal\/#\/schema\/logo\/image\/","url":"https:\/\/i0.wp.com\/www.tvuai.com.br\/portal\/wp-content\/uploads\/2017\/12\/logo_tvuai_100H.png?fit=207%2C100&ssl=1","contentUrl":"https:\/\/i0.wp.com\/www.tvuai.com.br\/portal\/wp-content\/uploads\/2017\/12\/logo_tvuai_100H.png?fit=207%2C100&ssl=1","width":207,"height":100,"caption":"TVUAI"},"image":{"@id":"https:\/\/www.tvuai.com.br\/portal\/#\/schema\/logo\/image\/"},"sameAs":["http:\/\/www.facebook.com\/pages\/TV-Uai-Comunica\u00e7\u00e3o\/139062546157369","https:\/\/x.com\/tvuai","https:\/\/www.instagram.com\/tvuai_network\/","https:\/\/www.youtube.com\/channel\/UCB7ZPB3wRv-OpoZ_09jmnkQ"]},{"@type":"Person","@id":"https:\/\/www.tvuai.com.br\/portal\/#\/schema\/person\/245e50e9127451fd0b7fd76f519ebbfe","name":"tvuai","url":"https:\/\/www.tvuai.com.br\/portal\/author\/tvuai\/"}]}},"jetpack_featured_media_url":"https:\/\/i0.wp.com\/www.tvuai.com.br\/portal\/wp-content\/uploads\/2026\/04\/inovador0.jpg?fit=200%2C200&ssl=1","wpmagazine_modules_lite_featured_media_urls":{"thumbnail":["https:\/\/i0.wp.com\/www.tvuai.com.br\/portal\/wp-content\/uploads\/2026\/04\/inovador0.jpg?resize=150%2C150&ssl=1",150,150,true],"cvmm-medium":["https:\/\/i0.wp.com\/www.tvuai.com.br\/portal\/wp-content\/uploads\/2026\/04\/inovador0.jpg?resize=200%2C200&ssl=1",200,200,true],"cvmm-medium-plus":["https:\/\/i0.wp.com\/www.tvuai.com.br\/portal\/wp-content\/uploads\/2026\/04\/inovador0.jpg?resize=200%2C200&ssl=1",200,200,true],"cvmm-portrait":["https:\/\/i0.wp.com\/www.tvuai.com.br\/portal\/wp-content\/uploads\/2026\/04\/inovador0.jpg?resize=200%2C200&ssl=1",200,200,true],"cvmm-medium-square":["https:\/\/i0.wp.com\/www.tvuai.com.br\/portal\/wp-content\/uploads\/2026\/04\/inovador0.jpg?resize=200%2C200&ssl=1",200,200,true],"cvmm-large":["https:\/\/i0.wp.com\/www.tvuai.com.br\/portal\/wp-content\/uploads\/2026\/04\/inovador0.jpg?resize=200%2C200&ssl=1",200,200,true],"cvmm-small":["https:\/\/i0.wp.com\/www.tvuai.com.br\/portal\/wp-content\/uploads\/2026\/04\/inovador0.jpg?resize=130%2C95&ssl=1",130,95,true],"full":["https:\/\/i0.wp.com\/www.tvuai.com.br\/portal\/wp-content\/uploads\/2026\/04\/inovador0.jpg?fit=200%2C200&ssl=1",200,200,false]},"categories_names":{"1642":{"name":"Ci\u00eancia e Tecnologia","link":"https:\/\/www.tvuai.com.br\/portal\/category\/tecnologia\/"},"1815":{"name":"Economia","link":"https:\/\/www.tvuai.com.br\/portal\/category\/economia\/"},"19":{"name":"Not\u00edcias","link":"https:\/\/www.tvuai.com.br\/portal\/category\/noticias\/"},"1818":{"name":"Pol\u00edtica","link":"https:\/\/www.tvuai.com.br\/portal\/category\/politica\/"},"6235":{"name":"Sociais","link":"https:\/\/www.tvuai.com.br\/portal\/category\/sociais\/"},"5":{"name":"\u00daltimas Not\u00edcias","link":"https:\/\/www.tvuai.com.br\/portal\/category\/noticias\/ultimas\/"}},"tags_names":{"2331":{"name":"AMM","link":"https:\/\/www.tvuai.com.br\/portal\/tag\/amm\/"},"1998":{"name":"Cel Dimas","link":"https:\/\/www.tvuai.com.br\/portal\/tag\/cel-dimas\/"},"8743":{"name":"cidades digitais","link":"https:\/\/www.tvuai.com.br\/portal\/tag\/cidades-digitais\/"},"2794":{"name":"Coronel Dimas","link":"https:\/\/www.tvuai.com.br\/portal\/tag\/coronel-dimas\/"},"1727":{"name":"Extrema\/MG","link":"https:\/\/www.tvuai.com.br\/portal\/tag\/extrema-mg\/"},"7038":{"name":"Gest\u00e3o P\u00fablica","link":"https:\/\/www.tvuai.com.br\/portal\/tag\/gestao-publica\/"},"5308":{"name":"inova\u00e7\u00e3o","link":"https:\/\/www.tvuai.com.br\/portal\/tag\/inovacao\/"},"8746":{"name":"inova\u00e7\u00e3o p\u00fablica","link":"https:\/\/www.tvuai.com.br\/portal\/tag\/inovacao-publica\/"},"184":{"name":"Minas Gerais","link":"https:\/\/www.tvuai.com.br\/portal\/tag\/minas-gerais\/"},"37":{"name":"Pouso Alegre","link":"https:\/\/www.tvuai.com.br\/portal\/tag\/pouso-alegre\/"},"324":{"name":"prefeito de Pouso Alegre","link":"https:\/\/www.tvuai.com.br\/portal\/tag\/prefeito-de-pouso-alegre\/"},"8747":{"name":"prefeitos inovadores","link":"https:\/\/www.tvuai.com.br\/portal\/tag\/prefeitos-inovadores\/"},"769":{"name":"Prefeitura de Pouso Alegre","link":"https:\/\/www.tvuai.com.br\/portal\/tag\/prefeitura-de-pouso-alegre\/"},"6524":{"name":"reconhecimento facial","link":"https:\/\/www.tvuai.com.br\/portal\/tag\/reconhecimento-facial\/"},"8745":{"name":"Rede Cidade Digital","link":"https:\/\/www.tvuai.com.br\/portal\/tag\/rede-cidade-digital\/"},"4328":{"name":"Seguran\u00e7a P\u00fablica","link":"https:\/\/www.tvuai.com.br\/portal\/tag\/seguranca-publica\/"},"39":{"name":"Sul de Minas","link":"https:\/\/www.tvuai.com.br\/portal\/tag\/sul-de-minas\/"},"89":{"name":"tecnologia","link":"https:\/\/www.tvuai.com.br\/portal\/tag\/tecnologia\/"},"8748":{"name":"tecnologia na gest\u00e3o p\u00fablica","link":"https:\/\/www.tvuai.com.br\/portal\/tag\/tecnologia-na-gestao-publica\/"},"6357":{"name":"transforma\u00e7\u00e3o digital","link":"https:\/\/www.tvuai.com.br\/portal\/tag\/transformacao-digital\/"},"27":{"name":"TV Uai","link":"https:\/\/www.tvuai.com.br\/portal\/tag\/tv-uai\/"},"8053":{"name":"TV UAI 26 anos ainda estamos aqui ainda independentes","link":"https:\/\/www.tvuai.com.br\/portal\/tag\/tv-uai-26-anos-ainda-estamos-aqui-ainda-independentes\/"},"1618":{"name":"TV UAI Pouso Alegre","link":"https:\/\/www.tvuai.com.br\/portal\/tag\/tv-uai-pouso-alegre\/"},"8744":{"name":"videomonitoramento","link":"https:\/\/www.tvuai.com.br\/portal\/tag\/videomonitoramento\/"}},"comments_number":"0","jetpack_shortlink":"https:\/\/wp.me\/p9woix-4h3","jetpack_sharing_enabled":true,"_links":{"self":[{"href":"https:\/\/www.tvuai.com.br\/portal\/wp-json\/wp\/v2\/posts\/16433"}],"collection":[{"href":"https:\/\/www.tvuai.com.br\/portal\/wp-json\/wp\/v2\/posts"}],"about":[{"href":"https:\/\/www.tvuai.com.br\/portal\/wp-json\/wp\/v2\/types\/post"}],"author":[{"embeddable":true,"href":"https:\/\/www.tvuai.com.br\/portal\/wp-json\/wp\/v2\/users\/1"}],"replies":[{"embeddable":true,"href":"https:\/\/www.tvuai.com.br\/portal\/wp-json\/wp\/v2\/comments?post=16433"}],"version-history":[{"count":5,"href":"https:\/\/www.tvuai.com.br\/portal\/wp-json\/wp\/v2\/posts\/16433\/revisions"}],"predecessor-version":[{"id":16442,"href":"https:\/\/www.tvuai.com.br\/portal\/wp-json\/wp\/v2\/posts\/16433\/revisions\/16442"}],"wp:featuredmedia":[{"embeddable":true,"href":"https:\/\/www.tvuai.com.br\/portal\/wp-json\/wp\/v2\/media\/16438"}],"wp:attachment":[{"href":"https:\/\/www.tvuai.com.br\/portal\/wp-json\/wp\/v2\/media?parent=16433"}],"wp:term":[{"taxonomy":"category","embeddable":true,"href":"https:\/\/www.tvuai.com.br\/portal\/wp-json\/wp\/v2\/categories?post=16433"},{"taxonomy":"post_tag","embeddable":true,"href":"https:\/\/www.tvuai.com.br\/portal\/wp-json\/wp\/v2\/tags?post=16433"}],"curies":[{"name":"wp","href":"https:\/\/api.w.org\/{rel}","templated":true}]}}