{"id":16420,"date":"2026-04-24T18:31:31","date_gmt":"2026-04-24T21:31:31","guid":{"rendered":"https:\/\/www.tvuai.com.br\/portal\/?p=16420"},"modified":"2026-04-27T20:32:28","modified_gmt":"2026-04-27T23:32:28","slug":"justica-condena-medico-empresa-e-ex-diretora-de-saude-por-fraude-em-atendimentos-em-carmo-do-rio-claro","status":"publish","type":"post","link":"https:\/\/www.tvuai.com.br\/portal\/justica-condena-medico-empresa-e-ex-diretora-de-saude-por-fraude-em-atendimentos-em-carmo-do-rio-claro\/","title":{"rendered":"Justi\u00e7a condena m\u00e9dico, empresa e ex-diretora de Sa\u00fade por fraude em atendimentos em Carmo do Rio Claro"},"content":{"rendered":"<div class=\"5a1038e0903b96d426fcfcc338703013\" data-index=\"1\" style=\"float: right; margin:10px 0 10px 10px;\">\n<script async src=\"https:\/\/pagead2.googlesyndication.com\/pagead\/js\/adsbygoogle.js?client=ca-pub-9945944833605257\"\r\n     crossorigin=\"anonymous\"><\/script>\r\n<ins class=\"adsbygoogle\"\r\n     style=\"display:block; text-align:center;\"\r\n     data-ad-layout=\"in-article\"\r\n     data-ad-format=\"fluid\"\r\n     data-ad-client=\"ca-pub-9945944833605257\"\r\n     data-ad-slot=\"2343923581\"><\/ins>\r\n<script>\r\n     (adsbygoogle = window.adsbygoogle || []).push({});\r\n<\/script>\n<\/div>\n<section class=\"text-token-text-primary w-full focus:outline-none [--shadow-height:45px] has-data-writing-block:pointer-events-none has-data-writing-block:-mt-(--shadow-height) has-data-writing-block:pt-(--shadow-height) [&amp;:has([data-writing-block])&gt;*]:pointer-events-auto [content-visibility:auto] supports-[content-visibility:auto]:[contain-intrinsic-size:auto_100lvh] R6Vx5W_threadScrollVars scroll-mb-[calc(var(--scroll-root-safe-area-inset-bottom,0px)+var(--thread-response-height))] scroll-mt-[calc(var(--header-height)+min(200px,max(70px,20svh)))]\" dir=\"auto\" data-turn-id=\"request-WEB:2b5740f7-36b6-4726-8804-df7715c50b35-16\" data-testid=\"conversation-turn-34\" data-scroll-anchor=\"false\" data-turn=\"assistant\">\n<div class=\"text-base my-auto mx-auto pb-10 [--thread-content-margin:var(--thread-content-margin-xs,calc(var(--spacing)*4))] @w-sm\/main:[--thread-content-margin:var(--thread-content-margin-sm,calc(var(--spacing)*6))] @w-lg\/main:[--thread-content-margin:var(--thread-content-margin-lg,calc(var(--spacing)*16))] px-(--thread-content-margin)\">\n<div class=\"[--thread-content-max-width:40rem] @w-lg\/main:[--thread-content-max-width:48rem] mx-auto max-w-(--thread-content-max-width) flex-1 group\/turn-messages focus-visible:outline-hidden relative flex w-full min-w-0 flex-col agent-turn\">\n<div class=\"flex max-w-full flex-col gap-4 grow\">\n<div class=\"min-h-8 text-message relative flex w-full flex-col items-end gap-2 text-start break-words whitespace-normal outline-none keyboard-focused:focus-ring [.text-message+&amp;]:mt-1\" dir=\"auto\" tabindex=\"0\" data-message-author-role=\"assistant\" data-message-id=\"4e40165f-d74d-4685-bda4-aad2c7fc9fe7\" data-message-model-slug=\"gpt-5-3\" data-turn-start-message=\"true\">\n<div class=\"flex w-full flex-col gap-1 empty:hidden\">\n<div class=\"markdown prose dark:prose-invert w-full wrap-break-word light markdown-new-styling\">\n<h5 style=\"text-align: center;\" data-start=\"108\" data-end=\"253\"><em><strong> Justi\u00e7a condena m\u00e9dico, empresa e ex-diretora de Sa\u00fade por fraudes em atendimentos e preju\u00edzo ao SUS em Carmo do Rio Claro<\/strong><\/em><\/h5>\n<p data-start=\"255\" data-end=\"587\"><img data-recalc-dims=\"1\" fetchpriority=\"high\" decoding=\"async\" data-attachment-id=\"16443\" data-permalink=\"https:\/\/www.tvuai.com.br\/portal\/justica-condena-medico-empresa-e-ex-diretora-de-saude-por-fraude-em-atendimentos-em-carmo-do-rio-claro\/condena-saude\/\" data-orig-file=\"https:\/\/i0.wp.com\/www.tvuai.com.br\/portal\/wp-content\/uploads\/2026\/04\/condena-saude.jpg?fit=814%2C320&amp;ssl=1\" data-orig-size=\"814,320\" data-comments-opened=\"0\" data-image-meta=\"{&quot;aperture&quot;:&quot;0&quot;,&quot;credit&quot;:&quot;&quot;,&quot;camera&quot;:&quot;&quot;,&quot;caption&quot;:&quot;&quot;,&quot;created_timestamp&quot;:&quot;1777063119&quot;,&quot;copyright&quot;:&quot;&quot;,&quot;focal_length&quot;:&quot;0&quot;,&quot;iso&quot;:&quot;0&quot;,&quot;shutter_speed&quot;:&quot;0&quot;,&quot;title&quot;:&quot;&quot;,&quot;orientation&quot;:&quot;0&quot;}\" data-image-title=\"condena sa\u00fade\" data-image-description=\"\" data-image-caption=\"\" data-medium-file=\"https:\/\/i0.wp.com\/www.tvuai.com.br\/portal\/wp-content\/uploads\/2026\/04\/condena-saude.jpg?fit=300%2C118&amp;ssl=1\" data-large-file=\"https:\/\/i0.wp.com\/www.tvuai.com.br\/portal\/wp-content\/uploads\/2026\/04\/condena-saude.jpg?fit=640%2C252&amp;ssl=1\" tabindex=\"0\" role=\"button\" class=\"aligncenter size-full wp-image-16443\" src=\"https:\/\/i0.wp.com\/www.tvuai.com.br\/portal\/wp-content\/uploads\/2026\/04\/condena-saude.jpg?resize=640%2C252&#038;ssl=1\" alt=\"\" width=\"640\" height=\"252\" srcset=\"https:\/\/i0.wp.com\/www.tvuai.com.br\/portal\/wp-content\/uploads\/2026\/04\/condena-saude.jpg?w=814&amp;ssl=1 814w, https:\/\/i0.wp.com\/www.tvuai.com.br\/portal\/wp-content\/uploads\/2026\/04\/condena-saude.jpg?resize=300%2C118&amp;ssl=1 300w, https:\/\/i0.wp.com\/www.tvuai.com.br\/portal\/wp-content\/uploads\/2026\/04\/condena-saude.jpg?resize=768%2C302&amp;ssl=1 768w\" sizes=\"(max-width: 640px) 100vw, 640px\" \/>A Justi\u00e7a acatou integralmente pedido do <span class=\"hover:entity-accent entity-underline inline cursor-pointer align-baseline\"><span class=\"whitespace-normal\">Minist\u00e9rio P\u00fablico de Minas Gerais<\/span><\/span> e condenou um m\u00e9dico, a empresa da qual ele \u00e9 s\u00f3cio e a ex-diretora do Departamento Municipal de Sa\u00fade de <span class=\"hover:entity-accent entity-underline inline cursor-pointer align-baseline\"><span class=\"whitespace-normal\">Carmo do Rio Claro<\/span><\/span> por atos de improbidade administrativa relacionados a fraudes na presta\u00e7\u00e3o de servi\u00e7os de sa\u00fade no munic\u00edpio.<\/p>\n<p data-start=\"589\" data-end=\"866\">A decis\u00e3o foi proferida pela Vara \u00danica da Comarca de Carmo do Rio Claro e reconheceu que o profissional, por meio da empresa, simulou centenas de atendimentos m\u00e9dicos com o objetivo de obter pagamentos indevidos do poder p\u00fablico, causando preju\u00edzo ao Fundo Municipal de Sa\u00fade.<\/p>\n<p style=\"text-align: center;\" data-start=\"589\" data-end=\"866\"><strong>Esquema envolvia consultas inexistentes<\/strong><\/p>\n<p data-start=\"913\" data-end=\"1253\">De acordo com a A\u00e7\u00e3o Civil P\u00fablica apresentada pela Promotoria de Justi\u00e7a, o m\u00e9dico mantinha tr\u00eas v\u00ednculos simult\u00e2neos com o munic\u00edpio: um contrato administrativo com carga hor\u00e1ria fixa, credenciamento por produtividade \u2014 com remunera\u00e7\u00e3o por consulta realizada \u2014 e um cargo comissionado respons\u00e1vel pelo controle da pr\u00f3pria produ\u00e7\u00e3o m\u00e9dica.<\/p>\n<p data-start=\"1255\" data-end=\"1541\">Durante as investiga\u00e7\u00f5es, foi constatado que 599 consultas m\u00e9dicas foram registradas indevidamente, incluindo casos de pacientes que n\u00e3o passaram por atendimento, cobran\u00e7as por simples entrega de receitas e duplicidade de pagamentos por servi\u00e7os j\u00e1 realizados dentro da jornada regular.<\/p>\n<p style=\"text-align: center;\" data-start=\"1255\" data-end=\"1541\"><strong>Ex-diretora facilitou irregularidades<\/strong><\/p>\n<p data-start=\"1586\" data-end=\"1835\">A ex-diretora municipal de Sa\u00fade tamb\u00e9m foi condenada por ter contribu\u00eddo para a continuidade das irregularidades. Segundo a decis\u00e3o, ela teria suprimido mecanismos de fiscaliza\u00e7\u00e3o interna mesmo ap\u00f3s ser alertada sobre inconsist\u00eancias nos registros.<\/p>\n<p data-start=\"1837\" data-end=\"2119\">O entendimento da Justi\u00e7a foi de que houve atua\u00e7\u00e3o consciente para viabilizar o esquema, ao retirar de servidoras da unidade de sa\u00fade a responsabilidade de conferir os relat\u00f3rios, permitindo que os pagamentos fossem feitos com base apenas nos dados apresentados pelo pr\u00f3prio m\u00e9dico.<\/p>\n<p style=\"text-align: center;\" data-start=\"1837\" data-end=\"2119\"><strong>Preju\u00edzo aos cofres p\u00fablicos<\/strong><\/p>\n<p data-start=\"2155\" data-end=\"2327\">O valor inicial do dano foi estimado em R$ 16.772,00, mas, ap\u00f3s atualiza\u00e7\u00e3o monet\u00e1ria, chegou a R$ 36.017,87. Os condenados dever\u00e3o ressarcir o montante de forma solid\u00e1ria.<\/p>\n<p data-start=\"2329\" data-end=\"2363\">Al\u00e9m disso, a senten\u00e7a determinou:<\/p>\n<ul data-start=\"2364\" data-end=\"2484\">\n<li data-section-id=\"bpcakb\" data-start=\"2364\" data-end=\"2392\">pagamento de multa civil<\/li>\n<li data-section-id=\"143e3rl\" data-start=\"2393\" data-end=\"2484\">proibi\u00e7\u00e3o de contratar com o poder p\u00fablico ou receber benef\u00edcios fiscais por cinco anos<\/li>\n<\/ul>\n<p data-start=\"2486\" data-end=\"2545\">No caso do m\u00e9dico e da ex-diretora, tamb\u00e9m foram aplicadas:<\/p>\n<ul data-start=\"2546\" data-end=\"2647\">\n<li data-section-id=\"1s5cxht\" data-start=\"2546\" data-end=\"2595\">perda da fun\u00e7\u00e3o p\u00fablica relacionada aos fatos<\/li>\n<li data-section-id=\"vsbo0g\" data-start=\"2596\" data-end=\"2647\">suspens\u00e3o dos direitos pol\u00edticos por cinco anos<\/li>\n<\/ul>\n<p data-start=\"2667\" data-end=\"2746\">A decis\u00e3o ainda n\u00e3o \u00e9 definitiva, cabe recurso e pode ser contestada pelas partes envolvidas.<\/p>\n<\/div>\n<\/div>\n<\/div>\n<\/div>\n<\/div>\n<\/div>\n<\/section>\n\n<div style=\"font-size: 0px; height: 0px; line-height: 0px; margin: 0; padding: 0; clear: both;\"><\/div><div class='share-to-whatsapp-wrapper'><div class='share-on-whsp'>Share on: <\/div><a data-text='Justi\u00e7a condena m\u00e9dico, empresa e ex-diretora de Sa\u00fade por fraude em atendimentos em Carmo do Rio Claro' data-link='https:\/\/www.tvuai.com.br\/portal\/justica-condena-medico-empresa-e-ex-diretora-de-saude-por-fraude-em-atendimentos-em-carmo-do-rio-claro\/' class='whatsapp-button whatsapp-share'>WhatsApp<\/a><div class='clear '><\/div><\/div><!-- AddThis Advanced Settings generic via filter on the_content --><!-- AddThis Share Buttons generic via filter on the_content -->","protected":false},"excerpt":{"rendered":"<p>Justi\u00e7a condena m\u00e9dico, empresa e ex-diretora de Sa\u00fade por fraudes em atendimentos e preju\u00edzo ao SUS em Carmo do Rio Claro A Justi\u00e7a acatou integralmente pedido do Minist\u00e9rio P\u00fablico de Minas Gerais e condenou um m\u00e9dico, a empresa da qual ele \u00e9 s\u00f3cio e a ex-diretora do Departamento Municipal de Sa\u00fade de Carmo do Rio [&hellip;]<!-- AddThis Advanced Settings generic via filter on get_the_excerpt --><!-- AddThis Share Buttons generic via filter on get_the_excerpt --><\/p>\n","protected":false},"author":1,"featured_media":16444,"comment_status":"closed","ping_status":"closed","sticky":false,"template":"","format":"standard","meta":{"jetpack_post_was_ever_published":false,"_jetpack_newsletter_access":"","_jetpack_dont_email_post_to_subs":false,"_jetpack_newsletter_tier_id":0,"_jetpack_memberships_contains_paywalled_content":false,"_jetpack_memberships_contains_paid_content":false,"_joinchat":[],"footnotes":"","jetpack_publicize_message":"","jetpack_publicize_feature_enabled":true,"jetpack_social_post_already_shared":true,"jetpack_social_options":{"image_generator_settings":{"template":"highway","enabled":false},"version":2}},"categories":[1843,19,5],"tags":[8733,6281,8734,7038,366,8617,184,1014,37,8735,5894,39,27,8053,1618],"class_list":["post-16420","post","type-post","status-publish","format-standard","has-post-thumbnail","hentry","category-direito","category-noticias","category-ultimas","tag-carmo-do-rio-claro","tag-corrupcao","tag-fraude-na-saude","tag-gestao-publica","tag-improbidade-administrativa","tag-justica-de-minas-gerais","tag-minas-gerais","tag-ministerio-publico-de-minas-gerais","tag-pouso-alegre","tag-recursos-publicos","tag-saude-publica","tag-sul-de-minas","tag-tv-uai","tag-tv-uai-26-anos-ainda-estamos-aqui-ainda-independentes","tag-tv-uai-pouso-alegre"],"jetpack_publicize_connections":[],"yoast_head":"<!-- This site is optimized with the Yoast SEO plugin v23.5 - https:\/\/yoast.com\/wordpress\/plugins\/seo\/ -->\n<title>Justi\u00e7a condena m\u00e9dico, empresa e ex-diretora de Sa\u00fade por fraude em atendimentos em Carmo do Rio Claro - TVUAI<\/title>\n<meta name=\"robots\" content=\"index, follow, max-snippet:-1, max-image-preview:large, max-video-preview:-1\" \/>\n<link rel=\"canonical\" href=\"https:\/\/www.tvuai.com.br\/portal\/justica-condena-medico-empresa-e-ex-diretora-de-saude-por-fraude-em-atendimentos-em-carmo-do-rio-claro\/\" \/>\n<meta property=\"og:locale\" content=\"pt_BR\" \/>\n<meta property=\"og:type\" content=\"article\" \/>\n<meta property=\"og:title\" content=\"Justi\u00e7a condena m\u00e9dico, empresa e ex-diretora de Sa\u00fade por fraude em atendimentos em Carmo do Rio Claro - TVUAI\" \/>\n<meta property=\"og:description\" content=\"Justi\u00e7a condena m\u00e9dico, empresa e ex-diretora de Sa\u00fade por fraudes em atendimentos e preju\u00edzo ao SUS em Carmo do Rio Claro A Justi\u00e7a acatou integralmente pedido do Minist\u00e9rio P\u00fablico de Minas Gerais e condenou um m\u00e9dico, a empresa da qual ele \u00e9 s\u00f3cio e a ex-diretora do Departamento Municipal de Sa\u00fade de Carmo do Rio [&hellip;]\" \/>\n<meta property=\"og:url\" content=\"https:\/\/www.tvuai.com.br\/portal\/justica-condena-medico-empresa-e-ex-diretora-de-saude-por-fraude-em-atendimentos-em-carmo-do-rio-claro\/\" \/>\n<meta property=\"og:site_name\" content=\"TVUAI\" \/>\n<meta property=\"article:publisher\" content=\"http:\/\/www.facebook.com\/pages\/TV-Uai-Comunica%c3%a7%c3%a3o\/139062546157369\" \/>\n<meta property=\"article:published_time\" content=\"2026-04-24T21:31:31+00:00\" \/>\n<meta property=\"article:modified_time\" content=\"2026-04-27T23:32:28+00:00\" \/>\n<meta property=\"og:image\" content=\"https:\/\/www.tvuai.com.br\/portal\/wp-content\/uploads\/2026\/04\/condena-saude0.jpg\" \/>\n\t<meta property=\"og:image:width\" content=\"200\" \/>\n\t<meta property=\"og:image:height\" content=\"200\" \/>\n\t<meta property=\"og:image:type\" content=\"image\/jpeg\" \/>\n<meta name=\"author\" content=\"tvuai\" \/>\n<meta name=\"twitter:card\" content=\"summary_large_image\" \/>\n<meta name=\"twitter:creator\" content=\"@tvuai\" \/>\n<meta name=\"twitter:site\" content=\"@tvuai\" \/>\n<meta name=\"twitter:label1\" content=\"Escrito por\" \/>\n\t<meta name=\"twitter:data1\" content=\"tvuai\" \/>\n\t<meta name=\"twitter:label2\" content=\"Est. tempo de leitura\" \/>\n\t<meta name=\"twitter:data2\" content=\"3 minutos\" \/>\n<script type=\"application\/ld+json\" class=\"yoast-schema-graph\">{\"@context\":\"https:\/\/schema.org\",\"@graph\":[{\"@type\":\"Article\",\"@id\":\"https:\/\/www.tvuai.com.br\/portal\/justica-condena-medico-empresa-e-ex-diretora-de-saude-por-fraude-em-atendimentos-em-carmo-do-rio-claro\/#article\",\"isPartOf\":{\"@id\":\"https:\/\/www.tvuai.com.br\/portal\/justica-condena-medico-empresa-e-ex-diretora-de-saude-por-fraude-em-atendimentos-em-carmo-do-rio-claro\/\"},\"author\":{\"name\":\"tvuai\",\"@id\":\"https:\/\/www.tvuai.com.br\/portal\/#\/schema\/person\/245e50e9127451fd0b7fd76f519ebbfe\"},\"headline\":\"Justi\u00e7a condena m\u00e9dico, empresa e ex-diretora de Sa\u00fade por fraude em atendimentos em Carmo do Rio Claro\",\"datePublished\":\"2026-04-24T21:31:31+00:00\",\"dateModified\":\"2026-04-27T23:32:28+00:00\",\"mainEntityOfPage\":{\"@id\":\"https:\/\/www.tvuai.com.br\/portal\/justica-condena-medico-empresa-e-ex-diretora-de-saude-por-fraude-em-atendimentos-em-carmo-do-rio-claro\/\"},\"wordCount\":466,\"publisher\":{\"@id\":\"https:\/\/www.tvuai.com.br\/portal\/#organization\"},\"image\":{\"@id\":\"https:\/\/www.tvuai.com.br\/portal\/justica-condena-medico-empresa-e-ex-diretora-de-saude-por-fraude-em-atendimentos-em-carmo-do-rio-claro\/#primaryimage\"},\"thumbnailUrl\":\"https:\/\/i0.wp.com\/www.tvuai.com.br\/portal\/wp-content\/uploads\/2026\/04\/condena-saude0.jpg?fit=200%2C200&ssl=1\",\"keywords\":[\"carmo do rio claro\",\"Corrup\u00e7\u00e3o\",\"fraude na sa\u00fade\",\"Gest\u00e3o P\u00fablica\",\"improbidade administrativa\",\"Justi\u00e7a de Minas Gerais\",\"Minas Gerais\",\"Minist\u00e9rio P\u00fablico de Minas Gerais\",\"Pouso Alegre\",\"recursos p\u00fablicos\",\"sa\u00fade p\u00fablica\",\"Sul de Minas\",\"TV Uai\",\"TV UAI 26 anos ainda estamos aqui ainda independentes\",\"TV UAI Pouso Alegre\"],\"articleSection\":[\"Direito\",\"Not\u00edcias\",\"\u00daltimas Not\u00edcias\"],\"inLanguage\":\"pt-BR\"},{\"@type\":\"WebPage\",\"@id\":\"https:\/\/www.tvuai.com.br\/portal\/justica-condena-medico-empresa-e-ex-diretora-de-saude-por-fraude-em-atendimentos-em-carmo-do-rio-claro\/\",\"url\":\"https:\/\/www.tvuai.com.br\/portal\/justica-condena-medico-empresa-e-ex-diretora-de-saude-por-fraude-em-atendimentos-em-carmo-do-rio-claro\/\",\"name\":\"Justi\u00e7a condena m\u00e9dico, empresa e ex-diretora de Sa\u00fade por fraude em atendimentos em Carmo do Rio Claro - TVUAI\",\"isPartOf\":{\"@id\":\"https:\/\/www.tvuai.com.br\/portal\/#website\"},\"primaryImageOfPage\":{\"@id\":\"https:\/\/www.tvuai.com.br\/portal\/justica-condena-medico-empresa-e-ex-diretora-de-saude-por-fraude-em-atendimentos-em-carmo-do-rio-claro\/#primaryimage\"},\"image\":{\"@id\":\"https:\/\/www.tvuai.com.br\/portal\/justica-condena-medico-empresa-e-ex-diretora-de-saude-por-fraude-em-atendimentos-em-carmo-do-rio-claro\/#primaryimage\"},\"thumbnailUrl\":\"https:\/\/i0.wp.com\/www.tvuai.com.br\/portal\/wp-content\/uploads\/2026\/04\/condena-saude0.jpg?fit=200%2C200&ssl=1\",\"datePublished\":\"2026-04-24T21:31:31+00:00\",\"dateModified\":\"2026-04-27T23:32:28+00:00\",\"breadcrumb\":{\"@id\":\"https:\/\/www.tvuai.com.br\/portal\/justica-condena-medico-empresa-e-ex-diretora-de-saude-por-fraude-em-atendimentos-em-carmo-do-rio-claro\/#breadcrumb\"},\"inLanguage\":\"pt-BR\",\"potentialAction\":[{\"@type\":\"ReadAction\",\"target\":[\"https:\/\/www.tvuai.com.br\/portal\/justica-condena-medico-empresa-e-ex-diretora-de-saude-por-fraude-em-atendimentos-em-carmo-do-rio-claro\/\"]}]},{\"@type\":\"ImageObject\",\"inLanguage\":\"pt-BR\",\"@id\":\"https:\/\/www.tvuai.com.br\/portal\/justica-condena-medico-empresa-e-ex-diretora-de-saude-por-fraude-em-atendimentos-em-carmo-do-rio-claro\/#primaryimage\",\"url\":\"https:\/\/i0.wp.com\/www.tvuai.com.br\/portal\/wp-content\/uploads\/2026\/04\/condena-saude0.jpg?fit=200%2C200&ssl=1\",\"contentUrl\":\"https:\/\/i0.wp.com\/www.tvuai.com.br\/portal\/wp-content\/uploads\/2026\/04\/condena-saude0.jpg?fit=200%2C200&ssl=1\",\"width\":200,\"height\":200},{\"@type\":\"BreadcrumbList\",\"@id\":\"https:\/\/www.tvuai.com.br\/portal\/justica-condena-medico-empresa-e-ex-diretora-de-saude-por-fraude-em-atendimentos-em-carmo-do-rio-claro\/#breadcrumb\",\"itemListElement\":[{\"@type\":\"ListItem\",\"position\":1,\"name\":\"In\u00edcio\",\"item\":\"https:\/\/www.tvuai.com.br\/portal\/\"},{\"@type\":\"ListItem\",\"position\":2,\"name\":\"Justi\u00e7a condena m\u00e9dico, empresa e ex-diretora de Sa\u00fade por fraude em atendimentos em Carmo do Rio Claro\"}]},{\"@type\":\"WebSite\",\"@id\":\"https:\/\/www.tvuai.com.br\/portal\/#website\",\"url\":\"https:\/\/www.tvuai.com.br\/portal\/\",\"name\":\"TVUAI\",\"description\":\"Tudo sobre o Sul de Minas\",\"publisher\":{\"@id\":\"https:\/\/www.tvuai.com.br\/portal\/#organization\"},\"potentialAction\":[{\"@type\":\"SearchAction\",\"target\":{\"@type\":\"EntryPoint\",\"urlTemplate\":\"https:\/\/www.tvuai.com.br\/portal\/?s={search_term_string}\"},\"query-input\":{\"@type\":\"PropertyValueSpecification\",\"valueRequired\":true,\"valueName\":\"search_term_string\"}}],\"inLanguage\":\"pt-BR\"},{\"@type\":\"Organization\",\"@id\":\"https:\/\/www.tvuai.com.br\/portal\/#organization\",\"name\":\"TVUAI\",\"url\":\"https:\/\/www.tvuai.com.br\/portal\/\",\"logo\":{\"@type\":\"ImageObject\",\"inLanguage\":\"pt-BR\",\"@id\":\"https:\/\/www.tvuai.com.br\/portal\/#\/schema\/logo\/image\/\",\"url\":\"https:\/\/i0.wp.com\/www.tvuai.com.br\/portal\/wp-content\/uploads\/2017\/12\/logo_tvuai_100H.png?fit=207%2C100&ssl=1\",\"contentUrl\":\"https:\/\/i0.wp.com\/www.tvuai.com.br\/portal\/wp-content\/uploads\/2017\/12\/logo_tvuai_100H.png?fit=207%2C100&ssl=1\",\"width\":207,\"height\":100,\"caption\":\"TVUAI\"},\"image\":{\"@id\":\"https:\/\/www.tvuai.com.br\/portal\/#\/schema\/logo\/image\/\"},\"sameAs\":[\"http:\/\/www.facebook.com\/pages\/TV-Uai-Comunica\u00e7\u00e3o\/139062546157369\",\"https:\/\/x.com\/tvuai\",\"https:\/\/www.instagram.com\/tvuai_network\/\",\"https:\/\/www.youtube.com\/channel\/UCB7ZPB3wRv-OpoZ_09jmnkQ\"]},{\"@type\":\"Person\",\"@id\":\"https:\/\/www.tvuai.com.br\/portal\/#\/schema\/person\/245e50e9127451fd0b7fd76f519ebbfe\",\"name\":\"tvuai\",\"url\":\"https:\/\/www.tvuai.com.br\/portal\/author\/tvuai\/\"}]}<\/script>\n<!-- \/ Yoast SEO plugin. -->","yoast_head_json":{"title":"Justi\u00e7a condena m\u00e9dico, empresa e ex-diretora de Sa\u00fade por fraude em atendimentos em Carmo do Rio Claro - TVUAI","robots":{"index":"index","follow":"follow","max-snippet":"max-snippet:-1","max-image-preview":"max-image-preview:large","max-video-preview":"max-video-preview:-1"},"canonical":"https:\/\/www.tvuai.com.br\/portal\/justica-condena-medico-empresa-e-ex-diretora-de-saude-por-fraude-em-atendimentos-em-carmo-do-rio-claro\/","og_locale":"pt_BR","og_type":"article","og_title":"Justi\u00e7a condena m\u00e9dico, empresa e ex-diretora de Sa\u00fade por fraude em atendimentos em Carmo do Rio Claro - TVUAI","og_description":"Justi\u00e7a condena m\u00e9dico, empresa e ex-diretora de Sa\u00fade por fraudes em atendimentos e preju\u00edzo ao SUS em Carmo do Rio Claro A Justi\u00e7a acatou integralmente pedido do Minist\u00e9rio P\u00fablico de Minas Gerais e condenou um m\u00e9dico, a empresa da qual ele \u00e9 s\u00f3cio e a ex-diretora do Departamento Municipal de Sa\u00fade de Carmo do Rio [&hellip;]","og_url":"https:\/\/www.tvuai.com.br\/portal\/justica-condena-medico-empresa-e-ex-diretora-de-saude-por-fraude-em-atendimentos-em-carmo-do-rio-claro\/","og_site_name":"TVUAI","article_publisher":"http:\/\/www.facebook.com\/pages\/TV-Uai-Comunica%c3%a7%c3%a3o\/139062546157369","article_published_time":"2026-04-24T21:31:31+00:00","article_modified_time":"2026-04-27T23:32:28+00:00","og_image":[{"width":200,"height":200,"url":"https:\/\/www.tvuai.com.br\/portal\/wp-content\/uploads\/2026\/04\/condena-saude0.jpg","type":"image\/jpeg"}],"author":"tvuai","twitter_card":"summary_large_image","twitter_creator":"@tvuai","twitter_site":"@tvuai","twitter_misc":{"Escrito por":"tvuai","Est. tempo de leitura":"3 minutos"},"schema":{"@context":"https:\/\/schema.org","@graph":[{"@type":"Article","@id":"https:\/\/www.tvuai.com.br\/portal\/justica-condena-medico-empresa-e-ex-diretora-de-saude-por-fraude-em-atendimentos-em-carmo-do-rio-claro\/#article","isPartOf":{"@id":"https:\/\/www.tvuai.com.br\/portal\/justica-condena-medico-empresa-e-ex-diretora-de-saude-por-fraude-em-atendimentos-em-carmo-do-rio-claro\/"},"author":{"name":"tvuai","@id":"https:\/\/www.tvuai.com.br\/portal\/#\/schema\/person\/245e50e9127451fd0b7fd76f519ebbfe"},"headline":"Justi\u00e7a condena m\u00e9dico, empresa e ex-diretora de Sa\u00fade por fraude em atendimentos em Carmo do Rio Claro","datePublished":"2026-04-24T21:31:31+00:00","dateModified":"2026-04-27T23:32:28+00:00","mainEntityOfPage":{"@id":"https:\/\/www.tvuai.com.br\/portal\/justica-condena-medico-empresa-e-ex-diretora-de-saude-por-fraude-em-atendimentos-em-carmo-do-rio-claro\/"},"wordCount":466,"publisher":{"@id":"https:\/\/www.tvuai.com.br\/portal\/#organization"},"image":{"@id":"https:\/\/www.tvuai.com.br\/portal\/justica-condena-medico-empresa-e-ex-diretora-de-saude-por-fraude-em-atendimentos-em-carmo-do-rio-claro\/#primaryimage"},"thumbnailUrl":"https:\/\/i0.wp.com\/www.tvuai.com.br\/portal\/wp-content\/uploads\/2026\/04\/condena-saude0.jpg?fit=200%2C200&ssl=1","keywords":["carmo do rio claro","Corrup\u00e7\u00e3o","fraude na sa\u00fade","Gest\u00e3o P\u00fablica","improbidade administrativa","Justi\u00e7a de Minas Gerais","Minas Gerais","Minist\u00e9rio P\u00fablico de Minas Gerais","Pouso Alegre","recursos p\u00fablicos","sa\u00fade p\u00fablica","Sul de Minas","TV Uai","TV UAI 26 anos ainda estamos aqui ainda independentes","TV UAI Pouso Alegre"],"articleSection":["Direito","Not\u00edcias","\u00daltimas Not\u00edcias"],"inLanguage":"pt-BR"},{"@type":"WebPage","@id":"https:\/\/www.tvuai.com.br\/portal\/justica-condena-medico-empresa-e-ex-diretora-de-saude-por-fraude-em-atendimentos-em-carmo-do-rio-claro\/","url":"https:\/\/www.tvuai.com.br\/portal\/justica-condena-medico-empresa-e-ex-diretora-de-saude-por-fraude-em-atendimentos-em-carmo-do-rio-claro\/","name":"Justi\u00e7a condena m\u00e9dico, empresa e ex-diretora de Sa\u00fade por fraude em atendimentos em Carmo do Rio Claro - TVUAI","isPartOf":{"@id":"https:\/\/www.tvuai.com.br\/portal\/#website"},"primaryImageOfPage":{"@id":"https:\/\/www.tvuai.com.br\/portal\/justica-condena-medico-empresa-e-ex-diretora-de-saude-por-fraude-em-atendimentos-em-carmo-do-rio-claro\/#primaryimage"},"image":{"@id":"https:\/\/www.tvuai.com.br\/portal\/justica-condena-medico-empresa-e-ex-diretora-de-saude-por-fraude-em-atendimentos-em-carmo-do-rio-claro\/#primaryimage"},"thumbnailUrl":"https:\/\/i0.wp.com\/www.tvuai.com.br\/portal\/wp-content\/uploads\/2026\/04\/condena-saude0.jpg?fit=200%2C200&ssl=1","datePublished":"2026-04-24T21:31:31+00:00","dateModified":"2026-04-27T23:32:28+00:00","breadcrumb":{"@id":"https:\/\/www.tvuai.com.br\/portal\/justica-condena-medico-empresa-e-ex-diretora-de-saude-por-fraude-em-atendimentos-em-carmo-do-rio-claro\/#breadcrumb"},"inLanguage":"pt-BR","potentialAction":[{"@type":"ReadAction","target":["https:\/\/www.tvuai.com.br\/portal\/justica-condena-medico-empresa-e-ex-diretora-de-saude-por-fraude-em-atendimentos-em-carmo-do-rio-claro\/"]}]},{"@type":"ImageObject","inLanguage":"pt-BR","@id":"https:\/\/www.tvuai.com.br\/portal\/justica-condena-medico-empresa-e-ex-diretora-de-saude-por-fraude-em-atendimentos-em-carmo-do-rio-claro\/#primaryimage","url":"https:\/\/i0.wp.com\/www.tvuai.com.br\/portal\/wp-content\/uploads\/2026\/04\/condena-saude0.jpg?fit=200%2C200&ssl=1","contentUrl":"https:\/\/i0.wp.com\/www.tvuai.com.br\/portal\/wp-content\/uploads\/2026\/04\/condena-saude0.jpg?fit=200%2C200&ssl=1","width":200,"height":200},{"@type":"BreadcrumbList","@id":"https:\/\/www.tvuai.com.br\/portal\/justica-condena-medico-empresa-e-ex-diretora-de-saude-por-fraude-em-atendimentos-em-carmo-do-rio-claro\/#breadcrumb","itemListElement":[{"@type":"ListItem","position":1,"name":"In\u00edcio","item":"https:\/\/www.tvuai.com.br\/portal\/"},{"@type":"ListItem","position":2,"name":"Justi\u00e7a condena m\u00e9dico, empresa e ex-diretora de Sa\u00fade por fraude em atendimentos em Carmo do Rio Claro"}]},{"@type":"WebSite","@id":"https:\/\/www.tvuai.com.br\/portal\/#website","url":"https:\/\/www.tvuai.com.br\/portal\/","name":"TVUAI","description":"Tudo sobre o Sul de Minas","publisher":{"@id":"https:\/\/www.tvuai.com.br\/portal\/#organization"},"potentialAction":[{"@type":"SearchAction","target":{"@type":"EntryPoint","urlTemplate":"https:\/\/www.tvuai.com.br\/portal\/?s={search_term_string}"},"query-input":{"@type":"PropertyValueSpecification","valueRequired":true,"valueName":"search_term_string"}}],"inLanguage":"pt-BR"},{"@type":"Organization","@id":"https:\/\/www.tvuai.com.br\/portal\/#organization","name":"TVUAI","url":"https:\/\/www.tvuai.com.br\/portal\/","logo":{"@type":"ImageObject","inLanguage":"pt-BR","@id":"https:\/\/www.tvuai.com.br\/portal\/#\/schema\/logo\/image\/","url":"https:\/\/i0.wp.com\/www.tvuai.com.br\/portal\/wp-content\/uploads\/2017\/12\/logo_tvuai_100H.png?fit=207%2C100&ssl=1","contentUrl":"https:\/\/i0.wp.com\/www.tvuai.com.br\/portal\/wp-content\/uploads\/2017\/12\/logo_tvuai_100H.png?fit=207%2C100&ssl=1","width":207,"height":100,"caption":"TVUAI"},"image":{"@id":"https:\/\/www.tvuai.com.br\/portal\/#\/schema\/logo\/image\/"},"sameAs":["http:\/\/www.facebook.com\/pages\/TV-Uai-Comunica\u00e7\u00e3o\/139062546157369","https:\/\/x.com\/tvuai","https:\/\/www.instagram.com\/tvuai_network\/","https:\/\/www.youtube.com\/channel\/UCB7ZPB3wRv-OpoZ_09jmnkQ"]},{"@type":"Person","@id":"https:\/\/www.tvuai.com.br\/portal\/#\/schema\/person\/245e50e9127451fd0b7fd76f519ebbfe","name":"tvuai","url":"https:\/\/www.tvuai.com.br\/portal\/author\/tvuai\/"}]}},"jetpack_featured_media_url":"https:\/\/i0.wp.com\/www.tvuai.com.br\/portal\/wp-content\/uploads\/2026\/04\/condena-saude0.jpg?fit=200%2C200&ssl=1","wpmagazine_modules_lite_featured_media_urls":{"thumbnail":["https:\/\/i0.wp.com\/www.tvuai.com.br\/portal\/wp-content\/uploads\/2026\/04\/condena-saude0.jpg?resize=150%2C150&ssl=1",150,150,true],"cvmm-medium":["https:\/\/i0.wp.com\/www.tvuai.com.br\/portal\/wp-content\/uploads\/2026\/04\/condena-saude0.jpg?resize=200%2C200&ssl=1",200,200,true],"cvmm-medium-plus":["https:\/\/i0.wp.com\/www.tvuai.com.br\/portal\/wp-content\/uploads\/2026\/04\/condena-saude0.jpg?resize=200%2C200&ssl=1",200,200,true],"cvmm-portrait":["https:\/\/i0.wp.com\/www.tvuai.com.br\/portal\/wp-content\/uploads\/2026\/04\/condena-saude0.jpg?resize=200%2C200&ssl=1",200,200,true],"cvmm-medium-square":["https:\/\/i0.wp.com\/www.tvuai.com.br\/portal\/wp-content\/uploads\/2026\/04\/condena-saude0.jpg?resize=200%2C200&ssl=1",200,200,true],"cvmm-large":["https:\/\/i0.wp.com\/www.tvuai.com.br\/portal\/wp-content\/uploads\/2026\/04\/condena-saude0.jpg?resize=200%2C200&ssl=1",200,200,true],"cvmm-small":["https:\/\/i0.wp.com\/www.tvuai.com.br\/portal\/wp-content\/uploads\/2026\/04\/condena-saude0.jpg?resize=130%2C95&ssl=1",130,95,true],"full":["https:\/\/i0.wp.com\/www.tvuai.com.br\/portal\/wp-content\/uploads\/2026\/04\/condena-saude0.jpg?fit=200%2C200&ssl=1",200,200,false]},"categories_names":{"1843":{"name":"Direito","link":"https:\/\/www.tvuai.com.br\/portal\/category\/direito\/"},"19":{"name":"Not\u00edcias","link":"https:\/\/www.tvuai.com.br\/portal\/category\/noticias\/"},"5":{"name":"\u00daltimas Not\u00edcias","link":"https:\/\/www.tvuai.com.br\/portal\/category\/noticias\/ultimas\/"}},"tags_names":{"8733":{"name":"carmo do rio claro","link":"https:\/\/www.tvuai.com.br\/portal\/tag\/carmo-do-rio-claro\/"},"6281":{"name":"Corrup\u00e7\u00e3o","link":"https:\/\/www.tvuai.com.br\/portal\/tag\/corrupcao\/"},"8734":{"name":"fraude na sa\u00fade","link":"https:\/\/www.tvuai.com.br\/portal\/tag\/fraude-na-saude\/"},"7038":{"name":"Gest\u00e3o P\u00fablica","link":"https:\/\/www.tvuai.com.br\/portal\/tag\/gestao-publica\/"},"366":{"name":"improbidade administrativa","link":"https:\/\/www.tvuai.com.br\/portal\/tag\/improbidade-administrativa\/"},"8617":{"name":"Justi\u00e7a de Minas Gerais","link":"https:\/\/www.tvuai.com.br\/portal\/tag\/justica-de-minas-gerais\/"},"184":{"name":"Minas Gerais","link":"https:\/\/www.tvuai.com.br\/portal\/tag\/minas-gerais\/"},"1014":{"name":"Minist\u00e9rio P\u00fablico de Minas Gerais","link":"https:\/\/www.tvuai.com.br\/portal\/tag\/ministerio-publico-de-minas-gerais\/"},"37":{"name":"Pouso Alegre","link":"https:\/\/www.tvuai.com.br\/portal\/tag\/pouso-alegre\/"},"8735":{"name":"recursos p\u00fablicos","link":"https:\/\/www.tvuai.com.br\/portal\/tag\/recursos-publicos\/"},"5894":{"name":"sa\u00fade p\u00fablica","link":"https:\/\/www.tvuai.com.br\/portal\/tag\/saude-publica\/"},"39":{"name":"Sul de Minas","link":"https:\/\/www.tvuai.com.br\/portal\/tag\/sul-de-minas\/"},"27":{"name":"TV Uai","link":"https:\/\/www.tvuai.com.br\/portal\/tag\/tv-uai\/"},"8053":{"name":"TV UAI 26 anos ainda estamos aqui ainda independentes","link":"https:\/\/www.tvuai.com.br\/portal\/tag\/tv-uai-26-anos-ainda-estamos-aqui-ainda-independentes\/"},"1618":{"name":"TV UAI Pouso Alegre","link":"https:\/\/www.tvuai.com.br\/portal\/tag\/tv-uai-pouso-alegre\/"}},"comments_number":"0","jetpack_shortlink":"https:\/\/wp.me\/p9woix-4gQ","jetpack_sharing_enabled":true,"_links":{"self":[{"href":"https:\/\/www.tvuai.com.br\/portal\/wp-json\/wp\/v2\/posts\/16420"}],"collection":[{"href":"https:\/\/www.tvuai.com.br\/portal\/wp-json\/wp\/v2\/posts"}],"about":[{"href":"https:\/\/www.tvuai.com.br\/portal\/wp-json\/wp\/v2\/types\/post"}],"author":[{"embeddable":true,"href":"https:\/\/www.tvuai.com.br\/portal\/wp-json\/wp\/v2\/users\/1"}],"replies":[{"embeddable":true,"href":"https:\/\/www.tvuai.com.br\/portal\/wp-json\/wp\/v2\/comments?post=16420"}],"version-history":[{"count":2,"href":"https:\/\/www.tvuai.com.br\/portal\/wp-json\/wp\/v2\/posts\/16420\/revisions"}],"predecessor-version":[{"id":16445,"href":"https:\/\/www.tvuai.com.br\/portal\/wp-json\/wp\/v2\/posts\/16420\/revisions\/16445"}],"wp:featuredmedia":[{"embeddable":true,"href":"https:\/\/www.tvuai.com.br\/portal\/wp-json\/wp\/v2\/media\/16444"}],"wp:attachment":[{"href":"https:\/\/www.tvuai.com.br\/portal\/wp-json\/wp\/v2\/media?parent=16420"}],"wp:term":[{"taxonomy":"category","embeddable":true,"href":"https:\/\/www.tvuai.com.br\/portal\/wp-json\/wp\/v2\/categories?post=16420"},{"taxonomy":"post_tag","embeddable":true,"href":"https:\/\/www.tvuai.com.br\/portal\/wp-json\/wp\/v2\/tags?post=16420"}],"curies":[{"name":"wp","href":"https:\/\/api.w.org\/{rel}","templated":true}]}}