{"id":16377,"date":"2026-04-23T16:58:31","date_gmt":"2026-04-23T19:58:31","guid":{"rendered":"https:\/\/www.tvuai.com.br\/portal\/?p=16377"},"modified":"2026-04-24T20:15:26","modified_gmt":"2026-04-24T23:15:26","slug":"fepi-promove-dia-de-campo-em-itajuba-com-foco-em-inovacao-na-bovinocultura","status":"publish","type":"post","link":"https:\/\/www.tvuai.com.br\/portal\/fepi-promove-dia-de-campo-em-itajuba-com-foco-em-inovacao-na-bovinocultura\/","title":{"rendered":"FEPI promove Dia de Campo em Itajub\u00e1 com foco em inova\u00e7\u00e3o na bovinocultura"},"content":{"rendered":"<div class=\"5a1038e0903b96d426fcfcc338703013\" data-index=\"1\" style=\"float: right; margin:10px 0 10px 10px;\">\n<script async src=\"https:\/\/pagead2.googlesyndication.com\/pagead\/js\/adsbygoogle.js?client=ca-pub-9945944833605257\"\r\n     crossorigin=\"anonymous\"><\/script>\r\n<ins class=\"adsbygoogle\"\r\n     style=\"display:block; text-align:center;\"\r\n     data-ad-layout=\"in-article\"\r\n     data-ad-format=\"fluid\"\r\n     data-ad-client=\"ca-pub-9945944833605257\"\r\n     data-ad-slot=\"2343923581\"><\/ins>\r\n<script>\r\n     (adsbygoogle = window.adsbygoogle || []).push({});\r\n<\/script>\n<\/div>\n<h5 class=\"isSelectedEnd\" style=\"text-align: center;\"><em><strong>Evento gratuito da FEPI re\u00fane produtores, estudantes e comunidade para atividades pr\u00e1ticas e troca de experi\u00eancias na bovinocultura<\/strong><\/em><\/h5>\n<p class=\"isSelectedEnd\"><img data-recalc-dims=\"1\" fetchpriority=\"high\" decoding=\"async\" data-attachment-id=\"16381\" data-permalink=\"https:\/\/www.tvuai.com.br\/portal\/fepi-promove-dia-de-campo-em-itajuba-com-foco-em-inovacao-na-bovinocultura\/bovinucultura-fepi1\/\" data-orig-file=\"https:\/\/i0.wp.com\/www.tvuai.com.br\/portal\/wp-content\/uploads\/2026\/04\/bovinucultura-FEPI1.jpg?fit=301%2C468&amp;ssl=1\" data-orig-size=\"301,468\" data-comments-opened=\"0\" data-image-meta=\"{&quot;aperture&quot;:&quot;0&quot;,&quot;credit&quot;:&quot;&quot;,&quot;camera&quot;:&quot;&quot;,&quot;caption&quot;:&quot;&quot;,&quot;created_timestamp&quot;:&quot;1776701449&quot;,&quot;copyright&quot;:&quot;&quot;,&quot;focal_length&quot;:&quot;0&quot;,&quot;iso&quot;:&quot;0&quot;,&quot;shutter_speed&quot;:&quot;0&quot;,&quot;title&quot;:&quot;&quot;,&quot;orientation&quot;:&quot;0&quot;}\" data-image-title=\"bovinucultura FEPI1\" data-image-description=\"\" data-image-caption=\"\" data-medium-file=\"https:\/\/i0.wp.com\/www.tvuai.com.br\/portal\/wp-content\/uploads\/2026\/04\/bovinucultura-FEPI1.jpg?fit=193%2C300&amp;ssl=1\" data-large-file=\"https:\/\/i0.wp.com\/www.tvuai.com.br\/portal\/wp-content\/uploads\/2026\/04\/bovinucultura-FEPI1.jpg?fit=301%2C468&amp;ssl=1\" tabindex=\"0\" role=\"button\" class=\"aligncenter size-full wp-image-16381\" src=\"https:\/\/i0.wp.com\/www.tvuai.com.br\/portal\/wp-content\/uploads\/2026\/04\/bovinucultura-FEPI1.jpg?resize=301%2C468&#038;ssl=1\" alt=\"\" width=\"301\" height=\"468\" srcset=\"https:\/\/i0.wp.com\/www.tvuai.com.br\/portal\/wp-content\/uploads\/2026\/04\/bovinucultura-FEPI1.jpg?w=301&amp;ssl=1 301w, https:\/\/i0.wp.com\/www.tvuai.com.br\/portal\/wp-content\/uploads\/2026\/04\/bovinucultura-FEPI1.jpg?resize=193%2C300&amp;ssl=1 193w\" sizes=\"(max-width: 301px) 100vw, 301px\" \/>O Centro Veterin\u00e1rio da FEPI &#8211; Centro Universit\u00e1rio de Itajub\u00e1 &#8211; realiza no pr\u00f3ximo dia 5 de maio, em Itajub\u00e1, a partir das 13h, a terceira edi\u00e7\u00e3o do Dia de Campo, evento voltado \u00e0 difus\u00e3o de conhecimento t\u00e9cnico e inova\u00e7\u00e3o na bovinocultura. A programa\u00e7\u00e3o acontece no bairro Piedade e \u00e9 aberta ao p\u00fablico, sem necessidade de inscri\u00e7\u00e3o pr\u00e9via.<\/p>\n<p class=\"isSelectedEnd\">A proposta da iniciativa \u00e9 aproximar o meio acad\u00eamico da realidade do campo, promovendo a troca de experi\u00eancias entre estudantes, professores, produtores rurais e a comunidade. A atividade faz parte das a\u00e7\u00f5es de extens\u00e3o rural da institui\u00e7\u00e3o e busca compartilhar pr\u00e1ticas atualizadas diretamente com quem atua no setor.<\/p>\n<p class=\"isSelectedEnd\">Segundo a diretora do Centro Veterin\u00e1rio da FEPI, Deni Ferreira de Castilho, o evento tamb\u00e9m tem como objetivo apresentar solu\u00e7\u00f5es que possam aprimorar a produ\u00e7\u00e3o j\u00e1 existente nas propriedades da regi\u00e3o.<\/p>\n<p class=\"isSelectedEnd\">\u201cA ideia \u00e9 levar informa\u00e7\u00f5es atuais aos produtores, al\u00e9m de contribuir para melhorias nas pr\u00e1ticas j\u00e1 adotadas. Ao mesmo tempo, os alunos t\u00eam a oportunidade de dividir o conhecimento adquirido durante a forma\u00e7\u00e3o\u201d, explica.<\/p>\n<p class=\"isSelectedEnd\" style=\"text-align: center;\"><strong>Atividades pr\u00e1ticas e troca de experi\u00eancias marcam programa\u00e7\u00e3o<\/strong><\/p>\n<p class=\"isSelectedEnd\"><img data-recalc-dims=\"1\" decoding=\"async\" data-attachment-id=\"16382\" data-permalink=\"https:\/\/www.tvuai.com.br\/portal\/fepi-promove-dia-de-campo-em-itajuba-com-foco-em-inovacao-na-bovinocultura\/bovinucultura-fepi2\/\" data-orig-file=\"https:\/\/i0.wp.com\/www.tvuai.com.br\/portal\/wp-content\/uploads\/2026\/04\/bovinucultura-FEPI2.jpg?fit=302%2C485&amp;ssl=1\" data-orig-size=\"302,485\" data-comments-opened=\"0\" data-image-meta=\"{&quot;aperture&quot;:&quot;0&quot;,&quot;credit&quot;:&quot;&quot;,&quot;camera&quot;:&quot;&quot;,&quot;caption&quot;:&quot;&quot;,&quot;created_timestamp&quot;:&quot;1776701449&quot;,&quot;copyright&quot;:&quot;&quot;,&quot;focal_length&quot;:&quot;0&quot;,&quot;iso&quot;:&quot;0&quot;,&quot;shutter_speed&quot;:&quot;0&quot;,&quot;title&quot;:&quot;&quot;,&quot;orientation&quot;:&quot;0&quot;}\" data-image-title=\"bovinucultura FEPI2\" data-image-description=\"\" data-image-caption=\"\" data-medium-file=\"https:\/\/i0.wp.com\/www.tvuai.com.br\/portal\/wp-content\/uploads\/2026\/04\/bovinucultura-FEPI2.jpg?fit=187%2C300&amp;ssl=1\" data-large-file=\"https:\/\/i0.wp.com\/www.tvuai.com.br\/portal\/wp-content\/uploads\/2026\/04\/bovinucultura-FEPI2.jpg?fit=302%2C485&amp;ssl=1\" tabindex=\"0\" role=\"button\" class=\"alignright size-medium wp-image-16382\" src=\"https:\/\/i0.wp.com\/www.tvuai.com.br\/portal\/wp-content\/uploads\/2026\/04\/bovinucultura-FEPI2.jpg?resize=187%2C300&#038;ssl=1\" alt=\"\" width=\"187\" height=\"300\" srcset=\"https:\/\/i0.wp.com\/www.tvuai.com.br\/portal\/wp-content\/uploads\/2026\/04\/bovinucultura-FEPI2.jpg?resize=187%2C300&amp;ssl=1 187w, https:\/\/i0.wp.com\/www.tvuai.com.br\/portal\/wp-content\/uploads\/2026\/04\/bovinucultura-FEPI2.jpg?w=302&amp;ssl=1 302w\" sizes=\"(max-width: 187px) 100vw, 187px\" \/>Um dos diferenciais do Dia de Campo \u00e9 o foco em atividades pr\u00e1ticas permitindo que os participantes acompanhem de perto as t\u00e9cnicas apresentadas. A intera\u00e7\u00e3o direta \u00e9 estimulada ao longo do evento com espa\u00e7o para perguntas, discuss\u00f5es e constru\u00e7\u00e3o coletiva de conhecimento.<\/p>\n<p class=\"isSelectedEnd\">Para a estudante do terceiro ano de Medicina Veterin\u00e1ria, Ana Julia Santos Rodrigues, o contato com os produtores \u00e9 uma etapa essencial na forma\u00e7\u00e3o acad\u00eamica. Ela destaca que a experi\u00eancia vai al\u00e9m da teoria e contribui tamb\u00e9m para o desenvolvimento de habilidades de comunica\u00e7\u00e3o.<\/p>\n<p class=\"isSelectedEnd\">\u201c\u00c9 importante saber dialogar com o produtor e compreender a realidade dele. Essa troca \u00e9 enriquecedora para todos\u201d, afirma.<\/p>\n<p class=\"isSelectedEnd\" style=\"text-align: center;\"><strong>Incentivo \u00e0 moderniza\u00e7\u00e3o e aumento da produtividade<\/strong><\/p>\n<p class=\"isSelectedEnd\"><img data-recalc-dims=\"1\" decoding=\"async\" data-attachment-id=\"16383\" data-permalink=\"https:\/\/www.tvuai.com.br\/portal\/fepi-promove-dia-de-campo-em-itajuba-com-foco-em-inovacao-na-bovinocultura\/bovinucultura-fepi3\/\" data-orig-file=\"https:\/\/i0.wp.com\/www.tvuai.com.br\/portal\/wp-content\/uploads\/2026\/04\/bovinucultura-FEPI3.jpg?fit=304%2C508&amp;ssl=1\" data-orig-size=\"304,508\" data-comments-opened=\"0\" data-image-meta=\"{&quot;aperture&quot;:&quot;0&quot;,&quot;credit&quot;:&quot;&quot;,&quot;camera&quot;:&quot;&quot;,&quot;caption&quot;:&quot;&quot;,&quot;created_timestamp&quot;:&quot;1776701449&quot;,&quot;copyright&quot;:&quot;&quot;,&quot;focal_length&quot;:&quot;0&quot;,&quot;iso&quot;:&quot;0&quot;,&quot;shutter_speed&quot;:&quot;0&quot;,&quot;title&quot;:&quot;&quot;,&quot;orientation&quot;:&quot;0&quot;}\" data-image-title=\"bovinucultura FEPI3\" data-image-description=\"\" data-image-caption=\"\" data-medium-file=\"https:\/\/i0.wp.com\/www.tvuai.com.br\/portal\/wp-content\/uploads\/2026\/04\/bovinucultura-FEPI3.jpg?fit=180%2C300&amp;ssl=1\" data-large-file=\"https:\/\/i0.wp.com\/www.tvuai.com.br\/portal\/wp-content\/uploads\/2026\/04\/bovinucultura-FEPI3.jpg?fit=304%2C508&amp;ssl=1\" tabindex=\"0\" role=\"button\" class=\"alignleft size-medium wp-image-16383\" src=\"https:\/\/i0.wp.com\/www.tvuai.com.br\/portal\/wp-content\/uploads\/2026\/04\/bovinucultura-FEPI3.jpg?resize=180%2C300&#038;ssl=1\" alt=\"\" width=\"180\" height=\"300\" srcset=\"https:\/\/i0.wp.com\/www.tvuai.com.br\/portal\/wp-content\/uploads\/2026\/04\/bovinucultura-FEPI3.jpg?resize=180%2C300&amp;ssl=1 180w, https:\/\/i0.wp.com\/www.tvuai.com.br\/portal\/wp-content\/uploads\/2026\/04\/bovinucultura-FEPI3.jpg?w=304&amp;ssl=1 304w\" sizes=\"(max-width: 180px) 100vw, 180px\" \/>A iniciativa tamb\u00e9m tem como foco incentivar a ado\u00e7\u00e3o de pr\u00e1ticas mais modernas na bovinocultura, contribuindo para o aumento da produtividade e da competitividade dos produtores rurais da regi\u00e3o, que ainda apresenta potencial de crescimento no setor.<\/p>\n<p class=\"isSelectedEnd\">O Centro Veterin\u00e1rio da FEPI oferece diversos servi\u00e7os, como reprodu\u00e7\u00e3o animal, insemina\u00e7\u00e3o em bovinos e equinos, exames reprodutivos e atendimento cl\u00ednico a diferentes esp\u00e9cies, incluindo pequenos animais.<\/p>\n<p class=\"isSelectedEnd\">O evento ser\u00e1 uma oportunidade para conhecer de perto essas atividades e ampliar conhecimentos de forma acess\u00edvel e aplicada \u00e0 realidade do campo.<\/p>\n\n<div style=\"font-size: 0px; height: 0px; line-height: 0px; margin: 0; padding: 0; clear: both;\"><\/div><div class='share-to-whatsapp-wrapper'><div class='share-on-whsp'>Share on: <\/div><a data-text='FEPI promove Dia de Campo em Itajub\u00e1 com foco em inova\u00e7\u00e3o na bovinocultura' data-link='https:\/\/www.tvuai.com.br\/portal\/fepi-promove-dia-de-campo-em-itajuba-com-foco-em-inovacao-na-bovinocultura\/' class='whatsapp-button whatsapp-share'>WhatsApp<\/a><div class='clear '><\/div><\/div><!-- AddThis Advanced Settings generic via filter on the_content --><!-- AddThis Share Buttons generic via filter on the_content -->","protected":false},"excerpt":{"rendered":"<p>Evento gratuito da FEPI re\u00fane produtores, estudantes e comunidade para atividades pr\u00e1ticas e troca de experi\u00eancias na bovinocultura O Centro Veterin\u00e1rio da FEPI &#8211; Centro Universit\u00e1rio de Itajub\u00e1 &#8211; realiza no pr\u00f3ximo dia 5 de maio, em Itajub\u00e1, a partir das 13h, a terceira edi\u00e7\u00e3o do Dia de Campo, evento voltado \u00e0 difus\u00e3o de conhecimento [&hellip;]<!-- AddThis Advanced Settings generic via filter on get_the_excerpt --><!-- AddThis Share Buttons generic via filter on get_the_excerpt --><\/p>\n","protected":false},"author":1,"featured_media":16380,"comment_status":"closed","ping_status":"closed","sticky":false,"template":"","format":"standard","meta":{"jetpack_post_was_ever_published":false,"_jetpack_newsletter_access":"","_jetpack_dont_email_post_to_subs":false,"_jetpack_newsletter_tier_id":0,"_jetpack_memberships_contains_paywalled_content":false,"_jetpack_memberships_contains_paid_content":false,"_joinchat":[],"footnotes":"","jetpack_publicize_message":"","jetpack_publicize_feature_enabled":true,"jetpack_social_post_already_shared":false,"jetpack_social_options":{"image_generator_settings":{"template":"highway","enabled":false},"version":2}},"categories":[1969,1817,1845,19,5],"tags":[841,8711,8712,8713,6726,8714,991,8715,184,37,5929,39,27,8053,1618,6793],"class_list":["post-16377","post","type-post","status-publish","format-standard","has-post-thumbnail","hentry","category-agricultura","category-bichos","category-educacao","category-noticias","category-ultimas","tag-agronegocio","tag-bovinocultura","tag-dia-de-campo","tag-extensao-rural","tag-fepi","tag-inovacao-no-campo","tag-itajuba","tag-medicina-veterinaria","tag-minas-gerais","tag-pouso-alegre","tag-produtores-rurais","tag-sul-de-minas","tag-tv-uai","tag-tv-uai-26-anos-ainda-estamos-aqui-ainda-independentes","tag-tv-uai-pouso-alegre","tag-veterinaria"],"jetpack_publicize_connections":[],"yoast_head":"<!-- This site is optimized with the Yoast SEO plugin v23.5 - https:\/\/yoast.com\/wordpress\/plugins\/seo\/ -->\n<title>FEPI promove Dia de Campo em Itajub\u00e1 com foco em inova\u00e7\u00e3o na bovinocultura - TVUAI<\/title>\n<meta name=\"robots\" content=\"index, follow, max-snippet:-1, max-image-preview:large, max-video-preview:-1\" \/>\n<link rel=\"canonical\" href=\"https:\/\/www.tvuai.com.br\/portal\/fepi-promove-dia-de-campo-em-itajuba-com-foco-em-inovacao-na-bovinocultura\/\" \/>\n<meta property=\"og:locale\" content=\"pt_BR\" \/>\n<meta property=\"og:type\" content=\"article\" \/>\n<meta property=\"og:title\" content=\"FEPI promove Dia de Campo em Itajub\u00e1 com foco em inova\u00e7\u00e3o na bovinocultura - TVUAI\" \/>\n<meta property=\"og:description\" content=\"Evento gratuito da FEPI re\u00fane produtores, estudantes e comunidade para atividades pr\u00e1ticas e troca de experi\u00eancias na bovinocultura O Centro Veterin\u00e1rio da FEPI &#8211; Centro Universit\u00e1rio de Itajub\u00e1 &#8211; realiza no pr\u00f3ximo dia 5 de maio, em Itajub\u00e1, a partir das 13h, a terceira edi\u00e7\u00e3o do Dia de Campo, evento voltado \u00e0 difus\u00e3o de conhecimento [&hellip;]\" \/>\n<meta property=\"og:url\" content=\"https:\/\/www.tvuai.com.br\/portal\/fepi-promove-dia-de-campo-em-itajuba-com-foco-em-inovacao-na-bovinocultura\/\" \/>\n<meta property=\"og:site_name\" content=\"TVUAI\" \/>\n<meta property=\"article:publisher\" content=\"http:\/\/www.facebook.com\/pages\/TV-Uai-Comunica%c3%a7%c3%a3o\/139062546157369\" \/>\n<meta property=\"article:published_time\" content=\"2026-04-23T19:58:31+00:00\" \/>\n<meta property=\"article:modified_time\" content=\"2026-04-24T23:15:26+00:00\" \/>\n<meta property=\"og:image\" content=\"https:\/\/www.tvuai.com.br\/portal\/wp-content\/uploads\/2026\/04\/bovinucultura-FEPI0.jpg\" \/>\n\t<meta property=\"og:image:width\" content=\"200\" \/>\n\t<meta property=\"og:image:height\" content=\"200\" \/>\n\t<meta property=\"og:image:type\" content=\"image\/jpeg\" \/>\n<meta name=\"author\" content=\"tvuai\" \/>\n<meta name=\"twitter:card\" content=\"summary_large_image\" \/>\n<meta name=\"twitter:creator\" content=\"@tvuai\" \/>\n<meta name=\"twitter:site\" content=\"@tvuai\" \/>\n<meta name=\"twitter:label1\" content=\"Escrito por\" \/>\n\t<meta name=\"twitter:data1\" content=\"tvuai\" \/>\n\t<meta name=\"twitter:label2\" content=\"Est. tempo de leitura\" \/>\n\t<meta name=\"twitter:data2\" content=\"3 minutos\" \/>\n<script type=\"application\/ld+json\" class=\"yoast-schema-graph\">{\"@context\":\"https:\/\/schema.org\",\"@graph\":[{\"@type\":\"Article\",\"@id\":\"https:\/\/www.tvuai.com.br\/portal\/fepi-promove-dia-de-campo-em-itajuba-com-foco-em-inovacao-na-bovinocultura\/#article\",\"isPartOf\":{\"@id\":\"https:\/\/www.tvuai.com.br\/portal\/fepi-promove-dia-de-campo-em-itajuba-com-foco-em-inovacao-na-bovinocultura\/\"},\"author\":{\"name\":\"tvuai\",\"@id\":\"https:\/\/www.tvuai.com.br\/portal\/#\/schema\/person\/245e50e9127451fd0b7fd76f519ebbfe\"},\"headline\":\"FEPI promove Dia de Campo em Itajub\u00e1 com foco em inova\u00e7\u00e3o na bovinocultura\",\"datePublished\":\"2026-04-23T19:58:31+00:00\",\"dateModified\":\"2026-04-24T23:15:26+00:00\",\"mainEntityOfPage\":{\"@id\":\"https:\/\/www.tvuai.com.br\/portal\/fepi-promove-dia-de-campo-em-itajuba-com-foco-em-inovacao-na-bovinocultura\/\"},\"wordCount\":456,\"publisher\":{\"@id\":\"https:\/\/www.tvuai.com.br\/portal\/#organization\"},\"image\":{\"@id\":\"https:\/\/www.tvuai.com.br\/portal\/fepi-promove-dia-de-campo-em-itajuba-com-foco-em-inovacao-na-bovinocultura\/#primaryimage\"},\"thumbnailUrl\":\"https:\/\/i0.wp.com\/www.tvuai.com.br\/portal\/wp-content\/uploads\/2026\/04\/bovinucultura-FEPI0.jpg?fit=200%2C200&ssl=1\",\"keywords\":[\"agroneg\u00f3cio\",\"bovinocultura\",\"dia de campo\",\"extens\u00e3o rural\",\"Fepi\",\"inova\u00e7\u00e3o no campo\",\"Itajub\u00e1\",\"medicina veterin\u00e1ria\",\"Minas Gerais\",\"Pouso Alegre\",\"produtores rurais\",\"Sul de Minas\",\"TV Uai\",\"TV UAI 26 anos ainda estamos aqui ainda independentes\",\"TV UAI Pouso Alegre\",\"veterin\u00e1ria\"],\"articleSection\":[\"Agricultura\",\"Bichos\",\"Educa\u00e7\u00e3o\",\"Not\u00edcias\",\"\u00daltimas Not\u00edcias\"],\"inLanguage\":\"pt-BR\"},{\"@type\":\"WebPage\",\"@id\":\"https:\/\/www.tvuai.com.br\/portal\/fepi-promove-dia-de-campo-em-itajuba-com-foco-em-inovacao-na-bovinocultura\/\",\"url\":\"https:\/\/www.tvuai.com.br\/portal\/fepi-promove-dia-de-campo-em-itajuba-com-foco-em-inovacao-na-bovinocultura\/\",\"name\":\"FEPI promove Dia de Campo em Itajub\u00e1 com foco em inova\u00e7\u00e3o na bovinocultura - TVUAI\",\"isPartOf\":{\"@id\":\"https:\/\/www.tvuai.com.br\/portal\/#website\"},\"primaryImageOfPage\":{\"@id\":\"https:\/\/www.tvuai.com.br\/portal\/fepi-promove-dia-de-campo-em-itajuba-com-foco-em-inovacao-na-bovinocultura\/#primaryimage\"},\"image\":{\"@id\":\"https:\/\/www.tvuai.com.br\/portal\/fepi-promove-dia-de-campo-em-itajuba-com-foco-em-inovacao-na-bovinocultura\/#primaryimage\"},\"thumbnailUrl\":\"https:\/\/i0.wp.com\/www.tvuai.com.br\/portal\/wp-content\/uploads\/2026\/04\/bovinucultura-FEPI0.jpg?fit=200%2C200&ssl=1\",\"datePublished\":\"2026-04-23T19:58:31+00:00\",\"dateModified\":\"2026-04-24T23:15:26+00:00\",\"breadcrumb\":{\"@id\":\"https:\/\/www.tvuai.com.br\/portal\/fepi-promove-dia-de-campo-em-itajuba-com-foco-em-inovacao-na-bovinocultura\/#breadcrumb\"},\"inLanguage\":\"pt-BR\",\"potentialAction\":[{\"@type\":\"ReadAction\",\"target\":[\"https:\/\/www.tvuai.com.br\/portal\/fepi-promove-dia-de-campo-em-itajuba-com-foco-em-inovacao-na-bovinocultura\/\"]}]},{\"@type\":\"ImageObject\",\"inLanguage\":\"pt-BR\",\"@id\":\"https:\/\/www.tvuai.com.br\/portal\/fepi-promove-dia-de-campo-em-itajuba-com-foco-em-inovacao-na-bovinocultura\/#primaryimage\",\"url\":\"https:\/\/i0.wp.com\/www.tvuai.com.br\/portal\/wp-content\/uploads\/2026\/04\/bovinucultura-FEPI0.jpg?fit=200%2C200&ssl=1\",\"contentUrl\":\"https:\/\/i0.wp.com\/www.tvuai.com.br\/portal\/wp-content\/uploads\/2026\/04\/bovinucultura-FEPI0.jpg?fit=200%2C200&ssl=1\",\"width\":200,\"height\":200},{\"@type\":\"BreadcrumbList\",\"@id\":\"https:\/\/www.tvuai.com.br\/portal\/fepi-promove-dia-de-campo-em-itajuba-com-foco-em-inovacao-na-bovinocultura\/#breadcrumb\",\"itemListElement\":[{\"@type\":\"ListItem\",\"position\":1,\"name\":\"In\u00edcio\",\"item\":\"https:\/\/www.tvuai.com.br\/portal\/\"},{\"@type\":\"ListItem\",\"position\":2,\"name\":\"FEPI promove Dia de Campo em Itajub\u00e1 com foco em inova\u00e7\u00e3o na bovinocultura\"}]},{\"@type\":\"WebSite\",\"@id\":\"https:\/\/www.tvuai.com.br\/portal\/#website\",\"url\":\"https:\/\/www.tvuai.com.br\/portal\/\",\"name\":\"TVUAI\",\"description\":\"Tudo sobre o Sul de Minas\",\"publisher\":{\"@id\":\"https:\/\/www.tvuai.com.br\/portal\/#organization\"},\"potentialAction\":[{\"@type\":\"SearchAction\",\"target\":{\"@type\":\"EntryPoint\",\"urlTemplate\":\"https:\/\/www.tvuai.com.br\/portal\/?s={search_term_string}\"},\"query-input\":{\"@type\":\"PropertyValueSpecification\",\"valueRequired\":true,\"valueName\":\"search_term_string\"}}],\"inLanguage\":\"pt-BR\"},{\"@type\":\"Organization\",\"@id\":\"https:\/\/www.tvuai.com.br\/portal\/#organization\",\"name\":\"TVUAI\",\"url\":\"https:\/\/www.tvuai.com.br\/portal\/\",\"logo\":{\"@type\":\"ImageObject\",\"inLanguage\":\"pt-BR\",\"@id\":\"https:\/\/www.tvuai.com.br\/portal\/#\/schema\/logo\/image\/\",\"url\":\"https:\/\/i0.wp.com\/www.tvuai.com.br\/portal\/wp-content\/uploads\/2017\/12\/logo_tvuai_100H.png?fit=207%2C100&ssl=1\",\"contentUrl\":\"https:\/\/i0.wp.com\/www.tvuai.com.br\/portal\/wp-content\/uploads\/2017\/12\/logo_tvuai_100H.png?fit=207%2C100&ssl=1\",\"width\":207,\"height\":100,\"caption\":\"TVUAI\"},\"image\":{\"@id\":\"https:\/\/www.tvuai.com.br\/portal\/#\/schema\/logo\/image\/\"},\"sameAs\":[\"http:\/\/www.facebook.com\/pages\/TV-Uai-Comunica\u00e7\u00e3o\/139062546157369\",\"https:\/\/x.com\/tvuai\",\"https:\/\/www.instagram.com\/tvuai_network\/\",\"https:\/\/www.youtube.com\/channel\/UCB7ZPB3wRv-OpoZ_09jmnkQ\"]},{\"@type\":\"Person\",\"@id\":\"https:\/\/www.tvuai.com.br\/portal\/#\/schema\/person\/245e50e9127451fd0b7fd76f519ebbfe\",\"name\":\"tvuai\",\"url\":\"https:\/\/www.tvuai.com.br\/portal\/author\/tvuai\/\"}]}<\/script>\n<!-- \/ Yoast SEO plugin. -->","yoast_head_json":{"title":"FEPI promove Dia de Campo em Itajub\u00e1 com foco em inova\u00e7\u00e3o na bovinocultura - TVUAI","robots":{"index":"index","follow":"follow","max-snippet":"max-snippet:-1","max-image-preview":"max-image-preview:large","max-video-preview":"max-video-preview:-1"},"canonical":"https:\/\/www.tvuai.com.br\/portal\/fepi-promove-dia-de-campo-em-itajuba-com-foco-em-inovacao-na-bovinocultura\/","og_locale":"pt_BR","og_type":"article","og_title":"FEPI promove Dia de Campo em Itajub\u00e1 com foco em inova\u00e7\u00e3o na bovinocultura - TVUAI","og_description":"Evento gratuito da FEPI re\u00fane produtores, estudantes e comunidade para atividades pr\u00e1ticas e troca de experi\u00eancias na bovinocultura O Centro Veterin\u00e1rio da FEPI &#8211; Centro Universit\u00e1rio de Itajub\u00e1 &#8211; realiza no pr\u00f3ximo dia 5 de maio, em Itajub\u00e1, a partir das 13h, a terceira edi\u00e7\u00e3o do Dia de Campo, evento voltado \u00e0 difus\u00e3o de conhecimento [&hellip;]","og_url":"https:\/\/www.tvuai.com.br\/portal\/fepi-promove-dia-de-campo-em-itajuba-com-foco-em-inovacao-na-bovinocultura\/","og_site_name":"TVUAI","article_publisher":"http:\/\/www.facebook.com\/pages\/TV-Uai-Comunica%c3%a7%c3%a3o\/139062546157369","article_published_time":"2026-04-23T19:58:31+00:00","article_modified_time":"2026-04-24T23:15:26+00:00","og_image":[{"width":200,"height":200,"url":"https:\/\/www.tvuai.com.br\/portal\/wp-content\/uploads\/2026\/04\/bovinucultura-FEPI0.jpg","type":"image\/jpeg"}],"author":"tvuai","twitter_card":"summary_large_image","twitter_creator":"@tvuai","twitter_site":"@tvuai","twitter_misc":{"Escrito por":"tvuai","Est. tempo de leitura":"3 minutos"},"schema":{"@context":"https:\/\/schema.org","@graph":[{"@type":"Article","@id":"https:\/\/www.tvuai.com.br\/portal\/fepi-promove-dia-de-campo-em-itajuba-com-foco-em-inovacao-na-bovinocultura\/#article","isPartOf":{"@id":"https:\/\/www.tvuai.com.br\/portal\/fepi-promove-dia-de-campo-em-itajuba-com-foco-em-inovacao-na-bovinocultura\/"},"author":{"name":"tvuai","@id":"https:\/\/www.tvuai.com.br\/portal\/#\/schema\/person\/245e50e9127451fd0b7fd76f519ebbfe"},"headline":"FEPI promove Dia de Campo em Itajub\u00e1 com foco em inova\u00e7\u00e3o na bovinocultura","datePublished":"2026-04-23T19:58:31+00:00","dateModified":"2026-04-24T23:15:26+00:00","mainEntityOfPage":{"@id":"https:\/\/www.tvuai.com.br\/portal\/fepi-promove-dia-de-campo-em-itajuba-com-foco-em-inovacao-na-bovinocultura\/"},"wordCount":456,"publisher":{"@id":"https:\/\/www.tvuai.com.br\/portal\/#organization"},"image":{"@id":"https:\/\/www.tvuai.com.br\/portal\/fepi-promove-dia-de-campo-em-itajuba-com-foco-em-inovacao-na-bovinocultura\/#primaryimage"},"thumbnailUrl":"https:\/\/i0.wp.com\/www.tvuai.com.br\/portal\/wp-content\/uploads\/2026\/04\/bovinucultura-FEPI0.jpg?fit=200%2C200&ssl=1","keywords":["agroneg\u00f3cio","bovinocultura","dia de campo","extens\u00e3o rural","Fepi","inova\u00e7\u00e3o no campo","Itajub\u00e1","medicina veterin\u00e1ria","Minas Gerais","Pouso Alegre","produtores rurais","Sul de Minas","TV Uai","TV UAI 26 anos ainda estamos aqui ainda independentes","TV UAI Pouso Alegre","veterin\u00e1ria"],"articleSection":["Agricultura","Bichos","Educa\u00e7\u00e3o","Not\u00edcias","\u00daltimas Not\u00edcias"],"inLanguage":"pt-BR"},{"@type":"WebPage","@id":"https:\/\/www.tvuai.com.br\/portal\/fepi-promove-dia-de-campo-em-itajuba-com-foco-em-inovacao-na-bovinocultura\/","url":"https:\/\/www.tvuai.com.br\/portal\/fepi-promove-dia-de-campo-em-itajuba-com-foco-em-inovacao-na-bovinocultura\/","name":"FEPI promove Dia de Campo em Itajub\u00e1 com foco em inova\u00e7\u00e3o na bovinocultura - TVUAI","isPartOf":{"@id":"https:\/\/www.tvuai.com.br\/portal\/#website"},"primaryImageOfPage":{"@id":"https:\/\/www.tvuai.com.br\/portal\/fepi-promove-dia-de-campo-em-itajuba-com-foco-em-inovacao-na-bovinocultura\/#primaryimage"},"image":{"@id":"https:\/\/www.tvuai.com.br\/portal\/fepi-promove-dia-de-campo-em-itajuba-com-foco-em-inovacao-na-bovinocultura\/#primaryimage"},"thumbnailUrl":"https:\/\/i0.wp.com\/www.tvuai.com.br\/portal\/wp-content\/uploads\/2026\/04\/bovinucultura-FEPI0.jpg?fit=200%2C200&ssl=1","datePublished":"2026-04-23T19:58:31+00:00","dateModified":"2026-04-24T23:15:26+00:00","breadcrumb":{"@id":"https:\/\/www.tvuai.com.br\/portal\/fepi-promove-dia-de-campo-em-itajuba-com-foco-em-inovacao-na-bovinocultura\/#breadcrumb"},"inLanguage":"pt-BR","potentialAction":[{"@type":"ReadAction","target":["https:\/\/www.tvuai.com.br\/portal\/fepi-promove-dia-de-campo-em-itajuba-com-foco-em-inovacao-na-bovinocultura\/"]}]},{"@type":"ImageObject","inLanguage":"pt-BR","@id":"https:\/\/www.tvuai.com.br\/portal\/fepi-promove-dia-de-campo-em-itajuba-com-foco-em-inovacao-na-bovinocultura\/#primaryimage","url":"https:\/\/i0.wp.com\/www.tvuai.com.br\/portal\/wp-content\/uploads\/2026\/04\/bovinucultura-FEPI0.jpg?fit=200%2C200&ssl=1","contentUrl":"https:\/\/i0.wp.com\/www.tvuai.com.br\/portal\/wp-content\/uploads\/2026\/04\/bovinucultura-FEPI0.jpg?fit=200%2C200&ssl=1","width":200,"height":200},{"@type":"BreadcrumbList","@id":"https:\/\/www.tvuai.com.br\/portal\/fepi-promove-dia-de-campo-em-itajuba-com-foco-em-inovacao-na-bovinocultura\/#breadcrumb","itemListElement":[{"@type":"ListItem","position":1,"name":"In\u00edcio","item":"https:\/\/www.tvuai.com.br\/portal\/"},{"@type":"ListItem","position":2,"name":"FEPI promove Dia de Campo em Itajub\u00e1 com foco em inova\u00e7\u00e3o na bovinocultura"}]},{"@type":"WebSite","@id":"https:\/\/www.tvuai.com.br\/portal\/#website","url":"https:\/\/www.tvuai.com.br\/portal\/","name":"TVUAI","description":"Tudo sobre o Sul de Minas","publisher":{"@id":"https:\/\/www.tvuai.com.br\/portal\/#organization"},"potentialAction":[{"@type":"SearchAction","target":{"@type":"EntryPoint","urlTemplate":"https:\/\/www.tvuai.com.br\/portal\/?s={search_term_string}"},"query-input":{"@type":"PropertyValueSpecification","valueRequired":true,"valueName":"search_term_string"}}],"inLanguage":"pt-BR"},{"@type":"Organization","@id":"https:\/\/www.tvuai.com.br\/portal\/#organization","name":"TVUAI","url":"https:\/\/www.tvuai.com.br\/portal\/","logo":{"@type":"ImageObject","inLanguage":"pt-BR","@id":"https:\/\/www.tvuai.com.br\/portal\/#\/schema\/logo\/image\/","url":"https:\/\/i0.wp.com\/www.tvuai.com.br\/portal\/wp-content\/uploads\/2017\/12\/logo_tvuai_100H.png?fit=207%2C100&ssl=1","contentUrl":"https:\/\/i0.wp.com\/www.tvuai.com.br\/portal\/wp-content\/uploads\/2017\/12\/logo_tvuai_100H.png?fit=207%2C100&ssl=1","width":207,"height":100,"caption":"TVUAI"},"image":{"@id":"https:\/\/www.tvuai.com.br\/portal\/#\/schema\/logo\/image\/"},"sameAs":["http:\/\/www.facebook.com\/pages\/TV-Uai-Comunica\u00e7\u00e3o\/139062546157369","https:\/\/x.com\/tvuai","https:\/\/www.instagram.com\/tvuai_network\/","https:\/\/www.youtube.com\/channel\/UCB7ZPB3wRv-OpoZ_09jmnkQ"]},{"@type":"Person","@id":"https:\/\/www.tvuai.com.br\/portal\/#\/schema\/person\/245e50e9127451fd0b7fd76f519ebbfe","name":"tvuai","url":"https:\/\/www.tvuai.com.br\/portal\/author\/tvuai\/"}]}},"jetpack_featured_media_url":"https:\/\/i0.wp.com\/www.tvuai.com.br\/portal\/wp-content\/uploads\/2026\/04\/bovinucultura-FEPI0.jpg?fit=200%2C200&ssl=1","wpmagazine_modules_lite_featured_media_urls":{"thumbnail":["https:\/\/i0.wp.com\/www.tvuai.com.br\/portal\/wp-content\/uploads\/2026\/04\/bovinucultura-FEPI0.jpg?resize=150%2C150&ssl=1",150,150,true],"cvmm-medium":["https:\/\/i0.wp.com\/www.tvuai.com.br\/portal\/wp-content\/uploads\/2026\/04\/bovinucultura-FEPI0.jpg?resize=200%2C200&ssl=1",200,200,true],"cvmm-medium-plus":["https:\/\/i0.wp.com\/www.tvuai.com.br\/portal\/wp-content\/uploads\/2026\/04\/bovinucultura-FEPI0.jpg?resize=200%2C200&ssl=1",200,200,true],"cvmm-portrait":["https:\/\/i0.wp.com\/www.tvuai.com.br\/portal\/wp-content\/uploads\/2026\/04\/bovinucultura-FEPI0.jpg?resize=200%2C200&ssl=1",200,200,true],"cvmm-medium-square":["https:\/\/i0.wp.com\/www.tvuai.com.br\/portal\/wp-content\/uploads\/2026\/04\/bovinucultura-FEPI0.jpg?resize=200%2C200&ssl=1",200,200,true],"cvmm-large":["https:\/\/i0.wp.com\/www.tvuai.com.br\/portal\/wp-content\/uploads\/2026\/04\/bovinucultura-FEPI0.jpg?resize=200%2C200&ssl=1",200,200,true],"cvmm-small":["https:\/\/i0.wp.com\/www.tvuai.com.br\/portal\/wp-content\/uploads\/2026\/04\/bovinucultura-FEPI0.jpg?resize=130%2C95&ssl=1",130,95,true],"full":["https:\/\/i0.wp.com\/www.tvuai.com.br\/portal\/wp-content\/uploads\/2026\/04\/bovinucultura-FEPI0.jpg?fit=200%2C200&ssl=1",200,200,false]},"categories_names":{"1969":{"name":"Agricultura","link":"https:\/\/www.tvuai.com.br\/portal\/category\/agricultura\/"},"1817":{"name":"Bichos","link":"https:\/\/www.tvuai.com.br\/portal\/category\/bichos\/"},"1845":{"name":"Educa\u00e7\u00e3o","link":"https:\/\/www.tvuai.com.br\/portal\/category\/educacao\/"},"19":{"name":"Not\u00edcias","link":"https:\/\/www.tvuai.com.br\/portal\/category\/noticias\/"},"5":{"name":"\u00daltimas Not\u00edcias","link":"https:\/\/www.tvuai.com.br\/portal\/category\/noticias\/ultimas\/"}},"tags_names":{"841":{"name":"agroneg\u00f3cio","link":"https:\/\/www.tvuai.com.br\/portal\/tag\/agronegocio\/"},"8711":{"name":"bovinocultura","link":"https:\/\/www.tvuai.com.br\/portal\/tag\/bovinocultura\/"},"8712":{"name":"dia de campo","link":"https:\/\/www.tvuai.com.br\/portal\/tag\/dia-de-campo\/"},"8713":{"name":"extens\u00e3o rural","link":"https:\/\/www.tvuai.com.br\/portal\/tag\/extensao-rural\/"},"6726":{"name":"Fepi","link":"https:\/\/www.tvuai.com.br\/portal\/tag\/fepi\/"},"8714":{"name":"inova\u00e7\u00e3o no campo","link":"https:\/\/www.tvuai.com.br\/portal\/tag\/inovacao-no-campo\/"},"991":{"name":"Itajub\u00e1","link":"https:\/\/www.tvuai.com.br\/portal\/tag\/itajuba\/"},"8715":{"name":"medicina veterin\u00e1ria","link":"https:\/\/www.tvuai.com.br\/portal\/tag\/medicina-veterinaria\/"},"184":{"name":"Minas Gerais","link":"https:\/\/www.tvuai.com.br\/portal\/tag\/minas-gerais\/"},"37":{"name":"Pouso Alegre","link":"https:\/\/www.tvuai.com.br\/portal\/tag\/pouso-alegre\/"},"5929":{"name":"produtores rurais","link":"https:\/\/www.tvuai.com.br\/portal\/tag\/produtores-rurais\/"},"39":{"name":"Sul de Minas","link":"https:\/\/www.tvuai.com.br\/portal\/tag\/sul-de-minas\/"},"27":{"name":"TV Uai","link":"https:\/\/www.tvuai.com.br\/portal\/tag\/tv-uai\/"},"8053":{"name":"TV UAI 26 anos ainda estamos aqui ainda independentes","link":"https:\/\/www.tvuai.com.br\/portal\/tag\/tv-uai-26-anos-ainda-estamos-aqui-ainda-independentes\/"},"1618":{"name":"TV UAI Pouso Alegre","link":"https:\/\/www.tvuai.com.br\/portal\/tag\/tv-uai-pouso-alegre\/"},"6793":{"name":"veterin\u00e1ria","link":"https:\/\/www.tvuai.com.br\/portal\/tag\/veterinaria\/"}},"comments_number":"0","jetpack_shortlink":"https:\/\/wp.me\/p9woix-4g9","jetpack_sharing_enabled":true,"_links":{"self":[{"href":"https:\/\/www.tvuai.com.br\/portal\/wp-json\/wp\/v2\/posts\/16377"}],"collection":[{"href":"https:\/\/www.tvuai.com.br\/portal\/wp-json\/wp\/v2\/posts"}],"about":[{"href":"https:\/\/www.tvuai.com.br\/portal\/wp-json\/wp\/v2\/types\/post"}],"author":[{"embeddable":true,"href":"https:\/\/www.tvuai.com.br\/portal\/wp-json\/wp\/v2\/users\/1"}],"replies":[{"embeddable":true,"href":"https:\/\/www.tvuai.com.br\/portal\/wp-json\/wp\/v2\/comments?post=16377"}],"version-history":[{"count":3,"href":"https:\/\/www.tvuai.com.br\/portal\/wp-json\/wp\/v2\/posts\/16377\/revisions"}],"predecessor-version":[{"id":16384,"href":"https:\/\/www.tvuai.com.br\/portal\/wp-json\/wp\/v2\/posts\/16377\/revisions\/16384"}],"wp:featuredmedia":[{"embeddable":true,"href":"https:\/\/www.tvuai.com.br\/portal\/wp-json\/wp\/v2\/media\/16380"}],"wp:attachment":[{"href":"https:\/\/www.tvuai.com.br\/portal\/wp-json\/wp\/v2\/media?parent=16377"}],"wp:term":[{"taxonomy":"category","embeddable":true,"href":"https:\/\/www.tvuai.com.br\/portal\/wp-json\/wp\/v2\/categories?post=16377"},{"taxonomy":"post_tag","embeddable":true,"href":"https:\/\/www.tvuai.com.br\/portal\/wp-json\/wp\/v2\/tags?post=16377"}],"curies":[{"name":"wp","href":"https:\/\/api.w.org\/{rel}","templated":true}]}}