{"id":16269,"date":"2026-04-13T18:38:57","date_gmt":"2026-04-13T21:38:57","guid":{"rendered":"https:\/\/www.tvuai.com.br\/portal\/?p=16269"},"modified":"2026-04-14T19:43:12","modified_gmt":"2026-04-14T22:43:12","slug":"el-nino-pode-trazer-calor-extremo-a-pouso-alegre-e-regiao-em-2026-alertam-especialistas","status":"publish","type":"post","link":"https:\/\/www.tvuai.com.br\/portal\/el-nino-pode-trazer-calor-extremo-a-pouso-alegre-e-regiao-em-2026-alertam-especialistas\/","title":{"rendered":"El Ni\u00f1o pode trazer calor extremo a Pouso Alegre e regi\u00e3o em 2026, alertam especialistas"},"content":{"rendered":"<div class=\"5a1038e0903b96d426fcfcc338703013\" data-index=\"1\" style=\"float: right; margin:10px 0 10px 10px;\">\n<script async src=\"https:\/\/pagead2.googlesyndication.com\/pagead\/js\/adsbygoogle.js?client=ca-pub-9945944833605257\"\r\n     crossorigin=\"anonymous\"><\/script>\r\n<ins class=\"adsbygoogle\"\r\n     style=\"display:block; text-align:center;\"\r\n     data-ad-layout=\"in-article\"\r\n     data-ad-format=\"fluid\"\r\n     data-ad-client=\"ca-pub-9945944833605257\"\r\n     data-ad-slot=\"2343923581\"><\/ins>\r\n<script>\r\n     (adsbygoogle = window.adsbygoogle || []).push({});\r\n<\/script>\n<\/div>\n<div class=\"flex h-svh w-screen flex-col\">\n<div class=\"relative z-0 flex min-h-0 w-full flex-1\">\n<div class=\"relative flex min-h-0 w-full flex-1\">\n<div class=\"@container\/main relative flex min-w-0 flex-1 flex-col -translate-y-[calc(env(safe-area-inset-bottom,0px)\/2)] pt-[calc(env(safe-area-inset-bottom,0px)\/2)]\">\n<div class=\"@w-sm\/main:[scrollbar-gutter:var(--stage-scroll-gutter)] touch:[scrollbar-width:none] group\/scroll-root relative flex min-h-0 min-w-0 flex-1 flex-col [scrollbar-gutter:stable] not-print:overflow-x-clip not-print:overflow-y-auto group-data-stream-active\/scroll-root:[overflow-anchor:none] scroll-pt-(--header-height) [--sticky-padding-top:var(--header-height)] [--sticky-padding-bottom:0px] [--scroll-root-safe-area-inset-top:calc(var(--sticky-padding-top)+env(safe-area-inset-top,0px))] [--scroll-root-safe-area-inset-bottom:calc(var(--sticky-padding-bottom)+var(--screen-keyboard-height,0px)+env(safe-area-inset-bottom,0px))] [--scroll-root-safe-area-height:calc(100lvh-var(--scroll-root-safe-area-inset-top)-var(--scroll-root-safe-area-inset-bottom))] has-data-[fixed-header=less-than-xl]:@w-xl\/main:scroll-pt-0 has-data-[fixed-header=less-than-xl]:@w-xl\/main:[--sticky-padding-top:0px] has-data-[fixed-header=less-than-xxl]:@w-2xl\/main:scroll-pt-0 has-data-[fixed-header=less-than-xxl]:@w-2xl\/main:[--sticky-padding-top:0px]\" data-scroll-root=\"\" data-scroll-from-top=\"\">\n<div id=\"thread\" class=\"group\/thread flex flex-col min-h-full\">\n<div class=\"composer-parent flex flex-1 flex-col focus-visible:outline-0\" role=\"presentation\">\n<div class=\"relative basis-auto flex-col -mb-(--composer-overlap-px) pb-(--composer-overlap-px) [--composer-overlap-px:28px] grow flex\">\n<div class=\"flex flex-col text-sm\">\n<section class=\"text-token-text-primary w-full focus:outline-none [--shadow-height:45px] has-data-writing-block:pointer-events-none has-data-writing-block:-mt-(--shadow-height) has-data-writing-block:pt-(--shadow-height) [&amp;:has([data-writing-block])&gt;*]:pointer-events-auto [content-visibility:auto] supports-[content-visibility:auto]:[contain-intrinsic-size:auto_100lvh] R6Vx5W_threadScrollVars scroll-mb-[calc(var(--scroll-root-safe-area-inset-bottom,0px)+var(--thread-response-height))] scroll-mt-[calc(var(--header-height)+min(200px,max(70px,20svh)))]\" dir=\"auto\" data-turn-id=\"request-69dcfa7a-4598-83e9-a389-2284e482a646-2\" data-testid=\"conversation-turn-12\" data-scroll-anchor=\"false\" data-turn=\"assistant\">\n<div class=\"text-base my-auto mx-auto [--thread-content-margin:var(--thread-content-margin-xs,calc(var(--spacing)*4))] @w-sm\/main:[--thread-content-margin:var(--thread-content-margin-sm,calc(var(--spacing)*6))] @w-lg\/main:[--thread-content-margin:var(--thread-content-margin-lg,calc(var(--spacing)*16))] px-(--thread-content-margin)\">\n<div class=\"[--thread-content-max-width:40rem] @w-lg\/main:[--thread-content-max-width:48rem] mx-auto max-w-(--thread-content-max-width) flex-1 group\/turn-messages focus-visible:outline-hidden relative flex w-full min-w-0 flex-col agent-turn\">\n<div class=\"flex max-w-full flex-col gap-4 grow\">\n<div class=\"min-h-8 text-message relative flex w-full flex-col items-end gap-2 text-start break-words whitespace-normal outline-none keyboard-focused:focus-ring [.text-message+&amp;]:mt-1\" dir=\"auto\" data-message-author-role=\"assistant\" data-message-id=\"bcf1c404-102a-438f-adb3-1d67765e04d3\" data-message-model-slug=\"gpt-5-3\">\n<div class=\"flex w-full flex-col gap-1 empty:hidden\">\n<div class=\"markdown prose dark:prose-invert w-full wrap-break-word light markdown-new-styling\">\n<h5 style=\"text-align: center;\" data-start=\"262\" data-end=\"396\"><em><strong>Fen\u00f4meno El Ni\u00f1o pode intensificar calor em Pouso Alegre, com riscos \u00e0 sa\u00fade, economia e aumento de queimadas<\/strong><\/em><\/h5>\n<p data-start=\"497\" data-end=\"811\"><img data-recalc-dims=\"1\" fetchpriority=\"high\" decoding=\"async\" data-attachment-id=\"16272\" data-permalink=\"https:\/\/www.tvuai.com.br\/portal\/el-nino-pode-trazer-calor-extremo-a-pouso-alegre-e-regiao-em-2026-alertam-especialistas\/el-nino\/\" data-orig-file=\"https:\/\/i0.wp.com\/www.tvuai.com.br\/portal\/wp-content\/uploads\/2026\/04\/el-nino.jpg?fit=800%2C534&amp;ssl=1\" data-orig-size=\"800,534\" data-comments-opened=\"0\" data-image-meta=\"{&quot;aperture&quot;:&quot;0&quot;,&quot;credit&quot;:&quot;&quot;,&quot;camera&quot;:&quot;&quot;,&quot;caption&quot;:&quot;&quot;,&quot;created_timestamp&quot;:&quot;0&quot;,&quot;copyright&quot;:&quot;&quot;,&quot;focal_length&quot;:&quot;0&quot;,&quot;iso&quot;:&quot;0&quot;,&quot;shutter_speed&quot;:&quot;0&quot;,&quot;title&quot;:&quot;&quot;,&quot;orientation&quot;:&quot;0&quot;}\" data-image-title=\"el nino\" data-image-description=\"\" data-image-caption=\"\" data-medium-file=\"https:\/\/i0.wp.com\/www.tvuai.com.br\/portal\/wp-content\/uploads\/2026\/04\/el-nino.jpg?fit=300%2C200&amp;ssl=1\" data-large-file=\"https:\/\/i0.wp.com\/www.tvuai.com.br\/portal\/wp-content\/uploads\/2026\/04\/el-nino.jpg?fit=640%2C427&amp;ssl=1\" tabindex=\"0\" role=\"button\" class=\"aligncenter size-full wp-image-16272\" src=\"https:\/\/i0.wp.com\/www.tvuai.com.br\/portal\/wp-content\/uploads\/2026\/04\/el-nino.jpg?resize=640%2C427&#038;ssl=1\" alt=\"\" width=\"640\" height=\"427\" srcset=\"https:\/\/i0.wp.com\/www.tvuai.com.br\/portal\/wp-content\/uploads\/2026\/04\/el-nino.jpg?w=800&amp;ssl=1 800w, https:\/\/i0.wp.com\/www.tvuai.com.br\/portal\/wp-content\/uploads\/2026\/04\/el-nino.jpg?resize=300%2C200&amp;ssl=1 300w, https:\/\/i0.wp.com\/www.tvuai.com.br\/portal\/wp-content\/uploads\/2026\/04\/el-nino.jpg?resize=768%2C513&amp;ssl=1 768w\" sizes=\"(max-width: 640px) 100vw, 640px\" \/>Moradores de <span class=\"hover:entity-accent entity-underline inline cursor-pointer align-baseline\"><span class=\"whitespace-normal\">Pouso Alegre<\/span><\/span> e do Sul de Minas devem se preparar para um poss\u00edvel cen\u00e1rio de calor intenso ao longo de 2026. Um alerta t\u00e9cnico do <span class=\"hover:entity-accent entity-underline inline cursor-pointer align-baseline\"><span class=\"whitespace-normal\">Centro Nacional de Monitoramento e Alertas de Desastres Naturais<\/span><\/span> aponta risco de um \u201cdesastre t\u00e9rmico\u201d no pa\u00eds, associado \u00e0 atua\u00e7\u00e3o do <span class=\"hover:entity-accent entity-underline inline cursor-pointer align-baseline\"><span class=\"whitespace-normal\">El Ni\u00f1o<\/span><\/span>.<\/p>\n<p data-start=\"813\" data-end=\"1019\">Segundo os especialistas, h\u00e1 cerca de 80% de probabilidade de o fen\u00f4meno se consolidar no Oceano Pac\u00edfico, o que pode intensificar e prolongar as ondas de calor, principalmente a partir do segundo semestre.<\/p>\n<p style=\"text-align: center;\" data-start=\"813\" data-end=\"1019\"><strong>Regi\u00e3o Sudeste deve sentir calor mais persistente<\/strong><\/p>\n<p data-start=\"1076\" data-end=\"1348\">De acordo com o <span class=\"hover:entity-accent entity-underline inline cursor-pointer align-baseline\"><span class=\"whitespace-normal\">Instituto Nacional de Meteorologia<\/span><\/span>, o El Ni\u00f1o provoca mudan\u00e7as na circula\u00e7\u00e3o da atmosfera, afetando diretamente o clima em diversas regi\u00f5es. No Sudeste, onde est\u00e1 Pouso Alegre, a tend\u00eancia \u00e9 de temperaturas mais elevadas e per\u00edodos prolongados de calor.<\/p>\n<p data-start=\"1350\" data-end=\"1552\">Na pr\u00e1tica, isso pode significar dias consecutivos de temperaturas acima da m\u00e9dia, com menor frequ\u00eancia de frentes frias capazes de amenizar o calor \u2014 algo que impacta diretamente a rotina da popula\u00e7\u00e3o.<\/p>\n<p style=\"text-align: center;\" data-start=\"1350\" data-end=\"1552\"><strong>Calor sem tr\u00e9gua preocupa especialistas<\/strong><\/p>\n<p data-start=\"1599\" data-end=\"1801\">Outro fator de aten\u00e7\u00e3o \u00e9 a eleva\u00e7\u00e3o das temperaturas durante a noite. Sem o resfriamento adequado, o corpo humano tem mais dificuldade para se recuperar do calor do dia, o que aumenta os riscos \u00e0 sa\u00fade.<\/p>\n<p data-start=\"1803\" data-end=\"1968\">Problemas respirat\u00f3rios, cardiovasculares, desidrata\u00e7\u00e3o e estresse t\u00e9rmico tendem a crescer nesse cen\u00e1rio, especialmente entre idosos e pessoas com doen\u00e7as cr\u00f4nicas.<\/p>\n<p style=\"text-align: center;\" data-start=\"1803\" data-end=\"1968\"><strong>Impactos podem atingir agricultura e economia local<\/strong><\/p>\n<p data-start=\"2027\" data-end=\"2260\">Na regi\u00e3o do Sul de Minas, os efeitos do calor extremo tamb\u00e9m podem ser sentidos na produ\u00e7\u00e3o agr\u00edcola. Culturas sens\u00edveis a altas temperaturas e \u00e0 irregularidade das chuvas podem sofrer perdas, afetando produtores e a economia local.<\/p>\n<p data-start=\"2262\" data-end=\"2408\">Al\u00e9m disso, o risco de queimadas aumenta significativamente em per\u00edodos de calor intenso e baixa umidade, o que tamb\u00e9m acende um alerta ambiental.<\/p>\n<p style=\"text-align: center;\" data-start=\"2262\" data-end=\"2408\"><strong>Monitoramento ser\u00e1 fundamental ao longo do ano<\/strong><\/p>\n<p data-start=\"2462\" data-end=\"2599\">O <span class=\"hover:entity-accent entity-underline inline cursor-pointer align-baseline\"><span class=\"whitespace-normal\">Instituto Nacional de Pesquisas Espaciais<\/span><\/span> refor\u00e7a que o El Ni\u00f1o tem impacto direto nos padr\u00f5es clim\u00e1ticos e exige acompanhamento constante.<\/p>\n<p data-start=\"2601\" data-end=\"2789\">Diante da possibilidade de um cen\u00e1rio mais extremo, especialistas recomendam aten\u00e7\u00e3o redobrada e medidas preventivas, j\u00e1 que os efeitos podem se estender por v\u00e1rios meses ao longo de 2026.<\/p>\n<p style=\"text-align: center;\" data-start=\"2601\" data-end=\"2789\"><strong>Voc\u00ea sabia?<\/strong><\/p>\n<\/div>\n<\/div>\n<\/div>\n<\/div>\n<\/div>\n<\/div>\n<\/section>\n<section class=\"text-token-text-primary w-full focus:outline-none [--shadow-height:45px] has-data-writing-block:pointer-events-none has-data-writing-block:-mt-(--shadow-height) has-data-writing-block:pt-(--shadow-height) [&amp;:has([data-writing-block])&gt;*]:pointer-events-auto [content-visibility:auto] supports-[content-visibility:auto]:[contain-intrinsic-size:auto_100lvh] R6Vx5W_threadScrollVars scroll-mb-[calc(var(--scroll-root-safe-area-inset-bottom,0px)+var(--thread-response-height))] scroll-mt-[calc(var(--header-height)+min(200px,max(70px,20svh)))]\" dir=\"auto\" data-turn-id=\"request-69dcfa7a-4598-83e9-a389-2284e482a646-3\" data-testid=\"conversation-turn-14\" data-scroll-anchor=\"false\" data-turn=\"assistant\">\n<div class=\"text-base my-auto mx-auto [--thread-content-margin:var(--thread-content-margin-xs,calc(var(--spacing)*4))] @w-sm\/main:[--thread-content-margin:var(--thread-content-margin-sm,calc(var(--spacing)*6))] @w-lg\/main:[--thread-content-margin:var(--thread-content-margin-lg,calc(var(--spacing)*16))] px-(--thread-content-margin)\">\n<div class=\"[--thread-content-max-width:40rem] @w-lg\/main:[--thread-content-max-width:48rem] mx-auto max-w-(--thread-content-max-width) flex-1 group\/turn-messages focus-visible:outline-hidden relative flex w-full min-w-0 flex-col agent-turn\">\n<div class=\"flex max-w-full flex-col gap-4 grow\">\n<div class=\"min-h-8 text-message relative flex w-full flex-col items-end gap-2 text-start break-words whitespace-normal outline-none keyboard-focused:focus-ring [.text-message+&amp;]:mt-1\" dir=\"auto\" data-message-author-role=\"assistant\" data-message-id=\"e732d786-d225-4f71-845d-baff3b41da13\" data-message-model-slug=\"gpt-5-3\">\n<div class=\"flex w-full flex-col gap-1 empty:hidden\">\n<div class=\"markdown prose dark:prose-invert w-full wrap-break-word light markdown-new-styling\">\n<p data-start=\"176\" data-end=\"358\">Durante eventos fortes de <span class=\"hover:entity-accent entity-underline inline cursor-pointer align-baseline\"><span class=\"whitespace-normal\">El Ni\u00f1o<\/span><\/span>, o problema n\u00e3o \u00e9 s\u00f3 o calor do dia, as noites ficam at\u00e9 5\u00b0C mais quentes do que o normal em algumas regi\u00f5es.\u00a0Isso muda tudo.<\/p>\n<p data-start=\"377\" data-end=\"474\">Sem o resfriamento noturno, o corpo humano n\u00e3o consegue \u201cresetar\u201d. \u00c9 a\u00ed que aumentam os casos de: cansa\u00e7o extremo, press\u00e3o desregulada, desidrata\u00e7\u00e3o silenciosa (a mais perigosa). E tem mais: uma sequ\u00eancia de 3 a 5 noites muito quentes seguidas j\u00e1 \u00e9 suficiente pra disparar alertas de sa\u00fade p\u00fablica em v\u00e1rias cidades.<\/p>\n<p style=\"text-align: center;\" data-start=\"377\" data-end=\"474\"><strong>Como se proteger do calor extremo<\/strong><\/p>\n<\/div>\n<\/div>\n<\/div>\n<\/div>\n<\/div>\n<\/div>\n<\/section>\n<section class=\"text-token-text-primary w-full focus:outline-none [--shadow-height:45px] has-data-writing-block:pointer-events-none has-data-writing-block:-mt-(--shadow-height) has-data-writing-block:pt-(--shadow-height) [&amp;:has([data-writing-block])&gt;*]:pointer-events-auto [content-visibility:auto] supports-[content-visibility:auto]:[contain-intrinsic-size:auto_100lvh] R6Vx5W_threadScrollVars scroll-mb-[calc(var(--scroll-root-safe-area-inset-bottom,0px)+var(--thread-response-height))] scroll-mt-[calc(var(--header-height)+min(200px,max(70px,20svh)))]\" dir=\"auto\" data-turn-id=\"request-69dcfa7a-4598-83e9-a389-2284e482a646-4\" data-testid=\"conversation-turn-16\" data-scroll-anchor=\"false\" data-turn=\"assistant\">\n<div class=\"text-base my-auto mx-auto pb-10 [--thread-content-margin:var(--thread-content-margin-xs,calc(var(--spacing)*4))] @w-sm\/main:[--thread-content-margin:var(--thread-content-margin-sm,calc(var(--spacing)*6))] @w-lg\/main:[--thread-content-margin:var(--thread-content-margin-lg,calc(var(--spacing)*16))] px-(--thread-content-margin)\">\n<div class=\"[--thread-content-max-width:40rem] @w-lg\/main:[--thread-content-max-width:48rem] mx-auto max-w-(--thread-content-max-width) flex-1 group\/turn-messages focus-visible:outline-hidden relative flex w-full min-w-0 flex-col agent-turn\">\n<div class=\"flex max-w-full flex-col gap-4 grow\">\n<div class=\"min-h-8 text-message relative flex w-full flex-col items-end gap-2 text-start break-words whitespace-normal outline-none keyboard-focused:focus-ring [.text-message+&amp;]:mt-1\" dir=\"auto\" tabindex=\"0\" data-message-author-role=\"assistant\" data-message-id=\"2b26fb1f-981c-4c40-9edf-2636889f902c\" data-message-model-slug=\"gpt-5-3\" data-turn-start-message=\"true\">\n<div class=\"flex w-full flex-col gap-1 empty:hidden\">\n<div class=\"markdown prose dark:prose-invert w-full wrap-break-word light markdown-new-styling\">\n<p data-start=\"129\" data-end=\"299\">Diante da previs\u00e3o de temperaturas mais elevadas com a atua\u00e7\u00e3o do <span class=\"hover:entity-accent entity-underline inline cursor-pointer align-baseline\"><span class=\"whitespace-normal\">El Ni\u00f1o<\/span><\/span>, alguns cuidados simples podem ajudar a reduzir os riscos \u00e0 sa\u00fade:<\/p>\n<p data-start=\"129\" data-end=\"299\">Hidrate-se com frequ\u00eancia<br data-start=\"333\" data-end=\"336\" \/>Beba \u00e1gua ao longo do dia, mesmo sem sentir sede. Evite excesso de bebidas alco\u00f3licas e com cafe\u00edna.<\/p>\n<p data-start=\"438\" data-end=\"586\">Evite exposi\u00e7\u00e3o nos hor\u00e1rios mais quentes<br data-start=\"487\" data-end=\"490\" \/>Entre 10h e 16h, o sol \u00e9 mais intenso. Sempre que poss\u00edvel, procure locais frescos e com sombra.<\/p>\n<p data-start=\"588\" data-end=\"687\">Use roupas leves<br data-start=\"611\" data-end=\"614\" \/>Prefira tecidos claros e confort\u00e1veis, que ajudam na ventila\u00e7\u00e3o do corpo.<\/p>\n<p data-start=\"689\" data-end=\"798\">Mantenha os ambientes arejados<br data-start=\"726\" data-end=\"729\" \/>Abra janelas, use ventiladores e evite ambientes fechados e abafados.<\/p>\n<p data-start=\"800\" data-end=\"903\">Alimente-se de forma leve<br data-start=\"832\" data-end=\"835\" \/>D\u00ea prefer\u00eancia a alimentos frescos, como frutas, verduras e legumes.<\/p>\n<p data-start=\"905\" data-end=\"1065\">Aten\u00e7\u00e3o redobrada com grupos vulner\u00e1veis<br data-start=\"954\" data-end=\"957\" \/>Crian\u00e7as, idosos e pessoas com doen\u00e7as cr\u00f4nicas precisam de cuidados especiais em per\u00edodos de calor intenso.<\/p>\n<p data-start=\"1067\" data-end=\"1198\">Fique atento aos sinais do corpo<br data-start=\"1106\" data-end=\"1109\" \/>Tontura, fraqueza, dor de cabe\u00e7a e n\u00e1usea podem indicar desidrata\u00e7\u00e3o ou estresse t\u00e9rmico.<\/p>\n<\/div>\n<\/div>\n<\/div>\n<\/div>\n<\/div>\n<\/div>\n<\/section>\n<\/div>\n<\/div>\n<\/div>\n<\/div>\n<\/div>\n<\/div>\n<\/div>\n<\/div>\n<\/div>\n\n<div style=\"font-size: 0px; height: 0px; line-height: 0px; margin: 0; padding: 0; clear: both;\"><\/div><div class='share-to-whatsapp-wrapper'><div class='share-on-whsp'>Share on: <\/div><a data-text='El Ni\u00f1o pode trazer calor extremo a Pouso Alegre e regi\u00e3o em 2026, alertam especialistas' data-link='https:\/\/www.tvuai.com.br\/portal\/el-nino-pode-trazer-calor-extremo-a-pouso-alegre-e-regiao-em-2026-alertam-especialistas\/' class='whatsapp-button whatsapp-share'>WhatsApp<\/a><div class='clear '><\/div><\/div><!-- AddThis Advanced Settings generic via filter on the_content --><!-- AddThis Share Buttons generic via filter on the_content -->","protected":false},"excerpt":{"rendered":"<p>Fen\u00f4meno El Ni\u00f1o pode intensificar calor em Pouso Alegre, com riscos \u00e0 sa\u00fade, economia e aumento de queimadas Moradores de Pouso Alegre e do Sul de Minas devem se preparar para um poss\u00edvel cen\u00e1rio de calor intenso ao longo de 2026. Um alerta t\u00e9cnico do Centro Nacional de Monitoramento e Alertas de Desastres Naturais aponta [&hellip;]<!-- AddThis Advanced Settings generic via filter on get_the_excerpt --><!-- AddThis Share Buttons generic via filter on get_the_excerpt --><\/p>\n","protected":false},"author":1,"featured_media":16273,"comment_status":"closed","ping_status":"closed","sticky":false,"template":"","format":"standard","meta":{"jetpack_post_was_ever_published":false,"_jetpack_newsletter_access":"","_jetpack_dont_email_post_to_subs":false,"_jetpack_newsletter_tier_id":0,"_jetpack_memberships_contains_paywalled_content":false,"_jetpack_memberships_contains_paid_content":false,"_joinchat":[],"footnotes":"","jetpack_publicize_message":"","jetpack_publicize_feature_enabled":true,"jetpack_social_post_already_shared":true,"jetpack_social_options":{"image_generator_settings":{"template":"highway","enabled":false},"version":2}},"categories":[1642,19,1876,1826,5,1829],"tags":[2957,8653,8654,7193,8652,2251,1631,184,3016,3017,37,971,831,39,27,8053,1618],"class_list":["post-16269","post","type-post","status-publish","format-standard","has-post-thumbnail","hentry","category-tecnologia","category-noticias","category-saude","category-tempo","category-ultimas","category-utilidade","tag-agricultura","tag-calor-extremo","tag-cemaden","tag-clima","tag-el-nino","tag-inmet","tag-inpe","tag-minas-gerais","tag-mudancas-climaticas","tag-onda-de-calor","tag-pouso-alegre","tag-queimadas","tag-saude","tag-sul-de-minas","tag-tv-uai","tag-tv-uai-26-anos-ainda-estamos-aqui-ainda-independentes","tag-tv-uai-pouso-alegre"],"jetpack_publicize_connections":[],"yoast_head":"<!-- This site is optimized with the Yoast SEO plugin v23.5 - https:\/\/yoast.com\/wordpress\/plugins\/seo\/ -->\n<title>El Ni\u00f1o pode trazer calor extremo a Pouso Alegre e regi\u00e3o em 2026, alertam especialistas - TVUAI<\/title>\n<meta name=\"robots\" content=\"index, follow, max-snippet:-1, max-image-preview:large, max-video-preview:-1\" \/>\n<link rel=\"canonical\" href=\"https:\/\/www.tvuai.com.br\/portal\/el-nino-pode-trazer-calor-extremo-a-pouso-alegre-e-regiao-em-2026-alertam-especialistas\/\" \/>\n<meta property=\"og:locale\" content=\"pt_BR\" \/>\n<meta property=\"og:type\" content=\"article\" \/>\n<meta property=\"og:title\" content=\"El Ni\u00f1o pode trazer calor extremo a Pouso Alegre e regi\u00e3o em 2026, alertam especialistas - TVUAI\" \/>\n<meta property=\"og:description\" content=\"Fen\u00f4meno El Ni\u00f1o pode intensificar calor em Pouso Alegre, com riscos \u00e0 sa\u00fade, economia e aumento de queimadas Moradores de Pouso Alegre e do Sul de Minas devem se preparar para um poss\u00edvel cen\u00e1rio de calor intenso ao longo de 2026. Um alerta t\u00e9cnico do Centro Nacional de Monitoramento e Alertas de Desastres Naturais aponta [&hellip;]\" \/>\n<meta property=\"og:url\" content=\"https:\/\/www.tvuai.com.br\/portal\/el-nino-pode-trazer-calor-extremo-a-pouso-alegre-e-regiao-em-2026-alertam-especialistas\/\" \/>\n<meta property=\"og:site_name\" content=\"TVUAI\" \/>\n<meta property=\"article:publisher\" content=\"http:\/\/www.facebook.com\/pages\/TV-Uai-Comunica%c3%a7%c3%a3o\/139062546157369\" \/>\n<meta property=\"article:published_time\" content=\"2026-04-13T21:38:57+00:00\" \/>\n<meta property=\"article:modified_time\" content=\"2026-04-14T22:43:12+00:00\" \/>\n<meta property=\"og:image\" content=\"https:\/\/www.tvuai.com.br\/portal\/wp-content\/uploads\/2026\/04\/el-nino0.jpg\" \/>\n\t<meta property=\"og:image:width\" content=\"200\" \/>\n\t<meta property=\"og:image:height\" content=\"200\" \/>\n\t<meta property=\"og:image:type\" content=\"image\/jpeg\" \/>\n<meta name=\"author\" content=\"tvuai\" \/>\n<meta name=\"twitter:card\" content=\"summary_large_image\" \/>\n<meta name=\"twitter:creator\" content=\"@tvuai\" \/>\n<meta name=\"twitter:site\" content=\"@tvuai\" \/>\n<meta name=\"twitter:label1\" content=\"Escrito por\" \/>\n\t<meta name=\"twitter:data1\" content=\"tvuai\" \/>\n\t<meta name=\"twitter:label2\" content=\"Est. tempo de leitura\" \/>\n\t<meta name=\"twitter:data2\" content=\"4 minutos\" \/>\n<script type=\"application\/ld+json\" class=\"yoast-schema-graph\">{\"@context\":\"https:\/\/schema.org\",\"@graph\":[{\"@type\":\"Article\",\"@id\":\"https:\/\/www.tvuai.com.br\/portal\/el-nino-pode-trazer-calor-extremo-a-pouso-alegre-e-regiao-em-2026-alertam-especialistas\/#article\",\"isPartOf\":{\"@id\":\"https:\/\/www.tvuai.com.br\/portal\/el-nino-pode-trazer-calor-extremo-a-pouso-alegre-e-regiao-em-2026-alertam-especialistas\/\"},\"author\":{\"name\":\"tvuai\",\"@id\":\"https:\/\/www.tvuai.com.br\/portal\/#\/schema\/person\/245e50e9127451fd0b7fd76f519ebbfe\"},\"headline\":\"El Ni\u00f1o pode trazer calor extremo a Pouso Alegre e regi\u00e3o em 2026, alertam especialistas\",\"datePublished\":\"2026-04-13T21:38:57+00:00\",\"dateModified\":\"2026-04-14T22:43:12+00:00\",\"mainEntityOfPage\":{\"@id\":\"https:\/\/www.tvuai.com.br\/portal\/el-nino-pode-trazer-calor-extremo-a-pouso-alegre-e-regiao-em-2026-alertam-especialistas\/\"},\"wordCount\":683,\"publisher\":{\"@id\":\"https:\/\/www.tvuai.com.br\/portal\/#organization\"},\"image\":{\"@id\":\"https:\/\/www.tvuai.com.br\/portal\/el-nino-pode-trazer-calor-extremo-a-pouso-alegre-e-regiao-em-2026-alertam-especialistas\/#primaryimage\"},\"thumbnailUrl\":\"https:\/\/i0.wp.com\/www.tvuai.com.br\/portal\/wp-content\/uploads\/2026\/04\/el-nino0.jpg?fit=200%2C200&ssl=1\",\"keywords\":[\"Agricultura\",\"calor extremo\",\"Cemaden\",\"clima\",\"El Ni\u00f1o\",\"Inmet\",\"Inpe\",\"Minas Gerais\",\"mudan\u00e7as clim\u00e1ticas\",\"onda de calor\",\"Pouso Alegre\",\"queimadas\",\"sa\u00fade\",\"Sul de Minas\",\"TV Uai\",\"TV UAI 26 anos ainda estamos aqui ainda independentes\",\"TV UAI Pouso Alegre\"],\"articleSection\":[\"Ci\u00eancia e Tecnologia\",\"Not\u00edcias\",\"Sa\u00fade\",\"Tempo\",\"\u00daltimas Not\u00edcias\",\"Utilidade Publica\"],\"inLanguage\":\"pt-BR\"},{\"@type\":\"WebPage\",\"@id\":\"https:\/\/www.tvuai.com.br\/portal\/el-nino-pode-trazer-calor-extremo-a-pouso-alegre-e-regiao-em-2026-alertam-especialistas\/\",\"url\":\"https:\/\/www.tvuai.com.br\/portal\/el-nino-pode-trazer-calor-extremo-a-pouso-alegre-e-regiao-em-2026-alertam-especialistas\/\",\"name\":\"El Ni\u00f1o pode trazer calor extremo a Pouso Alegre e regi\u00e3o em 2026, alertam especialistas - TVUAI\",\"isPartOf\":{\"@id\":\"https:\/\/www.tvuai.com.br\/portal\/#website\"},\"primaryImageOfPage\":{\"@id\":\"https:\/\/www.tvuai.com.br\/portal\/el-nino-pode-trazer-calor-extremo-a-pouso-alegre-e-regiao-em-2026-alertam-especialistas\/#primaryimage\"},\"image\":{\"@id\":\"https:\/\/www.tvuai.com.br\/portal\/el-nino-pode-trazer-calor-extremo-a-pouso-alegre-e-regiao-em-2026-alertam-especialistas\/#primaryimage\"},\"thumbnailUrl\":\"https:\/\/i0.wp.com\/www.tvuai.com.br\/portal\/wp-content\/uploads\/2026\/04\/el-nino0.jpg?fit=200%2C200&ssl=1\",\"datePublished\":\"2026-04-13T21:38:57+00:00\",\"dateModified\":\"2026-04-14T22:43:12+00:00\",\"breadcrumb\":{\"@id\":\"https:\/\/www.tvuai.com.br\/portal\/el-nino-pode-trazer-calor-extremo-a-pouso-alegre-e-regiao-em-2026-alertam-especialistas\/#breadcrumb\"},\"inLanguage\":\"pt-BR\",\"potentialAction\":[{\"@type\":\"ReadAction\",\"target\":[\"https:\/\/www.tvuai.com.br\/portal\/el-nino-pode-trazer-calor-extremo-a-pouso-alegre-e-regiao-em-2026-alertam-especialistas\/\"]}]},{\"@type\":\"ImageObject\",\"inLanguage\":\"pt-BR\",\"@id\":\"https:\/\/www.tvuai.com.br\/portal\/el-nino-pode-trazer-calor-extremo-a-pouso-alegre-e-regiao-em-2026-alertam-especialistas\/#primaryimage\",\"url\":\"https:\/\/i0.wp.com\/www.tvuai.com.br\/portal\/wp-content\/uploads\/2026\/04\/el-nino0.jpg?fit=200%2C200&ssl=1\",\"contentUrl\":\"https:\/\/i0.wp.com\/www.tvuai.com.br\/portal\/wp-content\/uploads\/2026\/04\/el-nino0.jpg?fit=200%2C200&ssl=1\",\"width\":200,\"height\":200},{\"@type\":\"BreadcrumbList\",\"@id\":\"https:\/\/www.tvuai.com.br\/portal\/el-nino-pode-trazer-calor-extremo-a-pouso-alegre-e-regiao-em-2026-alertam-especialistas\/#breadcrumb\",\"itemListElement\":[{\"@type\":\"ListItem\",\"position\":1,\"name\":\"In\u00edcio\",\"item\":\"https:\/\/www.tvuai.com.br\/portal\/\"},{\"@type\":\"ListItem\",\"position\":2,\"name\":\"El Ni\u00f1o pode trazer calor extremo a Pouso Alegre e regi\u00e3o em 2026, alertam especialistas\"}]},{\"@type\":\"WebSite\",\"@id\":\"https:\/\/www.tvuai.com.br\/portal\/#website\",\"url\":\"https:\/\/www.tvuai.com.br\/portal\/\",\"name\":\"TVUAI\",\"description\":\"Tudo sobre o Sul de Minas\",\"publisher\":{\"@id\":\"https:\/\/www.tvuai.com.br\/portal\/#organization\"},\"potentialAction\":[{\"@type\":\"SearchAction\",\"target\":{\"@type\":\"EntryPoint\",\"urlTemplate\":\"https:\/\/www.tvuai.com.br\/portal\/?s={search_term_string}\"},\"query-input\":{\"@type\":\"PropertyValueSpecification\",\"valueRequired\":true,\"valueName\":\"search_term_string\"}}],\"inLanguage\":\"pt-BR\"},{\"@type\":\"Organization\",\"@id\":\"https:\/\/www.tvuai.com.br\/portal\/#organization\",\"name\":\"TVUAI\",\"url\":\"https:\/\/www.tvuai.com.br\/portal\/\",\"logo\":{\"@type\":\"ImageObject\",\"inLanguage\":\"pt-BR\",\"@id\":\"https:\/\/www.tvuai.com.br\/portal\/#\/schema\/logo\/image\/\",\"url\":\"https:\/\/i0.wp.com\/www.tvuai.com.br\/portal\/wp-content\/uploads\/2017\/12\/logo_tvuai_100H.png?fit=207%2C100&ssl=1\",\"contentUrl\":\"https:\/\/i0.wp.com\/www.tvuai.com.br\/portal\/wp-content\/uploads\/2017\/12\/logo_tvuai_100H.png?fit=207%2C100&ssl=1\",\"width\":207,\"height\":100,\"caption\":\"TVUAI\"},\"image\":{\"@id\":\"https:\/\/www.tvuai.com.br\/portal\/#\/schema\/logo\/image\/\"},\"sameAs\":[\"http:\/\/www.facebook.com\/pages\/TV-Uai-Comunica\u00e7\u00e3o\/139062546157369\",\"https:\/\/x.com\/tvuai\",\"https:\/\/www.instagram.com\/tvuai_network\/\",\"https:\/\/www.youtube.com\/channel\/UCB7ZPB3wRv-OpoZ_09jmnkQ\"]},{\"@type\":\"Person\",\"@id\":\"https:\/\/www.tvuai.com.br\/portal\/#\/schema\/person\/245e50e9127451fd0b7fd76f519ebbfe\",\"name\":\"tvuai\",\"url\":\"https:\/\/www.tvuai.com.br\/portal\/author\/tvuai\/\"}]}<\/script>\n<!-- \/ Yoast SEO plugin. -->","yoast_head_json":{"title":"El Ni\u00f1o pode trazer calor extremo a Pouso Alegre e regi\u00e3o em 2026, alertam especialistas - TVUAI","robots":{"index":"index","follow":"follow","max-snippet":"max-snippet:-1","max-image-preview":"max-image-preview:large","max-video-preview":"max-video-preview:-1"},"canonical":"https:\/\/www.tvuai.com.br\/portal\/el-nino-pode-trazer-calor-extremo-a-pouso-alegre-e-regiao-em-2026-alertam-especialistas\/","og_locale":"pt_BR","og_type":"article","og_title":"El Ni\u00f1o pode trazer calor extremo a Pouso Alegre e regi\u00e3o em 2026, alertam especialistas - TVUAI","og_description":"Fen\u00f4meno El Ni\u00f1o pode intensificar calor em Pouso Alegre, com riscos \u00e0 sa\u00fade, economia e aumento de queimadas Moradores de Pouso Alegre e do Sul de Minas devem se preparar para um poss\u00edvel cen\u00e1rio de calor intenso ao longo de 2026. Um alerta t\u00e9cnico do Centro Nacional de Monitoramento e Alertas de Desastres Naturais aponta [&hellip;]","og_url":"https:\/\/www.tvuai.com.br\/portal\/el-nino-pode-trazer-calor-extremo-a-pouso-alegre-e-regiao-em-2026-alertam-especialistas\/","og_site_name":"TVUAI","article_publisher":"http:\/\/www.facebook.com\/pages\/TV-Uai-Comunica%c3%a7%c3%a3o\/139062546157369","article_published_time":"2026-04-13T21:38:57+00:00","article_modified_time":"2026-04-14T22:43:12+00:00","og_image":[{"width":200,"height":200,"url":"https:\/\/www.tvuai.com.br\/portal\/wp-content\/uploads\/2026\/04\/el-nino0.jpg","type":"image\/jpeg"}],"author":"tvuai","twitter_card":"summary_large_image","twitter_creator":"@tvuai","twitter_site":"@tvuai","twitter_misc":{"Escrito por":"tvuai","Est. tempo de leitura":"4 minutos"},"schema":{"@context":"https:\/\/schema.org","@graph":[{"@type":"Article","@id":"https:\/\/www.tvuai.com.br\/portal\/el-nino-pode-trazer-calor-extremo-a-pouso-alegre-e-regiao-em-2026-alertam-especialistas\/#article","isPartOf":{"@id":"https:\/\/www.tvuai.com.br\/portal\/el-nino-pode-trazer-calor-extremo-a-pouso-alegre-e-regiao-em-2026-alertam-especialistas\/"},"author":{"name":"tvuai","@id":"https:\/\/www.tvuai.com.br\/portal\/#\/schema\/person\/245e50e9127451fd0b7fd76f519ebbfe"},"headline":"El Ni\u00f1o pode trazer calor extremo a Pouso Alegre e regi\u00e3o em 2026, alertam especialistas","datePublished":"2026-04-13T21:38:57+00:00","dateModified":"2026-04-14T22:43:12+00:00","mainEntityOfPage":{"@id":"https:\/\/www.tvuai.com.br\/portal\/el-nino-pode-trazer-calor-extremo-a-pouso-alegre-e-regiao-em-2026-alertam-especialistas\/"},"wordCount":683,"publisher":{"@id":"https:\/\/www.tvuai.com.br\/portal\/#organization"},"image":{"@id":"https:\/\/www.tvuai.com.br\/portal\/el-nino-pode-trazer-calor-extremo-a-pouso-alegre-e-regiao-em-2026-alertam-especialistas\/#primaryimage"},"thumbnailUrl":"https:\/\/i0.wp.com\/www.tvuai.com.br\/portal\/wp-content\/uploads\/2026\/04\/el-nino0.jpg?fit=200%2C200&ssl=1","keywords":["Agricultura","calor extremo","Cemaden","clima","El Ni\u00f1o","Inmet","Inpe","Minas Gerais","mudan\u00e7as clim\u00e1ticas","onda de calor","Pouso Alegre","queimadas","sa\u00fade","Sul de Minas","TV Uai","TV UAI 26 anos ainda estamos aqui ainda independentes","TV UAI Pouso Alegre"],"articleSection":["Ci\u00eancia e Tecnologia","Not\u00edcias","Sa\u00fade","Tempo","\u00daltimas Not\u00edcias","Utilidade Publica"],"inLanguage":"pt-BR"},{"@type":"WebPage","@id":"https:\/\/www.tvuai.com.br\/portal\/el-nino-pode-trazer-calor-extremo-a-pouso-alegre-e-regiao-em-2026-alertam-especialistas\/","url":"https:\/\/www.tvuai.com.br\/portal\/el-nino-pode-trazer-calor-extremo-a-pouso-alegre-e-regiao-em-2026-alertam-especialistas\/","name":"El Ni\u00f1o pode trazer calor extremo a Pouso Alegre e regi\u00e3o em 2026, alertam especialistas - TVUAI","isPartOf":{"@id":"https:\/\/www.tvuai.com.br\/portal\/#website"},"primaryImageOfPage":{"@id":"https:\/\/www.tvuai.com.br\/portal\/el-nino-pode-trazer-calor-extremo-a-pouso-alegre-e-regiao-em-2026-alertam-especialistas\/#primaryimage"},"image":{"@id":"https:\/\/www.tvuai.com.br\/portal\/el-nino-pode-trazer-calor-extremo-a-pouso-alegre-e-regiao-em-2026-alertam-especialistas\/#primaryimage"},"thumbnailUrl":"https:\/\/i0.wp.com\/www.tvuai.com.br\/portal\/wp-content\/uploads\/2026\/04\/el-nino0.jpg?fit=200%2C200&ssl=1","datePublished":"2026-04-13T21:38:57+00:00","dateModified":"2026-04-14T22:43:12+00:00","breadcrumb":{"@id":"https:\/\/www.tvuai.com.br\/portal\/el-nino-pode-trazer-calor-extremo-a-pouso-alegre-e-regiao-em-2026-alertam-especialistas\/#breadcrumb"},"inLanguage":"pt-BR","potentialAction":[{"@type":"ReadAction","target":["https:\/\/www.tvuai.com.br\/portal\/el-nino-pode-trazer-calor-extremo-a-pouso-alegre-e-regiao-em-2026-alertam-especialistas\/"]}]},{"@type":"ImageObject","inLanguage":"pt-BR","@id":"https:\/\/www.tvuai.com.br\/portal\/el-nino-pode-trazer-calor-extremo-a-pouso-alegre-e-regiao-em-2026-alertam-especialistas\/#primaryimage","url":"https:\/\/i0.wp.com\/www.tvuai.com.br\/portal\/wp-content\/uploads\/2026\/04\/el-nino0.jpg?fit=200%2C200&ssl=1","contentUrl":"https:\/\/i0.wp.com\/www.tvuai.com.br\/portal\/wp-content\/uploads\/2026\/04\/el-nino0.jpg?fit=200%2C200&ssl=1","width":200,"height":200},{"@type":"BreadcrumbList","@id":"https:\/\/www.tvuai.com.br\/portal\/el-nino-pode-trazer-calor-extremo-a-pouso-alegre-e-regiao-em-2026-alertam-especialistas\/#breadcrumb","itemListElement":[{"@type":"ListItem","position":1,"name":"In\u00edcio","item":"https:\/\/www.tvuai.com.br\/portal\/"},{"@type":"ListItem","position":2,"name":"El Ni\u00f1o pode trazer calor extremo a Pouso Alegre e regi\u00e3o em 2026, alertam especialistas"}]},{"@type":"WebSite","@id":"https:\/\/www.tvuai.com.br\/portal\/#website","url":"https:\/\/www.tvuai.com.br\/portal\/","name":"TVUAI","description":"Tudo sobre o Sul de Minas","publisher":{"@id":"https:\/\/www.tvuai.com.br\/portal\/#organization"},"potentialAction":[{"@type":"SearchAction","target":{"@type":"EntryPoint","urlTemplate":"https:\/\/www.tvuai.com.br\/portal\/?s={search_term_string}"},"query-input":{"@type":"PropertyValueSpecification","valueRequired":true,"valueName":"search_term_string"}}],"inLanguage":"pt-BR"},{"@type":"Organization","@id":"https:\/\/www.tvuai.com.br\/portal\/#organization","name":"TVUAI","url":"https:\/\/www.tvuai.com.br\/portal\/","logo":{"@type":"ImageObject","inLanguage":"pt-BR","@id":"https:\/\/www.tvuai.com.br\/portal\/#\/schema\/logo\/image\/","url":"https:\/\/i0.wp.com\/www.tvuai.com.br\/portal\/wp-content\/uploads\/2017\/12\/logo_tvuai_100H.png?fit=207%2C100&ssl=1","contentUrl":"https:\/\/i0.wp.com\/www.tvuai.com.br\/portal\/wp-content\/uploads\/2017\/12\/logo_tvuai_100H.png?fit=207%2C100&ssl=1","width":207,"height":100,"caption":"TVUAI"},"image":{"@id":"https:\/\/www.tvuai.com.br\/portal\/#\/schema\/logo\/image\/"},"sameAs":["http:\/\/www.facebook.com\/pages\/TV-Uai-Comunica\u00e7\u00e3o\/139062546157369","https:\/\/x.com\/tvuai","https:\/\/www.instagram.com\/tvuai_network\/","https:\/\/www.youtube.com\/channel\/UCB7ZPB3wRv-OpoZ_09jmnkQ"]},{"@type":"Person","@id":"https:\/\/www.tvuai.com.br\/portal\/#\/schema\/person\/245e50e9127451fd0b7fd76f519ebbfe","name":"tvuai","url":"https:\/\/www.tvuai.com.br\/portal\/author\/tvuai\/"}]}},"jetpack_featured_media_url":"https:\/\/i0.wp.com\/www.tvuai.com.br\/portal\/wp-content\/uploads\/2026\/04\/el-nino0.jpg?fit=200%2C200&ssl=1","wpmagazine_modules_lite_featured_media_urls":{"thumbnail":["https:\/\/i0.wp.com\/www.tvuai.com.br\/portal\/wp-content\/uploads\/2026\/04\/el-nino0.jpg?resize=150%2C150&ssl=1",150,150,true],"cvmm-medium":["https:\/\/i0.wp.com\/www.tvuai.com.br\/portal\/wp-content\/uploads\/2026\/04\/el-nino0.jpg?resize=200%2C200&ssl=1",200,200,true],"cvmm-medium-plus":["https:\/\/i0.wp.com\/www.tvuai.com.br\/portal\/wp-content\/uploads\/2026\/04\/el-nino0.jpg?resize=200%2C200&ssl=1",200,200,true],"cvmm-portrait":["https:\/\/i0.wp.com\/www.tvuai.com.br\/portal\/wp-content\/uploads\/2026\/04\/el-nino0.jpg?resize=200%2C200&ssl=1",200,200,true],"cvmm-medium-square":["https:\/\/i0.wp.com\/www.tvuai.com.br\/portal\/wp-content\/uploads\/2026\/04\/el-nino0.jpg?resize=200%2C200&ssl=1",200,200,true],"cvmm-large":["https:\/\/i0.wp.com\/www.tvuai.com.br\/portal\/wp-content\/uploads\/2026\/04\/el-nino0.jpg?resize=200%2C200&ssl=1",200,200,true],"cvmm-small":["https:\/\/i0.wp.com\/www.tvuai.com.br\/portal\/wp-content\/uploads\/2026\/04\/el-nino0.jpg?resize=130%2C95&ssl=1",130,95,true],"full":["https:\/\/i0.wp.com\/www.tvuai.com.br\/portal\/wp-content\/uploads\/2026\/04\/el-nino0.jpg?fit=200%2C200&ssl=1",200,200,false]},"categories_names":{"1642":{"name":"Ci\u00eancia e Tecnologia","link":"https:\/\/www.tvuai.com.br\/portal\/category\/tecnologia\/"},"19":{"name":"Not\u00edcias","link":"https:\/\/www.tvuai.com.br\/portal\/category\/noticias\/"},"1876":{"name":"Sa\u00fade","link":"https:\/\/www.tvuai.com.br\/portal\/category\/saude\/"},"1826":{"name":"Tempo","link":"https:\/\/www.tvuai.com.br\/portal\/category\/tempo\/"},"5":{"name":"\u00daltimas Not\u00edcias","link":"https:\/\/www.tvuai.com.br\/portal\/category\/noticias\/ultimas\/"},"1829":{"name":"Utilidade Publica","link":"https:\/\/www.tvuai.com.br\/portal\/category\/utilidade\/"}},"tags_names":{"2957":{"name":"Agricultura","link":"https:\/\/www.tvuai.com.br\/portal\/tag\/agricultura\/"},"8653":{"name":"calor extremo","link":"https:\/\/www.tvuai.com.br\/portal\/tag\/calor-extremo\/"},"8654":{"name":"Cemaden","link":"https:\/\/www.tvuai.com.br\/portal\/tag\/cemaden\/"},"7193":{"name":"clima","link":"https:\/\/www.tvuai.com.br\/portal\/tag\/clima\/"},"8652":{"name":"El Ni\u00f1o","link":"https:\/\/www.tvuai.com.br\/portal\/tag\/el-nino\/"},"2251":{"name":"Inmet","link":"https:\/\/www.tvuai.com.br\/portal\/tag\/inmet\/"},"1631":{"name":"Inpe","link":"https:\/\/www.tvuai.com.br\/portal\/tag\/inpe\/"},"184":{"name":"Minas Gerais","link":"https:\/\/www.tvuai.com.br\/portal\/tag\/minas-gerais\/"},"3016":{"name":"mudan\u00e7as clim\u00e1ticas","link":"https:\/\/www.tvuai.com.br\/portal\/tag\/mudancas-climaticas\/"},"3017":{"name":"onda de calor","link":"https:\/\/www.tvuai.com.br\/portal\/tag\/onda-de-calor\/"},"37":{"name":"Pouso Alegre","link":"https:\/\/www.tvuai.com.br\/portal\/tag\/pouso-alegre\/"},"971":{"name":"queimadas","link":"https:\/\/www.tvuai.com.br\/portal\/tag\/queimadas\/"},"831":{"name":"sa\u00fade","link":"https:\/\/www.tvuai.com.br\/portal\/tag\/saude\/"},"39":{"name":"Sul de Minas","link":"https:\/\/www.tvuai.com.br\/portal\/tag\/sul-de-minas\/"},"27":{"name":"TV Uai","link":"https:\/\/www.tvuai.com.br\/portal\/tag\/tv-uai\/"},"8053":{"name":"TV UAI 26 anos ainda estamos aqui ainda independentes","link":"https:\/\/www.tvuai.com.br\/portal\/tag\/tv-uai-26-anos-ainda-estamos-aqui-ainda-independentes\/"},"1618":{"name":"TV UAI Pouso Alegre","link":"https:\/\/www.tvuai.com.br\/portal\/tag\/tv-uai-pouso-alegre\/"}},"comments_number":"0","jetpack_shortlink":"https:\/\/wp.me\/p9woix-4ep","jetpack_sharing_enabled":true,"_links":{"self":[{"href":"https:\/\/www.tvuai.com.br\/portal\/wp-json\/wp\/v2\/posts\/16269"}],"collection":[{"href":"https:\/\/www.tvuai.com.br\/portal\/wp-json\/wp\/v2\/posts"}],"about":[{"href":"https:\/\/www.tvuai.com.br\/portal\/wp-json\/wp\/v2\/types\/post"}],"author":[{"embeddable":true,"href":"https:\/\/www.tvuai.com.br\/portal\/wp-json\/wp\/v2\/users\/1"}],"replies":[{"embeddable":true,"href":"https:\/\/www.tvuai.com.br\/portal\/wp-json\/wp\/v2\/comments?post=16269"}],"version-history":[{"count":3,"href":"https:\/\/www.tvuai.com.br\/portal\/wp-json\/wp\/v2\/posts\/16269\/revisions"}],"predecessor-version":[{"id":16274,"href":"https:\/\/www.tvuai.com.br\/portal\/wp-json\/wp\/v2\/posts\/16269\/revisions\/16274"}],"wp:featuredmedia":[{"embeddable":true,"href":"https:\/\/www.tvuai.com.br\/portal\/wp-json\/wp\/v2\/media\/16273"}],"wp:attachment":[{"href":"https:\/\/www.tvuai.com.br\/portal\/wp-json\/wp\/v2\/media?parent=16269"}],"wp:term":[{"taxonomy":"category","embeddable":true,"href":"https:\/\/www.tvuai.com.br\/portal\/wp-json\/wp\/v2\/categories?post=16269"},{"taxonomy":"post_tag","embeddable":true,"href":"https:\/\/www.tvuai.com.br\/portal\/wp-json\/wp\/v2\/tags?post=16269"}],"curies":[{"name":"wp","href":"https:\/\/api.w.org\/{rel}","templated":true}]}}