{"id":1610,"date":"2020-02-12T01:24:29","date_gmt":"2020-02-12T03:24:29","guid":{"rendered":"http:\/\/www.tvuai.com.br\/portal\/?p=1610"},"modified":"2020-07-03T18:22:30","modified_gmt":"2020-07-03T21:22:30","slug":"adolescentes-infratores-de-pouso-alegre-deixam-de-ser-internados-por-falta-de-vagas-falta-deputado-eleito-em-pouso-alegre-para-se-preocupar-com-o-caso","status":"publish","type":"post","link":"https:\/\/www.tvuai.com.br\/portal\/adolescentes-infratores-de-pouso-alegre-deixam-de-ser-internados-por-falta-de-vagas-falta-deputado-eleito-em-pouso-alegre-para-se-preocupar-com-o-caso\/","title":{"rendered":"Adolescentes infratores de Pouso Alegre deixam de ser internados por falta de vagas. Falta deputado eleito em Pouso Alegre para se preocupar com o caso"},"content":{"rendered":"<div class=\"5a1038e0903b96d426fcfcc338703013\" data-index=\"1\" style=\"float: right; margin:10px 0 10px 10px;\">\n<script async src=\"https:\/\/pagead2.googlesyndication.com\/pagead\/js\/adsbygoogle.js?client=ca-pub-9945944833605257\"\r\n     crossorigin=\"anonymous\"><\/script>\r\n<ins class=\"adsbygoogle\"\r\n     style=\"display:block; text-align:center;\"\r\n     data-ad-layout=\"in-article\"\r\n     data-ad-format=\"fluid\"\r\n     data-ad-client=\"ca-pub-9945944833605257\"\r\n     data-ad-slot=\"2343923581\"><\/ins>\r\n<script>\r\n     (adsbygoogle = window.adsbygoogle || []).push({});\r\n<\/script>\n<\/div>\n<h6><em><strong><img data-recalc-dims=\"1\" fetchpriority=\"high\" decoding=\"async\" data-attachment-id=\"1612\" data-permalink=\"https:\/\/www.tvuai.com.br\/portal\/adolescentes-infratores-de-pouso-alegre-deixam-de-ser-internados-por-falta-de-vagas-falta-deputado-eleito-em-pouso-alegre-para-se-preocupar-com-o-caso\/socioeducativo\/\" data-orig-file=\"https:\/\/i0.wp.com\/www.tvuai.com.br\/portal\/wp-content\/uploads\/2020\/02\/socioeducativo-e1581477420611.jpg?fit=200%2C150&amp;ssl=1\" data-orig-size=\"200,150\" data-comments-opened=\"0\" data-image-meta=\"{&quot;aperture&quot;:&quot;0&quot;,&quot;credit&quot;:&quot;&quot;,&quot;camera&quot;:&quot;&quot;,&quot;caption&quot;:&quot;&quot;,&quot;created_timestamp&quot;:&quot;0&quot;,&quot;copyright&quot;:&quot;&quot;,&quot;focal_length&quot;:&quot;0&quot;,&quot;iso&quot;:&quot;0&quot;,&quot;shutter_speed&quot;:&quot;0&quot;,&quot;title&quot;:&quot;&quot;,&quot;orientation&quot;:&quot;1&quot;}\" data-image-title=\"socioeducativo\" data-image-description=\"\" data-image-caption=\"\" data-medium-file=\"https:\/\/i0.wp.com\/www.tvuai.com.br\/portal\/wp-content\/uploads\/2020\/02\/socioeducativo-e1581477420611.jpg?fit=300%2C225&amp;ssl=1\" data-large-file=\"https:\/\/i0.wp.com\/www.tvuai.com.br\/portal\/wp-content\/uploads\/2020\/02\/socioeducativo-e1581477420611.jpg?fit=200%2C150&amp;ssl=1\" tabindex=\"0\" role=\"button\" class=\"aligncenter size-full wp-image-1612\" src=\"https:\/\/i0.wp.com\/www.tvuai.com.br\/portal\/wp-content\/uploads\/2020\/02\/socioeducativo.jpg?resize=500%2C375\" alt=\"\" width=\"500\" height=\"375\" \/>Rosy Pantale\u00e3o<\/strong><\/em><\/h6>\n<p>A maioria das determina\u00e7\u00f5es de internamento de adolescentes que cometem pequenas infra\u00e7\u00f5es ou at\u00e9 mesmo crimes na comarca de Pouso Alegre &#8211; que abrange, al\u00e9m de Pouso Alegre, os munic\u00edpios de Congonhal, Estiva, Senador Jos\u00e9 Bento e os distritos de Pantano dos Rosas e S\u00e3o Jos\u00e9 do Pantano &#8211; em geral n\u00e3o s\u00e3o cumpridas por falta de vagas nas unidades s\u00f3cioeducativas do Estado.<\/p>\n<p>Sem esse atendimento, os adolescentes infratores s\u00f3 podem ser encaminhados \u00e0 Delegacia de Pol\u00edcia, sem estrutura organizacional para receb\u00ea-los, onde permanecem por at\u00e9 cinco dias at\u00e9 serem transferidos, se conseguirem vagas, para unidades de interna\u00e7\u00e3o provis\u00f3ria em outros munic\u00edpios ou encaminhados de volta \u00e0s suas casas e com acesso novamente \u00e0s ruas.<\/p>\n<p>Falta em Pouso Alegre e no extremo sul de Minas um centro de recupera\u00e7\u00e3o para adolescentes infratores, o que aliviaria at\u00e9 mesmo o trabalho da pol\u00edcia. Segundo informa\u00e7\u00f5es do judici\u00e1rio, o Estado n\u00e3o atende, muitas vezes, os pedidos de interna\u00e7\u00e3o com o argumento de que o sistema n\u00e3o tem vagas. Um dos ju\u00edzes informou que quando a vaga \u00e9 disponibilizada o adolescente \u00e9 enviado, normalmente pra Belo Horizonte, Contagem, Passos ou Sete Lagoas.<br \/>\nUm dos promotor de Justi\u00e7a relatou que esse tipo de procedimento viola o direito do menor adolescente em ficar perto da fam\u00edlia, mesmo quando apreendido contrariando o Estatuto da Crian\u00e7a e do Adolescente (ECA) ao apreend\u00ea-lo em delegacias. . &#8220;Quando pedimos uma vaga, se a vaga n\u00e3o sair em cinco dias, a cust\u00f3dia dele na delegacia \u00e9 ilegal. Poderemos ter ainda o risco de adolescentes com infra\u00e7\u00f5es mais perigosas serem liberados nesse momento&#8221;, pontua.<\/p>\n<p>Em Pouso Alegre, com o fechamento pelo prefeito Rafael Sim\u00f5es, ap\u00f3s aval da C\u00e2mara dos Vereadores atrav\u00e9s da aprova\u00e7\u00e3o da Lei Municipal n\u00ba 5.884\/2017, as atividades da Funda\u00e7\u00e3o Pousoalegrense Pro-Valoriza\u00e7\u00e3o do Menor &#8211; Promenor, foram encerradas. O Promenor executava dois projetos de grande relev\u00e2ncia para adolescentes infratores, o PEMSE &#8211; Programa de Atendimento para a execu\u00e7\u00e3o das Medidas S\u00f3cio-Educativas em Meio Aberto e CONVIVER-SCFV &#8211; Servi\u00e7o de Conviv\u00eancia e Fortalecimento de V\u00ednculo. Tamb\u00e9m a guarda Municipal que colaborava com a ordem social foi revogada com aval da maioria dos vereadores para dar lugar a uma vigil\u00e2ncia armada terceirizada. A partir da\u00ed, v\u00e1rios estabelecimentos p\u00fablicos j\u00e1 foram invadidos e roubados por falta de seguran\u00e7a. Um outro detalhe, que colaborou para o aumento elevado de menores infratores foi a falta de manuten\u00e7\u00e3o do projeto &#8220;Olho Vivo&#8221; com c\u00e2meras monitorando os pontos mais vulner\u00e1veis. Um exemplo claro foi quando do assalto com ref\u00e9ns da Caixa Econ\u00f4mica Federal, no centro de Pouso Alegre, em maio do ano passado, quando foram utilizadas algumas imagens de c\u00e2meras particulares pois as do Olho Vivo estavam desligadas. Ap\u00f3s o assalto que foi not\u00edcia em todo o pa\u00eds, com parceria da Pol\u00edcia Militar, o monitoramento foi retomado.<\/p>\n<p>Como uma das maiores cidades do sul de Minas e com v\u00e1rios pr\u00e9dios abandonados pelos governos do Estado e Federal, \u00e9 importante que haja uma a\u00e7\u00e3o or\u00e7ament\u00e1ria efetiva para a reforma dos pr\u00e9dios ou constru\u00e7\u00e3o de uma unidade socioeducativa para atender ao grande n\u00famero de adolescentes infratores que perambulam pelas ruas da comarca sendo, muitas vezes, cooptados por organiza\u00e7\u00f5es criminosas e trazendo inseguran\u00e7a \u00e0 popula\u00e7\u00e3o.<\/p>\n<p style=\"text-align: center\"><strong>Sistema socioeducativo em Minas<\/strong><\/p>\n<p>A Subsecretaria de Atendimento Socioeducativo (Suase) elabora, coordena e executa a pol\u00edtica de atendimento ao adolescente autor de ato infracional em Minas Gerais. Entre as diretrizes do \u00f3rg\u00e3o est\u00e3o, al\u00e9m da responsabiliza\u00e7\u00e3o do jovem, o resgate da conviv\u00eancia familiar, o incentivo ao estudo, o fortalecimento dos v\u00ednculos comunit\u00e1rios e o est\u00edmulo \u00e0 autonomia por meio da participa\u00e7\u00e3o social. Nas cidades de Alfenas e Guaxup\u00e9 est\u00e3o previstos a constru\u00e7\u00e3o de novos sistema socioeducativos.<\/p>\n<p>O trabalho com o adolescente ocorre por meio do cumprimento de medidas socioeducativas e \u00e9 desenvolvido por uma equipe especializada e multidisciplinar. Al\u00e9m das a\u00e7\u00f5es de atendimento, a Suase possui um papel central de articula\u00e7\u00e3o dos envolvidos na quest\u00e3o do adolescente autor de ato infracional. Isso reflete na interlocu\u00e7\u00e3o com o Sistema de Justi\u00e7a, por meio de iniciativas como a integra\u00e7\u00e3o operacional, realiza\u00e7\u00e3o de semin\u00e1rios e capacita\u00e7\u00f5es conjuntas. Impacta tamb\u00e9m na cria\u00e7\u00e3o de programas em parceria com a Pol\u00edcia Militar e na expans\u00e3o de delegacias especializadas em conjunto com a Pol\u00edcia Civil.<\/p>\n<p>As unidades que desempenham a interna\u00e7\u00e3o provis\u00f3ria em Minas Gerais buscam localizar a trajet\u00f3ria infracional do adolescente, seus la\u00e7os familiares e comunit\u00e1rios, bem como eventual percurso pela rede de atendimento. Com esses dados, \u00e9 elaborado um relat\u00f3rio interdisciplinar que tem o objetivo de subsidiar o Judici\u00e1rio. Em Pouso Alegre, tais relat\u00f3rios eram elaborados pelo Promenor extinto pelo prefeito Rafael Sim\u00f5es.<\/p>\n<p>Durante o per\u00edodo em que os jovens permanecem cumprindo a medida socioeducativa, busca-se o estabelecimento de v\u00ednculos e a promo\u00e7\u00e3o de encaminhamentos \u00e0 rede externa de atendimento, a fim de que outras possibilidades sejam vislumbradas por eles. Para tanto, s\u00e3o disponibilizados para os adolescentes servi\u00e7os t\u00e9cnicos nas \u00e1reas de psicologia, servi\u00e7o social, pedagogia, terapia ocupacional, medicina, enfermagem, odontologia e direito, al\u00e9m de acompanhamento escolar, oficinas em diversas modalidades e atividades nas \u00e1reas de inclus\u00e3o produtiva, esporte, cultura e lazer.<\/p>\n<h2><strong>Esta \u00e9 a nossa opini\u00e3o<\/strong><\/h2>\n<p>At\u00e9 mesmo para a constru\u00e7\u00e3o de um hospital veterin\u00e1rio foi necess\u00e1rio que o deputado estadual Osvaldo Lopes &#8211; fora da &#8220;casinha de Pouso Alegre&#8221; com apenas 145 votos por aqui, mas que escuta seus eleitores interessados na quest\u00e3o animal &#8211; colocasse no or\u00e7amento a verba para tal constru\u00e7\u00e3o.<\/p>\n<p>Pouso Alegre tem um deputado estadual muito bem votado na cidade, Dr. Paulo. Tem tamb\u00e9m, votados e eleitos, os deputados Dalmo Ribeiro, Bruno Engler, Doorgal Andrada, Noraldino Junior, Sargento Rodrigues, Ulysses Gomes, Leandro Genaro, In\u00e1cio Franco, al\u00e9m de outros que foram eleitos com votos da cidade; sem contar os federais e o secret\u00e1rio de Governo, Bilac Pinto. No entanto, nenhum deles, ao que parece, sabe qual a necessidade real de Pouso Alegre.<\/p>\n<p>Nenhum deles se interessou em colocar no or\u00e7amento um Centro de Recupera\u00e7\u00e3o de Adolescentes Infratores; uma necessidade imediata n\u00e3o apenas para Pouso Alegre mas tamb\u00e9m para seu entorno. Talvez porque nenhum deles ande a p\u00e9 por Pouso Alegre e n\u00e3o sintam na pele o que acontece na cidade sem que pol\u00edcia, ju\u00edzes e promotores possam fazer nada al\u00e9m de dar uma bronca e mandar para a casa. Um c\u00edrculo vicioso que aumentou muito ap\u00f3s o fechamento do Promenor pelo prefeito Rafael Sim\u00f5es.<\/p>\n<p>Est\u00e1 na hora desses deputados entenderem que a cidade precisa mais do que favores trocados na administra\u00e7\u00e3o municipal ou na C\u00e2mara de Vereadores. O que a popula\u00e7\u00e3o precisa de fato em Pouso Alegre \u00e9 de mais seguran\u00e7a, mais sa\u00fade, mais respeito aos seus cidad\u00e3os e n\u00e3o politicagem de futuros candidatos a cargos municipais que, se ainda n\u00e3o entenderam, podem levar para o buraco suas candidaturas e de suas lideran\u00e7as maiores que, na maior parte das vezes, n\u00e3o compactuam com certas pr\u00e1ticas que o Brasil n\u00e3o aceita mais.<\/p>\n\n<div style=\"font-size: 0px; height: 0px; line-height: 0px; margin: 0; padding: 0; clear: both;\"><\/div><div class='share-to-whatsapp-wrapper'><div class='share-on-whsp'>Share on: <\/div><a data-text='Adolescentes infratores de Pouso Alegre deixam de ser internados por falta de vagas. Falta deputado eleito em Pouso Alegre para se preocupar com o caso' data-link='https:\/\/www.tvuai.com.br\/portal\/adolescentes-infratores-de-pouso-alegre-deixam-de-ser-internados-por-falta-de-vagas-falta-deputado-eleito-em-pouso-alegre-para-se-preocupar-com-o-caso\/' class='whatsapp-button whatsapp-share'>WhatsApp<\/a><div class='clear '><\/div><\/div><!-- AddThis Advanced Settings generic via filter on the_content --><!-- AddThis Share Buttons generic via filter on the_content -->","protected":false},"excerpt":{"rendered":"<p>Rosy Pantale\u00e3o A maioria das determina\u00e7\u00f5es de internamento de adolescentes que cometem pequenas infra\u00e7\u00f5es ou at\u00e9 mesmo crimes na comarca de Pouso Alegre &#8211; que abrange, al\u00e9m de Pouso Alegre, os munic\u00edpios de Congonhal, Estiva, Senador Jos\u00e9 Bento e os distritos de Pantano dos Rosas e S\u00e3o Jos\u00e9 do Pantano &#8211; em geral n\u00e3o s\u00e3o [&hellip;]<!-- AddThis Advanced Settings generic via filter on get_the_excerpt --><!-- AddThis Share Buttons generic via filter on get_the_excerpt --><\/p>\n","protected":false},"author":2,"featured_media":1612,"comment_status":"closed","ping_status":"closed","sticky":false,"template":"","format":"standard","meta":{"jetpack_post_was_ever_published":false,"_jetpack_newsletter_access":"","_jetpack_dont_email_post_to_subs":false,"_jetpack_newsletter_tier_id":0,"_jetpack_memberships_contains_paywalled_content":false,"_jetpack_memberships_contains_paid_content":false,"_joinchat":[],"footnotes":"","jetpack_publicize_message":"","jetpack_publicize_feature_enabled":true,"jetpack_social_post_already_shared":true,"jetpack_social_options":{"image_generator_settings":{"template":"highway","enabled":false},"version":2}},"categories":[19],"tags":[112,113,105,104,106,103,111,110,107,108,109,37,39,27],"class_list":["post-1610","post","type-post","status-publish","format-standard","has-post-thumbnail","hentry","category-noticias","tag-bilac-pinto","tag-centro-de-recuperacao-para-adolescentes-infratores","tag-deputado-estadual-bruno-engler","tag-deputado-estadual-dalmo-ribeiro","tag-deputado-estadual-doorgal-andrada","tag-deputado-estadual-dr-paulo-valdir","tag-deputado-estadual-inacio-franco","tag-deputado-estadual-leandro-genaro","tag-deputado-estadual-noraldino-junior","tag-deputado-estadual-sargento-rodrigues","tag-deputado-estadual-ulysses-gomes","tag-pouso-alegre","tag-sul-de-minas","tag-tv-uai"],"jetpack_publicize_connections":[],"yoast_head":"<!-- This site is optimized with the Yoast SEO plugin v23.5 - https:\/\/yoast.com\/wordpress\/plugins\/seo\/ -->\n<title>Adolescentes infratores de Pouso Alegre deixam de ser internados por falta de vagas. Falta deputado eleito em Pouso Alegre para se preocupar com o caso - TVUAI<\/title>\n<meta name=\"robots\" content=\"index, follow, max-snippet:-1, max-image-preview:large, max-video-preview:-1\" \/>\n<link rel=\"canonical\" href=\"https:\/\/www.tvuai.com.br\/portal\/adolescentes-infratores-de-pouso-alegre-deixam-de-ser-internados-por-falta-de-vagas-falta-deputado-eleito-em-pouso-alegre-para-se-preocupar-com-o-caso\/\" \/>\n<meta property=\"og:locale\" content=\"pt_BR\" \/>\n<meta property=\"og:type\" content=\"article\" \/>\n<meta property=\"og:title\" content=\"Adolescentes infratores de Pouso Alegre deixam de ser internados por falta de vagas. Falta deputado eleito em Pouso Alegre para se preocupar com o caso - TVUAI\" \/>\n<meta property=\"og:description\" content=\"Rosy Pantale\u00e3o A maioria das determina\u00e7\u00f5es de internamento de adolescentes que cometem pequenas infra\u00e7\u00f5es ou at\u00e9 mesmo crimes na comarca de Pouso Alegre &#8211; que abrange, al\u00e9m de Pouso Alegre, os munic\u00edpios de Congonhal, Estiva, Senador Jos\u00e9 Bento e os distritos de Pantano dos Rosas e S\u00e3o Jos\u00e9 do Pantano &#8211; em geral n\u00e3o s\u00e3o [&hellip;]\" \/>\n<meta property=\"og:url\" content=\"https:\/\/www.tvuai.com.br\/portal\/adolescentes-infratores-de-pouso-alegre-deixam-de-ser-internados-por-falta-de-vagas-falta-deputado-eleito-em-pouso-alegre-para-se-preocupar-com-o-caso\/\" \/>\n<meta property=\"og:site_name\" content=\"TVUAI\" \/>\n<meta property=\"article:publisher\" content=\"http:\/\/www.facebook.com\/pages\/TV-Uai-Comunica%c3%a7%c3%a3o\/139062546157369\" \/>\n<meta property=\"article:author\" content=\"https:\/\/www.facebook.com\/tvuai\/\" \/>\n<meta property=\"article:published_time\" content=\"2020-02-12T03:24:29+00:00\" \/>\n<meta property=\"article:modified_time\" content=\"2020-07-03T21:22:30+00:00\" \/>\n<meta property=\"og:image\" content=\"https:\/\/i0.wp.com\/www.tvuai.com.br\/portal\/wp-content\/uploads\/2020\/02\/socioeducativo-e1581477420611.jpg?fit=200%2C150&ssl=1\" \/>\n\t<meta property=\"og:image:width\" content=\"200\" \/>\n\t<meta property=\"og:image:height\" content=\"150\" \/>\n\t<meta property=\"og:image:type\" content=\"image\/jpeg\" \/>\n<meta name=\"author\" content=\"Rosy Pantale\u00e3o\" \/>\n<meta name=\"twitter:card\" content=\"summary_large_image\" \/>\n<meta name=\"twitter:creator\" content=\"@tvuai\" \/>\n<meta name=\"twitter:site\" content=\"@tvuai\" \/>\n<meta name=\"twitter:label1\" content=\"Escrito por\" \/>\n\t<meta name=\"twitter:data1\" content=\"Rosy Pantale\u00e3o\" \/>\n\t<meta name=\"twitter:label2\" content=\"Est. tempo de leitura\" \/>\n\t<meta name=\"twitter:data2\" content=\"6 minutos\" \/>\n<script type=\"application\/ld+json\" class=\"yoast-schema-graph\">{\"@context\":\"https:\/\/schema.org\",\"@graph\":[{\"@type\":\"Article\",\"@id\":\"https:\/\/www.tvuai.com.br\/portal\/adolescentes-infratores-de-pouso-alegre-deixam-de-ser-internados-por-falta-de-vagas-falta-deputado-eleito-em-pouso-alegre-para-se-preocupar-com-o-caso\/#article\",\"isPartOf\":{\"@id\":\"https:\/\/www.tvuai.com.br\/portal\/adolescentes-infratores-de-pouso-alegre-deixam-de-ser-internados-por-falta-de-vagas-falta-deputado-eleito-em-pouso-alegre-para-se-preocupar-com-o-caso\/\"},\"author\":{\"name\":\"Rosy Pantale\u00e3o\",\"@id\":\"https:\/\/www.tvuai.com.br\/portal\/#\/schema\/person\/d1c5c2b1dc1e658906286802aad38555\"},\"headline\":\"Adolescentes infratores de Pouso Alegre deixam de ser internados por falta de vagas. Falta deputado eleito em Pouso Alegre para se preocupar com o caso\",\"datePublished\":\"2020-02-12T03:24:29+00:00\",\"dateModified\":\"2020-07-03T21:22:30+00:00\",\"mainEntityOfPage\":{\"@id\":\"https:\/\/www.tvuai.com.br\/portal\/adolescentes-infratores-de-pouso-alegre-deixam-de-ser-internados-por-falta-de-vagas-falta-deputado-eleito-em-pouso-alegre-para-se-preocupar-com-o-caso\/\"},\"wordCount\":1285,\"publisher\":{\"@id\":\"https:\/\/www.tvuai.com.br\/portal\/#organization\"},\"image\":{\"@id\":\"https:\/\/www.tvuai.com.br\/portal\/adolescentes-infratores-de-pouso-alegre-deixam-de-ser-internados-por-falta-de-vagas-falta-deputado-eleito-em-pouso-alegre-para-se-preocupar-com-o-caso\/#primaryimage\"},\"thumbnailUrl\":\"https:\/\/i0.wp.com\/www.tvuai.com.br\/portal\/wp-content\/uploads\/2020\/02\/socioeducativo-e1581477420611.jpg?fit=200%2C150&ssl=1\",\"keywords\":[\"Bilac Pinto\",\"centro de recupera\u00e7\u00e3o para adolescentes infratores\",\"deputado estadual Bruno Engler\",\"deputado estadual Dalmo Ribeiro\",\"deputado estadual Doorgal Andrada\",\"deputado estadual Dr. Paulo Valdir\",\"deputado estadual In\u00e1cio Franco\",\"deputado estadual Leandro Genaro\",\"deputado estadual Noraldino Junior\",\"deputado estadual Sargento Rodrigues\",\"deputado estadual Ulysses Gomes\",\"Pouso Alegre\",\"Sul de Minas\",\"TV Uai\"],\"articleSection\":[\"Not\u00edcias\"],\"inLanguage\":\"pt-BR\"},{\"@type\":\"WebPage\",\"@id\":\"https:\/\/www.tvuai.com.br\/portal\/adolescentes-infratores-de-pouso-alegre-deixam-de-ser-internados-por-falta-de-vagas-falta-deputado-eleito-em-pouso-alegre-para-se-preocupar-com-o-caso\/\",\"url\":\"https:\/\/www.tvuai.com.br\/portal\/adolescentes-infratores-de-pouso-alegre-deixam-de-ser-internados-por-falta-de-vagas-falta-deputado-eleito-em-pouso-alegre-para-se-preocupar-com-o-caso\/\",\"name\":\"Adolescentes infratores de Pouso Alegre deixam de ser internados por falta de vagas. Falta deputado eleito em Pouso Alegre para se preocupar com o caso - TVUAI\",\"isPartOf\":{\"@id\":\"https:\/\/www.tvuai.com.br\/portal\/#website\"},\"primaryImageOfPage\":{\"@id\":\"https:\/\/www.tvuai.com.br\/portal\/adolescentes-infratores-de-pouso-alegre-deixam-de-ser-internados-por-falta-de-vagas-falta-deputado-eleito-em-pouso-alegre-para-se-preocupar-com-o-caso\/#primaryimage\"},\"image\":{\"@id\":\"https:\/\/www.tvuai.com.br\/portal\/adolescentes-infratores-de-pouso-alegre-deixam-de-ser-internados-por-falta-de-vagas-falta-deputado-eleito-em-pouso-alegre-para-se-preocupar-com-o-caso\/#primaryimage\"},\"thumbnailUrl\":\"https:\/\/i0.wp.com\/www.tvuai.com.br\/portal\/wp-content\/uploads\/2020\/02\/socioeducativo-e1581477420611.jpg?fit=200%2C150&ssl=1\",\"datePublished\":\"2020-02-12T03:24:29+00:00\",\"dateModified\":\"2020-07-03T21:22:30+00:00\",\"breadcrumb\":{\"@id\":\"https:\/\/www.tvuai.com.br\/portal\/adolescentes-infratores-de-pouso-alegre-deixam-de-ser-internados-por-falta-de-vagas-falta-deputado-eleito-em-pouso-alegre-para-se-preocupar-com-o-caso\/#breadcrumb\"},\"inLanguage\":\"pt-BR\",\"potentialAction\":[{\"@type\":\"ReadAction\",\"target\":[\"https:\/\/www.tvuai.com.br\/portal\/adolescentes-infratores-de-pouso-alegre-deixam-de-ser-internados-por-falta-de-vagas-falta-deputado-eleito-em-pouso-alegre-para-se-preocupar-com-o-caso\/\"]}]},{\"@type\":\"ImageObject\",\"inLanguage\":\"pt-BR\",\"@id\":\"https:\/\/www.tvuai.com.br\/portal\/adolescentes-infratores-de-pouso-alegre-deixam-de-ser-internados-por-falta-de-vagas-falta-deputado-eleito-em-pouso-alegre-para-se-preocupar-com-o-caso\/#primaryimage\",\"url\":\"https:\/\/i0.wp.com\/www.tvuai.com.br\/portal\/wp-content\/uploads\/2020\/02\/socioeducativo-e1581477420611.jpg?fit=200%2C150&ssl=1\",\"contentUrl\":\"https:\/\/i0.wp.com\/www.tvuai.com.br\/portal\/wp-content\/uploads\/2020\/02\/socioeducativo-e1581477420611.jpg?fit=200%2C150&ssl=1\",\"width\":200,\"height\":150},{\"@type\":\"BreadcrumbList\",\"@id\":\"https:\/\/www.tvuai.com.br\/portal\/adolescentes-infratores-de-pouso-alegre-deixam-de-ser-internados-por-falta-de-vagas-falta-deputado-eleito-em-pouso-alegre-para-se-preocupar-com-o-caso\/#breadcrumb\",\"itemListElement\":[{\"@type\":\"ListItem\",\"position\":1,\"name\":\"In\u00edcio\",\"item\":\"https:\/\/www.tvuai.com.br\/portal\/\"},{\"@type\":\"ListItem\",\"position\":2,\"name\":\"Adolescentes infratores de Pouso Alegre deixam de ser internados por falta de vagas. Falta deputado eleito em Pouso Alegre para se preocupar com o caso\"}]},{\"@type\":\"WebSite\",\"@id\":\"https:\/\/www.tvuai.com.br\/portal\/#website\",\"url\":\"https:\/\/www.tvuai.com.br\/portal\/\",\"name\":\"TVUAI\",\"description\":\"Tudo sobre o Sul de Minas\",\"publisher\":{\"@id\":\"https:\/\/www.tvuai.com.br\/portal\/#organization\"},\"potentialAction\":[{\"@type\":\"SearchAction\",\"target\":{\"@type\":\"EntryPoint\",\"urlTemplate\":\"https:\/\/www.tvuai.com.br\/portal\/?s={search_term_string}\"},\"query-input\":{\"@type\":\"PropertyValueSpecification\",\"valueRequired\":true,\"valueName\":\"search_term_string\"}}],\"inLanguage\":\"pt-BR\"},{\"@type\":\"Organization\",\"@id\":\"https:\/\/www.tvuai.com.br\/portal\/#organization\",\"name\":\"TVUAI\",\"url\":\"https:\/\/www.tvuai.com.br\/portal\/\",\"logo\":{\"@type\":\"ImageObject\",\"inLanguage\":\"pt-BR\",\"@id\":\"https:\/\/www.tvuai.com.br\/portal\/#\/schema\/logo\/image\/\",\"url\":\"https:\/\/i0.wp.com\/www.tvuai.com.br\/portal\/wp-content\/uploads\/2017\/12\/logo_tvuai_100H.png?fit=207%2C100&ssl=1\",\"contentUrl\":\"https:\/\/i0.wp.com\/www.tvuai.com.br\/portal\/wp-content\/uploads\/2017\/12\/logo_tvuai_100H.png?fit=207%2C100&ssl=1\",\"width\":207,\"height\":100,\"caption\":\"TVUAI\"},\"image\":{\"@id\":\"https:\/\/www.tvuai.com.br\/portal\/#\/schema\/logo\/image\/\"},\"sameAs\":[\"http:\/\/www.facebook.com\/pages\/TV-Uai-Comunica\u00e7\u00e3o\/139062546157369\",\"https:\/\/x.com\/tvuai\",\"https:\/\/www.instagram.com\/tvuai_network\/\",\"https:\/\/www.youtube.com\/channel\/UCB7ZPB3wRv-OpoZ_09jmnkQ\"]},{\"@type\":\"Person\",\"@id\":\"https:\/\/www.tvuai.com.br\/portal\/#\/schema\/person\/d1c5c2b1dc1e658906286802aad38555\",\"name\":\"Rosy Pantale\u00e3o\",\"sameAs\":[\"https:\/\/www.tvuai.com.br\/portal\/\",\"https:\/\/www.facebook.com\/tvuai\/\",\"https:\/\/www.instagram.com\/tvuai\",\"https:\/\/x.com\/tvuai\",\"https:\/\/www.youtube.com\/channel\/UCB7ZPB3wRv-OpoZ_09jmnkQ\",\"tvuai\"],\"url\":\"https:\/\/www.tvuai.com.br\/portal\/author\/rosy\/\"}]}<\/script>\n<!-- \/ Yoast SEO plugin. -->","yoast_head_json":{"title":"Adolescentes infratores de Pouso Alegre deixam de ser internados por falta de vagas. Falta deputado eleito em Pouso Alegre para se preocupar com o caso - TVUAI","robots":{"index":"index","follow":"follow","max-snippet":"max-snippet:-1","max-image-preview":"max-image-preview:large","max-video-preview":"max-video-preview:-1"},"canonical":"https:\/\/www.tvuai.com.br\/portal\/adolescentes-infratores-de-pouso-alegre-deixam-de-ser-internados-por-falta-de-vagas-falta-deputado-eleito-em-pouso-alegre-para-se-preocupar-com-o-caso\/","og_locale":"pt_BR","og_type":"article","og_title":"Adolescentes infratores de Pouso Alegre deixam de ser internados por falta de vagas. Falta deputado eleito em Pouso Alegre para se preocupar com o caso - TVUAI","og_description":"Rosy Pantale\u00e3o A maioria das determina\u00e7\u00f5es de internamento de adolescentes que cometem pequenas infra\u00e7\u00f5es ou at\u00e9 mesmo crimes na comarca de Pouso Alegre &#8211; que abrange, al\u00e9m de Pouso Alegre, os munic\u00edpios de Congonhal, Estiva, Senador Jos\u00e9 Bento e os distritos de Pantano dos Rosas e S\u00e3o Jos\u00e9 do Pantano &#8211; em geral n\u00e3o s\u00e3o [&hellip;]","og_url":"https:\/\/www.tvuai.com.br\/portal\/adolescentes-infratores-de-pouso-alegre-deixam-de-ser-internados-por-falta-de-vagas-falta-deputado-eleito-em-pouso-alegre-para-se-preocupar-com-o-caso\/","og_site_name":"TVUAI","article_publisher":"http:\/\/www.facebook.com\/pages\/TV-Uai-Comunica%c3%a7%c3%a3o\/139062546157369","article_author":"https:\/\/www.facebook.com\/tvuai\/","article_published_time":"2020-02-12T03:24:29+00:00","article_modified_time":"2020-07-03T21:22:30+00:00","og_image":[{"width":200,"height":150,"url":"https:\/\/i0.wp.com\/www.tvuai.com.br\/portal\/wp-content\/uploads\/2020\/02\/socioeducativo-e1581477420611.jpg?fit=200%2C150&ssl=1","type":"image\/jpeg"}],"author":"Rosy Pantale\u00e3o","twitter_card":"summary_large_image","twitter_creator":"@tvuai","twitter_site":"@tvuai","twitter_misc":{"Escrito por":"Rosy Pantale\u00e3o","Est. tempo de leitura":"6 minutos"},"schema":{"@context":"https:\/\/schema.org","@graph":[{"@type":"Article","@id":"https:\/\/www.tvuai.com.br\/portal\/adolescentes-infratores-de-pouso-alegre-deixam-de-ser-internados-por-falta-de-vagas-falta-deputado-eleito-em-pouso-alegre-para-se-preocupar-com-o-caso\/#article","isPartOf":{"@id":"https:\/\/www.tvuai.com.br\/portal\/adolescentes-infratores-de-pouso-alegre-deixam-de-ser-internados-por-falta-de-vagas-falta-deputado-eleito-em-pouso-alegre-para-se-preocupar-com-o-caso\/"},"author":{"name":"Rosy Pantale\u00e3o","@id":"https:\/\/www.tvuai.com.br\/portal\/#\/schema\/person\/d1c5c2b1dc1e658906286802aad38555"},"headline":"Adolescentes infratores de Pouso Alegre deixam de ser internados por falta de vagas. Falta deputado eleito em Pouso Alegre para se preocupar com o caso","datePublished":"2020-02-12T03:24:29+00:00","dateModified":"2020-07-03T21:22:30+00:00","mainEntityOfPage":{"@id":"https:\/\/www.tvuai.com.br\/portal\/adolescentes-infratores-de-pouso-alegre-deixam-de-ser-internados-por-falta-de-vagas-falta-deputado-eleito-em-pouso-alegre-para-se-preocupar-com-o-caso\/"},"wordCount":1285,"publisher":{"@id":"https:\/\/www.tvuai.com.br\/portal\/#organization"},"image":{"@id":"https:\/\/www.tvuai.com.br\/portal\/adolescentes-infratores-de-pouso-alegre-deixam-de-ser-internados-por-falta-de-vagas-falta-deputado-eleito-em-pouso-alegre-para-se-preocupar-com-o-caso\/#primaryimage"},"thumbnailUrl":"https:\/\/i0.wp.com\/www.tvuai.com.br\/portal\/wp-content\/uploads\/2020\/02\/socioeducativo-e1581477420611.jpg?fit=200%2C150&ssl=1","keywords":["Bilac Pinto","centro de recupera\u00e7\u00e3o para adolescentes infratores","deputado estadual Bruno Engler","deputado estadual Dalmo Ribeiro","deputado estadual Doorgal Andrada","deputado estadual Dr. Paulo Valdir","deputado estadual In\u00e1cio Franco","deputado estadual Leandro Genaro","deputado estadual Noraldino Junior","deputado estadual Sargento Rodrigues","deputado estadual Ulysses Gomes","Pouso Alegre","Sul de Minas","TV Uai"],"articleSection":["Not\u00edcias"],"inLanguage":"pt-BR"},{"@type":"WebPage","@id":"https:\/\/www.tvuai.com.br\/portal\/adolescentes-infratores-de-pouso-alegre-deixam-de-ser-internados-por-falta-de-vagas-falta-deputado-eleito-em-pouso-alegre-para-se-preocupar-com-o-caso\/","url":"https:\/\/www.tvuai.com.br\/portal\/adolescentes-infratores-de-pouso-alegre-deixam-de-ser-internados-por-falta-de-vagas-falta-deputado-eleito-em-pouso-alegre-para-se-preocupar-com-o-caso\/","name":"Adolescentes infratores de Pouso Alegre deixam de ser internados por falta de vagas. Falta deputado eleito em Pouso Alegre para se preocupar com o caso - TVUAI","isPartOf":{"@id":"https:\/\/www.tvuai.com.br\/portal\/#website"},"primaryImageOfPage":{"@id":"https:\/\/www.tvuai.com.br\/portal\/adolescentes-infratores-de-pouso-alegre-deixam-de-ser-internados-por-falta-de-vagas-falta-deputado-eleito-em-pouso-alegre-para-se-preocupar-com-o-caso\/#primaryimage"},"image":{"@id":"https:\/\/www.tvuai.com.br\/portal\/adolescentes-infratores-de-pouso-alegre-deixam-de-ser-internados-por-falta-de-vagas-falta-deputado-eleito-em-pouso-alegre-para-se-preocupar-com-o-caso\/#primaryimage"},"thumbnailUrl":"https:\/\/i0.wp.com\/www.tvuai.com.br\/portal\/wp-content\/uploads\/2020\/02\/socioeducativo-e1581477420611.jpg?fit=200%2C150&ssl=1","datePublished":"2020-02-12T03:24:29+00:00","dateModified":"2020-07-03T21:22:30+00:00","breadcrumb":{"@id":"https:\/\/www.tvuai.com.br\/portal\/adolescentes-infratores-de-pouso-alegre-deixam-de-ser-internados-por-falta-de-vagas-falta-deputado-eleito-em-pouso-alegre-para-se-preocupar-com-o-caso\/#breadcrumb"},"inLanguage":"pt-BR","potentialAction":[{"@type":"ReadAction","target":["https:\/\/www.tvuai.com.br\/portal\/adolescentes-infratores-de-pouso-alegre-deixam-de-ser-internados-por-falta-de-vagas-falta-deputado-eleito-em-pouso-alegre-para-se-preocupar-com-o-caso\/"]}]},{"@type":"ImageObject","inLanguage":"pt-BR","@id":"https:\/\/www.tvuai.com.br\/portal\/adolescentes-infratores-de-pouso-alegre-deixam-de-ser-internados-por-falta-de-vagas-falta-deputado-eleito-em-pouso-alegre-para-se-preocupar-com-o-caso\/#primaryimage","url":"https:\/\/i0.wp.com\/www.tvuai.com.br\/portal\/wp-content\/uploads\/2020\/02\/socioeducativo-e1581477420611.jpg?fit=200%2C150&ssl=1","contentUrl":"https:\/\/i0.wp.com\/www.tvuai.com.br\/portal\/wp-content\/uploads\/2020\/02\/socioeducativo-e1581477420611.jpg?fit=200%2C150&ssl=1","width":200,"height":150},{"@type":"BreadcrumbList","@id":"https:\/\/www.tvuai.com.br\/portal\/adolescentes-infratores-de-pouso-alegre-deixam-de-ser-internados-por-falta-de-vagas-falta-deputado-eleito-em-pouso-alegre-para-se-preocupar-com-o-caso\/#breadcrumb","itemListElement":[{"@type":"ListItem","position":1,"name":"In\u00edcio","item":"https:\/\/www.tvuai.com.br\/portal\/"},{"@type":"ListItem","position":2,"name":"Adolescentes infratores de Pouso Alegre deixam de ser internados por falta de vagas. Falta deputado eleito em Pouso Alegre para se preocupar com o caso"}]},{"@type":"WebSite","@id":"https:\/\/www.tvuai.com.br\/portal\/#website","url":"https:\/\/www.tvuai.com.br\/portal\/","name":"TVUAI","description":"Tudo sobre o Sul de Minas","publisher":{"@id":"https:\/\/www.tvuai.com.br\/portal\/#organization"},"potentialAction":[{"@type":"SearchAction","target":{"@type":"EntryPoint","urlTemplate":"https:\/\/www.tvuai.com.br\/portal\/?s={search_term_string}"},"query-input":{"@type":"PropertyValueSpecification","valueRequired":true,"valueName":"search_term_string"}}],"inLanguage":"pt-BR"},{"@type":"Organization","@id":"https:\/\/www.tvuai.com.br\/portal\/#organization","name":"TVUAI","url":"https:\/\/www.tvuai.com.br\/portal\/","logo":{"@type":"ImageObject","inLanguage":"pt-BR","@id":"https:\/\/www.tvuai.com.br\/portal\/#\/schema\/logo\/image\/","url":"https:\/\/i0.wp.com\/www.tvuai.com.br\/portal\/wp-content\/uploads\/2017\/12\/logo_tvuai_100H.png?fit=207%2C100&ssl=1","contentUrl":"https:\/\/i0.wp.com\/www.tvuai.com.br\/portal\/wp-content\/uploads\/2017\/12\/logo_tvuai_100H.png?fit=207%2C100&ssl=1","width":207,"height":100,"caption":"TVUAI"},"image":{"@id":"https:\/\/www.tvuai.com.br\/portal\/#\/schema\/logo\/image\/"},"sameAs":["http:\/\/www.facebook.com\/pages\/TV-Uai-Comunica\u00e7\u00e3o\/139062546157369","https:\/\/x.com\/tvuai","https:\/\/www.instagram.com\/tvuai_network\/","https:\/\/www.youtube.com\/channel\/UCB7ZPB3wRv-OpoZ_09jmnkQ"]},{"@type":"Person","@id":"https:\/\/www.tvuai.com.br\/portal\/#\/schema\/person\/d1c5c2b1dc1e658906286802aad38555","name":"Rosy Pantale\u00e3o","sameAs":["https:\/\/www.tvuai.com.br\/portal\/","https:\/\/www.facebook.com\/tvuai\/","https:\/\/www.instagram.com\/tvuai","https:\/\/x.com\/tvuai","https:\/\/www.youtube.com\/channel\/UCB7ZPB3wRv-OpoZ_09jmnkQ","tvuai"],"url":"https:\/\/www.tvuai.com.br\/portal\/author\/rosy\/"}]}},"jetpack_featured_media_url":"https:\/\/i0.wp.com\/www.tvuai.com.br\/portal\/wp-content\/uploads\/2020\/02\/socioeducativo-e1581477420611.jpg?fit=200%2C150&ssl=1","wpmagazine_modules_lite_featured_media_urls":{"thumbnail":["https:\/\/i0.wp.com\/www.tvuai.com.br\/portal\/wp-content\/uploads\/2020\/02\/socioeducativo-e1581477420611.jpg?resize=150%2C150&ssl=1",150,150,true],"cvmm-medium":["https:\/\/i0.wp.com\/www.tvuai.com.br\/portal\/wp-content\/uploads\/2020\/02\/socioeducativo-e1581477420611.jpg?resize=200%2C150&ssl=1",200,150,true],"cvmm-medium-plus":["https:\/\/i0.wp.com\/www.tvuai.com.br\/portal\/wp-content\/uploads\/2020\/02\/socioeducativo-e1581477420611.jpg?resize=200%2C150&ssl=1",200,150,true],"cvmm-portrait":["https:\/\/i0.wp.com\/www.tvuai.com.br\/portal\/wp-content\/uploads\/2020\/02\/socioeducativo-e1581477420611.jpg?resize=200%2C150&ssl=1",200,150,true],"cvmm-medium-square":["https:\/\/i0.wp.com\/www.tvuai.com.br\/portal\/wp-content\/uploads\/2020\/02\/socioeducativo-e1581477420611.jpg?resize=200%2C150&ssl=1",200,150,true],"cvmm-large":["https:\/\/i0.wp.com\/www.tvuai.com.br\/portal\/wp-content\/uploads\/2020\/02\/socioeducativo-e1581477420611.jpg?resize=200%2C150&ssl=1",200,150,true],"cvmm-small":["https:\/\/i0.wp.com\/www.tvuai.com.br\/portal\/wp-content\/uploads\/2020\/02\/socioeducativo-e1581477420611.jpg?resize=130%2C95&ssl=1",130,95,true],"full":["https:\/\/i0.wp.com\/www.tvuai.com.br\/portal\/wp-content\/uploads\/2020\/02\/socioeducativo-e1581477420611.jpg?fit=200%2C150&ssl=1",200,150,false]},"categories_names":{"19":{"name":"Not\u00edcias","link":"https:\/\/www.tvuai.com.br\/portal\/category\/noticias\/"}},"tags_names":{"112":{"name":"Bilac Pinto","link":"https:\/\/www.tvuai.com.br\/portal\/tag\/bilac-pinto\/"},"113":{"name":"centro de recupera\u00e7\u00e3o para adolescentes infratores","link":"https:\/\/www.tvuai.com.br\/portal\/tag\/centro-de-recuperacao-para-adolescentes-infratores\/"},"105":{"name":"deputado estadual Bruno Engler","link":"https:\/\/www.tvuai.com.br\/portal\/tag\/deputado-estadual-bruno-engler\/"},"104":{"name":"deputado estadual Dalmo Ribeiro","link":"https:\/\/www.tvuai.com.br\/portal\/tag\/deputado-estadual-dalmo-ribeiro\/"},"106":{"name":"deputado estadual Doorgal Andrada","link":"https:\/\/www.tvuai.com.br\/portal\/tag\/deputado-estadual-doorgal-andrada\/"},"103":{"name":"deputado estadual Dr. Paulo Valdir","link":"https:\/\/www.tvuai.com.br\/portal\/tag\/deputado-estadual-dr-paulo-valdir\/"},"111":{"name":"deputado estadual In\u00e1cio Franco","link":"https:\/\/www.tvuai.com.br\/portal\/tag\/deputado-estadual-inacio-franco\/"},"110":{"name":"deputado estadual Leandro Genaro","link":"https:\/\/www.tvuai.com.br\/portal\/tag\/deputado-estadual-leandro-genaro\/"},"107":{"name":"deputado estadual Noraldino Junior","link":"https:\/\/www.tvuai.com.br\/portal\/tag\/deputado-estadual-noraldino-junior\/"},"108":{"name":"deputado estadual Sargento Rodrigues","link":"https:\/\/www.tvuai.com.br\/portal\/tag\/deputado-estadual-sargento-rodrigues\/"},"109":{"name":"deputado estadual Ulysses Gomes","link":"https:\/\/www.tvuai.com.br\/portal\/tag\/deputado-estadual-ulysses-gomes\/"},"37":{"name":"Pouso Alegre","link":"https:\/\/www.tvuai.com.br\/portal\/tag\/pouso-alegre\/"},"39":{"name":"Sul de Minas","link":"https:\/\/www.tvuai.com.br\/portal\/tag\/sul-de-minas\/"},"27":{"name":"TV Uai","link":"https:\/\/www.tvuai.com.br\/portal\/tag\/tv-uai\/"}},"comments_number":"0","jetpack_shortlink":"https:\/\/wp.me\/p9woix-pY","jetpack_sharing_enabled":true,"_links":{"self":[{"href":"https:\/\/www.tvuai.com.br\/portal\/wp-json\/wp\/v2\/posts\/1610"}],"collection":[{"href":"https:\/\/www.tvuai.com.br\/portal\/wp-json\/wp\/v2\/posts"}],"about":[{"href":"https:\/\/www.tvuai.com.br\/portal\/wp-json\/wp\/v2\/types\/post"}],"author":[{"embeddable":true,"href":"https:\/\/www.tvuai.com.br\/portal\/wp-json\/wp\/v2\/users\/2"}],"replies":[{"embeddable":true,"href":"https:\/\/www.tvuai.com.br\/portal\/wp-json\/wp\/v2\/comments?post=1610"}],"version-history":[{"count":5,"href":"https:\/\/www.tvuai.com.br\/portal\/wp-json\/wp\/v2\/posts\/1610\/revisions"}],"predecessor-version":[{"id":1619,"href":"https:\/\/www.tvuai.com.br\/portal\/wp-json\/wp\/v2\/posts\/1610\/revisions\/1619"}],"wp:featuredmedia":[{"embeddable":true,"href":"https:\/\/www.tvuai.com.br\/portal\/wp-json\/wp\/v2\/media\/1612"}],"wp:attachment":[{"href":"https:\/\/www.tvuai.com.br\/portal\/wp-json\/wp\/v2\/media?parent=1610"}],"wp:term":[{"taxonomy":"category","embeddable":true,"href":"https:\/\/www.tvuai.com.br\/portal\/wp-json\/wp\/v2\/categories?post=1610"},{"taxonomy":"post_tag","embeddable":true,"href":"https:\/\/www.tvuai.com.br\/portal\/wp-json\/wp\/v2\/tags?post=1610"}],"curies":[{"name":"wp","href":"https:\/\/api.w.org\/{rel}","templated":true}]}}