{"id":15868,"date":"2026-03-15T18:45:27","date_gmt":"2026-03-15T21:45:27","guid":{"rendered":"https:\/\/www.tvuai.com.br\/portal\/?p=15868"},"modified":"2026-03-17T09:37:39","modified_gmt":"2026-03-17T12:37:39","slug":"dia-da-escola-mec-destaca-investimentos-e-avancos-na-educacao-basica-no-brasil","status":"publish","type":"post","link":"https:\/\/www.tvuai.com.br\/portal\/dia-da-escola-mec-destaca-investimentos-e-avancos-na-educacao-basica-no-brasil\/","title":{"rendered":"Dia da Escola: MEC destaca investimentos e avan\u00e7os na educa\u00e7\u00e3o b\u00e1sica no Brasil"},"content":{"rendered":"<div class=\"5a1038e0903b96d426fcfcc338703013\" data-index=\"1\" style=\"float: right; margin:10px 0 10px 10px;\">\n<script async src=\"https:\/\/pagead2.googlesyndication.com\/pagead\/js\/adsbygoogle.js?client=ca-pub-9945944833605257\"\r\n     crossorigin=\"anonymous\"><\/script>\r\n<ins class=\"adsbygoogle\"\r\n     style=\"display:block; text-align:center;\"\r\n     data-ad-layout=\"in-article\"\r\n     data-ad-format=\"fluid\"\r\n     data-ad-client=\"ca-pub-9945944833605257\"\r\n     data-ad-slot=\"2343923581\"><\/ins>\r\n<script>\r\n     (adsbygoogle = window.adsbygoogle || []).push({});\r\n<\/script>\n<\/div>\n<div class=\"flex flex-col text-sm pb-25\">\n<article class=\"text-token-text-primary w-full focus:outline-none [--shadow-height:45px] has-data-writing-block:pointer-events-none has-data-writing-block:-mt-(--shadow-height) has-data-writing-block:pt-(--shadow-height) [&amp;:has([data-writing-block])&gt;*]:pointer-events-auto scroll-mt-[calc(var(--header-height)+min(200px,max(70px,20svh)))]\" dir=\"auto\" tabindex=\"-1\" data-turn-id=\"request-WEB:71c9251a-2099-4d32-aaa0-b482d9f38497-11\" data-testid=\"conversation-turn-24\" data-scroll-anchor=\"true\" data-turn=\"assistant\">\n<div class=\"text-base my-auto mx-auto pb-10 [--thread-content-margin:var(--thread-content-margin-xs,calc(var(--spacing)*4))] @w-sm\/main:[--thread-content-margin:var(--thread-content-margin-sm,calc(var(--spacing)*6))] @w-lg\/main:[--thread-content-margin:var(--thread-content-margin-lg,calc(var(--spacing)*16))] px-(--thread-content-margin)\">\n<div class=\"[--thread-content-max-width:40rem] @w-lg\/main:[--thread-content-max-width:48rem] mx-auto max-w-(--thread-content-max-width) flex-1 group\/turn-messages focus-visible:outline-hidden relative flex w-full min-w-0 flex-col agent-turn\" tabindex=\"-1\">\n<div class=\"flex max-w-full flex-col gap-4 grow\">\n<div class=\"min-h-8 text-message relative flex w-full flex-col items-end gap-2 text-start break-words whitespace-normal [.text-message+&amp;]:mt-1\" dir=\"auto\" data-message-author-role=\"assistant\" data-message-id=\"d2312997-bc77-4d36-be8d-b2d47dce0137\" data-message-model-slug=\"gpt-5-3\">\n<div class=\"flex w-full flex-col gap-1 empty:hidden\">\n<div class=\"markdown prose dark:prose-invert w-full wrap-break-word light markdown-new-styling\">\n<h5 style=\"text-align: center;\" data-start=\"101\" data-end=\"265\"><em><strong>No Dia da Escola, MEC apresenta balan\u00e7o de investimentos em educa\u00e7\u00e3o b\u00e1sica, conectividade, alfabetiza\u00e7\u00e3o e programas de apoio a estudantes<\/strong><\/em><\/h5>\n<p data-start=\"347\" data-end=\"723\"><img data-recalc-dims=\"1\" fetchpriority=\"high\" decoding=\"async\" data-attachment-id=\"15870\" data-permalink=\"https:\/\/www.tvuai.com.br\/portal\/dia-da-escola-mec-destaca-investimentos-e-avancos-na-educacao-basica-no-brasil\/dia-da-escola\/\" data-orig-file=\"https:\/\/i0.wp.com\/www.tvuai.com.br\/portal\/wp-content\/uploads\/2026\/03\/dia-da-escola.jpg?fit=768%2C503&amp;ssl=1\" data-orig-size=\"768,503\" data-comments-opened=\"0\" data-image-meta=\"{&quot;aperture&quot;:&quot;0&quot;,&quot;credit&quot;:&quot;&quot;,&quot;camera&quot;:&quot;&quot;,&quot;caption&quot;:&quot;&quot;,&quot;created_timestamp&quot;:&quot;1773583992&quot;,&quot;copyright&quot;:&quot;&quot;,&quot;focal_length&quot;:&quot;0&quot;,&quot;iso&quot;:&quot;0&quot;,&quot;shutter_speed&quot;:&quot;0&quot;,&quot;title&quot;:&quot;&quot;,&quot;orientation&quot;:&quot;0&quot;}\" data-image-title=\"dia da escola\" data-image-description=\"\" data-image-caption=\"\" data-medium-file=\"https:\/\/i0.wp.com\/www.tvuai.com.br\/portal\/wp-content\/uploads\/2026\/03\/dia-da-escola.jpg?fit=300%2C196&amp;ssl=1\" data-large-file=\"https:\/\/i0.wp.com\/www.tvuai.com.br\/portal\/wp-content\/uploads\/2026\/03\/dia-da-escola.jpg?fit=640%2C419&amp;ssl=1\" tabindex=\"0\" role=\"button\" class=\"aligncenter size-full wp-image-15870\" src=\"https:\/\/i0.wp.com\/www.tvuai.com.br\/portal\/wp-content\/uploads\/2026\/03\/dia-da-escola.jpg?resize=640%2C419&#038;ssl=1\" alt=\"\" width=\"640\" height=\"419\" srcset=\"https:\/\/i0.wp.com\/www.tvuai.com.br\/portal\/wp-content\/uploads\/2026\/03\/dia-da-escola.jpg?w=768&amp;ssl=1 768w, https:\/\/i0.wp.com\/www.tvuai.com.br\/portal\/wp-content\/uploads\/2026\/03\/dia-da-escola.jpg?resize=300%2C196&amp;ssl=1 300w\" sizes=\"(max-width: 640px) 100vw, 640px\" \/>O <span class=\"hover:entity-accent entity-underline inline cursor-pointer align-baseline\"><span class=\"whitespace-normal\">Minist\u00e9rio da Educa\u00e7\u00e3o<\/span><\/span> (MEC) celebrou neste domingo, 15, o Dia da Escola destacando um conjunto de pol\u00edticas p\u00fablicas e investimentos voltados para fortalecer a educa\u00e7\u00e3o b\u00e1sica em todo o pa\u00eds. A data \u00e9 lembrada nacionalmente como um momento de reflex\u00e3o sobre o papel das institui\u00e7\u00f5es de ensino na forma\u00e7\u00e3o dos estudantes e no desenvolvimento da sociedade.<\/p>\n<p data-start=\"725\" data-end=\"985\">Entre as iniciativas destacadas pelo governo federal est\u00e3o programas voltados para melhoria do ambiente escolar, amplia\u00e7\u00e3o da infraestrutura e inclus\u00e3o educacional, com foco na garantia de ensino de qualidade e com mais equidade para os alunos brasileiros.<\/p>\n<p style=\"text-align: center;\" data-start=\"725\" data-end=\"985\"><strong>Uso de celulares nas escolas passa por avalia\u00e7\u00e3o<\/strong><\/p>\n<p data-start=\"1041\" data-end=\"1309\">Um dos pontos em destaque \u00e9 a implementa\u00e7\u00e3o da <span class=\"hover:entity-accent entity-underline inline cursor-pointer align-baseline\"><span class=\"whitespace-normal\">Lei n\u00ba 15.100 de 2025<\/span><\/span>\u00a0que restringe o uso de celulares nas escolas de educa\u00e7\u00e3o b\u00e1sica. A medida foi adotada com o objetivo de proteger os estudantes e fortalecer a concentra\u00e7\u00e3o nas atividades pedag\u00f3gicas.<\/p>\n<p data-start=\"1311\" data-end=\"1641\">Para avaliar os impactos da norma est\u00e1 em andamento a Pesquisa Nacional \u2013 1\u00ba ano da Lei n\u00ba 15.100\/2025 que envolve mais de 8 mil escolas p\u00fablicas e privadas em todas as regi\u00f5es do pa\u00eds. O levantamento busca entender como as institui\u00e7\u00f5es est\u00e3o aplicando a regra e quais resultados t\u00eam sido observados no ambiente escolar.<\/p>\n<p style=\"text-align: center;\" data-start=\"1311\" data-end=\"1641\"><strong>Mais conectividade nas escolas<\/strong><\/p>\n<p data-start=\"1679\" data-end=\"1942\">Outro avan\u00e7o citado pelo MEC est\u00e1 relacionado \u00e0 infraestrutura tecnol\u00f3gica das escolas p\u00fablicas. O \u00edndice de institui\u00e7\u00f5es com acesso adequado \u00e0 internet educacional passou de 45% em 2023 para 70% em 2026, alcan\u00e7ando atualmente cerca de 96 mil escolas.<\/p>\n<p data-start=\"1944\" data-end=\"2118\">Segundo o minist\u00e9rio, o objetivo \u00e9 garantir que as tecnologias digitais sejam utilizadas de forma pedag\u00f3gica ampliando o acesso dos estudantes a ferramentas de aprendizagem.<\/p>\n<p style=\"text-align: center;\" data-start=\"1944\" data-end=\"2118\"><strong>Obras e amplia\u00e7\u00e3o da rede escolar<\/strong><\/p>\n<p data-start=\"2159\" data-end=\"2479\">Desde 2023, o governo federal tamb\u00e9m ampliou os investimentos na infraestrutura educacional. Nesse per\u00edodo foram entregues mais de 2.250 unidades escolares, creches e quadras esportivas em todo o pa\u00eds. Al\u00e9m disso, obras que estavam paralisadas foram retomadas e outras 6 mil constru\u00e7\u00f5es seguem em andamento.<\/p>\n<p style=\"text-align: center;\" data-start=\"2159\" data-end=\"2479\"><strong>Expans\u00e3o da educa\u00e7\u00e3o em tempo integral<\/strong><\/p>\n<p data-start=\"2525\" data-end=\"2769\">Dados do Censo Escolar 2025 indicam que um em cada quatro estudantes da educa\u00e7\u00e3o b\u00e1sica j\u00e1 est\u00e1 matriculado em escolas de tempo integral, superando a meta prevista no <span class=\"hover:entity-accent entity-underline inline cursor-pointer align-baseline\"><span class=\"whitespace-normal\">Plano Nacional de Educa\u00e7\u00e3o<\/span><\/span> para essa modalidade de ensino.<\/p>\n<p data-start=\"2771\" data-end=\"2999\">Atualmente, 91% dos munic\u00edpios brasileiros j\u00e1 desenvolvem iniciativas de educa\u00e7\u00e3o integral, n\u00famero significativamente maior do que o registrado em 2023, quando apenas 17% das cidades tinham programas estruturados nessa \u00e1rea.<\/p>\n<p style=\"text-align: center;\" data-start=\"2771\" data-end=\"2999\"><strong>Alimenta\u00e7\u00e3o escolar e distribui\u00e7\u00e3o de livros<\/strong><\/p>\n<p data-start=\"3051\" data-end=\"3339\">Na \u00e1rea de alimenta\u00e7\u00e3o escolar, o or\u00e7amento destinado \u00e0 rede p\u00fablica teve reajuste acumulado de 55% nos \u00faltimos tr\u00eas anos. Al\u00e9m disso, o <span class=\"hover:entity-accent entity-underline inline cursor-pointer align-baseline\"><span class=\"whitespace-normal\">Programa Nacional do Livro e do Material Did\u00e1tico<\/span><\/span> (PNLD) j\u00e1 est\u00e1 distribuindo mais de 240 milh\u00f5es de livros did\u00e1ticos para escolas p\u00fablicas em todo o pa\u00eds.<\/p>\n<p style=\"text-align: center;\" data-start=\"3051\" data-end=\"3339\"><strong>Alfabetiza\u00e7\u00e3o e combate \u00e0 evas\u00e3o<\/strong><\/p>\n<p data-start=\"3379\" data-end=\"3644\">Outro destaque \u00e9 o <span class=\"hover:entity-accent entity-underline inline cursor-pointer align-baseline\"><span class=\"whitespace-normal\">Compromisso Nacional Crian\u00e7a Alfabetizada<\/span><\/span>, criado para garantir que os alunos aprendam a ler e escrever na idade adequada. Antes da iniciativa, cerca de 36% das crian\u00e7as estavam alfabetizadas no tempo esperado. Em 2024, o \u00edndice chegou a 60%.<\/p>\n<p data-start=\"3646\" data-end=\"3917\">No ensino m\u00e9dio, o programa <span class=\"hover:entity-accent entity-underline inline cursor-pointer align-baseline\"><span class=\"whitespace-normal\">P\u00e9-de-Meia<\/span><\/span> busca reduzir a evas\u00e3o escolar por meio de incentivo financeiro. Os estudantes recebem R$ 200 mensais para manter a frequ\u00eancia escolar, al\u00e9m de R$ 1.000 ao final do ano letivo em caso de aprova\u00e7\u00e3o.<\/p>\n<p data-start=\"3919\" data-end=\"4087\">Atualmente, o programa atende quase 6 milh\u00f5es de jovens\u00a0e os dados iniciais indicam queda significativa no abandono escolar e na defasagem entre idade e s\u00e9rie.<\/p>\n<p style=\"text-align: center;\" data-start=\"3919\" data-end=\"4087\"><strong>Valoriza\u00e7\u00e3o de professores e inclus\u00e3o educacional<\/strong><\/p>\n<p data-start=\"4144\" data-end=\"4477\">O MEC tamb\u00e9m destaca a\u00e7\u00f5es voltadas \u00e0 valoriza\u00e7\u00e3o docente, como reajuste real do piso nacional do magist\u00e9rio em 2026 e benef\u00edcios oferecidos pela <span class=\"hover:entity-accent entity-underline inline cursor-pointer align-baseline\"><span class=\"whitespace-normal\">Carteira Nacional Docente do Brasil<\/span><\/span>. Entre as iniciativas est\u00e3o mais de 9 mil cursos gratuitos de forma\u00e7\u00e3o, al\u00e9m de benef\u00edcios em tecnologia, hospedagem e servi\u00e7os educacionais.<\/p>\n<p data-start=\"4479\" data-end=\"4742\">Paralelamente, houve amplia\u00e7\u00e3o de pol\u00edticas voltadas \u00e0 inclus\u00e3o de estudantes de baixa renda, negros, pardos, ind\u00edgenas, quilombolas e pessoas com defici\u00eancia. Nos \u00faltimos tr\u00eas anos, o n\u00famero de matr\u00edculas na educa\u00e7\u00e3o especial praticamente dobrou no pa\u00eds.<\/p>\n<\/div>\n<\/div>\n<\/div>\n<\/div>\n<\/div>\n<\/div>\n<\/article>\n<\/div>\n\n<div style=\"font-size: 0px; height: 0px; line-height: 0px; margin: 0; padding: 0; clear: both;\"><\/div><div class='share-to-whatsapp-wrapper'><div class='share-on-whsp'>Share on: <\/div><a data-text='Dia da Escola: MEC destaca investimentos e avan\u00e7os na educa\u00e7\u00e3o b\u00e1sica no Brasil' data-link='https:\/\/www.tvuai.com.br\/portal\/dia-da-escola-mec-destaca-investimentos-e-avancos-na-educacao-basica-no-brasil\/' class='whatsapp-button whatsapp-share'>WhatsApp<\/a><div class='clear '><\/div><\/div><!-- AddThis Advanced Settings generic via filter on the_content --><!-- AddThis Share Buttons generic via filter on the_content -->","protected":false},"excerpt":{"rendered":"<p>No Dia da Escola, MEC apresenta balan\u00e7o de investimentos em educa\u00e7\u00e3o b\u00e1sica, conectividade, alfabetiza\u00e7\u00e3o e programas de apoio a estudantes O Minist\u00e9rio da Educa\u00e7\u00e3o (MEC) celebrou neste domingo, 15, o Dia da Escola destacando um conjunto de pol\u00edticas p\u00fablicas e investimentos voltados para fortalecer a educa\u00e7\u00e3o b\u00e1sica em todo o pa\u00eds. A data \u00e9 lembrada [&hellip;]<!-- AddThis Advanced Settings generic via filter on get_the_excerpt --><!-- AddThis Share Buttons generic via filter on get_the_excerpt --><\/p>\n","protected":false},"author":1,"featured_media":15871,"comment_status":"closed","ping_status":"closed","sticky":false,"template":"","format":"standard","meta":{"jetpack_post_was_ever_published":false,"_jetpack_newsletter_access":"","_jetpack_dont_email_post_to_subs":false,"_jetpack_newsletter_tier_id":0,"_jetpack_memberships_contains_paywalled_content":false,"_jetpack_memberships_contains_paid_content":false,"_joinchat":[],"footnotes":"","jetpack_publicize_message":"","jetpack_publicize_feature_enabled":true,"jetpack_social_post_already_shared":false,"jetpack_social_options":{"image_generator_settings":{"template":"highway","enabled":false},"version":2}},"categories":[1845,19,6235,5,1829],"tags":[6759,8426,8427,8429,8432,8430,2549,184,1608,8428,7358,8431,37,39,27,8053,1618],"class_list":["post-15868","post","type-post","status-publish","format-standard","has-post-thumbnail","hentry","category-educacao","category-noticias","category-sociais","category-ultimas","category-utilidade","tag-alfabetizacao","tag-dia-da-escola","tag-educacao-basica","tag-educacao-integral","tag-ensino-no-brasil","tag-escolas-publicas","tag-mec","tag-minas-gerais","tag-ministerio-da-educacao","tag-pe-de-meia","tag-pnld","tag-politicas-educacionais","tag-pouso-alegre","tag-sul-de-minas","tag-tv-uai","tag-tv-uai-26-anos-ainda-estamos-aqui-ainda-independentes","tag-tv-uai-pouso-alegre"],"jetpack_publicize_connections":[],"yoast_head":"<!-- This site is optimized with the Yoast SEO plugin v23.5 - https:\/\/yoast.com\/wordpress\/plugins\/seo\/ -->\n<title>Dia da Escola: MEC destaca investimentos e avan\u00e7os na educa\u00e7\u00e3o b\u00e1sica no Brasil - TVUAI<\/title>\n<meta name=\"robots\" content=\"index, follow, max-snippet:-1, max-image-preview:large, max-video-preview:-1\" \/>\n<link rel=\"canonical\" href=\"https:\/\/www.tvuai.com.br\/portal\/dia-da-escola-mec-destaca-investimentos-e-avancos-na-educacao-basica-no-brasil\/\" \/>\n<meta property=\"og:locale\" content=\"pt_BR\" \/>\n<meta property=\"og:type\" content=\"article\" \/>\n<meta property=\"og:title\" content=\"Dia da Escola: MEC destaca investimentos e avan\u00e7os na educa\u00e7\u00e3o b\u00e1sica no Brasil - TVUAI\" \/>\n<meta property=\"og:description\" content=\"No Dia da Escola, MEC apresenta balan\u00e7o de investimentos em educa\u00e7\u00e3o b\u00e1sica, conectividade, alfabetiza\u00e7\u00e3o e programas de apoio a estudantes O Minist\u00e9rio da Educa\u00e7\u00e3o (MEC) celebrou neste domingo, 15, o Dia da Escola destacando um conjunto de pol\u00edticas p\u00fablicas e investimentos voltados para fortalecer a educa\u00e7\u00e3o b\u00e1sica em todo o pa\u00eds. A data \u00e9 lembrada [&hellip;]\" \/>\n<meta property=\"og:url\" content=\"https:\/\/www.tvuai.com.br\/portal\/dia-da-escola-mec-destaca-investimentos-e-avancos-na-educacao-basica-no-brasil\/\" \/>\n<meta property=\"og:site_name\" content=\"TVUAI\" \/>\n<meta property=\"article:publisher\" content=\"http:\/\/www.facebook.com\/pages\/TV-Uai-Comunica%c3%a7%c3%a3o\/139062546157369\" \/>\n<meta property=\"article:published_time\" content=\"2026-03-15T21:45:27+00:00\" \/>\n<meta property=\"article:modified_time\" content=\"2026-03-17T12:37:39+00:00\" \/>\n<meta property=\"og:image\" content=\"https:\/\/www.tvuai.com.br\/portal\/wp-content\/uploads\/2026\/03\/dia-da-escola0.jpg\" \/>\n\t<meta property=\"og:image:width\" content=\"200\" \/>\n\t<meta property=\"og:image:height\" content=\"200\" \/>\n\t<meta property=\"og:image:type\" content=\"image\/jpeg\" \/>\n<meta name=\"author\" content=\"tvuai\" \/>\n<meta name=\"twitter:card\" content=\"summary_large_image\" \/>\n<meta name=\"twitter:creator\" content=\"@tvuai\" \/>\n<meta name=\"twitter:site\" content=\"@tvuai\" \/>\n<meta name=\"twitter:label1\" content=\"Escrito por\" \/>\n\t<meta name=\"twitter:data1\" content=\"tvuai\" \/>\n\t<meta name=\"twitter:label2\" content=\"Est. tempo de leitura\" \/>\n\t<meta name=\"twitter:data2\" content=\"5 minutos\" \/>\n<script type=\"application\/ld+json\" class=\"yoast-schema-graph\">{\"@context\":\"https:\/\/schema.org\",\"@graph\":[{\"@type\":\"Article\",\"@id\":\"https:\/\/www.tvuai.com.br\/portal\/dia-da-escola-mec-destaca-investimentos-e-avancos-na-educacao-basica-no-brasil\/#article\",\"isPartOf\":{\"@id\":\"https:\/\/www.tvuai.com.br\/portal\/dia-da-escola-mec-destaca-investimentos-e-avancos-na-educacao-basica-no-brasil\/\"},\"author\":{\"name\":\"tvuai\",\"@id\":\"https:\/\/www.tvuai.com.br\/portal\/#\/schema\/person\/245e50e9127451fd0b7fd76f519ebbfe\"},\"headline\":\"Dia da Escola: MEC destaca investimentos e avan\u00e7os na educa\u00e7\u00e3o b\u00e1sica no Brasil\",\"datePublished\":\"2026-03-15T21:45:27+00:00\",\"dateModified\":\"2026-03-17T12:37:39+00:00\",\"mainEntityOfPage\":{\"@id\":\"https:\/\/www.tvuai.com.br\/portal\/dia-da-escola-mec-destaca-investimentos-e-avancos-na-educacao-basica-no-brasil\/\"},\"wordCount\":744,\"publisher\":{\"@id\":\"https:\/\/www.tvuai.com.br\/portal\/#organization\"},\"image\":{\"@id\":\"https:\/\/www.tvuai.com.br\/portal\/dia-da-escola-mec-destaca-investimentos-e-avancos-na-educacao-basica-no-brasil\/#primaryimage\"},\"thumbnailUrl\":\"https:\/\/i0.wp.com\/www.tvuai.com.br\/portal\/wp-content\/uploads\/2026\/03\/dia-da-escola0.jpg?fit=200%2C200&ssl=1\",\"keywords\":[\"Alfabetiza\u00e7\u00e3o\",\"Dia da Escola\",\"educa\u00e7\u00e3o b\u00e1sica\",\"educa\u00e7\u00e3o integral\",\"ensino no Brasil\",\"escolas p\u00fablicas\",\"MEC\",\"Minas Gerais\",\"Minist\u00e9rio da Educa\u00e7\u00e3o\",\"P\u00e9-de-Meia\",\"PNLD\",\"pol\u00edticas educacionais\",\"Pouso Alegre\",\"Sul de Minas\",\"TV Uai\",\"TV UAI 26 anos ainda estamos aqui ainda independentes\",\"TV UAI Pouso Alegre\"],\"articleSection\":[\"Educa\u00e7\u00e3o\",\"Not\u00edcias\",\"Sociais\",\"\u00daltimas Not\u00edcias\",\"Utilidade Publica\"],\"inLanguage\":\"pt-BR\"},{\"@type\":\"WebPage\",\"@id\":\"https:\/\/www.tvuai.com.br\/portal\/dia-da-escola-mec-destaca-investimentos-e-avancos-na-educacao-basica-no-brasil\/\",\"url\":\"https:\/\/www.tvuai.com.br\/portal\/dia-da-escola-mec-destaca-investimentos-e-avancos-na-educacao-basica-no-brasil\/\",\"name\":\"Dia da Escola: MEC destaca investimentos e avan\u00e7os na educa\u00e7\u00e3o b\u00e1sica no Brasil - TVUAI\",\"isPartOf\":{\"@id\":\"https:\/\/www.tvuai.com.br\/portal\/#website\"},\"primaryImageOfPage\":{\"@id\":\"https:\/\/www.tvuai.com.br\/portal\/dia-da-escola-mec-destaca-investimentos-e-avancos-na-educacao-basica-no-brasil\/#primaryimage\"},\"image\":{\"@id\":\"https:\/\/www.tvuai.com.br\/portal\/dia-da-escola-mec-destaca-investimentos-e-avancos-na-educacao-basica-no-brasil\/#primaryimage\"},\"thumbnailUrl\":\"https:\/\/i0.wp.com\/www.tvuai.com.br\/portal\/wp-content\/uploads\/2026\/03\/dia-da-escola0.jpg?fit=200%2C200&ssl=1\",\"datePublished\":\"2026-03-15T21:45:27+00:00\",\"dateModified\":\"2026-03-17T12:37:39+00:00\",\"breadcrumb\":{\"@id\":\"https:\/\/www.tvuai.com.br\/portal\/dia-da-escola-mec-destaca-investimentos-e-avancos-na-educacao-basica-no-brasil\/#breadcrumb\"},\"inLanguage\":\"pt-BR\",\"potentialAction\":[{\"@type\":\"ReadAction\",\"target\":[\"https:\/\/www.tvuai.com.br\/portal\/dia-da-escola-mec-destaca-investimentos-e-avancos-na-educacao-basica-no-brasil\/\"]}]},{\"@type\":\"ImageObject\",\"inLanguage\":\"pt-BR\",\"@id\":\"https:\/\/www.tvuai.com.br\/portal\/dia-da-escola-mec-destaca-investimentos-e-avancos-na-educacao-basica-no-brasil\/#primaryimage\",\"url\":\"https:\/\/i0.wp.com\/www.tvuai.com.br\/portal\/wp-content\/uploads\/2026\/03\/dia-da-escola0.jpg?fit=200%2C200&ssl=1\",\"contentUrl\":\"https:\/\/i0.wp.com\/www.tvuai.com.br\/portal\/wp-content\/uploads\/2026\/03\/dia-da-escola0.jpg?fit=200%2C200&ssl=1\",\"width\":200,\"height\":200},{\"@type\":\"BreadcrumbList\",\"@id\":\"https:\/\/www.tvuai.com.br\/portal\/dia-da-escola-mec-destaca-investimentos-e-avancos-na-educacao-basica-no-brasil\/#breadcrumb\",\"itemListElement\":[{\"@type\":\"ListItem\",\"position\":1,\"name\":\"In\u00edcio\",\"item\":\"https:\/\/www.tvuai.com.br\/portal\/\"},{\"@type\":\"ListItem\",\"position\":2,\"name\":\"Dia da Escola: MEC destaca investimentos e avan\u00e7os na educa\u00e7\u00e3o b\u00e1sica no Brasil\"}]},{\"@type\":\"WebSite\",\"@id\":\"https:\/\/www.tvuai.com.br\/portal\/#website\",\"url\":\"https:\/\/www.tvuai.com.br\/portal\/\",\"name\":\"TVUAI\",\"description\":\"Tudo sobre o Sul de Minas\",\"publisher\":{\"@id\":\"https:\/\/www.tvuai.com.br\/portal\/#organization\"},\"potentialAction\":[{\"@type\":\"SearchAction\",\"target\":{\"@type\":\"EntryPoint\",\"urlTemplate\":\"https:\/\/www.tvuai.com.br\/portal\/?s={search_term_string}\"},\"query-input\":{\"@type\":\"PropertyValueSpecification\",\"valueRequired\":true,\"valueName\":\"search_term_string\"}}],\"inLanguage\":\"pt-BR\"},{\"@type\":\"Organization\",\"@id\":\"https:\/\/www.tvuai.com.br\/portal\/#organization\",\"name\":\"TVUAI\",\"url\":\"https:\/\/www.tvuai.com.br\/portal\/\",\"logo\":{\"@type\":\"ImageObject\",\"inLanguage\":\"pt-BR\",\"@id\":\"https:\/\/www.tvuai.com.br\/portal\/#\/schema\/logo\/image\/\",\"url\":\"https:\/\/i0.wp.com\/www.tvuai.com.br\/portal\/wp-content\/uploads\/2017\/12\/logo_tvuai_100H.png?fit=207%2C100&ssl=1\",\"contentUrl\":\"https:\/\/i0.wp.com\/www.tvuai.com.br\/portal\/wp-content\/uploads\/2017\/12\/logo_tvuai_100H.png?fit=207%2C100&ssl=1\",\"width\":207,\"height\":100,\"caption\":\"TVUAI\"},\"image\":{\"@id\":\"https:\/\/www.tvuai.com.br\/portal\/#\/schema\/logo\/image\/\"},\"sameAs\":[\"http:\/\/www.facebook.com\/pages\/TV-Uai-Comunica\u00e7\u00e3o\/139062546157369\",\"https:\/\/x.com\/tvuai\",\"https:\/\/www.instagram.com\/tvuai_network\/\",\"https:\/\/www.youtube.com\/channel\/UCB7ZPB3wRv-OpoZ_09jmnkQ\"]},{\"@type\":\"Person\",\"@id\":\"https:\/\/www.tvuai.com.br\/portal\/#\/schema\/person\/245e50e9127451fd0b7fd76f519ebbfe\",\"name\":\"tvuai\",\"url\":\"https:\/\/www.tvuai.com.br\/portal\/author\/tvuai\/\"}]}<\/script>\n<!-- \/ Yoast SEO plugin. -->","yoast_head_json":{"title":"Dia da Escola: MEC destaca investimentos e avan\u00e7os na educa\u00e7\u00e3o b\u00e1sica no Brasil - TVUAI","robots":{"index":"index","follow":"follow","max-snippet":"max-snippet:-1","max-image-preview":"max-image-preview:large","max-video-preview":"max-video-preview:-1"},"canonical":"https:\/\/www.tvuai.com.br\/portal\/dia-da-escola-mec-destaca-investimentos-e-avancos-na-educacao-basica-no-brasil\/","og_locale":"pt_BR","og_type":"article","og_title":"Dia da Escola: MEC destaca investimentos e avan\u00e7os na educa\u00e7\u00e3o b\u00e1sica no Brasil - TVUAI","og_description":"No Dia da Escola, MEC apresenta balan\u00e7o de investimentos em educa\u00e7\u00e3o b\u00e1sica, conectividade, alfabetiza\u00e7\u00e3o e programas de apoio a estudantes O Minist\u00e9rio da Educa\u00e7\u00e3o (MEC) celebrou neste domingo, 15, o Dia da Escola destacando um conjunto de pol\u00edticas p\u00fablicas e investimentos voltados para fortalecer a educa\u00e7\u00e3o b\u00e1sica em todo o pa\u00eds. A data \u00e9 lembrada [&hellip;]","og_url":"https:\/\/www.tvuai.com.br\/portal\/dia-da-escola-mec-destaca-investimentos-e-avancos-na-educacao-basica-no-brasil\/","og_site_name":"TVUAI","article_publisher":"http:\/\/www.facebook.com\/pages\/TV-Uai-Comunica%c3%a7%c3%a3o\/139062546157369","article_published_time":"2026-03-15T21:45:27+00:00","article_modified_time":"2026-03-17T12:37:39+00:00","og_image":[{"width":200,"height":200,"url":"https:\/\/www.tvuai.com.br\/portal\/wp-content\/uploads\/2026\/03\/dia-da-escola0.jpg","type":"image\/jpeg"}],"author":"tvuai","twitter_card":"summary_large_image","twitter_creator":"@tvuai","twitter_site":"@tvuai","twitter_misc":{"Escrito por":"tvuai","Est. tempo de leitura":"5 minutos"},"schema":{"@context":"https:\/\/schema.org","@graph":[{"@type":"Article","@id":"https:\/\/www.tvuai.com.br\/portal\/dia-da-escola-mec-destaca-investimentos-e-avancos-na-educacao-basica-no-brasil\/#article","isPartOf":{"@id":"https:\/\/www.tvuai.com.br\/portal\/dia-da-escola-mec-destaca-investimentos-e-avancos-na-educacao-basica-no-brasil\/"},"author":{"name":"tvuai","@id":"https:\/\/www.tvuai.com.br\/portal\/#\/schema\/person\/245e50e9127451fd0b7fd76f519ebbfe"},"headline":"Dia da Escola: MEC destaca investimentos e avan\u00e7os na educa\u00e7\u00e3o b\u00e1sica no Brasil","datePublished":"2026-03-15T21:45:27+00:00","dateModified":"2026-03-17T12:37:39+00:00","mainEntityOfPage":{"@id":"https:\/\/www.tvuai.com.br\/portal\/dia-da-escola-mec-destaca-investimentos-e-avancos-na-educacao-basica-no-brasil\/"},"wordCount":744,"publisher":{"@id":"https:\/\/www.tvuai.com.br\/portal\/#organization"},"image":{"@id":"https:\/\/www.tvuai.com.br\/portal\/dia-da-escola-mec-destaca-investimentos-e-avancos-na-educacao-basica-no-brasil\/#primaryimage"},"thumbnailUrl":"https:\/\/i0.wp.com\/www.tvuai.com.br\/portal\/wp-content\/uploads\/2026\/03\/dia-da-escola0.jpg?fit=200%2C200&ssl=1","keywords":["Alfabetiza\u00e7\u00e3o","Dia da Escola","educa\u00e7\u00e3o b\u00e1sica","educa\u00e7\u00e3o integral","ensino no Brasil","escolas p\u00fablicas","MEC","Minas Gerais","Minist\u00e9rio da Educa\u00e7\u00e3o","P\u00e9-de-Meia","PNLD","pol\u00edticas educacionais","Pouso Alegre","Sul de Minas","TV Uai","TV UAI 26 anos ainda estamos aqui ainda independentes","TV UAI Pouso Alegre"],"articleSection":["Educa\u00e7\u00e3o","Not\u00edcias","Sociais","\u00daltimas Not\u00edcias","Utilidade Publica"],"inLanguage":"pt-BR"},{"@type":"WebPage","@id":"https:\/\/www.tvuai.com.br\/portal\/dia-da-escola-mec-destaca-investimentos-e-avancos-na-educacao-basica-no-brasil\/","url":"https:\/\/www.tvuai.com.br\/portal\/dia-da-escola-mec-destaca-investimentos-e-avancos-na-educacao-basica-no-brasil\/","name":"Dia da Escola: MEC destaca investimentos e avan\u00e7os na educa\u00e7\u00e3o b\u00e1sica no Brasil - TVUAI","isPartOf":{"@id":"https:\/\/www.tvuai.com.br\/portal\/#website"},"primaryImageOfPage":{"@id":"https:\/\/www.tvuai.com.br\/portal\/dia-da-escola-mec-destaca-investimentos-e-avancos-na-educacao-basica-no-brasil\/#primaryimage"},"image":{"@id":"https:\/\/www.tvuai.com.br\/portal\/dia-da-escola-mec-destaca-investimentos-e-avancos-na-educacao-basica-no-brasil\/#primaryimage"},"thumbnailUrl":"https:\/\/i0.wp.com\/www.tvuai.com.br\/portal\/wp-content\/uploads\/2026\/03\/dia-da-escola0.jpg?fit=200%2C200&ssl=1","datePublished":"2026-03-15T21:45:27+00:00","dateModified":"2026-03-17T12:37:39+00:00","breadcrumb":{"@id":"https:\/\/www.tvuai.com.br\/portal\/dia-da-escola-mec-destaca-investimentos-e-avancos-na-educacao-basica-no-brasil\/#breadcrumb"},"inLanguage":"pt-BR","potentialAction":[{"@type":"ReadAction","target":["https:\/\/www.tvuai.com.br\/portal\/dia-da-escola-mec-destaca-investimentos-e-avancos-na-educacao-basica-no-brasil\/"]}]},{"@type":"ImageObject","inLanguage":"pt-BR","@id":"https:\/\/www.tvuai.com.br\/portal\/dia-da-escola-mec-destaca-investimentos-e-avancos-na-educacao-basica-no-brasil\/#primaryimage","url":"https:\/\/i0.wp.com\/www.tvuai.com.br\/portal\/wp-content\/uploads\/2026\/03\/dia-da-escola0.jpg?fit=200%2C200&ssl=1","contentUrl":"https:\/\/i0.wp.com\/www.tvuai.com.br\/portal\/wp-content\/uploads\/2026\/03\/dia-da-escola0.jpg?fit=200%2C200&ssl=1","width":200,"height":200},{"@type":"BreadcrumbList","@id":"https:\/\/www.tvuai.com.br\/portal\/dia-da-escola-mec-destaca-investimentos-e-avancos-na-educacao-basica-no-brasil\/#breadcrumb","itemListElement":[{"@type":"ListItem","position":1,"name":"In\u00edcio","item":"https:\/\/www.tvuai.com.br\/portal\/"},{"@type":"ListItem","position":2,"name":"Dia da Escola: MEC destaca investimentos e avan\u00e7os na educa\u00e7\u00e3o b\u00e1sica no Brasil"}]},{"@type":"WebSite","@id":"https:\/\/www.tvuai.com.br\/portal\/#website","url":"https:\/\/www.tvuai.com.br\/portal\/","name":"TVUAI","description":"Tudo sobre o Sul de Minas","publisher":{"@id":"https:\/\/www.tvuai.com.br\/portal\/#organization"},"potentialAction":[{"@type":"SearchAction","target":{"@type":"EntryPoint","urlTemplate":"https:\/\/www.tvuai.com.br\/portal\/?s={search_term_string}"},"query-input":{"@type":"PropertyValueSpecification","valueRequired":true,"valueName":"search_term_string"}}],"inLanguage":"pt-BR"},{"@type":"Organization","@id":"https:\/\/www.tvuai.com.br\/portal\/#organization","name":"TVUAI","url":"https:\/\/www.tvuai.com.br\/portal\/","logo":{"@type":"ImageObject","inLanguage":"pt-BR","@id":"https:\/\/www.tvuai.com.br\/portal\/#\/schema\/logo\/image\/","url":"https:\/\/i0.wp.com\/www.tvuai.com.br\/portal\/wp-content\/uploads\/2017\/12\/logo_tvuai_100H.png?fit=207%2C100&ssl=1","contentUrl":"https:\/\/i0.wp.com\/www.tvuai.com.br\/portal\/wp-content\/uploads\/2017\/12\/logo_tvuai_100H.png?fit=207%2C100&ssl=1","width":207,"height":100,"caption":"TVUAI"},"image":{"@id":"https:\/\/www.tvuai.com.br\/portal\/#\/schema\/logo\/image\/"},"sameAs":["http:\/\/www.facebook.com\/pages\/TV-Uai-Comunica\u00e7\u00e3o\/139062546157369","https:\/\/x.com\/tvuai","https:\/\/www.instagram.com\/tvuai_network\/","https:\/\/www.youtube.com\/channel\/UCB7ZPB3wRv-OpoZ_09jmnkQ"]},{"@type":"Person","@id":"https:\/\/www.tvuai.com.br\/portal\/#\/schema\/person\/245e50e9127451fd0b7fd76f519ebbfe","name":"tvuai","url":"https:\/\/www.tvuai.com.br\/portal\/author\/tvuai\/"}]}},"jetpack_featured_media_url":"https:\/\/i0.wp.com\/www.tvuai.com.br\/portal\/wp-content\/uploads\/2026\/03\/dia-da-escola0.jpg?fit=200%2C200&ssl=1","wpmagazine_modules_lite_featured_media_urls":{"thumbnail":["https:\/\/i0.wp.com\/www.tvuai.com.br\/portal\/wp-content\/uploads\/2026\/03\/dia-da-escola0.jpg?resize=150%2C150&ssl=1",150,150,true],"cvmm-medium":["https:\/\/i0.wp.com\/www.tvuai.com.br\/portal\/wp-content\/uploads\/2026\/03\/dia-da-escola0.jpg?resize=200%2C200&ssl=1",200,200,true],"cvmm-medium-plus":["https:\/\/i0.wp.com\/www.tvuai.com.br\/portal\/wp-content\/uploads\/2026\/03\/dia-da-escola0.jpg?resize=200%2C200&ssl=1",200,200,true],"cvmm-portrait":["https:\/\/i0.wp.com\/www.tvuai.com.br\/portal\/wp-content\/uploads\/2026\/03\/dia-da-escola0.jpg?resize=200%2C200&ssl=1",200,200,true],"cvmm-medium-square":["https:\/\/i0.wp.com\/www.tvuai.com.br\/portal\/wp-content\/uploads\/2026\/03\/dia-da-escola0.jpg?resize=200%2C200&ssl=1",200,200,true],"cvmm-large":["https:\/\/i0.wp.com\/www.tvuai.com.br\/portal\/wp-content\/uploads\/2026\/03\/dia-da-escola0.jpg?resize=200%2C200&ssl=1",200,200,true],"cvmm-small":["https:\/\/i0.wp.com\/www.tvuai.com.br\/portal\/wp-content\/uploads\/2026\/03\/dia-da-escola0.jpg?resize=130%2C95&ssl=1",130,95,true],"full":["https:\/\/i0.wp.com\/www.tvuai.com.br\/portal\/wp-content\/uploads\/2026\/03\/dia-da-escola0.jpg?fit=200%2C200&ssl=1",200,200,false]},"categories_names":{"1845":{"name":"Educa\u00e7\u00e3o","link":"https:\/\/www.tvuai.com.br\/portal\/category\/educacao\/"},"19":{"name":"Not\u00edcias","link":"https:\/\/www.tvuai.com.br\/portal\/category\/noticias\/"},"6235":{"name":"Sociais","link":"https:\/\/www.tvuai.com.br\/portal\/category\/sociais\/"},"5":{"name":"\u00daltimas Not\u00edcias","link":"https:\/\/www.tvuai.com.br\/portal\/category\/noticias\/ultimas\/"},"1829":{"name":"Utilidade Publica","link":"https:\/\/www.tvuai.com.br\/portal\/category\/utilidade\/"}},"tags_names":{"6759":{"name":"Alfabetiza\u00e7\u00e3o","link":"https:\/\/www.tvuai.com.br\/portal\/tag\/alfabetizacao\/"},"8426":{"name":"Dia da Escola","link":"https:\/\/www.tvuai.com.br\/portal\/tag\/dia-da-escola\/"},"8427":{"name":"educa\u00e7\u00e3o b\u00e1sica","link":"https:\/\/www.tvuai.com.br\/portal\/tag\/educacao-basica\/"},"8429":{"name":"educa\u00e7\u00e3o integral","link":"https:\/\/www.tvuai.com.br\/portal\/tag\/educacao-integral\/"},"8432":{"name":"ensino no Brasil","link":"https:\/\/www.tvuai.com.br\/portal\/tag\/ensino-no-brasil\/"},"8430":{"name":"escolas p\u00fablicas","link":"https:\/\/www.tvuai.com.br\/portal\/tag\/escolas-publicas\/"},"2549":{"name":"MEC","link":"https:\/\/www.tvuai.com.br\/portal\/tag\/mec\/"},"184":{"name":"Minas Gerais","link":"https:\/\/www.tvuai.com.br\/portal\/tag\/minas-gerais\/"},"1608":{"name":"Minist\u00e9rio da Educa\u00e7\u00e3o","link":"https:\/\/www.tvuai.com.br\/portal\/tag\/ministerio-da-educacao\/"},"8428":{"name":"P\u00e9-de-Meia","link":"https:\/\/www.tvuai.com.br\/portal\/tag\/pe-de-meia\/"},"7358":{"name":"PNLD","link":"https:\/\/www.tvuai.com.br\/portal\/tag\/pnld\/"},"8431":{"name":"pol\u00edticas educacionais","link":"https:\/\/www.tvuai.com.br\/portal\/tag\/politicas-educacionais\/"},"37":{"name":"Pouso Alegre","link":"https:\/\/www.tvuai.com.br\/portal\/tag\/pouso-alegre\/"},"39":{"name":"Sul de Minas","link":"https:\/\/www.tvuai.com.br\/portal\/tag\/sul-de-minas\/"},"27":{"name":"TV Uai","link":"https:\/\/www.tvuai.com.br\/portal\/tag\/tv-uai\/"},"8053":{"name":"TV UAI 26 anos ainda estamos aqui ainda independentes","link":"https:\/\/www.tvuai.com.br\/portal\/tag\/tv-uai-26-anos-ainda-estamos-aqui-ainda-independentes\/"},"1618":{"name":"TV UAI Pouso Alegre","link":"https:\/\/www.tvuai.com.br\/portal\/tag\/tv-uai-pouso-alegre\/"}},"comments_number":"0","jetpack_shortlink":"https:\/\/wp.me\/p9woix-47W","jetpack_sharing_enabled":true,"_links":{"self":[{"href":"https:\/\/www.tvuai.com.br\/portal\/wp-json\/wp\/v2\/posts\/15868"}],"collection":[{"href":"https:\/\/www.tvuai.com.br\/portal\/wp-json\/wp\/v2\/posts"}],"about":[{"href":"https:\/\/www.tvuai.com.br\/portal\/wp-json\/wp\/v2\/types\/post"}],"author":[{"embeddable":true,"href":"https:\/\/www.tvuai.com.br\/portal\/wp-json\/wp\/v2\/users\/1"}],"replies":[{"embeddable":true,"href":"https:\/\/www.tvuai.com.br\/portal\/wp-json\/wp\/v2\/comments?post=15868"}],"version-history":[{"count":2,"href":"https:\/\/www.tvuai.com.br\/portal\/wp-json\/wp\/v2\/posts\/15868\/revisions"}],"predecessor-version":[{"id":15872,"href":"https:\/\/www.tvuai.com.br\/portal\/wp-json\/wp\/v2\/posts\/15868\/revisions\/15872"}],"wp:featuredmedia":[{"embeddable":true,"href":"https:\/\/www.tvuai.com.br\/portal\/wp-json\/wp\/v2\/media\/15871"}],"wp:attachment":[{"href":"https:\/\/www.tvuai.com.br\/portal\/wp-json\/wp\/v2\/media?parent=15868"}],"wp:term":[{"taxonomy":"category","embeddable":true,"href":"https:\/\/www.tvuai.com.br\/portal\/wp-json\/wp\/v2\/categories?post=15868"},{"taxonomy":"post_tag","embeddable":true,"href":"https:\/\/www.tvuai.com.br\/portal\/wp-json\/wp\/v2\/tags?post=15868"}],"curies":[{"name":"wp","href":"https:\/\/api.w.org\/{rel}","templated":true}]}}