{"id":15852,"date":"2026-03-15T18:50:11","date_gmt":"2026-03-15T21:50:11","guid":{"rendered":"https:\/\/www.tvuai.com.br\/portal\/?p=15852"},"modified":"2026-03-17T09:38:05","modified_gmt":"2026-03-17T12:38:05","slug":"cachoeira-de-minas-abre-inscricoes-para-tradicional-canoata-turistica-com-vagas-limitadas","status":"publish","type":"post","link":"https:\/\/www.tvuai.com.br\/portal\/cachoeira-de-minas-abre-inscricoes-para-tradicional-canoata-turistica-com-vagas-limitadas\/","title":{"rendered":"Cachoeira de Minas abre inscri\u00e7\u00f5es para tradicional Canoata Tur\u00edstica com vagas limitadas"},"content":{"rendered":"<div class=\"5a1038e0903b96d426fcfcc338703013\" data-index=\"1\" style=\"float: right; margin:10px 0 10px 10px;\">\n<script async src=\"https:\/\/pagead2.googlesyndication.com\/pagead\/js\/adsbygoogle.js?client=ca-pub-9945944833605257\"\r\n     crossorigin=\"anonymous\"><\/script>\r\n<ins class=\"adsbygoogle\"\r\n     style=\"display:block; text-align:center;\"\r\n     data-ad-layout=\"in-article\"\r\n     data-ad-format=\"fluid\"\r\n     data-ad-client=\"ca-pub-9945944833605257\"\r\n     data-ad-slot=\"2343923581\"><\/ins>\r\n<script>\r\n     (adsbygoogle = window.adsbygoogle || []).push({});\r\n<\/script>\n<\/div>\n<div class=\"flex flex-col text-sm pb-25\">\n<article class=\"text-token-text-primary w-full focus:outline-none [--shadow-height:45px] has-data-writing-block:pointer-events-none has-data-writing-block:-mt-(--shadow-height) has-data-writing-block:pt-(--shadow-height) [&amp;:has([data-writing-block])&gt;*]:pointer-events-auto scroll-mt-[calc(var(--header-height)+min(200px,max(70px,20svh)))]\" dir=\"auto\" tabindex=\"-1\" data-turn-id=\"request-WEB:71c9251a-2099-4d32-aaa0-b482d9f38497-2\" data-testid=\"conversation-turn-6\" data-scroll-anchor=\"true\" data-turn=\"assistant\">\n<div class=\"text-base my-auto mx-auto pb-10 [--thread-content-margin:var(--thread-content-margin-xs,calc(var(--spacing)*4))] @w-sm\/main:[--thread-content-margin:var(--thread-content-margin-sm,calc(var(--spacing)*6))] @w-lg\/main:[--thread-content-margin:var(--thread-content-margin-lg,calc(var(--spacing)*16))] px-(--thread-content-margin)\">\n<div class=\"[--thread-content-max-width:40rem] @w-lg\/main:[--thread-content-max-width:48rem] mx-auto max-w-(--thread-content-max-width) flex-1 group\/turn-messages focus-visible:outline-hidden relative flex w-full min-w-0 flex-col agent-turn\" tabindex=\"-1\">\n<div class=\"flex max-w-full flex-col gap-4 grow\">\n<div class=\"min-h-8 text-message relative flex w-full flex-col items-end gap-2 text-start break-words whitespace-normal [.text-message+&amp;]:mt-1\" dir=\"auto\" data-message-author-role=\"assistant\" data-message-id=\"3344851b-e205-4825-a090-b06c6a78412b\" data-message-model-slug=\"gpt-5-3\">\n<div class=\"flex w-full flex-col gap-1 empty:hidden\">\n<div class=\"markdown prose dark:prose-invert w-full wrap-break-word light markdown-new-styling\">\n<h5 style=\"text-align: center;\" data-start=\"111\" data-end=\"295\"><em><strong>Cachoeira de Minas abre inscri\u00e7\u00f5es gratuitas para a Canoata Tur\u00edstica. Evento ter\u00e1 som ao vivo, almo\u00e7o e confraterniza\u00e7\u00e3o no Bosque do Clube de Campo Catadupas<\/strong><\/em><\/h5>\n<p data-start=\"111\" data-end=\"295\"><img data-recalc-dims=\"1\" fetchpriority=\"high\" decoding=\"async\" data-attachment-id=\"15854\" data-permalink=\"https:\/\/www.tvuai.com.br\/portal\/cachoeira-de-minas-abre-inscricoes-para-tradicional-canoata-turistica-com-vagas-limitadas\/canoata\/\" data-orig-file=\"https:\/\/i0.wp.com\/www.tvuai.com.br\/portal\/wp-content\/uploads\/2026\/03\/canoata.jpg?fit=526%2C701&amp;ssl=1\" data-orig-size=\"526,701\" data-comments-opened=\"0\" data-image-meta=\"{&quot;aperture&quot;:&quot;0&quot;,&quot;credit&quot;:&quot;&quot;,&quot;camera&quot;:&quot;&quot;,&quot;caption&quot;:&quot;&quot;,&quot;created_timestamp&quot;:&quot;1773583992&quot;,&quot;copyright&quot;:&quot;&quot;,&quot;focal_length&quot;:&quot;0&quot;,&quot;iso&quot;:&quot;0&quot;,&quot;shutter_speed&quot;:&quot;0&quot;,&quot;title&quot;:&quot;&quot;,&quot;orientation&quot;:&quot;0&quot;}\" data-image-title=\"canoata\" data-image-description=\"\" data-image-caption=\"\" data-medium-file=\"https:\/\/i0.wp.com\/www.tvuai.com.br\/portal\/wp-content\/uploads\/2026\/03\/canoata.jpg?fit=225%2C300&amp;ssl=1\" data-large-file=\"https:\/\/i0.wp.com\/www.tvuai.com.br\/portal\/wp-content\/uploads\/2026\/03\/canoata.jpg?fit=526%2C701&amp;ssl=1\" tabindex=\"0\" role=\"button\" class=\"aligncenter size-full wp-image-15854\" src=\"https:\/\/i0.wp.com\/www.tvuai.com.br\/portal\/wp-content\/uploads\/2026\/03\/canoata.jpg?resize=526%2C701&#038;ssl=1\" alt=\"\" width=\"526\" height=\"701\" srcset=\"https:\/\/i0.wp.com\/www.tvuai.com.br\/portal\/wp-content\/uploads\/2026\/03\/canoata.jpg?w=526&amp;ssl=1 526w, https:\/\/i0.wp.com\/www.tvuai.com.br\/portal\/wp-content\/uploads\/2026\/03\/canoata.jpg?resize=225%2C300&amp;ssl=1 225w\" sizes=\"(max-width: 526px) 100vw, 526px\" \/>A Prefeitura de <span class=\"hover:entity-accent entity-underline inline cursor-pointer align-baseline\"><span class=\"whitespace-normal\">Cachoeira de Minas<\/span><\/span> anunciou a abertura das inscri\u00e7\u00f5es para mais uma edi\u00e7\u00e3o da Canoata Tur\u00edstica, evento que combina esporte, lazer e contato direto com a natureza e que j\u00e1 se tornou tradi\u00e7\u00e3o no munic\u00edpio.<\/p>\n<p data-start=\"622\" data-end=\"895\">As inscri\u00e7\u00f5es ser\u00e3o gratuitas e poder\u00e3o ser feitas entre os dias 23 de mar\u00e7o e 2 de abril. A atividade est\u00e1 marcada para acontecer no dia 4 de abril e deve reunir moradores e visitantes em um momento de integra\u00e7\u00e3o e valoriza\u00e7\u00e3o das paisagens naturais da cidade.<\/p>\n<p data-start=\"897\" data-end=\"1001\">Como incentivo \u00e0 participa\u00e7\u00e3o, os 90 primeiros inscritos receber\u00e3o camisetas oficiais do evento.<\/p>\n<p style=\"text-align: center;\" data-start=\"897\" data-end=\"1001\"><strong>Programa\u00e7\u00e3o ter\u00e1 m\u00fasica, almo\u00e7o e confraterniza\u00e7\u00e3o<\/strong><\/p>\n<p data-start=\"1059\" data-end=\"1350\">Al\u00e9m da descida de canoa, a programa\u00e7\u00e3o preparada pela organiza\u00e7\u00e3o promete um clima de confraterniza\u00e7\u00e3o entre os participantes. Entre as atra\u00e7\u00f5es previstas est\u00e3o som ao vivo, almo\u00e7o coletivo e um momento especial de conviv\u00eancia no Bosque do <span class=\"hover:entity-accent entity-underline inline cursor-pointer align-baseline\"><span class=\"whitespace-normal\">Clube de Campo Catadupas<\/span><\/span>.ias.<\/p>\n<p data-start=\"1443\" data-end=\"1666\">A Canoata Tur\u00edstica \u00e9 considerada uma das atividades que refor\u00e7am o turismo local e o contato da comunidade com os recursos naturais da regi\u00e3o, atraindo participantes interessados em aventura leve e conviv\u00eancia ao ar livre.<\/p>\n<\/div>\n<\/div>\n<\/div>\n<\/div>\n<\/div>\n<\/div>\n<\/article>\n<\/div>\n\n<div style=\"font-size: 0px; height: 0px; line-height: 0px; margin: 0; padding: 0; clear: both;\"><\/div><div class='share-to-whatsapp-wrapper'><div class='share-on-whsp'>Share on: <\/div><a data-text='Cachoeira de Minas abre inscri\u00e7\u00f5es para tradicional Canoata Tur\u00edstica com vagas limitadas' data-link='https:\/\/www.tvuai.com.br\/portal\/cachoeira-de-minas-abre-inscricoes-para-tradicional-canoata-turistica-com-vagas-limitadas\/' class='whatsapp-button whatsapp-share'>WhatsApp<\/a><div class='clear '><\/div><\/div><!-- AddThis Advanced Settings generic via filter on the_content --><!-- AddThis Share Buttons generic via filter on the_content -->","protected":false},"excerpt":{"rendered":"<p>Cachoeira de Minas abre inscri\u00e7\u00f5es gratuitas para a Canoata Tur\u00edstica. Evento ter\u00e1 som ao vivo, almo\u00e7o e confraterniza\u00e7\u00e3o no Bosque do Clube de Campo Catadupas A Prefeitura de Cachoeira de Minas anunciou a abertura das inscri\u00e7\u00f5es para mais uma edi\u00e7\u00e3o da Canoata Tur\u00edstica, evento que combina esporte, lazer e contato direto com a natureza e [&hellip;]<!-- AddThis Advanced Settings generic via filter on get_the_excerpt --><!-- AddThis Share Buttons generic via filter on get_the_excerpt --><\/p>\n","protected":false},"author":1,"featured_media":15855,"comment_status":"closed","ping_status":"closed","sticky":false,"template":"","format":"standard","meta":{"jetpack_post_was_ever_published":false,"_jetpack_newsletter_access":"","_jetpack_dont_email_post_to_subs":false,"_jetpack_newsletter_tier_id":0,"_jetpack_memberships_contains_paywalled_content":false,"_jetpack_memberships_contains_paid_content":false,"_joinchat":[],"footnotes":"","jetpack_publicize_message":"","jetpack_publicize_feature_enabled":true,"jetpack_social_post_already_shared":true,"jetpack_social_options":{"image_generator_settings":{"template":"highway","enabled":false},"version":2}},"categories":[20,1819,19,6235,5,1828],"tags":[2053,8412,8416,8414,8417,8413,6595,184,37,8415,39,6578,8073,27,8053,1618],"class_list":["post-15852","post","type-post","status-publish","format-standard","has-post-thumbnail","hentry","category-entretenimento","category-esportes","category-noticias","category-sociais","category-ultimas","category-viagem","tag-cachoeira-de-minas","tag-canoata-turistica","tag-clube-de-campo-catadupas","tag-esporte-na-natureza","tag-eventos-2026","tag-eventos-em-cachoeira-de-minas","tag-lazer","tag-minas-gerais","tag-pouso-alegre","tag-prefeitura-de-cachoeira-de-minas","tag-sul-de-minas","tag-turismo-no-sul-de-minas","tag-turismo-regional","tag-tv-uai","tag-tv-uai-26-anos-ainda-estamos-aqui-ainda-independentes","tag-tv-uai-pouso-alegre"],"jetpack_publicize_connections":[],"yoast_head":"<!-- This site is optimized with the Yoast SEO plugin v23.5 - https:\/\/yoast.com\/wordpress\/plugins\/seo\/ -->\n<title>Cachoeira de Minas abre inscri\u00e7\u00f5es para tradicional Canoata Tur\u00edstica com vagas limitadas - TVUAI<\/title>\n<meta name=\"robots\" content=\"index, follow, max-snippet:-1, max-image-preview:large, max-video-preview:-1\" \/>\n<link rel=\"canonical\" href=\"https:\/\/www.tvuai.com.br\/portal\/cachoeira-de-minas-abre-inscricoes-para-tradicional-canoata-turistica-com-vagas-limitadas\/\" \/>\n<meta property=\"og:locale\" content=\"pt_BR\" \/>\n<meta property=\"og:type\" content=\"article\" \/>\n<meta property=\"og:title\" content=\"Cachoeira de Minas abre inscri\u00e7\u00f5es para tradicional Canoata Tur\u00edstica com vagas limitadas - TVUAI\" \/>\n<meta property=\"og:description\" content=\"Cachoeira de Minas abre inscri\u00e7\u00f5es gratuitas para a Canoata Tur\u00edstica. Evento ter\u00e1 som ao vivo, almo\u00e7o e confraterniza\u00e7\u00e3o no Bosque do Clube de Campo Catadupas A Prefeitura de Cachoeira de Minas anunciou a abertura das inscri\u00e7\u00f5es para mais uma edi\u00e7\u00e3o da Canoata Tur\u00edstica, evento que combina esporte, lazer e contato direto com a natureza e [&hellip;]\" \/>\n<meta property=\"og:url\" content=\"https:\/\/www.tvuai.com.br\/portal\/cachoeira-de-minas-abre-inscricoes-para-tradicional-canoata-turistica-com-vagas-limitadas\/\" \/>\n<meta property=\"og:site_name\" content=\"TVUAI\" \/>\n<meta property=\"article:publisher\" content=\"http:\/\/www.facebook.com\/pages\/TV-Uai-Comunica%c3%a7%c3%a3o\/139062546157369\" \/>\n<meta property=\"article:published_time\" content=\"2026-03-15T21:50:11+00:00\" \/>\n<meta property=\"article:modified_time\" content=\"2026-03-17T12:38:05+00:00\" \/>\n<meta property=\"og:image\" content=\"https:\/\/www.tvuai.com.br\/portal\/wp-content\/uploads\/2026\/03\/canoata0.jpg\" \/>\n\t<meta property=\"og:image:width\" content=\"200\" \/>\n\t<meta property=\"og:image:height\" content=\"200\" \/>\n\t<meta property=\"og:image:type\" content=\"image\/jpeg\" \/>\n<meta name=\"author\" content=\"tvuai\" \/>\n<meta name=\"twitter:card\" content=\"summary_large_image\" \/>\n<meta name=\"twitter:creator\" content=\"@tvuai\" \/>\n<meta name=\"twitter:site\" content=\"@tvuai\" \/>\n<meta name=\"twitter:label1\" content=\"Escrito por\" \/>\n\t<meta name=\"twitter:data1\" content=\"tvuai\" \/>\n\t<meta name=\"twitter:label2\" content=\"Est. tempo de leitura\" \/>\n\t<meta name=\"twitter:data2\" content=\"2 minutos\" \/>\n<script type=\"application\/ld+json\" class=\"yoast-schema-graph\">{\"@context\":\"https:\/\/schema.org\",\"@graph\":[{\"@type\":\"Article\",\"@id\":\"https:\/\/www.tvuai.com.br\/portal\/cachoeira-de-minas-abre-inscricoes-para-tradicional-canoata-turistica-com-vagas-limitadas\/#article\",\"isPartOf\":{\"@id\":\"https:\/\/www.tvuai.com.br\/portal\/cachoeira-de-minas-abre-inscricoes-para-tradicional-canoata-turistica-com-vagas-limitadas\/\"},\"author\":{\"name\":\"tvuai\",\"@id\":\"https:\/\/www.tvuai.com.br\/portal\/#\/schema\/person\/245e50e9127451fd0b7fd76f519ebbfe\"},\"headline\":\"Cachoeira de Minas abre inscri\u00e7\u00f5es para tradicional Canoata Tur\u00edstica com vagas limitadas\",\"datePublished\":\"2026-03-15T21:50:11+00:00\",\"dateModified\":\"2026-03-17T12:38:05+00:00\",\"mainEntityOfPage\":{\"@id\":\"https:\/\/www.tvuai.com.br\/portal\/cachoeira-de-minas-abre-inscricoes-para-tradicional-canoata-turistica-com-vagas-limitadas\/\"},\"wordCount\":246,\"publisher\":{\"@id\":\"https:\/\/www.tvuai.com.br\/portal\/#organization\"},\"image\":{\"@id\":\"https:\/\/www.tvuai.com.br\/portal\/cachoeira-de-minas-abre-inscricoes-para-tradicional-canoata-turistica-com-vagas-limitadas\/#primaryimage\"},\"thumbnailUrl\":\"https:\/\/i0.wp.com\/www.tvuai.com.br\/portal\/wp-content\/uploads\/2026\/03\/canoata0.jpg?fit=200%2C200&ssl=1\",\"keywords\":[\"Cachoeira de Minas\",\"Canoata Tur\u00edstica\",\"Clube de Campo Catadupas\",\"esporte na natureza\",\"eventos 2026\",\"eventos em Cachoeira de Minas\",\"lazer\",\"Minas Gerais\",\"Pouso Alegre\",\"Prefeitura de Cachoeira de Minas\",\"Sul de Minas\",\"turismo no Sul de Minas\",\"turismo regional\",\"TV Uai\",\"TV UAI 26 anos ainda estamos aqui ainda independentes\",\"TV UAI Pouso Alegre\"],\"articleSection\":[\"Entretenimento\",\"Esportes\",\"Not\u00edcias\",\"Sociais\",\"\u00daltimas Not\u00edcias\",\"Viagem\"],\"inLanguage\":\"pt-BR\"},{\"@type\":\"WebPage\",\"@id\":\"https:\/\/www.tvuai.com.br\/portal\/cachoeira-de-minas-abre-inscricoes-para-tradicional-canoata-turistica-com-vagas-limitadas\/\",\"url\":\"https:\/\/www.tvuai.com.br\/portal\/cachoeira-de-minas-abre-inscricoes-para-tradicional-canoata-turistica-com-vagas-limitadas\/\",\"name\":\"Cachoeira de Minas abre inscri\u00e7\u00f5es para tradicional Canoata Tur\u00edstica com vagas limitadas - TVUAI\",\"isPartOf\":{\"@id\":\"https:\/\/www.tvuai.com.br\/portal\/#website\"},\"primaryImageOfPage\":{\"@id\":\"https:\/\/www.tvuai.com.br\/portal\/cachoeira-de-minas-abre-inscricoes-para-tradicional-canoata-turistica-com-vagas-limitadas\/#primaryimage\"},\"image\":{\"@id\":\"https:\/\/www.tvuai.com.br\/portal\/cachoeira-de-minas-abre-inscricoes-para-tradicional-canoata-turistica-com-vagas-limitadas\/#primaryimage\"},\"thumbnailUrl\":\"https:\/\/i0.wp.com\/www.tvuai.com.br\/portal\/wp-content\/uploads\/2026\/03\/canoata0.jpg?fit=200%2C200&ssl=1\",\"datePublished\":\"2026-03-15T21:50:11+00:00\",\"dateModified\":\"2026-03-17T12:38:05+00:00\",\"breadcrumb\":{\"@id\":\"https:\/\/www.tvuai.com.br\/portal\/cachoeira-de-minas-abre-inscricoes-para-tradicional-canoata-turistica-com-vagas-limitadas\/#breadcrumb\"},\"inLanguage\":\"pt-BR\",\"potentialAction\":[{\"@type\":\"ReadAction\",\"target\":[\"https:\/\/www.tvuai.com.br\/portal\/cachoeira-de-minas-abre-inscricoes-para-tradicional-canoata-turistica-com-vagas-limitadas\/\"]}]},{\"@type\":\"ImageObject\",\"inLanguage\":\"pt-BR\",\"@id\":\"https:\/\/www.tvuai.com.br\/portal\/cachoeira-de-minas-abre-inscricoes-para-tradicional-canoata-turistica-com-vagas-limitadas\/#primaryimage\",\"url\":\"https:\/\/i0.wp.com\/www.tvuai.com.br\/portal\/wp-content\/uploads\/2026\/03\/canoata0.jpg?fit=200%2C200&ssl=1\",\"contentUrl\":\"https:\/\/i0.wp.com\/www.tvuai.com.br\/portal\/wp-content\/uploads\/2026\/03\/canoata0.jpg?fit=200%2C200&ssl=1\",\"width\":200,\"height\":200},{\"@type\":\"BreadcrumbList\",\"@id\":\"https:\/\/www.tvuai.com.br\/portal\/cachoeira-de-minas-abre-inscricoes-para-tradicional-canoata-turistica-com-vagas-limitadas\/#breadcrumb\",\"itemListElement\":[{\"@type\":\"ListItem\",\"position\":1,\"name\":\"In\u00edcio\",\"item\":\"https:\/\/www.tvuai.com.br\/portal\/\"},{\"@type\":\"ListItem\",\"position\":2,\"name\":\"Cachoeira de Minas abre inscri\u00e7\u00f5es para tradicional Canoata Tur\u00edstica com vagas limitadas\"}]},{\"@type\":\"WebSite\",\"@id\":\"https:\/\/www.tvuai.com.br\/portal\/#website\",\"url\":\"https:\/\/www.tvuai.com.br\/portal\/\",\"name\":\"TVUAI\",\"description\":\"Tudo sobre o Sul de Minas\",\"publisher\":{\"@id\":\"https:\/\/www.tvuai.com.br\/portal\/#organization\"},\"potentialAction\":[{\"@type\":\"SearchAction\",\"target\":{\"@type\":\"EntryPoint\",\"urlTemplate\":\"https:\/\/www.tvuai.com.br\/portal\/?s={search_term_string}\"},\"query-input\":{\"@type\":\"PropertyValueSpecification\",\"valueRequired\":true,\"valueName\":\"search_term_string\"}}],\"inLanguage\":\"pt-BR\"},{\"@type\":\"Organization\",\"@id\":\"https:\/\/www.tvuai.com.br\/portal\/#organization\",\"name\":\"TVUAI\",\"url\":\"https:\/\/www.tvuai.com.br\/portal\/\",\"logo\":{\"@type\":\"ImageObject\",\"inLanguage\":\"pt-BR\",\"@id\":\"https:\/\/www.tvuai.com.br\/portal\/#\/schema\/logo\/image\/\",\"url\":\"https:\/\/i0.wp.com\/www.tvuai.com.br\/portal\/wp-content\/uploads\/2017\/12\/logo_tvuai_100H.png?fit=207%2C100&ssl=1\",\"contentUrl\":\"https:\/\/i0.wp.com\/www.tvuai.com.br\/portal\/wp-content\/uploads\/2017\/12\/logo_tvuai_100H.png?fit=207%2C100&ssl=1\",\"width\":207,\"height\":100,\"caption\":\"TVUAI\"},\"image\":{\"@id\":\"https:\/\/www.tvuai.com.br\/portal\/#\/schema\/logo\/image\/\"},\"sameAs\":[\"http:\/\/www.facebook.com\/pages\/TV-Uai-Comunica\u00e7\u00e3o\/139062546157369\",\"https:\/\/x.com\/tvuai\",\"https:\/\/www.instagram.com\/tvuai_network\/\",\"https:\/\/www.youtube.com\/channel\/UCB7ZPB3wRv-OpoZ_09jmnkQ\"]},{\"@type\":\"Person\",\"@id\":\"https:\/\/www.tvuai.com.br\/portal\/#\/schema\/person\/245e50e9127451fd0b7fd76f519ebbfe\",\"name\":\"tvuai\",\"url\":\"https:\/\/www.tvuai.com.br\/portal\/author\/tvuai\/\"}]}<\/script>\n<!-- \/ Yoast SEO plugin. -->","yoast_head_json":{"title":"Cachoeira de Minas abre inscri\u00e7\u00f5es para tradicional Canoata Tur\u00edstica com vagas limitadas - TVUAI","robots":{"index":"index","follow":"follow","max-snippet":"max-snippet:-1","max-image-preview":"max-image-preview:large","max-video-preview":"max-video-preview:-1"},"canonical":"https:\/\/www.tvuai.com.br\/portal\/cachoeira-de-minas-abre-inscricoes-para-tradicional-canoata-turistica-com-vagas-limitadas\/","og_locale":"pt_BR","og_type":"article","og_title":"Cachoeira de Minas abre inscri\u00e7\u00f5es para tradicional Canoata Tur\u00edstica com vagas limitadas - TVUAI","og_description":"Cachoeira de Minas abre inscri\u00e7\u00f5es gratuitas para a Canoata Tur\u00edstica. Evento ter\u00e1 som ao vivo, almo\u00e7o e confraterniza\u00e7\u00e3o no Bosque do Clube de Campo Catadupas A Prefeitura de Cachoeira de Minas anunciou a abertura das inscri\u00e7\u00f5es para mais uma edi\u00e7\u00e3o da Canoata Tur\u00edstica, evento que combina esporte, lazer e contato direto com a natureza e [&hellip;]","og_url":"https:\/\/www.tvuai.com.br\/portal\/cachoeira-de-minas-abre-inscricoes-para-tradicional-canoata-turistica-com-vagas-limitadas\/","og_site_name":"TVUAI","article_publisher":"http:\/\/www.facebook.com\/pages\/TV-Uai-Comunica%c3%a7%c3%a3o\/139062546157369","article_published_time":"2026-03-15T21:50:11+00:00","article_modified_time":"2026-03-17T12:38:05+00:00","og_image":[{"width":200,"height":200,"url":"https:\/\/www.tvuai.com.br\/portal\/wp-content\/uploads\/2026\/03\/canoata0.jpg","type":"image\/jpeg"}],"author":"tvuai","twitter_card":"summary_large_image","twitter_creator":"@tvuai","twitter_site":"@tvuai","twitter_misc":{"Escrito por":"tvuai","Est. tempo de leitura":"2 minutos"},"schema":{"@context":"https:\/\/schema.org","@graph":[{"@type":"Article","@id":"https:\/\/www.tvuai.com.br\/portal\/cachoeira-de-minas-abre-inscricoes-para-tradicional-canoata-turistica-com-vagas-limitadas\/#article","isPartOf":{"@id":"https:\/\/www.tvuai.com.br\/portal\/cachoeira-de-minas-abre-inscricoes-para-tradicional-canoata-turistica-com-vagas-limitadas\/"},"author":{"name":"tvuai","@id":"https:\/\/www.tvuai.com.br\/portal\/#\/schema\/person\/245e50e9127451fd0b7fd76f519ebbfe"},"headline":"Cachoeira de Minas abre inscri\u00e7\u00f5es para tradicional Canoata Tur\u00edstica com vagas limitadas","datePublished":"2026-03-15T21:50:11+00:00","dateModified":"2026-03-17T12:38:05+00:00","mainEntityOfPage":{"@id":"https:\/\/www.tvuai.com.br\/portal\/cachoeira-de-minas-abre-inscricoes-para-tradicional-canoata-turistica-com-vagas-limitadas\/"},"wordCount":246,"publisher":{"@id":"https:\/\/www.tvuai.com.br\/portal\/#organization"},"image":{"@id":"https:\/\/www.tvuai.com.br\/portal\/cachoeira-de-minas-abre-inscricoes-para-tradicional-canoata-turistica-com-vagas-limitadas\/#primaryimage"},"thumbnailUrl":"https:\/\/i0.wp.com\/www.tvuai.com.br\/portal\/wp-content\/uploads\/2026\/03\/canoata0.jpg?fit=200%2C200&ssl=1","keywords":["Cachoeira de Minas","Canoata Tur\u00edstica","Clube de Campo Catadupas","esporte na natureza","eventos 2026","eventos em Cachoeira de Minas","lazer","Minas Gerais","Pouso Alegre","Prefeitura de Cachoeira de Minas","Sul de Minas","turismo no Sul de Minas","turismo regional","TV Uai","TV UAI 26 anos ainda estamos aqui ainda independentes","TV UAI Pouso Alegre"],"articleSection":["Entretenimento","Esportes","Not\u00edcias","Sociais","\u00daltimas Not\u00edcias","Viagem"],"inLanguage":"pt-BR"},{"@type":"WebPage","@id":"https:\/\/www.tvuai.com.br\/portal\/cachoeira-de-minas-abre-inscricoes-para-tradicional-canoata-turistica-com-vagas-limitadas\/","url":"https:\/\/www.tvuai.com.br\/portal\/cachoeira-de-minas-abre-inscricoes-para-tradicional-canoata-turistica-com-vagas-limitadas\/","name":"Cachoeira de Minas abre inscri\u00e7\u00f5es para tradicional Canoata Tur\u00edstica com vagas limitadas - TVUAI","isPartOf":{"@id":"https:\/\/www.tvuai.com.br\/portal\/#website"},"primaryImageOfPage":{"@id":"https:\/\/www.tvuai.com.br\/portal\/cachoeira-de-minas-abre-inscricoes-para-tradicional-canoata-turistica-com-vagas-limitadas\/#primaryimage"},"image":{"@id":"https:\/\/www.tvuai.com.br\/portal\/cachoeira-de-minas-abre-inscricoes-para-tradicional-canoata-turistica-com-vagas-limitadas\/#primaryimage"},"thumbnailUrl":"https:\/\/i0.wp.com\/www.tvuai.com.br\/portal\/wp-content\/uploads\/2026\/03\/canoata0.jpg?fit=200%2C200&ssl=1","datePublished":"2026-03-15T21:50:11+00:00","dateModified":"2026-03-17T12:38:05+00:00","breadcrumb":{"@id":"https:\/\/www.tvuai.com.br\/portal\/cachoeira-de-minas-abre-inscricoes-para-tradicional-canoata-turistica-com-vagas-limitadas\/#breadcrumb"},"inLanguage":"pt-BR","potentialAction":[{"@type":"ReadAction","target":["https:\/\/www.tvuai.com.br\/portal\/cachoeira-de-minas-abre-inscricoes-para-tradicional-canoata-turistica-com-vagas-limitadas\/"]}]},{"@type":"ImageObject","inLanguage":"pt-BR","@id":"https:\/\/www.tvuai.com.br\/portal\/cachoeira-de-minas-abre-inscricoes-para-tradicional-canoata-turistica-com-vagas-limitadas\/#primaryimage","url":"https:\/\/i0.wp.com\/www.tvuai.com.br\/portal\/wp-content\/uploads\/2026\/03\/canoata0.jpg?fit=200%2C200&ssl=1","contentUrl":"https:\/\/i0.wp.com\/www.tvuai.com.br\/portal\/wp-content\/uploads\/2026\/03\/canoata0.jpg?fit=200%2C200&ssl=1","width":200,"height":200},{"@type":"BreadcrumbList","@id":"https:\/\/www.tvuai.com.br\/portal\/cachoeira-de-minas-abre-inscricoes-para-tradicional-canoata-turistica-com-vagas-limitadas\/#breadcrumb","itemListElement":[{"@type":"ListItem","position":1,"name":"In\u00edcio","item":"https:\/\/www.tvuai.com.br\/portal\/"},{"@type":"ListItem","position":2,"name":"Cachoeira de Minas abre inscri\u00e7\u00f5es para tradicional Canoata Tur\u00edstica com vagas limitadas"}]},{"@type":"WebSite","@id":"https:\/\/www.tvuai.com.br\/portal\/#website","url":"https:\/\/www.tvuai.com.br\/portal\/","name":"TVUAI","description":"Tudo sobre o Sul de Minas","publisher":{"@id":"https:\/\/www.tvuai.com.br\/portal\/#organization"},"potentialAction":[{"@type":"SearchAction","target":{"@type":"EntryPoint","urlTemplate":"https:\/\/www.tvuai.com.br\/portal\/?s={search_term_string}"},"query-input":{"@type":"PropertyValueSpecification","valueRequired":true,"valueName":"search_term_string"}}],"inLanguage":"pt-BR"},{"@type":"Organization","@id":"https:\/\/www.tvuai.com.br\/portal\/#organization","name":"TVUAI","url":"https:\/\/www.tvuai.com.br\/portal\/","logo":{"@type":"ImageObject","inLanguage":"pt-BR","@id":"https:\/\/www.tvuai.com.br\/portal\/#\/schema\/logo\/image\/","url":"https:\/\/i0.wp.com\/www.tvuai.com.br\/portal\/wp-content\/uploads\/2017\/12\/logo_tvuai_100H.png?fit=207%2C100&ssl=1","contentUrl":"https:\/\/i0.wp.com\/www.tvuai.com.br\/portal\/wp-content\/uploads\/2017\/12\/logo_tvuai_100H.png?fit=207%2C100&ssl=1","width":207,"height":100,"caption":"TVUAI"},"image":{"@id":"https:\/\/www.tvuai.com.br\/portal\/#\/schema\/logo\/image\/"},"sameAs":["http:\/\/www.facebook.com\/pages\/TV-Uai-Comunica\u00e7\u00e3o\/139062546157369","https:\/\/x.com\/tvuai","https:\/\/www.instagram.com\/tvuai_network\/","https:\/\/www.youtube.com\/channel\/UCB7ZPB3wRv-OpoZ_09jmnkQ"]},{"@type":"Person","@id":"https:\/\/www.tvuai.com.br\/portal\/#\/schema\/person\/245e50e9127451fd0b7fd76f519ebbfe","name":"tvuai","url":"https:\/\/www.tvuai.com.br\/portal\/author\/tvuai\/"}]}},"jetpack_featured_media_url":"https:\/\/i0.wp.com\/www.tvuai.com.br\/portal\/wp-content\/uploads\/2026\/03\/canoata0.jpg?fit=200%2C200&ssl=1","wpmagazine_modules_lite_featured_media_urls":{"thumbnail":["https:\/\/i0.wp.com\/www.tvuai.com.br\/portal\/wp-content\/uploads\/2026\/03\/canoata0.jpg?resize=150%2C150&ssl=1",150,150,true],"cvmm-medium":["https:\/\/i0.wp.com\/www.tvuai.com.br\/portal\/wp-content\/uploads\/2026\/03\/canoata0.jpg?resize=200%2C200&ssl=1",200,200,true],"cvmm-medium-plus":["https:\/\/i0.wp.com\/www.tvuai.com.br\/portal\/wp-content\/uploads\/2026\/03\/canoata0.jpg?resize=200%2C200&ssl=1",200,200,true],"cvmm-portrait":["https:\/\/i0.wp.com\/www.tvuai.com.br\/portal\/wp-content\/uploads\/2026\/03\/canoata0.jpg?resize=200%2C200&ssl=1",200,200,true],"cvmm-medium-square":["https:\/\/i0.wp.com\/www.tvuai.com.br\/portal\/wp-content\/uploads\/2026\/03\/canoata0.jpg?resize=200%2C200&ssl=1",200,200,true],"cvmm-large":["https:\/\/i0.wp.com\/www.tvuai.com.br\/portal\/wp-content\/uploads\/2026\/03\/canoata0.jpg?resize=200%2C200&ssl=1",200,200,true],"cvmm-small":["https:\/\/i0.wp.com\/www.tvuai.com.br\/portal\/wp-content\/uploads\/2026\/03\/canoata0.jpg?resize=130%2C95&ssl=1",130,95,true],"full":["https:\/\/i0.wp.com\/www.tvuai.com.br\/portal\/wp-content\/uploads\/2026\/03\/canoata0.jpg?fit=200%2C200&ssl=1",200,200,false]},"categories_names":{"20":{"name":"Entretenimento","link":"https:\/\/www.tvuai.com.br\/portal\/category\/entretenimento\/"},"1819":{"name":"Esportes","link":"https:\/\/www.tvuai.com.br\/portal\/category\/esportes\/"},"19":{"name":"Not\u00edcias","link":"https:\/\/www.tvuai.com.br\/portal\/category\/noticias\/"},"6235":{"name":"Sociais","link":"https:\/\/www.tvuai.com.br\/portal\/category\/sociais\/"},"5":{"name":"\u00daltimas Not\u00edcias","link":"https:\/\/www.tvuai.com.br\/portal\/category\/noticias\/ultimas\/"},"1828":{"name":"Viagem","link":"https:\/\/www.tvuai.com.br\/portal\/category\/viagem\/"}},"tags_names":{"2053":{"name":"Cachoeira de Minas","link":"https:\/\/www.tvuai.com.br\/portal\/tag\/cachoeira-de-minas\/"},"8412":{"name":"Canoata Tur\u00edstica","link":"https:\/\/www.tvuai.com.br\/portal\/tag\/canoata-turistica\/"},"8416":{"name":"Clube de Campo Catadupas","link":"https:\/\/www.tvuai.com.br\/portal\/tag\/clube-de-campo-catadupas\/"},"8414":{"name":"esporte na natureza","link":"https:\/\/www.tvuai.com.br\/portal\/tag\/esporte-na-natureza\/"},"8417":{"name":"eventos 2026","link":"https:\/\/www.tvuai.com.br\/portal\/tag\/eventos-2026\/"},"8413":{"name":"eventos em Cachoeira de Minas","link":"https:\/\/www.tvuai.com.br\/portal\/tag\/eventos-em-cachoeira-de-minas\/"},"6595":{"name":"lazer","link":"https:\/\/www.tvuai.com.br\/portal\/tag\/lazer\/"},"184":{"name":"Minas Gerais","link":"https:\/\/www.tvuai.com.br\/portal\/tag\/minas-gerais\/"},"37":{"name":"Pouso Alegre","link":"https:\/\/www.tvuai.com.br\/portal\/tag\/pouso-alegre\/"},"8415":{"name":"Prefeitura de Cachoeira de Minas","link":"https:\/\/www.tvuai.com.br\/portal\/tag\/prefeitura-de-cachoeira-de-minas\/"},"39":{"name":"Sul de Minas","link":"https:\/\/www.tvuai.com.br\/portal\/tag\/sul-de-minas\/"},"6578":{"name":"turismo no Sul de Minas","link":"https:\/\/www.tvuai.com.br\/portal\/tag\/turismo-no-sul-de-minas\/"},"8073":{"name":"turismo regional","link":"https:\/\/www.tvuai.com.br\/portal\/tag\/turismo-regional\/"},"27":{"name":"TV Uai","link":"https:\/\/www.tvuai.com.br\/portal\/tag\/tv-uai\/"},"8053":{"name":"TV UAI 26 anos ainda estamos aqui ainda independentes","link":"https:\/\/www.tvuai.com.br\/portal\/tag\/tv-uai-26-anos-ainda-estamos-aqui-ainda-independentes\/"},"1618":{"name":"TV UAI Pouso Alegre","link":"https:\/\/www.tvuai.com.br\/portal\/tag\/tv-uai-pouso-alegre\/"}},"comments_number":"0","jetpack_shortlink":"https:\/\/wp.me\/p9woix-47G","jetpack_sharing_enabled":true,"_links":{"self":[{"href":"https:\/\/www.tvuai.com.br\/portal\/wp-json\/wp\/v2\/posts\/15852"}],"collection":[{"href":"https:\/\/www.tvuai.com.br\/portal\/wp-json\/wp\/v2\/posts"}],"about":[{"href":"https:\/\/www.tvuai.com.br\/portal\/wp-json\/wp\/v2\/types\/post"}],"author":[{"embeddable":true,"href":"https:\/\/www.tvuai.com.br\/portal\/wp-json\/wp\/v2\/users\/1"}],"replies":[{"embeddable":true,"href":"https:\/\/www.tvuai.com.br\/portal\/wp-json\/wp\/v2\/comments?post=15852"}],"version-history":[{"count":2,"href":"https:\/\/www.tvuai.com.br\/portal\/wp-json\/wp\/v2\/posts\/15852\/revisions"}],"predecessor-version":[{"id":15856,"href":"https:\/\/www.tvuai.com.br\/portal\/wp-json\/wp\/v2\/posts\/15852\/revisions\/15856"}],"wp:featuredmedia":[{"embeddable":true,"href":"https:\/\/www.tvuai.com.br\/portal\/wp-json\/wp\/v2\/media\/15855"}],"wp:attachment":[{"href":"https:\/\/www.tvuai.com.br\/portal\/wp-json\/wp\/v2\/media?parent=15852"}],"wp:term":[{"taxonomy":"category","embeddable":true,"href":"https:\/\/www.tvuai.com.br\/portal\/wp-json\/wp\/v2\/categories?post=15852"},{"taxonomy":"post_tag","embeddable":true,"href":"https:\/\/www.tvuai.com.br\/portal\/wp-json\/wp\/v2\/tags?post=15852"}],"curies":[{"name":"wp","href":"https:\/\/api.w.org\/{rel}","templated":true}]}}