{"id":15839,"date":"2026-03-13T19:59:30","date_gmt":"2026-03-13T22:59:30","guid":{"rendered":"https:\/\/www.tvuai.com.br\/portal\/?p=15839"},"modified":"2026-03-15T18:50:17","modified_gmt":"2026-03-15T21:50:17","slug":"e-neste-domingo-general-mills-faz-feirao-de-empregos-em-pouso-alegre-para-vagas-na-fabrica","status":"publish","type":"post","link":"https:\/\/www.tvuai.com.br\/portal\/e-neste-domingo-general-mills-faz-feirao-de-empregos-em-pouso-alegre-para-vagas-na-fabrica\/","title":{"rendered":"\u00c9 neste domingo! General Mills faz feir\u00e3o de empregos em Pouso Alegre para vagas na f\u00e1brica"},"content":{"rendered":"<div class=\"5a1038e0903b96d426fcfcc338703013\" data-index=\"1\" style=\"float: right; margin:10px 0 10px 10px;\">\n<script async src=\"https:\/\/pagead2.googlesyndication.com\/pagead\/js\/adsbygoogle.js?client=ca-pub-9945944833605257\"\r\n     crossorigin=\"anonymous\"><\/script>\r\n<ins class=\"adsbygoogle\"\r\n     style=\"display:block; text-align:center;\"\r\n     data-ad-layout=\"in-article\"\r\n     data-ad-format=\"fluid\"\r\n     data-ad-client=\"ca-pub-9945944833605257\"\r\n     data-ad-slot=\"2343923581\"><\/ins>\r\n<script>\r\n     (adsbygoogle = window.adsbygoogle || []).push({});\r\n<\/script>\n<\/div>\n<div class=\"flex flex-col text-sm pb-25\">\n<article class=\"text-token-text-primary w-full focus:outline-none [--shadow-height:45px] has-data-writing-block:pointer-events-none has-data-writing-block:-mt-(--shadow-height) has-data-writing-block:pt-(--shadow-height) [&amp;:has([data-writing-block])&gt;*]:pointer-events-auto scroll-mt-[calc(var(--header-height)+min(200px,max(70px,20svh)))]\" dir=\"auto\" tabindex=\"-1\" data-turn-id=\"request-WEB:9530b026-38ef-4fd1-a98f-bc27ba6e6b59-10\" data-testid=\"conversation-turn-22\" data-scroll-anchor=\"true\" data-turn=\"assistant\">\n<div class=\"text-base my-auto mx-auto pb-10 [--thread-content-margin:var(--thread-content-margin-xs,calc(var(--spacing)*4))] @w-sm\/main:[--thread-content-margin:var(--thread-content-margin-sm,calc(var(--spacing)*6))] @w-lg\/main:[--thread-content-margin:var(--thread-content-margin-lg,calc(var(--spacing)*16))] px-(--thread-content-margin)\">\n<div class=\"[--thread-content-max-width:40rem] @w-lg\/main:[--thread-content-max-width:48rem] mx-auto max-w-(--thread-content-max-width) flex-1 group\/turn-messages focus-visible:outline-hidden relative flex w-full min-w-0 flex-col agent-turn\" tabindex=\"-1\">\n<div class=\"flex max-w-full flex-col gap-4 grow\">\n<div class=\"min-h-8 text-message relative flex w-full flex-col items-end gap-2 text-start break-words whitespace-normal [.text-message+&amp;]:mt-1\" dir=\"auto\" data-message-author-role=\"assistant\" data-message-id=\"ddc77353-ddcd-467b-b1fc-4d6a4b3121ad\" data-message-model-slug=\"gpt-5-3\">\n<div class=\"flex w-full flex-col gap-1 empty:hidden\">\n<div class=\"markdown prose dark:prose-invert w-full wrap-break-word light markdown-new-styling\">\n<h5 style=\"text-align: center;\" data-start=\"108\" data-end=\"440\"><em><strong>Feir\u00e3o acontece das 8h \u00e0s 12h no Terminal Rodovi\u00e1rio de Pouso Alegre e busca candidatos para vagas na General Mills<\/strong><\/em><\/h5>\n<h5 style=\"text-align: center;\"><em><strong><img data-recalc-dims=\"1\" fetchpriority=\"high\" decoding=\"async\" data-attachment-id=\"15842\" data-permalink=\"https:\/\/www.tvuai.com.br\/portal\/e-neste-domingo-general-mills-faz-feirao-de-empregos-em-pouso-alegre-para-vagas-na-fabrica\/generalmils1\/\" data-orig-file=\"https:\/\/i0.wp.com\/www.tvuai.com.br\/portal\/wp-content\/uploads\/2026\/03\/generalmils1.jpg?fit=800%2C533&amp;ssl=1\" data-orig-size=\"800,533\" data-comments-opened=\"0\" data-image-meta=\"{&quot;aperture&quot;:&quot;0&quot;,&quot;credit&quot;:&quot;&quot;,&quot;camera&quot;:&quot;&quot;,&quot;caption&quot;:&quot;&quot;,&quot;created_timestamp&quot;:&quot;1773423176&quot;,&quot;copyright&quot;:&quot;&quot;,&quot;focal_length&quot;:&quot;0&quot;,&quot;iso&quot;:&quot;0&quot;,&quot;shutter_speed&quot;:&quot;0&quot;,&quot;title&quot;:&quot;&quot;,&quot;orientation&quot;:&quot;0&quot;}\" data-image-title=\"generalmils1\" data-image-description=\"\" data-image-caption=\"\" data-medium-file=\"https:\/\/i0.wp.com\/www.tvuai.com.br\/portal\/wp-content\/uploads\/2026\/03\/generalmils1.jpg?fit=300%2C200&amp;ssl=1\" data-large-file=\"https:\/\/i0.wp.com\/www.tvuai.com.br\/portal\/wp-content\/uploads\/2026\/03\/generalmils1.jpg?fit=640%2C426&amp;ssl=1\" tabindex=\"0\" role=\"button\" class=\"aligncenter size-full wp-image-15842\" src=\"https:\/\/i0.wp.com\/www.tvuai.com.br\/portal\/wp-content\/uploads\/2026\/03\/generalmils1.jpg?resize=640%2C426&#038;ssl=1\" alt=\"\" width=\"640\" height=\"426\" srcset=\"https:\/\/i0.wp.com\/www.tvuai.com.br\/portal\/wp-content\/uploads\/2026\/03\/generalmils1.jpg?w=800&amp;ssl=1 800w, https:\/\/i0.wp.com\/www.tvuai.com.br\/portal\/wp-content\/uploads\/2026\/03\/generalmils1.jpg?resize=300%2C200&amp;ssl=1 300w, https:\/\/i0.wp.com\/www.tvuai.com.br\/portal\/wp-content\/uploads\/2026\/03\/generalmils1.jpg?resize=768%2C512&amp;ssl=1 768w\" sizes=\"(max-width: 640px) 100vw, 640px\" \/>Confira abaixo como participar do feir\u00e3o da multinacional General Mills<\/strong><\/em><\/h5>\n<p data-start=\"108\" data-end=\"440\">Quem est\u00e1 em busca de trabalho em <span class=\"hover:entity-accent entity-underline inline cursor-pointer align-baseline\"><span class=\"whitespace-normal\">Pouso Alegre<\/span><\/span> ter\u00e1 uma oportunidade neste fim de semana. A multinacional de alimentos <span class=\"hover:entity-accent entity-underline inline cursor-pointer align-baseline\"><span class=\"whitespace-normal\">General Mills<\/span><\/span> promover\u00e1, no domingo, 15, um feir\u00e3o de empregos para recrutar profissionais interessados em atuar na unidade da empresa instalada na cidade.<\/p>\n<p data-start=\"442\" data-end=\"609\">A a\u00e7\u00e3o acontecer\u00e1 no p\u00e1tio do <span class=\"hover:entity-accent entity-underline inline cursor-pointer align-baseline\"><span class=\"whitespace-normal\">Terminal Rodovi\u00e1rio de Pouso Alegre<\/span><\/span>, entre 8h e 12h, e pretende preencher diversas vagas para refor\u00e7ar a opera\u00e7\u00e3o da f\u00e1brica local.<\/p>\n<p data-start=\"611\" data-end=\"846\">Entre as oportunidades anunciadas est\u00e3o cargos como operador de produ\u00e7\u00e3o, auxiliar de produ\u00e7\u00e3o, auxiliar de estoque e operador de empilhadeira. De acordo com a empresa, o objetivo \u00e9 ampliar a equipe com trabalhadores da pr\u00f3pria regi\u00e3o.<\/p>\n<p data-start=\"848\" data-end=\"1048\">Segundo a diretora de Recursos Humanos da companhia no Brasil, <span class=\"hover:entity-accent entity-underline inline cursor-pointer align-baseline\"><span class=\"whitespace-normal\">Lucyane Rezende<\/span><\/span>, a iniciativa busca aproximar a empresa da comunidade local e ampliar as oportunidades de trabalho.<\/p>\n<p data-start=\"1050\" data-end=\"1215\">Ela afirma que a\u00e7\u00f5es presenciais como o feir\u00e3o ajudam a conectar candidatos \u00e0s vagas dispon\u00edveis e contribuem para o fortalecimento da equipe e da economia regional.<\/p>\n<p style=\"text-align: center;\" data-start=\"1050\" data-end=\"1215\"><strong>Como participar<\/strong><\/p>\n<p data-start=\"1238\" data-end=\"1413\">Para participar da sele\u00e7\u00e3o, os interessados devem ter ensino m\u00e9dio completo e apresentar documento de identidade (RG), CPF, curr\u00edculo atualizado e comprovante de escolaridade.<\/p>\n<p data-start=\"1415\" data-end=\"1607\">A a\u00e7\u00e3o tamb\u00e9m ter\u00e1 atendimento voltado a pessoas com defici\u00eancia. Nesse caso, os candidatos precisam ter cursado pelo menos at\u00e9 a 4\u00aa s\u00e9rie ou 5\u00ba ano do ensino fundamental e levar laudo m\u00e9dico.<\/p>\n<p data-start=\"1609\" data-end=\"1765\">Entre os benef\u00edcios oferecidos pela empresa est\u00e3o seguro de vida, participa\u00e7\u00e3o nos resultados, aux\u00edlio-creche, conv\u00eanios com parceiros e benef\u00edcio farm\u00e1cia.<\/p>\n<p data-start=\"1767\" data-end=\"1879\">Durante o evento, a empresa tamb\u00e9m prev\u00ea distribui\u00e7\u00e3o de produtos de suas marcas e pipoca para os participantes.<\/p>\n<p data-start=\"1881\" data-end=\"1986\">Quem n\u00e3o puder comparecer presencialmente pode enviar curr\u00edculo <span style=\"color: #000080;\"><a style=\"color: #000080;\" href=\"rh.vagas@genmills.com\"><strong>para o e-mail:<\/strong> rh.vagas@genmills.com<\/a><\/span>.<\/p>\n<p style=\"text-align: center;\" data-start=\"1881\" data-end=\"1986\"><strong>Sobre a empresa<\/strong><\/p>\n<p data-start=\"2009\" data-end=\"2336\">Com sede em <span class=\"hover:entity-accent entity-underline inline cursor-pointer align-baseline\"><span class=\"whitespace-normal\">Minneapolis<\/span><\/span>, nos Estados Unidos, a General Mills atua globalmente no setor de alimentos e \u00e9 propriet\u00e1ria de diversas marcas conhecidas do p\u00fablico, como <span class=\"hover:entity-accent entity-underline inline cursor-pointer align-baseline\"><span class=\"whitespace-normal\">Yoki<\/span><\/span>, <span class=\"hover:entity-accent entity-underline inline cursor-pointer align-baseline\"><span class=\"whitespace-normal\">Kitano<\/span><\/span> e <span class=\"hover:entity-accent entity-underline inline cursor-pointer align-baseline\"><span class=\"whitespace-normal\">H\u00e4agen-Dazs<\/span><\/span>.<\/p>\n<p data-start=\"2338\" data-end=\"2567\">A companhia iniciou suas atividades no Brasil em 1997 com a venda dos sorvetes H\u00e4agen-Dazs. Em 2012, ampliou sua presen\u00e7a no pa\u00eds ao adquirir o grupo Yoki Alimentos, passando a controlar marcas tradicionais do mercado brasileiro.<\/p>\n<\/div>\n<\/div>\n<\/div>\n<\/div>\n<\/div>\n<\/div>\n<\/article>\n<\/div>\n\n<div style=\"font-size: 0px; height: 0px; line-height: 0px; margin: 0; padding: 0; clear: both;\"><\/div><div class='share-to-whatsapp-wrapper'><div class='share-on-whsp'>Share on: <\/div><a data-text='\u00c9 neste domingo! General Mills faz feir\u00e3o de empregos em Pouso Alegre para vagas na f\u00e1brica' data-link='https:\/\/www.tvuai.com.br\/portal\/e-neste-domingo-general-mills-faz-feirao-de-empregos-em-pouso-alegre-para-vagas-na-fabrica\/' class='whatsapp-button whatsapp-share'>WhatsApp<\/a><div class='clear '><\/div><\/div><!-- AddThis Advanced Settings generic via filter on the_content --><!-- AddThis Share Buttons generic via filter on the_content -->","protected":false},"excerpt":{"rendered":"<p>Feir\u00e3o acontece das 8h \u00e0s 12h no Terminal Rodovi\u00e1rio de Pouso Alegre e busca candidatos para vagas na General Mills Confira abaixo como participar do feir\u00e3o da multinacional General Mills Quem est\u00e1 em busca de trabalho em Pouso Alegre ter\u00e1 uma oportunidade neste fim de semana. A multinacional de alimentos General Mills promover\u00e1, no domingo, [&hellip;]<!-- AddThis Advanced Settings generic via filter on get_the_excerpt --><!-- AddThis Share Buttons generic via filter on get_the_excerpt --><\/p>\n","protected":false},"author":1,"featured_media":15841,"comment_status":"closed","ping_status":"closed","sticky":false,"template":"","format":"standard","meta":{"jetpack_post_was_ever_published":false,"_jetpack_newsletter_access":"","_jetpack_dont_email_post_to_subs":false,"_jetpack_newsletter_tier_id":0,"_jetpack_memberships_contains_paywalled_content":false,"_jetpack_memberships_contains_paid_content":false,"_joinchat":[],"footnotes":"","jetpack_publicize_message":"","jetpack_publicize_feature_enabled":true,"jetpack_social_post_already_shared":false,"jetpack_social_options":{"image_generator_settings":{"template":"highway","enabled":false},"version":2}},"categories":[1815,1827,19,5,1829],"tags":[7980,8408,8407,2667,3404,3403,5812,184,37,39,27,8053,1618,5938,3402],"class_list":["post-15839","post","type-post","status-publish","format-standard","has-post-thumbnail","hentry","category-economia","category-emprego","category-noticias","category-ultimas","category-utilidade","tag-empregos-em-pouso-alegre","tag-fabrica-em-pouso-alegre","tag-feirao-de-empregos","tag-general-mills","tag-haagen-dazs","tag-kitano","tag-mercado-de-trabalho","tag-minas-gerais","tag-pouso-alegre","tag-sul-de-minas","tag-tv-uai","tag-tv-uai-26-anos-ainda-estamos-aqui-ainda-independentes","tag-tv-uai-pouso-alegre","tag-vagas-de-emprego","tag-yoki"],"jetpack_publicize_connections":[],"yoast_head":"<!-- This site is optimized with the Yoast SEO plugin v23.5 - https:\/\/yoast.com\/wordpress\/plugins\/seo\/ -->\n<title>\u00c9 neste domingo! General Mills faz feir\u00e3o de empregos em Pouso Alegre para vagas na f\u00e1brica - TVUAI<\/title>\n<meta name=\"robots\" content=\"index, follow, max-snippet:-1, max-image-preview:large, max-video-preview:-1\" \/>\n<link rel=\"canonical\" href=\"https:\/\/www.tvuai.com.br\/portal\/e-neste-domingo-general-mills-faz-feirao-de-empregos-em-pouso-alegre-para-vagas-na-fabrica\/\" \/>\n<meta property=\"og:locale\" content=\"pt_BR\" \/>\n<meta property=\"og:type\" content=\"article\" \/>\n<meta property=\"og:title\" content=\"\u00c9 neste domingo! General Mills faz feir\u00e3o de empregos em Pouso Alegre para vagas na f\u00e1brica - TVUAI\" \/>\n<meta property=\"og:description\" content=\"Feir\u00e3o acontece das 8h \u00e0s 12h no Terminal Rodovi\u00e1rio de Pouso Alegre e busca candidatos para vagas na General Mills Confira abaixo como participar do feir\u00e3o da multinacional General Mills Quem est\u00e1 em busca de trabalho em Pouso Alegre ter\u00e1 uma oportunidade neste fim de semana. A multinacional de alimentos General Mills promover\u00e1, no domingo, [&hellip;]\" \/>\n<meta property=\"og:url\" content=\"https:\/\/www.tvuai.com.br\/portal\/e-neste-domingo-general-mills-faz-feirao-de-empregos-em-pouso-alegre-para-vagas-na-fabrica\/\" \/>\n<meta property=\"og:site_name\" content=\"TVUAI\" \/>\n<meta property=\"article:publisher\" content=\"http:\/\/www.facebook.com\/pages\/TV-Uai-Comunica%c3%a7%c3%a3o\/139062546157369\" \/>\n<meta property=\"article:published_time\" content=\"2026-03-13T22:59:30+00:00\" \/>\n<meta property=\"article:modified_time\" content=\"2026-03-15T21:50:17+00:00\" \/>\n<meta property=\"og:image\" content=\"https:\/\/www.tvuai.com.br\/portal\/wp-content\/uploads\/2026\/03\/generalmils0.jpg\" \/>\n\t<meta property=\"og:image:width\" content=\"200\" \/>\n\t<meta property=\"og:image:height\" content=\"200\" \/>\n\t<meta property=\"og:image:type\" content=\"image\/jpeg\" \/>\n<meta name=\"author\" content=\"tvuai\" \/>\n<meta name=\"twitter:card\" content=\"summary_large_image\" \/>\n<meta name=\"twitter:creator\" content=\"@tvuai\" \/>\n<meta name=\"twitter:site\" content=\"@tvuai\" \/>\n<meta name=\"twitter:label1\" content=\"Escrito por\" \/>\n\t<meta name=\"twitter:data1\" content=\"tvuai\" \/>\n\t<meta name=\"twitter:label2\" content=\"Est. tempo de leitura\" \/>\n\t<meta name=\"twitter:data2\" content=\"3 minutos\" \/>\n<script type=\"application\/ld+json\" class=\"yoast-schema-graph\">{\"@context\":\"https:\/\/schema.org\",\"@graph\":[{\"@type\":\"Article\",\"@id\":\"https:\/\/www.tvuai.com.br\/portal\/e-neste-domingo-general-mills-faz-feirao-de-empregos-em-pouso-alegre-para-vagas-na-fabrica\/#article\",\"isPartOf\":{\"@id\":\"https:\/\/www.tvuai.com.br\/portal\/e-neste-domingo-general-mills-faz-feirao-de-empregos-em-pouso-alegre-para-vagas-na-fabrica\/\"},\"author\":{\"name\":\"tvuai\",\"@id\":\"https:\/\/www.tvuai.com.br\/portal\/#\/schema\/person\/245e50e9127451fd0b7fd76f519ebbfe\"},\"headline\":\"\u00c9 neste domingo! General Mills faz feir\u00e3o de empregos em Pouso Alegre para vagas na f\u00e1brica\",\"datePublished\":\"2026-03-13T22:59:30+00:00\",\"dateModified\":\"2026-03-15T21:50:17+00:00\",\"mainEntityOfPage\":{\"@id\":\"https:\/\/www.tvuai.com.br\/portal\/e-neste-domingo-general-mills-faz-feirao-de-empregos-em-pouso-alegre-para-vagas-na-fabrica\/\"},\"wordCount\":423,\"publisher\":{\"@id\":\"https:\/\/www.tvuai.com.br\/portal\/#organization\"},\"image\":{\"@id\":\"https:\/\/www.tvuai.com.br\/portal\/e-neste-domingo-general-mills-faz-feirao-de-empregos-em-pouso-alegre-para-vagas-na-fabrica\/#primaryimage\"},\"thumbnailUrl\":\"https:\/\/i0.wp.com\/www.tvuai.com.br\/portal\/wp-content\/uploads\/2026\/03\/generalmils0.jpg?fit=200%2C200&ssl=1\",\"keywords\":[\"empregos em Pouso Alegre\",\"f\u00e1brica em Pouso Alegre\",\"feir\u00e3o de empregos\",\"General Mills\",\"H\u00e4agen-Dazs\",\"Kitano\",\"mercado de trabalho\",\"Minas Gerais\",\"Pouso Alegre\",\"Sul de Minas\",\"TV Uai\",\"TV UAI 26 anos ainda estamos aqui ainda independentes\",\"TV UAI Pouso Alegre\",\"vagas de emprego\",\"Yoki\"],\"articleSection\":[\"Economia\",\"Emprego\",\"Not\u00edcias\",\"\u00daltimas Not\u00edcias\",\"Utilidade Publica\"],\"inLanguage\":\"pt-BR\"},{\"@type\":\"WebPage\",\"@id\":\"https:\/\/www.tvuai.com.br\/portal\/e-neste-domingo-general-mills-faz-feirao-de-empregos-em-pouso-alegre-para-vagas-na-fabrica\/\",\"url\":\"https:\/\/www.tvuai.com.br\/portal\/e-neste-domingo-general-mills-faz-feirao-de-empregos-em-pouso-alegre-para-vagas-na-fabrica\/\",\"name\":\"\u00c9 neste domingo! General Mills faz feir\u00e3o de empregos em Pouso Alegre para vagas na f\u00e1brica - TVUAI\",\"isPartOf\":{\"@id\":\"https:\/\/www.tvuai.com.br\/portal\/#website\"},\"primaryImageOfPage\":{\"@id\":\"https:\/\/www.tvuai.com.br\/portal\/e-neste-domingo-general-mills-faz-feirao-de-empregos-em-pouso-alegre-para-vagas-na-fabrica\/#primaryimage\"},\"image\":{\"@id\":\"https:\/\/www.tvuai.com.br\/portal\/e-neste-domingo-general-mills-faz-feirao-de-empregos-em-pouso-alegre-para-vagas-na-fabrica\/#primaryimage\"},\"thumbnailUrl\":\"https:\/\/i0.wp.com\/www.tvuai.com.br\/portal\/wp-content\/uploads\/2026\/03\/generalmils0.jpg?fit=200%2C200&ssl=1\",\"datePublished\":\"2026-03-13T22:59:30+00:00\",\"dateModified\":\"2026-03-15T21:50:17+00:00\",\"breadcrumb\":{\"@id\":\"https:\/\/www.tvuai.com.br\/portal\/e-neste-domingo-general-mills-faz-feirao-de-empregos-em-pouso-alegre-para-vagas-na-fabrica\/#breadcrumb\"},\"inLanguage\":\"pt-BR\",\"potentialAction\":[{\"@type\":\"ReadAction\",\"target\":[\"https:\/\/www.tvuai.com.br\/portal\/e-neste-domingo-general-mills-faz-feirao-de-empregos-em-pouso-alegre-para-vagas-na-fabrica\/\"]}]},{\"@type\":\"ImageObject\",\"inLanguage\":\"pt-BR\",\"@id\":\"https:\/\/www.tvuai.com.br\/portal\/e-neste-domingo-general-mills-faz-feirao-de-empregos-em-pouso-alegre-para-vagas-na-fabrica\/#primaryimage\",\"url\":\"https:\/\/i0.wp.com\/www.tvuai.com.br\/portal\/wp-content\/uploads\/2026\/03\/generalmils0.jpg?fit=200%2C200&ssl=1\",\"contentUrl\":\"https:\/\/i0.wp.com\/www.tvuai.com.br\/portal\/wp-content\/uploads\/2026\/03\/generalmils0.jpg?fit=200%2C200&ssl=1\",\"width\":200,\"height\":200},{\"@type\":\"BreadcrumbList\",\"@id\":\"https:\/\/www.tvuai.com.br\/portal\/e-neste-domingo-general-mills-faz-feirao-de-empregos-em-pouso-alegre-para-vagas-na-fabrica\/#breadcrumb\",\"itemListElement\":[{\"@type\":\"ListItem\",\"position\":1,\"name\":\"In\u00edcio\",\"item\":\"https:\/\/www.tvuai.com.br\/portal\/\"},{\"@type\":\"ListItem\",\"position\":2,\"name\":\"\u00c9 neste domingo! General Mills faz feir\u00e3o de empregos em Pouso Alegre para vagas na f\u00e1brica\"}]},{\"@type\":\"WebSite\",\"@id\":\"https:\/\/www.tvuai.com.br\/portal\/#website\",\"url\":\"https:\/\/www.tvuai.com.br\/portal\/\",\"name\":\"TVUAI\",\"description\":\"Tudo sobre o Sul de Minas\",\"publisher\":{\"@id\":\"https:\/\/www.tvuai.com.br\/portal\/#organization\"},\"potentialAction\":[{\"@type\":\"SearchAction\",\"target\":{\"@type\":\"EntryPoint\",\"urlTemplate\":\"https:\/\/www.tvuai.com.br\/portal\/?s={search_term_string}\"},\"query-input\":{\"@type\":\"PropertyValueSpecification\",\"valueRequired\":true,\"valueName\":\"search_term_string\"}}],\"inLanguage\":\"pt-BR\"},{\"@type\":\"Organization\",\"@id\":\"https:\/\/www.tvuai.com.br\/portal\/#organization\",\"name\":\"TVUAI\",\"url\":\"https:\/\/www.tvuai.com.br\/portal\/\",\"logo\":{\"@type\":\"ImageObject\",\"inLanguage\":\"pt-BR\",\"@id\":\"https:\/\/www.tvuai.com.br\/portal\/#\/schema\/logo\/image\/\",\"url\":\"https:\/\/i0.wp.com\/www.tvuai.com.br\/portal\/wp-content\/uploads\/2017\/12\/logo_tvuai_100H.png?fit=207%2C100&ssl=1\",\"contentUrl\":\"https:\/\/i0.wp.com\/www.tvuai.com.br\/portal\/wp-content\/uploads\/2017\/12\/logo_tvuai_100H.png?fit=207%2C100&ssl=1\",\"width\":207,\"height\":100,\"caption\":\"TVUAI\"},\"image\":{\"@id\":\"https:\/\/www.tvuai.com.br\/portal\/#\/schema\/logo\/image\/\"},\"sameAs\":[\"http:\/\/www.facebook.com\/pages\/TV-Uai-Comunica\u00e7\u00e3o\/139062546157369\",\"https:\/\/x.com\/tvuai\",\"https:\/\/www.instagram.com\/tvuai_network\/\",\"https:\/\/www.youtube.com\/channel\/UCB7ZPB3wRv-OpoZ_09jmnkQ\"]},{\"@type\":\"Person\",\"@id\":\"https:\/\/www.tvuai.com.br\/portal\/#\/schema\/person\/245e50e9127451fd0b7fd76f519ebbfe\",\"name\":\"tvuai\",\"url\":\"https:\/\/www.tvuai.com.br\/portal\/author\/tvuai\/\"}]}<\/script>\n<!-- \/ Yoast SEO plugin. -->","yoast_head_json":{"title":"\u00c9 neste domingo! General Mills faz feir\u00e3o de empregos em Pouso Alegre para vagas na f\u00e1brica - TVUAI","robots":{"index":"index","follow":"follow","max-snippet":"max-snippet:-1","max-image-preview":"max-image-preview:large","max-video-preview":"max-video-preview:-1"},"canonical":"https:\/\/www.tvuai.com.br\/portal\/e-neste-domingo-general-mills-faz-feirao-de-empregos-em-pouso-alegre-para-vagas-na-fabrica\/","og_locale":"pt_BR","og_type":"article","og_title":"\u00c9 neste domingo! General Mills faz feir\u00e3o de empregos em Pouso Alegre para vagas na f\u00e1brica - TVUAI","og_description":"Feir\u00e3o acontece das 8h \u00e0s 12h no Terminal Rodovi\u00e1rio de Pouso Alegre e busca candidatos para vagas na General Mills Confira abaixo como participar do feir\u00e3o da multinacional General Mills Quem est\u00e1 em busca de trabalho em Pouso Alegre ter\u00e1 uma oportunidade neste fim de semana. A multinacional de alimentos General Mills promover\u00e1, no domingo, [&hellip;]","og_url":"https:\/\/www.tvuai.com.br\/portal\/e-neste-domingo-general-mills-faz-feirao-de-empregos-em-pouso-alegre-para-vagas-na-fabrica\/","og_site_name":"TVUAI","article_publisher":"http:\/\/www.facebook.com\/pages\/TV-Uai-Comunica%c3%a7%c3%a3o\/139062546157369","article_published_time":"2026-03-13T22:59:30+00:00","article_modified_time":"2026-03-15T21:50:17+00:00","og_image":[{"width":200,"height":200,"url":"https:\/\/www.tvuai.com.br\/portal\/wp-content\/uploads\/2026\/03\/generalmils0.jpg","type":"image\/jpeg"}],"author":"tvuai","twitter_card":"summary_large_image","twitter_creator":"@tvuai","twitter_site":"@tvuai","twitter_misc":{"Escrito por":"tvuai","Est. tempo de leitura":"3 minutos"},"schema":{"@context":"https:\/\/schema.org","@graph":[{"@type":"Article","@id":"https:\/\/www.tvuai.com.br\/portal\/e-neste-domingo-general-mills-faz-feirao-de-empregos-em-pouso-alegre-para-vagas-na-fabrica\/#article","isPartOf":{"@id":"https:\/\/www.tvuai.com.br\/portal\/e-neste-domingo-general-mills-faz-feirao-de-empregos-em-pouso-alegre-para-vagas-na-fabrica\/"},"author":{"name":"tvuai","@id":"https:\/\/www.tvuai.com.br\/portal\/#\/schema\/person\/245e50e9127451fd0b7fd76f519ebbfe"},"headline":"\u00c9 neste domingo! General Mills faz feir\u00e3o de empregos em Pouso Alegre para vagas na f\u00e1brica","datePublished":"2026-03-13T22:59:30+00:00","dateModified":"2026-03-15T21:50:17+00:00","mainEntityOfPage":{"@id":"https:\/\/www.tvuai.com.br\/portal\/e-neste-domingo-general-mills-faz-feirao-de-empregos-em-pouso-alegre-para-vagas-na-fabrica\/"},"wordCount":423,"publisher":{"@id":"https:\/\/www.tvuai.com.br\/portal\/#organization"},"image":{"@id":"https:\/\/www.tvuai.com.br\/portal\/e-neste-domingo-general-mills-faz-feirao-de-empregos-em-pouso-alegre-para-vagas-na-fabrica\/#primaryimage"},"thumbnailUrl":"https:\/\/i0.wp.com\/www.tvuai.com.br\/portal\/wp-content\/uploads\/2026\/03\/generalmils0.jpg?fit=200%2C200&ssl=1","keywords":["empregos em Pouso Alegre","f\u00e1brica em Pouso Alegre","feir\u00e3o de empregos","General Mills","H\u00e4agen-Dazs","Kitano","mercado de trabalho","Minas Gerais","Pouso Alegre","Sul de Minas","TV Uai","TV UAI 26 anos ainda estamos aqui ainda independentes","TV UAI Pouso Alegre","vagas de emprego","Yoki"],"articleSection":["Economia","Emprego","Not\u00edcias","\u00daltimas Not\u00edcias","Utilidade Publica"],"inLanguage":"pt-BR"},{"@type":"WebPage","@id":"https:\/\/www.tvuai.com.br\/portal\/e-neste-domingo-general-mills-faz-feirao-de-empregos-em-pouso-alegre-para-vagas-na-fabrica\/","url":"https:\/\/www.tvuai.com.br\/portal\/e-neste-domingo-general-mills-faz-feirao-de-empregos-em-pouso-alegre-para-vagas-na-fabrica\/","name":"\u00c9 neste domingo! General Mills faz feir\u00e3o de empregos em Pouso Alegre para vagas na f\u00e1brica - TVUAI","isPartOf":{"@id":"https:\/\/www.tvuai.com.br\/portal\/#website"},"primaryImageOfPage":{"@id":"https:\/\/www.tvuai.com.br\/portal\/e-neste-domingo-general-mills-faz-feirao-de-empregos-em-pouso-alegre-para-vagas-na-fabrica\/#primaryimage"},"image":{"@id":"https:\/\/www.tvuai.com.br\/portal\/e-neste-domingo-general-mills-faz-feirao-de-empregos-em-pouso-alegre-para-vagas-na-fabrica\/#primaryimage"},"thumbnailUrl":"https:\/\/i0.wp.com\/www.tvuai.com.br\/portal\/wp-content\/uploads\/2026\/03\/generalmils0.jpg?fit=200%2C200&ssl=1","datePublished":"2026-03-13T22:59:30+00:00","dateModified":"2026-03-15T21:50:17+00:00","breadcrumb":{"@id":"https:\/\/www.tvuai.com.br\/portal\/e-neste-domingo-general-mills-faz-feirao-de-empregos-em-pouso-alegre-para-vagas-na-fabrica\/#breadcrumb"},"inLanguage":"pt-BR","potentialAction":[{"@type":"ReadAction","target":["https:\/\/www.tvuai.com.br\/portal\/e-neste-domingo-general-mills-faz-feirao-de-empregos-em-pouso-alegre-para-vagas-na-fabrica\/"]}]},{"@type":"ImageObject","inLanguage":"pt-BR","@id":"https:\/\/www.tvuai.com.br\/portal\/e-neste-domingo-general-mills-faz-feirao-de-empregos-em-pouso-alegre-para-vagas-na-fabrica\/#primaryimage","url":"https:\/\/i0.wp.com\/www.tvuai.com.br\/portal\/wp-content\/uploads\/2026\/03\/generalmils0.jpg?fit=200%2C200&ssl=1","contentUrl":"https:\/\/i0.wp.com\/www.tvuai.com.br\/portal\/wp-content\/uploads\/2026\/03\/generalmils0.jpg?fit=200%2C200&ssl=1","width":200,"height":200},{"@type":"BreadcrumbList","@id":"https:\/\/www.tvuai.com.br\/portal\/e-neste-domingo-general-mills-faz-feirao-de-empregos-em-pouso-alegre-para-vagas-na-fabrica\/#breadcrumb","itemListElement":[{"@type":"ListItem","position":1,"name":"In\u00edcio","item":"https:\/\/www.tvuai.com.br\/portal\/"},{"@type":"ListItem","position":2,"name":"\u00c9 neste domingo! General Mills faz feir\u00e3o de empregos em Pouso Alegre para vagas na f\u00e1brica"}]},{"@type":"WebSite","@id":"https:\/\/www.tvuai.com.br\/portal\/#website","url":"https:\/\/www.tvuai.com.br\/portal\/","name":"TVUAI","description":"Tudo sobre o Sul de Minas","publisher":{"@id":"https:\/\/www.tvuai.com.br\/portal\/#organization"},"potentialAction":[{"@type":"SearchAction","target":{"@type":"EntryPoint","urlTemplate":"https:\/\/www.tvuai.com.br\/portal\/?s={search_term_string}"},"query-input":{"@type":"PropertyValueSpecification","valueRequired":true,"valueName":"search_term_string"}}],"inLanguage":"pt-BR"},{"@type":"Organization","@id":"https:\/\/www.tvuai.com.br\/portal\/#organization","name":"TVUAI","url":"https:\/\/www.tvuai.com.br\/portal\/","logo":{"@type":"ImageObject","inLanguage":"pt-BR","@id":"https:\/\/www.tvuai.com.br\/portal\/#\/schema\/logo\/image\/","url":"https:\/\/i0.wp.com\/www.tvuai.com.br\/portal\/wp-content\/uploads\/2017\/12\/logo_tvuai_100H.png?fit=207%2C100&ssl=1","contentUrl":"https:\/\/i0.wp.com\/www.tvuai.com.br\/portal\/wp-content\/uploads\/2017\/12\/logo_tvuai_100H.png?fit=207%2C100&ssl=1","width":207,"height":100,"caption":"TVUAI"},"image":{"@id":"https:\/\/www.tvuai.com.br\/portal\/#\/schema\/logo\/image\/"},"sameAs":["http:\/\/www.facebook.com\/pages\/TV-Uai-Comunica\u00e7\u00e3o\/139062546157369","https:\/\/x.com\/tvuai","https:\/\/www.instagram.com\/tvuai_network\/","https:\/\/www.youtube.com\/channel\/UCB7ZPB3wRv-OpoZ_09jmnkQ"]},{"@type":"Person","@id":"https:\/\/www.tvuai.com.br\/portal\/#\/schema\/person\/245e50e9127451fd0b7fd76f519ebbfe","name":"tvuai","url":"https:\/\/www.tvuai.com.br\/portal\/author\/tvuai\/"}]}},"jetpack_featured_media_url":"https:\/\/i0.wp.com\/www.tvuai.com.br\/portal\/wp-content\/uploads\/2026\/03\/generalmils0.jpg?fit=200%2C200&ssl=1","wpmagazine_modules_lite_featured_media_urls":{"thumbnail":["https:\/\/i0.wp.com\/www.tvuai.com.br\/portal\/wp-content\/uploads\/2026\/03\/generalmils0.jpg?resize=150%2C150&ssl=1",150,150,true],"cvmm-medium":["https:\/\/i0.wp.com\/www.tvuai.com.br\/portal\/wp-content\/uploads\/2026\/03\/generalmils0.jpg?resize=200%2C200&ssl=1",200,200,true],"cvmm-medium-plus":["https:\/\/i0.wp.com\/www.tvuai.com.br\/portal\/wp-content\/uploads\/2026\/03\/generalmils0.jpg?resize=200%2C200&ssl=1",200,200,true],"cvmm-portrait":["https:\/\/i0.wp.com\/www.tvuai.com.br\/portal\/wp-content\/uploads\/2026\/03\/generalmils0.jpg?resize=200%2C200&ssl=1",200,200,true],"cvmm-medium-square":["https:\/\/i0.wp.com\/www.tvuai.com.br\/portal\/wp-content\/uploads\/2026\/03\/generalmils0.jpg?resize=200%2C200&ssl=1",200,200,true],"cvmm-large":["https:\/\/i0.wp.com\/www.tvuai.com.br\/portal\/wp-content\/uploads\/2026\/03\/generalmils0.jpg?resize=200%2C200&ssl=1",200,200,true],"cvmm-small":["https:\/\/i0.wp.com\/www.tvuai.com.br\/portal\/wp-content\/uploads\/2026\/03\/generalmils0.jpg?resize=130%2C95&ssl=1",130,95,true],"full":["https:\/\/i0.wp.com\/www.tvuai.com.br\/portal\/wp-content\/uploads\/2026\/03\/generalmils0.jpg?fit=200%2C200&ssl=1",200,200,false]},"categories_names":{"1815":{"name":"Economia","link":"https:\/\/www.tvuai.com.br\/portal\/category\/economia\/"},"1827":{"name":"Emprego","link":"https:\/\/www.tvuai.com.br\/portal\/category\/emprego\/"},"19":{"name":"Not\u00edcias","link":"https:\/\/www.tvuai.com.br\/portal\/category\/noticias\/"},"5":{"name":"\u00daltimas Not\u00edcias","link":"https:\/\/www.tvuai.com.br\/portal\/category\/noticias\/ultimas\/"},"1829":{"name":"Utilidade Publica","link":"https:\/\/www.tvuai.com.br\/portal\/category\/utilidade\/"}},"tags_names":{"7980":{"name":"empregos em Pouso Alegre","link":"https:\/\/www.tvuai.com.br\/portal\/tag\/empregos-em-pouso-alegre\/"},"8408":{"name":"f\u00e1brica em Pouso Alegre","link":"https:\/\/www.tvuai.com.br\/portal\/tag\/fabrica-em-pouso-alegre\/"},"8407":{"name":"feir\u00e3o de empregos","link":"https:\/\/www.tvuai.com.br\/portal\/tag\/feirao-de-empregos\/"},"2667":{"name":"General Mills","link":"https:\/\/www.tvuai.com.br\/portal\/tag\/general-mills\/"},"3404":{"name":"H\u00e4agen-Dazs","link":"https:\/\/www.tvuai.com.br\/portal\/tag\/haagen-dazs\/"},"3403":{"name":"Kitano","link":"https:\/\/www.tvuai.com.br\/portal\/tag\/kitano\/"},"5812":{"name":"mercado de trabalho","link":"https:\/\/www.tvuai.com.br\/portal\/tag\/mercado-de-trabalho\/"},"184":{"name":"Minas Gerais","link":"https:\/\/www.tvuai.com.br\/portal\/tag\/minas-gerais\/"},"37":{"name":"Pouso Alegre","link":"https:\/\/www.tvuai.com.br\/portal\/tag\/pouso-alegre\/"},"39":{"name":"Sul de Minas","link":"https:\/\/www.tvuai.com.br\/portal\/tag\/sul-de-minas\/"},"27":{"name":"TV Uai","link":"https:\/\/www.tvuai.com.br\/portal\/tag\/tv-uai\/"},"8053":{"name":"TV UAI 26 anos ainda estamos aqui ainda independentes","link":"https:\/\/www.tvuai.com.br\/portal\/tag\/tv-uai-26-anos-ainda-estamos-aqui-ainda-independentes\/"},"1618":{"name":"TV UAI Pouso Alegre","link":"https:\/\/www.tvuai.com.br\/portal\/tag\/tv-uai-pouso-alegre\/"},"5938":{"name":"vagas de emprego","link":"https:\/\/www.tvuai.com.br\/portal\/tag\/vagas-de-emprego\/"},"3402":{"name":"Yoki","link":"https:\/\/www.tvuai.com.br\/portal\/tag\/yoki\/"}},"comments_number":"0","jetpack_shortlink":"https:\/\/wp.me\/p9woix-47t","jetpack_sharing_enabled":true,"_links":{"self":[{"href":"https:\/\/www.tvuai.com.br\/portal\/wp-json\/wp\/v2\/posts\/15839"}],"collection":[{"href":"https:\/\/www.tvuai.com.br\/portal\/wp-json\/wp\/v2\/posts"}],"about":[{"href":"https:\/\/www.tvuai.com.br\/portal\/wp-json\/wp\/v2\/types\/post"}],"author":[{"embeddable":true,"href":"https:\/\/www.tvuai.com.br\/portal\/wp-json\/wp\/v2\/users\/1"}],"replies":[{"embeddable":true,"href":"https:\/\/www.tvuai.com.br\/portal\/wp-json\/wp\/v2\/comments?post=15839"}],"version-history":[{"count":2,"href":"https:\/\/www.tvuai.com.br\/portal\/wp-json\/wp\/v2\/posts\/15839\/revisions"}],"predecessor-version":[{"id":15843,"href":"https:\/\/www.tvuai.com.br\/portal\/wp-json\/wp\/v2\/posts\/15839\/revisions\/15843"}],"wp:featuredmedia":[{"embeddable":true,"href":"https:\/\/www.tvuai.com.br\/portal\/wp-json\/wp\/v2\/media\/15841"}],"wp:attachment":[{"href":"https:\/\/www.tvuai.com.br\/portal\/wp-json\/wp\/v2\/media?parent=15839"}],"wp:term":[{"taxonomy":"category","embeddable":true,"href":"https:\/\/www.tvuai.com.br\/portal\/wp-json\/wp\/v2\/categories?post=15839"},{"taxonomy":"post_tag","embeddable":true,"href":"https:\/\/www.tvuai.com.br\/portal\/wp-json\/wp\/v2\/tags?post=15839"}],"curies":[{"name":"wp","href":"https:\/\/api.w.org\/{rel}","templated":true}]}}