{"id":15824,"date":"2026-03-13T19:57:48","date_gmt":"2026-03-13T22:57:48","guid":{"rendered":"https:\/\/www.tvuai.com.br\/portal\/?p=15824"},"modified":"2026-03-15T13:16:26","modified_gmt":"2026-03-15T16:16:26","slug":"pouso-alegre-sediou-encontro-estadual-para-preparacao-da-rede-de-saude-contra-virus-respiratorios","status":"publish","type":"post","link":"https:\/\/www.tvuai.com.br\/portal\/pouso-alegre-sediou-encontro-estadual-para-preparacao-da-rede-de-saude-contra-virus-respiratorios\/","title":{"rendered":"Pouso Alegre sediou encontro estadual para prepara\u00e7\u00e3o da rede de sa\u00fade contra v\u00edrus respirat\u00f3rios"},"content":{"rendered":"<div class=\"5a1038e0903b96d426fcfcc338703013\" data-index=\"1\" style=\"float: right; margin:10px 0 10px 10px;\">\n<script async src=\"https:\/\/pagead2.googlesyndication.com\/pagead\/js\/adsbygoogle.js?client=ca-pub-9945944833605257\"\r\n     crossorigin=\"anonymous\"><\/script>\r\n<ins class=\"adsbygoogle\"\r\n     style=\"display:block; text-align:center;\"\r\n     data-ad-layout=\"in-article\"\r\n     data-ad-format=\"fluid\"\r\n     data-ad-client=\"ca-pub-9945944833605257\"\r\n     data-ad-slot=\"2343923581\"><\/ins>\r\n<script>\r\n     (adsbygoogle = window.adsbygoogle || []).push({});\r\n<\/script>\n<\/div>\n<div class=\"flex flex-col text-sm pb-25\">\n<article class=\"text-token-text-primary w-full focus:outline-none [--shadow-height:45px] has-data-writing-block:pointer-events-none has-data-writing-block:-mt-(--shadow-height) has-data-writing-block:pt-(--shadow-height) [&amp;:has([data-writing-block])&gt;*]:pointer-events-auto scroll-mt-[calc(var(--header-height)+min(200px,max(70px,20svh)))]\" dir=\"auto\" tabindex=\"-1\" data-turn-id=\"request-WEB:9530b026-38ef-4fd1-a98f-bc27ba6e6b59-5\" data-testid=\"conversation-turn-12\" data-scroll-anchor=\"true\" data-turn=\"assistant\">\n<div class=\"text-base my-auto mx-auto pb-10 [--thread-content-margin:var(--thread-content-margin-xs,calc(var(--spacing)*4))] @w-sm\/main:[--thread-content-margin:var(--thread-content-margin-sm,calc(var(--spacing)*6))] @w-lg\/main:[--thread-content-margin:var(--thread-content-margin-lg,calc(var(--spacing)*16))] px-(--thread-content-margin)\">\n<div class=\"[--thread-content-max-width:40rem] @w-lg\/main:[--thread-content-max-width:48rem] mx-auto max-w-(--thread-content-max-width) flex-1 group\/turn-messages focus-visible:outline-hidden relative flex w-full min-w-0 flex-col agent-turn\" tabindex=\"-1\">\n<div class=\"flex max-w-full flex-col gap-4 grow\">\n<div class=\"min-h-8 text-message relative flex w-full flex-col items-end gap-2 text-start break-words whitespace-normal [.text-message+&amp;]:mt-1\" dir=\"auto\" data-message-author-role=\"assistant\" data-message-id=\"a1eb05f4-eda3-49a3-9613-d4d9695f8f43\" data-message-model-slug=\"gpt-5-3\">\n<div class=\"flex w-full flex-col gap-1 empty:hidden\">\n<div class=\"markdown prose dark:prose-invert w-full wrap-break-word light markdown-new-styling\">\n<h5 style=\"text-align: center;\" data-start=\"0\" data-end=\"91\"><em><strong><img data-recalc-dims=\"1\" fetchpriority=\"high\" decoding=\"async\" data-attachment-id=\"15828\" data-permalink=\"https:\/\/www.tvuai.com.br\/portal\/pouso-alegre-sediou-encontro-estadual-para-preparacao-da-rede-de-saude-contra-virus-respiratorios\/conexao-viral2\/\" data-orig-file=\"https:\/\/i0.wp.com\/www.tvuai.com.br\/portal\/wp-content\/uploads\/2026\/03\/conexao-viral2.jpg?fit=800%2C450&amp;ssl=1\" data-orig-size=\"800,450\" data-comments-opened=\"0\" data-image-meta=\"{&quot;aperture&quot;:&quot;0&quot;,&quot;credit&quot;:&quot;&quot;,&quot;camera&quot;:&quot;&quot;,&quot;caption&quot;:&quot;&quot;,&quot;created_timestamp&quot;:&quot;1773423176&quot;,&quot;copyright&quot;:&quot;&quot;,&quot;focal_length&quot;:&quot;0&quot;,&quot;iso&quot;:&quot;0&quot;,&quot;shutter_speed&quot;:&quot;0&quot;,&quot;title&quot;:&quot;&quot;,&quot;orientation&quot;:&quot;0&quot;}\" data-image-title=\"conex\u00e3o viral2\" data-image-description=\"\" data-image-caption=\"\" data-medium-file=\"https:\/\/i0.wp.com\/www.tvuai.com.br\/portal\/wp-content\/uploads\/2026\/03\/conexao-viral2.jpg?fit=300%2C169&amp;ssl=1\" data-large-file=\"https:\/\/i0.wp.com\/www.tvuai.com.br\/portal\/wp-content\/uploads\/2026\/03\/conexao-viral2.jpg?fit=640%2C360&amp;ssl=1\" tabindex=\"0\" role=\"button\" class=\"aligncenter size-full wp-image-15828\" src=\"https:\/\/i0.wp.com\/www.tvuai.com.br\/portal\/wp-content\/uploads\/2026\/03\/conexao-viral2.jpg?resize=640%2C360&#038;ssl=1\" alt=\"\" width=\"640\" height=\"360\" srcset=\"https:\/\/i0.wp.com\/www.tvuai.com.br\/portal\/wp-content\/uploads\/2026\/03\/conexao-viral2.jpg?w=800&amp;ssl=1 800w, https:\/\/i0.wp.com\/www.tvuai.com.br\/portal\/wp-content\/uploads\/2026\/03\/conexao-viral2.jpg?resize=300%2C169&amp;ssl=1 300w, https:\/\/i0.wp.com\/www.tvuai.com.br\/portal\/wp-content\/uploads\/2026\/03\/conexao-viral2.jpg?resize=768%2C432&amp;ssl=1 768w\" sizes=\"(max-width: 640px) 100vw, 640px\" \/>Evento da SES-MG em Pouso Alegre reuniu profissionais de 53 munic\u00edpios para discutir vigil\u00e2ncia e prepara\u00e7\u00e3o para aumento de v\u00edrus respirat\u00f3rios<\/strong><\/em><\/h5>\n<p data-start=\"93\" data-end=\"484\">Profissionais da sa\u00fade de 53 munic\u00edpios participaram, na \u00faltima segunda-feira, 10, de um encontro promovido pela <span class=\"hover:entity-accent entity-underline inline cursor-pointer align-baseline\"><span class=\"whitespace-normal\">Secretaria de Estado de Sa\u00fade de Minas Gerais<\/span><\/span> (SES-MG) em <span class=\"hover:entity-accent entity-underline inline cursor-pointer align-baseline\"><span class=\"whitespace-normal\">Pouso Alegre<\/span><\/span>, com foco no fortalecimento da vigil\u00e2ncia em sa\u00fade e na prepara\u00e7\u00e3o da rede assistencial para o enfrentamento de doen\u00e7as transmiss\u00edveis agudas, especialmente as s\u00edndromes respirat\u00f3rias virais.<\/p>\n<p data-start=\"486\" data-end=\"736\">A atividade ocorreu na <span class=\"hover:entity-accent entity-underline inline cursor-pointer align-baseline\"><span class=\"whitespace-normal\">C\u00e2mara Municipal de Pouso Alegre<\/span><\/span> e integrou a programa\u00e7\u00e3o do Conex\u00e3o Viral em Campo, iniciativa que leva equipes t\u00e9cnicas da secretaria a diferentes regi\u00f5es do estado para apoiar profissionais da rede p\u00fablica de sa\u00fade.<\/p>\n<p data-start=\"738\" data-end=\"912\">O encontro reuniu m\u00e9dicos e enfermeiros de munic\u00edpios que integram a \u00e1rea de abrang\u00eancia da <span class=\"hover:entity-accent entity-underline inline cursor-pointer align-baseline\"><span class=\"whitespace-normal\">Superintend\u00eancia Regional de Sa\u00fade de Pouso Alegre<\/span><\/span>, que engloba 53 cidades do Sul de Minas.<\/p>\n<p data-start=\"914\" data-end=\"1267\"><img data-recalc-dims=\"1\" decoding=\"async\" data-attachment-id=\"15827\" data-permalink=\"https:\/\/www.tvuai.com.br\/portal\/pouso-alegre-sediou-encontro-estadual-para-preparacao-da-rede-de-saude-contra-virus-respiratorios\/conexao-viral1\/\" data-orig-file=\"https:\/\/i0.wp.com\/www.tvuai.com.br\/portal\/wp-content\/uploads\/2026\/03\/conexao-viral1.jpg?fit=800%2C450&amp;ssl=1\" data-orig-size=\"800,450\" data-comments-opened=\"0\" data-image-meta=\"{&quot;aperture&quot;:&quot;0&quot;,&quot;credit&quot;:&quot;&quot;,&quot;camera&quot;:&quot;&quot;,&quot;caption&quot;:&quot;&quot;,&quot;created_timestamp&quot;:&quot;1773423176&quot;,&quot;copyright&quot;:&quot;&quot;,&quot;focal_length&quot;:&quot;0&quot;,&quot;iso&quot;:&quot;0&quot;,&quot;shutter_speed&quot;:&quot;0&quot;,&quot;title&quot;:&quot;&quot;,&quot;orientation&quot;:&quot;0&quot;}\" data-image-title=\"conex\u00e3o viral1\" data-image-description=\"\" data-image-caption=\"\" data-medium-file=\"https:\/\/i0.wp.com\/www.tvuai.com.br\/portal\/wp-content\/uploads\/2026\/03\/conexao-viral1.jpg?fit=300%2C169&amp;ssl=1\" data-large-file=\"https:\/\/i0.wp.com\/www.tvuai.com.br\/portal\/wp-content\/uploads\/2026\/03\/conexao-viral1.jpg?fit=640%2C360&amp;ssl=1\" tabindex=\"0\" role=\"button\" class=\"alignleft size-medium wp-image-15827\" src=\"https:\/\/i0.wp.com\/www.tvuai.com.br\/portal\/wp-content\/uploads\/2026\/03\/conexao-viral1.jpg?resize=300%2C169&#038;ssl=1\" alt=\"\" width=\"300\" height=\"169\" srcset=\"https:\/\/i0.wp.com\/www.tvuai.com.br\/portal\/wp-content\/uploads\/2026\/03\/conexao-viral1.jpg?resize=300%2C169&amp;ssl=1 300w, https:\/\/i0.wp.com\/www.tvuai.com.br\/portal\/wp-content\/uploads\/2026\/03\/conexao-viral1.jpg?resize=768%2C432&amp;ssl=1 768w, https:\/\/i0.wp.com\/www.tvuai.com.br\/portal\/wp-content\/uploads\/2026\/03\/conexao-viral1.jpg?w=800&amp;ssl=1 800w\" sizes=\"(max-width: 300px) 100vw, 300px\" \/>Durante a programa\u00e7\u00e3o, foi realizada uma oficina de prepara\u00e7\u00e3o para o per\u00edodo sazonal de circula\u00e7\u00e3o de v\u00edrus respirat\u00f3rios. A atividade incluiu discuss\u00e3o de casos cl\u00ednicos conduzida por integrantes da <span class=\"hover:entity-accent entity-underline inline cursor-pointer align-baseline\"><span class=\"whitespace-normal\">For\u00e7a Estadual do SUS<\/span><\/span> (FE-SUS): o m\u00e9dico <span class=\"hover:entity-accent entity-underline inline cursor-pointer align-baseline\"><span class=\"whitespace-normal\">Luiz Carlos Coelho<\/span><\/span> e o enfermeiro <span class=\"hover:entity-accent entity-underline inline cursor-pointer align-baseline\"><span class=\"whitespace-normal\">Thiago Martins<\/span><\/span>.<\/p>\n<p data-start=\"1269\" data-end=\"1507\">A proposta do Conex\u00e3o Viral em Campo \u00e9 promover encontros presenciais nas regi\u00f5es de sa\u00fade com participa\u00e7\u00e3o integrada de profissionais da For\u00e7a Estadual do SUS, t\u00e9cnicos das unidades regionais e representantes da equipe central da SES-MG.<\/p>\n<p data-start=\"1509\" data-end=\"1756\">Segundo o coordenador dos programas de Vigil\u00e2ncia de Doen\u00e7as Transmiss\u00edveis Agudas da SES-MG, <span class=\"hover:entity-accent entity-underline inline cursor-pointer align-baseline\"><span class=\"whitespace-normal\">Gilmar Jos\u00e9 Coelho<\/span><\/span>, a iniciativa ganha import\u00e2ncia neste per\u00edodo do ano quando come\u00e7a a aumentar a circula\u00e7\u00e3o de v\u00edrus respirat\u00f3rios.<\/p>\n<p data-start=\"1758\" data-end=\"2010\">De acordo com o coordenador, nesse per\u00edodo passam a ser observados com maior frequ\u00eancia v\u00edrus como o V\u00edrus Sincicial Respirat\u00f3rio (VSR), que afeta principalmente crian\u00e7as, al\u00e9m do crescimento gradual de casos de influenza e, eventualmente, de Covid-19.<\/p>\n<p data-start=\"2012\" data-end=\"2304\">Durante o encontro tamb\u00e9m foram apresentados dados do cen\u00e1rio epidemiol\u00f3gico estadual, macrorregional e regional. A programa\u00e7\u00e3o incluiu ainda alinhamento t\u00e9cnico sobre vigil\u00e2ncia de S\u00edndrome Respirat\u00f3ria Aguda Grave (SRAG), s\u00edndrome gripal, influenza, Covid-19, VSR, sarampo e outros agravos.<\/p>\n<p data-start=\"2306\" data-end=\"2584\">Os profissionais tamb\u00e9m discutiram fluxos de notifica\u00e7\u00e3o, investiga\u00e7\u00e3o e assist\u00eancia aos pacientes, al\u00e9m da regula\u00e7\u00e3o de acesso aos servi\u00e7os de sa\u00fade. O evento abriu espa\u00e7o para a escuta de demandas dos munic\u00edpios e para a defini\u00e7\u00e3o de encaminhamentos t\u00e9cnicos e institucionais.<\/p>\n<h6 style=\"text-align: right;\" data-start=\"2306\" data-end=\"2584\"><em><strong>Com informa\u00e7\u00f5es de Ot\u00e1vio Fernandes e foto: Divulga\u00e7\u00e3o\/SRS Pouso Alegre<\/strong><\/em><\/h6>\n<\/div>\n<\/div>\n<\/div>\n<\/div>\n<\/div>\n<\/div>\n<\/article>\n<\/div>\n\n<div style=\"font-size: 0px; height: 0px; line-height: 0px; margin: 0; padding: 0; clear: both;\"><\/div><div class='share-to-whatsapp-wrapper'><div class='share-on-whsp'>Share on: <\/div><a data-text='Pouso Alegre sediou encontro estadual para prepara\u00e7\u00e3o da rede de sa\u00fade contra v\u00edrus respirat\u00f3rios' data-link='https:\/\/www.tvuai.com.br\/portal\/pouso-alegre-sediou-encontro-estadual-para-preparacao-da-rede-de-saude-contra-virus-respiratorios\/' class='whatsapp-button whatsapp-share'>WhatsApp<\/a><div class='clear '><\/div><\/div><!-- AddThis Advanced Settings generic via filter on the_content --><!-- AddThis Share Buttons generic via filter on the_content -->","protected":false},"excerpt":{"rendered":"<p>Evento da SES-MG em Pouso Alegre reuniu profissionais de 53 munic\u00edpios para discutir vigil\u00e2ncia e prepara\u00e7\u00e3o para aumento de v\u00edrus respirat\u00f3rios Profissionais da sa\u00fade de 53 munic\u00edpios participaram, na \u00faltima segunda-feira, 10, de um encontro promovido pela Secretaria de Estado de Sa\u00fade de Minas Gerais (SES-MG) em Pouso Alegre, com foco no fortalecimento da vigil\u00e2ncia [&hellip;]<!-- AddThis Advanced Settings generic via filter on get_the_excerpt --><!-- AddThis Share Buttons generic via filter on get_the_excerpt --><\/p>\n","protected":false},"author":1,"featured_media":15826,"comment_status":"closed","ping_status":"closed","sticky":false,"template":"","format":"standard","meta":{"jetpack_post_was_ever_published":false,"_jetpack_newsletter_access":"","_jetpack_dont_email_post_to_subs":false,"_jetpack_newsletter_tier_id":0,"_jetpack_memberships_contains_paywalled_content":false,"_jetpack_memberships_contains_paid_content":false,"_joinchat":[],"footnotes":"","jetpack_publicize_message":"","jetpack_publicize_feature_enabled":true,"jetpack_social_post_already_shared":false,"jetpack_social_options":{"image_generator_settings":{"template":"highway","enabled":false},"version":2}},"categories":[19,1876,6235,5],"tags":[213,913,8399,184,37,5894,3137,8401,39,1520,2070,27,8053,1618,8201,8398,8400],"class_list":["post-15824","post","type-post","status-publish","format-standard","has-post-thumbnail","hentry","category-noticias","category-saude","category-sociais","category-ultimas","tag-covid-19","tag-governo-de-minas-gerais","tag-influenza","tag-minas-gerais","tag-pouso-alegre","tag-saude-publica","tag-ses-mg","tag-srag","tag-sul-de-minas","tag-superintendencia-regional-de-saude-de-pouso-alegre","tag-sus","tag-tv-uai","tag-tv-uai-26-anos-ainda-estamos-aqui-ainda-independentes","tag-tv-uai-pouso-alegre","tag-vigilancia-epidemiologica","tag-virus-respiratorios","tag-vsr"],"jetpack_publicize_connections":[],"yoast_head":"<!-- This site is optimized with the Yoast SEO plugin v23.5 - https:\/\/yoast.com\/wordpress\/plugins\/seo\/ -->\n<title>Pouso Alegre sediou encontro estadual para prepara\u00e7\u00e3o da rede de sa\u00fade contra v\u00edrus respirat\u00f3rios - TVUAI<\/title>\n<meta name=\"robots\" content=\"index, follow, max-snippet:-1, max-image-preview:large, max-video-preview:-1\" \/>\n<link rel=\"canonical\" href=\"https:\/\/www.tvuai.com.br\/portal\/pouso-alegre-sediou-encontro-estadual-para-preparacao-da-rede-de-saude-contra-virus-respiratorios\/\" \/>\n<meta property=\"og:locale\" content=\"pt_BR\" \/>\n<meta property=\"og:type\" content=\"article\" \/>\n<meta property=\"og:title\" content=\"Pouso Alegre sediou encontro estadual para prepara\u00e7\u00e3o da rede de sa\u00fade contra v\u00edrus respirat\u00f3rios - TVUAI\" \/>\n<meta property=\"og:description\" content=\"Evento da SES-MG em Pouso Alegre reuniu profissionais de 53 munic\u00edpios para discutir vigil\u00e2ncia e prepara\u00e7\u00e3o para aumento de v\u00edrus respirat\u00f3rios Profissionais da sa\u00fade de 53 munic\u00edpios participaram, na \u00faltima segunda-feira, 10, de um encontro promovido pela Secretaria de Estado de Sa\u00fade de Minas Gerais (SES-MG) em Pouso Alegre, com foco no fortalecimento da vigil\u00e2ncia [&hellip;]\" \/>\n<meta property=\"og:url\" content=\"https:\/\/www.tvuai.com.br\/portal\/pouso-alegre-sediou-encontro-estadual-para-preparacao-da-rede-de-saude-contra-virus-respiratorios\/\" \/>\n<meta property=\"og:site_name\" content=\"TVUAI\" \/>\n<meta property=\"article:publisher\" content=\"http:\/\/www.facebook.com\/pages\/TV-Uai-Comunica%c3%a7%c3%a3o\/139062546157369\" \/>\n<meta property=\"article:published_time\" content=\"2026-03-13T22:57:48+00:00\" \/>\n<meta property=\"article:modified_time\" content=\"2026-03-15T16:16:26+00:00\" \/>\n<meta property=\"og:image\" content=\"https:\/\/www.tvuai.com.br\/portal\/wp-content\/uploads\/2026\/03\/conexao-viral0.jpg\" \/>\n\t<meta property=\"og:image:width\" content=\"200\" \/>\n\t<meta property=\"og:image:height\" content=\"200\" \/>\n\t<meta property=\"og:image:type\" content=\"image\/jpeg\" \/>\n<meta name=\"author\" content=\"tvuai\" \/>\n<meta name=\"twitter:card\" content=\"summary_large_image\" \/>\n<meta name=\"twitter:creator\" content=\"@tvuai\" \/>\n<meta name=\"twitter:site\" content=\"@tvuai\" \/>\n<meta name=\"twitter:label1\" content=\"Escrito por\" \/>\n\t<meta name=\"twitter:data1\" content=\"tvuai\" \/>\n\t<meta name=\"twitter:label2\" content=\"Est. tempo de leitura\" \/>\n\t<meta name=\"twitter:data2\" content=\"3 minutos\" \/>\n<script type=\"application\/ld+json\" class=\"yoast-schema-graph\">{\"@context\":\"https:\/\/schema.org\",\"@graph\":[{\"@type\":\"Article\",\"@id\":\"https:\/\/www.tvuai.com.br\/portal\/pouso-alegre-sediou-encontro-estadual-para-preparacao-da-rede-de-saude-contra-virus-respiratorios\/#article\",\"isPartOf\":{\"@id\":\"https:\/\/www.tvuai.com.br\/portal\/pouso-alegre-sediou-encontro-estadual-para-preparacao-da-rede-de-saude-contra-virus-respiratorios\/\"},\"author\":{\"name\":\"tvuai\",\"@id\":\"https:\/\/www.tvuai.com.br\/portal\/#\/schema\/person\/245e50e9127451fd0b7fd76f519ebbfe\"},\"headline\":\"Pouso Alegre sediou encontro estadual para prepara\u00e7\u00e3o da rede de sa\u00fade contra v\u00edrus respirat\u00f3rios\",\"datePublished\":\"2026-03-13T22:57:48+00:00\",\"dateModified\":\"2026-03-15T16:16:26+00:00\",\"mainEntityOfPage\":{\"@id\":\"https:\/\/www.tvuai.com.br\/portal\/pouso-alegre-sediou-encontro-estadual-para-preparacao-da-rede-de-saude-contra-virus-respiratorios\/\"},\"wordCount\":478,\"publisher\":{\"@id\":\"https:\/\/www.tvuai.com.br\/portal\/#organization\"},\"image\":{\"@id\":\"https:\/\/www.tvuai.com.br\/portal\/pouso-alegre-sediou-encontro-estadual-para-preparacao-da-rede-de-saude-contra-virus-respiratorios\/#primaryimage\"},\"thumbnailUrl\":\"https:\/\/i0.wp.com\/www.tvuai.com.br\/portal\/wp-content\/uploads\/2026\/03\/conexao-viral0.jpg?fit=200%2C200&ssl=1\",\"keywords\":[\"covid-19\",\"governo de Minas Gerais\",\"influenza\",\"Minas Gerais\",\"Pouso Alegre\",\"sa\u00fade p\u00fablica\",\"SES-MG\",\"SRAG\",\"Sul de Minas\",\"Superintend\u00eancia Regional de Sa\u00fade de Pouso Alegre\",\"SUS)\",\"TV Uai\",\"TV UAI 26 anos ainda estamos aqui ainda independentes\",\"TV UAI Pouso Alegre\",\"vigil\u00e2ncia epidemiol\u00f3gica\",\"v\u00edrus respirat\u00f3rios\",\"VSR\"],\"articleSection\":[\"Not\u00edcias\",\"Sa\u00fade\",\"Sociais\",\"\u00daltimas Not\u00edcias\"],\"inLanguage\":\"pt-BR\"},{\"@type\":\"WebPage\",\"@id\":\"https:\/\/www.tvuai.com.br\/portal\/pouso-alegre-sediou-encontro-estadual-para-preparacao-da-rede-de-saude-contra-virus-respiratorios\/\",\"url\":\"https:\/\/www.tvuai.com.br\/portal\/pouso-alegre-sediou-encontro-estadual-para-preparacao-da-rede-de-saude-contra-virus-respiratorios\/\",\"name\":\"Pouso Alegre sediou encontro estadual para prepara\u00e7\u00e3o da rede de sa\u00fade contra v\u00edrus respirat\u00f3rios - TVUAI\",\"isPartOf\":{\"@id\":\"https:\/\/www.tvuai.com.br\/portal\/#website\"},\"primaryImageOfPage\":{\"@id\":\"https:\/\/www.tvuai.com.br\/portal\/pouso-alegre-sediou-encontro-estadual-para-preparacao-da-rede-de-saude-contra-virus-respiratorios\/#primaryimage\"},\"image\":{\"@id\":\"https:\/\/www.tvuai.com.br\/portal\/pouso-alegre-sediou-encontro-estadual-para-preparacao-da-rede-de-saude-contra-virus-respiratorios\/#primaryimage\"},\"thumbnailUrl\":\"https:\/\/i0.wp.com\/www.tvuai.com.br\/portal\/wp-content\/uploads\/2026\/03\/conexao-viral0.jpg?fit=200%2C200&ssl=1\",\"datePublished\":\"2026-03-13T22:57:48+00:00\",\"dateModified\":\"2026-03-15T16:16:26+00:00\",\"breadcrumb\":{\"@id\":\"https:\/\/www.tvuai.com.br\/portal\/pouso-alegre-sediou-encontro-estadual-para-preparacao-da-rede-de-saude-contra-virus-respiratorios\/#breadcrumb\"},\"inLanguage\":\"pt-BR\",\"potentialAction\":[{\"@type\":\"ReadAction\",\"target\":[\"https:\/\/www.tvuai.com.br\/portal\/pouso-alegre-sediou-encontro-estadual-para-preparacao-da-rede-de-saude-contra-virus-respiratorios\/\"]}]},{\"@type\":\"ImageObject\",\"inLanguage\":\"pt-BR\",\"@id\":\"https:\/\/www.tvuai.com.br\/portal\/pouso-alegre-sediou-encontro-estadual-para-preparacao-da-rede-de-saude-contra-virus-respiratorios\/#primaryimage\",\"url\":\"https:\/\/i0.wp.com\/www.tvuai.com.br\/portal\/wp-content\/uploads\/2026\/03\/conexao-viral0.jpg?fit=200%2C200&ssl=1\",\"contentUrl\":\"https:\/\/i0.wp.com\/www.tvuai.com.br\/portal\/wp-content\/uploads\/2026\/03\/conexao-viral0.jpg?fit=200%2C200&ssl=1\",\"width\":200,\"height\":200},{\"@type\":\"BreadcrumbList\",\"@id\":\"https:\/\/www.tvuai.com.br\/portal\/pouso-alegre-sediou-encontro-estadual-para-preparacao-da-rede-de-saude-contra-virus-respiratorios\/#breadcrumb\",\"itemListElement\":[{\"@type\":\"ListItem\",\"position\":1,\"name\":\"In\u00edcio\",\"item\":\"https:\/\/www.tvuai.com.br\/portal\/\"},{\"@type\":\"ListItem\",\"position\":2,\"name\":\"Pouso Alegre sediou encontro estadual para prepara\u00e7\u00e3o da rede de sa\u00fade contra v\u00edrus respirat\u00f3rios\"}]},{\"@type\":\"WebSite\",\"@id\":\"https:\/\/www.tvuai.com.br\/portal\/#website\",\"url\":\"https:\/\/www.tvuai.com.br\/portal\/\",\"name\":\"TVUAI\",\"description\":\"Tudo sobre o Sul de Minas\",\"publisher\":{\"@id\":\"https:\/\/www.tvuai.com.br\/portal\/#organization\"},\"potentialAction\":[{\"@type\":\"SearchAction\",\"target\":{\"@type\":\"EntryPoint\",\"urlTemplate\":\"https:\/\/www.tvuai.com.br\/portal\/?s={search_term_string}\"},\"query-input\":{\"@type\":\"PropertyValueSpecification\",\"valueRequired\":true,\"valueName\":\"search_term_string\"}}],\"inLanguage\":\"pt-BR\"},{\"@type\":\"Organization\",\"@id\":\"https:\/\/www.tvuai.com.br\/portal\/#organization\",\"name\":\"TVUAI\",\"url\":\"https:\/\/www.tvuai.com.br\/portal\/\",\"logo\":{\"@type\":\"ImageObject\",\"inLanguage\":\"pt-BR\",\"@id\":\"https:\/\/www.tvuai.com.br\/portal\/#\/schema\/logo\/image\/\",\"url\":\"https:\/\/i0.wp.com\/www.tvuai.com.br\/portal\/wp-content\/uploads\/2017\/12\/logo_tvuai_100H.png?fit=207%2C100&ssl=1\",\"contentUrl\":\"https:\/\/i0.wp.com\/www.tvuai.com.br\/portal\/wp-content\/uploads\/2017\/12\/logo_tvuai_100H.png?fit=207%2C100&ssl=1\",\"width\":207,\"height\":100,\"caption\":\"TVUAI\"},\"image\":{\"@id\":\"https:\/\/www.tvuai.com.br\/portal\/#\/schema\/logo\/image\/\"},\"sameAs\":[\"http:\/\/www.facebook.com\/pages\/TV-Uai-Comunica\u00e7\u00e3o\/139062546157369\",\"https:\/\/x.com\/tvuai\",\"https:\/\/www.instagram.com\/tvuai_network\/\",\"https:\/\/www.youtube.com\/channel\/UCB7ZPB3wRv-OpoZ_09jmnkQ\"]},{\"@type\":\"Person\",\"@id\":\"https:\/\/www.tvuai.com.br\/portal\/#\/schema\/person\/245e50e9127451fd0b7fd76f519ebbfe\",\"name\":\"tvuai\",\"url\":\"https:\/\/www.tvuai.com.br\/portal\/author\/tvuai\/\"}]}<\/script>\n<!-- \/ Yoast SEO plugin. -->","yoast_head_json":{"title":"Pouso Alegre sediou encontro estadual para prepara\u00e7\u00e3o da rede de sa\u00fade contra v\u00edrus respirat\u00f3rios - TVUAI","robots":{"index":"index","follow":"follow","max-snippet":"max-snippet:-1","max-image-preview":"max-image-preview:large","max-video-preview":"max-video-preview:-1"},"canonical":"https:\/\/www.tvuai.com.br\/portal\/pouso-alegre-sediou-encontro-estadual-para-preparacao-da-rede-de-saude-contra-virus-respiratorios\/","og_locale":"pt_BR","og_type":"article","og_title":"Pouso Alegre sediou encontro estadual para prepara\u00e7\u00e3o da rede de sa\u00fade contra v\u00edrus respirat\u00f3rios - TVUAI","og_description":"Evento da SES-MG em Pouso Alegre reuniu profissionais de 53 munic\u00edpios para discutir vigil\u00e2ncia e prepara\u00e7\u00e3o para aumento de v\u00edrus respirat\u00f3rios Profissionais da sa\u00fade de 53 munic\u00edpios participaram, na \u00faltima segunda-feira, 10, de um encontro promovido pela Secretaria de Estado de Sa\u00fade de Minas Gerais (SES-MG) em Pouso Alegre, com foco no fortalecimento da vigil\u00e2ncia [&hellip;]","og_url":"https:\/\/www.tvuai.com.br\/portal\/pouso-alegre-sediou-encontro-estadual-para-preparacao-da-rede-de-saude-contra-virus-respiratorios\/","og_site_name":"TVUAI","article_publisher":"http:\/\/www.facebook.com\/pages\/TV-Uai-Comunica%c3%a7%c3%a3o\/139062546157369","article_published_time":"2026-03-13T22:57:48+00:00","article_modified_time":"2026-03-15T16:16:26+00:00","og_image":[{"width":200,"height":200,"url":"https:\/\/www.tvuai.com.br\/portal\/wp-content\/uploads\/2026\/03\/conexao-viral0.jpg","type":"image\/jpeg"}],"author":"tvuai","twitter_card":"summary_large_image","twitter_creator":"@tvuai","twitter_site":"@tvuai","twitter_misc":{"Escrito por":"tvuai","Est. tempo de leitura":"3 minutos"},"schema":{"@context":"https:\/\/schema.org","@graph":[{"@type":"Article","@id":"https:\/\/www.tvuai.com.br\/portal\/pouso-alegre-sediou-encontro-estadual-para-preparacao-da-rede-de-saude-contra-virus-respiratorios\/#article","isPartOf":{"@id":"https:\/\/www.tvuai.com.br\/portal\/pouso-alegre-sediou-encontro-estadual-para-preparacao-da-rede-de-saude-contra-virus-respiratorios\/"},"author":{"name":"tvuai","@id":"https:\/\/www.tvuai.com.br\/portal\/#\/schema\/person\/245e50e9127451fd0b7fd76f519ebbfe"},"headline":"Pouso Alegre sediou encontro estadual para prepara\u00e7\u00e3o da rede de sa\u00fade contra v\u00edrus respirat\u00f3rios","datePublished":"2026-03-13T22:57:48+00:00","dateModified":"2026-03-15T16:16:26+00:00","mainEntityOfPage":{"@id":"https:\/\/www.tvuai.com.br\/portal\/pouso-alegre-sediou-encontro-estadual-para-preparacao-da-rede-de-saude-contra-virus-respiratorios\/"},"wordCount":478,"publisher":{"@id":"https:\/\/www.tvuai.com.br\/portal\/#organization"},"image":{"@id":"https:\/\/www.tvuai.com.br\/portal\/pouso-alegre-sediou-encontro-estadual-para-preparacao-da-rede-de-saude-contra-virus-respiratorios\/#primaryimage"},"thumbnailUrl":"https:\/\/i0.wp.com\/www.tvuai.com.br\/portal\/wp-content\/uploads\/2026\/03\/conexao-viral0.jpg?fit=200%2C200&ssl=1","keywords":["covid-19","governo de Minas Gerais","influenza","Minas Gerais","Pouso Alegre","sa\u00fade p\u00fablica","SES-MG","SRAG","Sul de Minas","Superintend\u00eancia Regional de Sa\u00fade de Pouso Alegre","SUS)","TV Uai","TV UAI 26 anos ainda estamos aqui ainda independentes","TV UAI Pouso Alegre","vigil\u00e2ncia epidemiol\u00f3gica","v\u00edrus respirat\u00f3rios","VSR"],"articleSection":["Not\u00edcias","Sa\u00fade","Sociais","\u00daltimas Not\u00edcias"],"inLanguage":"pt-BR"},{"@type":"WebPage","@id":"https:\/\/www.tvuai.com.br\/portal\/pouso-alegre-sediou-encontro-estadual-para-preparacao-da-rede-de-saude-contra-virus-respiratorios\/","url":"https:\/\/www.tvuai.com.br\/portal\/pouso-alegre-sediou-encontro-estadual-para-preparacao-da-rede-de-saude-contra-virus-respiratorios\/","name":"Pouso Alegre sediou encontro estadual para prepara\u00e7\u00e3o da rede de sa\u00fade contra v\u00edrus respirat\u00f3rios - TVUAI","isPartOf":{"@id":"https:\/\/www.tvuai.com.br\/portal\/#website"},"primaryImageOfPage":{"@id":"https:\/\/www.tvuai.com.br\/portal\/pouso-alegre-sediou-encontro-estadual-para-preparacao-da-rede-de-saude-contra-virus-respiratorios\/#primaryimage"},"image":{"@id":"https:\/\/www.tvuai.com.br\/portal\/pouso-alegre-sediou-encontro-estadual-para-preparacao-da-rede-de-saude-contra-virus-respiratorios\/#primaryimage"},"thumbnailUrl":"https:\/\/i0.wp.com\/www.tvuai.com.br\/portal\/wp-content\/uploads\/2026\/03\/conexao-viral0.jpg?fit=200%2C200&ssl=1","datePublished":"2026-03-13T22:57:48+00:00","dateModified":"2026-03-15T16:16:26+00:00","breadcrumb":{"@id":"https:\/\/www.tvuai.com.br\/portal\/pouso-alegre-sediou-encontro-estadual-para-preparacao-da-rede-de-saude-contra-virus-respiratorios\/#breadcrumb"},"inLanguage":"pt-BR","potentialAction":[{"@type":"ReadAction","target":["https:\/\/www.tvuai.com.br\/portal\/pouso-alegre-sediou-encontro-estadual-para-preparacao-da-rede-de-saude-contra-virus-respiratorios\/"]}]},{"@type":"ImageObject","inLanguage":"pt-BR","@id":"https:\/\/www.tvuai.com.br\/portal\/pouso-alegre-sediou-encontro-estadual-para-preparacao-da-rede-de-saude-contra-virus-respiratorios\/#primaryimage","url":"https:\/\/i0.wp.com\/www.tvuai.com.br\/portal\/wp-content\/uploads\/2026\/03\/conexao-viral0.jpg?fit=200%2C200&ssl=1","contentUrl":"https:\/\/i0.wp.com\/www.tvuai.com.br\/portal\/wp-content\/uploads\/2026\/03\/conexao-viral0.jpg?fit=200%2C200&ssl=1","width":200,"height":200},{"@type":"BreadcrumbList","@id":"https:\/\/www.tvuai.com.br\/portal\/pouso-alegre-sediou-encontro-estadual-para-preparacao-da-rede-de-saude-contra-virus-respiratorios\/#breadcrumb","itemListElement":[{"@type":"ListItem","position":1,"name":"In\u00edcio","item":"https:\/\/www.tvuai.com.br\/portal\/"},{"@type":"ListItem","position":2,"name":"Pouso Alegre sediou encontro estadual para prepara\u00e7\u00e3o da rede de sa\u00fade contra v\u00edrus respirat\u00f3rios"}]},{"@type":"WebSite","@id":"https:\/\/www.tvuai.com.br\/portal\/#website","url":"https:\/\/www.tvuai.com.br\/portal\/","name":"TVUAI","description":"Tudo sobre o Sul de Minas","publisher":{"@id":"https:\/\/www.tvuai.com.br\/portal\/#organization"},"potentialAction":[{"@type":"SearchAction","target":{"@type":"EntryPoint","urlTemplate":"https:\/\/www.tvuai.com.br\/portal\/?s={search_term_string}"},"query-input":{"@type":"PropertyValueSpecification","valueRequired":true,"valueName":"search_term_string"}}],"inLanguage":"pt-BR"},{"@type":"Organization","@id":"https:\/\/www.tvuai.com.br\/portal\/#organization","name":"TVUAI","url":"https:\/\/www.tvuai.com.br\/portal\/","logo":{"@type":"ImageObject","inLanguage":"pt-BR","@id":"https:\/\/www.tvuai.com.br\/portal\/#\/schema\/logo\/image\/","url":"https:\/\/i0.wp.com\/www.tvuai.com.br\/portal\/wp-content\/uploads\/2017\/12\/logo_tvuai_100H.png?fit=207%2C100&ssl=1","contentUrl":"https:\/\/i0.wp.com\/www.tvuai.com.br\/portal\/wp-content\/uploads\/2017\/12\/logo_tvuai_100H.png?fit=207%2C100&ssl=1","width":207,"height":100,"caption":"TVUAI"},"image":{"@id":"https:\/\/www.tvuai.com.br\/portal\/#\/schema\/logo\/image\/"},"sameAs":["http:\/\/www.facebook.com\/pages\/TV-Uai-Comunica\u00e7\u00e3o\/139062546157369","https:\/\/x.com\/tvuai","https:\/\/www.instagram.com\/tvuai_network\/","https:\/\/www.youtube.com\/channel\/UCB7ZPB3wRv-OpoZ_09jmnkQ"]},{"@type":"Person","@id":"https:\/\/www.tvuai.com.br\/portal\/#\/schema\/person\/245e50e9127451fd0b7fd76f519ebbfe","name":"tvuai","url":"https:\/\/www.tvuai.com.br\/portal\/author\/tvuai\/"}]}},"jetpack_featured_media_url":"https:\/\/i0.wp.com\/www.tvuai.com.br\/portal\/wp-content\/uploads\/2026\/03\/conexao-viral0.jpg?fit=200%2C200&ssl=1","wpmagazine_modules_lite_featured_media_urls":{"thumbnail":["https:\/\/i0.wp.com\/www.tvuai.com.br\/portal\/wp-content\/uploads\/2026\/03\/conexao-viral0.jpg?resize=150%2C150&ssl=1",150,150,true],"cvmm-medium":["https:\/\/i0.wp.com\/www.tvuai.com.br\/portal\/wp-content\/uploads\/2026\/03\/conexao-viral0.jpg?resize=200%2C200&ssl=1",200,200,true],"cvmm-medium-plus":["https:\/\/i0.wp.com\/www.tvuai.com.br\/portal\/wp-content\/uploads\/2026\/03\/conexao-viral0.jpg?resize=200%2C200&ssl=1",200,200,true],"cvmm-portrait":["https:\/\/i0.wp.com\/www.tvuai.com.br\/portal\/wp-content\/uploads\/2026\/03\/conexao-viral0.jpg?resize=200%2C200&ssl=1",200,200,true],"cvmm-medium-square":["https:\/\/i0.wp.com\/www.tvuai.com.br\/portal\/wp-content\/uploads\/2026\/03\/conexao-viral0.jpg?resize=200%2C200&ssl=1",200,200,true],"cvmm-large":["https:\/\/i0.wp.com\/www.tvuai.com.br\/portal\/wp-content\/uploads\/2026\/03\/conexao-viral0.jpg?resize=200%2C200&ssl=1",200,200,true],"cvmm-small":["https:\/\/i0.wp.com\/www.tvuai.com.br\/portal\/wp-content\/uploads\/2026\/03\/conexao-viral0.jpg?resize=130%2C95&ssl=1",130,95,true],"full":["https:\/\/i0.wp.com\/www.tvuai.com.br\/portal\/wp-content\/uploads\/2026\/03\/conexao-viral0.jpg?fit=200%2C200&ssl=1",200,200,false]},"categories_names":{"19":{"name":"Not\u00edcias","link":"https:\/\/www.tvuai.com.br\/portal\/category\/noticias\/"},"1876":{"name":"Sa\u00fade","link":"https:\/\/www.tvuai.com.br\/portal\/category\/saude\/"},"6235":{"name":"Sociais","link":"https:\/\/www.tvuai.com.br\/portal\/category\/sociais\/"},"5":{"name":"\u00daltimas Not\u00edcias","link":"https:\/\/www.tvuai.com.br\/portal\/category\/noticias\/ultimas\/"}},"tags_names":{"213":{"name":"covid-19","link":"https:\/\/www.tvuai.com.br\/portal\/tag\/covid-19\/"},"913":{"name":"governo de Minas Gerais","link":"https:\/\/www.tvuai.com.br\/portal\/tag\/governo-de-minas-gerais\/"},"8399":{"name":"influenza","link":"https:\/\/www.tvuai.com.br\/portal\/tag\/influenza\/"},"184":{"name":"Minas Gerais","link":"https:\/\/www.tvuai.com.br\/portal\/tag\/minas-gerais\/"},"37":{"name":"Pouso Alegre","link":"https:\/\/www.tvuai.com.br\/portal\/tag\/pouso-alegre\/"},"5894":{"name":"sa\u00fade p\u00fablica","link":"https:\/\/www.tvuai.com.br\/portal\/tag\/saude-publica\/"},"3137":{"name":"SES-MG","link":"https:\/\/www.tvuai.com.br\/portal\/tag\/ses-mg\/"},"8401":{"name":"SRAG","link":"https:\/\/www.tvuai.com.br\/portal\/tag\/srag\/"},"39":{"name":"Sul de Minas","link":"https:\/\/www.tvuai.com.br\/portal\/tag\/sul-de-minas\/"},"1520":{"name":"Superintend\u00eancia Regional de Sa\u00fade de Pouso Alegre","link":"https:\/\/www.tvuai.com.br\/portal\/tag\/superintendencia-regional-de-saude-de-pouso-alegre\/"},"2070":{"name":"SUS)","link":"https:\/\/www.tvuai.com.br\/portal\/tag\/sus\/"},"27":{"name":"TV Uai","link":"https:\/\/www.tvuai.com.br\/portal\/tag\/tv-uai\/"},"8053":{"name":"TV UAI 26 anos ainda estamos aqui ainda independentes","link":"https:\/\/www.tvuai.com.br\/portal\/tag\/tv-uai-26-anos-ainda-estamos-aqui-ainda-independentes\/"},"1618":{"name":"TV UAI Pouso Alegre","link":"https:\/\/www.tvuai.com.br\/portal\/tag\/tv-uai-pouso-alegre\/"},"8201":{"name":"vigil\u00e2ncia epidemiol\u00f3gica","link":"https:\/\/www.tvuai.com.br\/portal\/tag\/vigilancia-epidemiologica\/"},"8398":{"name":"v\u00edrus respirat\u00f3rios","link":"https:\/\/www.tvuai.com.br\/portal\/tag\/virus-respiratorios\/"},"8400":{"name":"VSR","link":"https:\/\/www.tvuai.com.br\/portal\/tag\/vsr\/"}},"comments_number":"0","jetpack_shortlink":"https:\/\/wp.me\/p9woix-47e","jetpack_sharing_enabled":true,"_links":{"self":[{"href":"https:\/\/www.tvuai.com.br\/portal\/wp-json\/wp\/v2\/posts\/15824"}],"collection":[{"href":"https:\/\/www.tvuai.com.br\/portal\/wp-json\/wp\/v2\/posts"}],"about":[{"href":"https:\/\/www.tvuai.com.br\/portal\/wp-json\/wp\/v2\/types\/post"}],"author":[{"embeddable":true,"href":"https:\/\/www.tvuai.com.br\/portal\/wp-json\/wp\/v2\/users\/1"}],"replies":[{"embeddable":true,"href":"https:\/\/www.tvuai.com.br\/portal\/wp-json\/wp\/v2\/comments?post=15824"}],"version-history":[{"count":2,"href":"https:\/\/www.tvuai.com.br\/portal\/wp-json\/wp\/v2\/posts\/15824\/revisions"}],"predecessor-version":[{"id":15829,"href":"https:\/\/www.tvuai.com.br\/portal\/wp-json\/wp\/v2\/posts\/15824\/revisions\/15829"}],"wp:featuredmedia":[{"embeddable":true,"href":"https:\/\/www.tvuai.com.br\/portal\/wp-json\/wp\/v2\/media\/15826"}],"wp:attachment":[{"href":"https:\/\/www.tvuai.com.br\/portal\/wp-json\/wp\/v2\/media?parent=15824"}],"wp:term":[{"taxonomy":"category","embeddable":true,"href":"https:\/\/www.tvuai.com.br\/portal\/wp-json\/wp\/v2\/categories?post=15824"},{"taxonomy":"post_tag","embeddable":true,"href":"https:\/\/www.tvuai.com.br\/portal\/wp-json\/wp\/v2\/tags?post=15824"}],"curies":[{"name":"wp","href":"https:\/\/api.w.org\/{rel}","templated":true}]}}