{"id":15806,"date":"2026-03-12T21:16:29","date_gmt":"2026-03-13T00:16:29","guid":{"rendered":"https:\/\/www.tvuai.com.br\/portal\/?p=15806"},"modified":"2026-03-17T09:36:01","modified_gmt":"2026-03-17T12:36:01","slug":"pouso-alegre-passa-a-integrar-ecossistema-universitario-federal-com-novo-campus-da-unifei","status":"publish","type":"post","link":"https:\/\/www.tvuai.com.br\/portal\/pouso-alegre-passa-a-integrar-ecossistema-universitario-federal-com-novo-campus-da-unifei\/","title":{"rendered":"Pouso Alegre passa a integrar ecossistema universit\u00e1rio federal com novo campus da UNIFEI"},"content":{"rendered":"<div class=\"5a1038e0903b96d426fcfcc338703013\" data-index=\"1\" style=\"float: right; margin:10px 0 10px 10px;\">\n<script async src=\"https:\/\/pagead2.googlesyndication.com\/pagead\/js\/adsbygoogle.js?client=ca-pub-9945944833605257\"\r\n     crossorigin=\"anonymous\"><\/script>\r\n<ins class=\"adsbygoogle\"\r\n     style=\"display:block; text-align:center;\"\r\n     data-ad-layout=\"in-article\"\r\n     data-ad-format=\"fluid\"\r\n     data-ad-client=\"ca-pub-9945944833605257\"\r\n     data-ad-slot=\"2343923581\"><\/ins>\r\n<script>\r\n     (adsbygoogle = window.adsbygoogle || []).push({});\r\n<\/script>\n<\/div>\n<div class=\"flex flex-col text-sm pb-25\">\n<article class=\"text-token-text-primary w-full focus:outline-none [--shadow-height:45px] has-data-writing-block:pointer-events-none has-data-writing-block:-mt-(--shadow-height) has-data-writing-block:pt-(--shadow-height) [&amp;:has([data-writing-block])&gt;*]:pointer-events-auto scroll-mt-[calc(var(--header-height)+min(200px,max(70px,20svh)))]\" dir=\"auto\" tabindex=\"-1\" data-turn-id=\"request-69b189ba-39bc-8325-a996-c45e8779e019-15\" data-testid=\"conversation-turn-70\" data-scroll-anchor=\"true\" data-turn=\"assistant\">\n<div class=\"text-base my-auto mx-auto pb-10 [--thread-content-margin:var(--thread-content-margin-xs,calc(var(--spacing)*4))] @w-sm\/main:[--thread-content-margin:var(--thread-content-margin-sm,calc(var(--spacing)*6))] @w-lg\/main:[--thread-content-margin:var(--thread-content-margin-lg,calc(var(--spacing)*16))] px-(--thread-content-margin)\">\n<div class=\"[--thread-content-max-width:40rem] @w-lg\/main:[--thread-content-max-width:48rem] mx-auto max-w-(--thread-content-max-width) flex-1 group\/turn-messages focus-visible:outline-hidden relative flex w-full min-w-0 flex-col agent-turn\" tabindex=\"-1\">\n<div class=\"flex max-w-full flex-col gap-4 grow\">\n<div class=\"min-h-8 text-message relative flex w-full flex-col items-end gap-2 text-start break-words whitespace-normal [.text-message+&amp;]:mt-1\" dir=\"auto\" data-message-author-role=\"assistant\" data-message-id=\"3e6bf31a-13f3-4402-9eb8-f38c31ead07f\" data-message-model-slug=\"gpt-5-3\">\n<div class=\"flex w-full flex-col gap-1 empty:hidden\">\n<div class=\"markdown prose dark:prose-invert w-full wrap-break-word light markdown-new-styling\">\n<div class=\"jetpack-video-wrapper\"><iframe title=\"Pouso Alegre ganhou um novo campus da UNIFEI e cidade pode virar um polo federal de tecnologia\" width=\"640\" height=\"360\" src=\"https:\/\/www.youtube.com\/embed\/jJcGx-2qY9k?feature=oembed&#038;enablejsapi=1&#038;origin=https:\/\/www.tvuai.com.br\" frameborder=\"0\" allow=\"accelerometer; autoplay; clipboard-write; encrypted-media; gyroscope; picture-in-picture; web-share\" referrerpolicy=\"strict-origin-when-cross-origin\" allowfullscreen><\/iframe><\/div>\n<h5 style=\"text-align: center;\" data-start=\"298\" data-end=\"462\"><em><strong>Unidade come\u00e7a com cursos de Intelig\u00eancia Artificial, Ciberseguran\u00e7a e Engenharia de Software; ministro da Educa\u00e7\u00e3o participou da inaugura\u00e7\u00e3o nesta quinta-feira, 12<\/strong><\/em><\/h5>\n<p data-start=\"468\" data-end=\"845\"><img data-recalc-dims=\"1\" fetchpriority=\"high\" decoding=\"async\" data-attachment-id=\"15816\" data-permalink=\"https:\/\/www.tvuai.com.br\/portal\/pouso-alegre-passa-a-integrar-ecossistema-universitario-federal-com-novo-campus-da-unifei\/unifei5\/\" data-orig-file=\"https:\/\/i0.wp.com\/www.tvuai.com.br\/portal\/wp-content\/uploads\/2026\/03\/unifei5.jpg?fit=800%2C533&amp;ssl=1\" data-orig-size=\"800,533\" data-comments-opened=\"0\" data-image-meta=\"{&quot;aperture&quot;:&quot;0&quot;,&quot;credit&quot;:&quot;&quot;,&quot;camera&quot;:&quot;&quot;,&quot;caption&quot;:&quot;&quot;,&quot;created_timestamp&quot;:&quot;0&quot;,&quot;copyright&quot;:&quot;&quot;,&quot;focal_length&quot;:&quot;0&quot;,&quot;iso&quot;:&quot;0&quot;,&quot;shutter_speed&quot;:&quot;0&quot;,&quot;title&quot;:&quot;&quot;,&quot;orientation&quot;:&quot;1&quot;}\" data-image-title=\"unifei5\" data-image-description=\"\" data-image-caption=\"\" data-medium-file=\"https:\/\/i0.wp.com\/www.tvuai.com.br\/portal\/wp-content\/uploads\/2026\/03\/unifei5.jpg?fit=300%2C200&amp;ssl=1\" data-large-file=\"https:\/\/i0.wp.com\/www.tvuai.com.br\/portal\/wp-content\/uploads\/2026\/03\/unifei5.jpg?fit=640%2C426&amp;ssl=1\" tabindex=\"0\" role=\"button\" class=\"alignright size-medium wp-image-15816\" src=\"https:\/\/i0.wp.com\/www.tvuai.com.br\/portal\/wp-content\/uploads\/2026\/03\/unifei5.jpg?resize=300%2C200&#038;ssl=1\" alt=\"\" width=\"300\" height=\"200\" srcset=\"https:\/\/i0.wp.com\/www.tvuai.com.br\/portal\/wp-content\/uploads\/2026\/03\/unifei5.jpg?resize=300%2C200&amp;ssl=1 300w, https:\/\/i0.wp.com\/www.tvuai.com.br\/portal\/wp-content\/uploads\/2026\/03\/unifei5.jpg?resize=768%2C512&amp;ssl=1 768w, https:\/\/i0.wp.com\/www.tvuai.com.br\/portal\/wp-content\/uploads\/2026\/03\/unifei5.jpg?w=800&amp;ssl=1 800w\" sizes=\"(max-width: 300px) 100vw, 300px\" \/>A cidade de <span class=\"hover:entity-accent entity-underline inline cursor-pointer align-baseline\"><span class=\"whitespace-normal\">Pouso Alegre<\/span><\/span> passou a contar oficialmente com um campus da <span class=\"hover:entity-accent entity-underline inline cursor-pointer align-baseline\"><span class=\"whitespace-normal\">Universidade Federal de Itajub\u00e1<\/span><\/span> (UNIFEI). A nova unidade foi inaugurada nesta quinta-feira, 12, em cerim\u00f4nia que reuniu autoridades, entre elas o ministro da Educa\u00e7\u00e3o, <span class=\"hover:entity-accent entity-underline inline cursor-pointer align-baseline\"><span class=\"whitespace-normal\">Camilo Santana<\/span><\/span>, al\u00e9m de representantes da universidade, da administra\u00e7\u00e3o municipal e v\u00e1rios prefeitos da regi\u00e3o que tiveram a oportunidade de conversar com o Ministro.<\/p>\n<p data-start=\"847\" data-end=\"1164\">O campus inicia as atividades acad\u00eamicas com tr\u00eas cursos de gradua\u00e7\u00e3o voltados \u00e0 \u00e1rea de tecnologia: Intelig\u00eancia Artificial, Ciberseguran\u00e7a e Engenharia de Software. Cada curso, j\u00e1 em andamento, ofertou inicialmente 40 vagas cada um direcionadas \u00e0 forma\u00e7\u00e3o de profissionais em setores considerados estrat\u00e9gicos para a economia digital.<\/p>\n<p data-start=\"1166\" data-end=\"1328\">Durante a cerim\u00f4nia, o ministro destacou o papel das universidades p\u00fablicas na amplia\u00e7\u00e3o do acesso ao ensino superior e na forma\u00e7\u00e3o de profissionais qualificados.<\/p>\n<p style=\"text-align: center;\" data-start=\"1166\" data-end=\"1328\"><strong>Parceria entre universidade, governo federal e munic\u00edpio<\/strong><\/p>\n<p data-start=\"1391\" data-end=\"1833\">A implanta\u00e7\u00e3o da unidade em <span class=\"hover:entity-accent entity-underline inline cursor-pointer align-baseline\"><span class=\"whitespace-normal\">Pouso Alegre<\/span><\/span> resulta de uma parceria entre o Minist\u00e9rio da Educa\u00e7\u00e3o, a <span class=\"hover:entity-accent entity-underline inline cursor-pointer align-baseline\"><span class=\"whitespace-normal\">Universidade Federal de Itajub\u00e1<\/span><\/span> e o munic\u00edpio. De acordo com o projeto apresentado, a prefeitura foi respons\u00e1vel por garantir a infraestrutura f\u00edsica e os equipamentos necess\u00e1rios para o funcionamento inicial do campus, enquanto o governo federal investe na estrutura acad\u00eamica e na contrata\u00e7\u00e3o de profissionais.<\/p>\n<p data-start=\"1835\" data-end=\"2005\"><img data-recalc-dims=\"1\" decoding=\"async\" data-attachment-id=\"15812\" data-permalink=\"https:\/\/www.tvuai.com.br\/portal\/pouso-alegre-passa-a-integrar-ecossistema-universitario-federal-com-novo-campus-da-unifei\/unifei1-4\/\" data-orig-file=\"https:\/\/i0.wp.com\/www.tvuai.com.br\/portal\/wp-content\/uploads\/2026\/03\/unifei1.jpg?fit=800%2C533&amp;ssl=1\" data-orig-size=\"800,533\" data-comments-opened=\"0\" data-image-meta=\"{&quot;aperture&quot;:&quot;0&quot;,&quot;credit&quot;:&quot;&quot;,&quot;camera&quot;:&quot;&quot;,&quot;caption&quot;:&quot;&quot;,&quot;created_timestamp&quot;:&quot;0&quot;,&quot;copyright&quot;:&quot;&quot;,&quot;focal_length&quot;:&quot;0&quot;,&quot;iso&quot;:&quot;0&quot;,&quot;shutter_speed&quot;:&quot;0&quot;,&quot;title&quot;:&quot;&quot;,&quot;orientation&quot;:&quot;0&quot;}\" data-image-title=\"unifei1\" data-image-description=\"\" data-image-caption=\"\" data-medium-file=\"https:\/\/i0.wp.com\/www.tvuai.com.br\/portal\/wp-content\/uploads\/2026\/03\/unifei1.jpg?fit=300%2C200&amp;ssl=1\" data-large-file=\"https:\/\/i0.wp.com\/www.tvuai.com.br\/portal\/wp-content\/uploads\/2026\/03\/unifei1.jpg?fit=640%2C426&amp;ssl=1\" tabindex=\"0\" role=\"button\" class=\"alignleft size-medium wp-image-15812\" src=\"https:\/\/i0.wp.com\/www.tvuai.com.br\/portal\/wp-content\/uploads\/2026\/03\/unifei1.jpg?resize=300%2C200&#038;ssl=1\" alt=\"\" width=\"300\" height=\"200\" srcset=\"https:\/\/i0.wp.com\/www.tvuai.com.br\/portal\/wp-content\/uploads\/2026\/03\/unifei1.jpg?resize=300%2C200&amp;ssl=1 300w, https:\/\/i0.wp.com\/www.tvuai.com.br\/portal\/wp-content\/uploads\/2026\/03\/unifei1.jpg?resize=768%2C512&amp;ssl=1 768w, https:\/\/i0.wp.com\/www.tvuai.com.br\/portal\/wp-content\/uploads\/2026\/03\/unifei1.jpg?w=800&amp;ssl=1 800w\" sizes=\"(max-width: 300px) 100vw, 300px\" \/>Durante a cerim\u00f4nia, o ministro da Educa\u00e7\u00e3o destacou o impacto da educa\u00e7\u00e3o no desenvolvimento social e econ\u00f4mico do pa\u00eds e citou os indicadores educacionais do munic\u00edpio. \u201cAbrir portas e transformar vidas s\u00f3 \u00e9 poss\u00edvel atrav\u00e9s da educa\u00e7\u00e3o, que gera impacto social e econ\u00f4mico em nossa sociedade. Mesmo diante das dificuldades, Pouso Alegre \u00e9 selo ouro na educa\u00e7\u00e3o. Quando a crian\u00e7a n\u00e3o aprende a ler e escrever na idade certa, isso compromete toda a sua trajet\u00f3ria e impacta no desenvolvimento j\u00e1 na universidade\u201d, afirmou <span class=\"hover:entity-accent entity-underline inline cursor-pointer align-baseline\"><span class=\"whitespace-normal\">Camilo Santana<\/span><\/span>.<\/p>\n<p data-start=\"2401\" data-end=\"2674\">A refer\u00eancia ao \u201cselo ouro\u201d diz respeito ao reconhecimento obtido pelo munic\u00edpio em programas nacionais voltados \u00e0 alfabetiza\u00e7\u00e3o de crian\u00e7as na idade adequada, iniciativa que avalia indicadores educacionais e pol\u00edticas p\u00fablicas implementadas nas redes municipais de ensino.<\/p>\n<p data-start=\"2676\" data-end=\"2850\">O prefeito de Pouso Alegre, <span class=\"hover:entity-accent entity-underline inline cursor-pointer align-baseline\"><span class=\"whitespace-normal\">Cel. Dimas<\/span><\/span>, destacou que a implanta\u00e7\u00e3o da universidade amplia as oportunidades educacionais para as fam\u00edlias da cidade. \u201cA concretiza\u00e7\u00e3o deste campus permite que o cidad\u00e3o de Pouso Alegre tenha um ciclo completo de forma\u00e7\u00e3o. Hoje celebramos a vit\u00f3ria de um planejamento s\u00e9rio. Uma crian\u00e7a que entra hoje em um de nossos Centros de Educa\u00e7\u00e3o Infantil sabe que tem o caminho aberto para se formar em uma das maiores universidades federais do pa\u00eds sem sair de sua cidade. \u00c9 a educa\u00e7\u00e3o transformando gera\u00e7\u00f5es\u201d, afirmou.<\/p>\n<p style=\"text-align: center;\" data-start=\"2676\" data-end=\"2850\"><strong>Forma\u00e7\u00e3o voltada \u00e0s \u00e1reas tecnol\u00f3gicas<\/strong><\/p>\n<p data-start=\"3293\" data-end=\"3644\">Os cursos anunciados para o campus est\u00e3o entre os mais procurados no mercado atual, especialmente nas \u00e1reas de desenvolvimento de sistemas, an\u00e1lise de dados e seguran\u00e7a digital. Para estudantes que iniciam a forma\u00e7\u00e3o na nova unidade, o acesso a laborat\u00f3rios e equipamentos tecnol\u00f3gicos \u00e9 considerado essencial para ampliar oportunidades profissionais.<\/p>\n<p data-start=\"3646\" data-end=\"3950\">A estudante Cec\u00edlia Pereira, matriculada no curso de Ciberseguran\u00e7a, destacou que a estrutura tecnol\u00f3gica dispon\u00edvel durante a gradua\u00e7\u00e3o contribui para preparar os alunos para os desafios do mercado de trabalho e ampliar o acesso a recursos que muitas vezes n\u00e3o estariam dispon\u00edveis fora da universidade.<\/p>\n<p style=\"text-align: center;\" data-start=\"3646\" data-end=\"3950\"><strong>Polo educacional em expans\u00e3o<\/strong><\/p>\n<p data-start=\"3985\" data-end=\"4313\"><img data-recalc-dims=\"1\" decoding=\"async\" data-attachment-id=\"15813\" data-permalink=\"https:\/\/www.tvuai.com.br\/portal\/pouso-alegre-passa-a-integrar-ecossistema-universitario-federal-com-novo-campus-da-unifei\/unifei2-3\/\" data-orig-file=\"https:\/\/i0.wp.com\/www.tvuai.com.br\/portal\/wp-content\/uploads\/2026\/03\/unifei2.jpg?fit=800%2C533&amp;ssl=1\" data-orig-size=\"800,533\" data-comments-opened=\"0\" data-image-meta=\"{&quot;aperture&quot;:&quot;0&quot;,&quot;credit&quot;:&quot;&quot;,&quot;camera&quot;:&quot;&quot;,&quot;caption&quot;:&quot;&quot;,&quot;created_timestamp&quot;:&quot;0&quot;,&quot;copyright&quot;:&quot;&quot;,&quot;focal_length&quot;:&quot;0&quot;,&quot;iso&quot;:&quot;0&quot;,&quot;shutter_speed&quot;:&quot;0&quot;,&quot;title&quot;:&quot;&quot;,&quot;orientation&quot;:&quot;1&quot;}\" data-image-title=\"unifei2\" data-image-description=\"\" data-image-caption=\"\" data-medium-file=\"https:\/\/i0.wp.com\/www.tvuai.com.br\/portal\/wp-content\/uploads\/2026\/03\/unifei2.jpg?fit=300%2C200&amp;ssl=1\" data-large-file=\"https:\/\/i0.wp.com\/www.tvuai.com.br\/portal\/wp-content\/uploads\/2026\/03\/unifei2.jpg?fit=640%2C426&amp;ssl=1\" tabindex=\"0\" role=\"button\" class=\"alignright size-medium wp-image-15813\" src=\"https:\/\/i0.wp.com\/www.tvuai.com.br\/portal\/wp-content\/uploads\/2026\/03\/unifei2.jpg?resize=300%2C200&#038;ssl=1\" alt=\"\" width=\"300\" height=\"200\" srcset=\"https:\/\/i0.wp.com\/www.tvuai.com.br\/portal\/wp-content\/uploads\/2026\/03\/unifei2.jpg?resize=300%2C200&amp;ssl=1 300w, https:\/\/i0.wp.com\/www.tvuai.com.br\/portal\/wp-content\/uploads\/2026\/03\/unifei2.jpg?resize=768%2C512&amp;ssl=1 768w, https:\/\/i0.wp.com\/www.tvuai.com.br\/portal\/wp-content\/uploads\/2026\/03\/unifei2.jpg?w=800&amp;ssl=1 800w\" sizes=\"(max-width: 300px) 100vw, 300px\" \/>A chegada da UNIFEI amplia o ambiente de ensino superior federal em Pouso Alegre que j\u00e1 conta com unidade do <span class=\"hover:entity-accent entity-underline inline cursor-pointer align-baseline\"><span class=\"whitespace-normal\">Instituto Federal do Sul de Minas Gerais<\/span><\/span> (IFSULDEMINAS). A presen\u00e7a das duas institui\u00e7\u00f5es fortalece o cen\u00e1rio educacional e tecnol\u00f3gico do munic\u00edpio, considerado um dos principais polos industriais e log\u00edsticos do Sul de Minas.<\/p>\n<p data-start=\"4315\" data-end=\"4524\">Especialistas apontam que a presen\u00e7a de universidades p\u00fablicas tende a estimular pesquisa cient\u00edfica, inova\u00e7\u00e3o e parcerias com empresas, al\u00e9m de contribuir para a forma\u00e7\u00e3o de m\u00e3o de obra qualificada na regi\u00e3o.<\/p>\n<p style=\"text-align: center;\" data-start=\"4315\" data-end=\"4524\"><strong>Hist\u00f3ria da universidade<\/strong><\/p>\n<p data-start=\"4555\" data-end=\"4885\">Criada oficialmente em 2002, a Universidade Federal de Itajub\u00e1 surgiu a partir da transforma\u00e7\u00e3o da antiga Escola Federal de Engenharia de Itajub\u00e1, fundada em 1913. Inicialmente voltada \u00e0 forma\u00e7\u00e3o de engenheiros nas \u00e1reas mec\u00e2nica e el\u00e9trica, a institui\u00e7\u00e3o ampliou sua atua\u00e7\u00e3o ao longo dos anos e diversificou sua oferta de cursos.<\/p>\n<p data-start=\"4887\" data-end=\"5120\">Atualmente, a universidade conta com campi em Itajub\u00e1, Itabira e agora em Pouso Alegre. A institui\u00e7\u00e3o re\u00fane cerca de 6,5 mil estudantes em 36 cursos de gradua\u00e7\u00e3o, al\u00e9m de mais de mil alunos distribu\u00eddos em programas de p\u00f3s-gradua\u00e7\u00e3o.<\/p>\n<p style=\"text-align: center;\" data-start=\"4887\" data-end=\"5120\"><strong>Investimentos na expans\u00e3o universit\u00e1ria<\/strong><\/p>\n<p data-start=\"5166\" data-end=\"5457\"><img data-recalc-dims=\"1\" loading=\"lazy\" decoding=\"async\" data-attachment-id=\"15815\" data-permalink=\"https:\/\/www.tvuai.com.br\/portal\/pouso-alegre-passa-a-integrar-ecossistema-universitario-federal-com-novo-campus-da-unifei\/unifei4\/\" data-orig-file=\"https:\/\/i0.wp.com\/www.tvuai.com.br\/portal\/wp-content\/uploads\/2026\/03\/unifei4.jpg?fit=800%2C533&amp;ssl=1\" data-orig-size=\"800,533\" data-comments-opened=\"0\" data-image-meta=\"{&quot;aperture&quot;:&quot;0&quot;,&quot;credit&quot;:&quot;&quot;,&quot;camera&quot;:&quot;&quot;,&quot;caption&quot;:&quot;&quot;,&quot;created_timestamp&quot;:&quot;0&quot;,&quot;copyright&quot;:&quot;&quot;,&quot;focal_length&quot;:&quot;0&quot;,&quot;iso&quot;:&quot;0&quot;,&quot;shutter_speed&quot;:&quot;0&quot;,&quot;title&quot;:&quot;&quot;,&quot;orientation&quot;:&quot;1&quot;}\" data-image-title=\"unifei4\" data-image-description=\"\" data-image-caption=\"\" data-medium-file=\"https:\/\/i0.wp.com\/www.tvuai.com.br\/portal\/wp-content\/uploads\/2026\/03\/unifei4.jpg?fit=300%2C200&amp;ssl=1\" data-large-file=\"https:\/\/i0.wp.com\/www.tvuai.com.br\/portal\/wp-content\/uploads\/2026\/03\/unifei4.jpg?fit=640%2C426&amp;ssl=1\" tabindex=\"0\" role=\"button\" class=\"alignleft size-medium wp-image-15815\" src=\"https:\/\/i0.wp.com\/www.tvuai.com.br\/portal\/wp-content\/uploads\/2026\/03\/unifei4.jpg?resize=300%2C200&#038;ssl=1\" alt=\"\" width=\"300\" height=\"200\" srcset=\"https:\/\/i0.wp.com\/www.tvuai.com.br\/portal\/wp-content\/uploads\/2026\/03\/unifei4.jpg?resize=300%2C200&amp;ssl=1 300w, https:\/\/i0.wp.com\/www.tvuai.com.br\/portal\/wp-content\/uploads\/2026\/03\/unifei4.jpg?resize=768%2C512&amp;ssl=1 768w, https:\/\/i0.wp.com\/www.tvuai.com.br\/portal\/wp-content\/uploads\/2026\/03\/unifei4.jpg?w=800&amp;ssl=1 800w\" sizes=\"(max-width: 300px) 100vw, 300px\" \/>A cria\u00e7\u00e3o de novos campi e a moderniza\u00e7\u00e3o das universidades federais fazem parte das a\u00e7\u00f5es previstas no programa federal de investimentos na educa\u00e7\u00e3o superior. O plano inclui recursos destinados \u00e0 constru\u00e7\u00e3o, retomada e conclus\u00e3o de obras em institui\u00e7\u00f5es federais e hospitais universit\u00e1rios.<\/p>\n<p data-start=\"5459\" data-end=\"5578\">No caso da UNIFEI, tamb\u00e9m est\u00e3o previstos investimentos para melhorias em laborat\u00f3rios do campus localizado em Itajub\u00e1.<\/p>\n<p data-start=\"5580\" data-end=\"5815\">Com a inaugura\u00e7\u00e3o da nova unidade, Pouso Alegre amplia sua presen\u00e7a no mapa da educa\u00e7\u00e3o superior federal e fortalece a perspectiva de se consolidar como um polo regional de forma\u00e7\u00e3o tecnol\u00f3gica, pesquisa e inova\u00e7\u00e3o no Sul de Minas.<\/p>\n<h6><img data-recalc-dims=\"1\" loading=\"lazy\" decoding=\"async\" data-attachment-id=\"15814\" data-permalink=\"https:\/\/www.tvuai.com.br\/portal\/pouso-alegre-passa-a-integrar-ecossistema-universitario-federal-com-novo-campus-da-unifei\/unifei3-3\/\" data-orig-file=\"https:\/\/i0.wp.com\/www.tvuai.com.br\/portal\/wp-content\/uploads\/2026\/03\/unifei3.jpg?fit=800%2C533&amp;ssl=1\" data-orig-size=\"800,533\" data-comments-opened=\"0\" data-image-meta=\"{&quot;aperture&quot;:&quot;0&quot;,&quot;credit&quot;:&quot;&quot;,&quot;camera&quot;:&quot;&quot;,&quot;caption&quot;:&quot;&quot;,&quot;created_timestamp&quot;:&quot;0&quot;,&quot;copyright&quot;:&quot;&quot;,&quot;focal_length&quot;:&quot;0&quot;,&quot;iso&quot;:&quot;0&quot;,&quot;shutter_speed&quot;:&quot;0&quot;,&quot;title&quot;:&quot;&quot;,&quot;orientation&quot;:&quot;1&quot;}\" data-image-title=\"unifei3\" data-image-description=\"\" data-image-caption=\"&lt;p&gt;Um grande e seleto p\u00fablico acompanhou a inaugura\u00e7\u00e3o do campus da Unifei em Pouso Alegre&lt;\/p&gt;\n\" data-medium-file=\"https:\/\/i0.wp.com\/www.tvuai.com.br\/portal\/wp-content\/uploads\/2026\/03\/unifei3.jpg?fit=300%2C200&amp;ssl=1\" data-large-file=\"https:\/\/i0.wp.com\/www.tvuai.com.br\/portal\/wp-content\/uploads\/2026\/03\/unifei3.jpg?fit=640%2C426&amp;ssl=1\" tabindex=\"0\" role=\"button\" class=\"size-full wp-image-15814\" src=\"https:\/\/i0.wp.com\/www.tvuai.com.br\/portal\/wp-content\/uploads\/2026\/03\/unifei3.jpg?resize=640%2C426&#038;ssl=1\" alt=\"\" width=\"640\" height=\"426\" srcset=\"https:\/\/i0.wp.com\/www.tvuai.com.br\/portal\/wp-content\/uploads\/2026\/03\/unifei3.jpg?w=800&amp;ssl=1 800w, https:\/\/i0.wp.com\/www.tvuai.com.br\/portal\/wp-content\/uploads\/2026\/03\/unifei3.jpg?resize=300%2C200&amp;ssl=1 300w, https:\/\/i0.wp.com\/www.tvuai.com.br\/portal\/wp-content\/uploads\/2026\/03\/unifei3.jpg?resize=768%2C512&amp;ssl=1 768w\" sizes=\"(max-width: 640px) 100vw, 640px\" \/><em style=\"font-size: 14px;\"><strong>Um grande e seleto p\u00fablico acompanhou a inaugura\u00e7\u00e3o do campus da Unifei em Pouso Alegre<\/strong><\/em><\/h6>\n<figure id=\"attachment_15817\" aria-describedby=\"caption-attachment-15817\" style=\"width: 800px\" class=\"wp-caption aligncenter\"><img data-recalc-dims=\"1\" loading=\"lazy\" decoding=\"async\" data-attachment-id=\"15817\" data-permalink=\"https:\/\/www.tvuai.com.br\/portal\/pouso-alegre-passa-a-integrar-ecossistema-universitario-federal-com-novo-campus-da-unifei\/unifei6\/\" data-orig-file=\"https:\/\/i0.wp.com\/www.tvuai.com.br\/portal\/wp-content\/uploads\/2026\/03\/unifei6.jpg?fit=800%2C533&amp;ssl=1\" data-orig-size=\"800,533\" data-comments-opened=\"0\" data-image-meta=\"{&quot;aperture&quot;:&quot;0&quot;,&quot;credit&quot;:&quot;&quot;,&quot;camera&quot;:&quot;&quot;,&quot;caption&quot;:&quot;&quot;,&quot;created_timestamp&quot;:&quot;0&quot;,&quot;copyright&quot;:&quot;&quot;,&quot;focal_length&quot;:&quot;0&quot;,&quot;iso&quot;:&quot;0&quot;,&quot;shutter_speed&quot;:&quot;0&quot;,&quot;title&quot;:&quot;&quot;,&quot;orientation&quot;:&quot;1&quot;}\" data-image-title=\"unifei6\" data-image-description=\"\" data-image-caption=\"&lt;p&gt;Os tr\u00eas cursos implantados j\u00e1 iniciaram as aulas&lt;\/p&gt;\n\" data-medium-file=\"https:\/\/i0.wp.com\/www.tvuai.com.br\/portal\/wp-content\/uploads\/2026\/03\/unifei6.jpg?fit=300%2C200&amp;ssl=1\" data-large-file=\"https:\/\/i0.wp.com\/www.tvuai.com.br\/portal\/wp-content\/uploads\/2026\/03\/unifei6.jpg?fit=640%2C426&amp;ssl=1\" tabindex=\"0\" role=\"button\" class=\"size-full wp-image-15817\" src=\"https:\/\/i0.wp.com\/www.tvuai.com.br\/portal\/wp-content\/uploads\/2026\/03\/unifei6.jpg?resize=640%2C426&#038;ssl=1\" alt=\"\" width=\"640\" height=\"426\" srcset=\"https:\/\/i0.wp.com\/www.tvuai.com.br\/portal\/wp-content\/uploads\/2026\/03\/unifei6.jpg?w=800&amp;ssl=1 800w, https:\/\/i0.wp.com\/www.tvuai.com.br\/portal\/wp-content\/uploads\/2026\/03\/unifei6.jpg?resize=300%2C200&amp;ssl=1 300w, https:\/\/i0.wp.com\/www.tvuai.com.br\/portal\/wp-content\/uploads\/2026\/03\/unifei6.jpg?resize=768%2C512&amp;ssl=1 768w\" sizes=\"(max-width: 640px) 100vw, 640px\" \/><figcaption id=\"caption-attachment-15817\" class=\"wp-caption-text\"><em><strong>Os tr\u00eas cursos implantados j\u00e1 iniciaram as aulas<\/strong><\/em><\/figcaption><\/figure>\n<h6 style=\"text-align: right;\" data-start=\"5580\" data-end=\"5815\"><em><strong>Com v\u00eddeos de Mauro Vieira e Tales Souza. Fotos de Tales Souza e Felipe Mota<\/strong><\/em><\/h6>\n<\/div>\n<\/div>\n<\/div>\n<\/div>\n<\/div>\n<\/div>\n<\/article>\n<\/div>\n\n<div style=\"font-size: 0px; height: 0px; line-height: 0px; margin: 0; padding: 0; clear: both;\"><\/div><div class='share-to-whatsapp-wrapper'><div class='share-on-whsp'>Share on: <\/div><a data-text='Pouso Alegre passa a integrar ecossistema universit\u00e1rio federal com novo campus da UNIFEI' data-link='https:\/\/www.tvuai.com.br\/portal\/pouso-alegre-passa-a-integrar-ecossistema-universitario-federal-com-novo-campus-da-unifei\/' class='whatsapp-button whatsapp-share'>WhatsApp<\/a><div class='clear '><\/div><\/div><!-- AddThis Advanced Settings generic via filter on the_content --><!-- AddThis Share Buttons generic via filter on the_content -->","protected":false},"excerpt":{"rendered":"<p>Unidade come\u00e7a com cursos de Intelig\u00eancia Artificial, Ciberseguran\u00e7a e Engenharia de Software; ministro da Educa\u00e7\u00e3o participou da inaugura\u00e7\u00e3o nesta quinta-feira, 12 A cidade de Pouso Alegre passou a contar oficialmente com um campus da Universidade Federal de Itajub\u00e1 (UNIFEI). A nova unidade foi inaugurada nesta quinta-feira, 12, em cerim\u00f4nia que reuniu autoridades, entre elas o [&hellip;]<!-- AddThis Advanced Settings generic via filter on get_the_excerpt --><!-- AddThis Share Buttons generic via filter on get_the_excerpt --><\/p>\n","protected":false},"author":1,"featured_media":15811,"comment_status":"closed","ping_status":"closed","sticky":false,"template":"","format":"standard","meta":{"jetpack_post_was_ever_published":false,"_jetpack_newsletter_access":"","_jetpack_dont_email_post_to_subs":false,"_jetpack_newsletter_tier_id":0,"_jetpack_memberships_contains_paywalled_content":false,"_jetpack_memberships_contains_paid_content":false,"_joinchat":[],"footnotes":"","jetpack_publicize_message":"","jetpack_publicize_feature_enabled":true,"jetpack_social_post_already_shared":true,"jetpack_social_options":{"image_generator_settings":{"template":"highway","enabled":false},"version":2}},"categories":[1642,1845,19,5,1829,21],"tags":[8054,8394,1998,6037,861,7870,5777,1680,751,2549,184,8393,37,769,39,89,27,8053,1618,1076,8395],"class_list":["post-15806","post","type-post","status-publish","format-standard","has-post-thumbnail","hentry","category-tecnologia","category-educacao","category-noticias","category-ultimas","category-utilidade","category-videos","tag-camilo-santana","tag-campus-universitario","tag-cel-dimas","tag-ciberseguranca","tag-educacao","tag-engenharia-de-software","tag-ensino-superior","tag-ifsuldeminas","tag-inteligencia-artificial","tag-mec","tag-minas-gerais","tag-ministro-da-educacao","tag-pouso-alegre","tag-prefeitura-de-pouso-alegre","tag-sul-de-minas","tag-tecnologia","tag-tv-uai","tag-tv-uai-26-anos-ainda-estamos-aqui-ainda-independentes","tag-tv-uai-pouso-alegre","tag-unifei","tag-universidade-federal"],"jetpack_publicize_connections":[],"yoast_head":"<!-- This site is optimized with the Yoast SEO plugin v23.5 - https:\/\/yoast.com\/wordpress\/plugins\/seo\/ -->\n<title>Pouso Alegre passa a integrar ecossistema universit\u00e1rio federal com novo campus da UNIFEI - TVUAI<\/title>\n<meta name=\"robots\" content=\"index, follow, max-snippet:-1, max-image-preview:large, max-video-preview:-1\" \/>\n<link rel=\"canonical\" href=\"https:\/\/www.tvuai.com.br\/portal\/pouso-alegre-passa-a-integrar-ecossistema-universitario-federal-com-novo-campus-da-unifei\/\" \/>\n<meta property=\"og:locale\" content=\"pt_BR\" \/>\n<meta property=\"og:type\" content=\"article\" \/>\n<meta property=\"og:title\" content=\"Pouso Alegre passa a integrar ecossistema universit\u00e1rio federal com novo campus da UNIFEI - TVUAI\" \/>\n<meta property=\"og:description\" content=\"Unidade come\u00e7a com cursos de Intelig\u00eancia Artificial, Ciberseguran\u00e7a e Engenharia de Software; ministro da Educa\u00e7\u00e3o participou da inaugura\u00e7\u00e3o nesta quinta-feira, 12 A cidade de Pouso Alegre passou a contar oficialmente com um campus da Universidade Federal de Itajub\u00e1 (UNIFEI). A nova unidade foi inaugurada nesta quinta-feira, 12, em cerim\u00f4nia que reuniu autoridades, entre elas o [&hellip;]\" \/>\n<meta property=\"og:url\" content=\"https:\/\/www.tvuai.com.br\/portal\/pouso-alegre-passa-a-integrar-ecossistema-universitario-federal-com-novo-campus-da-unifei\/\" \/>\n<meta property=\"og:site_name\" content=\"TVUAI\" \/>\n<meta property=\"article:publisher\" content=\"http:\/\/www.facebook.com\/pages\/TV-Uai-Comunica%c3%a7%c3%a3o\/139062546157369\" \/>\n<meta property=\"article:published_time\" content=\"2026-03-13T00:16:29+00:00\" \/>\n<meta property=\"article:modified_time\" content=\"2026-03-17T12:36:01+00:00\" \/>\n<meta property=\"og:image\" content=\"https:\/\/www.tvuai.com.br\/portal\/wp-content\/uploads\/2026\/03\/unifei0.jpg\" \/>\n\t<meta property=\"og:image:width\" content=\"200\" \/>\n\t<meta property=\"og:image:height\" content=\"200\" \/>\n\t<meta property=\"og:image:type\" content=\"image\/jpeg\" \/>\n<meta name=\"author\" content=\"tvuai\" \/>\n<meta name=\"twitter:card\" content=\"summary_large_image\" \/>\n<meta name=\"twitter:creator\" content=\"@tvuai\" \/>\n<meta name=\"twitter:site\" content=\"@tvuai\" \/>\n<meta name=\"twitter:label1\" content=\"Escrito por\" \/>\n\t<meta name=\"twitter:data1\" content=\"tvuai\" \/>\n\t<meta name=\"twitter:label2\" content=\"Est. tempo de leitura\" \/>\n\t<meta name=\"twitter:data2\" content=\"7 minutos\" \/>\n<script type=\"application\/ld+json\" class=\"yoast-schema-graph\">{\"@context\":\"https:\/\/schema.org\",\"@graph\":[{\"@type\":\"Article\",\"@id\":\"https:\/\/www.tvuai.com.br\/portal\/pouso-alegre-passa-a-integrar-ecossistema-universitario-federal-com-novo-campus-da-unifei\/#article\",\"isPartOf\":{\"@id\":\"https:\/\/www.tvuai.com.br\/portal\/pouso-alegre-passa-a-integrar-ecossistema-universitario-federal-com-novo-campus-da-unifei\/\"},\"author\":{\"name\":\"tvuai\",\"@id\":\"https:\/\/www.tvuai.com.br\/portal\/#\/schema\/person\/245e50e9127451fd0b7fd76f519ebbfe\"},\"headline\":\"Pouso Alegre passa a integrar ecossistema universit\u00e1rio federal com novo campus da UNIFEI\",\"datePublished\":\"2026-03-13T00:16:29+00:00\",\"dateModified\":\"2026-03-17T12:36:01+00:00\",\"mainEntityOfPage\":{\"@id\":\"https:\/\/www.tvuai.com.br\/portal\/pouso-alegre-passa-a-integrar-ecossistema-universitario-federal-com-novo-campus-da-unifei\/\"},\"wordCount\":998,\"publisher\":{\"@id\":\"https:\/\/www.tvuai.com.br\/portal\/#organization\"},\"image\":{\"@id\":\"https:\/\/www.tvuai.com.br\/portal\/pouso-alegre-passa-a-integrar-ecossistema-universitario-federal-com-novo-campus-da-unifei\/#primaryimage\"},\"thumbnailUrl\":\"https:\/\/i0.wp.com\/www.tvuai.com.br\/portal\/wp-content\/uploads\/2026\/03\/unifei0.jpg?fit=200%2C200&ssl=1\",\"keywords\":[\"Camilo Santana\",\"campus universit\u00e1rio\",\"Cel Dimas\",\"ciberseguran\u00e7a\",\"Educa\u00e7\u00e3o\",\"Engenharia de Software\",\"Ensino superior\",\"IFSULDEMINAS\",\"intelig\u00eancia artificial\",\"MEC\",\"Minas Gerais\",\"ministro da Educa\u00e7\u00e3o\",\"Pouso Alegre\",\"Prefeitura de Pouso Alegre\",\"Sul de Minas\",\"tecnologia\",\"TV Uai\",\"TV UAI 26 anos ainda estamos aqui ainda independentes\",\"TV UAI Pouso Alegre\",\"Unifei\",\"universidade federal\"],\"articleSection\":[\"Ci\u00eancia e Tecnologia\",\"Educa\u00e7\u00e3o\",\"Not\u00edcias\",\"\u00daltimas Not\u00edcias\",\"Utilidade Publica\",\"Videos\"],\"inLanguage\":\"pt-BR\"},{\"@type\":\"WebPage\",\"@id\":\"https:\/\/www.tvuai.com.br\/portal\/pouso-alegre-passa-a-integrar-ecossistema-universitario-federal-com-novo-campus-da-unifei\/\",\"url\":\"https:\/\/www.tvuai.com.br\/portal\/pouso-alegre-passa-a-integrar-ecossistema-universitario-federal-com-novo-campus-da-unifei\/\",\"name\":\"Pouso Alegre passa a integrar ecossistema universit\u00e1rio federal com novo campus da UNIFEI - TVUAI\",\"isPartOf\":{\"@id\":\"https:\/\/www.tvuai.com.br\/portal\/#website\"},\"primaryImageOfPage\":{\"@id\":\"https:\/\/www.tvuai.com.br\/portal\/pouso-alegre-passa-a-integrar-ecossistema-universitario-federal-com-novo-campus-da-unifei\/#primaryimage\"},\"image\":{\"@id\":\"https:\/\/www.tvuai.com.br\/portal\/pouso-alegre-passa-a-integrar-ecossistema-universitario-federal-com-novo-campus-da-unifei\/#primaryimage\"},\"thumbnailUrl\":\"https:\/\/i0.wp.com\/www.tvuai.com.br\/portal\/wp-content\/uploads\/2026\/03\/unifei0.jpg?fit=200%2C200&ssl=1\",\"datePublished\":\"2026-03-13T00:16:29+00:00\",\"dateModified\":\"2026-03-17T12:36:01+00:00\",\"breadcrumb\":{\"@id\":\"https:\/\/www.tvuai.com.br\/portal\/pouso-alegre-passa-a-integrar-ecossistema-universitario-federal-com-novo-campus-da-unifei\/#breadcrumb\"},\"inLanguage\":\"pt-BR\",\"potentialAction\":[{\"@type\":\"ReadAction\",\"target\":[\"https:\/\/www.tvuai.com.br\/portal\/pouso-alegre-passa-a-integrar-ecossistema-universitario-federal-com-novo-campus-da-unifei\/\"]}]},{\"@type\":\"ImageObject\",\"inLanguage\":\"pt-BR\",\"@id\":\"https:\/\/www.tvuai.com.br\/portal\/pouso-alegre-passa-a-integrar-ecossistema-universitario-federal-com-novo-campus-da-unifei\/#primaryimage\",\"url\":\"https:\/\/i0.wp.com\/www.tvuai.com.br\/portal\/wp-content\/uploads\/2026\/03\/unifei0.jpg?fit=200%2C200&ssl=1\",\"contentUrl\":\"https:\/\/i0.wp.com\/www.tvuai.com.br\/portal\/wp-content\/uploads\/2026\/03\/unifei0.jpg?fit=200%2C200&ssl=1\",\"width\":200,\"height\":200},{\"@type\":\"BreadcrumbList\",\"@id\":\"https:\/\/www.tvuai.com.br\/portal\/pouso-alegre-passa-a-integrar-ecossistema-universitario-federal-com-novo-campus-da-unifei\/#breadcrumb\",\"itemListElement\":[{\"@type\":\"ListItem\",\"position\":1,\"name\":\"In\u00edcio\",\"item\":\"https:\/\/www.tvuai.com.br\/portal\/\"},{\"@type\":\"ListItem\",\"position\":2,\"name\":\"Pouso Alegre passa a integrar ecossistema universit\u00e1rio federal com novo campus da UNIFEI\"}]},{\"@type\":\"WebSite\",\"@id\":\"https:\/\/www.tvuai.com.br\/portal\/#website\",\"url\":\"https:\/\/www.tvuai.com.br\/portal\/\",\"name\":\"TVUAI\",\"description\":\"Tudo sobre o Sul de Minas\",\"publisher\":{\"@id\":\"https:\/\/www.tvuai.com.br\/portal\/#organization\"},\"potentialAction\":[{\"@type\":\"SearchAction\",\"target\":{\"@type\":\"EntryPoint\",\"urlTemplate\":\"https:\/\/www.tvuai.com.br\/portal\/?s={search_term_string}\"},\"query-input\":{\"@type\":\"PropertyValueSpecification\",\"valueRequired\":true,\"valueName\":\"search_term_string\"}}],\"inLanguage\":\"pt-BR\"},{\"@type\":\"Organization\",\"@id\":\"https:\/\/www.tvuai.com.br\/portal\/#organization\",\"name\":\"TVUAI\",\"url\":\"https:\/\/www.tvuai.com.br\/portal\/\",\"logo\":{\"@type\":\"ImageObject\",\"inLanguage\":\"pt-BR\",\"@id\":\"https:\/\/www.tvuai.com.br\/portal\/#\/schema\/logo\/image\/\",\"url\":\"https:\/\/i0.wp.com\/www.tvuai.com.br\/portal\/wp-content\/uploads\/2017\/12\/logo_tvuai_100H.png?fit=207%2C100&ssl=1\",\"contentUrl\":\"https:\/\/i0.wp.com\/www.tvuai.com.br\/portal\/wp-content\/uploads\/2017\/12\/logo_tvuai_100H.png?fit=207%2C100&ssl=1\",\"width\":207,\"height\":100,\"caption\":\"TVUAI\"},\"image\":{\"@id\":\"https:\/\/www.tvuai.com.br\/portal\/#\/schema\/logo\/image\/\"},\"sameAs\":[\"http:\/\/www.facebook.com\/pages\/TV-Uai-Comunica\u00e7\u00e3o\/139062546157369\",\"https:\/\/x.com\/tvuai\",\"https:\/\/www.instagram.com\/tvuai_network\/\",\"https:\/\/www.youtube.com\/channel\/UCB7ZPB3wRv-OpoZ_09jmnkQ\"]},{\"@type\":\"Person\",\"@id\":\"https:\/\/www.tvuai.com.br\/portal\/#\/schema\/person\/245e50e9127451fd0b7fd76f519ebbfe\",\"name\":\"tvuai\",\"url\":\"https:\/\/www.tvuai.com.br\/portal\/author\/tvuai\/\"}]}<\/script>\n<!-- \/ Yoast SEO plugin. -->","yoast_head_json":{"title":"Pouso Alegre passa a integrar ecossistema universit\u00e1rio federal com novo campus da UNIFEI - TVUAI","robots":{"index":"index","follow":"follow","max-snippet":"max-snippet:-1","max-image-preview":"max-image-preview:large","max-video-preview":"max-video-preview:-1"},"canonical":"https:\/\/www.tvuai.com.br\/portal\/pouso-alegre-passa-a-integrar-ecossistema-universitario-federal-com-novo-campus-da-unifei\/","og_locale":"pt_BR","og_type":"article","og_title":"Pouso Alegre passa a integrar ecossistema universit\u00e1rio federal com novo campus da UNIFEI - TVUAI","og_description":"Unidade come\u00e7a com cursos de Intelig\u00eancia Artificial, Ciberseguran\u00e7a e Engenharia de Software; ministro da Educa\u00e7\u00e3o participou da inaugura\u00e7\u00e3o nesta quinta-feira, 12 A cidade de Pouso Alegre passou a contar oficialmente com um campus da Universidade Federal de Itajub\u00e1 (UNIFEI). A nova unidade foi inaugurada nesta quinta-feira, 12, em cerim\u00f4nia que reuniu autoridades, entre elas o [&hellip;]","og_url":"https:\/\/www.tvuai.com.br\/portal\/pouso-alegre-passa-a-integrar-ecossistema-universitario-federal-com-novo-campus-da-unifei\/","og_site_name":"TVUAI","article_publisher":"http:\/\/www.facebook.com\/pages\/TV-Uai-Comunica%c3%a7%c3%a3o\/139062546157369","article_published_time":"2026-03-13T00:16:29+00:00","article_modified_time":"2026-03-17T12:36:01+00:00","og_image":[{"width":200,"height":200,"url":"https:\/\/www.tvuai.com.br\/portal\/wp-content\/uploads\/2026\/03\/unifei0.jpg","type":"image\/jpeg"}],"author":"tvuai","twitter_card":"summary_large_image","twitter_creator":"@tvuai","twitter_site":"@tvuai","twitter_misc":{"Escrito por":"tvuai","Est. tempo de leitura":"7 minutos"},"schema":{"@context":"https:\/\/schema.org","@graph":[{"@type":"Article","@id":"https:\/\/www.tvuai.com.br\/portal\/pouso-alegre-passa-a-integrar-ecossistema-universitario-federal-com-novo-campus-da-unifei\/#article","isPartOf":{"@id":"https:\/\/www.tvuai.com.br\/portal\/pouso-alegre-passa-a-integrar-ecossistema-universitario-federal-com-novo-campus-da-unifei\/"},"author":{"name":"tvuai","@id":"https:\/\/www.tvuai.com.br\/portal\/#\/schema\/person\/245e50e9127451fd0b7fd76f519ebbfe"},"headline":"Pouso Alegre passa a integrar ecossistema universit\u00e1rio federal com novo campus da UNIFEI","datePublished":"2026-03-13T00:16:29+00:00","dateModified":"2026-03-17T12:36:01+00:00","mainEntityOfPage":{"@id":"https:\/\/www.tvuai.com.br\/portal\/pouso-alegre-passa-a-integrar-ecossistema-universitario-federal-com-novo-campus-da-unifei\/"},"wordCount":998,"publisher":{"@id":"https:\/\/www.tvuai.com.br\/portal\/#organization"},"image":{"@id":"https:\/\/www.tvuai.com.br\/portal\/pouso-alegre-passa-a-integrar-ecossistema-universitario-federal-com-novo-campus-da-unifei\/#primaryimage"},"thumbnailUrl":"https:\/\/i0.wp.com\/www.tvuai.com.br\/portal\/wp-content\/uploads\/2026\/03\/unifei0.jpg?fit=200%2C200&ssl=1","keywords":["Camilo Santana","campus universit\u00e1rio","Cel Dimas","ciberseguran\u00e7a","Educa\u00e7\u00e3o","Engenharia de Software","Ensino superior","IFSULDEMINAS","intelig\u00eancia artificial","MEC","Minas Gerais","ministro da Educa\u00e7\u00e3o","Pouso Alegre","Prefeitura de Pouso Alegre","Sul de Minas","tecnologia","TV Uai","TV UAI 26 anos ainda estamos aqui ainda independentes","TV UAI Pouso Alegre","Unifei","universidade federal"],"articleSection":["Ci\u00eancia e Tecnologia","Educa\u00e7\u00e3o","Not\u00edcias","\u00daltimas Not\u00edcias","Utilidade Publica","Videos"],"inLanguage":"pt-BR"},{"@type":"WebPage","@id":"https:\/\/www.tvuai.com.br\/portal\/pouso-alegre-passa-a-integrar-ecossistema-universitario-federal-com-novo-campus-da-unifei\/","url":"https:\/\/www.tvuai.com.br\/portal\/pouso-alegre-passa-a-integrar-ecossistema-universitario-federal-com-novo-campus-da-unifei\/","name":"Pouso Alegre passa a integrar ecossistema universit\u00e1rio federal com novo campus da UNIFEI - TVUAI","isPartOf":{"@id":"https:\/\/www.tvuai.com.br\/portal\/#website"},"primaryImageOfPage":{"@id":"https:\/\/www.tvuai.com.br\/portal\/pouso-alegre-passa-a-integrar-ecossistema-universitario-federal-com-novo-campus-da-unifei\/#primaryimage"},"image":{"@id":"https:\/\/www.tvuai.com.br\/portal\/pouso-alegre-passa-a-integrar-ecossistema-universitario-federal-com-novo-campus-da-unifei\/#primaryimage"},"thumbnailUrl":"https:\/\/i0.wp.com\/www.tvuai.com.br\/portal\/wp-content\/uploads\/2026\/03\/unifei0.jpg?fit=200%2C200&ssl=1","datePublished":"2026-03-13T00:16:29+00:00","dateModified":"2026-03-17T12:36:01+00:00","breadcrumb":{"@id":"https:\/\/www.tvuai.com.br\/portal\/pouso-alegre-passa-a-integrar-ecossistema-universitario-federal-com-novo-campus-da-unifei\/#breadcrumb"},"inLanguage":"pt-BR","potentialAction":[{"@type":"ReadAction","target":["https:\/\/www.tvuai.com.br\/portal\/pouso-alegre-passa-a-integrar-ecossistema-universitario-federal-com-novo-campus-da-unifei\/"]}]},{"@type":"ImageObject","inLanguage":"pt-BR","@id":"https:\/\/www.tvuai.com.br\/portal\/pouso-alegre-passa-a-integrar-ecossistema-universitario-federal-com-novo-campus-da-unifei\/#primaryimage","url":"https:\/\/i0.wp.com\/www.tvuai.com.br\/portal\/wp-content\/uploads\/2026\/03\/unifei0.jpg?fit=200%2C200&ssl=1","contentUrl":"https:\/\/i0.wp.com\/www.tvuai.com.br\/portal\/wp-content\/uploads\/2026\/03\/unifei0.jpg?fit=200%2C200&ssl=1","width":200,"height":200},{"@type":"BreadcrumbList","@id":"https:\/\/www.tvuai.com.br\/portal\/pouso-alegre-passa-a-integrar-ecossistema-universitario-federal-com-novo-campus-da-unifei\/#breadcrumb","itemListElement":[{"@type":"ListItem","position":1,"name":"In\u00edcio","item":"https:\/\/www.tvuai.com.br\/portal\/"},{"@type":"ListItem","position":2,"name":"Pouso Alegre passa a integrar ecossistema universit\u00e1rio federal com novo campus da UNIFEI"}]},{"@type":"WebSite","@id":"https:\/\/www.tvuai.com.br\/portal\/#website","url":"https:\/\/www.tvuai.com.br\/portal\/","name":"TVUAI","description":"Tudo sobre o Sul de Minas","publisher":{"@id":"https:\/\/www.tvuai.com.br\/portal\/#organization"},"potentialAction":[{"@type":"SearchAction","target":{"@type":"EntryPoint","urlTemplate":"https:\/\/www.tvuai.com.br\/portal\/?s={search_term_string}"},"query-input":{"@type":"PropertyValueSpecification","valueRequired":true,"valueName":"search_term_string"}}],"inLanguage":"pt-BR"},{"@type":"Organization","@id":"https:\/\/www.tvuai.com.br\/portal\/#organization","name":"TVUAI","url":"https:\/\/www.tvuai.com.br\/portal\/","logo":{"@type":"ImageObject","inLanguage":"pt-BR","@id":"https:\/\/www.tvuai.com.br\/portal\/#\/schema\/logo\/image\/","url":"https:\/\/i0.wp.com\/www.tvuai.com.br\/portal\/wp-content\/uploads\/2017\/12\/logo_tvuai_100H.png?fit=207%2C100&ssl=1","contentUrl":"https:\/\/i0.wp.com\/www.tvuai.com.br\/portal\/wp-content\/uploads\/2017\/12\/logo_tvuai_100H.png?fit=207%2C100&ssl=1","width":207,"height":100,"caption":"TVUAI"},"image":{"@id":"https:\/\/www.tvuai.com.br\/portal\/#\/schema\/logo\/image\/"},"sameAs":["http:\/\/www.facebook.com\/pages\/TV-Uai-Comunica\u00e7\u00e3o\/139062546157369","https:\/\/x.com\/tvuai","https:\/\/www.instagram.com\/tvuai_network\/","https:\/\/www.youtube.com\/channel\/UCB7ZPB3wRv-OpoZ_09jmnkQ"]},{"@type":"Person","@id":"https:\/\/www.tvuai.com.br\/portal\/#\/schema\/person\/245e50e9127451fd0b7fd76f519ebbfe","name":"tvuai","url":"https:\/\/www.tvuai.com.br\/portal\/author\/tvuai\/"}]}},"jetpack_featured_media_url":"https:\/\/i0.wp.com\/www.tvuai.com.br\/portal\/wp-content\/uploads\/2026\/03\/unifei0.jpg?fit=200%2C200&ssl=1","wpmagazine_modules_lite_featured_media_urls":{"thumbnail":["https:\/\/i0.wp.com\/www.tvuai.com.br\/portal\/wp-content\/uploads\/2026\/03\/unifei0.jpg?resize=150%2C150&ssl=1",150,150,true],"cvmm-medium":["https:\/\/i0.wp.com\/www.tvuai.com.br\/portal\/wp-content\/uploads\/2026\/03\/unifei0.jpg?resize=200%2C200&ssl=1",200,200,true],"cvmm-medium-plus":["https:\/\/i0.wp.com\/www.tvuai.com.br\/portal\/wp-content\/uploads\/2026\/03\/unifei0.jpg?resize=200%2C200&ssl=1",200,200,true],"cvmm-portrait":["https:\/\/i0.wp.com\/www.tvuai.com.br\/portal\/wp-content\/uploads\/2026\/03\/unifei0.jpg?resize=200%2C200&ssl=1",200,200,true],"cvmm-medium-square":["https:\/\/i0.wp.com\/www.tvuai.com.br\/portal\/wp-content\/uploads\/2026\/03\/unifei0.jpg?resize=200%2C200&ssl=1",200,200,true],"cvmm-large":["https:\/\/i0.wp.com\/www.tvuai.com.br\/portal\/wp-content\/uploads\/2026\/03\/unifei0.jpg?resize=200%2C200&ssl=1",200,200,true],"cvmm-small":["https:\/\/i0.wp.com\/www.tvuai.com.br\/portal\/wp-content\/uploads\/2026\/03\/unifei0.jpg?resize=130%2C95&ssl=1",130,95,true],"full":["https:\/\/i0.wp.com\/www.tvuai.com.br\/portal\/wp-content\/uploads\/2026\/03\/unifei0.jpg?fit=200%2C200&ssl=1",200,200,false]},"categories_names":{"1642":{"name":"Ci\u00eancia e Tecnologia","link":"https:\/\/www.tvuai.com.br\/portal\/category\/tecnologia\/"},"1845":{"name":"Educa\u00e7\u00e3o","link":"https:\/\/www.tvuai.com.br\/portal\/category\/educacao\/"},"19":{"name":"Not\u00edcias","link":"https:\/\/www.tvuai.com.br\/portal\/category\/noticias\/"},"5":{"name":"\u00daltimas Not\u00edcias","link":"https:\/\/www.tvuai.com.br\/portal\/category\/noticias\/ultimas\/"},"1829":{"name":"Utilidade Publica","link":"https:\/\/www.tvuai.com.br\/portal\/category\/utilidade\/"},"21":{"name":"Videos","link":"https:\/\/www.tvuai.com.br\/portal\/category\/videos\/"}},"tags_names":{"8054":{"name":"Camilo Santana","link":"https:\/\/www.tvuai.com.br\/portal\/tag\/camilo-santana\/"},"8394":{"name":"campus universit\u00e1rio","link":"https:\/\/www.tvuai.com.br\/portal\/tag\/campus-universitario\/"},"1998":{"name":"Cel Dimas","link":"https:\/\/www.tvuai.com.br\/portal\/tag\/cel-dimas\/"},"6037":{"name":"ciberseguran\u00e7a","link":"https:\/\/www.tvuai.com.br\/portal\/tag\/ciberseguranca\/"},"861":{"name":"Educa\u00e7\u00e3o","link":"https:\/\/www.tvuai.com.br\/portal\/tag\/educacao\/"},"7870":{"name":"Engenharia de Software","link":"https:\/\/www.tvuai.com.br\/portal\/tag\/engenharia-de-software\/"},"5777":{"name":"Ensino superior","link":"https:\/\/www.tvuai.com.br\/portal\/tag\/ensino-superior\/"},"1680":{"name":"IFSULDEMINAS","link":"https:\/\/www.tvuai.com.br\/portal\/tag\/ifsuldeminas\/"},"751":{"name":"intelig\u00eancia artificial","link":"https:\/\/www.tvuai.com.br\/portal\/tag\/inteligencia-artificial\/"},"2549":{"name":"MEC","link":"https:\/\/www.tvuai.com.br\/portal\/tag\/mec\/"},"184":{"name":"Minas Gerais","link":"https:\/\/www.tvuai.com.br\/portal\/tag\/minas-gerais\/"},"8393":{"name":"ministro da Educa\u00e7\u00e3o","link":"https:\/\/www.tvuai.com.br\/portal\/tag\/ministro-da-educacao\/"},"37":{"name":"Pouso Alegre","link":"https:\/\/www.tvuai.com.br\/portal\/tag\/pouso-alegre\/"},"769":{"name":"Prefeitura de Pouso Alegre","link":"https:\/\/www.tvuai.com.br\/portal\/tag\/prefeitura-de-pouso-alegre\/"},"39":{"name":"Sul de Minas","link":"https:\/\/www.tvuai.com.br\/portal\/tag\/sul-de-minas\/"},"89":{"name":"tecnologia","link":"https:\/\/www.tvuai.com.br\/portal\/tag\/tecnologia\/"},"27":{"name":"TV Uai","link":"https:\/\/www.tvuai.com.br\/portal\/tag\/tv-uai\/"},"8053":{"name":"TV UAI 26 anos ainda estamos aqui ainda independentes","link":"https:\/\/www.tvuai.com.br\/portal\/tag\/tv-uai-26-anos-ainda-estamos-aqui-ainda-independentes\/"},"1618":{"name":"TV UAI Pouso Alegre","link":"https:\/\/www.tvuai.com.br\/portal\/tag\/tv-uai-pouso-alegre\/"},"1076":{"name":"Unifei","link":"https:\/\/www.tvuai.com.br\/portal\/tag\/unifei\/"},"8395":{"name":"universidade federal","link":"https:\/\/www.tvuai.com.br\/portal\/tag\/universidade-federal\/"}},"comments_number":"0","jetpack_shortlink":"https:\/\/wp.me\/p9woix-46W","jetpack_sharing_enabled":true,"_links":{"self":[{"href":"https:\/\/www.tvuai.com.br\/portal\/wp-json\/wp\/v2\/posts\/15806"}],"collection":[{"href":"https:\/\/www.tvuai.com.br\/portal\/wp-json\/wp\/v2\/posts"}],"about":[{"href":"https:\/\/www.tvuai.com.br\/portal\/wp-json\/wp\/v2\/types\/post"}],"author":[{"embeddable":true,"href":"https:\/\/www.tvuai.com.br\/portal\/wp-json\/wp\/v2\/users\/1"}],"replies":[{"embeddable":true,"href":"https:\/\/www.tvuai.com.br\/portal\/wp-json\/wp\/v2\/comments?post=15806"}],"version-history":[{"count":5,"href":"https:\/\/www.tvuai.com.br\/portal\/wp-json\/wp\/v2\/posts\/15806\/revisions"}],"predecessor-version":[{"id":15818,"href":"https:\/\/www.tvuai.com.br\/portal\/wp-json\/wp\/v2\/posts\/15806\/revisions\/15818"}],"wp:featuredmedia":[{"embeddable":true,"href":"https:\/\/www.tvuai.com.br\/portal\/wp-json\/wp\/v2\/media\/15811"}],"wp:attachment":[{"href":"https:\/\/www.tvuai.com.br\/portal\/wp-json\/wp\/v2\/media?parent=15806"}],"wp:term":[{"taxonomy":"category","embeddable":true,"href":"https:\/\/www.tvuai.com.br\/portal\/wp-json\/wp\/v2\/categories?post=15806"},{"taxonomy":"post_tag","embeddable":true,"href":"https:\/\/www.tvuai.com.br\/portal\/wp-json\/wp\/v2\/tags?post=15806"}],"curies":[{"name":"wp","href":"https:\/\/api.w.org\/{rel}","templated":true}]}}