{"id":15787,"date":"2026-03-10T18:15:42","date_gmt":"2026-03-10T21:15:42","guid":{"rendered":"https:\/\/www.tvuai.com.br\/portal\/?p=15787"},"modified":"2026-03-13T19:56:05","modified_gmt":"2026-03-13T22:56:05","slug":"faculdade-de-medicina-de-itajuba-realiza-palestra-sobre-alfabetizacao-e-inclusao-de-pessoas-com-t21","status":"publish","type":"post","link":"https:\/\/www.tvuai.com.br\/portal\/faculdade-de-medicina-de-itajuba-realiza-palestra-sobre-alfabetizacao-e-inclusao-de-pessoas-com-t21\/","title":{"rendered":"Faculdade de Medicina de Itajub\u00e1 realiza palestra sobre alfabetiza\u00e7\u00e3o e inclus\u00e3o de pessoas com T21"},"content":{"rendered":"<div class=\"5a1038e0903b96d426fcfcc338703013\" data-index=\"1\" style=\"float: right; margin:10px 0 10px 10px;\">\n<script async src=\"https:\/\/pagead2.googlesyndication.com\/pagead\/js\/adsbygoogle.js?client=ca-pub-9945944833605257\"\r\n     crossorigin=\"anonymous\"><\/script>\r\n<ins class=\"adsbygoogle\"\r\n     style=\"display:block; text-align:center;\"\r\n     data-ad-layout=\"in-article\"\r\n     data-ad-format=\"fluid\"\r\n     data-ad-client=\"ca-pub-9945944833605257\"\r\n     data-ad-slot=\"2343923581\"><\/ins>\r\n<script>\r\n     (adsbygoogle = window.adsbygoogle || []).push({});\r\n<\/script>\n<\/div>\n<div>\n<div class=\"flex h-svh w-screen flex-col\">\n<div class=\"relative z-0 flex min-h-0 w-full flex-1\">\n<div class=\"relative flex min-h-0 w-full flex-1\">\n<div class=\"@container\/main relative flex min-w-0 flex-1 flex-col -translate-y-[calc(env(safe-area-inset-bottom,0px)\/2)] pt-[calc(env(safe-area-inset-bottom,0px)\/2)]\">\n<div class=\"@w-sm\/main:[scrollbar-gutter:stable_both-edges] touch:[scrollbar-width:none] relative flex min-h-0 min-w-0 flex-1 flex-col [scrollbar-gutter:stable] not-print:overflow-x-clip not-print:overflow-y-auto scroll-pt-(--header-height) [--sticky-padding-top:var(--header-height)] has-data-[fixed-header=less-than-xl]:@w-xl\/main:scroll-pt-0 has-data-[fixed-header=less-than-xl]:@w-xl\/main:[--sticky-padding-top:0px] has-data-[fixed-header=less-than-xxl]:@w-2xl\/main:scroll-pt-0 has-data-[fixed-header=less-than-xxl]:@w-2xl\/main:[--sticky-padding-top:0px]\" data-scroll-root=\"\">\n<div id=\"thread\" class=\"group\/thread flex flex-col min-h-full\">\n<div class=\"composer-parent flex flex-1 flex-col focus-visible:outline-0\" role=\"presentation\">\n<div class=\"relative basis-auto flex-col -mb-(--composer-overlap-px) [--composer-overlap-px:28px] grow flex\">\n<div class=\"flex flex-col text-sm pb-25\">\n<article class=\"text-token-text-primary w-full focus:outline-none [--shadow-height:45px] has-data-writing-block:pointer-events-none has-data-writing-block:-mt-(--shadow-height) has-data-writing-block:pt-(--shadow-height) [&amp;:has([data-writing-block])&gt;*]:pointer-events-auto scroll-mt-[calc(var(--header-height)+min(200px,max(70px,20svh)))]\" dir=\"auto\" tabindex=\"-1\" data-turn-id=\"request-WEB:b29d82c1-3b6c-49f8-8696-dd4cc0cf4b7b-8\" data-testid=\"conversation-turn-18\" data-scroll-anchor=\"true\" data-turn=\"assistant\">\n<div class=\"text-base my-auto mx-auto pb-10 [--thread-content-margin:var(--thread-content-margin-xs,calc(var(--spacing)*4))] @w-sm\/main:[--thread-content-margin:var(--thread-content-margin-sm,calc(var(--spacing)*6))] @w-lg\/main:[--thread-content-margin:var(--thread-content-margin-lg,calc(var(--spacing)*16))] px-(--thread-content-margin)\">\n<div class=\"[--thread-content-max-width:40rem] @w-lg\/main:[--thread-content-max-width:48rem] mx-auto max-w-(--thread-content-max-width) flex-1 group\/turn-messages focus-visible:outline-hidden relative flex w-full min-w-0 flex-col agent-turn\" tabindex=\"-1\">\n<div class=\"flex max-w-full flex-col gap-4 grow\">\n<div class=\"min-h-8 text-message relative flex w-full flex-col items-end gap-2 text-start break-words whitespace-normal [.text-message+&amp;]:mt-1\" dir=\"auto\" data-message-author-role=\"assistant\" data-message-id=\"2d6ed349-2f83-4c1d-af32-321c0bb0d7b8\" data-message-model-slug=\"gpt-5-3\">\n<div class=\"flex w-full flex-col gap-1 empty:hidden\">\n<div class=\"markdown prose dark:prose-invert w-full wrap-break-word light markdown-new-styling\">\n<h5 style=\"text-align: center;\" data-start=\"125\" data-end=\"301\"><em><strong><img data-recalc-dims=\"1\" fetchpriority=\"high\" decoding=\"async\" data-attachment-id=\"15790\" data-permalink=\"https:\/\/www.tvuai.com.br\/portal\/faculdade-de-medicina-de-itajuba-realiza-palestra-sobre-alfabetizacao-e-inclusao-de-pessoas-com-t21\/afya1\/\" data-orig-file=\"https:\/\/i0.wp.com\/www.tvuai.com.br\/portal\/wp-content\/uploads\/2026\/03\/afya1.jpg?fit=800%2C1119&amp;ssl=1\" data-orig-size=\"800,1119\" data-comments-opened=\"0\" data-image-meta=\"{&quot;aperture&quot;:&quot;0&quot;,&quot;credit&quot;:&quot;&quot;,&quot;camera&quot;:&quot;&quot;,&quot;caption&quot;:&quot;&quot;,&quot;created_timestamp&quot;:&quot;1773150361&quot;,&quot;copyright&quot;:&quot;&quot;,&quot;focal_length&quot;:&quot;0&quot;,&quot;iso&quot;:&quot;0&quot;,&quot;shutter_speed&quot;:&quot;0&quot;,&quot;title&quot;:&quot;&quot;,&quot;orientation&quot;:&quot;0&quot;}\" data-image-title=\"afya1\" data-image-description=\"\" data-image-caption=\"\" data-medium-file=\"https:\/\/i0.wp.com\/www.tvuai.com.br\/portal\/wp-content\/uploads\/2026\/03\/afya1.jpg?fit=214%2C300&amp;ssl=1\" data-large-file=\"https:\/\/i0.wp.com\/www.tvuai.com.br\/portal\/wp-content\/uploads\/2026\/03\/afya1.jpg?fit=640%2C895&amp;ssl=1\" tabindex=\"0\" role=\"button\" class=\"aligncenter size-full wp-image-15790\" src=\"https:\/\/i0.wp.com\/www.tvuai.com.br\/portal\/wp-content\/uploads\/2026\/03\/afya1.jpg?resize=640%2C895&#038;ssl=1\" alt=\"\" width=\"640\" height=\"895\" srcset=\"https:\/\/i0.wp.com\/www.tvuai.com.br\/portal\/wp-content\/uploads\/2026\/03\/afya1.jpg?w=800&amp;ssl=1 800w, https:\/\/i0.wp.com\/www.tvuai.com.br\/portal\/wp-content\/uploads\/2026\/03\/afya1.jpg?resize=214%2C300&amp;ssl=1 214w, https:\/\/i0.wp.com\/www.tvuai.com.br\/portal\/wp-content\/uploads\/2026\/03\/afya1.jpg?resize=732%2C1024&amp;ssl=1 732w, https:\/\/i0.wp.com\/www.tvuai.com.br\/portal\/wp-content\/uploads\/2026\/03\/afya1.jpg?resize=768%2C1074&amp;ssl=1 768w\" sizes=\"(max-width: 640px) 100vw, 640px\" \/>Evento na Faculdade de Medicina de Itajub\u00e1 discutir\u00e1 alfabetiza\u00e7\u00e3o e inclus\u00e3o de pessoas com Trissomia 21 durante a Semana Municipal de Conscientiza\u00e7\u00e3o<\/strong><\/em><\/h5>\n<p data-start=\"400\" data-end=\"693\">A Faculdade de Medicina de Itajub\u00e1 realizar\u00e1, no dia 20 de mar\u00e7o de 2026, uma palestra voltada \u00e0 discuss\u00e3o sobre alfabetiza\u00e7\u00e3o e inclus\u00e3o de pessoas com Trissomia 21 (T21), condi\u00e7\u00e3o gen\u00e9tica conhecida como s\u00edndrome de Down. O encontro est\u00e1 marcado para as 19h, no Anfiteatro Albert Sabin \u2013 Afya.<\/p>\n<p data-start=\"695\" data-end=\"945\">A atividade faz parte da programa\u00e7\u00e3o da IV Semana Municipal de Conscientiza\u00e7\u00e3o sobre a Pessoa com T21, realizada em Itajub\u00e1, e tem como objetivo estimular o debate sobre inclus\u00e3o, acessibilidade e forma\u00e7\u00e3o humanizada nas \u00e1reas da sa\u00fade e da educa\u00e7\u00e3o.<\/p>\n<p data-start=\"947\" data-end=\"1291\"><img data-recalc-dims=\"1\" decoding=\"async\" data-attachment-id=\"15791\" data-permalink=\"https:\/\/www.tvuai.com.br\/portal\/faculdade-de-medicina-de-itajuba-realiza-palestra-sobre-alfabetizacao-e-inclusao-de-pessoas-com-t21\/afya2\/\" data-orig-file=\"https:\/\/i0.wp.com\/www.tvuai.com.br\/portal\/wp-content\/uploads\/2026\/03\/afya2.jpg?fit=800%2C795&amp;ssl=1\" data-orig-size=\"800,795\" data-comments-opened=\"0\" data-image-meta=\"{&quot;aperture&quot;:&quot;0&quot;,&quot;credit&quot;:&quot;&quot;,&quot;camera&quot;:&quot;&quot;,&quot;caption&quot;:&quot;&quot;,&quot;created_timestamp&quot;:&quot;1773150361&quot;,&quot;copyright&quot;:&quot;&quot;,&quot;focal_length&quot;:&quot;0&quot;,&quot;iso&quot;:&quot;0&quot;,&quot;shutter_speed&quot;:&quot;0&quot;,&quot;title&quot;:&quot;&quot;,&quot;orientation&quot;:&quot;0&quot;}\" data-image-title=\"afya2\" data-image-description=\"\" data-image-caption=\"\" data-medium-file=\"https:\/\/i0.wp.com\/www.tvuai.com.br\/portal\/wp-content\/uploads\/2026\/03\/afya2.jpg?fit=300%2C298&amp;ssl=1\" data-large-file=\"https:\/\/i0.wp.com\/www.tvuai.com.br\/portal\/wp-content\/uploads\/2026\/03\/afya2.jpg?fit=640%2C636&amp;ssl=1\" tabindex=\"0\" role=\"button\" class=\"alignright size-medium wp-image-15791\" src=\"https:\/\/i0.wp.com\/www.tvuai.com.br\/portal\/wp-content\/uploads\/2026\/03\/afya2.jpg?resize=300%2C298&#038;ssl=1\" alt=\"\" width=\"300\" height=\"298\" srcset=\"https:\/\/i0.wp.com\/www.tvuai.com.br\/portal\/wp-content\/uploads\/2026\/03\/afya2.jpg?resize=300%2C298&amp;ssl=1 300w, https:\/\/i0.wp.com\/www.tvuai.com.br\/portal\/wp-content\/uploads\/2026\/03\/afya2.jpg?resize=150%2C150&amp;ssl=1 150w, https:\/\/i0.wp.com\/www.tvuai.com.br\/portal\/wp-content\/uploads\/2026\/03\/afya2.jpg?resize=768%2C763&amp;ssl=1 768w, https:\/\/i0.wp.com\/www.tvuai.com.br\/portal\/wp-content\/uploads\/2026\/03\/afya2.jpg?resize=45%2C45&amp;ssl=1 45w, https:\/\/i0.wp.com\/www.tvuai.com.br\/portal\/wp-content\/uploads\/2026\/03\/afya2.jpg?w=800&amp;ssl=1 800w\" sizes=\"(max-width: 300px) 100vw, 300px\" \/>A convidada para a palestra \u00e9 a psicopedagoga Cl\u00e1udia R\u00eago, presidente da APAE de Salvador (BA) e criadora do M\u00e9todo AFA (Alfabetiza\u00e7\u00e3o Funcional Afetiva). M\u00e3e de Maria Alice, jovem com Trissomia 21, ela compartilhar\u00e1 experi\u00eancias pessoais e profissionais no desenvolvimento de estrat\u00e9gias de alfabetiza\u00e7\u00e3o voltadas para pessoas com a condi\u00e7\u00e3o.<\/p>\n<p data-start=\"1293\" data-end=\"1662\">O m\u00e9todo foi criado a partir da viv\u00eancia da pr\u00f3pria psicopedagoga ao perceber que a filha n\u00e3o se adaptava aos modelos tradicionais de ensino. A partir dessa experi\u00eancia, ela desenvolveu pr\u00e1ticas pedag\u00f3gicas adaptadas que consideram as caracter\u00edsticas cognitivas e emocionais das pessoas com s\u00edndrome de Down, com foco na amplia\u00e7\u00e3o da autonomia e da participa\u00e7\u00e3o social.<\/p>\n<p data-start=\"1664\" data-end=\"1866\">Durante o encontro, a proposta \u00e9 discutir como o acesso \u00e0 leitura e \u00e0 escrita pode contribuir para a inclus\u00e3o social e ampliar oportunidades de participa\u00e7\u00e3o na vida comunit\u00e1ria e no mercado de trabalho.<\/p>\n<p data-start=\"1868\" data-end=\"2144\">A organiza\u00e7\u00e3o do evento tamb\u00e9m pretende promover o di\u00e1logo entre educa\u00e7\u00e3o e sa\u00fade, reunindo estudantes, professores e profissionais das \u00e1reas de Medicina, Psicologia e Enfermagem para refletir sobre pr\u00e1ticas inclusivas e sobre o papel das institui\u00e7\u00f5es na promo\u00e7\u00e3o de direitos.<\/p>\n<p data-start=\"2146\" data-end=\"2310\">A participa\u00e7\u00e3o no evento \u00e9 gratuita. Os interessados que desejarem receber certificado dever\u00e3o confirmar presen\u00e7a por meio do link disponibilizado pela organiza\u00e7\u00e3o.<\/p>\n<\/div>\n<\/div>\n<\/div>\n<\/div>\n<\/div>\n<\/div>\n<\/article>\n<\/div>\n<\/div>\n<\/div>\n<\/div>\n<\/div>\n<\/div>\n<\/div>\n<\/div>\n<\/div>\n<\/div>\n\n<div style=\"font-size: 0px; height: 0px; line-height: 0px; margin: 0; padding: 0; clear: both;\"><\/div><div class='share-to-whatsapp-wrapper'><div class='share-on-whsp'>Share on: <\/div><a data-text='Faculdade de Medicina de Itajub\u00e1 realiza palestra sobre alfabetiza\u00e7\u00e3o e inclus\u00e3o de pessoas com T21' data-link='https:\/\/www.tvuai.com.br\/portal\/faculdade-de-medicina-de-itajuba-realiza-palestra-sobre-alfabetizacao-e-inclusao-de-pessoas-com-t21\/' class='whatsapp-button whatsapp-share'>WhatsApp<\/a><div class='clear '><\/div><\/div><!-- AddThis Advanced Settings generic via filter on the_content --><!-- AddThis Share Buttons generic via filter on the_content -->","protected":false},"excerpt":{"rendered":"<p>Evento na Faculdade de Medicina de Itajub\u00e1 discutir\u00e1 alfabetiza\u00e7\u00e3o e inclus\u00e3o de pessoas com Trissomia 21 durante a Semana Municipal de Conscientiza\u00e7\u00e3o A Faculdade de Medicina de Itajub\u00e1 realizar\u00e1, no dia 20 de mar\u00e7o de 2026, uma palestra voltada \u00e0 discuss\u00e3o sobre alfabetiza\u00e7\u00e3o e inclus\u00e3o de pessoas com Trissomia 21 (T21), condi\u00e7\u00e3o gen\u00e9tica conhecida como [&hellip;]<!-- AddThis Advanced Settings generic via filter on get_the_excerpt --><!-- AddThis Share Buttons generic via filter on get_the_excerpt --><\/p>\n","protected":false},"author":1,"featured_media":15789,"comment_status":"closed","ping_status":"closed","sticky":false,"template":"","format":"standard","meta":{"jetpack_post_was_ever_published":false,"_jetpack_newsletter_access":"","_jetpack_dont_email_post_to_subs":false,"_jetpack_newsletter_tier_id":0,"_jetpack_memberships_contains_paywalled_content":false,"_jetpack_memberships_contains_paid_content":false,"_joinchat":[],"footnotes":"","jetpack_publicize_message":"","jetpack_publicize_feature_enabled":true,"jetpack_social_post_already_shared":false,"jetpack_social_options":{"image_generator_settings":{"template":"highway","enabled":false},"version":2}},"categories":[1845,19,1876,5],"tags":[7488,6759,8376,8378,7345,8377,7489,6400,991,184,37,831,5050,39,8375,27,8053,1618],"class_list":["post-15787","post","type-post","status-publish","format-standard","has-post-thumbnail","hentry","category-educacao","category-noticias","category-saude","category-ultimas","tag-afya","tag-alfabetizacao","tag-apae-salvador","tag-conscientizacao-t21","tag-educacao-inclusiva","tag-evento-academico","tag-faculdade-de-medicina-de-itajuba","tag-inclusao","tag-itajuba","tag-minas-gerais","tag-pouso-alegre","tag-saude","tag-sindrome-de-down","tag-sul-de-minas","tag-t21","tag-tv-uai","tag-tv-uai-26-anos-ainda-estamos-aqui-ainda-independentes","tag-tv-uai-pouso-alegre"],"jetpack_publicize_connections":[],"yoast_head":"<!-- This site is optimized with the Yoast SEO plugin v23.5 - https:\/\/yoast.com\/wordpress\/plugins\/seo\/ -->\n<title>Faculdade de Medicina de Itajub\u00e1 realiza palestra sobre alfabetiza\u00e7\u00e3o e inclus\u00e3o de pessoas com T21 - TVUAI<\/title>\n<meta name=\"robots\" content=\"index, follow, max-snippet:-1, max-image-preview:large, max-video-preview:-1\" \/>\n<link rel=\"canonical\" href=\"https:\/\/www.tvuai.com.br\/portal\/faculdade-de-medicina-de-itajuba-realiza-palestra-sobre-alfabetizacao-e-inclusao-de-pessoas-com-t21\/\" \/>\n<meta property=\"og:locale\" content=\"pt_BR\" \/>\n<meta property=\"og:type\" content=\"article\" \/>\n<meta property=\"og:title\" content=\"Faculdade de Medicina de Itajub\u00e1 realiza palestra sobre alfabetiza\u00e7\u00e3o e inclus\u00e3o de pessoas com T21 - TVUAI\" \/>\n<meta property=\"og:description\" content=\"Evento na Faculdade de Medicina de Itajub\u00e1 discutir\u00e1 alfabetiza\u00e7\u00e3o e inclus\u00e3o de pessoas com Trissomia 21 durante a Semana Municipal de Conscientiza\u00e7\u00e3o A Faculdade de Medicina de Itajub\u00e1 realizar\u00e1, no dia 20 de mar\u00e7o de 2026, uma palestra voltada \u00e0 discuss\u00e3o sobre alfabetiza\u00e7\u00e3o e inclus\u00e3o de pessoas com Trissomia 21 (T21), condi\u00e7\u00e3o gen\u00e9tica conhecida como [&hellip;]\" \/>\n<meta property=\"og:url\" content=\"https:\/\/www.tvuai.com.br\/portal\/faculdade-de-medicina-de-itajuba-realiza-palestra-sobre-alfabetizacao-e-inclusao-de-pessoas-com-t21\/\" \/>\n<meta property=\"og:site_name\" content=\"TVUAI\" \/>\n<meta property=\"article:publisher\" content=\"http:\/\/www.facebook.com\/pages\/TV-Uai-Comunica%c3%a7%c3%a3o\/139062546157369\" \/>\n<meta property=\"article:published_time\" content=\"2026-03-10T21:15:42+00:00\" \/>\n<meta property=\"article:modified_time\" content=\"2026-03-13T22:56:05+00:00\" \/>\n<meta property=\"og:image\" content=\"https:\/\/www.tvuai.com.br\/portal\/wp-content\/uploads\/2026\/03\/afya0.jpg\" \/>\n\t<meta property=\"og:image:width\" content=\"200\" \/>\n\t<meta property=\"og:image:height\" content=\"200\" \/>\n\t<meta property=\"og:image:type\" content=\"image\/jpeg\" \/>\n<meta name=\"author\" content=\"tvuai\" \/>\n<meta name=\"twitter:card\" content=\"summary_large_image\" \/>\n<meta name=\"twitter:creator\" content=\"@tvuai\" \/>\n<meta name=\"twitter:site\" content=\"@tvuai\" \/>\n<meta name=\"twitter:label1\" content=\"Escrito por\" \/>\n\t<meta name=\"twitter:data1\" content=\"tvuai\" \/>\n\t<meta name=\"twitter:label2\" content=\"Est. tempo de leitura\" \/>\n\t<meta name=\"twitter:data2\" content=\"3 minutos\" \/>\n<script type=\"application\/ld+json\" class=\"yoast-schema-graph\">{\"@context\":\"https:\/\/schema.org\",\"@graph\":[{\"@type\":\"Article\",\"@id\":\"https:\/\/www.tvuai.com.br\/portal\/faculdade-de-medicina-de-itajuba-realiza-palestra-sobre-alfabetizacao-e-inclusao-de-pessoas-com-t21\/#article\",\"isPartOf\":{\"@id\":\"https:\/\/www.tvuai.com.br\/portal\/faculdade-de-medicina-de-itajuba-realiza-palestra-sobre-alfabetizacao-e-inclusao-de-pessoas-com-t21\/\"},\"author\":{\"name\":\"tvuai\",\"@id\":\"https:\/\/www.tvuai.com.br\/portal\/#\/schema\/person\/245e50e9127451fd0b7fd76f519ebbfe\"},\"headline\":\"Faculdade de Medicina de Itajub\u00e1 realiza palestra sobre alfabetiza\u00e7\u00e3o e inclus\u00e3o de pessoas com T21\",\"datePublished\":\"2026-03-10T21:15:42+00:00\",\"dateModified\":\"2026-03-13T22:56:05+00:00\",\"mainEntityOfPage\":{\"@id\":\"https:\/\/www.tvuai.com.br\/portal\/faculdade-de-medicina-de-itajuba-realiza-palestra-sobre-alfabetizacao-e-inclusao-de-pessoas-com-t21\/\"},\"wordCount\":369,\"publisher\":{\"@id\":\"https:\/\/www.tvuai.com.br\/portal\/#organization\"},\"image\":{\"@id\":\"https:\/\/www.tvuai.com.br\/portal\/faculdade-de-medicina-de-itajuba-realiza-palestra-sobre-alfabetizacao-e-inclusao-de-pessoas-com-t21\/#primaryimage\"},\"thumbnailUrl\":\"https:\/\/i0.wp.com\/www.tvuai.com.br\/portal\/wp-content\/uploads\/2026\/03\/afya0.jpg?fit=200%2C200&ssl=1\",\"keywords\":[\"Afya\",\"Alfabetiza\u00e7\u00e3o\",\"APAE Salvador\",\"conscientiza\u00e7\u00e3o T21\",\"educa\u00e7\u00e3o inclusiva\",\"evento acad\u00eamico\",\"Faculdade de Medicina de Itajub\u00e1\",\"Inclus\u00e3o\",\"Itajub\u00e1\",\"Minas Gerais\",\"Pouso Alegre\",\"sa\u00fade\",\"S\u00edndrome de Down\",\"Sul de Minas\",\"T21\",\"TV Uai\",\"TV UAI 26 anos ainda estamos aqui ainda independentes\",\"TV UAI Pouso Alegre\"],\"articleSection\":[\"Educa\u00e7\u00e3o\",\"Not\u00edcias\",\"Sa\u00fade\",\"\u00daltimas Not\u00edcias\"],\"inLanguage\":\"pt-BR\"},{\"@type\":\"WebPage\",\"@id\":\"https:\/\/www.tvuai.com.br\/portal\/faculdade-de-medicina-de-itajuba-realiza-palestra-sobre-alfabetizacao-e-inclusao-de-pessoas-com-t21\/\",\"url\":\"https:\/\/www.tvuai.com.br\/portal\/faculdade-de-medicina-de-itajuba-realiza-palestra-sobre-alfabetizacao-e-inclusao-de-pessoas-com-t21\/\",\"name\":\"Faculdade de Medicina de Itajub\u00e1 realiza palestra sobre alfabetiza\u00e7\u00e3o e inclus\u00e3o de pessoas com T21 - TVUAI\",\"isPartOf\":{\"@id\":\"https:\/\/www.tvuai.com.br\/portal\/#website\"},\"primaryImageOfPage\":{\"@id\":\"https:\/\/www.tvuai.com.br\/portal\/faculdade-de-medicina-de-itajuba-realiza-palestra-sobre-alfabetizacao-e-inclusao-de-pessoas-com-t21\/#primaryimage\"},\"image\":{\"@id\":\"https:\/\/www.tvuai.com.br\/portal\/faculdade-de-medicina-de-itajuba-realiza-palestra-sobre-alfabetizacao-e-inclusao-de-pessoas-com-t21\/#primaryimage\"},\"thumbnailUrl\":\"https:\/\/i0.wp.com\/www.tvuai.com.br\/portal\/wp-content\/uploads\/2026\/03\/afya0.jpg?fit=200%2C200&ssl=1\",\"datePublished\":\"2026-03-10T21:15:42+00:00\",\"dateModified\":\"2026-03-13T22:56:05+00:00\",\"breadcrumb\":{\"@id\":\"https:\/\/www.tvuai.com.br\/portal\/faculdade-de-medicina-de-itajuba-realiza-palestra-sobre-alfabetizacao-e-inclusao-de-pessoas-com-t21\/#breadcrumb\"},\"inLanguage\":\"pt-BR\",\"potentialAction\":[{\"@type\":\"ReadAction\",\"target\":[\"https:\/\/www.tvuai.com.br\/portal\/faculdade-de-medicina-de-itajuba-realiza-palestra-sobre-alfabetizacao-e-inclusao-de-pessoas-com-t21\/\"]}]},{\"@type\":\"ImageObject\",\"inLanguage\":\"pt-BR\",\"@id\":\"https:\/\/www.tvuai.com.br\/portal\/faculdade-de-medicina-de-itajuba-realiza-palestra-sobre-alfabetizacao-e-inclusao-de-pessoas-com-t21\/#primaryimage\",\"url\":\"https:\/\/i0.wp.com\/www.tvuai.com.br\/portal\/wp-content\/uploads\/2026\/03\/afya0.jpg?fit=200%2C200&ssl=1\",\"contentUrl\":\"https:\/\/i0.wp.com\/www.tvuai.com.br\/portal\/wp-content\/uploads\/2026\/03\/afya0.jpg?fit=200%2C200&ssl=1\",\"width\":200,\"height\":200},{\"@type\":\"BreadcrumbList\",\"@id\":\"https:\/\/www.tvuai.com.br\/portal\/faculdade-de-medicina-de-itajuba-realiza-palestra-sobre-alfabetizacao-e-inclusao-de-pessoas-com-t21\/#breadcrumb\",\"itemListElement\":[{\"@type\":\"ListItem\",\"position\":1,\"name\":\"In\u00edcio\",\"item\":\"https:\/\/www.tvuai.com.br\/portal\/\"},{\"@type\":\"ListItem\",\"position\":2,\"name\":\"Faculdade de Medicina de Itajub\u00e1 realiza palestra sobre alfabetiza\u00e7\u00e3o e inclus\u00e3o de pessoas com T21\"}]},{\"@type\":\"WebSite\",\"@id\":\"https:\/\/www.tvuai.com.br\/portal\/#website\",\"url\":\"https:\/\/www.tvuai.com.br\/portal\/\",\"name\":\"TVUAI\",\"description\":\"Tudo sobre o Sul de Minas\",\"publisher\":{\"@id\":\"https:\/\/www.tvuai.com.br\/portal\/#organization\"},\"potentialAction\":[{\"@type\":\"SearchAction\",\"target\":{\"@type\":\"EntryPoint\",\"urlTemplate\":\"https:\/\/www.tvuai.com.br\/portal\/?s={search_term_string}\"},\"query-input\":{\"@type\":\"PropertyValueSpecification\",\"valueRequired\":true,\"valueName\":\"search_term_string\"}}],\"inLanguage\":\"pt-BR\"},{\"@type\":\"Organization\",\"@id\":\"https:\/\/www.tvuai.com.br\/portal\/#organization\",\"name\":\"TVUAI\",\"url\":\"https:\/\/www.tvuai.com.br\/portal\/\",\"logo\":{\"@type\":\"ImageObject\",\"inLanguage\":\"pt-BR\",\"@id\":\"https:\/\/www.tvuai.com.br\/portal\/#\/schema\/logo\/image\/\",\"url\":\"https:\/\/i0.wp.com\/www.tvuai.com.br\/portal\/wp-content\/uploads\/2017\/12\/logo_tvuai_100H.png?fit=207%2C100&ssl=1\",\"contentUrl\":\"https:\/\/i0.wp.com\/www.tvuai.com.br\/portal\/wp-content\/uploads\/2017\/12\/logo_tvuai_100H.png?fit=207%2C100&ssl=1\",\"width\":207,\"height\":100,\"caption\":\"TVUAI\"},\"image\":{\"@id\":\"https:\/\/www.tvuai.com.br\/portal\/#\/schema\/logo\/image\/\"},\"sameAs\":[\"http:\/\/www.facebook.com\/pages\/TV-Uai-Comunica\u00e7\u00e3o\/139062546157369\",\"https:\/\/x.com\/tvuai\",\"https:\/\/www.instagram.com\/tvuai_network\/\",\"https:\/\/www.youtube.com\/channel\/UCB7ZPB3wRv-OpoZ_09jmnkQ\"]},{\"@type\":\"Person\",\"@id\":\"https:\/\/www.tvuai.com.br\/portal\/#\/schema\/person\/245e50e9127451fd0b7fd76f519ebbfe\",\"name\":\"tvuai\",\"url\":\"https:\/\/www.tvuai.com.br\/portal\/author\/tvuai\/\"}]}<\/script>\n<!-- \/ Yoast SEO plugin. -->","yoast_head_json":{"title":"Faculdade de Medicina de Itajub\u00e1 realiza palestra sobre alfabetiza\u00e7\u00e3o e inclus\u00e3o de pessoas com T21 - TVUAI","robots":{"index":"index","follow":"follow","max-snippet":"max-snippet:-1","max-image-preview":"max-image-preview:large","max-video-preview":"max-video-preview:-1"},"canonical":"https:\/\/www.tvuai.com.br\/portal\/faculdade-de-medicina-de-itajuba-realiza-palestra-sobre-alfabetizacao-e-inclusao-de-pessoas-com-t21\/","og_locale":"pt_BR","og_type":"article","og_title":"Faculdade de Medicina de Itajub\u00e1 realiza palestra sobre alfabetiza\u00e7\u00e3o e inclus\u00e3o de pessoas com T21 - TVUAI","og_description":"Evento na Faculdade de Medicina de Itajub\u00e1 discutir\u00e1 alfabetiza\u00e7\u00e3o e inclus\u00e3o de pessoas com Trissomia 21 durante a Semana Municipal de Conscientiza\u00e7\u00e3o A Faculdade de Medicina de Itajub\u00e1 realizar\u00e1, no dia 20 de mar\u00e7o de 2026, uma palestra voltada \u00e0 discuss\u00e3o sobre alfabetiza\u00e7\u00e3o e inclus\u00e3o de pessoas com Trissomia 21 (T21), condi\u00e7\u00e3o gen\u00e9tica conhecida como [&hellip;]","og_url":"https:\/\/www.tvuai.com.br\/portal\/faculdade-de-medicina-de-itajuba-realiza-palestra-sobre-alfabetizacao-e-inclusao-de-pessoas-com-t21\/","og_site_name":"TVUAI","article_publisher":"http:\/\/www.facebook.com\/pages\/TV-Uai-Comunica%c3%a7%c3%a3o\/139062546157369","article_published_time":"2026-03-10T21:15:42+00:00","article_modified_time":"2026-03-13T22:56:05+00:00","og_image":[{"width":200,"height":200,"url":"https:\/\/www.tvuai.com.br\/portal\/wp-content\/uploads\/2026\/03\/afya0.jpg","type":"image\/jpeg"}],"author":"tvuai","twitter_card":"summary_large_image","twitter_creator":"@tvuai","twitter_site":"@tvuai","twitter_misc":{"Escrito por":"tvuai","Est. tempo de leitura":"3 minutos"},"schema":{"@context":"https:\/\/schema.org","@graph":[{"@type":"Article","@id":"https:\/\/www.tvuai.com.br\/portal\/faculdade-de-medicina-de-itajuba-realiza-palestra-sobre-alfabetizacao-e-inclusao-de-pessoas-com-t21\/#article","isPartOf":{"@id":"https:\/\/www.tvuai.com.br\/portal\/faculdade-de-medicina-de-itajuba-realiza-palestra-sobre-alfabetizacao-e-inclusao-de-pessoas-com-t21\/"},"author":{"name":"tvuai","@id":"https:\/\/www.tvuai.com.br\/portal\/#\/schema\/person\/245e50e9127451fd0b7fd76f519ebbfe"},"headline":"Faculdade de Medicina de Itajub\u00e1 realiza palestra sobre alfabetiza\u00e7\u00e3o e inclus\u00e3o de pessoas com T21","datePublished":"2026-03-10T21:15:42+00:00","dateModified":"2026-03-13T22:56:05+00:00","mainEntityOfPage":{"@id":"https:\/\/www.tvuai.com.br\/portal\/faculdade-de-medicina-de-itajuba-realiza-palestra-sobre-alfabetizacao-e-inclusao-de-pessoas-com-t21\/"},"wordCount":369,"publisher":{"@id":"https:\/\/www.tvuai.com.br\/portal\/#organization"},"image":{"@id":"https:\/\/www.tvuai.com.br\/portal\/faculdade-de-medicina-de-itajuba-realiza-palestra-sobre-alfabetizacao-e-inclusao-de-pessoas-com-t21\/#primaryimage"},"thumbnailUrl":"https:\/\/i0.wp.com\/www.tvuai.com.br\/portal\/wp-content\/uploads\/2026\/03\/afya0.jpg?fit=200%2C200&ssl=1","keywords":["Afya","Alfabetiza\u00e7\u00e3o","APAE Salvador","conscientiza\u00e7\u00e3o T21","educa\u00e7\u00e3o inclusiva","evento acad\u00eamico","Faculdade de Medicina de Itajub\u00e1","Inclus\u00e3o","Itajub\u00e1","Minas Gerais","Pouso Alegre","sa\u00fade","S\u00edndrome de Down","Sul de Minas","T21","TV Uai","TV UAI 26 anos ainda estamos aqui ainda independentes","TV UAI Pouso Alegre"],"articleSection":["Educa\u00e7\u00e3o","Not\u00edcias","Sa\u00fade","\u00daltimas Not\u00edcias"],"inLanguage":"pt-BR"},{"@type":"WebPage","@id":"https:\/\/www.tvuai.com.br\/portal\/faculdade-de-medicina-de-itajuba-realiza-palestra-sobre-alfabetizacao-e-inclusao-de-pessoas-com-t21\/","url":"https:\/\/www.tvuai.com.br\/portal\/faculdade-de-medicina-de-itajuba-realiza-palestra-sobre-alfabetizacao-e-inclusao-de-pessoas-com-t21\/","name":"Faculdade de Medicina de Itajub\u00e1 realiza palestra sobre alfabetiza\u00e7\u00e3o e inclus\u00e3o de pessoas com T21 - TVUAI","isPartOf":{"@id":"https:\/\/www.tvuai.com.br\/portal\/#website"},"primaryImageOfPage":{"@id":"https:\/\/www.tvuai.com.br\/portal\/faculdade-de-medicina-de-itajuba-realiza-palestra-sobre-alfabetizacao-e-inclusao-de-pessoas-com-t21\/#primaryimage"},"image":{"@id":"https:\/\/www.tvuai.com.br\/portal\/faculdade-de-medicina-de-itajuba-realiza-palestra-sobre-alfabetizacao-e-inclusao-de-pessoas-com-t21\/#primaryimage"},"thumbnailUrl":"https:\/\/i0.wp.com\/www.tvuai.com.br\/portal\/wp-content\/uploads\/2026\/03\/afya0.jpg?fit=200%2C200&ssl=1","datePublished":"2026-03-10T21:15:42+00:00","dateModified":"2026-03-13T22:56:05+00:00","breadcrumb":{"@id":"https:\/\/www.tvuai.com.br\/portal\/faculdade-de-medicina-de-itajuba-realiza-palestra-sobre-alfabetizacao-e-inclusao-de-pessoas-com-t21\/#breadcrumb"},"inLanguage":"pt-BR","potentialAction":[{"@type":"ReadAction","target":["https:\/\/www.tvuai.com.br\/portal\/faculdade-de-medicina-de-itajuba-realiza-palestra-sobre-alfabetizacao-e-inclusao-de-pessoas-com-t21\/"]}]},{"@type":"ImageObject","inLanguage":"pt-BR","@id":"https:\/\/www.tvuai.com.br\/portal\/faculdade-de-medicina-de-itajuba-realiza-palestra-sobre-alfabetizacao-e-inclusao-de-pessoas-com-t21\/#primaryimage","url":"https:\/\/i0.wp.com\/www.tvuai.com.br\/portal\/wp-content\/uploads\/2026\/03\/afya0.jpg?fit=200%2C200&ssl=1","contentUrl":"https:\/\/i0.wp.com\/www.tvuai.com.br\/portal\/wp-content\/uploads\/2026\/03\/afya0.jpg?fit=200%2C200&ssl=1","width":200,"height":200},{"@type":"BreadcrumbList","@id":"https:\/\/www.tvuai.com.br\/portal\/faculdade-de-medicina-de-itajuba-realiza-palestra-sobre-alfabetizacao-e-inclusao-de-pessoas-com-t21\/#breadcrumb","itemListElement":[{"@type":"ListItem","position":1,"name":"In\u00edcio","item":"https:\/\/www.tvuai.com.br\/portal\/"},{"@type":"ListItem","position":2,"name":"Faculdade de Medicina de Itajub\u00e1 realiza palestra sobre alfabetiza\u00e7\u00e3o e inclus\u00e3o de pessoas com T21"}]},{"@type":"WebSite","@id":"https:\/\/www.tvuai.com.br\/portal\/#website","url":"https:\/\/www.tvuai.com.br\/portal\/","name":"TVUAI","description":"Tudo sobre o Sul de Minas","publisher":{"@id":"https:\/\/www.tvuai.com.br\/portal\/#organization"},"potentialAction":[{"@type":"SearchAction","target":{"@type":"EntryPoint","urlTemplate":"https:\/\/www.tvuai.com.br\/portal\/?s={search_term_string}"},"query-input":{"@type":"PropertyValueSpecification","valueRequired":true,"valueName":"search_term_string"}}],"inLanguage":"pt-BR"},{"@type":"Organization","@id":"https:\/\/www.tvuai.com.br\/portal\/#organization","name":"TVUAI","url":"https:\/\/www.tvuai.com.br\/portal\/","logo":{"@type":"ImageObject","inLanguage":"pt-BR","@id":"https:\/\/www.tvuai.com.br\/portal\/#\/schema\/logo\/image\/","url":"https:\/\/i0.wp.com\/www.tvuai.com.br\/portal\/wp-content\/uploads\/2017\/12\/logo_tvuai_100H.png?fit=207%2C100&ssl=1","contentUrl":"https:\/\/i0.wp.com\/www.tvuai.com.br\/portal\/wp-content\/uploads\/2017\/12\/logo_tvuai_100H.png?fit=207%2C100&ssl=1","width":207,"height":100,"caption":"TVUAI"},"image":{"@id":"https:\/\/www.tvuai.com.br\/portal\/#\/schema\/logo\/image\/"},"sameAs":["http:\/\/www.facebook.com\/pages\/TV-Uai-Comunica\u00e7\u00e3o\/139062546157369","https:\/\/x.com\/tvuai","https:\/\/www.instagram.com\/tvuai_network\/","https:\/\/www.youtube.com\/channel\/UCB7ZPB3wRv-OpoZ_09jmnkQ"]},{"@type":"Person","@id":"https:\/\/www.tvuai.com.br\/portal\/#\/schema\/person\/245e50e9127451fd0b7fd76f519ebbfe","name":"tvuai","url":"https:\/\/www.tvuai.com.br\/portal\/author\/tvuai\/"}]}},"jetpack_featured_media_url":"https:\/\/i0.wp.com\/www.tvuai.com.br\/portal\/wp-content\/uploads\/2026\/03\/afya0.jpg?fit=200%2C200&ssl=1","wpmagazine_modules_lite_featured_media_urls":{"thumbnail":["https:\/\/i0.wp.com\/www.tvuai.com.br\/portal\/wp-content\/uploads\/2026\/03\/afya0.jpg?resize=150%2C150&ssl=1",150,150,true],"cvmm-medium":["https:\/\/i0.wp.com\/www.tvuai.com.br\/portal\/wp-content\/uploads\/2026\/03\/afya0.jpg?resize=200%2C200&ssl=1",200,200,true],"cvmm-medium-plus":["https:\/\/i0.wp.com\/www.tvuai.com.br\/portal\/wp-content\/uploads\/2026\/03\/afya0.jpg?resize=200%2C200&ssl=1",200,200,true],"cvmm-portrait":["https:\/\/i0.wp.com\/www.tvuai.com.br\/portal\/wp-content\/uploads\/2026\/03\/afya0.jpg?resize=200%2C200&ssl=1",200,200,true],"cvmm-medium-square":["https:\/\/i0.wp.com\/www.tvuai.com.br\/portal\/wp-content\/uploads\/2026\/03\/afya0.jpg?resize=200%2C200&ssl=1",200,200,true],"cvmm-large":["https:\/\/i0.wp.com\/www.tvuai.com.br\/portal\/wp-content\/uploads\/2026\/03\/afya0.jpg?resize=200%2C200&ssl=1",200,200,true],"cvmm-small":["https:\/\/i0.wp.com\/www.tvuai.com.br\/portal\/wp-content\/uploads\/2026\/03\/afya0.jpg?resize=130%2C95&ssl=1",130,95,true],"full":["https:\/\/i0.wp.com\/www.tvuai.com.br\/portal\/wp-content\/uploads\/2026\/03\/afya0.jpg?fit=200%2C200&ssl=1",200,200,false]},"categories_names":{"1845":{"name":"Educa\u00e7\u00e3o","link":"https:\/\/www.tvuai.com.br\/portal\/category\/educacao\/"},"19":{"name":"Not\u00edcias","link":"https:\/\/www.tvuai.com.br\/portal\/category\/noticias\/"},"1876":{"name":"Sa\u00fade","link":"https:\/\/www.tvuai.com.br\/portal\/category\/saude\/"},"5":{"name":"\u00daltimas Not\u00edcias","link":"https:\/\/www.tvuai.com.br\/portal\/category\/noticias\/ultimas\/"}},"tags_names":{"7488":{"name":"Afya","link":"https:\/\/www.tvuai.com.br\/portal\/tag\/afya\/"},"6759":{"name":"Alfabetiza\u00e7\u00e3o","link":"https:\/\/www.tvuai.com.br\/portal\/tag\/alfabetizacao\/"},"8376":{"name":"APAE Salvador","link":"https:\/\/www.tvuai.com.br\/portal\/tag\/apae-salvador\/"},"8378":{"name":"conscientiza\u00e7\u00e3o T21","link":"https:\/\/www.tvuai.com.br\/portal\/tag\/conscientizacao-t21\/"},"7345":{"name":"educa\u00e7\u00e3o inclusiva","link":"https:\/\/www.tvuai.com.br\/portal\/tag\/educacao-inclusiva\/"},"8377":{"name":"evento acad\u00eamico","link":"https:\/\/www.tvuai.com.br\/portal\/tag\/evento-academico\/"},"7489":{"name":"Faculdade de Medicina de Itajub\u00e1","link":"https:\/\/www.tvuai.com.br\/portal\/tag\/faculdade-de-medicina-de-itajuba\/"},"6400":{"name":"Inclus\u00e3o","link":"https:\/\/www.tvuai.com.br\/portal\/tag\/inclusao\/"},"991":{"name":"Itajub\u00e1","link":"https:\/\/www.tvuai.com.br\/portal\/tag\/itajuba\/"},"184":{"name":"Minas Gerais","link":"https:\/\/www.tvuai.com.br\/portal\/tag\/minas-gerais\/"},"37":{"name":"Pouso Alegre","link":"https:\/\/www.tvuai.com.br\/portal\/tag\/pouso-alegre\/"},"831":{"name":"sa\u00fade","link":"https:\/\/www.tvuai.com.br\/portal\/tag\/saude\/"},"5050":{"name":"S\u00edndrome de Down","link":"https:\/\/www.tvuai.com.br\/portal\/tag\/sindrome-de-down\/"},"39":{"name":"Sul de Minas","link":"https:\/\/www.tvuai.com.br\/portal\/tag\/sul-de-minas\/"},"8375":{"name":"T21","link":"https:\/\/www.tvuai.com.br\/portal\/tag\/t21\/"},"27":{"name":"TV Uai","link":"https:\/\/www.tvuai.com.br\/portal\/tag\/tv-uai\/"},"8053":{"name":"TV UAI 26 anos ainda estamos aqui ainda independentes","link":"https:\/\/www.tvuai.com.br\/portal\/tag\/tv-uai-26-anos-ainda-estamos-aqui-ainda-independentes\/"},"1618":{"name":"TV UAI Pouso Alegre","link":"https:\/\/www.tvuai.com.br\/portal\/tag\/tv-uai-pouso-alegre\/"}},"comments_number":"0","jetpack_shortlink":"https:\/\/wp.me\/p9woix-46D","jetpack_sharing_enabled":true,"_links":{"self":[{"href":"https:\/\/www.tvuai.com.br\/portal\/wp-json\/wp\/v2\/posts\/15787"}],"collection":[{"href":"https:\/\/www.tvuai.com.br\/portal\/wp-json\/wp\/v2\/posts"}],"about":[{"href":"https:\/\/www.tvuai.com.br\/portal\/wp-json\/wp\/v2\/types\/post"}],"author":[{"embeddable":true,"href":"https:\/\/www.tvuai.com.br\/portal\/wp-json\/wp\/v2\/users\/1"}],"replies":[{"embeddable":true,"href":"https:\/\/www.tvuai.com.br\/portal\/wp-json\/wp\/v2\/comments?post=15787"}],"version-history":[{"count":2,"href":"https:\/\/www.tvuai.com.br\/portal\/wp-json\/wp\/v2\/posts\/15787\/revisions"}],"predecessor-version":[{"id":15792,"href":"https:\/\/www.tvuai.com.br\/portal\/wp-json\/wp\/v2\/posts\/15787\/revisions\/15792"}],"wp:featuredmedia":[{"embeddable":true,"href":"https:\/\/www.tvuai.com.br\/portal\/wp-json\/wp\/v2\/media\/15789"}],"wp:attachment":[{"href":"https:\/\/www.tvuai.com.br\/portal\/wp-json\/wp\/v2\/media?parent=15787"}],"wp:term":[{"taxonomy":"category","embeddable":true,"href":"https:\/\/www.tvuai.com.br\/portal\/wp-json\/wp\/v2\/categories?post=15787"},{"taxonomy":"post_tag","embeddable":true,"href":"https:\/\/www.tvuai.com.br\/portal\/wp-json\/wp\/v2\/tags?post=15787"}],"curies":[{"name":"wp","href":"https:\/\/api.w.org\/{rel}","templated":true}]}}