{"id":15776,"date":"2026-03-10T18:16:16","date_gmt":"2026-03-10T21:16:16","guid":{"rendered":"https:\/\/www.tvuai.com.br\/portal\/?p=15776"},"modified":"2026-03-13T19:56:30","modified_gmt":"2026-03-13T22:56:30","slug":"pouso-alegre-organiza-rede-regional-de-atendimento-a-saude-da-populacao-trans-no-sul-de-minas","status":"publish","type":"post","link":"https:\/\/www.tvuai.com.br\/portal\/pouso-alegre-organiza-rede-regional-de-atendimento-a-saude-da-populacao-trans-no-sul-de-minas\/","title":{"rendered":"Pouso Alegre organiza rede regional de atendimento \u00e0 sa\u00fade da popula\u00e7\u00e3o trans no Sul de Minas"},"content":{"rendered":"<div class=\"5a1038e0903b96d426fcfcc338703013\" data-index=\"1\" style=\"float: right; margin:10px 0 10px 10px;\">\n<script async src=\"https:\/\/pagead2.googlesyndication.com\/pagead\/js\/adsbygoogle.js?client=ca-pub-9945944833605257\"\r\n     crossorigin=\"anonymous\"><\/script>\r\n<ins class=\"adsbygoogle\"\r\n     style=\"display:block; text-align:center;\"\r\n     data-ad-layout=\"in-article\"\r\n     data-ad-format=\"fluid\"\r\n     data-ad-client=\"ca-pub-9945944833605257\"\r\n     data-ad-slot=\"2343923581\"><\/ins>\r\n<script>\r\n     (adsbygoogle = window.adsbygoogle || []).push({});\r\n<\/script>\n<\/div>\n<div class=\"flex flex-col text-sm pb-25\">\n<article class=\"text-token-text-primary w-full focus:outline-none [--shadow-height:45px] has-data-writing-block:pointer-events-none has-data-writing-block:-mt-(--shadow-height) has-data-writing-block:pt-(--shadow-height) [&amp;:has([data-writing-block])&gt;*]:pointer-events-auto scroll-mt-[calc(var(--header-height)+min(200px,max(70px,20svh)))]\" dir=\"auto\" tabindex=\"-1\" data-turn-id=\"request-WEB:b29d82c1-3b6c-49f8-8696-dd4cc0cf4b7b-2\" data-testid=\"conversation-turn-6\" data-scroll-anchor=\"true\" data-turn=\"assistant\">\n<div class=\"text-base my-auto mx-auto pb-10 [--thread-content-margin:var(--thread-content-margin-xs,calc(var(--spacing)*4))] @w-sm\/main:[--thread-content-margin:var(--thread-content-margin-sm,calc(var(--spacing)*6))] @w-lg\/main:[--thread-content-margin:var(--thread-content-margin-lg,calc(var(--spacing)*16))] px-(--thread-content-margin)\">\n<div class=\"[--thread-content-max-width:40rem] @w-lg\/main:[--thread-content-max-width:48rem] mx-auto max-w-(--thread-content-max-width) flex-1 group\/turn-messages focus-visible:outline-hidden relative flex w-full min-w-0 flex-col agent-turn\" tabindex=\"-1\">\n<div class=\"flex max-w-full flex-col gap-4 grow\">\n<div class=\"min-h-8 text-message relative flex w-full flex-col items-end gap-2 text-start break-words whitespace-normal [.text-message+&amp;]:mt-1\" dir=\"auto\" data-message-author-role=\"assistant\" data-message-id=\"acb761b3-1837-410a-a7b3-e4687ae527df\" data-message-model-slug=\"gpt-5-3\">\n<div class=\"flex w-full flex-col gap-1 empty:hidden\">\n<div class=\"markdown prose dark:prose-invert w-full wrap-break-word light markdown-new-styling\">\n<div class=\"flex flex-col text-sm pb-25\">\n<article class=\"text-token-text-primary w-full focus:outline-none [--shadow-height:45px] has-data-writing-block:pointer-events-none has-data-writing-block:-mt-(--shadow-height) has-data-writing-block:pt-(--shadow-height) [&amp;:has([data-writing-block])&gt;*]:pointer-events-auto scroll-mt-[calc(var(--header-height)+min(200px,max(70px,20svh)))]\" dir=\"auto\" tabindex=\"-1\" data-turn-id=\"request-WEB:b29d82c1-3b6c-49f8-8696-dd4cc0cf4b7b-7\" data-testid=\"conversation-turn-16\" data-scroll-anchor=\"true\" data-turn=\"assistant\">\n<div class=\"text-base my-auto mx-auto pb-10 [--thread-content-margin:var(--thread-content-margin-xs,calc(var(--spacing)*4))] @w-sm\/main:[--thread-content-margin:var(--thread-content-margin-sm,calc(var(--spacing)*6))] @w-lg\/main:[--thread-content-margin:var(--thread-content-margin-lg,calc(var(--spacing)*16))] px-(--thread-content-margin)\">\n<div class=\"[--thread-content-max-width:40rem] @w-lg\/main:[--thread-content-max-width:48rem] mx-auto max-w-(--thread-content-max-width) flex-1 group\/turn-messages focus-visible:outline-hidden relative flex w-full min-w-0 flex-col agent-turn\" tabindex=\"-1\">\n<div class=\"flex max-w-full flex-col gap-4 grow\">\n<div class=\"min-h-8 text-message relative flex w-full flex-col items-end gap-2 text-start break-words whitespace-normal [.text-message+&amp;]:mt-1\" dir=\"auto\" data-message-author-role=\"assistant\" data-message-id=\"2d86fc7c-bde0-4309-88d7-bfc0477a9adb\" data-message-model-slug=\"gpt-5-3\">\n<div class=\"flex w-full flex-col gap-1 empty:hidden\">\n<div class=\"markdown prose dark:prose-invert w-full wrap-break-word light markdown-new-styling\">\n<h5 style=\"text-align: center;\" data-start=\"237\" data-end=\"410\"><em><strong><img data-recalc-dims=\"1\" fetchpriority=\"high\" decoding=\"async\" data-attachment-id=\"15785\" data-permalink=\"https:\/\/www.tvuai.com.br\/portal\/pouso-alegre-organiza-rede-regional-de-atendimento-a-saude-da-populacao-trans-no-sul-de-minas\/trans-4\/\" data-orig-file=\"https:\/\/i0.wp.com\/www.tvuai.com.br\/portal\/wp-content\/uploads\/2026\/03\/trans-3.jpg?fit=1000%2C563&amp;ssl=1\" data-orig-size=\"1000,563\" data-comments-opened=\"0\" data-image-meta=\"{&quot;aperture&quot;:&quot;0&quot;,&quot;credit&quot;:&quot;&quot;,&quot;camera&quot;:&quot;&quot;,&quot;caption&quot;:&quot;&quot;,&quot;created_timestamp&quot;:&quot;1773150361&quot;,&quot;copyright&quot;:&quot;&quot;,&quot;focal_length&quot;:&quot;0&quot;,&quot;iso&quot;:&quot;0&quot;,&quot;shutter_speed&quot;:&quot;0&quot;,&quot;title&quot;:&quot;&quot;,&quot;orientation&quot;:&quot;0&quot;}\" data-image-title=\"trans\" data-image-description=\"\" data-image-caption=\"\" data-medium-file=\"https:\/\/i0.wp.com\/www.tvuai.com.br\/portal\/wp-content\/uploads\/2026\/03\/trans-3.jpg?fit=300%2C169&amp;ssl=1\" data-large-file=\"https:\/\/i0.wp.com\/www.tvuai.com.br\/portal\/wp-content\/uploads\/2026\/03\/trans-3.jpg?fit=640%2C360&amp;ssl=1\" tabindex=\"0\" role=\"button\" class=\"aligncenter size-full wp-image-15785\" src=\"https:\/\/i0.wp.com\/www.tvuai.com.br\/portal\/wp-content\/uploads\/2026\/03\/trans-3.jpg?resize=640%2C360&#038;ssl=1\" alt=\"\" width=\"640\" height=\"360\" srcset=\"https:\/\/i0.wp.com\/www.tvuai.com.br\/portal\/wp-content\/uploads\/2026\/03\/trans-3.jpg?w=1000&amp;ssl=1 1000w, https:\/\/i0.wp.com\/www.tvuai.com.br\/portal\/wp-content\/uploads\/2026\/03\/trans-3.jpg?resize=300%2C169&amp;ssl=1 300w, https:\/\/i0.wp.com\/www.tvuai.com.br\/portal\/wp-content\/uploads\/2026\/03\/trans-3.jpg?resize=768%2C432&amp;ssl=1 768w\" sizes=\"(max-width: 640px) 100vw, 640px\" \/>Gestores de sa\u00fade pactuam linha de cuidado para popula\u00e7\u00e3o trans no Sul de Minas; Pouso Alegre ser\u00e1 refer\u00eancia regional para procedimentos cir\u00fargicos<\/strong><\/em><\/h5>\n<p data-start=\"515\" data-end=\"839\">Gestores de sa\u00fade da Macrorregi\u00e3o Extremo-Sul de Minas Gerais pactuaram a cria\u00e7\u00e3o de uma linha regional de cuidado voltada \u00e0 sa\u00fade da popula\u00e7\u00e3o trans. A decis\u00e3o foi tomada entre os dias 3 e 5 de mar\u00e7o durante reuni\u00f5es das Comiss\u00f5es Intergestores Bipartites (CIB) das microrregi\u00f5es de Itajub\u00e1, Pouso Alegre e Po\u00e7os de Caldas.<\/p>\n<p data-start=\"841\" data-end=\"1093\">A iniciativa busca estruturar uma rede de atendimento no Sistema \u00danico de Sa\u00fade (SUS) para ampliar o acesso da popula\u00e7\u00e3o trans a servi\u00e7os especializados na regi\u00e3o, com a proposta de oferecer assist\u00eancia mais pr\u00f3xima do local de resid\u00eancia dos usu\u00e1rios.<\/p>\n<p data-start=\"1095\" data-end=\"1370\">Como parte do acordo, os munic\u00edpios de Pouso Alegre, Po\u00e7os de Caldas, Extrema e Itajub\u00e1 dever\u00e3o solicitar ao Minist\u00e9rio da Sa\u00fade a habilita\u00e7\u00e3o de ambulat\u00f3rios especializados para atendimento \u00e0 popula\u00e7\u00e3o trans. Esses servi\u00e7os passar\u00e3o a integrar a rede regional de refer\u00eancia.<\/p>\n<p data-start=\"1372\" data-end=\"1600\">Al\u00e9m da assist\u00eancia ambulatorial, tamb\u00e9m foi definida a habilita\u00e7\u00e3o do atendimento hospitalar para procedimentos do processo transexualizador em Pouso Alegre, que passa a ser refer\u00eancia macrorregional para esse tipo de cirurgia.<\/p>\n<p data-start=\"1602\" data-end=\"1829\">De acordo com a refer\u00eancia t\u00e9cnica em equidade da Superintend\u00eancia Regional de Sa\u00fade de Pouso Alegre, Thaiana Andrade, a organiza\u00e7\u00e3o da rede deve ampliar o acesso da popula\u00e7\u00e3o trans aos servi\u00e7os especializados do SUS na regi\u00e3o.<\/p>\n<p data-start=\"1831\" data-end=\"2205\">Com a defini\u00e7\u00e3o dos servi\u00e7os de refer\u00eancia, os gestores tamb\u00e9m pactuaram a organiza\u00e7\u00e3o da grade regional de atendimento e do fluxo assistencial. Nesse modelo, a Aten\u00e7\u00e3o Prim\u00e1ria \u00e0 Sa\u00fade permanece como porta de entrada do sistema, respons\u00e1vel pelo primeiro atendimento e pelo encaminhamento dos pacientes, quando necess\u00e1rio, aos servi\u00e7os especializados por meio da regula\u00e7\u00e3o.<\/p>\n<h6 style=\"text-align: right;\" data-start=\"1831\" data-end=\"2205\"><em><strong>Com informa\u00e7\u00f5es e foto de Ot\u00e1vio Fernandes<\/strong><\/em><\/h6>\n<\/div>\n<\/div>\n<\/div>\n<\/div>\n<\/div>\n<\/div>\n<\/article>\n<\/div>\n<\/div>\n<\/div>\n<\/div>\n<\/div>\n<\/div>\n<\/div>\n<\/article>\n<\/div>\n\n<div style=\"font-size: 0px; height: 0px; line-height: 0px; margin: 0; padding: 0; clear: both;\"><\/div><div class='share-to-whatsapp-wrapper'><div class='share-on-whsp'>Share on: <\/div><a data-text='Pouso Alegre organiza rede regional de atendimento \u00e0 sa\u00fade da popula\u00e7\u00e3o trans no Sul de Minas' data-link='https:\/\/www.tvuai.com.br\/portal\/pouso-alegre-organiza-rede-regional-de-atendimento-a-saude-da-populacao-trans-no-sul-de-minas\/' class='whatsapp-button whatsapp-share'>WhatsApp<\/a><div class='clear '><\/div><\/div><!-- AddThis Advanced Settings generic via filter on the_content --><!-- AddThis Share Buttons generic via filter on the_content -->","protected":false},"excerpt":{"rendered":"<p>Gestores de sa\u00fade pactuam linha de cuidado para popula\u00e7\u00e3o trans no Sul de Minas; Pouso Alegre ser\u00e1 refer\u00eancia regional para procedimentos cir\u00fargicos Gestores de sa\u00fade da Macrorregi\u00e3o Extremo-Sul de Minas Gerais pactuaram a cria\u00e7\u00e3o de uma linha regional de cuidado voltada \u00e0 sa\u00fade da popula\u00e7\u00e3o trans. A decis\u00e3o foi tomada entre os dias 3 e [&hellip;]<!-- AddThis Advanced Settings generic via filter on get_the_excerpt --><!-- AddThis Share Buttons generic via filter on get_the_excerpt --><\/p>\n","protected":false},"author":1,"featured_media":15781,"comment_status":"closed","ping_status":"closed","sticky":false,"template":"","format":"standard","meta":{"jetpack_post_was_ever_published":false,"_jetpack_newsletter_access":"","_jetpack_dont_email_post_to_subs":false,"_jetpack_newsletter_tier_id":0,"_jetpack_memberships_contains_paywalled_content":false,"_jetpack_memberships_contains_paid_content":false,"_joinchat":[],"footnotes":"","jetpack_publicize_message":"","jetpack_publicize_feature_enabled":true,"jetpack_social_post_already_shared":false,"jetpack_social_options":{"image_generator_settings":{"template":"highway","enabled":false},"version":2}},"categories":[19,1876,5,1829],"tags":[272,913,991,184,2087,348,7894,8372,37,8373,8374,5894,39,6865,2070,27,8053,1618],"class_list":["post-15776","post","type-post","status-publish","format-standard","has-post-thumbnail","hentry","category-noticias","category-saude","category-ultimas","category-utilidade","tag-extrema","tag-governo-de-minas-gerais","tag-itajuba","tag-minas-gerais","tag-ministerio-da-saude","tag-pocos-de-caldas","tag-politicas-publicas-de-saude","tag-populacao-trans","tag-pouso-alegre","tag-processo-transexualizador","tag-saude-em-minas-gerais","tag-saude-publica","tag-sul-de-minas","tag-superintendencia-regional-de-saude","tag-sus","tag-tv-uai","tag-tv-uai-26-anos-ainda-estamos-aqui-ainda-independentes","tag-tv-uai-pouso-alegre"],"jetpack_publicize_connections":[],"yoast_head":"<!-- This site is optimized with the Yoast SEO plugin v23.5 - https:\/\/yoast.com\/wordpress\/plugins\/seo\/ -->\n<title>Pouso Alegre organiza rede regional de atendimento \u00e0 sa\u00fade da popula\u00e7\u00e3o trans no Sul de Minas - TVUAI<\/title>\n<meta name=\"robots\" content=\"index, follow, max-snippet:-1, max-image-preview:large, max-video-preview:-1\" \/>\n<link rel=\"canonical\" href=\"https:\/\/www.tvuai.com.br\/portal\/pouso-alegre-organiza-rede-regional-de-atendimento-a-saude-da-populacao-trans-no-sul-de-minas\/\" \/>\n<meta property=\"og:locale\" content=\"pt_BR\" \/>\n<meta property=\"og:type\" content=\"article\" \/>\n<meta property=\"og:title\" content=\"Pouso Alegre organiza rede regional de atendimento \u00e0 sa\u00fade da popula\u00e7\u00e3o trans no Sul de Minas - TVUAI\" \/>\n<meta property=\"og:description\" content=\"Gestores de sa\u00fade pactuam linha de cuidado para popula\u00e7\u00e3o trans no Sul de Minas; Pouso Alegre ser\u00e1 refer\u00eancia regional para procedimentos cir\u00fargicos Gestores de sa\u00fade da Macrorregi\u00e3o Extremo-Sul de Minas Gerais pactuaram a cria\u00e7\u00e3o de uma linha regional de cuidado voltada \u00e0 sa\u00fade da popula\u00e7\u00e3o trans. A decis\u00e3o foi tomada entre os dias 3 e [&hellip;]\" \/>\n<meta property=\"og:url\" content=\"https:\/\/www.tvuai.com.br\/portal\/pouso-alegre-organiza-rede-regional-de-atendimento-a-saude-da-populacao-trans-no-sul-de-minas\/\" \/>\n<meta property=\"og:site_name\" content=\"TVUAI\" \/>\n<meta property=\"article:publisher\" content=\"http:\/\/www.facebook.com\/pages\/TV-Uai-Comunica%c3%a7%c3%a3o\/139062546157369\" \/>\n<meta property=\"article:published_time\" content=\"2026-03-10T21:16:16+00:00\" \/>\n<meta property=\"article:modified_time\" content=\"2026-03-13T22:56:30+00:00\" \/>\n<meta property=\"og:image\" content=\"https:\/\/www.tvuai.com.br\/portal\/wp-content\/uploads\/2026\/03\/trans0.jpg\" \/>\n\t<meta property=\"og:image:width\" content=\"200\" \/>\n\t<meta property=\"og:image:height\" content=\"200\" \/>\n\t<meta property=\"og:image:type\" content=\"image\/jpeg\" \/>\n<meta name=\"author\" content=\"tvuai\" \/>\n<meta name=\"twitter:card\" content=\"summary_large_image\" \/>\n<meta name=\"twitter:creator\" content=\"@tvuai\" \/>\n<meta name=\"twitter:site\" content=\"@tvuai\" \/>\n<meta name=\"twitter:label1\" content=\"Escrito por\" \/>\n\t<meta name=\"twitter:data1\" content=\"tvuai\" \/>\n\t<meta name=\"twitter:label2\" content=\"Est. tempo de leitura\" \/>\n\t<meta name=\"twitter:data2\" content=\"3 minutos\" \/>\n<script type=\"application\/ld+json\" class=\"yoast-schema-graph\">{\"@context\":\"https:\/\/schema.org\",\"@graph\":[{\"@type\":\"Article\",\"@id\":\"https:\/\/www.tvuai.com.br\/portal\/pouso-alegre-organiza-rede-regional-de-atendimento-a-saude-da-populacao-trans-no-sul-de-minas\/#article\",\"isPartOf\":{\"@id\":\"https:\/\/www.tvuai.com.br\/portal\/pouso-alegre-organiza-rede-regional-de-atendimento-a-saude-da-populacao-trans-no-sul-de-minas\/\"},\"author\":{\"name\":\"tvuai\",\"@id\":\"https:\/\/www.tvuai.com.br\/portal\/#\/schema\/person\/245e50e9127451fd0b7fd76f519ebbfe\"},\"headline\":\"Pouso Alegre organiza rede regional de atendimento \u00e0 sa\u00fade da popula\u00e7\u00e3o trans no Sul de Minas\",\"datePublished\":\"2026-03-10T21:16:16+00:00\",\"dateModified\":\"2026-03-13T22:56:30+00:00\",\"mainEntityOfPage\":{\"@id\":\"https:\/\/www.tvuai.com.br\/portal\/pouso-alegre-organiza-rede-regional-de-atendimento-a-saude-da-populacao-trans-no-sul-de-minas\/\"},\"wordCount\":357,\"publisher\":{\"@id\":\"https:\/\/www.tvuai.com.br\/portal\/#organization\"},\"image\":{\"@id\":\"https:\/\/www.tvuai.com.br\/portal\/pouso-alegre-organiza-rede-regional-de-atendimento-a-saude-da-populacao-trans-no-sul-de-minas\/#primaryimage\"},\"thumbnailUrl\":\"https:\/\/i0.wp.com\/www.tvuai.com.br\/portal\/wp-content\/uploads\/2026\/03\/trans0.jpg?fit=200%2C200&ssl=1\",\"keywords\":[\"Extrema\",\"governo de Minas Gerais\",\"Itajub\u00e1\",\"Minas Gerais\",\"Minist\u00e9rio da Sa\u00fade\",\"Po\u00e7os de Caldas\",\"pol\u00edticas p\u00fablicas de sa\u00fade\",\"popula\u00e7\u00e3o trans\",\"Pouso Alegre\",\"processo transexualizador\",\"sa\u00fade em Minas Gerais\",\"sa\u00fade p\u00fablica\",\"Sul de Minas\",\"Superintend\u00eancia Regional de Sa\u00fade\",\"SUS)\",\"TV Uai\",\"TV UAI 26 anos ainda estamos aqui ainda independentes\",\"TV UAI Pouso Alegre\"],\"articleSection\":[\"Not\u00edcias\",\"Sa\u00fade\",\"\u00daltimas Not\u00edcias\",\"Utilidade Publica\"],\"inLanguage\":\"pt-BR\"},{\"@type\":\"WebPage\",\"@id\":\"https:\/\/www.tvuai.com.br\/portal\/pouso-alegre-organiza-rede-regional-de-atendimento-a-saude-da-populacao-trans-no-sul-de-minas\/\",\"url\":\"https:\/\/www.tvuai.com.br\/portal\/pouso-alegre-organiza-rede-regional-de-atendimento-a-saude-da-populacao-trans-no-sul-de-minas\/\",\"name\":\"Pouso Alegre organiza rede regional de atendimento \u00e0 sa\u00fade da popula\u00e7\u00e3o trans no Sul de Minas - TVUAI\",\"isPartOf\":{\"@id\":\"https:\/\/www.tvuai.com.br\/portal\/#website\"},\"primaryImageOfPage\":{\"@id\":\"https:\/\/www.tvuai.com.br\/portal\/pouso-alegre-organiza-rede-regional-de-atendimento-a-saude-da-populacao-trans-no-sul-de-minas\/#primaryimage\"},\"image\":{\"@id\":\"https:\/\/www.tvuai.com.br\/portal\/pouso-alegre-organiza-rede-regional-de-atendimento-a-saude-da-populacao-trans-no-sul-de-minas\/#primaryimage\"},\"thumbnailUrl\":\"https:\/\/i0.wp.com\/www.tvuai.com.br\/portal\/wp-content\/uploads\/2026\/03\/trans0.jpg?fit=200%2C200&ssl=1\",\"datePublished\":\"2026-03-10T21:16:16+00:00\",\"dateModified\":\"2026-03-13T22:56:30+00:00\",\"breadcrumb\":{\"@id\":\"https:\/\/www.tvuai.com.br\/portal\/pouso-alegre-organiza-rede-regional-de-atendimento-a-saude-da-populacao-trans-no-sul-de-minas\/#breadcrumb\"},\"inLanguage\":\"pt-BR\",\"potentialAction\":[{\"@type\":\"ReadAction\",\"target\":[\"https:\/\/www.tvuai.com.br\/portal\/pouso-alegre-organiza-rede-regional-de-atendimento-a-saude-da-populacao-trans-no-sul-de-minas\/\"]}]},{\"@type\":\"ImageObject\",\"inLanguage\":\"pt-BR\",\"@id\":\"https:\/\/www.tvuai.com.br\/portal\/pouso-alegre-organiza-rede-regional-de-atendimento-a-saude-da-populacao-trans-no-sul-de-minas\/#primaryimage\",\"url\":\"https:\/\/i0.wp.com\/www.tvuai.com.br\/portal\/wp-content\/uploads\/2026\/03\/trans0.jpg?fit=200%2C200&ssl=1\",\"contentUrl\":\"https:\/\/i0.wp.com\/www.tvuai.com.br\/portal\/wp-content\/uploads\/2026\/03\/trans0.jpg?fit=200%2C200&ssl=1\",\"width\":200,\"height\":200},{\"@type\":\"BreadcrumbList\",\"@id\":\"https:\/\/www.tvuai.com.br\/portal\/pouso-alegre-organiza-rede-regional-de-atendimento-a-saude-da-populacao-trans-no-sul-de-minas\/#breadcrumb\",\"itemListElement\":[{\"@type\":\"ListItem\",\"position\":1,\"name\":\"In\u00edcio\",\"item\":\"https:\/\/www.tvuai.com.br\/portal\/\"},{\"@type\":\"ListItem\",\"position\":2,\"name\":\"Pouso Alegre organiza rede regional de atendimento \u00e0 sa\u00fade da popula\u00e7\u00e3o trans no Sul de Minas\"}]},{\"@type\":\"WebSite\",\"@id\":\"https:\/\/www.tvuai.com.br\/portal\/#website\",\"url\":\"https:\/\/www.tvuai.com.br\/portal\/\",\"name\":\"TVUAI\",\"description\":\"Tudo sobre o Sul de Minas\",\"publisher\":{\"@id\":\"https:\/\/www.tvuai.com.br\/portal\/#organization\"},\"potentialAction\":[{\"@type\":\"SearchAction\",\"target\":{\"@type\":\"EntryPoint\",\"urlTemplate\":\"https:\/\/www.tvuai.com.br\/portal\/?s={search_term_string}\"},\"query-input\":{\"@type\":\"PropertyValueSpecification\",\"valueRequired\":true,\"valueName\":\"search_term_string\"}}],\"inLanguage\":\"pt-BR\"},{\"@type\":\"Organization\",\"@id\":\"https:\/\/www.tvuai.com.br\/portal\/#organization\",\"name\":\"TVUAI\",\"url\":\"https:\/\/www.tvuai.com.br\/portal\/\",\"logo\":{\"@type\":\"ImageObject\",\"inLanguage\":\"pt-BR\",\"@id\":\"https:\/\/www.tvuai.com.br\/portal\/#\/schema\/logo\/image\/\",\"url\":\"https:\/\/i0.wp.com\/www.tvuai.com.br\/portal\/wp-content\/uploads\/2017\/12\/logo_tvuai_100H.png?fit=207%2C100&ssl=1\",\"contentUrl\":\"https:\/\/i0.wp.com\/www.tvuai.com.br\/portal\/wp-content\/uploads\/2017\/12\/logo_tvuai_100H.png?fit=207%2C100&ssl=1\",\"width\":207,\"height\":100,\"caption\":\"TVUAI\"},\"image\":{\"@id\":\"https:\/\/www.tvuai.com.br\/portal\/#\/schema\/logo\/image\/\"},\"sameAs\":[\"http:\/\/www.facebook.com\/pages\/TV-Uai-Comunica\u00e7\u00e3o\/139062546157369\",\"https:\/\/x.com\/tvuai\",\"https:\/\/www.instagram.com\/tvuai_network\/\",\"https:\/\/www.youtube.com\/channel\/UCB7ZPB3wRv-OpoZ_09jmnkQ\"]},{\"@type\":\"Person\",\"@id\":\"https:\/\/www.tvuai.com.br\/portal\/#\/schema\/person\/245e50e9127451fd0b7fd76f519ebbfe\",\"name\":\"tvuai\",\"url\":\"https:\/\/www.tvuai.com.br\/portal\/author\/tvuai\/\"}]}<\/script>\n<!-- \/ Yoast SEO plugin. -->","yoast_head_json":{"title":"Pouso Alegre organiza rede regional de atendimento \u00e0 sa\u00fade da popula\u00e7\u00e3o trans no Sul de Minas - TVUAI","robots":{"index":"index","follow":"follow","max-snippet":"max-snippet:-1","max-image-preview":"max-image-preview:large","max-video-preview":"max-video-preview:-1"},"canonical":"https:\/\/www.tvuai.com.br\/portal\/pouso-alegre-organiza-rede-regional-de-atendimento-a-saude-da-populacao-trans-no-sul-de-minas\/","og_locale":"pt_BR","og_type":"article","og_title":"Pouso Alegre organiza rede regional de atendimento \u00e0 sa\u00fade da popula\u00e7\u00e3o trans no Sul de Minas - TVUAI","og_description":"Gestores de sa\u00fade pactuam linha de cuidado para popula\u00e7\u00e3o trans no Sul de Minas; Pouso Alegre ser\u00e1 refer\u00eancia regional para procedimentos cir\u00fargicos Gestores de sa\u00fade da Macrorregi\u00e3o Extremo-Sul de Minas Gerais pactuaram a cria\u00e7\u00e3o de uma linha regional de cuidado voltada \u00e0 sa\u00fade da popula\u00e7\u00e3o trans. A decis\u00e3o foi tomada entre os dias 3 e [&hellip;]","og_url":"https:\/\/www.tvuai.com.br\/portal\/pouso-alegre-organiza-rede-regional-de-atendimento-a-saude-da-populacao-trans-no-sul-de-minas\/","og_site_name":"TVUAI","article_publisher":"http:\/\/www.facebook.com\/pages\/TV-Uai-Comunica%c3%a7%c3%a3o\/139062546157369","article_published_time":"2026-03-10T21:16:16+00:00","article_modified_time":"2026-03-13T22:56:30+00:00","og_image":[{"width":200,"height":200,"url":"https:\/\/www.tvuai.com.br\/portal\/wp-content\/uploads\/2026\/03\/trans0.jpg","type":"image\/jpeg"}],"author":"tvuai","twitter_card":"summary_large_image","twitter_creator":"@tvuai","twitter_site":"@tvuai","twitter_misc":{"Escrito por":"tvuai","Est. tempo de leitura":"3 minutos"},"schema":{"@context":"https:\/\/schema.org","@graph":[{"@type":"Article","@id":"https:\/\/www.tvuai.com.br\/portal\/pouso-alegre-organiza-rede-regional-de-atendimento-a-saude-da-populacao-trans-no-sul-de-minas\/#article","isPartOf":{"@id":"https:\/\/www.tvuai.com.br\/portal\/pouso-alegre-organiza-rede-regional-de-atendimento-a-saude-da-populacao-trans-no-sul-de-minas\/"},"author":{"name":"tvuai","@id":"https:\/\/www.tvuai.com.br\/portal\/#\/schema\/person\/245e50e9127451fd0b7fd76f519ebbfe"},"headline":"Pouso Alegre organiza rede regional de atendimento \u00e0 sa\u00fade da popula\u00e7\u00e3o trans no Sul de Minas","datePublished":"2026-03-10T21:16:16+00:00","dateModified":"2026-03-13T22:56:30+00:00","mainEntityOfPage":{"@id":"https:\/\/www.tvuai.com.br\/portal\/pouso-alegre-organiza-rede-regional-de-atendimento-a-saude-da-populacao-trans-no-sul-de-minas\/"},"wordCount":357,"publisher":{"@id":"https:\/\/www.tvuai.com.br\/portal\/#organization"},"image":{"@id":"https:\/\/www.tvuai.com.br\/portal\/pouso-alegre-organiza-rede-regional-de-atendimento-a-saude-da-populacao-trans-no-sul-de-minas\/#primaryimage"},"thumbnailUrl":"https:\/\/i0.wp.com\/www.tvuai.com.br\/portal\/wp-content\/uploads\/2026\/03\/trans0.jpg?fit=200%2C200&ssl=1","keywords":["Extrema","governo de Minas Gerais","Itajub\u00e1","Minas Gerais","Minist\u00e9rio da Sa\u00fade","Po\u00e7os de Caldas","pol\u00edticas p\u00fablicas de sa\u00fade","popula\u00e7\u00e3o trans","Pouso Alegre","processo transexualizador","sa\u00fade em Minas Gerais","sa\u00fade p\u00fablica","Sul de Minas","Superintend\u00eancia Regional de Sa\u00fade","SUS)","TV Uai","TV UAI 26 anos ainda estamos aqui ainda independentes","TV UAI Pouso Alegre"],"articleSection":["Not\u00edcias","Sa\u00fade","\u00daltimas Not\u00edcias","Utilidade Publica"],"inLanguage":"pt-BR"},{"@type":"WebPage","@id":"https:\/\/www.tvuai.com.br\/portal\/pouso-alegre-organiza-rede-regional-de-atendimento-a-saude-da-populacao-trans-no-sul-de-minas\/","url":"https:\/\/www.tvuai.com.br\/portal\/pouso-alegre-organiza-rede-regional-de-atendimento-a-saude-da-populacao-trans-no-sul-de-minas\/","name":"Pouso Alegre organiza rede regional de atendimento \u00e0 sa\u00fade da popula\u00e7\u00e3o trans no Sul de Minas - TVUAI","isPartOf":{"@id":"https:\/\/www.tvuai.com.br\/portal\/#website"},"primaryImageOfPage":{"@id":"https:\/\/www.tvuai.com.br\/portal\/pouso-alegre-organiza-rede-regional-de-atendimento-a-saude-da-populacao-trans-no-sul-de-minas\/#primaryimage"},"image":{"@id":"https:\/\/www.tvuai.com.br\/portal\/pouso-alegre-organiza-rede-regional-de-atendimento-a-saude-da-populacao-trans-no-sul-de-minas\/#primaryimage"},"thumbnailUrl":"https:\/\/i0.wp.com\/www.tvuai.com.br\/portal\/wp-content\/uploads\/2026\/03\/trans0.jpg?fit=200%2C200&ssl=1","datePublished":"2026-03-10T21:16:16+00:00","dateModified":"2026-03-13T22:56:30+00:00","breadcrumb":{"@id":"https:\/\/www.tvuai.com.br\/portal\/pouso-alegre-organiza-rede-regional-de-atendimento-a-saude-da-populacao-trans-no-sul-de-minas\/#breadcrumb"},"inLanguage":"pt-BR","potentialAction":[{"@type":"ReadAction","target":["https:\/\/www.tvuai.com.br\/portal\/pouso-alegre-organiza-rede-regional-de-atendimento-a-saude-da-populacao-trans-no-sul-de-minas\/"]}]},{"@type":"ImageObject","inLanguage":"pt-BR","@id":"https:\/\/www.tvuai.com.br\/portal\/pouso-alegre-organiza-rede-regional-de-atendimento-a-saude-da-populacao-trans-no-sul-de-minas\/#primaryimage","url":"https:\/\/i0.wp.com\/www.tvuai.com.br\/portal\/wp-content\/uploads\/2026\/03\/trans0.jpg?fit=200%2C200&ssl=1","contentUrl":"https:\/\/i0.wp.com\/www.tvuai.com.br\/portal\/wp-content\/uploads\/2026\/03\/trans0.jpg?fit=200%2C200&ssl=1","width":200,"height":200},{"@type":"BreadcrumbList","@id":"https:\/\/www.tvuai.com.br\/portal\/pouso-alegre-organiza-rede-regional-de-atendimento-a-saude-da-populacao-trans-no-sul-de-minas\/#breadcrumb","itemListElement":[{"@type":"ListItem","position":1,"name":"In\u00edcio","item":"https:\/\/www.tvuai.com.br\/portal\/"},{"@type":"ListItem","position":2,"name":"Pouso Alegre organiza rede regional de atendimento \u00e0 sa\u00fade da popula\u00e7\u00e3o trans no Sul de Minas"}]},{"@type":"WebSite","@id":"https:\/\/www.tvuai.com.br\/portal\/#website","url":"https:\/\/www.tvuai.com.br\/portal\/","name":"TVUAI","description":"Tudo sobre o Sul de Minas","publisher":{"@id":"https:\/\/www.tvuai.com.br\/portal\/#organization"},"potentialAction":[{"@type":"SearchAction","target":{"@type":"EntryPoint","urlTemplate":"https:\/\/www.tvuai.com.br\/portal\/?s={search_term_string}"},"query-input":{"@type":"PropertyValueSpecification","valueRequired":true,"valueName":"search_term_string"}}],"inLanguage":"pt-BR"},{"@type":"Organization","@id":"https:\/\/www.tvuai.com.br\/portal\/#organization","name":"TVUAI","url":"https:\/\/www.tvuai.com.br\/portal\/","logo":{"@type":"ImageObject","inLanguage":"pt-BR","@id":"https:\/\/www.tvuai.com.br\/portal\/#\/schema\/logo\/image\/","url":"https:\/\/i0.wp.com\/www.tvuai.com.br\/portal\/wp-content\/uploads\/2017\/12\/logo_tvuai_100H.png?fit=207%2C100&ssl=1","contentUrl":"https:\/\/i0.wp.com\/www.tvuai.com.br\/portal\/wp-content\/uploads\/2017\/12\/logo_tvuai_100H.png?fit=207%2C100&ssl=1","width":207,"height":100,"caption":"TVUAI"},"image":{"@id":"https:\/\/www.tvuai.com.br\/portal\/#\/schema\/logo\/image\/"},"sameAs":["http:\/\/www.facebook.com\/pages\/TV-Uai-Comunica\u00e7\u00e3o\/139062546157369","https:\/\/x.com\/tvuai","https:\/\/www.instagram.com\/tvuai_network\/","https:\/\/www.youtube.com\/channel\/UCB7ZPB3wRv-OpoZ_09jmnkQ"]},{"@type":"Person","@id":"https:\/\/www.tvuai.com.br\/portal\/#\/schema\/person\/245e50e9127451fd0b7fd76f519ebbfe","name":"tvuai","url":"https:\/\/www.tvuai.com.br\/portal\/author\/tvuai\/"}]}},"jetpack_featured_media_url":"https:\/\/i0.wp.com\/www.tvuai.com.br\/portal\/wp-content\/uploads\/2026\/03\/trans0.jpg?fit=200%2C200&ssl=1","wpmagazine_modules_lite_featured_media_urls":{"thumbnail":["https:\/\/i0.wp.com\/www.tvuai.com.br\/portal\/wp-content\/uploads\/2026\/03\/trans0.jpg?resize=150%2C150&ssl=1",150,150,true],"cvmm-medium":["https:\/\/i0.wp.com\/www.tvuai.com.br\/portal\/wp-content\/uploads\/2026\/03\/trans0.jpg?resize=200%2C200&ssl=1",200,200,true],"cvmm-medium-plus":["https:\/\/i0.wp.com\/www.tvuai.com.br\/portal\/wp-content\/uploads\/2026\/03\/trans0.jpg?resize=200%2C200&ssl=1",200,200,true],"cvmm-portrait":["https:\/\/i0.wp.com\/www.tvuai.com.br\/portal\/wp-content\/uploads\/2026\/03\/trans0.jpg?resize=200%2C200&ssl=1",200,200,true],"cvmm-medium-square":["https:\/\/i0.wp.com\/www.tvuai.com.br\/portal\/wp-content\/uploads\/2026\/03\/trans0.jpg?resize=200%2C200&ssl=1",200,200,true],"cvmm-large":["https:\/\/i0.wp.com\/www.tvuai.com.br\/portal\/wp-content\/uploads\/2026\/03\/trans0.jpg?resize=200%2C200&ssl=1",200,200,true],"cvmm-small":["https:\/\/i0.wp.com\/www.tvuai.com.br\/portal\/wp-content\/uploads\/2026\/03\/trans0.jpg?resize=130%2C95&ssl=1",130,95,true],"full":["https:\/\/i0.wp.com\/www.tvuai.com.br\/portal\/wp-content\/uploads\/2026\/03\/trans0.jpg?fit=200%2C200&ssl=1",200,200,false]},"categories_names":{"19":{"name":"Not\u00edcias","link":"https:\/\/www.tvuai.com.br\/portal\/category\/noticias\/"},"1876":{"name":"Sa\u00fade","link":"https:\/\/www.tvuai.com.br\/portal\/category\/saude\/"},"5":{"name":"\u00daltimas Not\u00edcias","link":"https:\/\/www.tvuai.com.br\/portal\/category\/noticias\/ultimas\/"},"1829":{"name":"Utilidade Publica","link":"https:\/\/www.tvuai.com.br\/portal\/category\/utilidade\/"}},"tags_names":{"272":{"name":"Extrema","link":"https:\/\/www.tvuai.com.br\/portal\/tag\/extrema\/"},"913":{"name":"governo de Minas Gerais","link":"https:\/\/www.tvuai.com.br\/portal\/tag\/governo-de-minas-gerais\/"},"991":{"name":"Itajub\u00e1","link":"https:\/\/www.tvuai.com.br\/portal\/tag\/itajuba\/"},"184":{"name":"Minas Gerais","link":"https:\/\/www.tvuai.com.br\/portal\/tag\/minas-gerais\/"},"2087":{"name":"Minist\u00e9rio da Sa\u00fade","link":"https:\/\/www.tvuai.com.br\/portal\/tag\/ministerio-da-saude\/"},"348":{"name":"Po\u00e7os de Caldas","link":"https:\/\/www.tvuai.com.br\/portal\/tag\/pocos-de-caldas\/"},"7894":{"name":"pol\u00edticas p\u00fablicas de sa\u00fade","link":"https:\/\/www.tvuai.com.br\/portal\/tag\/politicas-publicas-de-saude\/"},"8372":{"name":"popula\u00e7\u00e3o trans","link":"https:\/\/www.tvuai.com.br\/portal\/tag\/populacao-trans\/"},"37":{"name":"Pouso Alegre","link":"https:\/\/www.tvuai.com.br\/portal\/tag\/pouso-alegre\/"},"8373":{"name":"processo transexualizador","link":"https:\/\/www.tvuai.com.br\/portal\/tag\/processo-transexualizador\/"},"8374":{"name":"sa\u00fade em Minas Gerais","link":"https:\/\/www.tvuai.com.br\/portal\/tag\/saude-em-minas-gerais\/"},"5894":{"name":"sa\u00fade p\u00fablica","link":"https:\/\/www.tvuai.com.br\/portal\/tag\/saude-publica\/"},"39":{"name":"Sul de Minas","link":"https:\/\/www.tvuai.com.br\/portal\/tag\/sul-de-minas\/"},"6865":{"name":"Superintend\u00eancia Regional de Sa\u00fade","link":"https:\/\/www.tvuai.com.br\/portal\/tag\/superintendencia-regional-de-saude\/"},"2070":{"name":"SUS)","link":"https:\/\/www.tvuai.com.br\/portal\/tag\/sus\/"},"27":{"name":"TV Uai","link":"https:\/\/www.tvuai.com.br\/portal\/tag\/tv-uai\/"},"8053":{"name":"TV UAI 26 anos ainda estamos aqui ainda independentes","link":"https:\/\/www.tvuai.com.br\/portal\/tag\/tv-uai-26-anos-ainda-estamos-aqui-ainda-independentes\/"},"1618":{"name":"TV UAI Pouso Alegre","link":"https:\/\/www.tvuai.com.br\/portal\/tag\/tv-uai-pouso-alegre\/"}},"comments_number":"0","jetpack_shortlink":"https:\/\/wp.me\/p9woix-46s","jetpack_sharing_enabled":true,"_links":{"self":[{"href":"https:\/\/www.tvuai.com.br\/portal\/wp-json\/wp\/v2\/posts\/15776"}],"collection":[{"href":"https:\/\/www.tvuai.com.br\/portal\/wp-json\/wp\/v2\/posts"}],"about":[{"href":"https:\/\/www.tvuai.com.br\/portal\/wp-json\/wp\/v2\/types\/post"}],"author":[{"embeddable":true,"href":"https:\/\/www.tvuai.com.br\/portal\/wp-json\/wp\/v2\/users\/1"}],"replies":[{"embeddable":true,"href":"https:\/\/www.tvuai.com.br\/portal\/wp-json\/wp\/v2\/comments?post=15776"}],"version-history":[{"count":4,"href":"https:\/\/www.tvuai.com.br\/portal\/wp-json\/wp\/v2\/posts\/15776\/revisions"}],"predecessor-version":[{"id":15786,"href":"https:\/\/www.tvuai.com.br\/portal\/wp-json\/wp\/v2\/posts\/15776\/revisions\/15786"}],"wp:featuredmedia":[{"embeddable":true,"href":"https:\/\/www.tvuai.com.br\/portal\/wp-json\/wp\/v2\/media\/15781"}],"wp:attachment":[{"href":"https:\/\/www.tvuai.com.br\/portal\/wp-json\/wp\/v2\/media?parent=15776"}],"wp:term":[{"taxonomy":"category","embeddable":true,"href":"https:\/\/www.tvuai.com.br\/portal\/wp-json\/wp\/v2\/categories?post=15776"},{"taxonomy":"post_tag","embeddable":true,"href":"https:\/\/www.tvuai.com.br\/portal\/wp-json\/wp\/v2\/tags?post=15776"}],"curies":[{"name":"wp","href":"https:\/\/api.w.org\/{rel}","templated":true}]}}