{"id":1556,"date":"2020-02-03T14:37:52","date_gmt":"2020-02-03T16:37:52","guid":{"rendered":"http:\/\/www.tvuai.com.br\/portal\/?p=1556"},"modified":"2020-02-12T01:28:55","modified_gmt":"2020-02-12T03:28:55","slug":"laso-mg-e-embrapa-realizam-treinamento-para-certificacao-internacional-de-analise-de-sementeslaso-mg-e-embrapa-realizam-treinamento-para-certificacao-internacional-de-analise-de-sementes","status":"publish","type":"post","link":"https:\/\/www.tvuai.com.br\/portal\/laso-mg-e-embrapa-realizam-treinamento-para-certificacao-internacional-de-analise-de-sementeslaso-mg-e-embrapa-realizam-treinamento-para-certificacao-internacional-de-analise-de-sementes\/","title":{"rendered":"LASO-MG e Embrapa realizam treinamento para certifica\u00e7\u00e3o internacional de an\u00e1lise de sementesLASO-MG e Embrapa realizam treinamento para certifica\u00e7\u00e3o internacional de an\u00e1lise de sementes"},"content":{"rendered":"<div class=\"5a1038e0903b96d426fcfcc338703013\" data-index=\"1\" style=\"float: right; margin:10px 0 10px 10px;\">\n<script async src=\"https:\/\/pagead2.googlesyndication.com\/pagead\/js\/adsbygoogle.js?client=ca-pub-9945944833605257\"\r\n     crossorigin=\"anonymous\"><\/script>\r\n<ins class=\"adsbygoogle\"\r\n     style=\"display:block; text-align:center;\"\r\n     data-ad-layout=\"in-article\"\r\n     data-ad-format=\"fluid\"\r\n     data-ad-client=\"ca-pub-9945944833605257\"\r\n     data-ad-slot=\"2343923581\"><\/ins>\r\n<script>\r\n     (adsbygoogle = window.adsbygoogle || []).push({});\r\n<\/script>\n<\/div>\n<h6><em><strong><img data-recalc-dims=\"1\" fetchpriority=\"high\" decoding=\"async\" data-attachment-id=\"1558\" data-permalink=\"https:\/\/www.tvuai.com.br\/portal\/laso-mg-e-embrapa-realizam-treinamento-para-certificacao-internacional-de-analise-de-sementeslaso-mg-e-embrapa-realizam-treinamento-para-certificacao-internacional-de-analise-de-sementes\/laso\/\" data-orig-file=\"https:\/\/i0.wp.com\/www.tvuai.com.br\/portal\/wp-content\/uploads\/2020\/02\/Laso-e1580747855834.jpg?fit=200%2C126&amp;ssl=1\" data-orig-size=\"200,126\" data-comments-opened=\"0\" data-image-meta=\"{&quot;aperture&quot;:&quot;0&quot;,&quot;credit&quot;:&quot;&quot;,&quot;camera&quot;:&quot;&quot;,&quot;caption&quot;:&quot;&quot;,&quot;created_timestamp&quot;:&quot;0&quot;,&quot;copyright&quot;:&quot;&quot;,&quot;focal_length&quot;:&quot;0&quot;,&quot;iso&quot;:&quot;0&quot;,&quot;shutter_speed&quot;:&quot;0&quot;,&quot;title&quot;:&quot;&quot;,&quot;orientation&quot;:&quot;1&quot;}\" data-image-title=\"Laso\" data-image-description=\"\" data-image-caption=\"\" data-medium-file=\"https:\/\/i0.wp.com\/www.tvuai.com.br\/portal\/wp-content\/uploads\/2020\/02\/Laso-e1580747855834.jpg?fit=300%2C189&amp;ssl=1\" data-large-file=\"https:\/\/i0.wp.com\/www.tvuai.com.br\/portal\/wp-content\/uploads\/2020\/02\/Laso-e1580747855834.jpg?fit=200%2C126&amp;ssl=1\" tabindex=\"0\" role=\"button\" class=\"aligncenter size-full wp-image-1558\" src=\"https:\/\/i0.wp.com\/www.tvuai.com.br\/portal\/wp-content\/uploads\/2020\/02\/Laso.jpg?resize=600%2C378\" alt=\"\" width=\"600\" height=\"378\" \/><\/strong><\/em><\/h6>\n<h6><em><strong>Sandra Brito<\/strong><\/em><\/h6>\n<p>O Laborat\u00f3rio Oficial de An\u00e1lise de Sementes &#8211; LASO\/LFDA-MG, do Minist\u00e9rio da Agricultura, Pecu\u00e1ria e Abastecimento (Mapa), realizou uma auditoria de seus amostradores de sementes na Embrapa Milho e Sorgo, em Sete Lagoas-MG.<\/p>\n<p>A equipe auditora e os amostradores foram recebidos pelo pesquisador Alexandre Martins Abd\u00e3o dos Passos, respons\u00e1vel t\u00e9cnico do Laborat\u00f3rio de An\u00e1lise de Sementes da Embrapa Milho e Sorgo, e pelo engenheiro agr\u00f4nomo Reginaldo Resende Coelho, da Secretaria de Inova\u00e7\u00e3o e Neg\u00f3cios.<\/p>\n<p>O evento foi liderado pela auditora Myriam Alvisi, auditora fiscal federal agropecu\u00e1ria aposentada. Tamb\u00e9m estava presente o respons\u00e1vel t\u00e9cnico do LASO-MG, auditor fiscal federal agropecu\u00e1rio Luiz Artur Costa do Valle, representando o LASO-MG.<\/p>\n<p>Essas auditorias acontecem anualmente para atender a uma exig\u00eancia da International Seed Testing Association &#8211; ISTA (Associa\u00e7\u00e3o Internacional de Teste de Sementes) para manter a Acredita\u00e7\u00e3o do LASO-MG, obtida em 2009. &#8220;Para obter a acredita\u00e7\u00e3o na ISTA, um laborat\u00f3rio deve ser capaz n\u00e3o s\u00f3 de realizar an\u00e1lises de sementes, mas tamb\u00e9m de realizar as amostragens&#8221;, explica a auditora fiscal federal agropecu\u00e1ria do LASO-MG, Maria Izabel Furst Gon\u00e7alves.<\/p>\n<p>Segundo ela, desde 2009, portanto, h\u00e1 mais 10 anos, a Embrapa Milho e Sorgo tem apoiado o LASO-MG, possibilitando a realiza\u00e7\u00e3o de treinamentos e de auditorias de amostragem ISTA do LASO-MG em suas instala\u00e7\u00f5es. Esta parceria foi iniciada com a realiza\u00e7\u00e3o do treinamento internacional em amostragem ministrado por Jane Taylor, gerente da qualidade do laborat\u00f3rio oficial de an\u00e1lises de sementes do NIAB, da Inglaterra.<\/p>\n<p>&#8220;Durante a auditoria, os amostradores realizam a amostragem de um lote e s\u00e3o avaliados pela equipe auditora, quanto ao cumprimento das orienta\u00e7\u00f5es t\u00e9cnicas existentes nas Regras para An\u00e1lise de Sementes ISTA. Por isso, a realiza\u00e7\u00e3o desse procedimento s\u00f3 foi poss\u00edvel com a colabora\u00e7\u00e3o da Embrapa Milho e Sorgo, que autorizou o uso de suas instala\u00e7\u00f5es e disponibilizou um lote com 840 quilos de milho para esta finalidade&#8221;, diz Gon\u00e7alves.<\/p>\n<p>&#8220;Para a Embrapa, essa parceria, que completa dez anos, representa uma oportunidade para estreitar rela\u00e7\u00f5es com o Minist\u00e9rio e se atualizar sobre as regras e tend\u00eancias internacionais em tecnologia de sementes. Isso tem papel preponderante, uma vez que h\u00e1, cada vez mais, perspectivas de amplia\u00e7\u00e3o de acordos de com\u00e9rcio internacional de sementes e mudas no Brasil, especialmente no \u00e2mbito do Mercosul, da Uni\u00e3o Europeia e do mercado asi\u00e1tico&#8221;, considera o pesquisador Alexandre Abd\u00e3o.<\/p>\n<p>Acredita\u00e7\u00e3o LASO-MG na ISTA<\/p>\n<p>Maria Izabel ressalta que atualmente existem apenas dois laborat\u00f3rios brasileiros acreditados pela ISTA, sendo o LASO-MG o \u00fanico laborat\u00f3rio oficial no Brasil que possui esta acredita\u00e7\u00e3o. A acredita\u00e7\u00e3o d\u00e1 reconhecimento formal da compet\u00eancia t\u00e9cnica e a confiabilidade dos resultados das an\u00e1lises de sementes obtidos pelo LASO-MG, realizados por m\u00e9todos internacionalmente aceitos.<\/p>\n<p>&#8220;Com esta acredita\u00e7\u00e3o, o LASO-MG pode emitir o Certificado Internacional Orange, que facilita a exporta\u00e7\u00e3o de sementes produzidas no Brasil, abrindo novos mercados para os produtores de sementes brasileiros, pois este certificado \u00e9 reconhecido internacionalmente. Possibilita tamb\u00e9m que lotes de sementes certificadas produzidas no Brasil, de acordo com uma Instru\u00e7\u00e3o Normativa espec\u00edfica, sejam exportados com certifica\u00e7\u00e3o reconhecida para a Uni\u00e3o Europeia&#8221;, diz a auditora.<\/p>\n<p>&#8220;Gra\u00e7as a esta certifica\u00e7\u00e3o obtida pelo LASO-MG, nos \u00faltimos 10 anos, diversos lotes de sementes de grandes culturas e forrageiras foram comercializados, principalmente para pa\u00edses do Oriente M\u00e9dio, da \u00c1frica e da Uni\u00e3o Europeia&#8221;, acrescenta Gon\u00e7alves.<\/p>\n\n<div style=\"font-size: 0px; height: 0px; line-height: 0px; margin: 0; padding: 0; clear: both;\"><\/div><div class='share-to-whatsapp-wrapper'><div class='share-on-whsp'>Share on: <\/div><a data-text='LASO-MG e Embrapa realizam treinamento para certifica\u00e7\u00e3o internacional de an\u00e1lise de sementesLASO-MG e Embrapa realizam treinamento para certifica\u00e7\u00e3o internacional de an\u00e1lise de sementes' data-link='https:\/\/www.tvuai.com.br\/portal\/laso-mg-e-embrapa-realizam-treinamento-para-certificacao-internacional-de-analise-de-sementeslaso-mg-e-embrapa-realizam-treinamento-para-certificacao-internacional-de-analise-de-sementes\/' class='whatsapp-button whatsapp-share'>WhatsApp<\/a><div class='clear '><\/div><\/div><!-- AddThis Advanced Settings generic via filter on the_content --><!-- AddThis Share Buttons generic via filter on the_content -->","protected":false},"excerpt":{"rendered":"<p>Sandra Brito O Laborat\u00f3rio Oficial de An\u00e1lise de Sementes &#8211; LASO\/LFDA-MG, do Minist\u00e9rio da Agricultura, Pecu\u00e1ria e Abastecimento (Mapa), realizou uma auditoria de seus amostradores de sementes na Embrapa Milho e Sorgo, em Sete Lagoas-MG. A equipe auditora e os amostradores foram recebidos pelo pesquisador Alexandre Martins Abd\u00e3o dos Passos, respons\u00e1vel t\u00e9cnico do Laborat\u00f3rio de [&hellip;]<!-- AddThis Advanced Settings generic via filter on get_the_excerpt --><!-- AddThis Share Buttons generic via filter on get_the_excerpt --><\/p>\n","protected":false},"author":2,"featured_media":1558,"comment_status":"closed","ping_status":"closed","sticky":false,"template":"","format":"standard","meta":{"jetpack_post_was_ever_published":false,"_jetpack_newsletter_access":"","_jetpack_dont_email_post_to_subs":false,"_jetpack_newsletter_tier_id":0,"_jetpack_memberships_contains_paywalled_content":false,"_jetpack_memberships_contains_paid_content":false,"_joinchat":[],"footnotes":"","jetpack_publicize_message":"","jetpack_publicize_feature_enabled":true,"jetpack_social_post_already_shared":true,"jetpack_social_options":{"image_generator_settings":{"template":"highway","enabled":false},"version":2}},"categories":[19],"tags":[87,88,86,27],"class_list":["post-1556","post","type-post","status-publish","format-standard","has-post-thumbnail","hentry","category-noticias","tag-embrapa","tag-laboratorio-oficial-de-analise-de-sementes","tag-laso-mg","tag-tv-uai"],"jetpack_publicize_connections":[],"yoast_head":"<!-- This site is optimized with the Yoast SEO plugin v23.5 - https:\/\/yoast.com\/wordpress\/plugins\/seo\/ -->\n<title>LASO-MG e Embrapa realizam treinamento para certifica\u00e7\u00e3o internacional de an\u00e1lise de sementesLASO-MG e Embrapa realizam treinamento para certifica\u00e7\u00e3o internacional de an\u00e1lise de sementes - TVUAI<\/title>\n<meta name=\"robots\" content=\"index, follow, max-snippet:-1, max-image-preview:large, max-video-preview:-1\" \/>\n<link rel=\"canonical\" href=\"https:\/\/www.tvuai.com.br\/portal\/laso-mg-e-embrapa-realizam-treinamento-para-certificacao-internacional-de-analise-de-sementeslaso-mg-e-embrapa-realizam-treinamento-para-certificacao-internacional-de-analise-de-sementes\/\" \/>\n<meta property=\"og:locale\" content=\"pt_BR\" \/>\n<meta property=\"og:type\" content=\"article\" \/>\n<meta property=\"og:title\" content=\"LASO-MG e Embrapa realizam treinamento para certifica\u00e7\u00e3o internacional de an\u00e1lise de sementesLASO-MG e Embrapa realizam treinamento para certifica\u00e7\u00e3o internacional de an\u00e1lise de sementes - TVUAI\" \/>\n<meta property=\"og:description\" content=\"Sandra Brito O Laborat\u00f3rio Oficial de An\u00e1lise de Sementes &#8211; LASO\/LFDA-MG, do Minist\u00e9rio da Agricultura, Pecu\u00e1ria e Abastecimento (Mapa), realizou uma auditoria de seus amostradores de sementes na Embrapa Milho e Sorgo, em Sete Lagoas-MG. A equipe auditora e os amostradores foram recebidos pelo pesquisador Alexandre Martins Abd\u00e3o dos Passos, respons\u00e1vel t\u00e9cnico do Laborat\u00f3rio de [&hellip;]\" \/>\n<meta property=\"og:url\" content=\"https:\/\/www.tvuai.com.br\/portal\/laso-mg-e-embrapa-realizam-treinamento-para-certificacao-internacional-de-analise-de-sementeslaso-mg-e-embrapa-realizam-treinamento-para-certificacao-internacional-de-analise-de-sementes\/\" \/>\n<meta property=\"og:site_name\" content=\"TVUAI\" \/>\n<meta property=\"article:publisher\" content=\"http:\/\/www.facebook.com\/pages\/TV-Uai-Comunica%c3%a7%c3%a3o\/139062546157369\" \/>\n<meta property=\"article:author\" content=\"https:\/\/www.facebook.com\/tvuai\/\" \/>\n<meta property=\"article:published_time\" content=\"2020-02-03T16:37:52+00:00\" \/>\n<meta property=\"article:modified_time\" content=\"2020-02-12T03:28:55+00:00\" \/>\n<meta property=\"og:image\" content=\"https:\/\/i0.wp.com\/www.tvuai.com.br\/portal\/wp-content\/uploads\/2020\/02\/Laso-e1580747855834.jpg?fit=200%2C126&ssl=1\" \/>\n\t<meta property=\"og:image:width\" content=\"200\" \/>\n\t<meta property=\"og:image:height\" content=\"126\" \/>\n\t<meta property=\"og:image:type\" content=\"image\/jpeg\" \/>\n<meta name=\"author\" content=\"Rosy Pantale\u00e3o\" \/>\n<meta name=\"twitter:card\" content=\"summary_large_image\" \/>\n<meta name=\"twitter:creator\" content=\"@tvuai\" \/>\n<meta name=\"twitter:site\" content=\"@tvuai\" \/>\n<meta name=\"twitter:label1\" content=\"Escrito por\" \/>\n\t<meta name=\"twitter:data1\" content=\"Rosy Pantale\u00e3o\" \/>\n\t<meta name=\"twitter:label2\" content=\"Est. tempo de leitura\" \/>\n\t<meta name=\"twitter:data2\" content=\"3 minutos\" \/>\n<script type=\"application\/ld+json\" class=\"yoast-schema-graph\">{\"@context\":\"https:\/\/schema.org\",\"@graph\":[{\"@type\":\"Article\",\"@id\":\"https:\/\/www.tvuai.com.br\/portal\/laso-mg-e-embrapa-realizam-treinamento-para-certificacao-internacional-de-analise-de-sementeslaso-mg-e-embrapa-realizam-treinamento-para-certificacao-internacional-de-analise-de-sementes\/#article\",\"isPartOf\":{\"@id\":\"https:\/\/www.tvuai.com.br\/portal\/laso-mg-e-embrapa-realizam-treinamento-para-certificacao-internacional-de-analise-de-sementeslaso-mg-e-embrapa-realizam-treinamento-para-certificacao-internacional-de-analise-de-sementes\/\"},\"author\":{\"name\":\"Rosy Pantale\u00e3o\",\"@id\":\"https:\/\/www.tvuai.com.br\/portal\/#\/schema\/person\/d1c5c2b1dc1e658906286802aad38555\"},\"headline\":\"LASO-MG e Embrapa realizam treinamento para certifica\u00e7\u00e3o internacional de an\u00e1lise de sementesLASO-MG e Embrapa realizam treinamento para certifica\u00e7\u00e3o internacional de an\u00e1lise de sementes\",\"datePublished\":\"2020-02-03T16:37:52+00:00\",\"dateModified\":\"2020-02-12T03:28:55+00:00\",\"mainEntityOfPage\":{\"@id\":\"https:\/\/www.tvuai.com.br\/portal\/laso-mg-e-embrapa-realizam-treinamento-para-certificacao-internacional-de-analise-de-sementeslaso-mg-e-embrapa-realizam-treinamento-para-certificacao-internacional-de-analise-de-sementes\/\"},\"wordCount\":630,\"publisher\":{\"@id\":\"https:\/\/www.tvuai.com.br\/portal\/#organization\"},\"image\":{\"@id\":\"https:\/\/www.tvuai.com.br\/portal\/laso-mg-e-embrapa-realizam-treinamento-para-certificacao-internacional-de-analise-de-sementeslaso-mg-e-embrapa-realizam-treinamento-para-certificacao-internacional-de-analise-de-sementes\/#primaryimage\"},\"thumbnailUrl\":\"https:\/\/i0.wp.com\/www.tvuai.com.br\/portal\/wp-content\/uploads\/2020\/02\/Laso-e1580747855834.jpg?fit=200%2C126&ssl=1\",\"keywords\":[\"Embrapa\",\"Laborat\u00f3rio Oficial de An\u00e1lise de Sementes\",\"LASO-MG\",\"TV Uai\"],\"articleSection\":[\"Not\u00edcias\"],\"inLanguage\":\"pt-BR\"},{\"@type\":\"WebPage\",\"@id\":\"https:\/\/www.tvuai.com.br\/portal\/laso-mg-e-embrapa-realizam-treinamento-para-certificacao-internacional-de-analise-de-sementeslaso-mg-e-embrapa-realizam-treinamento-para-certificacao-internacional-de-analise-de-sementes\/\",\"url\":\"https:\/\/www.tvuai.com.br\/portal\/laso-mg-e-embrapa-realizam-treinamento-para-certificacao-internacional-de-analise-de-sementeslaso-mg-e-embrapa-realizam-treinamento-para-certificacao-internacional-de-analise-de-sementes\/\",\"name\":\"LASO-MG e Embrapa realizam treinamento para certifica\u00e7\u00e3o internacional de an\u00e1lise de sementesLASO-MG e Embrapa realizam treinamento para certifica\u00e7\u00e3o internacional de an\u00e1lise de sementes - TVUAI\",\"isPartOf\":{\"@id\":\"https:\/\/www.tvuai.com.br\/portal\/#website\"},\"primaryImageOfPage\":{\"@id\":\"https:\/\/www.tvuai.com.br\/portal\/laso-mg-e-embrapa-realizam-treinamento-para-certificacao-internacional-de-analise-de-sementeslaso-mg-e-embrapa-realizam-treinamento-para-certificacao-internacional-de-analise-de-sementes\/#primaryimage\"},\"image\":{\"@id\":\"https:\/\/www.tvuai.com.br\/portal\/laso-mg-e-embrapa-realizam-treinamento-para-certificacao-internacional-de-analise-de-sementeslaso-mg-e-embrapa-realizam-treinamento-para-certificacao-internacional-de-analise-de-sementes\/#primaryimage\"},\"thumbnailUrl\":\"https:\/\/i0.wp.com\/www.tvuai.com.br\/portal\/wp-content\/uploads\/2020\/02\/Laso-e1580747855834.jpg?fit=200%2C126&ssl=1\",\"datePublished\":\"2020-02-03T16:37:52+00:00\",\"dateModified\":\"2020-02-12T03:28:55+00:00\",\"breadcrumb\":{\"@id\":\"https:\/\/www.tvuai.com.br\/portal\/laso-mg-e-embrapa-realizam-treinamento-para-certificacao-internacional-de-analise-de-sementeslaso-mg-e-embrapa-realizam-treinamento-para-certificacao-internacional-de-analise-de-sementes\/#breadcrumb\"},\"inLanguage\":\"pt-BR\",\"potentialAction\":[{\"@type\":\"ReadAction\",\"target\":[\"https:\/\/www.tvuai.com.br\/portal\/laso-mg-e-embrapa-realizam-treinamento-para-certificacao-internacional-de-analise-de-sementeslaso-mg-e-embrapa-realizam-treinamento-para-certificacao-internacional-de-analise-de-sementes\/\"]}]},{\"@type\":\"ImageObject\",\"inLanguage\":\"pt-BR\",\"@id\":\"https:\/\/www.tvuai.com.br\/portal\/laso-mg-e-embrapa-realizam-treinamento-para-certificacao-internacional-de-analise-de-sementeslaso-mg-e-embrapa-realizam-treinamento-para-certificacao-internacional-de-analise-de-sementes\/#primaryimage\",\"url\":\"https:\/\/i0.wp.com\/www.tvuai.com.br\/portal\/wp-content\/uploads\/2020\/02\/Laso-e1580747855834.jpg?fit=200%2C126&ssl=1\",\"contentUrl\":\"https:\/\/i0.wp.com\/www.tvuai.com.br\/portal\/wp-content\/uploads\/2020\/02\/Laso-e1580747855834.jpg?fit=200%2C126&ssl=1\",\"width\":200,\"height\":126},{\"@type\":\"BreadcrumbList\",\"@id\":\"https:\/\/www.tvuai.com.br\/portal\/laso-mg-e-embrapa-realizam-treinamento-para-certificacao-internacional-de-analise-de-sementeslaso-mg-e-embrapa-realizam-treinamento-para-certificacao-internacional-de-analise-de-sementes\/#breadcrumb\",\"itemListElement\":[{\"@type\":\"ListItem\",\"position\":1,\"name\":\"In\u00edcio\",\"item\":\"https:\/\/www.tvuai.com.br\/portal\/\"},{\"@type\":\"ListItem\",\"position\":2,\"name\":\"LASO-MG e Embrapa realizam treinamento para certifica\u00e7\u00e3o internacional de an\u00e1lise de sementesLASO-MG e Embrapa realizam treinamento para certifica\u00e7\u00e3o internacional de an\u00e1lise de sementes\"}]},{\"@type\":\"WebSite\",\"@id\":\"https:\/\/www.tvuai.com.br\/portal\/#website\",\"url\":\"https:\/\/www.tvuai.com.br\/portal\/\",\"name\":\"TVUAI\",\"description\":\"Tudo sobre o Sul de Minas\",\"publisher\":{\"@id\":\"https:\/\/www.tvuai.com.br\/portal\/#organization\"},\"potentialAction\":[{\"@type\":\"SearchAction\",\"target\":{\"@type\":\"EntryPoint\",\"urlTemplate\":\"https:\/\/www.tvuai.com.br\/portal\/?s={search_term_string}\"},\"query-input\":{\"@type\":\"PropertyValueSpecification\",\"valueRequired\":true,\"valueName\":\"search_term_string\"}}],\"inLanguage\":\"pt-BR\"},{\"@type\":\"Organization\",\"@id\":\"https:\/\/www.tvuai.com.br\/portal\/#organization\",\"name\":\"TVUAI\",\"url\":\"https:\/\/www.tvuai.com.br\/portal\/\",\"logo\":{\"@type\":\"ImageObject\",\"inLanguage\":\"pt-BR\",\"@id\":\"https:\/\/www.tvuai.com.br\/portal\/#\/schema\/logo\/image\/\",\"url\":\"https:\/\/i0.wp.com\/www.tvuai.com.br\/portal\/wp-content\/uploads\/2017\/12\/logo_tvuai_100H.png?fit=207%2C100&ssl=1\",\"contentUrl\":\"https:\/\/i0.wp.com\/www.tvuai.com.br\/portal\/wp-content\/uploads\/2017\/12\/logo_tvuai_100H.png?fit=207%2C100&ssl=1\",\"width\":207,\"height\":100,\"caption\":\"TVUAI\"},\"image\":{\"@id\":\"https:\/\/www.tvuai.com.br\/portal\/#\/schema\/logo\/image\/\"},\"sameAs\":[\"http:\/\/www.facebook.com\/pages\/TV-Uai-Comunica\u00e7\u00e3o\/139062546157369\",\"https:\/\/x.com\/tvuai\",\"https:\/\/www.instagram.com\/tvuai_network\/\",\"https:\/\/www.youtube.com\/channel\/UCB7ZPB3wRv-OpoZ_09jmnkQ\"]},{\"@type\":\"Person\",\"@id\":\"https:\/\/www.tvuai.com.br\/portal\/#\/schema\/person\/d1c5c2b1dc1e658906286802aad38555\",\"name\":\"Rosy Pantale\u00e3o\",\"sameAs\":[\"https:\/\/www.tvuai.com.br\/portal\/\",\"https:\/\/www.facebook.com\/tvuai\/\",\"https:\/\/www.instagram.com\/tvuai\",\"https:\/\/x.com\/tvuai\",\"https:\/\/www.youtube.com\/channel\/UCB7ZPB3wRv-OpoZ_09jmnkQ\",\"tvuai\"],\"url\":\"https:\/\/www.tvuai.com.br\/portal\/author\/rosy\/\"}]}<\/script>\n<!-- \/ Yoast SEO plugin. -->","yoast_head_json":{"title":"LASO-MG e Embrapa realizam treinamento para certifica\u00e7\u00e3o internacional de an\u00e1lise de sementesLASO-MG e Embrapa realizam treinamento para certifica\u00e7\u00e3o internacional de an\u00e1lise de sementes - TVUAI","robots":{"index":"index","follow":"follow","max-snippet":"max-snippet:-1","max-image-preview":"max-image-preview:large","max-video-preview":"max-video-preview:-1"},"canonical":"https:\/\/www.tvuai.com.br\/portal\/laso-mg-e-embrapa-realizam-treinamento-para-certificacao-internacional-de-analise-de-sementeslaso-mg-e-embrapa-realizam-treinamento-para-certificacao-internacional-de-analise-de-sementes\/","og_locale":"pt_BR","og_type":"article","og_title":"LASO-MG e Embrapa realizam treinamento para certifica\u00e7\u00e3o internacional de an\u00e1lise de sementesLASO-MG e Embrapa realizam treinamento para certifica\u00e7\u00e3o internacional de an\u00e1lise de sementes - TVUAI","og_description":"Sandra Brito O Laborat\u00f3rio Oficial de An\u00e1lise de Sementes &#8211; LASO\/LFDA-MG, do Minist\u00e9rio da Agricultura, Pecu\u00e1ria e Abastecimento (Mapa), realizou uma auditoria de seus amostradores de sementes na Embrapa Milho e Sorgo, em Sete Lagoas-MG. A equipe auditora e os amostradores foram recebidos pelo pesquisador Alexandre Martins Abd\u00e3o dos Passos, respons\u00e1vel t\u00e9cnico do Laborat\u00f3rio de [&hellip;]","og_url":"https:\/\/www.tvuai.com.br\/portal\/laso-mg-e-embrapa-realizam-treinamento-para-certificacao-internacional-de-analise-de-sementeslaso-mg-e-embrapa-realizam-treinamento-para-certificacao-internacional-de-analise-de-sementes\/","og_site_name":"TVUAI","article_publisher":"http:\/\/www.facebook.com\/pages\/TV-Uai-Comunica%c3%a7%c3%a3o\/139062546157369","article_author":"https:\/\/www.facebook.com\/tvuai\/","article_published_time":"2020-02-03T16:37:52+00:00","article_modified_time":"2020-02-12T03:28:55+00:00","og_image":[{"width":200,"height":126,"url":"https:\/\/i0.wp.com\/www.tvuai.com.br\/portal\/wp-content\/uploads\/2020\/02\/Laso-e1580747855834.jpg?fit=200%2C126&ssl=1","type":"image\/jpeg"}],"author":"Rosy Pantale\u00e3o","twitter_card":"summary_large_image","twitter_creator":"@tvuai","twitter_site":"@tvuai","twitter_misc":{"Escrito por":"Rosy Pantale\u00e3o","Est. tempo de leitura":"3 minutos"},"schema":{"@context":"https:\/\/schema.org","@graph":[{"@type":"Article","@id":"https:\/\/www.tvuai.com.br\/portal\/laso-mg-e-embrapa-realizam-treinamento-para-certificacao-internacional-de-analise-de-sementeslaso-mg-e-embrapa-realizam-treinamento-para-certificacao-internacional-de-analise-de-sementes\/#article","isPartOf":{"@id":"https:\/\/www.tvuai.com.br\/portal\/laso-mg-e-embrapa-realizam-treinamento-para-certificacao-internacional-de-analise-de-sementeslaso-mg-e-embrapa-realizam-treinamento-para-certificacao-internacional-de-analise-de-sementes\/"},"author":{"name":"Rosy Pantale\u00e3o","@id":"https:\/\/www.tvuai.com.br\/portal\/#\/schema\/person\/d1c5c2b1dc1e658906286802aad38555"},"headline":"LASO-MG e Embrapa realizam treinamento para certifica\u00e7\u00e3o internacional de an\u00e1lise de sementesLASO-MG e Embrapa realizam treinamento para certifica\u00e7\u00e3o internacional de an\u00e1lise de sementes","datePublished":"2020-02-03T16:37:52+00:00","dateModified":"2020-02-12T03:28:55+00:00","mainEntityOfPage":{"@id":"https:\/\/www.tvuai.com.br\/portal\/laso-mg-e-embrapa-realizam-treinamento-para-certificacao-internacional-de-analise-de-sementeslaso-mg-e-embrapa-realizam-treinamento-para-certificacao-internacional-de-analise-de-sementes\/"},"wordCount":630,"publisher":{"@id":"https:\/\/www.tvuai.com.br\/portal\/#organization"},"image":{"@id":"https:\/\/www.tvuai.com.br\/portal\/laso-mg-e-embrapa-realizam-treinamento-para-certificacao-internacional-de-analise-de-sementeslaso-mg-e-embrapa-realizam-treinamento-para-certificacao-internacional-de-analise-de-sementes\/#primaryimage"},"thumbnailUrl":"https:\/\/i0.wp.com\/www.tvuai.com.br\/portal\/wp-content\/uploads\/2020\/02\/Laso-e1580747855834.jpg?fit=200%2C126&ssl=1","keywords":["Embrapa","Laborat\u00f3rio Oficial de An\u00e1lise de Sementes","LASO-MG","TV Uai"],"articleSection":["Not\u00edcias"],"inLanguage":"pt-BR"},{"@type":"WebPage","@id":"https:\/\/www.tvuai.com.br\/portal\/laso-mg-e-embrapa-realizam-treinamento-para-certificacao-internacional-de-analise-de-sementeslaso-mg-e-embrapa-realizam-treinamento-para-certificacao-internacional-de-analise-de-sementes\/","url":"https:\/\/www.tvuai.com.br\/portal\/laso-mg-e-embrapa-realizam-treinamento-para-certificacao-internacional-de-analise-de-sementeslaso-mg-e-embrapa-realizam-treinamento-para-certificacao-internacional-de-analise-de-sementes\/","name":"LASO-MG e Embrapa realizam treinamento para certifica\u00e7\u00e3o internacional de an\u00e1lise de sementesLASO-MG e Embrapa realizam treinamento para certifica\u00e7\u00e3o internacional de an\u00e1lise de sementes - TVUAI","isPartOf":{"@id":"https:\/\/www.tvuai.com.br\/portal\/#website"},"primaryImageOfPage":{"@id":"https:\/\/www.tvuai.com.br\/portal\/laso-mg-e-embrapa-realizam-treinamento-para-certificacao-internacional-de-analise-de-sementeslaso-mg-e-embrapa-realizam-treinamento-para-certificacao-internacional-de-analise-de-sementes\/#primaryimage"},"image":{"@id":"https:\/\/www.tvuai.com.br\/portal\/laso-mg-e-embrapa-realizam-treinamento-para-certificacao-internacional-de-analise-de-sementeslaso-mg-e-embrapa-realizam-treinamento-para-certificacao-internacional-de-analise-de-sementes\/#primaryimage"},"thumbnailUrl":"https:\/\/i0.wp.com\/www.tvuai.com.br\/portal\/wp-content\/uploads\/2020\/02\/Laso-e1580747855834.jpg?fit=200%2C126&ssl=1","datePublished":"2020-02-03T16:37:52+00:00","dateModified":"2020-02-12T03:28:55+00:00","breadcrumb":{"@id":"https:\/\/www.tvuai.com.br\/portal\/laso-mg-e-embrapa-realizam-treinamento-para-certificacao-internacional-de-analise-de-sementeslaso-mg-e-embrapa-realizam-treinamento-para-certificacao-internacional-de-analise-de-sementes\/#breadcrumb"},"inLanguage":"pt-BR","potentialAction":[{"@type":"ReadAction","target":["https:\/\/www.tvuai.com.br\/portal\/laso-mg-e-embrapa-realizam-treinamento-para-certificacao-internacional-de-analise-de-sementeslaso-mg-e-embrapa-realizam-treinamento-para-certificacao-internacional-de-analise-de-sementes\/"]}]},{"@type":"ImageObject","inLanguage":"pt-BR","@id":"https:\/\/www.tvuai.com.br\/portal\/laso-mg-e-embrapa-realizam-treinamento-para-certificacao-internacional-de-analise-de-sementeslaso-mg-e-embrapa-realizam-treinamento-para-certificacao-internacional-de-analise-de-sementes\/#primaryimage","url":"https:\/\/i0.wp.com\/www.tvuai.com.br\/portal\/wp-content\/uploads\/2020\/02\/Laso-e1580747855834.jpg?fit=200%2C126&ssl=1","contentUrl":"https:\/\/i0.wp.com\/www.tvuai.com.br\/portal\/wp-content\/uploads\/2020\/02\/Laso-e1580747855834.jpg?fit=200%2C126&ssl=1","width":200,"height":126},{"@type":"BreadcrumbList","@id":"https:\/\/www.tvuai.com.br\/portal\/laso-mg-e-embrapa-realizam-treinamento-para-certificacao-internacional-de-analise-de-sementeslaso-mg-e-embrapa-realizam-treinamento-para-certificacao-internacional-de-analise-de-sementes\/#breadcrumb","itemListElement":[{"@type":"ListItem","position":1,"name":"In\u00edcio","item":"https:\/\/www.tvuai.com.br\/portal\/"},{"@type":"ListItem","position":2,"name":"LASO-MG e Embrapa realizam treinamento para certifica\u00e7\u00e3o internacional de an\u00e1lise de sementesLASO-MG e Embrapa realizam treinamento para certifica\u00e7\u00e3o internacional de an\u00e1lise de sementes"}]},{"@type":"WebSite","@id":"https:\/\/www.tvuai.com.br\/portal\/#website","url":"https:\/\/www.tvuai.com.br\/portal\/","name":"TVUAI","description":"Tudo sobre o Sul de Minas","publisher":{"@id":"https:\/\/www.tvuai.com.br\/portal\/#organization"},"potentialAction":[{"@type":"SearchAction","target":{"@type":"EntryPoint","urlTemplate":"https:\/\/www.tvuai.com.br\/portal\/?s={search_term_string}"},"query-input":{"@type":"PropertyValueSpecification","valueRequired":true,"valueName":"search_term_string"}}],"inLanguage":"pt-BR"},{"@type":"Organization","@id":"https:\/\/www.tvuai.com.br\/portal\/#organization","name":"TVUAI","url":"https:\/\/www.tvuai.com.br\/portal\/","logo":{"@type":"ImageObject","inLanguage":"pt-BR","@id":"https:\/\/www.tvuai.com.br\/portal\/#\/schema\/logo\/image\/","url":"https:\/\/i0.wp.com\/www.tvuai.com.br\/portal\/wp-content\/uploads\/2017\/12\/logo_tvuai_100H.png?fit=207%2C100&ssl=1","contentUrl":"https:\/\/i0.wp.com\/www.tvuai.com.br\/portal\/wp-content\/uploads\/2017\/12\/logo_tvuai_100H.png?fit=207%2C100&ssl=1","width":207,"height":100,"caption":"TVUAI"},"image":{"@id":"https:\/\/www.tvuai.com.br\/portal\/#\/schema\/logo\/image\/"},"sameAs":["http:\/\/www.facebook.com\/pages\/TV-Uai-Comunica\u00e7\u00e3o\/139062546157369","https:\/\/x.com\/tvuai","https:\/\/www.instagram.com\/tvuai_network\/","https:\/\/www.youtube.com\/channel\/UCB7ZPB3wRv-OpoZ_09jmnkQ"]},{"@type":"Person","@id":"https:\/\/www.tvuai.com.br\/portal\/#\/schema\/person\/d1c5c2b1dc1e658906286802aad38555","name":"Rosy Pantale\u00e3o","sameAs":["https:\/\/www.tvuai.com.br\/portal\/","https:\/\/www.facebook.com\/tvuai\/","https:\/\/www.instagram.com\/tvuai","https:\/\/x.com\/tvuai","https:\/\/www.youtube.com\/channel\/UCB7ZPB3wRv-OpoZ_09jmnkQ","tvuai"],"url":"https:\/\/www.tvuai.com.br\/portal\/author\/rosy\/"}]}},"jetpack_featured_media_url":"https:\/\/i0.wp.com\/www.tvuai.com.br\/portal\/wp-content\/uploads\/2020\/02\/Laso-e1580747855834.jpg?fit=200%2C126&ssl=1","wpmagazine_modules_lite_featured_media_urls":{"thumbnail":["https:\/\/i0.wp.com\/www.tvuai.com.br\/portal\/wp-content\/uploads\/2020\/02\/Laso-e1580747855834.jpg?resize=150%2C126&ssl=1",150,150,true],"cvmm-medium":["https:\/\/i0.wp.com\/www.tvuai.com.br\/portal\/wp-content\/uploads\/2020\/02\/Laso-e1580747855834.jpg?resize=200%2C126&ssl=1",200,126,true],"cvmm-medium-plus":["https:\/\/i0.wp.com\/www.tvuai.com.br\/portal\/wp-content\/uploads\/2020\/02\/Laso-e1580747855834.jpg?resize=200%2C126&ssl=1",200,126,true],"cvmm-portrait":["https:\/\/i0.wp.com\/www.tvuai.com.br\/portal\/wp-content\/uploads\/2020\/02\/Laso-e1580747855834.jpg?resize=200%2C126&ssl=1",200,126,true],"cvmm-medium-square":["https:\/\/i0.wp.com\/www.tvuai.com.br\/portal\/wp-content\/uploads\/2020\/02\/Laso-e1580747855834.jpg?resize=200%2C126&ssl=1",200,126,true],"cvmm-large":["https:\/\/i0.wp.com\/www.tvuai.com.br\/portal\/wp-content\/uploads\/2020\/02\/Laso-e1580747855834.jpg?resize=200%2C126&ssl=1",200,126,true],"cvmm-small":["https:\/\/i0.wp.com\/www.tvuai.com.br\/portal\/wp-content\/uploads\/2020\/02\/Laso-e1580747855834.jpg?resize=130%2C95&ssl=1",130,95,true],"full":["https:\/\/i0.wp.com\/www.tvuai.com.br\/portal\/wp-content\/uploads\/2020\/02\/Laso-e1580747855834.jpg?fit=200%2C126&ssl=1",200,126,false]},"categories_names":{"19":{"name":"Not\u00edcias","link":"https:\/\/www.tvuai.com.br\/portal\/category\/noticias\/"}},"tags_names":{"87":{"name":"Embrapa","link":"https:\/\/www.tvuai.com.br\/portal\/tag\/embrapa\/"},"88":{"name":"Laborat\u00f3rio Oficial de An\u00e1lise de Sementes","link":"https:\/\/www.tvuai.com.br\/portal\/tag\/laboratorio-oficial-de-analise-de-sementes\/"},"86":{"name":"LASO-MG","link":"https:\/\/www.tvuai.com.br\/portal\/tag\/laso-mg\/"},"27":{"name":"TV Uai","link":"https:\/\/www.tvuai.com.br\/portal\/tag\/tv-uai\/"}},"comments_number":"0","jetpack_shortlink":"https:\/\/wp.me\/p9woix-p6","jetpack_sharing_enabled":true,"_links":{"self":[{"href":"https:\/\/www.tvuai.com.br\/portal\/wp-json\/wp\/v2\/posts\/1556"}],"collection":[{"href":"https:\/\/www.tvuai.com.br\/portal\/wp-json\/wp\/v2\/posts"}],"about":[{"href":"https:\/\/www.tvuai.com.br\/portal\/wp-json\/wp\/v2\/types\/post"}],"author":[{"embeddable":true,"href":"https:\/\/www.tvuai.com.br\/portal\/wp-json\/wp\/v2\/users\/2"}],"replies":[{"embeddable":true,"href":"https:\/\/www.tvuai.com.br\/portal\/wp-json\/wp\/v2\/comments?post=1556"}],"version-history":[{"count":2,"href":"https:\/\/www.tvuai.com.br\/portal\/wp-json\/wp\/v2\/posts\/1556\/revisions"}],"predecessor-version":[{"id":1559,"href":"https:\/\/www.tvuai.com.br\/portal\/wp-json\/wp\/v2\/posts\/1556\/revisions\/1559"}],"wp:featuredmedia":[{"embeddable":true,"href":"https:\/\/www.tvuai.com.br\/portal\/wp-json\/wp\/v2\/media\/1558"}],"wp:attachment":[{"href":"https:\/\/www.tvuai.com.br\/portal\/wp-json\/wp\/v2\/media?parent=1556"}],"wp:term":[{"taxonomy":"category","embeddable":true,"href":"https:\/\/www.tvuai.com.br\/portal\/wp-json\/wp\/v2\/categories?post=1556"},{"taxonomy":"post_tag","embeddable":true,"href":"https:\/\/www.tvuai.com.br\/portal\/wp-json\/wp\/v2\/tags?post=1556"}],"curies":[{"name":"wp","href":"https:\/\/api.w.org\/{rel}","templated":true}]}}