{"id":15465,"date":"2026-02-19T17:00:00","date_gmt":"2026-02-19T20:00:00","guid":{"rendered":"https:\/\/www.tvuai.com.br\/portal\/?p=15465"},"modified":"2026-02-20T19:41:02","modified_gmt":"2026-02-20T22:41:02","slug":"srs-de-pouso-alegre-reune-53-municipios-em-oficina-para-reforcar-vacinacao-e-elevar-coberturas-em-minas","status":"publish","type":"post","link":"https:\/\/www.tvuai.com.br\/portal\/srs-de-pouso-alegre-reune-53-municipios-em-oficina-para-reforcar-vacinacao-e-elevar-coberturas-em-minas\/","title":{"rendered":"SRS de Pouso Alegre re\u00fane 53 munic\u00edpios em oficina para refor\u00e7ar vacina\u00e7\u00e3o e elevar coberturas em Minas"},"content":{"rendered":"<div class=\"5a1038e0903b96d426fcfcc338703013\" data-index=\"1\" style=\"float: right; margin:10px 0 10px 10px;\">\n<script async src=\"https:\/\/pagead2.googlesyndication.com\/pagead\/js\/adsbygoogle.js?client=ca-pub-9945944833605257\"\r\n     crossorigin=\"anonymous\"><\/script>\r\n<ins class=\"adsbygoogle\"\r\n     style=\"display:block; text-align:center;\"\r\n     data-ad-layout=\"in-article\"\r\n     data-ad-format=\"fluid\"\r\n     data-ad-client=\"ca-pub-9945944833605257\"\r\n     data-ad-slot=\"2343923581\"><\/ins>\r\n<script>\r\n     (adsbygoogle = window.adsbygoogle || []).push({});\r\n<\/script>\n<\/div>\n<div class=\"flex flex-col text-sm pb-25\">\n<article class=\"text-token-text-primary w-full focus:outline-none [--shadow-height:45px] has-data-writing-block:pointer-events-none has-data-writing-block:-mt-(--shadow-height) has-data-writing-block:pt-(--shadow-height) [&amp;:has([data-writing-block])&gt;*]:pointer-events-auto scroll-mt-[calc(var(--header-height)+min(200px,max(70px,20svh)))]\" dir=\"auto\" tabindex=\"-1\" data-turn-id=\"request-WEB:d38a95c2-c819-4bcf-97cb-eba4a5d6704e-22\" data-testid=\"conversation-turn-46\" data-scroll-anchor=\"true\" data-turn=\"assistant\">\n<div class=\"text-base my-auto mx-auto pb-10 [--thread-content-margin:--spacing(4)] @w-sm\/main:[--thread-content-margin:--spacing(6)] @w-lg\/main:[--thread-content-margin:--spacing(16)] px-(--thread-content-margin)\">\n<div class=\"[--thread-content-max-width:40rem] @w-lg\/main:[--thread-content-max-width:48rem] mx-auto max-w-(--thread-content-max-width) flex-1 group\/turn-messages focus-visible:outline-hidden relative flex w-full min-w-0 flex-col agent-turn\" tabindex=\"-1\">\n<div class=\"flex max-w-full flex-col grow\">\n<div class=\"min-h-8 text-message relative flex w-full flex-col items-end gap-2 text-start break-words whitespace-normal [.text-message+&amp;]:mt-1\" dir=\"auto\" data-message-author-role=\"assistant\" data-message-id=\"822e8fae-f585-4dc8-8328-80f2537feb7d\" data-message-model-slug=\"gpt-5-2\">\n<div class=\"flex w-full flex-col gap-1 empty:hidden first:pt-[1px]\">\n<div class=\"markdown prose dark:prose-invert w-full wrap-break-word light markdown-new-styling\">\n<h5 style=\"text-align: center;\" data-start=\"0\" data-end=\"279\"><em><strong><img data-recalc-dims=\"1\" fetchpriority=\"high\" decoding=\"async\" data-attachment-id=\"15467\" data-permalink=\"https:\/\/www.tvuai.com.br\/portal\/srs-de-pouso-alegre-reune-53-municipios-em-oficina-para-reforcar-vacinacao-e-elevar-coberturas-em-minas\/vacina-pa\/\" data-orig-file=\"https:\/\/i0.wp.com\/www.tvuai.com.br\/portal\/wp-content\/uploads\/2026\/02\/vacina-pa.jpg?fit=1000%2C563&amp;ssl=1\" data-orig-size=\"1000,563\" data-comments-opened=\"0\" data-image-meta=\"{&quot;aperture&quot;:&quot;0&quot;,&quot;credit&quot;:&quot;&quot;,&quot;camera&quot;:&quot;&quot;,&quot;caption&quot;:&quot;&quot;,&quot;created_timestamp&quot;:&quot;0&quot;,&quot;copyright&quot;:&quot;&quot;,&quot;focal_length&quot;:&quot;0&quot;,&quot;iso&quot;:&quot;0&quot;,&quot;shutter_speed&quot;:&quot;0&quot;,&quot;title&quot;:&quot;&quot;,&quot;orientation&quot;:&quot;0&quot;}\" data-image-title=\"vacina pa\" data-image-description=\"\" data-image-caption=\"\" data-medium-file=\"https:\/\/i0.wp.com\/www.tvuai.com.br\/portal\/wp-content\/uploads\/2026\/02\/vacina-pa.jpg?fit=300%2C169&amp;ssl=1\" data-large-file=\"https:\/\/i0.wp.com\/www.tvuai.com.br\/portal\/wp-content\/uploads\/2026\/02\/vacina-pa.jpg?fit=640%2C360&amp;ssl=1\" tabindex=\"0\" role=\"button\" class=\"aligncenter size-full wp-image-15467\" src=\"https:\/\/i0.wp.com\/www.tvuai.com.br\/portal\/wp-content\/uploads\/2026\/02\/vacina-pa.jpg?resize=640%2C360&#038;ssl=1\" alt=\"\" width=\"640\" height=\"360\" srcset=\"https:\/\/i0.wp.com\/www.tvuai.com.br\/portal\/wp-content\/uploads\/2026\/02\/vacina-pa.jpg?w=1000&amp;ssl=1 1000w, https:\/\/i0.wp.com\/www.tvuai.com.br\/portal\/wp-content\/uploads\/2026\/02\/vacina-pa.jpg?resize=300%2C169&amp;ssl=1 300w, https:\/\/i0.wp.com\/www.tvuai.com.br\/portal\/wp-content\/uploads\/2026\/02\/vacina-pa.jpg?resize=768%2C432&amp;ssl=1 768w\" sizes=\"(max-width: 640px) 100vw, 640px\" \/>Oficina na SRS de Pouso Alegre capacita munic\u00edpios para ampliar coberturas vacinais com planos locais e monitoramento anual<\/strong><\/em><\/h5>\n<p data-start=\"0\" data-end=\"279\">A <span class=\"hover:entity-accent entity-underline inline cursor-pointer align-baseline\"><span class=\"whitespace-normal\">Superintend\u00eancia Regional de Sa\u00fade de Pouso Alegre<\/span><\/span> sediou, nos dias 10 e 11 de fevereiro, uma oficina t\u00e9cnica do projeto \u201cEstrat\u00e9gias para o aumento das coberturas vacinais nos ciclos de vida em Minas Gerais, Brasil\u201d. A iniciativa reuniu representantes dos 53 munic\u00edpios da regional para alinhar a\u00e7\u00f5es e construir planos voltados ao fortalecimento da imuniza\u00e7\u00e3o.<\/p>\n<p data-start=\"639\" data-end=\"938\">O encontro teve cerca de 12 horas de dura\u00e7\u00e3o, distribu\u00eddas em dois dias de atividades, com participa\u00e7\u00e3o de coordenadores municipais da Aten\u00e7\u00e3o Prim\u00e1ria \u00e0 Sa\u00fade e da \u00e1rea de Imuniza\u00e7\u00e3o. A oficina integra um projeto de m\u00e9dio prazo que prev\u00ea acompanhamento trimestral dos munic\u00edpios ao longo de um ano.<\/p>\n<p data-start=\"940\" data-end=\"1307\">De acordo com a coordena\u00e7\u00e3o do N\u00facleo de Vigil\u00e2ncia Epidemiol\u00f3gica da regional, a proposta \u00e9 acompanhar de perto a execu\u00e7\u00e3o das a\u00e7\u00f5es planejadas, medir resultados e ajustar rotas quando necess\u00e1rio. A estrat\u00e9gia busca verificar o cumprimento de metas por indicador, identificar pontos de melhoria e refor\u00e7ar a prote\u00e7\u00e3o vacinal em diferentes fases da vida da popula\u00e7\u00e3o.<\/p>\n<p data-start=\"1309\" data-end=\"1702\">Durante a oficina, cada munic\u00edpio elaborou um plano de a\u00e7\u00e3o adaptado \u00e0 pr\u00f3pria realidade. Os planos contemplam medidas para qualificar os processos de trabalho em imuniza\u00e7\u00e3o e ampliar as coberturas vacinais. Entre os eixos trabalhados est\u00e3o gest\u00e3o de equipes, comunica\u00e7\u00e3o social sobre vacina\u00e7\u00e3o, forma\u00e7\u00e3o de parcerias, melhoria de infraestrutura e log\u00edstica e maior articula\u00e7\u00e3o entre gestores.<\/p>\n<p data-start=\"1704\" data-end=\"2086\">Para a coordena\u00e7\u00e3o de Aten\u00e7\u00e3o Prim\u00e1ria de <span class=\"hover:entity-accent entity-underline inline cursor-pointer align-baseline\"><span class=\"whitespace-normal\">Ipui\u00fana<\/span><\/span>, a participa\u00e7\u00e3o dos profissionais no encontro vai al\u00e9m de uma atividade t\u00e9cnica. A avalia\u00e7\u00e3o \u00e9 de que o espa\u00e7o contribui para a troca de experi\u00eancias entre munic\u00edpios e para o fortalecimento das estrat\u00e9gias de recupera\u00e7\u00e3o das coberturas vacinais, reduzindo o risco de retorno de doen\u00e7as j\u00e1 controladas.<\/p>\n<p data-start=\"2088\" data-end=\"2346\">A programa\u00e7\u00e3o tamb\u00e9m incluiu an\u00e1lise do cen\u00e1rio atual de vacina\u00e7\u00e3o na \u00e1rea da SRS de Pouso Alegre, orienta\u00e7\u00f5es sobre uso de recursos do Programa Mineiro de Imuniza\u00e7\u00f5es e apresenta\u00e7\u00e3o de indicadores de desempenho e de fatores relacionados \u00e0 hesita\u00e7\u00e3o vacinal.<\/p>\n<h6 style=\"text-align: right;\" data-start=\"2088\" data-end=\"2346\"><em><strong>Com informa\u00e7\u00f5es e foto de Ot\u00e1vio Fernandes<\/strong><\/em><\/h6>\n<\/div>\n<\/div>\n<\/div>\n<\/div>\n<\/div>\n<\/div>\n<\/article>\n<\/div>\n\n<div style=\"font-size: 0px; height: 0px; line-height: 0px; margin: 0; padding: 0; clear: both;\"><\/div><div class='share-to-whatsapp-wrapper'><div class='share-on-whsp'>Share on: <\/div><a data-text='SRS de Pouso Alegre re\u00fane 53 munic\u00edpios em oficina para refor\u00e7ar vacina\u00e7\u00e3o e elevar coberturas em Minas' data-link='https:\/\/www.tvuai.com.br\/portal\/srs-de-pouso-alegre-reune-53-municipios-em-oficina-para-reforcar-vacinacao-e-elevar-coberturas-em-minas\/' class='whatsapp-button whatsapp-share'>WhatsApp<\/a><div class='clear '><\/div><\/div><!-- AddThis Advanced Settings generic via filter on the_content --><!-- AddThis Share Buttons generic via filter on the_content -->","protected":false},"excerpt":{"rendered":"<p>Oficina na SRS de Pouso Alegre capacita munic\u00edpios para ampliar coberturas vacinais com planos locais e monitoramento anual A Superintend\u00eancia Regional de Sa\u00fade de Pouso Alegre sediou, nos dias 10 e 11 de fevereiro, uma oficina t\u00e9cnica do projeto \u201cEstrat\u00e9gias para o aumento das coberturas vacinais nos ciclos de vida em Minas Gerais, Brasil\u201d. A [&hellip;]<!-- AddThis Advanced Settings generic via filter on get_the_excerpt --><!-- AddThis Share Buttons generic via filter on get_the_excerpt --><\/p>\n","protected":false},"author":1,"featured_media":15468,"comment_status":"closed","ping_status":"closed","sticky":false,"template":"","format":"standard","meta":{"jetpack_post_was_ever_published":false,"_jetpack_newsletter_access":"","_jetpack_dont_email_post_to_subs":false,"_jetpack_newsletter_tier_id":0,"_jetpack_memberships_contains_paywalled_content":false,"_jetpack_memberships_contains_paid_content":false,"_joinchat":[],"footnotes":"","jetpack_publicize_message":"","jetpack_publicize_feature_enabled":true,"jetpack_social_post_already_shared":true,"jetpack_social_options":{"image_generator_settings":{"template":"highway","enabled":false},"version":2}},"categories":[19,1876,5,1829],"tags":[6327,8199,913,8203,8200,313,184,7455,8204,37,8202,5894,2069,39,27,8053,1618,8198,8201],"class_list":["post-15465","post","type-post","status-publish","format-standard","has-post-thumbnail","hentry","category-noticias","category-saude","category-ultimas","category-utilidade","tag-atencao-primaria","tag-cobertura-vacinal","tag-governo-de-minas-gerais","tag-hesitacao-vacinal","tag-imunizacao","tag-ipuiuna","tag-minas-gerais","tag-municipios","tag-oficinas-de-saude-publica","tag-pouso-alegre","tag-programa-mineiro-de-imunizacoes","tag-saude-publica","tag-srs-pouso-alegre","tag-sul-de-minas","tag-tv-uai","tag-tv-uai-26-anos-ainda-estamos-aqui-ainda-independentes","tag-tv-uai-pouso-alegre","tag-vacinacao","tag-vigilancia-epidemiologica"],"jetpack_publicize_connections":[],"yoast_head":"<!-- This site is optimized with the Yoast SEO plugin v23.5 - https:\/\/yoast.com\/wordpress\/plugins\/seo\/ -->\n<title>SRS de Pouso Alegre re\u00fane 53 munic\u00edpios em oficina para refor\u00e7ar vacina\u00e7\u00e3o e elevar coberturas em Minas - TVUAI<\/title>\n<meta name=\"robots\" content=\"index, follow, max-snippet:-1, max-image-preview:large, max-video-preview:-1\" \/>\n<link rel=\"canonical\" href=\"https:\/\/www.tvuai.com.br\/portal\/srs-de-pouso-alegre-reune-53-municipios-em-oficina-para-reforcar-vacinacao-e-elevar-coberturas-em-minas\/\" \/>\n<meta property=\"og:locale\" content=\"pt_BR\" \/>\n<meta property=\"og:type\" content=\"article\" \/>\n<meta property=\"og:title\" content=\"SRS de Pouso Alegre re\u00fane 53 munic\u00edpios em oficina para refor\u00e7ar vacina\u00e7\u00e3o e elevar coberturas em Minas - TVUAI\" \/>\n<meta property=\"og:description\" content=\"Oficina na SRS de Pouso Alegre capacita munic\u00edpios para ampliar coberturas vacinais com planos locais e monitoramento anual A Superintend\u00eancia Regional de Sa\u00fade de Pouso Alegre sediou, nos dias 10 e 11 de fevereiro, uma oficina t\u00e9cnica do projeto \u201cEstrat\u00e9gias para o aumento das coberturas vacinais nos ciclos de vida em Minas Gerais, Brasil\u201d. A [&hellip;]\" \/>\n<meta property=\"og:url\" content=\"https:\/\/www.tvuai.com.br\/portal\/srs-de-pouso-alegre-reune-53-municipios-em-oficina-para-reforcar-vacinacao-e-elevar-coberturas-em-minas\/\" \/>\n<meta property=\"og:site_name\" content=\"TVUAI\" \/>\n<meta property=\"article:publisher\" content=\"http:\/\/www.facebook.com\/pages\/TV-Uai-Comunica%c3%a7%c3%a3o\/139062546157369\" \/>\n<meta property=\"article:published_time\" content=\"2026-02-19T20:00:00+00:00\" \/>\n<meta property=\"article:modified_time\" content=\"2026-02-20T22:41:02+00:00\" \/>\n<meta property=\"og:image\" content=\"https:\/\/www.tvuai.com.br\/portal\/wp-content\/uploads\/2026\/02\/vacina-pa0.jpg\" \/>\n\t<meta property=\"og:image:width\" content=\"200\" \/>\n\t<meta property=\"og:image:height\" content=\"200\" \/>\n\t<meta property=\"og:image:type\" content=\"image\/jpeg\" \/>\n<meta name=\"author\" content=\"tvuai\" \/>\n<meta name=\"twitter:card\" content=\"summary_large_image\" \/>\n<meta name=\"twitter:creator\" content=\"@tvuai\" \/>\n<meta name=\"twitter:site\" content=\"@tvuai\" \/>\n<meta name=\"twitter:label1\" content=\"Escrito por\" \/>\n\t<meta name=\"twitter:data1\" content=\"tvuai\" \/>\n\t<meta name=\"twitter:label2\" content=\"Est. tempo de leitura\" \/>\n\t<meta name=\"twitter:data2\" content=\"3 minutos\" \/>\n<script type=\"application\/ld+json\" class=\"yoast-schema-graph\">{\"@context\":\"https:\/\/schema.org\",\"@graph\":[{\"@type\":\"Article\",\"@id\":\"https:\/\/www.tvuai.com.br\/portal\/srs-de-pouso-alegre-reune-53-municipios-em-oficina-para-reforcar-vacinacao-e-elevar-coberturas-em-minas\/#article\",\"isPartOf\":{\"@id\":\"https:\/\/www.tvuai.com.br\/portal\/srs-de-pouso-alegre-reune-53-municipios-em-oficina-para-reforcar-vacinacao-e-elevar-coberturas-em-minas\/\"},\"author\":{\"name\":\"tvuai\",\"@id\":\"https:\/\/www.tvuai.com.br\/portal\/#\/schema\/person\/245e50e9127451fd0b7fd76f519ebbfe\"},\"headline\":\"SRS de Pouso Alegre re\u00fane 53 munic\u00edpios em oficina para refor\u00e7ar vacina\u00e7\u00e3o e elevar coberturas em Minas\",\"datePublished\":\"2026-02-19T20:00:00+00:00\",\"dateModified\":\"2026-02-20T22:41:02+00:00\",\"mainEntityOfPage\":{\"@id\":\"https:\/\/www.tvuai.com.br\/portal\/srs-de-pouso-alegre-reune-53-municipios-em-oficina-para-reforcar-vacinacao-e-elevar-coberturas-em-minas\/\"},\"wordCount\":412,\"publisher\":{\"@id\":\"https:\/\/www.tvuai.com.br\/portal\/#organization\"},\"image\":{\"@id\":\"https:\/\/www.tvuai.com.br\/portal\/srs-de-pouso-alegre-reune-53-municipios-em-oficina-para-reforcar-vacinacao-e-elevar-coberturas-em-minas\/#primaryimage\"},\"thumbnailUrl\":\"https:\/\/i0.wp.com\/www.tvuai.com.br\/portal\/wp-content\/uploads\/2026\/02\/vacina-pa0.jpg?fit=200%2C200&ssl=1\",\"keywords\":[\"Aten\u00e7\u00e3o Prim\u00e1ria\",\"cobertura vacinal\",\"governo de Minas Gerais\",\"hesita\u00e7\u00e3o vacinal\",\"imuniza\u00e7\u00e3o\",\"Ipuiuna\",\"Minas Gerais\",\"munic\u00edpios\",\"oficinas de sa\u00fade p\u00fablica\",\"Pouso Alegre\",\"Programa Mineiro de Imuniza\u00e7\u00f5es\",\"sa\u00fade p\u00fablica\",\"SRS Pouso Alegre\",\"Sul de Minas\",\"TV Uai\",\"TV UAI 26 anos ainda estamos aqui ainda independentes\",\"TV UAI Pouso Alegre\",\"vacina\u00e7\u00e3o\",\"vigil\u00e2ncia epidemiol\u00f3gica\"],\"articleSection\":[\"Not\u00edcias\",\"Sa\u00fade\",\"\u00daltimas Not\u00edcias\",\"Utilidade Publica\"],\"inLanguage\":\"pt-BR\"},{\"@type\":\"WebPage\",\"@id\":\"https:\/\/www.tvuai.com.br\/portal\/srs-de-pouso-alegre-reune-53-municipios-em-oficina-para-reforcar-vacinacao-e-elevar-coberturas-em-minas\/\",\"url\":\"https:\/\/www.tvuai.com.br\/portal\/srs-de-pouso-alegre-reune-53-municipios-em-oficina-para-reforcar-vacinacao-e-elevar-coberturas-em-minas\/\",\"name\":\"SRS de Pouso Alegre re\u00fane 53 munic\u00edpios em oficina para refor\u00e7ar vacina\u00e7\u00e3o e elevar coberturas em Minas - TVUAI\",\"isPartOf\":{\"@id\":\"https:\/\/www.tvuai.com.br\/portal\/#website\"},\"primaryImageOfPage\":{\"@id\":\"https:\/\/www.tvuai.com.br\/portal\/srs-de-pouso-alegre-reune-53-municipios-em-oficina-para-reforcar-vacinacao-e-elevar-coberturas-em-minas\/#primaryimage\"},\"image\":{\"@id\":\"https:\/\/www.tvuai.com.br\/portal\/srs-de-pouso-alegre-reune-53-municipios-em-oficina-para-reforcar-vacinacao-e-elevar-coberturas-em-minas\/#primaryimage\"},\"thumbnailUrl\":\"https:\/\/i0.wp.com\/www.tvuai.com.br\/portal\/wp-content\/uploads\/2026\/02\/vacina-pa0.jpg?fit=200%2C200&ssl=1\",\"datePublished\":\"2026-02-19T20:00:00+00:00\",\"dateModified\":\"2026-02-20T22:41:02+00:00\",\"breadcrumb\":{\"@id\":\"https:\/\/www.tvuai.com.br\/portal\/srs-de-pouso-alegre-reune-53-municipios-em-oficina-para-reforcar-vacinacao-e-elevar-coberturas-em-minas\/#breadcrumb\"},\"inLanguage\":\"pt-BR\",\"potentialAction\":[{\"@type\":\"ReadAction\",\"target\":[\"https:\/\/www.tvuai.com.br\/portal\/srs-de-pouso-alegre-reune-53-municipios-em-oficina-para-reforcar-vacinacao-e-elevar-coberturas-em-minas\/\"]}]},{\"@type\":\"ImageObject\",\"inLanguage\":\"pt-BR\",\"@id\":\"https:\/\/www.tvuai.com.br\/portal\/srs-de-pouso-alegre-reune-53-municipios-em-oficina-para-reforcar-vacinacao-e-elevar-coberturas-em-minas\/#primaryimage\",\"url\":\"https:\/\/i0.wp.com\/www.tvuai.com.br\/portal\/wp-content\/uploads\/2026\/02\/vacina-pa0.jpg?fit=200%2C200&ssl=1\",\"contentUrl\":\"https:\/\/i0.wp.com\/www.tvuai.com.br\/portal\/wp-content\/uploads\/2026\/02\/vacina-pa0.jpg?fit=200%2C200&ssl=1\",\"width\":200,\"height\":200},{\"@type\":\"BreadcrumbList\",\"@id\":\"https:\/\/www.tvuai.com.br\/portal\/srs-de-pouso-alegre-reune-53-municipios-em-oficina-para-reforcar-vacinacao-e-elevar-coberturas-em-minas\/#breadcrumb\",\"itemListElement\":[{\"@type\":\"ListItem\",\"position\":1,\"name\":\"In\u00edcio\",\"item\":\"https:\/\/www.tvuai.com.br\/portal\/\"},{\"@type\":\"ListItem\",\"position\":2,\"name\":\"SRS de Pouso Alegre re\u00fane 53 munic\u00edpios em oficina para refor\u00e7ar vacina\u00e7\u00e3o e elevar coberturas em Minas\"}]},{\"@type\":\"WebSite\",\"@id\":\"https:\/\/www.tvuai.com.br\/portal\/#website\",\"url\":\"https:\/\/www.tvuai.com.br\/portal\/\",\"name\":\"TVUAI\",\"description\":\"Tudo sobre o Sul de Minas\",\"publisher\":{\"@id\":\"https:\/\/www.tvuai.com.br\/portal\/#organization\"},\"potentialAction\":[{\"@type\":\"SearchAction\",\"target\":{\"@type\":\"EntryPoint\",\"urlTemplate\":\"https:\/\/www.tvuai.com.br\/portal\/?s={search_term_string}\"},\"query-input\":{\"@type\":\"PropertyValueSpecification\",\"valueRequired\":true,\"valueName\":\"search_term_string\"}}],\"inLanguage\":\"pt-BR\"},{\"@type\":\"Organization\",\"@id\":\"https:\/\/www.tvuai.com.br\/portal\/#organization\",\"name\":\"TVUAI\",\"url\":\"https:\/\/www.tvuai.com.br\/portal\/\",\"logo\":{\"@type\":\"ImageObject\",\"inLanguage\":\"pt-BR\",\"@id\":\"https:\/\/www.tvuai.com.br\/portal\/#\/schema\/logo\/image\/\",\"url\":\"https:\/\/i0.wp.com\/www.tvuai.com.br\/portal\/wp-content\/uploads\/2017\/12\/logo_tvuai_100H.png?fit=207%2C100&ssl=1\",\"contentUrl\":\"https:\/\/i0.wp.com\/www.tvuai.com.br\/portal\/wp-content\/uploads\/2017\/12\/logo_tvuai_100H.png?fit=207%2C100&ssl=1\",\"width\":207,\"height\":100,\"caption\":\"TVUAI\"},\"image\":{\"@id\":\"https:\/\/www.tvuai.com.br\/portal\/#\/schema\/logo\/image\/\"},\"sameAs\":[\"http:\/\/www.facebook.com\/pages\/TV-Uai-Comunica\u00e7\u00e3o\/139062546157369\",\"https:\/\/x.com\/tvuai\",\"https:\/\/www.instagram.com\/tvuai_network\/\",\"https:\/\/www.youtube.com\/channel\/UCB7ZPB3wRv-OpoZ_09jmnkQ\"]},{\"@type\":\"Person\",\"@id\":\"https:\/\/www.tvuai.com.br\/portal\/#\/schema\/person\/245e50e9127451fd0b7fd76f519ebbfe\",\"name\":\"tvuai\",\"url\":\"https:\/\/www.tvuai.com.br\/portal\/author\/tvuai\/\"}]}<\/script>\n<!-- \/ Yoast SEO plugin. -->","yoast_head_json":{"title":"SRS de Pouso Alegre re\u00fane 53 munic\u00edpios em oficina para refor\u00e7ar vacina\u00e7\u00e3o e elevar coberturas em Minas - TVUAI","robots":{"index":"index","follow":"follow","max-snippet":"max-snippet:-1","max-image-preview":"max-image-preview:large","max-video-preview":"max-video-preview:-1"},"canonical":"https:\/\/www.tvuai.com.br\/portal\/srs-de-pouso-alegre-reune-53-municipios-em-oficina-para-reforcar-vacinacao-e-elevar-coberturas-em-minas\/","og_locale":"pt_BR","og_type":"article","og_title":"SRS de Pouso Alegre re\u00fane 53 munic\u00edpios em oficina para refor\u00e7ar vacina\u00e7\u00e3o e elevar coberturas em Minas - TVUAI","og_description":"Oficina na SRS de Pouso Alegre capacita munic\u00edpios para ampliar coberturas vacinais com planos locais e monitoramento anual A Superintend\u00eancia Regional de Sa\u00fade de Pouso Alegre sediou, nos dias 10 e 11 de fevereiro, uma oficina t\u00e9cnica do projeto \u201cEstrat\u00e9gias para o aumento das coberturas vacinais nos ciclos de vida em Minas Gerais, Brasil\u201d. A [&hellip;]","og_url":"https:\/\/www.tvuai.com.br\/portal\/srs-de-pouso-alegre-reune-53-municipios-em-oficina-para-reforcar-vacinacao-e-elevar-coberturas-em-minas\/","og_site_name":"TVUAI","article_publisher":"http:\/\/www.facebook.com\/pages\/TV-Uai-Comunica%c3%a7%c3%a3o\/139062546157369","article_published_time":"2026-02-19T20:00:00+00:00","article_modified_time":"2026-02-20T22:41:02+00:00","og_image":[{"width":200,"height":200,"url":"https:\/\/www.tvuai.com.br\/portal\/wp-content\/uploads\/2026\/02\/vacina-pa0.jpg","type":"image\/jpeg"}],"author":"tvuai","twitter_card":"summary_large_image","twitter_creator":"@tvuai","twitter_site":"@tvuai","twitter_misc":{"Escrito por":"tvuai","Est. tempo de leitura":"3 minutos"},"schema":{"@context":"https:\/\/schema.org","@graph":[{"@type":"Article","@id":"https:\/\/www.tvuai.com.br\/portal\/srs-de-pouso-alegre-reune-53-municipios-em-oficina-para-reforcar-vacinacao-e-elevar-coberturas-em-minas\/#article","isPartOf":{"@id":"https:\/\/www.tvuai.com.br\/portal\/srs-de-pouso-alegre-reune-53-municipios-em-oficina-para-reforcar-vacinacao-e-elevar-coberturas-em-minas\/"},"author":{"name":"tvuai","@id":"https:\/\/www.tvuai.com.br\/portal\/#\/schema\/person\/245e50e9127451fd0b7fd76f519ebbfe"},"headline":"SRS de Pouso Alegre re\u00fane 53 munic\u00edpios em oficina para refor\u00e7ar vacina\u00e7\u00e3o e elevar coberturas em Minas","datePublished":"2026-02-19T20:00:00+00:00","dateModified":"2026-02-20T22:41:02+00:00","mainEntityOfPage":{"@id":"https:\/\/www.tvuai.com.br\/portal\/srs-de-pouso-alegre-reune-53-municipios-em-oficina-para-reforcar-vacinacao-e-elevar-coberturas-em-minas\/"},"wordCount":412,"publisher":{"@id":"https:\/\/www.tvuai.com.br\/portal\/#organization"},"image":{"@id":"https:\/\/www.tvuai.com.br\/portal\/srs-de-pouso-alegre-reune-53-municipios-em-oficina-para-reforcar-vacinacao-e-elevar-coberturas-em-minas\/#primaryimage"},"thumbnailUrl":"https:\/\/i0.wp.com\/www.tvuai.com.br\/portal\/wp-content\/uploads\/2026\/02\/vacina-pa0.jpg?fit=200%2C200&ssl=1","keywords":["Aten\u00e7\u00e3o Prim\u00e1ria","cobertura vacinal","governo de Minas Gerais","hesita\u00e7\u00e3o vacinal","imuniza\u00e7\u00e3o","Ipuiuna","Minas Gerais","munic\u00edpios","oficinas de sa\u00fade p\u00fablica","Pouso Alegre","Programa Mineiro de Imuniza\u00e7\u00f5es","sa\u00fade p\u00fablica","SRS Pouso Alegre","Sul de Minas","TV Uai","TV UAI 26 anos ainda estamos aqui ainda independentes","TV UAI Pouso Alegre","vacina\u00e7\u00e3o","vigil\u00e2ncia epidemiol\u00f3gica"],"articleSection":["Not\u00edcias","Sa\u00fade","\u00daltimas Not\u00edcias","Utilidade Publica"],"inLanguage":"pt-BR"},{"@type":"WebPage","@id":"https:\/\/www.tvuai.com.br\/portal\/srs-de-pouso-alegre-reune-53-municipios-em-oficina-para-reforcar-vacinacao-e-elevar-coberturas-em-minas\/","url":"https:\/\/www.tvuai.com.br\/portal\/srs-de-pouso-alegre-reune-53-municipios-em-oficina-para-reforcar-vacinacao-e-elevar-coberturas-em-minas\/","name":"SRS de Pouso Alegre re\u00fane 53 munic\u00edpios em oficina para refor\u00e7ar vacina\u00e7\u00e3o e elevar coberturas em Minas - TVUAI","isPartOf":{"@id":"https:\/\/www.tvuai.com.br\/portal\/#website"},"primaryImageOfPage":{"@id":"https:\/\/www.tvuai.com.br\/portal\/srs-de-pouso-alegre-reune-53-municipios-em-oficina-para-reforcar-vacinacao-e-elevar-coberturas-em-minas\/#primaryimage"},"image":{"@id":"https:\/\/www.tvuai.com.br\/portal\/srs-de-pouso-alegre-reune-53-municipios-em-oficina-para-reforcar-vacinacao-e-elevar-coberturas-em-minas\/#primaryimage"},"thumbnailUrl":"https:\/\/i0.wp.com\/www.tvuai.com.br\/portal\/wp-content\/uploads\/2026\/02\/vacina-pa0.jpg?fit=200%2C200&ssl=1","datePublished":"2026-02-19T20:00:00+00:00","dateModified":"2026-02-20T22:41:02+00:00","breadcrumb":{"@id":"https:\/\/www.tvuai.com.br\/portal\/srs-de-pouso-alegre-reune-53-municipios-em-oficina-para-reforcar-vacinacao-e-elevar-coberturas-em-minas\/#breadcrumb"},"inLanguage":"pt-BR","potentialAction":[{"@type":"ReadAction","target":["https:\/\/www.tvuai.com.br\/portal\/srs-de-pouso-alegre-reune-53-municipios-em-oficina-para-reforcar-vacinacao-e-elevar-coberturas-em-minas\/"]}]},{"@type":"ImageObject","inLanguage":"pt-BR","@id":"https:\/\/www.tvuai.com.br\/portal\/srs-de-pouso-alegre-reune-53-municipios-em-oficina-para-reforcar-vacinacao-e-elevar-coberturas-em-minas\/#primaryimage","url":"https:\/\/i0.wp.com\/www.tvuai.com.br\/portal\/wp-content\/uploads\/2026\/02\/vacina-pa0.jpg?fit=200%2C200&ssl=1","contentUrl":"https:\/\/i0.wp.com\/www.tvuai.com.br\/portal\/wp-content\/uploads\/2026\/02\/vacina-pa0.jpg?fit=200%2C200&ssl=1","width":200,"height":200},{"@type":"BreadcrumbList","@id":"https:\/\/www.tvuai.com.br\/portal\/srs-de-pouso-alegre-reune-53-municipios-em-oficina-para-reforcar-vacinacao-e-elevar-coberturas-em-minas\/#breadcrumb","itemListElement":[{"@type":"ListItem","position":1,"name":"In\u00edcio","item":"https:\/\/www.tvuai.com.br\/portal\/"},{"@type":"ListItem","position":2,"name":"SRS de Pouso Alegre re\u00fane 53 munic\u00edpios em oficina para refor\u00e7ar vacina\u00e7\u00e3o e elevar coberturas em Minas"}]},{"@type":"WebSite","@id":"https:\/\/www.tvuai.com.br\/portal\/#website","url":"https:\/\/www.tvuai.com.br\/portal\/","name":"TVUAI","description":"Tudo sobre o Sul de Minas","publisher":{"@id":"https:\/\/www.tvuai.com.br\/portal\/#organization"},"potentialAction":[{"@type":"SearchAction","target":{"@type":"EntryPoint","urlTemplate":"https:\/\/www.tvuai.com.br\/portal\/?s={search_term_string}"},"query-input":{"@type":"PropertyValueSpecification","valueRequired":true,"valueName":"search_term_string"}}],"inLanguage":"pt-BR"},{"@type":"Organization","@id":"https:\/\/www.tvuai.com.br\/portal\/#organization","name":"TVUAI","url":"https:\/\/www.tvuai.com.br\/portal\/","logo":{"@type":"ImageObject","inLanguage":"pt-BR","@id":"https:\/\/www.tvuai.com.br\/portal\/#\/schema\/logo\/image\/","url":"https:\/\/i0.wp.com\/www.tvuai.com.br\/portal\/wp-content\/uploads\/2017\/12\/logo_tvuai_100H.png?fit=207%2C100&ssl=1","contentUrl":"https:\/\/i0.wp.com\/www.tvuai.com.br\/portal\/wp-content\/uploads\/2017\/12\/logo_tvuai_100H.png?fit=207%2C100&ssl=1","width":207,"height":100,"caption":"TVUAI"},"image":{"@id":"https:\/\/www.tvuai.com.br\/portal\/#\/schema\/logo\/image\/"},"sameAs":["http:\/\/www.facebook.com\/pages\/TV-Uai-Comunica\u00e7\u00e3o\/139062546157369","https:\/\/x.com\/tvuai","https:\/\/www.instagram.com\/tvuai_network\/","https:\/\/www.youtube.com\/channel\/UCB7ZPB3wRv-OpoZ_09jmnkQ"]},{"@type":"Person","@id":"https:\/\/www.tvuai.com.br\/portal\/#\/schema\/person\/245e50e9127451fd0b7fd76f519ebbfe","name":"tvuai","url":"https:\/\/www.tvuai.com.br\/portal\/author\/tvuai\/"}]}},"jetpack_featured_media_url":"https:\/\/i0.wp.com\/www.tvuai.com.br\/portal\/wp-content\/uploads\/2026\/02\/vacina-pa0.jpg?fit=200%2C200&ssl=1","wpmagazine_modules_lite_featured_media_urls":{"thumbnail":["https:\/\/i0.wp.com\/www.tvuai.com.br\/portal\/wp-content\/uploads\/2026\/02\/vacina-pa0.jpg?resize=150%2C150&ssl=1",150,150,true],"cvmm-medium":["https:\/\/i0.wp.com\/www.tvuai.com.br\/portal\/wp-content\/uploads\/2026\/02\/vacina-pa0.jpg?resize=200%2C200&ssl=1",200,200,true],"cvmm-medium-plus":["https:\/\/i0.wp.com\/www.tvuai.com.br\/portal\/wp-content\/uploads\/2026\/02\/vacina-pa0.jpg?resize=200%2C200&ssl=1",200,200,true],"cvmm-portrait":["https:\/\/i0.wp.com\/www.tvuai.com.br\/portal\/wp-content\/uploads\/2026\/02\/vacina-pa0.jpg?resize=200%2C200&ssl=1",200,200,true],"cvmm-medium-square":["https:\/\/i0.wp.com\/www.tvuai.com.br\/portal\/wp-content\/uploads\/2026\/02\/vacina-pa0.jpg?resize=200%2C200&ssl=1",200,200,true],"cvmm-large":["https:\/\/i0.wp.com\/www.tvuai.com.br\/portal\/wp-content\/uploads\/2026\/02\/vacina-pa0.jpg?resize=200%2C200&ssl=1",200,200,true],"cvmm-small":["https:\/\/i0.wp.com\/www.tvuai.com.br\/portal\/wp-content\/uploads\/2026\/02\/vacina-pa0.jpg?resize=130%2C95&ssl=1",130,95,true],"full":["https:\/\/i0.wp.com\/www.tvuai.com.br\/portal\/wp-content\/uploads\/2026\/02\/vacina-pa0.jpg?fit=200%2C200&ssl=1",200,200,false]},"categories_names":{"19":{"name":"Not\u00edcias","link":"https:\/\/www.tvuai.com.br\/portal\/category\/noticias\/"},"1876":{"name":"Sa\u00fade","link":"https:\/\/www.tvuai.com.br\/portal\/category\/saude\/"},"5":{"name":"\u00daltimas Not\u00edcias","link":"https:\/\/www.tvuai.com.br\/portal\/category\/noticias\/ultimas\/"},"1829":{"name":"Utilidade Publica","link":"https:\/\/www.tvuai.com.br\/portal\/category\/utilidade\/"}},"tags_names":{"6327":{"name":"Aten\u00e7\u00e3o Prim\u00e1ria","link":"https:\/\/www.tvuai.com.br\/portal\/tag\/atencao-primaria\/"},"8199":{"name":"cobertura vacinal","link":"https:\/\/www.tvuai.com.br\/portal\/tag\/cobertura-vacinal\/"},"913":{"name":"governo de Minas Gerais","link":"https:\/\/www.tvuai.com.br\/portal\/tag\/governo-de-minas-gerais\/"},"8203":{"name":"hesita\u00e7\u00e3o vacinal","link":"https:\/\/www.tvuai.com.br\/portal\/tag\/hesitacao-vacinal\/"},"8200":{"name":"imuniza\u00e7\u00e3o","link":"https:\/\/www.tvuai.com.br\/portal\/tag\/imunizacao\/"},"313":{"name":"Ipuiuna","link":"https:\/\/www.tvuai.com.br\/portal\/tag\/ipuiuna\/"},"184":{"name":"Minas Gerais","link":"https:\/\/www.tvuai.com.br\/portal\/tag\/minas-gerais\/"},"7455":{"name":"munic\u00edpios","link":"https:\/\/www.tvuai.com.br\/portal\/tag\/municipios\/"},"8204":{"name":"oficinas de sa\u00fade p\u00fablica","link":"https:\/\/www.tvuai.com.br\/portal\/tag\/oficinas-de-saude-publica\/"},"37":{"name":"Pouso Alegre","link":"https:\/\/www.tvuai.com.br\/portal\/tag\/pouso-alegre\/"},"8202":{"name":"Programa Mineiro de Imuniza\u00e7\u00f5es","link":"https:\/\/www.tvuai.com.br\/portal\/tag\/programa-mineiro-de-imunizacoes\/"},"5894":{"name":"sa\u00fade p\u00fablica","link":"https:\/\/www.tvuai.com.br\/portal\/tag\/saude-publica\/"},"2069":{"name":"SRS Pouso Alegre","link":"https:\/\/www.tvuai.com.br\/portal\/tag\/srs-pouso-alegre\/"},"39":{"name":"Sul de Minas","link":"https:\/\/www.tvuai.com.br\/portal\/tag\/sul-de-minas\/"},"27":{"name":"TV Uai","link":"https:\/\/www.tvuai.com.br\/portal\/tag\/tv-uai\/"},"8053":{"name":"TV UAI 26 anos ainda estamos aqui ainda independentes","link":"https:\/\/www.tvuai.com.br\/portal\/tag\/tv-uai-26-anos-ainda-estamos-aqui-ainda-independentes\/"},"1618":{"name":"TV UAI Pouso Alegre","link":"https:\/\/www.tvuai.com.br\/portal\/tag\/tv-uai-pouso-alegre\/"},"8198":{"name":"vacina\u00e7\u00e3o","link":"https:\/\/www.tvuai.com.br\/portal\/tag\/vacinacao\/"},"8201":{"name":"vigil\u00e2ncia epidemiol\u00f3gica","link":"https:\/\/www.tvuai.com.br\/portal\/tag\/vigilancia-epidemiologica\/"}},"comments_number":"0","jetpack_shortlink":"https:\/\/wp.me\/p9woix-41r","jetpack_sharing_enabled":true,"_links":{"self":[{"href":"https:\/\/www.tvuai.com.br\/portal\/wp-json\/wp\/v2\/posts\/15465"}],"collection":[{"href":"https:\/\/www.tvuai.com.br\/portal\/wp-json\/wp\/v2\/posts"}],"about":[{"href":"https:\/\/www.tvuai.com.br\/portal\/wp-json\/wp\/v2\/types\/post"}],"author":[{"embeddable":true,"href":"https:\/\/www.tvuai.com.br\/portal\/wp-json\/wp\/v2\/users\/1"}],"replies":[{"embeddable":true,"href":"https:\/\/www.tvuai.com.br\/portal\/wp-json\/wp\/v2\/comments?post=15465"}],"version-history":[{"count":3,"href":"https:\/\/www.tvuai.com.br\/portal\/wp-json\/wp\/v2\/posts\/15465\/revisions"}],"predecessor-version":[{"id":15470,"href":"https:\/\/www.tvuai.com.br\/portal\/wp-json\/wp\/v2\/posts\/15465\/revisions\/15470"}],"wp:featuredmedia":[{"embeddable":true,"href":"https:\/\/www.tvuai.com.br\/portal\/wp-json\/wp\/v2\/media\/15468"}],"wp:attachment":[{"href":"https:\/\/www.tvuai.com.br\/portal\/wp-json\/wp\/v2\/media?parent=15465"}],"wp:term":[{"taxonomy":"category","embeddable":true,"href":"https:\/\/www.tvuai.com.br\/portal\/wp-json\/wp\/v2\/categories?post=15465"},{"taxonomy":"post_tag","embeddable":true,"href":"https:\/\/www.tvuai.com.br\/portal\/wp-json\/wp\/v2\/tags?post=15465"}],"curies":[{"name":"wp","href":"https:\/\/api.w.org\/{rel}","templated":true}]}}