{"id":1507,"date":"2020-01-02T19:25:49","date_gmt":"2020-01-02T21:25:49","guid":{"rendered":"http:\/\/www.tvuai.com.br\/portal\/?p=1507"},"modified":"2020-03-25T20:00:48","modified_gmt":"2020-03-25T23:00:48","slug":"producao-de-flores-e-plantas-ornamentais-recebera-incentivos-federais-em-2020","status":"publish","type":"post","link":"https:\/\/www.tvuai.com.br\/portal\/producao-de-flores-e-plantas-ornamentais-recebera-incentivos-federais-em-2020\/","title":{"rendered":"Produ\u00e7\u00e3o de flores e plantas ornamentais receber\u00e1 incentivos federais em 2020"},"content":{"rendered":"<div class=\"5a1038e0903b96d426fcfcc338703013\" data-index=\"1\" style=\"float: right; margin:10px 0 10px 10px;\">\n<script async src=\"https:\/\/pagead2.googlesyndication.com\/pagead\/js\/adsbygoogle.js?client=ca-pub-9945944833605257\"\r\n     crossorigin=\"anonymous\"><\/script>\r\n<ins class=\"adsbygoogle\"\r\n     style=\"display:block; text-align:center;\"\r\n     data-ad-layout=\"in-article\"\r\n     data-ad-format=\"fluid\"\r\n     data-ad-client=\"ca-pub-9945944833605257\"\r\n     data-ad-slot=\"2343923581\"><\/ins>\r\n<script>\r\n     (adsbygoogle = window.adsbygoogle || []).push({});\r\n<\/script>\n<\/div>\n<h5 style=\"text-align: center\"><img data-recalc-dims=\"1\" fetchpriority=\"high\" decoding=\"async\" data-attachment-id=\"1508\" data-permalink=\"https:\/\/www.tvuai.com.br\/portal\/producao-de-flores-e-plantas-ornamentais-recebera-incentivos-federais-em-2020\/epamigflores1\/\" data-orig-file=\"https:\/\/i0.wp.com\/www.tvuai.com.br\/portal\/wp-content\/uploads\/2020\/01\/epamigflores1.jpg?fit=600%2C400&amp;ssl=1\" data-orig-size=\"600,400\" data-comments-opened=\"0\" data-image-meta=\"{&quot;aperture&quot;:&quot;0&quot;,&quot;credit&quot;:&quot;&quot;,&quot;camera&quot;:&quot;&quot;,&quot;caption&quot;:&quot;&quot;,&quot;created_timestamp&quot;:&quot;0&quot;,&quot;copyright&quot;:&quot;&quot;,&quot;focal_length&quot;:&quot;0&quot;,&quot;iso&quot;:&quot;0&quot;,&quot;shutter_speed&quot;:&quot;0&quot;,&quot;title&quot;:&quot;&quot;,&quot;orientation&quot;:&quot;1&quot;}\" data-image-title=\"epamigflores1\" data-image-description=\"\" data-image-caption=\"\" data-medium-file=\"https:\/\/i0.wp.com\/www.tvuai.com.br\/portal\/wp-content\/uploads\/2020\/01\/epamigflores1.jpg?fit=300%2C200&amp;ssl=1\" data-large-file=\"https:\/\/i0.wp.com\/www.tvuai.com.br\/portal\/wp-content\/uploads\/2020\/01\/epamigflores1.jpg?fit=600%2C400&amp;ssl=1\" tabindex=\"0\" role=\"button\" class=\"aligncenter size-full wp-image-1508\" src=\"https:\/\/i0.wp.com\/www.tvuai.com.br\/portal\/wp-content\/uploads\/2020\/01\/epamigflores1.jpg?resize=600%2C400\" alt=\"\" width=\"600\" height=\"400\" srcset=\"https:\/\/i0.wp.com\/www.tvuai.com.br\/portal\/wp-content\/uploads\/2020\/01\/epamigflores1.jpg?w=600&amp;ssl=1 600w, https:\/\/i0.wp.com\/www.tvuai.com.br\/portal\/wp-content\/uploads\/2020\/01\/epamigflores1.jpg?resize=300%2C200&amp;ssl=1 300w\" sizes=\"(max-width: 600px) 100vw, 600px\" \/><em><strong>EPAMIG pretende buscar aprova\u00e7\u00e3o de projetos para difus\u00e3o de tecnologias em floricultura<\/strong><\/em><\/h5>\n<p>A <strong><span style=\"color: #000080\"><a style=\"color: #000080\" href=\"https:\/\/legis.senado.leg.br\/comissoes\/comissao?0&amp;codcol=1307\">Comiss\u00e3o de Agricultura e Reforma Agr\u00e1ria (CRA)<\/a><\/span><\/strong> aprovou um projeto de lei que cria a <strong><span style=\"color: #000080\"><a style=\"color: #000080\" href=\"https:\/\/www12.senado.leg.br\/noticias\/materias\/2019\/12\/05\/cra-aprova-incentivo-a-producao-de-flores-e-plantas-ornamentais\">Pol\u00edtica Nacional de Incentivo \u00e0 Cultura de Flores e de Plantas Ornamentais de Qualidade<\/a><\/span><\/strong>. O Projeto de Lei, de autoria do deputado Evair Vieira de Melo, quer estimular a produ\u00e7\u00e3o e a comercializa\u00e7\u00e3o desses produtos no Brasil e no exterior. O texto seguiu para o Plen\u00e1rio.<\/p>\n<p>A nova pol\u00edtica ter\u00e1 como diretrizes a sustentabilidade econ\u00f4mica e socioambiental da atividade, bem como o aproveitamento da diversidade cultural, ambiental, de solos e de climas do pa\u00eds. O projeto tamb\u00e9m pretende se adequar \u00e0s peculiaridades e diversidades de cada regi\u00e3o do Brasil. O texto estabelece que as a\u00e7\u00f5es ser\u00e3o articuladas entre os entes p\u00fablicos federais, estaduais e municipais e o setor privado.<\/p>\n<p>A not\u00edcia agradou os pesquisadores da <strong><span style=\"color: #000080\"><a style=\"color: #000080\" href=\"http:\/\/www.epamig.br\/\">Empresa de Pesquisa Agropecu\u00e1ria de Minas Gerais (EPAMIG)<\/a><\/span><\/strong>. Segundo a coordenadora do <strong><span style=\"color: #000080\"><a style=\"color: #000080\" href=\"http:\/\/www.epamig.br\/floricultura\/\">Programa Estadual de Pesquisa (PEP) em Floricultura<\/a><\/span><\/strong>, Simone Reis, esse \u00e9 um momento muito importante para os envolvidos no setor, uma vez que o projeto prev\u00ea apoio a todos os elos da cadeia produtiva de flores e plantas ornamentais.<\/p>\n<p><img data-recalc-dims=\"1\" decoding=\"async\" data-attachment-id=\"1510\" data-permalink=\"https:\/\/www.tvuai.com.br\/portal\/producao-de-flores-e-plantas-ornamentais-recebera-incentivos-federais-em-2020\/epamigflores3\/\" data-orig-file=\"https:\/\/i0.wp.com\/www.tvuai.com.br\/portal\/wp-content\/uploads\/2020\/01\/epamigflores3.jpg?fit=300%2C200&amp;ssl=1\" data-orig-size=\"300,200\" data-comments-opened=\"0\" data-image-meta=\"{&quot;aperture&quot;:&quot;0&quot;,&quot;credit&quot;:&quot;&quot;,&quot;camera&quot;:&quot;&quot;,&quot;caption&quot;:&quot;&quot;,&quot;created_timestamp&quot;:&quot;0&quot;,&quot;copyright&quot;:&quot;&quot;,&quot;focal_length&quot;:&quot;0&quot;,&quot;iso&quot;:&quot;0&quot;,&quot;shutter_speed&quot;:&quot;0&quot;,&quot;title&quot;:&quot;&quot;,&quot;orientation&quot;:&quot;1&quot;}\" data-image-title=\"epamigflores3\" data-image-description=\"\" data-image-caption=\"\" data-medium-file=\"https:\/\/i0.wp.com\/www.tvuai.com.br\/portal\/wp-content\/uploads\/2020\/01\/epamigflores3.jpg?fit=300%2C200&amp;ssl=1\" data-large-file=\"https:\/\/i0.wp.com\/www.tvuai.com.br\/portal\/wp-content\/uploads\/2020\/01\/epamigflores3.jpg?fit=300%2C200&amp;ssl=1\" tabindex=\"0\" role=\"button\" class=\"size-full wp-image-1510 alignleft\" src=\"https:\/\/i0.wp.com\/www.tvuai.com.br\/portal\/wp-content\/uploads\/2020\/01\/epamigflores3.jpg?resize=300%2C200\" alt=\"\" width=\"300\" height=\"200\" \/>&#8220;A floricultura j\u00e1 mostrou sua for\u00e7a e potencial de crescimento nos \u00faltimos anos. Podemos perceber que o poder p\u00fablico est\u00e1 procurando conhecer e apoiar ainda mais essa atividade&#8221;, destaca Simone.<\/p>\n<p>O PEP de Floricultura concentra suas atividades no <strong><span style=\"color: #000080\"><a style=\"color: #000080\" href=\"http:\/\/www.epamig.br\/cern-campo-experimental-risoleta-neves\/\">Campo Experimental Risoleta Neves<\/a><\/span><\/strong>, no munic\u00edpio de S\u00e3o Jo\u00e3o del-Rei, regi\u00e3o Sul de Minas Gerais. No local s\u00e3o desenvolvidas pesquisas com rosas, a flor mais cultivada e comercializada do mundo; copo-de-leite; esp\u00e9cies tropicais, como bast\u00e3o do imperador, ant\u00fario e sorvet\u00e3o; palma-de-santa-rita e flores comest\u00edveis.<\/p>\n<p>Ainda de acordo com Simone, a floricultura pode ser explorada em todo territ\u00f3rio mineiro. Al\u00e9m de se adequar \u00e0 agricultura familiar, a atividade pode promover a diversifica\u00e7\u00e3o e o aumento de renda em propriedades j\u00e1 ocupadas por outras culturas.<\/p>\n<p>&#8220;Acreditamos que com a aprova\u00e7\u00e3o da lei de incentivo a floricultura as institui\u00e7\u00f5es de pesquisa poder\u00e3o ser beneficiadas por meio de editais espec\u00edficos para atender as demandas do setor. Assim que as oportunidades surgirem a EPAMIG vai buscar a aprova\u00e7\u00e3o de projetos para difus\u00e3o de tecnologias&#8221;, conclui a pesquisadora.<\/p>\n<p style=\"text-align: center\"><strong>EPAMIG vai avan\u00e7ar em pesquisas com flores comest\u00edveis em 2020<\/strong><\/p>\n<p>Voc\u00ea sabia que \u00e9 poss\u00edvel incorporar flores em nossas refei\u00e7\u00f5es di\u00e1rias e deix\u00e1-las bem mais saborosas e saud\u00e1veis? Nesse sentido, neste ano a EPAMIG quer avan\u00e7ar ainda mais em pesquisas com flores comest\u00edveis.<\/p>\n<p>Para 2020, a equipe do Campo Experimental Risoleta Neves pretende dar continuidade ao projeto de produ\u00e7\u00e3o agroecol\u00f3gica de flores comest\u00edveis. Outro projeto, que ser\u00e1 iniciado em breve, enxerga a floricultura como op\u00e7\u00e3o de diversifica\u00e7\u00e3o e aumento de renda para cafeicultores na regi\u00e3o do Campo das Vertentes.<\/p>\n<p>Tamb\u00e9m, a EPAMIG apoiar\u00e1 a realiza\u00e7\u00e3o do <strong><a href=\"https:\/\/www.facebook.com\/events\/ufla-universidade-federal-de-lavras\/i-encontro-da-regional-sudeste-de-floricultura-e-p-ornamentais\/2474946676094029\/\"><span style=\"color: #000080\">1\u00ba Encontro Regional Sudeste de Floricultura e Plantas Ornamentais<\/span><\/a><\/strong>, que acontecer\u00e1 em mar\u00e7o de 2020 na <strong><span style=\"color: #000080\"><a style=\"color: #000080\" href=\"https:\/\/ufla.br\/\">Universidade Federal de Lavras (UFLA)<\/a><\/span><\/strong>.<\/p>\n<p style=\"text-align: center\"><strong>Cultivo de flores com sustentabilidade econ\u00f4mica e socioambiental<\/strong><\/p>\n<p>A preocupa\u00e7\u00e3o com a sustentabilidade j\u00e1 \u00e9 uma realidade no mercado da floricultura. As pesquisas desenvolvidas pela EPAMIG s\u00e3o voltadas para atender esse aspecto cada vez mais demandado pelos consumidores.<\/p>\n<p><img data-recalc-dims=\"1\" decoding=\"async\" data-attachment-id=\"1509\" data-permalink=\"https:\/\/www.tvuai.com.br\/portal\/producao-de-flores-e-plantas-ornamentais-recebera-incentivos-federais-em-2020\/epamigflores2\/\" data-orig-file=\"https:\/\/i0.wp.com\/www.tvuai.com.br\/portal\/wp-content\/uploads\/2020\/01\/epamigflores2-e1577993370417.jpg?fit=200%2C133&amp;ssl=1\" data-orig-size=\"200,133\" data-comments-opened=\"0\" data-image-meta=\"{&quot;aperture&quot;:&quot;0&quot;,&quot;credit&quot;:&quot;&quot;,&quot;camera&quot;:&quot;&quot;,&quot;caption&quot;:&quot;&quot;,&quot;created_timestamp&quot;:&quot;0&quot;,&quot;copyright&quot;:&quot;&quot;,&quot;focal_length&quot;:&quot;0&quot;,&quot;iso&quot;:&quot;0&quot;,&quot;shutter_speed&quot;:&quot;0&quot;,&quot;title&quot;:&quot;&quot;,&quot;orientation&quot;:&quot;1&quot;}\" data-image-title=\"epamigflores2\" data-image-description=\"\" data-image-caption=\"\" data-medium-file=\"https:\/\/i0.wp.com\/www.tvuai.com.br\/portal\/wp-content\/uploads\/2020\/01\/epamigflores2-e1577993370417.jpg?fit=300%2C200&amp;ssl=1\" data-large-file=\"https:\/\/i0.wp.com\/www.tvuai.com.br\/portal\/wp-content\/uploads\/2020\/01\/epamigflores2-e1577993370417.jpg?fit=200%2C133&amp;ssl=1\" tabindex=\"0\" role=\"button\" class=\"size-full wp-image-1509 alignright\" src=\"https:\/\/i0.wp.com\/www.tvuai.com.br\/portal\/wp-content\/uploads\/2020\/01\/epamigflores2.jpg?resize=300%2C200\" alt=\"\" width=\"300\" height=\"200\" \/>A fim de obter flores de qualidade, a EPAMIG pesquisa maneiras de promover a nutri\u00e7\u00e3o equilibrada das plantas, de modo a reduzir o uso de adubos qu\u00edmicos e utilizar produtos alternativos para fornecer todos os nutrientes necess\u00e1rios.<\/p>\n<p>Para o controle de pragas, a empresa j\u00e1 obteve resultados promissores com o uso de plantas com flores para conserva\u00e7\u00e3o e aumento da popula\u00e7\u00e3o de inimigos naturais de roseiras.<\/p>\n<p>J\u00e1 com rela\u00e7\u00e3o \u00e0s flores comest\u00edveis, a popula\u00e7\u00e3o precisa ser bem orientada quanto \u00e0s esp\u00e9cies que podem ser ingeridas, pois v\u00e1rias plantas possuem flores t\u00f3xicas. A EPAMIG publicou uma cartilha para identifica\u00e7\u00e3o das esp\u00e9cies de flores que podemos usar na alimenta\u00e7\u00e3o humana. O <strong><span style=\"color: #000080\"><a style=\"color: #000080\" href=\"http:\/\/www.epamig.br\/download\/cartilha-flores-comestiveis\/\">download \u00e9 gratuito<\/a><\/span><\/strong>.<\/p>\n\n<div style=\"font-size: 0px; height: 0px; line-height: 0px; margin: 0; padding: 0; clear: both;\"><\/div><div class='share-to-whatsapp-wrapper'><div class='share-on-whsp'>Share on: <\/div><a data-text='Produ\u00e7\u00e3o de flores e plantas ornamentais receber\u00e1 incentivos federais em 2020' data-link='https:\/\/www.tvuai.com.br\/portal\/producao-de-flores-e-plantas-ornamentais-recebera-incentivos-federais-em-2020\/' class='whatsapp-button whatsapp-share'>WhatsApp<\/a><div class='clear '><\/div><\/div><!-- AddThis Advanced Settings generic via filter on the_content --><!-- AddThis Share Buttons generic via filter on the_content -->","protected":false},"excerpt":{"rendered":"<p>EPAMIG pretende buscar aprova\u00e7\u00e3o de projetos para difus\u00e3o de tecnologias em floricultura A Comiss\u00e3o de Agricultura e Reforma Agr\u00e1ria (CRA) aprovou um projeto de lei que cria a Pol\u00edtica Nacional de Incentivo \u00e0 Cultura de Flores e de Plantas Ornamentais de Qualidade. O Projeto de Lei, de autoria do deputado Evair Vieira de Melo, quer [&hellip;]<!-- AddThis Advanced Settings generic via filter on get_the_excerpt --><!-- AddThis Share Buttons generic via filter on get_the_excerpt --><\/p>\n","protected":false},"author":2,"featured_media":1509,"comment_status":"closed","ping_status":"closed","sticky":false,"template":"","format":"standard","meta":{"jetpack_post_was_ever_published":false,"_jetpack_newsletter_access":"","_jetpack_dont_email_post_to_subs":false,"_jetpack_newsletter_tier_id":0,"_jetpack_memberships_contains_paywalled_content":false,"_jetpack_memberships_contains_paid_content":false,"_joinchat":[],"footnotes":"","jetpack_publicize_message":"","jetpack_publicize_feature_enabled":true,"jetpack_social_post_already_shared":true,"jetpack_social_options":{"image_generator_settings":{"template":"highway","enabled":false},"version":2}},"categories":[19],"tags":[65,67,66,37,27],"class_list":["post-1507","post","type-post","status-publish","format-standard","has-post-thumbnail","hentry","category-noticias","tag-cultura-de-flores","tag-epamig","tag-plantas-ornamentais","tag-pouso-alegre","tag-tv-uai"],"jetpack_publicize_connections":[],"yoast_head":"<!-- This site is optimized with the Yoast SEO plugin v23.5 - https:\/\/yoast.com\/wordpress\/plugins\/seo\/ -->\n<title>Produ\u00e7\u00e3o de flores e plantas ornamentais receber\u00e1 incentivos federais em 2020 - TVUAI<\/title>\n<meta name=\"robots\" content=\"index, follow, max-snippet:-1, max-image-preview:large, max-video-preview:-1\" \/>\n<link rel=\"canonical\" href=\"https:\/\/www.tvuai.com.br\/portal\/producao-de-flores-e-plantas-ornamentais-recebera-incentivos-federais-em-2020\/\" \/>\n<meta property=\"og:locale\" content=\"pt_BR\" \/>\n<meta property=\"og:type\" content=\"article\" \/>\n<meta property=\"og:title\" content=\"Produ\u00e7\u00e3o de flores e plantas ornamentais receber\u00e1 incentivos federais em 2020 - TVUAI\" \/>\n<meta property=\"og:description\" content=\"EPAMIG pretende buscar aprova\u00e7\u00e3o de projetos para difus\u00e3o de tecnologias em floricultura A Comiss\u00e3o de Agricultura e Reforma Agr\u00e1ria (CRA) aprovou um projeto de lei que cria a Pol\u00edtica Nacional de Incentivo \u00e0 Cultura de Flores e de Plantas Ornamentais de Qualidade. O Projeto de Lei, de autoria do deputado Evair Vieira de Melo, quer [&hellip;]\" \/>\n<meta property=\"og:url\" content=\"https:\/\/www.tvuai.com.br\/portal\/producao-de-flores-e-plantas-ornamentais-recebera-incentivos-federais-em-2020\/\" \/>\n<meta property=\"og:site_name\" content=\"TVUAI\" \/>\n<meta property=\"article:publisher\" content=\"http:\/\/www.facebook.com\/pages\/TV-Uai-Comunica%c3%a7%c3%a3o\/139062546157369\" \/>\n<meta property=\"article:author\" content=\"https:\/\/www.facebook.com\/tvuai\/\" \/>\n<meta property=\"article:published_time\" content=\"2020-01-02T21:25:49+00:00\" \/>\n<meta property=\"article:modified_time\" content=\"2020-03-25T23:00:48+00:00\" \/>\n<meta property=\"og:image\" content=\"https:\/\/i0.wp.com\/www.tvuai.com.br\/portal\/wp-content\/uploads\/2020\/01\/epamigflores2-e1577993370417.jpg?fit=200%2C133&ssl=1\" \/>\n\t<meta property=\"og:image:width\" content=\"200\" \/>\n\t<meta property=\"og:image:height\" content=\"133\" \/>\n\t<meta property=\"og:image:type\" content=\"image\/jpeg\" \/>\n<meta name=\"author\" content=\"Rosy Pantale\u00e3o\" \/>\n<meta name=\"twitter:card\" content=\"summary_large_image\" \/>\n<meta name=\"twitter:creator\" content=\"@tvuai\" \/>\n<meta name=\"twitter:site\" content=\"@tvuai\" \/>\n<meta name=\"twitter:label1\" content=\"Escrito por\" \/>\n\t<meta name=\"twitter:data1\" content=\"Rosy Pantale\u00e3o\" \/>\n\t<meta name=\"twitter:label2\" content=\"Est. tempo de leitura\" \/>\n\t<meta name=\"twitter:data2\" content=\"3 minutos\" \/>\n<script type=\"application\/ld+json\" class=\"yoast-schema-graph\">{\"@context\":\"https:\/\/schema.org\",\"@graph\":[{\"@type\":\"Article\",\"@id\":\"https:\/\/www.tvuai.com.br\/portal\/producao-de-flores-e-plantas-ornamentais-recebera-incentivos-federais-em-2020\/#article\",\"isPartOf\":{\"@id\":\"https:\/\/www.tvuai.com.br\/portal\/producao-de-flores-e-plantas-ornamentais-recebera-incentivos-federais-em-2020\/\"},\"author\":{\"name\":\"Rosy Pantale\u00e3o\",\"@id\":\"https:\/\/www.tvuai.com.br\/portal\/#\/schema\/person\/d1c5c2b1dc1e658906286802aad38555\"},\"headline\":\"Produ\u00e7\u00e3o de flores e plantas ornamentais receber\u00e1 incentivos federais em 2020\",\"datePublished\":\"2020-01-02T21:25:49+00:00\",\"dateModified\":\"2020-03-25T23:00:48+00:00\",\"mainEntityOfPage\":{\"@id\":\"https:\/\/www.tvuai.com.br\/portal\/producao-de-flores-e-plantas-ornamentais-recebera-incentivos-federais-em-2020\/\"},\"wordCount\":706,\"publisher\":{\"@id\":\"https:\/\/www.tvuai.com.br\/portal\/#organization\"},\"image\":{\"@id\":\"https:\/\/www.tvuai.com.br\/portal\/producao-de-flores-e-plantas-ornamentais-recebera-incentivos-federais-em-2020\/#primaryimage\"},\"thumbnailUrl\":\"https:\/\/i0.wp.com\/www.tvuai.com.br\/portal\/wp-content\/uploads\/2020\/01\/epamigflores2-e1577993370417.jpg?fit=200%2C133&ssl=1\",\"keywords\":[\"cultura de flores\",\"Epamig\",\"plantas ornamentais\",\"Pouso Alegre\",\"TV Uai\"],\"articleSection\":[\"Not\u00edcias\"],\"inLanguage\":\"pt-BR\"},{\"@type\":\"WebPage\",\"@id\":\"https:\/\/www.tvuai.com.br\/portal\/producao-de-flores-e-plantas-ornamentais-recebera-incentivos-federais-em-2020\/\",\"url\":\"https:\/\/www.tvuai.com.br\/portal\/producao-de-flores-e-plantas-ornamentais-recebera-incentivos-federais-em-2020\/\",\"name\":\"Produ\u00e7\u00e3o de flores e plantas ornamentais receber\u00e1 incentivos federais em 2020 - TVUAI\",\"isPartOf\":{\"@id\":\"https:\/\/www.tvuai.com.br\/portal\/#website\"},\"primaryImageOfPage\":{\"@id\":\"https:\/\/www.tvuai.com.br\/portal\/producao-de-flores-e-plantas-ornamentais-recebera-incentivos-federais-em-2020\/#primaryimage\"},\"image\":{\"@id\":\"https:\/\/www.tvuai.com.br\/portal\/producao-de-flores-e-plantas-ornamentais-recebera-incentivos-federais-em-2020\/#primaryimage\"},\"thumbnailUrl\":\"https:\/\/i0.wp.com\/www.tvuai.com.br\/portal\/wp-content\/uploads\/2020\/01\/epamigflores2-e1577993370417.jpg?fit=200%2C133&ssl=1\",\"datePublished\":\"2020-01-02T21:25:49+00:00\",\"dateModified\":\"2020-03-25T23:00:48+00:00\",\"breadcrumb\":{\"@id\":\"https:\/\/www.tvuai.com.br\/portal\/producao-de-flores-e-plantas-ornamentais-recebera-incentivos-federais-em-2020\/#breadcrumb\"},\"inLanguage\":\"pt-BR\",\"potentialAction\":[{\"@type\":\"ReadAction\",\"target\":[\"https:\/\/www.tvuai.com.br\/portal\/producao-de-flores-e-plantas-ornamentais-recebera-incentivos-federais-em-2020\/\"]}]},{\"@type\":\"ImageObject\",\"inLanguage\":\"pt-BR\",\"@id\":\"https:\/\/www.tvuai.com.br\/portal\/producao-de-flores-e-plantas-ornamentais-recebera-incentivos-federais-em-2020\/#primaryimage\",\"url\":\"https:\/\/i0.wp.com\/www.tvuai.com.br\/portal\/wp-content\/uploads\/2020\/01\/epamigflores2-e1577993370417.jpg?fit=200%2C133&ssl=1\",\"contentUrl\":\"https:\/\/i0.wp.com\/www.tvuai.com.br\/portal\/wp-content\/uploads\/2020\/01\/epamigflores2-e1577993370417.jpg?fit=200%2C133&ssl=1\",\"width\":200,\"height\":133},{\"@type\":\"BreadcrumbList\",\"@id\":\"https:\/\/www.tvuai.com.br\/portal\/producao-de-flores-e-plantas-ornamentais-recebera-incentivos-federais-em-2020\/#breadcrumb\",\"itemListElement\":[{\"@type\":\"ListItem\",\"position\":1,\"name\":\"In\u00edcio\",\"item\":\"https:\/\/www.tvuai.com.br\/portal\/\"},{\"@type\":\"ListItem\",\"position\":2,\"name\":\"Produ\u00e7\u00e3o de flores e plantas ornamentais receber\u00e1 incentivos federais em 2020\"}]},{\"@type\":\"WebSite\",\"@id\":\"https:\/\/www.tvuai.com.br\/portal\/#website\",\"url\":\"https:\/\/www.tvuai.com.br\/portal\/\",\"name\":\"TVUAI\",\"description\":\"Tudo sobre o Sul de Minas\",\"publisher\":{\"@id\":\"https:\/\/www.tvuai.com.br\/portal\/#organization\"},\"potentialAction\":[{\"@type\":\"SearchAction\",\"target\":{\"@type\":\"EntryPoint\",\"urlTemplate\":\"https:\/\/www.tvuai.com.br\/portal\/?s={search_term_string}\"},\"query-input\":{\"@type\":\"PropertyValueSpecification\",\"valueRequired\":true,\"valueName\":\"search_term_string\"}}],\"inLanguage\":\"pt-BR\"},{\"@type\":\"Organization\",\"@id\":\"https:\/\/www.tvuai.com.br\/portal\/#organization\",\"name\":\"TVUAI\",\"url\":\"https:\/\/www.tvuai.com.br\/portal\/\",\"logo\":{\"@type\":\"ImageObject\",\"inLanguage\":\"pt-BR\",\"@id\":\"https:\/\/www.tvuai.com.br\/portal\/#\/schema\/logo\/image\/\",\"url\":\"https:\/\/i0.wp.com\/www.tvuai.com.br\/portal\/wp-content\/uploads\/2017\/12\/logo_tvuai_100H.png?fit=207%2C100&ssl=1\",\"contentUrl\":\"https:\/\/i0.wp.com\/www.tvuai.com.br\/portal\/wp-content\/uploads\/2017\/12\/logo_tvuai_100H.png?fit=207%2C100&ssl=1\",\"width\":207,\"height\":100,\"caption\":\"TVUAI\"},\"image\":{\"@id\":\"https:\/\/www.tvuai.com.br\/portal\/#\/schema\/logo\/image\/\"},\"sameAs\":[\"http:\/\/www.facebook.com\/pages\/TV-Uai-Comunica\u00e7\u00e3o\/139062546157369\",\"https:\/\/x.com\/tvuai\",\"https:\/\/www.instagram.com\/tvuai_network\/\",\"https:\/\/www.youtube.com\/channel\/UCB7ZPB3wRv-OpoZ_09jmnkQ\"]},{\"@type\":\"Person\",\"@id\":\"https:\/\/www.tvuai.com.br\/portal\/#\/schema\/person\/d1c5c2b1dc1e658906286802aad38555\",\"name\":\"Rosy Pantale\u00e3o\",\"sameAs\":[\"https:\/\/www.tvuai.com.br\/portal\/\",\"https:\/\/www.facebook.com\/tvuai\/\",\"https:\/\/www.instagram.com\/tvuai\",\"https:\/\/x.com\/tvuai\",\"https:\/\/www.youtube.com\/channel\/UCB7ZPB3wRv-OpoZ_09jmnkQ\",\"tvuai\"],\"url\":\"https:\/\/www.tvuai.com.br\/portal\/author\/rosy\/\"}]}<\/script>\n<!-- \/ Yoast SEO plugin. -->","yoast_head_json":{"title":"Produ\u00e7\u00e3o de flores e plantas ornamentais receber\u00e1 incentivos federais em 2020 - TVUAI","robots":{"index":"index","follow":"follow","max-snippet":"max-snippet:-1","max-image-preview":"max-image-preview:large","max-video-preview":"max-video-preview:-1"},"canonical":"https:\/\/www.tvuai.com.br\/portal\/producao-de-flores-e-plantas-ornamentais-recebera-incentivos-federais-em-2020\/","og_locale":"pt_BR","og_type":"article","og_title":"Produ\u00e7\u00e3o de flores e plantas ornamentais receber\u00e1 incentivos federais em 2020 - TVUAI","og_description":"EPAMIG pretende buscar aprova\u00e7\u00e3o de projetos para difus\u00e3o de tecnologias em floricultura A Comiss\u00e3o de Agricultura e Reforma Agr\u00e1ria (CRA) aprovou um projeto de lei que cria a Pol\u00edtica Nacional de Incentivo \u00e0 Cultura de Flores e de Plantas Ornamentais de Qualidade. O Projeto de Lei, de autoria do deputado Evair Vieira de Melo, quer [&hellip;]","og_url":"https:\/\/www.tvuai.com.br\/portal\/producao-de-flores-e-plantas-ornamentais-recebera-incentivos-federais-em-2020\/","og_site_name":"TVUAI","article_publisher":"http:\/\/www.facebook.com\/pages\/TV-Uai-Comunica%c3%a7%c3%a3o\/139062546157369","article_author":"https:\/\/www.facebook.com\/tvuai\/","article_published_time":"2020-01-02T21:25:49+00:00","article_modified_time":"2020-03-25T23:00:48+00:00","og_image":[{"width":200,"height":133,"url":"https:\/\/i0.wp.com\/www.tvuai.com.br\/portal\/wp-content\/uploads\/2020\/01\/epamigflores2-e1577993370417.jpg?fit=200%2C133&ssl=1","type":"image\/jpeg"}],"author":"Rosy Pantale\u00e3o","twitter_card":"summary_large_image","twitter_creator":"@tvuai","twitter_site":"@tvuai","twitter_misc":{"Escrito por":"Rosy Pantale\u00e3o","Est. tempo de leitura":"3 minutos"},"schema":{"@context":"https:\/\/schema.org","@graph":[{"@type":"Article","@id":"https:\/\/www.tvuai.com.br\/portal\/producao-de-flores-e-plantas-ornamentais-recebera-incentivos-federais-em-2020\/#article","isPartOf":{"@id":"https:\/\/www.tvuai.com.br\/portal\/producao-de-flores-e-plantas-ornamentais-recebera-incentivos-federais-em-2020\/"},"author":{"name":"Rosy Pantale\u00e3o","@id":"https:\/\/www.tvuai.com.br\/portal\/#\/schema\/person\/d1c5c2b1dc1e658906286802aad38555"},"headline":"Produ\u00e7\u00e3o de flores e plantas ornamentais receber\u00e1 incentivos federais em 2020","datePublished":"2020-01-02T21:25:49+00:00","dateModified":"2020-03-25T23:00:48+00:00","mainEntityOfPage":{"@id":"https:\/\/www.tvuai.com.br\/portal\/producao-de-flores-e-plantas-ornamentais-recebera-incentivos-federais-em-2020\/"},"wordCount":706,"publisher":{"@id":"https:\/\/www.tvuai.com.br\/portal\/#organization"},"image":{"@id":"https:\/\/www.tvuai.com.br\/portal\/producao-de-flores-e-plantas-ornamentais-recebera-incentivos-federais-em-2020\/#primaryimage"},"thumbnailUrl":"https:\/\/i0.wp.com\/www.tvuai.com.br\/portal\/wp-content\/uploads\/2020\/01\/epamigflores2-e1577993370417.jpg?fit=200%2C133&ssl=1","keywords":["cultura de flores","Epamig","plantas ornamentais","Pouso Alegre","TV Uai"],"articleSection":["Not\u00edcias"],"inLanguage":"pt-BR"},{"@type":"WebPage","@id":"https:\/\/www.tvuai.com.br\/portal\/producao-de-flores-e-plantas-ornamentais-recebera-incentivos-federais-em-2020\/","url":"https:\/\/www.tvuai.com.br\/portal\/producao-de-flores-e-plantas-ornamentais-recebera-incentivos-federais-em-2020\/","name":"Produ\u00e7\u00e3o de flores e plantas ornamentais receber\u00e1 incentivos federais em 2020 - TVUAI","isPartOf":{"@id":"https:\/\/www.tvuai.com.br\/portal\/#website"},"primaryImageOfPage":{"@id":"https:\/\/www.tvuai.com.br\/portal\/producao-de-flores-e-plantas-ornamentais-recebera-incentivos-federais-em-2020\/#primaryimage"},"image":{"@id":"https:\/\/www.tvuai.com.br\/portal\/producao-de-flores-e-plantas-ornamentais-recebera-incentivos-federais-em-2020\/#primaryimage"},"thumbnailUrl":"https:\/\/i0.wp.com\/www.tvuai.com.br\/portal\/wp-content\/uploads\/2020\/01\/epamigflores2-e1577993370417.jpg?fit=200%2C133&ssl=1","datePublished":"2020-01-02T21:25:49+00:00","dateModified":"2020-03-25T23:00:48+00:00","breadcrumb":{"@id":"https:\/\/www.tvuai.com.br\/portal\/producao-de-flores-e-plantas-ornamentais-recebera-incentivos-federais-em-2020\/#breadcrumb"},"inLanguage":"pt-BR","potentialAction":[{"@type":"ReadAction","target":["https:\/\/www.tvuai.com.br\/portal\/producao-de-flores-e-plantas-ornamentais-recebera-incentivos-federais-em-2020\/"]}]},{"@type":"ImageObject","inLanguage":"pt-BR","@id":"https:\/\/www.tvuai.com.br\/portal\/producao-de-flores-e-plantas-ornamentais-recebera-incentivos-federais-em-2020\/#primaryimage","url":"https:\/\/i0.wp.com\/www.tvuai.com.br\/portal\/wp-content\/uploads\/2020\/01\/epamigflores2-e1577993370417.jpg?fit=200%2C133&ssl=1","contentUrl":"https:\/\/i0.wp.com\/www.tvuai.com.br\/portal\/wp-content\/uploads\/2020\/01\/epamigflores2-e1577993370417.jpg?fit=200%2C133&ssl=1","width":200,"height":133},{"@type":"BreadcrumbList","@id":"https:\/\/www.tvuai.com.br\/portal\/producao-de-flores-e-plantas-ornamentais-recebera-incentivos-federais-em-2020\/#breadcrumb","itemListElement":[{"@type":"ListItem","position":1,"name":"In\u00edcio","item":"https:\/\/www.tvuai.com.br\/portal\/"},{"@type":"ListItem","position":2,"name":"Produ\u00e7\u00e3o de flores e plantas ornamentais receber\u00e1 incentivos federais em 2020"}]},{"@type":"WebSite","@id":"https:\/\/www.tvuai.com.br\/portal\/#website","url":"https:\/\/www.tvuai.com.br\/portal\/","name":"TVUAI","description":"Tudo sobre o Sul de Minas","publisher":{"@id":"https:\/\/www.tvuai.com.br\/portal\/#organization"},"potentialAction":[{"@type":"SearchAction","target":{"@type":"EntryPoint","urlTemplate":"https:\/\/www.tvuai.com.br\/portal\/?s={search_term_string}"},"query-input":{"@type":"PropertyValueSpecification","valueRequired":true,"valueName":"search_term_string"}}],"inLanguage":"pt-BR"},{"@type":"Organization","@id":"https:\/\/www.tvuai.com.br\/portal\/#organization","name":"TVUAI","url":"https:\/\/www.tvuai.com.br\/portal\/","logo":{"@type":"ImageObject","inLanguage":"pt-BR","@id":"https:\/\/www.tvuai.com.br\/portal\/#\/schema\/logo\/image\/","url":"https:\/\/i0.wp.com\/www.tvuai.com.br\/portal\/wp-content\/uploads\/2017\/12\/logo_tvuai_100H.png?fit=207%2C100&ssl=1","contentUrl":"https:\/\/i0.wp.com\/www.tvuai.com.br\/portal\/wp-content\/uploads\/2017\/12\/logo_tvuai_100H.png?fit=207%2C100&ssl=1","width":207,"height":100,"caption":"TVUAI"},"image":{"@id":"https:\/\/www.tvuai.com.br\/portal\/#\/schema\/logo\/image\/"},"sameAs":["http:\/\/www.facebook.com\/pages\/TV-Uai-Comunica\u00e7\u00e3o\/139062546157369","https:\/\/x.com\/tvuai","https:\/\/www.instagram.com\/tvuai_network\/","https:\/\/www.youtube.com\/channel\/UCB7ZPB3wRv-OpoZ_09jmnkQ"]},{"@type":"Person","@id":"https:\/\/www.tvuai.com.br\/portal\/#\/schema\/person\/d1c5c2b1dc1e658906286802aad38555","name":"Rosy Pantale\u00e3o","sameAs":["https:\/\/www.tvuai.com.br\/portal\/","https:\/\/www.facebook.com\/tvuai\/","https:\/\/www.instagram.com\/tvuai","https:\/\/x.com\/tvuai","https:\/\/www.youtube.com\/channel\/UCB7ZPB3wRv-OpoZ_09jmnkQ","tvuai"],"url":"https:\/\/www.tvuai.com.br\/portal\/author\/rosy\/"}]}},"jetpack_featured_media_url":"https:\/\/i0.wp.com\/www.tvuai.com.br\/portal\/wp-content\/uploads\/2020\/01\/epamigflores2-e1577993370417.jpg?fit=200%2C133&ssl=1","wpmagazine_modules_lite_featured_media_urls":{"thumbnail":["https:\/\/i0.wp.com\/www.tvuai.com.br\/portal\/wp-content\/uploads\/2020\/01\/epamigflores2-e1577993370417.jpg?resize=150%2C133&ssl=1",150,150,true],"cvmm-medium":["https:\/\/i0.wp.com\/www.tvuai.com.br\/portal\/wp-content\/uploads\/2020\/01\/epamigflores2-e1577993370417.jpg?resize=200%2C133&ssl=1",200,133,true],"cvmm-medium-plus":["https:\/\/i0.wp.com\/www.tvuai.com.br\/portal\/wp-content\/uploads\/2020\/01\/epamigflores2-e1577993370417.jpg?resize=200%2C133&ssl=1",200,133,true],"cvmm-portrait":["https:\/\/i0.wp.com\/www.tvuai.com.br\/portal\/wp-content\/uploads\/2020\/01\/epamigflores2-e1577993370417.jpg?resize=200%2C133&ssl=1",200,133,true],"cvmm-medium-square":["https:\/\/i0.wp.com\/www.tvuai.com.br\/portal\/wp-content\/uploads\/2020\/01\/epamigflores2-e1577993370417.jpg?resize=200%2C133&ssl=1",200,133,true],"cvmm-large":["https:\/\/i0.wp.com\/www.tvuai.com.br\/portal\/wp-content\/uploads\/2020\/01\/epamigflores2-e1577993370417.jpg?resize=200%2C133&ssl=1",200,133,true],"cvmm-small":["https:\/\/i0.wp.com\/www.tvuai.com.br\/portal\/wp-content\/uploads\/2020\/01\/epamigflores2-e1577993370417.jpg?resize=130%2C95&ssl=1",130,95,true],"full":["https:\/\/i0.wp.com\/www.tvuai.com.br\/portal\/wp-content\/uploads\/2020\/01\/epamigflores2-e1577993370417.jpg?fit=200%2C133&ssl=1",200,133,false]},"categories_names":{"19":{"name":"Not\u00edcias","link":"https:\/\/www.tvuai.com.br\/portal\/category\/noticias\/"}},"tags_names":{"65":{"name":"cultura de flores","link":"https:\/\/www.tvuai.com.br\/portal\/tag\/cultura-de-flores\/"},"67":{"name":"Epamig","link":"https:\/\/www.tvuai.com.br\/portal\/tag\/epamig\/"},"66":{"name":"plantas ornamentais","link":"https:\/\/www.tvuai.com.br\/portal\/tag\/plantas-ornamentais\/"},"37":{"name":"Pouso Alegre","link":"https:\/\/www.tvuai.com.br\/portal\/tag\/pouso-alegre\/"},"27":{"name":"TV Uai","link":"https:\/\/www.tvuai.com.br\/portal\/tag\/tv-uai\/"}},"comments_number":"0","jetpack_shortlink":"https:\/\/wp.me\/p9woix-oj","jetpack_sharing_enabled":true,"_links":{"self":[{"href":"https:\/\/www.tvuai.com.br\/portal\/wp-json\/wp\/v2\/posts\/1507"}],"collection":[{"href":"https:\/\/www.tvuai.com.br\/portal\/wp-json\/wp\/v2\/posts"}],"about":[{"href":"https:\/\/www.tvuai.com.br\/portal\/wp-json\/wp\/v2\/types\/post"}],"author":[{"embeddable":true,"href":"https:\/\/www.tvuai.com.br\/portal\/wp-json\/wp\/v2\/users\/2"}],"replies":[{"embeddable":true,"href":"https:\/\/www.tvuai.com.br\/portal\/wp-json\/wp\/v2\/comments?post=1507"}],"version-history":[{"count":1,"href":"https:\/\/www.tvuai.com.br\/portal\/wp-json\/wp\/v2\/posts\/1507\/revisions"}],"predecessor-version":[{"id":1511,"href":"https:\/\/www.tvuai.com.br\/portal\/wp-json\/wp\/v2\/posts\/1507\/revisions\/1511"}],"wp:featuredmedia":[{"embeddable":true,"href":"https:\/\/www.tvuai.com.br\/portal\/wp-json\/wp\/v2\/media\/1509"}],"wp:attachment":[{"href":"https:\/\/www.tvuai.com.br\/portal\/wp-json\/wp\/v2\/media?parent=1507"}],"wp:term":[{"taxonomy":"category","embeddable":true,"href":"https:\/\/www.tvuai.com.br\/portal\/wp-json\/wp\/v2\/categories?post=1507"},{"taxonomy":"post_tag","embeddable":true,"href":"https:\/\/www.tvuai.com.br\/portal\/wp-json\/wp\/v2\/tags?post=1507"}],"curies":[{"name":"wp","href":"https:\/\/api.w.org\/{rel}","templated":true}]}}