{"id":1481,"date":"2019-12-26T20:17:47","date_gmt":"2019-12-26T22:17:47","guid":{"rendered":"http:\/\/www.tvuai.com.br\/portal\/?p=1481"},"modified":"2020-01-02T20:09:15","modified_gmt":"2020-01-02T22:09:15","slug":"industrias-de-santa-rita-do-sapucai-voltam-a-crescer-apos-quatro-anos-de-retracao","status":"publish","type":"post","link":"https:\/\/www.tvuai.com.br\/portal\/industrias-de-santa-rita-do-sapucai-voltam-a-crescer-apos-quatro-anos-de-retracao\/","title":{"rendered":"Ind\u00fastrias de Santa Rita do Sapuca\u00ed voltam a crescer ap\u00f3s quatro anos de retra\u00e7\u00e3o"},"content":{"rendered":"<div class=\"5a1038e0903b96d426fcfcc338703013\" data-index=\"1\" style=\"float: right; margin:10px 0 10px 10px;\">\n<script async src=\"https:\/\/pagead2.googlesyndication.com\/pagead\/js\/adsbygoogle.js?client=ca-pub-9945944833605257\"\r\n     crossorigin=\"anonymous\"><\/script>\r\n<ins class=\"adsbygoogle\"\r\n     style=\"display:block; text-align:center;\"\r\n     data-ad-layout=\"in-article\"\r\n     data-ad-format=\"fluid\"\r\n     data-ad-client=\"ca-pub-9945944833605257\"\r\n     data-ad-slot=\"2343923581\"><\/ins>\r\n<script>\r\n     (adsbygoogle = window.adsbygoogle || []).push({});\r\n<\/script>\n<\/div>\n<p>&nbsp;<\/p>\n<p><img data-recalc-dims=\"1\" fetchpriority=\"high\" decoding=\"async\" data-attachment-id=\"1482\" data-permalink=\"https:\/\/www.tvuai.com.br\/portal\/industrias-de-santa-rita-do-sapucai-voltam-a-crescer-apos-quatro-anos-de-retracao\/staritacresce1\/\" data-orig-file=\"https:\/\/i0.wp.com\/www.tvuai.com.br\/portal\/wp-content\/uploads\/2019\/12\/staritacresce1-e1577394681510.jpg?fit=200%2C143&amp;ssl=1\" data-orig-size=\"200,143\" data-comments-opened=\"0\" data-image-meta=\"{&quot;aperture&quot;:&quot;0&quot;,&quot;credit&quot;:&quot;&quot;,&quot;camera&quot;:&quot;&quot;,&quot;caption&quot;:&quot;&quot;,&quot;created_timestamp&quot;:&quot;0&quot;,&quot;copyright&quot;:&quot;&quot;,&quot;focal_length&quot;:&quot;0&quot;,&quot;iso&quot;:&quot;0&quot;,&quot;shutter_speed&quot;:&quot;0&quot;,&quot;title&quot;:&quot;&quot;,&quot;orientation&quot;:&quot;1&quot;}\" data-image-title=\"staritacresce1\" data-image-description=\"\" data-image-caption=\"\" data-medium-file=\"https:\/\/i0.wp.com\/www.tvuai.com.br\/portal\/wp-content\/uploads\/2019\/12\/staritacresce1-e1577394681510.jpg?fit=300%2C215&amp;ssl=1\" data-large-file=\"https:\/\/i0.wp.com\/www.tvuai.com.br\/portal\/wp-content\/uploads\/2019\/12\/staritacresce1-e1577394681510.jpg?fit=200%2C143&amp;ssl=1\" tabindex=\"0\" role=\"button\" class=\"aligncenter size-full wp-image-1482\" src=\"https:\/\/i0.wp.com\/www.tvuai.com.br\/portal\/wp-content\/uploads\/2019\/12\/staritacresce1.jpg?resize=600%2C430\" alt=\"\" width=\"600\" height=\"430\" \/>Ap\u00f3s quatro anos consecutivos de queda no faturamento, as ind\u00fastrias localizadas no Vale da Eletr\u00f4nica, em Santa Rita do Sapuca\u00ed, no Sul de Minas Gerais, enfim encerrar\u00e3o o ano com n\u00fameros positivos. Embora ainda pequeno em rela\u00e7\u00e3o \u00e0 retra\u00e7\u00e3o acumulada nos \u00faltimos exerc\u00edcios, o avan\u00e7o de cerca de 5% sobre o ano anterior \u00e9 considerado positivo pelo representante do Arranjo Produtivo Local (APL).<\/p>\n<p>\u201cOs \u00faltimos anos foram marcados n\u00e3o apenas por resultados ruins, mas por um pessimismo entre os empres\u00e1rios. A cada encontro s\u00f3 havia reclama\u00e7\u00e3o e desesperan\u00e7a. Desta vez o cen\u00e1rio \u00e9 diferente. Est\u00e3o todos satisfeitos com os n\u00fameros apurados no fim de 2019 e com grandes expectativas para 2020\u201d, resumiu o presidente do Sindicato das Ind\u00fastrias de Aparelhos El\u00e9tricos, Eletr\u00f4nicos e Similares do Vale da Eletr\u00f4nica (Sindvel), Roberto de Souza Pinto.<\/p>\n<h5><img data-recalc-dims=\"1\" decoding=\"async\" data-attachment-id=\"1483\" data-permalink=\"https:\/\/www.tvuai.com.br\/portal\/industrias-de-santa-rita-do-sapucai-voltam-a-crescer-apos-quatro-anos-de-retracao\/staritacresce2\/\" data-orig-file=\"https:\/\/i0.wp.com\/www.tvuai.com.br\/portal\/wp-content\/uploads\/2019\/12\/staritacresce2.jpg?fit=300%2C226&amp;ssl=1\" data-orig-size=\"300,226\" data-comments-opened=\"0\" data-image-meta=\"{&quot;aperture&quot;:&quot;0&quot;,&quot;credit&quot;:&quot;&quot;,&quot;camera&quot;:&quot;&quot;,&quot;caption&quot;:&quot;&quot;,&quot;created_timestamp&quot;:&quot;0&quot;,&quot;copyright&quot;:&quot;&quot;,&quot;focal_length&quot;:&quot;0&quot;,&quot;iso&quot;:&quot;0&quot;,&quot;shutter_speed&quot;:&quot;0&quot;,&quot;title&quot;:&quot;&quot;,&quot;orientation&quot;:&quot;1&quot;}\" data-image-title=\"staritacresce2\" data-image-description=\"\" data-image-caption=\"\" data-medium-file=\"https:\/\/i0.wp.com\/www.tvuai.com.br\/portal\/wp-content\/uploads\/2019\/12\/staritacresce2.jpg?fit=300%2C226&amp;ssl=1\" data-large-file=\"https:\/\/i0.wp.com\/www.tvuai.com.br\/portal\/wp-content\/uploads\/2019\/12\/staritacresce2.jpg?fit=300%2C226&amp;ssl=1\" tabindex=\"0\" role=\"button\" class=\"size-full wp-image-1483 alignright\" src=\"https:\/\/i0.wp.com\/www.tvuai.com.br\/portal\/wp-content\/uploads\/2019\/12\/staritacresce2.jpg?resize=300%2C226\" alt=\"\" width=\"300\" height=\"226\" \/><\/h5>\n<p>O resultado deste exerc\u00edcio somente ser\u00e1 poss\u00edvel pelo incremento observado na demanda nos \u00faltimos meses. Conforme o dirigente, 2019 ainda foi marcado por grandes incertezas e morosidade nos campos pol\u00edtico e econ\u00f4mico. Condi\u00e7\u00e3o que mudou a partir do segundo semestre, principalmente ap\u00f3s a aprova\u00e7\u00e3o da reforma da Previd\u00eancia pelo Congresso Nacional.<\/p>\n<h5 style=\"text-align: right\">Polo emprega quase um ter\u00e7o da m\u00e3o de obra<br \/>\nda ind\u00fastria eletr\u00f4nica em Minas Gerais<\/h5>\n<p>&nbsp;<\/p>\n<p>Agora, de acordo com Souza Pinto, fica a expectativa para as outras agendas n\u00e3o somente no \u00e2mbito federal, mas tamb\u00e9m estadual. \u201cTenho acompanhado os trabalhos feitos pelo presidente Jair Bolsonaro e pelo governador Romeu Zema para a transforma\u00e7\u00e3o t\u00e3o necess\u00e1ria do Brasil e de Minas Gerais. Se os esfor\u00e7os continuarem nos pr\u00f3ximos anos, acredito que teremos picos de crescimento em 2020 e 2021\u201d, disse.<\/p>\n<p>Assim, para o pr\u00f3ximo exerc\u00edcio, a perspectiva \u00e9 de que o polo fature entre 30% e 35% a mais que neste ano, de maneira a recompor parte das perdas acumuladas at\u00e9 aqui. Segundo ele, as 150 ind\u00fastrias locais est\u00e3o preparadas para o aumento da demanda, pois, atualmente, operam com cerca de 70% da capacidade instalada.<\/p>\n<p>\u201cO grande desafio dos \u00faltimos anos foi justamente manter a inova\u00e7\u00e3o tecnol\u00f3gica, realizar investimentos, manter as f\u00e1bricas competitivas e a m\u00e3o de obra qualificada. Mas estamos organizados aguardando o crescimento que vir\u00e1\u201d, apostou. Caso as proje\u00e7\u00f5es para os pr\u00f3ximos anos se confirmem, o polo voltar\u00e1 aos desempenhos do per\u00edodo pr\u00e9-crise.<\/p>\n<p>Levantamento recente do Sindvel mostrou que somente os investimentos em pesquisa, inova\u00e7\u00e3o e desenvolvimento de produtos que as empresas do APL fizeram nos \u00faltimos anos chegaram \u00e0 m\u00e9dia de R$ 300 milh\u00f5es por ano. Como resultado, um faturamento de R$ 1 bilh\u00e3o em novos neg\u00f3cios dever\u00e1 ser atingido entre 2020 e 2021, comprovando as expectativas do dirigente.<\/p>\n<p>O Vale da Eletr\u00f4nica \u00e9 nacionalmente conhecido pelo desenvolvimento de tecnologias como a do padr\u00e3o brasileiro de TV digital e da urna eletr\u00f4nica e por atuar de forma pioneira na internet 5G. Para o ano que vem, entre os novos produtos estar\u00e3o solu\u00e7\u00f5es para ind\u00fastria 4.0, Internet das Coisas, biotecnologia sustent\u00e1vel para o campo, o mais avan\u00e7ado equipamento eletr\u00f4nico de medida protetiva para a mulher e eletrom\u00e9dicos de diagn\u00f3stico \u00e0 dist\u00e2ncia.<\/p>\n<p>Destaca-se ainda que o polo segue empregando quase um ter\u00e7o da m\u00e3o de obra da ind\u00fastria eletr\u00f4nica em Minas Gerais, com cerca de 14,7 mil pessoas atuando na produ\u00e7\u00e3o de 14.500 diferentes produtos. Em 2018, as empresas que integram o APL faturaram R$ 3,2 bilh\u00f5es.<\/p>\n<p>&nbsp;<\/p>\n<h6 style=\"text-align: right\">Com informa\u00e7\u00f5es de Mara Bianchetti\/Di\u00e1rio do Com\u00e9rcio<br \/>\nFotos: divulga\u00e7\u00e3o SEDS<\/h6>\n<p>&nbsp;<\/p>\n\n<div style=\"font-size: 0px; height: 0px; line-height: 0px; margin: 0; padding: 0; clear: both;\"><\/div><div class='share-to-whatsapp-wrapper'><div class='share-on-whsp'>Share on: <\/div><a data-text='Ind\u00fastrias de Santa Rita do Sapuca\u00ed voltam a crescer ap\u00f3s quatro anos de retra\u00e7\u00e3o' data-link='https:\/\/www.tvuai.com.br\/portal\/industrias-de-santa-rita-do-sapucai-voltam-a-crescer-apos-quatro-anos-de-retracao\/' class='whatsapp-button whatsapp-share'>WhatsApp<\/a><div class='clear '><\/div><\/div><!-- AddThis Advanced Settings generic via filter on the_content --><!-- AddThis Share Buttons generic via filter on the_content -->","protected":false},"excerpt":{"rendered":"<p>&nbsp; Ap\u00f3s quatro anos consecutivos de queda no faturamento, as ind\u00fastrias localizadas no Vale da Eletr\u00f4nica, em Santa Rita do Sapuca\u00ed, no Sul de Minas Gerais, enfim encerrar\u00e3o o ano com n\u00fameros positivos. Embora ainda pequeno em rela\u00e7\u00e3o \u00e0 retra\u00e7\u00e3o acumulada nos \u00faltimos exerc\u00edcios, o avan\u00e7o de cerca de 5% sobre o ano anterior \u00e9 [&hellip;]<!-- AddThis Advanced Settings generic via filter on get_the_excerpt --><!-- AddThis Share Buttons generic via filter on get_the_excerpt --><\/p>\n","protected":false},"author":2,"featured_media":1482,"comment_status":"closed","ping_status":"closed","sticky":false,"template":"","format":"standard","meta":{"jetpack_post_was_ever_published":false,"_jetpack_newsletter_access":"","_jetpack_dont_email_post_to_subs":false,"_jetpack_newsletter_tier_id":0,"_jetpack_memberships_contains_paywalled_content":false,"_jetpack_memberships_contains_paid_content":false,"_joinchat":[],"footnotes":"","jetpack_publicize_message":"","jetpack_publicize_feature_enabled":true,"jetpack_social_post_already_shared":true,"jetpack_social_options":{"image_generator_settings":{"template":"highway","enabled":false},"version":2}},"categories":[19],"tags":[50,52,49,53,51,39,27,48],"class_list":["post-1481","post","type-post","status-publish","format-standard","has-post-thumbnail","hentry","category-noticias","tag-apl-santa-rita-do-sapucai","tag-eletronicos-e-similares-do-vale-da-eletronica","tag-industrias-em-santa-rita-do-sapucai","tag-roberto-de-souza-pinto","tag-sindicato-das-industrias-de-aparelhos-eletricos","tag-sul-de-minas","tag-tv-uai","tag-vale-da-eletronica"],"jetpack_publicize_connections":[],"yoast_head":"<!-- This site is optimized with the Yoast SEO plugin v23.5 - https:\/\/yoast.com\/wordpress\/plugins\/seo\/ -->\n<title>Ind\u00fastrias de Santa Rita do Sapuca\u00ed voltam a crescer ap\u00f3s quatro anos de retra\u00e7\u00e3o - TVUAI<\/title>\n<meta name=\"robots\" content=\"index, follow, max-snippet:-1, max-image-preview:large, max-video-preview:-1\" \/>\n<link rel=\"canonical\" href=\"https:\/\/www.tvuai.com.br\/portal\/industrias-de-santa-rita-do-sapucai-voltam-a-crescer-apos-quatro-anos-de-retracao\/\" \/>\n<meta property=\"og:locale\" content=\"pt_BR\" \/>\n<meta property=\"og:type\" content=\"article\" \/>\n<meta property=\"og:title\" content=\"Ind\u00fastrias de Santa Rita do Sapuca\u00ed voltam a crescer ap\u00f3s quatro anos de retra\u00e7\u00e3o - TVUAI\" \/>\n<meta property=\"og:description\" content=\"&nbsp; Ap\u00f3s quatro anos consecutivos de queda no faturamento, as ind\u00fastrias localizadas no Vale da Eletr\u00f4nica, em Santa Rita do Sapuca\u00ed, no Sul de Minas Gerais, enfim encerrar\u00e3o o ano com n\u00fameros positivos. Embora ainda pequeno em rela\u00e7\u00e3o \u00e0 retra\u00e7\u00e3o acumulada nos \u00faltimos exerc\u00edcios, o avan\u00e7o de cerca de 5% sobre o ano anterior \u00e9 [&hellip;]\" \/>\n<meta property=\"og:url\" content=\"https:\/\/www.tvuai.com.br\/portal\/industrias-de-santa-rita-do-sapucai-voltam-a-crescer-apos-quatro-anos-de-retracao\/\" \/>\n<meta property=\"og:site_name\" content=\"TVUAI\" \/>\n<meta property=\"article:publisher\" content=\"http:\/\/www.facebook.com\/pages\/TV-Uai-Comunica%c3%a7%c3%a3o\/139062546157369\" \/>\n<meta property=\"article:author\" content=\"https:\/\/www.facebook.com\/tvuai\/\" \/>\n<meta property=\"article:published_time\" content=\"2019-12-26T22:17:47+00:00\" \/>\n<meta property=\"article:modified_time\" content=\"2020-01-02T22:09:15+00:00\" \/>\n<meta property=\"og:image\" content=\"https:\/\/i0.wp.com\/www.tvuai.com.br\/portal\/wp-content\/uploads\/2019\/12\/staritacresce1-e1577394681510.jpg?fit=200%2C143&ssl=1\" \/>\n\t<meta property=\"og:image:width\" content=\"200\" \/>\n\t<meta property=\"og:image:height\" content=\"143\" \/>\n\t<meta property=\"og:image:type\" content=\"image\/jpeg\" \/>\n<meta name=\"author\" content=\"Rosy Pantale\u00e3o\" \/>\n<meta name=\"twitter:card\" content=\"summary_large_image\" \/>\n<meta name=\"twitter:creator\" content=\"@tvuai\" \/>\n<meta name=\"twitter:site\" content=\"@tvuai\" \/>\n<meta name=\"twitter:label1\" content=\"Escrito por\" \/>\n\t<meta name=\"twitter:data1\" content=\"Rosy Pantale\u00e3o\" \/>\n\t<meta name=\"twitter:label2\" content=\"Est. tempo de leitura\" \/>\n\t<meta name=\"twitter:data2\" content=\"3 minutos\" \/>\n<script type=\"application\/ld+json\" class=\"yoast-schema-graph\">{\"@context\":\"https:\/\/schema.org\",\"@graph\":[{\"@type\":\"Article\",\"@id\":\"https:\/\/www.tvuai.com.br\/portal\/industrias-de-santa-rita-do-sapucai-voltam-a-crescer-apos-quatro-anos-de-retracao\/#article\",\"isPartOf\":{\"@id\":\"https:\/\/www.tvuai.com.br\/portal\/industrias-de-santa-rita-do-sapucai-voltam-a-crescer-apos-quatro-anos-de-retracao\/\"},\"author\":{\"name\":\"Rosy Pantale\u00e3o\",\"@id\":\"https:\/\/www.tvuai.com.br\/portal\/#\/schema\/person\/d1c5c2b1dc1e658906286802aad38555\"},\"headline\":\"Ind\u00fastrias de Santa Rita do Sapuca\u00ed voltam a crescer ap\u00f3s quatro anos de retra\u00e7\u00e3o\",\"datePublished\":\"2019-12-26T22:17:47+00:00\",\"dateModified\":\"2020-01-02T22:09:15+00:00\",\"mainEntityOfPage\":{\"@id\":\"https:\/\/www.tvuai.com.br\/portal\/industrias-de-santa-rita-do-sapucai-voltam-a-crescer-apos-quatro-anos-de-retracao\/\"},\"wordCount\":625,\"publisher\":{\"@id\":\"https:\/\/www.tvuai.com.br\/portal\/#organization\"},\"image\":{\"@id\":\"https:\/\/www.tvuai.com.br\/portal\/industrias-de-santa-rita-do-sapucai-voltam-a-crescer-apos-quatro-anos-de-retracao\/#primaryimage\"},\"thumbnailUrl\":\"https:\/\/i0.wp.com\/www.tvuai.com.br\/portal\/wp-content\/uploads\/2019\/12\/staritacresce1-e1577394681510.jpg?fit=200%2C143&ssl=1\",\"keywords\":[\"APL Santa Rita do Sapuca\u00ed\",\"Eletr\u00f4nicos e Similares do Vale da Eletr\u00f4nica\",\"ind\u00fastrias em Santa Rita do Sapuca\u00ed\",\"Roberto de Souza Pinto\",\"Sindicato das Ind\u00fastrias de Aparelhos El\u00e9tricos\",\"Sul de Minas\",\"TV Uai\",\"Vale da Eletr\u00f4nica\"],\"articleSection\":[\"Not\u00edcias\"],\"inLanguage\":\"pt-BR\"},{\"@type\":\"WebPage\",\"@id\":\"https:\/\/www.tvuai.com.br\/portal\/industrias-de-santa-rita-do-sapucai-voltam-a-crescer-apos-quatro-anos-de-retracao\/\",\"url\":\"https:\/\/www.tvuai.com.br\/portal\/industrias-de-santa-rita-do-sapucai-voltam-a-crescer-apos-quatro-anos-de-retracao\/\",\"name\":\"Ind\u00fastrias de Santa Rita do Sapuca\u00ed voltam a crescer ap\u00f3s quatro anos de retra\u00e7\u00e3o - TVUAI\",\"isPartOf\":{\"@id\":\"https:\/\/www.tvuai.com.br\/portal\/#website\"},\"primaryImageOfPage\":{\"@id\":\"https:\/\/www.tvuai.com.br\/portal\/industrias-de-santa-rita-do-sapucai-voltam-a-crescer-apos-quatro-anos-de-retracao\/#primaryimage\"},\"image\":{\"@id\":\"https:\/\/www.tvuai.com.br\/portal\/industrias-de-santa-rita-do-sapucai-voltam-a-crescer-apos-quatro-anos-de-retracao\/#primaryimage\"},\"thumbnailUrl\":\"https:\/\/i0.wp.com\/www.tvuai.com.br\/portal\/wp-content\/uploads\/2019\/12\/staritacresce1-e1577394681510.jpg?fit=200%2C143&ssl=1\",\"datePublished\":\"2019-12-26T22:17:47+00:00\",\"dateModified\":\"2020-01-02T22:09:15+00:00\",\"breadcrumb\":{\"@id\":\"https:\/\/www.tvuai.com.br\/portal\/industrias-de-santa-rita-do-sapucai-voltam-a-crescer-apos-quatro-anos-de-retracao\/#breadcrumb\"},\"inLanguage\":\"pt-BR\",\"potentialAction\":[{\"@type\":\"ReadAction\",\"target\":[\"https:\/\/www.tvuai.com.br\/portal\/industrias-de-santa-rita-do-sapucai-voltam-a-crescer-apos-quatro-anos-de-retracao\/\"]}]},{\"@type\":\"ImageObject\",\"inLanguage\":\"pt-BR\",\"@id\":\"https:\/\/www.tvuai.com.br\/portal\/industrias-de-santa-rita-do-sapucai-voltam-a-crescer-apos-quatro-anos-de-retracao\/#primaryimage\",\"url\":\"https:\/\/i0.wp.com\/www.tvuai.com.br\/portal\/wp-content\/uploads\/2019\/12\/staritacresce1-e1577394681510.jpg?fit=200%2C143&ssl=1\",\"contentUrl\":\"https:\/\/i0.wp.com\/www.tvuai.com.br\/portal\/wp-content\/uploads\/2019\/12\/staritacresce1-e1577394681510.jpg?fit=200%2C143&ssl=1\",\"width\":200,\"height\":143},{\"@type\":\"BreadcrumbList\",\"@id\":\"https:\/\/www.tvuai.com.br\/portal\/industrias-de-santa-rita-do-sapucai-voltam-a-crescer-apos-quatro-anos-de-retracao\/#breadcrumb\",\"itemListElement\":[{\"@type\":\"ListItem\",\"position\":1,\"name\":\"In\u00edcio\",\"item\":\"https:\/\/www.tvuai.com.br\/portal\/\"},{\"@type\":\"ListItem\",\"position\":2,\"name\":\"Ind\u00fastrias de Santa Rita do Sapuca\u00ed voltam a crescer ap\u00f3s quatro anos de retra\u00e7\u00e3o\"}]},{\"@type\":\"WebSite\",\"@id\":\"https:\/\/www.tvuai.com.br\/portal\/#website\",\"url\":\"https:\/\/www.tvuai.com.br\/portal\/\",\"name\":\"TVUAI\",\"description\":\"Tudo sobre o Sul de Minas\",\"publisher\":{\"@id\":\"https:\/\/www.tvuai.com.br\/portal\/#organization\"},\"potentialAction\":[{\"@type\":\"SearchAction\",\"target\":{\"@type\":\"EntryPoint\",\"urlTemplate\":\"https:\/\/www.tvuai.com.br\/portal\/?s={search_term_string}\"},\"query-input\":{\"@type\":\"PropertyValueSpecification\",\"valueRequired\":true,\"valueName\":\"search_term_string\"}}],\"inLanguage\":\"pt-BR\"},{\"@type\":\"Organization\",\"@id\":\"https:\/\/www.tvuai.com.br\/portal\/#organization\",\"name\":\"TVUAI\",\"url\":\"https:\/\/www.tvuai.com.br\/portal\/\",\"logo\":{\"@type\":\"ImageObject\",\"inLanguage\":\"pt-BR\",\"@id\":\"https:\/\/www.tvuai.com.br\/portal\/#\/schema\/logo\/image\/\",\"url\":\"https:\/\/i0.wp.com\/www.tvuai.com.br\/portal\/wp-content\/uploads\/2017\/12\/logo_tvuai_100H.png?fit=207%2C100&ssl=1\",\"contentUrl\":\"https:\/\/i0.wp.com\/www.tvuai.com.br\/portal\/wp-content\/uploads\/2017\/12\/logo_tvuai_100H.png?fit=207%2C100&ssl=1\",\"width\":207,\"height\":100,\"caption\":\"TVUAI\"},\"image\":{\"@id\":\"https:\/\/www.tvuai.com.br\/portal\/#\/schema\/logo\/image\/\"},\"sameAs\":[\"http:\/\/www.facebook.com\/pages\/TV-Uai-Comunica\u00e7\u00e3o\/139062546157369\",\"https:\/\/x.com\/tvuai\",\"https:\/\/www.instagram.com\/tvuai_network\/\",\"https:\/\/www.youtube.com\/channel\/UCB7ZPB3wRv-OpoZ_09jmnkQ\"]},{\"@type\":\"Person\",\"@id\":\"https:\/\/www.tvuai.com.br\/portal\/#\/schema\/person\/d1c5c2b1dc1e658906286802aad38555\",\"name\":\"Rosy Pantale\u00e3o\",\"sameAs\":[\"https:\/\/www.tvuai.com.br\/portal\/\",\"https:\/\/www.facebook.com\/tvuai\/\",\"https:\/\/www.instagram.com\/tvuai\",\"https:\/\/x.com\/tvuai\",\"https:\/\/www.youtube.com\/channel\/UCB7ZPB3wRv-OpoZ_09jmnkQ\",\"tvuai\"],\"url\":\"https:\/\/www.tvuai.com.br\/portal\/author\/rosy\/\"}]}<\/script>\n<!-- \/ Yoast SEO plugin. -->","yoast_head_json":{"title":"Ind\u00fastrias de Santa Rita do Sapuca\u00ed voltam a crescer ap\u00f3s quatro anos de retra\u00e7\u00e3o - TVUAI","robots":{"index":"index","follow":"follow","max-snippet":"max-snippet:-1","max-image-preview":"max-image-preview:large","max-video-preview":"max-video-preview:-1"},"canonical":"https:\/\/www.tvuai.com.br\/portal\/industrias-de-santa-rita-do-sapucai-voltam-a-crescer-apos-quatro-anos-de-retracao\/","og_locale":"pt_BR","og_type":"article","og_title":"Ind\u00fastrias de Santa Rita do Sapuca\u00ed voltam a crescer ap\u00f3s quatro anos de retra\u00e7\u00e3o - TVUAI","og_description":"&nbsp; Ap\u00f3s quatro anos consecutivos de queda no faturamento, as ind\u00fastrias localizadas no Vale da Eletr\u00f4nica, em Santa Rita do Sapuca\u00ed, no Sul de Minas Gerais, enfim encerrar\u00e3o o ano com n\u00fameros positivos. Embora ainda pequeno em rela\u00e7\u00e3o \u00e0 retra\u00e7\u00e3o acumulada nos \u00faltimos exerc\u00edcios, o avan\u00e7o de cerca de 5% sobre o ano anterior \u00e9 [&hellip;]","og_url":"https:\/\/www.tvuai.com.br\/portal\/industrias-de-santa-rita-do-sapucai-voltam-a-crescer-apos-quatro-anos-de-retracao\/","og_site_name":"TVUAI","article_publisher":"http:\/\/www.facebook.com\/pages\/TV-Uai-Comunica%c3%a7%c3%a3o\/139062546157369","article_author":"https:\/\/www.facebook.com\/tvuai\/","article_published_time":"2019-12-26T22:17:47+00:00","article_modified_time":"2020-01-02T22:09:15+00:00","og_image":[{"width":200,"height":143,"url":"https:\/\/i0.wp.com\/www.tvuai.com.br\/portal\/wp-content\/uploads\/2019\/12\/staritacresce1-e1577394681510.jpg?fit=200%2C143&ssl=1","type":"image\/jpeg"}],"author":"Rosy Pantale\u00e3o","twitter_card":"summary_large_image","twitter_creator":"@tvuai","twitter_site":"@tvuai","twitter_misc":{"Escrito por":"Rosy Pantale\u00e3o","Est. tempo de leitura":"3 minutos"},"schema":{"@context":"https:\/\/schema.org","@graph":[{"@type":"Article","@id":"https:\/\/www.tvuai.com.br\/portal\/industrias-de-santa-rita-do-sapucai-voltam-a-crescer-apos-quatro-anos-de-retracao\/#article","isPartOf":{"@id":"https:\/\/www.tvuai.com.br\/portal\/industrias-de-santa-rita-do-sapucai-voltam-a-crescer-apos-quatro-anos-de-retracao\/"},"author":{"name":"Rosy Pantale\u00e3o","@id":"https:\/\/www.tvuai.com.br\/portal\/#\/schema\/person\/d1c5c2b1dc1e658906286802aad38555"},"headline":"Ind\u00fastrias de Santa Rita do Sapuca\u00ed voltam a crescer ap\u00f3s quatro anos de retra\u00e7\u00e3o","datePublished":"2019-12-26T22:17:47+00:00","dateModified":"2020-01-02T22:09:15+00:00","mainEntityOfPage":{"@id":"https:\/\/www.tvuai.com.br\/portal\/industrias-de-santa-rita-do-sapucai-voltam-a-crescer-apos-quatro-anos-de-retracao\/"},"wordCount":625,"publisher":{"@id":"https:\/\/www.tvuai.com.br\/portal\/#organization"},"image":{"@id":"https:\/\/www.tvuai.com.br\/portal\/industrias-de-santa-rita-do-sapucai-voltam-a-crescer-apos-quatro-anos-de-retracao\/#primaryimage"},"thumbnailUrl":"https:\/\/i0.wp.com\/www.tvuai.com.br\/portal\/wp-content\/uploads\/2019\/12\/staritacresce1-e1577394681510.jpg?fit=200%2C143&ssl=1","keywords":["APL Santa Rita do Sapuca\u00ed","Eletr\u00f4nicos e Similares do Vale da Eletr\u00f4nica","ind\u00fastrias em Santa Rita do Sapuca\u00ed","Roberto de Souza Pinto","Sindicato das Ind\u00fastrias de Aparelhos El\u00e9tricos","Sul de Minas","TV Uai","Vale da Eletr\u00f4nica"],"articleSection":["Not\u00edcias"],"inLanguage":"pt-BR"},{"@type":"WebPage","@id":"https:\/\/www.tvuai.com.br\/portal\/industrias-de-santa-rita-do-sapucai-voltam-a-crescer-apos-quatro-anos-de-retracao\/","url":"https:\/\/www.tvuai.com.br\/portal\/industrias-de-santa-rita-do-sapucai-voltam-a-crescer-apos-quatro-anos-de-retracao\/","name":"Ind\u00fastrias de Santa Rita do Sapuca\u00ed voltam a crescer ap\u00f3s quatro anos de retra\u00e7\u00e3o - TVUAI","isPartOf":{"@id":"https:\/\/www.tvuai.com.br\/portal\/#website"},"primaryImageOfPage":{"@id":"https:\/\/www.tvuai.com.br\/portal\/industrias-de-santa-rita-do-sapucai-voltam-a-crescer-apos-quatro-anos-de-retracao\/#primaryimage"},"image":{"@id":"https:\/\/www.tvuai.com.br\/portal\/industrias-de-santa-rita-do-sapucai-voltam-a-crescer-apos-quatro-anos-de-retracao\/#primaryimage"},"thumbnailUrl":"https:\/\/i0.wp.com\/www.tvuai.com.br\/portal\/wp-content\/uploads\/2019\/12\/staritacresce1-e1577394681510.jpg?fit=200%2C143&ssl=1","datePublished":"2019-12-26T22:17:47+00:00","dateModified":"2020-01-02T22:09:15+00:00","breadcrumb":{"@id":"https:\/\/www.tvuai.com.br\/portal\/industrias-de-santa-rita-do-sapucai-voltam-a-crescer-apos-quatro-anos-de-retracao\/#breadcrumb"},"inLanguage":"pt-BR","potentialAction":[{"@type":"ReadAction","target":["https:\/\/www.tvuai.com.br\/portal\/industrias-de-santa-rita-do-sapucai-voltam-a-crescer-apos-quatro-anos-de-retracao\/"]}]},{"@type":"ImageObject","inLanguage":"pt-BR","@id":"https:\/\/www.tvuai.com.br\/portal\/industrias-de-santa-rita-do-sapucai-voltam-a-crescer-apos-quatro-anos-de-retracao\/#primaryimage","url":"https:\/\/i0.wp.com\/www.tvuai.com.br\/portal\/wp-content\/uploads\/2019\/12\/staritacresce1-e1577394681510.jpg?fit=200%2C143&ssl=1","contentUrl":"https:\/\/i0.wp.com\/www.tvuai.com.br\/portal\/wp-content\/uploads\/2019\/12\/staritacresce1-e1577394681510.jpg?fit=200%2C143&ssl=1","width":200,"height":143},{"@type":"BreadcrumbList","@id":"https:\/\/www.tvuai.com.br\/portal\/industrias-de-santa-rita-do-sapucai-voltam-a-crescer-apos-quatro-anos-de-retracao\/#breadcrumb","itemListElement":[{"@type":"ListItem","position":1,"name":"In\u00edcio","item":"https:\/\/www.tvuai.com.br\/portal\/"},{"@type":"ListItem","position":2,"name":"Ind\u00fastrias de Santa Rita do Sapuca\u00ed voltam a crescer ap\u00f3s quatro anos de retra\u00e7\u00e3o"}]},{"@type":"WebSite","@id":"https:\/\/www.tvuai.com.br\/portal\/#website","url":"https:\/\/www.tvuai.com.br\/portal\/","name":"TVUAI","description":"Tudo sobre o Sul de Minas","publisher":{"@id":"https:\/\/www.tvuai.com.br\/portal\/#organization"},"potentialAction":[{"@type":"SearchAction","target":{"@type":"EntryPoint","urlTemplate":"https:\/\/www.tvuai.com.br\/portal\/?s={search_term_string}"},"query-input":{"@type":"PropertyValueSpecification","valueRequired":true,"valueName":"search_term_string"}}],"inLanguage":"pt-BR"},{"@type":"Organization","@id":"https:\/\/www.tvuai.com.br\/portal\/#organization","name":"TVUAI","url":"https:\/\/www.tvuai.com.br\/portal\/","logo":{"@type":"ImageObject","inLanguage":"pt-BR","@id":"https:\/\/www.tvuai.com.br\/portal\/#\/schema\/logo\/image\/","url":"https:\/\/i0.wp.com\/www.tvuai.com.br\/portal\/wp-content\/uploads\/2017\/12\/logo_tvuai_100H.png?fit=207%2C100&ssl=1","contentUrl":"https:\/\/i0.wp.com\/www.tvuai.com.br\/portal\/wp-content\/uploads\/2017\/12\/logo_tvuai_100H.png?fit=207%2C100&ssl=1","width":207,"height":100,"caption":"TVUAI"},"image":{"@id":"https:\/\/www.tvuai.com.br\/portal\/#\/schema\/logo\/image\/"},"sameAs":["http:\/\/www.facebook.com\/pages\/TV-Uai-Comunica\u00e7\u00e3o\/139062546157369","https:\/\/x.com\/tvuai","https:\/\/www.instagram.com\/tvuai_network\/","https:\/\/www.youtube.com\/channel\/UCB7ZPB3wRv-OpoZ_09jmnkQ"]},{"@type":"Person","@id":"https:\/\/www.tvuai.com.br\/portal\/#\/schema\/person\/d1c5c2b1dc1e658906286802aad38555","name":"Rosy Pantale\u00e3o","sameAs":["https:\/\/www.tvuai.com.br\/portal\/","https:\/\/www.facebook.com\/tvuai\/","https:\/\/www.instagram.com\/tvuai","https:\/\/x.com\/tvuai","https:\/\/www.youtube.com\/channel\/UCB7ZPB3wRv-OpoZ_09jmnkQ","tvuai"],"url":"https:\/\/www.tvuai.com.br\/portal\/author\/rosy\/"}]}},"jetpack_featured_media_url":"https:\/\/i0.wp.com\/www.tvuai.com.br\/portal\/wp-content\/uploads\/2019\/12\/staritacresce1-e1577394681510.jpg?fit=200%2C143&ssl=1","wpmagazine_modules_lite_featured_media_urls":{"thumbnail":["https:\/\/i0.wp.com\/www.tvuai.com.br\/portal\/wp-content\/uploads\/2019\/12\/staritacresce1-e1577394681510.jpg?resize=150%2C143&ssl=1",150,150,true],"cvmm-medium":["https:\/\/i0.wp.com\/www.tvuai.com.br\/portal\/wp-content\/uploads\/2019\/12\/staritacresce1-e1577394681510.jpg?resize=200%2C143&ssl=1",200,143,true],"cvmm-medium-plus":["https:\/\/i0.wp.com\/www.tvuai.com.br\/portal\/wp-content\/uploads\/2019\/12\/staritacresce1-e1577394681510.jpg?resize=200%2C143&ssl=1",200,143,true],"cvmm-portrait":["https:\/\/i0.wp.com\/www.tvuai.com.br\/portal\/wp-content\/uploads\/2019\/12\/staritacresce1-e1577394681510.jpg?resize=200%2C143&ssl=1",200,143,true],"cvmm-medium-square":["https:\/\/i0.wp.com\/www.tvuai.com.br\/portal\/wp-content\/uploads\/2019\/12\/staritacresce1-e1577394681510.jpg?resize=200%2C143&ssl=1",200,143,true],"cvmm-large":["https:\/\/i0.wp.com\/www.tvuai.com.br\/portal\/wp-content\/uploads\/2019\/12\/staritacresce1-e1577394681510.jpg?resize=200%2C143&ssl=1",200,143,true],"cvmm-small":["https:\/\/i0.wp.com\/www.tvuai.com.br\/portal\/wp-content\/uploads\/2019\/12\/staritacresce1-e1577394681510.jpg?resize=130%2C95&ssl=1",130,95,true],"full":["https:\/\/i0.wp.com\/www.tvuai.com.br\/portal\/wp-content\/uploads\/2019\/12\/staritacresce1-e1577394681510.jpg?fit=200%2C143&ssl=1",200,143,false]},"categories_names":{"19":{"name":"Not\u00edcias","link":"https:\/\/www.tvuai.com.br\/portal\/category\/noticias\/"}},"tags_names":{"50":{"name":"APL Santa Rita do Sapuca\u00ed","link":"https:\/\/www.tvuai.com.br\/portal\/tag\/apl-santa-rita-do-sapucai\/"},"52":{"name":"Eletr\u00f4nicos e Similares do Vale da Eletr\u00f4nica","link":"https:\/\/www.tvuai.com.br\/portal\/tag\/eletronicos-e-similares-do-vale-da-eletronica\/"},"49":{"name":"ind\u00fastrias em Santa Rita do Sapuca\u00ed","link":"https:\/\/www.tvuai.com.br\/portal\/tag\/industrias-em-santa-rita-do-sapucai\/"},"53":{"name":"Roberto de Souza Pinto","link":"https:\/\/www.tvuai.com.br\/portal\/tag\/roberto-de-souza-pinto\/"},"51":{"name":"Sindicato das Ind\u00fastrias de Aparelhos El\u00e9tricos","link":"https:\/\/www.tvuai.com.br\/portal\/tag\/sindicato-das-industrias-de-aparelhos-eletricos\/"},"39":{"name":"Sul de Minas","link":"https:\/\/www.tvuai.com.br\/portal\/tag\/sul-de-minas\/"},"27":{"name":"TV Uai","link":"https:\/\/www.tvuai.com.br\/portal\/tag\/tv-uai\/"},"48":{"name":"Vale da Eletr\u00f4nica","link":"https:\/\/www.tvuai.com.br\/portal\/tag\/vale-da-eletronica\/"}},"comments_number":"0","jetpack_shortlink":"https:\/\/wp.me\/p9woix-nT","jetpack_sharing_enabled":true,"_links":{"self":[{"href":"https:\/\/www.tvuai.com.br\/portal\/wp-json\/wp\/v2\/posts\/1481"}],"collection":[{"href":"https:\/\/www.tvuai.com.br\/portal\/wp-json\/wp\/v2\/posts"}],"about":[{"href":"https:\/\/www.tvuai.com.br\/portal\/wp-json\/wp\/v2\/types\/post"}],"author":[{"embeddable":true,"href":"https:\/\/www.tvuai.com.br\/portal\/wp-json\/wp\/v2\/users\/2"}],"replies":[{"embeddable":true,"href":"https:\/\/www.tvuai.com.br\/portal\/wp-json\/wp\/v2\/comments?post=1481"}],"version-history":[{"count":2,"href":"https:\/\/www.tvuai.com.br\/portal\/wp-json\/wp\/v2\/posts\/1481\/revisions"}],"predecessor-version":[{"id":1485,"href":"https:\/\/www.tvuai.com.br\/portal\/wp-json\/wp\/v2\/posts\/1481\/revisions\/1485"}],"wp:featuredmedia":[{"embeddable":true,"href":"https:\/\/www.tvuai.com.br\/portal\/wp-json\/wp\/v2\/media\/1482"}],"wp:attachment":[{"href":"https:\/\/www.tvuai.com.br\/portal\/wp-json\/wp\/v2\/media?parent=1481"}],"wp:term":[{"taxonomy":"category","embeddable":true,"href":"https:\/\/www.tvuai.com.br\/portal\/wp-json\/wp\/v2\/categories?post=1481"},{"taxonomy":"post_tag","embeddable":true,"href":"https:\/\/www.tvuai.com.br\/portal\/wp-json\/wp\/v2\/tags?post=1481"}],"curies":[{"name":"wp","href":"https:\/\/api.w.org\/{rel}","templated":true}]}}