{"id":14021,"date":"2025-11-10T19:28:05","date_gmt":"2025-11-10T22:28:05","guid":{"rendered":"https:\/\/www.tvuai.com.br\/portal\/?p=14021"},"modified":"2025-11-12T09:38:52","modified_gmt":"2025-11-12T12:38:52","slug":"extrema-abre-160-vagas-gratuitas-de-tenis-de-mesa-no-poliesportivo-atividade-sera-ministrada-por-ex-atleta-da-selecao-brasileira","status":"publish","type":"post","link":"https:\/\/www.tvuai.com.br\/portal\/extrema-abre-160-vagas-gratuitas-de-tenis-de-mesa-no-poliesportivo-atividade-sera-ministrada-por-ex-atleta-da-selecao-brasileira\/","title":{"rendered":"Extrema abre 160 vagas gratuitas de t\u00eanis de mesa no Poliesportivo; atividade ser\u00e1 ministrada por ex-atleta da sele\u00e7\u00e3o brasileira"},"content":{"rendered":"<div class=\"5a1038e0903b96d426fcfcc338703013\" data-index=\"1\" style=\"float: right; margin:10px 0 10px 10px;\">\n<script async src=\"https:\/\/pagead2.googlesyndication.com\/pagead\/js\/adsbygoogle.js?client=ca-pub-9945944833605257\"\r\n     crossorigin=\"anonymous\"><\/script>\r\n<ins class=\"adsbygoogle\"\r\n     style=\"display:block; text-align:center;\"\r\n     data-ad-layout=\"in-article\"\r\n     data-ad-format=\"fluid\"\r\n     data-ad-client=\"ca-pub-9945944833605257\"\r\n     data-ad-slot=\"2343923581\"><\/ins>\r\n<script>\r\n     (adsbygoogle = window.adsbygoogle || []).push({});\r\n<\/script>\n<\/div>\n<h5 style=\"text-align: center;\" data-start=\"225\" data-end=\"415\"><em><strong><img data-recalc-dims=\"1\" fetchpriority=\"high\" decoding=\"async\" data-attachment-id=\"14023\" data-permalink=\"https:\/\/www.tvuai.com.br\/portal\/extrema-abre-160-vagas-gratuitas-de-tenis-de-mesa-no-poliesportivo-atividade-sera-ministrada-por-ex-atleta-da-selecao-brasileira\/extremaping1\/\" data-orig-file=\"https:\/\/i0.wp.com\/www.tvuai.com.br\/portal\/wp-content\/uploads\/2025\/11\/extremaping1.jpg?fit=800%2C533&amp;ssl=1\" data-orig-size=\"800,533\" data-comments-opened=\"0\" data-image-meta=\"{&quot;aperture&quot;:&quot;0&quot;,&quot;credit&quot;:&quot;&quot;,&quot;camera&quot;:&quot;&quot;,&quot;caption&quot;:&quot;&quot;,&quot;created_timestamp&quot;:&quot;0&quot;,&quot;copyright&quot;:&quot;&quot;,&quot;focal_length&quot;:&quot;0&quot;,&quot;iso&quot;:&quot;0&quot;,&quot;shutter_speed&quot;:&quot;0&quot;,&quot;title&quot;:&quot;&quot;,&quot;orientation&quot;:&quot;0&quot;}\" data-image-title=\"extremaping1\" data-image-description=\"\" data-image-caption=\"\" data-medium-file=\"https:\/\/i0.wp.com\/www.tvuai.com.br\/portal\/wp-content\/uploads\/2025\/11\/extremaping1.jpg?fit=300%2C200&amp;ssl=1\" data-large-file=\"https:\/\/i0.wp.com\/www.tvuai.com.br\/portal\/wp-content\/uploads\/2025\/11\/extremaping1.jpg?fit=640%2C426&amp;ssl=1\" tabindex=\"0\" role=\"button\" class=\"aligncenter size-full wp-image-14023\" src=\"https:\/\/i0.wp.com\/www.tvuai.com.br\/portal\/wp-content\/uploads\/2025\/11\/extremaping1.jpg?resize=640%2C426&#038;ssl=1\" alt=\"\" width=\"640\" height=\"426\" srcset=\"https:\/\/i0.wp.com\/www.tvuai.com.br\/portal\/wp-content\/uploads\/2025\/11\/extremaping1.jpg?w=800&amp;ssl=1 800w, https:\/\/i0.wp.com\/www.tvuai.com.br\/portal\/wp-content\/uploads\/2025\/11\/extremaping1.jpg?resize=300%2C200&amp;ssl=1 300w, https:\/\/i0.wp.com\/www.tvuai.com.br\/portal\/wp-content\/uploads\/2025\/11\/extremaping1.jpg?resize=768%2C512&amp;ssl=1 768w\" sizes=\"(max-width: 640px) 100vw, 640px\" \/>Secretaria de Esporte de Extrema lan\u00e7a aulas gratuitas de t\u00eanis de mesa com 160 vagas para todas as idades. Atividades come\u00e7aram na segunda-feira passada<\/strong><\/em><\/h5>\n<p data-start=\"453\" data-end=\"775\">A Secretaria de Esporte, Lazer e Juventude de Extrema anunciou a inclus\u00e3o do t\u00eanis de mesa na grade esportiva municipal. A partir desde segunda-feira passada, 3, a pr\u00e1tica passou a fazer parte das atividades regulares do Poliesportivo, ampliando para 18 o n\u00famero de modalidades esportivas gratuitas oferecidas pela Secretaria.<\/p>\n<p data-start=\"777\" data-end=\"1020\">Ao todo, est\u00e3o dispon\u00edveis 160 vagas gratuitas para interessados a partir de 7 anos. As aulas ser\u00e3o realizadas em quatro turmas mistas, cada uma com 40 alunos. O participante poder\u00e1 escolher o dia e hor\u00e1rio que melhor se encaixa na rotina:<\/p>\n<ul data-start=\"1022\" data-end=\"1108\">\n<li data-start=\"1022\" data-end=\"1054\">\n<p data-start=\"1024\" data-end=\"1054\">Segundas ou quartas-feiras<\/p>\n<\/li>\n<li data-start=\"1055\" data-end=\"1108\">\n<p data-start=\"1057\" data-end=\"1108\">Turmas das 18h \u00e0s 19h30 ou das 20h \u00e0s 21h30<\/p>\n<\/li>\n<\/ul>\n<p data-start=\"1110\" data-end=\"1241\">As sess\u00f5es de treinamento v\u00e3o ocorrer no Gin\u00e1sio Poliesportivo, em um sal\u00e3o fechado localizado na \u00e1rea da piscina externa de lazer.<\/p>\n<p data-start=\"1243\" data-end=\"1505\">As atividades ser\u00e3o ministradas por Rodrigo Kojima, professor e ex-atleta da sele\u00e7\u00e3o brasileira de t\u00eanis de mesa. Kojima tem no curr\u00edculo t\u00edtulos nacionais e internacionais, incluindo campeonatos brasileiro, sul-americano, latino-americano e ibero-americano.<\/p>\n<p data-start=\"1507\" data-end=\"1652\">A aula inaugural aconteceu na segunda-feira,3, e os interessados poder\u00e3o participar e fazer a inscri\u00e7\u00e3o diretamente com o professor no local.<\/p>\n<p data-start=\"1654\" data-end=\"1715\">Informa\u00e7\u00f5es e inscri\u00e7\u00f5es: WhatsApp: (35) 9.8863-9674<\/p>\n\n<div style=\"font-size: 0px; height: 0px; line-height: 0px; margin: 0; padding: 0; clear: both;\"><\/div><div class='share-to-whatsapp-wrapper'><div class='share-on-whsp'>Share on: <\/div><a data-text='Extrema abre 160 vagas gratuitas de t\u00eanis de mesa no Poliesportivo; atividade ser\u00e1 ministrada por ex-atleta da sele\u00e7\u00e3o brasileira' data-link='https:\/\/www.tvuai.com.br\/portal\/extrema-abre-160-vagas-gratuitas-de-tenis-de-mesa-no-poliesportivo-atividade-sera-ministrada-por-ex-atleta-da-selecao-brasileira\/' class='whatsapp-button whatsapp-share'>WhatsApp<\/a><div class='clear '><\/div><\/div><!-- AddThis Advanced Settings generic via filter on the_content --><!-- AddThis Share Buttons generic via filter on the_content -->","protected":false},"excerpt":{"rendered":"<p>Secretaria de Esporte de Extrema lan\u00e7a aulas gratuitas de t\u00eanis de mesa com 160 vagas para todas as idades. Atividades come\u00e7aram na segunda-feira passada A Secretaria de Esporte, Lazer e Juventude de Extrema anunciou a inclus\u00e3o do t\u00eanis de mesa na grade esportiva municipal. A partir desde segunda-feira passada, 3, a pr\u00e1tica passou a fazer [&hellip;]<!-- AddThis Advanced Settings generic via filter on get_the_excerpt --><!-- AddThis Share Buttons generic via filter on get_the_excerpt --><\/p>\n","protected":false},"author":1,"featured_media":14024,"comment_status":"closed","ping_status":"closed","sticky":false,"template":"","format":"standard","meta":{"jetpack_post_was_ever_published":false,"_jetpack_newsletter_access":"","_jetpack_dont_email_post_to_subs":false,"_jetpack_newsletter_tier_id":0,"_jetpack_memberships_contains_paywalled_content":false,"_jetpack_memberships_contains_paid_content":false,"_joinchat":[],"footnotes":"","jetpack_publicize_message":"","jetpack_publicize_feature_enabled":true,"jetpack_social_post_already_shared":false,"jetpack_social_options":{"image_generator_settings":{"template":"highway","enabled":false},"version":2}},"categories":[20,1819,19,5],"tags":[7256,6314,7255,272,6595,184,7258,37,7257,7253,39,7252,27,1618,4796,7254],"class_list":["post-14021","post","type-post","status-publish","format-standard","has-post-thumbnail","hentry","category-entretenimento","category-esportes","category-noticias","category-ultimas","tag-atividades-esportivas","tag-esporte","tag-esporte-para-todas-as-idades","tag-extrema","tag-lazer","tag-minas-gerais","tag-poliesportivo-de-extrema","tag-pouso-alegre","tag-rodrigo-kojima","tag-secretaria-de-esporte","tag-sul-de-minas","tag-tenis-de-mesa","tag-tv-uai","tag-tv-uai-pouso-alegre","tag-tvuai25","tag-vagas-gratuitas"],"jetpack_publicize_connections":[],"yoast_head":"<!-- This site is optimized with the Yoast SEO plugin v23.5 - https:\/\/yoast.com\/wordpress\/plugins\/seo\/ -->\n<title>Extrema abre 160 vagas gratuitas de t\u00eanis de mesa no Poliesportivo; atividade ser\u00e1 ministrada por ex-atleta da sele\u00e7\u00e3o brasileira - TVUAI<\/title>\n<meta name=\"robots\" content=\"index, follow, max-snippet:-1, max-image-preview:large, max-video-preview:-1\" \/>\n<link rel=\"canonical\" href=\"https:\/\/www.tvuai.com.br\/portal\/extrema-abre-160-vagas-gratuitas-de-tenis-de-mesa-no-poliesportivo-atividade-sera-ministrada-por-ex-atleta-da-selecao-brasileira\/\" \/>\n<meta property=\"og:locale\" content=\"pt_BR\" \/>\n<meta property=\"og:type\" content=\"article\" \/>\n<meta property=\"og:title\" content=\"Extrema abre 160 vagas gratuitas de t\u00eanis de mesa no Poliesportivo; atividade ser\u00e1 ministrada por ex-atleta da sele\u00e7\u00e3o brasileira - TVUAI\" \/>\n<meta property=\"og:description\" content=\"Secretaria de Esporte de Extrema lan\u00e7a aulas gratuitas de t\u00eanis de mesa com 160 vagas para todas as idades. Atividades come\u00e7aram na segunda-feira passada A Secretaria de Esporte, Lazer e Juventude de Extrema anunciou a inclus\u00e3o do t\u00eanis de mesa na grade esportiva municipal. A partir desde segunda-feira passada, 3, a pr\u00e1tica passou a fazer [&hellip;]\" \/>\n<meta property=\"og:url\" content=\"https:\/\/www.tvuai.com.br\/portal\/extrema-abre-160-vagas-gratuitas-de-tenis-de-mesa-no-poliesportivo-atividade-sera-ministrada-por-ex-atleta-da-selecao-brasileira\/\" \/>\n<meta property=\"og:site_name\" content=\"TVUAI\" \/>\n<meta property=\"article:publisher\" content=\"http:\/\/www.facebook.com\/pages\/TV-Uai-Comunica%c3%a7%c3%a3o\/139062546157369\" \/>\n<meta property=\"article:published_time\" content=\"2025-11-10T22:28:05+00:00\" \/>\n<meta property=\"article:modified_time\" content=\"2025-11-12T12:38:52+00:00\" \/>\n<meta property=\"og:image\" content=\"https:\/\/www.tvuai.com.br\/portal\/wp-content\/uploads\/2025\/11\/extremaping0.jpg\" \/>\n\t<meta property=\"og:image:width\" content=\"200\" \/>\n\t<meta property=\"og:image:height\" content=\"200\" \/>\n\t<meta property=\"og:image:type\" content=\"image\/jpeg\" \/>\n<meta name=\"author\" content=\"tvuai\" \/>\n<meta name=\"twitter:card\" content=\"summary_large_image\" \/>\n<meta name=\"twitter:creator\" content=\"@tvuai\" \/>\n<meta name=\"twitter:site\" content=\"@tvuai\" \/>\n<meta name=\"twitter:label1\" content=\"Escrito por\" \/>\n\t<meta name=\"twitter:data1\" content=\"tvuai\" \/>\n\t<meta name=\"twitter:label2\" content=\"Est. tempo de leitura\" \/>\n\t<meta name=\"twitter:data2\" content=\"2 minutos\" \/>\n<script type=\"application\/ld+json\" class=\"yoast-schema-graph\">{\"@context\":\"https:\/\/schema.org\",\"@graph\":[{\"@type\":\"Article\",\"@id\":\"https:\/\/www.tvuai.com.br\/portal\/extrema-abre-160-vagas-gratuitas-de-tenis-de-mesa-no-poliesportivo-atividade-sera-ministrada-por-ex-atleta-da-selecao-brasileira\/#article\",\"isPartOf\":{\"@id\":\"https:\/\/www.tvuai.com.br\/portal\/extrema-abre-160-vagas-gratuitas-de-tenis-de-mesa-no-poliesportivo-atividade-sera-ministrada-por-ex-atleta-da-selecao-brasileira\/\"},\"author\":{\"name\":\"tvuai\",\"@id\":\"https:\/\/www.tvuai.com.br\/portal\/#\/schema\/person\/245e50e9127451fd0b7fd76f519ebbfe\"},\"headline\":\"Extrema abre 160 vagas gratuitas de t\u00eanis de mesa no Poliesportivo; atividade ser\u00e1 ministrada por ex-atleta da sele\u00e7\u00e3o brasileira\",\"datePublished\":\"2025-11-10T22:28:05+00:00\",\"dateModified\":\"2025-11-12T12:38:52+00:00\",\"mainEntityOfPage\":{\"@id\":\"https:\/\/www.tvuai.com.br\/portal\/extrema-abre-160-vagas-gratuitas-de-tenis-de-mesa-no-poliesportivo-atividade-sera-ministrada-por-ex-atleta-da-selecao-brasileira\/\"},\"wordCount\":244,\"publisher\":{\"@id\":\"https:\/\/www.tvuai.com.br\/portal\/#organization\"},\"image\":{\"@id\":\"https:\/\/www.tvuai.com.br\/portal\/extrema-abre-160-vagas-gratuitas-de-tenis-de-mesa-no-poliesportivo-atividade-sera-ministrada-por-ex-atleta-da-selecao-brasileira\/#primaryimage\"},\"thumbnailUrl\":\"https:\/\/i0.wp.com\/www.tvuai.com.br\/portal\/wp-content\/uploads\/2025\/11\/extremaping0.jpg?fit=200%2C200&ssl=1\",\"keywords\":[\"atividades esportivas\",\"esporte\",\"esporte para todas as idades\",\"Extrema\",\"lazer\",\"Minas Gerais\",\"Poliesportivo de Extrema\",\"Pouso Alegre\",\"Rodrigo Kojima\",\"Secretaria de Esporte\",\"Sul de Minas\",\"t\u00eanis de mesa\",\"TV Uai\",\"TV UAI Pouso Alegre\",\"TVUAI25\",\"vagas gratuitas\"],\"articleSection\":[\"Entretenimento\",\"Esportes\",\"Not\u00edcias\",\"\u00daltimas Not\u00edcias\"],\"inLanguage\":\"pt-BR\"},{\"@type\":\"WebPage\",\"@id\":\"https:\/\/www.tvuai.com.br\/portal\/extrema-abre-160-vagas-gratuitas-de-tenis-de-mesa-no-poliesportivo-atividade-sera-ministrada-por-ex-atleta-da-selecao-brasileira\/\",\"url\":\"https:\/\/www.tvuai.com.br\/portal\/extrema-abre-160-vagas-gratuitas-de-tenis-de-mesa-no-poliesportivo-atividade-sera-ministrada-por-ex-atleta-da-selecao-brasileira\/\",\"name\":\"Extrema abre 160 vagas gratuitas de t\u00eanis de mesa no Poliesportivo; atividade ser\u00e1 ministrada por ex-atleta da sele\u00e7\u00e3o brasileira - TVUAI\",\"isPartOf\":{\"@id\":\"https:\/\/www.tvuai.com.br\/portal\/#website\"},\"primaryImageOfPage\":{\"@id\":\"https:\/\/www.tvuai.com.br\/portal\/extrema-abre-160-vagas-gratuitas-de-tenis-de-mesa-no-poliesportivo-atividade-sera-ministrada-por-ex-atleta-da-selecao-brasileira\/#primaryimage\"},\"image\":{\"@id\":\"https:\/\/www.tvuai.com.br\/portal\/extrema-abre-160-vagas-gratuitas-de-tenis-de-mesa-no-poliesportivo-atividade-sera-ministrada-por-ex-atleta-da-selecao-brasileira\/#primaryimage\"},\"thumbnailUrl\":\"https:\/\/i0.wp.com\/www.tvuai.com.br\/portal\/wp-content\/uploads\/2025\/11\/extremaping0.jpg?fit=200%2C200&ssl=1\",\"datePublished\":\"2025-11-10T22:28:05+00:00\",\"dateModified\":\"2025-11-12T12:38:52+00:00\",\"breadcrumb\":{\"@id\":\"https:\/\/www.tvuai.com.br\/portal\/extrema-abre-160-vagas-gratuitas-de-tenis-de-mesa-no-poliesportivo-atividade-sera-ministrada-por-ex-atleta-da-selecao-brasileira\/#breadcrumb\"},\"inLanguage\":\"pt-BR\",\"potentialAction\":[{\"@type\":\"ReadAction\",\"target\":[\"https:\/\/www.tvuai.com.br\/portal\/extrema-abre-160-vagas-gratuitas-de-tenis-de-mesa-no-poliesportivo-atividade-sera-ministrada-por-ex-atleta-da-selecao-brasileira\/\"]}]},{\"@type\":\"ImageObject\",\"inLanguage\":\"pt-BR\",\"@id\":\"https:\/\/www.tvuai.com.br\/portal\/extrema-abre-160-vagas-gratuitas-de-tenis-de-mesa-no-poliesportivo-atividade-sera-ministrada-por-ex-atleta-da-selecao-brasileira\/#primaryimage\",\"url\":\"https:\/\/i0.wp.com\/www.tvuai.com.br\/portal\/wp-content\/uploads\/2025\/11\/extremaping0.jpg?fit=200%2C200&ssl=1\",\"contentUrl\":\"https:\/\/i0.wp.com\/www.tvuai.com.br\/portal\/wp-content\/uploads\/2025\/11\/extremaping0.jpg?fit=200%2C200&ssl=1\",\"width\":200,\"height\":200},{\"@type\":\"BreadcrumbList\",\"@id\":\"https:\/\/www.tvuai.com.br\/portal\/extrema-abre-160-vagas-gratuitas-de-tenis-de-mesa-no-poliesportivo-atividade-sera-ministrada-por-ex-atleta-da-selecao-brasileira\/#breadcrumb\",\"itemListElement\":[{\"@type\":\"ListItem\",\"position\":1,\"name\":\"In\u00edcio\",\"item\":\"https:\/\/www.tvuai.com.br\/portal\/\"},{\"@type\":\"ListItem\",\"position\":2,\"name\":\"Extrema abre 160 vagas gratuitas de t\u00eanis de mesa no Poliesportivo; atividade ser\u00e1 ministrada por ex-atleta da sele\u00e7\u00e3o brasileira\"}]},{\"@type\":\"WebSite\",\"@id\":\"https:\/\/www.tvuai.com.br\/portal\/#website\",\"url\":\"https:\/\/www.tvuai.com.br\/portal\/\",\"name\":\"TVUAI\",\"description\":\"Tudo sobre o Sul de Minas\",\"publisher\":{\"@id\":\"https:\/\/www.tvuai.com.br\/portal\/#organization\"},\"potentialAction\":[{\"@type\":\"SearchAction\",\"target\":{\"@type\":\"EntryPoint\",\"urlTemplate\":\"https:\/\/www.tvuai.com.br\/portal\/?s={search_term_string}\"},\"query-input\":{\"@type\":\"PropertyValueSpecification\",\"valueRequired\":true,\"valueName\":\"search_term_string\"}}],\"inLanguage\":\"pt-BR\"},{\"@type\":\"Organization\",\"@id\":\"https:\/\/www.tvuai.com.br\/portal\/#organization\",\"name\":\"TVUAI\",\"url\":\"https:\/\/www.tvuai.com.br\/portal\/\",\"logo\":{\"@type\":\"ImageObject\",\"inLanguage\":\"pt-BR\",\"@id\":\"https:\/\/www.tvuai.com.br\/portal\/#\/schema\/logo\/image\/\",\"url\":\"https:\/\/i0.wp.com\/www.tvuai.com.br\/portal\/wp-content\/uploads\/2017\/12\/logo_tvuai_100H.png?fit=207%2C100&ssl=1\",\"contentUrl\":\"https:\/\/i0.wp.com\/www.tvuai.com.br\/portal\/wp-content\/uploads\/2017\/12\/logo_tvuai_100H.png?fit=207%2C100&ssl=1\",\"width\":207,\"height\":100,\"caption\":\"TVUAI\"},\"image\":{\"@id\":\"https:\/\/www.tvuai.com.br\/portal\/#\/schema\/logo\/image\/\"},\"sameAs\":[\"http:\/\/www.facebook.com\/pages\/TV-Uai-Comunica\u00e7\u00e3o\/139062546157369\",\"https:\/\/x.com\/tvuai\",\"https:\/\/www.instagram.com\/tvuai_network\/\",\"https:\/\/www.youtube.com\/channel\/UCB7ZPB3wRv-OpoZ_09jmnkQ\"]},{\"@type\":\"Person\",\"@id\":\"https:\/\/www.tvuai.com.br\/portal\/#\/schema\/person\/245e50e9127451fd0b7fd76f519ebbfe\",\"name\":\"tvuai\",\"url\":\"https:\/\/www.tvuai.com.br\/portal\/author\/tvuai\/\"}]}<\/script>\n<!-- \/ Yoast SEO plugin. -->","yoast_head_json":{"title":"Extrema abre 160 vagas gratuitas de t\u00eanis de mesa no Poliesportivo; atividade ser\u00e1 ministrada por ex-atleta da sele\u00e7\u00e3o brasileira - TVUAI","robots":{"index":"index","follow":"follow","max-snippet":"max-snippet:-1","max-image-preview":"max-image-preview:large","max-video-preview":"max-video-preview:-1"},"canonical":"https:\/\/www.tvuai.com.br\/portal\/extrema-abre-160-vagas-gratuitas-de-tenis-de-mesa-no-poliesportivo-atividade-sera-ministrada-por-ex-atleta-da-selecao-brasileira\/","og_locale":"pt_BR","og_type":"article","og_title":"Extrema abre 160 vagas gratuitas de t\u00eanis de mesa no Poliesportivo; atividade ser\u00e1 ministrada por ex-atleta da sele\u00e7\u00e3o brasileira - TVUAI","og_description":"Secretaria de Esporte de Extrema lan\u00e7a aulas gratuitas de t\u00eanis de mesa com 160 vagas para todas as idades. Atividades come\u00e7aram na segunda-feira passada A Secretaria de Esporte, Lazer e Juventude de Extrema anunciou a inclus\u00e3o do t\u00eanis de mesa na grade esportiva municipal. A partir desde segunda-feira passada, 3, a pr\u00e1tica passou a fazer [&hellip;]","og_url":"https:\/\/www.tvuai.com.br\/portal\/extrema-abre-160-vagas-gratuitas-de-tenis-de-mesa-no-poliesportivo-atividade-sera-ministrada-por-ex-atleta-da-selecao-brasileira\/","og_site_name":"TVUAI","article_publisher":"http:\/\/www.facebook.com\/pages\/TV-Uai-Comunica%c3%a7%c3%a3o\/139062546157369","article_published_time":"2025-11-10T22:28:05+00:00","article_modified_time":"2025-11-12T12:38:52+00:00","og_image":[{"width":200,"height":200,"url":"https:\/\/www.tvuai.com.br\/portal\/wp-content\/uploads\/2025\/11\/extremaping0.jpg","type":"image\/jpeg"}],"author":"tvuai","twitter_card":"summary_large_image","twitter_creator":"@tvuai","twitter_site":"@tvuai","twitter_misc":{"Escrito por":"tvuai","Est. tempo de leitura":"2 minutos"},"schema":{"@context":"https:\/\/schema.org","@graph":[{"@type":"Article","@id":"https:\/\/www.tvuai.com.br\/portal\/extrema-abre-160-vagas-gratuitas-de-tenis-de-mesa-no-poliesportivo-atividade-sera-ministrada-por-ex-atleta-da-selecao-brasileira\/#article","isPartOf":{"@id":"https:\/\/www.tvuai.com.br\/portal\/extrema-abre-160-vagas-gratuitas-de-tenis-de-mesa-no-poliesportivo-atividade-sera-ministrada-por-ex-atleta-da-selecao-brasileira\/"},"author":{"name":"tvuai","@id":"https:\/\/www.tvuai.com.br\/portal\/#\/schema\/person\/245e50e9127451fd0b7fd76f519ebbfe"},"headline":"Extrema abre 160 vagas gratuitas de t\u00eanis de mesa no Poliesportivo; atividade ser\u00e1 ministrada por ex-atleta da sele\u00e7\u00e3o brasileira","datePublished":"2025-11-10T22:28:05+00:00","dateModified":"2025-11-12T12:38:52+00:00","mainEntityOfPage":{"@id":"https:\/\/www.tvuai.com.br\/portal\/extrema-abre-160-vagas-gratuitas-de-tenis-de-mesa-no-poliesportivo-atividade-sera-ministrada-por-ex-atleta-da-selecao-brasileira\/"},"wordCount":244,"publisher":{"@id":"https:\/\/www.tvuai.com.br\/portal\/#organization"},"image":{"@id":"https:\/\/www.tvuai.com.br\/portal\/extrema-abre-160-vagas-gratuitas-de-tenis-de-mesa-no-poliesportivo-atividade-sera-ministrada-por-ex-atleta-da-selecao-brasileira\/#primaryimage"},"thumbnailUrl":"https:\/\/i0.wp.com\/www.tvuai.com.br\/portal\/wp-content\/uploads\/2025\/11\/extremaping0.jpg?fit=200%2C200&ssl=1","keywords":["atividades esportivas","esporte","esporte para todas as idades","Extrema","lazer","Minas Gerais","Poliesportivo de Extrema","Pouso Alegre","Rodrigo Kojima","Secretaria de Esporte","Sul de Minas","t\u00eanis de mesa","TV Uai","TV UAI Pouso Alegre","TVUAI25","vagas gratuitas"],"articleSection":["Entretenimento","Esportes","Not\u00edcias","\u00daltimas Not\u00edcias"],"inLanguage":"pt-BR"},{"@type":"WebPage","@id":"https:\/\/www.tvuai.com.br\/portal\/extrema-abre-160-vagas-gratuitas-de-tenis-de-mesa-no-poliesportivo-atividade-sera-ministrada-por-ex-atleta-da-selecao-brasileira\/","url":"https:\/\/www.tvuai.com.br\/portal\/extrema-abre-160-vagas-gratuitas-de-tenis-de-mesa-no-poliesportivo-atividade-sera-ministrada-por-ex-atleta-da-selecao-brasileira\/","name":"Extrema abre 160 vagas gratuitas de t\u00eanis de mesa no Poliesportivo; atividade ser\u00e1 ministrada por ex-atleta da sele\u00e7\u00e3o brasileira - TVUAI","isPartOf":{"@id":"https:\/\/www.tvuai.com.br\/portal\/#website"},"primaryImageOfPage":{"@id":"https:\/\/www.tvuai.com.br\/portal\/extrema-abre-160-vagas-gratuitas-de-tenis-de-mesa-no-poliesportivo-atividade-sera-ministrada-por-ex-atleta-da-selecao-brasileira\/#primaryimage"},"image":{"@id":"https:\/\/www.tvuai.com.br\/portal\/extrema-abre-160-vagas-gratuitas-de-tenis-de-mesa-no-poliesportivo-atividade-sera-ministrada-por-ex-atleta-da-selecao-brasileira\/#primaryimage"},"thumbnailUrl":"https:\/\/i0.wp.com\/www.tvuai.com.br\/portal\/wp-content\/uploads\/2025\/11\/extremaping0.jpg?fit=200%2C200&ssl=1","datePublished":"2025-11-10T22:28:05+00:00","dateModified":"2025-11-12T12:38:52+00:00","breadcrumb":{"@id":"https:\/\/www.tvuai.com.br\/portal\/extrema-abre-160-vagas-gratuitas-de-tenis-de-mesa-no-poliesportivo-atividade-sera-ministrada-por-ex-atleta-da-selecao-brasileira\/#breadcrumb"},"inLanguage":"pt-BR","potentialAction":[{"@type":"ReadAction","target":["https:\/\/www.tvuai.com.br\/portal\/extrema-abre-160-vagas-gratuitas-de-tenis-de-mesa-no-poliesportivo-atividade-sera-ministrada-por-ex-atleta-da-selecao-brasileira\/"]}]},{"@type":"ImageObject","inLanguage":"pt-BR","@id":"https:\/\/www.tvuai.com.br\/portal\/extrema-abre-160-vagas-gratuitas-de-tenis-de-mesa-no-poliesportivo-atividade-sera-ministrada-por-ex-atleta-da-selecao-brasileira\/#primaryimage","url":"https:\/\/i0.wp.com\/www.tvuai.com.br\/portal\/wp-content\/uploads\/2025\/11\/extremaping0.jpg?fit=200%2C200&ssl=1","contentUrl":"https:\/\/i0.wp.com\/www.tvuai.com.br\/portal\/wp-content\/uploads\/2025\/11\/extremaping0.jpg?fit=200%2C200&ssl=1","width":200,"height":200},{"@type":"BreadcrumbList","@id":"https:\/\/www.tvuai.com.br\/portal\/extrema-abre-160-vagas-gratuitas-de-tenis-de-mesa-no-poliesportivo-atividade-sera-ministrada-por-ex-atleta-da-selecao-brasileira\/#breadcrumb","itemListElement":[{"@type":"ListItem","position":1,"name":"In\u00edcio","item":"https:\/\/www.tvuai.com.br\/portal\/"},{"@type":"ListItem","position":2,"name":"Extrema abre 160 vagas gratuitas de t\u00eanis de mesa no Poliesportivo; atividade ser\u00e1 ministrada por ex-atleta da sele\u00e7\u00e3o brasileira"}]},{"@type":"WebSite","@id":"https:\/\/www.tvuai.com.br\/portal\/#website","url":"https:\/\/www.tvuai.com.br\/portal\/","name":"TVUAI","description":"Tudo sobre o Sul de Minas","publisher":{"@id":"https:\/\/www.tvuai.com.br\/portal\/#organization"},"potentialAction":[{"@type":"SearchAction","target":{"@type":"EntryPoint","urlTemplate":"https:\/\/www.tvuai.com.br\/portal\/?s={search_term_string}"},"query-input":{"@type":"PropertyValueSpecification","valueRequired":true,"valueName":"search_term_string"}}],"inLanguage":"pt-BR"},{"@type":"Organization","@id":"https:\/\/www.tvuai.com.br\/portal\/#organization","name":"TVUAI","url":"https:\/\/www.tvuai.com.br\/portal\/","logo":{"@type":"ImageObject","inLanguage":"pt-BR","@id":"https:\/\/www.tvuai.com.br\/portal\/#\/schema\/logo\/image\/","url":"https:\/\/i0.wp.com\/www.tvuai.com.br\/portal\/wp-content\/uploads\/2017\/12\/logo_tvuai_100H.png?fit=207%2C100&ssl=1","contentUrl":"https:\/\/i0.wp.com\/www.tvuai.com.br\/portal\/wp-content\/uploads\/2017\/12\/logo_tvuai_100H.png?fit=207%2C100&ssl=1","width":207,"height":100,"caption":"TVUAI"},"image":{"@id":"https:\/\/www.tvuai.com.br\/portal\/#\/schema\/logo\/image\/"},"sameAs":["http:\/\/www.facebook.com\/pages\/TV-Uai-Comunica\u00e7\u00e3o\/139062546157369","https:\/\/x.com\/tvuai","https:\/\/www.instagram.com\/tvuai_network\/","https:\/\/www.youtube.com\/channel\/UCB7ZPB3wRv-OpoZ_09jmnkQ"]},{"@type":"Person","@id":"https:\/\/www.tvuai.com.br\/portal\/#\/schema\/person\/245e50e9127451fd0b7fd76f519ebbfe","name":"tvuai","url":"https:\/\/www.tvuai.com.br\/portal\/author\/tvuai\/"}]}},"jetpack_featured_media_url":"https:\/\/i0.wp.com\/www.tvuai.com.br\/portal\/wp-content\/uploads\/2025\/11\/extremaping0.jpg?fit=200%2C200&ssl=1","wpmagazine_modules_lite_featured_media_urls":{"thumbnail":["https:\/\/i0.wp.com\/www.tvuai.com.br\/portal\/wp-content\/uploads\/2025\/11\/extremaping0.jpg?resize=150%2C150&ssl=1",150,150,true],"cvmm-medium":["https:\/\/i0.wp.com\/www.tvuai.com.br\/portal\/wp-content\/uploads\/2025\/11\/extremaping0.jpg?resize=200%2C200&ssl=1",200,200,true],"cvmm-medium-plus":["https:\/\/i0.wp.com\/www.tvuai.com.br\/portal\/wp-content\/uploads\/2025\/11\/extremaping0.jpg?resize=200%2C200&ssl=1",200,200,true],"cvmm-portrait":["https:\/\/i0.wp.com\/www.tvuai.com.br\/portal\/wp-content\/uploads\/2025\/11\/extremaping0.jpg?resize=200%2C200&ssl=1",200,200,true],"cvmm-medium-square":["https:\/\/i0.wp.com\/www.tvuai.com.br\/portal\/wp-content\/uploads\/2025\/11\/extremaping0.jpg?resize=200%2C200&ssl=1",200,200,true],"cvmm-large":["https:\/\/i0.wp.com\/www.tvuai.com.br\/portal\/wp-content\/uploads\/2025\/11\/extremaping0.jpg?resize=200%2C200&ssl=1",200,200,true],"cvmm-small":["https:\/\/i0.wp.com\/www.tvuai.com.br\/portal\/wp-content\/uploads\/2025\/11\/extremaping0.jpg?resize=130%2C95&ssl=1",130,95,true],"full":["https:\/\/i0.wp.com\/www.tvuai.com.br\/portal\/wp-content\/uploads\/2025\/11\/extremaping0.jpg?fit=200%2C200&ssl=1",200,200,false]},"categories_names":{"20":{"name":"Entretenimento","link":"https:\/\/www.tvuai.com.br\/portal\/category\/entretenimento\/"},"1819":{"name":"Esportes","link":"https:\/\/www.tvuai.com.br\/portal\/category\/esportes\/"},"19":{"name":"Not\u00edcias","link":"https:\/\/www.tvuai.com.br\/portal\/category\/noticias\/"},"5":{"name":"\u00daltimas Not\u00edcias","link":"https:\/\/www.tvuai.com.br\/portal\/category\/noticias\/ultimas\/"}},"tags_names":{"7256":{"name":"atividades esportivas","link":"https:\/\/www.tvuai.com.br\/portal\/tag\/atividades-esportivas\/"},"6314":{"name":"esporte","link":"https:\/\/www.tvuai.com.br\/portal\/tag\/esporte\/"},"7255":{"name":"esporte para todas as idades","link":"https:\/\/www.tvuai.com.br\/portal\/tag\/esporte-para-todas-as-idades\/"},"272":{"name":"Extrema","link":"https:\/\/www.tvuai.com.br\/portal\/tag\/extrema\/"},"6595":{"name":"lazer","link":"https:\/\/www.tvuai.com.br\/portal\/tag\/lazer\/"},"184":{"name":"Minas Gerais","link":"https:\/\/www.tvuai.com.br\/portal\/tag\/minas-gerais\/"},"7258":{"name":"Poliesportivo de Extrema","link":"https:\/\/www.tvuai.com.br\/portal\/tag\/poliesportivo-de-extrema\/"},"37":{"name":"Pouso Alegre","link":"https:\/\/www.tvuai.com.br\/portal\/tag\/pouso-alegre\/"},"7257":{"name":"Rodrigo Kojima","link":"https:\/\/www.tvuai.com.br\/portal\/tag\/rodrigo-kojima\/"},"7253":{"name":"Secretaria de Esporte","link":"https:\/\/www.tvuai.com.br\/portal\/tag\/secretaria-de-esporte\/"},"39":{"name":"Sul de Minas","link":"https:\/\/www.tvuai.com.br\/portal\/tag\/sul-de-minas\/"},"7252":{"name":"t\u00eanis de mesa","link":"https:\/\/www.tvuai.com.br\/portal\/tag\/tenis-de-mesa\/"},"27":{"name":"TV Uai","link":"https:\/\/www.tvuai.com.br\/portal\/tag\/tv-uai\/"},"1618":{"name":"TV UAI Pouso Alegre","link":"https:\/\/www.tvuai.com.br\/portal\/tag\/tv-uai-pouso-alegre\/"},"4796":{"name":"TVUAI25","link":"https:\/\/www.tvuai.com.br\/portal\/tag\/tvuai25\/"},"7254":{"name":"vagas gratuitas","link":"https:\/\/www.tvuai.com.br\/portal\/tag\/vagas-gratuitas\/"}},"comments_number":"0","jetpack_shortlink":"https:\/\/wp.me\/p9woix-3E9","jetpack_sharing_enabled":true,"_links":{"self":[{"href":"https:\/\/www.tvuai.com.br\/portal\/wp-json\/wp\/v2\/posts\/14021"}],"collection":[{"href":"https:\/\/www.tvuai.com.br\/portal\/wp-json\/wp\/v2\/posts"}],"about":[{"href":"https:\/\/www.tvuai.com.br\/portal\/wp-json\/wp\/v2\/types\/post"}],"author":[{"embeddable":true,"href":"https:\/\/www.tvuai.com.br\/portal\/wp-json\/wp\/v2\/users\/1"}],"replies":[{"embeddable":true,"href":"https:\/\/www.tvuai.com.br\/portal\/wp-json\/wp\/v2\/comments?post=14021"}],"version-history":[{"count":2,"href":"https:\/\/www.tvuai.com.br\/portal\/wp-json\/wp\/v2\/posts\/14021\/revisions"}],"predecessor-version":[{"id":14025,"href":"https:\/\/www.tvuai.com.br\/portal\/wp-json\/wp\/v2\/posts\/14021\/revisions\/14025"}],"wp:featuredmedia":[{"embeddable":true,"href":"https:\/\/www.tvuai.com.br\/portal\/wp-json\/wp\/v2\/media\/14024"}],"wp:attachment":[{"href":"https:\/\/www.tvuai.com.br\/portal\/wp-json\/wp\/v2\/media?parent=14021"}],"wp:term":[{"taxonomy":"category","embeddable":true,"href":"https:\/\/www.tvuai.com.br\/portal\/wp-json\/wp\/v2\/categories?post=14021"},{"taxonomy":"post_tag","embeddable":true,"href":"https:\/\/www.tvuai.com.br\/portal\/wp-json\/wp\/v2\/tags?post=14021"}],"curies":[{"name":"wp","href":"https:\/\/api.w.org\/{rel}","templated":true}]}}