{"id":13716,"date":"2025-10-15T20:19:06","date_gmt":"2025-10-15T23:19:06","guid":{"rendered":"https:\/\/www.tvuai.com.br\/portal\/?p=13716"},"modified":"2025-10-21T08:13:50","modified_gmt":"2025-10-21T11:13:50","slug":"objeto-interestelar-3i-atlas-intriga-cientistas-e-desperta-teorias-sobre-vida-extraterrestre","status":"publish","type":"post","link":"https:\/\/www.tvuai.com.br\/portal\/objeto-interestelar-3i-atlas-intriga-cientistas-e-desperta-teorias-sobre-vida-extraterrestre\/","title":{"rendered":"Objeto interestelar 3I Atlas intriga cientistas e desperta teorias sobre vida extraterrestre"},"content":{"rendered":"<div class=\"5a1038e0903b96d426fcfcc338703013\" data-index=\"1\" style=\"float: right; margin:10px 0 10px 10px;\">\n<script async src=\"https:\/\/pagead2.googlesyndication.com\/pagead\/js\/adsbygoogle.js?client=ca-pub-9945944833605257\"\r\n     crossorigin=\"anonymous\"><\/script>\r\n<ins class=\"adsbygoogle\"\r\n     style=\"display:block; text-align:center;\"\r\n     data-ad-layout=\"in-article\"\r\n     data-ad-format=\"fluid\"\r\n     data-ad-client=\"ca-pub-9945944833605257\"\r\n     data-ad-slot=\"2343923581\"><\/ins>\r\n<script>\r\n     (adsbygoogle = window.adsbygoogle || []).push({});\r\n<\/script>\n<\/div>\n<div class=\"flex max-w-full flex-col grow\">\n<div class=\"min-h-8 text-message relative flex w-full flex-col items-end gap-2 text-start break-words whitespace-normal [.text-message+&amp;]:mt-1\" dir=\"auto\" data-message-author-role=\"assistant\" data-message-id=\"e18e409a-5f7b-4d2d-8dd8-4fd05a22959f\" data-message-model-slug=\"gpt-5\">\n<div class=\"flex w-full flex-col gap-1 empty:hidden first:pt-[1px]\">\n<div class=\"markdown prose dark:prose-invert w-full break-words light markdown-new-styling\">\n<figure id=\"attachment_13721\" aria-describedby=\"caption-attachment-13721\" style=\"width: 1000px\" class=\"wp-caption aligncenter\"><img data-recalc-dims=\"1\" fetchpriority=\"high\" decoding=\"async\" data-attachment-id=\"13721\" data-permalink=\"https:\/\/www.tvuai.com.br\/portal\/objeto-interestelar-3i-atlas-intriga-cientistas-e-desperta-teorias-sobre-vida-extraterrestre\/3ia2\/\" data-orig-file=\"https:\/\/i0.wp.com\/www.tvuai.com.br\/portal\/wp-content\/uploads\/2025\/10\/3ia2.jpg?fit=1000%2C666&amp;ssl=1\" data-orig-size=\"1000,666\" data-comments-opened=\"0\" data-image-meta=\"{&quot;aperture&quot;:&quot;0&quot;,&quot;credit&quot;:&quot;&quot;,&quot;camera&quot;:&quot;&quot;,&quot;caption&quot;:&quot;&quot;,&quot;created_timestamp&quot;:&quot;0&quot;,&quot;copyright&quot;:&quot;&quot;,&quot;focal_length&quot;:&quot;0&quot;,&quot;iso&quot;:&quot;0&quot;,&quot;shutter_speed&quot;:&quot;0&quot;,&quot;title&quot;:&quot;&quot;,&quot;orientation&quot;:&quot;0&quot;}\" data-image-title=\"3ia2\" data-image-description=\"\" data-image-caption=\"&lt;p&gt;\u00a0(ESA\/TGO\/CaSSIS\/Divulga\u00e7\u00e3o) &lt;\/p&gt;\n\" data-medium-file=\"https:\/\/i0.wp.com\/www.tvuai.com.br\/portal\/wp-content\/uploads\/2025\/10\/3ia2.jpg?fit=300%2C200&amp;ssl=1\" data-large-file=\"https:\/\/i0.wp.com\/www.tvuai.com.br\/portal\/wp-content\/uploads\/2025\/10\/3ia2.jpg?fit=640%2C426&amp;ssl=1\" tabindex=\"0\" role=\"button\" class=\"size-full wp-image-13721\" src=\"https:\/\/i0.wp.com\/www.tvuai.com.br\/portal\/wp-content\/uploads\/2025\/10\/3ia2.jpg?resize=640%2C426&#038;ssl=1\" alt=\"\" width=\"640\" height=\"426\" srcset=\"https:\/\/i0.wp.com\/www.tvuai.com.br\/portal\/wp-content\/uploads\/2025\/10\/3ia2.jpg?w=1000&amp;ssl=1 1000w, https:\/\/i0.wp.com\/www.tvuai.com.br\/portal\/wp-content\/uploads\/2025\/10\/3ia2.jpg?resize=300%2C200&amp;ssl=1 300w, https:\/\/i0.wp.com\/www.tvuai.com.br\/portal\/wp-content\/uploads\/2025\/10\/3ia2.jpg?resize=768%2C511&amp;ssl=1 768w\" sizes=\"(max-width: 640px) 100vw, 640px\" \/><figcaption id=\"caption-attachment-13721\" class=\"wp-caption-text\">(ESA\/TGO\/CaSSIS\/Divulga\u00e7\u00e3o)<\/figcaption><\/figure>\n<h5 style=\"text-align: center;\" data-start=\"271\" data-end=\"363\"><strong><em>Descoberto em julho de 2025, o 3I Atlas \u00e9 o terceiro cometa interestelar j\u00e1 registrado e desafia cientistas com seu comportamento incomum<\/em><\/strong><\/h5>\n<p data-start=\"365\" data-end=\"816\"><span class=\"hover:entity-accent entity-underline inline cursor-pointer align-baseline\"><span class=\"whitespace-normal\">3I\/ATLAS<\/span><\/span>, um dos objetos mais misteriosos identificados no espa\u00e7o nos \u00faltimos anos, tem provocado intensos debates entre cientistas e entusiastas da astronomia. Descoberto em julho de 2025 por um telesc\u00f3pio do projeto <span class=\"hover:entity-accent entity-underline inline cursor-pointer align-baseline\"><span class=\"whitespace-normal\">ATLAS (Asteroid Terrestrial-impact Last Alert System)<\/span><\/span>, no Chile, ele \u00e9 apenas o terceiro corpo interestelar j\u00e1 detectado \u2014 ap\u00f3s <span class=\"hover:entity-accent entity-underline inline cursor-pointer align-baseline\"><span class=\"whitespace-normal\">\u02bbOumuamua<\/span><\/span> (2017) e <span class=\"hover:entity-accent entity-underline inline cursor-pointer align-baseline\"><span class=\"whitespace-normal\">2I\/Borisov<\/span><\/span> (2019).<\/p>\n<p data-start=\"818\" data-end=\"1067\">O que mais chama aten\u00e7\u00e3o \u00e9 que o 3I Atlas n\u00e3o nasceu no nosso Sistema Solar. Desde sua detec\u00e7\u00e3o, vem sendo acompanhado de perto por astr\u00f4nomos e alimentando especula\u00e7\u00f5es que v\u00e3o da ci\u00eancia s\u00f3lida a teorias sobre poss\u00edveis visitantes extraterrestres.<\/p>\n<p style=\"text-align: center;\" data-start=\"1074\" data-end=\"1090\"><strong>A descoberta<\/strong><\/p>\n<p data-start=\"1092\" data-end=\"1402\"><img data-recalc-dims=\"1\" decoding=\"async\" data-attachment-id=\"13720\" data-permalink=\"https:\/\/www.tvuai.com.br\/portal\/objeto-interestelar-3i-atlas-intriga-cientistas-e-desperta-teorias-sobre-vida-extraterrestre\/3ia3\/\" data-orig-file=\"https:\/\/i0.wp.com\/www.tvuai.com.br\/portal\/wp-content\/uploads\/2025\/10\/3ia3.jpg?fit=512%2C280&amp;ssl=1\" data-orig-size=\"512,280\" data-comments-opened=\"0\" data-image-meta=\"{&quot;aperture&quot;:&quot;0&quot;,&quot;credit&quot;:&quot;&quot;,&quot;camera&quot;:&quot;&quot;,&quot;caption&quot;:&quot;&quot;,&quot;created_timestamp&quot;:&quot;0&quot;,&quot;copyright&quot;:&quot;&quot;,&quot;focal_length&quot;:&quot;0&quot;,&quot;iso&quot;:&quot;0&quot;,&quot;shutter_speed&quot;:&quot;0&quot;,&quot;title&quot;:&quot;&quot;,&quot;orientation&quot;:&quot;0&quot;}\" data-image-title=\"3ia3\" data-image-description=\"\" data-image-caption=\"\" data-medium-file=\"https:\/\/i0.wp.com\/www.tvuai.com.br\/portal\/wp-content\/uploads\/2025\/10\/3ia3.jpg?fit=300%2C164&amp;ssl=1\" data-large-file=\"https:\/\/i0.wp.com\/www.tvuai.com.br\/portal\/wp-content\/uploads\/2025\/10\/3ia3.jpg?fit=512%2C280&amp;ssl=1\" tabindex=\"0\" role=\"button\" class=\"alignleft size-medium wp-image-13720\" src=\"https:\/\/i0.wp.com\/www.tvuai.com.br\/portal\/wp-content\/uploads\/2025\/10\/3ia3.jpg?resize=300%2C164&#038;ssl=1\" alt=\"\" width=\"300\" height=\"164\" srcset=\"https:\/\/i0.wp.com\/www.tvuai.com.br\/portal\/wp-content\/uploads\/2025\/10\/3ia3.jpg?resize=300%2C164&amp;ssl=1 300w, https:\/\/i0.wp.com\/www.tvuai.com.br\/portal\/wp-content\/uploads\/2025\/10\/3ia3.jpg?w=512&amp;ssl=1 512w\" sizes=\"(max-width: 300px) 100vw, 300px\" \/>O ATLAS \u00e9 uma rede internacional composta por cinco observat\u00f3rios operados pela <span class=\"hover:entity-accent entity-underline inline cursor-pointer align-baseline\"><span class=\"whitespace-normal\">NASA<\/span><\/span>. Eles est\u00e3o localizados no Hava\u00ed, \u00c1frica do Sul, Tenerife (Espanha) e Chile \u2014 onde o telesc\u00f3pio de Rio Hurtado foi respons\u00e1vel por registrar a passagem do objeto, inicialmente nomeado A11pl3Z.<\/p>\n<p data-start=\"1404\" data-end=\"1647\">A miss\u00e3o principal do sistema ATLAS \u00e9 monitorar corpos celestes que possam representar risco de colis\u00e3o com a Terra. No entanto, o 3I Atlas rapidamente se destacou por seu comportamento incomum, diferente de asteroides e cometas convencionais.<\/p>\n<p style=\"text-align: center;\" data-start=\"1654\" data-end=\"1681\"><strong>As principais hip\u00f3teses<\/strong><\/p>\n<p data-start=\"1683\" data-end=\"1756\">Tr\u00eas teses principais dominam as discuss\u00f5es sobre a natureza do 3I Atlas:<\/p>\n<h4 data-start=\"1758\" data-end=\"1801\">1. Asteroide com composi\u00e7\u00e3o rara<\/h4>\n<p data-start=\"1802\" data-end=\"2082\">A hip\u00f3tese mais aceita inicialmente \u00e9 de que o objeto seja um asteroide. Por\u00e9m, sua acelera\u00e7\u00e3o n\u00e3o corresponde ao padr\u00e3o esperado para corpos rochosos comuns. Cientistas sugerem que ele pode conter elementos met\u00e1licos ou materiais incomuns, o que explicaria seu movimento at\u00edpico.<\/p>\n<h4 data-start=\"2084\" data-end=\"2117\">2. Cometa interestelar<\/h4>\n<p data-start=\"2118\" data-end=\"2346\">Outra possibilidade \u00e9 de que se trate de um cometa que perdeu sua cauda ao longo da viagem interestelar. Isso justificaria sua apar\u00eancia discreta, sem a t\u00edpica libera\u00e7\u00e3o de g\u00e1s e poeira observada em cometas mais pr\u00f3ximos do Sol.<\/p>\n<h4 data-start=\"2348\" data-end=\"2381\">3. Nave extraterrestre<\/h4>\n<p data-start=\"2382\" data-end=\"2695\">A teoria mais pol\u00eamica \u2014 e com menor respaldo cient\u00edfico \u2014 \u00e9 de que o 3I Atlas seria uma nave de origem alien\u00edgena. A ideia ganhou for\u00e7a na internet por conta de sua trajet\u00f3ria e acelera\u00e7\u00e3o an\u00f4malas. Para alguns entusiastas, ele poderia estar em uma miss\u00e3o de explora\u00e7\u00e3o ou em rota de fuga de um sistema distante.<\/p>\n<p style=\"text-align: center;\" data-start=\"2702\" data-end=\"2747\"><strong>Fasc\u00ednio popular e teorias conspirat\u00f3rias<\/strong><\/p>\n<p data-start=\"2749\" data-end=\"3120\">A presen\u00e7a de um objeto vindo de fora do Sistema Solar despertou a imagina\u00e7\u00e3o coletiva. F\u00f3runs e redes sociais foram inundados por especula\u00e7\u00f5es sobre \u201cvisitantes\u201d interestelares, ecoando teorias mais antigas sobre contatos com civiliza\u00e7\u00f5es alien\u00edgenas. Embora n\u00e3o existam evid\u00eancias cient\u00edficas que sustentem essas ideias, o mist\u00e9rio mant\u00e9m viva a curiosidade do p\u00fablico.<\/p>\n<p style=\"text-align: center;\" data-start=\"3127\" data-end=\"3151\"><strong>Sem risco de colis\u00e3o<\/strong><\/p>\n<p data-start=\"3153\" data-end=\"3518\">Apesar das informa\u00e7\u00f5es falsas que circularam online, especialistas garantem que n\u00e3o h\u00e1 qualquer perigo para a Terra. O 3I Atlas passar\u00e1 a uma dist\u00e2ncia segura de cerca de 270 milh\u00f5es de quil\u00f4metros \u2014 aproximadamente 1,8 unidade astron\u00f4mica. O m\u00e1ximo que pode ocorrer \u00e9 uma altera\u00e7\u00e3o em sua apar\u00eancia ao passar pelo lado oculto do Sol, sem qualquer risco de impacto.<\/p>\n<p style=\"text-align: center;\" data-start=\"3525\" data-end=\"3560\"><strong>Pr\u00f3ximos passos da investiga\u00e7\u00e3o<\/strong><\/p>\n<p data-start=\"3562\" data-end=\"3898\">O 3I Atlas segue sob observa\u00e7\u00e3o constante de telesc\u00f3pios ao redor do mundo. Cada nova an\u00e1lise ajuda a montar um quadro mais claro sobre sua composi\u00e7\u00e3o e trajet\u00f3ria. Por enquanto, o consenso cient\u00edfico \u00e9 de cautela e investiga\u00e7\u00e3o cont\u00ednua \u2014 enquanto a opini\u00e3o p\u00fablica segue dividida entre explica\u00e7\u00f5es astron\u00f4micas e teorias mais ousadas.<\/p>\n<figure id=\"attachment_13718\" aria-describedby=\"caption-attachment-13718\" style=\"width: 1200px\" class=\"wp-caption aligncenter\"><img data-recalc-dims=\"1\" decoding=\"async\" data-attachment-id=\"13718\" data-permalink=\"https:\/\/www.tvuai.com.br\/portal\/objeto-interestelar-3i-atlas-intriga-cientistas-e-desperta-teorias-sobre-vida-extraterrestre\/3ia\/\" data-orig-file=\"https:\/\/i0.wp.com\/www.tvuai.com.br\/portal\/wp-content\/uploads\/2025\/10\/3ia.jpg?fit=1200%2C885&amp;ssl=1\" data-orig-size=\"1200,885\" data-comments-opened=\"0\" data-image-meta=\"{&quot;aperture&quot;:&quot;0&quot;,&quot;credit&quot;:&quot;&quot;,&quot;camera&quot;:&quot;&quot;,&quot;caption&quot;:&quot;&quot;,&quot;created_timestamp&quot;:&quot;0&quot;,&quot;copyright&quot;:&quot;&quot;,&quot;focal_length&quot;:&quot;0&quot;,&quot;iso&quot;:&quot;0&quot;,&quot;shutter_speed&quot;:&quot;0&quot;,&quot;title&quot;:&quot;&quot;,&quot;orientation&quot;:&quot;0&quot;}\" data-image-title=\"3ia\" data-image-description=\"\" data-image-caption=\"&lt;p&gt;Esta imagem do cometa interestelar 3I\/ATLAS foi capturada pela Wide Field Camera do Telesc\u00f3pio Espacial Hubble em 21 de julho de 2025. A barra de escala \u00e9 rotulada em segundos de arco, que \u00e9 uma medida de dist\u00e2ncia angular no c\u00e9u. Um segundo de arco \u00e9 igual a uma medida angular de 1\/3600 de um grau. H\u00e1 60 minutos de arco em um grau e 60 segundos de arco em um minuto de arco (a Lua cheia tem um di\u00e2metro angular de cerca de 30 minutos de arco). O tamanho real de um objeto que cobre um segundo de arco no c\u00e9u depende de sua dist\u00e2ncia do telesc\u00f3pio. As setas norte e leste da b\u00fassola mostram a orienta\u00e7\u00e3o da imagem no c\u00e9u. Observe que a rela\u00e7\u00e3o entre norte e leste no c\u00e9u (visto de baixo) \u00e9 invertida em rela\u00e7\u00e3o \u00e0s setas de dire\u00e7\u00e3o em um mapa do solo (visto de cima). Esta imagem mostra comprimentos de onda vis\u00edveis da luz.&lt;\/p&gt;\n\" data-medium-file=\"https:\/\/i0.wp.com\/www.tvuai.com.br\/portal\/wp-content\/uploads\/2025\/10\/3ia.jpg?fit=300%2C221&amp;ssl=1\" data-large-file=\"https:\/\/i0.wp.com\/www.tvuai.com.br\/portal\/wp-content\/uploads\/2025\/10\/3ia.jpg?fit=640%2C472&amp;ssl=1\" tabindex=\"0\" role=\"button\" class=\"size-full wp-image-13718\" src=\"https:\/\/i0.wp.com\/www.tvuai.com.br\/portal\/wp-content\/uploads\/2025\/10\/3ia.jpg?resize=640%2C472&#038;ssl=1\" alt=\"\" width=\"640\" height=\"472\" srcset=\"https:\/\/i0.wp.com\/www.tvuai.com.br\/portal\/wp-content\/uploads\/2025\/10\/3ia.jpg?w=1200&amp;ssl=1 1200w, https:\/\/i0.wp.com\/www.tvuai.com.br\/portal\/wp-content\/uploads\/2025\/10\/3ia.jpg?resize=300%2C221&amp;ssl=1 300w, https:\/\/i0.wp.com\/www.tvuai.com.br\/portal\/wp-content\/uploads\/2025\/10\/3ia.jpg?resize=1024%2C755&amp;ssl=1 1024w, https:\/\/i0.wp.com\/www.tvuai.com.br\/portal\/wp-content\/uploads\/2025\/10\/3ia.jpg?resize=768%2C566&amp;ssl=1 768w, https:\/\/i0.wp.com\/www.tvuai.com.br\/portal\/wp-content\/uploads\/2025\/10\/3ia.jpg?resize=130%2C95&amp;ssl=1 130w\" sizes=\"(max-width: 640px) 100vw, 640px\" \/><figcaption id=\"caption-attachment-13718\" class=\"wp-caption-text\">Esta imagem do cometa interestelar 3I\/ATLAS foi capturada pela Wide Field Camera do Telesc\u00f3pio Espacial Hubble em 21 de julho de 2025. A barra de escala \u00e9 rotulada em segundos de arco, que \u00e9 uma medida de dist\u00e2ncia angular no c\u00e9u. Um segundo de arco \u00e9 igual a uma medida angular de 1\/3600 de um grau. H\u00e1 60 minutos de arco em um grau e 60 segundos de arco em um minuto de arco (a Lua cheia tem um di\u00e2metro angular de cerca de 30 minutos de arco). O tamanho real de um objeto que cobre um segundo de arco no c\u00e9u depende de sua dist\u00e2ncia do telesc\u00f3pio. As setas norte e leste da b\u00fassola mostram a orienta\u00e7\u00e3o da imagem no c\u00e9u. Observe que a rela\u00e7\u00e3o entre norte e leste no c\u00e9u (visto de baixo) \u00e9 invertida em rela\u00e7\u00e3o \u00e0s setas de dire\u00e7\u00e3o em um mapa do solo (visto de cima). Esta imagem mostra comprimentos de onda vis\u00edveis da luz.<\/figcaption><\/figure>\n<\/div>\n<\/div>\n<\/div>\n<\/div>\n\n<div style=\"font-size: 0px; height: 0px; line-height: 0px; margin: 0; padding: 0; clear: both;\"><\/div><div class='share-to-whatsapp-wrapper'><div class='share-on-whsp'>Share on: <\/div><a data-text='Objeto interestelar 3I Atlas intriga cientistas e desperta teorias sobre vida extraterrestre' data-link='https:\/\/www.tvuai.com.br\/portal\/objeto-interestelar-3i-atlas-intriga-cientistas-e-desperta-teorias-sobre-vida-extraterrestre\/' class='whatsapp-button whatsapp-share'>WhatsApp<\/a><div class='clear '><\/div><\/div><!-- AddThis Advanced Settings generic via filter on the_content --><!-- AddThis Share Buttons generic via filter on the_content -->","protected":false},"excerpt":{"rendered":"<p>Descoberto em julho de 2025, o 3I Atlas \u00e9 o terceiro cometa interestelar j\u00e1 registrado e desafia cientistas com seu comportamento incomum 3I\/ATLAS, um dos objetos mais misteriosos identificados no espa\u00e7o nos \u00faltimos anos, tem provocado intensos debates entre cientistas e entusiastas da astronomia. Descoberto em julho de 2025 por um telesc\u00f3pio do projeto ATLAS [&hellip;]<!-- AddThis Advanced Settings generic via filter on get_the_excerpt --><!-- AddThis Share Buttons generic via filter on get_the_excerpt --><\/p>\n","protected":false},"author":1,"featured_media":13719,"comment_status":"closed","ping_status":"closed","sticky":false,"template":"","format":"standard","meta":{"jetpack_post_was_ever_published":false,"_jetpack_newsletter_access":"","_jetpack_dont_email_post_to_subs":false,"_jetpack_newsletter_tier_id":0,"_jetpack_memberships_contains_paywalled_content":false,"_jetpack_memberships_contains_paid_content":false,"_joinchat":[],"footnotes":"","jetpack_publicize_message":"","jetpack_publicize_feature_enabled":true,"jetpack_social_post_already_shared":false,"jetpack_social_options":{"image_generator_settings":{"template":"highway","enabled":false},"version":2}},"categories":[1642,19,5],"tags":[7003,7005,1145,7009,860,2143,7004,4675,7007,184,448,7010,7008,37,7012,39,6462,7006,7011,27,1618,4796,6566],"class_list":["post-13716","post","type-post","status-publish","format-standard","has-post-thumbnail","hentry","category-tecnologia","category-noticias","category-ultimas","tag-3i-atlas","tag-astronautica","tag-astronomia","tag-borisov","tag-ciencia","tag-ciencia-engenharia-tecnologia","tag-cometa-interestelar","tag-espaco","tag-extraterrestres","tag-minas-gerais","tag-nasa","tag-nave-alienigena","tag-oumuamua","tag-pouso-alegre","tag-sistema-solar","tag-sul-de-minas","tag-tecnologia-espacial","tag-telescopio-atlas","tag-teorias-da-conspiracao","tag-tv-uai","tag-tv-uai-pouso-alegre","tag-tvuai25","tag-universo"],"jetpack_publicize_connections":[],"yoast_head":"<!-- This site is optimized with the Yoast SEO plugin v23.5 - https:\/\/yoast.com\/wordpress\/plugins\/seo\/ -->\n<title>Objeto interestelar 3I Atlas intriga cientistas e desperta teorias sobre vida extraterrestre - TVUAI<\/title>\n<meta name=\"robots\" content=\"index, follow, max-snippet:-1, max-image-preview:large, max-video-preview:-1\" \/>\n<link rel=\"canonical\" href=\"https:\/\/www.tvuai.com.br\/portal\/objeto-interestelar-3i-atlas-intriga-cientistas-e-desperta-teorias-sobre-vida-extraterrestre\/\" \/>\n<meta property=\"og:locale\" content=\"pt_BR\" \/>\n<meta property=\"og:type\" content=\"article\" \/>\n<meta property=\"og:title\" content=\"Objeto interestelar 3I Atlas intriga cientistas e desperta teorias sobre vida extraterrestre - TVUAI\" \/>\n<meta property=\"og:description\" content=\"Descoberto em julho de 2025, o 3I Atlas \u00e9 o terceiro cometa interestelar j\u00e1 registrado e desafia cientistas com seu comportamento incomum 3I\/ATLAS, um dos objetos mais misteriosos identificados no espa\u00e7o nos \u00faltimos anos, tem provocado intensos debates entre cientistas e entusiastas da astronomia. Descoberto em julho de 2025 por um telesc\u00f3pio do projeto ATLAS [&hellip;]\" \/>\n<meta property=\"og:url\" content=\"https:\/\/www.tvuai.com.br\/portal\/objeto-interestelar-3i-atlas-intriga-cientistas-e-desperta-teorias-sobre-vida-extraterrestre\/\" \/>\n<meta property=\"og:site_name\" content=\"TVUAI\" \/>\n<meta property=\"article:publisher\" content=\"http:\/\/www.facebook.com\/pages\/TV-Uai-Comunica%c3%a7%c3%a3o\/139062546157369\" \/>\n<meta property=\"article:published_time\" content=\"2025-10-15T23:19:06+00:00\" \/>\n<meta property=\"article:modified_time\" content=\"2025-10-21T11:13:50+00:00\" \/>\n<meta property=\"og:image\" content=\"https:\/\/www.tvuai.com.br\/portal\/wp-content\/uploads\/2025\/10\/3ia0.jpg\" \/>\n\t<meta property=\"og:image:width\" content=\"200\" \/>\n\t<meta property=\"og:image:height\" content=\"200\" \/>\n\t<meta property=\"og:image:type\" content=\"image\/jpeg\" \/>\n<meta name=\"author\" content=\"tvuai\" \/>\n<meta name=\"twitter:card\" content=\"summary_large_image\" \/>\n<meta name=\"twitter:creator\" content=\"@tvuai\" \/>\n<meta name=\"twitter:site\" content=\"@tvuai\" \/>\n<meta name=\"twitter:label1\" content=\"Escrito por\" \/>\n\t<meta name=\"twitter:data1\" content=\"tvuai\" \/>\n\t<meta name=\"twitter:label2\" content=\"Est. tempo de leitura\" \/>\n\t<meta name=\"twitter:data2\" content=\"5 minutos\" \/>\n<script type=\"application\/ld+json\" class=\"yoast-schema-graph\">{\"@context\":\"https:\/\/schema.org\",\"@graph\":[{\"@type\":\"Article\",\"@id\":\"https:\/\/www.tvuai.com.br\/portal\/objeto-interestelar-3i-atlas-intriga-cientistas-e-desperta-teorias-sobre-vida-extraterrestre\/#article\",\"isPartOf\":{\"@id\":\"https:\/\/www.tvuai.com.br\/portal\/objeto-interestelar-3i-atlas-intriga-cientistas-e-desperta-teorias-sobre-vida-extraterrestre\/\"},\"author\":{\"name\":\"tvuai\",\"@id\":\"https:\/\/www.tvuai.com.br\/portal\/#\/schema\/person\/245e50e9127451fd0b7fd76f519ebbfe\"},\"headline\":\"Objeto interestelar 3I Atlas intriga cientistas e desperta teorias sobre vida extraterrestre\",\"datePublished\":\"2025-10-15T23:19:06+00:00\",\"dateModified\":\"2025-10-21T11:13:50+00:00\",\"mainEntityOfPage\":{\"@id\":\"https:\/\/www.tvuai.com.br\/portal\/objeto-interestelar-3i-atlas-intriga-cientistas-e-desperta-teorias-sobre-vida-extraterrestre\/\"},\"wordCount\":799,\"publisher\":{\"@id\":\"https:\/\/www.tvuai.com.br\/portal\/#organization\"},\"image\":{\"@id\":\"https:\/\/www.tvuai.com.br\/portal\/objeto-interestelar-3i-atlas-intriga-cientistas-e-desperta-teorias-sobre-vida-extraterrestre\/#primaryimage\"},\"thumbnailUrl\":\"https:\/\/i0.wp.com\/www.tvuai.com.br\/portal\/wp-content\/uploads\/2025\/10\/3ia0.jpg?fit=200%2C200&ssl=1\",\"keywords\":[\"3I Atlas\",\"astron\u00e1utica\",\"astronomia\",\"Borisov\",\"Ci\u00eancia\",\"Ci\u00eancia Engenharia &amp; Tecnologia\",\"cometa interestelar\",\"espa\u00e7o\",\"extraterrestres\",\"Minas Gerais\",\"NASA\",\"nave alien\u00edgena\",\"Oumuamua\",\"Pouso Alegre\",\"Sistema Solar\",\"Sul de Minas\",\"tecnologia espacial\",\"telesc\u00f3pio ATLAS\",\"teorias da conspira\u00e7\u00e3o\",\"TV Uai\",\"TV UAI Pouso Alegre\",\"TVUAI25\",\"Universo\"],\"articleSection\":[\"Ci\u00eancia e Tecnologia\",\"Not\u00edcias\",\"\u00daltimas Not\u00edcias\"],\"inLanguage\":\"pt-BR\"},{\"@type\":\"WebPage\",\"@id\":\"https:\/\/www.tvuai.com.br\/portal\/objeto-interestelar-3i-atlas-intriga-cientistas-e-desperta-teorias-sobre-vida-extraterrestre\/\",\"url\":\"https:\/\/www.tvuai.com.br\/portal\/objeto-interestelar-3i-atlas-intriga-cientistas-e-desperta-teorias-sobre-vida-extraterrestre\/\",\"name\":\"Objeto interestelar 3I Atlas intriga cientistas e desperta teorias sobre vida extraterrestre - TVUAI\",\"isPartOf\":{\"@id\":\"https:\/\/www.tvuai.com.br\/portal\/#website\"},\"primaryImageOfPage\":{\"@id\":\"https:\/\/www.tvuai.com.br\/portal\/objeto-interestelar-3i-atlas-intriga-cientistas-e-desperta-teorias-sobre-vida-extraterrestre\/#primaryimage\"},\"image\":{\"@id\":\"https:\/\/www.tvuai.com.br\/portal\/objeto-interestelar-3i-atlas-intriga-cientistas-e-desperta-teorias-sobre-vida-extraterrestre\/#primaryimage\"},\"thumbnailUrl\":\"https:\/\/i0.wp.com\/www.tvuai.com.br\/portal\/wp-content\/uploads\/2025\/10\/3ia0.jpg?fit=200%2C200&ssl=1\",\"datePublished\":\"2025-10-15T23:19:06+00:00\",\"dateModified\":\"2025-10-21T11:13:50+00:00\",\"breadcrumb\":{\"@id\":\"https:\/\/www.tvuai.com.br\/portal\/objeto-interestelar-3i-atlas-intriga-cientistas-e-desperta-teorias-sobre-vida-extraterrestre\/#breadcrumb\"},\"inLanguage\":\"pt-BR\",\"potentialAction\":[{\"@type\":\"ReadAction\",\"target\":[\"https:\/\/www.tvuai.com.br\/portal\/objeto-interestelar-3i-atlas-intriga-cientistas-e-desperta-teorias-sobre-vida-extraterrestre\/\"]}]},{\"@type\":\"ImageObject\",\"inLanguage\":\"pt-BR\",\"@id\":\"https:\/\/www.tvuai.com.br\/portal\/objeto-interestelar-3i-atlas-intriga-cientistas-e-desperta-teorias-sobre-vida-extraterrestre\/#primaryimage\",\"url\":\"https:\/\/i0.wp.com\/www.tvuai.com.br\/portal\/wp-content\/uploads\/2025\/10\/3ia0.jpg?fit=200%2C200&ssl=1\",\"contentUrl\":\"https:\/\/i0.wp.com\/www.tvuai.com.br\/portal\/wp-content\/uploads\/2025\/10\/3ia0.jpg?fit=200%2C200&ssl=1\",\"width\":200,\"height\":200},{\"@type\":\"BreadcrumbList\",\"@id\":\"https:\/\/www.tvuai.com.br\/portal\/objeto-interestelar-3i-atlas-intriga-cientistas-e-desperta-teorias-sobre-vida-extraterrestre\/#breadcrumb\",\"itemListElement\":[{\"@type\":\"ListItem\",\"position\":1,\"name\":\"In\u00edcio\",\"item\":\"https:\/\/www.tvuai.com.br\/portal\/\"},{\"@type\":\"ListItem\",\"position\":2,\"name\":\"Objeto interestelar 3I Atlas intriga cientistas e desperta teorias sobre vida extraterrestre\"}]},{\"@type\":\"WebSite\",\"@id\":\"https:\/\/www.tvuai.com.br\/portal\/#website\",\"url\":\"https:\/\/www.tvuai.com.br\/portal\/\",\"name\":\"TVUAI\",\"description\":\"Tudo sobre o Sul de Minas\",\"publisher\":{\"@id\":\"https:\/\/www.tvuai.com.br\/portal\/#organization\"},\"potentialAction\":[{\"@type\":\"SearchAction\",\"target\":{\"@type\":\"EntryPoint\",\"urlTemplate\":\"https:\/\/www.tvuai.com.br\/portal\/?s={search_term_string}\"},\"query-input\":{\"@type\":\"PropertyValueSpecification\",\"valueRequired\":true,\"valueName\":\"search_term_string\"}}],\"inLanguage\":\"pt-BR\"},{\"@type\":\"Organization\",\"@id\":\"https:\/\/www.tvuai.com.br\/portal\/#organization\",\"name\":\"TVUAI\",\"url\":\"https:\/\/www.tvuai.com.br\/portal\/\",\"logo\":{\"@type\":\"ImageObject\",\"inLanguage\":\"pt-BR\",\"@id\":\"https:\/\/www.tvuai.com.br\/portal\/#\/schema\/logo\/image\/\",\"url\":\"https:\/\/i0.wp.com\/www.tvuai.com.br\/portal\/wp-content\/uploads\/2017\/12\/logo_tvuai_100H.png?fit=207%2C100&ssl=1\",\"contentUrl\":\"https:\/\/i0.wp.com\/www.tvuai.com.br\/portal\/wp-content\/uploads\/2017\/12\/logo_tvuai_100H.png?fit=207%2C100&ssl=1\",\"width\":207,\"height\":100,\"caption\":\"TVUAI\"},\"image\":{\"@id\":\"https:\/\/www.tvuai.com.br\/portal\/#\/schema\/logo\/image\/\"},\"sameAs\":[\"http:\/\/www.facebook.com\/pages\/TV-Uai-Comunica\u00e7\u00e3o\/139062546157369\",\"https:\/\/x.com\/tvuai\",\"https:\/\/www.instagram.com\/tvuai_network\/\",\"https:\/\/www.youtube.com\/channel\/UCB7ZPB3wRv-OpoZ_09jmnkQ\"]},{\"@type\":\"Person\",\"@id\":\"https:\/\/www.tvuai.com.br\/portal\/#\/schema\/person\/245e50e9127451fd0b7fd76f519ebbfe\",\"name\":\"tvuai\",\"url\":\"https:\/\/www.tvuai.com.br\/portal\/author\/tvuai\/\"}]}<\/script>\n<!-- \/ Yoast SEO plugin. -->","yoast_head_json":{"title":"Objeto interestelar 3I Atlas intriga cientistas e desperta teorias sobre vida extraterrestre - TVUAI","robots":{"index":"index","follow":"follow","max-snippet":"max-snippet:-1","max-image-preview":"max-image-preview:large","max-video-preview":"max-video-preview:-1"},"canonical":"https:\/\/www.tvuai.com.br\/portal\/objeto-interestelar-3i-atlas-intriga-cientistas-e-desperta-teorias-sobre-vida-extraterrestre\/","og_locale":"pt_BR","og_type":"article","og_title":"Objeto interestelar 3I Atlas intriga cientistas e desperta teorias sobre vida extraterrestre - TVUAI","og_description":"Descoberto em julho de 2025, o 3I Atlas \u00e9 o terceiro cometa interestelar j\u00e1 registrado e desafia cientistas com seu comportamento incomum 3I\/ATLAS, um dos objetos mais misteriosos identificados no espa\u00e7o nos \u00faltimos anos, tem provocado intensos debates entre cientistas e entusiastas da astronomia. Descoberto em julho de 2025 por um telesc\u00f3pio do projeto ATLAS [&hellip;]","og_url":"https:\/\/www.tvuai.com.br\/portal\/objeto-interestelar-3i-atlas-intriga-cientistas-e-desperta-teorias-sobre-vida-extraterrestre\/","og_site_name":"TVUAI","article_publisher":"http:\/\/www.facebook.com\/pages\/TV-Uai-Comunica%c3%a7%c3%a3o\/139062546157369","article_published_time":"2025-10-15T23:19:06+00:00","article_modified_time":"2025-10-21T11:13:50+00:00","og_image":[{"width":200,"height":200,"url":"https:\/\/www.tvuai.com.br\/portal\/wp-content\/uploads\/2025\/10\/3ia0.jpg","type":"image\/jpeg"}],"author":"tvuai","twitter_card":"summary_large_image","twitter_creator":"@tvuai","twitter_site":"@tvuai","twitter_misc":{"Escrito por":"tvuai","Est. tempo de leitura":"5 minutos"},"schema":{"@context":"https:\/\/schema.org","@graph":[{"@type":"Article","@id":"https:\/\/www.tvuai.com.br\/portal\/objeto-interestelar-3i-atlas-intriga-cientistas-e-desperta-teorias-sobre-vida-extraterrestre\/#article","isPartOf":{"@id":"https:\/\/www.tvuai.com.br\/portal\/objeto-interestelar-3i-atlas-intriga-cientistas-e-desperta-teorias-sobre-vida-extraterrestre\/"},"author":{"name":"tvuai","@id":"https:\/\/www.tvuai.com.br\/portal\/#\/schema\/person\/245e50e9127451fd0b7fd76f519ebbfe"},"headline":"Objeto interestelar 3I Atlas intriga cientistas e desperta teorias sobre vida extraterrestre","datePublished":"2025-10-15T23:19:06+00:00","dateModified":"2025-10-21T11:13:50+00:00","mainEntityOfPage":{"@id":"https:\/\/www.tvuai.com.br\/portal\/objeto-interestelar-3i-atlas-intriga-cientistas-e-desperta-teorias-sobre-vida-extraterrestre\/"},"wordCount":799,"publisher":{"@id":"https:\/\/www.tvuai.com.br\/portal\/#organization"},"image":{"@id":"https:\/\/www.tvuai.com.br\/portal\/objeto-interestelar-3i-atlas-intriga-cientistas-e-desperta-teorias-sobre-vida-extraterrestre\/#primaryimage"},"thumbnailUrl":"https:\/\/i0.wp.com\/www.tvuai.com.br\/portal\/wp-content\/uploads\/2025\/10\/3ia0.jpg?fit=200%2C200&ssl=1","keywords":["3I Atlas","astron\u00e1utica","astronomia","Borisov","Ci\u00eancia","Ci\u00eancia Engenharia &amp; Tecnologia","cometa interestelar","espa\u00e7o","extraterrestres","Minas Gerais","NASA","nave alien\u00edgena","Oumuamua","Pouso Alegre","Sistema Solar","Sul de Minas","tecnologia espacial","telesc\u00f3pio ATLAS","teorias da conspira\u00e7\u00e3o","TV Uai","TV UAI Pouso Alegre","TVUAI25","Universo"],"articleSection":["Ci\u00eancia e Tecnologia","Not\u00edcias","\u00daltimas Not\u00edcias"],"inLanguage":"pt-BR"},{"@type":"WebPage","@id":"https:\/\/www.tvuai.com.br\/portal\/objeto-interestelar-3i-atlas-intriga-cientistas-e-desperta-teorias-sobre-vida-extraterrestre\/","url":"https:\/\/www.tvuai.com.br\/portal\/objeto-interestelar-3i-atlas-intriga-cientistas-e-desperta-teorias-sobre-vida-extraterrestre\/","name":"Objeto interestelar 3I Atlas intriga cientistas e desperta teorias sobre vida extraterrestre - TVUAI","isPartOf":{"@id":"https:\/\/www.tvuai.com.br\/portal\/#website"},"primaryImageOfPage":{"@id":"https:\/\/www.tvuai.com.br\/portal\/objeto-interestelar-3i-atlas-intriga-cientistas-e-desperta-teorias-sobre-vida-extraterrestre\/#primaryimage"},"image":{"@id":"https:\/\/www.tvuai.com.br\/portal\/objeto-interestelar-3i-atlas-intriga-cientistas-e-desperta-teorias-sobre-vida-extraterrestre\/#primaryimage"},"thumbnailUrl":"https:\/\/i0.wp.com\/www.tvuai.com.br\/portal\/wp-content\/uploads\/2025\/10\/3ia0.jpg?fit=200%2C200&ssl=1","datePublished":"2025-10-15T23:19:06+00:00","dateModified":"2025-10-21T11:13:50+00:00","breadcrumb":{"@id":"https:\/\/www.tvuai.com.br\/portal\/objeto-interestelar-3i-atlas-intriga-cientistas-e-desperta-teorias-sobre-vida-extraterrestre\/#breadcrumb"},"inLanguage":"pt-BR","potentialAction":[{"@type":"ReadAction","target":["https:\/\/www.tvuai.com.br\/portal\/objeto-interestelar-3i-atlas-intriga-cientistas-e-desperta-teorias-sobre-vida-extraterrestre\/"]}]},{"@type":"ImageObject","inLanguage":"pt-BR","@id":"https:\/\/www.tvuai.com.br\/portal\/objeto-interestelar-3i-atlas-intriga-cientistas-e-desperta-teorias-sobre-vida-extraterrestre\/#primaryimage","url":"https:\/\/i0.wp.com\/www.tvuai.com.br\/portal\/wp-content\/uploads\/2025\/10\/3ia0.jpg?fit=200%2C200&ssl=1","contentUrl":"https:\/\/i0.wp.com\/www.tvuai.com.br\/portal\/wp-content\/uploads\/2025\/10\/3ia0.jpg?fit=200%2C200&ssl=1","width":200,"height":200},{"@type":"BreadcrumbList","@id":"https:\/\/www.tvuai.com.br\/portal\/objeto-interestelar-3i-atlas-intriga-cientistas-e-desperta-teorias-sobre-vida-extraterrestre\/#breadcrumb","itemListElement":[{"@type":"ListItem","position":1,"name":"In\u00edcio","item":"https:\/\/www.tvuai.com.br\/portal\/"},{"@type":"ListItem","position":2,"name":"Objeto interestelar 3I Atlas intriga cientistas e desperta teorias sobre vida extraterrestre"}]},{"@type":"WebSite","@id":"https:\/\/www.tvuai.com.br\/portal\/#website","url":"https:\/\/www.tvuai.com.br\/portal\/","name":"TVUAI","description":"Tudo sobre o Sul de Minas","publisher":{"@id":"https:\/\/www.tvuai.com.br\/portal\/#organization"},"potentialAction":[{"@type":"SearchAction","target":{"@type":"EntryPoint","urlTemplate":"https:\/\/www.tvuai.com.br\/portal\/?s={search_term_string}"},"query-input":{"@type":"PropertyValueSpecification","valueRequired":true,"valueName":"search_term_string"}}],"inLanguage":"pt-BR"},{"@type":"Organization","@id":"https:\/\/www.tvuai.com.br\/portal\/#organization","name":"TVUAI","url":"https:\/\/www.tvuai.com.br\/portal\/","logo":{"@type":"ImageObject","inLanguage":"pt-BR","@id":"https:\/\/www.tvuai.com.br\/portal\/#\/schema\/logo\/image\/","url":"https:\/\/i0.wp.com\/www.tvuai.com.br\/portal\/wp-content\/uploads\/2017\/12\/logo_tvuai_100H.png?fit=207%2C100&ssl=1","contentUrl":"https:\/\/i0.wp.com\/www.tvuai.com.br\/portal\/wp-content\/uploads\/2017\/12\/logo_tvuai_100H.png?fit=207%2C100&ssl=1","width":207,"height":100,"caption":"TVUAI"},"image":{"@id":"https:\/\/www.tvuai.com.br\/portal\/#\/schema\/logo\/image\/"},"sameAs":["http:\/\/www.facebook.com\/pages\/TV-Uai-Comunica\u00e7\u00e3o\/139062546157369","https:\/\/x.com\/tvuai","https:\/\/www.instagram.com\/tvuai_network\/","https:\/\/www.youtube.com\/channel\/UCB7ZPB3wRv-OpoZ_09jmnkQ"]},{"@type":"Person","@id":"https:\/\/www.tvuai.com.br\/portal\/#\/schema\/person\/245e50e9127451fd0b7fd76f519ebbfe","name":"tvuai","url":"https:\/\/www.tvuai.com.br\/portal\/author\/tvuai\/"}]}},"jetpack_featured_media_url":"https:\/\/i0.wp.com\/www.tvuai.com.br\/portal\/wp-content\/uploads\/2025\/10\/3ia0.jpg?fit=200%2C200&ssl=1","wpmagazine_modules_lite_featured_media_urls":{"thumbnail":["https:\/\/i0.wp.com\/www.tvuai.com.br\/portal\/wp-content\/uploads\/2025\/10\/3ia0.jpg?resize=150%2C150&ssl=1",150,150,true],"cvmm-medium":["https:\/\/i0.wp.com\/www.tvuai.com.br\/portal\/wp-content\/uploads\/2025\/10\/3ia0.jpg?resize=200%2C200&ssl=1",200,200,true],"cvmm-medium-plus":["https:\/\/i0.wp.com\/www.tvuai.com.br\/portal\/wp-content\/uploads\/2025\/10\/3ia0.jpg?resize=200%2C200&ssl=1",200,200,true],"cvmm-portrait":["https:\/\/i0.wp.com\/www.tvuai.com.br\/portal\/wp-content\/uploads\/2025\/10\/3ia0.jpg?resize=200%2C200&ssl=1",200,200,true],"cvmm-medium-square":["https:\/\/i0.wp.com\/www.tvuai.com.br\/portal\/wp-content\/uploads\/2025\/10\/3ia0.jpg?resize=200%2C200&ssl=1",200,200,true],"cvmm-large":["https:\/\/i0.wp.com\/www.tvuai.com.br\/portal\/wp-content\/uploads\/2025\/10\/3ia0.jpg?resize=200%2C200&ssl=1",200,200,true],"cvmm-small":["https:\/\/i0.wp.com\/www.tvuai.com.br\/portal\/wp-content\/uploads\/2025\/10\/3ia0.jpg?resize=130%2C95&ssl=1",130,95,true],"full":["https:\/\/i0.wp.com\/www.tvuai.com.br\/portal\/wp-content\/uploads\/2025\/10\/3ia0.jpg?fit=200%2C200&ssl=1",200,200,false]},"categories_names":{"1642":{"name":"Ci\u00eancia e Tecnologia","link":"https:\/\/www.tvuai.com.br\/portal\/category\/tecnologia\/"},"19":{"name":"Not\u00edcias","link":"https:\/\/www.tvuai.com.br\/portal\/category\/noticias\/"},"5":{"name":"\u00daltimas Not\u00edcias","link":"https:\/\/www.tvuai.com.br\/portal\/category\/noticias\/ultimas\/"}},"tags_names":{"7003":{"name":"3I Atlas","link":"https:\/\/www.tvuai.com.br\/portal\/tag\/3i-atlas\/"},"7005":{"name":"astron\u00e1utica","link":"https:\/\/www.tvuai.com.br\/portal\/tag\/astronautica\/"},"1145":{"name":"astronomia","link":"https:\/\/www.tvuai.com.br\/portal\/tag\/astronomia\/"},"7009":{"name":"Borisov","link":"https:\/\/www.tvuai.com.br\/portal\/tag\/borisov\/"},"860":{"name":"Ci\u00eancia","link":"https:\/\/www.tvuai.com.br\/portal\/tag\/ciencia\/"},"2143":{"name":"Ci\u00eancia Engenharia &amp; Tecnologia","link":"https:\/\/www.tvuai.com.br\/portal\/tag\/ciencia-engenharia-tecnologia\/"},"7004":{"name":"cometa interestelar","link":"https:\/\/www.tvuai.com.br\/portal\/tag\/cometa-interestelar\/"},"4675":{"name":"espa\u00e7o","link":"https:\/\/www.tvuai.com.br\/portal\/tag\/espaco\/"},"7007":{"name":"extraterrestres","link":"https:\/\/www.tvuai.com.br\/portal\/tag\/extraterrestres\/"},"184":{"name":"Minas Gerais","link":"https:\/\/www.tvuai.com.br\/portal\/tag\/minas-gerais\/"},"448":{"name":"NASA","link":"https:\/\/www.tvuai.com.br\/portal\/tag\/nasa\/"},"7010":{"name":"nave alien\u00edgena","link":"https:\/\/www.tvuai.com.br\/portal\/tag\/nave-alienigena\/"},"7008":{"name":"Oumuamua","link":"https:\/\/www.tvuai.com.br\/portal\/tag\/oumuamua\/"},"37":{"name":"Pouso Alegre","link":"https:\/\/www.tvuai.com.br\/portal\/tag\/pouso-alegre\/"},"7012":{"name":"Sistema Solar","link":"https:\/\/www.tvuai.com.br\/portal\/tag\/sistema-solar\/"},"39":{"name":"Sul de Minas","link":"https:\/\/www.tvuai.com.br\/portal\/tag\/sul-de-minas\/"},"6462":{"name":"tecnologia espacial","link":"https:\/\/www.tvuai.com.br\/portal\/tag\/tecnologia-espacial\/"},"7006":{"name":"telesc\u00f3pio ATLAS","link":"https:\/\/www.tvuai.com.br\/portal\/tag\/telescopio-atlas\/"},"7011":{"name":"teorias da conspira\u00e7\u00e3o","link":"https:\/\/www.tvuai.com.br\/portal\/tag\/teorias-da-conspiracao\/"},"27":{"name":"TV Uai","link":"https:\/\/www.tvuai.com.br\/portal\/tag\/tv-uai\/"},"1618":{"name":"TV UAI Pouso Alegre","link":"https:\/\/www.tvuai.com.br\/portal\/tag\/tv-uai-pouso-alegre\/"},"4796":{"name":"TVUAI25","link":"https:\/\/www.tvuai.com.br\/portal\/tag\/tvuai25\/"},"6566":{"name":"Universo","link":"https:\/\/www.tvuai.com.br\/portal\/tag\/universo\/"}},"comments_number":"0","jetpack_shortlink":"https:\/\/wp.me\/p9woix-3ze","jetpack_sharing_enabled":true,"_links":{"self":[{"href":"https:\/\/www.tvuai.com.br\/portal\/wp-json\/wp\/v2\/posts\/13716"}],"collection":[{"href":"https:\/\/www.tvuai.com.br\/portal\/wp-json\/wp\/v2\/posts"}],"about":[{"href":"https:\/\/www.tvuai.com.br\/portal\/wp-json\/wp\/v2\/types\/post"}],"author":[{"embeddable":true,"href":"https:\/\/www.tvuai.com.br\/portal\/wp-json\/wp\/v2\/users\/1"}],"replies":[{"embeddable":true,"href":"https:\/\/www.tvuai.com.br\/portal\/wp-json\/wp\/v2\/comments?post=13716"}],"version-history":[{"count":2,"href":"https:\/\/www.tvuai.com.br\/portal\/wp-json\/wp\/v2\/posts\/13716\/revisions"}],"predecessor-version":[{"id":13722,"href":"https:\/\/www.tvuai.com.br\/portal\/wp-json\/wp\/v2\/posts\/13716\/revisions\/13722"}],"wp:featuredmedia":[{"embeddable":true,"href":"https:\/\/www.tvuai.com.br\/portal\/wp-json\/wp\/v2\/media\/13719"}],"wp:attachment":[{"href":"https:\/\/www.tvuai.com.br\/portal\/wp-json\/wp\/v2\/media?parent=13716"}],"wp:term":[{"taxonomy":"category","embeddable":true,"href":"https:\/\/www.tvuai.com.br\/portal\/wp-json\/wp\/v2\/categories?post=13716"},{"taxonomy":"post_tag","embeddable":true,"href":"https:\/\/www.tvuai.com.br\/portal\/wp-json\/wp\/v2\/tags?post=13716"}],"curies":[{"name":"wp","href":"https:\/\/api.w.org\/{rel}","templated":true}]}}