{"id":13696,"date":"2025-10-15T20:24:38","date_gmt":"2025-10-15T23:24:38","guid":{"rendered":"https:\/\/www.tvuai.com.br\/portal\/?p=13696"},"modified":"2025-10-21T08:14:15","modified_gmt":"2025-10-21T11:14:15","slug":"prefeitura-de-congonhal-realiza-jantar-especial-em-homenagem-aos-professores-da-rede-municipal","status":"publish","type":"post","link":"https:\/\/www.tvuai.com.br\/portal\/prefeitura-de-congonhal-realiza-jantar-especial-em-homenagem-aos-professores-da-rede-municipal\/","title":{"rendered":"Prefeitura de Congonhal realiza jantar especial em homenagem aos professores da rede municipal"},"content":{"rendered":"<div class=\"5a1038e0903b96d426fcfcc338703013\" data-index=\"1\" style=\"float: right; margin:10px 0 10px 10px;\">\n<script async src=\"https:\/\/pagead2.googlesyndication.com\/pagead\/js\/adsbygoogle.js?client=ca-pub-9945944833605257\"\r\n     crossorigin=\"anonymous\"><\/script>\r\n<ins class=\"adsbygoogle\"\r\n     style=\"display:block; text-align:center;\"\r\n     data-ad-layout=\"in-article\"\r\n     data-ad-format=\"fluid\"\r\n     data-ad-client=\"ca-pub-9945944833605257\"\r\n     data-ad-slot=\"2343923581\"><\/ins>\r\n<script>\r\n     (adsbygoogle = window.adsbygoogle || []).push({});\r\n<\/script>\n<\/div>\n<h5 style=\"text-align: center;\" data-start=\"125\" data-end=\"305\"><em><strong><img data-recalc-dims=\"1\" fetchpriority=\"high\" decoding=\"async\" data-attachment-id=\"13697\" data-permalink=\"https:\/\/www.tvuai.com.br\/portal\/prefeitura-de-congonhal-realiza-jantar-especial-em-homenagem-aos-professores-da-rede-municipal\/congonhal-professor\/\" data-orig-file=\"https:\/\/i0.wp.com\/www.tvuai.com.br\/portal\/wp-content\/uploads\/2025\/10\/congonhal-professor.jpg?fit=1080%2C678&amp;ssl=1\" data-orig-size=\"1080,678\" data-comments-opened=\"0\" data-image-meta=\"{&quot;aperture&quot;:&quot;0&quot;,&quot;credit&quot;:&quot;&quot;,&quot;camera&quot;:&quot;&quot;,&quot;caption&quot;:&quot;&quot;,&quot;created_timestamp&quot;:&quot;0&quot;,&quot;copyright&quot;:&quot;&quot;,&quot;focal_length&quot;:&quot;0&quot;,&quot;iso&quot;:&quot;0&quot;,&quot;shutter_speed&quot;:&quot;0&quot;,&quot;title&quot;:&quot;&quot;,&quot;orientation&quot;:&quot;0&quot;}\" data-image-title=\"congonhal professor\" data-image-description=\"\" data-image-caption=\"\" data-medium-file=\"https:\/\/i0.wp.com\/www.tvuai.com.br\/portal\/wp-content\/uploads\/2025\/10\/congonhal-professor.jpg?fit=300%2C188&amp;ssl=1\" data-large-file=\"https:\/\/i0.wp.com\/www.tvuai.com.br\/portal\/wp-content\/uploads\/2025\/10\/congonhal-professor.jpg?fit=640%2C402&amp;ssl=1\" tabindex=\"0\" role=\"button\" class=\"aligncenter size-full wp-image-13697\" src=\"https:\/\/i0.wp.com\/www.tvuai.com.br\/portal\/wp-content\/uploads\/2025\/10\/congonhal-professor.jpg?resize=640%2C402&#038;ssl=1\" alt=\"\" width=\"640\" height=\"402\" srcset=\"https:\/\/i0.wp.com\/www.tvuai.com.br\/portal\/wp-content\/uploads\/2025\/10\/congonhal-professor.jpg?w=1080&amp;ssl=1 1080w, https:\/\/i0.wp.com\/www.tvuai.com.br\/portal\/wp-content\/uploads\/2025\/10\/congonhal-professor.jpg?resize=300%2C188&amp;ssl=1 300w, https:\/\/i0.wp.com\/www.tvuai.com.br\/portal\/wp-content\/uploads\/2025\/10\/congonhal-professor.jpg?resize=1024%2C643&amp;ssl=1 1024w, https:\/\/i0.wp.com\/www.tvuai.com.br\/portal\/wp-content\/uploads\/2025\/10\/congonhal-professor.jpg?resize=768%2C482&amp;ssl=1 768w\" sizes=\"(max-width: 640px) 100vw, 640px\" \/>Professores de Congonhal foram homenageados com um jantar especial promovido pela prefeitura em reconhecimento \u00e0 dedica\u00e7\u00e3o e ao papel essencial na educa\u00e7\u00e3o<\/strong><\/em><\/h5>\n<p data-start=\"125\" data-end=\"305\">A <span class=\"hover:entity-accent entity-underline inline cursor-pointer align-baseline\"><span class=\"whitespace-normal\">Prefeitura Municipal de Congonhal<\/span><\/span>, em parceria com a Secretaria Municipal de Educa\u00e7\u00e3o, promoveu na \u00faltima sexta-feira, 10, um jantar especial em homenagem aos professores da rede de ensino. O encontro celebrou o trabalho e a dedica\u00e7\u00e3o dos profissionais que atuam diariamente na forma\u00e7\u00e3o dos estudantes do munic\u00edpio.<\/p>\n<p data-start=\"767\" data-end=\"1090\">O evento teve como objetivo valorizar a categoria, oferecendo um momento de confraterniza\u00e7\u00e3o e agradecimento. A iniciativa buscou destacar o compromisso e o carinho com que os educadores conduzem suas atividades, contribuindo de forma decisiva para o desenvolvimento intelectual e social das crian\u00e7as e jovens de Congonhal.<\/p>\n<p data-start=\"1092\" data-end=\"1435\"><img data-recalc-dims=\"1\" decoding=\"async\" data-attachment-id=\"13699\" data-permalink=\"https:\/\/www.tvuai.com.br\/portal\/prefeitura-de-congonhal-realiza-jantar-especial-em-homenagem-aos-professores-da-rede-municipal\/congonhal-professor2\/\" data-orig-file=\"https:\/\/i0.wp.com\/www.tvuai.com.br\/portal\/wp-content\/uploads\/2025\/10\/congonhal-professor2.jpg?fit=1080%2C661&amp;ssl=1\" data-orig-size=\"1080,661\" data-comments-opened=\"0\" data-image-meta=\"{&quot;aperture&quot;:&quot;0&quot;,&quot;credit&quot;:&quot;&quot;,&quot;camera&quot;:&quot;&quot;,&quot;caption&quot;:&quot;&quot;,&quot;created_timestamp&quot;:&quot;0&quot;,&quot;copyright&quot;:&quot;&quot;,&quot;focal_length&quot;:&quot;0&quot;,&quot;iso&quot;:&quot;0&quot;,&quot;shutter_speed&quot;:&quot;0&quot;,&quot;title&quot;:&quot;&quot;,&quot;orientation&quot;:&quot;0&quot;}\" data-image-title=\"congonhal professor2\" data-image-description=\"\" data-image-caption=\"\" data-medium-file=\"https:\/\/i0.wp.com\/www.tvuai.com.br\/portal\/wp-content\/uploads\/2025\/10\/congonhal-professor2.jpg?fit=300%2C184&amp;ssl=1\" data-large-file=\"https:\/\/i0.wp.com\/www.tvuai.com.br\/portal\/wp-content\/uploads\/2025\/10\/congonhal-professor2.jpg?fit=640%2C392&amp;ssl=1\" tabindex=\"0\" role=\"button\" class=\"alignright size-medium wp-image-13699\" src=\"https:\/\/i0.wp.com\/www.tvuai.com.br\/portal\/wp-content\/uploads\/2025\/10\/congonhal-professor2.jpg?resize=300%2C184&#038;ssl=1\" alt=\"\" width=\"300\" height=\"184\" srcset=\"https:\/\/i0.wp.com\/www.tvuai.com.br\/portal\/wp-content\/uploads\/2025\/10\/congonhal-professor2.jpg?resize=300%2C184&amp;ssl=1 300w, https:\/\/i0.wp.com\/www.tvuai.com.br\/portal\/wp-content\/uploads\/2025\/10\/congonhal-professor2.jpg?resize=1024%2C627&amp;ssl=1 1024w, https:\/\/i0.wp.com\/www.tvuai.com.br\/portal\/wp-content\/uploads\/2025\/10\/congonhal-professor2.jpg?resize=768%2C470&amp;ssl=1 768w, https:\/\/i0.wp.com\/www.tvuai.com.br\/portal\/wp-content\/uploads\/2025\/10\/congonhal-professor2.jpg?w=1080&amp;ssl=1 1080w\" sizes=\"(max-width: 300px) 100vw, 300px\" \/>Al\u00e9m de uma comemora\u00e7\u00e3o simb\u00f3lica, a a\u00e7\u00e3o representou um gesto institucional de reconhecimento da import\u00e2ncia da educa\u00e7\u00e3o para o crescimento da comunidade. Ao dedicar uma noite especial aos professores, a administra\u00e7\u00e3o municipal refor\u00e7ou que a qualidade do ensino est\u00e1 diretamente ligada \u00e0 valoriza\u00e7\u00e3o e ao bem-estar dos profissionais da \u00e1rea.<\/p>\n<p data-start=\"1437\" data-end=\"1686\">Durante o jantar, a gest\u00e3o municipal ressaltou que os educadores s\u00e3o pe\u00e7as fundamentais na constru\u00e7\u00e3o de um futuro melhor para o munic\u00edpio. O evento foi marcado por momentos de alegria, integra\u00e7\u00e3o e reconhecimento pelo trabalho de cada profissional.<\/p>\n\n<div style=\"font-size: 0px; height: 0px; line-height: 0px; margin: 0; padding: 0; clear: both;\"><\/div><div class='share-to-whatsapp-wrapper'><div class='share-on-whsp'>Share on: <\/div><a data-text='Prefeitura de Congonhal realiza jantar especial em homenagem aos professores da rede municipal' data-link='https:\/\/www.tvuai.com.br\/portal\/prefeitura-de-congonhal-realiza-jantar-especial-em-homenagem-aos-professores-da-rede-municipal\/' class='whatsapp-button whatsapp-share'>WhatsApp<\/a><div class='clear '><\/div><\/div><!-- AddThis Advanced Settings generic via filter on the_content --><!-- AddThis Share Buttons generic via filter on the_content -->","protected":false},"excerpt":{"rendered":"<p>Professores de Congonhal foram homenageados com um jantar especial promovido pela prefeitura em reconhecimento \u00e0 dedica\u00e7\u00e3o e ao papel essencial na educa\u00e7\u00e3o A Prefeitura Municipal de Congonhal, em parceria com a Secretaria Municipal de Educa\u00e7\u00e3o, promoveu na \u00faltima sexta-feira, 10, um jantar especial em homenagem aos professores da rede de ensino. O encontro celebrou o [&hellip;]<!-- AddThis Advanced Settings generic via filter on get_the_excerpt --><!-- AddThis Share Buttons generic via filter on get_the_excerpt --><\/p>\n","protected":false},"author":1,"featured_media":13700,"comment_status":"closed","ping_status":"closed","sticky":false,"template":"","format":"standard","meta":{"jetpack_post_was_ever_published":false,"_jetpack_newsletter_access":"","_jetpack_dont_email_post_to_subs":false,"_jetpack_newsletter_tier_id":0,"_jetpack_memberships_contains_paywalled_content":false,"_jetpack_memberships_contains_paid_content":false,"_joinchat":[],"footnotes":"","jetpack_publicize_message":"","jetpack_publicize_feature_enabled":true,"jetpack_social_post_already_shared":false,"jetpack_social_options":{"image_generator_settings":{"template":"highway","enabled":false},"version":2}},"categories":[1845,20,19,6235,5],"tags":[2250,861,6993,6990,6991,184,37,2249,6760,6994,6418,39,27,1618,4796,6992],"class_list":["post-13696","post","type-post","status-publish","format-standard","has-post-thumbnail","hentry","category-educacao","category-entretenimento","category-noticias","category-sociais","category-ultimas","tag-congonhal","tag-educacao","tag-ensino-publico","tag-homenagem","tag-jantar-especial","tag-minas-gerais","tag-pouso-alegre","tag-prefeitura-de-congonhal","tag-professores","tag-rede-municipal-de-ensino","tag-secretaria-de-educacao","tag-sul-de-minas","tag-tv-uai","tag-tv-uai-pouso-alegre","tag-tvuai25","tag-valorizacao"],"jetpack_publicize_connections":[],"yoast_head":"<!-- This site is optimized with the Yoast SEO plugin v23.5 - https:\/\/yoast.com\/wordpress\/plugins\/seo\/ -->\n<title>Prefeitura de Congonhal realiza jantar especial em homenagem aos professores da rede municipal - TVUAI<\/title>\n<meta name=\"robots\" content=\"index, follow, max-snippet:-1, max-image-preview:large, max-video-preview:-1\" \/>\n<link rel=\"canonical\" href=\"https:\/\/www.tvuai.com.br\/portal\/prefeitura-de-congonhal-realiza-jantar-especial-em-homenagem-aos-professores-da-rede-municipal\/\" \/>\n<meta property=\"og:locale\" content=\"pt_BR\" \/>\n<meta property=\"og:type\" content=\"article\" \/>\n<meta property=\"og:title\" content=\"Prefeitura de Congonhal realiza jantar especial em homenagem aos professores da rede municipal - TVUAI\" \/>\n<meta property=\"og:description\" content=\"Professores de Congonhal foram homenageados com um jantar especial promovido pela prefeitura em reconhecimento \u00e0 dedica\u00e7\u00e3o e ao papel essencial na educa\u00e7\u00e3o A Prefeitura Municipal de Congonhal, em parceria com a Secretaria Municipal de Educa\u00e7\u00e3o, promoveu na \u00faltima sexta-feira, 10, um jantar especial em homenagem aos professores da rede de ensino. O encontro celebrou o [&hellip;]\" \/>\n<meta property=\"og:url\" content=\"https:\/\/www.tvuai.com.br\/portal\/prefeitura-de-congonhal-realiza-jantar-especial-em-homenagem-aos-professores-da-rede-municipal\/\" \/>\n<meta property=\"og:site_name\" content=\"TVUAI\" \/>\n<meta property=\"article:publisher\" content=\"http:\/\/www.facebook.com\/pages\/TV-Uai-Comunica%c3%a7%c3%a3o\/139062546157369\" \/>\n<meta property=\"article:published_time\" content=\"2025-10-15T23:24:38+00:00\" \/>\n<meta property=\"article:modified_time\" content=\"2025-10-21T11:14:15+00:00\" \/>\n<meta property=\"og:image\" content=\"https:\/\/www.tvuai.com.br\/portal\/wp-content\/uploads\/2025\/10\/congonhal-professor0.jpg\" \/>\n\t<meta property=\"og:image:width\" content=\"200\" \/>\n\t<meta property=\"og:image:height\" content=\"200\" \/>\n\t<meta property=\"og:image:type\" content=\"image\/jpeg\" \/>\n<meta name=\"author\" content=\"tvuai\" \/>\n<meta name=\"twitter:card\" content=\"summary_large_image\" \/>\n<meta name=\"twitter:creator\" content=\"@tvuai\" \/>\n<meta name=\"twitter:site\" content=\"@tvuai\" \/>\n<meta name=\"twitter:label1\" content=\"Escrito por\" \/>\n\t<meta name=\"twitter:data1\" content=\"tvuai\" \/>\n\t<meta name=\"twitter:label2\" content=\"Est. tempo de leitura\" \/>\n\t<meta name=\"twitter:data2\" content=\"2 minutos\" \/>\n<script type=\"application\/ld+json\" class=\"yoast-schema-graph\">{\"@context\":\"https:\/\/schema.org\",\"@graph\":[{\"@type\":\"Article\",\"@id\":\"https:\/\/www.tvuai.com.br\/portal\/prefeitura-de-congonhal-realiza-jantar-especial-em-homenagem-aos-professores-da-rede-municipal\/#article\",\"isPartOf\":{\"@id\":\"https:\/\/www.tvuai.com.br\/portal\/prefeitura-de-congonhal-realiza-jantar-especial-em-homenagem-aos-professores-da-rede-municipal\/\"},\"author\":{\"name\":\"tvuai\",\"@id\":\"https:\/\/www.tvuai.com.br\/portal\/#\/schema\/person\/245e50e9127451fd0b7fd76f519ebbfe\"},\"headline\":\"Prefeitura de Congonhal realiza jantar especial em homenagem aos professores da rede municipal\",\"datePublished\":\"2025-10-15T23:24:38+00:00\",\"dateModified\":\"2025-10-21T11:14:15+00:00\",\"mainEntityOfPage\":{\"@id\":\"https:\/\/www.tvuai.com.br\/portal\/prefeitura-de-congonhal-realiza-jantar-especial-em-homenagem-aos-professores-da-rede-municipal\/\"},\"wordCount\":238,\"publisher\":{\"@id\":\"https:\/\/www.tvuai.com.br\/portal\/#organization\"},\"image\":{\"@id\":\"https:\/\/www.tvuai.com.br\/portal\/prefeitura-de-congonhal-realiza-jantar-especial-em-homenagem-aos-professores-da-rede-municipal\/#primaryimage\"},\"thumbnailUrl\":\"https:\/\/i0.wp.com\/www.tvuai.com.br\/portal\/wp-content\/uploads\/2025\/10\/congonhal-professor0.jpg?fit=200%2C200&ssl=1\",\"keywords\":[\"Congonhal\",\"Educa\u00e7\u00e3o\",\"ensino p\u00fablico\",\"homenagem\",\"jantar especial\",\"Minas Gerais\",\"Pouso Alegre\",\"Prefeitura de Congonhal\",\"Professores\",\"rede municipal de ensino\",\"Secretaria de Educa\u00e7\u00e3o\",\"Sul de Minas\",\"TV Uai\",\"TV UAI Pouso Alegre\",\"TVUAI25\",\"valoriza\u00e7\u00e3o\"],\"articleSection\":[\"Educa\u00e7\u00e3o\",\"Entretenimento\",\"Not\u00edcias\",\"Sociais\",\"\u00daltimas Not\u00edcias\"],\"inLanguage\":\"pt-BR\"},{\"@type\":\"WebPage\",\"@id\":\"https:\/\/www.tvuai.com.br\/portal\/prefeitura-de-congonhal-realiza-jantar-especial-em-homenagem-aos-professores-da-rede-municipal\/\",\"url\":\"https:\/\/www.tvuai.com.br\/portal\/prefeitura-de-congonhal-realiza-jantar-especial-em-homenagem-aos-professores-da-rede-municipal\/\",\"name\":\"Prefeitura de Congonhal realiza jantar especial em homenagem aos professores da rede municipal - TVUAI\",\"isPartOf\":{\"@id\":\"https:\/\/www.tvuai.com.br\/portal\/#website\"},\"primaryImageOfPage\":{\"@id\":\"https:\/\/www.tvuai.com.br\/portal\/prefeitura-de-congonhal-realiza-jantar-especial-em-homenagem-aos-professores-da-rede-municipal\/#primaryimage\"},\"image\":{\"@id\":\"https:\/\/www.tvuai.com.br\/portal\/prefeitura-de-congonhal-realiza-jantar-especial-em-homenagem-aos-professores-da-rede-municipal\/#primaryimage\"},\"thumbnailUrl\":\"https:\/\/i0.wp.com\/www.tvuai.com.br\/portal\/wp-content\/uploads\/2025\/10\/congonhal-professor0.jpg?fit=200%2C200&ssl=1\",\"datePublished\":\"2025-10-15T23:24:38+00:00\",\"dateModified\":\"2025-10-21T11:14:15+00:00\",\"breadcrumb\":{\"@id\":\"https:\/\/www.tvuai.com.br\/portal\/prefeitura-de-congonhal-realiza-jantar-especial-em-homenagem-aos-professores-da-rede-municipal\/#breadcrumb\"},\"inLanguage\":\"pt-BR\",\"potentialAction\":[{\"@type\":\"ReadAction\",\"target\":[\"https:\/\/www.tvuai.com.br\/portal\/prefeitura-de-congonhal-realiza-jantar-especial-em-homenagem-aos-professores-da-rede-municipal\/\"]}]},{\"@type\":\"ImageObject\",\"inLanguage\":\"pt-BR\",\"@id\":\"https:\/\/www.tvuai.com.br\/portal\/prefeitura-de-congonhal-realiza-jantar-especial-em-homenagem-aos-professores-da-rede-municipal\/#primaryimage\",\"url\":\"https:\/\/i0.wp.com\/www.tvuai.com.br\/portal\/wp-content\/uploads\/2025\/10\/congonhal-professor0.jpg?fit=200%2C200&ssl=1\",\"contentUrl\":\"https:\/\/i0.wp.com\/www.tvuai.com.br\/portal\/wp-content\/uploads\/2025\/10\/congonhal-professor0.jpg?fit=200%2C200&ssl=1\",\"width\":200,\"height\":200},{\"@type\":\"BreadcrumbList\",\"@id\":\"https:\/\/www.tvuai.com.br\/portal\/prefeitura-de-congonhal-realiza-jantar-especial-em-homenagem-aos-professores-da-rede-municipal\/#breadcrumb\",\"itemListElement\":[{\"@type\":\"ListItem\",\"position\":1,\"name\":\"In\u00edcio\",\"item\":\"https:\/\/www.tvuai.com.br\/portal\/\"},{\"@type\":\"ListItem\",\"position\":2,\"name\":\"Prefeitura de Congonhal realiza jantar especial em homenagem aos professores da rede municipal\"}]},{\"@type\":\"WebSite\",\"@id\":\"https:\/\/www.tvuai.com.br\/portal\/#website\",\"url\":\"https:\/\/www.tvuai.com.br\/portal\/\",\"name\":\"TVUAI\",\"description\":\"Tudo sobre o Sul de Minas\",\"publisher\":{\"@id\":\"https:\/\/www.tvuai.com.br\/portal\/#organization\"},\"potentialAction\":[{\"@type\":\"SearchAction\",\"target\":{\"@type\":\"EntryPoint\",\"urlTemplate\":\"https:\/\/www.tvuai.com.br\/portal\/?s={search_term_string}\"},\"query-input\":{\"@type\":\"PropertyValueSpecification\",\"valueRequired\":true,\"valueName\":\"search_term_string\"}}],\"inLanguage\":\"pt-BR\"},{\"@type\":\"Organization\",\"@id\":\"https:\/\/www.tvuai.com.br\/portal\/#organization\",\"name\":\"TVUAI\",\"url\":\"https:\/\/www.tvuai.com.br\/portal\/\",\"logo\":{\"@type\":\"ImageObject\",\"inLanguage\":\"pt-BR\",\"@id\":\"https:\/\/www.tvuai.com.br\/portal\/#\/schema\/logo\/image\/\",\"url\":\"https:\/\/i0.wp.com\/www.tvuai.com.br\/portal\/wp-content\/uploads\/2017\/12\/logo_tvuai_100H.png?fit=207%2C100&ssl=1\",\"contentUrl\":\"https:\/\/i0.wp.com\/www.tvuai.com.br\/portal\/wp-content\/uploads\/2017\/12\/logo_tvuai_100H.png?fit=207%2C100&ssl=1\",\"width\":207,\"height\":100,\"caption\":\"TVUAI\"},\"image\":{\"@id\":\"https:\/\/www.tvuai.com.br\/portal\/#\/schema\/logo\/image\/\"},\"sameAs\":[\"http:\/\/www.facebook.com\/pages\/TV-Uai-Comunica\u00e7\u00e3o\/139062546157369\",\"https:\/\/x.com\/tvuai\",\"https:\/\/www.instagram.com\/tvuai_network\/\",\"https:\/\/www.youtube.com\/channel\/UCB7ZPB3wRv-OpoZ_09jmnkQ\"]},{\"@type\":\"Person\",\"@id\":\"https:\/\/www.tvuai.com.br\/portal\/#\/schema\/person\/245e50e9127451fd0b7fd76f519ebbfe\",\"name\":\"tvuai\",\"url\":\"https:\/\/www.tvuai.com.br\/portal\/author\/tvuai\/\"}]}<\/script>\n<!-- \/ Yoast SEO plugin. -->","yoast_head_json":{"title":"Prefeitura de Congonhal realiza jantar especial em homenagem aos professores da rede municipal - TVUAI","robots":{"index":"index","follow":"follow","max-snippet":"max-snippet:-1","max-image-preview":"max-image-preview:large","max-video-preview":"max-video-preview:-1"},"canonical":"https:\/\/www.tvuai.com.br\/portal\/prefeitura-de-congonhal-realiza-jantar-especial-em-homenagem-aos-professores-da-rede-municipal\/","og_locale":"pt_BR","og_type":"article","og_title":"Prefeitura de Congonhal realiza jantar especial em homenagem aos professores da rede municipal - TVUAI","og_description":"Professores de Congonhal foram homenageados com um jantar especial promovido pela prefeitura em reconhecimento \u00e0 dedica\u00e7\u00e3o e ao papel essencial na educa\u00e7\u00e3o A Prefeitura Municipal de Congonhal, em parceria com a Secretaria Municipal de Educa\u00e7\u00e3o, promoveu na \u00faltima sexta-feira, 10, um jantar especial em homenagem aos professores da rede de ensino. O encontro celebrou o [&hellip;]","og_url":"https:\/\/www.tvuai.com.br\/portal\/prefeitura-de-congonhal-realiza-jantar-especial-em-homenagem-aos-professores-da-rede-municipal\/","og_site_name":"TVUAI","article_publisher":"http:\/\/www.facebook.com\/pages\/TV-Uai-Comunica%c3%a7%c3%a3o\/139062546157369","article_published_time":"2025-10-15T23:24:38+00:00","article_modified_time":"2025-10-21T11:14:15+00:00","og_image":[{"width":200,"height":200,"url":"https:\/\/www.tvuai.com.br\/portal\/wp-content\/uploads\/2025\/10\/congonhal-professor0.jpg","type":"image\/jpeg"}],"author":"tvuai","twitter_card":"summary_large_image","twitter_creator":"@tvuai","twitter_site":"@tvuai","twitter_misc":{"Escrito por":"tvuai","Est. tempo de leitura":"2 minutos"},"schema":{"@context":"https:\/\/schema.org","@graph":[{"@type":"Article","@id":"https:\/\/www.tvuai.com.br\/portal\/prefeitura-de-congonhal-realiza-jantar-especial-em-homenagem-aos-professores-da-rede-municipal\/#article","isPartOf":{"@id":"https:\/\/www.tvuai.com.br\/portal\/prefeitura-de-congonhal-realiza-jantar-especial-em-homenagem-aos-professores-da-rede-municipal\/"},"author":{"name":"tvuai","@id":"https:\/\/www.tvuai.com.br\/portal\/#\/schema\/person\/245e50e9127451fd0b7fd76f519ebbfe"},"headline":"Prefeitura de Congonhal realiza jantar especial em homenagem aos professores da rede municipal","datePublished":"2025-10-15T23:24:38+00:00","dateModified":"2025-10-21T11:14:15+00:00","mainEntityOfPage":{"@id":"https:\/\/www.tvuai.com.br\/portal\/prefeitura-de-congonhal-realiza-jantar-especial-em-homenagem-aos-professores-da-rede-municipal\/"},"wordCount":238,"publisher":{"@id":"https:\/\/www.tvuai.com.br\/portal\/#organization"},"image":{"@id":"https:\/\/www.tvuai.com.br\/portal\/prefeitura-de-congonhal-realiza-jantar-especial-em-homenagem-aos-professores-da-rede-municipal\/#primaryimage"},"thumbnailUrl":"https:\/\/i0.wp.com\/www.tvuai.com.br\/portal\/wp-content\/uploads\/2025\/10\/congonhal-professor0.jpg?fit=200%2C200&ssl=1","keywords":["Congonhal","Educa\u00e7\u00e3o","ensino p\u00fablico","homenagem","jantar especial","Minas Gerais","Pouso Alegre","Prefeitura de Congonhal","Professores","rede municipal de ensino","Secretaria de Educa\u00e7\u00e3o","Sul de Minas","TV Uai","TV UAI Pouso Alegre","TVUAI25","valoriza\u00e7\u00e3o"],"articleSection":["Educa\u00e7\u00e3o","Entretenimento","Not\u00edcias","Sociais","\u00daltimas Not\u00edcias"],"inLanguage":"pt-BR"},{"@type":"WebPage","@id":"https:\/\/www.tvuai.com.br\/portal\/prefeitura-de-congonhal-realiza-jantar-especial-em-homenagem-aos-professores-da-rede-municipal\/","url":"https:\/\/www.tvuai.com.br\/portal\/prefeitura-de-congonhal-realiza-jantar-especial-em-homenagem-aos-professores-da-rede-municipal\/","name":"Prefeitura de Congonhal realiza jantar especial em homenagem aos professores da rede municipal - TVUAI","isPartOf":{"@id":"https:\/\/www.tvuai.com.br\/portal\/#website"},"primaryImageOfPage":{"@id":"https:\/\/www.tvuai.com.br\/portal\/prefeitura-de-congonhal-realiza-jantar-especial-em-homenagem-aos-professores-da-rede-municipal\/#primaryimage"},"image":{"@id":"https:\/\/www.tvuai.com.br\/portal\/prefeitura-de-congonhal-realiza-jantar-especial-em-homenagem-aos-professores-da-rede-municipal\/#primaryimage"},"thumbnailUrl":"https:\/\/i0.wp.com\/www.tvuai.com.br\/portal\/wp-content\/uploads\/2025\/10\/congonhal-professor0.jpg?fit=200%2C200&ssl=1","datePublished":"2025-10-15T23:24:38+00:00","dateModified":"2025-10-21T11:14:15+00:00","breadcrumb":{"@id":"https:\/\/www.tvuai.com.br\/portal\/prefeitura-de-congonhal-realiza-jantar-especial-em-homenagem-aos-professores-da-rede-municipal\/#breadcrumb"},"inLanguage":"pt-BR","potentialAction":[{"@type":"ReadAction","target":["https:\/\/www.tvuai.com.br\/portal\/prefeitura-de-congonhal-realiza-jantar-especial-em-homenagem-aos-professores-da-rede-municipal\/"]}]},{"@type":"ImageObject","inLanguage":"pt-BR","@id":"https:\/\/www.tvuai.com.br\/portal\/prefeitura-de-congonhal-realiza-jantar-especial-em-homenagem-aos-professores-da-rede-municipal\/#primaryimage","url":"https:\/\/i0.wp.com\/www.tvuai.com.br\/portal\/wp-content\/uploads\/2025\/10\/congonhal-professor0.jpg?fit=200%2C200&ssl=1","contentUrl":"https:\/\/i0.wp.com\/www.tvuai.com.br\/portal\/wp-content\/uploads\/2025\/10\/congonhal-professor0.jpg?fit=200%2C200&ssl=1","width":200,"height":200},{"@type":"BreadcrumbList","@id":"https:\/\/www.tvuai.com.br\/portal\/prefeitura-de-congonhal-realiza-jantar-especial-em-homenagem-aos-professores-da-rede-municipal\/#breadcrumb","itemListElement":[{"@type":"ListItem","position":1,"name":"In\u00edcio","item":"https:\/\/www.tvuai.com.br\/portal\/"},{"@type":"ListItem","position":2,"name":"Prefeitura de Congonhal realiza jantar especial em homenagem aos professores da rede municipal"}]},{"@type":"WebSite","@id":"https:\/\/www.tvuai.com.br\/portal\/#website","url":"https:\/\/www.tvuai.com.br\/portal\/","name":"TVUAI","description":"Tudo sobre o Sul de Minas","publisher":{"@id":"https:\/\/www.tvuai.com.br\/portal\/#organization"},"potentialAction":[{"@type":"SearchAction","target":{"@type":"EntryPoint","urlTemplate":"https:\/\/www.tvuai.com.br\/portal\/?s={search_term_string}"},"query-input":{"@type":"PropertyValueSpecification","valueRequired":true,"valueName":"search_term_string"}}],"inLanguage":"pt-BR"},{"@type":"Organization","@id":"https:\/\/www.tvuai.com.br\/portal\/#organization","name":"TVUAI","url":"https:\/\/www.tvuai.com.br\/portal\/","logo":{"@type":"ImageObject","inLanguage":"pt-BR","@id":"https:\/\/www.tvuai.com.br\/portal\/#\/schema\/logo\/image\/","url":"https:\/\/i0.wp.com\/www.tvuai.com.br\/portal\/wp-content\/uploads\/2017\/12\/logo_tvuai_100H.png?fit=207%2C100&ssl=1","contentUrl":"https:\/\/i0.wp.com\/www.tvuai.com.br\/portal\/wp-content\/uploads\/2017\/12\/logo_tvuai_100H.png?fit=207%2C100&ssl=1","width":207,"height":100,"caption":"TVUAI"},"image":{"@id":"https:\/\/www.tvuai.com.br\/portal\/#\/schema\/logo\/image\/"},"sameAs":["http:\/\/www.facebook.com\/pages\/TV-Uai-Comunica\u00e7\u00e3o\/139062546157369","https:\/\/x.com\/tvuai","https:\/\/www.instagram.com\/tvuai_network\/","https:\/\/www.youtube.com\/channel\/UCB7ZPB3wRv-OpoZ_09jmnkQ"]},{"@type":"Person","@id":"https:\/\/www.tvuai.com.br\/portal\/#\/schema\/person\/245e50e9127451fd0b7fd76f519ebbfe","name":"tvuai","url":"https:\/\/www.tvuai.com.br\/portal\/author\/tvuai\/"}]}},"jetpack_featured_media_url":"https:\/\/i0.wp.com\/www.tvuai.com.br\/portal\/wp-content\/uploads\/2025\/10\/congonhal-professor0.jpg?fit=200%2C200&ssl=1","wpmagazine_modules_lite_featured_media_urls":{"thumbnail":["https:\/\/i0.wp.com\/www.tvuai.com.br\/portal\/wp-content\/uploads\/2025\/10\/congonhal-professor0.jpg?resize=150%2C150&ssl=1",150,150,true],"cvmm-medium":["https:\/\/i0.wp.com\/www.tvuai.com.br\/portal\/wp-content\/uploads\/2025\/10\/congonhal-professor0.jpg?resize=200%2C200&ssl=1",200,200,true],"cvmm-medium-plus":["https:\/\/i0.wp.com\/www.tvuai.com.br\/portal\/wp-content\/uploads\/2025\/10\/congonhal-professor0.jpg?resize=200%2C200&ssl=1",200,200,true],"cvmm-portrait":["https:\/\/i0.wp.com\/www.tvuai.com.br\/portal\/wp-content\/uploads\/2025\/10\/congonhal-professor0.jpg?resize=200%2C200&ssl=1",200,200,true],"cvmm-medium-square":["https:\/\/i0.wp.com\/www.tvuai.com.br\/portal\/wp-content\/uploads\/2025\/10\/congonhal-professor0.jpg?resize=200%2C200&ssl=1",200,200,true],"cvmm-large":["https:\/\/i0.wp.com\/www.tvuai.com.br\/portal\/wp-content\/uploads\/2025\/10\/congonhal-professor0.jpg?resize=200%2C200&ssl=1",200,200,true],"cvmm-small":["https:\/\/i0.wp.com\/www.tvuai.com.br\/portal\/wp-content\/uploads\/2025\/10\/congonhal-professor0.jpg?resize=130%2C95&ssl=1",130,95,true],"full":["https:\/\/i0.wp.com\/www.tvuai.com.br\/portal\/wp-content\/uploads\/2025\/10\/congonhal-professor0.jpg?fit=200%2C200&ssl=1",200,200,false]},"categories_names":{"1845":{"name":"Educa\u00e7\u00e3o","link":"https:\/\/www.tvuai.com.br\/portal\/category\/educacao\/"},"20":{"name":"Entretenimento","link":"https:\/\/www.tvuai.com.br\/portal\/category\/entretenimento\/"},"19":{"name":"Not\u00edcias","link":"https:\/\/www.tvuai.com.br\/portal\/category\/noticias\/"},"6235":{"name":"Sociais","link":"https:\/\/www.tvuai.com.br\/portal\/category\/sociais\/"},"5":{"name":"\u00daltimas Not\u00edcias","link":"https:\/\/www.tvuai.com.br\/portal\/category\/noticias\/ultimas\/"}},"tags_names":{"2250":{"name":"Congonhal","link":"https:\/\/www.tvuai.com.br\/portal\/tag\/congonhal\/"},"861":{"name":"Educa\u00e7\u00e3o","link":"https:\/\/www.tvuai.com.br\/portal\/tag\/educacao\/"},"6993":{"name":"ensino p\u00fablico","link":"https:\/\/www.tvuai.com.br\/portal\/tag\/ensino-publico\/"},"6990":{"name":"homenagem","link":"https:\/\/www.tvuai.com.br\/portal\/tag\/homenagem\/"},"6991":{"name":"jantar especial","link":"https:\/\/www.tvuai.com.br\/portal\/tag\/jantar-especial\/"},"184":{"name":"Minas Gerais","link":"https:\/\/www.tvuai.com.br\/portal\/tag\/minas-gerais\/"},"37":{"name":"Pouso Alegre","link":"https:\/\/www.tvuai.com.br\/portal\/tag\/pouso-alegre\/"},"2249":{"name":"Prefeitura de Congonhal","link":"https:\/\/www.tvuai.com.br\/portal\/tag\/prefeitura-de-congonhal\/"},"6760":{"name":"Professores","link":"https:\/\/www.tvuai.com.br\/portal\/tag\/professores\/"},"6994":{"name":"rede municipal de ensino","link":"https:\/\/www.tvuai.com.br\/portal\/tag\/rede-municipal-de-ensino\/"},"6418":{"name":"Secretaria de Educa\u00e7\u00e3o","link":"https:\/\/www.tvuai.com.br\/portal\/tag\/secretaria-de-educacao\/"},"39":{"name":"Sul de Minas","link":"https:\/\/www.tvuai.com.br\/portal\/tag\/sul-de-minas\/"},"27":{"name":"TV Uai","link":"https:\/\/www.tvuai.com.br\/portal\/tag\/tv-uai\/"},"1618":{"name":"TV UAI Pouso Alegre","link":"https:\/\/www.tvuai.com.br\/portal\/tag\/tv-uai-pouso-alegre\/"},"4796":{"name":"TVUAI25","link":"https:\/\/www.tvuai.com.br\/portal\/tag\/tvuai25\/"},"6992":{"name":"valoriza\u00e7\u00e3o","link":"https:\/\/www.tvuai.com.br\/portal\/tag\/valorizacao\/"}},"comments_number":"0","jetpack_shortlink":"https:\/\/wp.me\/p9woix-3yU","jetpack_sharing_enabled":true,"_links":{"self":[{"href":"https:\/\/www.tvuai.com.br\/portal\/wp-json\/wp\/v2\/posts\/13696"}],"collection":[{"href":"https:\/\/www.tvuai.com.br\/portal\/wp-json\/wp\/v2\/posts"}],"about":[{"href":"https:\/\/www.tvuai.com.br\/portal\/wp-json\/wp\/v2\/types\/post"}],"author":[{"embeddable":true,"href":"https:\/\/www.tvuai.com.br\/portal\/wp-json\/wp\/v2\/users\/1"}],"replies":[{"embeddable":true,"href":"https:\/\/www.tvuai.com.br\/portal\/wp-json\/wp\/v2\/comments?post=13696"}],"version-history":[{"count":1,"href":"https:\/\/www.tvuai.com.br\/portal\/wp-json\/wp\/v2\/posts\/13696\/revisions"}],"predecessor-version":[{"id":13701,"href":"https:\/\/www.tvuai.com.br\/portal\/wp-json\/wp\/v2\/posts\/13696\/revisions\/13701"}],"wp:featuredmedia":[{"embeddable":true,"href":"https:\/\/www.tvuai.com.br\/portal\/wp-json\/wp\/v2\/media\/13700"}],"wp:attachment":[{"href":"https:\/\/www.tvuai.com.br\/portal\/wp-json\/wp\/v2\/media?parent=13696"}],"wp:term":[{"taxonomy":"category","embeddable":true,"href":"https:\/\/www.tvuai.com.br\/portal\/wp-json\/wp\/v2\/categories?post=13696"},{"taxonomy":"post_tag","embeddable":true,"href":"https:\/\/www.tvuai.com.br\/portal\/wp-json\/wp\/v2\/tags?post=13696"}],"curies":[{"name":"wp","href":"https:\/\/api.w.org\/{rel}","templated":true}]}}