{"id":13611,"date":"2025-10-09T19:35:15","date_gmt":"2025-10-09T22:35:15","guid":{"rendered":"https:\/\/www.tvuai.com.br\/portal\/?p=13611"},"modified":"2025-10-10T20:09:06","modified_gmt":"2025-10-10T23:09:06","slug":"comerciante-de-itajuba-e-condenado-a-indenizar-guardas-municipais-por-ofensas-racistas-nas-redes-sociais","status":"publish","type":"post","link":"https:\/\/www.tvuai.com.br\/portal\/comerciante-de-itajuba-e-condenado-a-indenizar-guardas-municipais-por-ofensas-racistas-nas-redes-sociais\/","title":{"rendered":"Comerciante de Itajub\u00e1 \u00e9 condenado a indenizar guardas municipais por ofensas racistas nas redes sociais"},"content":{"rendered":"<div class=\"5a1038e0903b96d426fcfcc338703013\" data-index=\"1\" style=\"float: right; margin:10px 0 10px 10px;\">\n<script async src=\"https:\/\/pagead2.googlesyndication.com\/pagead\/js\/adsbygoogle.js?client=ca-pub-9945944833605257\"\r\n     crossorigin=\"anonymous\"><\/script>\r\n<ins class=\"adsbygoogle\"\r\n     style=\"display:block; text-align:center;\"\r\n     data-ad-layout=\"in-article\"\r\n     data-ad-format=\"fluid\"\r\n     data-ad-client=\"ca-pub-9945944833605257\"\r\n     data-ad-slot=\"2343923581\"><\/ins>\r\n<script>\r\n     (adsbygoogle = window.adsbygoogle || []).push({});\r\n<\/script>\n<\/div>\n<h5 style=\"text-align: center;\" data-start=\"135\" data-end=\"315\"><em><strong><img data-recalc-dims=\"1\" fetchpriority=\"high\" decoding=\"async\" data-attachment-id=\"13615\" data-permalink=\"https:\/\/www.tvuai.com.br\/portal\/comerciante-de-itajuba-e-condenado-a-indenizar-guardas-municipais-por-ofensas-racistas-nas-redes-sociais\/tjmg1\/\" data-orig-file=\"https:\/\/i0.wp.com\/www.tvuai.com.br\/portal\/wp-content\/uploads\/2025\/10\/tjmg1.jpg?fit=800%2C518&amp;ssl=1\" data-orig-size=\"800,518\" data-comments-opened=\"0\" data-image-meta=\"{&quot;aperture&quot;:&quot;0&quot;,&quot;credit&quot;:&quot;&quot;,&quot;camera&quot;:&quot;&quot;,&quot;caption&quot;:&quot;&quot;,&quot;created_timestamp&quot;:&quot;0&quot;,&quot;copyright&quot;:&quot;&quot;,&quot;focal_length&quot;:&quot;0&quot;,&quot;iso&quot;:&quot;0&quot;,&quot;shutter_speed&quot;:&quot;0&quot;,&quot;title&quot;:&quot;&quot;,&quot;orientation&quot;:&quot;0&quot;}\" data-image-title=\"tjmg1\" data-image-description=\"\" data-image-caption=\"\" data-medium-file=\"https:\/\/i0.wp.com\/www.tvuai.com.br\/portal\/wp-content\/uploads\/2025\/10\/tjmg1.jpg?fit=300%2C194&amp;ssl=1\" data-large-file=\"https:\/\/i0.wp.com\/www.tvuai.com.br\/portal\/wp-content\/uploads\/2025\/10\/tjmg1.jpg?fit=640%2C414&amp;ssl=1\" tabindex=\"0\" role=\"button\" class=\"aligncenter size-full wp-image-13615\" src=\"https:\/\/i0.wp.com\/www.tvuai.com.br\/portal\/wp-content\/uploads\/2025\/10\/tjmg1.jpg?resize=640%2C414&#038;ssl=1\" alt=\"\" width=\"640\" height=\"414\" srcset=\"https:\/\/i0.wp.com\/www.tvuai.com.br\/portal\/wp-content\/uploads\/2025\/10\/tjmg1.jpg?w=800&amp;ssl=1 800w, https:\/\/i0.wp.com\/www.tvuai.com.br\/portal\/wp-content\/uploads\/2025\/10\/tjmg1.jpg?resize=300%2C194&amp;ssl=1 300w, https:\/\/i0.wp.com\/www.tvuai.com.br\/portal\/wp-content\/uploads\/2025\/10\/tjmg1.jpg?resize=768%2C497&amp;ssl=1 768w\" sizes=\"(max-width: 640px) 100vw, 640px\" \/>Tribunal de Justi\u00e7a de Minas Gerais condena comerciante a pagar R$ 6 mil a dois guardas municipais de Itajub\u00e1 por postagens com conte\u00fado racista e ofensivo<\/strong><\/em><\/h5>\n<p data-start=\"474\" data-end=\"842\">A 20\u00aa C\u00e2mara C\u00edvel do <span class=\"hover:entity-accent entity-underline inline cursor-pointer align-baseline\"><span class=\"whitespace-normal\">Tribunal de Justi\u00e7a de Minas Gerais<\/span><\/span> (TJMG) condenou um comerciante de <span class=\"hover:entity-accent entity-underline inline cursor-pointer align-baseline\"><span class=\"whitespace-normal\">Itajub\u00e1<\/span><\/span> a indenizar dois guardas municipais por ofensas racistas publicadas nas redes sociais. Cada agente dever\u00e1 receber R$ 3 mil por danos morais. A decis\u00e3o reforma a senten\u00e7a de primeira inst\u00e2ncia, que havia negado o pedido de indeniza\u00e7\u00e3o.<\/p>\n<p data-start=\"844\" data-end=\"1148\">O caso teve in\u00edcio ap\u00f3s uma fiscaliza\u00e7\u00e3o da Prefeitura no com\u00e9rcio do r\u00e9u. Diante de irregularidades, a empresa foi interditada, e os guardas foram acionados para acompanhar a opera\u00e7\u00e3o. O comerciante reagiu, foi preso e indiciado pelos crimes de infra\u00e7\u00e3o de medida sanit\u00e1ria preventiva e desobedi\u00eancia.<\/p>\n<p data-start=\"1150\" data-end=\"1368\"><img data-recalc-dims=\"1\" decoding=\"async\" data-attachment-id=\"13616\" data-permalink=\"https:\/\/www.tvuai.com.br\/portal\/comerciante-de-itajuba-e-condenado-a-indenizar-guardas-municipais-por-ofensas-racistas-nas-redes-sociais\/tjmg2\/\" data-orig-file=\"https:\/\/i0.wp.com\/www.tvuai.com.br\/portal\/wp-content\/uploads\/2025\/10\/tjmg2.jpg?fit=1000%2C667&amp;ssl=1\" data-orig-size=\"1000,667\" data-comments-opened=\"0\" data-image-meta=\"{&quot;aperture&quot;:&quot;0&quot;,&quot;credit&quot;:&quot;&quot;,&quot;camera&quot;:&quot;&quot;,&quot;caption&quot;:&quot;&quot;,&quot;created_timestamp&quot;:&quot;0&quot;,&quot;copyright&quot;:&quot;&quot;,&quot;focal_length&quot;:&quot;0&quot;,&quot;iso&quot;:&quot;0&quot;,&quot;shutter_speed&quot;:&quot;0&quot;,&quot;title&quot;:&quot;&quot;,&quot;orientation&quot;:&quot;0&quot;}\" data-image-title=\"tjmg2\" data-image-description=\"\" data-image-caption=\"\" data-medium-file=\"https:\/\/i0.wp.com\/www.tvuai.com.br\/portal\/wp-content\/uploads\/2025\/10\/tjmg2.jpg?fit=300%2C200&amp;ssl=1\" data-large-file=\"https:\/\/i0.wp.com\/www.tvuai.com.br\/portal\/wp-content\/uploads\/2025\/10\/tjmg2.jpg?fit=640%2C427&amp;ssl=1\" tabindex=\"0\" role=\"button\" class=\"alignright size-medium wp-image-13616\" src=\"https:\/\/i0.wp.com\/www.tvuai.com.br\/portal\/wp-content\/uploads\/2025\/10\/tjmg2.jpg?resize=300%2C200&#038;ssl=1\" alt=\"\" width=\"300\" height=\"200\" srcset=\"https:\/\/i0.wp.com\/www.tvuai.com.br\/portal\/wp-content\/uploads\/2025\/10\/tjmg2.jpg?resize=300%2C200&amp;ssl=1 300w, https:\/\/i0.wp.com\/www.tvuai.com.br\/portal\/wp-content\/uploads\/2025\/10\/tjmg2.jpg?resize=768%2C512&amp;ssl=1 768w, https:\/\/i0.wp.com\/www.tvuai.com.br\/portal\/wp-content\/uploads\/2025\/10\/tjmg2.jpg?w=1000&amp;ssl=1 1000w\" sizes=\"(max-width: 300px) 100vw, 300px\" \/>Ap\u00f3s ser liberado, o homem publicou mensagens ofensivas com cunho racial, utilizando imagens de porco e macaco, al\u00e9m de palavras de baixo cal\u00e3o dirigidas aos agentes. As postagens foram anexadas ao processo como prova.<\/p>\n<p style=\"text-align: center;\" data-start=\"1370\" data-end=\"1416\"><strong>Liberdade de express\u00e3o n\u00e3o \u00e9 justificativa<\/strong><\/p>\n<p data-start=\"1418\" data-end=\"1635\">O relator do processo, juiz convocado Christian Gomes Lima, destacou que as publica\u00e7\u00f5es ultrapassaram o direito \u00e0 liberdade de express\u00e3o e configuraram abuso, atingindo diretamente a honra e a dignidade dos guardas.<\/p>\n<blockquote data-start=\"1637\" data-end=\"1942\">\n<p data-start=\"1639\" data-end=\"1942\">\u201cO intuito das postagens do apelado em sua rede social, o que abrange um n\u00famero sem fim de pessoas, diga-se de passagem, foi, de fato, ofender a honra e a dignidade dos policiais municipais que acompanharam a opera\u00e7\u00e3o deflagrada pela prefeitura e vigil\u00e2ncia sanit\u00e1ria da cidade\u201d, afirmou o magistrado.<\/p>\n<\/blockquote>\n<p data-start=\"1944\" data-end=\"2079\">Os desembargadores L\u00edlian Maciel e Fernando Lins acompanharam o voto do relator. O ac\u00f3rd\u00e3o tramita sob o n\u00famero 1.0000.24.101814-2\/002.<\/p>\n\n<div style=\"font-size: 0px; height: 0px; line-height: 0px; margin: 0; padding: 0; clear: both;\"><\/div><div class='share-to-whatsapp-wrapper'><div class='share-on-whsp'>Share on: <\/div><a data-text='Comerciante de Itajub\u00e1 \u00e9 condenado a indenizar guardas municipais por ofensas racistas nas redes sociais' data-link='https:\/\/www.tvuai.com.br\/portal\/comerciante-de-itajuba-e-condenado-a-indenizar-guardas-municipais-por-ofensas-racistas-nas-redes-sociais\/' class='whatsapp-button whatsapp-share'>WhatsApp<\/a><div class='clear '><\/div><\/div><!-- AddThis Advanced Settings generic via filter on the_content --><!-- AddThis Share Buttons generic via filter on the_content -->","protected":false},"excerpt":{"rendered":"<p>Tribunal de Justi\u00e7a de Minas Gerais condena comerciante a pagar R$ 6 mil a dois guardas municipais de Itajub\u00e1 por postagens com conte\u00fado racista e ofensivo A 20\u00aa C\u00e2mara C\u00edvel do Tribunal de Justi\u00e7a de Minas Gerais (TJMG) condenou um comerciante de Itajub\u00e1 a indenizar dois guardas municipais por ofensas racistas publicadas nas redes sociais. [&hellip;]<!-- AddThis Advanced Settings generic via filter on get_the_excerpt --><!-- AddThis Share Buttons generic via filter on get_the_excerpt --><\/p>\n","protected":false},"author":1,"featured_media":13614,"comment_status":"closed","ping_status":"closed","sticky":false,"template":"","format":"standard","meta":{"jetpack_post_was_ever_published":false,"_jetpack_newsletter_access":"","_jetpack_dont_email_post_to_subs":false,"_jetpack_newsletter_tier_id":0,"_jetpack_memberships_contains_paywalled_content":false,"_jetpack_memberships_contains_paid_content":false,"_joinchat":[],"footnotes":"","jetpack_publicize_message":"","jetpack_publicize_feature_enabled":true,"jetpack_social_post_already_shared":false,"jetpack_social_options":{"image_generator_settings":{"template":"highway","enabled":false},"version":2}},"categories":[1843,19,5],"tags":[6917,2551,6915,991,5918,184,6916,37,6914,5981,39,906,27,1618,4796],"class_list":["post-13611","post","type-post","status-publish","format-standard","has-post-thumbnail","hentry","category-direito","category-noticias","category-ultimas","tag-crime-racial","tag-guarda-municipal","tag-indenizacao","tag-itajuba","tag-justica","tag-minas-gerais","tag-ofensas","tag-pouso-alegre","tag-racismo","tag-redes-sociais","tag-sul-de-minas","tag-tjmg","tag-tv-uai","tag-tv-uai-pouso-alegre","tag-tvuai25"],"jetpack_publicize_connections":[],"yoast_head":"<!-- This site is optimized with the Yoast SEO plugin v23.5 - https:\/\/yoast.com\/wordpress\/plugins\/seo\/ -->\n<title>Comerciante de Itajub\u00e1 \u00e9 condenado a indenizar guardas municipais por ofensas racistas nas redes sociais - TVUAI<\/title>\n<meta name=\"robots\" content=\"index, follow, max-snippet:-1, max-image-preview:large, max-video-preview:-1\" \/>\n<link rel=\"canonical\" href=\"https:\/\/www.tvuai.com.br\/portal\/comerciante-de-itajuba-e-condenado-a-indenizar-guardas-municipais-por-ofensas-racistas-nas-redes-sociais\/\" \/>\n<meta property=\"og:locale\" content=\"pt_BR\" \/>\n<meta property=\"og:type\" content=\"article\" \/>\n<meta property=\"og:title\" content=\"Comerciante de Itajub\u00e1 \u00e9 condenado a indenizar guardas municipais por ofensas racistas nas redes sociais - TVUAI\" \/>\n<meta property=\"og:description\" content=\"Tribunal de Justi\u00e7a de Minas Gerais condena comerciante a pagar R$ 6 mil a dois guardas municipais de Itajub\u00e1 por postagens com conte\u00fado racista e ofensivo A 20\u00aa C\u00e2mara C\u00edvel do Tribunal de Justi\u00e7a de Minas Gerais (TJMG) condenou um comerciante de Itajub\u00e1 a indenizar dois guardas municipais por ofensas racistas publicadas nas redes sociais. [&hellip;]\" \/>\n<meta property=\"og:url\" content=\"https:\/\/www.tvuai.com.br\/portal\/comerciante-de-itajuba-e-condenado-a-indenizar-guardas-municipais-por-ofensas-racistas-nas-redes-sociais\/\" \/>\n<meta property=\"og:site_name\" content=\"TVUAI\" \/>\n<meta property=\"article:publisher\" content=\"http:\/\/www.facebook.com\/pages\/TV-Uai-Comunica%c3%a7%c3%a3o\/139062546157369\" \/>\n<meta property=\"article:published_time\" content=\"2025-10-09T22:35:15+00:00\" \/>\n<meta property=\"article:modified_time\" content=\"2025-10-10T23:09:06+00:00\" \/>\n<meta property=\"og:image\" content=\"https:\/\/www.tvuai.com.br\/portal\/wp-content\/uploads\/2025\/10\/tjmg0.jpg\" \/>\n\t<meta property=\"og:image:width\" content=\"200\" \/>\n\t<meta property=\"og:image:height\" content=\"200\" \/>\n\t<meta property=\"og:image:type\" content=\"image\/jpeg\" \/>\n<meta name=\"author\" content=\"tvuai\" \/>\n<meta name=\"twitter:card\" content=\"summary_large_image\" \/>\n<meta name=\"twitter:creator\" content=\"@tvuai\" \/>\n<meta name=\"twitter:site\" content=\"@tvuai\" \/>\n<meta name=\"twitter:label1\" content=\"Escrito por\" \/>\n\t<meta name=\"twitter:data1\" content=\"tvuai\" \/>\n\t<meta name=\"twitter:label2\" content=\"Est. tempo de leitura\" \/>\n\t<meta name=\"twitter:data2\" content=\"2 minutos\" \/>\n<script type=\"application\/ld+json\" class=\"yoast-schema-graph\">{\"@context\":\"https:\/\/schema.org\",\"@graph\":[{\"@type\":\"Article\",\"@id\":\"https:\/\/www.tvuai.com.br\/portal\/comerciante-de-itajuba-e-condenado-a-indenizar-guardas-municipais-por-ofensas-racistas-nas-redes-sociais\/#article\",\"isPartOf\":{\"@id\":\"https:\/\/www.tvuai.com.br\/portal\/comerciante-de-itajuba-e-condenado-a-indenizar-guardas-municipais-por-ofensas-racistas-nas-redes-sociais\/\"},\"author\":{\"name\":\"tvuai\",\"@id\":\"https:\/\/www.tvuai.com.br\/portal\/#\/schema\/person\/245e50e9127451fd0b7fd76f519ebbfe\"},\"headline\":\"Comerciante de Itajub\u00e1 \u00e9 condenado a indenizar guardas municipais por ofensas racistas nas redes sociais\",\"datePublished\":\"2025-10-09T22:35:15+00:00\",\"dateModified\":\"2025-10-10T23:09:06+00:00\",\"mainEntityOfPage\":{\"@id\":\"https:\/\/www.tvuai.com.br\/portal\/comerciante-de-itajuba-e-condenado-a-indenizar-guardas-municipais-por-ofensas-racistas-nas-redes-sociais\/\"},\"wordCount\":308,\"publisher\":{\"@id\":\"https:\/\/www.tvuai.com.br\/portal\/#organization\"},\"image\":{\"@id\":\"https:\/\/www.tvuai.com.br\/portal\/comerciante-de-itajuba-e-condenado-a-indenizar-guardas-municipais-por-ofensas-racistas-nas-redes-sociais\/#primaryimage\"},\"thumbnailUrl\":\"https:\/\/i0.wp.com\/www.tvuai.com.br\/portal\/wp-content\/uploads\/2025\/10\/tjmg0.jpg?fit=200%2C200&ssl=1\",\"keywords\":[\"crime racial\",\"guarda municipal\",\"indeniza\u00e7\u00e3o\",\"Itajub\u00e1\",\"justi\u00e7a\",\"Minas Gerais\",\"ofensas\",\"Pouso Alegre\",\"racismo\",\"redes sociais\",\"Sul de Minas\",\"TJMG\",\"TV Uai\",\"TV UAI Pouso Alegre\",\"TVUAI25\"],\"articleSection\":[\"Direito\",\"Not\u00edcias\",\"\u00daltimas Not\u00edcias\"],\"inLanguage\":\"pt-BR\"},{\"@type\":\"WebPage\",\"@id\":\"https:\/\/www.tvuai.com.br\/portal\/comerciante-de-itajuba-e-condenado-a-indenizar-guardas-municipais-por-ofensas-racistas-nas-redes-sociais\/\",\"url\":\"https:\/\/www.tvuai.com.br\/portal\/comerciante-de-itajuba-e-condenado-a-indenizar-guardas-municipais-por-ofensas-racistas-nas-redes-sociais\/\",\"name\":\"Comerciante de Itajub\u00e1 \u00e9 condenado a indenizar guardas municipais por ofensas racistas nas redes sociais - TVUAI\",\"isPartOf\":{\"@id\":\"https:\/\/www.tvuai.com.br\/portal\/#website\"},\"primaryImageOfPage\":{\"@id\":\"https:\/\/www.tvuai.com.br\/portal\/comerciante-de-itajuba-e-condenado-a-indenizar-guardas-municipais-por-ofensas-racistas-nas-redes-sociais\/#primaryimage\"},\"image\":{\"@id\":\"https:\/\/www.tvuai.com.br\/portal\/comerciante-de-itajuba-e-condenado-a-indenizar-guardas-municipais-por-ofensas-racistas-nas-redes-sociais\/#primaryimage\"},\"thumbnailUrl\":\"https:\/\/i0.wp.com\/www.tvuai.com.br\/portal\/wp-content\/uploads\/2025\/10\/tjmg0.jpg?fit=200%2C200&ssl=1\",\"datePublished\":\"2025-10-09T22:35:15+00:00\",\"dateModified\":\"2025-10-10T23:09:06+00:00\",\"breadcrumb\":{\"@id\":\"https:\/\/www.tvuai.com.br\/portal\/comerciante-de-itajuba-e-condenado-a-indenizar-guardas-municipais-por-ofensas-racistas-nas-redes-sociais\/#breadcrumb\"},\"inLanguage\":\"pt-BR\",\"potentialAction\":[{\"@type\":\"ReadAction\",\"target\":[\"https:\/\/www.tvuai.com.br\/portal\/comerciante-de-itajuba-e-condenado-a-indenizar-guardas-municipais-por-ofensas-racistas-nas-redes-sociais\/\"]}]},{\"@type\":\"ImageObject\",\"inLanguage\":\"pt-BR\",\"@id\":\"https:\/\/www.tvuai.com.br\/portal\/comerciante-de-itajuba-e-condenado-a-indenizar-guardas-municipais-por-ofensas-racistas-nas-redes-sociais\/#primaryimage\",\"url\":\"https:\/\/i0.wp.com\/www.tvuai.com.br\/portal\/wp-content\/uploads\/2025\/10\/tjmg0.jpg?fit=200%2C200&ssl=1\",\"contentUrl\":\"https:\/\/i0.wp.com\/www.tvuai.com.br\/portal\/wp-content\/uploads\/2025\/10\/tjmg0.jpg?fit=200%2C200&ssl=1\",\"width\":200,\"height\":200},{\"@type\":\"BreadcrumbList\",\"@id\":\"https:\/\/www.tvuai.com.br\/portal\/comerciante-de-itajuba-e-condenado-a-indenizar-guardas-municipais-por-ofensas-racistas-nas-redes-sociais\/#breadcrumb\",\"itemListElement\":[{\"@type\":\"ListItem\",\"position\":1,\"name\":\"In\u00edcio\",\"item\":\"https:\/\/www.tvuai.com.br\/portal\/\"},{\"@type\":\"ListItem\",\"position\":2,\"name\":\"Comerciante de Itajub\u00e1 \u00e9 condenado a indenizar guardas municipais por ofensas racistas nas redes sociais\"}]},{\"@type\":\"WebSite\",\"@id\":\"https:\/\/www.tvuai.com.br\/portal\/#website\",\"url\":\"https:\/\/www.tvuai.com.br\/portal\/\",\"name\":\"TVUAI\",\"description\":\"Tudo sobre o Sul de Minas\",\"publisher\":{\"@id\":\"https:\/\/www.tvuai.com.br\/portal\/#organization\"},\"potentialAction\":[{\"@type\":\"SearchAction\",\"target\":{\"@type\":\"EntryPoint\",\"urlTemplate\":\"https:\/\/www.tvuai.com.br\/portal\/?s={search_term_string}\"},\"query-input\":{\"@type\":\"PropertyValueSpecification\",\"valueRequired\":true,\"valueName\":\"search_term_string\"}}],\"inLanguage\":\"pt-BR\"},{\"@type\":\"Organization\",\"@id\":\"https:\/\/www.tvuai.com.br\/portal\/#organization\",\"name\":\"TVUAI\",\"url\":\"https:\/\/www.tvuai.com.br\/portal\/\",\"logo\":{\"@type\":\"ImageObject\",\"inLanguage\":\"pt-BR\",\"@id\":\"https:\/\/www.tvuai.com.br\/portal\/#\/schema\/logo\/image\/\",\"url\":\"https:\/\/i0.wp.com\/www.tvuai.com.br\/portal\/wp-content\/uploads\/2017\/12\/logo_tvuai_100H.png?fit=207%2C100&ssl=1\",\"contentUrl\":\"https:\/\/i0.wp.com\/www.tvuai.com.br\/portal\/wp-content\/uploads\/2017\/12\/logo_tvuai_100H.png?fit=207%2C100&ssl=1\",\"width\":207,\"height\":100,\"caption\":\"TVUAI\"},\"image\":{\"@id\":\"https:\/\/www.tvuai.com.br\/portal\/#\/schema\/logo\/image\/\"},\"sameAs\":[\"http:\/\/www.facebook.com\/pages\/TV-Uai-Comunica\u00e7\u00e3o\/139062546157369\",\"https:\/\/x.com\/tvuai\",\"https:\/\/www.instagram.com\/tvuai_network\/\",\"https:\/\/www.youtube.com\/channel\/UCB7ZPB3wRv-OpoZ_09jmnkQ\"]},{\"@type\":\"Person\",\"@id\":\"https:\/\/www.tvuai.com.br\/portal\/#\/schema\/person\/245e50e9127451fd0b7fd76f519ebbfe\",\"name\":\"tvuai\",\"url\":\"https:\/\/www.tvuai.com.br\/portal\/author\/tvuai\/\"}]}<\/script>\n<!-- \/ Yoast SEO plugin. -->","yoast_head_json":{"title":"Comerciante de Itajub\u00e1 \u00e9 condenado a indenizar guardas municipais por ofensas racistas nas redes sociais - TVUAI","robots":{"index":"index","follow":"follow","max-snippet":"max-snippet:-1","max-image-preview":"max-image-preview:large","max-video-preview":"max-video-preview:-1"},"canonical":"https:\/\/www.tvuai.com.br\/portal\/comerciante-de-itajuba-e-condenado-a-indenizar-guardas-municipais-por-ofensas-racistas-nas-redes-sociais\/","og_locale":"pt_BR","og_type":"article","og_title":"Comerciante de Itajub\u00e1 \u00e9 condenado a indenizar guardas municipais por ofensas racistas nas redes sociais - TVUAI","og_description":"Tribunal de Justi\u00e7a de Minas Gerais condena comerciante a pagar R$ 6 mil a dois guardas municipais de Itajub\u00e1 por postagens com conte\u00fado racista e ofensivo A 20\u00aa C\u00e2mara C\u00edvel do Tribunal de Justi\u00e7a de Minas Gerais (TJMG) condenou um comerciante de Itajub\u00e1 a indenizar dois guardas municipais por ofensas racistas publicadas nas redes sociais. [&hellip;]","og_url":"https:\/\/www.tvuai.com.br\/portal\/comerciante-de-itajuba-e-condenado-a-indenizar-guardas-municipais-por-ofensas-racistas-nas-redes-sociais\/","og_site_name":"TVUAI","article_publisher":"http:\/\/www.facebook.com\/pages\/TV-Uai-Comunica%c3%a7%c3%a3o\/139062546157369","article_published_time":"2025-10-09T22:35:15+00:00","article_modified_time":"2025-10-10T23:09:06+00:00","og_image":[{"width":200,"height":200,"url":"https:\/\/www.tvuai.com.br\/portal\/wp-content\/uploads\/2025\/10\/tjmg0.jpg","type":"image\/jpeg"}],"author":"tvuai","twitter_card":"summary_large_image","twitter_creator":"@tvuai","twitter_site":"@tvuai","twitter_misc":{"Escrito por":"tvuai","Est. tempo de leitura":"2 minutos"},"schema":{"@context":"https:\/\/schema.org","@graph":[{"@type":"Article","@id":"https:\/\/www.tvuai.com.br\/portal\/comerciante-de-itajuba-e-condenado-a-indenizar-guardas-municipais-por-ofensas-racistas-nas-redes-sociais\/#article","isPartOf":{"@id":"https:\/\/www.tvuai.com.br\/portal\/comerciante-de-itajuba-e-condenado-a-indenizar-guardas-municipais-por-ofensas-racistas-nas-redes-sociais\/"},"author":{"name":"tvuai","@id":"https:\/\/www.tvuai.com.br\/portal\/#\/schema\/person\/245e50e9127451fd0b7fd76f519ebbfe"},"headline":"Comerciante de Itajub\u00e1 \u00e9 condenado a indenizar guardas municipais por ofensas racistas nas redes sociais","datePublished":"2025-10-09T22:35:15+00:00","dateModified":"2025-10-10T23:09:06+00:00","mainEntityOfPage":{"@id":"https:\/\/www.tvuai.com.br\/portal\/comerciante-de-itajuba-e-condenado-a-indenizar-guardas-municipais-por-ofensas-racistas-nas-redes-sociais\/"},"wordCount":308,"publisher":{"@id":"https:\/\/www.tvuai.com.br\/portal\/#organization"},"image":{"@id":"https:\/\/www.tvuai.com.br\/portal\/comerciante-de-itajuba-e-condenado-a-indenizar-guardas-municipais-por-ofensas-racistas-nas-redes-sociais\/#primaryimage"},"thumbnailUrl":"https:\/\/i0.wp.com\/www.tvuai.com.br\/portal\/wp-content\/uploads\/2025\/10\/tjmg0.jpg?fit=200%2C200&ssl=1","keywords":["crime racial","guarda municipal","indeniza\u00e7\u00e3o","Itajub\u00e1","justi\u00e7a","Minas Gerais","ofensas","Pouso Alegre","racismo","redes sociais","Sul de Minas","TJMG","TV Uai","TV UAI Pouso Alegre","TVUAI25"],"articleSection":["Direito","Not\u00edcias","\u00daltimas Not\u00edcias"],"inLanguage":"pt-BR"},{"@type":"WebPage","@id":"https:\/\/www.tvuai.com.br\/portal\/comerciante-de-itajuba-e-condenado-a-indenizar-guardas-municipais-por-ofensas-racistas-nas-redes-sociais\/","url":"https:\/\/www.tvuai.com.br\/portal\/comerciante-de-itajuba-e-condenado-a-indenizar-guardas-municipais-por-ofensas-racistas-nas-redes-sociais\/","name":"Comerciante de Itajub\u00e1 \u00e9 condenado a indenizar guardas municipais por ofensas racistas nas redes sociais - TVUAI","isPartOf":{"@id":"https:\/\/www.tvuai.com.br\/portal\/#website"},"primaryImageOfPage":{"@id":"https:\/\/www.tvuai.com.br\/portal\/comerciante-de-itajuba-e-condenado-a-indenizar-guardas-municipais-por-ofensas-racistas-nas-redes-sociais\/#primaryimage"},"image":{"@id":"https:\/\/www.tvuai.com.br\/portal\/comerciante-de-itajuba-e-condenado-a-indenizar-guardas-municipais-por-ofensas-racistas-nas-redes-sociais\/#primaryimage"},"thumbnailUrl":"https:\/\/i0.wp.com\/www.tvuai.com.br\/portal\/wp-content\/uploads\/2025\/10\/tjmg0.jpg?fit=200%2C200&ssl=1","datePublished":"2025-10-09T22:35:15+00:00","dateModified":"2025-10-10T23:09:06+00:00","breadcrumb":{"@id":"https:\/\/www.tvuai.com.br\/portal\/comerciante-de-itajuba-e-condenado-a-indenizar-guardas-municipais-por-ofensas-racistas-nas-redes-sociais\/#breadcrumb"},"inLanguage":"pt-BR","potentialAction":[{"@type":"ReadAction","target":["https:\/\/www.tvuai.com.br\/portal\/comerciante-de-itajuba-e-condenado-a-indenizar-guardas-municipais-por-ofensas-racistas-nas-redes-sociais\/"]}]},{"@type":"ImageObject","inLanguage":"pt-BR","@id":"https:\/\/www.tvuai.com.br\/portal\/comerciante-de-itajuba-e-condenado-a-indenizar-guardas-municipais-por-ofensas-racistas-nas-redes-sociais\/#primaryimage","url":"https:\/\/i0.wp.com\/www.tvuai.com.br\/portal\/wp-content\/uploads\/2025\/10\/tjmg0.jpg?fit=200%2C200&ssl=1","contentUrl":"https:\/\/i0.wp.com\/www.tvuai.com.br\/portal\/wp-content\/uploads\/2025\/10\/tjmg0.jpg?fit=200%2C200&ssl=1","width":200,"height":200},{"@type":"BreadcrumbList","@id":"https:\/\/www.tvuai.com.br\/portal\/comerciante-de-itajuba-e-condenado-a-indenizar-guardas-municipais-por-ofensas-racistas-nas-redes-sociais\/#breadcrumb","itemListElement":[{"@type":"ListItem","position":1,"name":"In\u00edcio","item":"https:\/\/www.tvuai.com.br\/portal\/"},{"@type":"ListItem","position":2,"name":"Comerciante de Itajub\u00e1 \u00e9 condenado a indenizar guardas municipais por ofensas racistas nas redes sociais"}]},{"@type":"WebSite","@id":"https:\/\/www.tvuai.com.br\/portal\/#website","url":"https:\/\/www.tvuai.com.br\/portal\/","name":"TVUAI","description":"Tudo sobre o Sul de Minas","publisher":{"@id":"https:\/\/www.tvuai.com.br\/portal\/#organization"},"potentialAction":[{"@type":"SearchAction","target":{"@type":"EntryPoint","urlTemplate":"https:\/\/www.tvuai.com.br\/portal\/?s={search_term_string}"},"query-input":{"@type":"PropertyValueSpecification","valueRequired":true,"valueName":"search_term_string"}}],"inLanguage":"pt-BR"},{"@type":"Organization","@id":"https:\/\/www.tvuai.com.br\/portal\/#organization","name":"TVUAI","url":"https:\/\/www.tvuai.com.br\/portal\/","logo":{"@type":"ImageObject","inLanguage":"pt-BR","@id":"https:\/\/www.tvuai.com.br\/portal\/#\/schema\/logo\/image\/","url":"https:\/\/i0.wp.com\/www.tvuai.com.br\/portal\/wp-content\/uploads\/2017\/12\/logo_tvuai_100H.png?fit=207%2C100&ssl=1","contentUrl":"https:\/\/i0.wp.com\/www.tvuai.com.br\/portal\/wp-content\/uploads\/2017\/12\/logo_tvuai_100H.png?fit=207%2C100&ssl=1","width":207,"height":100,"caption":"TVUAI"},"image":{"@id":"https:\/\/www.tvuai.com.br\/portal\/#\/schema\/logo\/image\/"},"sameAs":["http:\/\/www.facebook.com\/pages\/TV-Uai-Comunica\u00e7\u00e3o\/139062546157369","https:\/\/x.com\/tvuai","https:\/\/www.instagram.com\/tvuai_network\/","https:\/\/www.youtube.com\/channel\/UCB7ZPB3wRv-OpoZ_09jmnkQ"]},{"@type":"Person","@id":"https:\/\/www.tvuai.com.br\/portal\/#\/schema\/person\/245e50e9127451fd0b7fd76f519ebbfe","name":"tvuai","url":"https:\/\/www.tvuai.com.br\/portal\/author\/tvuai\/"}]}},"jetpack_featured_media_url":"https:\/\/i0.wp.com\/www.tvuai.com.br\/portal\/wp-content\/uploads\/2025\/10\/tjmg0.jpg?fit=200%2C200&ssl=1","wpmagazine_modules_lite_featured_media_urls":{"thumbnail":["https:\/\/i0.wp.com\/www.tvuai.com.br\/portal\/wp-content\/uploads\/2025\/10\/tjmg0.jpg?resize=150%2C150&ssl=1",150,150,true],"cvmm-medium":["https:\/\/i0.wp.com\/www.tvuai.com.br\/portal\/wp-content\/uploads\/2025\/10\/tjmg0.jpg?resize=200%2C200&ssl=1",200,200,true],"cvmm-medium-plus":["https:\/\/i0.wp.com\/www.tvuai.com.br\/portal\/wp-content\/uploads\/2025\/10\/tjmg0.jpg?resize=200%2C200&ssl=1",200,200,true],"cvmm-portrait":["https:\/\/i0.wp.com\/www.tvuai.com.br\/portal\/wp-content\/uploads\/2025\/10\/tjmg0.jpg?resize=200%2C200&ssl=1",200,200,true],"cvmm-medium-square":["https:\/\/i0.wp.com\/www.tvuai.com.br\/portal\/wp-content\/uploads\/2025\/10\/tjmg0.jpg?resize=200%2C200&ssl=1",200,200,true],"cvmm-large":["https:\/\/i0.wp.com\/www.tvuai.com.br\/portal\/wp-content\/uploads\/2025\/10\/tjmg0.jpg?resize=200%2C200&ssl=1",200,200,true],"cvmm-small":["https:\/\/i0.wp.com\/www.tvuai.com.br\/portal\/wp-content\/uploads\/2025\/10\/tjmg0.jpg?resize=130%2C95&ssl=1",130,95,true],"full":["https:\/\/i0.wp.com\/www.tvuai.com.br\/portal\/wp-content\/uploads\/2025\/10\/tjmg0.jpg?fit=200%2C200&ssl=1",200,200,false]},"categories_names":{"1843":{"name":"Direito","link":"https:\/\/www.tvuai.com.br\/portal\/category\/direito\/"},"19":{"name":"Not\u00edcias","link":"https:\/\/www.tvuai.com.br\/portal\/category\/noticias\/"},"5":{"name":"\u00daltimas Not\u00edcias","link":"https:\/\/www.tvuai.com.br\/portal\/category\/noticias\/ultimas\/"}},"tags_names":{"6917":{"name":"crime racial","link":"https:\/\/www.tvuai.com.br\/portal\/tag\/crime-racial\/"},"2551":{"name":"guarda municipal","link":"https:\/\/www.tvuai.com.br\/portal\/tag\/guarda-municipal\/"},"6915":{"name":"indeniza\u00e7\u00e3o","link":"https:\/\/www.tvuai.com.br\/portal\/tag\/indenizacao\/"},"991":{"name":"Itajub\u00e1","link":"https:\/\/www.tvuai.com.br\/portal\/tag\/itajuba\/"},"5918":{"name":"justi\u00e7a","link":"https:\/\/www.tvuai.com.br\/portal\/tag\/justica\/"},"184":{"name":"Minas Gerais","link":"https:\/\/www.tvuai.com.br\/portal\/tag\/minas-gerais\/"},"6916":{"name":"ofensas","link":"https:\/\/www.tvuai.com.br\/portal\/tag\/ofensas\/"},"37":{"name":"Pouso Alegre","link":"https:\/\/www.tvuai.com.br\/portal\/tag\/pouso-alegre\/"},"6914":{"name":"racismo","link":"https:\/\/www.tvuai.com.br\/portal\/tag\/racismo\/"},"5981":{"name":"redes sociais","link":"https:\/\/www.tvuai.com.br\/portal\/tag\/redes-sociais\/"},"39":{"name":"Sul de Minas","link":"https:\/\/www.tvuai.com.br\/portal\/tag\/sul-de-minas\/"},"906":{"name":"TJMG","link":"https:\/\/www.tvuai.com.br\/portal\/tag\/tjmg\/"},"27":{"name":"TV Uai","link":"https:\/\/www.tvuai.com.br\/portal\/tag\/tv-uai\/"},"1618":{"name":"TV UAI Pouso Alegre","link":"https:\/\/www.tvuai.com.br\/portal\/tag\/tv-uai-pouso-alegre\/"},"4796":{"name":"TVUAI25","link":"https:\/\/www.tvuai.com.br\/portal\/tag\/tvuai25\/"}},"comments_number":"0","jetpack_shortlink":"https:\/\/wp.me\/p9woix-3xx","jetpack_sharing_enabled":true,"_links":{"self":[{"href":"https:\/\/www.tvuai.com.br\/portal\/wp-json\/wp\/v2\/posts\/13611"}],"collection":[{"href":"https:\/\/www.tvuai.com.br\/portal\/wp-json\/wp\/v2\/posts"}],"about":[{"href":"https:\/\/www.tvuai.com.br\/portal\/wp-json\/wp\/v2\/types\/post"}],"author":[{"embeddable":true,"href":"https:\/\/www.tvuai.com.br\/portal\/wp-json\/wp\/v2\/users\/1"}],"replies":[{"embeddable":true,"href":"https:\/\/www.tvuai.com.br\/portal\/wp-json\/wp\/v2\/comments?post=13611"}],"version-history":[{"count":3,"href":"https:\/\/www.tvuai.com.br\/portal\/wp-json\/wp\/v2\/posts\/13611\/revisions"}],"predecessor-version":[{"id":13617,"href":"https:\/\/www.tvuai.com.br\/portal\/wp-json\/wp\/v2\/posts\/13611\/revisions\/13617"}],"wp:featuredmedia":[{"embeddable":true,"href":"https:\/\/www.tvuai.com.br\/portal\/wp-json\/wp\/v2\/media\/13614"}],"wp:attachment":[{"href":"https:\/\/www.tvuai.com.br\/portal\/wp-json\/wp\/v2\/media?parent=13611"}],"wp:term":[{"taxonomy":"category","embeddable":true,"href":"https:\/\/www.tvuai.com.br\/portal\/wp-json\/wp\/v2\/categories?post=13611"},{"taxonomy":"post_tag","embeddable":true,"href":"https:\/\/www.tvuai.com.br\/portal\/wp-json\/wp\/v2\/tags?post=13611"}],"curies":[{"name":"wp","href":"https:\/\/api.w.org\/{rel}","templated":true}]}}