{"id":13367,"date":"2025-09-26T20:04:50","date_gmt":"2025-09-26T23:04:50","guid":{"rendered":"https:\/\/www.tvuai.com.br\/portal\/?p=13367"},"modified":"2025-09-29T20:29:53","modified_gmt":"2025-09-29T23:29:53","slug":"no-rio-sapucai-canoagem-ecologica-marcou-o-dia-da-arvore-com-educacao-ambiental-em-pouso-alegre","status":"publish","type":"post","link":"https:\/\/www.tvuai.com.br\/portal\/no-rio-sapucai-canoagem-ecologica-marcou-o-dia-da-arvore-com-educacao-ambiental-em-pouso-alegre\/","title":{"rendered":"No Rio Sapuca\u00ed, canoagem ecol\u00f3gica marcou o Dia da \u00c1rvore com educa\u00e7\u00e3o ambiental em Pouso Alegre"},"content":{"rendered":"<div class=\"5a1038e0903b96d426fcfcc338703013\" data-index=\"1\" style=\"float: right; margin:10px 0 10px 10px;\">\n<script async src=\"https:\/\/pagead2.googlesyndication.com\/pagead\/js\/adsbygoogle.js?client=ca-pub-9945944833605257\"\r\n     crossorigin=\"anonymous\"><\/script>\r\n<ins class=\"adsbygoogle\"\r\n     style=\"display:block; text-align:center;\"\r\n     data-ad-layout=\"in-article\"\r\n     data-ad-format=\"fluid\"\r\n     data-ad-client=\"ca-pub-9945944833605257\"\r\n     data-ad-slot=\"2343923581\"><\/ins>\r\n<script>\r\n     (adsbygoogle = window.adsbygoogle || []).push({});\r\n<\/script>\n<\/div>\n<h5 style=\"text-align: center;\" data-start=\"145\" data-end=\"234\"><em><img data-recalc-dims=\"1\" fetchpriority=\"high\" decoding=\"async\" data-attachment-id=\"13370\" data-permalink=\"https:\/\/www.tvuai.com.br\/portal\/no-rio-sapucai-canoagem-ecologica-marcou-o-dia-da-arvore-com-educacao-ambiental-em-pouso-alegre\/canoagem1\/\" data-orig-file=\"https:\/\/i0.wp.com\/www.tvuai.com.br\/portal\/wp-content\/uploads\/2025\/09\/canoagem1.jpg?fit=1024%2C396&amp;ssl=1\" data-orig-size=\"1024,396\" data-comments-opened=\"0\" data-image-meta=\"{&quot;aperture&quot;:&quot;0&quot;,&quot;credit&quot;:&quot;&quot;,&quot;camera&quot;:&quot;&quot;,&quot;caption&quot;:&quot;&quot;,&quot;created_timestamp&quot;:&quot;0&quot;,&quot;copyright&quot;:&quot;&quot;,&quot;focal_length&quot;:&quot;0&quot;,&quot;iso&quot;:&quot;0&quot;,&quot;shutter_speed&quot;:&quot;0&quot;,&quot;title&quot;:&quot;&quot;,&quot;orientation&quot;:&quot;0&quot;}\" data-image-title=\"canoagem1\" data-image-description=\"\" data-image-caption=\"\" data-medium-file=\"https:\/\/i0.wp.com\/www.tvuai.com.br\/portal\/wp-content\/uploads\/2025\/09\/canoagem1.jpg?fit=300%2C116&amp;ssl=1\" data-large-file=\"https:\/\/i0.wp.com\/www.tvuai.com.br\/portal\/wp-content\/uploads\/2025\/09\/canoagem1.jpg?fit=640%2C248&amp;ssl=1\" tabindex=\"0\" role=\"button\" class=\"aligncenter size-full wp-image-13370\" src=\"https:\/\/i0.wp.com\/www.tvuai.com.br\/portal\/wp-content\/uploads\/2025\/09\/canoagem1.jpg?resize=640%2C248&#038;ssl=1\" alt=\"\" width=\"640\" height=\"248\" srcset=\"https:\/\/i0.wp.com\/www.tvuai.com.br\/portal\/wp-content\/uploads\/2025\/09\/canoagem1.jpg?w=1024&amp;ssl=1 1024w, https:\/\/i0.wp.com\/www.tvuai.com.br\/portal\/wp-content\/uploads\/2025\/09\/canoagem1.jpg?resize=300%2C116&amp;ssl=1 300w, https:\/\/i0.wp.com\/www.tvuai.com.br\/portal\/wp-content\/uploads\/2025\/09\/canoagem1.jpg?resize=768%2C297&amp;ssl=1 768w\" sizes=\"(max-width: 640px) 100vw, 640px\" \/>Canoagem Ecol\u00f3gica une esporte, educa\u00e7\u00e3o ambiental e sustentabilidade em Pouso Alegre. Evento celebrou o Dia da \u00c1rvore com remadas no Rio Sapuca\u00ed, plantio de mudas e oficinas educativas dentro da Olimp\u00edada de Sustentabilidade (OLIMPA)<\/em><\/h5>\n<p data-start=\"413\" data-end=\"886\">No \u00faltimo domingo, 21 de setembro, Pouso Alegre sediou a etapa Canoagem Ecol\u00f3gica da OLIMPA \u2013 Olimp\u00edada de Sustentabilidade, iniciativa promovida pelo Instituto Euvaldo Lodi (IEL) em parceria com o SESI e a Secretaria de Estado de Meio Ambiente e Desenvolvimento Sustent\u00e1vel (Semad). A a\u00e7\u00e3o, integrada ao Programa Alian\u00e7a Ambiental Estrat\u00e9gica, reuniu atletas, empresas, estudantes e a comunidade em uma programa\u00e7\u00e3o que conectou esporte, lazer e responsabilidade socioambiental.<\/p>\n<p data-start=\"911\" data-end=\"1322\"><img data-recalc-dims=\"1\" decoding=\"async\" data-attachment-id=\"13371\" data-permalink=\"https:\/\/www.tvuai.com.br\/portal\/no-rio-sapucai-canoagem-ecologica-marcou-o-dia-da-arvore-com-educacao-ambiental-em-pouso-alegre\/canoagem2\/\" data-orig-file=\"https:\/\/i0.wp.com\/www.tvuai.com.br\/portal\/wp-content\/uploads\/2025\/09\/canoagem2.jpg?fit=1204%2C972&amp;ssl=1\" data-orig-size=\"1204,972\" data-comments-opened=\"0\" data-image-meta=\"{&quot;aperture&quot;:&quot;0&quot;,&quot;credit&quot;:&quot;&quot;,&quot;camera&quot;:&quot;&quot;,&quot;caption&quot;:&quot;&quot;,&quot;created_timestamp&quot;:&quot;0&quot;,&quot;copyright&quot;:&quot;&quot;,&quot;focal_length&quot;:&quot;0&quot;,&quot;iso&quot;:&quot;0&quot;,&quot;shutter_speed&quot;:&quot;0&quot;,&quot;title&quot;:&quot;&quot;,&quot;orientation&quot;:&quot;0&quot;}\" data-image-title=\"canoagem2\" data-image-description=\"\" data-image-caption=\"\" data-medium-file=\"https:\/\/i0.wp.com\/www.tvuai.com.br\/portal\/wp-content\/uploads\/2025\/09\/canoagem2.jpg?fit=300%2C242&amp;ssl=1\" data-large-file=\"https:\/\/i0.wp.com\/www.tvuai.com.br\/portal\/wp-content\/uploads\/2025\/09\/canoagem2.jpg?fit=640%2C517&amp;ssl=1\" tabindex=\"0\" role=\"button\" class=\"alignright size-large wp-image-13371\" src=\"https:\/\/i0.wp.com\/www.tvuai.com.br\/portal\/wp-content\/uploads\/2025\/09\/canoagem2.jpg?resize=640%2C517&#038;ssl=1\" alt=\"\" width=\"640\" height=\"517\" srcset=\"https:\/\/i0.wp.com\/www.tvuai.com.br\/portal\/wp-content\/uploads\/2025\/09\/canoagem2.jpg?resize=1024%2C827&amp;ssl=1 1024w, https:\/\/i0.wp.com\/www.tvuai.com.br\/portal\/wp-content\/uploads\/2025\/09\/canoagem2.jpg?resize=300%2C242&amp;ssl=1 300w, https:\/\/i0.wp.com\/www.tvuai.com.br\/portal\/wp-content\/uploads\/2025\/09\/canoagem2.jpg?resize=768%2C620&amp;ssl=1 768w, https:\/\/i0.wp.com\/www.tvuai.com.br\/portal\/wp-content\/uploads\/2025\/09\/canoagem2.jpg?w=1204&amp;ssl=1 1204w\" sizes=\"(max-width: 640px) 100vw, 640px\" \/>O evento levou \u00e0s \u00e1guas do Rio Sapuca\u00ed um percurso de 4 km de canoagem, incluindo prova de velocidade e corrida de obst\u00e1culos. Mais que competi\u00e7\u00e3o, a atividade buscou sensibilizar os participantes sobre a import\u00e2ncia da preserva\u00e7\u00e3o ambiental, com o plantio simb\u00f3lico de mudas nativas \u00e0s margens do rio, refor\u00e7ando o compromisso coletivo com a recupera\u00e7\u00e3o das matas ciliares e a prote\u00e7\u00e3o dos recursos h\u00eddricos.<\/p>\n<p data-start=\"1324\" data-end=\"1549\">Al\u00e9m da pr\u00e1tica esportiva, o p\u00fablico participou de oficinas educativas sobre preserva\u00e7\u00e3o dos rios, biodiversidade aqu\u00e1tica e os Objetivos de Desenvolvimento Sustent\u00e1vel (ODS), ampliando o alcance da a\u00e7\u00e3o para al\u00e9m do lazer.<\/p>\n<p data-start=\"1551\" data-end=\"1786\">Empresas com forte presen\u00e7a local e regional \u2014 ACG, Adient, Britasul Ebam e XCMG \u2014 marcaram presen\u00e7a ativa, evidenciando o papel do setor produtivo na promo\u00e7\u00e3o de pr\u00e1ticas alinhadas aos crit\u00e9rios ESG (ambiental, social e governan\u00e7a).<\/p>\n<p data-start=\"1788\" data-end=\"1882\">A analista ambiental da Semad, Ana Ang\u00e9lica, destacou o car\u00e1ter transformador da iniciativa.<\/p>\n<blockquote data-start=\"1883\" data-end=\"2223\">\n<p data-start=\"1885\" data-end=\"2223\">\u201cA pr\u00e1tica do remo aliada ao plantio de mudas \u00e9 um ato de responsabilidade socioambiental que une sa\u00fade, lazer e cidadania. Pequenas atitudes individuais, somadas ao engajamento comunit\u00e1rio e empresarial, podem gerar grandes transforma\u00e7\u00f5es coletivas, promovendo a recupera\u00e7\u00e3o das matas ciliares e a prote\u00e7\u00e3o da biodiversidade\u201d, afirmou.<\/p>\n<\/blockquote>\n<p data-start=\"2225\" data-end=\"2332\">J\u00e1 a analista de Sustentabilidade do IEL\/FIEMG, Lohanne Freitas, refor\u00e7ou o impacto educativo do projeto.<\/p>\n<blockquote data-start=\"2333\" data-end=\"2635\">\n<p data-start=\"2335\" data-end=\"2635\">\u201cA combina\u00e7\u00e3o da canoagem com o plantio de mudas reflete um compromisso com o meio ambiente e a sociedade, promovendo sa\u00fade, divers\u00e3o e participa\u00e7\u00e3o ativa. Essa a\u00e7\u00e3o evidencia que, quando pessoas, comunidades e empresas se unem em causas ambientais, os resultados podem ser transformadores\u201d, disse.<\/p>\n<\/blockquote>\n<p data-start=\"2637\" data-end=\"2826\">Com a etapa de Pouso Alegre, a OLIMPA segue mobilizando diferentes p\u00fablicos em prol da sustentabilidade, consolidando o munic\u00edpio como palco de boas pr\u00e1ticas que inspiram toda Minas Gerais.<\/p>\n<h3 style=\"text-align: center;\" data-start=\"2828\" data-end=\"2881\">Pr\u00f3ximas agendas do OLIMPA 2025 em Pouso Alegre<\/h3>\n<ul data-start=\"2882\" data-end=\"3267\">\n<li data-start=\"2882\" data-end=\"3012\">\n<p data-start=\"2884\" data-end=\"3012\"><strong data-start=\"2884\" data-end=\"2893\">26\/10<\/strong> \u2013 Caminhada Ecol\u00f3gica + Corrida de Orienta\u00e7\u00e3o | Em homenagem ao Dia da Natureza, dos Animais e do Consumo Consciente<\/p>\n<\/li>\n<li data-start=\"3013\" data-end=\"3114\">\n<p data-start=\"3015\" data-end=\"3114\"><strong data-start=\"3015\" data-end=\"3035\">Agosto a outubro<\/strong> \u2013 Legado Socioambiental | A\u00e7\u00f5es de educa\u00e7\u00e3o ambiental para crian\u00e7as e jovens<\/p>\n<\/li>\n<li data-start=\"3115\" data-end=\"3267\">\n<p data-start=\"3117\" data-end=\"3267\"><strong data-start=\"3117\" data-end=\"3126\">26\/11<\/strong> \u2013 Encerramento com cerim\u00f4nia de premia\u00e7\u00e3o | Entrega do Trof\u00e9u OLIMPA 2025 e do Trof\u00e9u + Selo de Sustentabilidade Ambiental (FIEMG + Semad)<\/p>\n<\/li>\n<\/ul>\n\n<div style=\"font-size: 0px; height: 0px; line-height: 0px; margin: 0; padding: 0; clear: both;\"><\/div><div class='share-to-whatsapp-wrapper'><div class='share-on-whsp'>Share on: <\/div><a data-text='No Rio Sapuca\u00ed, canoagem ecol\u00f3gica marcou o Dia da \u00c1rvore com educa\u00e7\u00e3o ambiental em Pouso Alegre' data-link='https:\/\/www.tvuai.com.br\/portal\/no-rio-sapucai-canoagem-ecologica-marcou-o-dia-da-arvore-com-educacao-ambiental-em-pouso-alegre\/' class='whatsapp-button whatsapp-share'>WhatsApp<\/a><div class='clear '><\/div><\/div><!-- AddThis Advanced Settings generic via filter on the_content --><!-- AddThis Share Buttons generic via filter on the_content -->","protected":false},"excerpt":{"rendered":"<p>Canoagem Ecol\u00f3gica une esporte, educa\u00e7\u00e3o ambiental e sustentabilidade em Pouso Alegre. Evento celebrou o Dia da \u00c1rvore com remadas no Rio Sapuca\u00ed, plantio de mudas e oficinas educativas dentro da Olimp\u00edada de Sustentabilidade (OLIMPA) No \u00faltimo domingo, 21 de setembro, Pouso Alegre sediou a etapa Canoagem Ecol\u00f3gica da OLIMPA \u2013 Olimp\u00edada de Sustentabilidade, iniciativa promovida [&hellip;]<!-- AddThis Advanced Settings generic via filter on get_the_excerpt --><!-- AddThis Share Buttons generic via filter on get_the_excerpt --><\/p>\n","protected":false},"author":1,"featured_media":13369,"comment_status":"closed","ping_status":"closed","sticky":false,"template":"","format":"standard","meta":{"jetpack_post_was_ever_published":false,"_jetpack_newsletter_access":"","_jetpack_dont_email_post_to_subs":false,"_jetpack_newsletter_tier_id":0,"_jetpack_memberships_contains_paywalled_content":false,"_jetpack_memberships_contains_paid_content":false,"_joinchat":[],"footnotes":"","jetpack_publicize_message":"","jetpack_publicize_feature_enabled":true,"jetpack_social_post_already_shared":false,"jetpack_social_options":{"image_generator_settings":{"template":"highway","enabled":false},"version":2}},"categories":[1845,20,1819,19,5],"tags":[3352,6691,6517,6732,6513,186,6511,853,184,6729,6730,37,6731,922,6512,39,3664,27,1618,4796],"class_list":["post-13367","post","type-post","status-publish","format-standard","has-post-thumbnail","hentry","category-educacao","category-entretenimento","category-esportes","category-noticias","category-ultimas","tag-canoagem-ecologica","tag-dia-da-arvore","tag-educacao-ambiental","tag-empresas","tag-esg","tag-fiemg","tag-iel","tag-meio-ambiente","tag-minas-gerais","tag-olimpa","tag-olimpiada-de-sustentabilidade","tag-pouso-alegre","tag-rio-sapucai","tag-semad","tag-sesi","tag-sul-de-minas","tag-sustentabilidade","tag-tv-uai","tag-tv-uai-pouso-alegre","tag-tvuai25"],"jetpack_publicize_connections":[],"yoast_head":"<!-- This site is optimized with the Yoast SEO plugin v23.5 - https:\/\/yoast.com\/wordpress\/plugins\/seo\/ -->\n<title>No Rio Sapuca\u00ed, canoagem ecol\u00f3gica marcou o Dia da \u00c1rvore com educa\u00e7\u00e3o ambiental em Pouso Alegre - TVUAI<\/title>\n<meta name=\"robots\" content=\"index, follow, max-snippet:-1, max-image-preview:large, max-video-preview:-1\" \/>\n<link rel=\"canonical\" href=\"https:\/\/www.tvuai.com.br\/portal\/no-rio-sapucai-canoagem-ecologica-marcou-o-dia-da-arvore-com-educacao-ambiental-em-pouso-alegre\/\" \/>\n<meta property=\"og:locale\" content=\"pt_BR\" \/>\n<meta property=\"og:type\" content=\"article\" \/>\n<meta property=\"og:title\" content=\"No Rio Sapuca\u00ed, canoagem ecol\u00f3gica marcou o Dia da \u00c1rvore com educa\u00e7\u00e3o ambiental em Pouso Alegre - TVUAI\" \/>\n<meta property=\"og:description\" content=\"Canoagem Ecol\u00f3gica une esporte, educa\u00e7\u00e3o ambiental e sustentabilidade em Pouso Alegre. Evento celebrou o Dia da \u00c1rvore com remadas no Rio Sapuca\u00ed, plantio de mudas e oficinas educativas dentro da Olimp\u00edada de Sustentabilidade (OLIMPA) No \u00faltimo domingo, 21 de setembro, Pouso Alegre sediou a etapa Canoagem Ecol\u00f3gica da OLIMPA \u2013 Olimp\u00edada de Sustentabilidade, iniciativa promovida [&hellip;]\" \/>\n<meta property=\"og:url\" content=\"https:\/\/www.tvuai.com.br\/portal\/no-rio-sapucai-canoagem-ecologica-marcou-o-dia-da-arvore-com-educacao-ambiental-em-pouso-alegre\/\" \/>\n<meta property=\"og:site_name\" content=\"TVUAI\" \/>\n<meta property=\"article:publisher\" content=\"http:\/\/www.facebook.com\/pages\/TV-Uai-Comunica%c3%a7%c3%a3o\/139062546157369\" \/>\n<meta property=\"article:published_time\" content=\"2025-09-26T23:04:50+00:00\" \/>\n<meta property=\"article:modified_time\" content=\"2025-09-29T23:29:53+00:00\" \/>\n<meta property=\"og:image\" content=\"https:\/\/www.tvuai.com.br\/portal\/wp-content\/uploads\/2025\/09\/canoagem0.jpg\" \/>\n\t<meta property=\"og:image:width\" content=\"200\" \/>\n\t<meta property=\"og:image:height\" content=\"200\" \/>\n\t<meta property=\"og:image:type\" content=\"image\/jpeg\" \/>\n<meta name=\"author\" content=\"tvuai\" \/>\n<meta name=\"twitter:card\" content=\"summary_large_image\" \/>\n<meta name=\"twitter:creator\" content=\"@tvuai\" \/>\n<meta name=\"twitter:site\" content=\"@tvuai\" \/>\n<meta name=\"twitter:label1\" content=\"Escrito por\" \/>\n\t<meta name=\"twitter:data1\" content=\"tvuai\" \/>\n\t<meta name=\"twitter:label2\" content=\"Est. tempo de leitura\" \/>\n\t<meta name=\"twitter:data2\" content=\"3 minutos\" \/>\n<script type=\"application\/ld+json\" class=\"yoast-schema-graph\">{\"@context\":\"https:\/\/schema.org\",\"@graph\":[{\"@type\":\"Article\",\"@id\":\"https:\/\/www.tvuai.com.br\/portal\/no-rio-sapucai-canoagem-ecologica-marcou-o-dia-da-arvore-com-educacao-ambiental-em-pouso-alegre\/#article\",\"isPartOf\":{\"@id\":\"https:\/\/www.tvuai.com.br\/portal\/no-rio-sapucai-canoagem-ecologica-marcou-o-dia-da-arvore-com-educacao-ambiental-em-pouso-alegre\/\"},\"author\":{\"name\":\"tvuai\",\"@id\":\"https:\/\/www.tvuai.com.br\/portal\/#\/schema\/person\/245e50e9127451fd0b7fd76f519ebbfe\"},\"headline\":\"No Rio Sapuca\u00ed, canoagem ecol\u00f3gica marcou o Dia da \u00c1rvore com educa\u00e7\u00e3o ambiental em Pouso Alegre\",\"datePublished\":\"2025-09-26T23:04:50+00:00\",\"dateModified\":\"2025-09-29T23:29:53+00:00\",\"mainEntityOfPage\":{\"@id\":\"https:\/\/www.tvuai.com.br\/portal\/no-rio-sapucai-canoagem-ecologica-marcou-o-dia-da-arvore-com-educacao-ambiental-em-pouso-alegre\/\"},\"wordCount\":512,\"publisher\":{\"@id\":\"https:\/\/www.tvuai.com.br\/portal\/#organization\"},\"image\":{\"@id\":\"https:\/\/www.tvuai.com.br\/portal\/no-rio-sapucai-canoagem-ecologica-marcou-o-dia-da-arvore-com-educacao-ambiental-em-pouso-alegre\/#primaryimage\"},\"thumbnailUrl\":\"https:\/\/i0.wp.com\/www.tvuai.com.br\/portal\/wp-content\/uploads\/2025\/09\/canoagem0.jpg?fit=200%2C200&ssl=1\",\"keywords\":[\"Canoagem Ecol\u00f3gica\",\"Dia da \u00c1rvore\",\"educa\u00e7\u00e3o ambiental\",\"Empresas\",\"ESG\",\"FIEMG\",\"IEL\",\"meio ambiente\",\"Minas Gerais\",\"OLIMPA\",\"Olimp\u00edada de Sustentabilidade\",\"Pouso Alegre\",\"Rio Sapuca\u00ed\",\"Semad\",\"SESI\",\"Sul de Minas\",\"Sustentabilidade\",\"TV Uai\",\"TV UAI Pouso Alegre\",\"TVUAI25\"],\"articleSection\":[\"Educa\u00e7\u00e3o\",\"Entretenimento\",\"Esportes\",\"Not\u00edcias\",\"\u00daltimas Not\u00edcias\"],\"inLanguage\":\"pt-BR\"},{\"@type\":\"WebPage\",\"@id\":\"https:\/\/www.tvuai.com.br\/portal\/no-rio-sapucai-canoagem-ecologica-marcou-o-dia-da-arvore-com-educacao-ambiental-em-pouso-alegre\/\",\"url\":\"https:\/\/www.tvuai.com.br\/portal\/no-rio-sapucai-canoagem-ecologica-marcou-o-dia-da-arvore-com-educacao-ambiental-em-pouso-alegre\/\",\"name\":\"No Rio Sapuca\u00ed, canoagem ecol\u00f3gica marcou o Dia da \u00c1rvore com educa\u00e7\u00e3o ambiental em Pouso Alegre - TVUAI\",\"isPartOf\":{\"@id\":\"https:\/\/www.tvuai.com.br\/portal\/#website\"},\"primaryImageOfPage\":{\"@id\":\"https:\/\/www.tvuai.com.br\/portal\/no-rio-sapucai-canoagem-ecologica-marcou-o-dia-da-arvore-com-educacao-ambiental-em-pouso-alegre\/#primaryimage\"},\"image\":{\"@id\":\"https:\/\/www.tvuai.com.br\/portal\/no-rio-sapucai-canoagem-ecologica-marcou-o-dia-da-arvore-com-educacao-ambiental-em-pouso-alegre\/#primaryimage\"},\"thumbnailUrl\":\"https:\/\/i0.wp.com\/www.tvuai.com.br\/portal\/wp-content\/uploads\/2025\/09\/canoagem0.jpg?fit=200%2C200&ssl=1\",\"datePublished\":\"2025-09-26T23:04:50+00:00\",\"dateModified\":\"2025-09-29T23:29:53+00:00\",\"breadcrumb\":{\"@id\":\"https:\/\/www.tvuai.com.br\/portal\/no-rio-sapucai-canoagem-ecologica-marcou-o-dia-da-arvore-com-educacao-ambiental-em-pouso-alegre\/#breadcrumb\"},\"inLanguage\":\"pt-BR\",\"potentialAction\":[{\"@type\":\"ReadAction\",\"target\":[\"https:\/\/www.tvuai.com.br\/portal\/no-rio-sapucai-canoagem-ecologica-marcou-o-dia-da-arvore-com-educacao-ambiental-em-pouso-alegre\/\"]}]},{\"@type\":\"ImageObject\",\"inLanguage\":\"pt-BR\",\"@id\":\"https:\/\/www.tvuai.com.br\/portal\/no-rio-sapucai-canoagem-ecologica-marcou-o-dia-da-arvore-com-educacao-ambiental-em-pouso-alegre\/#primaryimage\",\"url\":\"https:\/\/i0.wp.com\/www.tvuai.com.br\/portal\/wp-content\/uploads\/2025\/09\/canoagem0.jpg?fit=200%2C200&ssl=1\",\"contentUrl\":\"https:\/\/i0.wp.com\/www.tvuai.com.br\/portal\/wp-content\/uploads\/2025\/09\/canoagem0.jpg?fit=200%2C200&ssl=1\",\"width\":200,\"height\":200},{\"@type\":\"BreadcrumbList\",\"@id\":\"https:\/\/www.tvuai.com.br\/portal\/no-rio-sapucai-canoagem-ecologica-marcou-o-dia-da-arvore-com-educacao-ambiental-em-pouso-alegre\/#breadcrumb\",\"itemListElement\":[{\"@type\":\"ListItem\",\"position\":1,\"name\":\"In\u00edcio\",\"item\":\"https:\/\/www.tvuai.com.br\/portal\/\"},{\"@type\":\"ListItem\",\"position\":2,\"name\":\"No Rio Sapuca\u00ed, canoagem ecol\u00f3gica marcou o Dia da \u00c1rvore com educa\u00e7\u00e3o ambiental em Pouso Alegre\"}]},{\"@type\":\"WebSite\",\"@id\":\"https:\/\/www.tvuai.com.br\/portal\/#website\",\"url\":\"https:\/\/www.tvuai.com.br\/portal\/\",\"name\":\"TVUAI\",\"description\":\"Tudo sobre o Sul de Minas\",\"publisher\":{\"@id\":\"https:\/\/www.tvuai.com.br\/portal\/#organization\"},\"potentialAction\":[{\"@type\":\"SearchAction\",\"target\":{\"@type\":\"EntryPoint\",\"urlTemplate\":\"https:\/\/www.tvuai.com.br\/portal\/?s={search_term_string}\"},\"query-input\":{\"@type\":\"PropertyValueSpecification\",\"valueRequired\":true,\"valueName\":\"search_term_string\"}}],\"inLanguage\":\"pt-BR\"},{\"@type\":\"Organization\",\"@id\":\"https:\/\/www.tvuai.com.br\/portal\/#organization\",\"name\":\"TVUAI\",\"url\":\"https:\/\/www.tvuai.com.br\/portal\/\",\"logo\":{\"@type\":\"ImageObject\",\"inLanguage\":\"pt-BR\",\"@id\":\"https:\/\/www.tvuai.com.br\/portal\/#\/schema\/logo\/image\/\",\"url\":\"https:\/\/i0.wp.com\/www.tvuai.com.br\/portal\/wp-content\/uploads\/2017\/12\/logo_tvuai_100H.png?fit=207%2C100&ssl=1\",\"contentUrl\":\"https:\/\/i0.wp.com\/www.tvuai.com.br\/portal\/wp-content\/uploads\/2017\/12\/logo_tvuai_100H.png?fit=207%2C100&ssl=1\",\"width\":207,\"height\":100,\"caption\":\"TVUAI\"},\"image\":{\"@id\":\"https:\/\/www.tvuai.com.br\/portal\/#\/schema\/logo\/image\/\"},\"sameAs\":[\"http:\/\/www.facebook.com\/pages\/TV-Uai-Comunica\u00e7\u00e3o\/139062546157369\",\"https:\/\/x.com\/tvuai\",\"https:\/\/www.instagram.com\/tvuai_network\/\",\"https:\/\/www.youtube.com\/channel\/UCB7ZPB3wRv-OpoZ_09jmnkQ\"]},{\"@type\":\"Person\",\"@id\":\"https:\/\/www.tvuai.com.br\/portal\/#\/schema\/person\/245e50e9127451fd0b7fd76f519ebbfe\",\"name\":\"tvuai\",\"url\":\"https:\/\/www.tvuai.com.br\/portal\/author\/tvuai\/\"}]}<\/script>\n<!-- \/ Yoast SEO plugin. -->","yoast_head_json":{"title":"No Rio Sapuca\u00ed, canoagem ecol\u00f3gica marcou o Dia da \u00c1rvore com educa\u00e7\u00e3o ambiental em Pouso Alegre - TVUAI","robots":{"index":"index","follow":"follow","max-snippet":"max-snippet:-1","max-image-preview":"max-image-preview:large","max-video-preview":"max-video-preview:-1"},"canonical":"https:\/\/www.tvuai.com.br\/portal\/no-rio-sapucai-canoagem-ecologica-marcou-o-dia-da-arvore-com-educacao-ambiental-em-pouso-alegre\/","og_locale":"pt_BR","og_type":"article","og_title":"No Rio Sapuca\u00ed, canoagem ecol\u00f3gica marcou o Dia da \u00c1rvore com educa\u00e7\u00e3o ambiental em Pouso Alegre - TVUAI","og_description":"Canoagem Ecol\u00f3gica une esporte, educa\u00e7\u00e3o ambiental e sustentabilidade em Pouso Alegre. Evento celebrou o Dia da \u00c1rvore com remadas no Rio Sapuca\u00ed, plantio de mudas e oficinas educativas dentro da Olimp\u00edada de Sustentabilidade (OLIMPA) No \u00faltimo domingo, 21 de setembro, Pouso Alegre sediou a etapa Canoagem Ecol\u00f3gica da OLIMPA \u2013 Olimp\u00edada de Sustentabilidade, iniciativa promovida [&hellip;]","og_url":"https:\/\/www.tvuai.com.br\/portal\/no-rio-sapucai-canoagem-ecologica-marcou-o-dia-da-arvore-com-educacao-ambiental-em-pouso-alegre\/","og_site_name":"TVUAI","article_publisher":"http:\/\/www.facebook.com\/pages\/TV-Uai-Comunica%c3%a7%c3%a3o\/139062546157369","article_published_time":"2025-09-26T23:04:50+00:00","article_modified_time":"2025-09-29T23:29:53+00:00","og_image":[{"width":200,"height":200,"url":"https:\/\/www.tvuai.com.br\/portal\/wp-content\/uploads\/2025\/09\/canoagem0.jpg","type":"image\/jpeg"}],"author":"tvuai","twitter_card":"summary_large_image","twitter_creator":"@tvuai","twitter_site":"@tvuai","twitter_misc":{"Escrito por":"tvuai","Est. tempo de leitura":"3 minutos"},"schema":{"@context":"https:\/\/schema.org","@graph":[{"@type":"Article","@id":"https:\/\/www.tvuai.com.br\/portal\/no-rio-sapucai-canoagem-ecologica-marcou-o-dia-da-arvore-com-educacao-ambiental-em-pouso-alegre\/#article","isPartOf":{"@id":"https:\/\/www.tvuai.com.br\/portal\/no-rio-sapucai-canoagem-ecologica-marcou-o-dia-da-arvore-com-educacao-ambiental-em-pouso-alegre\/"},"author":{"name":"tvuai","@id":"https:\/\/www.tvuai.com.br\/portal\/#\/schema\/person\/245e50e9127451fd0b7fd76f519ebbfe"},"headline":"No Rio Sapuca\u00ed, canoagem ecol\u00f3gica marcou o Dia da \u00c1rvore com educa\u00e7\u00e3o ambiental em Pouso Alegre","datePublished":"2025-09-26T23:04:50+00:00","dateModified":"2025-09-29T23:29:53+00:00","mainEntityOfPage":{"@id":"https:\/\/www.tvuai.com.br\/portal\/no-rio-sapucai-canoagem-ecologica-marcou-o-dia-da-arvore-com-educacao-ambiental-em-pouso-alegre\/"},"wordCount":512,"publisher":{"@id":"https:\/\/www.tvuai.com.br\/portal\/#organization"},"image":{"@id":"https:\/\/www.tvuai.com.br\/portal\/no-rio-sapucai-canoagem-ecologica-marcou-o-dia-da-arvore-com-educacao-ambiental-em-pouso-alegre\/#primaryimage"},"thumbnailUrl":"https:\/\/i0.wp.com\/www.tvuai.com.br\/portal\/wp-content\/uploads\/2025\/09\/canoagem0.jpg?fit=200%2C200&ssl=1","keywords":["Canoagem Ecol\u00f3gica","Dia da \u00c1rvore","educa\u00e7\u00e3o ambiental","Empresas","ESG","FIEMG","IEL","meio ambiente","Minas Gerais","OLIMPA","Olimp\u00edada de Sustentabilidade","Pouso Alegre","Rio Sapuca\u00ed","Semad","SESI","Sul de Minas","Sustentabilidade","TV Uai","TV UAI Pouso Alegre","TVUAI25"],"articleSection":["Educa\u00e7\u00e3o","Entretenimento","Esportes","Not\u00edcias","\u00daltimas Not\u00edcias"],"inLanguage":"pt-BR"},{"@type":"WebPage","@id":"https:\/\/www.tvuai.com.br\/portal\/no-rio-sapucai-canoagem-ecologica-marcou-o-dia-da-arvore-com-educacao-ambiental-em-pouso-alegre\/","url":"https:\/\/www.tvuai.com.br\/portal\/no-rio-sapucai-canoagem-ecologica-marcou-o-dia-da-arvore-com-educacao-ambiental-em-pouso-alegre\/","name":"No Rio Sapuca\u00ed, canoagem ecol\u00f3gica marcou o Dia da \u00c1rvore com educa\u00e7\u00e3o ambiental em Pouso Alegre - TVUAI","isPartOf":{"@id":"https:\/\/www.tvuai.com.br\/portal\/#website"},"primaryImageOfPage":{"@id":"https:\/\/www.tvuai.com.br\/portal\/no-rio-sapucai-canoagem-ecologica-marcou-o-dia-da-arvore-com-educacao-ambiental-em-pouso-alegre\/#primaryimage"},"image":{"@id":"https:\/\/www.tvuai.com.br\/portal\/no-rio-sapucai-canoagem-ecologica-marcou-o-dia-da-arvore-com-educacao-ambiental-em-pouso-alegre\/#primaryimage"},"thumbnailUrl":"https:\/\/i0.wp.com\/www.tvuai.com.br\/portal\/wp-content\/uploads\/2025\/09\/canoagem0.jpg?fit=200%2C200&ssl=1","datePublished":"2025-09-26T23:04:50+00:00","dateModified":"2025-09-29T23:29:53+00:00","breadcrumb":{"@id":"https:\/\/www.tvuai.com.br\/portal\/no-rio-sapucai-canoagem-ecologica-marcou-o-dia-da-arvore-com-educacao-ambiental-em-pouso-alegre\/#breadcrumb"},"inLanguage":"pt-BR","potentialAction":[{"@type":"ReadAction","target":["https:\/\/www.tvuai.com.br\/portal\/no-rio-sapucai-canoagem-ecologica-marcou-o-dia-da-arvore-com-educacao-ambiental-em-pouso-alegre\/"]}]},{"@type":"ImageObject","inLanguage":"pt-BR","@id":"https:\/\/www.tvuai.com.br\/portal\/no-rio-sapucai-canoagem-ecologica-marcou-o-dia-da-arvore-com-educacao-ambiental-em-pouso-alegre\/#primaryimage","url":"https:\/\/i0.wp.com\/www.tvuai.com.br\/portal\/wp-content\/uploads\/2025\/09\/canoagem0.jpg?fit=200%2C200&ssl=1","contentUrl":"https:\/\/i0.wp.com\/www.tvuai.com.br\/portal\/wp-content\/uploads\/2025\/09\/canoagem0.jpg?fit=200%2C200&ssl=1","width":200,"height":200},{"@type":"BreadcrumbList","@id":"https:\/\/www.tvuai.com.br\/portal\/no-rio-sapucai-canoagem-ecologica-marcou-o-dia-da-arvore-com-educacao-ambiental-em-pouso-alegre\/#breadcrumb","itemListElement":[{"@type":"ListItem","position":1,"name":"In\u00edcio","item":"https:\/\/www.tvuai.com.br\/portal\/"},{"@type":"ListItem","position":2,"name":"No Rio Sapuca\u00ed, canoagem ecol\u00f3gica marcou o Dia da \u00c1rvore com educa\u00e7\u00e3o ambiental em Pouso Alegre"}]},{"@type":"WebSite","@id":"https:\/\/www.tvuai.com.br\/portal\/#website","url":"https:\/\/www.tvuai.com.br\/portal\/","name":"TVUAI","description":"Tudo sobre o Sul de Minas","publisher":{"@id":"https:\/\/www.tvuai.com.br\/portal\/#organization"},"potentialAction":[{"@type":"SearchAction","target":{"@type":"EntryPoint","urlTemplate":"https:\/\/www.tvuai.com.br\/portal\/?s={search_term_string}"},"query-input":{"@type":"PropertyValueSpecification","valueRequired":true,"valueName":"search_term_string"}}],"inLanguage":"pt-BR"},{"@type":"Organization","@id":"https:\/\/www.tvuai.com.br\/portal\/#organization","name":"TVUAI","url":"https:\/\/www.tvuai.com.br\/portal\/","logo":{"@type":"ImageObject","inLanguage":"pt-BR","@id":"https:\/\/www.tvuai.com.br\/portal\/#\/schema\/logo\/image\/","url":"https:\/\/i0.wp.com\/www.tvuai.com.br\/portal\/wp-content\/uploads\/2017\/12\/logo_tvuai_100H.png?fit=207%2C100&ssl=1","contentUrl":"https:\/\/i0.wp.com\/www.tvuai.com.br\/portal\/wp-content\/uploads\/2017\/12\/logo_tvuai_100H.png?fit=207%2C100&ssl=1","width":207,"height":100,"caption":"TVUAI"},"image":{"@id":"https:\/\/www.tvuai.com.br\/portal\/#\/schema\/logo\/image\/"},"sameAs":["http:\/\/www.facebook.com\/pages\/TV-Uai-Comunica\u00e7\u00e3o\/139062546157369","https:\/\/x.com\/tvuai","https:\/\/www.instagram.com\/tvuai_network\/","https:\/\/www.youtube.com\/channel\/UCB7ZPB3wRv-OpoZ_09jmnkQ"]},{"@type":"Person","@id":"https:\/\/www.tvuai.com.br\/portal\/#\/schema\/person\/245e50e9127451fd0b7fd76f519ebbfe","name":"tvuai","url":"https:\/\/www.tvuai.com.br\/portal\/author\/tvuai\/"}]}},"jetpack_featured_media_url":"https:\/\/i0.wp.com\/www.tvuai.com.br\/portal\/wp-content\/uploads\/2025\/09\/canoagem0.jpg?fit=200%2C200&ssl=1","wpmagazine_modules_lite_featured_media_urls":{"thumbnail":["https:\/\/i0.wp.com\/www.tvuai.com.br\/portal\/wp-content\/uploads\/2025\/09\/canoagem0.jpg?resize=150%2C150&ssl=1",150,150,true],"cvmm-medium":["https:\/\/i0.wp.com\/www.tvuai.com.br\/portal\/wp-content\/uploads\/2025\/09\/canoagem0.jpg?resize=200%2C200&ssl=1",200,200,true],"cvmm-medium-plus":["https:\/\/i0.wp.com\/www.tvuai.com.br\/portal\/wp-content\/uploads\/2025\/09\/canoagem0.jpg?resize=200%2C200&ssl=1",200,200,true],"cvmm-portrait":["https:\/\/i0.wp.com\/www.tvuai.com.br\/portal\/wp-content\/uploads\/2025\/09\/canoagem0.jpg?resize=200%2C200&ssl=1",200,200,true],"cvmm-medium-square":["https:\/\/i0.wp.com\/www.tvuai.com.br\/portal\/wp-content\/uploads\/2025\/09\/canoagem0.jpg?resize=200%2C200&ssl=1",200,200,true],"cvmm-large":["https:\/\/i0.wp.com\/www.tvuai.com.br\/portal\/wp-content\/uploads\/2025\/09\/canoagem0.jpg?resize=200%2C200&ssl=1",200,200,true],"cvmm-small":["https:\/\/i0.wp.com\/www.tvuai.com.br\/portal\/wp-content\/uploads\/2025\/09\/canoagem0.jpg?resize=130%2C95&ssl=1",130,95,true],"full":["https:\/\/i0.wp.com\/www.tvuai.com.br\/portal\/wp-content\/uploads\/2025\/09\/canoagem0.jpg?fit=200%2C200&ssl=1",200,200,false]},"categories_names":{"1845":{"name":"Educa\u00e7\u00e3o","link":"https:\/\/www.tvuai.com.br\/portal\/category\/educacao\/"},"20":{"name":"Entretenimento","link":"https:\/\/www.tvuai.com.br\/portal\/category\/entretenimento\/"},"1819":{"name":"Esportes","link":"https:\/\/www.tvuai.com.br\/portal\/category\/esportes\/"},"19":{"name":"Not\u00edcias","link":"https:\/\/www.tvuai.com.br\/portal\/category\/noticias\/"},"5":{"name":"\u00daltimas Not\u00edcias","link":"https:\/\/www.tvuai.com.br\/portal\/category\/noticias\/ultimas\/"}},"tags_names":{"3352":{"name":"Canoagem Ecol\u00f3gica","link":"https:\/\/www.tvuai.com.br\/portal\/tag\/canoagem-ecologica\/"},"6691":{"name":"Dia da \u00c1rvore","link":"https:\/\/www.tvuai.com.br\/portal\/tag\/dia-da-arvore\/"},"6517":{"name":"educa\u00e7\u00e3o ambiental","link":"https:\/\/www.tvuai.com.br\/portal\/tag\/educacao-ambiental\/"},"6732":{"name":"Empresas","link":"https:\/\/www.tvuai.com.br\/portal\/tag\/empresas\/"},"6513":{"name":"ESG","link":"https:\/\/www.tvuai.com.br\/portal\/tag\/esg\/"},"186":{"name":"FIEMG","link":"https:\/\/www.tvuai.com.br\/portal\/tag\/fiemg\/"},"6511":{"name":"IEL","link":"https:\/\/www.tvuai.com.br\/portal\/tag\/iel\/"},"853":{"name":"meio ambiente","link":"https:\/\/www.tvuai.com.br\/portal\/tag\/meio-ambiente\/"},"184":{"name":"Minas Gerais","link":"https:\/\/www.tvuai.com.br\/portal\/tag\/minas-gerais\/"},"6729":{"name":"OLIMPA","link":"https:\/\/www.tvuai.com.br\/portal\/tag\/olimpa\/"},"6730":{"name":"Olimp\u00edada de Sustentabilidade","link":"https:\/\/www.tvuai.com.br\/portal\/tag\/olimpiada-de-sustentabilidade\/"},"37":{"name":"Pouso Alegre","link":"https:\/\/www.tvuai.com.br\/portal\/tag\/pouso-alegre\/"},"6731":{"name":"Rio Sapuca\u00ed","link":"https:\/\/www.tvuai.com.br\/portal\/tag\/rio-sapucai\/"},"922":{"name":"Semad","link":"https:\/\/www.tvuai.com.br\/portal\/tag\/semad\/"},"6512":{"name":"SESI","link":"https:\/\/www.tvuai.com.br\/portal\/tag\/sesi\/"},"39":{"name":"Sul de Minas","link":"https:\/\/www.tvuai.com.br\/portal\/tag\/sul-de-minas\/"},"3664":{"name":"Sustentabilidade","link":"https:\/\/www.tvuai.com.br\/portal\/tag\/sustentabilidade\/"},"27":{"name":"TV Uai","link":"https:\/\/www.tvuai.com.br\/portal\/tag\/tv-uai\/"},"1618":{"name":"TV UAI Pouso Alegre","link":"https:\/\/www.tvuai.com.br\/portal\/tag\/tv-uai-pouso-alegre\/"},"4796":{"name":"TVUAI25","link":"https:\/\/www.tvuai.com.br\/portal\/tag\/tvuai25\/"}},"comments_number":"0","jetpack_shortlink":"https:\/\/wp.me\/p9woix-3tB","jetpack_sharing_enabled":true,"_links":{"self":[{"href":"https:\/\/www.tvuai.com.br\/portal\/wp-json\/wp\/v2\/posts\/13367"}],"collection":[{"href":"https:\/\/www.tvuai.com.br\/portal\/wp-json\/wp\/v2\/posts"}],"about":[{"href":"https:\/\/www.tvuai.com.br\/portal\/wp-json\/wp\/v2\/types\/post"}],"author":[{"embeddable":true,"href":"https:\/\/www.tvuai.com.br\/portal\/wp-json\/wp\/v2\/users\/1"}],"replies":[{"embeddable":true,"href":"https:\/\/www.tvuai.com.br\/portal\/wp-json\/wp\/v2\/comments?post=13367"}],"version-history":[{"count":2,"href":"https:\/\/www.tvuai.com.br\/portal\/wp-json\/wp\/v2\/posts\/13367\/revisions"}],"predecessor-version":[{"id":13372,"href":"https:\/\/www.tvuai.com.br\/portal\/wp-json\/wp\/v2\/posts\/13367\/revisions\/13372"}],"wp:featuredmedia":[{"embeddable":true,"href":"https:\/\/www.tvuai.com.br\/portal\/wp-json\/wp\/v2\/media\/13369"}],"wp:attachment":[{"href":"https:\/\/www.tvuai.com.br\/portal\/wp-json\/wp\/v2\/media?parent=13367"}],"wp:term":[{"taxonomy":"category","embeddable":true,"href":"https:\/\/www.tvuai.com.br\/portal\/wp-json\/wp\/v2\/categories?post=13367"},{"taxonomy":"post_tag","embeddable":true,"href":"https:\/\/www.tvuai.com.br\/portal\/wp-json\/wp\/v2\/tags?post=13367"}],"curies":[{"name":"wp","href":"https:\/\/api.w.org\/{rel}","templated":true}]}}