{"id":13238,"date":"2025-09-14T16:43:58","date_gmt":"2025-09-14T19:43:58","guid":{"rendered":"https:\/\/www.tvuai.com.br\/portal\/?p=13238"},"modified":"2025-09-15T18:57:21","modified_gmt":"2025-09-15T21:57:21","slug":"pouso-alegre-monitoramento-da-prefeitura-leva-a-prisao-de-suspeitos-de-tentativa-de-homicidio-em-sao-paulo","status":"publish","type":"post","link":"https:\/\/www.tvuai.com.br\/portal\/pouso-alegre-monitoramento-da-prefeitura-leva-a-prisao-de-suspeitos-de-tentativa-de-homicidio-em-sao-paulo\/","title":{"rendered":"Pouso Alegre: monitoramento da Prefeitura leva \u00e0 pris\u00e3o de suspeitos de tentativa de homic\u00eddio em S\u00e3o Paulo"},"content":{"rendered":"<div class=\"5a1038e0903b96d426fcfcc338703013\" data-index=\"1\" style=\"float: right; margin:10px 0 10px 10px;\">\n<script async src=\"https:\/\/pagead2.googlesyndication.com\/pagead\/js\/adsbygoogle.js?client=ca-pub-9945944833605257\"\r\n     crossorigin=\"anonymous\"><\/script>\r\n<ins class=\"adsbygoogle\"\r\n     style=\"display:block; text-align:center;\"\r\n     data-ad-layout=\"in-article\"\r\n     data-ad-format=\"fluid\"\r\n     data-ad-client=\"ca-pub-9945944833605257\"\r\n     data-ad-slot=\"2343923581\"><\/ins>\r\n<script>\r\n     (adsbygoogle = window.adsbygoogle || []).push({});\r\n<\/script>\n<\/div>\n<article class=\"text-token-text-primary w-full focus:outline-none scroll-mt-[calc(var(--header-height)+min(200px,max(70px,20svh)))]\" dir=\"auto\" tabindex=\"-1\" data-turn-id=\"request-WEB:8f80c833-b92a-49a2-96af-629af693359a-8\" data-testid=\"conversation-turn-4\" data-scroll-anchor=\"false\" data-turn=\"assistant\">\n<div class=\"text-base my-auto mx-auto [--thread-content-margin:--spacing(4)] thread-sm:[--thread-content-margin:--spacing(6)] thread-lg:[--thread-content-margin:--spacing(16)] px-(--thread-content-margin)\">\n<div class=\"[--thread-content-max-width:40rem] thread-sm:[--thread-content-max-width:40rem] thread-lg:[--thread-content-max-width:48rem] mx-auto max-w-(--thread-content-max-width) flex-1 group\/turn-messages focus-visible:outline-hidden relative flex w-full min-w-0 flex-col agent-turn\" tabindex=\"-1\">\n<div class=\"flex max-w-full flex-col grow\">\n<div class=\"min-h-8 text-message relative flex w-full flex-col items-end gap-2 text-start break-words whitespace-normal [.text-message+&amp;]:mt-5\" dir=\"auto\" data-message-author-role=\"assistant\" data-message-id=\"1d060773-e44b-4d73-8744-1fe578704e9b\" data-message-model-slug=\"gpt-5\">\n<div class=\"flex w-full flex-col gap-1 empty:hidden first:pt-[3px]\">\n<div class=\"markdown prose dark:prose-invert w-full break-words light markdown-new-styling\">\n<h5 style=\"text-align: center;\" data-start=\"272\" data-end=\"444\"><em><strong><img data-recalc-dims=\"1\" fetchpriority=\"high\" decoding=\"async\" data-attachment-id=\"13241\" data-permalink=\"https:\/\/www.tvuai.com.br\/portal\/pouso-alegre-monitoramento-da-prefeitura-leva-a-prisao-de-suspeitos-de-tentativa-de-homicidio-em-sao-paulo\/camerapa\/\" data-orig-file=\"https:\/\/i0.wp.com\/www.tvuai.com.br\/portal\/wp-content\/uploads\/2025\/09\/camerapa.jpg?fit=785%2C510&amp;ssl=1\" data-orig-size=\"785,510\" data-comments-opened=\"0\" data-image-meta=\"{&quot;aperture&quot;:&quot;0&quot;,&quot;credit&quot;:&quot;&quot;,&quot;camera&quot;:&quot;&quot;,&quot;caption&quot;:&quot;&quot;,&quot;created_timestamp&quot;:&quot;0&quot;,&quot;copyright&quot;:&quot;&quot;,&quot;focal_length&quot;:&quot;0&quot;,&quot;iso&quot;:&quot;0&quot;,&quot;shutter_speed&quot;:&quot;0&quot;,&quot;title&quot;:&quot;&quot;,&quot;orientation&quot;:&quot;0&quot;}\" data-image-title=\"camerapa\" data-image-description=\"\" data-image-caption=\"\" data-medium-file=\"https:\/\/i0.wp.com\/www.tvuai.com.br\/portal\/wp-content\/uploads\/2025\/09\/camerapa.jpg?fit=300%2C195&amp;ssl=1\" data-large-file=\"https:\/\/i0.wp.com\/www.tvuai.com.br\/portal\/wp-content\/uploads\/2025\/09\/camerapa.jpg?fit=640%2C416&amp;ssl=1\" tabindex=\"0\" role=\"button\" class=\"aligncenter size-full wp-image-13241\" src=\"https:\/\/i0.wp.com\/www.tvuai.com.br\/portal\/wp-content\/uploads\/2025\/09\/camerapa.jpg?resize=640%2C416&#038;ssl=1\" alt=\"\" width=\"640\" height=\"416\" srcset=\"https:\/\/i0.wp.com\/www.tvuai.com.br\/portal\/wp-content\/uploads\/2025\/09\/camerapa.jpg?w=785&amp;ssl=1 785w, https:\/\/i0.wp.com\/www.tvuai.com.br\/portal\/wp-content\/uploads\/2025\/09\/camerapa.jpg?resize=300%2C195&amp;ssl=1 300w, https:\/\/i0.wp.com\/www.tvuai.com.br\/portal\/wp-content\/uploads\/2025\/09\/camerapa.jpg?resize=768%2C499&amp;ssl=1 768w\" sizes=\"(max-width: 640px) 100vw, 640px\" \/>C\u00e2meras e leitura de placas em Pouso Alegre permitiram identificar ve\u00edculo usado na fuga e colaborar com a\u00e7\u00e3o conjunta das pol\u00edcias de Minas e S\u00e3o Paulo<\/strong><\/em><\/h5>\n<p data-start=\"446\" data-end=\"684\">O sistema de monitoramento da Prefeitura de Pouso Alegre foi fundamental para a pris\u00e3o de dois homens suspeitos de envolvimento em uma tentativa de homic\u00eddio ocorrida neste s\u00e1bado, 13, no bairro S\u00e3o Geraldo.<\/p>\n<p data-start=\"686\" data-end=\"1000\">De acordo com a Pol\u00edcia Militar, um jovem de 20 anos foi atingido por disparo de arma de fogo e levado ao Hospital Regional. Segundo a v\u00edtima, os tiros foram feitos por ocupantes de um GM Celta prata contra um grupo de pessoas. O alvo principal seria um jovem de 18 anos, em raz\u00e3o de um desentendimento anterior.<\/p>\n<p data-start=\"1002\" data-end=\"1390\">Durante a ocorr\u00eancia, a PM recebeu den\u00fancia an\u00f4nima de que o rapaz de 18 anos estaria armado e planejando vingan\u00e7a. Ele tentou fugir ao notar a chegada da viatura, mas foi abordado e preso em flagrante por porte ilegal de arma de fogo. Com ele, foi apreendido um rev\u00f3lver calibre .38, carregado com quatro muni\u00e7\u00f5es intactas. O suspeito confessou que usaria o armamento para se defender.<\/p>\n<p data-start=\"1392\" data-end=\"1691\"><img data-recalc-dims=\"1\" decoding=\"async\" class=\"alignright size-medium wp-image-13243\" src=\"https:\/\/i0.wp.com\/www.tvuai.com.br\/portal\/wp-content\/uploads\/2025\/09\/camerapa2-169x300.jpg?resize=169%2C300&#038;ssl=1\" alt=\"\" width=\"169\" height=\"300\" \/>Enquanto isso, o sistema de monitoramento municipal, operado pelo Centro Integrado de Defesa Social (CIDS), foi utilizado pela Pol\u00edcia Militar. As c\u00e2meras e a leitura de placas permitiram identificar e acompanhar em tempo real o trajeto de um VW Golf preto, usado na fuga dos autores dos disparos.<\/p>\n<p data-start=\"1693\" data-end=\"1936\">Com base nas informa\u00e7\u00f5es repassadas, a Pol\u00edcia Militar de Minas Gerais acionou a PM de S\u00e3o Paulo, que conseguiu interceptar o ve\u00edculo em Taubat\u00e9 (SP). Dois homens, de 21 e 24 anos, foram presos como suspeitos de participa\u00e7\u00e3o direta no crime.<\/p>\n<p data-start=\"1938\" data-end=\"2065\">Ao todo, a opera\u00e7\u00e3o resultou em tr\u00eas pris\u00f5es: dois envolvidos na tentativa de homic\u00eddio e um detido por porte ilegal de arma.<\/p>\n<p data-start=\"2067\" data-end=\"2404\">A Prefeitura de Pouso Alegre refor\u00e7ou que o compartilhamento de imagens com as for\u00e7as de seguran\u00e7a ocorre por meio de um termo de coopera\u00e7\u00e3o t\u00e9cnica. O sistema j\u00e1 integra Pol\u00edcia Militar, Pol\u00edcia Civil, Pol\u00edcia Penal, Corpo de Bombeiros e outros \u00f3rg\u00e3os, fortalecendo a resposta a situa\u00e7\u00f5es de risco e ampliando a prote\u00e7\u00e3o da popula\u00e7\u00e3o.<\/p>\n<h6 style=\"text-align: right;\" data-start=\"2067\" data-end=\"2404\"><em><strong>Com informa\u00e7\u00f5es de Luana Mendes<\/strong><\/em><\/h6>\n<\/div>\n<\/div>\n<\/div>\n<\/div>\n<\/div>\n<\/div>\n<\/article>\n\n<div style=\"font-size: 0px; height: 0px; line-height: 0px; margin: 0; padding: 0; clear: both;\"><\/div><div class='share-to-whatsapp-wrapper'><div class='share-on-whsp'>Share on: <\/div><a data-text='Pouso Alegre: monitoramento da Prefeitura leva \u00e0 pris\u00e3o de suspeitos de tentativa de homic\u00eddio em S\u00e3o Paulo' data-link='https:\/\/www.tvuai.com.br\/portal\/pouso-alegre-monitoramento-da-prefeitura-leva-a-prisao-de-suspeitos-de-tentativa-de-homicidio-em-sao-paulo\/' class='whatsapp-button whatsapp-share'>WhatsApp<\/a><div class='clear '><\/div><\/div><!-- AddThis Advanced Settings generic via filter on the_content --><!-- AddThis Share Buttons generic via filter on the_content -->","protected":false},"excerpt":{"rendered":"<p>C\u00e2meras e leitura de placas em Pouso Alegre permitiram identificar ve\u00edculo usado na fuga e colaborar com a\u00e7\u00e3o conjunta das pol\u00edcias de Minas e S\u00e3o Paulo O sistema de monitoramento da Prefeitura de Pouso Alegre foi fundamental para a pris\u00e3o de dois homens suspeitos de envolvimento em uma tentativa de homic\u00eddio ocorrida neste s\u00e1bado, 13, [&hellip;]<!-- AddThis Advanced Settings generic via filter on get_the_excerpt --><!-- AddThis Share Buttons generic via filter on get_the_excerpt --><\/p>\n","protected":false},"author":1,"featured_media":13244,"comment_status":"closed","ping_status":"closed","sticky":false,"template":"","format":"standard","meta":{"jetpack_post_was_ever_published":false,"_jetpack_newsletter_access":"","_jetpack_dont_email_post_to_subs":false,"_jetpack_newsletter_tier_id":0,"_jetpack_memberships_contains_paywalled_content":false,"_jetpack_memberships_contains_paid_content":false,"_joinchat":[],"footnotes":"","jetpack_publicize_message":"","jetpack_publicize_feature_enabled":true,"jetpack_social_post_already_shared":false,"jetpack_social_options":{"image_generator_settings":{"template":"highway","enabled":false},"version":2}},"categories":[19,5786,5],"tags":[6609,6610,1805,184,3269,37,769,6608,4328,6606,39,980,6607,27,1618,4796],"class_list":["post-13238","post","type-post","status-publish","format-standard","has-post-thumbnail","hentry","category-noticias","category-policia","category-ultimas","tag-cooperacao-tecnica","tag-defesa-social","tag-luana-mendes","tag-minas-gerais","tag-policia-militar","tag-pouso-alegre","tag-prefeitura-de-pouso-alegre","tag-prisoes","tag-seguranca-publica","tag-sistema-de-monitoramento","tag-sul-de-minas","tag-taubate","tag-tentativa-de-homicidio","tag-tv-uai","tag-tv-uai-pouso-alegre","tag-tvuai25"],"jetpack_publicize_connections":[],"yoast_head":"<!-- This site is optimized with the Yoast SEO plugin v23.5 - https:\/\/yoast.com\/wordpress\/plugins\/seo\/ -->\n<title>Pouso Alegre: monitoramento da Prefeitura leva \u00e0 pris\u00e3o de suspeitos de tentativa de homic\u00eddio em S\u00e3o Paulo - TVUAI<\/title>\n<meta name=\"robots\" content=\"index, follow, max-snippet:-1, max-image-preview:large, max-video-preview:-1\" \/>\n<link rel=\"canonical\" href=\"https:\/\/www.tvuai.com.br\/portal\/pouso-alegre-monitoramento-da-prefeitura-leva-a-prisao-de-suspeitos-de-tentativa-de-homicidio-em-sao-paulo\/\" \/>\n<meta property=\"og:locale\" content=\"pt_BR\" \/>\n<meta property=\"og:type\" content=\"article\" \/>\n<meta property=\"og:title\" content=\"Pouso Alegre: monitoramento da Prefeitura leva \u00e0 pris\u00e3o de suspeitos de tentativa de homic\u00eddio em S\u00e3o Paulo - TVUAI\" \/>\n<meta property=\"og:description\" content=\"C\u00e2meras e leitura de placas em Pouso Alegre permitiram identificar ve\u00edculo usado na fuga e colaborar com a\u00e7\u00e3o conjunta das pol\u00edcias de Minas e S\u00e3o Paulo O sistema de monitoramento da Prefeitura de Pouso Alegre foi fundamental para a pris\u00e3o de dois homens suspeitos de envolvimento em uma tentativa de homic\u00eddio ocorrida neste s\u00e1bado, 13, [&hellip;]\" \/>\n<meta property=\"og:url\" content=\"https:\/\/www.tvuai.com.br\/portal\/pouso-alegre-monitoramento-da-prefeitura-leva-a-prisao-de-suspeitos-de-tentativa-de-homicidio-em-sao-paulo\/\" \/>\n<meta property=\"og:site_name\" content=\"TVUAI\" \/>\n<meta property=\"article:publisher\" content=\"http:\/\/www.facebook.com\/pages\/TV-Uai-Comunica%c3%a7%c3%a3o\/139062546157369\" \/>\n<meta property=\"article:published_time\" content=\"2025-09-14T19:43:58+00:00\" \/>\n<meta property=\"article:modified_time\" content=\"2025-09-15T21:57:21+00:00\" \/>\n<meta property=\"og:image\" content=\"https:\/\/www.tvuai.com.br\/portal\/wp-content\/uploads\/2025\/09\/camerapa0-1.jpg\" \/>\n\t<meta property=\"og:image:width\" content=\"200\" \/>\n\t<meta property=\"og:image:height\" content=\"200\" \/>\n\t<meta property=\"og:image:type\" content=\"image\/jpeg\" \/>\n<meta name=\"author\" content=\"tvuai\" \/>\n<meta name=\"twitter:card\" content=\"summary_large_image\" \/>\n<meta name=\"twitter:creator\" content=\"@tvuai\" \/>\n<meta name=\"twitter:site\" content=\"@tvuai\" \/>\n<meta name=\"twitter:label1\" content=\"Escrito por\" \/>\n\t<meta name=\"twitter:data1\" content=\"tvuai\" \/>\n\t<meta name=\"twitter:label2\" content=\"Est. tempo de leitura\" \/>\n\t<meta name=\"twitter:data2\" content=\"3 minutos\" \/>\n<script type=\"application\/ld+json\" class=\"yoast-schema-graph\">{\"@context\":\"https:\/\/schema.org\",\"@graph\":[{\"@type\":\"Article\",\"@id\":\"https:\/\/www.tvuai.com.br\/portal\/pouso-alegre-monitoramento-da-prefeitura-leva-a-prisao-de-suspeitos-de-tentativa-de-homicidio-em-sao-paulo\/#article\",\"isPartOf\":{\"@id\":\"https:\/\/www.tvuai.com.br\/portal\/pouso-alegre-monitoramento-da-prefeitura-leva-a-prisao-de-suspeitos-de-tentativa-de-homicidio-em-sao-paulo\/\"},\"author\":{\"name\":\"tvuai\",\"@id\":\"https:\/\/www.tvuai.com.br\/portal\/#\/schema\/person\/245e50e9127451fd0b7fd76f519ebbfe\"},\"headline\":\"Pouso Alegre: monitoramento da Prefeitura leva \u00e0 pris\u00e3o de suspeitos de tentativa de homic\u00eddio em S\u00e3o Paulo\",\"datePublished\":\"2025-09-14T19:43:58+00:00\",\"dateModified\":\"2025-09-15T21:57:21+00:00\",\"mainEntityOfPage\":{\"@id\":\"https:\/\/www.tvuai.com.br\/portal\/pouso-alegre-monitoramento-da-prefeitura-leva-a-prisao-de-suspeitos-de-tentativa-de-homicidio-em-sao-paulo\/\"},\"wordCount\":407,\"publisher\":{\"@id\":\"https:\/\/www.tvuai.com.br\/portal\/#organization\"},\"image\":{\"@id\":\"https:\/\/www.tvuai.com.br\/portal\/pouso-alegre-monitoramento-da-prefeitura-leva-a-prisao-de-suspeitos-de-tentativa-de-homicidio-em-sao-paulo\/#primaryimage\"},\"thumbnailUrl\":\"https:\/\/i0.wp.com\/www.tvuai.com.br\/portal\/wp-content\/uploads\/2025\/09\/camerapa0-1.jpg?fit=200%2C200&ssl=1\",\"keywords\":[\"coopera\u00e7\u00e3o t\u00e9cnica\",\"defesa social\",\"Luana Mendes\",\"Minas Gerais\",\"Pol\u00edcia Militar\",\"Pouso Alegre\",\"Prefeitura de Pouso Alegre\",\"pris\u00f5es\",\"Seguran\u00e7a P\u00fablica\",\"sistema de monitoramento\",\"Sul de Minas\",\"Taubat\u00e9\",\"tentativa de homic\u00eddio\",\"TV Uai\",\"TV UAI Pouso Alegre\",\"TVUAI25\"],\"articleSection\":[\"Not\u00edcias\",\"Pol\u00edcia\",\"\u00daltimas Not\u00edcias\"],\"inLanguage\":\"pt-BR\"},{\"@type\":\"WebPage\",\"@id\":\"https:\/\/www.tvuai.com.br\/portal\/pouso-alegre-monitoramento-da-prefeitura-leva-a-prisao-de-suspeitos-de-tentativa-de-homicidio-em-sao-paulo\/\",\"url\":\"https:\/\/www.tvuai.com.br\/portal\/pouso-alegre-monitoramento-da-prefeitura-leva-a-prisao-de-suspeitos-de-tentativa-de-homicidio-em-sao-paulo\/\",\"name\":\"Pouso Alegre: monitoramento da Prefeitura leva \u00e0 pris\u00e3o de suspeitos de tentativa de homic\u00eddio em S\u00e3o Paulo - TVUAI\",\"isPartOf\":{\"@id\":\"https:\/\/www.tvuai.com.br\/portal\/#website\"},\"primaryImageOfPage\":{\"@id\":\"https:\/\/www.tvuai.com.br\/portal\/pouso-alegre-monitoramento-da-prefeitura-leva-a-prisao-de-suspeitos-de-tentativa-de-homicidio-em-sao-paulo\/#primaryimage\"},\"image\":{\"@id\":\"https:\/\/www.tvuai.com.br\/portal\/pouso-alegre-monitoramento-da-prefeitura-leva-a-prisao-de-suspeitos-de-tentativa-de-homicidio-em-sao-paulo\/#primaryimage\"},\"thumbnailUrl\":\"https:\/\/i0.wp.com\/www.tvuai.com.br\/portal\/wp-content\/uploads\/2025\/09\/camerapa0-1.jpg?fit=200%2C200&ssl=1\",\"datePublished\":\"2025-09-14T19:43:58+00:00\",\"dateModified\":\"2025-09-15T21:57:21+00:00\",\"breadcrumb\":{\"@id\":\"https:\/\/www.tvuai.com.br\/portal\/pouso-alegre-monitoramento-da-prefeitura-leva-a-prisao-de-suspeitos-de-tentativa-de-homicidio-em-sao-paulo\/#breadcrumb\"},\"inLanguage\":\"pt-BR\",\"potentialAction\":[{\"@type\":\"ReadAction\",\"target\":[\"https:\/\/www.tvuai.com.br\/portal\/pouso-alegre-monitoramento-da-prefeitura-leva-a-prisao-de-suspeitos-de-tentativa-de-homicidio-em-sao-paulo\/\"]}]},{\"@type\":\"ImageObject\",\"inLanguage\":\"pt-BR\",\"@id\":\"https:\/\/www.tvuai.com.br\/portal\/pouso-alegre-monitoramento-da-prefeitura-leva-a-prisao-de-suspeitos-de-tentativa-de-homicidio-em-sao-paulo\/#primaryimage\",\"url\":\"https:\/\/i0.wp.com\/www.tvuai.com.br\/portal\/wp-content\/uploads\/2025\/09\/camerapa0-1.jpg?fit=200%2C200&ssl=1\",\"contentUrl\":\"https:\/\/i0.wp.com\/www.tvuai.com.br\/portal\/wp-content\/uploads\/2025\/09\/camerapa0-1.jpg?fit=200%2C200&ssl=1\",\"width\":200,\"height\":200},{\"@type\":\"BreadcrumbList\",\"@id\":\"https:\/\/www.tvuai.com.br\/portal\/pouso-alegre-monitoramento-da-prefeitura-leva-a-prisao-de-suspeitos-de-tentativa-de-homicidio-em-sao-paulo\/#breadcrumb\",\"itemListElement\":[{\"@type\":\"ListItem\",\"position\":1,\"name\":\"In\u00edcio\",\"item\":\"https:\/\/www.tvuai.com.br\/portal\/\"},{\"@type\":\"ListItem\",\"position\":2,\"name\":\"Pouso Alegre: monitoramento da Prefeitura leva \u00e0 pris\u00e3o de suspeitos de tentativa de homic\u00eddio em S\u00e3o Paulo\"}]},{\"@type\":\"WebSite\",\"@id\":\"https:\/\/www.tvuai.com.br\/portal\/#website\",\"url\":\"https:\/\/www.tvuai.com.br\/portal\/\",\"name\":\"TVUAI\",\"description\":\"Tudo sobre o Sul de Minas\",\"publisher\":{\"@id\":\"https:\/\/www.tvuai.com.br\/portal\/#organization\"},\"potentialAction\":[{\"@type\":\"SearchAction\",\"target\":{\"@type\":\"EntryPoint\",\"urlTemplate\":\"https:\/\/www.tvuai.com.br\/portal\/?s={search_term_string}\"},\"query-input\":{\"@type\":\"PropertyValueSpecification\",\"valueRequired\":true,\"valueName\":\"search_term_string\"}}],\"inLanguage\":\"pt-BR\"},{\"@type\":\"Organization\",\"@id\":\"https:\/\/www.tvuai.com.br\/portal\/#organization\",\"name\":\"TVUAI\",\"url\":\"https:\/\/www.tvuai.com.br\/portal\/\",\"logo\":{\"@type\":\"ImageObject\",\"inLanguage\":\"pt-BR\",\"@id\":\"https:\/\/www.tvuai.com.br\/portal\/#\/schema\/logo\/image\/\",\"url\":\"https:\/\/i0.wp.com\/www.tvuai.com.br\/portal\/wp-content\/uploads\/2017\/12\/logo_tvuai_100H.png?fit=207%2C100&ssl=1\",\"contentUrl\":\"https:\/\/i0.wp.com\/www.tvuai.com.br\/portal\/wp-content\/uploads\/2017\/12\/logo_tvuai_100H.png?fit=207%2C100&ssl=1\",\"width\":207,\"height\":100,\"caption\":\"TVUAI\"},\"image\":{\"@id\":\"https:\/\/www.tvuai.com.br\/portal\/#\/schema\/logo\/image\/\"},\"sameAs\":[\"http:\/\/www.facebook.com\/pages\/TV-Uai-Comunica\u00e7\u00e3o\/139062546157369\",\"https:\/\/x.com\/tvuai\",\"https:\/\/www.instagram.com\/tvuai_network\/\",\"https:\/\/www.youtube.com\/channel\/UCB7ZPB3wRv-OpoZ_09jmnkQ\"]},{\"@type\":\"Person\",\"@id\":\"https:\/\/www.tvuai.com.br\/portal\/#\/schema\/person\/245e50e9127451fd0b7fd76f519ebbfe\",\"name\":\"tvuai\",\"url\":\"https:\/\/www.tvuai.com.br\/portal\/author\/tvuai\/\"}]}<\/script>\n<!-- \/ Yoast SEO plugin. -->","yoast_head_json":{"title":"Pouso Alegre: monitoramento da Prefeitura leva \u00e0 pris\u00e3o de suspeitos de tentativa de homic\u00eddio em S\u00e3o Paulo - TVUAI","robots":{"index":"index","follow":"follow","max-snippet":"max-snippet:-1","max-image-preview":"max-image-preview:large","max-video-preview":"max-video-preview:-1"},"canonical":"https:\/\/www.tvuai.com.br\/portal\/pouso-alegre-monitoramento-da-prefeitura-leva-a-prisao-de-suspeitos-de-tentativa-de-homicidio-em-sao-paulo\/","og_locale":"pt_BR","og_type":"article","og_title":"Pouso Alegre: monitoramento da Prefeitura leva \u00e0 pris\u00e3o de suspeitos de tentativa de homic\u00eddio em S\u00e3o Paulo - TVUAI","og_description":"C\u00e2meras e leitura de placas em Pouso Alegre permitiram identificar ve\u00edculo usado na fuga e colaborar com a\u00e7\u00e3o conjunta das pol\u00edcias de Minas e S\u00e3o Paulo O sistema de monitoramento da Prefeitura de Pouso Alegre foi fundamental para a pris\u00e3o de dois homens suspeitos de envolvimento em uma tentativa de homic\u00eddio ocorrida neste s\u00e1bado, 13, [&hellip;]","og_url":"https:\/\/www.tvuai.com.br\/portal\/pouso-alegre-monitoramento-da-prefeitura-leva-a-prisao-de-suspeitos-de-tentativa-de-homicidio-em-sao-paulo\/","og_site_name":"TVUAI","article_publisher":"http:\/\/www.facebook.com\/pages\/TV-Uai-Comunica%c3%a7%c3%a3o\/139062546157369","article_published_time":"2025-09-14T19:43:58+00:00","article_modified_time":"2025-09-15T21:57:21+00:00","og_image":[{"width":200,"height":200,"url":"https:\/\/www.tvuai.com.br\/portal\/wp-content\/uploads\/2025\/09\/camerapa0-1.jpg","type":"image\/jpeg"}],"author":"tvuai","twitter_card":"summary_large_image","twitter_creator":"@tvuai","twitter_site":"@tvuai","twitter_misc":{"Escrito por":"tvuai","Est. tempo de leitura":"3 minutos"},"schema":{"@context":"https:\/\/schema.org","@graph":[{"@type":"Article","@id":"https:\/\/www.tvuai.com.br\/portal\/pouso-alegre-monitoramento-da-prefeitura-leva-a-prisao-de-suspeitos-de-tentativa-de-homicidio-em-sao-paulo\/#article","isPartOf":{"@id":"https:\/\/www.tvuai.com.br\/portal\/pouso-alegre-monitoramento-da-prefeitura-leva-a-prisao-de-suspeitos-de-tentativa-de-homicidio-em-sao-paulo\/"},"author":{"name":"tvuai","@id":"https:\/\/www.tvuai.com.br\/portal\/#\/schema\/person\/245e50e9127451fd0b7fd76f519ebbfe"},"headline":"Pouso Alegre: monitoramento da Prefeitura leva \u00e0 pris\u00e3o de suspeitos de tentativa de homic\u00eddio em S\u00e3o Paulo","datePublished":"2025-09-14T19:43:58+00:00","dateModified":"2025-09-15T21:57:21+00:00","mainEntityOfPage":{"@id":"https:\/\/www.tvuai.com.br\/portal\/pouso-alegre-monitoramento-da-prefeitura-leva-a-prisao-de-suspeitos-de-tentativa-de-homicidio-em-sao-paulo\/"},"wordCount":407,"publisher":{"@id":"https:\/\/www.tvuai.com.br\/portal\/#organization"},"image":{"@id":"https:\/\/www.tvuai.com.br\/portal\/pouso-alegre-monitoramento-da-prefeitura-leva-a-prisao-de-suspeitos-de-tentativa-de-homicidio-em-sao-paulo\/#primaryimage"},"thumbnailUrl":"https:\/\/i0.wp.com\/www.tvuai.com.br\/portal\/wp-content\/uploads\/2025\/09\/camerapa0-1.jpg?fit=200%2C200&ssl=1","keywords":["coopera\u00e7\u00e3o t\u00e9cnica","defesa social","Luana Mendes","Minas Gerais","Pol\u00edcia Militar","Pouso Alegre","Prefeitura de Pouso Alegre","pris\u00f5es","Seguran\u00e7a P\u00fablica","sistema de monitoramento","Sul de Minas","Taubat\u00e9","tentativa de homic\u00eddio","TV Uai","TV UAI Pouso Alegre","TVUAI25"],"articleSection":["Not\u00edcias","Pol\u00edcia","\u00daltimas Not\u00edcias"],"inLanguage":"pt-BR"},{"@type":"WebPage","@id":"https:\/\/www.tvuai.com.br\/portal\/pouso-alegre-monitoramento-da-prefeitura-leva-a-prisao-de-suspeitos-de-tentativa-de-homicidio-em-sao-paulo\/","url":"https:\/\/www.tvuai.com.br\/portal\/pouso-alegre-monitoramento-da-prefeitura-leva-a-prisao-de-suspeitos-de-tentativa-de-homicidio-em-sao-paulo\/","name":"Pouso Alegre: monitoramento da Prefeitura leva \u00e0 pris\u00e3o de suspeitos de tentativa de homic\u00eddio em S\u00e3o Paulo - TVUAI","isPartOf":{"@id":"https:\/\/www.tvuai.com.br\/portal\/#website"},"primaryImageOfPage":{"@id":"https:\/\/www.tvuai.com.br\/portal\/pouso-alegre-monitoramento-da-prefeitura-leva-a-prisao-de-suspeitos-de-tentativa-de-homicidio-em-sao-paulo\/#primaryimage"},"image":{"@id":"https:\/\/www.tvuai.com.br\/portal\/pouso-alegre-monitoramento-da-prefeitura-leva-a-prisao-de-suspeitos-de-tentativa-de-homicidio-em-sao-paulo\/#primaryimage"},"thumbnailUrl":"https:\/\/i0.wp.com\/www.tvuai.com.br\/portal\/wp-content\/uploads\/2025\/09\/camerapa0-1.jpg?fit=200%2C200&ssl=1","datePublished":"2025-09-14T19:43:58+00:00","dateModified":"2025-09-15T21:57:21+00:00","breadcrumb":{"@id":"https:\/\/www.tvuai.com.br\/portal\/pouso-alegre-monitoramento-da-prefeitura-leva-a-prisao-de-suspeitos-de-tentativa-de-homicidio-em-sao-paulo\/#breadcrumb"},"inLanguage":"pt-BR","potentialAction":[{"@type":"ReadAction","target":["https:\/\/www.tvuai.com.br\/portal\/pouso-alegre-monitoramento-da-prefeitura-leva-a-prisao-de-suspeitos-de-tentativa-de-homicidio-em-sao-paulo\/"]}]},{"@type":"ImageObject","inLanguage":"pt-BR","@id":"https:\/\/www.tvuai.com.br\/portal\/pouso-alegre-monitoramento-da-prefeitura-leva-a-prisao-de-suspeitos-de-tentativa-de-homicidio-em-sao-paulo\/#primaryimage","url":"https:\/\/i0.wp.com\/www.tvuai.com.br\/portal\/wp-content\/uploads\/2025\/09\/camerapa0-1.jpg?fit=200%2C200&ssl=1","contentUrl":"https:\/\/i0.wp.com\/www.tvuai.com.br\/portal\/wp-content\/uploads\/2025\/09\/camerapa0-1.jpg?fit=200%2C200&ssl=1","width":200,"height":200},{"@type":"BreadcrumbList","@id":"https:\/\/www.tvuai.com.br\/portal\/pouso-alegre-monitoramento-da-prefeitura-leva-a-prisao-de-suspeitos-de-tentativa-de-homicidio-em-sao-paulo\/#breadcrumb","itemListElement":[{"@type":"ListItem","position":1,"name":"In\u00edcio","item":"https:\/\/www.tvuai.com.br\/portal\/"},{"@type":"ListItem","position":2,"name":"Pouso Alegre: monitoramento da Prefeitura leva \u00e0 pris\u00e3o de suspeitos de tentativa de homic\u00eddio em S\u00e3o Paulo"}]},{"@type":"WebSite","@id":"https:\/\/www.tvuai.com.br\/portal\/#website","url":"https:\/\/www.tvuai.com.br\/portal\/","name":"TVUAI","description":"Tudo sobre o Sul de Minas","publisher":{"@id":"https:\/\/www.tvuai.com.br\/portal\/#organization"},"potentialAction":[{"@type":"SearchAction","target":{"@type":"EntryPoint","urlTemplate":"https:\/\/www.tvuai.com.br\/portal\/?s={search_term_string}"},"query-input":{"@type":"PropertyValueSpecification","valueRequired":true,"valueName":"search_term_string"}}],"inLanguage":"pt-BR"},{"@type":"Organization","@id":"https:\/\/www.tvuai.com.br\/portal\/#organization","name":"TVUAI","url":"https:\/\/www.tvuai.com.br\/portal\/","logo":{"@type":"ImageObject","inLanguage":"pt-BR","@id":"https:\/\/www.tvuai.com.br\/portal\/#\/schema\/logo\/image\/","url":"https:\/\/i0.wp.com\/www.tvuai.com.br\/portal\/wp-content\/uploads\/2017\/12\/logo_tvuai_100H.png?fit=207%2C100&ssl=1","contentUrl":"https:\/\/i0.wp.com\/www.tvuai.com.br\/portal\/wp-content\/uploads\/2017\/12\/logo_tvuai_100H.png?fit=207%2C100&ssl=1","width":207,"height":100,"caption":"TVUAI"},"image":{"@id":"https:\/\/www.tvuai.com.br\/portal\/#\/schema\/logo\/image\/"},"sameAs":["http:\/\/www.facebook.com\/pages\/TV-Uai-Comunica\u00e7\u00e3o\/139062546157369","https:\/\/x.com\/tvuai","https:\/\/www.instagram.com\/tvuai_network\/","https:\/\/www.youtube.com\/channel\/UCB7ZPB3wRv-OpoZ_09jmnkQ"]},{"@type":"Person","@id":"https:\/\/www.tvuai.com.br\/portal\/#\/schema\/person\/245e50e9127451fd0b7fd76f519ebbfe","name":"tvuai","url":"https:\/\/www.tvuai.com.br\/portal\/author\/tvuai\/"}]}},"jetpack_featured_media_url":"https:\/\/i0.wp.com\/www.tvuai.com.br\/portal\/wp-content\/uploads\/2025\/09\/camerapa0-1.jpg?fit=200%2C200&ssl=1","wpmagazine_modules_lite_featured_media_urls":{"thumbnail":["https:\/\/i0.wp.com\/www.tvuai.com.br\/portal\/wp-content\/uploads\/2025\/09\/camerapa0-1.jpg?resize=150%2C150&ssl=1",150,150,true],"cvmm-medium":["https:\/\/i0.wp.com\/www.tvuai.com.br\/portal\/wp-content\/uploads\/2025\/09\/camerapa0-1.jpg?resize=200%2C200&ssl=1",200,200,true],"cvmm-medium-plus":["https:\/\/i0.wp.com\/www.tvuai.com.br\/portal\/wp-content\/uploads\/2025\/09\/camerapa0-1.jpg?resize=200%2C200&ssl=1",200,200,true],"cvmm-portrait":["https:\/\/i0.wp.com\/www.tvuai.com.br\/portal\/wp-content\/uploads\/2025\/09\/camerapa0-1.jpg?resize=200%2C200&ssl=1",200,200,true],"cvmm-medium-square":["https:\/\/i0.wp.com\/www.tvuai.com.br\/portal\/wp-content\/uploads\/2025\/09\/camerapa0-1.jpg?resize=200%2C200&ssl=1",200,200,true],"cvmm-large":["https:\/\/i0.wp.com\/www.tvuai.com.br\/portal\/wp-content\/uploads\/2025\/09\/camerapa0-1.jpg?resize=200%2C200&ssl=1",200,200,true],"cvmm-small":["https:\/\/i0.wp.com\/www.tvuai.com.br\/portal\/wp-content\/uploads\/2025\/09\/camerapa0-1.jpg?resize=130%2C95&ssl=1",130,95,true],"full":["https:\/\/i0.wp.com\/www.tvuai.com.br\/portal\/wp-content\/uploads\/2025\/09\/camerapa0-1.jpg?fit=200%2C200&ssl=1",200,200,false]},"categories_names":{"19":{"name":"Not\u00edcias","link":"https:\/\/www.tvuai.com.br\/portal\/category\/noticias\/"},"5786":{"name":"Pol\u00edcia","link":"https:\/\/www.tvuai.com.br\/portal\/category\/policia\/"},"5":{"name":"\u00daltimas Not\u00edcias","link":"https:\/\/www.tvuai.com.br\/portal\/category\/noticias\/ultimas\/"}},"tags_names":{"6609":{"name":"coopera\u00e7\u00e3o t\u00e9cnica","link":"https:\/\/www.tvuai.com.br\/portal\/tag\/cooperacao-tecnica\/"},"6610":{"name":"defesa social","link":"https:\/\/www.tvuai.com.br\/portal\/tag\/defesa-social\/"},"1805":{"name":"Luana Mendes","link":"https:\/\/www.tvuai.com.br\/portal\/tag\/luana-mendes\/"},"184":{"name":"Minas Gerais","link":"https:\/\/www.tvuai.com.br\/portal\/tag\/minas-gerais\/"},"3269":{"name":"Pol\u00edcia Militar","link":"https:\/\/www.tvuai.com.br\/portal\/tag\/policia-militar\/"},"37":{"name":"Pouso Alegre","link":"https:\/\/www.tvuai.com.br\/portal\/tag\/pouso-alegre\/"},"769":{"name":"Prefeitura de Pouso Alegre","link":"https:\/\/www.tvuai.com.br\/portal\/tag\/prefeitura-de-pouso-alegre\/"},"6608":{"name":"pris\u00f5es","link":"https:\/\/www.tvuai.com.br\/portal\/tag\/prisoes\/"},"4328":{"name":"Seguran\u00e7a P\u00fablica","link":"https:\/\/www.tvuai.com.br\/portal\/tag\/seguranca-publica\/"},"6606":{"name":"sistema de monitoramento","link":"https:\/\/www.tvuai.com.br\/portal\/tag\/sistema-de-monitoramento\/"},"39":{"name":"Sul de Minas","link":"https:\/\/www.tvuai.com.br\/portal\/tag\/sul-de-minas\/"},"980":{"name":"Taubat\u00e9","link":"https:\/\/www.tvuai.com.br\/portal\/tag\/taubate\/"},"6607":{"name":"tentativa de homic\u00eddio","link":"https:\/\/www.tvuai.com.br\/portal\/tag\/tentativa-de-homicidio\/"},"27":{"name":"TV Uai","link":"https:\/\/www.tvuai.com.br\/portal\/tag\/tv-uai\/"},"1618":{"name":"TV UAI Pouso Alegre","link":"https:\/\/www.tvuai.com.br\/portal\/tag\/tv-uai-pouso-alegre\/"},"4796":{"name":"TVUAI25","link":"https:\/\/www.tvuai.com.br\/portal\/tag\/tvuai25\/"}},"comments_number":"0","jetpack_shortlink":"https:\/\/wp.me\/p9woix-3rw","jetpack_sharing_enabled":true,"_links":{"self":[{"href":"https:\/\/www.tvuai.com.br\/portal\/wp-json\/wp\/v2\/posts\/13238"}],"collection":[{"href":"https:\/\/www.tvuai.com.br\/portal\/wp-json\/wp\/v2\/posts"}],"about":[{"href":"https:\/\/www.tvuai.com.br\/portal\/wp-json\/wp\/v2\/types\/post"}],"author":[{"embeddable":true,"href":"https:\/\/www.tvuai.com.br\/portal\/wp-json\/wp\/v2\/users\/1"}],"replies":[{"embeddable":true,"href":"https:\/\/www.tvuai.com.br\/portal\/wp-json\/wp\/v2\/comments?post=13238"}],"version-history":[{"count":3,"href":"https:\/\/www.tvuai.com.br\/portal\/wp-json\/wp\/v2\/posts\/13238\/revisions"}],"predecessor-version":[{"id":13245,"href":"https:\/\/www.tvuai.com.br\/portal\/wp-json\/wp\/v2\/posts\/13238\/revisions\/13245"}],"wp:featuredmedia":[{"embeddable":true,"href":"https:\/\/www.tvuai.com.br\/portal\/wp-json\/wp\/v2\/media\/13244"}],"wp:attachment":[{"href":"https:\/\/www.tvuai.com.br\/portal\/wp-json\/wp\/v2\/media?parent=13238"}],"wp:term":[{"taxonomy":"category","embeddable":true,"href":"https:\/\/www.tvuai.com.br\/portal\/wp-json\/wp\/v2\/categories?post=13238"},{"taxonomy":"post_tag","embeddable":true,"href":"https:\/\/www.tvuai.com.br\/portal\/wp-json\/wp\/v2\/tags?post=13238"}],"curies":[{"name":"wp","href":"https:\/\/api.w.org\/{rel}","templated":true}]}}