{"id":12988,"date":"2025-08-25T19:41:56","date_gmt":"2025-08-25T22:41:56","guid":{"rendered":"https:\/\/www.tvuai.com.br\/portal\/?p=12988"},"modified":"2025-08-26T18:40:21","modified_gmt":"2025-08-26T21:40:21","slug":"justica-garante-dupla-maternidade-a-crianca-no-sul-de-minas","status":"publish","type":"post","link":"https:\/\/www.tvuai.com.br\/portal\/justica-garante-dupla-maternidade-a-crianca-no-sul-de-minas\/","title":{"rendered":"Justi\u00e7a garante dupla maternidade a crian\u00e7a no Sul de Minas"},"content":{"rendered":"<div class=\"5a1038e0903b96d426fcfcc338703013\" data-index=\"1\" style=\"float: right; margin:10px 0 10px 10px;\">\n<script async src=\"https:\/\/pagead2.googlesyndication.com\/pagead\/js\/adsbygoogle.js?client=ca-pub-9945944833605257\"\r\n     crossorigin=\"anonymous\"><\/script>\r\n<ins class=\"adsbygoogle\"\r\n     style=\"display:block; text-align:center;\"\r\n     data-ad-layout=\"in-article\"\r\n     data-ad-format=\"fluid\"\r\n     data-ad-client=\"ca-pub-9945944833605257\"\r\n     data-ad-slot=\"2343923581\"><\/ins>\r\n<script>\r\n     (adsbygoogle = window.adsbygoogle || []).push({});\r\n<\/script>\n<\/div>\n<h5 style=\"text-align: center;\" data-start=\"297\" data-end=\"421\"><em><strong><img data-recalc-dims=\"1\" fetchpriority=\"high\" decoding=\"async\" data-attachment-id=\"12990\" data-permalink=\"https:\/\/www.tvuai.com.br\/portal\/justica-garante-dupla-maternidade-a-crianca-no-sul-de-minas\/dupla-maternidade\/\" data-orig-file=\"https:\/\/i0.wp.com\/www.tvuai.com.br\/portal\/wp-content\/uploads\/2025\/08\/dupla-maternidade.jpg?fit=1000%2C667&amp;ssl=1\" data-orig-size=\"1000,667\" data-comments-opened=\"0\" data-image-meta=\"{&quot;aperture&quot;:&quot;0&quot;,&quot;credit&quot;:&quot;&quot;,&quot;camera&quot;:&quot;&quot;,&quot;caption&quot;:&quot;&quot;,&quot;created_timestamp&quot;:&quot;0&quot;,&quot;copyright&quot;:&quot;&quot;,&quot;focal_length&quot;:&quot;0&quot;,&quot;iso&quot;:&quot;0&quot;,&quot;shutter_speed&quot;:&quot;0&quot;,&quot;title&quot;:&quot;&quot;,&quot;orientation&quot;:&quot;0&quot;}\" data-image-title=\"dupla maternidade\" data-image-description=\"\" data-image-caption=\"\" data-medium-file=\"https:\/\/i0.wp.com\/www.tvuai.com.br\/portal\/wp-content\/uploads\/2025\/08\/dupla-maternidade.jpg?fit=300%2C200&amp;ssl=1\" data-large-file=\"https:\/\/i0.wp.com\/www.tvuai.com.br\/portal\/wp-content\/uploads\/2025\/08\/dupla-maternidade.jpg?fit=640%2C427&amp;ssl=1\" tabindex=\"0\" role=\"button\" class=\"aligncenter size-full wp-image-12990\" src=\"https:\/\/i0.wp.com\/www.tvuai.com.br\/portal\/wp-content\/uploads\/2025\/08\/dupla-maternidade.jpg?resize=640%2C427&#038;ssl=1\" alt=\"\" width=\"640\" height=\"427\" srcset=\"https:\/\/i0.wp.com\/www.tvuai.com.br\/portal\/wp-content\/uploads\/2025\/08\/dupla-maternidade.jpg?w=1000&amp;ssl=1 1000w, https:\/\/i0.wp.com\/www.tvuai.com.br\/portal\/wp-content\/uploads\/2025\/08\/dupla-maternidade.jpg?resize=300%2C200&amp;ssl=1 300w, https:\/\/i0.wp.com\/www.tvuai.com.br\/portal\/wp-content\/uploads\/2025\/08\/dupla-maternidade.jpg?resize=768%2C512&amp;ssl=1 768w\" sizes=\"(max-width: 640px) 100vw, 640px\" \/>Decis\u00e3o atende casal homoafetivo que recorreu ao Judici\u00e1rio ap\u00f3s cart\u00f3rio negar registro de ambas como m\u00e3es<\/strong><\/em><\/h5>\n<p data-start=\"448\" data-end=\"700\">Em senten\u00e7a proferida na \u00faltima quinta-feira (21\/8), a Justi\u00e7a do Sul de Minas Gerais reconheceu a dupla maternidade de uma crian\u00e7a concebida por meio de insemina\u00e7\u00e3o caseira, planejada por um casal homoafetivo. O processo corre em segredo de Justi\u00e7a.<\/p>\n<p data-start=\"702\" data-end=\"1040\">Maria e Aline (nomes fict\u00edcios), companheiras desde 2013, buscaram apoio judicial ap\u00f3s serem informadas pelo Cart\u00f3rio de Registro Civil que o beb\u00ea n\u00e3o poderia ser registrado em nome de ambas. O cart\u00f3rio alegou que o Provimento n\u00ba 63\/2017 do Conselho Nacional de Justi\u00e7a (CNJ), que trata da reprodu\u00e7\u00e3o assistida, n\u00e3o amparava a situa\u00e7\u00e3o.<\/p>\n<p data-start=\"1042\" data-end=\"1256\">A decis\u00e3o garante que a crian\u00e7a tenha seus direitos fundamentais reconhecidos desde o nascimento, com base no <span style=\"color: #000080;\"><strong><a style=\"color: #000080;\" href=\"https:\/\/portal.mec.gov.br\/dmdocuments\/escolaqueprotege_art227.pdf\">artigo 227 da Constitui\u00e7\u00e3o Federal<\/a> <\/strong><\/span>e no Estatuto da Crian\u00e7a e do Adolescente (<span style=\"color: #000080;\"><strong><a style=\"color: #000080;\" href=\"https:\/\/www.planalto.gov.br\/ccivil_03\/leis\/l8069.htm\">ECA, Lei n\u00ba 8.069\/1990<\/a><\/strong><\/span>).<\/p>\n<p data-start=\"1258\" data-end=\"1593\">O juiz respons\u00e1vel ressaltou que \u201cos v\u00ednculos parentais n\u00e3o podem se limitar \u00e0 verdade biol\u00f3gica, especialmente em casais homoafetivos\u201d e destacou que, por quest\u00f5es financeiras, muitas fam\u00edlias recorrem a m\u00e9todos mais acess\u00edveis, como a insemina\u00e7\u00e3o caseira, que consiste na inser\u00e7\u00e3o do s\u00eamen na genitora com o aux\u00edlio de uma seringa.<\/p>\n<p data-start=\"1595\" data-end=\"1942\">Embora o <span style=\"color: #000080;\"><strong><a style=\"color: #000080;\" href=\"https:\/\/atos.cnj.jus.br\/atos\/detalhar\/2525\">Provimento 63<\/a> <\/strong><\/span>exija documenta\u00e7\u00e3o de cl\u00ednicas especializadas para reconhecimento da filia\u00e7\u00e3o, o magistrado considerou que a exig\u00eancia \u201crestrige o acesso a direitos b\u00e1sicos, como identidade civil, plano de sa\u00fade, licen\u00e7a-maternidade e aux\u00edlio-maternidade\u201d, desconsiderando a diversidade de arranjos familiares e contextos socioecon\u00f4micos.<\/p>\n<p data-start=\"1944\" data-end=\"2190\">O juiz tamb\u00e9m enfatizou que o planejamento familiar \u00e9 um direito constitucional <span style=\"color: #000080;\"><strong><a style=\"color: #000080;\" href=\"https:\/\/www.camara.leg.br\/proposicoesWeb\/prop_mostrarintegra?codteor=199506&amp;filename=LegislacaoCitada%20PL%203005\/2004\">(artigo 226 CF)<\/a><\/strong><\/span> e que negar a dupla maternidade com base no m\u00e9todo de concep\u00e7\u00e3o configuraria discrimina\u00e7\u00e3o contra fam\u00edlias LGBTQIAP+, violando o princ\u00edpio da isonomia.<\/p>\n<p data-start=\"2192\" data-end=\"2445\">Decis\u00f5es anteriores do Tribunal de Justi\u00e7a de Minas Gerais (TJMG) e do Supremo Tribunal Federal (STF), como a <span style=\"color: #000080;\"><strong><a style=\"color: #000080;\" href=\"https:\/\/portal.stf.jus.br\/peticaoInicial\/verPeticaoInicial.asp?base=ADI&amp;numProcesso=4277\">ADI 4.277<\/a><\/strong><\/span> e a <span style=\"color: #000080;\"><strong><a style=\"color: #000080;\" href=\"https:\/\/portal.stf.jus.br\/peticaoInicial\/verPeticaoInicial.asp?base=ADPF&amp;numProcesso=132\">ADPF 132<\/a><\/strong><\/span>, embasam o entendimento de que uni\u00f5es homoafetivas devem ter os mesmos direitos e prote\u00e7\u00f5es que uni\u00f5es heteroafetivas.<\/p>\n<p data-start=\"2447\" data-end=\"2664\">Al\u00e9m de reconhecer a dupla maternidade, a senten\u00e7a determina que a Declara\u00e7\u00e3o de Nascido Vivo (DNV) inclua os nomes das duas m\u00e3es e tamb\u00e9m dos av\u00f3s maternos, servindo como alvar\u00e1 para o registro oficial no cart\u00f3rio.<\/p>\n\n<div style=\"font-size: 0px; height: 0px; line-height: 0px; margin: 0; padding: 0; clear: both;\"><\/div><div class='share-to-whatsapp-wrapper'><div class='share-on-whsp'>Share on: <\/div><a data-text='Justi\u00e7a garante dupla maternidade a crian\u00e7a no Sul de Minas' data-link='https:\/\/www.tvuai.com.br\/portal\/justica-garante-dupla-maternidade-a-crianca-no-sul-de-minas\/' class='whatsapp-button whatsapp-share'>WhatsApp<\/a><div class='clear '><\/div><\/div><!-- AddThis Advanced Settings generic via filter on the_content --><!-- AddThis Share Buttons generic via filter on the_content -->","protected":false},"excerpt":{"rendered":"<p>Decis\u00e3o atende casal homoafetivo que recorreu ao Judici\u00e1rio ap\u00f3s cart\u00f3rio negar registro de ambas como m\u00e3es Em senten\u00e7a proferida na \u00faltima quinta-feira (21\/8), a Justi\u00e7a do Sul de Minas Gerais reconheceu a dupla maternidade de uma crian\u00e7a concebida por meio de insemina\u00e7\u00e3o caseira, planejada por um casal homoafetivo. O processo corre em segredo de Justi\u00e7a. [&hellip;]<!-- AddThis Advanced Settings generic via filter on get_the_excerpt --><!-- AddThis Share Buttons generic via filter on get_the_excerpt --><\/p>\n","protected":false},"author":1,"featured_media":12991,"comment_status":"closed","ping_status":"closed","sticky":false,"template":"","format":"standard","meta":{"jetpack_post_was_ever_published":false,"_jetpack_newsletter_access":"","_jetpack_dont_email_post_to_subs":false,"_jetpack_newsletter_tier_id":0,"_jetpack_memberships_contains_paywalled_content":false,"_jetpack_memberships_contains_paid_content":false,"_joinchat":[],"footnotes":"","jetpack_publicize_message":"","jetpack_publicize_feature_enabled":true,"jetpack_social_post_already_shared":false,"jetpack_social_options":{"image_generator_settings":{"template":"highway","enabled":false},"version":2}},"categories":[1843,19,5],"tags":[6383,6387,6384,6390,6381,6388,6382,6385,184,6389,37,6386,1673,39,906,27,1618,4796],"class_list":["post-12988","post","type-post","status-publish","format-standard","has-post-thumbnail","hentry","category-direito","category-noticias","category-ultimas","tag-casal-homoafetivo","tag-cnj","tag-direitos-lgbtqiap","tag-diversidade-familiar","tag-dupla-maternidade","tag-eca","tag-inseminacao-caseira","tag-justica-minas-gerais","tag-minas-gerais","tag-planejamento-familiar","tag-pouso-alegre","tag-registro-civil","tag-stf","tag-sul-de-minas","tag-tjmg","tag-tv-uai","tag-tv-uai-pouso-alegre","tag-tvuai25"],"jetpack_publicize_connections":[],"yoast_head":"<!-- This site is optimized with the Yoast SEO plugin v23.5 - https:\/\/yoast.com\/wordpress\/plugins\/seo\/ -->\n<title>Justi\u00e7a garante dupla maternidade a crian\u00e7a no Sul de Minas - TVUAI<\/title>\n<meta name=\"robots\" content=\"index, follow, max-snippet:-1, max-image-preview:large, max-video-preview:-1\" \/>\n<link rel=\"canonical\" href=\"https:\/\/www.tvuai.com.br\/portal\/justica-garante-dupla-maternidade-a-crianca-no-sul-de-minas\/\" \/>\n<meta property=\"og:locale\" content=\"pt_BR\" \/>\n<meta property=\"og:type\" content=\"article\" \/>\n<meta property=\"og:title\" content=\"Justi\u00e7a garante dupla maternidade a crian\u00e7a no Sul de Minas - TVUAI\" \/>\n<meta property=\"og:description\" content=\"Decis\u00e3o atende casal homoafetivo que recorreu ao Judici\u00e1rio ap\u00f3s cart\u00f3rio negar registro de ambas como m\u00e3es Em senten\u00e7a proferida na \u00faltima quinta-feira (21\/8), a Justi\u00e7a do Sul de Minas Gerais reconheceu a dupla maternidade de uma crian\u00e7a concebida por meio de insemina\u00e7\u00e3o caseira, planejada por um casal homoafetivo. O processo corre em segredo de Justi\u00e7a. [&hellip;]\" \/>\n<meta property=\"og:url\" content=\"https:\/\/www.tvuai.com.br\/portal\/justica-garante-dupla-maternidade-a-crianca-no-sul-de-minas\/\" \/>\n<meta property=\"og:site_name\" content=\"TVUAI\" \/>\n<meta property=\"article:publisher\" content=\"http:\/\/www.facebook.com\/pages\/TV-Uai-Comunica%c3%a7%c3%a3o\/139062546157369\" \/>\n<meta property=\"article:published_time\" content=\"2025-08-25T22:41:56+00:00\" \/>\n<meta property=\"article:modified_time\" content=\"2025-08-26T21:40:21+00:00\" \/>\n<meta property=\"og:image\" content=\"https:\/\/www.tvuai.com.br\/portal\/wp-content\/uploads\/2025\/08\/dupla-maternidade0.jpg\" \/>\n\t<meta property=\"og:image:width\" content=\"200\" \/>\n\t<meta property=\"og:image:height\" content=\"200\" \/>\n\t<meta property=\"og:image:type\" content=\"image\/jpeg\" \/>\n<meta name=\"author\" content=\"tvuai\" \/>\n<meta name=\"twitter:card\" content=\"summary_large_image\" \/>\n<meta name=\"twitter:creator\" content=\"@tvuai\" \/>\n<meta name=\"twitter:site\" content=\"@tvuai\" \/>\n<meta name=\"twitter:label1\" content=\"Escrito por\" \/>\n\t<meta name=\"twitter:data1\" content=\"tvuai\" \/>\n\t<meta name=\"twitter:label2\" content=\"Est. tempo de leitura\" \/>\n\t<meta name=\"twitter:data2\" content=\"3 minutos\" \/>\n<script type=\"application\/ld+json\" class=\"yoast-schema-graph\">{\"@context\":\"https:\/\/schema.org\",\"@graph\":[{\"@type\":\"Article\",\"@id\":\"https:\/\/www.tvuai.com.br\/portal\/justica-garante-dupla-maternidade-a-crianca-no-sul-de-minas\/#article\",\"isPartOf\":{\"@id\":\"https:\/\/www.tvuai.com.br\/portal\/justica-garante-dupla-maternidade-a-crianca-no-sul-de-minas\/\"},\"author\":{\"name\":\"tvuai\",\"@id\":\"https:\/\/www.tvuai.com.br\/portal\/#\/schema\/person\/245e50e9127451fd0b7fd76f519ebbfe\"},\"headline\":\"Justi\u00e7a garante dupla maternidade a crian\u00e7a no Sul de Minas\",\"datePublished\":\"2025-08-25T22:41:56+00:00\",\"dateModified\":\"2025-08-26T21:40:21+00:00\",\"mainEntityOfPage\":{\"@id\":\"https:\/\/www.tvuai.com.br\/portal\/justica-garante-dupla-maternidade-a-crianca-no-sul-de-minas\/\"},\"wordCount\":412,\"publisher\":{\"@id\":\"https:\/\/www.tvuai.com.br\/portal\/#organization\"},\"image\":{\"@id\":\"https:\/\/www.tvuai.com.br\/portal\/justica-garante-dupla-maternidade-a-crianca-no-sul-de-minas\/#primaryimage\"},\"thumbnailUrl\":\"https:\/\/i0.wp.com\/www.tvuai.com.br\/portal\/wp-content\/uploads\/2025\/08\/dupla-maternidade0.jpg?fit=200%2C200&ssl=1\",\"keywords\":[\"casal homoafetivo\",\"CNJ\",\"direitos LGBTQIAP+\",\"diversidade familiar\",\"dupla maternidade\",\"ECA\",\"insemina\u00e7\u00e3o caseira\",\"justi\u00e7a Minas Gerais\",\"Minas Gerais\",\"planejamento familiar\",\"Pouso Alegre\",\"registro civil\",\"STF\",\"Sul de Minas\",\"TJMG\",\"TV Uai\",\"TV UAI Pouso Alegre\",\"TVUAI25\"],\"articleSection\":[\"Direito\",\"Not\u00edcias\",\"\u00daltimas Not\u00edcias\"],\"inLanguage\":\"pt-BR\"},{\"@type\":\"WebPage\",\"@id\":\"https:\/\/www.tvuai.com.br\/portal\/justica-garante-dupla-maternidade-a-crianca-no-sul-de-minas\/\",\"url\":\"https:\/\/www.tvuai.com.br\/portal\/justica-garante-dupla-maternidade-a-crianca-no-sul-de-minas\/\",\"name\":\"Justi\u00e7a garante dupla maternidade a crian\u00e7a no Sul de Minas - TVUAI\",\"isPartOf\":{\"@id\":\"https:\/\/www.tvuai.com.br\/portal\/#website\"},\"primaryImageOfPage\":{\"@id\":\"https:\/\/www.tvuai.com.br\/portal\/justica-garante-dupla-maternidade-a-crianca-no-sul-de-minas\/#primaryimage\"},\"image\":{\"@id\":\"https:\/\/www.tvuai.com.br\/portal\/justica-garante-dupla-maternidade-a-crianca-no-sul-de-minas\/#primaryimage\"},\"thumbnailUrl\":\"https:\/\/i0.wp.com\/www.tvuai.com.br\/portal\/wp-content\/uploads\/2025\/08\/dupla-maternidade0.jpg?fit=200%2C200&ssl=1\",\"datePublished\":\"2025-08-25T22:41:56+00:00\",\"dateModified\":\"2025-08-26T21:40:21+00:00\",\"breadcrumb\":{\"@id\":\"https:\/\/www.tvuai.com.br\/portal\/justica-garante-dupla-maternidade-a-crianca-no-sul-de-minas\/#breadcrumb\"},\"inLanguage\":\"pt-BR\",\"potentialAction\":[{\"@type\":\"ReadAction\",\"target\":[\"https:\/\/www.tvuai.com.br\/portal\/justica-garante-dupla-maternidade-a-crianca-no-sul-de-minas\/\"]}]},{\"@type\":\"ImageObject\",\"inLanguage\":\"pt-BR\",\"@id\":\"https:\/\/www.tvuai.com.br\/portal\/justica-garante-dupla-maternidade-a-crianca-no-sul-de-minas\/#primaryimage\",\"url\":\"https:\/\/i0.wp.com\/www.tvuai.com.br\/portal\/wp-content\/uploads\/2025\/08\/dupla-maternidade0.jpg?fit=200%2C200&ssl=1\",\"contentUrl\":\"https:\/\/i0.wp.com\/www.tvuai.com.br\/portal\/wp-content\/uploads\/2025\/08\/dupla-maternidade0.jpg?fit=200%2C200&ssl=1\",\"width\":200,\"height\":200},{\"@type\":\"BreadcrumbList\",\"@id\":\"https:\/\/www.tvuai.com.br\/portal\/justica-garante-dupla-maternidade-a-crianca-no-sul-de-minas\/#breadcrumb\",\"itemListElement\":[{\"@type\":\"ListItem\",\"position\":1,\"name\":\"In\u00edcio\",\"item\":\"https:\/\/www.tvuai.com.br\/portal\/\"},{\"@type\":\"ListItem\",\"position\":2,\"name\":\"Justi\u00e7a garante dupla maternidade a crian\u00e7a no Sul de Minas\"}]},{\"@type\":\"WebSite\",\"@id\":\"https:\/\/www.tvuai.com.br\/portal\/#website\",\"url\":\"https:\/\/www.tvuai.com.br\/portal\/\",\"name\":\"TVUAI\",\"description\":\"Tudo sobre o Sul de Minas\",\"publisher\":{\"@id\":\"https:\/\/www.tvuai.com.br\/portal\/#organization\"},\"potentialAction\":[{\"@type\":\"SearchAction\",\"target\":{\"@type\":\"EntryPoint\",\"urlTemplate\":\"https:\/\/www.tvuai.com.br\/portal\/?s={search_term_string}\"},\"query-input\":{\"@type\":\"PropertyValueSpecification\",\"valueRequired\":true,\"valueName\":\"search_term_string\"}}],\"inLanguage\":\"pt-BR\"},{\"@type\":\"Organization\",\"@id\":\"https:\/\/www.tvuai.com.br\/portal\/#organization\",\"name\":\"TVUAI\",\"url\":\"https:\/\/www.tvuai.com.br\/portal\/\",\"logo\":{\"@type\":\"ImageObject\",\"inLanguage\":\"pt-BR\",\"@id\":\"https:\/\/www.tvuai.com.br\/portal\/#\/schema\/logo\/image\/\",\"url\":\"https:\/\/i0.wp.com\/www.tvuai.com.br\/portal\/wp-content\/uploads\/2017\/12\/logo_tvuai_100H.png?fit=207%2C100&ssl=1\",\"contentUrl\":\"https:\/\/i0.wp.com\/www.tvuai.com.br\/portal\/wp-content\/uploads\/2017\/12\/logo_tvuai_100H.png?fit=207%2C100&ssl=1\",\"width\":207,\"height\":100,\"caption\":\"TVUAI\"},\"image\":{\"@id\":\"https:\/\/www.tvuai.com.br\/portal\/#\/schema\/logo\/image\/\"},\"sameAs\":[\"http:\/\/www.facebook.com\/pages\/TV-Uai-Comunica\u00e7\u00e3o\/139062546157369\",\"https:\/\/x.com\/tvuai\",\"https:\/\/www.instagram.com\/tvuai_network\/\",\"https:\/\/www.youtube.com\/channel\/UCB7ZPB3wRv-OpoZ_09jmnkQ\"]},{\"@type\":\"Person\",\"@id\":\"https:\/\/www.tvuai.com.br\/portal\/#\/schema\/person\/245e50e9127451fd0b7fd76f519ebbfe\",\"name\":\"tvuai\",\"url\":\"https:\/\/www.tvuai.com.br\/portal\/author\/tvuai\/\"}]}<\/script>\n<!-- \/ Yoast SEO plugin. -->","yoast_head_json":{"title":"Justi\u00e7a garante dupla maternidade a crian\u00e7a no Sul de Minas - TVUAI","robots":{"index":"index","follow":"follow","max-snippet":"max-snippet:-1","max-image-preview":"max-image-preview:large","max-video-preview":"max-video-preview:-1"},"canonical":"https:\/\/www.tvuai.com.br\/portal\/justica-garante-dupla-maternidade-a-crianca-no-sul-de-minas\/","og_locale":"pt_BR","og_type":"article","og_title":"Justi\u00e7a garante dupla maternidade a crian\u00e7a no Sul de Minas - TVUAI","og_description":"Decis\u00e3o atende casal homoafetivo que recorreu ao Judici\u00e1rio ap\u00f3s cart\u00f3rio negar registro de ambas como m\u00e3es Em senten\u00e7a proferida na \u00faltima quinta-feira (21\/8), a Justi\u00e7a do Sul de Minas Gerais reconheceu a dupla maternidade de uma crian\u00e7a concebida por meio de insemina\u00e7\u00e3o caseira, planejada por um casal homoafetivo. O processo corre em segredo de Justi\u00e7a. [&hellip;]","og_url":"https:\/\/www.tvuai.com.br\/portal\/justica-garante-dupla-maternidade-a-crianca-no-sul-de-minas\/","og_site_name":"TVUAI","article_publisher":"http:\/\/www.facebook.com\/pages\/TV-Uai-Comunica%c3%a7%c3%a3o\/139062546157369","article_published_time":"2025-08-25T22:41:56+00:00","article_modified_time":"2025-08-26T21:40:21+00:00","og_image":[{"width":200,"height":200,"url":"https:\/\/www.tvuai.com.br\/portal\/wp-content\/uploads\/2025\/08\/dupla-maternidade0.jpg","type":"image\/jpeg"}],"author":"tvuai","twitter_card":"summary_large_image","twitter_creator":"@tvuai","twitter_site":"@tvuai","twitter_misc":{"Escrito por":"tvuai","Est. tempo de leitura":"3 minutos"},"schema":{"@context":"https:\/\/schema.org","@graph":[{"@type":"Article","@id":"https:\/\/www.tvuai.com.br\/portal\/justica-garante-dupla-maternidade-a-crianca-no-sul-de-minas\/#article","isPartOf":{"@id":"https:\/\/www.tvuai.com.br\/portal\/justica-garante-dupla-maternidade-a-crianca-no-sul-de-minas\/"},"author":{"name":"tvuai","@id":"https:\/\/www.tvuai.com.br\/portal\/#\/schema\/person\/245e50e9127451fd0b7fd76f519ebbfe"},"headline":"Justi\u00e7a garante dupla maternidade a crian\u00e7a no Sul de Minas","datePublished":"2025-08-25T22:41:56+00:00","dateModified":"2025-08-26T21:40:21+00:00","mainEntityOfPage":{"@id":"https:\/\/www.tvuai.com.br\/portal\/justica-garante-dupla-maternidade-a-crianca-no-sul-de-minas\/"},"wordCount":412,"publisher":{"@id":"https:\/\/www.tvuai.com.br\/portal\/#organization"},"image":{"@id":"https:\/\/www.tvuai.com.br\/portal\/justica-garante-dupla-maternidade-a-crianca-no-sul-de-minas\/#primaryimage"},"thumbnailUrl":"https:\/\/i0.wp.com\/www.tvuai.com.br\/portal\/wp-content\/uploads\/2025\/08\/dupla-maternidade0.jpg?fit=200%2C200&ssl=1","keywords":["casal homoafetivo","CNJ","direitos LGBTQIAP+","diversidade familiar","dupla maternidade","ECA","insemina\u00e7\u00e3o caseira","justi\u00e7a Minas Gerais","Minas Gerais","planejamento familiar","Pouso Alegre","registro civil","STF","Sul de Minas","TJMG","TV Uai","TV UAI Pouso Alegre","TVUAI25"],"articleSection":["Direito","Not\u00edcias","\u00daltimas Not\u00edcias"],"inLanguage":"pt-BR"},{"@type":"WebPage","@id":"https:\/\/www.tvuai.com.br\/portal\/justica-garante-dupla-maternidade-a-crianca-no-sul-de-minas\/","url":"https:\/\/www.tvuai.com.br\/portal\/justica-garante-dupla-maternidade-a-crianca-no-sul-de-minas\/","name":"Justi\u00e7a garante dupla maternidade a crian\u00e7a no Sul de Minas - TVUAI","isPartOf":{"@id":"https:\/\/www.tvuai.com.br\/portal\/#website"},"primaryImageOfPage":{"@id":"https:\/\/www.tvuai.com.br\/portal\/justica-garante-dupla-maternidade-a-crianca-no-sul-de-minas\/#primaryimage"},"image":{"@id":"https:\/\/www.tvuai.com.br\/portal\/justica-garante-dupla-maternidade-a-crianca-no-sul-de-minas\/#primaryimage"},"thumbnailUrl":"https:\/\/i0.wp.com\/www.tvuai.com.br\/portal\/wp-content\/uploads\/2025\/08\/dupla-maternidade0.jpg?fit=200%2C200&ssl=1","datePublished":"2025-08-25T22:41:56+00:00","dateModified":"2025-08-26T21:40:21+00:00","breadcrumb":{"@id":"https:\/\/www.tvuai.com.br\/portal\/justica-garante-dupla-maternidade-a-crianca-no-sul-de-minas\/#breadcrumb"},"inLanguage":"pt-BR","potentialAction":[{"@type":"ReadAction","target":["https:\/\/www.tvuai.com.br\/portal\/justica-garante-dupla-maternidade-a-crianca-no-sul-de-minas\/"]}]},{"@type":"ImageObject","inLanguage":"pt-BR","@id":"https:\/\/www.tvuai.com.br\/portal\/justica-garante-dupla-maternidade-a-crianca-no-sul-de-minas\/#primaryimage","url":"https:\/\/i0.wp.com\/www.tvuai.com.br\/portal\/wp-content\/uploads\/2025\/08\/dupla-maternidade0.jpg?fit=200%2C200&ssl=1","contentUrl":"https:\/\/i0.wp.com\/www.tvuai.com.br\/portal\/wp-content\/uploads\/2025\/08\/dupla-maternidade0.jpg?fit=200%2C200&ssl=1","width":200,"height":200},{"@type":"BreadcrumbList","@id":"https:\/\/www.tvuai.com.br\/portal\/justica-garante-dupla-maternidade-a-crianca-no-sul-de-minas\/#breadcrumb","itemListElement":[{"@type":"ListItem","position":1,"name":"In\u00edcio","item":"https:\/\/www.tvuai.com.br\/portal\/"},{"@type":"ListItem","position":2,"name":"Justi\u00e7a garante dupla maternidade a crian\u00e7a no Sul de Minas"}]},{"@type":"WebSite","@id":"https:\/\/www.tvuai.com.br\/portal\/#website","url":"https:\/\/www.tvuai.com.br\/portal\/","name":"TVUAI","description":"Tudo sobre o Sul de Minas","publisher":{"@id":"https:\/\/www.tvuai.com.br\/portal\/#organization"},"potentialAction":[{"@type":"SearchAction","target":{"@type":"EntryPoint","urlTemplate":"https:\/\/www.tvuai.com.br\/portal\/?s={search_term_string}"},"query-input":{"@type":"PropertyValueSpecification","valueRequired":true,"valueName":"search_term_string"}}],"inLanguage":"pt-BR"},{"@type":"Organization","@id":"https:\/\/www.tvuai.com.br\/portal\/#organization","name":"TVUAI","url":"https:\/\/www.tvuai.com.br\/portal\/","logo":{"@type":"ImageObject","inLanguage":"pt-BR","@id":"https:\/\/www.tvuai.com.br\/portal\/#\/schema\/logo\/image\/","url":"https:\/\/i0.wp.com\/www.tvuai.com.br\/portal\/wp-content\/uploads\/2017\/12\/logo_tvuai_100H.png?fit=207%2C100&ssl=1","contentUrl":"https:\/\/i0.wp.com\/www.tvuai.com.br\/portal\/wp-content\/uploads\/2017\/12\/logo_tvuai_100H.png?fit=207%2C100&ssl=1","width":207,"height":100,"caption":"TVUAI"},"image":{"@id":"https:\/\/www.tvuai.com.br\/portal\/#\/schema\/logo\/image\/"},"sameAs":["http:\/\/www.facebook.com\/pages\/TV-Uai-Comunica\u00e7\u00e3o\/139062546157369","https:\/\/x.com\/tvuai","https:\/\/www.instagram.com\/tvuai_network\/","https:\/\/www.youtube.com\/channel\/UCB7ZPB3wRv-OpoZ_09jmnkQ"]},{"@type":"Person","@id":"https:\/\/www.tvuai.com.br\/portal\/#\/schema\/person\/245e50e9127451fd0b7fd76f519ebbfe","name":"tvuai","url":"https:\/\/www.tvuai.com.br\/portal\/author\/tvuai\/"}]}},"jetpack_featured_media_url":"https:\/\/i0.wp.com\/www.tvuai.com.br\/portal\/wp-content\/uploads\/2025\/08\/dupla-maternidade0.jpg?fit=200%2C200&ssl=1","wpmagazine_modules_lite_featured_media_urls":{"thumbnail":["https:\/\/i0.wp.com\/www.tvuai.com.br\/portal\/wp-content\/uploads\/2025\/08\/dupla-maternidade0.jpg?resize=150%2C150&ssl=1",150,150,true],"cvmm-medium":["https:\/\/i0.wp.com\/www.tvuai.com.br\/portal\/wp-content\/uploads\/2025\/08\/dupla-maternidade0.jpg?resize=200%2C200&ssl=1",200,200,true],"cvmm-medium-plus":["https:\/\/i0.wp.com\/www.tvuai.com.br\/portal\/wp-content\/uploads\/2025\/08\/dupla-maternidade0.jpg?resize=200%2C200&ssl=1",200,200,true],"cvmm-portrait":["https:\/\/i0.wp.com\/www.tvuai.com.br\/portal\/wp-content\/uploads\/2025\/08\/dupla-maternidade0.jpg?resize=200%2C200&ssl=1",200,200,true],"cvmm-medium-square":["https:\/\/i0.wp.com\/www.tvuai.com.br\/portal\/wp-content\/uploads\/2025\/08\/dupla-maternidade0.jpg?resize=200%2C200&ssl=1",200,200,true],"cvmm-large":["https:\/\/i0.wp.com\/www.tvuai.com.br\/portal\/wp-content\/uploads\/2025\/08\/dupla-maternidade0.jpg?resize=200%2C200&ssl=1",200,200,true],"cvmm-small":["https:\/\/i0.wp.com\/www.tvuai.com.br\/portal\/wp-content\/uploads\/2025\/08\/dupla-maternidade0.jpg?resize=130%2C95&ssl=1",130,95,true],"full":["https:\/\/i0.wp.com\/www.tvuai.com.br\/portal\/wp-content\/uploads\/2025\/08\/dupla-maternidade0.jpg?fit=200%2C200&ssl=1",200,200,false]},"categories_names":{"1843":{"name":"Direito","link":"https:\/\/www.tvuai.com.br\/portal\/category\/direito\/"},"19":{"name":"Not\u00edcias","link":"https:\/\/www.tvuai.com.br\/portal\/category\/noticias\/"},"5":{"name":"\u00daltimas Not\u00edcias","link":"https:\/\/www.tvuai.com.br\/portal\/category\/noticias\/ultimas\/"}},"tags_names":{"6383":{"name":"casal homoafetivo","link":"https:\/\/www.tvuai.com.br\/portal\/tag\/casal-homoafetivo\/"},"6387":{"name":"CNJ","link":"https:\/\/www.tvuai.com.br\/portal\/tag\/cnj\/"},"6384":{"name":"direitos LGBTQIAP+","link":"https:\/\/www.tvuai.com.br\/portal\/tag\/direitos-lgbtqiap\/"},"6390":{"name":"diversidade familiar","link":"https:\/\/www.tvuai.com.br\/portal\/tag\/diversidade-familiar\/"},"6381":{"name":"dupla maternidade","link":"https:\/\/www.tvuai.com.br\/portal\/tag\/dupla-maternidade\/"},"6388":{"name":"ECA","link":"https:\/\/www.tvuai.com.br\/portal\/tag\/eca\/"},"6382":{"name":"insemina\u00e7\u00e3o caseira","link":"https:\/\/www.tvuai.com.br\/portal\/tag\/inseminacao-caseira\/"},"6385":{"name":"justi\u00e7a Minas Gerais","link":"https:\/\/www.tvuai.com.br\/portal\/tag\/justica-minas-gerais\/"},"184":{"name":"Minas Gerais","link":"https:\/\/www.tvuai.com.br\/portal\/tag\/minas-gerais\/"},"6389":{"name":"planejamento familiar","link":"https:\/\/www.tvuai.com.br\/portal\/tag\/planejamento-familiar\/"},"37":{"name":"Pouso Alegre","link":"https:\/\/www.tvuai.com.br\/portal\/tag\/pouso-alegre\/"},"6386":{"name":"registro civil","link":"https:\/\/www.tvuai.com.br\/portal\/tag\/registro-civil\/"},"1673":{"name":"STF","link":"https:\/\/www.tvuai.com.br\/portal\/tag\/stf\/"},"39":{"name":"Sul de Minas","link":"https:\/\/www.tvuai.com.br\/portal\/tag\/sul-de-minas\/"},"906":{"name":"TJMG","link":"https:\/\/www.tvuai.com.br\/portal\/tag\/tjmg\/"},"27":{"name":"TV Uai","link":"https:\/\/www.tvuai.com.br\/portal\/tag\/tv-uai\/"},"1618":{"name":"TV UAI Pouso Alegre","link":"https:\/\/www.tvuai.com.br\/portal\/tag\/tv-uai-pouso-alegre\/"},"4796":{"name":"TVUAI25","link":"https:\/\/www.tvuai.com.br\/portal\/tag\/tvuai25\/"}},"comments_number":"0","jetpack_shortlink":"https:\/\/wp.me\/p9woix-3nu","jetpack_sharing_enabled":true,"_links":{"self":[{"href":"https:\/\/www.tvuai.com.br\/portal\/wp-json\/wp\/v2\/posts\/12988"}],"collection":[{"href":"https:\/\/www.tvuai.com.br\/portal\/wp-json\/wp\/v2\/posts"}],"about":[{"href":"https:\/\/www.tvuai.com.br\/portal\/wp-json\/wp\/v2\/types\/post"}],"author":[{"embeddable":true,"href":"https:\/\/www.tvuai.com.br\/portal\/wp-json\/wp\/v2\/users\/1"}],"replies":[{"embeddable":true,"href":"https:\/\/www.tvuai.com.br\/portal\/wp-json\/wp\/v2\/comments?post=12988"}],"version-history":[{"count":2,"href":"https:\/\/www.tvuai.com.br\/portal\/wp-json\/wp\/v2\/posts\/12988\/revisions"}],"predecessor-version":[{"id":12992,"href":"https:\/\/www.tvuai.com.br\/portal\/wp-json\/wp\/v2\/posts\/12988\/revisions\/12992"}],"wp:featuredmedia":[{"embeddable":true,"href":"https:\/\/www.tvuai.com.br\/portal\/wp-json\/wp\/v2\/media\/12991"}],"wp:attachment":[{"href":"https:\/\/www.tvuai.com.br\/portal\/wp-json\/wp\/v2\/media?parent=12988"}],"wp:term":[{"taxonomy":"category","embeddable":true,"href":"https:\/\/www.tvuai.com.br\/portal\/wp-json\/wp\/v2\/categories?post=12988"},{"taxonomy":"post_tag","embeddable":true,"href":"https:\/\/www.tvuai.com.br\/portal\/wp-json\/wp\/v2\/tags?post=12988"}],"curies":[{"name":"wp","href":"https:\/\/api.w.org\/{rel}","templated":true}]}}