{"id":12908,"date":"2025-08-27T20:07:22","date_gmt":"2025-08-27T23:07:22","guid":{"rendered":"https:\/\/www.tvuai.com.br\/portal\/?p=12908"},"modified":"2025-08-28T18:26:52","modified_gmt":"2025-08-28T21:26:52","slug":"celebra-extrema-evento-gospel-inedito-reune-comunidade-evangelica-em-setembro-com-shows-de-gabi-sampaio-e-fhop-music","status":"publish","type":"post","link":"https:\/\/www.tvuai.com.br\/portal\/celebra-extrema-evento-gospel-inedito-reune-comunidade-evangelica-em-setembro-com-shows-de-gabi-sampaio-e-fhop-music\/","title":{"rendered":"Celebra Extrema: evento gospel in\u00e9dito re\u00fane comunidade evang\u00e9lica em setembro com shows de Gabi Sampaio e FHop Music"},"content":{"rendered":"<div class=\"5a1038e0903b96d426fcfcc338703013\" data-index=\"1\" style=\"float: right; margin:10px 0 10px 10px;\">\n<script async src=\"https:\/\/pagead2.googlesyndication.com\/pagead\/js\/adsbygoogle.js?client=ca-pub-9945944833605257\"\r\n     crossorigin=\"anonymous\"><\/script>\r\n<ins class=\"adsbygoogle\"\r\n     style=\"display:block; text-align:center;\"\r\n     data-ad-layout=\"in-article\"\r\n     data-ad-format=\"fluid\"\r\n     data-ad-client=\"ca-pub-9945944833605257\"\r\n     data-ad-slot=\"2343923581\"><\/ins>\r\n<script>\r\n     (adsbygoogle = window.adsbygoogle || []).push({});\r\n<\/script>\n<\/div>\n<p data-start=\"281\" data-end=\"578\"><img data-recalc-dims=\"1\" fetchpriority=\"high\" decoding=\"async\" data-attachment-id=\"12910\" data-permalink=\"https:\/\/www.tvuai.com.br\/portal\/celebra-extrema-evento-gospel-inedito-reune-comunidade-evangelica-em-setembro-com-shows-de-gabi-sampaio-e-fhop-music\/ceelebra-extrema\/\" data-orig-file=\"https:\/\/i0.wp.com\/www.tvuai.com.br\/portal\/wp-content\/uploads\/2025\/08\/CEELEBRA-Extrema.jpg?fit=1075%2C505&amp;ssl=1\" data-orig-size=\"1075,505\" data-comments-opened=\"0\" data-image-meta=\"{&quot;aperture&quot;:&quot;0&quot;,&quot;credit&quot;:&quot;&quot;,&quot;camera&quot;:&quot;&quot;,&quot;caption&quot;:&quot;&quot;,&quot;created_timestamp&quot;:&quot;0&quot;,&quot;copyright&quot;:&quot;&quot;,&quot;focal_length&quot;:&quot;0&quot;,&quot;iso&quot;:&quot;0&quot;,&quot;shutter_speed&quot;:&quot;0&quot;,&quot;title&quot;:&quot;&quot;,&quot;orientation&quot;:&quot;0&quot;}\" data-image-title=\"CEELEBRA Extrema\" data-image-description=\"\" data-image-caption=\"\" data-medium-file=\"https:\/\/i0.wp.com\/www.tvuai.com.br\/portal\/wp-content\/uploads\/2025\/08\/CEELEBRA-Extrema.jpg?fit=300%2C141&amp;ssl=1\" data-large-file=\"https:\/\/i0.wp.com\/www.tvuai.com.br\/portal\/wp-content\/uploads\/2025\/08\/CEELEBRA-Extrema.jpg?fit=640%2C301&amp;ssl=1\" tabindex=\"0\" role=\"button\" class=\"aligncenter size-full wp-image-12910\" src=\"https:\/\/i0.wp.com\/www.tvuai.com.br\/portal\/wp-content\/uploads\/2025\/08\/CEELEBRA-Extrema.jpg?resize=640%2C301&#038;ssl=1\" alt=\"\" width=\"640\" height=\"301\" srcset=\"https:\/\/i0.wp.com\/www.tvuai.com.br\/portal\/wp-content\/uploads\/2025\/08\/CEELEBRA-Extrema.jpg?w=1075&amp;ssl=1 1075w, https:\/\/i0.wp.com\/www.tvuai.com.br\/portal\/wp-content\/uploads\/2025\/08\/CEELEBRA-Extrema.jpg?resize=300%2C141&amp;ssl=1 300w, https:\/\/i0.wp.com\/www.tvuai.com.br\/portal\/wp-content\/uploads\/2025\/08\/CEELEBRA-Extrema.jpg?resize=1024%2C481&amp;ssl=1 1024w, https:\/\/i0.wp.com\/www.tvuai.com.br\/portal\/wp-content\/uploads\/2025\/08\/CEELEBRA-Extrema.jpg?resize=768%2C361&amp;ssl=1 768w\" sizes=\"(max-width: 640px) 100vw, 640px\" \/>A cidade de Extrema, no sul de Minas, vai receber, nos dias 5 e 6 de setembro, a primeira edi\u00e7\u00e3o do Celebra Extrema, evento gospel organizado pela Secretaria Municipal de Cultura. A programa\u00e7\u00e3o promete dois dias de muito louvor, adora\u00e7\u00e3oa e mensagens da Palavra, reunindo fi\u00e9is de diferentes igrejas da regi\u00e3o.<\/p>\n<p data-start=\"580\" data-end=\"873\">O encontro ser\u00e1 marcado pela participa\u00e7\u00e3o de pastores, minist\u00e9rios locais e membros de v\u00e1rias congrega\u00e7\u00f5es, al\u00e9m de apresenta\u00e7\u00f5es de corais, teatro, dan\u00e7a, shows de artistas nacionais e atividades voltadas para o p\u00fablico infantil. Um espa\u00e7o kids tamb\u00e9m ser\u00e1 montado para receber as crian\u00e7as.<\/p>\n<p data-start=\"875\" data-end=\"1283\">Para esta estreia, duas atra\u00e7\u00f5es de destaque foram confirmadas: a cantora e l\u00edder de louvor Gabi Sampaio, integrante da Igreja Batista da Lagoinha e conhecida por sucessos como <em data-start=\"1056\" data-end=\"1066\">Lindo \u00c9s<\/em>, <em data-start=\"1068\" data-end=\"1088\">Rei do Meu Cora\u00e7\u00e3o<\/em> e <em data-start=\"1091\" data-end=\"1113\">Na Terra Como No C\u00e9u<\/em>; e o grupo FHop Music, minist\u00e9rio de m\u00fasica crist\u00e3 contempor\u00e2nea com repert\u00f3rio marcado por can\u00e7\u00f5es congregacionais como <em data-start=\"1239\" data-end=\"1251\">Meia-noite<\/em>, <em data-start=\"1253\" data-end=\"1264\">Nada Mais<\/em> e <em data-start=\"1267\" data-end=\"1280\">A Boa Parte<\/em>.<\/p>\n<p data-start=\"1285\" data-end=\"1584\">A abertura do evento acontece \u00e0s 18h da sexta-feira, 5 de setembro, com atividades at\u00e9 a meia-noite. No s\u00e1bado, 6, a programa\u00e7\u00e3o ser\u00e1 iniciada \u00e0s 10h e seguir\u00e1 at\u00e9 perto da meia-noite, totalizando cerca de 15 horas de atra\u00e7\u00f5es. A entrada \u00e9 solid\u00e1ria, mediante a doa\u00e7\u00e3o de 1 kg de alimento n\u00e3o perec\u00edvel.<\/p>\n<h3 style=\"text-align: center;\" data-start=\"1586\" data-end=\"1622\">Programa\u00e7\u00e3o do Celebra Extrema<\/h3>\n<p data-start=\"1624\" data-end=\"1649\"><strong>Sexta-feira \u2013 05\/09<\/strong><\/p>\n<ul data-start=\"1650\" data-end=\"1869\">\n<li data-start=\"1650\" data-end=\"1668\">\n<p data-start=\"1652\" data-end=\"1668\">18h \u2013 Abertura<\/p>\n<\/li>\n<li data-start=\"1669\" data-end=\"1714\">\n<p data-start=\"1671\" data-end=\"1714\">18h45 \u2013 Grupo de Louvor <em data-start=\"1695\" data-end=\"1712\">Vida de Vit\u00f3ria<\/em><\/p>\n<\/li>\n<li data-start=\"1715\" data-end=\"1751\">\n<p data-start=\"1717\" data-end=\"1751\">19h30 \u2013 Banda <em data-start=\"1731\" data-end=\"1749\">Move This Street<\/em><\/p>\n<\/li>\n<li data-start=\"1752\" data-end=\"1794\">\n<p data-start=\"1754\" data-end=\"1794\">20h30 \u2013 Minist\u00e9rio <em data-start=\"1773\" data-end=\"1792\">Deus de Promessas<\/em><\/p>\n<\/li>\n<li data-start=\"1795\" data-end=\"1835\">\n<p data-start=\"1797\" data-end=\"1835\">21h30 \u2013 Teatro (<em data-start=\"1813\" data-end=\"1832\">Deus de Promessas<\/em>)<\/p>\n<\/li>\n<li data-start=\"1836\" data-end=\"1869\">\n<p data-start=\"1838\" data-end=\"1869\">22h30 \u2013 Show com Gabi Sampaio<\/p>\n<\/li>\n<\/ul>\n<p data-start=\"1871\" data-end=\"1891\"><strong>S\u00e1bado \u2013 06\/09<\/strong><\/p>\n<ul data-start=\"1892\" data-end=\"2530\">\n<li data-start=\"1892\" data-end=\"1910\">\n<p data-start=\"1894\" data-end=\"1910\">10h \u2013 Abertura<\/p>\n<\/li>\n<li data-start=\"1911\" data-end=\"1961\">\n<p data-start=\"1913\" data-end=\"1961\">10h30 \u2013 MC Bispo Tiago e Coletivo Vem Cum N\u00f3is<\/p>\n<\/li>\n<li data-start=\"1962\" data-end=\"2006\">\n<p data-start=\"1964\" data-end=\"2006\">11h \u2013 Comunidade Crist\u00e3 de Extrema (CCE)<\/p>\n<\/li>\n<li data-start=\"2007\" data-end=\"2027\">\n<p data-start=\"2009\" data-end=\"2027\">12h30 \u2013 Azenathy<\/p>\n<\/li>\n<li data-start=\"2028\" data-end=\"2076\">\n<p data-start=\"2030\" data-end=\"2076\">13h \u2013 Coral Life (Projeto M\u00fasica para Todos)<\/p>\n<\/li>\n<li data-start=\"2077\" data-end=\"2142\">\n<p data-start=\"2079\" data-end=\"2142\">14h \u2013 Programa\u00e7\u00e3o Infantil (<em data-start=\"2107\" data-end=\"2139\">Unidos por um Prop\u00f3sito Cristo<\/em>)<\/p>\n<\/li>\n<li data-start=\"2143\" data-end=\"2173\">\n<p data-start=\"2145\" data-end=\"2173\">16h \u2013 Manancial Chama Viva<\/p>\n<\/li>\n<li data-start=\"2174\" data-end=\"2203\">\n<p data-start=\"2176\" data-end=\"2203\">16h40 \u2013 Hadassa Keissyane<\/p>\n<\/li>\n<li data-start=\"2204\" data-end=\"2264\">\n<p data-start=\"2206\" data-end=\"2264\">17h40 \u2013 Minist\u00e9rio de Dan\u00e7a (Igreja Batista da Colheita)<\/p>\n<\/li>\n<li data-start=\"2265\" data-end=\"2298\">\n<p data-start=\"2267\" data-end=\"2298\">18h \u2013 Ministro Esdras e Banda<\/p>\n<\/li>\n<li data-start=\"2299\" data-end=\"2338\">\n<p data-start=\"2301\" data-end=\"2338\">18h40 \u2013 Grupo de Louvor ADSA Brasil<\/p>\n<\/li>\n<li data-start=\"2339\" data-end=\"2402\">\n<p data-start=\"2341\" data-end=\"2402\">19h20 \u2013 Tom &amp; Ruth e Banda (<em data-start=\"2369\" data-end=\"2399\">Minist\u00e9rio Chama Pentecostal<\/em>)<\/p>\n<\/li>\n<li data-start=\"2403\" data-end=\"2444\">\n<p data-start=\"2405\" data-end=\"2444\">20h10 \u2013 Grupo de Louvor <em data-start=\"2429\" data-end=\"2442\">Templo Vivo<\/em><\/p>\n<\/li>\n<li data-start=\"2445\" data-end=\"2469\">\n<p data-start=\"2447\" data-end=\"2469\">21h \u2013 Banda <em data-start=\"2459\" data-end=\"2467\">Thirst<\/em><\/p>\n<\/li>\n<li data-start=\"2470\" data-end=\"2498\">\n<p data-start=\"2472\" data-end=\"2498\">22h \u2013 Ora\u00e7\u00e3o por Extrema<\/p>\n<\/li>\n<li data-start=\"2499\" data-end=\"2530\">\n<p data-start=\"2501\" data-end=\"2530\">22h30 \u2013 Show com FHop Music<\/p>\n<\/li>\n<\/ul>\n\n<div style=\"font-size: 0px; height: 0px; line-height: 0px; margin: 0; padding: 0; clear: both;\"><\/div><div class='share-to-whatsapp-wrapper'><div class='share-on-whsp'>Share on: <\/div><a data-text='Celebra Extrema: evento gospel in\u00e9dito re\u00fane comunidade evang\u00e9lica em setembro com shows de Gabi Sampaio e FHop Music' data-link='https:\/\/www.tvuai.com.br\/portal\/celebra-extrema-evento-gospel-inedito-reune-comunidade-evangelica-em-setembro-com-shows-de-gabi-sampaio-e-fhop-music\/' class='whatsapp-button whatsapp-share'>WhatsApp<\/a><div class='clear '><\/div><\/div><!-- AddThis Advanced Settings generic via filter on the_content --><!-- AddThis Share Buttons generic via filter on the_content -->","protected":false},"excerpt":{"rendered":"<p>A cidade de Extrema, no sul de Minas, vai receber, nos dias 5 e 6 de setembro, a primeira edi\u00e7\u00e3o do Celebra Extrema, evento gospel organizado pela Secretaria Municipal de Cultura. A programa\u00e7\u00e3o promete dois dias de muito louvor, adora\u00e7\u00e3oa e mensagens da Palavra, reunindo fi\u00e9is de diferentes igrejas da regi\u00e3o. O encontro ser\u00e1 marcado [&hellip;]<!-- AddThis Advanced Settings generic via filter on get_the_excerpt --><!-- AddThis Share Buttons generic via filter on get_the_excerpt --><\/p>\n","protected":false},"author":1,"featured_media":12911,"comment_status":"closed","ping_status":"closed","sticky":false,"template":"","format":"standard","meta":{"jetpack_post_was_ever_published":false,"_jetpack_newsletter_access":"","_jetpack_dont_email_post_to_subs":false,"_jetpack_newsletter_tier_id":0,"_jetpack_memberships_contains_paywalled_content":false,"_jetpack_memberships_contains_paid_content":false,"_joinchat":[],"footnotes":"","jetpack_publicize_message":"","jetpack_publicize_feature_enabled":true,"jetpack_social_post_already_shared":false,"jetpack_social_options":{"image_generator_settings":{"template":"highway","enabled":false},"version":2}},"categories":[20,19,1830,5],"tags":[6309,6302,6307,6303,272,6305,6304,6308,184,6306,37,5448,5770,6311,6310,39,27,1618,4796],"class_list":["post-12908","post","type-post","status-publish","format-standard","has-post-thumbnail","hentry","category-entretenimento","category-noticias","category-religiao","category-ultimas","tag-adoracao","tag-celebra-extrema","tag-comunidade-evangelica","tag-evento-gospel","tag-extrema","tag-fhop-music","tag-gabi-sampaio","tag-louvor","tag-minas-gerais","tag-musica-crista","tag-pouso-alegre","tag-prefeitura-de-extrema-mg","tag-programacao-cultural","tag-secretaria-de-cultura-de-extrema-mg","tag-shows-gospel","tag-sul-de-minas","tag-tv-uai","tag-tv-uai-pouso-alegre","tag-tvuai25"],"jetpack_publicize_connections":[],"yoast_head":"<!-- This site is optimized with the Yoast SEO plugin v23.5 - https:\/\/yoast.com\/wordpress\/plugins\/seo\/ -->\n<title>Celebra Extrema: evento gospel in\u00e9dito re\u00fane comunidade evang\u00e9lica em setembro com shows de Gabi Sampaio e FHop Music - TVUAI<\/title>\n<meta name=\"robots\" content=\"index, follow, max-snippet:-1, max-image-preview:large, max-video-preview:-1\" \/>\n<link rel=\"canonical\" href=\"https:\/\/www.tvuai.com.br\/portal\/celebra-extrema-evento-gospel-inedito-reune-comunidade-evangelica-em-setembro-com-shows-de-gabi-sampaio-e-fhop-music\/\" \/>\n<meta property=\"og:locale\" content=\"pt_BR\" \/>\n<meta property=\"og:type\" content=\"article\" \/>\n<meta property=\"og:title\" content=\"Celebra Extrema: evento gospel in\u00e9dito re\u00fane comunidade evang\u00e9lica em setembro com shows de Gabi Sampaio e FHop Music - TVUAI\" \/>\n<meta property=\"og:description\" content=\"A cidade de Extrema, no sul de Minas, vai receber, nos dias 5 e 6 de setembro, a primeira edi\u00e7\u00e3o do Celebra Extrema, evento gospel organizado pela Secretaria Municipal de Cultura. A programa\u00e7\u00e3o promete dois dias de muito louvor, adora\u00e7\u00e3oa e mensagens da Palavra, reunindo fi\u00e9is de diferentes igrejas da regi\u00e3o. O encontro ser\u00e1 marcado [&hellip;]\" \/>\n<meta property=\"og:url\" content=\"https:\/\/www.tvuai.com.br\/portal\/celebra-extrema-evento-gospel-inedito-reune-comunidade-evangelica-em-setembro-com-shows-de-gabi-sampaio-e-fhop-music\/\" \/>\n<meta property=\"og:site_name\" content=\"TVUAI\" \/>\n<meta property=\"article:publisher\" content=\"http:\/\/www.facebook.com\/pages\/TV-Uai-Comunica%c3%a7%c3%a3o\/139062546157369\" \/>\n<meta property=\"article:published_time\" content=\"2025-08-27T23:07:22+00:00\" \/>\n<meta property=\"article:modified_time\" content=\"2025-08-28T21:26:52+00:00\" \/>\n<meta property=\"og:image\" content=\"https:\/\/www.tvuai.com.br\/portal\/wp-content\/uploads\/2025\/08\/CEELEBRA-Extrema0.jpg\" \/>\n\t<meta property=\"og:image:width\" content=\"200\" \/>\n\t<meta property=\"og:image:height\" content=\"200\" \/>\n\t<meta property=\"og:image:type\" content=\"image\/jpeg\" \/>\n<meta name=\"author\" content=\"tvuai\" \/>\n<meta name=\"twitter:card\" content=\"summary_large_image\" \/>\n<meta name=\"twitter:creator\" content=\"@tvuai\" \/>\n<meta name=\"twitter:site\" content=\"@tvuai\" \/>\n<meta name=\"twitter:label1\" content=\"Escrito por\" \/>\n\t<meta name=\"twitter:data1\" content=\"tvuai\" \/>\n\t<meta name=\"twitter:label2\" content=\"Est. tempo de leitura\" \/>\n\t<meta name=\"twitter:data2\" content=\"3 minutos\" \/>\n<script type=\"application\/ld+json\" class=\"yoast-schema-graph\">{\"@context\":\"https:\/\/schema.org\",\"@graph\":[{\"@type\":\"Article\",\"@id\":\"https:\/\/www.tvuai.com.br\/portal\/celebra-extrema-evento-gospel-inedito-reune-comunidade-evangelica-em-setembro-com-shows-de-gabi-sampaio-e-fhop-music\/#article\",\"isPartOf\":{\"@id\":\"https:\/\/www.tvuai.com.br\/portal\/celebra-extrema-evento-gospel-inedito-reune-comunidade-evangelica-em-setembro-com-shows-de-gabi-sampaio-e-fhop-music\/\"},\"author\":{\"name\":\"tvuai\",\"@id\":\"https:\/\/www.tvuai.com.br\/portal\/#\/schema\/person\/245e50e9127451fd0b7fd76f519ebbfe\"},\"headline\":\"Celebra Extrema: evento gospel in\u00e9dito re\u00fane comunidade evang\u00e9lica em setembro com shows de Gabi Sampaio e FHop Music\",\"datePublished\":\"2025-08-27T23:07:22+00:00\",\"dateModified\":\"2025-08-28T21:26:52+00:00\",\"mainEntityOfPage\":{\"@id\":\"https:\/\/www.tvuai.com.br\/portal\/celebra-extrema-evento-gospel-inedito-reune-comunidade-evangelica-em-setembro-com-shows-de-gabi-sampaio-e-fhop-music\/\"},\"wordCount\":391,\"publisher\":{\"@id\":\"https:\/\/www.tvuai.com.br\/portal\/#organization\"},\"image\":{\"@id\":\"https:\/\/www.tvuai.com.br\/portal\/celebra-extrema-evento-gospel-inedito-reune-comunidade-evangelica-em-setembro-com-shows-de-gabi-sampaio-e-fhop-music\/#primaryimage\"},\"thumbnailUrl\":\"https:\/\/i0.wp.com\/www.tvuai.com.br\/portal\/wp-content\/uploads\/2025\/08\/CEELEBRA-Extrema0.jpg?fit=200%2C200&ssl=1\",\"keywords\":[\"adora\u00e7\u00e3o\",\"Celebra Extrema\",\"comunidade evang\u00e9lica\",\"evento gospel\",\"Extrema\",\"FHop Music\",\"Gabi Sampaio\",\"louvor\",\"Minas Gerais\",\"m\u00fasica crist\u00e3\",\"Pouso Alegre\",\"Prefeitura de Extrema MG\",\"Programa\u00e7\u00e3o Cultural\",\"Secretaria de Cultura de Extrema MG\",\"shows gospel\",\"Sul de Minas\",\"TV Uai\",\"TV UAI Pouso Alegre\",\"TVUAI25\"],\"articleSection\":[\"Entretenimento\",\"Not\u00edcias\",\"Religi\u00e3o\",\"\u00daltimas Not\u00edcias\"],\"inLanguage\":\"pt-BR\"},{\"@type\":\"WebPage\",\"@id\":\"https:\/\/www.tvuai.com.br\/portal\/celebra-extrema-evento-gospel-inedito-reune-comunidade-evangelica-em-setembro-com-shows-de-gabi-sampaio-e-fhop-music\/\",\"url\":\"https:\/\/www.tvuai.com.br\/portal\/celebra-extrema-evento-gospel-inedito-reune-comunidade-evangelica-em-setembro-com-shows-de-gabi-sampaio-e-fhop-music\/\",\"name\":\"Celebra Extrema: evento gospel in\u00e9dito re\u00fane comunidade evang\u00e9lica em setembro com shows de Gabi Sampaio e FHop Music - TVUAI\",\"isPartOf\":{\"@id\":\"https:\/\/www.tvuai.com.br\/portal\/#website\"},\"primaryImageOfPage\":{\"@id\":\"https:\/\/www.tvuai.com.br\/portal\/celebra-extrema-evento-gospel-inedito-reune-comunidade-evangelica-em-setembro-com-shows-de-gabi-sampaio-e-fhop-music\/#primaryimage\"},\"image\":{\"@id\":\"https:\/\/www.tvuai.com.br\/portal\/celebra-extrema-evento-gospel-inedito-reune-comunidade-evangelica-em-setembro-com-shows-de-gabi-sampaio-e-fhop-music\/#primaryimage\"},\"thumbnailUrl\":\"https:\/\/i0.wp.com\/www.tvuai.com.br\/portal\/wp-content\/uploads\/2025\/08\/CEELEBRA-Extrema0.jpg?fit=200%2C200&ssl=1\",\"datePublished\":\"2025-08-27T23:07:22+00:00\",\"dateModified\":\"2025-08-28T21:26:52+00:00\",\"breadcrumb\":{\"@id\":\"https:\/\/www.tvuai.com.br\/portal\/celebra-extrema-evento-gospel-inedito-reune-comunidade-evangelica-em-setembro-com-shows-de-gabi-sampaio-e-fhop-music\/#breadcrumb\"},\"inLanguage\":\"pt-BR\",\"potentialAction\":[{\"@type\":\"ReadAction\",\"target\":[\"https:\/\/www.tvuai.com.br\/portal\/celebra-extrema-evento-gospel-inedito-reune-comunidade-evangelica-em-setembro-com-shows-de-gabi-sampaio-e-fhop-music\/\"]}]},{\"@type\":\"ImageObject\",\"inLanguage\":\"pt-BR\",\"@id\":\"https:\/\/www.tvuai.com.br\/portal\/celebra-extrema-evento-gospel-inedito-reune-comunidade-evangelica-em-setembro-com-shows-de-gabi-sampaio-e-fhop-music\/#primaryimage\",\"url\":\"https:\/\/i0.wp.com\/www.tvuai.com.br\/portal\/wp-content\/uploads\/2025\/08\/CEELEBRA-Extrema0.jpg?fit=200%2C200&ssl=1\",\"contentUrl\":\"https:\/\/i0.wp.com\/www.tvuai.com.br\/portal\/wp-content\/uploads\/2025\/08\/CEELEBRA-Extrema0.jpg?fit=200%2C200&ssl=1\",\"width\":200,\"height\":200},{\"@type\":\"BreadcrumbList\",\"@id\":\"https:\/\/www.tvuai.com.br\/portal\/celebra-extrema-evento-gospel-inedito-reune-comunidade-evangelica-em-setembro-com-shows-de-gabi-sampaio-e-fhop-music\/#breadcrumb\",\"itemListElement\":[{\"@type\":\"ListItem\",\"position\":1,\"name\":\"In\u00edcio\",\"item\":\"https:\/\/www.tvuai.com.br\/portal\/\"},{\"@type\":\"ListItem\",\"position\":2,\"name\":\"Celebra Extrema: evento gospel in\u00e9dito re\u00fane comunidade evang\u00e9lica em setembro com shows de Gabi Sampaio e FHop Music\"}]},{\"@type\":\"WebSite\",\"@id\":\"https:\/\/www.tvuai.com.br\/portal\/#website\",\"url\":\"https:\/\/www.tvuai.com.br\/portal\/\",\"name\":\"TVUAI\",\"description\":\"Tudo sobre o Sul de Minas\",\"publisher\":{\"@id\":\"https:\/\/www.tvuai.com.br\/portal\/#organization\"},\"potentialAction\":[{\"@type\":\"SearchAction\",\"target\":{\"@type\":\"EntryPoint\",\"urlTemplate\":\"https:\/\/www.tvuai.com.br\/portal\/?s={search_term_string}\"},\"query-input\":{\"@type\":\"PropertyValueSpecification\",\"valueRequired\":true,\"valueName\":\"search_term_string\"}}],\"inLanguage\":\"pt-BR\"},{\"@type\":\"Organization\",\"@id\":\"https:\/\/www.tvuai.com.br\/portal\/#organization\",\"name\":\"TVUAI\",\"url\":\"https:\/\/www.tvuai.com.br\/portal\/\",\"logo\":{\"@type\":\"ImageObject\",\"inLanguage\":\"pt-BR\",\"@id\":\"https:\/\/www.tvuai.com.br\/portal\/#\/schema\/logo\/image\/\",\"url\":\"https:\/\/i0.wp.com\/www.tvuai.com.br\/portal\/wp-content\/uploads\/2017\/12\/logo_tvuai_100H.png?fit=207%2C100&ssl=1\",\"contentUrl\":\"https:\/\/i0.wp.com\/www.tvuai.com.br\/portal\/wp-content\/uploads\/2017\/12\/logo_tvuai_100H.png?fit=207%2C100&ssl=1\",\"width\":207,\"height\":100,\"caption\":\"TVUAI\"},\"image\":{\"@id\":\"https:\/\/www.tvuai.com.br\/portal\/#\/schema\/logo\/image\/\"},\"sameAs\":[\"http:\/\/www.facebook.com\/pages\/TV-Uai-Comunica\u00e7\u00e3o\/139062546157369\",\"https:\/\/x.com\/tvuai\",\"https:\/\/www.instagram.com\/tvuai_network\/\",\"https:\/\/www.youtube.com\/channel\/UCB7ZPB3wRv-OpoZ_09jmnkQ\"]},{\"@type\":\"Person\",\"@id\":\"https:\/\/www.tvuai.com.br\/portal\/#\/schema\/person\/245e50e9127451fd0b7fd76f519ebbfe\",\"name\":\"tvuai\",\"url\":\"https:\/\/www.tvuai.com.br\/portal\/author\/tvuai\/\"}]}<\/script>\n<!-- \/ Yoast SEO plugin. -->","yoast_head_json":{"title":"Celebra Extrema: evento gospel in\u00e9dito re\u00fane comunidade evang\u00e9lica em setembro com shows de Gabi Sampaio e FHop Music - TVUAI","robots":{"index":"index","follow":"follow","max-snippet":"max-snippet:-1","max-image-preview":"max-image-preview:large","max-video-preview":"max-video-preview:-1"},"canonical":"https:\/\/www.tvuai.com.br\/portal\/celebra-extrema-evento-gospel-inedito-reune-comunidade-evangelica-em-setembro-com-shows-de-gabi-sampaio-e-fhop-music\/","og_locale":"pt_BR","og_type":"article","og_title":"Celebra Extrema: evento gospel in\u00e9dito re\u00fane comunidade evang\u00e9lica em setembro com shows de Gabi Sampaio e FHop Music - TVUAI","og_description":"A cidade de Extrema, no sul de Minas, vai receber, nos dias 5 e 6 de setembro, a primeira edi\u00e7\u00e3o do Celebra Extrema, evento gospel organizado pela Secretaria Municipal de Cultura. A programa\u00e7\u00e3o promete dois dias de muito louvor, adora\u00e7\u00e3oa e mensagens da Palavra, reunindo fi\u00e9is de diferentes igrejas da regi\u00e3o. O encontro ser\u00e1 marcado [&hellip;]","og_url":"https:\/\/www.tvuai.com.br\/portal\/celebra-extrema-evento-gospel-inedito-reune-comunidade-evangelica-em-setembro-com-shows-de-gabi-sampaio-e-fhop-music\/","og_site_name":"TVUAI","article_publisher":"http:\/\/www.facebook.com\/pages\/TV-Uai-Comunica%c3%a7%c3%a3o\/139062546157369","article_published_time":"2025-08-27T23:07:22+00:00","article_modified_time":"2025-08-28T21:26:52+00:00","og_image":[{"width":200,"height":200,"url":"https:\/\/www.tvuai.com.br\/portal\/wp-content\/uploads\/2025\/08\/CEELEBRA-Extrema0.jpg","type":"image\/jpeg"}],"author":"tvuai","twitter_card":"summary_large_image","twitter_creator":"@tvuai","twitter_site":"@tvuai","twitter_misc":{"Escrito por":"tvuai","Est. tempo de leitura":"3 minutos"},"schema":{"@context":"https:\/\/schema.org","@graph":[{"@type":"Article","@id":"https:\/\/www.tvuai.com.br\/portal\/celebra-extrema-evento-gospel-inedito-reune-comunidade-evangelica-em-setembro-com-shows-de-gabi-sampaio-e-fhop-music\/#article","isPartOf":{"@id":"https:\/\/www.tvuai.com.br\/portal\/celebra-extrema-evento-gospel-inedito-reune-comunidade-evangelica-em-setembro-com-shows-de-gabi-sampaio-e-fhop-music\/"},"author":{"name":"tvuai","@id":"https:\/\/www.tvuai.com.br\/portal\/#\/schema\/person\/245e50e9127451fd0b7fd76f519ebbfe"},"headline":"Celebra Extrema: evento gospel in\u00e9dito re\u00fane comunidade evang\u00e9lica em setembro com shows de Gabi Sampaio e FHop Music","datePublished":"2025-08-27T23:07:22+00:00","dateModified":"2025-08-28T21:26:52+00:00","mainEntityOfPage":{"@id":"https:\/\/www.tvuai.com.br\/portal\/celebra-extrema-evento-gospel-inedito-reune-comunidade-evangelica-em-setembro-com-shows-de-gabi-sampaio-e-fhop-music\/"},"wordCount":391,"publisher":{"@id":"https:\/\/www.tvuai.com.br\/portal\/#organization"},"image":{"@id":"https:\/\/www.tvuai.com.br\/portal\/celebra-extrema-evento-gospel-inedito-reune-comunidade-evangelica-em-setembro-com-shows-de-gabi-sampaio-e-fhop-music\/#primaryimage"},"thumbnailUrl":"https:\/\/i0.wp.com\/www.tvuai.com.br\/portal\/wp-content\/uploads\/2025\/08\/CEELEBRA-Extrema0.jpg?fit=200%2C200&ssl=1","keywords":["adora\u00e7\u00e3o","Celebra Extrema","comunidade evang\u00e9lica","evento gospel","Extrema","FHop Music","Gabi Sampaio","louvor","Minas Gerais","m\u00fasica crist\u00e3","Pouso Alegre","Prefeitura de Extrema MG","Programa\u00e7\u00e3o Cultural","Secretaria de Cultura de Extrema MG","shows gospel","Sul de Minas","TV Uai","TV UAI Pouso Alegre","TVUAI25"],"articleSection":["Entretenimento","Not\u00edcias","Religi\u00e3o","\u00daltimas Not\u00edcias"],"inLanguage":"pt-BR"},{"@type":"WebPage","@id":"https:\/\/www.tvuai.com.br\/portal\/celebra-extrema-evento-gospel-inedito-reune-comunidade-evangelica-em-setembro-com-shows-de-gabi-sampaio-e-fhop-music\/","url":"https:\/\/www.tvuai.com.br\/portal\/celebra-extrema-evento-gospel-inedito-reune-comunidade-evangelica-em-setembro-com-shows-de-gabi-sampaio-e-fhop-music\/","name":"Celebra Extrema: evento gospel in\u00e9dito re\u00fane comunidade evang\u00e9lica em setembro com shows de Gabi Sampaio e FHop Music - TVUAI","isPartOf":{"@id":"https:\/\/www.tvuai.com.br\/portal\/#website"},"primaryImageOfPage":{"@id":"https:\/\/www.tvuai.com.br\/portal\/celebra-extrema-evento-gospel-inedito-reune-comunidade-evangelica-em-setembro-com-shows-de-gabi-sampaio-e-fhop-music\/#primaryimage"},"image":{"@id":"https:\/\/www.tvuai.com.br\/portal\/celebra-extrema-evento-gospel-inedito-reune-comunidade-evangelica-em-setembro-com-shows-de-gabi-sampaio-e-fhop-music\/#primaryimage"},"thumbnailUrl":"https:\/\/i0.wp.com\/www.tvuai.com.br\/portal\/wp-content\/uploads\/2025\/08\/CEELEBRA-Extrema0.jpg?fit=200%2C200&ssl=1","datePublished":"2025-08-27T23:07:22+00:00","dateModified":"2025-08-28T21:26:52+00:00","breadcrumb":{"@id":"https:\/\/www.tvuai.com.br\/portal\/celebra-extrema-evento-gospel-inedito-reune-comunidade-evangelica-em-setembro-com-shows-de-gabi-sampaio-e-fhop-music\/#breadcrumb"},"inLanguage":"pt-BR","potentialAction":[{"@type":"ReadAction","target":["https:\/\/www.tvuai.com.br\/portal\/celebra-extrema-evento-gospel-inedito-reune-comunidade-evangelica-em-setembro-com-shows-de-gabi-sampaio-e-fhop-music\/"]}]},{"@type":"ImageObject","inLanguage":"pt-BR","@id":"https:\/\/www.tvuai.com.br\/portal\/celebra-extrema-evento-gospel-inedito-reune-comunidade-evangelica-em-setembro-com-shows-de-gabi-sampaio-e-fhop-music\/#primaryimage","url":"https:\/\/i0.wp.com\/www.tvuai.com.br\/portal\/wp-content\/uploads\/2025\/08\/CEELEBRA-Extrema0.jpg?fit=200%2C200&ssl=1","contentUrl":"https:\/\/i0.wp.com\/www.tvuai.com.br\/portal\/wp-content\/uploads\/2025\/08\/CEELEBRA-Extrema0.jpg?fit=200%2C200&ssl=1","width":200,"height":200},{"@type":"BreadcrumbList","@id":"https:\/\/www.tvuai.com.br\/portal\/celebra-extrema-evento-gospel-inedito-reune-comunidade-evangelica-em-setembro-com-shows-de-gabi-sampaio-e-fhop-music\/#breadcrumb","itemListElement":[{"@type":"ListItem","position":1,"name":"In\u00edcio","item":"https:\/\/www.tvuai.com.br\/portal\/"},{"@type":"ListItem","position":2,"name":"Celebra Extrema: evento gospel in\u00e9dito re\u00fane comunidade evang\u00e9lica em setembro com shows de Gabi Sampaio e FHop Music"}]},{"@type":"WebSite","@id":"https:\/\/www.tvuai.com.br\/portal\/#website","url":"https:\/\/www.tvuai.com.br\/portal\/","name":"TVUAI","description":"Tudo sobre o Sul de Minas","publisher":{"@id":"https:\/\/www.tvuai.com.br\/portal\/#organization"},"potentialAction":[{"@type":"SearchAction","target":{"@type":"EntryPoint","urlTemplate":"https:\/\/www.tvuai.com.br\/portal\/?s={search_term_string}"},"query-input":{"@type":"PropertyValueSpecification","valueRequired":true,"valueName":"search_term_string"}}],"inLanguage":"pt-BR"},{"@type":"Organization","@id":"https:\/\/www.tvuai.com.br\/portal\/#organization","name":"TVUAI","url":"https:\/\/www.tvuai.com.br\/portal\/","logo":{"@type":"ImageObject","inLanguage":"pt-BR","@id":"https:\/\/www.tvuai.com.br\/portal\/#\/schema\/logo\/image\/","url":"https:\/\/i0.wp.com\/www.tvuai.com.br\/portal\/wp-content\/uploads\/2017\/12\/logo_tvuai_100H.png?fit=207%2C100&ssl=1","contentUrl":"https:\/\/i0.wp.com\/www.tvuai.com.br\/portal\/wp-content\/uploads\/2017\/12\/logo_tvuai_100H.png?fit=207%2C100&ssl=1","width":207,"height":100,"caption":"TVUAI"},"image":{"@id":"https:\/\/www.tvuai.com.br\/portal\/#\/schema\/logo\/image\/"},"sameAs":["http:\/\/www.facebook.com\/pages\/TV-Uai-Comunica\u00e7\u00e3o\/139062546157369","https:\/\/x.com\/tvuai","https:\/\/www.instagram.com\/tvuai_network\/","https:\/\/www.youtube.com\/channel\/UCB7ZPB3wRv-OpoZ_09jmnkQ"]},{"@type":"Person","@id":"https:\/\/www.tvuai.com.br\/portal\/#\/schema\/person\/245e50e9127451fd0b7fd76f519ebbfe","name":"tvuai","url":"https:\/\/www.tvuai.com.br\/portal\/author\/tvuai\/"}]}},"jetpack_featured_media_url":"https:\/\/i0.wp.com\/www.tvuai.com.br\/portal\/wp-content\/uploads\/2025\/08\/CEELEBRA-Extrema0.jpg?fit=200%2C200&ssl=1","wpmagazine_modules_lite_featured_media_urls":{"thumbnail":["https:\/\/i0.wp.com\/www.tvuai.com.br\/portal\/wp-content\/uploads\/2025\/08\/CEELEBRA-Extrema0.jpg?resize=150%2C150&ssl=1",150,150,true],"cvmm-medium":["https:\/\/i0.wp.com\/www.tvuai.com.br\/portal\/wp-content\/uploads\/2025\/08\/CEELEBRA-Extrema0.jpg?resize=200%2C200&ssl=1",200,200,true],"cvmm-medium-plus":["https:\/\/i0.wp.com\/www.tvuai.com.br\/portal\/wp-content\/uploads\/2025\/08\/CEELEBRA-Extrema0.jpg?resize=200%2C200&ssl=1",200,200,true],"cvmm-portrait":["https:\/\/i0.wp.com\/www.tvuai.com.br\/portal\/wp-content\/uploads\/2025\/08\/CEELEBRA-Extrema0.jpg?resize=200%2C200&ssl=1",200,200,true],"cvmm-medium-square":["https:\/\/i0.wp.com\/www.tvuai.com.br\/portal\/wp-content\/uploads\/2025\/08\/CEELEBRA-Extrema0.jpg?resize=200%2C200&ssl=1",200,200,true],"cvmm-large":["https:\/\/i0.wp.com\/www.tvuai.com.br\/portal\/wp-content\/uploads\/2025\/08\/CEELEBRA-Extrema0.jpg?resize=200%2C200&ssl=1",200,200,true],"cvmm-small":["https:\/\/i0.wp.com\/www.tvuai.com.br\/portal\/wp-content\/uploads\/2025\/08\/CEELEBRA-Extrema0.jpg?resize=130%2C95&ssl=1",130,95,true],"full":["https:\/\/i0.wp.com\/www.tvuai.com.br\/portal\/wp-content\/uploads\/2025\/08\/CEELEBRA-Extrema0.jpg?fit=200%2C200&ssl=1",200,200,false]},"categories_names":{"20":{"name":"Entretenimento","link":"https:\/\/www.tvuai.com.br\/portal\/category\/entretenimento\/"},"19":{"name":"Not\u00edcias","link":"https:\/\/www.tvuai.com.br\/portal\/category\/noticias\/"},"1830":{"name":"Religi\u00e3o","link":"https:\/\/www.tvuai.com.br\/portal\/category\/religiao\/"},"5":{"name":"\u00daltimas Not\u00edcias","link":"https:\/\/www.tvuai.com.br\/portal\/category\/noticias\/ultimas\/"}},"tags_names":{"6309":{"name":"adora\u00e7\u00e3o","link":"https:\/\/www.tvuai.com.br\/portal\/tag\/adoracao\/"},"6302":{"name":"Celebra Extrema","link":"https:\/\/www.tvuai.com.br\/portal\/tag\/celebra-extrema\/"},"6307":{"name":"comunidade evang\u00e9lica","link":"https:\/\/www.tvuai.com.br\/portal\/tag\/comunidade-evangelica\/"},"6303":{"name":"evento gospel","link":"https:\/\/www.tvuai.com.br\/portal\/tag\/evento-gospel\/"},"272":{"name":"Extrema","link":"https:\/\/www.tvuai.com.br\/portal\/tag\/extrema\/"},"6305":{"name":"FHop Music","link":"https:\/\/www.tvuai.com.br\/portal\/tag\/fhop-music\/"},"6304":{"name":"Gabi Sampaio","link":"https:\/\/www.tvuai.com.br\/portal\/tag\/gabi-sampaio\/"},"6308":{"name":"louvor","link":"https:\/\/www.tvuai.com.br\/portal\/tag\/louvor\/"},"184":{"name":"Minas Gerais","link":"https:\/\/www.tvuai.com.br\/portal\/tag\/minas-gerais\/"},"6306":{"name":"m\u00fasica crist\u00e3","link":"https:\/\/www.tvuai.com.br\/portal\/tag\/musica-crista\/"},"37":{"name":"Pouso Alegre","link":"https:\/\/www.tvuai.com.br\/portal\/tag\/pouso-alegre\/"},"5448":{"name":"Prefeitura de Extrema MG","link":"https:\/\/www.tvuai.com.br\/portal\/tag\/prefeitura-de-extrema-mg\/"},"5770":{"name":"Programa\u00e7\u00e3o Cultural","link":"https:\/\/www.tvuai.com.br\/portal\/tag\/programacao-cultural\/"},"6311":{"name":"Secretaria de Cultura de Extrema MG","link":"https:\/\/www.tvuai.com.br\/portal\/tag\/secretaria-de-cultura-de-extrema-mg\/"},"6310":{"name":"shows gospel","link":"https:\/\/www.tvuai.com.br\/portal\/tag\/shows-gospel\/"},"39":{"name":"Sul de Minas","link":"https:\/\/www.tvuai.com.br\/portal\/tag\/sul-de-minas\/"},"27":{"name":"TV Uai","link":"https:\/\/www.tvuai.com.br\/portal\/tag\/tv-uai\/"},"1618":{"name":"TV UAI Pouso Alegre","link":"https:\/\/www.tvuai.com.br\/portal\/tag\/tv-uai-pouso-alegre\/"},"4796":{"name":"TVUAI25","link":"https:\/\/www.tvuai.com.br\/portal\/tag\/tvuai25\/"}},"comments_number":"0","jetpack_shortlink":"https:\/\/wp.me\/p9woix-3mc","jetpack_sharing_enabled":true,"_links":{"self":[{"href":"https:\/\/www.tvuai.com.br\/portal\/wp-json\/wp\/v2\/posts\/12908"}],"collection":[{"href":"https:\/\/www.tvuai.com.br\/portal\/wp-json\/wp\/v2\/posts"}],"about":[{"href":"https:\/\/www.tvuai.com.br\/portal\/wp-json\/wp\/v2\/types\/post"}],"author":[{"embeddable":true,"href":"https:\/\/www.tvuai.com.br\/portal\/wp-json\/wp\/v2\/users\/1"}],"replies":[{"embeddable":true,"href":"https:\/\/www.tvuai.com.br\/portal\/wp-json\/wp\/v2\/comments?post=12908"}],"version-history":[{"count":2,"href":"https:\/\/www.tvuai.com.br\/portal\/wp-json\/wp\/v2\/posts\/12908\/revisions"}],"predecessor-version":[{"id":12912,"href":"https:\/\/www.tvuai.com.br\/portal\/wp-json\/wp\/v2\/posts\/12908\/revisions\/12912"}],"wp:featuredmedia":[{"embeddable":true,"href":"https:\/\/www.tvuai.com.br\/portal\/wp-json\/wp\/v2\/media\/12911"}],"wp:attachment":[{"href":"https:\/\/www.tvuai.com.br\/portal\/wp-json\/wp\/v2\/media?parent=12908"}],"wp:term":[{"taxonomy":"category","embeddable":true,"href":"https:\/\/www.tvuai.com.br\/portal\/wp-json\/wp\/v2\/categories?post=12908"},{"taxonomy":"post_tag","embeddable":true,"href":"https:\/\/www.tvuai.com.br\/portal\/wp-json\/wp\/v2\/tags?post=12908"}],"curies":[{"name":"wp","href":"https:\/\/api.w.org\/{rel}","templated":true}]}}