{"id":12898,"date":"2025-08-21T15:24:10","date_gmt":"2025-08-21T18:24:10","guid":{"rendered":"https:\/\/www.tvuai.com.br\/portal\/?p=12898"},"modified":"2025-08-24T17:56:17","modified_gmt":"2025-08-24T20:56:17","slug":"presidio-de-itajuba-doa-280-brinquedos-produzidos-por-presos-a-criancas-de-santa-rita-do-sapucai","status":"publish","type":"post","link":"https:\/\/www.tvuai.com.br\/portal\/presidio-de-itajuba-doa-280-brinquedos-produzidos-por-presos-a-criancas-de-santa-rita-do-sapucai\/","title":{"rendered":"Pres\u00eddio de Itajub\u00e1 doa 280 brinquedos produzidos por presos a crian\u00e7as de Santa Rita do Sapuca\u00ed"},"content":{"rendered":"<div class=\"5a1038e0903b96d426fcfcc338703013\" data-index=\"1\" style=\"float: right; margin:10px 0 10px 10px;\">\n<script async src=\"https:\/\/pagead2.googlesyndication.com\/pagead\/js\/adsbygoogle.js?client=ca-pub-9945944833605257\"\r\n     crossorigin=\"anonymous\"><\/script>\r\n<ins class=\"adsbygoogle\"\r\n     style=\"display:block; text-align:center;\"\r\n     data-ad-layout=\"in-article\"\r\n     data-ad-format=\"fluid\"\r\n     data-ad-client=\"ca-pub-9945944833605257\"\r\n     data-ad-slot=\"2343923581\"><\/ins>\r\n<script>\r\n     (adsbygoogle = window.adsbygoogle || []).push({});\r\n<\/script>\n<\/div>\n<p data-start=\"244\" data-end=\"608\"><img data-recalc-dims=\"1\" fetchpriority=\"high\" decoding=\"async\" data-attachment-id=\"12904\" data-permalink=\"https:\/\/www.tvuai.com.br\/portal\/presidio-de-itajuba-doa-280-brinquedos-produzidos-por-presos-a-criancas-de-santa-rita-do-sapucai\/brinquedos-presidio3\/\" data-orig-file=\"https:\/\/i0.wp.com\/www.tvuai.com.br\/portal\/wp-content\/uploads\/2025\/08\/brinquedos-presidio3.jpg?fit=1000%2C606&amp;ssl=1\" data-orig-size=\"1000,606\" data-comments-opened=\"0\" data-image-meta=\"{&quot;aperture&quot;:&quot;0&quot;,&quot;credit&quot;:&quot;&quot;,&quot;camera&quot;:&quot;&quot;,&quot;caption&quot;:&quot;&quot;,&quot;created_timestamp&quot;:&quot;0&quot;,&quot;copyright&quot;:&quot;&quot;,&quot;focal_length&quot;:&quot;0&quot;,&quot;iso&quot;:&quot;0&quot;,&quot;shutter_speed&quot;:&quot;0&quot;,&quot;title&quot;:&quot;&quot;,&quot;orientation&quot;:&quot;0&quot;}\" data-image-title=\"brinquedos pres\u00eddio3\" data-image-description=\"\" data-image-caption=\"\" data-medium-file=\"https:\/\/i0.wp.com\/www.tvuai.com.br\/portal\/wp-content\/uploads\/2025\/08\/brinquedos-presidio3.jpg?fit=300%2C182&amp;ssl=1\" data-large-file=\"https:\/\/i0.wp.com\/www.tvuai.com.br\/portal\/wp-content\/uploads\/2025\/08\/brinquedos-presidio3.jpg?fit=640%2C388&amp;ssl=1\" tabindex=\"0\" role=\"button\" class=\"aligncenter size-full wp-image-12904\" src=\"https:\/\/i0.wp.com\/www.tvuai.com.br\/portal\/wp-content\/uploads\/2025\/08\/brinquedos-presidio3.jpg?resize=640%2C388&#038;ssl=1\" alt=\"\" width=\"640\" height=\"388\" srcset=\"https:\/\/i0.wp.com\/www.tvuai.com.br\/portal\/wp-content\/uploads\/2025\/08\/brinquedos-presidio3.jpg?w=1000&amp;ssl=1 1000w, https:\/\/i0.wp.com\/www.tvuai.com.br\/portal\/wp-content\/uploads\/2025\/08\/brinquedos-presidio3.jpg?resize=300%2C182&amp;ssl=1 300w, https:\/\/i0.wp.com\/www.tvuai.com.br\/portal\/wp-content\/uploads\/2025\/08\/brinquedos-presidio3.jpg?resize=768%2C465&amp;ssl=1 768w\" sizes=\"(max-width: 640px) 100vw, 640px\" \/>O Pres\u00eddio de Itajub\u00e1, no Sul de Minas, realizou neste m\u00eas de agosto a entrega de 280 brinquedos confeccionados por detentos a crian\u00e7as em situa\u00e7\u00e3o de vulnerabilidade social de Santa Rita do Sapuca\u00ed. Entre os itens doados est\u00e3o carrinhos, bonecas, jogos educativos e brinquedos de madeira, produzidos nos projetos Boneca de Pano e F\u00e1brica da Alegria.<\/p>\n<p data-start=\"610\" data-end=\"888\"><img data-recalc-dims=\"1\" decoding=\"async\" data-attachment-id=\"12902\" data-permalink=\"https:\/\/www.tvuai.com.br\/portal\/presidio-de-itajuba-doa-280-brinquedos-produzidos-por-presos-a-criancas-de-santa-rita-do-sapucai\/brinquedos-presidio1\/\" data-orig-file=\"https:\/\/i0.wp.com\/www.tvuai.com.br\/portal\/wp-content\/uploads\/2025\/08\/brinquedos-presidio1.jpg?fit=821%2C803&amp;ssl=1\" data-orig-size=\"821,803\" data-comments-opened=\"0\" data-image-meta=\"{&quot;aperture&quot;:&quot;0&quot;,&quot;credit&quot;:&quot;&quot;,&quot;camera&quot;:&quot;&quot;,&quot;caption&quot;:&quot;&quot;,&quot;created_timestamp&quot;:&quot;0&quot;,&quot;copyright&quot;:&quot;&quot;,&quot;focal_length&quot;:&quot;0&quot;,&quot;iso&quot;:&quot;0&quot;,&quot;shutter_speed&quot;:&quot;0&quot;,&quot;title&quot;:&quot;&quot;,&quot;orientation&quot;:&quot;0&quot;}\" data-image-title=\"brinquedos pres\u00eddio1\" data-image-description=\"\" data-image-caption=\"\" data-medium-file=\"https:\/\/i0.wp.com\/www.tvuai.com.br\/portal\/wp-content\/uploads\/2025\/08\/brinquedos-presidio1.jpg?fit=300%2C293&amp;ssl=1\" data-large-file=\"https:\/\/i0.wp.com\/www.tvuai.com.br\/portal\/wp-content\/uploads\/2025\/08\/brinquedos-presidio1.jpg?fit=640%2C626&amp;ssl=1\" tabindex=\"0\" role=\"button\" class=\"alignleft size-medium wp-image-12902\" src=\"https:\/\/i0.wp.com\/www.tvuai.com.br\/portal\/wp-content\/uploads\/2025\/08\/brinquedos-presidio1.jpg?resize=300%2C293&#038;ssl=1\" alt=\"\" width=\"300\" height=\"293\" srcset=\"https:\/\/i0.wp.com\/www.tvuai.com.br\/portal\/wp-content\/uploads\/2025\/08\/brinquedos-presidio1.jpg?resize=300%2C293&amp;ssl=1 300w, https:\/\/i0.wp.com\/www.tvuai.com.br\/portal\/wp-content\/uploads\/2025\/08\/brinquedos-presidio1.jpg?resize=768%2C751&amp;ssl=1 768w, https:\/\/i0.wp.com\/www.tvuai.com.br\/portal\/wp-content\/uploads\/2025\/08\/brinquedos-presidio1.jpg?resize=45%2C45&amp;ssl=1 45w, https:\/\/i0.wp.com\/www.tvuai.com.br\/portal\/wp-content\/uploads\/2025\/08\/brinquedos-presidio1.jpg?w=821&amp;ssl=1 821w\" sizes=\"(max-width: 300px) 100vw, 300px\" \/><img data-recalc-dims=\"1\" decoding=\"async\" data-attachment-id=\"12903\" data-permalink=\"https:\/\/www.tvuai.com.br\/portal\/presidio-de-itajuba-doa-280-brinquedos-produzidos-por-presos-a-criancas-de-santa-rita-do-sapucai\/brinquedos-presidio2\/\" data-orig-file=\"https:\/\/i0.wp.com\/www.tvuai.com.br\/portal\/wp-content\/uploads\/2025\/08\/brinquedos-presidio2.jpg?fit=800%2C1200&amp;ssl=1\" data-orig-size=\"800,1200\" data-comments-opened=\"0\" data-image-meta=\"{&quot;aperture&quot;:&quot;0&quot;,&quot;credit&quot;:&quot;&quot;,&quot;camera&quot;:&quot;&quot;,&quot;caption&quot;:&quot;&quot;,&quot;created_timestamp&quot;:&quot;0&quot;,&quot;copyright&quot;:&quot;&quot;,&quot;focal_length&quot;:&quot;0&quot;,&quot;iso&quot;:&quot;0&quot;,&quot;shutter_speed&quot;:&quot;0&quot;,&quot;title&quot;:&quot;&quot;,&quot;orientation&quot;:&quot;0&quot;}\" data-image-title=\"brinquedos pres\u00eddio2\" data-image-description=\"\" data-image-caption=\"\" data-medium-file=\"https:\/\/i0.wp.com\/www.tvuai.com.br\/portal\/wp-content\/uploads\/2025\/08\/brinquedos-presidio2.jpg?fit=200%2C300&amp;ssl=1\" data-large-file=\"https:\/\/i0.wp.com\/www.tvuai.com.br\/portal\/wp-content\/uploads\/2025\/08\/brinquedos-presidio2.jpg?fit=640%2C960&amp;ssl=1\" tabindex=\"0\" role=\"button\" class=\"alignright size-medium wp-image-12903\" src=\"https:\/\/i0.wp.com\/www.tvuai.com.br\/portal\/wp-content\/uploads\/2025\/08\/brinquedos-presidio2.jpg?resize=200%2C300&#038;ssl=1\" alt=\"\" width=\"200\" height=\"300\" srcset=\"https:\/\/i0.wp.com\/www.tvuai.com.br\/portal\/wp-content\/uploads\/2025\/08\/brinquedos-presidio2.jpg?resize=200%2C300&amp;ssl=1 200w, https:\/\/i0.wp.com\/www.tvuai.com.br\/portal\/wp-content\/uploads\/2025\/08\/brinquedos-presidio2.jpg?resize=683%2C1024&amp;ssl=1 683w, https:\/\/i0.wp.com\/www.tvuai.com.br\/portal\/wp-content\/uploads\/2025\/08\/brinquedos-presidio2.jpg?resize=768%2C1152&amp;ssl=1 768w, https:\/\/i0.wp.com\/www.tvuai.com.br\/portal\/wp-content\/uploads\/2025\/08\/brinquedos-presidio2.jpg?resize=400%2C600&amp;ssl=1 400w, https:\/\/i0.wp.com\/www.tvuai.com.br\/portal\/wp-content\/uploads\/2025\/08\/brinquedos-presidio2.jpg?w=800&amp;ssl=1 800w\" sizes=\"(max-width: 200px) 100vw, 200px\" \/>A \u00faltima doa\u00e7\u00e3o ocorreu no dia 15, quando os brinquedos foram entregues ao Projeto Semente e tamb\u00e9m utilizados para repor materiais l\u00fadicos da biblioteca do F\u00f3rum Municipal. Atualmente, cerca de 15 presos participam da produ\u00e7\u00e3o, que alcan\u00e7a uma m\u00e9dia de 120 pe\u00e7as por m\u00eas.<\/p>\n<h3 style=\"text-align: center;\" data-start=\"890\" data-end=\"928\">Ressocializa\u00e7\u00e3o e impacto social<\/h3>\n<p data-start=\"930\" data-end=\"1174\">O diretor-geral do pres\u00eddio, Marcelo Castro, ressaltou que a iniciativa vai al\u00e9m da fabrica\u00e7\u00e3o de brinquedos. Segundo ele, os projetos oferecem dignidade e prop\u00f3sito aos detentos, ao mesmo tempo em que estreitam os la\u00e7os com a comunidade.<\/p>\n<blockquote data-start=\"1175\" data-end=\"1343\">\n<p data-start=\"1177\" data-end=\"1343\">\u201cCada brinquedo produzido representa esperan\u00e7a, reconstru\u00e7\u00e3o de vidas e, principalmente, leva alegria \u00e0s crian\u00e7as que recebem esse gesto de solidariedade\u201d, afirmou.<\/p>\n<\/blockquote>\n<p data-start=\"1345\" data-end=\"1675\"><img data-recalc-dims=\"1\" loading=\"lazy\" decoding=\"async\" data-attachment-id=\"12906\" data-permalink=\"https:\/\/www.tvuai.com.br\/portal\/presidio-de-itajuba-doa-280-brinquedos-produzidos-por-presos-a-criancas-de-santa-rita-do-sapucai\/brinquedos-presidio5\/\" data-orig-file=\"https:\/\/i0.wp.com\/www.tvuai.com.br\/portal\/wp-content\/uploads\/2025\/08\/brinquedos-presidio5.jpg?fit=588%2C588&amp;ssl=1\" data-orig-size=\"588,588\" data-comments-opened=\"0\" data-image-meta=\"{&quot;aperture&quot;:&quot;0&quot;,&quot;credit&quot;:&quot;&quot;,&quot;camera&quot;:&quot;&quot;,&quot;caption&quot;:&quot;&quot;,&quot;created_timestamp&quot;:&quot;0&quot;,&quot;copyright&quot;:&quot;&quot;,&quot;focal_length&quot;:&quot;0&quot;,&quot;iso&quot;:&quot;0&quot;,&quot;shutter_speed&quot;:&quot;0&quot;,&quot;title&quot;:&quot;&quot;,&quot;orientation&quot;:&quot;0&quot;}\" data-image-title=\"brinquedos pres\u00eddio5\" data-image-description=\"\" data-image-caption=\"\" data-medium-file=\"https:\/\/i0.wp.com\/www.tvuai.com.br\/portal\/wp-content\/uploads\/2025\/08\/brinquedos-presidio5.jpg?fit=300%2C300&amp;ssl=1\" data-large-file=\"https:\/\/i0.wp.com\/www.tvuai.com.br\/portal\/wp-content\/uploads\/2025\/08\/brinquedos-presidio5.jpg?fit=588%2C588&amp;ssl=1\" tabindex=\"0\" role=\"button\" class=\"size-medium wp-image-12906 alignleft\" src=\"https:\/\/i0.wp.com\/www.tvuai.com.br\/portal\/wp-content\/uploads\/2025\/08\/brinquedos-presidio5.jpg?resize=300%2C300&#038;ssl=1\" alt=\"\" width=\"300\" height=\"300\" srcset=\"https:\/\/i0.wp.com\/www.tvuai.com.br\/portal\/wp-content\/uploads\/2025\/08\/brinquedos-presidio5.jpg?resize=300%2C300&amp;ssl=1 300w, https:\/\/i0.wp.com\/www.tvuai.com.br\/portal\/wp-content\/uploads\/2025\/08\/brinquedos-presidio5.jpg?resize=150%2C150&amp;ssl=1 150w, https:\/\/i0.wp.com\/www.tvuai.com.br\/portal\/wp-content\/uploads\/2025\/08\/brinquedos-presidio5.jpg?resize=45%2C45&amp;ssl=1 45w, https:\/\/i0.wp.com\/www.tvuai.com.br\/portal\/wp-content\/uploads\/2025\/08\/brinquedos-presidio5.jpg?w=588&amp;ssl=1 588w\" sizes=\"(max-width: 300px) 100vw, 300px\" \/>Os brinquedos beneficiam n\u00e3o apenas projetos sociais, mas tamb\u00e9m creches, escolas p\u00fablicas, lares de acolhimento e grupos de escoteiros de Itajub\u00e1 e de v\u00e1rias cidades do Sul de Minas. Os insumos s\u00e3o obtidos por meio de doa\u00e7\u00f5es, parcerias locais e reaproveitamento de materiais, como madeira e tecidos que seriam descartados.<\/p>\n<p data-start=\"1677\" data-end=\"1821\">O secret\u00e1rio de Estado de Justi\u00e7a e Seguran\u00e7a P\u00fablica, Rog\u00e9rio Greco, destacou que a ressocializa\u00e7\u00e3o \u00e9 uma prioridade do Governo de Minas.<\/p>\n<blockquote data-start=\"1822\" data-end=\"2035\">\n<p data-start=\"1824\" data-end=\"2035\">\u201cO trabalho \u00e9 uma ferramenta que ensina disciplina, responsabilidade e oferece qualifica\u00e7\u00e3o real. Um preso ocupado est\u00e1 se preparando para recome\u00e7ar a vida com mais chances de n\u00e3o reincidir no crime\u201d, avaliou.<\/p>\n<\/blockquote>\n<h3 style=\"text-align: center;\" data-start=\"2037\" data-end=\"2070\">Resultados e pr\u00f3ximas a\u00e7\u00f5es<\/h3>\n<p data-start=\"2072\" data-end=\"2391\"><img data-recalc-dims=\"1\" loading=\"lazy\" decoding=\"async\" data-attachment-id=\"12905\" data-permalink=\"https:\/\/www.tvuai.com.br\/portal\/presidio-de-itajuba-doa-280-brinquedos-produzidos-por-presos-a-criancas-de-santa-rita-do-sapucai\/brinquedos-presidio4\/\" data-orig-file=\"https:\/\/i0.wp.com\/www.tvuai.com.br\/portal\/wp-content\/uploads\/2025\/08\/brinquedos-presidio4.jpg?fit=800%2C683&amp;ssl=1\" data-orig-size=\"800,683\" data-comments-opened=\"0\" data-image-meta=\"{&quot;aperture&quot;:&quot;0&quot;,&quot;credit&quot;:&quot;&quot;,&quot;camera&quot;:&quot;&quot;,&quot;caption&quot;:&quot;&quot;,&quot;created_timestamp&quot;:&quot;0&quot;,&quot;copyright&quot;:&quot;&quot;,&quot;focal_length&quot;:&quot;0&quot;,&quot;iso&quot;:&quot;0&quot;,&quot;shutter_speed&quot;:&quot;0&quot;,&quot;title&quot;:&quot;&quot;,&quot;orientation&quot;:&quot;0&quot;}\" data-image-title=\"brinquedos pres\u00eddio4\" data-image-description=\"\" data-image-caption=\"\" data-medium-file=\"https:\/\/i0.wp.com\/www.tvuai.com.br\/portal\/wp-content\/uploads\/2025\/08\/brinquedos-presidio4.jpg?fit=300%2C256&amp;ssl=1\" data-large-file=\"https:\/\/i0.wp.com\/www.tvuai.com.br\/portal\/wp-content\/uploads\/2025\/08\/brinquedos-presidio4.jpg?fit=640%2C546&amp;ssl=1\" tabindex=\"0\" role=\"button\" class=\"size-medium wp-image-12905 alignright\" src=\"https:\/\/i0.wp.com\/www.tvuai.com.br\/portal\/wp-content\/uploads\/2025\/08\/brinquedos-presidio4.jpg?resize=300%2C256&#038;ssl=1\" alt=\"\" width=\"300\" height=\"256\" srcset=\"https:\/\/i0.wp.com\/www.tvuai.com.br\/portal\/wp-content\/uploads\/2025\/08\/brinquedos-presidio4.jpg?resize=300%2C256&amp;ssl=1 300w, https:\/\/i0.wp.com\/www.tvuai.com.br\/portal\/wp-content\/uploads\/2025\/08\/brinquedos-presidio4.jpg?resize=768%2C656&amp;ssl=1 768w, https:\/\/i0.wp.com\/www.tvuai.com.br\/portal\/wp-content\/uploads\/2025\/08\/brinquedos-presidio4.jpg?w=800&amp;ssl=1 800w\" sizes=\"(max-width: 300px) 100vw, 300px\" \/>Desde 2022, quando foram implantados, os projetos j\u00e1 produziram e doaram mais de cinco mil brinquedos. A pr\u00f3xima entrega est\u00e1 marcada para outubro, durante a Caravana da Alegria, que dever\u00e1 distribuir cerca de 1.500 brinquedos em escolas da regi\u00e3o ao longo de cinco dias, em comemora\u00e7\u00e3o \u00e0 semana das crian\u00e7as.<\/p>\n<p data-start=\"2393\" data-end=\"2530\">Para o diretor regional da 17\u00aa Regi\u00e3o Integrada de Seguran\u00e7a P\u00fablica, Gilson Silva, a a\u00e7\u00e3o refor\u00e7a o papel social da Pol\u00edcia Penal.<\/p>\n<blockquote data-start=\"2531\" data-end=\"2677\">\n<p data-start=\"2533\" data-end=\"2677\">\u201cProjetos como esse transformam realidades tanto para as crian\u00e7as atendidas quanto para os detentos em processo de ressocializa\u00e7\u00e3o\u201d, destacou.<\/p>\n<\/blockquote>\n<h6 style=\"text-align: right;\" data-start=\"2533\" data-end=\"2677\"><em><strong>Com informa\u00e7\u00f5es de\u00a0 Lara Nassif\/<\/strong><\/em><em><strong>Images Sejusp<\/strong><\/em><\/h6>\n\n<div style=\"font-size: 0px; height: 0px; line-height: 0px; margin: 0; padding: 0; clear: both;\"><\/div><div class='share-to-whatsapp-wrapper'><div class='share-on-whsp'>Share on: <\/div><a data-text='Pres\u00eddio de Itajub\u00e1 doa 280 brinquedos produzidos por presos a crian\u00e7as de Santa Rita do Sapuca\u00ed' data-link='https:\/\/www.tvuai.com.br\/portal\/presidio-de-itajuba-doa-280-brinquedos-produzidos-por-presos-a-criancas-de-santa-rita-do-sapucai\/' class='whatsapp-button whatsapp-share'>WhatsApp<\/a><div class='clear '><\/div><\/div><!-- AddThis Advanced Settings generic via filter on the_content --><!-- AddThis Share Buttons generic via filter on the_content -->","protected":false},"excerpt":{"rendered":"<p>O Pres\u00eddio de Itajub\u00e1, no Sul de Minas, realizou neste m\u00eas de agosto a entrega de 280 brinquedos confeccionados por detentos a crian\u00e7as em situa\u00e7\u00e3o de vulnerabilidade social de Santa Rita do Sapuca\u00ed. Entre os itens doados est\u00e3o carrinhos, bonecas, jogos educativos e brinquedos de madeira, produzidos nos projetos Boneca de Pano e F\u00e1brica da [&hellip;]<!-- AddThis Advanced Settings generic via filter on get_the_excerpt --><!-- AddThis Share Buttons generic via filter on get_the_excerpt --><\/p>\n","protected":false},"author":1,"featured_media":12901,"comment_status":"closed","ping_status":"closed","sticky":false,"template":"","format":"standard","meta":{"jetpack_post_was_ever_published":false,"_jetpack_newsletter_access":"","_jetpack_dont_email_post_to_subs":false,"_jetpack_newsletter_tier_id":0,"_jetpack_memberships_contains_paywalled_content":false,"_jetpack_memberships_contains_paid_content":false,"_joinchat":[],"footnotes":"","jetpack_publicize_message":"","jetpack_publicize_feature_enabled":true,"jetpack_social_post_already_shared":false,"jetpack_social_options":{"image_generator_settings":{"template":"highway","enabled":false},"version":2}},"categories":[1845,19,5786,5],"tags":[6295,6292,6291,6294,5669,6296,913,6300,6299,184,4107,37,5911,6293,6298,61,6297,6301,39,27,1618,4796],"class_list":["post-12898","post","type-post","status-publish","format-standard","has-post-thumbnail","hentry","category-educacao","category-noticias","category-policia","category-ultimas","tag-17a-regiao-integrada-de-seguranca-publica","tag-boneca-de-pano","tag-brinquedos-doados","tag-criancas-em-vulnerabilidade","tag-fabrica-da-alegria","tag-gilson-silva","tag-governo-de-minas-gerais","tag-lara-nassif","tag-marcelo-castro","tag-minas-gerais","tag-policia-penal","tag-pouso-alegre","tag-presidio-de-itajuba","tag-ressocializacao-de-presos","tag-rogerio-greco","tag-santa-rita-do-sapucai","tag-secretario-de-estado-de-justica-e-seguranca-publica-mg","tag-sejusp","tag-sul-de-minas","tag-tv-uai","tag-tv-uai-pouso-alegre","tag-tvuai25"],"jetpack_publicize_connections":[],"yoast_head":"<!-- This site is optimized with the Yoast SEO plugin v23.5 - https:\/\/yoast.com\/wordpress\/plugins\/seo\/ -->\n<title>Pres\u00eddio de Itajub\u00e1 doa 280 brinquedos produzidos por presos a crian\u00e7as de Santa Rita do Sapuca\u00ed - TVUAI<\/title>\n<meta name=\"robots\" content=\"index, follow, max-snippet:-1, max-image-preview:large, max-video-preview:-1\" \/>\n<link rel=\"canonical\" href=\"https:\/\/www.tvuai.com.br\/portal\/presidio-de-itajuba-doa-280-brinquedos-produzidos-por-presos-a-criancas-de-santa-rita-do-sapucai\/\" \/>\n<meta property=\"og:locale\" content=\"pt_BR\" \/>\n<meta property=\"og:type\" content=\"article\" \/>\n<meta property=\"og:title\" content=\"Pres\u00eddio de Itajub\u00e1 doa 280 brinquedos produzidos por presos a crian\u00e7as de Santa Rita do Sapuca\u00ed - TVUAI\" \/>\n<meta property=\"og:description\" content=\"O Pres\u00eddio de Itajub\u00e1, no Sul de Minas, realizou neste m\u00eas de agosto a entrega de 280 brinquedos confeccionados por detentos a crian\u00e7as em situa\u00e7\u00e3o de vulnerabilidade social de Santa Rita do Sapuca\u00ed. Entre os itens doados est\u00e3o carrinhos, bonecas, jogos educativos e brinquedos de madeira, produzidos nos projetos Boneca de Pano e F\u00e1brica da [&hellip;]\" \/>\n<meta property=\"og:url\" content=\"https:\/\/www.tvuai.com.br\/portal\/presidio-de-itajuba-doa-280-brinquedos-produzidos-por-presos-a-criancas-de-santa-rita-do-sapucai\/\" \/>\n<meta property=\"og:site_name\" content=\"TVUAI\" \/>\n<meta property=\"article:publisher\" content=\"http:\/\/www.facebook.com\/pages\/TV-Uai-Comunica%c3%a7%c3%a3o\/139062546157369\" \/>\n<meta property=\"article:published_time\" content=\"2025-08-21T18:24:10+00:00\" \/>\n<meta property=\"article:modified_time\" content=\"2025-08-24T20:56:17+00:00\" \/>\n<meta property=\"og:image\" content=\"https:\/\/www.tvuai.com.br\/portal\/wp-content\/uploads\/2025\/08\/brinquedos-presidio0.jpg\" \/>\n\t<meta property=\"og:image:width\" content=\"200\" \/>\n\t<meta property=\"og:image:height\" content=\"200\" \/>\n\t<meta property=\"og:image:type\" content=\"image\/jpeg\" \/>\n<meta name=\"author\" content=\"tvuai\" \/>\n<meta name=\"twitter:card\" content=\"summary_large_image\" \/>\n<meta name=\"twitter:creator\" content=\"@tvuai\" \/>\n<meta name=\"twitter:site\" content=\"@tvuai\" \/>\n<meta name=\"twitter:label1\" content=\"Escrito por\" \/>\n\t<meta name=\"twitter:data1\" content=\"tvuai\" \/>\n\t<meta name=\"twitter:label2\" content=\"Est. tempo de leitura\" \/>\n\t<meta name=\"twitter:data2\" content=\"3 minutos\" \/>\n<script type=\"application\/ld+json\" class=\"yoast-schema-graph\">{\"@context\":\"https:\/\/schema.org\",\"@graph\":[{\"@type\":\"Article\",\"@id\":\"https:\/\/www.tvuai.com.br\/portal\/presidio-de-itajuba-doa-280-brinquedos-produzidos-por-presos-a-criancas-de-santa-rita-do-sapucai\/#article\",\"isPartOf\":{\"@id\":\"https:\/\/www.tvuai.com.br\/portal\/presidio-de-itajuba-doa-280-brinquedos-produzidos-por-presos-a-criancas-de-santa-rita-do-sapucai\/\"},\"author\":{\"name\":\"tvuai\",\"@id\":\"https:\/\/www.tvuai.com.br\/portal\/#\/schema\/person\/245e50e9127451fd0b7fd76f519ebbfe\"},\"headline\":\"Pres\u00eddio de Itajub\u00e1 doa 280 brinquedos produzidos por presos a crian\u00e7as de Santa Rita do Sapuca\u00ed\",\"datePublished\":\"2025-08-21T18:24:10+00:00\",\"dateModified\":\"2025-08-24T20:56:17+00:00\",\"mainEntityOfPage\":{\"@id\":\"https:\/\/www.tvuai.com.br\/portal\/presidio-de-itajuba-doa-280-brinquedos-produzidos-por-presos-a-criancas-de-santa-rita-do-sapucai\/\"},\"wordCount\":429,\"publisher\":{\"@id\":\"https:\/\/www.tvuai.com.br\/portal\/#organization\"},\"image\":{\"@id\":\"https:\/\/www.tvuai.com.br\/portal\/presidio-de-itajuba-doa-280-brinquedos-produzidos-por-presos-a-criancas-de-santa-rita-do-sapucai\/#primaryimage\"},\"thumbnailUrl\":\"https:\/\/i0.wp.com\/www.tvuai.com.br\/portal\/wp-content\/uploads\/2025\/08\/brinquedos-presidio0.jpg?fit=200%2C200&ssl=1\",\"keywords\":[\"17\u00aa Regi\u00e3o Integrada de Seguran\u00e7a P\u00fablica\",\"Boneca de Pano\",\"brinquedos doados\",\"crian\u00e7as em vulnerabilidade\",\"F\u00e1brica da Alegria\",\"Gilson Silva\",\"governo de Minas Gerais\",\"Lara Nassif\",\"Marcelo Castro\",\"Minas Gerais\",\"Pol\u00edcia Penal\",\"Pouso Alegre\",\"Pres\u00eddio de Itajub\u00e1\",\"ressocializa\u00e7\u00e3o de presos\",\"Rog\u00e9rio Greco\",\"Santa Rita do Sapuca\u00ed\",\"secret\u00e1rio de Estado de Justi\u00e7a e Seguran\u00e7a P\u00fablica MG\",\"Sejusp\",\"Sul de Minas\",\"TV Uai\",\"TV UAI Pouso Alegre\",\"TVUAI25\"],\"articleSection\":[\"Educa\u00e7\u00e3o\",\"Not\u00edcias\",\"Pol\u00edcia\",\"\u00daltimas Not\u00edcias\"],\"inLanguage\":\"pt-BR\"},{\"@type\":\"WebPage\",\"@id\":\"https:\/\/www.tvuai.com.br\/portal\/presidio-de-itajuba-doa-280-brinquedos-produzidos-por-presos-a-criancas-de-santa-rita-do-sapucai\/\",\"url\":\"https:\/\/www.tvuai.com.br\/portal\/presidio-de-itajuba-doa-280-brinquedos-produzidos-por-presos-a-criancas-de-santa-rita-do-sapucai\/\",\"name\":\"Pres\u00eddio de Itajub\u00e1 doa 280 brinquedos produzidos por presos a crian\u00e7as de Santa Rita do Sapuca\u00ed - TVUAI\",\"isPartOf\":{\"@id\":\"https:\/\/www.tvuai.com.br\/portal\/#website\"},\"primaryImageOfPage\":{\"@id\":\"https:\/\/www.tvuai.com.br\/portal\/presidio-de-itajuba-doa-280-brinquedos-produzidos-por-presos-a-criancas-de-santa-rita-do-sapucai\/#primaryimage\"},\"image\":{\"@id\":\"https:\/\/www.tvuai.com.br\/portal\/presidio-de-itajuba-doa-280-brinquedos-produzidos-por-presos-a-criancas-de-santa-rita-do-sapucai\/#primaryimage\"},\"thumbnailUrl\":\"https:\/\/i0.wp.com\/www.tvuai.com.br\/portal\/wp-content\/uploads\/2025\/08\/brinquedos-presidio0.jpg?fit=200%2C200&ssl=1\",\"datePublished\":\"2025-08-21T18:24:10+00:00\",\"dateModified\":\"2025-08-24T20:56:17+00:00\",\"breadcrumb\":{\"@id\":\"https:\/\/www.tvuai.com.br\/portal\/presidio-de-itajuba-doa-280-brinquedos-produzidos-por-presos-a-criancas-de-santa-rita-do-sapucai\/#breadcrumb\"},\"inLanguage\":\"pt-BR\",\"potentialAction\":[{\"@type\":\"ReadAction\",\"target\":[\"https:\/\/www.tvuai.com.br\/portal\/presidio-de-itajuba-doa-280-brinquedos-produzidos-por-presos-a-criancas-de-santa-rita-do-sapucai\/\"]}]},{\"@type\":\"ImageObject\",\"inLanguage\":\"pt-BR\",\"@id\":\"https:\/\/www.tvuai.com.br\/portal\/presidio-de-itajuba-doa-280-brinquedos-produzidos-por-presos-a-criancas-de-santa-rita-do-sapucai\/#primaryimage\",\"url\":\"https:\/\/i0.wp.com\/www.tvuai.com.br\/portal\/wp-content\/uploads\/2025\/08\/brinquedos-presidio0.jpg?fit=200%2C200&ssl=1\",\"contentUrl\":\"https:\/\/i0.wp.com\/www.tvuai.com.br\/portal\/wp-content\/uploads\/2025\/08\/brinquedos-presidio0.jpg?fit=200%2C200&ssl=1\",\"width\":200,\"height\":200},{\"@type\":\"BreadcrumbList\",\"@id\":\"https:\/\/www.tvuai.com.br\/portal\/presidio-de-itajuba-doa-280-brinquedos-produzidos-por-presos-a-criancas-de-santa-rita-do-sapucai\/#breadcrumb\",\"itemListElement\":[{\"@type\":\"ListItem\",\"position\":1,\"name\":\"In\u00edcio\",\"item\":\"https:\/\/www.tvuai.com.br\/portal\/\"},{\"@type\":\"ListItem\",\"position\":2,\"name\":\"Pres\u00eddio de Itajub\u00e1 doa 280 brinquedos produzidos por presos a crian\u00e7as de Santa Rita do Sapuca\u00ed\"}]},{\"@type\":\"WebSite\",\"@id\":\"https:\/\/www.tvuai.com.br\/portal\/#website\",\"url\":\"https:\/\/www.tvuai.com.br\/portal\/\",\"name\":\"TVUAI\",\"description\":\"Tudo sobre o Sul de Minas\",\"publisher\":{\"@id\":\"https:\/\/www.tvuai.com.br\/portal\/#organization\"},\"potentialAction\":[{\"@type\":\"SearchAction\",\"target\":{\"@type\":\"EntryPoint\",\"urlTemplate\":\"https:\/\/www.tvuai.com.br\/portal\/?s={search_term_string}\"},\"query-input\":{\"@type\":\"PropertyValueSpecification\",\"valueRequired\":true,\"valueName\":\"search_term_string\"}}],\"inLanguage\":\"pt-BR\"},{\"@type\":\"Organization\",\"@id\":\"https:\/\/www.tvuai.com.br\/portal\/#organization\",\"name\":\"TVUAI\",\"url\":\"https:\/\/www.tvuai.com.br\/portal\/\",\"logo\":{\"@type\":\"ImageObject\",\"inLanguage\":\"pt-BR\",\"@id\":\"https:\/\/www.tvuai.com.br\/portal\/#\/schema\/logo\/image\/\",\"url\":\"https:\/\/i0.wp.com\/www.tvuai.com.br\/portal\/wp-content\/uploads\/2017\/12\/logo_tvuai_100H.png?fit=207%2C100&ssl=1\",\"contentUrl\":\"https:\/\/i0.wp.com\/www.tvuai.com.br\/portal\/wp-content\/uploads\/2017\/12\/logo_tvuai_100H.png?fit=207%2C100&ssl=1\",\"width\":207,\"height\":100,\"caption\":\"TVUAI\"},\"image\":{\"@id\":\"https:\/\/www.tvuai.com.br\/portal\/#\/schema\/logo\/image\/\"},\"sameAs\":[\"http:\/\/www.facebook.com\/pages\/TV-Uai-Comunica\u00e7\u00e3o\/139062546157369\",\"https:\/\/x.com\/tvuai\",\"https:\/\/www.instagram.com\/tvuai_network\/\",\"https:\/\/www.youtube.com\/channel\/UCB7ZPB3wRv-OpoZ_09jmnkQ\"]},{\"@type\":\"Person\",\"@id\":\"https:\/\/www.tvuai.com.br\/portal\/#\/schema\/person\/245e50e9127451fd0b7fd76f519ebbfe\",\"name\":\"tvuai\",\"url\":\"https:\/\/www.tvuai.com.br\/portal\/author\/tvuai\/\"}]}<\/script>\n<!-- \/ Yoast SEO plugin. -->","yoast_head_json":{"title":"Pres\u00eddio de Itajub\u00e1 doa 280 brinquedos produzidos por presos a crian\u00e7as de Santa Rita do Sapuca\u00ed - TVUAI","robots":{"index":"index","follow":"follow","max-snippet":"max-snippet:-1","max-image-preview":"max-image-preview:large","max-video-preview":"max-video-preview:-1"},"canonical":"https:\/\/www.tvuai.com.br\/portal\/presidio-de-itajuba-doa-280-brinquedos-produzidos-por-presos-a-criancas-de-santa-rita-do-sapucai\/","og_locale":"pt_BR","og_type":"article","og_title":"Pres\u00eddio de Itajub\u00e1 doa 280 brinquedos produzidos por presos a crian\u00e7as de Santa Rita do Sapuca\u00ed - TVUAI","og_description":"O Pres\u00eddio de Itajub\u00e1, no Sul de Minas, realizou neste m\u00eas de agosto a entrega de 280 brinquedos confeccionados por detentos a crian\u00e7as em situa\u00e7\u00e3o de vulnerabilidade social de Santa Rita do Sapuca\u00ed. Entre os itens doados est\u00e3o carrinhos, bonecas, jogos educativos e brinquedos de madeira, produzidos nos projetos Boneca de Pano e F\u00e1brica da [&hellip;]","og_url":"https:\/\/www.tvuai.com.br\/portal\/presidio-de-itajuba-doa-280-brinquedos-produzidos-por-presos-a-criancas-de-santa-rita-do-sapucai\/","og_site_name":"TVUAI","article_publisher":"http:\/\/www.facebook.com\/pages\/TV-Uai-Comunica%c3%a7%c3%a3o\/139062546157369","article_published_time":"2025-08-21T18:24:10+00:00","article_modified_time":"2025-08-24T20:56:17+00:00","og_image":[{"width":200,"height":200,"url":"https:\/\/www.tvuai.com.br\/portal\/wp-content\/uploads\/2025\/08\/brinquedos-presidio0.jpg","type":"image\/jpeg"}],"author":"tvuai","twitter_card":"summary_large_image","twitter_creator":"@tvuai","twitter_site":"@tvuai","twitter_misc":{"Escrito por":"tvuai","Est. tempo de leitura":"3 minutos"},"schema":{"@context":"https:\/\/schema.org","@graph":[{"@type":"Article","@id":"https:\/\/www.tvuai.com.br\/portal\/presidio-de-itajuba-doa-280-brinquedos-produzidos-por-presos-a-criancas-de-santa-rita-do-sapucai\/#article","isPartOf":{"@id":"https:\/\/www.tvuai.com.br\/portal\/presidio-de-itajuba-doa-280-brinquedos-produzidos-por-presos-a-criancas-de-santa-rita-do-sapucai\/"},"author":{"name":"tvuai","@id":"https:\/\/www.tvuai.com.br\/portal\/#\/schema\/person\/245e50e9127451fd0b7fd76f519ebbfe"},"headline":"Pres\u00eddio de Itajub\u00e1 doa 280 brinquedos produzidos por presos a crian\u00e7as de Santa Rita do Sapuca\u00ed","datePublished":"2025-08-21T18:24:10+00:00","dateModified":"2025-08-24T20:56:17+00:00","mainEntityOfPage":{"@id":"https:\/\/www.tvuai.com.br\/portal\/presidio-de-itajuba-doa-280-brinquedos-produzidos-por-presos-a-criancas-de-santa-rita-do-sapucai\/"},"wordCount":429,"publisher":{"@id":"https:\/\/www.tvuai.com.br\/portal\/#organization"},"image":{"@id":"https:\/\/www.tvuai.com.br\/portal\/presidio-de-itajuba-doa-280-brinquedos-produzidos-por-presos-a-criancas-de-santa-rita-do-sapucai\/#primaryimage"},"thumbnailUrl":"https:\/\/i0.wp.com\/www.tvuai.com.br\/portal\/wp-content\/uploads\/2025\/08\/brinquedos-presidio0.jpg?fit=200%2C200&ssl=1","keywords":["17\u00aa Regi\u00e3o Integrada de Seguran\u00e7a P\u00fablica","Boneca de Pano","brinquedos doados","crian\u00e7as em vulnerabilidade","F\u00e1brica da Alegria","Gilson Silva","governo de Minas Gerais","Lara Nassif","Marcelo Castro","Minas Gerais","Pol\u00edcia Penal","Pouso Alegre","Pres\u00eddio de Itajub\u00e1","ressocializa\u00e7\u00e3o de presos","Rog\u00e9rio Greco","Santa Rita do Sapuca\u00ed","secret\u00e1rio de Estado de Justi\u00e7a e Seguran\u00e7a P\u00fablica MG","Sejusp","Sul de Minas","TV Uai","TV UAI Pouso Alegre","TVUAI25"],"articleSection":["Educa\u00e7\u00e3o","Not\u00edcias","Pol\u00edcia","\u00daltimas Not\u00edcias"],"inLanguage":"pt-BR"},{"@type":"WebPage","@id":"https:\/\/www.tvuai.com.br\/portal\/presidio-de-itajuba-doa-280-brinquedos-produzidos-por-presos-a-criancas-de-santa-rita-do-sapucai\/","url":"https:\/\/www.tvuai.com.br\/portal\/presidio-de-itajuba-doa-280-brinquedos-produzidos-por-presos-a-criancas-de-santa-rita-do-sapucai\/","name":"Pres\u00eddio de Itajub\u00e1 doa 280 brinquedos produzidos por presos a crian\u00e7as de Santa Rita do Sapuca\u00ed - TVUAI","isPartOf":{"@id":"https:\/\/www.tvuai.com.br\/portal\/#website"},"primaryImageOfPage":{"@id":"https:\/\/www.tvuai.com.br\/portal\/presidio-de-itajuba-doa-280-brinquedos-produzidos-por-presos-a-criancas-de-santa-rita-do-sapucai\/#primaryimage"},"image":{"@id":"https:\/\/www.tvuai.com.br\/portal\/presidio-de-itajuba-doa-280-brinquedos-produzidos-por-presos-a-criancas-de-santa-rita-do-sapucai\/#primaryimage"},"thumbnailUrl":"https:\/\/i0.wp.com\/www.tvuai.com.br\/portal\/wp-content\/uploads\/2025\/08\/brinquedos-presidio0.jpg?fit=200%2C200&ssl=1","datePublished":"2025-08-21T18:24:10+00:00","dateModified":"2025-08-24T20:56:17+00:00","breadcrumb":{"@id":"https:\/\/www.tvuai.com.br\/portal\/presidio-de-itajuba-doa-280-brinquedos-produzidos-por-presos-a-criancas-de-santa-rita-do-sapucai\/#breadcrumb"},"inLanguage":"pt-BR","potentialAction":[{"@type":"ReadAction","target":["https:\/\/www.tvuai.com.br\/portal\/presidio-de-itajuba-doa-280-brinquedos-produzidos-por-presos-a-criancas-de-santa-rita-do-sapucai\/"]}]},{"@type":"ImageObject","inLanguage":"pt-BR","@id":"https:\/\/www.tvuai.com.br\/portal\/presidio-de-itajuba-doa-280-brinquedos-produzidos-por-presos-a-criancas-de-santa-rita-do-sapucai\/#primaryimage","url":"https:\/\/i0.wp.com\/www.tvuai.com.br\/portal\/wp-content\/uploads\/2025\/08\/brinquedos-presidio0.jpg?fit=200%2C200&ssl=1","contentUrl":"https:\/\/i0.wp.com\/www.tvuai.com.br\/portal\/wp-content\/uploads\/2025\/08\/brinquedos-presidio0.jpg?fit=200%2C200&ssl=1","width":200,"height":200},{"@type":"BreadcrumbList","@id":"https:\/\/www.tvuai.com.br\/portal\/presidio-de-itajuba-doa-280-brinquedos-produzidos-por-presos-a-criancas-de-santa-rita-do-sapucai\/#breadcrumb","itemListElement":[{"@type":"ListItem","position":1,"name":"In\u00edcio","item":"https:\/\/www.tvuai.com.br\/portal\/"},{"@type":"ListItem","position":2,"name":"Pres\u00eddio de Itajub\u00e1 doa 280 brinquedos produzidos por presos a crian\u00e7as de Santa Rita do Sapuca\u00ed"}]},{"@type":"WebSite","@id":"https:\/\/www.tvuai.com.br\/portal\/#website","url":"https:\/\/www.tvuai.com.br\/portal\/","name":"TVUAI","description":"Tudo sobre o Sul de Minas","publisher":{"@id":"https:\/\/www.tvuai.com.br\/portal\/#organization"},"potentialAction":[{"@type":"SearchAction","target":{"@type":"EntryPoint","urlTemplate":"https:\/\/www.tvuai.com.br\/portal\/?s={search_term_string}"},"query-input":{"@type":"PropertyValueSpecification","valueRequired":true,"valueName":"search_term_string"}}],"inLanguage":"pt-BR"},{"@type":"Organization","@id":"https:\/\/www.tvuai.com.br\/portal\/#organization","name":"TVUAI","url":"https:\/\/www.tvuai.com.br\/portal\/","logo":{"@type":"ImageObject","inLanguage":"pt-BR","@id":"https:\/\/www.tvuai.com.br\/portal\/#\/schema\/logo\/image\/","url":"https:\/\/i0.wp.com\/www.tvuai.com.br\/portal\/wp-content\/uploads\/2017\/12\/logo_tvuai_100H.png?fit=207%2C100&ssl=1","contentUrl":"https:\/\/i0.wp.com\/www.tvuai.com.br\/portal\/wp-content\/uploads\/2017\/12\/logo_tvuai_100H.png?fit=207%2C100&ssl=1","width":207,"height":100,"caption":"TVUAI"},"image":{"@id":"https:\/\/www.tvuai.com.br\/portal\/#\/schema\/logo\/image\/"},"sameAs":["http:\/\/www.facebook.com\/pages\/TV-Uai-Comunica\u00e7\u00e3o\/139062546157369","https:\/\/x.com\/tvuai","https:\/\/www.instagram.com\/tvuai_network\/","https:\/\/www.youtube.com\/channel\/UCB7ZPB3wRv-OpoZ_09jmnkQ"]},{"@type":"Person","@id":"https:\/\/www.tvuai.com.br\/portal\/#\/schema\/person\/245e50e9127451fd0b7fd76f519ebbfe","name":"tvuai","url":"https:\/\/www.tvuai.com.br\/portal\/author\/tvuai\/"}]}},"jetpack_featured_media_url":"https:\/\/i0.wp.com\/www.tvuai.com.br\/portal\/wp-content\/uploads\/2025\/08\/brinquedos-presidio0.jpg?fit=200%2C200&ssl=1","wpmagazine_modules_lite_featured_media_urls":{"thumbnail":["https:\/\/i0.wp.com\/www.tvuai.com.br\/portal\/wp-content\/uploads\/2025\/08\/brinquedos-presidio0.jpg?resize=150%2C150&ssl=1",150,150,true],"cvmm-medium":["https:\/\/i0.wp.com\/www.tvuai.com.br\/portal\/wp-content\/uploads\/2025\/08\/brinquedos-presidio0.jpg?resize=200%2C200&ssl=1",200,200,true],"cvmm-medium-plus":["https:\/\/i0.wp.com\/www.tvuai.com.br\/portal\/wp-content\/uploads\/2025\/08\/brinquedos-presidio0.jpg?resize=200%2C200&ssl=1",200,200,true],"cvmm-portrait":["https:\/\/i0.wp.com\/www.tvuai.com.br\/portal\/wp-content\/uploads\/2025\/08\/brinquedos-presidio0.jpg?resize=200%2C200&ssl=1",200,200,true],"cvmm-medium-square":["https:\/\/i0.wp.com\/www.tvuai.com.br\/portal\/wp-content\/uploads\/2025\/08\/brinquedos-presidio0.jpg?resize=200%2C200&ssl=1",200,200,true],"cvmm-large":["https:\/\/i0.wp.com\/www.tvuai.com.br\/portal\/wp-content\/uploads\/2025\/08\/brinquedos-presidio0.jpg?resize=200%2C200&ssl=1",200,200,true],"cvmm-small":["https:\/\/i0.wp.com\/www.tvuai.com.br\/portal\/wp-content\/uploads\/2025\/08\/brinquedos-presidio0.jpg?resize=130%2C95&ssl=1",130,95,true],"full":["https:\/\/i0.wp.com\/www.tvuai.com.br\/portal\/wp-content\/uploads\/2025\/08\/brinquedos-presidio0.jpg?fit=200%2C200&ssl=1",200,200,false]},"categories_names":{"1845":{"name":"Educa\u00e7\u00e3o","link":"https:\/\/www.tvuai.com.br\/portal\/category\/educacao\/"},"19":{"name":"Not\u00edcias","link":"https:\/\/www.tvuai.com.br\/portal\/category\/noticias\/"},"5786":{"name":"Pol\u00edcia","link":"https:\/\/www.tvuai.com.br\/portal\/category\/policia\/"},"5":{"name":"\u00daltimas Not\u00edcias","link":"https:\/\/www.tvuai.com.br\/portal\/category\/noticias\/ultimas\/"}},"tags_names":{"6295":{"name":"17\u00aa Regi\u00e3o Integrada de Seguran\u00e7a P\u00fablica","link":"https:\/\/www.tvuai.com.br\/portal\/tag\/17a-regiao-integrada-de-seguranca-publica\/"},"6292":{"name":"Boneca de Pano","link":"https:\/\/www.tvuai.com.br\/portal\/tag\/boneca-de-pano\/"},"6291":{"name":"brinquedos doados","link":"https:\/\/www.tvuai.com.br\/portal\/tag\/brinquedos-doados\/"},"6294":{"name":"crian\u00e7as em vulnerabilidade","link":"https:\/\/www.tvuai.com.br\/portal\/tag\/criancas-em-vulnerabilidade\/"},"5669":{"name":"F\u00e1brica da Alegria","link":"https:\/\/www.tvuai.com.br\/portal\/tag\/fabrica-da-alegria\/"},"6296":{"name":"Gilson Silva","link":"https:\/\/www.tvuai.com.br\/portal\/tag\/gilson-silva\/"},"913":{"name":"governo de Minas Gerais","link":"https:\/\/www.tvuai.com.br\/portal\/tag\/governo-de-minas-gerais\/"},"6300":{"name":"Lara Nassif","link":"https:\/\/www.tvuai.com.br\/portal\/tag\/lara-nassif\/"},"6299":{"name":"Marcelo Castro","link":"https:\/\/www.tvuai.com.br\/portal\/tag\/marcelo-castro\/"},"184":{"name":"Minas Gerais","link":"https:\/\/www.tvuai.com.br\/portal\/tag\/minas-gerais\/"},"4107":{"name":"Pol\u00edcia Penal","link":"https:\/\/www.tvuai.com.br\/portal\/tag\/policia-penal\/"},"37":{"name":"Pouso Alegre","link":"https:\/\/www.tvuai.com.br\/portal\/tag\/pouso-alegre\/"},"5911":{"name":"Pres\u00eddio de Itajub\u00e1","link":"https:\/\/www.tvuai.com.br\/portal\/tag\/presidio-de-itajuba\/"},"6293":{"name":"ressocializa\u00e7\u00e3o de presos","link":"https:\/\/www.tvuai.com.br\/portal\/tag\/ressocializacao-de-presos\/"},"6298":{"name":"Rog\u00e9rio Greco","link":"https:\/\/www.tvuai.com.br\/portal\/tag\/rogerio-greco\/"},"61":{"name":"Santa Rita do Sapuca\u00ed","link":"https:\/\/www.tvuai.com.br\/portal\/tag\/santa-rita-do-sapucai\/"},"6297":{"name":"secret\u00e1rio de Estado de Justi\u00e7a e Seguran\u00e7a P\u00fablica MG","link":"https:\/\/www.tvuai.com.br\/portal\/tag\/secretario-de-estado-de-justica-e-seguranca-publica-mg\/"},"6301":{"name":"Sejusp","link":"https:\/\/www.tvuai.com.br\/portal\/tag\/sejusp\/"},"39":{"name":"Sul de Minas","link":"https:\/\/www.tvuai.com.br\/portal\/tag\/sul-de-minas\/"},"27":{"name":"TV Uai","link":"https:\/\/www.tvuai.com.br\/portal\/tag\/tv-uai\/"},"1618":{"name":"TV UAI Pouso Alegre","link":"https:\/\/www.tvuai.com.br\/portal\/tag\/tv-uai-pouso-alegre\/"},"4796":{"name":"TVUAI25","link":"https:\/\/www.tvuai.com.br\/portal\/tag\/tvuai25\/"}},"comments_number":"0","jetpack_shortlink":"https:\/\/wp.me\/p9woix-3m2","jetpack_sharing_enabled":true,"_links":{"self":[{"href":"https:\/\/www.tvuai.com.br\/portal\/wp-json\/wp\/v2\/posts\/12898"}],"collection":[{"href":"https:\/\/www.tvuai.com.br\/portal\/wp-json\/wp\/v2\/posts"}],"about":[{"href":"https:\/\/www.tvuai.com.br\/portal\/wp-json\/wp\/v2\/types\/post"}],"author":[{"embeddable":true,"href":"https:\/\/www.tvuai.com.br\/portal\/wp-json\/wp\/v2\/users\/1"}],"replies":[{"embeddable":true,"href":"https:\/\/www.tvuai.com.br\/portal\/wp-json\/wp\/v2\/comments?post=12898"}],"version-history":[{"count":3,"href":"https:\/\/www.tvuai.com.br\/portal\/wp-json\/wp\/v2\/posts\/12898\/revisions"}],"predecessor-version":[{"id":12907,"href":"https:\/\/www.tvuai.com.br\/portal\/wp-json\/wp\/v2\/posts\/12898\/revisions\/12907"}],"wp:featuredmedia":[{"embeddable":true,"href":"https:\/\/www.tvuai.com.br\/portal\/wp-json\/wp\/v2\/media\/12901"}],"wp:attachment":[{"href":"https:\/\/www.tvuai.com.br\/portal\/wp-json\/wp\/v2\/media?parent=12898"}],"wp:term":[{"taxonomy":"category","embeddable":true,"href":"https:\/\/www.tvuai.com.br\/portal\/wp-json\/wp\/v2\/categories?post=12898"},{"taxonomy":"post_tag","embeddable":true,"href":"https:\/\/www.tvuai.com.br\/portal\/wp-json\/wp\/v2\/tags?post=12898"}],"curies":[{"name":"wp","href":"https:\/\/api.w.org\/{rel}","templated":true}]}}