{"id":12559,"date":"2025-07-24T19:38:00","date_gmt":"2025-07-24T22:38:00","guid":{"rendered":"https:\/\/www.tvuai.com.br\/portal\/?p=12559"},"modified":"2025-07-26T17:49:32","modified_gmt":"2025-07-26T20:49:32","slug":"empresa-instalada-em-presidio-de-itajuba-inspira-modelo-adotado-pelo-governo-do-paraguai","status":"publish","type":"post","link":"https:\/\/www.tvuai.com.br\/portal\/empresa-instalada-em-presidio-de-itajuba-inspira-modelo-adotado-pelo-governo-do-paraguai\/","title":{"rendered":"Empresa instalada em pres\u00eddio de Itajub\u00e1 inspira modelo adotado pelo governo do Paraguai"},"content":{"rendered":"<div class=\"5a1038e0903b96d426fcfcc338703013\" data-index=\"1\" style=\"float: right; margin:10px 0 10px 10px;\">\n<script async src=\"https:\/\/pagead2.googlesyndication.com\/pagead\/js\/adsbygoogle.js?client=ca-pub-9945944833605257\"\r\n     crossorigin=\"anonymous\"><\/script>\r\n<ins class=\"adsbygoogle\"\r\n     style=\"display:block; text-align:center;\"\r\n     data-ad-layout=\"in-article\"\r\n     data-ad-format=\"fluid\"\r\n     data-ad-client=\"ca-pub-9945944833605257\"\r\n     data-ad-slot=\"2343923581\"><\/ins>\r\n<script>\r\n     (adsbygoogle = window.adsbygoogle || []).push({});\r\n<\/script>\n<\/div>\n<h5 style=\"text-align: center;\" data-start=\"511\" data-end=\"738\"><em><strong data-start=\"511\" data-end=\"738\"><img data-recalc-dims=\"1\" fetchpriority=\"high\" decoding=\"async\" data-attachment-id=\"12564\" data-permalink=\"https:\/\/www.tvuai.com.br\/portal\/empresa-instalada-em-presidio-de-itajuba-inspira-modelo-adotado-pelo-governo-do-paraguai\/paraguai-3\/\" data-orig-file=\"https:\/\/i0.wp.com\/www.tvuai.com.br\/portal\/wp-content\/uploads\/2025\/07\/Paraguai-3.jpg?fit=1000%2C563&amp;ssl=1\" data-orig-size=\"1000,563\" data-comments-opened=\"0\" data-image-meta=\"{&quot;aperture&quot;:&quot;0&quot;,&quot;credit&quot;:&quot;&quot;,&quot;camera&quot;:&quot;Galaxy S24 Ultra&quot;,&quot;caption&quot;:&quot;&quot;,&quot;created_timestamp&quot;:&quot;1753199907&quot;,&quot;copyright&quot;:&quot;&quot;,&quot;focal_length&quot;:&quot;0&quot;,&quot;iso&quot;:&quot;200&quot;,&quot;shutter_speed&quot;:&quot;0&quot;,&quot;title&quot;:&quot;&quot;,&quot;orientation&quot;:&quot;0&quot;}\" data-image-title=\"Paraguai 3\" data-image-description=\"\" data-image-caption=\"\" data-medium-file=\"https:\/\/i0.wp.com\/www.tvuai.com.br\/portal\/wp-content\/uploads\/2025\/07\/Paraguai-3.jpg?fit=300%2C169&amp;ssl=1\" data-large-file=\"https:\/\/i0.wp.com\/www.tvuai.com.br\/portal\/wp-content\/uploads\/2025\/07\/Paraguai-3.jpg?fit=640%2C360&amp;ssl=1\" tabindex=\"0\" role=\"button\" class=\"aligncenter size-full wp-image-12564\" src=\"https:\/\/i0.wp.com\/www.tvuai.com.br\/portal\/wp-content\/uploads\/2025\/07\/Paraguai-3.jpg?resize=640%2C360&#038;ssl=1\" alt=\"\" width=\"640\" height=\"360\" srcset=\"https:\/\/i0.wp.com\/www.tvuai.com.br\/portal\/wp-content\/uploads\/2025\/07\/Paraguai-3.jpg?w=1000&amp;ssl=1 1000w, https:\/\/i0.wp.com\/www.tvuai.com.br\/portal\/wp-content\/uploads\/2025\/07\/Paraguai-3.jpg?resize=300%2C169&amp;ssl=1 300w, https:\/\/i0.wp.com\/www.tvuai.com.br\/portal\/wp-content\/uploads\/2025\/07\/Paraguai-3.jpg?resize=768%2C432&amp;ssl=1 768w\" sizes=\"(max-width: 640px) 100vw, 640px\" \/>Comitiva com 40 lideran\u00e7as de Minas Gerais e S\u00e3o Paulo cumpre agenda no pa\u00eds vizinho para firmar parcerias comerciais com apoio da Lei de Maquila. Projeto nascido em Itajub\u00e1 j\u00e1 \u00e9 replicado em unidades prisionais paraguaias<\/strong><\/em><\/h5>\n<p data-start=\"740\" data-end=\"1239\">At\u00e9 esta quarta-feira, 24 de julho, cerca de 40 empres\u00e1rios, pol\u00edticos e representantes de entidades dos estados de Minas Gerais e S\u00e3o Paulo est\u00e3o em Assun\u00e7\u00e3o, no Paraguai, cumprindo uma agenda intensa com o alto escal\u00e3o do governo do pa\u00eds. A miss\u00e3o tem como objetivo fortalecer la\u00e7os comerciais, ampliar investimentos bilaterais e consolidar parcerias em setores estrat\u00e9gicos, com apoio da chamada Lei de Maquila \u2014 mecanismo que oferece benef\u00edcios fiscais e operacionais para empresas estrangeiras.<\/p>\n<p data-start=\"1241\" data-end=\"1623\"><img data-recalc-dims=\"1\" decoding=\"async\" data-attachment-id=\"12563\" data-permalink=\"https:\/\/www.tvuai.com.br\/portal\/empresa-instalada-em-presidio-de-itajuba-inspira-modelo-adotado-pelo-governo-do-paraguai\/paraguai-2\/\" data-orig-file=\"https:\/\/i0.wp.com\/www.tvuai.com.br\/portal\/wp-content\/uploads\/2025\/07\/Paraguai-2.jpg?fit=1000%2C563&amp;ssl=1\" data-orig-size=\"1000,563\" data-comments-opened=\"0\" data-image-meta=\"{&quot;aperture&quot;:&quot;0&quot;,&quot;credit&quot;:&quot;&quot;,&quot;camera&quot;:&quot;Galaxy S24 Ultra&quot;,&quot;caption&quot;:&quot;&quot;,&quot;created_timestamp&quot;:&quot;1753271335&quot;,&quot;copyright&quot;:&quot;&quot;,&quot;focal_length&quot;:&quot;0&quot;,&quot;iso&quot;:&quot;1000&quot;,&quot;shutter_speed&quot;:&quot;0&quot;,&quot;title&quot;:&quot;&quot;,&quot;orientation&quot;:&quot;0&quot;}\" data-image-title=\"Paraguai 2\" data-image-description=\"\" data-image-caption=\"\" data-medium-file=\"https:\/\/i0.wp.com\/www.tvuai.com.br\/portal\/wp-content\/uploads\/2025\/07\/Paraguai-2.jpg?fit=300%2C169&amp;ssl=1\" data-large-file=\"https:\/\/i0.wp.com\/www.tvuai.com.br\/portal\/wp-content\/uploads\/2025\/07\/Paraguai-2.jpg?fit=640%2C360&amp;ssl=1\" tabindex=\"0\" role=\"button\" class=\"alignright size-medium wp-image-12563\" src=\"https:\/\/i0.wp.com\/www.tvuai.com.br\/portal\/wp-content\/uploads\/2025\/07\/Paraguai-2.jpg?resize=300%2C169&#038;ssl=1\" alt=\"\" width=\"300\" height=\"169\" srcset=\"https:\/\/i0.wp.com\/www.tvuai.com.br\/portal\/wp-content\/uploads\/2025\/07\/Paraguai-2.jpg?resize=300%2C169&amp;ssl=1 300w, https:\/\/i0.wp.com\/www.tvuai.com.br\/portal\/wp-content\/uploads\/2025\/07\/Paraguai-2.jpg?resize=768%2C432&amp;ssl=1 768w, https:\/\/i0.wp.com\/www.tvuai.com.br\/portal\/wp-content\/uploads\/2025\/07\/Paraguai-2.jpg?w=1000&amp;ssl=1 1000w\" sizes=\"(max-width: 300px) 100vw, 300px\" \/>Entre os destaques da comitiva, est\u00e1 o case de sucesso da empresa Triunfae, que levou ao Paraguai um modelo pioneiro implantado no Brasil: uma unidade fabril instalada em um pres\u00eddio de Itajub\u00e1, no sul de Minas. O projeto, voltado \u00e0 ressocializa\u00e7\u00e3o e capacita\u00e7\u00e3o profissional, despertou o interesse do governo paraguaio, que j\u00e1 replicou o modelo em duas unidades prisionais do pa\u00eds.<\/p>\n<p data-start=\"1625\" data-end=\"2119\">\u201cEsse tipo de parceria fortalece tanto a economia do Paraguai quanto a nossa, no Brasil. Com custos operacionais mais acess\u00edveis, \u00e9 poss\u00edvel ampliar a produ\u00e7\u00e3o aqui e investir mais nas unidades do nosso pa\u00eds, criando um ciclo virtuoso\u201d, explica Alexandre Mendon\u00e7a, s\u00f3cio da Triunfae e especialista em Direito Internacional. Segundo ele, 40 empresas brasileiras j\u00e1 est\u00e3o em processo de abertura no Paraguai, com previs\u00e3o de opera\u00e7\u00e3o entre 2026 e 2027. Pelo menos sete delas s\u00e3o mineiras.<\/p>\n<h3 style=\"text-align: center;\" data-start=\"2121\" data-end=\"2173\">Agricultura, infraestrutura e cidadania em pauta<\/h3>\n<p data-start=\"2175\" data-end=\"2529\"><img data-recalc-dims=\"1\" decoding=\"async\" data-attachment-id=\"12570\" data-permalink=\"https:\/\/www.tvuai.com.br\/portal\/empresa-instalada-em-presidio-de-itajuba-inspira-modelo-adotado-pelo-governo-do-paraguai\/paraguai1\/\" data-orig-file=\"https:\/\/i0.wp.com\/www.tvuai.com.br\/portal\/wp-content\/uploads\/2025\/07\/Paraguai1.jpg?fit=1000%2C563&amp;ssl=1\" data-orig-size=\"1000,563\" data-comments-opened=\"0\" data-image-meta=\"{&quot;aperture&quot;:&quot;1.7&quot;,&quot;credit&quot;:&quot;&quot;,&quot;camera&quot;:&quot;Galaxy S24 Ultra&quot;,&quot;caption&quot;:&quot;&quot;,&quot;created_timestamp&quot;:&quot;1753266780&quot;,&quot;copyright&quot;:&quot;&quot;,&quot;focal_length&quot;:&quot;6.3&quot;,&quot;iso&quot;:&quot;640&quot;,&quot;shutter_speed&quot;:&quot;0.009991324&quot;,&quot;title&quot;:&quot;&quot;,&quot;orientation&quot;:&quot;0&quot;}\" data-image-title=\"Paraguai1\" data-image-description=\"\" data-image-caption=\"\" data-medium-file=\"https:\/\/i0.wp.com\/www.tvuai.com.br\/portal\/wp-content\/uploads\/2025\/07\/Paraguai1.jpg?fit=300%2C169&amp;ssl=1\" data-large-file=\"https:\/\/i0.wp.com\/www.tvuai.com.br\/portal\/wp-content\/uploads\/2025\/07\/Paraguai1.jpg?fit=640%2C360&amp;ssl=1\" tabindex=\"0\" role=\"button\" class=\"alignleft size-medium wp-image-12570\" src=\"https:\/\/i0.wp.com\/www.tvuai.com.br\/portal\/wp-content\/uploads\/2025\/07\/Paraguai1.jpg?resize=300%2C169&#038;ssl=1\" alt=\"\" width=\"300\" height=\"169\" srcset=\"https:\/\/i0.wp.com\/www.tvuai.com.br\/portal\/wp-content\/uploads\/2025\/07\/Paraguai1.jpg?resize=300%2C169&amp;ssl=1 300w, https:\/\/i0.wp.com\/www.tvuai.com.br\/portal\/wp-content\/uploads\/2025\/07\/Paraguai1.jpg?resize=768%2C432&amp;ssl=1 768w, https:\/\/i0.wp.com\/www.tvuai.com.br\/portal\/wp-content\/uploads\/2025\/07\/Paraguai1.jpg?w=1000&amp;ssl=1 1000w\" sizes=\"(max-width: 300px) 100vw, 300px\" \/>No segundo dia da miss\u00e3o, a comitiva foi recebida no Minist\u00e9rio da Agricultura e Pecu\u00e1ria do Paraguai, onde estiveram com os vice-ministros Marcelo Gonz\u00e1lez (Pecu\u00e1ria) e Daniel Ortiz (Agricultura). O foco da reuni\u00e3o foi o interesse m\u00fatuo na industrializa\u00e7\u00e3o do caf\u00e9, j\u00e1 que o Paraguai ainda n\u00e3o possui produ\u00e7\u00e3o suficiente para exporta\u00e7\u00e3o.<\/p>\n<p data-start=\"2531\" data-end=\"2849\">\u201cJ\u00e1 estamos em negocia\u00e7\u00e3o com empresas argentinas para processar o caf\u00e9 aqui e exportar para o Mercosul. Agora, queremos incluir o Brasil nessa cadeia produtiva\u201d, disse Gonz\u00e1lez. A proposta \u00e9 que parte do caf\u00e9 brasileiro seja processada e finalizada no Paraguai, agregando valor e fortalecendo o interc\u00e2mbio econ\u00f4mico.<\/p>\n<p data-start=\"2851\" data-end=\"3196\"><img data-recalc-dims=\"1\" loading=\"lazy\" decoding=\"async\" data-attachment-id=\"12566\" data-permalink=\"https:\/\/www.tvuai.com.br\/portal\/empresa-instalada-em-presidio-de-itajuba-inspira-modelo-adotado-pelo-governo-do-paraguai\/paraguai-5\/\" data-orig-file=\"https:\/\/i0.wp.com\/www.tvuai.com.br\/portal\/wp-content\/uploads\/2025\/07\/Paraguai-5.jpg?fit=1000%2C563&amp;ssl=1\" data-orig-size=\"1000,563\" data-comments-opened=\"0\" data-image-meta=\"{&quot;aperture&quot;:&quot;0&quot;,&quot;credit&quot;:&quot;&quot;,&quot;camera&quot;:&quot;Galaxy S24 Ultra&quot;,&quot;caption&quot;:&quot;&quot;,&quot;created_timestamp&quot;:&quot;1753197651&quot;,&quot;copyright&quot;:&quot;&quot;,&quot;focal_length&quot;:&quot;0&quot;,&quot;iso&quot;:&quot;320&quot;,&quot;shutter_speed&quot;:&quot;0&quot;,&quot;title&quot;:&quot;&quot;,&quot;orientation&quot;:&quot;0&quot;}\" data-image-title=\"Paraguai 5\" data-image-description=\"\" data-image-caption=\"\" data-medium-file=\"https:\/\/i0.wp.com\/www.tvuai.com.br\/portal\/wp-content\/uploads\/2025\/07\/Paraguai-5.jpg?fit=300%2C169&amp;ssl=1\" data-large-file=\"https:\/\/i0.wp.com\/www.tvuai.com.br\/portal\/wp-content\/uploads\/2025\/07\/Paraguai-5.jpg?fit=640%2C360&amp;ssl=1\" tabindex=\"0\" role=\"button\" class=\"alignright size-medium wp-image-12566\" src=\"https:\/\/i0.wp.com\/www.tvuai.com.br\/portal\/wp-content\/uploads\/2025\/07\/Paraguai-5.jpg?resize=300%2C169&#038;ssl=1\" alt=\"\" width=\"300\" height=\"169\" srcset=\"https:\/\/i0.wp.com\/www.tvuai.com.br\/portal\/wp-content\/uploads\/2025\/07\/Paraguai-5.jpg?resize=300%2C169&amp;ssl=1 300w, https:\/\/i0.wp.com\/www.tvuai.com.br\/portal\/wp-content\/uploads\/2025\/07\/Paraguai-5.jpg?resize=768%2C432&amp;ssl=1 768w, https:\/\/i0.wp.com\/www.tvuai.com.br\/portal\/wp-content\/uploads\/2025\/07\/Paraguai-5.jpg?w=1000&amp;ssl=1 1000w\" sizes=\"(max-width: 300px) 100vw, 300px\" \/>Outro tema de destaque foi o Corredor Bioce\u00e2nico, rota em constru\u00e7\u00e3o que ligar\u00e1 os oceanos Atl\u00e2ntico e Pac\u00edfico, passando por Brasil, Paraguai, Argentina e Chile. A infraestrutura deve estar conclu\u00edda entre o final de 2026 e o in\u00edcio de 2027 e promete impulsionar o com\u00e9rcio com a \u00c1sia e facilitar a log\u00edstica de exporta\u00e7\u00f5es sul-americanas.<\/p>\n<p data-start=\"3198\" data-end=\"3598\">A agenda tamb\u00e9m incluiu reuni\u00f5es sobre documenta\u00e7\u00e3o para investidores e facilidades para obten\u00e7\u00e3o de cidadania paraguaia, al\u00e9m de encontros com a Secretaria Nacional de Turismo, o Minist\u00e9rio da Ind\u00fastria e Com\u00e9rcio e o Presidente da C\u00e2mara dos Deputados, Raul Latorre, que refor\u00e7ou o compromisso do governo paraguaio em n\u00e3o aumentar impostos e acelerar processos burocr\u00e1ticos.<\/p>\n<h3 style=\"text-align: center;\" data-start=\"3600\" data-end=\"3639\">Minas Gerais no centro das aten\u00e7\u00f5es<\/h3>\n<p data-start=\"3641\" data-end=\"4081\"><img data-recalc-dims=\"1\" loading=\"lazy\" decoding=\"async\" data-attachment-id=\"12568\" data-permalink=\"https:\/\/www.tvuai.com.br\/portal\/empresa-instalada-em-presidio-de-itajuba-inspira-modelo-adotado-pelo-governo-do-paraguai\/paraguai-8\/\" data-orig-file=\"https:\/\/i0.wp.com\/www.tvuai.com.br\/portal\/wp-content\/uploads\/2025\/07\/Paraguai-8.jpg?fit=1000%2C563&amp;ssl=1\" data-orig-size=\"1000,563\" data-comments-opened=\"0\" data-image-meta=\"{&quot;aperture&quot;:&quot;0&quot;,&quot;credit&quot;:&quot;&quot;,&quot;camera&quot;:&quot;Galaxy S24 Ultra&quot;,&quot;caption&quot;:&quot;&quot;,&quot;created_timestamp&quot;:&quot;1753175128&quot;,&quot;copyright&quot;:&quot;&quot;,&quot;focal_length&quot;:&quot;0&quot;,&quot;iso&quot;:&quot;80&quot;,&quot;shutter_speed&quot;:&quot;0&quot;,&quot;title&quot;:&quot;&quot;,&quot;orientation&quot;:&quot;0&quot;}\" data-image-title=\"Paraguai 8\" data-image-description=\"\" data-image-caption=\"\" data-medium-file=\"https:\/\/i0.wp.com\/www.tvuai.com.br\/portal\/wp-content\/uploads\/2025\/07\/Paraguai-8.jpg?fit=300%2C169&amp;ssl=1\" data-large-file=\"https:\/\/i0.wp.com\/www.tvuai.com.br\/portal\/wp-content\/uploads\/2025\/07\/Paraguai-8.jpg?fit=640%2C360&amp;ssl=1\" tabindex=\"0\" role=\"button\" class=\"alignleft size-medium wp-image-12568\" src=\"https:\/\/i0.wp.com\/www.tvuai.com.br\/portal\/wp-content\/uploads\/2025\/07\/Paraguai-8.jpg?resize=300%2C169&#038;ssl=1\" alt=\"\" width=\"300\" height=\"169\" srcset=\"https:\/\/i0.wp.com\/www.tvuai.com.br\/portal\/wp-content\/uploads\/2025\/07\/Paraguai-8.jpg?resize=300%2C169&amp;ssl=1 300w, https:\/\/i0.wp.com\/www.tvuai.com.br\/portal\/wp-content\/uploads\/2025\/07\/Paraguai-8.jpg?resize=768%2C432&amp;ssl=1 768w, https:\/\/i0.wp.com\/www.tvuai.com.br\/portal\/wp-content\/uploads\/2025\/07\/Paraguai-8.jpg?w=1000&amp;ssl=1 1000w\" sizes=\"(max-width: 300px) 100vw, 300px\" \/>Na comitiva brasileira, est\u00e3o tamb\u00e9m representantes da Uni\u00e3o dos Vereadores de Minas Gerais (UV Minas), que re\u00fane 407 membros em todo o estado. Para o presidente da entidade, Jo\u00e3o Paulo Felizardo, a miss\u00e3o representa um passo estrat\u00e9gico para fortalecer a economia mineira: \u201cNosso objetivo \u00e9 encontrar caminhos concretos para ampliar os neg\u00f3cios internacionais das empresas de Minas, valorizando cada regi\u00e3o e suas potencialidades.\u201d<\/p>\n<p data-start=\"4083\" data-end=\"4494\"><img data-recalc-dims=\"1\" loading=\"lazy\" decoding=\"async\" data-attachment-id=\"12569\" data-permalink=\"https:\/\/www.tvuai.com.br\/portal\/empresa-instalada-em-presidio-de-itajuba-inspira-modelo-adotado-pelo-governo-do-paraguai\/paraguai-9\/\" data-orig-file=\"https:\/\/i0.wp.com\/www.tvuai.com.br\/portal\/wp-content\/uploads\/2025\/07\/Paraguai-9.jpg?fit=1000%2C563&amp;ssl=1\" data-orig-size=\"1000,563\" data-comments-opened=\"0\" data-image-meta=\"{&quot;aperture&quot;:&quot;0&quot;,&quot;credit&quot;:&quot;&quot;,&quot;camera&quot;:&quot;Galaxy S24 Ultra&quot;,&quot;caption&quot;:&quot;&quot;,&quot;created_timestamp&quot;:&quot;1753175630&quot;,&quot;copyright&quot;:&quot;&quot;,&quot;focal_length&quot;:&quot;0&quot;,&quot;iso&quot;:&quot;25&quot;,&quot;shutter_speed&quot;:&quot;0&quot;,&quot;title&quot;:&quot;&quot;,&quot;orientation&quot;:&quot;0&quot;}\" data-image-title=\"Paraguai 9\" data-image-description=\"\" data-image-caption=\"\" data-medium-file=\"https:\/\/i0.wp.com\/www.tvuai.com.br\/portal\/wp-content\/uploads\/2025\/07\/Paraguai-9.jpg?fit=300%2C169&amp;ssl=1\" data-large-file=\"https:\/\/i0.wp.com\/www.tvuai.com.br\/portal\/wp-content\/uploads\/2025\/07\/Paraguai-9.jpg?fit=640%2C360&amp;ssl=1\" tabindex=\"0\" role=\"button\" class=\"alignright size-medium wp-image-12569\" src=\"https:\/\/i0.wp.com\/www.tvuai.com.br\/portal\/wp-content\/uploads\/2025\/07\/Paraguai-9.jpg?resize=300%2C169&#038;ssl=1\" alt=\"\" width=\"300\" height=\"169\" srcset=\"https:\/\/i0.wp.com\/www.tvuai.com.br\/portal\/wp-content\/uploads\/2025\/07\/Paraguai-9.jpg?resize=300%2C169&amp;ssl=1 300w, https:\/\/i0.wp.com\/www.tvuai.com.br\/portal\/wp-content\/uploads\/2025\/07\/Paraguai-9.jpg?resize=768%2C432&amp;ssl=1 768w, https:\/\/i0.wp.com\/www.tvuai.com.br\/portal\/wp-content\/uploads\/2025\/07\/Paraguai-9.jpg?w=1000&amp;ssl=1 1000w\" sizes=\"(max-width: 300px) 100vw, 300px\" \/>A for\u00e7a econ\u00f4mica do Paraguai vem se consolidando com base em incentivos como a Lei de Maquila, que permite importar insumos sem impostos, produzir no pa\u00eds e exportar pagando apenas 1% sobre o valor agregado. Atualmente, mais de 50% das 247 empresas cadastradas nessa modalidade s\u00e3o brasileiras, e 65% das exporta\u00e7\u00f5es v\u00e3o para o Brasil, com destaque para autope\u00e7as, vestu\u00e1rio, alimentos e pl\u00e1sticos.<\/p>\n<p data-start=\"4496\" data-end=\"4739\">Segundo dados do Conselho Nacional da Ind\u00fastria Maquiladora de Exporta\u00e7\u00e3o (CNIME), as maquiladoras paraguaias exportaram US$ 575 milh\u00f5es entre janeiro e junho deste ano, um crescimento de US$ 62 milh\u00f5es em rela\u00e7\u00e3o ao mesmo per\u00edodo de 2023.<\/p>\n<h3 style=\"text-align: center;\" data-start=\"4741\" data-end=\"4765\">Expectativas futuras<\/h3>\n<p data-start=\"4767\" data-end=\"4987\"><img data-recalc-dims=\"1\" loading=\"lazy\" decoding=\"async\" data-attachment-id=\"12565\" data-permalink=\"https:\/\/www.tvuai.com.br\/portal\/empresa-instalada-em-presidio-de-itajuba-inspira-modelo-adotado-pelo-governo-do-paraguai\/paraguai-4\/\" data-orig-file=\"https:\/\/i0.wp.com\/www.tvuai.com.br\/portal\/wp-content\/uploads\/2025\/07\/Paraguai-4.jpg?fit=1000%2C563&amp;ssl=1\" data-orig-size=\"1000,563\" data-comments-opened=\"0\" data-image-meta=\"{&quot;aperture&quot;:&quot;0&quot;,&quot;credit&quot;:&quot;&quot;,&quot;camera&quot;:&quot;Galaxy S24 Ultra&quot;,&quot;caption&quot;:&quot;&quot;,&quot;created_timestamp&quot;:&quot;1753175018&quot;,&quot;copyright&quot;:&quot;&quot;,&quot;focal_length&quot;:&quot;0&quot;,&quot;iso&quot;:&quot;64&quot;,&quot;shutter_speed&quot;:&quot;0&quot;,&quot;title&quot;:&quot;&quot;,&quot;orientation&quot;:&quot;0&quot;}\" data-image-title=\"Paraguai 4\" data-image-description=\"\" data-image-caption=\"\" data-medium-file=\"https:\/\/i0.wp.com\/www.tvuai.com.br\/portal\/wp-content\/uploads\/2025\/07\/Paraguai-4.jpg?fit=300%2C169&amp;ssl=1\" data-large-file=\"https:\/\/i0.wp.com\/www.tvuai.com.br\/portal\/wp-content\/uploads\/2025\/07\/Paraguai-4.jpg?fit=640%2C360&amp;ssl=1\" tabindex=\"0\" role=\"button\" class=\"alignleft size-medium wp-image-12565\" src=\"https:\/\/i0.wp.com\/www.tvuai.com.br\/portal\/wp-content\/uploads\/2025\/07\/Paraguai-4.jpg?resize=300%2C169&#038;ssl=1\" alt=\"\" width=\"300\" height=\"169\" srcset=\"https:\/\/i0.wp.com\/www.tvuai.com.br\/portal\/wp-content\/uploads\/2025\/07\/Paraguai-4.jpg?resize=300%2C169&amp;ssl=1 300w, https:\/\/i0.wp.com\/www.tvuai.com.br\/portal\/wp-content\/uploads\/2025\/07\/Paraguai-4.jpg?resize=768%2C432&amp;ssl=1 768w, https:\/\/i0.wp.com\/www.tvuai.com.br\/portal\/wp-content\/uploads\/2025\/07\/Paraguai-4.jpg?w=1000&amp;ssl=1 1000w\" sizes=\"(max-width: 300px) 100vw, 300px\" \/><\/p>\n<p data-start=\"4767\" data-end=\"4987\">As negocia\u00e7\u00f5es devem continuar nos pr\u00f3ximos meses. A pr\u00f3xima visita de empres\u00e1rios mineiros ao Paraguai j\u00e1 est\u00e1 marcada para setembro, quando novas rodadas de reuni\u00f5es devem avan\u00e7ar propostas discutidas nesta semana.<\/p>\n<p data-start=\"4989\" data-end=\"5278\">Com incentivos fiscais, custo operacional reduzido e ambiente favor\u00e1vel ao investimento, o Paraguai se consolida como parceiro estrat\u00e9gico de Minas Gerais \u2014 e a empresa instalada no pres\u00eddio de Itajub\u00e1 prova que inova\u00e7\u00e3o e impacto social tamb\u00e9m podem andar juntos no cen\u00e1rio internacional.<code data-start=\"5312\" data-end=\"5506\"><\/code><\/p>\n\n<div style=\"font-size: 0px; height: 0px; line-height: 0px; margin: 0; padding: 0; clear: both;\"><\/div><div class='share-to-whatsapp-wrapper'><div class='share-on-whsp'>Share on: <\/div><a data-text='Empresa instalada em pres\u00eddio de Itajub\u00e1 inspira modelo adotado pelo governo do Paraguai' data-link='https:\/\/www.tvuai.com.br\/portal\/empresa-instalada-em-presidio-de-itajuba-inspira-modelo-adotado-pelo-governo-do-paraguai\/' class='whatsapp-button whatsapp-share'>WhatsApp<\/a><div class='clear '><\/div><\/div><!-- AddThis Advanced Settings generic via filter on the_content --><!-- AddThis Share Buttons generic via filter on the_content -->","protected":false},"excerpt":{"rendered":"<p>Comitiva com 40 lideran\u00e7as de Minas Gerais e S\u00e3o Paulo cumpre agenda no pa\u00eds vizinho para firmar parcerias comerciais com apoio da Lei de Maquila. Projeto nascido em Itajub\u00e1 j\u00e1 \u00e9 replicado em unidades prisionais paraguaias At\u00e9 esta quarta-feira, 24 de julho, cerca de 40 empres\u00e1rios, pol\u00edticos e representantes de entidades dos estados de Minas [&hellip;]<!-- AddThis Advanced Settings generic via filter on get_the_excerpt --><!-- AddThis Share Buttons generic via filter on get_the_excerpt --><\/p>\n","protected":false},"author":1,"featured_media":12562,"comment_status":"closed","ping_status":"closed","sticky":false,"template":"","format":"standard","meta":{"jetpack_post_was_ever_published":false,"_jetpack_newsletter_access":"","_jetpack_dont_email_post_to_subs":false,"_jetpack_newsletter_tier_id":0,"_jetpack_memberships_contains_paywalled_content":false,"_jetpack_memberships_contains_paid_content":false,"_joinchat":[],"footnotes":"","jetpack_publicize_message":"","jetpack_publicize_feature_enabled":true,"jetpack_social_post_already_shared":false,"jetpack_social_options":{"image_generator_settings":{"template":"highway","enabled":false},"version":2}},"categories":[1815,19,5,1828],"tags":[841,5914,5910,5909,5908,5907,991,5906,184,5904,2644,37,5911,5912,39,5905,27,1618,4796,5913],"class_list":["post-12559","post","type-post","status-publish","format-standard","has-post-thumbnail","hentry","category-economia","category-noticias","category-ultimas","category-viagem","tag-agronegocio","tag-alexandre-mendonca","tag-comercioexterior","tag-comitivabrasileira","tag-empresasmineiras","tag-investimentoestrangeiro","tag-itajuba","tag-leidemaquila","tag-minas-gerais","tag-minasgerais","tag-paraguai","tag-pouso-alegre","tag-presidio-de-itajuba","tag-ressocializacao","tag-sul-de-minas","tag-triunfae","tag-tv-uai","tag-tv-uai-pouso-alegre","tag-tvuai25","tag-uvminas"],"jetpack_publicize_connections":[],"yoast_head":"<!-- This site is optimized with the Yoast SEO plugin v23.5 - https:\/\/yoast.com\/wordpress\/plugins\/seo\/ -->\n<title>Empresa instalada em pres\u00eddio de Itajub\u00e1 inspira modelo adotado pelo governo do Paraguai - TVUAI<\/title>\n<meta name=\"robots\" content=\"index, follow, max-snippet:-1, max-image-preview:large, max-video-preview:-1\" \/>\n<link rel=\"canonical\" href=\"https:\/\/www.tvuai.com.br\/portal\/empresa-instalada-em-presidio-de-itajuba-inspira-modelo-adotado-pelo-governo-do-paraguai\/\" \/>\n<meta property=\"og:locale\" content=\"pt_BR\" \/>\n<meta property=\"og:type\" content=\"article\" \/>\n<meta property=\"og:title\" content=\"Empresa instalada em pres\u00eddio de Itajub\u00e1 inspira modelo adotado pelo governo do Paraguai - TVUAI\" \/>\n<meta property=\"og:description\" content=\"Comitiva com 40 lideran\u00e7as de Minas Gerais e S\u00e3o Paulo cumpre agenda no pa\u00eds vizinho para firmar parcerias comerciais com apoio da Lei de Maquila. Projeto nascido em Itajub\u00e1 j\u00e1 \u00e9 replicado em unidades prisionais paraguaias At\u00e9 esta quarta-feira, 24 de julho, cerca de 40 empres\u00e1rios, pol\u00edticos e representantes de entidades dos estados de Minas [&hellip;]\" \/>\n<meta property=\"og:url\" content=\"https:\/\/www.tvuai.com.br\/portal\/empresa-instalada-em-presidio-de-itajuba-inspira-modelo-adotado-pelo-governo-do-paraguai\/\" \/>\n<meta property=\"og:site_name\" content=\"TVUAI\" \/>\n<meta property=\"article:publisher\" content=\"http:\/\/www.facebook.com\/pages\/TV-Uai-Comunica%c3%a7%c3%a3o\/139062546157369\" \/>\n<meta property=\"article:published_time\" content=\"2025-07-24T22:38:00+00:00\" \/>\n<meta property=\"article:modified_time\" content=\"2025-07-26T20:49:32+00:00\" \/>\n<meta property=\"og:image\" content=\"https:\/\/www.tvuai.com.br\/portal\/wp-content\/uploads\/2025\/07\/Paraguai-0.jpg\" \/>\n\t<meta property=\"og:image:width\" content=\"200\" \/>\n\t<meta property=\"og:image:height\" content=\"200\" \/>\n\t<meta property=\"og:image:type\" content=\"image\/jpeg\" \/>\n<meta name=\"author\" content=\"tvuai\" \/>\n<meta name=\"twitter:card\" content=\"summary_large_image\" \/>\n<meta name=\"twitter:creator\" content=\"@tvuai\" \/>\n<meta name=\"twitter:site\" content=\"@tvuai\" \/>\n<meta name=\"twitter:label1\" content=\"Escrito por\" \/>\n\t<meta name=\"twitter:data1\" content=\"tvuai\" \/>\n\t<meta name=\"twitter:label2\" content=\"Est. tempo de leitura\" \/>\n\t<meta name=\"twitter:data2\" content=\"6 minutos\" \/>\n<script type=\"application\/ld+json\" class=\"yoast-schema-graph\">{\"@context\":\"https:\/\/schema.org\",\"@graph\":[{\"@type\":\"Article\",\"@id\":\"https:\/\/www.tvuai.com.br\/portal\/empresa-instalada-em-presidio-de-itajuba-inspira-modelo-adotado-pelo-governo-do-paraguai\/#article\",\"isPartOf\":{\"@id\":\"https:\/\/www.tvuai.com.br\/portal\/empresa-instalada-em-presidio-de-itajuba-inspira-modelo-adotado-pelo-governo-do-paraguai\/\"},\"author\":{\"name\":\"tvuai\",\"@id\":\"https:\/\/www.tvuai.com.br\/portal\/#\/schema\/person\/245e50e9127451fd0b7fd76f519ebbfe\"},\"headline\":\"Empresa instalada em pres\u00eddio de Itajub\u00e1 inspira modelo adotado pelo governo do Paraguai\",\"datePublished\":\"2025-07-24T22:38:00+00:00\",\"dateModified\":\"2025-07-26T20:49:32+00:00\",\"mainEntityOfPage\":{\"@id\":\"https:\/\/www.tvuai.com.br\/portal\/empresa-instalada-em-presidio-de-itajuba-inspira-modelo-adotado-pelo-governo-do-paraguai\/\"},\"wordCount\":801,\"publisher\":{\"@id\":\"https:\/\/www.tvuai.com.br\/portal\/#organization\"},\"image\":{\"@id\":\"https:\/\/www.tvuai.com.br\/portal\/empresa-instalada-em-presidio-de-itajuba-inspira-modelo-adotado-pelo-governo-do-paraguai\/#primaryimage\"},\"thumbnailUrl\":\"https:\/\/i0.wp.com\/www.tvuai.com.br\/portal\/wp-content\/uploads\/2025\/07\/Paraguai-0.jpg?fit=200%2C200&ssl=1\",\"keywords\":[\"agroneg\u00f3cio\",\"Alexandre Mendon\u00e7a\",\"Com\u00e9rcioExterior\",\"ComitivaBrasileira\",\"EmpresasMineiras\",\"InvestimentoEstrangeiro\",\"Itajub\u00e1\",\"LeiDeMaquila\",\"Minas Gerais\",\"MinasGerais\",\"Paraguai\",\"Pouso Alegre\",\"Pres\u00eddio de Itajub\u00e1\",\"Ressocializa\u00e7\u00e3o\",\"Sul de Minas\",\"Triunfae\",\"TV Uai\",\"TV UAI Pouso Alegre\",\"TVUAI25\",\"UVMinas\"],\"articleSection\":[\"Economia\",\"Not\u00edcias\",\"\u00daltimas Not\u00edcias\",\"Viagem\"],\"inLanguage\":\"pt-BR\"},{\"@type\":\"WebPage\",\"@id\":\"https:\/\/www.tvuai.com.br\/portal\/empresa-instalada-em-presidio-de-itajuba-inspira-modelo-adotado-pelo-governo-do-paraguai\/\",\"url\":\"https:\/\/www.tvuai.com.br\/portal\/empresa-instalada-em-presidio-de-itajuba-inspira-modelo-adotado-pelo-governo-do-paraguai\/\",\"name\":\"Empresa instalada em pres\u00eddio de Itajub\u00e1 inspira modelo adotado pelo governo do Paraguai - TVUAI\",\"isPartOf\":{\"@id\":\"https:\/\/www.tvuai.com.br\/portal\/#website\"},\"primaryImageOfPage\":{\"@id\":\"https:\/\/www.tvuai.com.br\/portal\/empresa-instalada-em-presidio-de-itajuba-inspira-modelo-adotado-pelo-governo-do-paraguai\/#primaryimage\"},\"image\":{\"@id\":\"https:\/\/www.tvuai.com.br\/portal\/empresa-instalada-em-presidio-de-itajuba-inspira-modelo-adotado-pelo-governo-do-paraguai\/#primaryimage\"},\"thumbnailUrl\":\"https:\/\/i0.wp.com\/www.tvuai.com.br\/portal\/wp-content\/uploads\/2025\/07\/Paraguai-0.jpg?fit=200%2C200&ssl=1\",\"datePublished\":\"2025-07-24T22:38:00+00:00\",\"dateModified\":\"2025-07-26T20:49:32+00:00\",\"breadcrumb\":{\"@id\":\"https:\/\/www.tvuai.com.br\/portal\/empresa-instalada-em-presidio-de-itajuba-inspira-modelo-adotado-pelo-governo-do-paraguai\/#breadcrumb\"},\"inLanguage\":\"pt-BR\",\"potentialAction\":[{\"@type\":\"ReadAction\",\"target\":[\"https:\/\/www.tvuai.com.br\/portal\/empresa-instalada-em-presidio-de-itajuba-inspira-modelo-adotado-pelo-governo-do-paraguai\/\"]}]},{\"@type\":\"ImageObject\",\"inLanguage\":\"pt-BR\",\"@id\":\"https:\/\/www.tvuai.com.br\/portal\/empresa-instalada-em-presidio-de-itajuba-inspira-modelo-adotado-pelo-governo-do-paraguai\/#primaryimage\",\"url\":\"https:\/\/i0.wp.com\/www.tvuai.com.br\/portal\/wp-content\/uploads\/2025\/07\/Paraguai-0.jpg?fit=200%2C200&ssl=1\",\"contentUrl\":\"https:\/\/i0.wp.com\/www.tvuai.com.br\/portal\/wp-content\/uploads\/2025\/07\/Paraguai-0.jpg?fit=200%2C200&ssl=1\",\"width\":200,\"height\":200},{\"@type\":\"BreadcrumbList\",\"@id\":\"https:\/\/www.tvuai.com.br\/portal\/empresa-instalada-em-presidio-de-itajuba-inspira-modelo-adotado-pelo-governo-do-paraguai\/#breadcrumb\",\"itemListElement\":[{\"@type\":\"ListItem\",\"position\":1,\"name\":\"In\u00edcio\",\"item\":\"https:\/\/www.tvuai.com.br\/portal\/\"},{\"@type\":\"ListItem\",\"position\":2,\"name\":\"Empresa instalada em pres\u00eddio de Itajub\u00e1 inspira modelo adotado pelo governo do Paraguai\"}]},{\"@type\":\"WebSite\",\"@id\":\"https:\/\/www.tvuai.com.br\/portal\/#website\",\"url\":\"https:\/\/www.tvuai.com.br\/portal\/\",\"name\":\"TVUAI\",\"description\":\"Tudo sobre o Sul de Minas\",\"publisher\":{\"@id\":\"https:\/\/www.tvuai.com.br\/portal\/#organization\"},\"potentialAction\":[{\"@type\":\"SearchAction\",\"target\":{\"@type\":\"EntryPoint\",\"urlTemplate\":\"https:\/\/www.tvuai.com.br\/portal\/?s={search_term_string}\"},\"query-input\":{\"@type\":\"PropertyValueSpecification\",\"valueRequired\":true,\"valueName\":\"search_term_string\"}}],\"inLanguage\":\"pt-BR\"},{\"@type\":\"Organization\",\"@id\":\"https:\/\/www.tvuai.com.br\/portal\/#organization\",\"name\":\"TVUAI\",\"url\":\"https:\/\/www.tvuai.com.br\/portal\/\",\"logo\":{\"@type\":\"ImageObject\",\"inLanguage\":\"pt-BR\",\"@id\":\"https:\/\/www.tvuai.com.br\/portal\/#\/schema\/logo\/image\/\",\"url\":\"https:\/\/i0.wp.com\/www.tvuai.com.br\/portal\/wp-content\/uploads\/2017\/12\/logo_tvuai_100H.png?fit=207%2C100&ssl=1\",\"contentUrl\":\"https:\/\/i0.wp.com\/www.tvuai.com.br\/portal\/wp-content\/uploads\/2017\/12\/logo_tvuai_100H.png?fit=207%2C100&ssl=1\",\"width\":207,\"height\":100,\"caption\":\"TVUAI\"},\"image\":{\"@id\":\"https:\/\/www.tvuai.com.br\/portal\/#\/schema\/logo\/image\/\"},\"sameAs\":[\"http:\/\/www.facebook.com\/pages\/TV-Uai-Comunica\u00e7\u00e3o\/139062546157369\",\"https:\/\/x.com\/tvuai\",\"https:\/\/www.instagram.com\/tvuai_network\/\",\"https:\/\/www.youtube.com\/channel\/UCB7ZPB3wRv-OpoZ_09jmnkQ\"]},{\"@type\":\"Person\",\"@id\":\"https:\/\/www.tvuai.com.br\/portal\/#\/schema\/person\/245e50e9127451fd0b7fd76f519ebbfe\",\"name\":\"tvuai\",\"url\":\"https:\/\/www.tvuai.com.br\/portal\/author\/tvuai\/\"}]}<\/script>\n<!-- \/ Yoast SEO plugin. -->","yoast_head_json":{"title":"Empresa instalada em pres\u00eddio de Itajub\u00e1 inspira modelo adotado pelo governo do Paraguai - TVUAI","robots":{"index":"index","follow":"follow","max-snippet":"max-snippet:-1","max-image-preview":"max-image-preview:large","max-video-preview":"max-video-preview:-1"},"canonical":"https:\/\/www.tvuai.com.br\/portal\/empresa-instalada-em-presidio-de-itajuba-inspira-modelo-adotado-pelo-governo-do-paraguai\/","og_locale":"pt_BR","og_type":"article","og_title":"Empresa instalada em pres\u00eddio de Itajub\u00e1 inspira modelo adotado pelo governo do Paraguai - TVUAI","og_description":"Comitiva com 40 lideran\u00e7as de Minas Gerais e S\u00e3o Paulo cumpre agenda no pa\u00eds vizinho para firmar parcerias comerciais com apoio da Lei de Maquila. Projeto nascido em Itajub\u00e1 j\u00e1 \u00e9 replicado em unidades prisionais paraguaias At\u00e9 esta quarta-feira, 24 de julho, cerca de 40 empres\u00e1rios, pol\u00edticos e representantes de entidades dos estados de Minas [&hellip;]","og_url":"https:\/\/www.tvuai.com.br\/portal\/empresa-instalada-em-presidio-de-itajuba-inspira-modelo-adotado-pelo-governo-do-paraguai\/","og_site_name":"TVUAI","article_publisher":"http:\/\/www.facebook.com\/pages\/TV-Uai-Comunica%c3%a7%c3%a3o\/139062546157369","article_published_time":"2025-07-24T22:38:00+00:00","article_modified_time":"2025-07-26T20:49:32+00:00","og_image":[{"width":200,"height":200,"url":"https:\/\/www.tvuai.com.br\/portal\/wp-content\/uploads\/2025\/07\/Paraguai-0.jpg","type":"image\/jpeg"}],"author":"tvuai","twitter_card":"summary_large_image","twitter_creator":"@tvuai","twitter_site":"@tvuai","twitter_misc":{"Escrito por":"tvuai","Est. tempo de leitura":"6 minutos"},"schema":{"@context":"https:\/\/schema.org","@graph":[{"@type":"Article","@id":"https:\/\/www.tvuai.com.br\/portal\/empresa-instalada-em-presidio-de-itajuba-inspira-modelo-adotado-pelo-governo-do-paraguai\/#article","isPartOf":{"@id":"https:\/\/www.tvuai.com.br\/portal\/empresa-instalada-em-presidio-de-itajuba-inspira-modelo-adotado-pelo-governo-do-paraguai\/"},"author":{"name":"tvuai","@id":"https:\/\/www.tvuai.com.br\/portal\/#\/schema\/person\/245e50e9127451fd0b7fd76f519ebbfe"},"headline":"Empresa instalada em pres\u00eddio de Itajub\u00e1 inspira modelo adotado pelo governo do Paraguai","datePublished":"2025-07-24T22:38:00+00:00","dateModified":"2025-07-26T20:49:32+00:00","mainEntityOfPage":{"@id":"https:\/\/www.tvuai.com.br\/portal\/empresa-instalada-em-presidio-de-itajuba-inspira-modelo-adotado-pelo-governo-do-paraguai\/"},"wordCount":801,"publisher":{"@id":"https:\/\/www.tvuai.com.br\/portal\/#organization"},"image":{"@id":"https:\/\/www.tvuai.com.br\/portal\/empresa-instalada-em-presidio-de-itajuba-inspira-modelo-adotado-pelo-governo-do-paraguai\/#primaryimage"},"thumbnailUrl":"https:\/\/i0.wp.com\/www.tvuai.com.br\/portal\/wp-content\/uploads\/2025\/07\/Paraguai-0.jpg?fit=200%2C200&ssl=1","keywords":["agroneg\u00f3cio","Alexandre Mendon\u00e7a","Com\u00e9rcioExterior","ComitivaBrasileira","EmpresasMineiras","InvestimentoEstrangeiro","Itajub\u00e1","LeiDeMaquila","Minas Gerais","MinasGerais","Paraguai","Pouso Alegre","Pres\u00eddio de Itajub\u00e1","Ressocializa\u00e7\u00e3o","Sul de Minas","Triunfae","TV Uai","TV UAI Pouso Alegre","TVUAI25","UVMinas"],"articleSection":["Economia","Not\u00edcias","\u00daltimas Not\u00edcias","Viagem"],"inLanguage":"pt-BR"},{"@type":"WebPage","@id":"https:\/\/www.tvuai.com.br\/portal\/empresa-instalada-em-presidio-de-itajuba-inspira-modelo-adotado-pelo-governo-do-paraguai\/","url":"https:\/\/www.tvuai.com.br\/portal\/empresa-instalada-em-presidio-de-itajuba-inspira-modelo-adotado-pelo-governo-do-paraguai\/","name":"Empresa instalada em pres\u00eddio de Itajub\u00e1 inspira modelo adotado pelo governo do Paraguai - TVUAI","isPartOf":{"@id":"https:\/\/www.tvuai.com.br\/portal\/#website"},"primaryImageOfPage":{"@id":"https:\/\/www.tvuai.com.br\/portal\/empresa-instalada-em-presidio-de-itajuba-inspira-modelo-adotado-pelo-governo-do-paraguai\/#primaryimage"},"image":{"@id":"https:\/\/www.tvuai.com.br\/portal\/empresa-instalada-em-presidio-de-itajuba-inspira-modelo-adotado-pelo-governo-do-paraguai\/#primaryimage"},"thumbnailUrl":"https:\/\/i0.wp.com\/www.tvuai.com.br\/portal\/wp-content\/uploads\/2025\/07\/Paraguai-0.jpg?fit=200%2C200&ssl=1","datePublished":"2025-07-24T22:38:00+00:00","dateModified":"2025-07-26T20:49:32+00:00","breadcrumb":{"@id":"https:\/\/www.tvuai.com.br\/portal\/empresa-instalada-em-presidio-de-itajuba-inspira-modelo-adotado-pelo-governo-do-paraguai\/#breadcrumb"},"inLanguage":"pt-BR","potentialAction":[{"@type":"ReadAction","target":["https:\/\/www.tvuai.com.br\/portal\/empresa-instalada-em-presidio-de-itajuba-inspira-modelo-adotado-pelo-governo-do-paraguai\/"]}]},{"@type":"ImageObject","inLanguage":"pt-BR","@id":"https:\/\/www.tvuai.com.br\/portal\/empresa-instalada-em-presidio-de-itajuba-inspira-modelo-adotado-pelo-governo-do-paraguai\/#primaryimage","url":"https:\/\/i0.wp.com\/www.tvuai.com.br\/portal\/wp-content\/uploads\/2025\/07\/Paraguai-0.jpg?fit=200%2C200&ssl=1","contentUrl":"https:\/\/i0.wp.com\/www.tvuai.com.br\/portal\/wp-content\/uploads\/2025\/07\/Paraguai-0.jpg?fit=200%2C200&ssl=1","width":200,"height":200},{"@type":"BreadcrumbList","@id":"https:\/\/www.tvuai.com.br\/portal\/empresa-instalada-em-presidio-de-itajuba-inspira-modelo-adotado-pelo-governo-do-paraguai\/#breadcrumb","itemListElement":[{"@type":"ListItem","position":1,"name":"In\u00edcio","item":"https:\/\/www.tvuai.com.br\/portal\/"},{"@type":"ListItem","position":2,"name":"Empresa instalada em pres\u00eddio de Itajub\u00e1 inspira modelo adotado pelo governo do Paraguai"}]},{"@type":"WebSite","@id":"https:\/\/www.tvuai.com.br\/portal\/#website","url":"https:\/\/www.tvuai.com.br\/portal\/","name":"TVUAI","description":"Tudo sobre o Sul de Minas","publisher":{"@id":"https:\/\/www.tvuai.com.br\/portal\/#organization"},"potentialAction":[{"@type":"SearchAction","target":{"@type":"EntryPoint","urlTemplate":"https:\/\/www.tvuai.com.br\/portal\/?s={search_term_string}"},"query-input":{"@type":"PropertyValueSpecification","valueRequired":true,"valueName":"search_term_string"}}],"inLanguage":"pt-BR"},{"@type":"Organization","@id":"https:\/\/www.tvuai.com.br\/portal\/#organization","name":"TVUAI","url":"https:\/\/www.tvuai.com.br\/portal\/","logo":{"@type":"ImageObject","inLanguage":"pt-BR","@id":"https:\/\/www.tvuai.com.br\/portal\/#\/schema\/logo\/image\/","url":"https:\/\/i0.wp.com\/www.tvuai.com.br\/portal\/wp-content\/uploads\/2017\/12\/logo_tvuai_100H.png?fit=207%2C100&ssl=1","contentUrl":"https:\/\/i0.wp.com\/www.tvuai.com.br\/portal\/wp-content\/uploads\/2017\/12\/logo_tvuai_100H.png?fit=207%2C100&ssl=1","width":207,"height":100,"caption":"TVUAI"},"image":{"@id":"https:\/\/www.tvuai.com.br\/portal\/#\/schema\/logo\/image\/"},"sameAs":["http:\/\/www.facebook.com\/pages\/TV-Uai-Comunica\u00e7\u00e3o\/139062546157369","https:\/\/x.com\/tvuai","https:\/\/www.instagram.com\/tvuai_network\/","https:\/\/www.youtube.com\/channel\/UCB7ZPB3wRv-OpoZ_09jmnkQ"]},{"@type":"Person","@id":"https:\/\/www.tvuai.com.br\/portal\/#\/schema\/person\/245e50e9127451fd0b7fd76f519ebbfe","name":"tvuai","url":"https:\/\/www.tvuai.com.br\/portal\/author\/tvuai\/"}]}},"jetpack_featured_media_url":"https:\/\/i0.wp.com\/www.tvuai.com.br\/portal\/wp-content\/uploads\/2025\/07\/Paraguai-0.jpg?fit=200%2C200&ssl=1","wpmagazine_modules_lite_featured_media_urls":{"thumbnail":["https:\/\/i0.wp.com\/www.tvuai.com.br\/portal\/wp-content\/uploads\/2025\/07\/Paraguai-0.jpg?resize=150%2C150&ssl=1",150,150,true],"cvmm-medium":["https:\/\/i0.wp.com\/www.tvuai.com.br\/portal\/wp-content\/uploads\/2025\/07\/Paraguai-0.jpg?resize=200%2C200&ssl=1",200,200,true],"cvmm-medium-plus":["https:\/\/i0.wp.com\/www.tvuai.com.br\/portal\/wp-content\/uploads\/2025\/07\/Paraguai-0.jpg?resize=200%2C200&ssl=1",200,200,true],"cvmm-portrait":["https:\/\/i0.wp.com\/www.tvuai.com.br\/portal\/wp-content\/uploads\/2025\/07\/Paraguai-0.jpg?resize=200%2C200&ssl=1",200,200,true],"cvmm-medium-square":["https:\/\/i0.wp.com\/www.tvuai.com.br\/portal\/wp-content\/uploads\/2025\/07\/Paraguai-0.jpg?resize=200%2C200&ssl=1",200,200,true],"cvmm-large":["https:\/\/i0.wp.com\/www.tvuai.com.br\/portal\/wp-content\/uploads\/2025\/07\/Paraguai-0.jpg?resize=200%2C200&ssl=1",200,200,true],"cvmm-small":["https:\/\/i0.wp.com\/www.tvuai.com.br\/portal\/wp-content\/uploads\/2025\/07\/Paraguai-0.jpg?resize=130%2C95&ssl=1",130,95,true],"full":["https:\/\/i0.wp.com\/www.tvuai.com.br\/portal\/wp-content\/uploads\/2025\/07\/Paraguai-0.jpg?fit=200%2C200&ssl=1",200,200,false]},"categories_names":{"1815":{"name":"Economia","link":"https:\/\/www.tvuai.com.br\/portal\/category\/economia\/"},"19":{"name":"Not\u00edcias","link":"https:\/\/www.tvuai.com.br\/portal\/category\/noticias\/"},"5":{"name":"\u00daltimas Not\u00edcias","link":"https:\/\/www.tvuai.com.br\/portal\/category\/noticias\/ultimas\/"},"1828":{"name":"Viagem","link":"https:\/\/www.tvuai.com.br\/portal\/category\/viagem\/"}},"tags_names":{"841":{"name":"agroneg\u00f3cio","link":"https:\/\/www.tvuai.com.br\/portal\/tag\/agronegocio\/"},"5914":{"name":"Alexandre Mendon\u00e7a","link":"https:\/\/www.tvuai.com.br\/portal\/tag\/alexandre-mendonca\/"},"5910":{"name":"Com\u00e9rcioExterior","link":"https:\/\/www.tvuai.com.br\/portal\/tag\/comercioexterior\/"},"5909":{"name":"ComitivaBrasileira","link":"https:\/\/www.tvuai.com.br\/portal\/tag\/comitivabrasileira\/"},"5908":{"name":"EmpresasMineiras","link":"https:\/\/www.tvuai.com.br\/portal\/tag\/empresasmineiras\/"},"5907":{"name":"InvestimentoEstrangeiro","link":"https:\/\/www.tvuai.com.br\/portal\/tag\/investimentoestrangeiro\/"},"991":{"name":"Itajub\u00e1","link":"https:\/\/www.tvuai.com.br\/portal\/tag\/itajuba\/"},"5906":{"name":"LeiDeMaquila","link":"https:\/\/www.tvuai.com.br\/portal\/tag\/leidemaquila\/"},"184":{"name":"Minas Gerais","link":"https:\/\/www.tvuai.com.br\/portal\/tag\/minas-gerais\/"},"5904":{"name":"MinasGerais","link":"https:\/\/www.tvuai.com.br\/portal\/tag\/minasgerais\/"},"2644":{"name":"Paraguai","link":"https:\/\/www.tvuai.com.br\/portal\/tag\/paraguai\/"},"37":{"name":"Pouso Alegre","link":"https:\/\/www.tvuai.com.br\/portal\/tag\/pouso-alegre\/"},"5911":{"name":"Pres\u00eddio de Itajub\u00e1","link":"https:\/\/www.tvuai.com.br\/portal\/tag\/presidio-de-itajuba\/"},"5912":{"name":"Ressocializa\u00e7\u00e3o","link":"https:\/\/www.tvuai.com.br\/portal\/tag\/ressocializacao\/"},"39":{"name":"Sul de Minas","link":"https:\/\/www.tvuai.com.br\/portal\/tag\/sul-de-minas\/"},"5905":{"name":"Triunfae","link":"https:\/\/www.tvuai.com.br\/portal\/tag\/triunfae\/"},"27":{"name":"TV Uai","link":"https:\/\/www.tvuai.com.br\/portal\/tag\/tv-uai\/"},"1618":{"name":"TV UAI Pouso Alegre","link":"https:\/\/www.tvuai.com.br\/portal\/tag\/tv-uai-pouso-alegre\/"},"4796":{"name":"TVUAI25","link":"https:\/\/www.tvuai.com.br\/portal\/tag\/tvuai25\/"},"5913":{"name":"UVMinas","link":"https:\/\/www.tvuai.com.br\/portal\/tag\/uvminas\/"}},"comments_number":"0","jetpack_shortlink":"https:\/\/wp.me\/p9woix-3gz","jetpack_sharing_enabled":true,"_links":{"self":[{"href":"https:\/\/www.tvuai.com.br\/portal\/wp-json\/wp\/v2\/posts\/12559"}],"collection":[{"href":"https:\/\/www.tvuai.com.br\/portal\/wp-json\/wp\/v2\/posts"}],"about":[{"href":"https:\/\/www.tvuai.com.br\/portal\/wp-json\/wp\/v2\/types\/post"}],"author":[{"embeddable":true,"href":"https:\/\/www.tvuai.com.br\/portal\/wp-json\/wp\/v2\/users\/1"}],"replies":[{"embeddable":true,"href":"https:\/\/www.tvuai.com.br\/portal\/wp-json\/wp\/v2\/comments?post=12559"}],"version-history":[{"count":3,"href":"https:\/\/www.tvuai.com.br\/portal\/wp-json\/wp\/v2\/posts\/12559\/revisions"}],"predecessor-version":[{"id":12571,"href":"https:\/\/www.tvuai.com.br\/portal\/wp-json\/wp\/v2\/posts\/12559\/revisions\/12571"}],"wp:featuredmedia":[{"embeddable":true,"href":"https:\/\/www.tvuai.com.br\/portal\/wp-json\/wp\/v2\/media\/12562"}],"wp:attachment":[{"href":"https:\/\/www.tvuai.com.br\/portal\/wp-json\/wp\/v2\/media?parent=12559"}],"wp:term":[{"taxonomy":"category","embeddable":true,"href":"https:\/\/www.tvuai.com.br\/portal\/wp-json\/wp\/v2\/categories?post=12559"},{"taxonomy":"post_tag","embeddable":true,"href":"https:\/\/www.tvuai.com.br\/portal\/wp-json\/wp\/v2\/tags?post=12559"}],"curies":[{"name":"wp","href":"https:\/\/api.w.org\/{rel}","templated":true}]}}