{"id":12431,"date":"2025-07-14T19:22:39","date_gmt":"2025-07-14T22:22:39","guid":{"rendered":"https:\/\/www.tvuai.com.br\/portal\/?p=12431"},"modified":"2025-07-15T18:09:48","modified_gmt":"2025-07-15T21:09:48","slug":"quando-a-cidade-vira-palco-rock-in-p-a-2025-leva-cultura-emprego-solidariedade-e-emocao-a-61-mil-pessoas","status":"publish","type":"post","link":"https:\/\/www.tvuai.com.br\/portal\/quando-a-cidade-vira-palco-rock-in-p-a-2025-leva-cultura-emprego-solidariedade-e-emocao-a-61-mil-pessoas\/","title":{"rendered":"Quando a cidade vira palco: Rock in P.A 2025 leva cultura, emprego, solidariedade e emo\u00e7\u00e3o a 61 mil pessoas"},"content":{"rendered":"<div class=\"5a1038e0903b96d426fcfcc338703013\" data-index=\"1\" style=\"float: right; margin:10px 0 10px 10px;\">\n<script async src=\"https:\/\/pagead2.googlesyndication.com\/pagead\/js\/adsbygoogle.js?client=ca-pub-9945944833605257\"\r\n     crossorigin=\"anonymous\"><\/script>\r\n<ins class=\"adsbygoogle\"\r\n     style=\"display:block; text-align:center;\"\r\n     data-ad-layout=\"in-article\"\r\n     data-ad-format=\"fluid\"\r\n     data-ad-client=\"ca-pub-9945944833605257\"\r\n     data-ad-slot=\"2343923581\"><\/ins>\r\n<script>\r\n     (adsbygoogle = window.adsbygoogle || []).push({});\r\n<\/script>\n<\/div>\n<h5 style=\"text-align: center;\" data-start=\"286\" data-end=\"606\"><em><strong> <img data-recalc-dims=\"1\" fetchpriority=\"high\" decoding=\"async\" data-attachment-id=\"12439\" data-permalink=\"https:\/\/www.tvuai.com.br\/portal\/quando-a-cidade-vira-palco-rock-in-p-a-2025-leva-cultura-emprego-solidariedade-e-emocao-a-61-mil-pessoas\/rock-lotado\/\" data-orig-file=\"https:\/\/i0.wp.com\/www.tvuai.com.br\/portal\/wp-content\/uploads\/2025\/07\/rock-lotado.jpg?fit=1000%2C562&amp;ssl=1\" data-orig-size=\"1000,562\" data-comments-opened=\"0\" data-image-meta=\"{&quot;aperture&quot;:&quot;0&quot;,&quot;credit&quot;:&quot;&quot;,&quot;camera&quot;:&quot;Canon EOS REBEL T3&quot;,&quot;caption&quot;:&quot;&quot;,&quot;created_timestamp&quot;:&quot;1481135176&quot;,&quot;copyright&quot;:&quot;&quot;,&quot;focal_length&quot;:&quot;0&quot;,&quot;iso&quot;:&quot;6400&quot;,&quot;shutter_speed&quot;:&quot;0&quot;,&quot;title&quot;:&quot;&quot;,&quot;orientation&quot;:&quot;0&quot;}\" data-image-title=\"rock lotado\" data-image-description=\"\" data-image-caption=\"\" data-medium-file=\"https:\/\/i0.wp.com\/www.tvuai.com.br\/portal\/wp-content\/uploads\/2025\/07\/rock-lotado.jpg?fit=300%2C169&amp;ssl=1\" data-large-file=\"https:\/\/i0.wp.com\/www.tvuai.com.br\/portal\/wp-content\/uploads\/2025\/07\/rock-lotado.jpg?fit=640%2C360&amp;ssl=1\" tabindex=\"0\" role=\"button\" class=\"aligncenter size-full wp-image-12439\" src=\"https:\/\/i0.wp.com\/www.tvuai.com.br\/portal\/wp-content\/uploads\/2025\/07\/rock-lotado.jpg?resize=640%2C360&#038;ssl=1\" alt=\"\" width=\"640\" height=\"360\" srcset=\"https:\/\/i0.wp.com\/www.tvuai.com.br\/portal\/wp-content\/uploads\/2025\/07\/rock-lotado.jpg?w=1000&amp;ssl=1 1000w, https:\/\/i0.wp.com\/www.tvuai.com.br\/portal\/wp-content\/uploads\/2025\/07\/rock-lotado.jpg?resize=300%2C169&amp;ssl=1 300w, https:\/\/i0.wp.com\/www.tvuai.com.br\/portal\/wp-content\/uploads\/2025\/07\/rock-lotado.jpg?resize=768%2C432&amp;ssl=1 768w\" sizes=\"(max-width: 640px) 100vw, 640px\" \/>Frejat, Queen e 61 mil vozes: Rock in P.A d\u00e1 show de cidadania em Pouso Alegre<\/strong><\/em><\/h5>\n<p data-start=\"286\" data-end=\"606\">A quarta edi\u00e7\u00e3o do Rock in P.A entrou para a hist\u00f3ria de Pouso Alegre. Realizado nos dias 12 e 13 de julho na Pra\u00e7a de Esportes (Ros\u00e3o), o festival superou todas as expectativas e atraiu um p\u00fablico de 61.047 pessoas, consolidando-se como o maior evento musical j\u00e1 realizado na cidade e refer\u00eancia no Sul de Minas Gerais.<\/p>\n<p data-start=\"608\" data-end=\"890\">A organiza\u00e7\u00e3o do evento, conduzida pela Prefeitura de Pouso Alegre por meio da Secretaria Municipal de Comunica\u00e7\u00e3o Social, Lazer e Turismo, celebrou o sucesso da edi\u00e7\u00e3o 2025, que n\u00e3o apenas encantou o p\u00fablico com grandes shows, mas tamb\u00e9m gerou impacto social, econ\u00f4mico e cultural na regi\u00e3o.<\/p>\n<h3 style=\"text-align: center;\" data-start=\"892\" data-end=\"940\">Frejat e tributo ao Queen encantam o p\u00fablico<\/h3>\n<p data-start=\"942\" data-end=\"1259\"><img data-recalc-dims=\"1\" decoding=\"async\" data-attachment-id=\"12434\" data-permalink=\"https:\/\/www.tvuai.com.br\/portal\/quando-a-cidade-vira-palco-rock-in-p-a-2025-leva-cultura-emprego-solidariedade-e-emocao-a-61-mil-pessoas\/rock-cantor\/\" data-orig-file=\"https:\/\/i0.wp.com\/www.tvuai.com.br\/portal\/wp-content\/uploads\/2025\/07\/rock-cantor.jpg?fit=1000%2C562&amp;ssl=1\" data-orig-size=\"1000,562\" data-comments-opened=\"0\" data-image-meta=\"{&quot;aperture&quot;:&quot;0&quot;,&quot;credit&quot;:&quot;&quot;,&quot;camera&quot;:&quot;Canon EOS REBEL T3&quot;,&quot;caption&quot;:&quot;&quot;,&quot;created_timestamp&quot;:&quot;1481135176&quot;,&quot;copyright&quot;:&quot;&quot;,&quot;focal_length&quot;:&quot;0&quot;,&quot;iso&quot;:&quot;6400&quot;,&quot;shutter_speed&quot;:&quot;0&quot;,&quot;title&quot;:&quot;&quot;,&quot;orientation&quot;:&quot;0&quot;}\" data-image-title=\"rock cantor\" data-image-description=\"\" data-image-caption=\"\" data-medium-file=\"https:\/\/i0.wp.com\/www.tvuai.com.br\/portal\/wp-content\/uploads\/2025\/07\/rock-cantor.jpg?fit=300%2C169&amp;ssl=1\" data-large-file=\"https:\/\/i0.wp.com\/www.tvuai.com.br\/portal\/wp-content\/uploads\/2025\/07\/rock-cantor.jpg?fit=640%2C360&amp;ssl=1\" tabindex=\"0\" role=\"button\" class=\"alignleft size-medium wp-image-12434\" src=\"https:\/\/i0.wp.com\/www.tvuai.com.br\/portal\/wp-content\/uploads\/2025\/07\/rock-cantor.jpg?resize=300%2C169&#038;ssl=1\" alt=\"\" width=\"300\" height=\"169\" srcset=\"https:\/\/i0.wp.com\/www.tvuai.com.br\/portal\/wp-content\/uploads\/2025\/07\/rock-cantor.jpg?resize=300%2C169&amp;ssl=1 300w, https:\/\/i0.wp.com\/www.tvuai.com.br\/portal\/wp-content\/uploads\/2025\/07\/rock-cantor.jpg?resize=768%2C432&amp;ssl=1 768w, https:\/\/i0.wp.com\/www.tvuai.com.br\/portal\/wp-content\/uploads\/2025\/07\/rock-cantor.jpg?w=1000&amp;ssl=1 1000w\" sizes=\"(max-width: 300px) 100vw, 300px\" \/>O ponto alto do festival foi a apresenta\u00e7\u00e3o do cantor Frejat, \u00edcone do rock brasileiro, que emocionou milhares de f\u00e3s com cl\u00e1ssicos da carreira solo e sucessos eternizados nos tempos de Bar\u00e3o Vermelho. O artista foi a principal atra\u00e7\u00e3o do s\u00e1bado, dia 12, levando ao palco uma performance cheia de energia e nostalgia.<\/p>\n<p data-start=\"1261\" data-end=\"1529\">No domingo, o encerramento ficou por conta da banda Special Queen, um dos principais tributos \u00e0 lend\u00e1ria banda brit\u00e2nica no Brasil. Com um espet\u00e1culo fiel ao estilo de Freddie Mercury e companhia, o grupo arrebatou o p\u00fablico e encerrou o evento em clima de celebra\u00e7\u00e3o.<\/p>\n<h3 style=\"text-align: center;\" data-start=\"1531\" data-end=\"1566\">Novos talentos tamb\u00e9m brilharam<\/h3>\n<p data-start=\"1568\" data-end=\"1766\"><img data-recalc-dims=\"1\" decoding=\"async\" data-attachment-id=\"12441\" data-permalink=\"https:\/\/www.tvuai.com.br\/portal\/quando-a-cidade-vira-palco-rock-in-p-a-2025-leva-cultura-emprego-solidariedade-e-emocao-a-61-mil-pessoas\/rock-banda\/\" data-orig-file=\"https:\/\/i0.wp.com\/www.tvuai.com.br\/portal\/wp-content\/uploads\/2025\/07\/rock-banda.jpg?fit=1000%2C665&amp;ssl=1\" data-orig-size=\"1000,665\" data-comments-opened=\"0\" data-image-meta=\"{&quot;aperture&quot;:&quot;0&quot;,&quot;credit&quot;:&quot;&quot;,&quot;camera&quot;:&quot;Canon EOS REBEL T3&quot;,&quot;caption&quot;:&quot;&quot;,&quot;created_timestamp&quot;:&quot;1481135176&quot;,&quot;copyright&quot;:&quot;&quot;,&quot;focal_length&quot;:&quot;0&quot;,&quot;iso&quot;:&quot;6400&quot;,&quot;shutter_speed&quot;:&quot;0&quot;,&quot;title&quot;:&quot;&quot;,&quot;orientation&quot;:&quot;0&quot;}\" data-image-title=\"rock banda\" data-image-description=\"\" data-image-caption=\"\" data-medium-file=\"https:\/\/i0.wp.com\/www.tvuai.com.br\/portal\/wp-content\/uploads\/2025\/07\/rock-banda.jpg?fit=300%2C200&amp;ssl=1\" data-large-file=\"https:\/\/i0.wp.com\/www.tvuai.com.br\/portal\/wp-content\/uploads\/2025\/07\/rock-banda.jpg?fit=640%2C426&amp;ssl=1\" tabindex=\"0\" role=\"button\" class=\"alignright size-medium wp-image-12441\" src=\"https:\/\/i0.wp.com\/www.tvuai.com.br\/portal\/wp-content\/uploads\/2025\/07\/rock-banda.jpg?resize=300%2C200&#038;ssl=1\" alt=\"\" width=\"300\" height=\"200\" srcset=\"https:\/\/i0.wp.com\/www.tvuai.com.br\/portal\/wp-content\/uploads\/2025\/07\/rock-banda.jpg?resize=300%2C200&amp;ssl=1 300w, https:\/\/i0.wp.com\/www.tvuai.com.br\/portal\/wp-content\/uploads\/2025\/07\/rock-banda.jpg?resize=768%2C511&amp;ssl=1 768w, https:\/\/i0.wp.com\/www.tvuai.com.br\/portal\/wp-content\/uploads\/2025\/07\/rock-banda.jpg?w=1000&amp;ssl=1 1000w\" sizes=\"(max-width: 300px) 100vw, 300px\" \/>O festival tamb\u00e9m abriu espa\u00e7o para artistas da regi\u00e3o com o concurso &#8220;\u00c9 Pra Cantar&#8221;, realizado em parceria com a EPTV. A iniciativa destacou tr\u00eas bandas sul-mineiras que subiram ao palco principal:<\/p>\n<ul data-start=\"1768\" data-end=\"2116\">\n<li data-start=\"1768\" data-end=\"1896\">\n<p data-start=\"1770\" data-end=\"1896\">The Silas, de El\u00f3i Mendes, venceu com a m\u00fasica autoral &#8220;Drink&#8221;, que obteve 12.552 votos (33,77%) e abriu o show de Frejat.<\/p>\n<\/li>\n<li data-start=\"1897\" data-end=\"2014\">\n<p data-start=\"1899\" data-end=\"2014\">Santa Session, de Santa Rita do Sapuca\u00ed, ficou em segundo lugar com &#8220;Retrato&#8221;, alcan\u00e7ando 8.852 votos (23,81%).<\/p>\n<\/li>\n<li data-start=\"2015\" data-end=\"2116\">\n<p data-start=\"2017\" data-end=\"2116\">OFFENCE!, de Po\u00e7o Fundo, conquistou a terceira coloca\u00e7\u00e3o com &#8220;Tenta\u00e7\u00e3o&#8221; e 7.457 votos (20,06%).<\/p>\n<\/li>\n<\/ul>\n<p data-start=\"2118\" data-end=\"2241\">As bandas demonstraram o talento e a for\u00e7a da cena musical regional, que ganhou visibilidade nacional por meio do festival.<\/p>\n<h3 style=\"text-align: center;\" data-start=\"2243\" data-end=\"2291\">Emprega P.A gera empregos durante o festival<\/h3>\n<p data-start=\"2293\" data-end=\"2553\"><img data-recalc-dims=\"1\" loading=\"lazy\" decoding=\"async\" data-attachment-id=\"12437\" data-permalink=\"https:\/\/www.tvuai.com.br\/portal\/quando-a-cidade-vira-palco-rock-in-p-a-2025-leva-cultura-emprego-solidariedade-e-emocao-a-61-mil-pessoas\/rock-emprego\/\" data-orig-file=\"https:\/\/i0.wp.com\/www.tvuai.com.br\/portal\/wp-content\/uploads\/2025\/07\/rock-emprego.jpg?fit=1000%2C665&amp;ssl=1\" data-orig-size=\"1000,665\" data-comments-opened=\"0\" data-image-meta=\"{&quot;aperture&quot;:&quot;0&quot;,&quot;credit&quot;:&quot;&quot;,&quot;camera&quot;:&quot;Canon EOS REBEL T3&quot;,&quot;caption&quot;:&quot;&quot;,&quot;created_timestamp&quot;:&quot;1481135176&quot;,&quot;copyright&quot;:&quot;&quot;,&quot;focal_length&quot;:&quot;0&quot;,&quot;iso&quot;:&quot;6400&quot;,&quot;shutter_speed&quot;:&quot;0&quot;,&quot;title&quot;:&quot;&quot;,&quot;orientation&quot;:&quot;0&quot;}\" data-image-title=\"rock emprego\" data-image-description=\"\" data-image-caption=\"\" data-medium-file=\"https:\/\/i0.wp.com\/www.tvuai.com.br\/portal\/wp-content\/uploads\/2025\/07\/rock-emprego.jpg?fit=300%2C200&amp;ssl=1\" data-large-file=\"https:\/\/i0.wp.com\/www.tvuai.com.br\/portal\/wp-content\/uploads\/2025\/07\/rock-emprego.jpg?fit=640%2C426&amp;ssl=1\" tabindex=\"0\" role=\"button\" class=\"alignleft size-medium wp-image-12437\" src=\"https:\/\/i0.wp.com\/www.tvuai.com.br\/portal\/wp-content\/uploads\/2025\/07\/rock-emprego-300x200.jpg?resize=300%2C200&#038;ssl=1\" alt=\"\" width=\"300\" height=\"200\" srcset=\"https:\/\/i0.wp.com\/www.tvuai.com.br\/portal\/wp-content\/uploads\/2025\/07\/rock-emprego.jpg?resize=300%2C200&amp;ssl=1 300w, https:\/\/i0.wp.com\/www.tvuai.com.br\/portal\/wp-content\/uploads\/2025\/07\/rock-emprego.jpg?resize=768%2C511&amp;ssl=1 768w, https:\/\/i0.wp.com\/www.tvuai.com.br\/portal\/wp-content\/uploads\/2025\/07\/rock-emprego.jpg?w=1000&amp;ssl=1 1000w\" sizes=\"(max-width: 300px) 100vw, 300px\" \/>Outro destaque do Rock in P.A foi a presen\u00e7a do Emprega P.A, programa da prefeitura que levou oportunidades de trabalho diretamente ao p\u00fablico do evento. Ao todo, foram realizadas 500 entrevistas, com 310 contrata\u00e7\u00f5es efetivadas durante o pr\u00f3prio festival.<\/p>\n<p data-start=\"2555\" data-end=\"2760\">O espa\u00e7o tamb\u00e9m ofereceu triagem de curr\u00edculos, orienta\u00e7\u00e3o profissional e processos seletivos, facilitando o acesso ao mercado para quem busca o primeiro emprego, uma nova coloca\u00e7\u00e3o ou mudan\u00e7a de carreira.<\/p>\n<h3 style=\"text-align: center;\" data-start=\"2762\" data-end=\"2810\">Sa\u00fade, bem-estar e solidariedade em destaque<\/h3>\n<p data-start=\"2812\" data-end=\"3156\"><img data-recalc-dims=\"1\" loading=\"lazy\" decoding=\"async\" data-attachment-id=\"12440\" data-permalink=\"https:\/\/www.tvuai.com.br\/portal\/quando-a-cidade-vira-palco-rock-in-p-a-2025-leva-cultura-emprego-solidariedade-e-emocao-a-61-mil-pessoas\/rock-saude\/\" data-orig-file=\"https:\/\/i0.wp.com\/www.tvuai.com.br\/portal\/wp-content\/uploads\/2025\/07\/rock-saude.jpg?fit=1000%2C665&amp;ssl=1\" data-orig-size=\"1000,665\" data-comments-opened=\"0\" data-image-meta=\"{&quot;aperture&quot;:&quot;0&quot;,&quot;credit&quot;:&quot;&quot;,&quot;camera&quot;:&quot;Canon EOS REBEL T3&quot;,&quot;caption&quot;:&quot;&quot;,&quot;created_timestamp&quot;:&quot;1481135176&quot;,&quot;copyright&quot;:&quot;&quot;,&quot;focal_length&quot;:&quot;0&quot;,&quot;iso&quot;:&quot;6400&quot;,&quot;shutter_speed&quot;:&quot;0&quot;,&quot;title&quot;:&quot;&quot;,&quot;orientation&quot;:&quot;0&quot;}\" data-image-title=\"rock sa\u00fade\" data-image-description=\"\" data-image-caption=\"\" data-medium-file=\"https:\/\/i0.wp.com\/www.tvuai.com.br\/portal\/wp-content\/uploads\/2025\/07\/rock-saude.jpg?fit=300%2C200&amp;ssl=1\" data-large-file=\"https:\/\/i0.wp.com\/www.tvuai.com.br\/portal\/wp-content\/uploads\/2025\/07\/rock-saude.jpg?fit=640%2C426&amp;ssl=1\" tabindex=\"0\" role=\"button\" class=\"alignright size-medium wp-image-12440\" src=\"https:\/\/i0.wp.com\/www.tvuai.com.br\/portal\/wp-content\/uploads\/2025\/07\/rock-saude.jpg?resize=300%2C200&#038;ssl=1\" alt=\"\" width=\"300\" height=\"200\" srcset=\"https:\/\/i0.wp.com\/www.tvuai.com.br\/portal\/wp-content\/uploads\/2025\/07\/rock-saude.jpg?resize=300%2C200&amp;ssl=1 300w, https:\/\/i0.wp.com\/www.tvuai.com.br\/portal\/wp-content\/uploads\/2025\/07\/rock-saude.jpg?resize=768%2C511&amp;ssl=1 768w, https:\/\/i0.wp.com\/www.tvuai.com.br\/portal\/wp-content\/uploads\/2025\/07\/rock-saude.jpg?w=1000&amp;ssl=1 1000w\" sizes=\"(max-width: 300px) 100vw, 300px\" \/>Durante a manh\u00e3 de s\u00e1bado, a Caravana da Sa\u00fade levou servi\u00e7os gratuitos \u00e0 popula\u00e7\u00e3o, com aferi\u00e7\u00e3o de press\u00e3o arterial e glicemia, testes r\u00e1pidos, auriculoterapia, antropometria, orienta\u00e7\u00f5es de sa\u00fade e distribui\u00e7\u00e3o de material informativo. A a\u00e7\u00e3o contou com uma equipe multidisciplinar que integrou o cuidado com a sa\u00fade ao ambiente festivo.<\/p>\n<p data-start=\"3158\" data-end=\"3405\">J\u00e1 o Centro de Bem-Estar Animal promoveu mais uma edi\u00e7\u00e3o da feira de ado\u00e7\u00e3o respons\u00e1vel, das 10h \u00e0s 14h do s\u00e1bado. Seis pets foram adotados no festival, e outros seis ganharam um novo lar durante a C\u00e3ominhada no Shopping Serra Sul, no domingo.<\/p>\n<p data-start=\"3407\" data-end=\"3602\">Campanhas de arrecada\u00e7\u00e3o de alimentos n\u00e3o perec\u00edveis e ra\u00e7\u00e3o para animais tamb\u00e9m mobilizaram o p\u00fablico em a\u00e7\u00f5es solid\u00e1rias que beneficiaram institui\u00e7\u00f5es e fam\u00edlias em situa\u00e7\u00e3o de vulnerabilidade.<\/p>\n<h3 style=\"text-align: center;\" data-start=\"3604\" data-end=\"3631\">Economia local aquecida<\/h3>\n<p data-start=\"3633\" data-end=\"3906\"><img data-recalc-dims=\"1\" loading=\"lazy\" decoding=\"async\" data-attachment-id=\"12436\" data-permalink=\"https:\/\/www.tvuai.com.br\/portal\/quando-a-cidade-vira-palco-rock-in-p-a-2025-leva-cultura-emprego-solidariedade-e-emocao-a-61-mil-pessoas\/rock-economia\/\" data-orig-file=\"https:\/\/i0.wp.com\/www.tvuai.com.br\/portal\/wp-content\/uploads\/2025\/07\/rock-economia.jpg?fit=1000%2C665&amp;ssl=1\" data-orig-size=\"1000,665\" data-comments-opened=\"0\" data-image-meta=\"{&quot;aperture&quot;:&quot;0&quot;,&quot;credit&quot;:&quot;&quot;,&quot;camera&quot;:&quot;Canon EOS REBEL T3&quot;,&quot;caption&quot;:&quot;&quot;,&quot;created_timestamp&quot;:&quot;1481135176&quot;,&quot;copyright&quot;:&quot;&quot;,&quot;focal_length&quot;:&quot;0&quot;,&quot;iso&quot;:&quot;6400&quot;,&quot;shutter_speed&quot;:&quot;0&quot;,&quot;title&quot;:&quot;&quot;,&quot;orientation&quot;:&quot;0&quot;}\" data-image-title=\"rock economia\" data-image-description=\"\" data-image-caption=\"\" data-medium-file=\"https:\/\/i0.wp.com\/www.tvuai.com.br\/portal\/wp-content\/uploads\/2025\/07\/rock-economia.jpg?fit=300%2C200&amp;ssl=1\" data-large-file=\"https:\/\/i0.wp.com\/www.tvuai.com.br\/portal\/wp-content\/uploads\/2025\/07\/rock-economia.jpg?fit=640%2C426&amp;ssl=1\" tabindex=\"0\" role=\"button\" class=\"alignleft size-medium wp-image-12436\" src=\"https:\/\/i0.wp.com\/www.tvuai.com.br\/portal\/wp-content\/uploads\/2025\/07\/rock-economia-300x200.jpg?resize=300%2C200&#038;ssl=1\" alt=\"\" width=\"300\" height=\"200\" srcset=\"https:\/\/i0.wp.com\/www.tvuai.com.br\/portal\/wp-content\/uploads\/2025\/07\/rock-economia.jpg?resize=300%2C200&amp;ssl=1 300w, https:\/\/i0.wp.com\/www.tvuai.com.br\/portal\/wp-content\/uploads\/2025\/07\/rock-economia.jpg?resize=768%2C511&amp;ssl=1 768w, https:\/\/i0.wp.com\/www.tvuai.com.br\/portal\/wp-content\/uploads\/2025\/07\/rock-economia.jpg?w=1000&amp;ssl=1 1000w\" sizes=\"(max-width: 300px) 100vw, 300px\" \/>O impacto do Rock in P.A 2025 foi sentido em diversos setores da economia pouso-alegrense. Hot\u00e9is, restaurantes, transportes e o com\u00e9rcio em geral registraram aumento significativo no movimento durante os dias do festival, que atraiu visitantes de v\u00e1rias cidades da regi\u00e3o.<\/p>\n<h3 style=\"text-align: center;\" data-start=\"3908\" data-end=\"3941\">Legado cultural e comunit\u00e1rio<\/h3>\n<p data-start=\"3943\" data-end=\"4234\">Mais do que um evento musical, o Rock in P.A se consolidou como s\u00edmbolo de desenvolvimento cultural, social e econ\u00f4mico. A edi\u00e7\u00e3o de 2025 mostrou que investir em lazer e cidadania \u00e9 um caminho eficaz para transformar a realidade local, gerar oportunidades e fortalecer os la\u00e7os comunit\u00e1rios.<\/p>\n<p data-start=\"3943\" data-end=\"4234\"><img data-recalc-dims=\"1\" loading=\"lazy\" decoding=\"async\" data-attachment-id=\"12438\" data-permalink=\"https:\/\/www.tvuai.com.br\/portal\/quando-a-cidade-vira-palco-rock-in-p-a-2025-leva-cultura-emprego-solidariedade-e-emocao-a-61-mil-pessoas\/rock-legado\/\" data-orig-file=\"https:\/\/i0.wp.com\/www.tvuai.com.br\/portal\/wp-content\/uploads\/2025\/07\/rock-legado.jpg?fit=1000%2C665&amp;ssl=1\" data-orig-size=\"1000,665\" data-comments-opened=\"0\" data-image-meta=\"{&quot;aperture&quot;:&quot;0&quot;,&quot;credit&quot;:&quot;&quot;,&quot;camera&quot;:&quot;Canon EOS REBEL T3&quot;,&quot;caption&quot;:&quot;&quot;,&quot;created_timestamp&quot;:&quot;1481135176&quot;,&quot;copyright&quot;:&quot;&quot;,&quot;focal_length&quot;:&quot;0&quot;,&quot;iso&quot;:&quot;6400&quot;,&quot;shutter_speed&quot;:&quot;0&quot;,&quot;title&quot;:&quot;&quot;,&quot;orientation&quot;:&quot;0&quot;}\" data-image-title=\"rock legado\" data-image-description=\"\" data-image-caption=\"\" data-medium-file=\"https:\/\/i0.wp.com\/www.tvuai.com.br\/portal\/wp-content\/uploads\/2025\/07\/rock-legado.jpg?fit=300%2C200&amp;ssl=1\" data-large-file=\"https:\/\/i0.wp.com\/www.tvuai.com.br\/portal\/wp-content\/uploads\/2025\/07\/rock-legado.jpg?fit=640%2C426&amp;ssl=1\" tabindex=\"0\" role=\"button\" class=\"aligncenter size-full wp-image-12438\" src=\"https:\/\/i0.wp.com\/www.tvuai.com.br\/portal\/wp-content\/uploads\/2025\/07\/rock-legado.jpg?resize=640%2C426&#038;ssl=1\" alt=\"\" width=\"640\" height=\"426\" srcset=\"https:\/\/i0.wp.com\/www.tvuai.com.br\/portal\/wp-content\/uploads\/2025\/07\/rock-legado.jpg?w=1000&amp;ssl=1 1000w, https:\/\/i0.wp.com\/www.tvuai.com.br\/portal\/wp-content\/uploads\/2025\/07\/rock-legado.jpg?resize=300%2C200&amp;ssl=1 300w, https:\/\/i0.wp.com\/www.tvuai.com.br\/portal\/wp-content\/uploads\/2025\/07\/rock-legado.jpg?resize=768%2C511&amp;ssl=1 768w\" sizes=\"(max-width: 640px) 100vw, 640px\" \/><\/p>\n<h6 style=\"text-align: right;\" data-start=\"3943\" data-end=\"4234\"><em><strong>Com informa\u00e7\u00f5es de Gamaliel Bas\u00edlio e fotos Ascom PA<\/strong><\/em><\/h6>\n\n<div style=\"font-size: 0px; height: 0px; line-height: 0px; margin: 0; padding: 0; clear: both;\"><\/div><div class='share-to-whatsapp-wrapper'><div class='share-on-whsp'>Share on: <\/div><a data-text='Quando a cidade vira palco: Rock in P.A 2025 leva cultura, emprego, solidariedade e emo\u00e7\u00e3o a 61 mil pessoas' data-link='https:\/\/www.tvuai.com.br\/portal\/quando-a-cidade-vira-palco-rock-in-p-a-2025-leva-cultura-emprego-solidariedade-e-emocao-a-61-mil-pessoas\/' class='whatsapp-button whatsapp-share'>WhatsApp<\/a><div class='clear '><\/div><\/div><!-- AddThis Advanced Settings generic via filter on the_content --><!-- AddThis Share Buttons generic via filter on the_content -->","protected":false},"excerpt":{"rendered":"<p>Frejat, Queen e 61 mil vozes: Rock in P.A d\u00e1 show de cidadania em Pouso Alegre A quarta edi\u00e7\u00e3o do Rock in P.A entrou para a hist\u00f3ria de Pouso Alegre. Realizado nos dias 12 e 13 de julho na Pra\u00e7a de Esportes (Ros\u00e3o), o festival superou todas as expectativas e atraiu um p\u00fablico de 61.047 [&hellip;]<!-- AddThis Advanced Settings generic via filter on get_the_excerpt --><!-- AddThis Share Buttons generic via filter on get_the_excerpt --><\/p>\n","protected":false},"author":1,"featured_media":12435,"comment_status":"closed","ping_status":"closed","sticky":false,"template":"","format":"standard","meta":{"jetpack_post_was_ever_published":false,"_jetpack_newsletter_access":"","_jetpack_dont_email_post_to_subs":false,"_jetpack_newsletter_tier_id":0,"_jetpack_memberships_contains_paywalled_content":false,"_jetpack_memberships_contains_paid_content":false,"_joinchat":[],"footnotes":"","jetpack_publicize_message":"","jetpack_publicize_feature_enabled":true,"jetpack_social_post_already_shared":false,"jetpack_social_options":{"image_generator_settings":{"template":"highway","enabled":false},"version":2}},"categories":[1816,20,19,5],"tags":[5734,4197,184,5738,37,5732,5737,5733,5735,39,5736,27,1618,4796],"class_list":["post-12431","post","type-post","status-publish","format-standard","has-post-thumbnail","hentry","category-arte","category-entretenimento","category-noticias","category-ultimas","tag-frejat","tag-gamaliel-basilio","tag-minas-gerais","tag-offence","tag-pouso-alegre","tag-quarta-edicao-do-rock-in-p-a","tag-santa-session","tag-secretaria-de-comunicacao-social-lazer-e-turismo-de-pouso-alegre","tag-special-queen","tag-sul-de-minas","tag-the-silas","tag-tv-uai","tag-tv-uai-pouso-alegre","tag-tvuai25"],"jetpack_publicize_connections":[],"yoast_head":"<!-- This site is optimized with the Yoast SEO plugin v23.5 - https:\/\/yoast.com\/wordpress\/plugins\/seo\/ -->\n<title>Quando a cidade vira palco: Rock in P.A 2025 leva cultura, emprego, solidariedade e emo\u00e7\u00e3o a 61 mil pessoas - TVUAI<\/title>\n<meta name=\"robots\" content=\"index, follow, max-snippet:-1, max-image-preview:large, max-video-preview:-1\" \/>\n<link rel=\"canonical\" href=\"https:\/\/www.tvuai.com.br\/portal\/quando-a-cidade-vira-palco-rock-in-p-a-2025-leva-cultura-emprego-solidariedade-e-emocao-a-61-mil-pessoas\/\" \/>\n<meta property=\"og:locale\" content=\"pt_BR\" \/>\n<meta property=\"og:type\" content=\"article\" \/>\n<meta property=\"og:title\" content=\"Quando a cidade vira palco: Rock in P.A 2025 leva cultura, emprego, solidariedade e emo\u00e7\u00e3o a 61 mil pessoas - TVUAI\" \/>\n<meta property=\"og:description\" content=\"Frejat, Queen e 61 mil vozes: Rock in P.A d\u00e1 show de cidadania em Pouso Alegre A quarta edi\u00e7\u00e3o do Rock in P.A entrou para a hist\u00f3ria de Pouso Alegre. Realizado nos dias 12 e 13 de julho na Pra\u00e7a de Esportes (Ros\u00e3o), o festival superou todas as expectativas e atraiu um p\u00fablico de 61.047 [&hellip;]\" \/>\n<meta property=\"og:url\" content=\"https:\/\/www.tvuai.com.br\/portal\/quando-a-cidade-vira-palco-rock-in-p-a-2025-leva-cultura-emprego-solidariedade-e-emocao-a-61-mil-pessoas\/\" \/>\n<meta property=\"og:site_name\" content=\"TVUAI\" \/>\n<meta property=\"article:publisher\" content=\"http:\/\/www.facebook.com\/pages\/TV-Uai-Comunica%c3%a7%c3%a3o\/139062546157369\" \/>\n<meta property=\"article:published_time\" content=\"2025-07-14T22:22:39+00:00\" \/>\n<meta property=\"article:modified_time\" content=\"2025-07-15T21:09:48+00:00\" \/>\n<meta property=\"og:image\" content=\"https:\/\/www.tvuai.com.br\/portal\/wp-content\/uploads\/2025\/07\/rock-cantor0.jpg\" \/>\n\t<meta property=\"og:image:width\" content=\"200\" \/>\n\t<meta property=\"og:image:height\" content=\"200\" \/>\n\t<meta property=\"og:image:type\" content=\"image\/jpeg\" \/>\n<meta name=\"author\" content=\"tvuai\" \/>\n<meta name=\"twitter:card\" content=\"summary_large_image\" \/>\n<meta name=\"twitter:creator\" content=\"@tvuai\" \/>\n<meta name=\"twitter:site\" content=\"@tvuai\" \/>\n<meta name=\"twitter:label1\" content=\"Escrito por\" \/>\n\t<meta name=\"twitter:data1\" content=\"tvuai\" \/>\n\t<meta name=\"twitter:label2\" content=\"Est. tempo de leitura\" \/>\n\t<meta name=\"twitter:data2\" content=\"6 minutos\" \/>\n<script type=\"application\/ld+json\" class=\"yoast-schema-graph\">{\"@context\":\"https:\/\/schema.org\",\"@graph\":[{\"@type\":\"Article\",\"@id\":\"https:\/\/www.tvuai.com.br\/portal\/quando-a-cidade-vira-palco-rock-in-p-a-2025-leva-cultura-emprego-solidariedade-e-emocao-a-61-mil-pessoas\/#article\",\"isPartOf\":{\"@id\":\"https:\/\/www.tvuai.com.br\/portal\/quando-a-cidade-vira-palco-rock-in-p-a-2025-leva-cultura-emprego-solidariedade-e-emocao-a-61-mil-pessoas\/\"},\"author\":{\"name\":\"tvuai\",\"@id\":\"https:\/\/www.tvuai.com.br\/portal\/#\/schema\/person\/245e50e9127451fd0b7fd76f519ebbfe\"},\"headline\":\"Quando a cidade vira palco: Rock in P.A 2025 leva cultura, emprego, solidariedade e emo\u00e7\u00e3o a 61 mil pessoas\",\"datePublished\":\"2025-07-14T22:22:39+00:00\",\"dateModified\":\"2025-07-15T21:09:48+00:00\",\"mainEntityOfPage\":{\"@id\":\"https:\/\/www.tvuai.com.br\/portal\/quando-a-cidade-vira-palco-rock-in-p-a-2025-leva-cultura-emprego-solidariedade-e-emocao-a-61-mil-pessoas\/\"},\"wordCount\":735,\"publisher\":{\"@id\":\"https:\/\/www.tvuai.com.br\/portal\/#organization\"},\"image\":{\"@id\":\"https:\/\/www.tvuai.com.br\/portal\/quando-a-cidade-vira-palco-rock-in-p-a-2025-leva-cultura-emprego-solidariedade-e-emocao-a-61-mil-pessoas\/#primaryimage\"},\"thumbnailUrl\":\"https:\/\/i0.wp.com\/www.tvuai.com.br\/portal\/wp-content\/uploads\/2025\/07\/rock-cantor0.jpg?fit=200%2C200&ssl=1\",\"keywords\":[\"Frejat\",\"Gamaliel Bas\u00edlio\",\"Minas Gerais\",\"OFFENCE!\",\"Pouso Alegre\",\"quarta edi\u00e7\u00e3o do Rock in P.A\",\"Santa Session\",\"Secretaria de Comunica\u00e7\u00e3o Social Lazer e Turismo de Pouso Alegre\",\"Special Queen\",\"Sul de Minas\",\"The Silas\",\"TV Uai\",\"TV UAI Pouso Alegre\",\"TVUAI25\"],\"articleSection\":[\"Arte\",\"Entretenimento\",\"Not\u00edcias\",\"\u00daltimas Not\u00edcias\"],\"inLanguage\":\"pt-BR\"},{\"@type\":\"WebPage\",\"@id\":\"https:\/\/www.tvuai.com.br\/portal\/quando-a-cidade-vira-palco-rock-in-p-a-2025-leva-cultura-emprego-solidariedade-e-emocao-a-61-mil-pessoas\/\",\"url\":\"https:\/\/www.tvuai.com.br\/portal\/quando-a-cidade-vira-palco-rock-in-p-a-2025-leva-cultura-emprego-solidariedade-e-emocao-a-61-mil-pessoas\/\",\"name\":\"Quando a cidade vira palco: Rock in P.A 2025 leva cultura, emprego, solidariedade e emo\u00e7\u00e3o a 61 mil pessoas - TVUAI\",\"isPartOf\":{\"@id\":\"https:\/\/www.tvuai.com.br\/portal\/#website\"},\"primaryImageOfPage\":{\"@id\":\"https:\/\/www.tvuai.com.br\/portal\/quando-a-cidade-vira-palco-rock-in-p-a-2025-leva-cultura-emprego-solidariedade-e-emocao-a-61-mil-pessoas\/#primaryimage\"},\"image\":{\"@id\":\"https:\/\/www.tvuai.com.br\/portal\/quando-a-cidade-vira-palco-rock-in-p-a-2025-leva-cultura-emprego-solidariedade-e-emocao-a-61-mil-pessoas\/#primaryimage\"},\"thumbnailUrl\":\"https:\/\/i0.wp.com\/www.tvuai.com.br\/portal\/wp-content\/uploads\/2025\/07\/rock-cantor0.jpg?fit=200%2C200&ssl=1\",\"datePublished\":\"2025-07-14T22:22:39+00:00\",\"dateModified\":\"2025-07-15T21:09:48+00:00\",\"breadcrumb\":{\"@id\":\"https:\/\/www.tvuai.com.br\/portal\/quando-a-cidade-vira-palco-rock-in-p-a-2025-leva-cultura-emprego-solidariedade-e-emocao-a-61-mil-pessoas\/#breadcrumb\"},\"inLanguage\":\"pt-BR\",\"potentialAction\":[{\"@type\":\"ReadAction\",\"target\":[\"https:\/\/www.tvuai.com.br\/portal\/quando-a-cidade-vira-palco-rock-in-p-a-2025-leva-cultura-emprego-solidariedade-e-emocao-a-61-mil-pessoas\/\"]}]},{\"@type\":\"ImageObject\",\"inLanguage\":\"pt-BR\",\"@id\":\"https:\/\/www.tvuai.com.br\/portal\/quando-a-cidade-vira-palco-rock-in-p-a-2025-leva-cultura-emprego-solidariedade-e-emocao-a-61-mil-pessoas\/#primaryimage\",\"url\":\"https:\/\/i0.wp.com\/www.tvuai.com.br\/portal\/wp-content\/uploads\/2025\/07\/rock-cantor0.jpg?fit=200%2C200&ssl=1\",\"contentUrl\":\"https:\/\/i0.wp.com\/www.tvuai.com.br\/portal\/wp-content\/uploads\/2025\/07\/rock-cantor0.jpg?fit=200%2C200&ssl=1\",\"width\":200,\"height\":200},{\"@type\":\"BreadcrumbList\",\"@id\":\"https:\/\/www.tvuai.com.br\/portal\/quando-a-cidade-vira-palco-rock-in-p-a-2025-leva-cultura-emprego-solidariedade-e-emocao-a-61-mil-pessoas\/#breadcrumb\",\"itemListElement\":[{\"@type\":\"ListItem\",\"position\":1,\"name\":\"In\u00edcio\",\"item\":\"https:\/\/www.tvuai.com.br\/portal\/\"},{\"@type\":\"ListItem\",\"position\":2,\"name\":\"Quando a cidade vira palco: Rock in P.A 2025 leva cultura, emprego, solidariedade e emo\u00e7\u00e3o a 61 mil pessoas\"}]},{\"@type\":\"WebSite\",\"@id\":\"https:\/\/www.tvuai.com.br\/portal\/#website\",\"url\":\"https:\/\/www.tvuai.com.br\/portal\/\",\"name\":\"TVUAI\",\"description\":\"Tudo sobre o Sul de Minas\",\"publisher\":{\"@id\":\"https:\/\/www.tvuai.com.br\/portal\/#organization\"},\"potentialAction\":[{\"@type\":\"SearchAction\",\"target\":{\"@type\":\"EntryPoint\",\"urlTemplate\":\"https:\/\/www.tvuai.com.br\/portal\/?s={search_term_string}\"},\"query-input\":{\"@type\":\"PropertyValueSpecification\",\"valueRequired\":true,\"valueName\":\"search_term_string\"}}],\"inLanguage\":\"pt-BR\"},{\"@type\":\"Organization\",\"@id\":\"https:\/\/www.tvuai.com.br\/portal\/#organization\",\"name\":\"TVUAI\",\"url\":\"https:\/\/www.tvuai.com.br\/portal\/\",\"logo\":{\"@type\":\"ImageObject\",\"inLanguage\":\"pt-BR\",\"@id\":\"https:\/\/www.tvuai.com.br\/portal\/#\/schema\/logo\/image\/\",\"url\":\"https:\/\/i0.wp.com\/www.tvuai.com.br\/portal\/wp-content\/uploads\/2017\/12\/logo_tvuai_100H.png?fit=207%2C100&ssl=1\",\"contentUrl\":\"https:\/\/i0.wp.com\/www.tvuai.com.br\/portal\/wp-content\/uploads\/2017\/12\/logo_tvuai_100H.png?fit=207%2C100&ssl=1\",\"width\":207,\"height\":100,\"caption\":\"TVUAI\"},\"image\":{\"@id\":\"https:\/\/www.tvuai.com.br\/portal\/#\/schema\/logo\/image\/\"},\"sameAs\":[\"http:\/\/www.facebook.com\/pages\/TV-Uai-Comunica\u00e7\u00e3o\/139062546157369\",\"https:\/\/x.com\/tvuai\",\"https:\/\/www.instagram.com\/tvuai_network\/\",\"https:\/\/www.youtube.com\/channel\/UCB7ZPB3wRv-OpoZ_09jmnkQ\"]},{\"@type\":\"Person\",\"@id\":\"https:\/\/www.tvuai.com.br\/portal\/#\/schema\/person\/245e50e9127451fd0b7fd76f519ebbfe\",\"name\":\"tvuai\",\"url\":\"https:\/\/www.tvuai.com.br\/portal\/author\/tvuai\/\"}]}<\/script>\n<!-- \/ Yoast SEO plugin. -->","yoast_head_json":{"title":"Quando a cidade vira palco: Rock in P.A 2025 leva cultura, emprego, solidariedade e emo\u00e7\u00e3o a 61 mil pessoas - TVUAI","robots":{"index":"index","follow":"follow","max-snippet":"max-snippet:-1","max-image-preview":"max-image-preview:large","max-video-preview":"max-video-preview:-1"},"canonical":"https:\/\/www.tvuai.com.br\/portal\/quando-a-cidade-vira-palco-rock-in-p-a-2025-leva-cultura-emprego-solidariedade-e-emocao-a-61-mil-pessoas\/","og_locale":"pt_BR","og_type":"article","og_title":"Quando a cidade vira palco: Rock in P.A 2025 leva cultura, emprego, solidariedade e emo\u00e7\u00e3o a 61 mil pessoas - TVUAI","og_description":"Frejat, Queen e 61 mil vozes: Rock in P.A d\u00e1 show de cidadania em Pouso Alegre A quarta edi\u00e7\u00e3o do Rock in P.A entrou para a hist\u00f3ria de Pouso Alegre. Realizado nos dias 12 e 13 de julho na Pra\u00e7a de Esportes (Ros\u00e3o), o festival superou todas as expectativas e atraiu um p\u00fablico de 61.047 [&hellip;]","og_url":"https:\/\/www.tvuai.com.br\/portal\/quando-a-cidade-vira-palco-rock-in-p-a-2025-leva-cultura-emprego-solidariedade-e-emocao-a-61-mil-pessoas\/","og_site_name":"TVUAI","article_publisher":"http:\/\/www.facebook.com\/pages\/TV-Uai-Comunica%c3%a7%c3%a3o\/139062546157369","article_published_time":"2025-07-14T22:22:39+00:00","article_modified_time":"2025-07-15T21:09:48+00:00","og_image":[{"width":200,"height":200,"url":"https:\/\/www.tvuai.com.br\/portal\/wp-content\/uploads\/2025\/07\/rock-cantor0.jpg","type":"image\/jpeg"}],"author":"tvuai","twitter_card":"summary_large_image","twitter_creator":"@tvuai","twitter_site":"@tvuai","twitter_misc":{"Escrito por":"tvuai","Est. tempo de leitura":"6 minutos"},"schema":{"@context":"https:\/\/schema.org","@graph":[{"@type":"Article","@id":"https:\/\/www.tvuai.com.br\/portal\/quando-a-cidade-vira-palco-rock-in-p-a-2025-leva-cultura-emprego-solidariedade-e-emocao-a-61-mil-pessoas\/#article","isPartOf":{"@id":"https:\/\/www.tvuai.com.br\/portal\/quando-a-cidade-vira-palco-rock-in-p-a-2025-leva-cultura-emprego-solidariedade-e-emocao-a-61-mil-pessoas\/"},"author":{"name":"tvuai","@id":"https:\/\/www.tvuai.com.br\/portal\/#\/schema\/person\/245e50e9127451fd0b7fd76f519ebbfe"},"headline":"Quando a cidade vira palco: Rock in P.A 2025 leva cultura, emprego, solidariedade e emo\u00e7\u00e3o a 61 mil pessoas","datePublished":"2025-07-14T22:22:39+00:00","dateModified":"2025-07-15T21:09:48+00:00","mainEntityOfPage":{"@id":"https:\/\/www.tvuai.com.br\/portal\/quando-a-cidade-vira-palco-rock-in-p-a-2025-leva-cultura-emprego-solidariedade-e-emocao-a-61-mil-pessoas\/"},"wordCount":735,"publisher":{"@id":"https:\/\/www.tvuai.com.br\/portal\/#organization"},"image":{"@id":"https:\/\/www.tvuai.com.br\/portal\/quando-a-cidade-vira-palco-rock-in-p-a-2025-leva-cultura-emprego-solidariedade-e-emocao-a-61-mil-pessoas\/#primaryimage"},"thumbnailUrl":"https:\/\/i0.wp.com\/www.tvuai.com.br\/portal\/wp-content\/uploads\/2025\/07\/rock-cantor0.jpg?fit=200%2C200&ssl=1","keywords":["Frejat","Gamaliel Bas\u00edlio","Minas Gerais","OFFENCE!","Pouso Alegre","quarta edi\u00e7\u00e3o do Rock in P.A","Santa Session","Secretaria de Comunica\u00e7\u00e3o Social Lazer e Turismo de Pouso Alegre","Special Queen","Sul de Minas","The Silas","TV Uai","TV UAI Pouso Alegre","TVUAI25"],"articleSection":["Arte","Entretenimento","Not\u00edcias","\u00daltimas Not\u00edcias"],"inLanguage":"pt-BR"},{"@type":"WebPage","@id":"https:\/\/www.tvuai.com.br\/portal\/quando-a-cidade-vira-palco-rock-in-p-a-2025-leva-cultura-emprego-solidariedade-e-emocao-a-61-mil-pessoas\/","url":"https:\/\/www.tvuai.com.br\/portal\/quando-a-cidade-vira-palco-rock-in-p-a-2025-leva-cultura-emprego-solidariedade-e-emocao-a-61-mil-pessoas\/","name":"Quando a cidade vira palco: Rock in P.A 2025 leva cultura, emprego, solidariedade e emo\u00e7\u00e3o a 61 mil pessoas - TVUAI","isPartOf":{"@id":"https:\/\/www.tvuai.com.br\/portal\/#website"},"primaryImageOfPage":{"@id":"https:\/\/www.tvuai.com.br\/portal\/quando-a-cidade-vira-palco-rock-in-p-a-2025-leva-cultura-emprego-solidariedade-e-emocao-a-61-mil-pessoas\/#primaryimage"},"image":{"@id":"https:\/\/www.tvuai.com.br\/portal\/quando-a-cidade-vira-palco-rock-in-p-a-2025-leva-cultura-emprego-solidariedade-e-emocao-a-61-mil-pessoas\/#primaryimage"},"thumbnailUrl":"https:\/\/i0.wp.com\/www.tvuai.com.br\/portal\/wp-content\/uploads\/2025\/07\/rock-cantor0.jpg?fit=200%2C200&ssl=1","datePublished":"2025-07-14T22:22:39+00:00","dateModified":"2025-07-15T21:09:48+00:00","breadcrumb":{"@id":"https:\/\/www.tvuai.com.br\/portal\/quando-a-cidade-vira-palco-rock-in-p-a-2025-leva-cultura-emprego-solidariedade-e-emocao-a-61-mil-pessoas\/#breadcrumb"},"inLanguage":"pt-BR","potentialAction":[{"@type":"ReadAction","target":["https:\/\/www.tvuai.com.br\/portal\/quando-a-cidade-vira-palco-rock-in-p-a-2025-leva-cultura-emprego-solidariedade-e-emocao-a-61-mil-pessoas\/"]}]},{"@type":"ImageObject","inLanguage":"pt-BR","@id":"https:\/\/www.tvuai.com.br\/portal\/quando-a-cidade-vira-palco-rock-in-p-a-2025-leva-cultura-emprego-solidariedade-e-emocao-a-61-mil-pessoas\/#primaryimage","url":"https:\/\/i0.wp.com\/www.tvuai.com.br\/portal\/wp-content\/uploads\/2025\/07\/rock-cantor0.jpg?fit=200%2C200&ssl=1","contentUrl":"https:\/\/i0.wp.com\/www.tvuai.com.br\/portal\/wp-content\/uploads\/2025\/07\/rock-cantor0.jpg?fit=200%2C200&ssl=1","width":200,"height":200},{"@type":"BreadcrumbList","@id":"https:\/\/www.tvuai.com.br\/portal\/quando-a-cidade-vira-palco-rock-in-p-a-2025-leva-cultura-emprego-solidariedade-e-emocao-a-61-mil-pessoas\/#breadcrumb","itemListElement":[{"@type":"ListItem","position":1,"name":"In\u00edcio","item":"https:\/\/www.tvuai.com.br\/portal\/"},{"@type":"ListItem","position":2,"name":"Quando a cidade vira palco: Rock in P.A 2025 leva cultura, emprego, solidariedade e emo\u00e7\u00e3o a 61 mil pessoas"}]},{"@type":"WebSite","@id":"https:\/\/www.tvuai.com.br\/portal\/#website","url":"https:\/\/www.tvuai.com.br\/portal\/","name":"TVUAI","description":"Tudo sobre o Sul de Minas","publisher":{"@id":"https:\/\/www.tvuai.com.br\/portal\/#organization"},"potentialAction":[{"@type":"SearchAction","target":{"@type":"EntryPoint","urlTemplate":"https:\/\/www.tvuai.com.br\/portal\/?s={search_term_string}"},"query-input":{"@type":"PropertyValueSpecification","valueRequired":true,"valueName":"search_term_string"}}],"inLanguage":"pt-BR"},{"@type":"Organization","@id":"https:\/\/www.tvuai.com.br\/portal\/#organization","name":"TVUAI","url":"https:\/\/www.tvuai.com.br\/portal\/","logo":{"@type":"ImageObject","inLanguage":"pt-BR","@id":"https:\/\/www.tvuai.com.br\/portal\/#\/schema\/logo\/image\/","url":"https:\/\/i0.wp.com\/www.tvuai.com.br\/portal\/wp-content\/uploads\/2017\/12\/logo_tvuai_100H.png?fit=207%2C100&ssl=1","contentUrl":"https:\/\/i0.wp.com\/www.tvuai.com.br\/portal\/wp-content\/uploads\/2017\/12\/logo_tvuai_100H.png?fit=207%2C100&ssl=1","width":207,"height":100,"caption":"TVUAI"},"image":{"@id":"https:\/\/www.tvuai.com.br\/portal\/#\/schema\/logo\/image\/"},"sameAs":["http:\/\/www.facebook.com\/pages\/TV-Uai-Comunica\u00e7\u00e3o\/139062546157369","https:\/\/x.com\/tvuai","https:\/\/www.instagram.com\/tvuai_network\/","https:\/\/www.youtube.com\/channel\/UCB7ZPB3wRv-OpoZ_09jmnkQ"]},{"@type":"Person","@id":"https:\/\/www.tvuai.com.br\/portal\/#\/schema\/person\/245e50e9127451fd0b7fd76f519ebbfe","name":"tvuai","url":"https:\/\/www.tvuai.com.br\/portal\/author\/tvuai\/"}]}},"jetpack_featured_media_url":"https:\/\/i0.wp.com\/www.tvuai.com.br\/portal\/wp-content\/uploads\/2025\/07\/rock-cantor0.jpg?fit=200%2C200&ssl=1","wpmagazine_modules_lite_featured_media_urls":{"thumbnail":["https:\/\/i0.wp.com\/www.tvuai.com.br\/portal\/wp-content\/uploads\/2025\/07\/rock-cantor0.jpg?resize=150%2C150&ssl=1",150,150,true],"cvmm-medium":["https:\/\/i0.wp.com\/www.tvuai.com.br\/portal\/wp-content\/uploads\/2025\/07\/rock-cantor0.jpg?resize=200%2C200&ssl=1",200,200,true],"cvmm-medium-plus":["https:\/\/i0.wp.com\/www.tvuai.com.br\/portal\/wp-content\/uploads\/2025\/07\/rock-cantor0.jpg?resize=200%2C200&ssl=1",200,200,true],"cvmm-portrait":["https:\/\/i0.wp.com\/www.tvuai.com.br\/portal\/wp-content\/uploads\/2025\/07\/rock-cantor0.jpg?resize=200%2C200&ssl=1",200,200,true],"cvmm-medium-square":["https:\/\/i0.wp.com\/www.tvuai.com.br\/portal\/wp-content\/uploads\/2025\/07\/rock-cantor0.jpg?resize=200%2C200&ssl=1",200,200,true],"cvmm-large":["https:\/\/i0.wp.com\/www.tvuai.com.br\/portal\/wp-content\/uploads\/2025\/07\/rock-cantor0.jpg?resize=200%2C200&ssl=1",200,200,true],"cvmm-small":["https:\/\/i0.wp.com\/www.tvuai.com.br\/portal\/wp-content\/uploads\/2025\/07\/rock-cantor0.jpg?resize=130%2C95&ssl=1",130,95,true],"full":["https:\/\/i0.wp.com\/www.tvuai.com.br\/portal\/wp-content\/uploads\/2025\/07\/rock-cantor0.jpg?fit=200%2C200&ssl=1",200,200,false]},"categories_names":{"1816":{"name":"Arte","link":"https:\/\/www.tvuai.com.br\/portal\/category\/arte\/"},"20":{"name":"Entretenimento","link":"https:\/\/www.tvuai.com.br\/portal\/category\/entretenimento\/"},"19":{"name":"Not\u00edcias","link":"https:\/\/www.tvuai.com.br\/portal\/category\/noticias\/"},"5":{"name":"\u00daltimas Not\u00edcias","link":"https:\/\/www.tvuai.com.br\/portal\/category\/noticias\/ultimas\/"}},"tags_names":{"5734":{"name":"Frejat","link":"https:\/\/www.tvuai.com.br\/portal\/tag\/frejat\/"},"4197":{"name":"Gamaliel Bas\u00edlio","link":"https:\/\/www.tvuai.com.br\/portal\/tag\/gamaliel-basilio\/"},"184":{"name":"Minas Gerais","link":"https:\/\/www.tvuai.com.br\/portal\/tag\/minas-gerais\/"},"5738":{"name":"OFFENCE!","link":"https:\/\/www.tvuai.com.br\/portal\/tag\/offence\/"},"37":{"name":"Pouso Alegre","link":"https:\/\/www.tvuai.com.br\/portal\/tag\/pouso-alegre\/"},"5732":{"name":"quarta edi\u00e7\u00e3o do Rock in P.A","link":"https:\/\/www.tvuai.com.br\/portal\/tag\/quarta-edicao-do-rock-in-p-a\/"},"5737":{"name":"Santa Session","link":"https:\/\/www.tvuai.com.br\/portal\/tag\/santa-session\/"},"5733":{"name":"Secretaria de Comunica\u00e7\u00e3o Social Lazer e Turismo de Pouso Alegre","link":"https:\/\/www.tvuai.com.br\/portal\/tag\/secretaria-de-comunicacao-social-lazer-e-turismo-de-pouso-alegre\/"},"5735":{"name":"Special Queen","link":"https:\/\/www.tvuai.com.br\/portal\/tag\/special-queen\/"},"39":{"name":"Sul de Minas","link":"https:\/\/www.tvuai.com.br\/portal\/tag\/sul-de-minas\/"},"5736":{"name":"The Silas","link":"https:\/\/www.tvuai.com.br\/portal\/tag\/the-silas\/"},"27":{"name":"TV Uai","link":"https:\/\/www.tvuai.com.br\/portal\/tag\/tv-uai\/"},"1618":{"name":"TV UAI Pouso Alegre","link":"https:\/\/www.tvuai.com.br\/portal\/tag\/tv-uai-pouso-alegre\/"},"4796":{"name":"TVUAI25","link":"https:\/\/www.tvuai.com.br\/portal\/tag\/tvuai25\/"}},"comments_number":"0","jetpack_shortlink":"https:\/\/wp.me\/p9woix-3ev","jetpack_sharing_enabled":true,"_links":{"self":[{"href":"https:\/\/www.tvuai.com.br\/portal\/wp-json\/wp\/v2\/posts\/12431"}],"collection":[{"href":"https:\/\/www.tvuai.com.br\/portal\/wp-json\/wp\/v2\/posts"}],"about":[{"href":"https:\/\/www.tvuai.com.br\/portal\/wp-json\/wp\/v2\/types\/post"}],"author":[{"embeddable":true,"href":"https:\/\/www.tvuai.com.br\/portal\/wp-json\/wp\/v2\/users\/1"}],"replies":[{"embeddable":true,"href":"https:\/\/www.tvuai.com.br\/portal\/wp-json\/wp\/v2\/comments?post=12431"}],"version-history":[{"count":3,"href":"https:\/\/www.tvuai.com.br\/portal\/wp-json\/wp\/v2\/posts\/12431\/revisions"}],"predecessor-version":[{"id":12442,"href":"https:\/\/www.tvuai.com.br\/portal\/wp-json\/wp\/v2\/posts\/12431\/revisions\/12442"}],"wp:featuredmedia":[{"embeddable":true,"href":"https:\/\/www.tvuai.com.br\/portal\/wp-json\/wp\/v2\/media\/12435"}],"wp:attachment":[{"href":"https:\/\/www.tvuai.com.br\/portal\/wp-json\/wp\/v2\/media?parent=12431"}],"wp:term":[{"taxonomy":"category","embeddable":true,"href":"https:\/\/www.tvuai.com.br\/portal\/wp-json\/wp\/v2\/categories?post=12431"},{"taxonomy":"post_tag","embeddable":true,"href":"https:\/\/www.tvuai.com.br\/portal\/wp-json\/wp\/v2\/tags?post=12431"}],"curies":[{"name":"wp","href":"https:\/\/api.w.org\/{rel}","templated":true}]}}