{"id":12239,"date":"2025-06-28T21:50:43","date_gmt":"2025-06-29T00:50:43","guid":{"rendered":"https:\/\/www.tvuai.com.br\/portal\/?p=12239"},"modified":"2025-06-30T19:25:40","modified_gmt":"2025-06-30T22:25:40","slug":"produtores-do-sul-de-minas-antecipam-estrategias-para-safra-de-soja-2025","status":"publish","type":"post","link":"https:\/\/www.tvuai.com.br\/portal\/produtores-do-sul-de-minas-antecipam-estrategias-para-safra-de-soja-2025\/","title":{"rendered":"Produtores do Sul de Minas antecipam estrat\u00e9gias para safra de soja 2025"},"content":{"rendered":"<div class=\"5a1038e0903b96d426fcfcc338703013\" data-index=\"1\" style=\"float: right; margin:10px 0 10px 10px;\">\n<script async src=\"https:\/\/pagead2.googlesyndication.com\/pagead\/js\/adsbygoogle.js?client=ca-pub-9945944833605257\"\r\n     crossorigin=\"anonymous\"><\/script>\r\n<ins class=\"adsbygoogle\"\r\n     style=\"display:block; text-align:center;\"\r\n     data-ad-layout=\"in-article\"\r\n     data-ad-format=\"fluid\"\r\n     data-ad-client=\"ca-pub-9945944833605257\"\r\n     data-ad-slot=\"2343923581\"><\/ins>\r\n<script>\r\n     (adsbygoogle = window.adsbygoogle || []).push({});\r\n<\/script>\n<\/div>\n<article class=\"text-token-text-primary w-full\" dir=\"auto\" data-testid=\"conversation-turn-4\" data-scroll-anchor=\"false\">\n<div class=\"text-base my-auto mx-auto py-5 [--thread-content-margin:--spacing(4)] @[37rem]:[--thread-content-margin:--spacing(6)] @[72rem]:[--thread-content-margin:--spacing(16)] px-(--thread-content-margin)\">\n<div class=\"[--thread-content-max-width:32rem] @[34rem]:[--thread-content-max-width:40rem] @[64rem]:[--thread-content-max-width:48rem] mx-auto flex max-w-(--thread-content-max-width) flex-1 text-base gap-4 md:gap-5 lg:gap-6 group\/turn-messages focus-visible:outline-hidden\" tabindex=\"-1\">\n<div class=\"group\/conversation-turn relative flex w-full min-w-0 flex-col agent-turn\">\n<div class=\"relative flex-col gap-1 md:gap-3\">\n<div class=\"flex max-w-full flex-col grow\">\n<div class=\"min-h-8 text-message relative flex w-full flex-col items-end gap-2 text-start break-words whitespace-normal [.text-message+&amp;]:mt-5\" dir=\"auto\" data-message-author-role=\"assistant\" data-message-id=\"d6d4c4d9-d70e-4f19-b231-e1c168a42425\" data-message-model-slug=\"gpt-4o\">\n<div class=\"flex w-full flex-col gap-1 empty:hidden first:pt-[3px]\">\n<div class=\"markdown prose dark:prose-invert w-full break-words light\">\n<h5 style=\"text-align: center;\" data-start=\"276\" data-end=\"370\"><em><strong data-start=\"276\" data-end=\"370\"><img data-recalc-dims=\"1\" fetchpriority=\"high\" decoding=\"async\" data-attachment-id=\"12242\" data-permalink=\"https:\/\/www.tvuai.com.br\/portal\/produtores-do-sul-de-minas-antecipam-estrategias-para-safra-de-soja-2025\/soja1\/\" data-orig-file=\"https:\/\/i0.wp.com\/www.tvuai.com.br\/portal\/wp-content\/uploads\/2025\/06\/soja1.jpg?fit=1000%2C562&amp;ssl=1\" data-orig-size=\"1000,562\" data-comments-opened=\"0\" data-image-meta=\"{&quot;aperture&quot;:&quot;0&quot;,&quot;credit&quot;:&quot;&quot;,&quot;camera&quot;:&quot;&quot;,&quot;caption&quot;:&quot;&quot;,&quot;created_timestamp&quot;:&quot;1751036895&quot;,&quot;copyright&quot;:&quot;&quot;,&quot;focal_length&quot;:&quot;0&quot;,&quot;iso&quot;:&quot;0&quot;,&quot;shutter_speed&quot;:&quot;0&quot;,&quot;title&quot;:&quot;&quot;,&quot;orientation&quot;:&quot;0&quot;}\" data-image-title=\"soja1\" data-image-description=\"\" data-image-caption=\"\" data-medium-file=\"https:\/\/i0.wp.com\/www.tvuai.com.br\/portal\/wp-content\/uploads\/2025\/06\/soja1.jpg?fit=300%2C169&amp;ssl=1\" data-large-file=\"https:\/\/i0.wp.com\/www.tvuai.com.br\/portal\/wp-content\/uploads\/2025\/06\/soja1.jpg?fit=640%2C360&amp;ssl=1\" tabindex=\"0\" role=\"button\" class=\"aligncenter size-full wp-image-12242\" src=\"https:\/\/i0.wp.com\/www.tvuai.com.br\/portal\/wp-content\/uploads\/2025\/06\/soja1.jpg?resize=640%2C360&#038;ssl=1\" alt=\"\" width=\"640\" height=\"360\" srcset=\"https:\/\/i0.wp.com\/www.tvuai.com.br\/portal\/wp-content\/uploads\/2025\/06\/soja1.jpg?w=1000&amp;ssl=1 1000w, https:\/\/i0.wp.com\/www.tvuai.com.br\/portal\/wp-content\/uploads\/2025\/06\/soja1.jpg?resize=300%2C169&amp;ssl=1 300w, https:\/\/i0.wp.com\/www.tvuai.com.br\/portal\/wp-content\/uploads\/2025\/06\/soja1.jpg?resize=768%2C432&amp;ssl=1 768w\" sizes=\"(max-width: 640px) 100vw, 640px\" \/>Cen\u00e1rio inst\u00e1vel e riscos log\u00edsticos levam agricultores a planejarem com mais anteced\u00eancia<\/strong><\/em><\/h5>\n<p data-start=\"372\" data-end=\"671\">Mesmo com o recente encerramento da \u00faltima safra, produtores rurais do Sul de Minas j\u00e1 se preparam para o novo ciclo da soja 2024\/2025. A antecipa\u00e7\u00e3o tem se mostrado fundamental diante da instabilidade no mercado global, de entraves log\u00edsticos e da crescente preocupa\u00e7\u00e3o com as condi\u00e7\u00f5es clim\u00e1ticas.<\/p>\n<p data-start=\"673\" data-end=\"979\">De acordo com Marco Castelli, diretor comercial da Agrobom, a lentid\u00e3o nas decis\u00f5es de compra pode trazer consequ\u00eancias preocupantes. \u201cQuando h\u00e1 uma concentra\u00e7\u00e3o de pedidos em um curto intervalo de tempo, aumentam os riscos de atrasos na entrega dos insumos e preju\u00edzos na janela ideal de plantio\u201d, alerta.<\/p>\n<p data-start=\"981\" data-end=\"1342\">O panorama internacional tamb\u00e9m levanta sinal de alerta para o setor. Os altos estoques mundiais e a indefini\u00e7\u00e3o nas rela\u00e7\u00f5es comerciais entre China e Estados Unidos colocam em xeque a demanda pela soja brasileira. Al\u00e9m disso, epis\u00f3dios recentes como o aumento da tens\u00e3o entre Ir\u00e3 e Israel evidenciam a vulnerabilidade da economia global a fatores geopol\u00edticos.<\/p>\n<p data-start=\"1344\" data-end=\"1559\">Esse tipo de instabilidade influencia diretamente o pre\u00e7o do petr\u00f3leo, encarece a log\u00edstica e intensifica a volatilidade nos mercados de commodities \u2014 o que pode impactar significativamente o agroneg\u00f3cio brasileiro.<\/p>\n<p data-start=\"1561\" data-end=\"1801\">Para enfrentar esse cen\u00e1rio desafiador, Castelli recomenda cautela e estrat\u00e9gia. \u201c\u00c9 importante aproveitar oportunidades de troca e considerar opera\u00e7\u00f5es de hedge como forma de garantir, no m\u00ednimo, a cobertura dos custos de produ\u00e7\u00e3o\u201d, sugere.<\/p>\n<p data-start=\"1803\" data-end=\"2094\">Embora o setor tenha avan\u00e7ado em tecnologia e gest\u00e3o, os produtores ainda convivem com vari\u00e1veis imprevis\u00edveis. Diante disso, o planejamento antecipado e a ado\u00e7\u00e3o de pr\u00e1ticas de mitiga\u00e7\u00e3o de riscos continuam sendo determinantes para assegurar a sustentabilidade da produ\u00e7\u00e3o agr\u00edcola no pa\u00eds.<\/p>\n<\/div>\n<\/div>\n<\/div>\n<\/div>\n<\/div>\n<\/div>\n<\/div>\n<\/div>\n<\/article>\n\n<div style=\"font-size: 0px; height: 0px; line-height: 0px; margin: 0; padding: 0; clear: both;\"><\/div><div class='share-to-whatsapp-wrapper'><div class='share-on-whsp'>Share on: <\/div><a data-text='Produtores do Sul de Minas antecipam estrat\u00e9gias para safra de soja 2025' data-link='https:\/\/www.tvuai.com.br\/portal\/produtores-do-sul-de-minas-antecipam-estrategias-para-safra-de-soja-2025\/' class='whatsapp-button whatsapp-share'>WhatsApp<\/a><div class='clear '><\/div><\/div><!-- AddThis Advanced Settings generic via filter on the_content --><!-- AddThis Share Buttons generic via filter on the_content -->","protected":false},"excerpt":{"rendered":"<p>Cen\u00e1rio inst\u00e1vel e riscos log\u00edsticos levam agricultores a planejarem com mais anteced\u00eancia Mesmo com o recente encerramento da \u00faltima safra, produtores rurais do Sul de Minas j\u00e1 se preparam para o novo ciclo da soja 2024\/2025. A antecipa\u00e7\u00e3o tem se mostrado fundamental diante da instabilidade no mercado global, de entraves log\u00edsticos e da crescente preocupa\u00e7\u00e3o [&hellip;]<!-- AddThis Advanced Settings generic via filter on get_the_excerpt --><!-- AddThis Share Buttons generic via filter on get_the_excerpt --><\/p>\n","protected":false},"author":1,"featured_media":12241,"comment_status":"closed","ping_status":"closed","sticky":false,"template":"","format":"standard","meta":{"jetpack_post_was_ever_published":false,"_jetpack_newsletter_access":"","_jetpack_dont_email_post_to_subs":false,"_jetpack_newsletter_tier_id":0,"_jetpack_memberships_contains_paywalled_content":false,"_jetpack_memberships_contains_paid_content":false,"_joinchat":[],"footnotes":"","jetpack_publicize_message":"","jetpack_publicize_feature_enabled":true,"jetpack_social_post_already_shared":false,"jetpack_social_options":{"image_generator_settings":{"template":"highway","enabled":false},"version":2}},"categories":[1969,1815,19,5],"tags":[4731,5636,5637,184,37,5635,39,27,1618,4796],"class_list":["post-12239","post","type-post","status-publish","format-standard","has-post-thumbnail","hentry","category-agricultura","category-economia","category-noticias","category-ultimas","tag-agrobom","tag-ciclo-da-soja-2024-2025","tag-marco-castelli","tag-minas-gerais","tag-pouso-alegre","tag-produtores-rurais-do-sul-de-minas","tag-sul-de-minas","tag-tv-uai","tag-tv-uai-pouso-alegre","tag-tvuai25"],"jetpack_publicize_connections":[],"yoast_head":"<!-- This site is optimized with the Yoast SEO plugin v23.5 - https:\/\/yoast.com\/wordpress\/plugins\/seo\/ -->\n<title>Produtores do Sul de Minas antecipam estrat\u00e9gias para safra de soja 2025 - TVUAI<\/title>\n<meta name=\"robots\" content=\"index, follow, max-snippet:-1, max-image-preview:large, max-video-preview:-1\" \/>\n<link rel=\"canonical\" href=\"https:\/\/www.tvuai.com.br\/portal\/produtores-do-sul-de-minas-antecipam-estrategias-para-safra-de-soja-2025\/\" \/>\n<meta property=\"og:locale\" content=\"pt_BR\" \/>\n<meta property=\"og:type\" content=\"article\" \/>\n<meta property=\"og:title\" content=\"Produtores do Sul de Minas antecipam estrat\u00e9gias para safra de soja 2025 - TVUAI\" \/>\n<meta property=\"og:description\" content=\"Cen\u00e1rio inst\u00e1vel e riscos log\u00edsticos levam agricultores a planejarem com mais anteced\u00eancia Mesmo com o recente encerramento da \u00faltima safra, produtores rurais do Sul de Minas j\u00e1 se preparam para o novo ciclo da soja 2024\/2025. A antecipa\u00e7\u00e3o tem se mostrado fundamental diante da instabilidade no mercado global, de entraves log\u00edsticos e da crescente preocupa\u00e7\u00e3o [&hellip;]\" \/>\n<meta property=\"og:url\" content=\"https:\/\/www.tvuai.com.br\/portal\/produtores-do-sul-de-minas-antecipam-estrategias-para-safra-de-soja-2025\/\" \/>\n<meta property=\"og:site_name\" content=\"TVUAI\" \/>\n<meta property=\"article:publisher\" content=\"http:\/\/www.facebook.com\/pages\/TV-Uai-Comunica%c3%a7%c3%a3o\/139062546157369\" \/>\n<meta property=\"article:published_time\" content=\"2025-06-29T00:50:43+00:00\" \/>\n<meta property=\"article:modified_time\" content=\"2025-06-30T22:25:40+00:00\" \/>\n<meta property=\"og:image\" content=\"https:\/\/www.tvuai.com.br\/portal\/wp-content\/uploads\/2025\/06\/soja0.jpg\" \/>\n\t<meta property=\"og:image:width\" content=\"200\" \/>\n\t<meta property=\"og:image:height\" content=\"200\" \/>\n\t<meta property=\"og:image:type\" content=\"image\/jpeg\" \/>\n<meta name=\"author\" content=\"tvuai\" \/>\n<meta name=\"twitter:card\" content=\"summary_large_image\" \/>\n<meta name=\"twitter:creator\" content=\"@tvuai\" \/>\n<meta name=\"twitter:site\" content=\"@tvuai\" \/>\n<meta name=\"twitter:label1\" content=\"Escrito por\" \/>\n\t<meta name=\"twitter:data1\" content=\"tvuai\" \/>\n\t<meta name=\"twitter:label2\" content=\"Est. tempo de leitura\" \/>\n\t<meta name=\"twitter:data2\" content=\"2 minutos\" \/>\n<script type=\"application\/ld+json\" class=\"yoast-schema-graph\">{\"@context\":\"https:\/\/schema.org\",\"@graph\":[{\"@type\":\"Article\",\"@id\":\"https:\/\/www.tvuai.com.br\/portal\/produtores-do-sul-de-minas-antecipam-estrategias-para-safra-de-soja-2025\/#article\",\"isPartOf\":{\"@id\":\"https:\/\/www.tvuai.com.br\/portal\/produtores-do-sul-de-minas-antecipam-estrategias-para-safra-de-soja-2025\/\"},\"author\":{\"name\":\"tvuai\",\"@id\":\"https:\/\/www.tvuai.com.br\/portal\/#\/schema\/person\/245e50e9127451fd0b7fd76f519ebbfe\"},\"headline\":\"Produtores do Sul de Minas antecipam estrat\u00e9gias para safra de soja 2025\",\"datePublished\":\"2025-06-29T00:50:43+00:00\",\"dateModified\":\"2025-06-30T22:25:40+00:00\",\"mainEntityOfPage\":{\"@id\":\"https:\/\/www.tvuai.com.br\/portal\/produtores-do-sul-de-minas-antecipam-estrategias-para-safra-de-soja-2025\/\"},\"wordCount\":318,\"publisher\":{\"@id\":\"https:\/\/www.tvuai.com.br\/portal\/#organization\"},\"image\":{\"@id\":\"https:\/\/www.tvuai.com.br\/portal\/produtores-do-sul-de-minas-antecipam-estrategias-para-safra-de-soja-2025\/#primaryimage\"},\"thumbnailUrl\":\"https:\/\/i0.wp.com\/www.tvuai.com.br\/portal\/wp-content\/uploads\/2025\/06\/soja0.jpg?fit=200%2C200&ssl=1\",\"keywords\":[\"Agrobom\",\"ciclo da soja 2024\/2025\",\"Marco Castelli\",\"Minas Gerais\",\"Pouso Alegre\",\"produtores rurais do Sul de Minas\",\"Sul de Minas\",\"TV Uai\",\"TV UAI Pouso Alegre\",\"TVUAI25\"],\"articleSection\":[\"Agricultura\",\"Economia\",\"Not\u00edcias\",\"\u00daltimas Not\u00edcias\"],\"inLanguage\":\"pt-BR\"},{\"@type\":\"WebPage\",\"@id\":\"https:\/\/www.tvuai.com.br\/portal\/produtores-do-sul-de-minas-antecipam-estrategias-para-safra-de-soja-2025\/\",\"url\":\"https:\/\/www.tvuai.com.br\/portal\/produtores-do-sul-de-minas-antecipam-estrategias-para-safra-de-soja-2025\/\",\"name\":\"Produtores do Sul de Minas antecipam estrat\u00e9gias para safra de soja 2025 - TVUAI\",\"isPartOf\":{\"@id\":\"https:\/\/www.tvuai.com.br\/portal\/#website\"},\"primaryImageOfPage\":{\"@id\":\"https:\/\/www.tvuai.com.br\/portal\/produtores-do-sul-de-minas-antecipam-estrategias-para-safra-de-soja-2025\/#primaryimage\"},\"image\":{\"@id\":\"https:\/\/www.tvuai.com.br\/portal\/produtores-do-sul-de-minas-antecipam-estrategias-para-safra-de-soja-2025\/#primaryimage\"},\"thumbnailUrl\":\"https:\/\/i0.wp.com\/www.tvuai.com.br\/portal\/wp-content\/uploads\/2025\/06\/soja0.jpg?fit=200%2C200&ssl=1\",\"datePublished\":\"2025-06-29T00:50:43+00:00\",\"dateModified\":\"2025-06-30T22:25:40+00:00\",\"breadcrumb\":{\"@id\":\"https:\/\/www.tvuai.com.br\/portal\/produtores-do-sul-de-minas-antecipam-estrategias-para-safra-de-soja-2025\/#breadcrumb\"},\"inLanguage\":\"pt-BR\",\"potentialAction\":[{\"@type\":\"ReadAction\",\"target\":[\"https:\/\/www.tvuai.com.br\/portal\/produtores-do-sul-de-minas-antecipam-estrategias-para-safra-de-soja-2025\/\"]}]},{\"@type\":\"ImageObject\",\"inLanguage\":\"pt-BR\",\"@id\":\"https:\/\/www.tvuai.com.br\/portal\/produtores-do-sul-de-minas-antecipam-estrategias-para-safra-de-soja-2025\/#primaryimage\",\"url\":\"https:\/\/i0.wp.com\/www.tvuai.com.br\/portal\/wp-content\/uploads\/2025\/06\/soja0.jpg?fit=200%2C200&ssl=1\",\"contentUrl\":\"https:\/\/i0.wp.com\/www.tvuai.com.br\/portal\/wp-content\/uploads\/2025\/06\/soja0.jpg?fit=200%2C200&ssl=1\",\"width\":200,\"height\":200},{\"@type\":\"BreadcrumbList\",\"@id\":\"https:\/\/www.tvuai.com.br\/portal\/produtores-do-sul-de-minas-antecipam-estrategias-para-safra-de-soja-2025\/#breadcrumb\",\"itemListElement\":[{\"@type\":\"ListItem\",\"position\":1,\"name\":\"In\u00edcio\",\"item\":\"https:\/\/www.tvuai.com.br\/portal\/\"},{\"@type\":\"ListItem\",\"position\":2,\"name\":\"Produtores do Sul de Minas antecipam estrat\u00e9gias para safra de soja 2025\"}]},{\"@type\":\"WebSite\",\"@id\":\"https:\/\/www.tvuai.com.br\/portal\/#website\",\"url\":\"https:\/\/www.tvuai.com.br\/portal\/\",\"name\":\"TVUAI\",\"description\":\"Tudo sobre o Sul de Minas\",\"publisher\":{\"@id\":\"https:\/\/www.tvuai.com.br\/portal\/#organization\"},\"potentialAction\":[{\"@type\":\"SearchAction\",\"target\":{\"@type\":\"EntryPoint\",\"urlTemplate\":\"https:\/\/www.tvuai.com.br\/portal\/?s={search_term_string}\"},\"query-input\":{\"@type\":\"PropertyValueSpecification\",\"valueRequired\":true,\"valueName\":\"search_term_string\"}}],\"inLanguage\":\"pt-BR\"},{\"@type\":\"Organization\",\"@id\":\"https:\/\/www.tvuai.com.br\/portal\/#organization\",\"name\":\"TVUAI\",\"url\":\"https:\/\/www.tvuai.com.br\/portal\/\",\"logo\":{\"@type\":\"ImageObject\",\"inLanguage\":\"pt-BR\",\"@id\":\"https:\/\/www.tvuai.com.br\/portal\/#\/schema\/logo\/image\/\",\"url\":\"https:\/\/i0.wp.com\/www.tvuai.com.br\/portal\/wp-content\/uploads\/2017\/12\/logo_tvuai_100H.png?fit=207%2C100&ssl=1\",\"contentUrl\":\"https:\/\/i0.wp.com\/www.tvuai.com.br\/portal\/wp-content\/uploads\/2017\/12\/logo_tvuai_100H.png?fit=207%2C100&ssl=1\",\"width\":207,\"height\":100,\"caption\":\"TVUAI\"},\"image\":{\"@id\":\"https:\/\/www.tvuai.com.br\/portal\/#\/schema\/logo\/image\/\"},\"sameAs\":[\"http:\/\/www.facebook.com\/pages\/TV-Uai-Comunica\u00e7\u00e3o\/139062546157369\",\"https:\/\/x.com\/tvuai\",\"https:\/\/www.instagram.com\/tvuai_network\/\",\"https:\/\/www.youtube.com\/channel\/UCB7ZPB3wRv-OpoZ_09jmnkQ\"]},{\"@type\":\"Person\",\"@id\":\"https:\/\/www.tvuai.com.br\/portal\/#\/schema\/person\/245e50e9127451fd0b7fd76f519ebbfe\",\"name\":\"tvuai\",\"url\":\"https:\/\/www.tvuai.com.br\/portal\/author\/tvuai\/\"}]}<\/script>\n<!-- \/ Yoast SEO plugin. -->","yoast_head_json":{"title":"Produtores do Sul de Minas antecipam estrat\u00e9gias para safra de soja 2025 - TVUAI","robots":{"index":"index","follow":"follow","max-snippet":"max-snippet:-1","max-image-preview":"max-image-preview:large","max-video-preview":"max-video-preview:-1"},"canonical":"https:\/\/www.tvuai.com.br\/portal\/produtores-do-sul-de-minas-antecipam-estrategias-para-safra-de-soja-2025\/","og_locale":"pt_BR","og_type":"article","og_title":"Produtores do Sul de Minas antecipam estrat\u00e9gias para safra de soja 2025 - TVUAI","og_description":"Cen\u00e1rio inst\u00e1vel e riscos log\u00edsticos levam agricultores a planejarem com mais anteced\u00eancia Mesmo com o recente encerramento da \u00faltima safra, produtores rurais do Sul de Minas j\u00e1 se preparam para o novo ciclo da soja 2024\/2025. A antecipa\u00e7\u00e3o tem se mostrado fundamental diante da instabilidade no mercado global, de entraves log\u00edsticos e da crescente preocupa\u00e7\u00e3o [&hellip;]","og_url":"https:\/\/www.tvuai.com.br\/portal\/produtores-do-sul-de-minas-antecipam-estrategias-para-safra-de-soja-2025\/","og_site_name":"TVUAI","article_publisher":"http:\/\/www.facebook.com\/pages\/TV-Uai-Comunica%c3%a7%c3%a3o\/139062546157369","article_published_time":"2025-06-29T00:50:43+00:00","article_modified_time":"2025-06-30T22:25:40+00:00","og_image":[{"width":200,"height":200,"url":"https:\/\/www.tvuai.com.br\/portal\/wp-content\/uploads\/2025\/06\/soja0.jpg","type":"image\/jpeg"}],"author":"tvuai","twitter_card":"summary_large_image","twitter_creator":"@tvuai","twitter_site":"@tvuai","twitter_misc":{"Escrito por":"tvuai","Est. tempo de leitura":"2 minutos"},"schema":{"@context":"https:\/\/schema.org","@graph":[{"@type":"Article","@id":"https:\/\/www.tvuai.com.br\/portal\/produtores-do-sul-de-minas-antecipam-estrategias-para-safra-de-soja-2025\/#article","isPartOf":{"@id":"https:\/\/www.tvuai.com.br\/portal\/produtores-do-sul-de-minas-antecipam-estrategias-para-safra-de-soja-2025\/"},"author":{"name":"tvuai","@id":"https:\/\/www.tvuai.com.br\/portal\/#\/schema\/person\/245e50e9127451fd0b7fd76f519ebbfe"},"headline":"Produtores do Sul de Minas antecipam estrat\u00e9gias para safra de soja 2025","datePublished":"2025-06-29T00:50:43+00:00","dateModified":"2025-06-30T22:25:40+00:00","mainEntityOfPage":{"@id":"https:\/\/www.tvuai.com.br\/portal\/produtores-do-sul-de-minas-antecipam-estrategias-para-safra-de-soja-2025\/"},"wordCount":318,"publisher":{"@id":"https:\/\/www.tvuai.com.br\/portal\/#organization"},"image":{"@id":"https:\/\/www.tvuai.com.br\/portal\/produtores-do-sul-de-minas-antecipam-estrategias-para-safra-de-soja-2025\/#primaryimage"},"thumbnailUrl":"https:\/\/i0.wp.com\/www.tvuai.com.br\/portal\/wp-content\/uploads\/2025\/06\/soja0.jpg?fit=200%2C200&ssl=1","keywords":["Agrobom","ciclo da soja 2024\/2025","Marco Castelli","Minas Gerais","Pouso Alegre","produtores rurais do Sul de Minas","Sul de Minas","TV Uai","TV UAI Pouso Alegre","TVUAI25"],"articleSection":["Agricultura","Economia","Not\u00edcias","\u00daltimas Not\u00edcias"],"inLanguage":"pt-BR"},{"@type":"WebPage","@id":"https:\/\/www.tvuai.com.br\/portal\/produtores-do-sul-de-minas-antecipam-estrategias-para-safra-de-soja-2025\/","url":"https:\/\/www.tvuai.com.br\/portal\/produtores-do-sul-de-minas-antecipam-estrategias-para-safra-de-soja-2025\/","name":"Produtores do Sul de Minas antecipam estrat\u00e9gias para safra de soja 2025 - TVUAI","isPartOf":{"@id":"https:\/\/www.tvuai.com.br\/portal\/#website"},"primaryImageOfPage":{"@id":"https:\/\/www.tvuai.com.br\/portal\/produtores-do-sul-de-minas-antecipam-estrategias-para-safra-de-soja-2025\/#primaryimage"},"image":{"@id":"https:\/\/www.tvuai.com.br\/portal\/produtores-do-sul-de-minas-antecipam-estrategias-para-safra-de-soja-2025\/#primaryimage"},"thumbnailUrl":"https:\/\/i0.wp.com\/www.tvuai.com.br\/portal\/wp-content\/uploads\/2025\/06\/soja0.jpg?fit=200%2C200&ssl=1","datePublished":"2025-06-29T00:50:43+00:00","dateModified":"2025-06-30T22:25:40+00:00","breadcrumb":{"@id":"https:\/\/www.tvuai.com.br\/portal\/produtores-do-sul-de-minas-antecipam-estrategias-para-safra-de-soja-2025\/#breadcrumb"},"inLanguage":"pt-BR","potentialAction":[{"@type":"ReadAction","target":["https:\/\/www.tvuai.com.br\/portal\/produtores-do-sul-de-minas-antecipam-estrategias-para-safra-de-soja-2025\/"]}]},{"@type":"ImageObject","inLanguage":"pt-BR","@id":"https:\/\/www.tvuai.com.br\/portal\/produtores-do-sul-de-minas-antecipam-estrategias-para-safra-de-soja-2025\/#primaryimage","url":"https:\/\/i0.wp.com\/www.tvuai.com.br\/portal\/wp-content\/uploads\/2025\/06\/soja0.jpg?fit=200%2C200&ssl=1","contentUrl":"https:\/\/i0.wp.com\/www.tvuai.com.br\/portal\/wp-content\/uploads\/2025\/06\/soja0.jpg?fit=200%2C200&ssl=1","width":200,"height":200},{"@type":"BreadcrumbList","@id":"https:\/\/www.tvuai.com.br\/portal\/produtores-do-sul-de-minas-antecipam-estrategias-para-safra-de-soja-2025\/#breadcrumb","itemListElement":[{"@type":"ListItem","position":1,"name":"In\u00edcio","item":"https:\/\/www.tvuai.com.br\/portal\/"},{"@type":"ListItem","position":2,"name":"Produtores do Sul de Minas antecipam estrat\u00e9gias para safra de soja 2025"}]},{"@type":"WebSite","@id":"https:\/\/www.tvuai.com.br\/portal\/#website","url":"https:\/\/www.tvuai.com.br\/portal\/","name":"TVUAI","description":"Tudo sobre o Sul de Minas","publisher":{"@id":"https:\/\/www.tvuai.com.br\/portal\/#organization"},"potentialAction":[{"@type":"SearchAction","target":{"@type":"EntryPoint","urlTemplate":"https:\/\/www.tvuai.com.br\/portal\/?s={search_term_string}"},"query-input":{"@type":"PropertyValueSpecification","valueRequired":true,"valueName":"search_term_string"}}],"inLanguage":"pt-BR"},{"@type":"Organization","@id":"https:\/\/www.tvuai.com.br\/portal\/#organization","name":"TVUAI","url":"https:\/\/www.tvuai.com.br\/portal\/","logo":{"@type":"ImageObject","inLanguage":"pt-BR","@id":"https:\/\/www.tvuai.com.br\/portal\/#\/schema\/logo\/image\/","url":"https:\/\/i0.wp.com\/www.tvuai.com.br\/portal\/wp-content\/uploads\/2017\/12\/logo_tvuai_100H.png?fit=207%2C100&ssl=1","contentUrl":"https:\/\/i0.wp.com\/www.tvuai.com.br\/portal\/wp-content\/uploads\/2017\/12\/logo_tvuai_100H.png?fit=207%2C100&ssl=1","width":207,"height":100,"caption":"TVUAI"},"image":{"@id":"https:\/\/www.tvuai.com.br\/portal\/#\/schema\/logo\/image\/"},"sameAs":["http:\/\/www.facebook.com\/pages\/TV-Uai-Comunica\u00e7\u00e3o\/139062546157369","https:\/\/x.com\/tvuai","https:\/\/www.instagram.com\/tvuai_network\/","https:\/\/www.youtube.com\/channel\/UCB7ZPB3wRv-OpoZ_09jmnkQ"]},{"@type":"Person","@id":"https:\/\/www.tvuai.com.br\/portal\/#\/schema\/person\/245e50e9127451fd0b7fd76f519ebbfe","name":"tvuai","url":"https:\/\/www.tvuai.com.br\/portal\/author\/tvuai\/"}]}},"jetpack_featured_media_url":"https:\/\/i0.wp.com\/www.tvuai.com.br\/portal\/wp-content\/uploads\/2025\/06\/soja0.jpg?fit=200%2C200&ssl=1","wpmagazine_modules_lite_featured_media_urls":{"thumbnail":["https:\/\/i0.wp.com\/www.tvuai.com.br\/portal\/wp-content\/uploads\/2025\/06\/soja0.jpg?resize=150%2C150&ssl=1",150,150,true],"cvmm-medium":["https:\/\/i0.wp.com\/www.tvuai.com.br\/portal\/wp-content\/uploads\/2025\/06\/soja0.jpg?resize=200%2C200&ssl=1",200,200,true],"cvmm-medium-plus":["https:\/\/i0.wp.com\/www.tvuai.com.br\/portal\/wp-content\/uploads\/2025\/06\/soja0.jpg?resize=200%2C200&ssl=1",200,200,true],"cvmm-portrait":["https:\/\/i0.wp.com\/www.tvuai.com.br\/portal\/wp-content\/uploads\/2025\/06\/soja0.jpg?resize=200%2C200&ssl=1",200,200,true],"cvmm-medium-square":["https:\/\/i0.wp.com\/www.tvuai.com.br\/portal\/wp-content\/uploads\/2025\/06\/soja0.jpg?resize=200%2C200&ssl=1",200,200,true],"cvmm-large":["https:\/\/i0.wp.com\/www.tvuai.com.br\/portal\/wp-content\/uploads\/2025\/06\/soja0.jpg?resize=200%2C200&ssl=1",200,200,true],"cvmm-small":["https:\/\/i0.wp.com\/www.tvuai.com.br\/portal\/wp-content\/uploads\/2025\/06\/soja0.jpg?resize=130%2C95&ssl=1",130,95,true],"full":["https:\/\/i0.wp.com\/www.tvuai.com.br\/portal\/wp-content\/uploads\/2025\/06\/soja0.jpg?fit=200%2C200&ssl=1",200,200,false]},"categories_names":{"1969":{"name":"Agricultura","link":"https:\/\/www.tvuai.com.br\/portal\/category\/agricultura\/"},"1815":{"name":"Economia","link":"https:\/\/www.tvuai.com.br\/portal\/category\/economia\/"},"19":{"name":"Not\u00edcias","link":"https:\/\/www.tvuai.com.br\/portal\/category\/noticias\/"},"5":{"name":"\u00daltimas Not\u00edcias","link":"https:\/\/www.tvuai.com.br\/portal\/category\/noticias\/ultimas\/"}},"tags_names":{"4731":{"name":"Agrobom","link":"https:\/\/www.tvuai.com.br\/portal\/tag\/agrobom\/"},"5636":{"name":"ciclo da soja 2024\/2025","link":"https:\/\/www.tvuai.com.br\/portal\/tag\/ciclo-da-soja-2024-2025\/"},"5637":{"name":"Marco Castelli","link":"https:\/\/www.tvuai.com.br\/portal\/tag\/marco-castelli\/"},"184":{"name":"Minas Gerais","link":"https:\/\/www.tvuai.com.br\/portal\/tag\/minas-gerais\/"},"37":{"name":"Pouso Alegre","link":"https:\/\/www.tvuai.com.br\/portal\/tag\/pouso-alegre\/"},"5635":{"name":"produtores rurais do Sul de Minas","link":"https:\/\/www.tvuai.com.br\/portal\/tag\/produtores-rurais-do-sul-de-minas\/"},"39":{"name":"Sul de Minas","link":"https:\/\/www.tvuai.com.br\/portal\/tag\/sul-de-minas\/"},"27":{"name":"TV Uai","link":"https:\/\/www.tvuai.com.br\/portal\/tag\/tv-uai\/"},"1618":{"name":"TV UAI Pouso Alegre","link":"https:\/\/www.tvuai.com.br\/portal\/tag\/tv-uai-pouso-alegre\/"},"4796":{"name":"TVUAI25","link":"https:\/\/www.tvuai.com.br\/portal\/tag\/tvuai25\/"}},"comments_number":"0","jetpack_shortlink":"https:\/\/wp.me\/p9woix-3bp","jetpack_sharing_enabled":true,"_links":{"self":[{"href":"https:\/\/www.tvuai.com.br\/portal\/wp-json\/wp\/v2\/posts\/12239"}],"collection":[{"href":"https:\/\/www.tvuai.com.br\/portal\/wp-json\/wp\/v2\/posts"}],"about":[{"href":"https:\/\/www.tvuai.com.br\/portal\/wp-json\/wp\/v2\/types\/post"}],"author":[{"embeddable":true,"href":"https:\/\/www.tvuai.com.br\/portal\/wp-json\/wp\/v2\/users\/1"}],"replies":[{"embeddable":true,"href":"https:\/\/www.tvuai.com.br\/portal\/wp-json\/wp\/v2\/comments?post=12239"}],"version-history":[{"count":2,"href":"https:\/\/www.tvuai.com.br\/portal\/wp-json\/wp\/v2\/posts\/12239\/revisions"}],"predecessor-version":[{"id":12243,"href":"https:\/\/www.tvuai.com.br\/portal\/wp-json\/wp\/v2\/posts\/12239\/revisions\/12243"}],"wp:featuredmedia":[{"embeddable":true,"href":"https:\/\/www.tvuai.com.br\/portal\/wp-json\/wp\/v2\/media\/12241"}],"wp:attachment":[{"href":"https:\/\/www.tvuai.com.br\/portal\/wp-json\/wp\/v2\/media?parent=12239"}],"wp:term":[{"taxonomy":"category","embeddable":true,"href":"https:\/\/www.tvuai.com.br\/portal\/wp-json\/wp\/v2\/categories?post=12239"},{"taxonomy":"post_tag","embeddable":true,"href":"https:\/\/www.tvuai.com.br\/portal\/wp-json\/wp\/v2\/tags?post=12239"}],"curies":[{"name":"wp","href":"https:\/\/api.w.org\/{rel}","templated":true}]}}