{"id":12079,"date":"2025-06-16T18:43:12","date_gmt":"2025-06-16T21:43:12","guid":{"rendered":"https:\/\/www.tvuai.com.br\/portal\/?p=12079"},"modified":"2025-06-19T17:31:33","modified_gmt":"2025-06-19T20:31:33","slug":"do-curral-ao-laboratorio-pequenos-produtores-do-sul-de-minas-turbinam-tebanhos-com-fertilizacao-in-vitro","status":"publish","type":"post","link":"https:\/\/www.tvuai.com.br\/portal\/do-curral-ao-laboratorio-pequenos-produtores-do-sul-de-minas-turbinam-tebanhos-com-fertilizacao-in-vitro\/","title":{"rendered":"Do curral ao laborat\u00f3rio: pequenos produtores do Sul de Minas turbinam tebanhos com fertiliza\u00e7\u00e3o in vitro"},"content":{"rendered":"<div class=\"5a1038e0903b96d426fcfcc338703013\" data-index=\"1\" style=\"float: right; margin:10px 0 10px 10px;\">\n<script async src=\"https:\/\/pagead2.googlesyndication.com\/pagead\/js\/adsbygoogle.js?client=ca-pub-9945944833605257\"\r\n     crossorigin=\"anonymous\"><\/script>\r\n<ins class=\"adsbygoogle\"\r\n     style=\"display:block; text-align:center;\"\r\n     data-ad-layout=\"in-article\"\r\n     data-ad-format=\"fluid\"\r\n     data-ad-client=\"ca-pub-9945944833605257\"\r\n     data-ad-slot=\"2343923581\"><\/ins>\r\n<script>\r\n     (adsbygoogle = window.adsbygoogle || []).push({});\r\n<\/script>\n<\/div>\n<h5 style=\"text-align: center;\" data-start=\"226\" data-end=\"347\"><em><img data-recalc-dims=\"1\" fetchpriority=\"high\" decoding=\"async\" data-attachment-id=\"12083\" data-permalink=\"https:\/\/www.tvuai.com.br\/portal\/do-curral-ao-laboratorio-pequenos-produtores-do-sul-de-minas-turbinam-tebanhos-com-fertilizacao-in-vitro\/boi-genetica1\/\" data-orig-file=\"https:\/\/i0.wp.com\/www.tvuai.com.br\/portal\/wp-content\/uploads\/2025\/06\/boi-genetica1.jpg?fit=1000%2C750&amp;ssl=1\" data-orig-size=\"1000,750\" data-comments-opened=\"0\" data-image-meta=\"{&quot;aperture&quot;:&quot;0&quot;,&quot;credit&quot;:&quot;&quot;,&quot;camera&quot;:&quot;&quot;,&quot;caption&quot;:&quot;&quot;,&quot;created_timestamp&quot;:&quot;0&quot;,&quot;copyright&quot;:&quot;&quot;,&quot;focal_length&quot;:&quot;0&quot;,&quot;iso&quot;:&quot;0&quot;,&quot;shutter_speed&quot;:&quot;0&quot;,&quot;title&quot;:&quot;&quot;,&quot;orientation&quot;:&quot;0&quot;}\" data-image-title=\"boi gen\u00e9tica1\" data-image-description=\"\" data-image-caption=\"\" data-medium-file=\"https:\/\/i0.wp.com\/www.tvuai.com.br\/portal\/wp-content\/uploads\/2025\/06\/boi-genetica1.jpg?fit=300%2C225&amp;ssl=1\" data-large-file=\"https:\/\/i0.wp.com\/www.tvuai.com.br\/portal\/wp-content\/uploads\/2025\/06\/boi-genetica1.jpg?fit=640%2C480&amp;ssl=1\" tabindex=\"0\" role=\"button\" class=\"aligncenter size-full wp-image-12083\" src=\"https:\/\/i0.wp.com\/www.tvuai.com.br\/portal\/wp-content\/uploads\/2025\/06\/boi-genetica1.jpg?resize=640%2C480&#038;ssl=1\" alt=\"\" width=\"640\" height=\"480\" srcset=\"https:\/\/i0.wp.com\/www.tvuai.com.br\/portal\/wp-content\/uploads\/2025\/06\/boi-genetica1.jpg?w=1000&amp;ssl=1 1000w, https:\/\/i0.wp.com\/www.tvuai.com.br\/portal\/wp-content\/uploads\/2025\/06\/boi-genetica1.jpg?resize=300%2C225&amp;ssl=1 300w, https:\/\/i0.wp.com\/www.tvuai.com.br\/portal\/wp-content\/uploads\/2025\/06\/boi-genetica1.jpg?resize=768%2C576&amp;ssl=1 768w, https:\/\/i0.wp.com\/www.tvuai.com.br\/portal\/wp-content\/uploads\/2025\/06\/boi-genetica1.jpg?resize=136%2C102&amp;ssl=1 136w\" sizes=\"(max-width: 640px) 100vw, 640px\" \/>Pecuaristas do Sul de Minas revolucionam pecu\u00e1ria com &#8220;f\u00e1brica de bezerros&#8221; em laborat\u00f3rio<\/em><br \/>\n<em>para aumentar produ\u00e7\u00e3o de leite<\/em><\/h5>\n<p data-start=\"349\" data-end=\"730\">Uma parceria entre Emater-MG, Sebrae Minas e prefeituras municipais est\u00e1 transformando a realidade de pequenos produtores de leite no Sul de Minas. Utilizando a t\u00e9cnica de fertiliza\u00e7\u00e3o in vitro (FIV), pecuaristas de Santa Rita de Caldas, Caldas, Ipui\u00fana e Senador Jos\u00e9 Bento est\u00e3o colhendo resultados expressivos: aumento do rebanho, maior produtividade e animais mais resistentes.<\/p>\n<p data-start=\"732\" data-end=\"1020\">O programa, iniciado em 2019, nasceu da proposta do Sebrae Minas por meio da iniciativa Sebraetec FIV. A Emater-MG abra\u00e7ou o projeto e coordena a mobiliza\u00e7\u00e3o dos produtores, organiza\u00e7\u00e3o dos documentos e assist\u00eancia t\u00e9cnica \u2014 desde a implanta\u00e7\u00e3o do protocolo at\u00e9 o nascimento dos bezerros.<\/p>\n<p data-start=\"1022\" data-end=\"1399\">Segundo o coordenador t\u00e9cnico regional de Pecu\u00e1ria da Emater-MG, Rodrigo Beck J\u00fanior, a FIV \u00e9 uma tecnologia de ponta que permite resultados r\u00e1pidos no melhoramento gen\u00e9tico dos animais, mas ainda tem custo elevado para muitos produtores. Para viabilizar o acesso, o Sebrae Minas subsidia 70% do valor da transfer\u00eancia de embri\u00f5es. Os 30% restantes s\u00e3o pagos pelos pecuaristas.<\/p>\n<p data-start=\"1401\" data-end=\"1622\">\u201cA regi\u00e3o tem muitos pequenos produtores que precisam aumentar a produtividade, mas n\u00e3o t\u00eam condi\u00e7\u00f5es de investir sozinhos. A fertiliza\u00e7\u00e3o in vitro, com esse apoio, virou uma alternativa real e eficiente\u201d, afirma Rodrigo.<\/p>\n<p data-start=\"1624\" data-end=\"2115\"><img data-recalc-dims=\"1\" decoding=\"async\" data-attachment-id=\"12084\" data-permalink=\"https:\/\/www.tvuai.com.br\/portal\/do-curral-ao-laboratorio-pequenos-produtores-do-sul-de-minas-turbinam-tebanhos-com-fertilizacao-in-vitro\/boi-genetica2\/\" data-orig-file=\"https:\/\/i0.wp.com\/www.tvuai.com.br\/portal\/wp-content\/uploads\/2025\/06\/boi-genetica2.jpg?fit=1000%2C1332&amp;ssl=1\" data-orig-size=\"1000,1332\" data-comments-opened=\"0\" data-image-meta=\"{&quot;aperture&quot;:&quot;0&quot;,&quot;credit&quot;:&quot;&quot;,&quot;camera&quot;:&quot;&quot;,&quot;caption&quot;:&quot;&quot;,&quot;created_timestamp&quot;:&quot;0&quot;,&quot;copyright&quot;:&quot;&quot;,&quot;focal_length&quot;:&quot;0&quot;,&quot;iso&quot;:&quot;0&quot;,&quot;shutter_speed&quot;:&quot;0&quot;,&quot;title&quot;:&quot;&quot;,&quot;orientation&quot;:&quot;0&quot;}\" data-image-title=\"boi gen\u00e9tica2\" data-image-description=\"\" data-image-caption=\"\" data-medium-file=\"https:\/\/i0.wp.com\/www.tvuai.com.br\/portal\/wp-content\/uploads\/2025\/06\/boi-genetica2.jpg?fit=225%2C300&amp;ssl=1\" data-large-file=\"https:\/\/i0.wp.com\/www.tvuai.com.br\/portal\/wp-content\/uploads\/2025\/06\/boi-genetica2.jpg?fit=640%2C852&amp;ssl=1\" tabindex=\"0\" role=\"button\" class=\"alignright size-medium wp-image-12084\" src=\"https:\/\/i0.wp.com\/www.tvuai.com.br\/portal\/wp-content\/uploads\/2025\/06\/boi-genetica2.jpg?resize=225%2C300&#038;ssl=1\" alt=\"\" width=\"225\" height=\"300\" srcset=\"https:\/\/i0.wp.com\/www.tvuai.com.br\/portal\/wp-content\/uploads\/2025\/06\/boi-genetica2.jpg?resize=225%2C300&amp;ssl=1 225w, https:\/\/i0.wp.com\/www.tvuai.com.br\/portal\/wp-content\/uploads\/2025\/06\/boi-genetica2.jpg?resize=769%2C1024&amp;ssl=1 769w, https:\/\/i0.wp.com\/www.tvuai.com.br\/portal\/wp-content\/uploads\/2025\/06\/boi-genetica2.jpg?resize=768%2C1023&amp;ssl=1 768w, https:\/\/i0.wp.com\/www.tvuai.com.br\/portal\/wp-content\/uploads\/2025\/06\/boi-genetica2.jpg?w=1000&amp;ssl=1 1000w\" sizes=\"(max-width: 225px) 100vw, 225px\" \/>Mais de 30 produtores j\u00e1 foram beneficiados pela iniciativa. Um deles \u00e9 Eliton Ferreira Silva, que realizou o sonho de criar gado girolando, predominante de meio-sangue. \u201cSempre quis trabalhar com essa ra\u00e7a, mas n\u00e3o tinha recursos. Com o programa, consegui acesso \u00e0 tecnologia e j\u00e1 colhi excelentes resultados. Meus animais s\u00e3o mais f\u00e9rteis, mais resistentes e aumentaram muito minha produ\u00e7\u00e3o de leite\u201d, conta Eliton, que hoje soma mais de 100 cabe\u00e7as em seu rebanho, sendo 57 frutos da FIV.<\/p>\n<p data-start=\"2117\" data-end=\"2459\">Para o analista t\u00e9cnico do Sebrae Minas, Ivan Figueiredo, a expectativa \u00e9 que o programa contribua n\u00e3o apenas com o aumento da produtividade, mas tamb\u00e9m com uma pecu\u00e1ria mais sustent\u00e1vel e competitiva. \u201cO objetivo \u00e9 avan\u00e7ar ainda mais. J\u00e1 estamos planejando a expans\u00e3o para munic\u00edpios como Jacutinga, S\u00e3o Pedro da Uni\u00e3o e Guaran\u00e9sia\u201d, afirma.<\/p>\n<h3 style=\"text-align: center;\" data-start=\"2461\" data-end=\"2492\">Entenda como funciona a FIV<\/h3>\n<p data-start=\"2494\" data-end=\"2795\">A fertiliza\u00e7\u00e3o in vitro consiste na coleta de \u00f3vulos das f\u00eameas, que s\u00e3o fecundados em laborat\u00f3rio com s\u00eamen de touros geneticamente superiores. Depois, os embri\u00f5es s\u00e3o transferidos para vacas receptoras. O m\u00e9todo garante padroniza\u00e7\u00e3o gen\u00e9tica, melhor desempenho produtivo e at\u00e9 benef\u00edcios ambientais.<\/p>\n<p data-start=\"2797\" data-end=\"3010\">\u201cO pecuarista consegue manter ou at\u00e9 aumentar a produ\u00e7\u00e3o de leite com um n\u00famero menor de animais, o que reduz a emiss\u00e3o de gases de efeito estufa, o uso de \u00e1gua, \u00e1reas de pastagem e dejetos\u201d, explica Rodrigo Beck.<\/p>\n<h3 style=\"text-align: center;\" data-start=\"3012\" data-end=\"3031\">Como participar<\/h3>\n<p data-start=\"3033\" data-end=\"3297\">O<span style=\"color: #000080;\"><strong><a style=\"color: #000080;\" href=\"https:\/\/sebraetec.sebraemg.com.br\/produto\/fertilizacao-in-vitro-fiv-rebanho\/?gad_source=1&amp;gad_campaignid=22402774253&amp;gbraid=0AAAAABm1IaGcplpC8w_mW9P1ZTraC4JeI&amp;gclid=CjwKCAjwgb_CBhBMEiwA0p3oOD9CAlg1ktAqHlEciaSy-fKYZRsyyyV8AayOApjJAUAjQMATp-uTFxoCMG0QAvD_BwE\"> Sebraetec FIV<\/a> <\/strong><\/span>est\u00e1 dispon\u00edvel para pecuaristas que possuem pelo menos 10 animais aptos a iniciar o protocolo reprodutivo. Para aderir, \u00e9 necess\u00e1rio apresentar documentos pessoais, a inscri\u00e7\u00e3o de produtor rural e dados de contato no escrit\u00f3rio local da Emater-MG.<\/p>\n<h6 style=\"text-align: right;\" data-start=\"3033\" data-end=\"3297\"><em><strong>Com informa\u00e7\u00f5es e fotos de \u00a0Gisele Flor\/Emater-MG\u200b<\/strong><\/em><\/h6>\n\n<div style=\"font-size: 0px; height: 0px; line-height: 0px; margin: 0; padding: 0; clear: both;\"><\/div><div class='share-to-whatsapp-wrapper'><div class='share-on-whsp'>Share on: <\/div><a data-text='Do curral ao laborat\u00f3rio: pequenos produtores do Sul de Minas turbinam tebanhos com fertiliza\u00e7\u00e3o in vitro' data-link='https:\/\/www.tvuai.com.br\/portal\/do-curral-ao-laboratorio-pequenos-produtores-do-sul-de-minas-turbinam-tebanhos-com-fertilizacao-in-vitro\/' class='whatsapp-button whatsapp-share'>WhatsApp<\/a><div class='clear '><\/div><\/div><!-- AddThis Advanced Settings generic via filter on the_content --><!-- AddThis Share Buttons generic via filter on the_content -->","protected":false},"excerpt":{"rendered":"<p>Pecuaristas do Sul de Minas revolucionam pecu\u00e1ria com &#8220;f\u00e1brica de bezerros&#8221; em laborat\u00f3rio para aumentar produ\u00e7\u00e3o de leite Uma parceria entre Emater-MG, Sebrae Minas e prefeituras municipais est\u00e1 transformando a realidade de pequenos produtores de leite no Sul de Minas. Utilizando a t\u00e9cnica de fertiliza\u00e7\u00e3o in vitro (FIV), pecuaristas de Santa Rita de Caldas, Caldas, [&hellip;]<!-- AddThis Advanced Settings generic via filter on get_the_excerpt --><!-- AddThis Share Buttons generic via filter on get_the_excerpt --><\/p>\n","protected":false},"author":1,"featured_media":12082,"comment_status":"closed","ping_status":"closed","sticky":false,"template":"","format":"standard","meta":{"jetpack_post_was_ever_published":false,"_jetpack_newsletter_access":"","_jetpack_dont_email_post_to_subs":false,"_jetpack_newsletter_tier_id":0,"_jetpack_memberships_contains_paywalled_content":false,"_jetpack_memberships_contains_paid_content":false,"_joinchat":[],"footnotes":"","jetpack_publicize_message":"","jetpack_publicize_feature_enabled":true,"jetpack_social_post_already_shared":false,"jetpack_social_options":{"image_generator_settings":{"template":"highway","enabled":false},"version":2}},"categories":[1969,1642,19,5],"tags":[5513,230,5516,264,5514,5518,313,5517,184,37,5515,603,1122,1225,1229,27,1618,4796],"class_list":["post-12079","post","type-post","status-publish","format-standard","has-post-thumbnail","hentry","category-agricultura","category-tecnologia","category-noticias","category-ultimas","tag-aumento-do-rebanho","tag-caldas","tag-eliton-ferreira-silva","tag-emater-mg","tag-girolando","tag-gisele-flor","tag-ipuiuna","tag-ivan-figueiredo","tag-minas-gerais","tag-pouso-alegre","tag-rodrigo-beck-junior","tag-santa-rita-de-caldas","tag-sebrae-minas","tag-sebraetec-fiv","tag-senador-jose-bento","tag-tv-uai","tag-tv-uai-pouso-alegre","tag-tvuai25"],"jetpack_publicize_connections":[],"yoast_head":"<!-- This site is optimized with the Yoast SEO plugin v23.5 - https:\/\/yoast.com\/wordpress\/plugins\/seo\/ -->\n<title>Do curral ao laborat\u00f3rio: pequenos produtores do Sul de Minas turbinam tebanhos com fertiliza\u00e7\u00e3o in vitro - TVUAI<\/title>\n<meta name=\"robots\" content=\"index, follow, max-snippet:-1, max-image-preview:large, max-video-preview:-1\" \/>\n<link rel=\"canonical\" href=\"https:\/\/www.tvuai.com.br\/portal\/do-curral-ao-laboratorio-pequenos-produtores-do-sul-de-minas-turbinam-tebanhos-com-fertilizacao-in-vitro\/\" \/>\n<meta property=\"og:locale\" content=\"pt_BR\" \/>\n<meta property=\"og:type\" content=\"article\" \/>\n<meta property=\"og:title\" content=\"Do curral ao laborat\u00f3rio: pequenos produtores do Sul de Minas turbinam tebanhos com fertiliza\u00e7\u00e3o in vitro - TVUAI\" \/>\n<meta property=\"og:description\" content=\"Pecuaristas do Sul de Minas revolucionam pecu\u00e1ria com &#8220;f\u00e1brica de bezerros&#8221; em laborat\u00f3rio para aumentar produ\u00e7\u00e3o de leite Uma parceria entre Emater-MG, Sebrae Minas e prefeituras municipais est\u00e1 transformando a realidade de pequenos produtores de leite no Sul de Minas. Utilizando a t\u00e9cnica de fertiliza\u00e7\u00e3o in vitro (FIV), pecuaristas de Santa Rita de Caldas, Caldas, [&hellip;]\" \/>\n<meta property=\"og:url\" content=\"https:\/\/www.tvuai.com.br\/portal\/do-curral-ao-laboratorio-pequenos-produtores-do-sul-de-minas-turbinam-tebanhos-com-fertilizacao-in-vitro\/\" \/>\n<meta property=\"og:site_name\" content=\"TVUAI\" \/>\n<meta property=\"article:publisher\" content=\"http:\/\/www.facebook.com\/pages\/TV-Uai-Comunica%c3%a7%c3%a3o\/139062546157369\" \/>\n<meta property=\"article:published_time\" content=\"2025-06-16T21:43:12+00:00\" \/>\n<meta property=\"article:modified_time\" content=\"2025-06-19T20:31:33+00:00\" \/>\n<meta property=\"og:image\" content=\"https:\/\/www.tvuai.com.br\/portal\/wp-content\/uploads\/2025\/06\/boi-genetica0.jpg\" \/>\n\t<meta property=\"og:image:width\" content=\"200\" \/>\n\t<meta property=\"og:image:height\" content=\"200\" \/>\n\t<meta property=\"og:image:type\" content=\"image\/jpeg\" \/>\n<meta name=\"author\" content=\"tvuai\" \/>\n<meta name=\"twitter:card\" content=\"summary_large_image\" \/>\n<meta name=\"twitter:creator\" content=\"@tvuai\" \/>\n<meta name=\"twitter:site\" content=\"@tvuai\" \/>\n<meta name=\"twitter:label1\" content=\"Escrito por\" \/>\n\t<meta name=\"twitter:data1\" content=\"tvuai\" \/>\n\t<meta name=\"twitter:label2\" content=\"Est. tempo de leitura\" \/>\n\t<meta name=\"twitter:data2\" content=\"4 minutos\" \/>\n<script type=\"application\/ld+json\" class=\"yoast-schema-graph\">{\"@context\":\"https:\/\/schema.org\",\"@graph\":[{\"@type\":\"Article\",\"@id\":\"https:\/\/www.tvuai.com.br\/portal\/do-curral-ao-laboratorio-pequenos-produtores-do-sul-de-minas-turbinam-tebanhos-com-fertilizacao-in-vitro\/#article\",\"isPartOf\":{\"@id\":\"https:\/\/www.tvuai.com.br\/portal\/do-curral-ao-laboratorio-pequenos-produtores-do-sul-de-minas-turbinam-tebanhos-com-fertilizacao-in-vitro\/\"},\"author\":{\"name\":\"tvuai\",\"@id\":\"https:\/\/www.tvuai.com.br\/portal\/#\/schema\/person\/245e50e9127451fd0b7fd76f519ebbfe\"},\"headline\":\"Do curral ao laborat\u00f3rio: pequenos produtores do Sul de Minas turbinam tebanhos com fertiliza\u00e7\u00e3o in vitro\",\"datePublished\":\"2025-06-16T21:43:12+00:00\",\"dateModified\":\"2025-06-19T20:31:33+00:00\",\"mainEntityOfPage\":{\"@id\":\"https:\/\/www.tvuai.com.br\/portal\/do-curral-ao-laboratorio-pequenos-produtores-do-sul-de-minas-turbinam-tebanhos-com-fertilizacao-in-vitro\/\"},\"wordCount\":545,\"publisher\":{\"@id\":\"https:\/\/www.tvuai.com.br\/portal\/#organization\"},\"image\":{\"@id\":\"https:\/\/www.tvuai.com.br\/portal\/do-curral-ao-laboratorio-pequenos-produtores-do-sul-de-minas-turbinam-tebanhos-com-fertilizacao-in-vitro\/#primaryimage\"},\"thumbnailUrl\":\"https:\/\/i0.wp.com\/www.tvuai.com.br\/portal\/wp-content\/uploads\/2025\/06\/boi-genetica0.jpg?fit=200%2C200&ssl=1\",\"keywords\":[\"aumento do rebanho\",\"Caldas\",\"Eliton Ferreira Silva\",\"Emater-MG\",\"girolando\",\"Gisele Flor\",\"Ipuiuna\",\"Ivan Figueiredo\",\"Minas Gerais\",\"Pouso Alegre\",\"Rodrigo Beck J\u00fanior\",\"Santa Rita de Caldas\",\"SEBRAE Minas\",\"Sebraetec FIV\",\"Senador Jos\u00e9 Bento\",\"TV Uai\",\"TV UAI Pouso Alegre\",\"TVUAI25\"],\"articleSection\":[\"Agricultura\",\"Ci\u00eancia e Tecnologia\",\"Not\u00edcias\",\"\u00daltimas Not\u00edcias\"],\"inLanguage\":\"pt-BR\"},{\"@type\":\"WebPage\",\"@id\":\"https:\/\/www.tvuai.com.br\/portal\/do-curral-ao-laboratorio-pequenos-produtores-do-sul-de-minas-turbinam-tebanhos-com-fertilizacao-in-vitro\/\",\"url\":\"https:\/\/www.tvuai.com.br\/portal\/do-curral-ao-laboratorio-pequenos-produtores-do-sul-de-minas-turbinam-tebanhos-com-fertilizacao-in-vitro\/\",\"name\":\"Do curral ao laborat\u00f3rio: pequenos produtores do Sul de Minas turbinam tebanhos com fertiliza\u00e7\u00e3o in vitro - TVUAI\",\"isPartOf\":{\"@id\":\"https:\/\/www.tvuai.com.br\/portal\/#website\"},\"primaryImageOfPage\":{\"@id\":\"https:\/\/www.tvuai.com.br\/portal\/do-curral-ao-laboratorio-pequenos-produtores-do-sul-de-minas-turbinam-tebanhos-com-fertilizacao-in-vitro\/#primaryimage\"},\"image\":{\"@id\":\"https:\/\/www.tvuai.com.br\/portal\/do-curral-ao-laboratorio-pequenos-produtores-do-sul-de-minas-turbinam-tebanhos-com-fertilizacao-in-vitro\/#primaryimage\"},\"thumbnailUrl\":\"https:\/\/i0.wp.com\/www.tvuai.com.br\/portal\/wp-content\/uploads\/2025\/06\/boi-genetica0.jpg?fit=200%2C200&ssl=1\",\"datePublished\":\"2025-06-16T21:43:12+00:00\",\"dateModified\":\"2025-06-19T20:31:33+00:00\",\"breadcrumb\":{\"@id\":\"https:\/\/www.tvuai.com.br\/portal\/do-curral-ao-laboratorio-pequenos-produtores-do-sul-de-minas-turbinam-tebanhos-com-fertilizacao-in-vitro\/#breadcrumb\"},\"inLanguage\":\"pt-BR\",\"potentialAction\":[{\"@type\":\"ReadAction\",\"target\":[\"https:\/\/www.tvuai.com.br\/portal\/do-curral-ao-laboratorio-pequenos-produtores-do-sul-de-minas-turbinam-tebanhos-com-fertilizacao-in-vitro\/\"]}]},{\"@type\":\"ImageObject\",\"inLanguage\":\"pt-BR\",\"@id\":\"https:\/\/www.tvuai.com.br\/portal\/do-curral-ao-laboratorio-pequenos-produtores-do-sul-de-minas-turbinam-tebanhos-com-fertilizacao-in-vitro\/#primaryimage\",\"url\":\"https:\/\/i0.wp.com\/www.tvuai.com.br\/portal\/wp-content\/uploads\/2025\/06\/boi-genetica0.jpg?fit=200%2C200&ssl=1\",\"contentUrl\":\"https:\/\/i0.wp.com\/www.tvuai.com.br\/portal\/wp-content\/uploads\/2025\/06\/boi-genetica0.jpg?fit=200%2C200&ssl=1\",\"width\":200,\"height\":200},{\"@type\":\"BreadcrumbList\",\"@id\":\"https:\/\/www.tvuai.com.br\/portal\/do-curral-ao-laboratorio-pequenos-produtores-do-sul-de-minas-turbinam-tebanhos-com-fertilizacao-in-vitro\/#breadcrumb\",\"itemListElement\":[{\"@type\":\"ListItem\",\"position\":1,\"name\":\"In\u00edcio\",\"item\":\"https:\/\/www.tvuai.com.br\/portal\/\"},{\"@type\":\"ListItem\",\"position\":2,\"name\":\"Do curral ao laborat\u00f3rio: pequenos produtores do Sul de Minas turbinam tebanhos com fertiliza\u00e7\u00e3o in vitro\"}]},{\"@type\":\"WebSite\",\"@id\":\"https:\/\/www.tvuai.com.br\/portal\/#website\",\"url\":\"https:\/\/www.tvuai.com.br\/portal\/\",\"name\":\"TVUAI\",\"description\":\"Tudo sobre o Sul de Minas\",\"publisher\":{\"@id\":\"https:\/\/www.tvuai.com.br\/portal\/#organization\"},\"potentialAction\":[{\"@type\":\"SearchAction\",\"target\":{\"@type\":\"EntryPoint\",\"urlTemplate\":\"https:\/\/www.tvuai.com.br\/portal\/?s={search_term_string}\"},\"query-input\":{\"@type\":\"PropertyValueSpecification\",\"valueRequired\":true,\"valueName\":\"search_term_string\"}}],\"inLanguage\":\"pt-BR\"},{\"@type\":\"Organization\",\"@id\":\"https:\/\/www.tvuai.com.br\/portal\/#organization\",\"name\":\"TVUAI\",\"url\":\"https:\/\/www.tvuai.com.br\/portal\/\",\"logo\":{\"@type\":\"ImageObject\",\"inLanguage\":\"pt-BR\",\"@id\":\"https:\/\/www.tvuai.com.br\/portal\/#\/schema\/logo\/image\/\",\"url\":\"https:\/\/i0.wp.com\/www.tvuai.com.br\/portal\/wp-content\/uploads\/2017\/12\/logo_tvuai_100H.png?fit=207%2C100&ssl=1\",\"contentUrl\":\"https:\/\/i0.wp.com\/www.tvuai.com.br\/portal\/wp-content\/uploads\/2017\/12\/logo_tvuai_100H.png?fit=207%2C100&ssl=1\",\"width\":207,\"height\":100,\"caption\":\"TVUAI\"},\"image\":{\"@id\":\"https:\/\/www.tvuai.com.br\/portal\/#\/schema\/logo\/image\/\"},\"sameAs\":[\"http:\/\/www.facebook.com\/pages\/TV-Uai-Comunica\u00e7\u00e3o\/139062546157369\",\"https:\/\/x.com\/tvuai\",\"https:\/\/www.instagram.com\/tvuai_network\/\",\"https:\/\/www.youtube.com\/channel\/UCB7ZPB3wRv-OpoZ_09jmnkQ\"]},{\"@type\":\"Person\",\"@id\":\"https:\/\/www.tvuai.com.br\/portal\/#\/schema\/person\/245e50e9127451fd0b7fd76f519ebbfe\",\"name\":\"tvuai\",\"url\":\"https:\/\/www.tvuai.com.br\/portal\/author\/tvuai\/\"}]}<\/script>\n<!-- \/ Yoast SEO plugin. -->","yoast_head_json":{"title":"Do curral ao laborat\u00f3rio: pequenos produtores do Sul de Minas turbinam tebanhos com fertiliza\u00e7\u00e3o in vitro - TVUAI","robots":{"index":"index","follow":"follow","max-snippet":"max-snippet:-1","max-image-preview":"max-image-preview:large","max-video-preview":"max-video-preview:-1"},"canonical":"https:\/\/www.tvuai.com.br\/portal\/do-curral-ao-laboratorio-pequenos-produtores-do-sul-de-minas-turbinam-tebanhos-com-fertilizacao-in-vitro\/","og_locale":"pt_BR","og_type":"article","og_title":"Do curral ao laborat\u00f3rio: pequenos produtores do Sul de Minas turbinam tebanhos com fertiliza\u00e7\u00e3o in vitro - TVUAI","og_description":"Pecuaristas do Sul de Minas revolucionam pecu\u00e1ria com &#8220;f\u00e1brica de bezerros&#8221; em laborat\u00f3rio para aumentar produ\u00e7\u00e3o de leite Uma parceria entre Emater-MG, Sebrae Minas e prefeituras municipais est\u00e1 transformando a realidade de pequenos produtores de leite no Sul de Minas. Utilizando a t\u00e9cnica de fertiliza\u00e7\u00e3o in vitro (FIV), pecuaristas de Santa Rita de Caldas, Caldas, [&hellip;]","og_url":"https:\/\/www.tvuai.com.br\/portal\/do-curral-ao-laboratorio-pequenos-produtores-do-sul-de-minas-turbinam-tebanhos-com-fertilizacao-in-vitro\/","og_site_name":"TVUAI","article_publisher":"http:\/\/www.facebook.com\/pages\/TV-Uai-Comunica%c3%a7%c3%a3o\/139062546157369","article_published_time":"2025-06-16T21:43:12+00:00","article_modified_time":"2025-06-19T20:31:33+00:00","og_image":[{"width":200,"height":200,"url":"https:\/\/www.tvuai.com.br\/portal\/wp-content\/uploads\/2025\/06\/boi-genetica0.jpg","type":"image\/jpeg"}],"author":"tvuai","twitter_card":"summary_large_image","twitter_creator":"@tvuai","twitter_site":"@tvuai","twitter_misc":{"Escrito por":"tvuai","Est. tempo de leitura":"4 minutos"},"schema":{"@context":"https:\/\/schema.org","@graph":[{"@type":"Article","@id":"https:\/\/www.tvuai.com.br\/portal\/do-curral-ao-laboratorio-pequenos-produtores-do-sul-de-minas-turbinam-tebanhos-com-fertilizacao-in-vitro\/#article","isPartOf":{"@id":"https:\/\/www.tvuai.com.br\/portal\/do-curral-ao-laboratorio-pequenos-produtores-do-sul-de-minas-turbinam-tebanhos-com-fertilizacao-in-vitro\/"},"author":{"name":"tvuai","@id":"https:\/\/www.tvuai.com.br\/portal\/#\/schema\/person\/245e50e9127451fd0b7fd76f519ebbfe"},"headline":"Do curral ao laborat\u00f3rio: pequenos produtores do Sul de Minas turbinam tebanhos com fertiliza\u00e7\u00e3o in vitro","datePublished":"2025-06-16T21:43:12+00:00","dateModified":"2025-06-19T20:31:33+00:00","mainEntityOfPage":{"@id":"https:\/\/www.tvuai.com.br\/portal\/do-curral-ao-laboratorio-pequenos-produtores-do-sul-de-minas-turbinam-tebanhos-com-fertilizacao-in-vitro\/"},"wordCount":545,"publisher":{"@id":"https:\/\/www.tvuai.com.br\/portal\/#organization"},"image":{"@id":"https:\/\/www.tvuai.com.br\/portal\/do-curral-ao-laboratorio-pequenos-produtores-do-sul-de-minas-turbinam-tebanhos-com-fertilizacao-in-vitro\/#primaryimage"},"thumbnailUrl":"https:\/\/i0.wp.com\/www.tvuai.com.br\/portal\/wp-content\/uploads\/2025\/06\/boi-genetica0.jpg?fit=200%2C200&ssl=1","keywords":["aumento do rebanho","Caldas","Eliton Ferreira Silva","Emater-MG","girolando","Gisele Flor","Ipuiuna","Ivan Figueiredo","Minas Gerais","Pouso Alegre","Rodrigo Beck J\u00fanior","Santa Rita de Caldas","SEBRAE Minas","Sebraetec FIV","Senador Jos\u00e9 Bento","TV Uai","TV UAI Pouso Alegre","TVUAI25"],"articleSection":["Agricultura","Ci\u00eancia e Tecnologia","Not\u00edcias","\u00daltimas Not\u00edcias"],"inLanguage":"pt-BR"},{"@type":"WebPage","@id":"https:\/\/www.tvuai.com.br\/portal\/do-curral-ao-laboratorio-pequenos-produtores-do-sul-de-minas-turbinam-tebanhos-com-fertilizacao-in-vitro\/","url":"https:\/\/www.tvuai.com.br\/portal\/do-curral-ao-laboratorio-pequenos-produtores-do-sul-de-minas-turbinam-tebanhos-com-fertilizacao-in-vitro\/","name":"Do curral ao laborat\u00f3rio: pequenos produtores do Sul de Minas turbinam tebanhos com fertiliza\u00e7\u00e3o in vitro - TVUAI","isPartOf":{"@id":"https:\/\/www.tvuai.com.br\/portal\/#website"},"primaryImageOfPage":{"@id":"https:\/\/www.tvuai.com.br\/portal\/do-curral-ao-laboratorio-pequenos-produtores-do-sul-de-minas-turbinam-tebanhos-com-fertilizacao-in-vitro\/#primaryimage"},"image":{"@id":"https:\/\/www.tvuai.com.br\/portal\/do-curral-ao-laboratorio-pequenos-produtores-do-sul-de-minas-turbinam-tebanhos-com-fertilizacao-in-vitro\/#primaryimage"},"thumbnailUrl":"https:\/\/i0.wp.com\/www.tvuai.com.br\/portal\/wp-content\/uploads\/2025\/06\/boi-genetica0.jpg?fit=200%2C200&ssl=1","datePublished":"2025-06-16T21:43:12+00:00","dateModified":"2025-06-19T20:31:33+00:00","breadcrumb":{"@id":"https:\/\/www.tvuai.com.br\/portal\/do-curral-ao-laboratorio-pequenos-produtores-do-sul-de-minas-turbinam-tebanhos-com-fertilizacao-in-vitro\/#breadcrumb"},"inLanguage":"pt-BR","potentialAction":[{"@type":"ReadAction","target":["https:\/\/www.tvuai.com.br\/portal\/do-curral-ao-laboratorio-pequenos-produtores-do-sul-de-minas-turbinam-tebanhos-com-fertilizacao-in-vitro\/"]}]},{"@type":"ImageObject","inLanguage":"pt-BR","@id":"https:\/\/www.tvuai.com.br\/portal\/do-curral-ao-laboratorio-pequenos-produtores-do-sul-de-minas-turbinam-tebanhos-com-fertilizacao-in-vitro\/#primaryimage","url":"https:\/\/i0.wp.com\/www.tvuai.com.br\/portal\/wp-content\/uploads\/2025\/06\/boi-genetica0.jpg?fit=200%2C200&ssl=1","contentUrl":"https:\/\/i0.wp.com\/www.tvuai.com.br\/portal\/wp-content\/uploads\/2025\/06\/boi-genetica0.jpg?fit=200%2C200&ssl=1","width":200,"height":200},{"@type":"BreadcrumbList","@id":"https:\/\/www.tvuai.com.br\/portal\/do-curral-ao-laboratorio-pequenos-produtores-do-sul-de-minas-turbinam-tebanhos-com-fertilizacao-in-vitro\/#breadcrumb","itemListElement":[{"@type":"ListItem","position":1,"name":"In\u00edcio","item":"https:\/\/www.tvuai.com.br\/portal\/"},{"@type":"ListItem","position":2,"name":"Do curral ao laborat\u00f3rio: pequenos produtores do Sul de Minas turbinam tebanhos com fertiliza\u00e7\u00e3o in vitro"}]},{"@type":"WebSite","@id":"https:\/\/www.tvuai.com.br\/portal\/#website","url":"https:\/\/www.tvuai.com.br\/portal\/","name":"TVUAI","description":"Tudo sobre o Sul de Minas","publisher":{"@id":"https:\/\/www.tvuai.com.br\/portal\/#organization"},"potentialAction":[{"@type":"SearchAction","target":{"@type":"EntryPoint","urlTemplate":"https:\/\/www.tvuai.com.br\/portal\/?s={search_term_string}"},"query-input":{"@type":"PropertyValueSpecification","valueRequired":true,"valueName":"search_term_string"}}],"inLanguage":"pt-BR"},{"@type":"Organization","@id":"https:\/\/www.tvuai.com.br\/portal\/#organization","name":"TVUAI","url":"https:\/\/www.tvuai.com.br\/portal\/","logo":{"@type":"ImageObject","inLanguage":"pt-BR","@id":"https:\/\/www.tvuai.com.br\/portal\/#\/schema\/logo\/image\/","url":"https:\/\/i0.wp.com\/www.tvuai.com.br\/portal\/wp-content\/uploads\/2017\/12\/logo_tvuai_100H.png?fit=207%2C100&ssl=1","contentUrl":"https:\/\/i0.wp.com\/www.tvuai.com.br\/portal\/wp-content\/uploads\/2017\/12\/logo_tvuai_100H.png?fit=207%2C100&ssl=1","width":207,"height":100,"caption":"TVUAI"},"image":{"@id":"https:\/\/www.tvuai.com.br\/portal\/#\/schema\/logo\/image\/"},"sameAs":["http:\/\/www.facebook.com\/pages\/TV-Uai-Comunica\u00e7\u00e3o\/139062546157369","https:\/\/x.com\/tvuai","https:\/\/www.instagram.com\/tvuai_network\/","https:\/\/www.youtube.com\/channel\/UCB7ZPB3wRv-OpoZ_09jmnkQ"]},{"@type":"Person","@id":"https:\/\/www.tvuai.com.br\/portal\/#\/schema\/person\/245e50e9127451fd0b7fd76f519ebbfe","name":"tvuai","url":"https:\/\/www.tvuai.com.br\/portal\/author\/tvuai\/"}]}},"jetpack_featured_media_url":"https:\/\/i0.wp.com\/www.tvuai.com.br\/portal\/wp-content\/uploads\/2025\/06\/boi-genetica0.jpg?fit=200%2C200&ssl=1","wpmagazine_modules_lite_featured_media_urls":{"thumbnail":["https:\/\/i0.wp.com\/www.tvuai.com.br\/portal\/wp-content\/uploads\/2025\/06\/boi-genetica0.jpg?resize=150%2C150&ssl=1",150,150,true],"cvmm-medium":["https:\/\/i0.wp.com\/www.tvuai.com.br\/portal\/wp-content\/uploads\/2025\/06\/boi-genetica0.jpg?resize=200%2C200&ssl=1",200,200,true],"cvmm-medium-plus":["https:\/\/i0.wp.com\/www.tvuai.com.br\/portal\/wp-content\/uploads\/2025\/06\/boi-genetica0.jpg?resize=200%2C200&ssl=1",200,200,true],"cvmm-portrait":["https:\/\/i0.wp.com\/www.tvuai.com.br\/portal\/wp-content\/uploads\/2025\/06\/boi-genetica0.jpg?resize=200%2C200&ssl=1",200,200,true],"cvmm-medium-square":["https:\/\/i0.wp.com\/www.tvuai.com.br\/portal\/wp-content\/uploads\/2025\/06\/boi-genetica0.jpg?resize=200%2C200&ssl=1",200,200,true],"cvmm-large":["https:\/\/i0.wp.com\/www.tvuai.com.br\/portal\/wp-content\/uploads\/2025\/06\/boi-genetica0.jpg?resize=200%2C200&ssl=1",200,200,true],"cvmm-small":["https:\/\/i0.wp.com\/www.tvuai.com.br\/portal\/wp-content\/uploads\/2025\/06\/boi-genetica0.jpg?resize=130%2C95&ssl=1",130,95,true],"full":["https:\/\/i0.wp.com\/www.tvuai.com.br\/portal\/wp-content\/uploads\/2025\/06\/boi-genetica0.jpg?fit=200%2C200&ssl=1",200,200,false]},"categories_names":{"1969":{"name":"Agricultura","link":"https:\/\/www.tvuai.com.br\/portal\/category\/agricultura\/"},"1642":{"name":"Ci\u00eancia e Tecnologia","link":"https:\/\/www.tvuai.com.br\/portal\/category\/tecnologia\/"},"19":{"name":"Not\u00edcias","link":"https:\/\/www.tvuai.com.br\/portal\/category\/noticias\/"},"5":{"name":"\u00daltimas Not\u00edcias","link":"https:\/\/www.tvuai.com.br\/portal\/category\/noticias\/ultimas\/"}},"tags_names":{"5513":{"name":"aumento do rebanho","link":"https:\/\/www.tvuai.com.br\/portal\/tag\/aumento-do-rebanho\/"},"230":{"name":"Caldas","link":"https:\/\/www.tvuai.com.br\/portal\/tag\/caldas\/"},"5516":{"name":"Eliton Ferreira Silva","link":"https:\/\/www.tvuai.com.br\/portal\/tag\/eliton-ferreira-silva\/"},"264":{"name":"Emater-MG","link":"https:\/\/www.tvuai.com.br\/portal\/tag\/emater-mg\/"},"5514":{"name":"girolando","link":"https:\/\/www.tvuai.com.br\/portal\/tag\/girolando\/"},"5518":{"name":"Gisele Flor","link":"https:\/\/www.tvuai.com.br\/portal\/tag\/gisele-flor\/"},"313":{"name":"Ipuiuna","link":"https:\/\/www.tvuai.com.br\/portal\/tag\/ipuiuna\/"},"5517":{"name":"Ivan Figueiredo","link":"https:\/\/www.tvuai.com.br\/portal\/tag\/ivan-figueiredo\/"},"184":{"name":"Minas Gerais","link":"https:\/\/www.tvuai.com.br\/portal\/tag\/minas-gerais\/"},"37":{"name":"Pouso Alegre","link":"https:\/\/www.tvuai.com.br\/portal\/tag\/pouso-alegre\/"},"5515":{"name":"Rodrigo Beck J\u00fanior","link":"https:\/\/www.tvuai.com.br\/portal\/tag\/rodrigo-beck-junior\/"},"603":{"name":"Santa Rita de Caldas","link":"https:\/\/www.tvuai.com.br\/portal\/tag\/santa-rita-de-caldas\/"},"1122":{"name":"SEBRAE Minas","link":"https:\/\/www.tvuai.com.br\/portal\/tag\/sebrae-minas\/"},"1225":{"name":"Sebraetec FIV","link":"https:\/\/www.tvuai.com.br\/portal\/tag\/sebraetec-fiv\/"},"1229":{"name":"Senador Jos\u00e9 Bento","link":"https:\/\/www.tvuai.com.br\/portal\/tag\/senador-jose-bento\/"},"27":{"name":"TV Uai","link":"https:\/\/www.tvuai.com.br\/portal\/tag\/tv-uai\/"},"1618":{"name":"TV UAI Pouso Alegre","link":"https:\/\/www.tvuai.com.br\/portal\/tag\/tv-uai-pouso-alegre\/"},"4796":{"name":"TVUAI25","link":"https:\/\/www.tvuai.com.br\/portal\/tag\/tvuai25\/"}},"comments_number":"0","jetpack_shortlink":"https:\/\/wp.me\/p9woix-38P","jetpack_sharing_enabled":true,"_links":{"self":[{"href":"https:\/\/www.tvuai.com.br\/portal\/wp-json\/wp\/v2\/posts\/12079"}],"collection":[{"href":"https:\/\/www.tvuai.com.br\/portal\/wp-json\/wp\/v2\/posts"}],"about":[{"href":"https:\/\/www.tvuai.com.br\/portal\/wp-json\/wp\/v2\/types\/post"}],"author":[{"embeddable":true,"href":"https:\/\/www.tvuai.com.br\/portal\/wp-json\/wp\/v2\/users\/1"}],"replies":[{"embeddable":true,"href":"https:\/\/www.tvuai.com.br\/portal\/wp-json\/wp\/v2\/comments?post=12079"}],"version-history":[{"count":3,"href":"https:\/\/www.tvuai.com.br\/portal\/wp-json\/wp\/v2\/posts\/12079\/revisions"}],"predecessor-version":[{"id":12085,"href":"https:\/\/www.tvuai.com.br\/portal\/wp-json\/wp\/v2\/posts\/12079\/revisions\/12085"}],"wp:featuredmedia":[{"embeddable":true,"href":"https:\/\/www.tvuai.com.br\/portal\/wp-json\/wp\/v2\/media\/12082"}],"wp:attachment":[{"href":"https:\/\/www.tvuai.com.br\/portal\/wp-json\/wp\/v2\/media?parent=12079"}],"wp:term":[{"taxonomy":"category","embeddable":true,"href":"https:\/\/www.tvuai.com.br\/portal\/wp-json\/wp\/v2\/categories?post=12079"},{"taxonomy":"post_tag","embeddable":true,"href":"https:\/\/www.tvuai.com.br\/portal\/wp-json\/wp\/v2\/tags?post=12079"}],"curies":[{"name":"wp","href":"https:\/\/api.w.org\/{rel}","templated":true}]}}