{"id":1201,"date":"2019-09-19T22:34:41","date_gmt":"2019-09-20T01:34:41","guid":{"rendered":"http:\/\/www.tvuai.com.br\/portal\/?p=1201"},"modified":"2019-10-14T21:51:08","modified_gmt":"2019-10-15T00:51:08","slug":"mantiqueira-de-minas-apresenta-selo-de-procedencia-do-cafe-produzido-no-sul-de-minas","status":"publish","type":"post","link":"https:\/\/www.tvuai.com.br\/portal\/mantiqueira-de-minas-apresenta-selo-de-procedencia-do-cafe-produzido-no-sul-de-minas\/","title":{"rendered":"Mantiqueira de Minas apresenta selo de proced\u00eancia do caf\u00e9 produzido no Sul de Minas"},"content":{"rendered":"<div class=\"5a1038e0903b96d426fcfcc338703013\" data-index=\"1\" style=\"float: right; margin:10px 0 10px 10px;\">\n<script async src=\"https:\/\/pagead2.googlesyndication.com\/pagead\/js\/adsbygoogle.js?client=ca-pub-9945944833605257\"\r\n     crossorigin=\"anonymous\"><\/script>\r\n<ins class=\"adsbygoogle\"\r\n     style=\"display:block; text-align:center;\"\r\n     data-ad-layout=\"in-article\"\r\n     data-ad-format=\"fluid\"\r\n     data-ad-client=\"ca-pub-9945944833605257\"\r\n     data-ad-slot=\"2343923581\"><\/ins>\r\n<script>\r\n     (adsbygoogle = window.adsbygoogle || []).push({});\r\n<\/script>\n<\/div>\n<h5 style=\"text-align: center\"><img data-recalc-dims=\"1\" fetchpriority=\"high\" decoding=\"async\" data-attachment-id=\"1202\" data-permalink=\"https:\/\/www.tvuai.com.br\/portal\/mantiqueira-de-minas-apresenta-selo-de-procedencia-do-cafe-produzido-no-sul-de-minas\/cafemantiqueira\/\" data-orig-file=\"https:\/\/i0.wp.com\/www.tvuai.com.br\/portal\/wp-content\/uploads\/2019\/09\/caf\u00e9mantiqueira-e1568940188273.jpg?fit=200%2C217&amp;ssl=1\" data-orig-size=\"200,217\" data-comments-opened=\"0\" data-image-meta=\"{&quot;aperture&quot;:&quot;0&quot;,&quot;credit&quot;:&quot;&quot;,&quot;camera&quot;:&quot;&quot;,&quot;caption&quot;:&quot;&quot;,&quot;created_timestamp&quot;:&quot;0&quot;,&quot;copyright&quot;:&quot;&quot;,&quot;focal_length&quot;:&quot;0&quot;,&quot;iso&quot;:&quot;0&quot;,&quot;shutter_speed&quot;:&quot;0&quot;,&quot;title&quot;:&quot;&quot;,&quot;orientation&quot;:&quot;1&quot;}\" data-image-title=\"caf\u00e9mantiqueira\" data-image-description=\"\" data-image-caption=\"\" data-medium-file=\"https:\/\/i0.wp.com\/www.tvuai.com.br\/portal\/wp-content\/uploads\/2019\/09\/caf\u00e9mantiqueira-e1568940188273.jpg?fit=277%2C300&amp;ssl=1\" data-large-file=\"https:\/\/i0.wp.com\/www.tvuai.com.br\/portal\/wp-content\/uploads\/2019\/09\/caf\u00e9mantiqueira-e1568940188273.jpg?fit=200%2C217&amp;ssl=1\" tabindex=\"0\" role=\"button\" class=\"aligncenter size-full wp-image-1202\" src=\"https:\/\/i0.wp.com\/www.tvuai.com.br\/portal\/wp-content\/uploads\/2019\/09\/caf\u00e9mantiqueira.jpg?resize=500%2C542\" alt=\"\" width=\"500\" height=\"542\" \/><em><strong>A regi\u00e3o da Mantiqueira concentra cerca de 8.200 produtores de caf\u00e9<\/strong><\/em><\/h5>\n<p>Na semana passada, a Fazenda Vint\u00e9m, em Santa Rita do Sapuca\u00ed, reuniu produtores de caf\u00e9 para apresentar o selo de proced\u00eancia Mantiqueira de Minas (IP), com o intuito de promover o caf\u00e9 produzido na Serra da Mantiqueira, no Sul de Minas Gerais. Foi discutido tamb\u00e9m como o turismo rural pode ser uma importante alternativa para o desenvolvimento econ\u00f4mico da regi\u00e3o e fomentar novos neg\u00f3cios aos produtores rurais.<\/p>\n<p>A regi\u00e3o da Mantiqueira concentra cerca de 8.200 produtores de caf\u00e9, em sua maioria pequenos produtores (82%), que possuem uma \u00e1rea de produ\u00e7\u00e3o de 56 mil hectares, com capacidade para 1,3 milh\u00f5es de sacas de caf\u00e9 (60Kg).<\/p>\n<p>Privilegiada pela altitude, clima, localiza\u00e7\u00e3o e tradi\u00e7\u00e3o secular na produ\u00e7\u00e3o de caf\u00e9s de qualidade, a Mantiqueira de Minas \u00e9 uma das regi\u00f5es mais premiadas do Brasil. Em 2011, foi reconhecida como Indica\u00e7\u00e3o Geogr\u00e1fica (IG) na modalidade Indica\u00e7\u00e3o de Proced\u00eancia (IP), dando origem ao selo Mantiqueira de Minas \u2013 Indica\u00e7\u00e3o de Proced\u00eancia, que tem a Associa\u00e7\u00e3o dos Produtores de Caf\u00e9 da Mantiqueira (Aprocam), com sede em Carmo de Minas, como sua ag\u00eancia reguladora.<\/p>\n<p>Composta por 25 munic\u00edpios, a \u00e1rea \u00e9 demarcada pela Indica\u00e7\u00e3o Geogr\u00e1fica Protegida, que tem como principal objetivo demonstrar e assegurar que a produ\u00e7\u00e3o do caf\u00e9 faz parte da cultura desse territ\u00f3rio, e que os gr\u00e3os foram produzidos nesta \u00e1rea sob as regras e regulamentos espec\u00edficos estabelecidos para proteger este patrim\u00f4nio regional.<\/p>\n<p>&nbsp;<\/p>\n<h6><em><strong>Com informa\u00e7\u00f5es Caf\u00e9 Point<\/strong><\/em><\/h6>\n\n<div style=\"font-size: 0px; height: 0px; line-height: 0px; margin: 0; padding: 0; clear: both;\"><\/div><div class='share-to-whatsapp-wrapper'><div class='share-on-whsp'>Share on: <\/div><a data-text='Mantiqueira de Minas apresenta selo de proced\u00eancia do caf\u00e9 produzido no Sul de Minas' data-link='https:\/\/www.tvuai.com.br\/portal\/mantiqueira-de-minas-apresenta-selo-de-procedencia-do-cafe-produzido-no-sul-de-minas\/' class='whatsapp-button whatsapp-share'>WhatsApp<\/a><div class='clear '><\/div><\/div><!-- AddThis Advanced Settings generic via filter on the_content --><!-- AddThis Share Buttons generic via filter on the_content -->","protected":false},"excerpt":{"rendered":"<p>A regi\u00e3o da Mantiqueira concentra cerca de 8.200 produtores de caf\u00e9 Na semana passada, a Fazenda Vint\u00e9m, em Santa Rita do Sapuca\u00ed, reuniu produtores de caf\u00e9 para apresentar o selo de proced\u00eancia Mantiqueira de Minas (IP), com o intuito de promover o caf\u00e9 produzido na Serra da Mantiqueira, no Sul de Minas Gerais. Foi discutido [&hellip;]<!-- AddThis Advanced Settings generic via filter on get_the_excerpt --><!-- AddThis Share Buttons generic via filter on get_the_excerpt --><\/p>\n","protected":false},"author":2,"featured_media":1202,"comment_status":"closed","ping_status":"closed","sticky":false,"template":"","format":"standard","meta":{"jetpack_post_was_ever_published":false,"_jetpack_newsletter_access":"","_jetpack_dont_email_post_to_subs":false,"_jetpack_newsletter_tier_id":0,"_jetpack_memberships_contains_paywalled_content":false,"_jetpack_memberships_contains_paid_content":false,"_joinchat":[],"footnotes":"","jetpack_publicize_message":"","jetpack_publicize_feature_enabled":true,"jetpack_social_post_already_shared":true,"jetpack_social_options":{"image_generator_settings":{"template":"highway","enabled":false},"version":2}},"categories":[19],"tags":[],"class_list":["post-1201","post","type-post","status-publish","format-standard","has-post-thumbnail","hentry","category-noticias"],"jetpack_publicize_connections":[],"yoast_head":"<!-- This site is optimized with the Yoast SEO plugin v23.5 - https:\/\/yoast.com\/wordpress\/plugins\/seo\/ -->\n<title>Mantiqueira de Minas apresenta selo de proced\u00eancia do caf\u00e9 produzido no Sul de Minas - TVUAI<\/title>\n<meta name=\"robots\" content=\"index, follow, max-snippet:-1, max-image-preview:large, max-video-preview:-1\" \/>\n<link rel=\"canonical\" href=\"https:\/\/www.tvuai.com.br\/portal\/mantiqueira-de-minas-apresenta-selo-de-procedencia-do-cafe-produzido-no-sul-de-minas\/\" \/>\n<meta property=\"og:locale\" content=\"pt_BR\" \/>\n<meta property=\"og:type\" content=\"article\" \/>\n<meta property=\"og:title\" content=\"Mantiqueira de Minas apresenta selo de proced\u00eancia do caf\u00e9 produzido no Sul de Minas - TVUAI\" \/>\n<meta property=\"og:description\" content=\"A regi\u00e3o da Mantiqueira concentra cerca de 8.200 produtores de caf\u00e9 Na semana passada, a Fazenda Vint\u00e9m, em Santa Rita do Sapuca\u00ed, reuniu produtores de caf\u00e9 para apresentar o selo de proced\u00eancia Mantiqueira de Minas (IP), com o intuito de promover o caf\u00e9 produzido na Serra da Mantiqueira, no Sul de Minas Gerais. Foi discutido [&hellip;]\" \/>\n<meta property=\"og:url\" content=\"https:\/\/www.tvuai.com.br\/portal\/mantiqueira-de-minas-apresenta-selo-de-procedencia-do-cafe-produzido-no-sul-de-minas\/\" \/>\n<meta property=\"og:site_name\" content=\"TVUAI\" \/>\n<meta property=\"article:publisher\" content=\"http:\/\/www.facebook.com\/pages\/TV-Uai-Comunica%c3%a7%c3%a3o\/139062546157369\" \/>\n<meta property=\"article:author\" content=\"https:\/\/www.facebook.com\/tvuai\/\" \/>\n<meta property=\"article:published_time\" content=\"2019-09-20T01:34:41+00:00\" \/>\n<meta property=\"article:modified_time\" content=\"2019-10-15T00:51:08+00:00\" \/>\n<meta property=\"og:image\" content=\"https:\/\/i0.wp.com\/www.tvuai.com.br\/portal\/wp-content\/uploads\/2019\/09\/caf\u00e9mantiqueira-e1568940188273.jpg?fit=200%2C217&ssl=1\" \/>\n\t<meta property=\"og:image:width\" content=\"200\" \/>\n\t<meta property=\"og:image:height\" content=\"217\" \/>\n\t<meta property=\"og:image:type\" content=\"image\/jpeg\" \/>\n<meta name=\"author\" content=\"Rosy Pantale\u00e3o\" \/>\n<meta name=\"twitter:card\" content=\"summary_large_image\" \/>\n<meta name=\"twitter:creator\" content=\"@tvuai\" \/>\n<meta name=\"twitter:site\" content=\"@tvuai\" \/>\n<meta name=\"twitter:label1\" content=\"Escrito por\" \/>\n\t<meta name=\"twitter:data1\" content=\"Rosy Pantale\u00e3o\" \/>\n\t<meta name=\"twitter:label2\" content=\"Est. tempo de leitura\" \/>\n\t<meta name=\"twitter:data2\" content=\"1 minuto\" \/>\n<script type=\"application\/ld+json\" class=\"yoast-schema-graph\">{\"@context\":\"https:\/\/schema.org\",\"@graph\":[{\"@type\":\"Article\",\"@id\":\"https:\/\/www.tvuai.com.br\/portal\/mantiqueira-de-minas-apresenta-selo-de-procedencia-do-cafe-produzido-no-sul-de-minas\/#article\",\"isPartOf\":{\"@id\":\"https:\/\/www.tvuai.com.br\/portal\/mantiqueira-de-minas-apresenta-selo-de-procedencia-do-cafe-produzido-no-sul-de-minas\/\"},\"author\":{\"name\":\"Rosy Pantale\u00e3o\",\"@id\":\"https:\/\/www.tvuai.com.br\/portal\/#\/schema\/person\/d1c5c2b1dc1e658906286802aad38555\"},\"headline\":\"Mantiqueira de Minas apresenta selo de proced\u00eancia do caf\u00e9 produzido no Sul de Minas\",\"datePublished\":\"2019-09-20T01:34:41+00:00\",\"dateModified\":\"2019-10-15T00:51:08+00:00\",\"mainEntityOfPage\":{\"@id\":\"https:\/\/www.tvuai.com.br\/portal\/mantiqueira-de-minas-apresenta-selo-de-procedencia-do-cafe-produzido-no-sul-de-minas\/\"},\"wordCount\":280,\"publisher\":{\"@id\":\"https:\/\/www.tvuai.com.br\/portal\/#organization\"},\"image\":{\"@id\":\"https:\/\/www.tvuai.com.br\/portal\/mantiqueira-de-minas-apresenta-selo-de-procedencia-do-cafe-produzido-no-sul-de-minas\/#primaryimage\"},\"thumbnailUrl\":\"https:\/\/i0.wp.com\/www.tvuai.com.br\/portal\/wp-content\/uploads\/2019\/09\/caf\u00e9mantiqueira-e1568940188273.jpg?fit=200%2C217&ssl=1\",\"articleSection\":[\"Not\u00edcias\"],\"inLanguage\":\"pt-BR\"},{\"@type\":\"WebPage\",\"@id\":\"https:\/\/www.tvuai.com.br\/portal\/mantiqueira-de-minas-apresenta-selo-de-procedencia-do-cafe-produzido-no-sul-de-minas\/\",\"url\":\"https:\/\/www.tvuai.com.br\/portal\/mantiqueira-de-minas-apresenta-selo-de-procedencia-do-cafe-produzido-no-sul-de-minas\/\",\"name\":\"Mantiqueira de Minas apresenta selo de proced\u00eancia do caf\u00e9 produzido no Sul de Minas - TVUAI\",\"isPartOf\":{\"@id\":\"https:\/\/www.tvuai.com.br\/portal\/#website\"},\"primaryImageOfPage\":{\"@id\":\"https:\/\/www.tvuai.com.br\/portal\/mantiqueira-de-minas-apresenta-selo-de-procedencia-do-cafe-produzido-no-sul-de-minas\/#primaryimage\"},\"image\":{\"@id\":\"https:\/\/www.tvuai.com.br\/portal\/mantiqueira-de-minas-apresenta-selo-de-procedencia-do-cafe-produzido-no-sul-de-minas\/#primaryimage\"},\"thumbnailUrl\":\"https:\/\/i0.wp.com\/www.tvuai.com.br\/portal\/wp-content\/uploads\/2019\/09\/caf\u00e9mantiqueira-e1568940188273.jpg?fit=200%2C217&ssl=1\",\"datePublished\":\"2019-09-20T01:34:41+00:00\",\"dateModified\":\"2019-10-15T00:51:08+00:00\",\"breadcrumb\":{\"@id\":\"https:\/\/www.tvuai.com.br\/portal\/mantiqueira-de-minas-apresenta-selo-de-procedencia-do-cafe-produzido-no-sul-de-minas\/#breadcrumb\"},\"inLanguage\":\"pt-BR\",\"potentialAction\":[{\"@type\":\"ReadAction\",\"target\":[\"https:\/\/www.tvuai.com.br\/portal\/mantiqueira-de-minas-apresenta-selo-de-procedencia-do-cafe-produzido-no-sul-de-minas\/\"]}]},{\"@type\":\"ImageObject\",\"inLanguage\":\"pt-BR\",\"@id\":\"https:\/\/www.tvuai.com.br\/portal\/mantiqueira-de-minas-apresenta-selo-de-procedencia-do-cafe-produzido-no-sul-de-minas\/#primaryimage\",\"url\":\"https:\/\/i0.wp.com\/www.tvuai.com.br\/portal\/wp-content\/uploads\/2019\/09\/caf\u00e9mantiqueira-e1568940188273.jpg?fit=200%2C217&ssl=1\",\"contentUrl\":\"https:\/\/i0.wp.com\/www.tvuai.com.br\/portal\/wp-content\/uploads\/2019\/09\/caf\u00e9mantiqueira-e1568940188273.jpg?fit=200%2C217&ssl=1\",\"width\":200,\"height\":217},{\"@type\":\"BreadcrumbList\",\"@id\":\"https:\/\/www.tvuai.com.br\/portal\/mantiqueira-de-minas-apresenta-selo-de-procedencia-do-cafe-produzido-no-sul-de-minas\/#breadcrumb\",\"itemListElement\":[{\"@type\":\"ListItem\",\"position\":1,\"name\":\"In\u00edcio\",\"item\":\"https:\/\/www.tvuai.com.br\/portal\/\"},{\"@type\":\"ListItem\",\"position\":2,\"name\":\"Mantiqueira de Minas apresenta selo de proced\u00eancia do caf\u00e9 produzido no Sul de Minas\"}]},{\"@type\":\"WebSite\",\"@id\":\"https:\/\/www.tvuai.com.br\/portal\/#website\",\"url\":\"https:\/\/www.tvuai.com.br\/portal\/\",\"name\":\"TVUAI\",\"description\":\"Tudo sobre o Sul de Minas\",\"publisher\":{\"@id\":\"https:\/\/www.tvuai.com.br\/portal\/#organization\"},\"potentialAction\":[{\"@type\":\"SearchAction\",\"target\":{\"@type\":\"EntryPoint\",\"urlTemplate\":\"https:\/\/www.tvuai.com.br\/portal\/?s={search_term_string}\"},\"query-input\":{\"@type\":\"PropertyValueSpecification\",\"valueRequired\":true,\"valueName\":\"search_term_string\"}}],\"inLanguage\":\"pt-BR\"},{\"@type\":\"Organization\",\"@id\":\"https:\/\/www.tvuai.com.br\/portal\/#organization\",\"name\":\"TVUAI\",\"url\":\"https:\/\/www.tvuai.com.br\/portal\/\",\"logo\":{\"@type\":\"ImageObject\",\"inLanguage\":\"pt-BR\",\"@id\":\"https:\/\/www.tvuai.com.br\/portal\/#\/schema\/logo\/image\/\",\"url\":\"https:\/\/i0.wp.com\/www.tvuai.com.br\/portal\/wp-content\/uploads\/2017\/12\/logo_tvuai_100H.png?fit=207%2C100&ssl=1\",\"contentUrl\":\"https:\/\/i0.wp.com\/www.tvuai.com.br\/portal\/wp-content\/uploads\/2017\/12\/logo_tvuai_100H.png?fit=207%2C100&ssl=1\",\"width\":207,\"height\":100,\"caption\":\"TVUAI\"},\"image\":{\"@id\":\"https:\/\/www.tvuai.com.br\/portal\/#\/schema\/logo\/image\/\"},\"sameAs\":[\"http:\/\/www.facebook.com\/pages\/TV-Uai-Comunica\u00e7\u00e3o\/139062546157369\",\"https:\/\/x.com\/tvuai\",\"https:\/\/www.instagram.com\/tvuai_network\/\",\"https:\/\/www.youtube.com\/channel\/UCB7ZPB3wRv-OpoZ_09jmnkQ\"]},{\"@type\":\"Person\",\"@id\":\"https:\/\/www.tvuai.com.br\/portal\/#\/schema\/person\/d1c5c2b1dc1e658906286802aad38555\",\"name\":\"Rosy Pantale\u00e3o\",\"sameAs\":[\"https:\/\/www.tvuai.com.br\/portal\/\",\"https:\/\/www.facebook.com\/tvuai\/\",\"https:\/\/www.instagram.com\/tvuai\",\"https:\/\/x.com\/tvuai\",\"https:\/\/www.youtube.com\/channel\/UCB7ZPB3wRv-OpoZ_09jmnkQ\",\"tvuai\"],\"url\":\"https:\/\/www.tvuai.com.br\/portal\/author\/rosy\/\"}]}<\/script>\n<!-- \/ Yoast SEO plugin. -->","yoast_head_json":{"title":"Mantiqueira de Minas apresenta selo de proced\u00eancia do caf\u00e9 produzido no Sul de Minas - TVUAI","robots":{"index":"index","follow":"follow","max-snippet":"max-snippet:-1","max-image-preview":"max-image-preview:large","max-video-preview":"max-video-preview:-1"},"canonical":"https:\/\/www.tvuai.com.br\/portal\/mantiqueira-de-minas-apresenta-selo-de-procedencia-do-cafe-produzido-no-sul-de-minas\/","og_locale":"pt_BR","og_type":"article","og_title":"Mantiqueira de Minas apresenta selo de proced\u00eancia do caf\u00e9 produzido no Sul de Minas - TVUAI","og_description":"A regi\u00e3o da Mantiqueira concentra cerca de 8.200 produtores de caf\u00e9 Na semana passada, a Fazenda Vint\u00e9m, em Santa Rita do Sapuca\u00ed, reuniu produtores de caf\u00e9 para apresentar o selo de proced\u00eancia Mantiqueira de Minas (IP), com o intuito de promover o caf\u00e9 produzido na Serra da Mantiqueira, no Sul de Minas Gerais. Foi discutido [&hellip;]","og_url":"https:\/\/www.tvuai.com.br\/portal\/mantiqueira-de-minas-apresenta-selo-de-procedencia-do-cafe-produzido-no-sul-de-minas\/","og_site_name":"TVUAI","article_publisher":"http:\/\/www.facebook.com\/pages\/TV-Uai-Comunica%c3%a7%c3%a3o\/139062546157369","article_author":"https:\/\/www.facebook.com\/tvuai\/","article_published_time":"2019-09-20T01:34:41+00:00","article_modified_time":"2019-10-15T00:51:08+00:00","og_image":[{"width":200,"height":217,"url":"https:\/\/i0.wp.com\/www.tvuai.com.br\/portal\/wp-content\/uploads\/2019\/09\/caf\u00e9mantiqueira-e1568940188273.jpg?fit=200%2C217&ssl=1","type":"image\/jpeg"}],"author":"Rosy Pantale\u00e3o","twitter_card":"summary_large_image","twitter_creator":"@tvuai","twitter_site":"@tvuai","twitter_misc":{"Escrito por":"Rosy Pantale\u00e3o","Est. tempo de leitura":"1 minuto"},"schema":{"@context":"https:\/\/schema.org","@graph":[{"@type":"Article","@id":"https:\/\/www.tvuai.com.br\/portal\/mantiqueira-de-minas-apresenta-selo-de-procedencia-do-cafe-produzido-no-sul-de-minas\/#article","isPartOf":{"@id":"https:\/\/www.tvuai.com.br\/portal\/mantiqueira-de-minas-apresenta-selo-de-procedencia-do-cafe-produzido-no-sul-de-minas\/"},"author":{"name":"Rosy Pantale\u00e3o","@id":"https:\/\/www.tvuai.com.br\/portal\/#\/schema\/person\/d1c5c2b1dc1e658906286802aad38555"},"headline":"Mantiqueira de Minas apresenta selo de proced\u00eancia do caf\u00e9 produzido no Sul de Minas","datePublished":"2019-09-20T01:34:41+00:00","dateModified":"2019-10-15T00:51:08+00:00","mainEntityOfPage":{"@id":"https:\/\/www.tvuai.com.br\/portal\/mantiqueira-de-minas-apresenta-selo-de-procedencia-do-cafe-produzido-no-sul-de-minas\/"},"wordCount":280,"publisher":{"@id":"https:\/\/www.tvuai.com.br\/portal\/#organization"},"image":{"@id":"https:\/\/www.tvuai.com.br\/portal\/mantiqueira-de-minas-apresenta-selo-de-procedencia-do-cafe-produzido-no-sul-de-minas\/#primaryimage"},"thumbnailUrl":"https:\/\/i0.wp.com\/www.tvuai.com.br\/portal\/wp-content\/uploads\/2019\/09\/caf\u00e9mantiqueira-e1568940188273.jpg?fit=200%2C217&ssl=1","articleSection":["Not\u00edcias"],"inLanguage":"pt-BR"},{"@type":"WebPage","@id":"https:\/\/www.tvuai.com.br\/portal\/mantiqueira-de-minas-apresenta-selo-de-procedencia-do-cafe-produzido-no-sul-de-minas\/","url":"https:\/\/www.tvuai.com.br\/portal\/mantiqueira-de-minas-apresenta-selo-de-procedencia-do-cafe-produzido-no-sul-de-minas\/","name":"Mantiqueira de Minas apresenta selo de proced\u00eancia do caf\u00e9 produzido no Sul de Minas - TVUAI","isPartOf":{"@id":"https:\/\/www.tvuai.com.br\/portal\/#website"},"primaryImageOfPage":{"@id":"https:\/\/www.tvuai.com.br\/portal\/mantiqueira-de-minas-apresenta-selo-de-procedencia-do-cafe-produzido-no-sul-de-minas\/#primaryimage"},"image":{"@id":"https:\/\/www.tvuai.com.br\/portal\/mantiqueira-de-minas-apresenta-selo-de-procedencia-do-cafe-produzido-no-sul-de-minas\/#primaryimage"},"thumbnailUrl":"https:\/\/i0.wp.com\/www.tvuai.com.br\/portal\/wp-content\/uploads\/2019\/09\/caf\u00e9mantiqueira-e1568940188273.jpg?fit=200%2C217&ssl=1","datePublished":"2019-09-20T01:34:41+00:00","dateModified":"2019-10-15T00:51:08+00:00","breadcrumb":{"@id":"https:\/\/www.tvuai.com.br\/portal\/mantiqueira-de-minas-apresenta-selo-de-procedencia-do-cafe-produzido-no-sul-de-minas\/#breadcrumb"},"inLanguage":"pt-BR","potentialAction":[{"@type":"ReadAction","target":["https:\/\/www.tvuai.com.br\/portal\/mantiqueira-de-minas-apresenta-selo-de-procedencia-do-cafe-produzido-no-sul-de-minas\/"]}]},{"@type":"ImageObject","inLanguage":"pt-BR","@id":"https:\/\/www.tvuai.com.br\/portal\/mantiqueira-de-minas-apresenta-selo-de-procedencia-do-cafe-produzido-no-sul-de-minas\/#primaryimage","url":"https:\/\/i0.wp.com\/www.tvuai.com.br\/portal\/wp-content\/uploads\/2019\/09\/caf\u00e9mantiqueira-e1568940188273.jpg?fit=200%2C217&ssl=1","contentUrl":"https:\/\/i0.wp.com\/www.tvuai.com.br\/portal\/wp-content\/uploads\/2019\/09\/caf\u00e9mantiqueira-e1568940188273.jpg?fit=200%2C217&ssl=1","width":200,"height":217},{"@type":"BreadcrumbList","@id":"https:\/\/www.tvuai.com.br\/portal\/mantiqueira-de-minas-apresenta-selo-de-procedencia-do-cafe-produzido-no-sul-de-minas\/#breadcrumb","itemListElement":[{"@type":"ListItem","position":1,"name":"In\u00edcio","item":"https:\/\/www.tvuai.com.br\/portal\/"},{"@type":"ListItem","position":2,"name":"Mantiqueira de Minas apresenta selo de proced\u00eancia do caf\u00e9 produzido no Sul de Minas"}]},{"@type":"WebSite","@id":"https:\/\/www.tvuai.com.br\/portal\/#website","url":"https:\/\/www.tvuai.com.br\/portal\/","name":"TVUAI","description":"Tudo sobre o Sul de Minas","publisher":{"@id":"https:\/\/www.tvuai.com.br\/portal\/#organization"},"potentialAction":[{"@type":"SearchAction","target":{"@type":"EntryPoint","urlTemplate":"https:\/\/www.tvuai.com.br\/portal\/?s={search_term_string}"},"query-input":{"@type":"PropertyValueSpecification","valueRequired":true,"valueName":"search_term_string"}}],"inLanguage":"pt-BR"},{"@type":"Organization","@id":"https:\/\/www.tvuai.com.br\/portal\/#organization","name":"TVUAI","url":"https:\/\/www.tvuai.com.br\/portal\/","logo":{"@type":"ImageObject","inLanguage":"pt-BR","@id":"https:\/\/www.tvuai.com.br\/portal\/#\/schema\/logo\/image\/","url":"https:\/\/i0.wp.com\/www.tvuai.com.br\/portal\/wp-content\/uploads\/2017\/12\/logo_tvuai_100H.png?fit=207%2C100&ssl=1","contentUrl":"https:\/\/i0.wp.com\/www.tvuai.com.br\/portal\/wp-content\/uploads\/2017\/12\/logo_tvuai_100H.png?fit=207%2C100&ssl=1","width":207,"height":100,"caption":"TVUAI"},"image":{"@id":"https:\/\/www.tvuai.com.br\/portal\/#\/schema\/logo\/image\/"},"sameAs":["http:\/\/www.facebook.com\/pages\/TV-Uai-Comunica\u00e7\u00e3o\/139062546157369","https:\/\/x.com\/tvuai","https:\/\/www.instagram.com\/tvuai_network\/","https:\/\/www.youtube.com\/channel\/UCB7ZPB3wRv-OpoZ_09jmnkQ"]},{"@type":"Person","@id":"https:\/\/www.tvuai.com.br\/portal\/#\/schema\/person\/d1c5c2b1dc1e658906286802aad38555","name":"Rosy Pantale\u00e3o","sameAs":["https:\/\/www.tvuai.com.br\/portal\/","https:\/\/www.facebook.com\/tvuai\/","https:\/\/www.instagram.com\/tvuai","https:\/\/x.com\/tvuai","https:\/\/www.youtube.com\/channel\/UCB7ZPB3wRv-OpoZ_09jmnkQ","tvuai"],"url":"https:\/\/www.tvuai.com.br\/portal\/author\/rosy\/"}]}},"jetpack_featured_media_url":"https:\/\/i0.wp.com\/www.tvuai.com.br\/portal\/wp-content\/uploads\/2019\/09\/caf\u00e9mantiqueira-e1568940188273.jpg?fit=200%2C217&ssl=1","wpmagazine_modules_lite_featured_media_urls":{"thumbnail":["https:\/\/i0.wp.com\/www.tvuai.com.br\/portal\/wp-content\/uploads\/2019\/09\/caf\u00e9mantiqueira-e1568940188273.jpg?resize=150%2C150&ssl=1",150,150,true],"cvmm-medium":["https:\/\/i0.wp.com\/www.tvuai.com.br\/portal\/wp-content\/uploads\/2019\/09\/caf\u00e9mantiqueira-e1568940188273.jpg?resize=200%2C217&ssl=1",200,217,true],"cvmm-medium-plus":["https:\/\/i0.wp.com\/www.tvuai.com.br\/portal\/wp-content\/uploads\/2019\/09\/caf\u00e9mantiqueira-e1568940188273.jpg?resize=200%2C207&ssl=1",200,207,true],"cvmm-portrait":["https:\/\/i0.wp.com\/www.tvuai.com.br\/portal\/wp-content\/uploads\/2019\/09\/caf\u00e9mantiqueira-e1568940188273.jpg?resize=200%2C217&ssl=1",200,217,true],"cvmm-medium-square":["https:\/\/i0.wp.com\/www.tvuai.com.br\/portal\/wp-content\/uploads\/2019\/09\/caf\u00e9mantiqueira-e1568940188273.jpg?resize=200%2C217&ssl=1",200,217,true],"cvmm-large":["https:\/\/i0.wp.com\/www.tvuai.com.br\/portal\/wp-content\/uploads\/2019\/09\/caf\u00e9mantiqueira-e1568940188273.jpg?resize=200%2C217&ssl=1",200,217,true],"cvmm-small":["https:\/\/i0.wp.com\/www.tvuai.com.br\/portal\/wp-content\/uploads\/2019\/09\/caf\u00e9mantiqueira-e1568940188273.jpg?resize=130%2C95&ssl=1",130,95,true],"full":["https:\/\/i0.wp.com\/www.tvuai.com.br\/portal\/wp-content\/uploads\/2019\/09\/caf\u00e9mantiqueira-e1568940188273.jpg?fit=200%2C217&ssl=1",200,217,false]},"categories_names":{"19":{"name":"Not\u00edcias","link":"https:\/\/www.tvuai.com.br\/portal\/category\/noticias\/"}},"tags_names":[],"comments_number":"0","jetpack_shortlink":"https:\/\/wp.me\/p9woix-jn","jetpack_sharing_enabled":true,"_links":{"self":[{"href":"https:\/\/www.tvuai.com.br\/portal\/wp-json\/wp\/v2\/posts\/1201"}],"collection":[{"href":"https:\/\/www.tvuai.com.br\/portal\/wp-json\/wp\/v2\/posts"}],"about":[{"href":"https:\/\/www.tvuai.com.br\/portal\/wp-json\/wp\/v2\/types\/post"}],"author":[{"embeddable":true,"href":"https:\/\/www.tvuai.com.br\/portal\/wp-json\/wp\/v2\/users\/2"}],"replies":[{"embeddable":true,"href":"https:\/\/www.tvuai.com.br\/portal\/wp-json\/wp\/v2\/comments?post=1201"}],"version-history":[{"count":1,"href":"https:\/\/www.tvuai.com.br\/portal\/wp-json\/wp\/v2\/posts\/1201\/revisions"}],"predecessor-version":[{"id":1203,"href":"https:\/\/www.tvuai.com.br\/portal\/wp-json\/wp\/v2\/posts\/1201\/revisions\/1203"}],"wp:featuredmedia":[{"embeddable":true,"href":"https:\/\/www.tvuai.com.br\/portal\/wp-json\/wp\/v2\/media\/1202"}],"wp:attachment":[{"href":"https:\/\/www.tvuai.com.br\/portal\/wp-json\/wp\/v2\/media?parent=1201"}],"wp:term":[{"taxonomy":"category","embeddable":true,"href":"https:\/\/www.tvuai.com.br\/portal\/wp-json\/wp\/v2\/categories?post=1201"},{"taxonomy":"post_tag","embeddable":true,"href":"https:\/\/www.tvuai.com.br\/portal\/wp-json\/wp\/v2\/tags?post=1201"}],"curies":[{"name":"wp","href":"https:\/\/api.w.org\/{rel}","templated":true}]}}