{"id":11935,"date":"2025-06-02T21:20:35","date_gmt":"2025-06-03T00:20:35","guid":{"rendered":"https:\/\/www.tvuai.com.br\/portal\/?p=11935"},"modified":"2025-06-03T20:48:45","modified_gmt":"2025-06-03T23:48:45","slug":"padre-exorcista-revela-quais-sao-as-portas-espirituais-que-permitem-a-entrada-de-demonios","status":"publish","type":"post","link":"https:\/\/www.tvuai.com.br\/portal\/padre-exorcista-revela-quais-sao-as-portas-espirituais-que-permitem-a-entrada-de-demonios\/","title":{"rendered":"Padre exorcista revela quais s\u00e3o as portas espirituais que permitem a entrada de dem\u00f4nios"},"content":{"rendered":"<div class=\"5a1038e0903b96d426fcfcc338703013\" data-index=\"1\" style=\"float: right; margin:10px 0 10px 10px;\">\n<script async src=\"https:\/\/pagead2.googlesyndication.com\/pagead\/js\/adsbygoogle.js?client=ca-pub-9945944833605257\"\r\n     crossorigin=\"anonymous\"><\/script>\r\n<ins class=\"adsbygoogle\"\r\n     style=\"display:block; text-align:center;\"\r\n     data-ad-layout=\"in-article\"\r\n     data-ad-format=\"fluid\"\r\n     data-ad-client=\"ca-pub-9945944833605257\"\r\n     data-ad-slot=\"2343923581\"><\/ins>\r\n<script>\r\n     (adsbygoogle = window.adsbygoogle || []).push({});\r\n<\/script>\n<\/div>\n<h5 style=\"text-align: center;\"><strong><i><img data-recalc-dims=\"1\" fetchpriority=\"high\" decoding=\"async\" data-attachment-id=\"11938\" data-permalink=\"https:\/\/www.tvuai.com.br\/portal\/padre-exorcista-revela-quais-sao-as-portas-espirituais-que-permitem-a-entrada-de-demonios\/exorcista2\/\" data-orig-file=\"https:\/\/i0.wp.com\/www.tvuai.com.br\/portal\/wp-content\/uploads\/2025\/06\/exorcista2.jpg?fit=1000%2C1000&amp;ssl=1\" data-orig-size=\"1000,1000\" data-comments-opened=\"0\" data-image-meta=\"{&quot;aperture&quot;:&quot;0&quot;,&quot;credit&quot;:&quot;&quot;,&quot;camera&quot;:&quot;&quot;,&quot;caption&quot;:&quot;&quot;,&quot;created_timestamp&quot;:&quot;0&quot;,&quot;copyright&quot;:&quot;&quot;,&quot;focal_length&quot;:&quot;0&quot;,&quot;iso&quot;:&quot;0&quot;,&quot;shutter_speed&quot;:&quot;0&quot;,&quot;title&quot;:&quot;&quot;,&quot;orientation&quot;:&quot;0&quot;}\" data-image-title=\"exorcista2\" data-image-description=\"\" data-image-caption=\"\" data-medium-file=\"https:\/\/i0.wp.com\/www.tvuai.com.br\/portal\/wp-content\/uploads\/2025\/06\/exorcista2.jpg?fit=300%2C300&amp;ssl=1\" data-large-file=\"https:\/\/i0.wp.com\/www.tvuai.com.br\/portal\/wp-content\/uploads\/2025\/06\/exorcista2.jpg?fit=640%2C640&amp;ssl=1\" tabindex=\"0\" role=\"button\" class=\"size-medium wp-image-11938 aligncenter\" src=\"https:\/\/i0.wp.com\/www.tvuai.com.br\/portal\/wp-content\/uploads\/2025\/06\/exorcista2.jpg?resize=300%2C300&#038;ssl=1\" alt=\"\" width=\"300\" height=\"300\" srcset=\"https:\/\/i0.wp.com\/www.tvuai.com.br\/portal\/wp-content\/uploads\/2025\/06\/exorcista2.jpg?resize=300%2C300&amp;ssl=1 300w, https:\/\/i0.wp.com\/www.tvuai.com.br\/portal\/wp-content\/uploads\/2025\/06\/exorcista2.jpg?resize=150%2C150&amp;ssl=1 150w, https:\/\/i0.wp.com\/www.tvuai.com.br\/portal\/wp-content\/uploads\/2025\/06\/exorcista2.jpg?resize=768%2C768&amp;ssl=1 768w, https:\/\/i0.wp.com\/www.tvuai.com.br\/portal\/wp-content\/uploads\/2025\/06\/exorcista2.jpg?resize=600%2C600&amp;ssl=1 600w, https:\/\/i0.wp.com\/www.tvuai.com.br\/portal\/wp-content\/uploads\/2025\/06\/exorcista2.jpg?resize=45%2C45&amp;ssl=1 45w, https:\/\/i0.wp.com\/www.tvuai.com.br\/portal\/wp-content\/uploads\/2025\/06\/exorcista2.jpg?w=1000&amp;ssl=1 1000w\" sizes=\"(max-width: 300px) 100vw, 300px\" \/>Especialista em demonologia,\u00a0Padre Carlos Martins explica em detalhes como o mal age em sil\u00eancio no livro\u00a0&#8220;Exorcista &#8211; Os arquivos secretos&#8221;<\/i><\/strong><\/h5>\n<div>\n<p>Considerado um dos maiores especialistas em demonologia e fen\u00f4menos sobrenaturais da atualidade, <strong>Padre Carlos Martins<\/strong>\u00a0revela em detalhes no livro\u00a0<strong><em>Exorcista \u2013 Os arquivos secretos\u00a0<\/em><\/strong>como o mal assombra em sil\u00eancio.<\/p>\n<p><img data-recalc-dims=\"1\" decoding=\"async\" data-attachment-id=\"11937\" data-permalink=\"https:\/\/www.tvuai.com.br\/portal\/padre-exorcista-revela-quais-sao-as-portas-espirituais-que-permitem-a-entrada-de-demonios\/exorcista1\/\" data-orig-file=\"https:\/\/i0.wp.com\/www.tvuai.com.br\/portal\/wp-content\/uploads\/2025\/06\/exorcista1.jpg?fit=1000%2C1553&amp;ssl=1\" data-orig-size=\"1000,1553\" data-comments-opened=\"0\" data-image-meta=\"{&quot;aperture&quot;:&quot;0&quot;,&quot;credit&quot;:&quot;&quot;,&quot;camera&quot;:&quot;&quot;,&quot;caption&quot;:&quot;&quot;,&quot;created_timestamp&quot;:&quot;0&quot;,&quot;copyright&quot;:&quot;&quot;,&quot;focal_length&quot;:&quot;0&quot;,&quot;iso&quot;:&quot;0&quot;,&quot;shutter_speed&quot;:&quot;0&quot;,&quot;title&quot;:&quot;&quot;,&quot;orientation&quot;:&quot;0&quot;}\" data-image-title=\"exorcista1\" data-image-description=\"\" data-image-caption=\"\" data-medium-file=\"https:\/\/i0.wp.com\/www.tvuai.com.br\/portal\/wp-content\/uploads\/2025\/06\/exorcista1.jpg?fit=193%2C300&amp;ssl=1\" data-large-file=\"https:\/\/i0.wp.com\/www.tvuai.com.br\/portal\/wp-content\/uploads\/2025\/06\/exorcista1.jpg?fit=640%2C994&amp;ssl=1\" tabindex=\"0\" role=\"button\" class=\"size-medium wp-image-11937 alignright\" src=\"https:\/\/i0.wp.com\/www.tvuai.com.br\/portal\/wp-content\/uploads\/2025\/06\/exorcista1.jpg?resize=193%2C300&#038;ssl=1\" alt=\"\" width=\"193\" height=\"300\" srcset=\"https:\/\/i0.wp.com\/www.tvuai.com.br\/portal\/wp-content\/uploads\/2025\/06\/exorcista1.jpg?resize=193%2C300&amp;ssl=1 193w, https:\/\/i0.wp.com\/www.tvuai.com.br\/portal\/wp-content\/uploads\/2025\/06\/exorcista1.jpg?resize=659%2C1024&amp;ssl=1 659w, https:\/\/i0.wp.com\/www.tvuai.com.br\/portal\/wp-content\/uploads\/2025\/06\/exorcista1.jpg?resize=768%2C1193&amp;ssl=1 768w, https:\/\/i0.wp.com\/www.tvuai.com.br\/portal\/wp-content\/uploads\/2025\/06\/exorcista1.jpg?resize=989%2C1536&amp;ssl=1 989w, https:\/\/i0.wp.com\/www.tvuai.com.br\/portal\/wp-content\/uploads\/2025\/06\/exorcista1.jpg?w=1000&amp;ssl=1 1000w\" sizes=\"(max-width: 193px) 100vw, 193px\" \/>Ao longo da obra que chega ao Brasil pela\u00a0<strong>Citadel Grupo Editoral<\/strong>, ele abre seu di\u00e1rio de exorcismos e compartilha os casos que presenciou de levita\u00e7\u00e3o, vozes sobre-humanas, ataques f\u00edsicos invis\u00edveis e manifesta\u00e7\u00f5es espirituais que desafiam toda l\u00f3gica.<\/p>\n<p>Padre Carlos Martins explica, por exemplo, como os dem\u00f4nios &#8220;entram&#8221; nas pessoas. Segundo o sacerdote, um ponto vital sobre os dem\u00f4nios \u00e9 que eles n\u00e3o invadem a vida de algu\u00e9m sem permiss\u00e3o \u2014 \u00e9 preciso que exista uma \u201cporta\u201d aberta.<\/p>\n<p>Assim como as portas f\u00edsicas permitem ou impedem a entrada de algo, o mesmo ocorre no plano espiritual. Ningu\u00e9m \u00e9 acometido por dem\u00f4nios apenas por fazer atividades cotidianas, como preparar um lanche ou andar de \u00f4nibus. A presen\u00e7a demon\u00edaca ocorre quando algu\u00e9m abre essa porta, consciente ou inconscientemente.<\/p>\n<p>Pessoas que vivem em pecado constante, ignorando os mandamentos de Deus, geralmente n\u00e3o despertam o interesse imediato do diabo \u2014 afinal, j\u00e1 est\u00e3o em seu dom\u00ednio. No entanto, quando algu\u00e9m tenta se libertar dessa condi\u00e7\u00e3o e se voltar a Deus, o interesse demon\u00edaco se intensifica.<\/p>\n<p>Isso porque os dem\u00f4nios agem como legalistas: buscam formas de estabelecer um \u201cdireito espiritual\u201d para oprimir e assediar algu\u00e9m, explorando brechas que lhes deem acesso.<\/p>\n<p>O primeiro passo de um dem\u00f4nio \u00e9 aderir a um hospedeiro, mas isso n\u00e3o \u00e9 suficiente para que ele prospere. Ele precisa de um \u201ch\u00e1bitat\u201d espiritual onde possa se instalar e se alimentar, e esse h\u00e1bitat s\u00e3o as feridas emocionais e espirituais da pessoa. Essas feridas s\u00e3o originadas por traumas e pecados, que criam as condi\u00e7\u00f5es ideais para a infesta\u00e7\u00e3o demon\u00edaca.<\/p>\n<p>O trauma, especialmente os chamados traumas agudos e cr\u00f4nicos, \u00e9 uma das portas mais f\u00e1ceis para o inimigo. Essas experi\u00eancias intensas e prejudiciais, que impedem a pessoa de viver com plenitude, tornam-se focos de atua\u00e7\u00e3o demon\u00edaca. J\u00e1 o pecado, por sua vez, representa uma ferida autoinfligida, e tamb\u00e9m funciona como uma abertura para o mal.<\/p>\n<p>O pecado, segundo o exorcista, possui tr\u00eas formas principais: pessoal, geracional e transferido.<\/p>\n<p>O p<strong>ecado pessoal<\/strong>\u00a0ocorre quando o indiv\u00edduo rompe voluntariamente sua comunh\u00e3o com Deus. Apesar de o batismo remover o Pecado Original e nos tornar filhos de Deus, um \u00fanico pecado mortal j\u00e1 \u00e9 suficiente para interromper os efeitos desse sacramento. O pecado mortal, conforme ensina o Catecismo da Igreja Cat\u00f3lica, \u00e9 uma grave viola\u00e7\u00e3o da lei divina, cometida com plena consci\u00eancia e consentimento. Esse tipo de ferida \u00e9 uma das causas mais comuns de possess\u00e3o ou opress\u00e3o demon\u00edaca.<\/p>\n<p>O\u00a0<strong>pecado geracional<\/strong>\u00a0refere-se aos efeitos espirituais do pecado que se estendem por linhagens familiares. Embora cada pessoa seja respons\u00e1vel por suas pr\u00f3prias a\u00e7\u00f5es, h\u00e1 padr\u00f5es de disfun\u00e7\u00e3o que se perpetuam ao longo das gera\u00e7\u00f5es, como ocorre em fam\u00edlias com hist\u00f3rico repetido de alcoolismo ou outros v\u00edcios. Os exorcistas reconhecem essas heran\u00e7as espirituais como formas de maldi\u00e7\u00e3o heredit\u00e1ria.<\/p>\n<p>J\u00e1 os\u00a0<strong>pecados transferidos<\/strong>\u00a0englobam pr\u00e1ticas como maldi\u00e7\u00f5es, feiti\u00e7os, encantamentos ou pragas lan\u00e7adas intencionalmente por outras pessoas. Essas a\u00e7\u00f5es malignas, muitas vezes ritual\u00edsticas, usam objetos ou palavras para causar danos espirituais a terceiros. Assim como uma b\u00ean\u00e7\u00e3o \u00e9 o desejo do bem, uma maldi\u00e7\u00e3o \u00e9 o desejo do mal \u2014 e, segundo os exorcistas, essas pr\u00e1ticas t\u00eam efeitos reais.<\/p>\n<p>Diante disso, o exorcista destaca a import\u00e2ncia da forma\u00e7\u00e3o espiritual s\u00f3lida, especialmente para os jovens. Pessoas bem formadas espiritualmente t\u00eam menos probabilidade de cair nas mentiras do inimigo.<\/p>\n<p>Al\u00e9m disso, o acompanhamento psicol\u00f3gico e o aconselhamento espiritual s\u00e3o ferramentas importantes para curar traumas e corrigir vis\u00f5es distorcidas. Afinal, s\u00e3o justamente as feridas n\u00e3o curadas que se tornam alvo mais f\u00e1cil da manipula\u00e7\u00e3o demon\u00edaca.<\/p>\n<p><strong>Ficha t\u00e9cnica<\/strong><\/p>\n<p><strong>T\u00edtulo<\/strong>: Exorcista \u2013 Os Arquivos Secretos &#8211; Hist\u00f3rias reais sobre o dem\u00f4nio e como combat\u00ea-lo<br \/>\n<strong>Autor<\/strong>: Padre Carlos Martins<br \/>\n<strong>Tradutor:<\/strong>\u00a0Jo\u00e3o Fonseca<br \/>\n<strong>Editora<\/strong>: Citadel Grupo Editorial<br \/>\n<strong>ISBN:\u00a0<\/strong>\u200e978-6550476144<br \/>\n<strong>N\u00famero de p\u00e1ginas<\/strong>: 336<br \/>\n<strong>Pre\u00e7o<\/strong>: R$\u00a069,90<br \/>\n<strong>Onde encontrar<\/strong>:\u00a0<span style=\"color: #000080;\"><strong><a style=\"color: #000080;\" href=\"https:\/\/amzn.to\/4jDyJQt\" target=\"_blank\" rel=\"noopener noreferrer\">Amazon<\/a><\/strong><\/span><\/p>\n<p style=\"text-align: center;\"><strong>Sobre o autor<\/strong><\/p>\n<p><img data-recalc-dims=\"1\" decoding=\"async\" data-attachment-id=\"11939\" data-permalink=\"https:\/\/www.tvuai.com.br\/portal\/padre-exorcista-revela-quais-sao-as-portas-espirituais-que-permitem-a-entrada-de-demonios\/exorcista3\/\" data-orig-file=\"https:\/\/i0.wp.com\/www.tvuai.com.br\/portal\/wp-content\/uploads\/2025\/06\/exorcista3.jpg?fit=1500%2C999&amp;ssl=1\" data-orig-size=\"1500,999\" data-comments-opened=\"0\" data-image-meta=\"{&quot;aperture&quot;:&quot;0&quot;,&quot;credit&quot;:&quot;&quot;,&quot;camera&quot;:&quot;&quot;,&quot;caption&quot;:&quot;&quot;,&quot;created_timestamp&quot;:&quot;0&quot;,&quot;copyright&quot;:&quot;&quot;,&quot;focal_length&quot;:&quot;0&quot;,&quot;iso&quot;:&quot;0&quot;,&quot;shutter_speed&quot;:&quot;0&quot;,&quot;title&quot;:&quot;&quot;,&quot;orientation&quot;:&quot;0&quot;}\" data-image-title=\"exorcista3\" data-image-description=\"\" data-image-caption=\"\" data-medium-file=\"https:\/\/i0.wp.com\/www.tvuai.com.br\/portal\/wp-content\/uploads\/2025\/06\/exorcista3.jpg?fit=300%2C200&amp;ssl=1\" data-large-file=\"https:\/\/i0.wp.com\/www.tvuai.com.br\/portal\/wp-content\/uploads\/2025\/06\/exorcista3.jpg?fit=640%2C426&amp;ssl=1\" tabindex=\"0\" role=\"button\" class=\"alignleft size-large wp-image-11939\" src=\"https:\/\/i0.wp.com\/www.tvuai.com.br\/portal\/wp-content\/uploads\/2025\/06\/exorcista3.jpg?resize=640%2C426&#038;ssl=1\" alt=\"\" width=\"640\" height=\"426\" srcset=\"https:\/\/i0.wp.com\/www.tvuai.com.br\/portal\/wp-content\/uploads\/2025\/06\/exorcista3.jpg?resize=1024%2C682&amp;ssl=1 1024w, https:\/\/i0.wp.com\/www.tvuai.com.br\/portal\/wp-content\/uploads\/2025\/06\/exorcista3.jpg?resize=300%2C200&amp;ssl=1 300w, https:\/\/i0.wp.com\/www.tvuai.com.br\/portal\/wp-content\/uploads\/2025\/06\/exorcista3.jpg?resize=768%2C511&amp;ssl=1 768w, https:\/\/i0.wp.com\/www.tvuai.com.br\/portal\/wp-content\/uploads\/2025\/06\/exorcista3.jpg?w=1500&amp;ssl=1 1500w, https:\/\/i0.wp.com\/www.tvuai.com.br\/portal\/wp-content\/uploads\/2025\/06\/exorcista3.jpg?w=1280&amp;ssl=1 1280w\" sizes=\"(max-width: 640px) 100vw, 640px\" \/>Nascido no Canad\u00e1, <strong>Padre Carlos Martins<\/strong>\u00a0\u00e9 um dos mais renomados especialistas em atividade demon\u00edaca e sobrenatural do mundo. Seu podcast de sucesso,\u00a0<em>The Exorcist Files,<\/em>\u00a0atraiu milh\u00f5es de ouvintes para encena\u00e7\u00f5es cheias de suspense de casos de exorcismo e os ensinamentos que os acompanham. Antes ateu, o Padre Martins descobriu Jesus Cristo quando era estudante. Agora padre cat\u00f3lico e evangelizador apaixonado, viaja internacionalmente como pregador itinerante e \u00e9 um renomado especialista em santos cat\u00f3licos e suas rel\u00edquias, tendo recebido a designa\u00e7\u00e3o eclesi\u00e1stica de Custos Reliquiarum. Exerce a fun\u00e7\u00e3o de Diretor de Tesouros da Igreja, um minist\u00e9rio de evangeliza\u00e7\u00e3o patrocinado pelo Vaticano que usa rel\u00edquias dos santos para comunicar a presen\u00e7a do Deus vivo. Papa Francisco designou Padre Martins como um Mission\u00e1rio da Miseric\u00f3rdia, com faculdades especiais para servir como delegado papal em todo o mundo.<\/p>\n<p style=\"text-align: center;\"><strong>Sobre a editora<\/strong><\/p>\n<p>Transformar a vida das pessoas. Foi com esse conceito que o Citadel Grupo Editorial nasceu. Mudar, inovar e trazer mensagens que possam servir de inspira\u00e7\u00e3o para os leitores. A editora trabalha com escritores renomados como Napoleon Hill, Sharon Lechter, Cl\u00f3vis de Barros Filho, entre outros. As obras prop\u00f5em reflex\u00f5es sobre atitudes que devem ser tomadas para quem quer ter uma vida bem-sucedida. Com essa ideia central, a Citadel busca aprimorar obras que tocam de alguma maneira o esp\u00edrito do leitor.<\/p>\n<p><strong>Redes sociais da editora<\/strong><\/p>\n<ul>\n<li><strong>Instagram:\u00a0<\/strong><a href=\"https:\/\/www.instagram.com\/citadeleditora\/\" target=\"_blank\" rel=\"noopener noreferrer\">@citadeleditora<\/a><\/li>\n<li><strong>Facebook:\u00a0<\/strong><a href=\"https:\/\/www.facebook.com\/citadeleditora\/\" target=\"_blank\" rel=\"noopener noreferrer\">Citadel Grupo Editorial<\/a><\/li>\n<li><strong>YouTube:\u00a0<\/strong><a href=\"https:\/\/www.youtube.com\/channel\/UCUsl-YnRU6ZN_iBACmeJehw\" target=\"_blank\" rel=\"noopener noreferrer\">Citadel Grupo Editorial<\/a><\/li>\n<\/ul>\n<\/div>\n\n<div style=\"font-size: 0px; height: 0px; line-height: 0px; margin: 0; padding: 0; clear: both;\"><\/div><div class='share-to-whatsapp-wrapper'><div class='share-on-whsp'>Share on: <\/div><a data-text='Padre exorcista revela quais s\u00e3o as portas espirituais que permitem a entrada de dem\u00f4nios' data-link='https:\/\/www.tvuai.com.br\/portal\/padre-exorcista-revela-quais-sao-as-portas-espirituais-que-permitem-a-entrada-de-demonios\/' class='whatsapp-button whatsapp-share'>WhatsApp<\/a><div class='clear '><\/div><\/div><!-- AddThis Advanced Settings generic via filter on the_content --><!-- AddThis Share Buttons generic via filter on the_content -->","protected":false},"excerpt":{"rendered":"<p>Especialista em demonologia,\u00a0Padre Carlos Martins explica em detalhes como o mal age em sil\u00eancio no livro\u00a0&#8220;Exorcista &#8211; Os arquivos secretos&#8221; Considerado um dos maiores especialistas em demonologia e fen\u00f4menos sobrenaturais da atualidade, Padre Carlos Martins\u00a0revela em detalhes no livro\u00a0Exorcista \u2013 Os arquivos secretos\u00a0como o mal assombra em sil\u00eancio. Ao longo da obra que chega ao [&hellip;]<!-- AddThis Advanced Settings generic via filter on get_the_excerpt --><!-- AddThis Share Buttons generic via filter on get_the_excerpt --><\/p>\n","protected":false},"author":1,"featured_media":11936,"comment_status":"closed","ping_status":"closed","sticky":false,"template":"","format":"standard","meta":{"jetpack_post_was_ever_published":false,"_jetpack_newsletter_access":"","_jetpack_dont_email_post_to_subs":false,"_jetpack_newsletter_tier_id":0,"_jetpack_memberships_contains_paywalled_content":false,"_jetpack_memberships_contains_paid_content":false,"_joinchat":[],"footnotes":"","jetpack_publicize_message":"","jetpack_publicize_feature_enabled":true,"jetpack_social_post_already_shared":false,"jetpack_social_options":{"image_generator_settings":{"template":"highway","enabled":false},"version":2}},"categories":[1816,1824,19,1830,5],"tags":[5413,5414,5411,5415,184,5412,37,39,27,1618,4796],"class_list":["post-11935","post","type-post","status-publish","format-standard","has-post-thumbnail","hentry","category-arte","category-literatura","category-noticias","category-religiao","category-ultimas","tag-exorcista-os-arquivos-secretos","tag-citadel-grupo-editoral","tag-especialista-em-demonologia","tag-exorcista","tag-minas-gerais","tag-padre-carlos-martins","tag-pouso-alegre","tag-sul-de-minas","tag-tv-uai","tag-tv-uai-pouso-alegre","tag-tvuai25"],"jetpack_publicize_connections":[],"yoast_head":"<!-- This site is optimized with the Yoast SEO plugin v23.5 - https:\/\/yoast.com\/wordpress\/plugins\/seo\/ -->\n<title>Padre exorcista revela quais s\u00e3o as portas espirituais que permitem a entrada de dem\u00f4nios - TVUAI<\/title>\n<meta name=\"robots\" content=\"index, follow, max-snippet:-1, max-image-preview:large, max-video-preview:-1\" \/>\n<link rel=\"canonical\" href=\"https:\/\/www.tvuai.com.br\/portal\/padre-exorcista-revela-quais-sao-as-portas-espirituais-que-permitem-a-entrada-de-demonios\/\" \/>\n<meta property=\"og:locale\" content=\"pt_BR\" \/>\n<meta property=\"og:type\" content=\"article\" \/>\n<meta property=\"og:title\" content=\"Padre exorcista revela quais s\u00e3o as portas espirituais que permitem a entrada de dem\u00f4nios - TVUAI\" \/>\n<meta property=\"og:description\" content=\"Especialista em demonologia,\u00a0Padre Carlos Martins explica em detalhes como o mal age em sil\u00eancio no livro\u00a0&#8220;Exorcista &#8211; Os arquivos secretos&#8221; Considerado um dos maiores especialistas em demonologia e fen\u00f4menos sobrenaturais da atualidade, Padre Carlos Martins\u00a0revela em detalhes no livro\u00a0Exorcista \u2013 Os arquivos secretos\u00a0como o mal assombra em sil\u00eancio. Ao longo da obra que chega ao [&hellip;]\" \/>\n<meta property=\"og:url\" content=\"https:\/\/www.tvuai.com.br\/portal\/padre-exorcista-revela-quais-sao-as-portas-espirituais-que-permitem-a-entrada-de-demonios\/\" \/>\n<meta property=\"og:site_name\" content=\"TVUAI\" \/>\n<meta property=\"article:publisher\" content=\"http:\/\/www.facebook.com\/pages\/TV-Uai-Comunica%c3%a7%c3%a3o\/139062546157369\" \/>\n<meta property=\"article:published_time\" content=\"2025-06-03T00:20:35+00:00\" \/>\n<meta property=\"article:modified_time\" content=\"2025-06-03T23:48:45+00:00\" \/>\n<meta property=\"og:image\" content=\"https:\/\/www.tvuai.com.br\/portal\/wp-content\/uploads\/2025\/06\/exorcista0.jpg\" \/>\n\t<meta property=\"og:image:width\" content=\"200\" \/>\n\t<meta property=\"og:image:height\" content=\"200\" \/>\n\t<meta property=\"og:image:type\" content=\"image\/jpeg\" \/>\n<meta name=\"author\" content=\"tvuai\" \/>\n<meta name=\"twitter:card\" content=\"summary_large_image\" \/>\n<meta name=\"twitter:creator\" content=\"@tvuai\" \/>\n<meta name=\"twitter:site\" content=\"@tvuai\" \/>\n<meta name=\"twitter:label1\" content=\"Escrito por\" \/>\n\t<meta name=\"twitter:data1\" content=\"tvuai\" \/>\n\t<meta name=\"twitter:label2\" content=\"Est. tempo de leitura\" \/>\n\t<meta name=\"twitter:data2\" content=\"6 minutos\" \/>\n<script type=\"application\/ld+json\" class=\"yoast-schema-graph\">{\"@context\":\"https:\/\/schema.org\",\"@graph\":[{\"@type\":\"Article\",\"@id\":\"https:\/\/www.tvuai.com.br\/portal\/padre-exorcista-revela-quais-sao-as-portas-espirituais-que-permitem-a-entrada-de-demonios\/#article\",\"isPartOf\":{\"@id\":\"https:\/\/www.tvuai.com.br\/portal\/padre-exorcista-revela-quais-sao-as-portas-espirituais-que-permitem-a-entrada-de-demonios\/\"},\"author\":{\"name\":\"tvuai\",\"@id\":\"https:\/\/www.tvuai.com.br\/portal\/#\/schema\/person\/245e50e9127451fd0b7fd76f519ebbfe\"},\"headline\":\"Padre exorcista revela quais s\u00e3o as portas espirituais que permitem a entrada de dem\u00f4nios\",\"datePublished\":\"2025-06-03T00:20:35+00:00\",\"dateModified\":\"2025-06-03T23:48:45+00:00\",\"mainEntityOfPage\":{\"@id\":\"https:\/\/www.tvuai.com.br\/portal\/padre-exorcista-revela-quais-sao-as-portas-espirituais-que-permitem-a-entrada-de-demonios\/\"},\"wordCount\":1025,\"publisher\":{\"@id\":\"https:\/\/www.tvuai.com.br\/portal\/#organization\"},\"image\":{\"@id\":\"https:\/\/www.tvuai.com.br\/portal\/padre-exorcista-revela-quais-sao-as-portas-espirituais-que-permitem-a-entrada-de-demonios\/#primaryimage\"},\"thumbnailUrl\":\"https:\/\/i0.wp.com\/www.tvuai.com.br\/portal\/wp-content\/uploads\/2025\/06\/exorcista0.jpg?fit=200%2C200&ssl=1\",\"keywords\":[\"\\\"Exorcista - Os arquivos secretos\\\"\",\"Citadel Grupo Editoral\",\"Especialista em demonologia\",\"exorcista\",\"Minas Gerais\",\"Padre Carlos Martins\",\"Pouso Alegre\",\"Sul de Minas\",\"TV Uai\",\"TV UAI Pouso Alegre\",\"TVUAI25\"],\"articleSection\":[\"Arte\",\"Literatura\",\"Not\u00edcias\",\"Religi\u00e3o\",\"\u00daltimas Not\u00edcias\"],\"inLanguage\":\"pt-BR\"},{\"@type\":\"WebPage\",\"@id\":\"https:\/\/www.tvuai.com.br\/portal\/padre-exorcista-revela-quais-sao-as-portas-espirituais-que-permitem-a-entrada-de-demonios\/\",\"url\":\"https:\/\/www.tvuai.com.br\/portal\/padre-exorcista-revela-quais-sao-as-portas-espirituais-que-permitem-a-entrada-de-demonios\/\",\"name\":\"Padre exorcista revela quais s\u00e3o as portas espirituais que permitem a entrada de dem\u00f4nios - TVUAI\",\"isPartOf\":{\"@id\":\"https:\/\/www.tvuai.com.br\/portal\/#website\"},\"primaryImageOfPage\":{\"@id\":\"https:\/\/www.tvuai.com.br\/portal\/padre-exorcista-revela-quais-sao-as-portas-espirituais-que-permitem-a-entrada-de-demonios\/#primaryimage\"},\"image\":{\"@id\":\"https:\/\/www.tvuai.com.br\/portal\/padre-exorcista-revela-quais-sao-as-portas-espirituais-que-permitem-a-entrada-de-demonios\/#primaryimage\"},\"thumbnailUrl\":\"https:\/\/i0.wp.com\/www.tvuai.com.br\/portal\/wp-content\/uploads\/2025\/06\/exorcista0.jpg?fit=200%2C200&ssl=1\",\"datePublished\":\"2025-06-03T00:20:35+00:00\",\"dateModified\":\"2025-06-03T23:48:45+00:00\",\"breadcrumb\":{\"@id\":\"https:\/\/www.tvuai.com.br\/portal\/padre-exorcista-revela-quais-sao-as-portas-espirituais-que-permitem-a-entrada-de-demonios\/#breadcrumb\"},\"inLanguage\":\"pt-BR\",\"potentialAction\":[{\"@type\":\"ReadAction\",\"target\":[\"https:\/\/www.tvuai.com.br\/portal\/padre-exorcista-revela-quais-sao-as-portas-espirituais-que-permitem-a-entrada-de-demonios\/\"]}]},{\"@type\":\"ImageObject\",\"inLanguage\":\"pt-BR\",\"@id\":\"https:\/\/www.tvuai.com.br\/portal\/padre-exorcista-revela-quais-sao-as-portas-espirituais-que-permitem-a-entrada-de-demonios\/#primaryimage\",\"url\":\"https:\/\/i0.wp.com\/www.tvuai.com.br\/portal\/wp-content\/uploads\/2025\/06\/exorcista0.jpg?fit=200%2C200&ssl=1\",\"contentUrl\":\"https:\/\/i0.wp.com\/www.tvuai.com.br\/portal\/wp-content\/uploads\/2025\/06\/exorcista0.jpg?fit=200%2C200&ssl=1\",\"width\":200,\"height\":200},{\"@type\":\"BreadcrumbList\",\"@id\":\"https:\/\/www.tvuai.com.br\/portal\/padre-exorcista-revela-quais-sao-as-portas-espirituais-que-permitem-a-entrada-de-demonios\/#breadcrumb\",\"itemListElement\":[{\"@type\":\"ListItem\",\"position\":1,\"name\":\"In\u00edcio\",\"item\":\"https:\/\/www.tvuai.com.br\/portal\/\"},{\"@type\":\"ListItem\",\"position\":2,\"name\":\"Padre exorcista revela quais s\u00e3o as portas espirituais que permitem a entrada de dem\u00f4nios\"}]},{\"@type\":\"WebSite\",\"@id\":\"https:\/\/www.tvuai.com.br\/portal\/#website\",\"url\":\"https:\/\/www.tvuai.com.br\/portal\/\",\"name\":\"TVUAI\",\"description\":\"Tudo sobre o Sul de Minas\",\"publisher\":{\"@id\":\"https:\/\/www.tvuai.com.br\/portal\/#organization\"},\"potentialAction\":[{\"@type\":\"SearchAction\",\"target\":{\"@type\":\"EntryPoint\",\"urlTemplate\":\"https:\/\/www.tvuai.com.br\/portal\/?s={search_term_string}\"},\"query-input\":{\"@type\":\"PropertyValueSpecification\",\"valueRequired\":true,\"valueName\":\"search_term_string\"}}],\"inLanguage\":\"pt-BR\"},{\"@type\":\"Organization\",\"@id\":\"https:\/\/www.tvuai.com.br\/portal\/#organization\",\"name\":\"TVUAI\",\"url\":\"https:\/\/www.tvuai.com.br\/portal\/\",\"logo\":{\"@type\":\"ImageObject\",\"inLanguage\":\"pt-BR\",\"@id\":\"https:\/\/www.tvuai.com.br\/portal\/#\/schema\/logo\/image\/\",\"url\":\"https:\/\/i0.wp.com\/www.tvuai.com.br\/portal\/wp-content\/uploads\/2017\/12\/logo_tvuai_100H.png?fit=207%2C100&ssl=1\",\"contentUrl\":\"https:\/\/i0.wp.com\/www.tvuai.com.br\/portal\/wp-content\/uploads\/2017\/12\/logo_tvuai_100H.png?fit=207%2C100&ssl=1\",\"width\":207,\"height\":100,\"caption\":\"TVUAI\"},\"image\":{\"@id\":\"https:\/\/www.tvuai.com.br\/portal\/#\/schema\/logo\/image\/\"},\"sameAs\":[\"http:\/\/www.facebook.com\/pages\/TV-Uai-Comunica\u00e7\u00e3o\/139062546157369\",\"https:\/\/x.com\/tvuai\",\"https:\/\/www.instagram.com\/tvuai_network\/\",\"https:\/\/www.youtube.com\/channel\/UCB7ZPB3wRv-OpoZ_09jmnkQ\"]},{\"@type\":\"Person\",\"@id\":\"https:\/\/www.tvuai.com.br\/portal\/#\/schema\/person\/245e50e9127451fd0b7fd76f519ebbfe\",\"name\":\"tvuai\",\"url\":\"https:\/\/www.tvuai.com.br\/portal\/author\/tvuai\/\"}]}<\/script>\n<!-- \/ Yoast SEO plugin. -->","yoast_head_json":{"title":"Padre exorcista revela quais s\u00e3o as portas espirituais que permitem a entrada de dem\u00f4nios - TVUAI","robots":{"index":"index","follow":"follow","max-snippet":"max-snippet:-1","max-image-preview":"max-image-preview:large","max-video-preview":"max-video-preview:-1"},"canonical":"https:\/\/www.tvuai.com.br\/portal\/padre-exorcista-revela-quais-sao-as-portas-espirituais-que-permitem-a-entrada-de-demonios\/","og_locale":"pt_BR","og_type":"article","og_title":"Padre exorcista revela quais s\u00e3o as portas espirituais que permitem a entrada de dem\u00f4nios - TVUAI","og_description":"Especialista em demonologia,\u00a0Padre Carlos Martins explica em detalhes como o mal age em sil\u00eancio no livro\u00a0&#8220;Exorcista &#8211; Os arquivos secretos&#8221; Considerado um dos maiores especialistas em demonologia e fen\u00f4menos sobrenaturais da atualidade, Padre Carlos Martins\u00a0revela em detalhes no livro\u00a0Exorcista \u2013 Os arquivos secretos\u00a0como o mal assombra em sil\u00eancio. Ao longo da obra que chega ao [&hellip;]","og_url":"https:\/\/www.tvuai.com.br\/portal\/padre-exorcista-revela-quais-sao-as-portas-espirituais-que-permitem-a-entrada-de-demonios\/","og_site_name":"TVUAI","article_publisher":"http:\/\/www.facebook.com\/pages\/TV-Uai-Comunica%c3%a7%c3%a3o\/139062546157369","article_published_time":"2025-06-03T00:20:35+00:00","article_modified_time":"2025-06-03T23:48:45+00:00","og_image":[{"width":200,"height":200,"url":"https:\/\/www.tvuai.com.br\/portal\/wp-content\/uploads\/2025\/06\/exorcista0.jpg","type":"image\/jpeg"}],"author":"tvuai","twitter_card":"summary_large_image","twitter_creator":"@tvuai","twitter_site":"@tvuai","twitter_misc":{"Escrito por":"tvuai","Est. tempo de leitura":"6 minutos"},"schema":{"@context":"https:\/\/schema.org","@graph":[{"@type":"Article","@id":"https:\/\/www.tvuai.com.br\/portal\/padre-exorcista-revela-quais-sao-as-portas-espirituais-que-permitem-a-entrada-de-demonios\/#article","isPartOf":{"@id":"https:\/\/www.tvuai.com.br\/portal\/padre-exorcista-revela-quais-sao-as-portas-espirituais-que-permitem-a-entrada-de-demonios\/"},"author":{"name":"tvuai","@id":"https:\/\/www.tvuai.com.br\/portal\/#\/schema\/person\/245e50e9127451fd0b7fd76f519ebbfe"},"headline":"Padre exorcista revela quais s\u00e3o as portas espirituais que permitem a entrada de dem\u00f4nios","datePublished":"2025-06-03T00:20:35+00:00","dateModified":"2025-06-03T23:48:45+00:00","mainEntityOfPage":{"@id":"https:\/\/www.tvuai.com.br\/portal\/padre-exorcista-revela-quais-sao-as-portas-espirituais-que-permitem-a-entrada-de-demonios\/"},"wordCount":1025,"publisher":{"@id":"https:\/\/www.tvuai.com.br\/portal\/#organization"},"image":{"@id":"https:\/\/www.tvuai.com.br\/portal\/padre-exorcista-revela-quais-sao-as-portas-espirituais-que-permitem-a-entrada-de-demonios\/#primaryimage"},"thumbnailUrl":"https:\/\/i0.wp.com\/www.tvuai.com.br\/portal\/wp-content\/uploads\/2025\/06\/exorcista0.jpg?fit=200%2C200&ssl=1","keywords":["\"Exorcista - Os arquivos secretos\"","Citadel Grupo Editoral","Especialista em demonologia","exorcista","Minas Gerais","Padre Carlos Martins","Pouso Alegre","Sul de Minas","TV Uai","TV UAI Pouso Alegre","TVUAI25"],"articleSection":["Arte","Literatura","Not\u00edcias","Religi\u00e3o","\u00daltimas Not\u00edcias"],"inLanguage":"pt-BR"},{"@type":"WebPage","@id":"https:\/\/www.tvuai.com.br\/portal\/padre-exorcista-revela-quais-sao-as-portas-espirituais-que-permitem-a-entrada-de-demonios\/","url":"https:\/\/www.tvuai.com.br\/portal\/padre-exorcista-revela-quais-sao-as-portas-espirituais-que-permitem-a-entrada-de-demonios\/","name":"Padre exorcista revela quais s\u00e3o as portas espirituais que permitem a entrada de dem\u00f4nios - TVUAI","isPartOf":{"@id":"https:\/\/www.tvuai.com.br\/portal\/#website"},"primaryImageOfPage":{"@id":"https:\/\/www.tvuai.com.br\/portal\/padre-exorcista-revela-quais-sao-as-portas-espirituais-que-permitem-a-entrada-de-demonios\/#primaryimage"},"image":{"@id":"https:\/\/www.tvuai.com.br\/portal\/padre-exorcista-revela-quais-sao-as-portas-espirituais-que-permitem-a-entrada-de-demonios\/#primaryimage"},"thumbnailUrl":"https:\/\/i0.wp.com\/www.tvuai.com.br\/portal\/wp-content\/uploads\/2025\/06\/exorcista0.jpg?fit=200%2C200&ssl=1","datePublished":"2025-06-03T00:20:35+00:00","dateModified":"2025-06-03T23:48:45+00:00","breadcrumb":{"@id":"https:\/\/www.tvuai.com.br\/portal\/padre-exorcista-revela-quais-sao-as-portas-espirituais-que-permitem-a-entrada-de-demonios\/#breadcrumb"},"inLanguage":"pt-BR","potentialAction":[{"@type":"ReadAction","target":["https:\/\/www.tvuai.com.br\/portal\/padre-exorcista-revela-quais-sao-as-portas-espirituais-que-permitem-a-entrada-de-demonios\/"]}]},{"@type":"ImageObject","inLanguage":"pt-BR","@id":"https:\/\/www.tvuai.com.br\/portal\/padre-exorcista-revela-quais-sao-as-portas-espirituais-que-permitem-a-entrada-de-demonios\/#primaryimage","url":"https:\/\/i0.wp.com\/www.tvuai.com.br\/portal\/wp-content\/uploads\/2025\/06\/exorcista0.jpg?fit=200%2C200&ssl=1","contentUrl":"https:\/\/i0.wp.com\/www.tvuai.com.br\/portal\/wp-content\/uploads\/2025\/06\/exorcista0.jpg?fit=200%2C200&ssl=1","width":200,"height":200},{"@type":"BreadcrumbList","@id":"https:\/\/www.tvuai.com.br\/portal\/padre-exorcista-revela-quais-sao-as-portas-espirituais-que-permitem-a-entrada-de-demonios\/#breadcrumb","itemListElement":[{"@type":"ListItem","position":1,"name":"In\u00edcio","item":"https:\/\/www.tvuai.com.br\/portal\/"},{"@type":"ListItem","position":2,"name":"Padre exorcista revela quais s\u00e3o as portas espirituais que permitem a entrada de dem\u00f4nios"}]},{"@type":"WebSite","@id":"https:\/\/www.tvuai.com.br\/portal\/#website","url":"https:\/\/www.tvuai.com.br\/portal\/","name":"TVUAI","description":"Tudo sobre o Sul de Minas","publisher":{"@id":"https:\/\/www.tvuai.com.br\/portal\/#organization"},"potentialAction":[{"@type":"SearchAction","target":{"@type":"EntryPoint","urlTemplate":"https:\/\/www.tvuai.com.br\/portal\/?s={search_term_string}"},"query-input":{"@type":"PropertyValueSpecification","valueRequired":true,"valueName":"search_term_string"}}],"inLanguage":"pt-BR"},{"@type":"Organization","@id":"https:\/\/www.tvuai.com.br\/portal\/#organization","name":"TVUAI","url":"https:\/\/www.tvuai.com.br\/portal\/","logo":{"@type":"ImageObject","inLanguage":"pt-BR","@id":"https:\/\/www.tvuai.com.br\/portal\/#\/schema\/logo\/image\/","url":"https:\/\/i0.wp.com\/www.tvuai.com.br\/portal\/wp-content\/uploads\/2017\/12\/logo_tvuai_100H.png?fit=207%2C100&ssl=1","contentUrl":"https:\/\/i0.wp.com\/www.tvuai.com.br\/portal\/wp-content\/uploads\/2017\/12\/logo_tvuai_100H.png?fit=207%2C100&ssl=1","width":207,"height":100,"caption":"TVUAI"},"image":{"@id":"https:\/\/www.tvuai.com.br\/portal\/#\/schema\/logo\/image\/"},"sameAs":["http:\/\/www.facebook.com\/pages\/TV-Uai-Comunica\u00e7\u00e3o\/139062546157369","https:\/\/x.com\/tvuai","https:\/\/www.instagram.com\/tvuai_network\/","https:\/\/www.youtube.com\/channel\/UCB7ZPB3wRv-OpoZ_09jmnkQ"]},{"@type":"Person","@id":"https:\/\/www.tvuai.com.br\/portal\/#\/schema\/person\/245e50e9127451fd0b7fd76f519ebbfe","name":"tvuai","url":"https:\/\/www.tvuai.com.br\/portal\/author\/tvuai\/"}]}},"jetpack_featured_media_url":"https:\/\/i0.wp.com\/www.tvuai.com.br\/portal\/wp-content\/uploads\/2025\/06\/exorcista0.jpg?fit=200%2C200&ssl=1","wpmagazine_modules_lite_featured_media_urls":{"thumbnail":["https:\/\/i0.wp.com\/www.tvuai.com.br\/portal\/wp-content\/uploads\/2025\/06\/exorcista0.jpg?resize=150%2C150&ssl=1",150,150,true],"cvmm-medium":["https:\/\/i0.wp.com\/www.tvuai.com.br\/portal\/wp-content\/uploads\/2025\/06\/exorcista0.jpg?resize=200%2C200&ssl=1",200,200,true],"cvmm-medium-plus":["https:\/\/i0.wp.com\/www.tvuai.com.br\/portal\/wp-content\/uploads\/2025\/06\/exorcista0.jpg?resize=200%2C200&ssl=1",200,200,true],"cvmm-portrait":["https:\/\/i0.wp.com\/www.tvuai.com.br\/portal\/wp-content\/uploads\/2025\/06\/exorcista0.jpg?resize=200%2C200&ssl=1",200,200,true],"cvmm-medium-square":["https:\/\/i0.wp.com\/www.tvuai.com.br\/portal\/wp-content\/uploads\/2025\/06\/exorcista0.jpg?resize=200%2C200&ssl=1",200,200,true],"cvmm-large":["https:\/\/i0.wp.com\/www.tvuai.com.br\/portal\/wp-content\/uploads\/2025\/06\/exorcista0.jpg?resize=200%2C200&ssl=1",200,200,true],"cvmm-small":["https:\/\/i0.wp.com\/www.tvuai.com.br\/portal\/wp-content\/uploads\/2025\/06\/exorcista0.jpg?resize=130%2C95&ssl=1",130,95,true],"full":["https:\/\/i0.wp.com\/www.tvuai.com.br\/portal\/wp-content\/uploads\/2025\/06\/exorcista0.jpg?fit=200%2C200&ssl=1",200,200,false]},"categories_names":{"1816":{"name":"Arte","link":"https:\/\/www.tvuai.com.br\/portal\/category\/arte\/"},"1824":{"name":"Literatura","link":"https:\/\/www.tvuai.com.br\/portal\/category\/literatura\/"},"19":{"name":"Not\u00edcias","link":"https:\/\/www.tvuai.com.br\/portal\/category\/noticias\/"},"1830":{"name":"Religi\u00e3o","link":"https:\/\/www.tvuai.com.br\/portal\/category\/religiao\/"},"5":{"name":"\u00daltimas Not\u00edcias","link":"https:\/\/www.tvuai.com.br\/portal\/category\/noticias\/ultimas\/"}},"tags_names":{"5413":{"name":"\"Exorcista - Os arquivos secretos\"","link":"https:\/\/www.tvuai.com.br\/portal\/tag\/exorcista-os-arquivos-secretos\/"},"5414":{"name":"Citadel Grupo Editoral","link":"https:\/\/www.tvuai.com.br\/portal\/tag\/citadel-grupo-editoral\/"},"5411":{"name":"Especialista em demonologia","link":"https:\/\/www.tvuai.com.br\/portal\/tag\/especialista-em-demonologia\/"},"5415":{"name":"exorcista","link":"https:\/\/www.tvuai.com.br\/portal\/tag\/exorcista\/"},"184":{"name":"Minas Gerais","link":"https:\/\/www.tvuai.com.br\/portal\/tag\/minas-gerais\/"},"5412":{"name":"Padre Carlos Martins","link":"https:\/\/www.tvuai.com.br\/portal\/tag\/padre-carlos-martins\/"},"37":{"name":"Pouso Alegre","link":"https:\/\/www.tvuai.com.br\/portal\/tag\/pouso-alegre\/"},"39":{"name":"Sul de Minas","link":"https:\/\/www.tvuai.com.br\/portal\/tag\/sul-de-minas\/"},"27":{"name":"TV Uai","link":"https:\/\/www.tvuai.com.br\/portal\/tag\/tv-uai\/"},"1618":{"name":"TV UAI Pouso Alegre","link":"https:\/\/www.tvuai.com.br\/portal\/tag\/tv-uai-pouso-alegre\/"},"4796":{"name":"TVUAI25","link":"https:\/\/www.tvuai.com.br\/portal\/tag\/tvuai25\/"}},"comments_number":"0","jetpack_shortlink":"https:\/\/wp.me\/p9woix-36v","jetpack_sharing_enabled":true,"_links":{"self":[{"href":"https:\/\/www.tvuai.com.br\/portal\/wp-json\/wp\/v2\/posts\/11935"}],"collection":[{"href":"https:\/\/www.tvuai.com.br\/portal\/wp-json\/wp\/v2\/posts"}],"about":[{"href":"https:\/\/www.tvuai.com.br\/portal\/wp-json\/wp\/v2\/types\/post"}],"author":[{"embeddable":true,"href":"https:\/\/www.tvuai.com.br\/portal\/wp-json\/wp\/v2\/users\/1"}],"replies":[{"embeddable":true,"href":"https:\/\/www.tvuai.com.br\/portal\/wp-json\/wp\/v2\/comments?post=11935"}],"version-history":[{"count":1,"href":"https:\/\/www.tvuai.com.br\/portal\/wp-json\/wp\/v2\/posts\/11935\/revisions"}],"predecessor-version":[{"id":11940,"href":"https:\/\/www.tvuai.com.br\/portal\/wp-json\/wp\/v2\/posts\/11935\/revisions\/11940"}],"wp:featuredmedia":[{"embeddable":true,"href":"https:\/\/www.tvuai.com.br\/portal\/wp-json\/wp\/v2\/media\/11936"}],"wp:attachment":[{"href":"https:\/\/www.tvuai.com.br\/portal\/wp-json\/wp\/v2\/media?parent=11935"}],"wp:term":[{"taxonomy":"category","embeddable":true,"href":"https:\/\/www.tvuai.com.br\/portal\/wp-json\/wp\/v2\/categories?post=11935"},{"taxonomy":"post_tag","embeddable":true,"href":"https:\/\/www.tvuai.com.br\/portal\/wp-json\/wp\/v2\/tags?post=11935"}],"curies":[{"name":"wp","href":"https:\/\/api.w.org\/{rel}","templated":true}]}}