{"id":11930,"date":"2025-06-02T21:19:49","date_gmt":"2025-06-03T00:19:49","guid":{"rendered":"https:\/\/www.tvuai.com.br\/portal\/?p=11930"},"modified":"2025-06-03T20:48:06","modified_gmt":"2025-06-03T23:48:06","slug":"novo-edital-do-estacao-juventude-vai-destinar-r-10-milhoes-para-ceus-das-artes-e-centros-de-referencia-de-todo-o-pais","status":"publish","type":"post","link":"https:\/\/www.tvuai.com.br\/portal\/novo-edital-do-estacao-juventude-vai-destinar-r-10-milhoes-para-ceus-das-artes-e-centros-de-referencia-de-todo-o-pais\/","title":{"rendered":"Novo edital do Esta\u00e7\u00e3o Juventude vai destinar R$ 10 milh\u00f5es para CEUs das Artes e Centros de Refer\u00eancia de todo o pa\u00eds"},"content":{"rendered":"<div class=\"5a1038e0903b96d426fcfcc338703013\" data-index=\"1\" style=\"float: right; margin:10px 0 10px 10px;\">\n<script async src=\"https:\/\/pagead2.googlesyndication.com\/pagead\/js\/adsbygoogle.js?client=ca-pub-9945944833605257\"\r\n     crossorigin=\"anonymous\"><\/script>\r\n<ins class=\"adsbygoogle\"\r\n     style=\"display:block; text-align:center;\"\r\n     data-ad-layout=\"in-article\"\r\n     data-ad-format=\"fluid\"\r\n     data-ad-client=\"ca-pub-9945944833605257\"\r\n     data-ad-slot=\"2343923581\"><\/ins>\r\n<script>\r\n     (adsbygoogle = window.adsbygoogle || []).push({});\r\n<\/script>\n<\/div>\n<h5 style=\"text-align: center;\"><em><strong>Parceria entre Minist\u00e9rio da Cultura e Secretaria Nacional de Juventude selecionar\u00e1 30 equipamentos culturais de todas as regi\u00f5es do pa\u00eds<\/strong><\/em><\/h5>\n<h5 style=\"text-align: center;\"><em><strong><img data-recalc-dims=\"1\" fetchpriority=\"high\" decoding=\"async\" data-attachment-id=\"11933\" data-permalink=\"https:\/\/www.tvuai.com.br\/portal\/novo-edital-do-estacao-juventude-vai-destinar-r-10-milhoes-para-ceus-das-artes-e-centros-de-referencia-de-todo-o-pais\/ceu-1\/\" data-orig-file=\"https:\/\/i0.wp.com\/www.tvuai.com.br\/portal\/wp-content\/uploads\/2025\/06\/CEU-1.jpg?fit=1200%2C800&amp;ssl=1\" data-orig-size=\"1200,800\" data-comments-opened=\"0\" data-image-meta=\"{&quot;aperture&quot;:&quot;0&quot;,&quot;credit&quot;:&quot;&quot;,&quot;camera&quot;:&quot;&quot;,&quot;caption&quot;:&quot;&quot;,&quot;created_timestamp&quot;:&quot;1650879772&quot;,&quot;copyright&quot;:&quot;&quot;,&quot;focal_length&quot;:&quot;0&quot;,&quot;iso&quot;:&quot;0&quot;,&quot;shutter_speed&quot;:&quot;0&quot;,&quot;title&quot;:&quot;&quot;,&quot;orientation&quot;:&quot;0&quot;}\" data-image-title=\"CEU 1\" data-image-description=\"\" data-image-caption=\"\" data-medium-file=\"https:\/\/i0.wp.com\/www.tvuai.com.br\/portal\/wp-content\/uploads\/2025\/06\/CEU-1.jpg?fit=300%2C200&amp;ssl=1\" data-large-file=\"https:\/\/i0.wp.com\/www.tvuai.com.br\/portal\/wp-content\/uploads\/2025\/06\/CEU-1.jpg?fit=640%2C427&amp;ssl=1\" tabindex=\"0\" role=\"button\" class=\"aligncenter size-full wp-image-11933\" src=\"https:\/\/i0.wp.com\/www.tvuai.com.br\/portal\/wp-content\/uploads\/2025\/06\/CEU-1.jpg?resize=640%2C427&#038;ssl=1\" alt=\"\" width=\"640\" height=\"427\" srcset=\"https:\/\/i0.wp.com\/www.tvuai.com.br\/portal\/wp-content\/uploads\/2025\/06\/CEU-1.jpg?w=1200&amp;ssl=1 1200w, https:\/\/i0.wp.com\/www.tvuai.com.br\/portal\/wp-content\/uploads\/2025\/06\/CEU-1.jpg?resize=300%2C200&amp;ssl=1 300w, https:\/\/i0.wp.com\/www.tvuai.com.br\/portal\/wp-content\/uploads\/2025\/06\/CEU-1.jpg?resize=1024%2C683&amp;ssl=1 1024w, https:\/\/i0.wp.com\/www.tvuai.com.br\/portal\/wp-content\/uploads\/2025\/06\/CEU-1.jpg?resize=768%2C512&amp;ssl=1 768w\" sizes=\"(max-width: 640px) 100vw, 640px\" \/>Poder\u00e3o participar da sele\u00e7\u00e3o os \u00f3rg\u00e3os da Administra\u00e7\u00e3o P\u00fablica Direta e Indireta dos Estados, do Distrito Federal ou dos munic\u00edpios detentores de CEUs das Artes ou de Centros de Refer\u00eancia de Juventude\u00a0<\/strong><\/em><\/h5>\n<p>Fruto de Acordo de Coopera\u00e7\u00e3o T\u00e9cnica entre o Minist\u00e9rio da Cultura (MinC) e a Secretaria Nacional de Juventude (SNJ) da Secretaria-Geral da Presid\u00eancia da Rep\u00fablica (SGPR), o\u00a0<a href=\"https:\/\/www.in.gov.br\/en\/web\/dou\/-\/edital-de-chamamento-publico-n-1\/2025-de-29-de-maio-de-2025-632966218\" target=\"_blank\" rel=\"noopener noreferrer\">novo edital do <strong><span style=\"color: #000080;\">Programa<\/span><\/strong> Esta\u00e7\u00e3o Juventude<\/a> vai destinar R$ 10 milh\u00f5es para fomentar a implanta\u00e7\u00e3o do programa em 30 CEUs das Artes e Centros de Refer\u00eancia da Juventude no pa\u00eds. Ser\u00e3o contempladas propostas de todas as regi\u00f5es do Brasil (Norte, Sul, Nordeste, Sudeste e Centro-Oeste). O prazo para o envio vai at\u00e9 25 de julho.<\/p>\n<p>&#8220;Estamos muito contentes com mais esta edi\u00e7\u00e3o do Programa Esta\u00e7\u00e3o Juventude. No ano passado, mais da metade dos projetos contemplados com o pr\u00eamio foram de iniciativas para serem desenvolvidas nos CEUs das Artes. Este ano, esperamos que este n\u00famero aumente. Iniciativas como essas oferecem uma oportunidade de ouro para que adolescentes e crian\u00e7as encontrem na arte e na cultura um caminho de desenvolvimento, longe de riscos sociais&#8221;, afirmou a subsecret\u00e1ria de Espa\u00e7os e Equipamentos Culturais do MinC, Cec\u00edlia S\u00e1.<\/p>\n<p><strong>P\u00daBLICO-ALVO<\/strong> \u2014 O Esta\u00e7\u00e3o Juventude busca atender, principalmente, jovens de 15 a 29 anos que vivem em \u00e1reas vulner\u00e1veis, oferecendo pol\u00edticas que assegurem direitos e promovam a emancipa\u00e7\u00e3o e participa\u00e7\u00e3o social, levando em conta a hist\u00f3ria, a cultura e as potencialidades de cada territ\u00f3rio, assim como os diferentes grupos que o habitam.<\/p>\n<p>Poder\u00e3o participar da sele\u00e7\u00e3o os \u00f3rg\u00e3os da Administra\u00e7\u00e3o P\u00fablica Direta e Indireta dos Estados, do Distrito Federal ou dos munic\u00edpios detentores de CEUs das Artes ou de Centros de Refer\u00eancia de Juventude.<\/p>\n<p><strong>AVAN\u00c7OS PARA JUVENTUDE<\/strong>\u00a0\u2014 O objetivo da iniciativa \u00e9 colaborar no avan\u00e7o das pol\u00edticas e programas de juventude nos territ\u00f3rios e garantir aos jovens seus direitos, al\u00e9m de contribuir para o desenvolvimento da inclus\u00e3o, autonomia e participa\u00e7\u00e3o social.<\/p>\n<p>Na edi\u00e7\u00e3o 2024 do edital, foram contemplados 20 equipamentos culturais no Cear\u00e1, S\u00e3o Paulo, Piau\u00ed, Pernambuco, Bahia, Minas Gerais, Rio Grande do Sul, Tocantins, Amap\u00e1 e Paran\u00e1. Dos selecionados, 13 eram CEUs das Artes.<\/p>\n<p><strong>NOVAS PERSPECTIVAS<\/strong>\u00a0\u2014 Para a coordenadora-geral de Articula\u00e7\u00e3o e Parcerias da Subsecretaria de Espa\u00e7os e Equipamentos Culturais (SEEC), Maria Carolina Prado Lage, o apoio financeiro permitir\u00e1 a cria\u00e7\u00e3o de oficinas, cursos e projetos que estimulem a criatividade, promovam a educa\u00e7\u00e3o n\u00e3o-formal e abram portas para novas perspectivas de vida. &#8220;\u00c9 um investimento direto no futuro desses jovens, oferecendo-lhes ferramentas para expressar sua voz, descobrir talentos e construir um senso de pertencimento e autoestima, quebrando ciclos de exclus\u00e3o e impulsionando a forma\u00e7\u00e3o de cidad\u00e3os mais conscientes e engajados&#8221;, frisou.<\/p>\n<p><strong>CEUs DAS ARTES<\/strong>\u00a0\u2014 Os CEUs das Artes s\u00e3o equipamentos culturais concebidos pelo MinC no \u00e2mbito do Novo PAC &#8211; Desenvolvimento e Sustentabilidade, em parceria com prefeituras, para integrar tamb\u00e9m a\u00e7\u00f5es esportivas de assist\u00eancia social.<\/p>\n<p>No equipamento s\u00e3o realizados programas e a\u00e7\u00f5es culturais, pr\u00e1ticas esportivas e de lazer, forma\u00e7\u00e3o e qualifica\u00e7\u00e3o para o mercado de trabalho, servi\u00e7os socioassistenciais, pol\u00edticas de preven\u00e7\u00e3o \u00e0 viol\u00eancia e inclus\u00e3o digital.<\/p>\n<p><strong>SEMIN\u00c1RIO<\/strong> \u2014 Na quarta-feira,\u00a0 28 de maio, durante o 3\u00ba Semin\u00e1rio Nacional de Gestores e Gestoras Municipais de Juventude, em Bras\u00edlia (DF), o coordenador-geral de Articula\u00e7\u00e3o e Fomento de Programas e Projetos de Juventudes da SGPR, Bruno Barreto, destacou o trabalho feito juntamente com o MinC e salientou a import\u00e2ncia da iniciativa. &#8220;O Esta\u00e7\u00e3o Juventude \u00e9 um equipamento de refer\u00eancia, onde a gente v\u00ea a pol\u00edtica para esse p\u00fablico alcan\u00e7ar os territ\u00f3rios, o jovem do interior, das comunidades, das \u00e1reas urbanas. E a necessidade que ele tem para que a gente consiga fazer ele acessar os seus direitos&#8221;, afirmou Barreto.<\/p>\n<p><strong>VISITAS<\/strong> \u2014 Em seu discurso, o ministro da SGPR, M\u00e1rcio Mac\u00eado, lembrou de visitas feitas nos munic\u00edpios selecionados no primeiro edital, entre elas Contagem (MG) e Recife (PE), para a implanta\u00e7\u00e3o do Programa. &#8220;Quando chegamos nestes locais e falamos de rob\u00f3tica e de curso de drone, os olhos dos meninos e meninas chegavam a brilhar. Isso numa \u00e1rea perif\u00e9rica, com muita presen\u00e7a de outros tipos de viol\u00eancia. E n\u00f3s est\u00e1vamos l\u00e1 dentro do espa\u00e7o da prefeitura fazendo cursos para come\u00e7ar a ter profiss\u00f5es para al\u00e9m da forma\u00e7\u00e3o tradicional&#8221;, ressaltou.<\/p>\n<p><strong>TERRIT\u00d3RIOS DA CULTURA<\/strong> \u2014 Durante o evento, o Minist\u00e9rio da Cultura apresentou o Programa Territ\u00f3rios da Cultura e os tr\u00eas equipamentos que o integram: CEUs das Artes, MovCEUs e CEUs da Cultura. O Programa Territ\u00f3rios da Cultura est\u00e1 orientado pelo princ\u00edpio da capilariza\u00e7\u00e3o do acesso \u00e0s pol\u00edticas p\u00fablicas culturais. O enfoque est\u00e1 nos territ\u00f3rios perif\u00e9ricos, em \u00e1reas urbanas ou rurais, e o objetivo \u00e9 diminuir a desigualdade de acesso \u00e0 infraestrutura cultural. A proposta \u00e9 que os equipamentos CEU das Artes, CEU da Cultura e MovCEU &#8211; sejam elementos articuladores e qualificadores do ambiente urbano em \u00e1reas de vulnerabilidade social, promovendo o desenvolvimento territorial por meio do pertencimento e da mobiliza\u00e7\u00e3o social.<\/p>\n<p>&#8220;Desde 2024, o Minist\u00e9rio da Cultura por meio da SEEC, tem realizado v\u00e1rias a\u00e7\u00f5es para qualificar a gest\u00e3o destes equipamentos e estreitar os la\u00e7os com os gerentes, como encontros presenciais e online com gestores, oferta de cursos, plant\u00f5es de d\u00favidas e intera\u00e7\u00e3o em canais de comunica\u00e7\u00e3o. O edital \u00e9 mais uma das iniciativas que vieram para fortalecer ainda mais a Rede Territ\u00f3rios da Cultura, pois representa uma oportunidade de levar recursos para a forma\u00e7\u00e3o, a produ\u00e7\u00e3o e a frui\u00e7\u00e3o cultural a equipamentos culturais j\u00e1 existentes, especialmente em locais de vulnerabilidade social&#8221;, explicou Maria Carolina.<\/p>\n<h6 style=\"text-align: right;\"><i><strong>Com informa\u00e7\u00f5es da<\/strong> Secretaria de Comunica\u00e7\u00e3o Social da Presid\u00eancia da Rep\u00fablica\/<\/i><em><strong>Foto: Ronnie Von\/PMC<\/strong><\/em><i><\/i><\/h6>\n\n<div style=\"font-size: 0px; height: 0px; line-height: 0px; margin: 0; padding: 0; clear: both;\"><\/div><div class='share-to-whatsapp-wrapper'><div class='share-on-whsp'>Share on: <\/div><a data-text='Novo edital do Esta\u00e7\u00e3o Juventude vai destinar R$ 10 milh\u00f5es para CEUs das Artes e Centros de Refer\u00eancia de todo o pa\u00eds' data-link='https:\/\/www.tvuai.com.br\/portal\/novo-edital-do-estacao-juventude-vai-destinar-r-10-milhoes-para-ceus-das-artes-e-centros-de-referencia-de-todo-o-pais\/' class='whatsapp-button whatsapp-share'>WhatsApp<\/a><div class='clear '><\/div><\/div><!-- AddThis Advanced Settings generic via filter on the_content --><!-- AddThis Share Buttons generic via filter on the_content -->","protected":false},"excerpt":{"rendered":"<p>Parceria entre Minist\u00e9rio da Cultura e Secretaria Nacional de Juventude selecionar\u00e1 30 equipamentos culturais de todas as regi\u00f5es do pa\u00eds Poder\u00e3o participar da sele\u00e7\u00e3o os \u00f3rg\u00e3os da Administra\u00e7\u00e3o P\u00fablica Direta e Indireta dos Estados, do Distrito Federal ou dos munic\u00edpios detentores de CEUs das Artes ou de Centros de Refer\u00eancia de Juventude\u00a0 Fruto de Acordo [&hellip;]<!-- AddThis Advanced Settings generic via filter on get_the_excerpt --><!-- AddThis Share Buttons generic via filter on get_the_excerpt --><\/p>\n","protected":false},"author":1,"featured_media":11932,"comment_status":"closed","ping_status":"closed","sticky":false,"template":"","format":"standard","meta":{"jetpack_post_was_ever_published":false,"_jetpack_newsletter_access":"","_jetpack_dont_email_post_to_subs":false,"_jetpack_newsletter_tier_id":0,"_jetpack_memberships_contains_paywalled_content":false,"_jetpack_memberships_contains_paid_content":false,"_joinchat":[],"footnotes":"","jetpack_publicize_message":"","jetpack_publicize_feature_enabled":true,"jetpack_social_post_already_shared":false,"jetpack_social_options":{"image_generator_settings":{"template":"highway","enabled":false},"version":2}},"categories":[1816,1845,20,19,5],"tags":[5409,5408,5405,5404,5406,1614,5410,5407,184,2100,37,5403,39,27,1618,4796],"class_list":["post-11930","post","type-post","status-publish","format-standard","has-post-thumbnail","hentry","category-arte","category-educacao","category-entretenimento","category-noticias","category-ultimas","tag-bruno-barreto","tag-cecilia-sa","tag-centros-de-referencia-de-juventude","tag-ceus-das-artes","tag-foto-ronnie-von-pmc","tag-governo-federal","tag-marcio-macedo","tag-maria-carolina-prado-lage","tag-minas-gerais","tag-ministerio-da-cultura","tag-pouso-alegre","tag-secretaria-nacional-de-juventude","tag-sul-de-minas","tag-tv-uai","tag-tv-uai-pouso-alegre","tag-tvuai25"],"jetpack_publicize_connections":[],"yoast_head":"<!-- This site is optimized with the Yoast SEO plugin v23.5 - https:\/\/yoast.com\/wordpress\/plugins\/seo\/ -->\n<title>Novo edital do Esta\u00e7\u00e3o Juventude vai destinar R$ 10 milh\u00f5es para CEUs das Artes e Centros de Refer\u00eancia de todo o pa\u00eds - TVUAI<\/title>\n<meta name=\"robots\" content=\"index, follow, max-snippet:-1, max-image-preview:large, max-video-preview:-1\" \/>\n<link rel=\"canonical\" href=\"https:\/\/www.tvuai.com.br\/portal\/novo-edital-do-estacao-juventude-vai-destinar-r-10-milhoes-para-ceus-das-artes-e-centros-de-referencia-de-todo-o-pais\/\" \/>\n<meta property=\"og:locale\" content=\"pt_BR\" \/>\n<meta property=\"og:type\" content=\"article\" \/>\n<meta property=\"og:title\" content=\"Novo edital do Esta\u00e7\u00e3o Juventude vai destinar R$ 10 milh\u00f5es para CEUs das Artes e Centros de Refer\u00eancia de todo o pa\u00eds - TVUAI\" \/>\n<meta property=\"og:description\" content=\"Parceria entre Minist\u00e9rio da Cultura e Secretaria Nacional de Juventude selecionar\u00e1 30 equipamentos culturais de todas as regi\u00f5es do pa\u00eds Poder\u00e3o participar da sele\u00e7\u00e3o os \u00f3rg\u00e3os da Administra\u00e7\u00e3o P\u00fablica Direta e Indireta dos Estados, do Distrito Federal ou dos munic\u00edpios detentores de CEUs das Artes ou de Centros de Refer\u00eancia de Juventude\u00a0 Fruto de Acordo [&hellip;]\" \/>\n<meta property=\"og:url\" content=\"https:\/\/www.tvuai.com.br\/portal\/novo-edital-do-estacao-juventude-vai-destinar-r-10-milhoes-para-ceus-das-artes-e-centros-de-referencia-de-todo-o-pais\/\" \/>\n<meta property=\"og:site_name\" content=\"TVUAI\" \/>\n<meta property=\"article:publisher\" content=\"http:\/\/www.facebook.com\/pages\/TV-Uai-Comunica%c3%a7%c3%a3o\/139062546157369\" \/>\n<meta property=\"article:published_time\" content=\"2025-06-03T00:19:49+00:00\" \/>\n<meta property=\"article:modified_time\" content=\"2025-06-03T23:48:06+00:00\" \/>\n<meta property=\"og:image\" content=\"https:\/\/www.tvuai.com.br\/portal\/wp-content\/uploads\/2025\/06\/CEU-0.jpg\" \/>\n\t<meta property=\"og:image:width\" content=\"200\" \/>\n\t<meta property=\"og:image:height\" content=\"200\" \/>\n\t<meta property=\"og:image:type\" content=\"image\/jpeg\" \/>\n<meta name=\"author\" content=\"tvuai\" \/>\n<meta name=\"twitter:card\" content=\"summary_large_image\" \/>\n<meta name=\"twitter:creator\" content=\"@tvuai\" \/>\n<meta name=\"twitter:site\" content=\"@tvuai\" \/>\n<meta name=\"twitter:label1\" content=\"Escrito por\" \/>\n\t<meta name=\"twitter:data1\" content=\"tvuai\" \/>\n\t<meta name=\"twitter:label2\" content=\"Est. tempo de leitura\" \/>\n\t<meta name=\"twitter:data2\" content=\"6 minutos\" \/>\n<script type=\"application\/ld+json\" class=\"yoast-schema-graph\">{\"@context\":\"https:\/\/schema.org\",\"@graph\":[{\"@type\":\"Article\",\"@id\":\"https:\/\/www.tvuai.com.br\/portal\/novo-edital-do-estacao-juventude-vai-destinar-r-10-milhoes-para-ceus-das-artes-e-centros-de-referencia-de-todo-o-pais\/#article\",\"isPartOf\":{\"@id\":\"https:\/\/www.tvuai.com.br\/portal\/novo-edital-do-estacao-juventude-vai-destinar-r-10-milhoes-para-ceus-das-artes-e-centros-de-referencia-de-todo-o-pais\/\"},\"author\":{\"name\":\"tvuai\",\"@id\":\"https:\/\/www.tvuai.com.br\/portal\/#\/schema\/person\/245e50e9127451fd0b7fd76f519ebbfe\"},\"headline\":\"Novo edital do Esta\u00e7\u00e3o Juventude vai destinar R$ 10 milh\u00f5es para CEUs das Artes e Centros de Refer\u00eancia de todo o pa\u00eds\",\"datePublished\":\"2025-06-03T00:19:49+00:00\",\"dateModified\":\"2025-06-03T23:48:06+00:00\",\"mainEntityOfPage\":{\"@id\":\"https:\/\/www.tvuai.com.br\/portal\/novo-edital-do-estacao-juventude-vai-destinar-r-10-milhoes-para-ceus-das-artes-e-centros-de-referencia-de-todo-o-pais\/\"},\"wordCount\":1062,\"publisher\":{\"@id\":\"https:\/\/www.tvuai.com.br\/portal\/#organization\"},\"image\":{\"@id\":\"https:\/\/www.tvuai.com.br\/portal\/novo-edital-do-estacao-juventude-vai-destinar-r-10-milhoes-para-ceus-das-artes-e-centros-de-referencia-de-todo-o-pais\/#primaryimage\"},\"thumbnailUrl\":\"https:\/\/i0.wp.com\/www.tvuai.com.br\/portal\/wp-content\/uploads\/2025\/06\/CEU-0.jpg?fit=200%2C200&ssl=1\",\"keywords\":[\"Bruno Barreto\",\"Cec\u00edlia S\u00e1\",\"Centros de Refer\u00eancia de Juventude\",\"CEUs das Artes\",\"Foto: Ronnie Von\/PMC\",\"governo federal\",\"M\u00e1rcio Mac\u00eado\",\"Maria Carolina Prado Lage\",\"Minas Gerais\",\"Minist\u00e9rio da Cultura\",\"Pouso Alegre\",\"Secretaria Nacional de Juventude\",\"Sul de Minas\",\"TV Uai\",\"TV UAI Pouso Alegre\",\"TVUAI25\"],\"articleSection\":[\"Arte\",\"Educa\u00e7\u00e3o\",\"Entretenimento\",\"Not\u00edcias\",\"\u00daltimas Not\u00edcias\"],\"inLanguage\":\"pt-BR\"},{\"@type\":\"WebPage\",\"@id\":\"https:\/\/www.tvuai.com.br\/portal\/novo-edital-do-estacao-juventude-vai-destinar-r-10-milhoes-para-ceus-das-artes-e-centros-de-referencia-de-todo-o-pais\/\",\"url\":\"https:\/\/www.tvuai.com.br\/portal\/novo-edital-do-estacao-juventude-vai-destinar-r-10-milhoes-para-ceus-das-artes-e-centros-de-referencia-de-todo-o-pais\/\",\"name\":\"Novo edital do Esta\u00e7\u00e3o Juventude vai destinar R$ 10 milh\u00f5es para CEUs das Artes e Centros de Refer\u00eancia de todo o pa\u00eds - TVUAI\",\"isPartOf\":{\"@id\":\"https:\/\/www.tvuai.com.br\/portal\/#website\"},\"primaryImageOfPage\":{\"@id\":\"https:\/\/www.tvuai.com.br\/portal\/novo-edital-do-estacao-juventude-vai-destinar-r-10-milhoes-para-ceus-das-artes-e-centros-de-referencia-de-todo-o-pais\/#primaryimage\"},\"image\":{\"@id\":\"https:\/\/www.tvuai.com.br\/portal\/novo-edital-do-estacao-juventude-vai-destinar-r-10-milhoes-para-ceus-das-artes-e-centros-de-referencia-de-todo-o-pais\/#primaryimage\"},\"thumbnailUrl\":\"https:\/\/i0.wp.com\/www.tvuai.com.br\/portal\/wp-content\/uploads\/2025\/06\/CEU-0.jpg?fit=200%2C200&ssl=1\",\"datePublished\":\"2025-06-03T00:19:49+00:00\",\"dateModified\":\"2025-06-03T23:48:06+00:00\",\"breadcrumb\":{\"@id\":\"https:\/\/www.tvuai.com.br\/portal\/novo-edital-do-estacao-juventude-vai-destinar-r-10-milhoes-para-ceus-das-artes-e-centros-de-referencia-de-todo-o-pais\/#breadcrumb\"},\"inLanguage\":\"pt-BR\",\"potentialAction\":[{\"@type\":\"ReadAction\",\"target\":[\"https:\/\/www.tvuai.com.br\/portal\/novo-edital-do-estacao-juventude-vai-destinar-r-10-milhoes-para-ceus-das-artes-e-centros-de-referencia-de-todo-o-pais\/\"]}]},{\"@type\":\"ImageObject\",\"inLanguage\":\"pt-BR\",\"@id\":\"https:\/\/www.tvuai.com.br\/portal\/novo-edital-do-estacao-juventude-vai-destinar-r-10-milhoes-para-ceus-das-artes-e-centros-de-referencia-de-todo-o-pais\/#primaryimage\",\"url\":\"https:\/\/i0.wp.com\/www.tvuai.com.br\/portal\/wp-content\/uploads\/2025\/06\/CEU-0.jpg?fit=200%2C200&ssl=1\",\"contentUrl\":\"https:\/\/i0.wp.com\/www.tvuai.com.br\/portal\/wp-content\/uploads\/2025\/06\/CEU-0.jpg?fit=200%2C200&ssl=1\",\"width\":200,\"height\":200},{\"@type\":\"BreadcrumbList\",\"@id\":\"https:\/\/www.tvuai.com.br\/portal\/novo-edital-do-estacao-juventude-vai-destinar-r-10-milhoes-para-ceus-das-artes-e-centros-de-referencia-de-todo-o-pais\/#breadcrumb\",\"itemListElement\":[{\"@type\":\"ListItem\",\"position\":1,\"name\":\"In\u00edcio\",\"item\":\"https:\/\/www.tvuai.com.br\/portal\/\"},{\"@type\":\"ListItem\",\"position\":2,\"name\":\"Novo edital do Esta\u00e7\u00e3o Juventude vai destinar R$ 10 milh\u00f5es para CEUs das Artes e Centros de Refer\u00eancia de todo o pa\u00eds\"}]},{\"@type\":\"WebSite\",\"@id\":\"https:\/\/www.tvuai.com.br\/portal\/#website\",\"url\":\"https:\/\/www.tvuai.com.br\/portal\/\",\"name\":\"TVUAI\",\"description\":\"Tudo sobre o Sul de Minas\",\"publisher\":{\"@id\":\"https:\/\/www.tvuai.com.br\/portal\/#organization\"},\"potentialAction\":[{\"@type\":\"SearchAction\",\"target\":{\"@type\":\"EntryPoint\",\"urlTemplate\":\"https:\/\/www.tvuai.com.br\/portal\/?s={search_term_string}\"},\"query-input\":{\"@type\":\"PropertyValueSpecification\",\"valueRequired\":true,\"valueName\":\"search_term_string\"}}],\"inLanguage\":\"pt-BR\"},{\"@type\":\"Organization\",\"@id\":\"https:\/\/www.tvuai.com.br\/portal\/#organization\",\"name\":\"TVUAI\",\"url\":\"https:\/\/www.tvuai.com.br\/portal\/\",\"logo\":{\"@type\":\"ImageObject\",\"inLanguage\":\"pt-BR\",\"@id\":\"https:\/\/www.tvuai.com.br\/portal\/#\/schema\/logo\/image\/\",\"url\":\"https:\/\/i0.wp.com\/www.tvuai.com.br\/portal\/wp-content\/uploads\/2017\/12\/logo_tvuai_100H.png?fit=207%2C100&ssl=1\",\"contentUrl\":\"https:\/\/i0.wp.com\/www.tvuai.com.br\/portal\/wp-content\/uploads\/2017\/12\/logo_tvuai_100H.png?fit=207%2C100&ssl=1\",\"width\":207,\"height\":100,\"caption\":\"TVUAI\"},\"image\":{\"@id\":\"https:\/\/www.tvuai.com.br\/portal\/#\/schema\/logo\/image\/\"},\"sameAs\":[\"http:\/\/www.facebook.com\/pages\/TV-Uai-Comunica\u00e7\u00e3o\/139062546157369\",\"https:\/\/x.com\/tvuai\",\"https:\/\/www.instagram.com\/tvuai_network\/\",\"https:\/\/www.youtube.com\/channel\/UCB7ZPB3wRv-OpoZ_09jmnkQ\"]},{\"@type\":\"Person\",\"@id\":\"https:\/\/www.tvuai.com.br\/portal\/#\/schema\/person\/245e50e9127451fd0b7fd76f519ebbfe\",\"name\":\"tvuai\",\"url\":\"https:\/\/www.tvuai.com.br\/portal\/author\/tvuai\/\"}]}<\/script>\n<!-- \/ Yoast SEO plugin. -->","yoast_head_json":{"title":"Novo edital do Esta\u00e7\u00e3o Juventude vai destinar R$ 10 milh\u00f5es para CEUs das Artes e Centros de Refer\u00eancia de todo o pa\u00eds - TVUAI","robots":{"index":"index","follow":"follow","max-snippet":"max-snippet:-1","max-image-preview":"max-image-preview:large","max-video-preview":"max-video-preview:-1"},"canonical":"https:\/\/www.tvuai.com.br\/portal\/novo-edital-do-estacao-juventude-vai-destinar-r-10-milhoes-para-ceus-das-artes-e-centros-de-referencia-de-todo-o-pais\/","og_locale":"pt_BR","og_type":"article","og_title":"Novo edital do Esta\u00e7\u00e3o Juventude vai destinar R$ 10 milh\u00f5es para CEUs das Artes e Centros de Refer\u00eancia de todo o pa\u00eds - TVUAI","og_description":"Parceria entre Minist\u00e9rio da Cultura e Secretaria Nacional de Juventude selecionar\u00e1 30 equipamentos culturais de todas as regi\u00f5es do pa\u00eds Poder\u00e3o participar da sele\u00e7\u00e3o os \u00f3rg\u00e3os da Administra\u00e7\u00e3o P\u00fablica Direta e Indireta dos Estados, do Distrito Federal ou dos munic\u00edpios detentores de CEUs das Artes ou de Centros de Refer\u00eancia de Juventude\u00a0 Fruto de Acordo [&hellip;]","og_url":"https:\/\/www.tvuai.com.br\/portal\/novo-edital-do-estacao-juventude-vai-destinar-r-10-milhoes-para-ceus-das-artes-e-centros-de-referencia-de-todo-o-pais\/","og_site_name":"TVUAI","article_publisher":"http:\/\/www.facebook.com\/pages\/TV-Uai-Comunica%c3%a7%c3%a3o\/139062546157369","article_published_time":"2025-06-03T00:19:49+00:00","article_modified_time":"2025-06-03T23:48:06+00:00","og_image":[{"width":200,"height":200,"url":"https:\/\/www.tvuai.com.br\/portal\/wp-content\/uploads\/2025\/06\/CEU-0.jpg","type":"image\/jpeg"}],"author":"tvuai","twitter_card":"summary_large_image","twitter_creator":"@tvuai","twitter_site":"@tvuai","twitter_misc":{"Escrito por":"tvuai","Est. tempo de leitura":"6 minutos"},"schema":{"@context":"https:\/\/schema.org","@graph":[{"@type":"Article","@id":"https:\/\/www.tvuai.com.br\/portal\/novo-edital-do-estacao-juventude-vai-destinar-r-10-milhoes-para-ceus-das-artes-e-centros-de-referencia-de-todo-o-pais\/#article","isPartOf":{"@id":"https:\/\/www.tvuai.com.br\/portal\/novo-edital-do-estacao-juventude-vai-destinar-r-10-milhoes-para-ceus-das-artes-e-centros-de-referencia-de-todo-o-pais\/"},"author":{"name":"tvuai","@id":"https:\/\/www.tvuai.com.br\/portal\/#\/schema\/person\/245e50e9127451fd0b7fd76f519ebbfe"},"headline":"Novo edital do Esta\u00e7\u00e3o Juventude vai destinar R$ 10 milh\u00f5es para CEUs das Artes e Centros de Refer\u00eancia de todo o pa\u00eds","datePublished":"2025-06-03T00:19:49+00:00","dateModified":"2025-06-03T23:48:06+00:00","mainEntityOfPage":{"@id":"https:\/\/www.tvuai.com.br\/portal\/novo-edital-do-estacao-juventude-vai-destinar-r-10-milhoes-para-ceus-das-artes-e-centros-de-referencia-de-todo-o-pais\/"},"wordCount":1062,"publisher":{"@id":"https:\/\/www.tvuai.com.br\/portal\/#organization"},"image":{"@id":"https:\/\/www.tvuai.com.br\/portal\/novo-edital-do-estacao-juventude-vai-destinar-r-10-milhoes-para-ceus-das-artes-e-centros-de-referencia-de-todo-o-pais\/#primaryimage"},"thumbnailUrl":"https:\/\/i0.wp.com\/www.tvuai.com.br\/portal\/wp-content\/uploads\/2025\/06\/CEU-0.jpg?fit=200%2C200&ssl=1","keywords":["Bruno Barreto","Cec\u00edlia S\u00e1","Centros de Refer\u00eancia de Juventude","CEUs das Artes","Foto: Ronnie Von\/PMC","governo federal","M\u00e1rcio Mac\u00eado","Maria Carolina Prado Lage","Minas Gerais","Minist\u00e9rio da Cultura","Pouso Alegre","Secretaria Nacional de Juventude","Sul de Minas","TV Uai","TV UAI Pouso Alegre","TVUAI25"],"articleSection":["Arte","Educa\u00e7\u00e3o","Entretenimento","Not\u00edcias","\u00daltimas Not\u00edcias"],"inLanguage":"pt-BR"},{"@type":"WebPage","@id":"https:\/\/www.tvuai.com.br\/portal\/novo-edital-do-estacao-juventude-vai-destinar-r-10-milhoes-para-ceus-das-artes-e-centros-de-referencia-de-todo-o-pais\/","url":"https:\/\/www.tvuai.com.br\/portal\/novo-edital-do-estacao-juventude-vai-destinar-r-10-milhoes-para-ceus-das-artes-e-centros-de-referencia-de-todo-o-pais\/","name":"Novo edital do Esta\u00e7\u00e3o Juventude vai destinar R$ 10 milh\u00f5es para CEUs das Artes e Centros de Refer\u00eancia de todo o pa\u00eds - TVUAI","isPartOf":{"@id":"https:\/\/www.tvuai.com.br\/portal\/#website"},"primaryImageOfPage":{"@id":"https:\/\/www.tvuai.com.br\/portal\/novo-edital-do-estacao-juventude-vai-destinar-r-10-milhoes-para-ceus-das-artes-e-centros-de-referencia-de-todo-o-pais\/#primaryimage"},"image":{"@id":"https:\/\/www.tvuai.com.br\/portal\/novo-edital-do-estacao-juventude-vai-destinar-r-10-milhoes-para-ceus-das-artes-e-centros-de-referencia-de-todo-o-pais\/#primaryimage"},"thumbnailUrl":"https:\/\/i0.wp.com\/www.tvuai.com.br\/portal\/wp-content\/uploads\/2025\/06\/CEU-0.jpg?fit=200%2C200&ssl=1","datePublished":"2025-06-03T00:19:49+00:00","dateModified":"2025-06-03T23:48:06+00:00","breadcrumb":{"@id":"https:\/\/www.tvuai.com.br\/portal\/novo-edital-do-estacao-juventude-vai-destinar-r-10-milhoes-para-ceus-das-artes-e-centros-de-referencia-de-todo-o-pais\/#breadcrumb"},"inLanguage":"pt-BR","potentialAction":[{"@type":"ReadAction","target":["https:\/\/www.tvuai.com.br\/portal\/novo-edital-do-estacao-juventude-vai-destinar-r-10-milhoes-para-ceus-das-artes-e-centros-de-referencia-de-todo-o-pais\/"]}]},{"@type":"ImageObject","inLanguage":"pt-BR","@id":"https:\/\/www.tvuai.com.br\/portal\/novo-edital-do-estacao-juventude-vai-destinar-r-10-milhoes-para-ceus-das-artes-e-centros-de-referencia-de-todo-o-pais\/#primaryimage","url":"https:\/\/i0.wp.com\/www.tvuai.com.br\/portal\/wp-content\/uploads\/2025\/06\/CEU-0.jpg?fit=200%2C200&ssl=1","contentUrl":"https:\/\/i0.wp.com\/www.tvuai.com.br\/portal\/wp-content\/uploads\/2025\/06\/CEU-0.jpg?fit=200%2C200&ssl=1","width":200,"height":200},{"@type":"BreadcrumbList","@id":"https:\/\/www.tvuai.com.br\/portal\/novo-edital-do-estacao-juventude-vai-destinar-r-10-milhoes-para-ceus-das-artes-e-centros-de-referencia-de-todo-o-pais\/#breadcrumb","itemListElement":[{"@type":"ListItem","position":1,"name":"In\u00edcio","item":"https:\/\/www.tvuai.com.br\/portal\/"},{"@type":"ListItem","position":2,"name":"Novo edital do Esta\u00e7\u00e3o Juventude vai destinar R$ 10 milh\u00f5es para CEUs das Artes e Centros de Refer\u00eancia de todo o pa\u00eds"}]},{"@type":"WebSite","@id":"https:\/\/www.tvuai.com.br\/portal\/#website","url":"https:\/\/www.tvuai.com.br\/portal\/","name":"TVUAI","description":"Tudo sobre o Sul de Minas","publisher":{"@id":"https:\/\/www.tvuai.com.br\/portal\/#organization"},"potentialAction":[{"@type":"SearchAction","target":{"@type":"EntryPoint","urlTemplate":"https:\/\/www.tvuai.com.br\/portal\/?s={search_term_string}"},"query-input":{"@type":"PropertyValueSpecification","valueRequired":true,"valueName":"search_term_string"}}],"inLanguage":"pt-BR"},{"@type":"Organization","@id":"https:\/\/www.tvuai.com.br\/portal\/#organization","name":"TVUAI","url":"https:\/\/www.tvuai.com.br\/portal\/","logo":{"@type":"ImageObject","inLanguage":"pt-BR","@id":"https:\/\/www.tvuai.com.br\/portal\/#\/schema\/logo\/image\/","url":"https:\/\/i0.wp.com\/www.tvuai.com.br\/portal\/wp-content\/uploads\/2017\/12\/logo_tvuai_100H.png?fit=207%2C100&ssl=1","contentUrl":"https:\/\/i0.wp.com\/www.tvuai.com.br\/portal\/wp-content\/uploads\/2017\/12\/logo_tvuai_100H.png?fit=207%2C100&ssl=1","width":207,"height":100,"caption":"TVUAI"},"image":{"@id":"https:\/\/www.tvuai.com.br\/portal\/#\/schema\/logo\/image\/"},"sameAs":["http:\/\/www.facebook.com\/pages\/TV-Uai-Comunica\u00e7\u00e3o\/139062546157369","https:\/\/x.com\/tvuai","https:\/\/www.instagram.com\/tvuai_network\/","https:\/\/www.youtube.com\/channel\/UCB7ZPB3wRv-OpoZ_09jmnkQ"]},{"@type":"Person","@id":"https:\/\/www.tvuai.com.br\/portal\/#\/schema\/person\/245e50e9127451fd0b7fd76f519ebbfe","name":"tvuai","url":"https:\/\/www.tvuai.com.br\/portal\/author\/tvuai\/"}]}},"jetpack_featured_media_url":"https:\/\/i0.wp.com\/www.tvuai.com.br\/portal\/wp-content\/uploads\/2025\/06\/CEU-0.jpg?fit=200%2C200&ssl=1","wpmagazine_modules_lite_featured_media_urls":{"thumbnail":["https:\/\/i0.wp.com\/www.tvuai.com.br\/portal\/wp-content\/uploads\/2025\/06\/CEU-0.jpg?resize=150%2C150&ssl=1",150,150,true],"cvmm-medium":["https:\/\/i0.wp.com\/www.tvuai.com.br\/portal\/wp-content\/uploads\/2025\/06\/CEU-0.jpg?resize=200%2C200&ssl=1",200,200,true],"cvmm-medium-plus":["https:\/\/i0.wp.com\/www.tvuai.com.br\/portal\/wp-content\/uploads\/2025\/06\/CEU-0.jpg?resize=200%2C200&ssl=1",200,200,true],"cvmm-portrait":["https:\/\/i0.wp.com\/www.tvuai.com.br\/portal\/wp-content\/uploads\/2025\/06\/CEU-0.jpg?resize=200%2C200&ssl=1",200,200,true],"cvmm-medium-square":["https:\/\/i0.wp.com\/www.tvuai.com.br\/portal\/wp-content\/uploads\/2025\/06\/CEU-0.jpg?resize=200%2C200&ssl=1",200,200,true],"cvmm-large":["https:\/\/i0.wp.com\/www.tvuai.com.br\/portal\/wp-content\/uploads\/2025\/06\/CEU-0.jpg?resize=200%2C200&ssl=1",200,200,true],"cvmm-small":["https:\/\/i0.wp.com\/www.tvuai.com.br\/portal\/wp-content\/uploads\/2025\/06\/CEU-0.jpg?resize=130%2C95&ssl=1",130,95,true],"full":["https:\/\/i0.wp.com\/www.tvuai.com.br\/portal\/wp-content\/uploads\/2025\/06\/CEU-0.jpg?fit=200%2C200&ssl=1",200,200,false]},"categories_names":{"1816":{"name":"Arte","link":"https:\/\/www.tvuai.com.br\/portal\/category\/arte\/"},"1845":{"name":"Educa\u00e7\u00e3o","link":"https:\/\/www.tvuai.com.br\/portal\/category\/educacao\/"},"20":{"name":"Entretenimento","link":"https:\/\/www.tvuai.com.br\/portal\/category\/entretenimento\/"},"19":{"name":"Not\u00edcias","link":"https:\/\/www.tvuai.com.br\/portal\/category\/noticias\/"},"5":{"name":"\u00daltimas Not\u00edcias","link":"https:\/\/www.tvuai.com.br\/portal\/category\/noticias\/ultimas\/"}},"tags_names":{"5409":{"name":"Bruno Barreto","link":"https:\/\/www.tvuai.com.br\/portal\/tag\/bruno-barreto\/"},"5408":{"name":"Cec\u00edlia S\u00e1","link":"https:\/\/www.tvuai.com.br\/portal\/tag\/cecilia-sa\/"},"5405":{"name":"Centros de Refer\u00eancia de Juventude","link":"https:\/\/www.tvuai.com.br\/portal\/tag\/centros-de-referencia-de-juventude\/"},"5404":{"name":"CEUs das Artes","link":"https:\/\/www.tvuai.com.br\/portal\/tag\/ceus-das-artes\/"},"5406":{"name":"Foto: Ronnie Von\/PMC","link":"https:\/\/www.tvuai.com.br\/portal\/tag\/foto-ronnie-von-pmc\/"},"1614":{"name":"governo federal","link":"https:\/\/www.tvuai.com.br\/portal\/tag\/governo-federal\/"},"5410":{"name":"M\u00e1rcio Mac\u00eado","link":"https:\/\/www.tvuai.com.br\/portal\/tag\/marcio-macedo\/"},"5407":{"name":"Maria Carolina Prado Lage","link":"https:\/\/www.tvuai.com.br\/portal\/tag\/maria-carolina-prado-lage\/"},"184":{"name":"Minas Gerais","link":"https:\/\/www.tvuai.com.br\/portal\/tag\/minas-gerais\/"},"2100":{"name":"Minist\u00e9rio da Cultura","link":"https:\/\/www.tvuai.com.br\/portal\/tag\/ministerio-da-cultura\/"},"37":{"name":"Pouso Alegre","link":"https:\/\/www.tvuai.com.br\/portal\/tag\/pouso-alegre\/"},"5403":{"name":"Secretaria Nacional de Juventude","link":"https:\/\/www.tvuai.com.br\/portal\/tag\/secretaria-nacional-de-juventude\/"},"39":{"name":"Sul de Minas","link":"https:\/\/www.tvuai.com.br\/portal\/tag\/sul-de-minas\/"},"27":{"name":"TV Uai","link":"https:\/\/www.tvuai.com.br\/portal\/tag\/tv-uai\/"},"1618":{"name":"TV UAI Pouso Alegre","link":"https:\/\/www.tvuai.com.br\/portal\/tag\/tv-uai-pouso-alegre\/"},"4796":{"name":"TVUAI25","link":"https:\/\/www.tvuai.com.br\/portal\/tag\/tvuai25\/"}},"comments_number":"0","jetpack_shortlink":"https:\/\/wp.me\/p9woix-36q","jetpack_sharing_enabled":true,"_links":{"self":[{"href":"https:\/\/www.tvuai.com.br\/portal\/wp-json\/wp\/v2\/posts\/11930"}],"collection":[{"href":"https:\/\/www.tvuai.com.br\/portal\/wp-json\/wp\/v2\/posts"}],"about":[{"href":"https:\/\/www.tvuai.com.br\/portal\/wp-json\/wp\/v2\/types\/post"}],"author":[{"embeddable":true,"href":"https:\/\/www.tvuai.com.br\/portal\/wp-json\/wp\/v2\/users\/1"}],"replies":[{"embeddable":true,"href":"https:\/\/www.tvuai.com.br\/portal\/wp-json\/wp\/v2\/comments?post=11930"}],"version-history":[{"count":2,"href":"https:\/\/www.tvuai.com.br\/portal\/wp-json\/wp\/v2\/posts\/11930\/revisions"}],"predecessor-version":[{"id":11934,"href":"https:\/\/www.tvuai.com.br\/portal\/wp-json\/wp\/v2\/posts\/11930\/revisions\/11934"}],"wp:featuredmedia":[{"embeddable":true,"href":"https:\/\/www.tvuai.com.br\/portal\/wp-json\/wp\/v2\/media\/11932"}],"wp:attachment":[{"href":"https:\/\/www.tvuai.com.br\/portal\/wp-json\/wp\/v2\/media?parent=11930"}],"wp:term":[{"taxonomy":"category","embeddable":true,"href":"https:\/\/www.tvuai.com.br\/portal\/wp-json\/wp\/v2\/categories?post=11930"},{"taxonomy":"post_tag","embeddable":true,"href":"https:\/\/www.tvuai.com.br\/portal\/wp-json\/wp\/v2\/tags?post=11930"}],"curies":[{"name":"wp","href":"https:\/\/api.w.org\/{rel}","templated":true}]}}