{"id":11393,"date":"2025-03-27T11:05:37","date_gmt":"2025-03-27T14:05:37","guid":{"rendered":"https:\/\/www.tvuai.com.br\/portal\/?p=11393"},"modified":"2025-03-31T19:57:35","modified_gmt":"2025-03-31T22:57:35","slug":"o-curto-circuito-na-regulamentacao-dos-postes-e-na-etica-da-informacao-ao-povo-saiba-para-quem-reclamar","status":"publish","type":"post","link":"https:\/\/www.tvuai.com.br\/portal\/o-curto-circuito-na-regulamentacao-dos-postes-e-na-etica-da-informacao-ao-povo-saiba-para-quem-reclamar\/","title":{"rendered":"O curto-circuito na regulamenta\u00e7\u00e3o dos postes e na \u00e9tica da informa\u00e7\u00e3o ao povo. Saiba para quem reclamar"},"content":{"rendered":"<div class=\"5a1038e0903b96d426fcfcc338703013\" data-index=\"1\" style=\"float: right; margin:10px 0 10px 10px;\">\n<script async src=\"https:\/\/pagead2.googlesyndication.com\/pagead\/js\/adsbygoogle.js?client=ca-pub-9945944833605257\"\r\n     crossorigin=\"anonymous\"><\/script>\r\n<ins class=\"adsbygoogle\"\r\n     style=\"display:block; text-align:center;\"\r\n     data-ad-layout=\"in-article\"\r\n     data-ad-format=\"fluid\"\r\n     data-ad-client=\"ca-pub-9945944833605257\"\r\n     data-ad-slot=\"2343923581\"><\/ins>\r\n<script>\r\n     (adsbygoogle = window.adsbygoogle || []).push({});\r\n<\/script>\n<\/div>\n<h5 style=\"text-align: center;\"><em><strong> <img data-recalc-dims=\"1\" fetchpriority=\"high\" decoding=\"async\" data-attachment-id=\"11398\" data-permalink=\"https:\/\/www.tvuai.com.br\/portal\/o-curto-circuito-na-regulamentacao-dos-postes-e-na-etica-da-informacao-ao-povo-saiba-para-quem-reclamar\/cabos-soltos3\/\" data-orig-file=\"https:\/\/i0.wp.com\/www.tvuai.com.br\/portal\/wp-content\/uploads\/2025\/03\/cabos-soltos3.jpg?fit=900%2C600&amp;ssl=1\" data-orig-size=\"900,600\" data-comments-opened=\"0\" data-image-meta=\"{&quot;aperture&quot;:&quot;0&quot;,&quot;credit&quot;:&quot;&quot;,&quot;camera&quot;:&quot;&quot;,&quot;caption&quot;:&quot;&quot;,&quot;created_timestamp&quot;:&quot;1742998225&quot;,&quot;copyright&quot;:&quot;&quot;,&quot;focal_length&quot;:&quot;0&quot;,&quot;iso&quot;:&quot;0&quot;,&quot;shutter_speed&quot;:&quot;0&quot;,&quot;title&quot;:&quot;&quot;,&quot;orientation&quot;:&quot;0&quot;}\" data-image-title=\"cabos soltos3\" data-image-description=\"\" data-image-caption=\"\" data-medium-file=\"https:\/\/i0.wp.com\/www.tvuai.com.br\/portal\/wp-content\/uploads\/2025\/03\/cabos-soltos3.jpg?fit=300%2C200&amp;ssl=1\" data-large-file=\"https:\/\/i0.wp.com\/www.tvuai.com.br\/portal\/wp-content\/uploads\/2025\/03\/cabos-soltos3.jpg?fit=640%2C427&amp;ssl=1\" tabindex=\"0\" role=\"button\" class=\"size-medium wp-image-11398 aligncenter\" src=\"https:\/\/i0.wp.com\/www.tvuai.com.br\/portal\/wp-content\/uploads\/2025\/03\/cabos-soltos3.jpg?resize=300%2C200&#038;ssl=1\" alt=\"\" width=\"300\" height=\"200\" srcset=\"https:\/\/i0.wp.com\/www.tvuai.com.br\/portal\/wp-content\/uploads\/2025\/03\/cabos-soltos3.jpg?resize=300%2C200&amp;ssl=1 300w, https:\/\/i0.wp.com\/www.tvuai.com.br\/portal\/wp-content\/uploads\/2025\/03\/cabos-soltos3.jpg?resize=768%2C512&amp;ssl=1 768w, https:\/\/i0.wp.com\/www.tvuai.com.br\/portal\/wp-content\/uploads\/2025\/03\/cabos-soltos3.jpg?w=900&amp;ssl=1 900w\" sizes=\"(max-width: 300px) 100vw, 300px\" \/>A presen\u00e7a de fios e cabos soltos, pendurados nos postes ou ca\u00eddos nas vias p\u00fablicas tornou-se uma realidade absurda em diversas cidades brasileiras. Confira no artigo de quem \u00e9 a responsabilidade<\/strong><\/em><\/h5>\n<h5><strong><img data-recalc-dims=\"1\" decoding=\"async\" data-attachment-id=\"11396\" data-permalink=\"https:\/\/www.tvuai.com.br\/portal\/o-curto-circuito-na-regulamentacao-dos-postes-e-na-etica-da-informacao-ao-povo-saiba-para-quem-reclamar\/cabos-soltos1\/\" data-orig-file=\"https:\/\/i0.wp.com\/www.tvuai.com.br\/portal\/wp-content\/uploads\/2025\/03\/cabos-soltos1.jpg?fit=800%2C1152&amp;ssl=1\" data-orig-size=\"800,1152\" data-comments-opened=\"0\" data-image-meta=\"{&quot;aperture&quot;:&quot;0&quot;,&quot;credit&quot;:&quot;&quot;,&quot;camera&quot;:&quot;&quot;,&quot;caption&quot;:&quot;&quot;,&quot;created_timestamp&quot;:&quot;1742998225&quot;,&quot;copyright&quot;:&quot;&quot;,&quot;focal_length&quot;:&quot;0&quot;,&quot;iso&quot;:&quot;0&quot;,&quot;shutter_speed&quot;:&quot;0&quot;,&quot;title&quot;:&quot;&quot;,&quot;orientation&quot;:&quot;0&quot;}\" data-image-title=\"cabos soltos1\" data-image-description=\"\" data-image-caption=\"\" data-medium-file=\"https:\/\/i0.wp.com\/www.tvuai.com.br\/portal\/wp-content\/uploads\/2025\/03\/cabos-soltos1.jpg?fit=208%2C300&amp;ssl=1\" data-large-file=\"https:\/\/i0.wp.com\/www.tvuai.com.br\/portal\/wp-content\/uploads\/2025\/03\/cabos-soltos1.jpg?fit=640%2C922&amp;ssl=1\" tabindex=\"0\" role=\"button\" class=\"size-medium wp-image-11396 alignleft\" src=\"https:\/\/i0.wp.com\/www.tvuai.com.br\/portal\/wp-content\/uploads\/2025\/03\/cabos-soltos1.jpg?resize=208%2C300&#038;ssl=1\" alt=\"\" width=\"208\" height=\"300\" srcset=\"https:\/\/i0.wp.com\/www.tvuai.com.br\/portal\/wp-content\/uploads\/2025\/03\/cabos-soltos1.jpg?resize=208%2C300&amp;ssl=1 208w, https:\/\/i0.wp.com\/www.tvuai.com.br\/portal\/wp-content\/uploads\/2025\/03\/cabos-soltos1.jpg?resize=711%2C1024&amp;ssl=1 711w, https:\/\/i0.wp.com\/www.tvuai.com.br\/portal\/wp-content\/uploads\/2025\/03\/cabos-soltos1.jpg?resize=768%2C1106&amp;ssl=1 768w, https:\/\/i0.wp.com\/www.tvuai.com.br\/portal\/wp-content\/uploads\/2025\/03\/cabos-soltos1.jpg?w=800&amp;ssl=1 800w\" sizes=\"(max-width: 208px) 100vw, 208px\" \/>Vivien Mello Suruagy*<\/strong><\/h5>\n<p>Ao contr\u00e1rio do que \u00e0s vezes se tem divulgado de maneira equivocada, em mais um p\u00e9ssimo exemplo de fake news no Pa\u00eds, a responsabilidade pela gest\u00e3o e fiscaliza\u00e7\u00e3o dos postes, que est\u00e3o ca\u00f3ticas, \u00e9 da Ag\u00eancia Nacional de Energia El\u00e9trica (Aneel) e das concession\u00e1rias do setor. No entanto, em uma contradi\u00e7\u00e3o alarmante, esse \u00f3rg\u00e3o regulador, cujo principal objetivo seria defender a sociedade no contexto das concess\u00f5es p\u00fablicas, tem se tornado um obst\u00e1culo \u00e0 solu\u00e7\u00e3o de um s\u00e9rio problema.<\/p>\n<p>A Aneel, de modo inexplic\u00e1vel, extinguiu o processo que estava em curso para a regulamenta\u00e7\u00e3o conjunta com a Ag\u00eancia Nacional de Telecomunica\u00e7\u00f5es (Anatel) do uso dos postes. Com isso, seguimos sem regras claras para a explora\u00e7\u00e3o de uma infraestrutura p\u00fablica que deveria servir exclusivamente \u00e0s empresas que atuam dentro da legalidade. A falta de ordenamento dos procedimentos e responsabilidades, somada ao n\u00e3o cumprimento das normas atuais de fiscaliza\u00e7\u00e3o, tem permitido o compartilhamento indevido com operadoras clandestinas, que proliferam sem controle.<\/p>\n<p><img data-recalc-dims=\"1\" decoding=\"async\" data-attachment-id=\"11399\" data-permalink=\"https:\/\/www.tvuai.com.br\/portal\/o-curto-circuito-na-regulamentacao-dos-postes-e-na-etica-da-informacao-ao-povo-saiba-para-quem-reclamar\/cabos-soltos2-2\/\" data-orig-file=\"https:\/\/i0.wp.com\/www.tvuai.com.br\/portal\/wp-content\/uploads\/2025\/03\/cabos-soltos2-1.jpg?fit=1987%2C1487&amp;ssl=1\" data-orig-size=\"1987,1487\" data-comments-opened=\"0\" data-image-meta=\"{&quot;aperture&quot;:&quot;0&quot;,&quot;credit&quot;:&quot;&quot;,&quot;camera&quot;:&quot;&quot;,&quot;caption&quot;:&quot;&quot;,&quot;created_timestamp&quot;:&quot;1742998225&quot;,&quot;copyright&quot;:&quot;&quot;,&quot;focal_length&quot;:&quot;0&quot;,&quot;iso&quot;:&quot;0&quot;,&quot;shutter_speed&quot;:&quot;0&quot;,&quot;title&quot;:&quot;&quot;,&quot;orientation&quot;:&quot;0&quot;}\" data-image-title=\"cabos soltos2\" data-image-description=\"\" data-image-caption=\"\" data-medium-file=\"https:\/\/i0.wp.com\/www.tvuai.com.br\/portal\/wp-content\/uploads\/2025\/03\/cabos-soltos2-1.jpg?fit=300%2C225&amp;ssl=1\" data-large-file=\"https:\/\/i0.wp.com\/www.tvuai.com.br\/portal\/wp-content\/uploads\/2025\/03\/cabos-soltos2-1.jpg?fit=640%2C479&amp;ssl=1\" tabindex=\"0\" role=\"button\" class=\"size-medium wp-image-11399 alignright\" src=\"https:\/\/i0.wp.com\/www.tvuai.com.br\/portal\/wp-content\/uploads\/2025\/03\/cabos-soltos2-1.jpg?resize=300%2C225&#038;ssl=1\" alt=\"\" width=\"300\" height=\"225\" srcset=\"https:\/\/i0.wp.com\/www.tvuai.com.br\/portal\/wp-content\/uploads\/2025\/03\/cabos-soltos2-1.jpg?resize=300%2C225&amp;ssl=1 300w, https:\/\/i0.wp.com\/www.tvuai.com.br\/portal\/wp-content\/uploads\/2025\/03\/cabos-soltos2-1.jpg?resize=1024%2C766&amp;ssl=1 1024w, https:\/\/i0.wp.com\/www.tvuai.com.br\/portal\/wp-content\/uploads\/2025\/03\/cabos-soltos2-1.jpg?resize=768%2C575&amp;ssl=1 768w, https:\/\/i0.wp.com\/www.tvuai.com.br\/portal\/wp-content\/uploads\/2025\/03\/cabos-soltos2-1.jpg?resize=1536%2C1149&amp;ssl=1 1536w, https:\/\/i0.wp.com\/www.tvuai.com.br\/portal\/wp-content\/uploads\/2025\/03\/cabos-soltos2-1.jpg?resize=136%2C102&amp;ssl=1 136w, https:\/\/i0.wp.com\/www.tvuai.com.br\/portal\/wp-content\/uploads\/2025\/03\/cabos-soltos2-1.jpg?w=1987&amp;ssl=1 1987w, https:\/\/i0.wp.com\/www.tvuai.com.br\/portal\/wp-content\/uploads\/2025\/03\/cabos-soltos2-1.jpg?w=1280&amp;ssl=1 1280w, https:\/\/i0.wp.com\/www.tvuai.com.br\/portal\/wp-content\/uploads\/2025\/03\/cabos-soltos2-1.jpg?w=1920&amp;ssl=1 1920w\" sizes=\"(max-width: 300px) 100vw, 300px\" \/>A presen\u00e7a de fios e cabos soltos, pendurados nos postes ou ca\u00eddos nas vias p\u00fablicas tornou-se uma realidade absurda em diversas cidades brasileiras. Essa situa\u00e7\u00e3o n\u00e3o apenas compromete a est\u00e9tica urbana e causa interrup\u00e7\u00f5es nos servi\u00e7os de telefonia, TV e internet, mas tamb\u00e9m coloca em risco a seguran\u00e7a da popula\u00e7\u00e3o.<\/p>\n<p>De acordo com as normas vigentes at\u00e9 agora, a fiscaliza\u00e7\u00e3o e a manuten\u00e7\u00e3o adequada dos postes s\u00e3o responsabilidades da Aneel e das concession\u00e1rias de energia. No entanto, apesar de receberem recursos para executar esse monitoramento, essas organiza\u00e7\u00f5es eximem-se de suas obriga\u00e7\u00f5es. O mais grave \u00e9 que tentam transferir a culpa \u00e0s empresas de telecomunica\u00e7\u00f5es, que s\u00e3o, na verdade, as v\u00edtimas desse descalabro. A in\u00e9rcia e a falta de a\u00e7\u00f5es efetivas perpetuam o problema e contribuem para seu agravamento.<\/p>\n<p>A ocupa\u00e7\u00e3o desordenada dos postes, muitas vezes por empresas clandestinas que realizam liga\u00e7\u00f5es irregulares, sobrecarrega as instala\u00e7\u00f5es e coloca em risco a vida de consumidores e trabalhadores do setor. A aus\u00eancia de fiscaliza\u00e7\u00e3o por parte das concession\u00e1rias de energia e a recusa da Aneel em regulamentar o compartilhamento e o uso adequado dos postes t\u00eam permitido que essas pr\u00e1ticas ilegais prosperem.<\/p>\n<p>Em julho de 2024, a Aneel tomou a controversa decis\u00e3o de arquivar o processo de regulamenta\u00e7\u00e3o do compartilhamento de postes. Essa inexplic\u00e1vel atitude, contra a qual a Feninfra impetrou recurso administrativo, estranhamente negado, foi duramente criticada por especialistas do setor. O atraso na regulamenta\u00e7\u00e3o apenas contribui para o agravamento da ocupa\u00e7\u00e3o irregular dessa infraestrutura, expondo trabalhadores e a popula\u00e7\u00e3o a riscos desnecess\u00e1rios.<\/p>\n<p>Estima-se que existam cerca de 10 milh\u00f5es de postes em situa\u00e7\u00e3o cr\u00edtica no Brasil, com fios emaranhados e ocupa\u00e7\u00e3o ilegal, al\u00e9m de aproximadamente 20 mil empresas, ditas de telecomunica\u00e7\u00f5es, atuando de maneira clandestina. A in\u00e9rcia da Aneel e das concession\u00e1rias de energia diante desse cen\u00e1rio \u00e9 inaceit\u00e1vel. \u00c9 fundamental implementar nova regulamenta\u00e7\u00e3o eficaz e realizar fiscaliza\u00e7\u00f5es rigorosas para garantir a seguran\u00e7a da popula\u00e7\u00e3o e a integridade das redes de distribui\u00e7\u00e3o de energia e telecomunica\u00e7\u00f5es. A popula\u00e7\u00e3o n\u00e3o pode continuar ref\u00e9m da neglig\u00eancia e da omiss\u00e3o daqueles que deveriam zelar pelo bem-estar coletivo.<\/p>\n<p>Defendemos a cria\u00e7\u00e3o de uma entidade independente para gerir, reordenar e fiscalizar o uso dos postes, conforme proposto pela Anatel e em decreto do Governo Federal, simplesmente ignorado pela Aneel. A gest\u00e3o adequada garantiria que os postes deixassem de ser vetores de fia\u00e7\u00f5es clandestinas e servi\u00e7os irregulares, promovendo uma infraestrutura organizada e segura para todos.<\/p>\n<p>A sociedade n\u00e3o pode continuar pagando pela incompreens\u00edvel resist\u00eancia da Aneel em promover a regulamenta\u00e7\u00e3o, nem seguir sendo desinformada por fake news lesivas e levianas. A grave inverdade \u00e9 um choque de elevada voltagem na intelig\u00eancia dos brasileiros, fere os interesses nacionais e desrespeita os princ\u00edpios da \u00e9tica.<\/p>\n<h5 style=\"text-align: right;\"><em><strong>*Vivien Mello Suruagy \u00e9 presidente da Feninfra (Federa\u00e7\u00e3o Nacional de Call Center, Instala\u00e7\u00e3o e Manuten\u00e7\u00e3o de Infraestrutura de Redes de Telecomunica\u00e7\u00f5es e Inform\u00e1tica)<\/strong><\/em><\/h5>\n\n<div style=\"font-size: 0px; height: 0px; line-height: 0px; margin: 0; padding: 0; clear: both;\"><\/div><div class='share-to-whatsapp-wrapper'><div class='share-on-whsp'>Share on: <\/div><a data-text='O curto-circuito na regulamenta\u00e7\u00e3o dos postes e na \u00e9tica da informa\u00e7\u00e3o ao povo. Saiba para quem reclamar' data-link='https:\/\/www.tvuai.com.br\/portal\/o-curto-circuito-na-regulamentacao-dos-postes-e-na-etica-da-informacao-ao-povo-saiba-para-quem-reclamar\/' class='whatsapp-button whatsapp-share'>WhatsApp<\/a><div class='clear '><\/div><\/div><!-- AddThis Advanced Settings generic via filter on the_content --><!-- AddThis Share Buttons generic via filter on the_content -->","protected":false},"excerpt":{"rendered":"<p>A presen\u00e7a de fios e cabos soltos, pendurados nos postes ou ca\u00eddos nas vias p\u00fablicas tornou-se uma realidade absurda em diversas cidades brasileiras. Confira no artigo de quem \u00e9 a responsabilidade Vivien Mello Suruagy* Ao contr\u00e1rio do que \u00e0s vezes se tem divulgado de maneira equivocada, em mais um p\u00e9ssimo exemplo de fake news no [&hellip;]<!-- AddThis Advanced Settings generic via filter on get_the_excerpt --><!-- AddThis Share Buttons generic via filter on get_the_excerpt --><\/p>\n","protected":false},"author":1,"featured_media":11395,"comment_status":"closed","ping_status":"closed","sticky":false,"template":"","format":"standard","meta":{"jetpack_post_was_ever_published":false,"_jetpack_newsletter_access":"","_jetpack_dont_email_post_to_subs":false,"_jetpack_newsletter_tier_id":0,"_jetpack_memberships_contains_paywalled_content":false,"_jetpack_memberships_contains_paid_content":false,"_joinchat":[],"footnotes":"","jetpack_publicize_message":"","jetpack_publicize_feature_enabled":true,"jetpack_social_post_already_shared":false,"jetpack_social_options":{"image_generator_settings":{"template":"highway","enabled":false},"version":2}},"categories":[1642,1843,19,5,1829],"tags":[5005,5082,5081,5079,184,37,39,27,1618,4796,5080],"class_list":["post-11393","post","type-post","status-publish","format-standard","has-post-thumbnail","hentry","category-tecnologia","category-direito","category-noticias","category-ultimas","category-utilidade","tag-agencia-nacional-de-energia-eletrica-aneel","tag-agencia-nacional-de-telecomunicacoes-anatel","tag-feninfra-federacao-nacional-de-call-center-instalacao-e-manutencao-de-infraestrutura-de-redes-de-telecomunicacoes-e-informatica","tag-fios-e-cabos-soltos","tag-minas-gerais","tag-pouso-alegre","tag-sul-de-minas","tag-tv-uai","tag-tv-uai-pouso-alegre","tag-tvuai25","tag-vivien-mello-suruagy"],"jetpack_publicize_connections":[],"yoast_head":"<!-- This site is optimized with the Yoast SEO plugin v23.5 - https:\/\/yoast.com\/wordpress\/plugins\/seo\/ -->\n<title>O curto-circuito na regulamenta\u00e7\u00e3o dos postes e na \u00e9tica da informa\u00e7\u00e3o ao povo. Saiba para quem reclamar - TVUAI<\/title>\n<meta name=\"robots\" content=\"index, follow, max-snippet:-1, max-image-preview:large, max-video-preview:-1\" \/>\n<link rel=\"canonical\" href=\"https:\/\/www.tvuai.com.br\/portal\/o-curto-circuito-na-regulamentacao-dos-postes-e-na-etica-da-informacao-ao-povo-saiba-para-quem-reclamar\/\" \/>\n<meta property=\"og:locale\" content=\"pt_BR\" \/>\n<meta property=\"og:type\" content=\"article\" \/>\n<meta property=\"og:title\" content=\"O curto-circuito na regulamenta\u00e7\u00e3o dos postes e na \u00e9tica da informa\u00e7\u00e3o ao povo. Saiba para quem reclamar - TVUAI\" \/>\n<meta property=\"og:description\" content=\"A presen\u00e7a de fios e cabos soltos, pendurados nos postes ou ca\u00eddos nas vias p\u00fablicas tornou-se uma realidade absurda em diversas cidades brasileiras. Confira no artigo de quem \u00e9 a responsabilidade Vivien Mello Suruagy* Ao contr\u00e1rio do que \u00e0s vezes se tem divulgado de maneira equivocada, em mais um p\u00e9ssimo exemplo de fake news no [&hellip;]\" \/>\n<meta property=\"og:url\" content=\"https:\/\/www.tvuai.com.br\/portal\/o-curto-circuito-na-regulamentacao-dos-postes-e-na-etica-da-informacao-ao-povo-saiba-para-quem-reclamar\/\" \/>\n<meta property=\"og:site_name\" content=\"TVUAI\" \/>\n<meta property=\"article:publisher\" content=\"http:\/\/www.facebook.com\/pages\/TV-Uai-Comunica%c3%a7%c3%a3o\/139062546157369\" \/>\n<meta property=\"article:published_time\" content=\"2025-03-27T14:05:37+00:00\" \/>\n<meta property=\"article:modified_time\" content=\"2025-03-31T22:57:35+00:00\" \/>\n<meta property=\"og:image\" content=\"https:\/\/www.tvuai.com.br\/portal\/wp-content\/uploads\/2025\/03\/cabos-soltos0.jpg\" \/>\n\t<meta property=\"og:image:width\" content=\"200\" \/>\n\t<meta property=\"og:image:height\" content=\"200\" \/>\n\t<meta property=\"og:image:type\" content=\"image\/jpeg\" \/>\n<meta name=\"author\" content=\"tvuai\" \/>\n<meta name=\"twitter:card\" content=\"summary_large_image\" \/>\n<meta name=\"twitter:creator\" content=\"@tvuai\" \/>\n<meta name=\"twitter:site\" content=\"@tvuai\" \/>\n<meta name=\"twitter:label1\" content=\"Escrito por\" \/>\n\t<meta name=\"twitter:data1\" content=\"tvuai\" \/>\n\t<meta name=\"twitter:label2\" content=\"Est. tempo de leitura\" \/>\n\t<meta name=\"twitter:data2\" content=\"5 minutos\" \/>\n<script type=\"application\/ld+json\" class=\"yoast-schema-graph\">{\"@context\":\"https:\/\/schema.org\",\"@graph\":[{\"@type\":\"Article\",\"@id\":\"https:\/\/www.tvuai.com.br\/portal\/o-curto-circuito-na-regulamentacao-dos-postes-e-na-etica-da-informacao-ao-povo-saiba-para-quem-reclamar\/#article\",\"isPartOf\":{\"@id\":\"https:\/\/www.tvuai.com.br\/portal\/o-curto-circuito-na-regulamentacao-dos-postes-e-na-etica-da-informacao-ao-povo-saiba-para-quem-reclamar\/\"},\"author\":{\"name\":\"tvuai\",\"@id\":\"https:\/\/www.tvuai.com.br\/portal\/#\/schema\/person\/245e50e9127451fd0b7fd76f519ebbfe\"},\"headline\":\"O curto-circuito na regulamenta\u00e7\u00e3o dos postes e na \u00e9tica da informa\u00e7\u00e3o ao povo. Saiba para quem reclamar\",\"datePublished\":\"2025-03-27T14:05:37+00:00\",\"dateModified\":\"2025-03-31T22:57:35+00:00\",\"mainEntityOfPage\":{\"@id\":\"https:\/\/www.tvuai.com.br\/portal\/o-curto-circuito-na-regulamentacao-dos-postes-e-na-etica-da-informacao-ao-povo-saiba-para-quem-reclamar\/\"},\"wordCount\":770,\"publisher\":{\"@id\":\"https:\/\/www.tvuai.com.br\/portal\/#organization\"},\"image\":{\"@id\":\"https:\/\/www.tvuai.com.br\/portal\/o-curto-circuito-na-regulamentacao-dos-postes-e-na-etica-da-informacao-ao-povo-saiba-para-quem-reclamar\/#primaryimage\"},\"thumbnailUrl\":\"https:\/\/i0.wp.com\/www.tvuai.com.br\/portal\/wp-content\/uploads\/2025\/03\/cabos-soltos0.jpg?fit=200%2C200&ssl=1\",\"keywords\":[\"Ag\u00eancia Nacional de Energia El\u00e9trica (Aneel)\",\"Ag\u00eancia Nacional de Telecomunica\u00e7\u00f5es (Anatel)\",\"Feninfra (Federa\u00e7\u00e3o Nacional de Call Center Instala\u00e7\u00e3o e Manuten\u00e7\u00e3o de Infraestrutura de Redes de Telecomunica\u00e7\u00f5es e Inform\u00e1tica)\",\"fios e cabos soltos\",\"Minas Gerais\",\"Pouso Alegre\",\"Sul de Minas\",\"TV Uai\",\"TV UAI Pouso Alegre\",\"TVUAI25\",\"Vivien Mello Suruagy\"],\"articleSection\":[\"Ci\u00eancia e Tecnologia\",\"Direito\",\"Not\u00edcias\",\"\u00daltimas Not\u00edcias\",\"Utilidade Publica\"],\"inLanguage\":\"pt-BR\"},{\"@type\":\"WebPage\",\"@id\":\"https:\/\/www.tvuai.com.br\/portal\/o-curto-circuito-na-regulamentacao-dos-postes-e-na-etica-da-informacao-ao-povo-saiba-para-quem-reclamar\/\",\"url\":\"https:\/\/www.tvuai.com.br\/portal\/o-curto-circuito-na-regulamentacao-dos-postes-e-na-etica-da-informacao-ao-povo-saiba-para-quem-reclamar\/\",\"name\":\"O curto-circuito na regulamenta\u00e7\u00e3o dos postes e na \u00e9tica da informa\u00e7\u00e3o ao povo. Saiba para quem reclamar - TVUAI\",\"isPartOf\":{\"@id\":\"https:\/\/www.tvuai.com.br\/portal\/#website\"},\"primaryImageOfPage\":{\"@id\":\"https:\/\/www.tvuai.com.br\/portal\/o-curto-circuito-na-regulamentacao-dos-postes-e-na-etica-da-informacao-ao-povo-saiba-para-quem-reclamar\/#primaryimage\"},\"image\":{\"@id\":\"https:\/\/www.tvuai.com.br\/portal\/o-curto-circuito-na-regulamentacao-dos-postes-e-na-etica-da-informacao-ao-povo-saiba-para-quem-reclamar\/#primaryimage\"},\"thumbnailUrl\":\"https:\/\/i0.wp.com\/www.tvuai.com.br\/portal\/wp-content\/uploads\/2025\/03\/cabos-soltos0.jpg?fit=200%2C200&ssl=1\",\"datePublished\":\"2025-03-27T14:05:37+00:00\",\"dateModified\":\"2025-03-31T22:57:35+00:00\",\"breadcrumb\":{\"@id\":\"https:\/\/www.tvuai.com.br\/portal\/o-curto-circuito-na-regulamentacao-dos-postes-e-na-etica-da-informacao-ao-povo-saiba-para-quem-reclamar\/#breadcrumb\"},\"inLanguage\":\"pt-BR\",\"potentialAction\":[{\"@type\":\"ReadAction\",\"target\":[\"https:\/\/www.tvuai.com.br\/portal\/o-curto-circuito-na-regulamentacao-dos-postes-e-na-etica-da-informacao-ao-povo-saiba-para-quem-reclamar\/\"]}]},{\"@type\":\"ImageObject\",\"inLanguage\":\"pt-BR\",\"@id\":\"https:\/\/www.tvuai.com.br\/portal\/o-curto-circuito-na-regulamentacao-dos-postes-e-na-etica-da-informacao-ao-povo-saiba-para-quem-reclamar\/#primaryimage\",\"url\":\"https:\/\/i0.wp.com\/www.tvuai.com.br\/portal\/wp-content\/uploads\/2025\/03\/cabos-soltos0.jpg?fit=200%2C200&ssl=1\",\"contentUrl\":\"https:\/\/i0.wp.com\/www.tvuai.com.br\/portal\/wp-content\/uploads\/2025\/03\/cabos-soltos0.jpg?fit=200%2C200&ssl=1\",\"width\":200,\"height\":200},{\"@type\":\"BreadcrumbList\",\"@id\":\"https:\/\/www.tvuai.com.br\/portal\/o-curto-circuito-na-regulamentacao-dos-postes-e-na-etica-da-informacao-ao-povo-saiba-para-quem-reclamar\/#breadcrumb\",\"itemListElement\":[{\"@type\":\"ListItem\",\"position\":1,\"name\":\"In\u00edcio\",\"item\":\"https:\/\/www.tvuai.com.br\/portal\/\"},{\"@type\":\"ListItem\",\"position\":2,\"name\":\"O curto-circuito na regulamenta\u00e7\u00e3o dos postes e na \u00e9tica da informa\u00e7\u00e3o ao povo. Saiba para quem reclamar\"}]},{\"@type\":\"WebSite\",\"@id\":\"https:\/\/www.tvuai.com.br\/portal\/#website\",\"url\":\"https:\/\/www.tvuai.com.br\/portal\/\",\"name\":\"TVUAI\",\"description\":\"Tudo sobre o Sul de Minas\",\"publisher\":{\"@id\":\"https:\/\/www.tvuai.com.br\/portal\/#organization\"},\"potentialAction\":[{\"@type\":\"SearchAction\",\"target\":{\"@type\":\"EntryPoint\",\"urlTemplate\":\"https:\/\/www.tvuai.com.br\/portal\/?s={search_term_string}\"},\"query-input\":{\"@type\":\"PropertyValueSpecification\",\"valueRequired\":true,\"valueName\":\"search_term_string\"}}],\"inLanguage\":\"pt-BR\"},{\"@type\":\"Organization\",\"@id\":\"https:\/\/www.tvuai.com.br\/portal\/#organization\",\"name\":\"TVUAI\",\"url\":\"https:\/\/www.tvuai.com.br\/portal\/\",\"logo\":{\"@type\":\"ImageObject\",\"inLanguage\":\"pt-BR\",\"@id\":\"https:\/\/www.tvuai.com.br\/portal\/#\/schema\/logo\/image\/\",\"url\":\"https:\/\/i0.wp.com\/www.tvuai.com.br\/portal\/wp-content\/uploads\/2017\/12\/logo_tvuai_100H.png?fit=207%2C100&ssl=1\",\"contentUrl\":\"https:\/\/i0.wp.com\/www.tvuai.com.br\/portal\/wp-content\/uploads\/2017\/12\/logo_tvuai_100H.png?fit=207%2C100&ssl=1\",\"width\":207,\"height\":100,\"caption\":\"TVUAI\"},\"image\":{\"@id\":\"https:\/\/www.tvuai.com.br\/portal\/#\/schema\/logo\/image\/\"},\"sameAs\":[\"http:\/\/www.facebook.com\/pages\/TV-Uai-Comunica\u00e7\u00e3o\/139062546157369\",\"https:\/\/x.com\/tvuai\",\"https:\/\/www.instagram.com\/tvuai_network\/\",\"https:\/\/www.youtube.com\/channel\/UCB7ZPB3wRv-OpoZ_09jmnkQ\"]},{\"@type\":\"Person\",\"@id\":\"https:\/\/www.tvuai.com.br\/portal\/#\/schema\/person\/245e50e9127451fd0b7fd76f519ebbfe\",\"name\":\"tvuai\",\"url\":\"https:\/\/www.tvuai.com.br\/portal\/author\/tvuai\/\"}]}<\/script>\n<!-- \/ Yoast SEO plugin. -->","yoast_head_json":{"title":"O curto-circuito na regulamenta\u00e7\u00e3o dos postes e na \u00e9tica da informa\u00e7\u00e3o ao povo. Saiba para quem reclamar - TVUAI","robots":{"index":"index","follow":"follow","max-snippet":"max-snippet:-1","max-image-preview":"max-image-preview:large","max-video-preview":"max-video-preview:-1"},"canonical":"https:\/\/www.tvuai.com.br\/portal\/o-curto-circuito-na-regulamentacao-dos-postes-e-na-etica-da-informacao-ao-povo-saiba-para-quem-reclamar\/","og_locale":"pt_BR","og_type":"article","og_title":"O curto-circuito na regulamenta\u00e7\u00e3o dos postes e na \u00e9tica da informa\u00e7\u00e3o ao povo. Saiba para quem reclamar - TVUAI","og_description":"A presen\u00e7a de fios e cabos soltos, pendurados nos postes ou ca\u00eddos nas vias p\u00fablicas tornou-se uma realidade absurda em diversas cidades brasileiras. Confira no artigo de quem \u00e9 a responsabilidade Vivien Mello Suruagy* Ao contr\u00e1rio do que \u00e0s vezes se tem divulgado de maneira equivocada, em mais um p\u00e9ssimo exemplo de fake news no [&hellip;]","og_url":"https:\/\/www.tvuai.com.br\/portal\/o-curto-circuito-na-regulamentacao-dos-postes-e-na-etica-da-informacao-ao-povo-saiba-para-quem-reclamar\/","og_site_name":"TVUAI","article_publisher":"http:\/\/www.facebook.com\/pages\/TV-Uai-Comunica%c3%a7%c3%a3o\/139062546157369","article_published_time":"2025-03-27T14:05:37+00:00","article_modified_time":"2025-03-31T22:57:35+00:00","og_image":[{"width":200,"height":200,"url":"https:\/\/www.tvuai.com.br\/portal\/wp-content\/uploads\/2025\/03\/cabos-soltos0.jpg","type":"image\/jpeg"}],"author":"tvuai","twitter_card":"summary_large_image","twitter_creator":"@tvuai","twitter_site":"@tvuai","twitter_misc":{"Escrito por":"tvuai","Est. tempo de leitura":"5 minutos"},"schema":{"@context":"https:\/\/schema.org","@graph":[{"@type":"Article","@id":"https:\/\/www.tvuai.com.br\/portal\/o-curto-circuito-na-regulamentacao-dos-postes-e-na-etica-da-informacao-ao-povo-saiba-para-quem-reclamar\/#article","isPartOf":{"@id":"https:\/\/www.tvuai.com.br\/portal\/o-curto-circuito-na-regulamentacao-dos-postes-e-na-etica-da-informacao-ao-povo-saiba-para-quem-reclamar\/"},"author":{"name":"tvuai","@id":"https:\/\/www.tvuai.com.br\/portal\/#\/schema\/person\/245e50e9127451fd0b7fd76f519ebbfe"},"headline":"O curto-circuito na regulamenta\u00e7\u00e3o dos postes e na \u00e9tica da informa\u00e7\u00e3o ao povo. Saiba para quem reclamar","datePublished":"2025-03-27T14:05:37+00:00","dateModified":"2025-03-31T22:57:35+00:00","mainEntityOfPage":{"@id":"https:\/\/www.tvuai.com.br\/portal\/o-curto-circuito-na-regulamentacao-dos-postes-e-na-etica-da-informacao-ao-povo-saiba-para-quem-reclamar\/"},"wordCount":770,"publisher":{"@id":"https:\/\/www.tvuai.com.br\/portal\/#organization"},"image":{"@id":"https:\/\/www.tvuai.com.br\/portal\/o-curto-circuito-na-regulamentacao-dos-postes-e-na-etica-da-informacao-ao-povo-saiba-para-quem-reclamar\/#primaryimage"},"thumbnailUrl":"https:\/\/i0.wp.com\/www.tvuai.com.br\/portal\/wp-content\/uploads\/2025\/03\/cabos-soltos0.jpg?fit=200%2C200&ssl=1","keywords":["Ag\u00eancia Nacional de Energia El\u00e9trica (Aneel)","Ag\u00eancia Nacional de Telecomunica\u00e7\u00f5es (Anatel)","Feninfra (Federa\u00e7\u00e3o Nacional de Call Center Instala\u00e7\u00e3o e Manuten\u00e7\u00e3o de Infraestrutura de Redes de Telecomunica\u00e7\u00f5es e Inform\u00e1tica)","fios e cabos soltos","Minas Gerais","Pouso Alegre","Sul de Minas","TV Uai","TV UAI Pouso Alegre","TVUAI25","Vivien Mello Suruagy"],"articleSection":["Ci\u00eancia e Tecnologia","Direito","Not\u00edcias","\u00daltimas Not\u00edcias","Utilidade Publica"],"inLanguage":"pt-BR"},{"@type":"WebPage","@id":"https:\/\/www.tvuai.com.br\/portal\/o-curto-circuito-na-regulamentacao-dos-postes-e-na-etica-da-informacao-ao-povo-saiba-para-quem-reclamar\/","url":"https:\/\/www.tvuai.com.br\/portal\/o-curto-circuito-na-regulamentacao-dos-postes-e-na-etica-da-informacao-ao-povo-saiba-para-quem-reclamar\/","name":"O curto-circuito na regulamenta\u00e7\u00e3o dos postes e na \u00e9tica da informa\u00e7\u00e3o ao povo. Saiba para quem reclamar - TVUAI","isPartOf":{"@id":"https:\/\/www.tvuai.com.br\/portal\/#website"},"primaryImageOfPage":{"@id":"https:\/\/www.tvuai.com.br\/portal\/o-curto-circuito-na-regulamentacao-dos-postes-e-na-etica-da-informacao-ao-povo-saiba-para-quem-reclamar\/#primaryimage"},"image":{"@id":"https:\/\/www.tvuai.com.br\/portal\/o-curto-circuito-na-regulamentacao-dos-postes-e-na-etica-da-informacao-ao-povo-saiba-para-quem-reclamar\/#primaryimage"},"thumbnailUrl":"https:\/\/i0.wp.com\/www.tvuai.com.br\/portal\/wp-content\/uploads\/2025\/03\/cabos-soltos0.jpg?fit=200%2C200&ssl=1","datePublished":"2025-03-27T14:05:37+00:00","dateModified":"2025-03-31T22:57:35+00:00","breadcrumb":{"@id":"https:\/\/www.tvuai.com.br\/portal\/o-curto-circuito-na-regulamentacao-dos-postes-e-na-etica-da-informacao-ao-povo-saiba-para-quem-reclamar\/#breadcrumb"},"inLanguage":"pt-BR","potentialAction":[{"@type":"ReadAction","target":["https:\/\/www.tvuai.com.br\/portal\/o-curto-circuito-na-regulamentacao-dos-postes-e-na-etica-da-informacao-ao-povo-saiba-para-quem-reclamar\/"]}]},{"@type":"ImageObject","inLanguage":"pt-BR","@id":"https:\/\/www.tvuai.com.br\/portal\/o-curto-circuito-na-regulamentacao-dos-postes-e-na-etica-da-informacao-ao-povo-saiba-para-quem-reclamar\/#primaryimage","url":"https:\/\/i0.wp.com\/www.tvuai.com.br\/portal\/wp-content\/uploads\/2025\/03\/cabos-soltos0.jpg?fit=200%2C200&ssl=1","contentUrl":"https:\/\/i0.wp.com\/www.tvuai.com.br\/portal\/wp-content\/uploads\/2025\/03\/cabos-soltos0.jpg?fit=200%2C200&ssl=1","width":200,"height":200},{"@type":"BreadcrumbList","@id":"https:\/\/www.tvuai.com.br\/portal\/o-curto-circuito-na-regulamentacao-dos-postes-e-na-etica-da-informacao-ao-povo-saiba-para-quem-reclamar\/#breadcrumb","itemListElement":[{"@type":"ListItem","position":1,"name":"In\u00edcio","item":"https:\/\/www.tvuai.com.br\/portal\/"},{"@type":"ListItem","position":2,"name":"O curto-circuito na regulamenta\u00e7\u00e3o dos postes e na \u00e9tica da informa\u00e7\u00e3o ao povo. Saiba para quem reclamar"}]},{"@type":"WebSite","@id":"https:\/\/www.tvuai.com.br\/portal\/#website","url":"https:\/\/www.tvuai.com.br\/portal\/","name":"TVUAI","description":"Tudo sobre o Sul de Minas","publisher":{"@id":"https:\/\/www.tvuai.com.br\/portal\/#organization"},"potentialAction":[{"@type":"SearchAction","target":{"@type":"EntryPoint","urlTemplate":"https:\/\/www.tvuai.com.br\/portal\/?s={search_term_string}"},"query-input":{"@type":"PropertyValueSpecification","valueRequired":true,"valueName":"search_term_string"}}],"inLanguage":"pt-BR"},{"@type":"Organization","@id":"https:\/\/www.tvuai.com.br\/portal\/#organization","name":"TVUAI","url":"https:\/\/www.tvuai.com.br\/portal\/","logo":{"@type":"ImageObject","inLanguage":"pt-BR","@id":"https:\/\/www.tvuai.com.br\/portal\/#\/schema\/logo\/image\/","url":"https:\/\/i0.wp.com\/www.tvuai.com.br\/portal\/wp-content\/uploads\/2017\/12\/logo_tvuai_100H.png?fit=207%2C100&ssl=1","contentUrl":"https:\/\/i0.wp.com\/www.tvuai.com.br\/portal\/wp-content\/uploads\/2017\/12\/logo_tvuai_100H.png?fit=207%2C100&ssl=1","width":207,"height":100,"caption":"TVUAI"},"image":{"@id":"https:\/\/www.tvuai.com.br\/portal\/#\/schema\/logo\/image\/"},"sameAs":["http:\/\/www.facebook.com\/pages\/TV-Uai-Comunica\u00e7\u00e3o\/139062546157369","https:\/\/x.com\/tvuai","https:\/\/www.instagram.com\/tvuai_network\/","https:\/\/www.youtube.com\/channel\/UCB7ZPB3wRv-OpoZ_09jmnkQ"]},{"@type":"Person","@id":"https:\/\/www.tvuai.com.br\/portal\/#\/schema\/person\/245e50e9127451fd0b7fd76f519ebbfe","name":"tvuai","url":"https:\/\/www.tvuai.com.br\/portal\/author\/tvuai\/"}]}},"jetpack_featured_media_url":"https:\/\/i0.wp.com\/www.tvuai.com.br\/portal\/wp-content\/uploads\/2025\/03\/cabos-soltos0.jpg?fit=200%2C200&ssl=1","wpmagazine_modules_lite_featured_media_urls":{"thumbnail":["https:\/\/i0.wp.com\/www.tvuai.com.br\/portal\/wp-content\/uploads\/2025\/03\/cabos-soltos0.jpg?resize=150%2C150&ssl=1",150,150,true],"cvmm-medium":["https:\/\/i0.wp.com\/www.tvuai.com.br\/portal\/wp-content\/uploads\/2025\/03\/cabos-soltos0.jpg?resize=200%2C200&ssl=1",200,200,true],"cvmm-medium-plus":["https:\/\/i0.wp.com\/www.tvuai.com.br\/portal\/wp-content\/uploads\/2025\/03\/cabos-soltos0.jpg?resize=200%2C200&ssl=1",200,200,true],"cvmm-portrait":["https:\/\/i0.wp.com\/www.tvuai.com.br\/portal\/wp-content\/uploads\/2025\/03\/cabos-soltos0.jpg?resize=200%2C200&ssl=1",200,200,true],"cvmm-medium-square":["https:\/\/i0.wp.com\/www.tvuai.com.br\/portal\/wp-content\/uploads\/2025\/03\/cabos-soltos0.jpg?resize=200%2C200&ssl=1",200,200,true],"cvmm-large":["https:\/\/i0.wp.com\/www.tvuai.com.br\/portal\/wp-content\/uploads\/2025\/03\/cabos-soltos0.jpg?resize=200%2C200&ssl=1",200,200,true],"cvmm-small":["https:\/\/i0.wp.com\/www.tvuai.com.br\/portal\/wp-content\/uploads\/2025\/03\/cabos-soltos0.jpg?resize=130%2C95&ssl=1",130,95,true],"full":["https:\/\/i0.wp.com\/www.tvuai.com.br\/portal\/wp-content\/uploads\/2025\/03\/cabos-soltos0.jpg?fit=200%2C200&ssl=1",200,200,false]},"categories_names":{"1642":{"name":"Ci\u00eancia e Tecnologia","link":"https:\/\/www.tvuai.com.br\/portal\/category\/tecnologia\/"},"1843":{"name":"Direito","link":"https:\/\/www.tvuai.com.br\/portal\/category\/direito\/"},"19":{"name":"Not\u00edcias","link":"https:\/\/www.tvuai.com.br\/portal\/category\/noticias\/"},"5":{"name":"\u00daltimas Not\u00edcias","link":"https:\/\/www.tvuai.com.br\/portal\/category\/noticias\/ultimas\/"},"1829":{"name":"Utilidade Publica","link":"https:\/\/www.tvuai.com.br\/portal\/category\/utilidade\/"}},"tags_names":{"5005":{"name":"Ag\u00eancia Nacional de Energia El\u00e9trica (Aneel)","link":"https:\/\/www.tvuai.com.br\/portal\/tag\/agencia-nacional-de-energia-eletrica-aneel\/"},"5082":{"name":"Ag\u00eancia Nacional de Telecomunica\u00e7\u00f5es (Anatel)","link":"https:\/\/www.tvuai.com.br\/portal\/tag\/agencia-nacional-de-telecomunicacoes-anatel\/"},"5081":{"name":"Feninfra (Federa\u00e7\u00e3o Nacional de Call Center Instala\u00e7\u00e3o e Manuten\u00e7\u00e3o de Infraestrutura de Redes de Telecomunica\u00e7\u00f5es e Inform\u00e1tica)","link":"https:\/\/www.tvuai.com.br\/portal\/tag\/feninfra-federacao-nacional-de-call-center-instalacao-e-manutencao-de-infraestrutura-de-redes-de-telecomunicacoes-e-informatica\/"},"5079":{"name":"fios e cabos soltos","link":"https:\/\/www.tvuai.com.br\/portal\/tag\/fios-e-cabos-soltos\/"},"184":{"name":"Minas Gerais","link":"https:\/\/www.tvuai.com.br\/portal\/tag\/minas-gerais\/"},"37":{"name":"Pouso Alegre","link":"https:\/\/www.tvuai.com.br\/portal\/tag\/pouso-alegre\/"},"39":{"name":"Sul de Minas","link":"https:\/\/www.tvuai.com.br\/portal\/tag\/sul-de-minas\/"},"27":{"name":"TV Uai","link":"https:\/\/www.tvuai.com.br\/portal\/tag\/tv-uai\/"},"1618":{"name":"TV UAI Pouso Alegre","link":"https:\/\/www.tvuai.com.br\/portal\/tag\/tv-uai-pouso-alegre\/"},"4796":{"name":"TVUAI25","link":"https:\/\/www.tvuai.com.br\/portal\/tag\/tvuai25\/"},"5080":{"name":"Vivien Mello Suruagy","link":"https:\/\/www.tvuai.com.br\/portal\/tag\/vivien-mello-suruagy\/"}},"comments_number":"0","jetpack_shortlink":"https:\/\/wp.me\/p9woix-2XL","jetpack_sharing_enabled":true,"_links":{"self":[{"href":"https:\/\/www.tvuai.com.br\/portal\/wp-json\/wp\/v2\/posts\/11393"}],"collection":[{"href":"https:\/\/www.tvuai.com.br\/portal\/wp-json\/wp\/v2\/posts"}],"about":[{"href":"https:\/\/www.tvuai.com.br\/portal\/wp-json\/wp\/v2\/types\/post"}],"author":[{"embeddable":true,"href":"https:\/\/www.tvuai.com.br\/portal\/wp-json\/wp\/v2\/users\/1"}],"replies":[{"embeddable":true,"href":"https:\/\/www.tvuai.com.br\/portal\/wp-json\/wp\/v2\/comments?post=11393"}],"version-history":[{"count":2,"href":"https:\/\/www.tvuai.com.br\/portal\/wp-json\/wp\/v2\/posts\/11393\/revisions"}],"predecessor-version":[{"id":11400,"href":"https:\/\/www.tvuai.com.br\/portal\/wp-json\/wp\/v2\/posts\/11393\/revisions\/11400"}],"wp:featuredmedia":[{"embeddable":true,"href":"https:\/\/www.tvuai.com.br\/portal\/wp-json\/wp\/v2\/media\/11395"}],"wp:attachment":[{"href":"https:\/\/www.tvuai.com.br\/portal\/wp-json\/wp\/v2\/media?parent=11393"}],"wp:term":[{"taxonomy":"category","embeddable":true,"href":"https:\/\/www.tvuai.com.br\/portal\/wp-json\/wp\/v2\/categories?post=11393"},{"taxonomy":"post_tag","embeddable":true,"href":"https:\/\/www.tvuai.com.br\/portal\/wp-json\/wp\/v2\/tags?post=11393"}],"curies":[{"name":"wp","href":"https:\/\/api.w.org\/{rel}","templated":true}]}}