{"id":11348,"date":"2025-03-24T18:30:06","date_gmt":"2025-03-24T21:30:06","guid":{"rendered":"https:\/\/www.tvuai.com.br\/portal\/?p=11348"},"modified":"2025-03-27T12:19:28","modified_gmt":"2025-03-27T15:19:28","slug":"partiu-if-ifsuldeminas-oferece-cursinho-gratuito-com-bolsa-de-r-200-em-pouso-alegre-e-outras-cidades-da-regiao","status":"publish","type":"post","link":"https:\/\/www.tvuai.com.br\/portal\/partiu-if-ifsuldeminas-oferece-cursinho-gratuito-com-bolsa-de-r-200-em-pouso-alegre-e-outras-cidades-da-regiao\/","title":{"rendered":"Partiu IF! IFSULDEMINAS oferece cursinho gratuito com bolsa de R$ 200 em Pouso Alegre e outras cidades da regi\u00e3o"},"content":{"rendered":"<div class=\"5a1038e0903b96d426fcfcc338703013\" data-index=\"1\" style=\"float: right; margin:10px 0 10px 10px;\">\n<script async src=\"https:\/\/pagead2.googlesyndication.com\/pagead\/js\/adsbygoogle.js?client=ca-pub-9945944833605257\"\r\n     crossorigin=\"anonymous\"><\/script>\r\n<ins class=\"adsbygoogle\"\r\n     style=\"display:block; text-align:center;\"\r\n     data-ad-layout=\"in-article\"\r\n     data-ad-format=\"fluid\"\r\n     data-ad-client=\"ca-pub-9945944833605257\"\r\n     data-ad-slot=\"2343923581\"><\/ins>\r\n<script>\r\n     (adsbygoogle = window.adsbygoogle || []).push({});\r\n<\/script>\n<\/div>\n<h5 style=\"text-align: center;\" data-pm-slice=\"1 1 []\"><em><img data-recalc-dims=\"1\" decoding=\"async\" data-attachment-id=\"11353\" data-permalink=\"https:\/\/www.tvuai.com.br\/portal\/partiu-if-ifsuldeminas-oferece-cursinho-gratuito-com-bolsa-de-r-200-em-pouso-alegre-e-outras-cidades-da-regiao\/curso-ifsuldeminas2\/\" data-orig-file=\"https:\/\/i0.wp.com\/www.tvuai.com.br\/portal\/wp-content\/uploads\/2025\/03\/curso-IFSULDEMINAS2.jpg?fit=1920%2C579&amp;ssl=1\" data-orig-size=\"1920,579\" data-comments-opened=\"0\" data-image-meta=\"{&quot;aperture&quot;:&quot;0&quot;,&quot;credit&quot;:&quot;&quot;,&quot;camera&quot;:&quot;&quot;,&quot;caption&quot;:&quot;&quot;,&quot;created_timestamp&quot;:&quot;0&quot;,&quot;copyright&quot;:&quot;&quot;,&quot;focal_length&quot;:&quot;0&quot;,&quot;iso&quot;:&quot;0&quot;,&quot;shutter_speed&quot;:&quot;0&quot;,&quot;title&quot;:&quot;&quot;,&quot;orientation&quot;:&quot;1&quot;}\" data-image-title=\"curso IFSULDEMINAS2\" data-image-description=\"\" data-image-caption=\"\" data-medium-file=\"https:\/\/i0.wp.com\/www.tvuai.com.br\/portal\/wp-content\/uploads\/2025\/03\/curso-IFSULDEMINAS2.jpg?fit=300%2C90&amp;ssl=1\" data-large-file=\"https:\/\/i0.wp.com\/www.tvuai.com.br\/portal\/wp-content\/uploads\/2025\/03\/curso-IFSULDEMINAS2.jpg?fit=640%2C193&amp;ssl=1\" tabindex=\"0\" role=\"button\" class=\"size-medium wp-image-11353 aligncenter\" src=\"https:\/\/i0.wp.com\/www.tvuai.com.br\/portal\/wp-content\/uploads\/2025\/03\/curso-IFSULDEMINAS2.jpg?resize=300%2C90&#038;ssl=1\" alt=\"\" width=\"300\" height=\"90\" srcset=\"https:\/\/i0.wp.com\/www.tvuai.com.br\/portal\/wp-content\/uploads\/2025\/03\/curso-IFSULDEMINAS2.jpg?resize=300%2C90&amp;ssl=1 300w, https:\/\/i0.wp.com\/www.tvuai.com.br\/portal\/wp-content\/uploads\/2025\/03\/curso-IFSULDEMINAS2.jpg?resize=1024%2C309&amp;ssl=1 1024w, https:\/\/i0.wp.com\/www.tvuai.com.br\/portal\/wp-content\/uploads\/2025\/03\/curso-IFSULDEMINAS2.jpg?resize=768%2C232&amp;ssl=1 768w, https:\/\/i0.wp.com\/www.tvuai.com.br\/portal\/wp-content\/uploads\/2025\/03\/curso-IFSULDEMINAS2.jpg?resize=1536%2C463&amp;ssl=1 1536w, https:\/\/i0.wp.com\/www.tvuai.com.br\/portal\/wp-content\/uploads\/2025\/03\/curso-IFSULDEMINAS2.jpg?w=1920&amp;ssl=1 1920w, https:\/\/i0.wp.com\/www.tvuai.com.br\/portal\/wp-content\/uploads\/2025\/03\/curso-IFSULDEMINAS2.jpg?w=1280&amp;ssl=1 1280w\" sizes=\"(max-width: 300px) 100vw, 300px\" \/>IFSULDEMINAS abre 360 vagas para cursinho preparat\u00f3rio gratuito com aux\u00edlio financeiro<\/em><br \/>\n<em>S\u00e3o 40 vagas em cada\u00a0 uma destas cudades: Inconfidentes, Machado, Muzambinho, Passos, Po\u00e7os de Caldas,\u00a0 \u00a0 \u00a0 \u00a0 \u00a0 \u00a0 \u00a0 \u00a0 \u00a0Pouso Alegre, Carmo de Minas, Tr\u00eas Cora\u00e7\u00f5es e Itajub\u00e1. Matr\u00edculas at\u00e9 28 de mar\u00e7o<\/em><\/h5>\n<p>O Instituto Federal do Sul de Minas Gerais (IFSULDEMINAS) est\u00e1 com inscri\u00e7\u00f5es abertas para seu cursinho pr\u00e9-vestibular voltado a estudantes em situa\u00e7\u00e3o de vulnerabilidade social que desejam ingressar no Ensino T\u00e9cnico Integrado da institui\u00e7\u00e3o. Ao todo, s\u00e3o 360 vagas dispon\u00edveis e os selecionados receber\u00e3o um aux\u00edlio financeiro mensal de R$ 200,00.<\/p>\n<p>O cursinho \u00e9 totalmente gratuito e destinado a alunos do 9\u00ba ano do Ensino Fundamental que tenham estudado integralmente em escolas p\u00fablicas. O processo seletivo prioriza estudantes negros, quilombolas, ind\u00edgenas, pessoas com defici\u00eancia e aqueles pertencentes a fam\u00edlias com renda per capita de at\u00e9 um sal\u00e1rio-m\u00ednimo. Os interessados devem se inscrever at\u00e9 o dia 28 de mar\u00e7o,<span style=\"color: #000080;\"><strong><a style=\"color: #000080;\" href=\"https:\/\/accounts.google.com\/v3\/signin\/confirmidentifier?authuser=0&amp;continue=https%3A%2F%2Fdocs.google.com%2Fforms%2Fd%2Fe%2F1FAIpQLScMRvJ0jpwffFYhDfM3fu7yVRJuoTOg92gbvggWTAH7j9W6Pg%2Fviewform%3Fusp%3Dheader&amp;followup=https%3A%2F%2Fdocs.google.com%2Fforms%2Fd%2Fe%2F1FAIpQLScMRvJ0jpwffFYhDfM3fu7yVRJuoTOg92gbvggWTAH7j9W6Pg%2Fviewform%3Fusp%3Dheader&amp;ifkv=ASSHykp31ceEmtX_I8Cy9-F-vormEyf9VSCMwEx3LKm60svCyWw4On456J-j5l7qrnr9VWeGO6TGzA&amp;ltmpl=forms&amp;osid=1&amp;passive=1209600&amp;service=wise&amp;flowName=GlifWebSignIn&amp;flowEntry=ServiceLogin&amp;dsh=S-1660630405%3A1741631543927961&amp;ddm=1\"> por meio de um formul\u00e1rio eletr\u00f4nico<\/a><\/strong><\/span>. Mais detalhes sobre os crit\u00e9rios de participa\u00e7\u00e3o podem ser <span style=\"color: #000080;\"><strong><a style=\"color: #000080;\" href=\"https:\/\/portal.ifsuldeminas.edu.br\/index.php\/pro-reitoria-extensao\/editais-proex\/171-bolsas-de-extensao\/6814-edital-70-2025-partiu-if\">consultados no edital 70\/2025<\/a><\/strong><\/span>.<\/p>\n<p>As aulas abranger\u00e3o conte\u00fados de L\u00edngua Portuguesa, Matem\u00e1tica e Ci\u00eancias da Natureza, alinhados ao processo seletivo para os cursos t\u00e9cnicos integrados ao Ensino M\u00e9dio do IFSULDEMINAS. Al\u00e9m disso, os alunos ter\u00e3o acesso a oficinas de reda\u00e7\u00e3o e atendimento psicopedag\u00f3gico.<\/p>\n<p>A sele\u00e7\u00e3o dos candidatos ser\u00e1 realizada por meio da an\u00e1lise documental, a fim de comprovar o cumprimento dos crit\u00e9rios estabelecidos. Ap\u00f3s essa etapa, um sorteio eletr\u00f4nico definir\u00e1 os participantes.<\/p>\n<p><img data-recalc-dims=\"1\" decoding=\"async\" data-attachment-id=\"11351\" data-permalink=\"https:\/\/www.tvuai.com.br\/portal\/partiu-if-ifsuldeminas-oferece-cursinho-gratuito-com-bolsa-de-r-200-em-pouso-alegre-e-outras-cidades-da-regiao\/curso-ifsuldeminas1\/\" data-orig-file=\"https:\/\/i0.wp.com\/www.tvuai.com.br\/portal\/wp-content\/uploads\/2025\/03\/curso-IFSULDEMINAS1.jpg?fit=2000%2C671&amp;ssl=1\" data-orig-size=\"2000,671\" data-comments-opened=\"0\" data-image-meta=\"{&quot;aperture&quot;:&quot;0&quot;,&quot;credit&quot;:&quot;&quot;,&quot;camera&quot;:&quot;&quot;,&quot;caption&quot;:&quot;&quot;,&quot;created_timestamp&quot;:&quot;0&quot;,&quot;copyright&quot;:&quot;&quot;,&quot;focal_length&quot;:&quot;0&quot;,&quot;iso&quot;:&quot;0&quot;,&quot;shutter_speed&quot;:&quot;0&quot;,&quot;title&quot;:&quot;&quot;,&quot;orientation&quot;:&quot;0&quot;}\" data-image-title=\"curso IFSULDEMINAS1\" data-image-description=\"\" data-image-caption=\"\" data-medium-file=\"https:\/\/i0.wp.com\/www.tvuai.com.br\/portal\/wp-content\/uploads\/2025\/03\/curso-IFSULDEMINAS1.jpg?fit=300%2C101&amp;ssl=1\" data-large-file=\"https:\/\/i0.wp.com\/www.tvuai.com.br\/portal\/wp-content\/uploads\/2025\/03\/curso-IFSULDEMINAS1.jpg?fit=640%2C215&amp;ssl=1\" tabindex=\"0\" role=\"button\" class=\"size-medium wp-image-11351 alignright\" src=\"https:\/\/i0.wp.com\/www.tvuai.com.br\/portal\/wp-content\/uploads\/2025\/03\/curso-IFSULDEMINAS1.jpg?resize=300%2C101&#038;ssl=1\" alt=\"\" width=\"300\" height=\"101\" srcset=\"https:\/\/i0.wp.com\/www.tvuai.com.br\/portal\/wp-content\/uploads\/2025\/03\/curso-IFSULDEMINAS1.jpg?resize=300%2C101&amp;ssl=1 300w, https:\/\/i0.wp.com\/www.tvuai.com.br\/portal\/wp-content\/uploads\/2025\/03\/curso-IFSULDEMINAS1.jpg?resize=1024%2C344&amp;ssl=1 1024w, https:\/\/i0.wp.com\/www.tvuai.com.br\/portal\/wp-content\/uploads\/2025\/03\/curso-IFSULDEMINAS1.jpg?resize=768%2C258&amp;ssl=1 768w, https:\/\/i0.wp.com\/www.tvuai.com.br\/portal\/wp-content\/uploads\/2025\/03\/curso-IFSULDEMINAS1.jpg?resize=1536%2C515&amp;ssl=1 1536w, https:\/\/i0.wp.com\/www.tvuai.com.br\/portal\/wp-content\/uploads\/2025\/03\/curso-IFSULDEMINAS1.jpg?w=2000&amp;ssl=1 2000w, https:\/\/i0.wp.com\/www.tvuai.com.br\/portal\/wp-content\/uploads\/2025\/03\/curso-IFSULDEMINAS1.jpg?w=1280&amp;ssl=1 1280w, https:\/\/i0.wp.com\/www.tvuai.com.br\/portal\/wp-content\/uploads\/2025\/03\/curso-IFSULDEMINAS1.jpg?w=1920&amp;ssl=1 1920w\" sizes=\"(max-width: 300px) 100vw, 300px\" \/>Com dura\u00e7\u00e3o de oito meses, o curso ser\u00e1 ministrado presencialmente em diferentes campi da institui\u00e7\u00e3o, incluindo Inconfidentes, Machado, Muzambinho, Passos, Po\u00e7os de Caldas, Pouso Alegre, Carmo de Minas, Tr\u00eas Cora\u00e7\u00f5es e Itajub\u00e1, onde o <span style=\"color: #000080;\"><strong><a style=\"color: #000080;\" href=\"https:\/\/portal.ifsuldeminas.edu.br\/index.php\/noticias-proex\/6812-partiu-if-selecao-de-alunos\">IFSULDEMINAS<\/a><\/strong><\/span> est\u00e1 em processo de implanta\u00e7\u00e3o de um novo campus. As aulas acontecer\u00e3o duas vezes por semana, no per\u00edodo da tarde, e cada campus oferecer\u00e1 40 vagas.<\/p>\n<p>Essa iniciativa faz parte do Programa Nacional de Promo\u00e7\u00e3o de Igualdade de Oportunidades para Acesso de Estudantes da Rede P\u00fablica de Ensino \u00e0 Rede Federal de Educa\u00e7\u00e3o Profissional (Partiu IF). O objetivo \u00e9 proporcionar refor\u00e7o escolar essencial para que alunos em situa\u00e7\u00e3o de vulnerabilidade social tenham melhores condi\u00e7\u00f5es de ingresso e perman\u00eancia nos cursos t\u00e9cnicos integrados ao Ensino M\u00e9dio oferecidos pela institui\u00e7\u00e3o.<\/p>\n<h6 style=\"text-align: right;\"><em><strong>Com informa\u00e7\u00f5es de Renata Silveira<\/strong><\/em><\/h6>\n\n<div style=\"font-size: 0px; height: 0px; line-height: 0px; margin: 0; padding: 0; clear: both;\"><\/div><div class='share-to-whatsapp-wrapper'><div class='share-on-whsp'>Share on: <\/div><a data-text='Partiu IF! IFSULDEMINAS oferece cursinho gratuito com bolsa de R$ 200 em Pouso Alegre e outras cidades da regi\u00e3o' data-link='https:\/\/www.tvuai.com.br\/portal\/partiu-if-ifsuldeminas-oferece-cursinho-gratuito-com-bolsa-de-r-200-em-pouso-alegre-e-outras-cidades-da-regiao\/' class='whatsapp-button whatsapp-share'>WhatsApp<\/a><div class='clear '><\/div><\/div><!-- AddThis Advanced Settings generic via filter on the_content --><!-- AddThis Share Buttons generic via filter on the_content -->","protected":false},"excerpt":{"rendered":"<p>IFSULDEMINAS abre 360 vagas para cursinho preparat\u00f3rio gratuito com aux\u00edlio financeiro S\u00e3o 40 vagas em cada\u00a0 uma destas cudades: Inconfidentes, Machado, Muzambinho, Passos, Po\u00e7os de Caldas,\u00a0 \u00a0 \u00a0 \u00a0 \u00a0 \u00a0 \u00a0 \u00a0 \u00a0Pouso Alegre, Carmo de Minas, Tr\u00eas Cora\u00e7\u00f5es e Itajub\u00e1. Matr\u00edculas at\u00e9 28 de mar\u00e7o O Instituto Federal do Sul de Minas Gerais [&hellip;]<!-- AddThis Advanced Settings generic via filter on get_the_excerpt --><!-- AddThis Share Buttons generic via filter on get_the_excerpt --><\/p>\n","protected":false},"author":1,"featured_media":11350,"comment_status":"closed","ping_status":"closed","sticky":false,"template":"","format":"standard","meta":{"jetpack_post_was_ever_published":false,"_jetpack_newsletter_access":"","_jetpack_dont_email_post_to_subs":false,"_jetpack_newsletter_tier_id":0,"_jetpack_memberships_contains_paywalled_content":false,"_jetpack_memberships_contains_paid_content":false,"_joinchat":[],"footnotes":"","jetpack_publicize_message":"","jetpack_publicize_feature_enabled":true,"jetpack_social_post_already_shared":false,"jetpack_social_options":{"image_generator_settings":{"template":"highway","enabled":false},"version":2}},"categories":[1845,19,5,1829],"tags":[2741,5055,539,4208,991,1924,184,3375,5054,2415,348,37,2748,39,1009,27,1618,4796],"class_list":["post-11348","post","type-post","status-publish","format-standard","has-post-thumbnail","hentry","category-educacao","category-noticias","category-ultimas","category-utilidade","tag-carmo-de-minas","tag-ensino-medio-do-ifsuldeminas","tag-inconfidentes","tag-instituto-federal-do-sul-de-minas-gerais-ifsuldeminas","tag-itajuba","tag-machado","tag-minas-gerais","tag-muzambinho","tag-partiu-if","tag-passos","tag-pocos-de-caldas","tag-pouso-alegre","tag-renata-silveira","tag-sul-de-minas","tag-tres-coracoes","tag-tv-uai","tag-tv-uai-pouso-alegre","tag-tvuai25"],"jetpack_publicize_connections":[],"yoast_head":"<!-- This site is optimized with the Yoast SEO plugin v23.5 - https:\/\/yoast.com\/wordpress\/plugins\/seo\/ -->\n<title>Partiu IF! IFSULDEMINAS oferece cursinho gratuito com bolsa de R$ 200 em Pouso Alegre e outras cidades da regi\u00e3o - TVUAI<\/title>\n<meta name=\"robots\" content=\"index, follow, max-snippet:-1, max-image-preview:large, max-video-preview:-1\" \/>\n<link rel=\"canonical\" href=\"https:\/\/www.tvuai.com.br\/portal\/partiu-if-ifsuldeminas-oferece-cursinho-gratuito-com-bolsa-de-r-200-em-pouso-alegre-e-outras-cidades-da-regiao\/\" \/>\n<meta property=\"og:locale\" content=\"pt_BR\" \/>\n<meta property=\"og:type\" content=\"article\" \/>\n<meta property=\"og:title\" content=\"Partiu IF! IFSULDEMINAS oferece cursinho gratuito com bolsa de R$ 200 em Pouso Alegre e outras cidades da regi\u00e3o - TVUAI\" \/>\n<meta property=\"og:description\" content=\"IFSULDEMINAS abre 360 vagas para cursinho preparat\u00f3rio gratuito com aux\u00edlio financeiro S\u00e3o 40 vagas em cada\u00a0 uma destas cudades: Inconfidentes, Machado, Muzambinho, Passos, Po\u00e7os de Caldas,\u00a0 \u00a0 \u00a0 \u00a0 \u00a0 \u00a0 \u00a0 \u00a0 \u00a0Pouso Alegre, Carmo de Minas, Tr\u00eas Cora\u00e7\u00f5es e Itajub\u00e1. Matr\u00edculas at\u00e9 28 de mar\u00e7o O Instituto Federal do Sul de Minas Gerais [&hellip;]\" \/>\n<meta property=\"og:url\" content=\"https:\/\/www.tvuai.com.br\/portal\/partiu-if-ifsuldeminas-oferece-cursinho-gratuito-com-bolsa-de-r-200-em-pouso-alegre-e-outras-cidades-da-regiao\/\" \/>\n<meta property=\"og:site_name\" content=\"TVUAI\" \/>\n<meta property=\"article:publisher\" content=\"http:\/\/www.facebook.com\/pages\/TV-Uai-Comunica%c3%a7%c3%a3o\/139062546157369\" \/>\n<meta property=\"article:published_time\" content=\"2025-03-24T21:30:06+00:00\" \/>\n<meta property=\"article:modified_time\" content=\"2025-03-27T15:19:28+00:00\" \/>\n<meta property=\"og:image\" content=\"https:\/\/www.tvuai.com.br\/portal\/wp-content\/uploads\/2025\/03\/curso-IFSULDEMINAS0.jpg\" \/>\n\t<meta property=\"og:image:width\" content=\"200\" \/>\n\t<meta property=\"og:image:height\" content=\"200\" \/>\n\t<meta property=\"og:image:type\" content=\"image\/jpeg\" \/>\n<meta name=\"author\" content=\"tvuai\" \/>\n<meta name=\"twitter:card\" content=\"summary_large_image\" \/>\n<meta name=\"twitter:creator\" content=\"@tvuai\" \/>\n<meta name=\"twitter:site\" content=\"@tvuai\" \/>\n<meta name=\"twitter:label1\" content=\"Escrito por\" \/>\n\t<meta name=\"twitter:data1\" content=\"tvuai\" \/>\n\t<meta name=\"twitter:label2\" content=\"Est. tempo de leitura\" \/>\n\t<meta name=\"twitter:data2\" content=\"3 minutos\" \/>\n<script type=\"application\/ld+json\" class=\"yoast-schema-graph\">{\"@context\":\"https:\/\/schema.org\",\"@graph\":[{\"@type\":\"Article\",\"@id\":\"https:\/\/www.tvuai.com.br\/portal\/partiu-if-ifsuldeminas-oferece-cursinho-gratuito-com-bolsa-de-r-200-em-pouso-alegre-e-outras-cidades-da-regiao\/#article\",\"isPartOf\":{\"@id\":\"https:\/\/www.tvuai.com.br\/portal\/partiu-if-ifsuldeminas-oferece-cursinho-gratuito-com-bolsa-de-r-200-em-pouso-alegre-e-outras-cidades-da-regiao\/\"},\"author\":{\"name\":\"tvuai\",\"@id\":\"https:\/\/www.tvuai.com.br\/portal\/#\/schema\/person\/245e50e9127451fd0b7fd76f519ebbfe\"},\"headline\":\"Partiu IF! IFSULDEMINAS oferece cursinho gratuito com bolsa de R$ 200 em Pouso Alegre e outras cidades da regi\u00e3o\",\"datePublished\":\"2025-03-24T21:30:06+00:00\",\"dateModified\":\"2025-03-27T15:19:28+00:00\",\"mainEntityOfPage\":{\"@id\":\"https:\/\/www.tvuai.com.br\/portal\/partiu-if-ifsuldeminas-oferece-cursinho-gratuito-com-bolsa-de-r-200-em-pouso-alegre-e-outras-cidades-da-regiao\/\"},\"wordCount\":433,\"publisher\":{\"@id\":\"https:\/\/www.tvuai.com.br\/portal\/#organization\"},\"image\":{\"@id\":\"https:\/\/www.tvuai.com.br\/portal\/partiu-if-ifsuldeminas-oferece-cursinho-gratuito-com-bolsa-de-r-200-em-pouso-alegre-e-outras-cidades-da-regiao\/#primaryimage\"},\"thumbnailUrl\":\"https:\/\/i0.wp.com\/www.tvuai.com.br\/portal\/wp-content\/uploads\/2025\/03\/curso-IFSULDEMINAS0.jpg?fit=200%2C200&ssl=1\",\"keywords\":[\"Carmo de Minas\",\"Ensino M\u00e9dio do IFSULDEMINAS\",\"Inconfidentes\",\"Instituto Federal do Sul de Minas Gerais (IFSULDEMINAS)\",\"Itajub\u00e1\",\"Machado\",\"Minas Gerais\",\"Muzambinho\",\"Partiu IF\",\"Passos\",\"Po\u00e7os de Caldas\",\"Pouso Alegre\",\"Renata Silveira\",\"Sul de Minas\",\"Tr\u00eas Cora\u00e7\u00f5es\",\"TV Uai\",\"TV UAI Pouso Alegre\",\"TVUAI25\"],\"articleSection\":[\"Educa\u00e7\u00e3o\",\"Not\u00edcias\",\"\u00daltimas Not\u00edcias\",\"Utilidade Publica\"],\"inLanguage\":\"pt-BR\"},{\"@type\":\"WebPage\",\"@id\":\"https:\/\/www.tvuai.com.br\/portal\/partiu-if-ifsuldeminas-oferece-cursinho-gratuito-com-bolsa-de-r-200-em-pouso-alegre-e-outras-cidades-da-regiao\/\",\"url\":\"https:\/\/www.tvuai.com.br\/portal\/partiu-if-ifsuldeminas-oferece-cursinho-gratuito-com-bolsa-de-r-200-em-pouso-alegre-e-outras-cidades-da-regiao\/\",\"name\":\"Partiu IF! IFSULDEMINAS oferece cursinho gratuito com bolsa de R$ 200 em Pouso Alegre e outras cidades da regi\u00e3o - TVUAI\",\"isPartOf\":{\"@id\":\"https:\/\/www.tvuai.com.br\/portal\/#website\"},\"primaryImageOfPage\":{\"@id\":\"https:\/\/www.tvuai.com.br\/portal\/partiu-if-ifsuldeminas-oferece-cursinho-gratuito-com-bolsa-de-r-200-em-pouso-alegre-e-outras-cidades-da-regiao\/#primaryimage\"},\"image\":{\"@id\":\"https:\/\/www.tvuai.com.br\/portal\/partiu-if-ifsuldeminas-oferece-cursinho-gratuito-com-bolsa-de-r-200-em-pouso-alegre-e-outras-cidades-da-regiao\/#primaryimage\"},\"thumbnailUrl\":\"https:\/\/i0.wp.com\/www.tvuai.com.br\/portal\/wp-content\/uploads\/2025\/03\/curso-IFSULDEMINAS0.jpg?fit=200%2C200&ssl=1\",\"datePublished\":\"2025-03-24T21:30:06+00:00\",\"dateModified\":\"2025-03-27T15:19:28+00:00\",\"breadcrumb\":{\"@id\":\"https:\/\/www.tvuai.com.br\/portal\/partiu-if-ifsuldeminas-oferece-cursinho-gratuito-com-bolsa-de-r-200-em-pouso-alegre-e-outras-cidades-da-regiao\/#breadcrumb\"},\"inLanguage\":\"pt-BR\",\"potentialAction\":[{\"@type\":\"ReadAction\",\"target\":[\"https:\/\/www.tvuai.com.br\/portal\/partiu-if-ifsuldeminas-oferece-cursinho-gratuito-com-bolsa-de-r-200-em-pouso-alegre-e-outras-cidades-da-regiao\/\"]}]},{\"@type\":\"ImageObject\",\"inLanguage\":\"pt-BR\",\"@id\":\"https:\/\/www.tvuai.com.br\/portal\/partiu-if-ifsuldeminas-oferece-cursinho-gratuito-com-bolsa-de-r-200-em-pouso-alegre-e-outras-cidades-da-regiao\/#primaryimage\",\"url\":\"https:\/\/i0.wp.com\/www.tvuai.com.br\/portal\/wp-content\/uploads\/2025\/03\/curso-IFSULDEMINAS0.jpg?fit=200%2C200&ssl=1\",\"contentUrl\":\"https:\/\/i0.wp.com\/www.tvuai.com.br\/portal\/wp-content\/uploads\/2025\/03\/curso-IFSULDEMINAS0.jpg?fit=200%2C200&ssl=1\",\"width\":200,\"height\":200},{\"@type\":\"BreadcrumbList\",\"@id\":\"https:\/\/www.tvuai.com.br\/portal\/partiu-if-ifsuldeminas-oferece-cursinho-gratuito-com-bolsa-de-r-200-em-pouso-alegre-e-outras-cidades-da-regiao\/#breadcrumb\",\"itemListElement\":[{\"@type\":\"ListItem\",\"position\":1,\"name\":\"In\u00edcio\",\"item\":\"https:\/\/www.tvuai.com.br\/portal\/\"},{\"@type\":\"ListItem\",\"position\":2,\"name\":\"Partiu IF! IFSULDEMINAS oferece cursinho gratuito com bolsa de R$ 200 em Pouso Alegre e outras cidades da regi\u00e3o\"}]},{\"@type\":\"WebSite\",\"@id\":\"https:\/\/www.tvuai.com.br\/portal\/#website\",\"url\":\"https:\/\/www.tvuai.com.br\/portal\/\",\"name\":\"TVUAI\",\"description\":\"Tudo sobre o Sul de Minas\",\"publisher\":{\"@id\":\"https:\/\/www.tvuai.com.br\/portal\/#organization\"},\"potentialAction\":[{\"@type\":\"SearchAction\",\"target\":{\"@type\":\"EntryPoint\",\"urlTemplate\":\"https:\/\/www.tvuai.com.br\/portal\/?s={search_term_string}\"},\"query-input\":{\"@type\":\"PropertyValueSpecification\",\"valueRequired\":true,\"valueName\":\"search_term_string\"}}],\"inLanguage\":\"pt-BR\"},{\"@type\":\"Organization\",\"@id\":\"https:\/\/www.tvuai.com.br\/portal\/#organization\",\"name\":\"TVUAI\",\"url\":\"https:\/\/www.tvuai.com.br\/portal\/\",\"logo\":{\"@type\":\"ImageObject\",\"inLanguage\":\"pt-BR\",\"@id\":\"https:\/\/www.tvuai.com.br\/portal\/#\/schema\/logo\/image\/\",\"url\":\"https:\/\/i0.wp.com\/www.tvuai.com.br\/portal\/wp-content\/uploads\/2017\/12\/logo_tvuai_100H.png?fit=207%2C100&ssl=1\",\"contentUrl\":\"https:\/\/i0.wp.com\/www.tvuai.com.br\/portal\/wp-content\/uploads\/2017\/12\/logo_tvuai_100H.png?fit=207%2C100&ssl=1\",\"width\":207,\"height\":100,\"caption\":\"TVUAI\"},\"image\":{\"@id\":\"https:\/\/www.tvuai.com.br\/portal\/#\/schema\/logo\/image\/\"},\"sameAs\":[\"http:\/\/www.facebook.com\/pages\/TV-Uai-Comunica\u00e7\u00e3o\/139062546157369\",\"https:\/\/x.com\/tvuai\",\"https:\/\/www.instagram.com\/tvuai_network\/\",\"https:\/\/www.youtube.com\/channel\/UCB7ZPB3wRv-OpoZ_09jmnkQ\"]},{\"@type\":\"Person\",\"@id\":\"https:\/\/www.tvuai.com.br\/portal\/#\/schema\/person\/245e50e9127451fd0b7fd76f519ebbfe\",\"name\":\"tvuai\",\"url\":\"https:\/\/www.tvuai.com.br\/portal\/author\/tvuai\/\"}]}<\/script>\n<!-- \/ Yoast SEO plugin. -->","yoast_head_json":{"title":"Partiu IF! IFSULDEMINAS oferece cursinho gratuito com bolsa de R$ 200 em Pouso Alegre e outras cidades da regi\u00e3o - TVUAI","robots":{"index":"index","follow":"follow","max-snippet":"max-snippet:-1","max-image-preview":"max-image-preview:large","max-video-preview":"max-video-preview:-1"},"canonical":"https:\/\/www.tvuai.com.br\/portal\/partiu-if-ifsuldeminas-oferece-cursinho-gratuito-com-bolsa-de-r-200-em-pouso-alegre-e-outras-cidades-da-regiao\/","og_locale":"pt_BR","og_type":"article","og_title":"Partiu IF! IFSULDEMINAS oferece cursinho gratuito com bolsa de R$ 200 em Pouso Alegre e outras cidades da regi\u00e3o - TVUAI","og_description":"IFSULDEMINAS abre 360 vagas para cursinho preparat\u00f3rio gratuito com aux\u00edlio financeiro S\u00e3o 40 vagas em cada\u00a0 uma destas cudades: Inconfidentes, Machado, Muzambinho, Passos, Po\u00e7os de Caldas,\u00a0 \u00a0 \u00a0 \u00a0 \u00a0 \u00a0 \u00a0 \u00a0 \u00a0Pouso Alegre, Carmo de Minas, Tr\u00eas Cora\u00e7\u00f5es e Itajub\u00e1. Matr\u00edculas at\u00e9 28 de mar\u00e7o O Instituto Federal do Sul de Minas Gerais [&hellip;]","og_url":"https:\/\/www.tvuai.com.br\/portal\/partiu-if-ifsuldeminas-oferece-cursinho-gratuito-com-bolsa-de-r-200-em-pouso-alegre-e-outras-cidades-da-regiao\/","og_site_name":"TVUAI","article_publisher":"http:\/\/www.facebook.com\/pages\/TV-Uai-Comunica%c3%a7%c3%a3o\/139062546157369","article_published_time":"2025-03-24T21:30:06+00:00","article_modified_time":"2025-03-27T15:19:28+00:00","og_image":[{"width":200,"height":200,"url":"https:\/\/www.tvuai.com.br\/portal\/wp-content\/uploads\/2025\/03\/curso-IFSULDEMINAS0.jpg","type":"image\/jpeg"}],"author":"tvuai","twitter_card":"summary_large_image","twitter_creator":"@tvuai","twitter_site":"@tvuai","twitter_misc":{"Escrito por":"tvuai","Est. tempo de leitura":"3 minutos"},"schema":{"@context":"https:\/\/schema.org","@graph":[{"@type":"Article","@id":"https:\/\/www.tvuai.com.br\/portal\/partiu-if-ifsuldeminas-oferece-cursinho-gratuito-com-bolsa-de-r-200-em-pouso-alegre-e-outras-cidades-da-regiao\/#article","isPartOf":{"@id":"https:\/\/www.tvuai.com.br\/portal\/partiu-if-ifsuldeminas-oferece-cursinho-gratuito-com-bolsa-de-r-200-em-pouso-alegre-e-outras-cidades-da-regiao\/"},"author":{"name":"tvuai","@id":"https:\/\/www.tvuai.com.br\/portal\/#\/schema\/person\/245e50e9127451fd0b7fd76f519ebbfe"},"headline":"Partiu IF! IFSULDEMINAS oferece cursinho gratuito com bolsa de R$ 200 em Pouso Alegre e outras cidades da regi\u00e3o","datePublished":"2025-03-24T21:30:06+00:00","dateModified":"2025-03-27T15:19:28+00:00","mainEntityOfPage":{"@id":"https:\/\/www.tvuai.com.br\/portal\/partiu-if-ifsuldeminas-oferece-cursinho-gratuito-com-bolsa-de-r-200-em-pouso-alegre-e-outras-cidades-da-regiao\/"},"wordCount":433,"publisher":{"@id":"https:\/\/www.tvuai.com.br\/portal\/#organization"},"image":{"@id":"https:\/\/www.tvuai.com.br\/portal\/partiu-if-ifsuldeminas-oferece-cursinho-gratuito-com-bolsa-de-r-200-em-pouso-alegre-e-outras-cidades-da-regiao\/#primaryimage"},"thumbnailUrl":"https:\/\/i0.wp.com\/www.tvuai.com.br\/portal\/wp-content\/uploads\/2025\/03\/curso-IFSULDEMINAS0.jpg?fit=200%2C200&ssl=1","keywords":["Carmo de Minas","Ensino M\u00e9dio do IFSULDEMINAS","Inconfidentes","Instituto Federal do Sul de Minas Gerais (IFSULDEMINAS)","Itajub\u00e1","Machado","Minas Gerais","Muzambinho","Partiu IF","Passos","Po\u00e7os de Caldas","Pouso Alegre","Renata Silveira","Sul de Minas","Tr\u00eas Cora\u00e7\u00f5es","TV Uai","TV UAI Pouso Alegre","TVUAI25"],"articleSection":["Educa\u00e7\u00e3o","Not\u00edcias","\u00daltimas Not\u00edcias","Utilidade Publica"],"inLanguage":"pt-BR"},{"@type":"WebPage","@id":"https:\/\/www.tvuai.com.br\/portal\/partiu-if-ifsuldeminas-oferece-cursinho-gratuito-com-bolsa-de-r-200-em-pouso-alegre-e-outras-cidades-da-regiao\/","url":"https:\/\/www.tvuai.com.br\/portal\/partiu-if-ifsuldeminas-oferece-cursinho-gratuito-com-bolsa-de-r-200-em-pouso-alegre-e-outras-cidades-da-regiao\/","name":"Partiu IF! IFSULDEMINAS oferece cursinho gratuito com bolsa de R$ 200 em Pouso Alegre e outras cidades da regi\u00e3o - TVUAI","isPartOf":{"@id":"https:\/\/www.tvuai.com.br\/portal\/#website"},"primaryImageOfPage":{"@id":"https:\/\/www.tvuai.com.br\/portal\/partiu-if-ifsuldeminas-oferece-cursinho-gratuito-com-bolsa-de-r-200-em-pouso-alegre-e-outras-cidades-da-regiao\/#primaryimage"},"image":{"@id":"https:\/\/www.tvuai.com.br\/portal\/partiu-if-ifsuldeminas-oferece-cursinho-gratuito-com-bolsa-de-r-200-em-pouso-alegre-e-outras-cidades-da-regiao\/#primaryimage"},"thumbnailUrl":"https:\/\/i0.wp.com\/www.tvuai.com.br\/portal\/wp-content\/uploads\/2025\/03\/curso-IFSULDEMINAS0.jpg?fit=200%2C200&ssl=1","datePublished":"2025-03-24T21:30:06+00:00","dateModified":"2025-03-27T15:19:28+00:00","breadcrumb":{"@id":"https:\/\/www.tvuai.com.br\/portal\/partiu-if-ifsuldeminas-oferece-cursinho-gratuito-com-bolsa-de-r-200-em-pouso-alegre-e-outras-cidades-da-regiao\/#breadcrumb"},"inLanguage":"pt-BR","potentialAction":[{"@type":"ReadAction","target":["https:\/\/www.tvuai.com.br\/portal\/partiu-if-ifsuldeminas-oferece-cursinho-gratuito-com-bolsa-de-r-200-em-pouso-alegre-e-outras-cidades-da-regiao\/"]}]},{"@type":"ImageObject","inLanguage":"pt-BR","@id":"https:\/\/www.tvuai.com.br\/portal\/partiu-if-ifsuldeminas-oferece-cursinho-gratuito-com-bolsa-de-r-200-em-pouso-alegre-e-outras-cidades-da-regiao\/#primaryimage","url":"https:\/\/i0.wp.com\/www.tvuai.com.br\/portal\/wp-content\/uploads\/2025\/03\/curso-IFSULDEMINAS0.jpg?fit=200%2C200&ssl=1","contentUrl":"https:\/\/i0.wp.com\/www.tvuai.com.br\/portal\/wp-content\/uploads\/2025\/03\/curso-IFSULDEMINAS0.jpg?fit=200%2C200&ssl=1","width":200,"height":200},{"@type":"BreadcrumbList","@id":"https:\/\/www.tvuai.com.br\/portal\/partiu-if-ifsuldeminas-oferece-cursinho-gratuito-com-bolsa-de-r-200-em-pouso-alegre-e-outras-cidades-da-regiao\/#breadcrumb","itemListElement":[{"@type":"ListItem","position":1,"name":"In\u00edcio","item":"https:\/\/www.tvuai.com.br\/portal\/"},{"@type":"ListItem","position":2,"name":"Partiu IF! IFSULDEMINAS oferece cursinho gratuito com bolsa de R$ 200 em Pouso Alegre e outras cidades da regi\u00e3o"}]},{"@type":"WebSite","@id":"https:\/\/www.tvuai.com.br\/portal\/#website","url":"https:\/\/www.tvuai.com.br\/portal\/","name":"TVUAI","description":"Tudo sobre o Sul de Minas","publisher":{"@id":"https:\/\/www.tvuai.com.br\/portal\/#organization"},"potentialAction":[{"@type":"SearchAction","target":{"@type":"EntryPoint","urlTemplate":"https:\/\/www.tvuai.com.br\/portal\/?s={search_term_string}"},"query-input":{"@type":"PropertyValueSpecification","valueRequired":true,"valueName":"search_term_string"}}],"inLanguage":"pt-BR"},{"@type":"Organization","@id":"https:\/\/www.tvuai.com.br\/portal\/#organization","name":"TVUAI","url":"https:\/\/www.tvuai.com.br\/portal\/","logo":{"@type":"ImageObject","inLanguage":"pt-BR","@id":"https:\/\/www.tvuai.com.br\/portal\/#\/schema\/logo\/image\/","url":"https:\/\/i0.wp.com\/www.tvuai.com.br\/portal\/wp-content\/uploads\/2017\/12\/logo_tvuai_100H.png?fit=207%2C100&ssl=1","contentUrl":"https:\/\/i0.wp.com\/www.tvuai.com.br\/portal\/wp-content\/uploads\/2017\/12\/logo_tvuai_100H.png?fit=207%2C100&ssl=1","width":207,"height":100,"caption":"TVUAI"},"image":{"@id":"https:\/\/www.tvuai.com.br\/portal\/#\/schema\/logo\/image\/"},"sameAs":["http:\/\/www.facebook.com\/pages\/TV-Uai-Comunica\u00e7\u00e3o\/139062546157369","https:\/\/x.com\/tvuai","https:\/\/www.instagram.com\/tvuai_network\/","https:\/\/www.youtube.com\/channel\/UCB7ZPB3wRv-OpoZ_09jmnkQ"]},{"@type":"Person","@id":"https:\/\/www.tvuai.com.br\/portal\/#\/schema\/person\/245e50e9127451fd0b7fd76f519ebbfe","name":"tvuai","url":"https:\/\/www.tvuai.com.br\/portal\/author\/tvuai\/"}]}},"jetpack_featured_media_url":"https:\/\/i0.wp.com\/www.tvuai.com.br\/portal\/wp-content\/uploads\/2025\/03\/curso-IFSULDEMINAS0.jpg?fit=200%2C200&ssl=1","wpmagazine_modules_lite_featured_media_urls":{"thumbnail":["https:\/\/i0.wp.com\/www.tvuai.com.br\/portal\/wp-content\/uploads\/2025\/03\/curso-IFSULDEMINAS0.jpg?resize=150%2C150&ssl=1",150,150,true],"cvmm-medium":["https:\/\/i0.wp.com\/www.tvuai.com.br\/portal\/wp-content\/uploads\/2025\/03\/curso-IFSULDEMINAS0.jpg?resize=200%2C200&ssl=1",200,200,true],"cvmm-medium-plus":["https:\/\/i0.wp.com\/www.tvuai.com.br\/portal\/wp-content\/uploads\/2025\/03\/curso-IFSULDEMINAS0.jpg?resize=200%2C200&ssl=1",200,200,true],"cvmm-portrait":["https:\/\/i0.wp.com\/www.tvuai.com.br\/portal\/wp-content\/uploads\/2025\/03\/curso-IFSULDEMINAS0.jpg?resize=200%2C200&ssl=1",200,200,true],"cvmm-medium-square":["https:\/\/i0.wp.com\/www.tvuai.com.br\/portal\/wp-content\/uploads\/2025\/03\/curso-IFSULDEMINAS0.jpg?resize=200%2C200&ssl=1",200,200,true],"cvmm-large":["https:\/\/i0.wp.com\/www.tvuai.com.br\/portal\/wp-content\/uploads\/2025\/03\/curso-IFSULDEMINAS0.jpg?resize=200%2C200&ssl=1",200,200,true],"cvmm-small":["https:\/\/i0.wp.com\/www.tvuai.com.br\/portal\/wp-content\/uploads\/2025\/03\/curso-IFSULDEMINAS0.jpg?resize=130%2C95&ssl=1",130,95,true],"full":["https:\/\/i0.wp.com\/www.tvuai.com.br\/portal\/wp-content\/uploads\/2025\/03\/curso-IFSULDEMINAS0.jpg?fit=200%2C200&ssl=1",200,200,false]},"categories_names":{"1845":{"name":"Educa\u00e7\u00e3o","link":"https:\/\/www.tvuai.com.br\/portal\/category\/educacao\/"},"19":{"name":"Not\u00edcias","link":"https:\/\/www.tvuai.com.br\/portal\/category\/noticias\/"},"5":{"name":"\u00daltimas Not\u00edcias","link":"https:\/\/www.tvuai.com.br\/portal\/category\/noticias\/ultimas\/"},"1829":{"name":"Utilidade Publica","link":"https:\/\/www.tvuai.com.br\/portal\/category\/utilidade\/"}},"tags_names":{"2741":{"name":"Carmo de Minas","link":"https:\/\/www.tvuai.com.br\/portal\/tag\/carmo-de-minas\/"},"5055":{"name":"Ensino M\u00e9dio do IFSULDEMINAS","link":"https:\/\/www.tvuai.com.br\/portal\/tag\/ensino-medio-do-ifsuldeminas\/"},"539":{"name":"Inconfidentes","link":"https:\/\/www.tvuai.com.br\/portal\/tag\/inconfidentes\/"},"4208":{"name":"Instituto Federal do Sul de Minas Gerais (IFSULDEMINAS)","link":"https:\/\/www.tvuai.com.br\/portal\/tag\/instituto-federal-do-sul-de-minas-gerais-ifsuldeminas\/"},"991":{"name":"Itajub\u00e1","link":"https:\/\/www.tvuai.com.br\/portal\/tag\/itajuba\/"},"1924":{"name":"Machado","link":"https:\/\/www.tvuai.com.br\/portal\/tag\/machado\/"},"184":{"name":"Minas Gerais","link":"https:\/\/www.tvuai.com.br\/portal\/tag\/minas-gerais\/"},"3375":{"name":"Muzambinho","link":"https:\/\/www.tvuai.com.br\/portal\/tag\/muzambinho\/"},"5054":{"name":"Partiu IF","link":"https:\/\/www.tvuai.com.br\/portal\/tag\/partiu-if\/"},"2415":{"name":"Passos","link":"https:\/\/www.tvuai.com.br\/portal\/tag\/passos\/"},"348":{"name":"Po\u00e7os de Caldas","link":"https:\/\/www.tvuai.com.br\/portal\/tag\/pocos-de-caldas\/"},"37":{"name":"Pouso Alegre","link":"https:\/\/www.tvuai.com.br\/portal\/tag\/pouso-alegre\/"},"2748":{"name":"Renata Silveira","link":"https:\/\/www.tvuai.com.br\/portal\/tag\/renata-silveira\/"},"39":{"name":"Sul de Minas","link":"https:\/\/www.tvuai.com.br\/portal\/tag\/sul-de-minas\/"},"1009":{"name":"Tr\u00eas Cora\u00e7\u00f5es","link":"https:\/\/www.tvuai.com.br\/portal\/tag\/tres-coracoes\/"},"27":{"name":"TV Uai","link":"https:\/\/www.tvuai.com.br\/portal\/tag\/tv-uai\/"},"1618":{"name":"TV UAI Pouso Alegre","link":"https:\/\/www.tvuai.com.br\/portal\/tag\/tv-uai-pouso-alegre\/"},"4796":{"name":"TVUAI25","link":"https:\/\/www.tvuai.com.br\/portal\/tag\/tvuai25\/"}},"comments_number":"0","jetpack_shortlink":"https:\/\/wp.me\/p9woix-2X2","jetpack_sharing_enabled":true,"_links":{"self":[{"href":"https:\/\/www.tvuai.com.br\/portal\/wp-json\/wp\/v2\/posts\/11348"}],"collection":[{"href":"https:\/\/www.tvuai.com.br\/portal\/wp-json\/wp\/v2\/posts"}],"about":[{"href":"https:\/\/www.tvuai.com.br\/portal\/wp-json\/wp\/v2\/types\/post"}],"author":[{"embeddable":true,"href":"https:\/\/www.tvuai.com.br\/portal\/wp-json\/wp\/v2\/users\/1"}],"replies":[{"embeddable":true,"href":"https:\/\/www.tvuai.com.br\/portal\/wp-json\/wp\/v2\/comments?post=11348"}],"version-history":[{"count":4,"href":"https:\/\/www.tvuai.com.br\/portal\/wp-json\/wp\/v2\/posts\/11348\/revisions"}],"predecessor-version":[{"id":11355,"href":"https:\/\/www.tvuai.com.br\/portal\/wp-json\/wp\/v2\/posts\/11348\/revisions\/11355"}],"wp:featuredmedia":[{"embeddable":true,"href":"https:\/\/www.tvuai.com.br\/portal\/wp-json\/wp\/v2\/media\/11350"}],"wp:attachment":[{"href":"https:\/\/www.tvuai.com.br\/portal\/wp-json\/wp\/v2\/media?parent=11348"}],"wp:term":[{"taxonomy":"category","embeddable":true,"href":"https:\/\/www.tvuai.com.br\/portal\/wp-json\/wp\/v2\/categories?post=11348"},{"taxonomy":"post_tag","embeddable":true,"href":"https:\/\/www.tvuai.com.br\/portal\/wp-json\/wp\/v2\/tags?post=11348"}],"curies":[{"name":"wp","href":"https:\/\/api.w.org\/{rel}","templated":true}]}}