{"id":11343,"date":"2025-03-24T10:09:43","date_gmt":"2025-03-24T13:09:43","guid":{"rendered":"https:\/\/www.tvuai.com.br\/portal\/?p=11343"},"modified":"2025-03-27T12:17:08","modified_gmt":"2025-03-27T15:17:08","slug":"moda-inclusiva-reserva-mini-lanca-colecao-revolucionaria-feita-por-pessoas-com-sindrome-de-down","status":"publish","type":"post","link":"https:\/\/www.tvuai.com.br\/portal\/moda-inclusiva-reserva-mini-lanca-colecao-revolucionaria-feita-por-pessoas-com-sindrome-de-down\/","title":{"rendered":"Moda inclusiva: Reserva Mini lan\u00e7a cole\u00e7\u00e3o revolucion\u00e1ria feita por pessoas com S\u00edndrome de Down"},"content":{"rendered":"<div class=\"5a1038e0903b96d426fcfcc338703013\" data-index=\"1\" style=\"float: right; margin:10px 0 10px 10px;\">\n<script async src=\"https:\/\/pagead2.googlesyndication.com\/pagead\/js\/adsbygoogle.js?client=ca-pub-9945944833605257\"\r\n     crossorigin=\"anonymous\"><\/script>\r\n<ins class=\"adsbygoogle\"\r\n     style=\"display:block; text-align:center;\"\r\n     data-ad-layout=\"in-article\"\r\n     data-ad-format=\"fluid\"\r\n     data-ad-client=\"ca-pub-9945944833605257\"\r\n     data-ad-slot=\"2343923581\"><\/ins>\r\n<script>\r\n     (adsbygoogle = window.adsbygoogle || []).push({});\r\n<\/script>\n<\/div>\n<h5 style=\"text-align: center;\" data-pm-slice=\"1 1 []\"><em><strong><img data-recalc-dims=\"1\" fetchpriority=\"high\" decoding=\"async\" data-attachment-id=\"11346\" data-permalink=\"https:\/\/www.tvuai.com.br\/portal\/moda-inclusiva-reserva-mini-lanca-colecao-revolucionaria-feita-por-pessoas-com-sindrome-de-down\/down1\/\" data-orig-file=\"https:\/\/i0.wp.com\/www.tvuai.com.br\/portal\/wp-content\/uploads\/2025\/03\/down1.jpg?fit=1500%2C999&amp;ssl=1\" data-orig-size=\"1500,999\" data-comments-opened=\"0\" data-image-meta=\"{&quot;aperture&quot;:&quot;0&quot;,&quot;credit&quot;:&quot;&quot;,&quot;camera&quot;:&quot;&quot;,&quot;caption&quot;:&quot;&quot;,&quot;created_timestamp&quot;:&quot;0&quot;,&quot;copyright&quot;:&quot;&quot;,&quot;focal_length&quot;:&quot;0&quot;,&quot;iso&quot;:&quot;0&quot;,&quot;shutter_speed&quot;:&quot;0&quot;,&quot;title&quot;:&quot;&quot;,&quot;orientation&quot;:&quot;1&quot;}\" data-image-title=\"down1\" data-image-description=\"\" data-image-caption=\"\" data-medium-file=\"https:\/\/i0.wp.com\/www.tvuai.com.br\/portal\/wp-content\/uploads\/2025\/03\/down1.jpg?fit=300%2C200&amp;ssl=1\" data-large-file=\"https:\/\/i0.wp.com\/www.tvuai.com.br\/portal\/wp-content\/uploads\/2025\/03\/down1.jpg?fit=640%2C426&amp;ssl=1\" tabindex=\"0\" role=\"button\" class=\"size-medium wp-image-11346 aligncenter\" src=\"https:\/\/i0.wp.com\/www.tvuai.com.br\/portal\/wp-content\/uploads\/2025\/03\/down1.jpg?resize=300%2C200&#038;ssl=1\" alt=\"\" width=\"300\" height=\"200\" srcset=\"https:\/\/i0.wp.com\/www.tvuai.com.br\/portal\/wp-content\/uploads\/2025\/03\/down1.jpg?resize=300%2C200&amp;ssl=1 300w, https:\/\/i0.wp.com\/www.tvuai.com.br\/portal\/wp-content\/uploads\/2025\/03\/down1.jpg?resize=1024%2C682&amp;ssl=1 1024w, https:\/\/i0.wp.com\/www.tvuai.com.br\/portal\/wp-content\/uploads\/2025\/03\/down1.jpg?resize=768%2C511&amp;ssl=1 768w, https:\/\/i0.wp.com\/www.tvuai.com.br\/portal\/wp-content\/uploads\/2025\/03\/down1.jpg?w=1500&amp;ssl=1 1500w, https:\/\/i0.wp.com\/www.tvuai.com.br\/portal\/wp-content\/uploads\/2025\/03\/down1.jpg?w=1280&amp;ssl=1 1280w\" sizes=\"(max-width: 300px) 100vw, 300px\" \/>Reserva Mini lan\u00e7a cole\u00e7\u00e3o inclusiva criada por pessoas com S\u00edndrome de Down<\/strong><\/em><\/h5>\n<p>A marca infantil <span style=\"color: #000080;\"><strong><a style=\"color: #000080;\" href=\"https:\/\/www.instagram.com\/reservamini\/?hl=pt\">Reserva Mini<\/a><\/strong><\/span>, pertencente ao <span style=\"color: #000080;\"><strong><a style=\"color: #000080;\" href=\"https:\/\/www.azzas2154.com.br\/\">Grupo Azzas 2154<\/a><\/strong><\/span>, lan\u00e7ou a cole\u00e7\u00e3o &#8220;Nada sobre n\u00f3s, sem n\u00f3s&#8221;, desenvolvida integralmente por pessoas com S\u00edndrome de Down. Desde a cria\u00e7\u00e3o e execu\u00e7\u00e3o at\u00e9 a divulga\u00e7\u00e3o, todos os aspectos do projeto foram conduzidos por esse grupo, refor\u00e7ando o compromisso da marca com a inclus\u00e3o social. O valor da venda l\u00edquida da cole\u00e7\u00e3o ser\u00e1 integralmente revertido para o <span style=\"color: #000080;\"><strong><a style=\"color: #000080;\" href=\"https:\/\/www.serendipidade.org.br\/\">Instituto Serendipidade<\/a><\/strong><\/span>, organiza\u00e7\u00e3o que promove a inclus\u00e3o de pessoas com defici\u00eancia na sociedade.<\/p>\n<p>Esta \u00e9 a terceira edi\u00e7\u00e3o da parceria entre a Reserva Mini e o Instituto Serendipidade, cujo objetivo \u00e9 transformar a percep\u00e7\u00e3o social sobre a S\u00edndrome de Down e outras defici\u00eancias. Como parte desse compromisso, a cole\u00e7\u00e3o apresenta uma variedade de pe\u00e7as infantis, incluindo bodies para beb\u00eas, hoodies e su\u00e9teres, promovendo a import\u00e2ncia da inclus\u00e3o em todas as fases da inf\u00e2ncia.<\/p>\n<p>De acordo com Carolina Portella, diretora da Reserva Mini, a iniciativa busca dar mais visibilidade e oportunidades a esse p\u00fablico. &#8220;Com essa parceria, possibilitamos que cada vez mais pessoas participem do processo criativo de nossas pe\u00e7as, promovendo diversidade e ampliando as perspectivas para esse grupo. Segundo o IBGE, cerca de 300 mil crian\u00e7as nascem com S\u00edndrome de Down no Brasil, e iniciativas como essa contribuem para a amplia\u00e7\u00e3o da integra\u00e7\u00e3o social&#8221;, afirma.<\/p>\n<p>A cole\u00e7\u00e3o traz estampas com frases que refor\u00e7am a mensagem de inclus\u00e3o e empoderamento, como &#8220;Inclus\u00e3o \u00e9 Oportunidade&#8221;, &#8220;Abrir o cora\u00e7\u00e3o para o Mundo&#8221;, &#8220;Lutamos pelo o que a gente Quer&#8221; e &#8220;Todo dia \u00e9 dia de fazer a diferen\u00e7a sem perder a Esperan\u00e7a&#8221;.<\/p>\n<p>Al\u00e9m dessa iniciativa, a Reserva Mini tamb\u00e9m investe em outras a\u00e7\u00f5es voltadas \u00e0 inclus\u00e3o. Um exemplo \u00e9 a linha Adapte, lan\u00e7ada em 2021 em parceria com a estilista Silvana Louro, da Equal Moda Inclusiva. Essa cole\u00e7\u00e3o foi projetada especialmente para pessoas com defici\u00eancia f\u00edsica, mobilidade reduzida e amputados, proporcionando mais conforto, autonomia e acessibilidade na moda.<\/p>\n<p>Com essas iniciativas, a Reserva Mini reafirma seu compromisso com a diversidade e a inclus\u00e3o, transformando a moda infantil em uma ferramenta de conscientiza\u00e7\u00e3o e impacto social positivo.<\/p>\n\n<div style=\"font-size: 0px; height: 0px; line-height: 0px; margin: 0; padding: 0; clear: both;\"><\/div><div class='share-to-whatsapp-wrapper'><div class='share-on-whsp'>Share on: <\/div><a data-text='Moda inclusiva: Reserva Mini lan\u00e7a cole\u00e7\u00e3o revolucion\u00e1ria feita por pessoas com S\u00edndrome de Down' data-link='https:\/\/www.tvuai.com.br\/portal\/moda-inclusiva-reserva-mini-lanca-colecao-revolucionaria-feita-por-pessoas-com-sindrome-de-down\/' class='whatsapp-button whatsapp-share'>WhatsApp<\/a><div class='clear '><\/div><\/div><!-- AddThis Advanced Settings generic via filter on the_content --><!-- AddThis Share Buttons generic via filter on the_content -->","protected":false},"excerpt":{"rendered":"<p>Reserva Mini lan\u00e7a cole\u00e7\u00e3o inclusiva criada por pessoas com S\u00edndrome de Down A marca infantil Reserva Mini, pertencente ao Grupo Azzas 2154, lan\u00e7ou a cole\u00e7\u00e3o &#8220;Nada sobre n\u00f3s, sem n\u00f3s&#8221;, desenvolvida integralmente por pessoas com S\u00edndrome de Down. Desde a cria\u00e7\u00e3o e execu\u00e7\u00e3o at\u00e9 a divulga\u00e7\u00e3o, todos os aspectos do projeto foram conduzidos por esse [&hellip;]<!-- AddThis Advanced Settings generic via filter on get_the_excerpt --><!-- AddThis Share Buttons generic via filter on get_the_excerpt --><\/p>\n","protected":false},"author":1,"featured_media":11345,"comment_status":"closed","ping_status":"closed","sticky":false,"template":"","format":"standard","meta":{"jetpack_post_was_ever_published":false,"_jetpack_newsletter_access":"","_jetpack_dont_email_post_to_subs":false,"_jetpack_newsletter_tier_id":0,"_jetpack_memberships_contains_paywalled_content":false,"_jetpack_memberships_contains_paid_content":false,"_joinchat":[],"footnotes":"","jetpack_publicize_message":"","jetpack_publicize_feature_enabled":true,"jetpack_social_post_already_shared":false,"jetpack_social_options":{"image_generator_settings":{"template":"highway","enabled":false},"version":2}},"categories":[1816,1815,19,5],"tags":[5053,5052,5049,5051,184,37,5048,5050,39,27,1618,4796],"class_list":["post-11343","post","type-post","status-publish","format-standard","has-post-thumbnail","hentry","category-arte","category-economia","category-noticias","category-ultimas","tag-carolina-portella","tag-colecao-nada-sobre-nos-sem-nos","tag-grupo-azzas-2154","tag-instituto-serendipidade","tag-minas-gerais","tag-pouso-alegre","tag-reserva-mini","tag-sindrome-de-down","tag-sul-de-minas","tag-tv-uai","tag-tv-uai-pouso-alegre","tag-tvuai25"],"jetpack_publicize_connections":[],"yoast_head":"<!-- This site is optimized with the Yoast SEO plugin v23.5 - https:\/\/yoast.com\/wordpress\/plugins\/seo\/ -->\n<title>Moda inclusiva: Reserva Mini lan\u00e7a cole\u00e7\u00e3o revolucion\u00e1ria feita por pessoas com S\u00edndrome de Down - TVUAI<\/title>\n<meta name=\"robots\" content=\"index, follow, max-snippet:-1, max-image-preview:large, max-video-preview:-1\" \/>\n<link rel=\"canonical\" href=\"https:\/\/www.tvuai.com.br\/portal\/moda-inclusiva-reserva-mini-lanca-colecao-revolucionaria-feita-por-pessoas-com-sindrome-de-down\/\" \/>\n<meta property=\"og:locale\" content=\"pt_BR\" \/>\n<meta property=\"og:type\" content=\"article\" \/>\n<meta property=\"og:title\" content=\"Moda inclusiva: Reserva Mini lan\u00e7a cole\u00e7\u00e3o revolucion\u00e1ria feita por pessoas com S\u00edndrome de Down - TVUAI\" \/>\n<meta property=\"og:description\" content=\"Reserva Mini lan\u00e7a cole\u00e7\u00e3o inclusiva criada por pessoas com S\u00edndrome de Down A marca infantil Reserva Mini, pertencente ao Grupo Azzas 2154, lan\u00e7ou a cole\u00e7\u00e3o &#8220;Nada sobre n\u00f3s, sem n\u00f3s&#8221;, desenvolvida integralmente por pessoas com S\u00edndrome de Down. Desde a cria\u00e7\u00e3o e execu\u00e7\u00e3o at\u00e9 a divulga\u00e7\u00e3o, todos os aspectos do projeto foram conduzidos por esse [&hellip;]\" \/>\n<meta property=\"og:url\" content=\"https:\/\/www.tvuai.com.br\/portal\/moda-inclusiva-reserva-mini-lanca-colecao-revolucionaria-feita-por-pessoas-com-sindrome-de-down\/\" \/>\n<meta property=\"og:site_name\" content=\"TVUAI\" \/>\n<meta property=\"article:publisher\" content=\"http:\/\/www.facebook.com\/pages\/TV-Uai-Comunica%c3%a7%c3%a3o\/139062546157369\" \/>\n<meta property=\"article:published_time\" content=\"2025-03-24T13:09:43+00:00\" \/>\n<meta property=\"article:modified_time\" content=\"2025-03-27T15:17:08+00:00\" \/>\n<meta property=\"og:image\" content=\"https:\/\/www.tvuai.com.br\/portal\/wp-content\/uploads\/2025\/03\/down0.jpg\" \/>\n\t<meta property=\"og:image:width\" content=\"200\" \/>\n\t<meta property=\"og:image:height\" content=\"200\" \/>\n\t<meta property=\"og:image:type\" content=\"image\/jpeg\" \/>\n<meta name=\"author\" content=\"tvuai\" \/>\n<meta name=\"twitter:card\" content=\"summary_large_image\" \/>\n<meta name=\"twitter:creator\" content=\"@tvuai\" \/>\n<meta name=\"twitter:site\" content=\"@tvuai\" \/>\n<meta name=\"twitter:label1\" content=\"Escrito por\" \/>\n\t<meta name=\"twitter:data1\" content=\"tvuai\" \/>\n\t<meta name=\"twitter:label2\" content=\"Est. tempo de leitura\" \/>\n\t<meta name=\"twitter:data2\" content=\"3 minutos\" \/>\n<script type=\"application\/ld+json\" class=\"yoast-schema-graph\">{\"@context\":\"https:\/\/schema.org\",\"@graph\":[{\"@type\":\"Article\",\"@id\":\"https:\/\/www.tvuai.com.br\/portal\/moda-inclusiva-reserva-mini-lanca-colecao-revolucionaria-feita-por-pessoas-com-sindrome-de-down\/#article\",\"isPartOf\":{\"@id\":\"https:\/\/www.tvuai.com.br\/portal\/moda-inclusiva-reserva-mini-lanca-colecao-revolucionaria-feita-por-pessoas-com-sindrome-de-down\/\"},\"author\":{\"name\":\"tvuai\",\"@id\":\"https:\/\/www.tvuai.com.br\/portal\/#\/schema\/person\/245e50e9127451fd0b7fd76f519ebbfe\"},\"headline\":\"Moda inclusiva: Reserva Mini lan\u00e7a cole\u00e7\u00e3o revolucion\u00e1ria feita por pessoas com S\u00edndrome de Down\",\"datePublished\":\"2025-03-24T13:09:43+00:00\",\"dateModified\":\"2025-03-27T15:17:08+00:00\",\"mainEntityOfPage\":{\"@id\":\"https:\/\/www.tvuai.com.br\/portal\/moda-inclusiva-reserva-mini-lanca-colecao-revolucionaria-feita-por-pessoas-com-sindrome-de-down\/\"},\"wordCount\":411,\"publisher\":{\"@id\":\"https:\/\/www.tvuai.com.br\/portal\/#organization\"},\"image\":{\"@id\":\"https:\/\/www.tvuai.com.br\/portal\/moda-inclusiva-reserva-mini-lanca-colecao-revolucionaria-feita-por-pessoas-com-sindrome-de-down\/#primaryimage\"},\"thumbnailUrl\":\"https:\/\/i0.wp.com\/www.tvuai.com.br\/portal\/wp-content\/uploads\/2025\/03\/down0.jpg?fit=200%2C200&ssl=1\",\"keywords\":[\"Carolina Portella\",\"cole\u00e7\u00e3o \\\"Nada sobre n\u00f3s sem n\u00f3s\\\"\",\"Grupo Azzas 2154\",\"Instituto Serendipidade\",\"Minas Gerais\",\"Pouso Alegre\",\"Reserva Mini\",\"S\u00edndrome de Down\",\"Sul de Minas\",\"TV Uai\",\"TV UAI Pouso Alegre\",\"TVUAI25\"],\"articleSection\":[\"Arte\",\"Economia\",\"Not\u00edcias\",\"\u00daltimas Not\u00edcias\"],\"inLanguage\":\"pt-BR\"},{\"@type\":\"WebPage\",\"@id\":\"https:\/\/www.tvuai.com.br\/portal\/moda-inclusiva-reserva-mini-lanca-colecao-revolucionaria-feita-por-pessoas-com-sindrome-de-down\/\",\"url\":\"https:\/\/www.tvuai.com.br\/portal\/moda-inclusiva-reserva-mini-lanca-colecao-revolucionaria-feita-por-pessoas-com-sindrome-de-down\/\",\"name\":\"Moda inclusiva: Reserva Mini lan\u00e7a cole\u00e7\u00e3o revolucion\u00e1ria feita por pessoas com S\u00edndrome de Down - TVUAI\",\"isPartOf\":{\"@id\":\"https:\/\/www.tvuai.com.br\/portal\/#website\"},\"primaryImageOfPage\":{\"@id\":\"https:\/\/www.tvuai.com.br\/portal\/moda-inclusiva-reserva-mini-lanca-colecao-revolucionaria-feita-por-pessoas-com-sindrome-de-down\/#primaryimage\"},\"image\":{\"@id\":\"https:\/\/www.tvuai.com.br\/portal\/moda-inclusiva-reserva-mini-lanca-colecao-revolucionaria-feita-por-pessoas-com-sindrome-de-down\/#primaryimage\"},\"thumbnailUrl\":\"https:\/\/i0.wp.com\/www.tvuai.com.br\/portal\/wp-content\/uploads\/2025\/03\/down0.jpg?fit=200%2C200&ssl=1\",\"datePublished\":\"2025-03-24T13:09:43+00:00\",\"dateModified\":\"2025-03-27T15:17:08+00:00\",\"breadcrumb\":{\"@id\":\"https:\/\/www.tvuai.com.br\/portal\/moda-inclusiva-reserva-mini-lanca-colecao-revolucionaria-feita-por-pessoas-com-sindrome-de-down\/#breadcrumb\"},\"inLanguage\":\"pt-BR\",\"potentialAction\":[{\"@type\":\"ReadAction\",\"target\":[\"https:\/\/www.tvuai.com.br\/portal\/moda-inclusiva-reserva-mini-lanca-colecao-revolucionaria-feita-por-pessoas-com-sindrome-de-down\/\"]}]},{\"@type\":\"ImageObject\",\"inLanguage\":\"pt-BR\",\"@id\":\"https:\/\/www.tvuai.com.br\/portal\/moda-inclusiva-reserva-mini-lanca-colecao-revolucionaria-feita-por-pessoas-com-sindrome-de-down\/#primaryimage\",\"url\":\"https:\/\/i0.wp.com\/www.tvuai.com.br\/portal\/wp-content\/uploads\/2025\/03\/down0.jpg?fit=200%2C200&ssl=1\",\"contentUrl\":\"https:\/\/i0.wp.com\/www.tvuai.com.br\/portal\/wp-content\/uploads\/2025\/03\/down0.jpg?fit=200%2C200&ssl=1\",\"width\":200,\"height\":200},{\"@type\":\"BreadcrumbList\",\"@id\":\"https:\/\/www.tvuai.com.br\/portal\/moda-inclusiva-reserva-mini-lanca-colecao-revolucionaria-feita-por-pessoas-com-sindrome-de-down\/#breadcrumb\",\"itemListElement\":[{\"@type\":\"ListItem\",\"position\":1,\"name\":\"In\u00edcio\",\"item\":\"https:\/\/www.tvuai.com.br\/portal\/\"},{\"@type\":\"ListItem\",\"position\":2,\"name\":\"Moda inclusiva: Reserva Mini lan\u00e7a cole\u00e7\u00e3o revolucion\u00e1ria feita por pessoas com S\u00edndrome de Down\"}]},{\"@type\":\"WebSite\",\"@id\":\"https:\/\/www.tvuai.com.br\/portal\/#website\",\"url\":\"https:\/\/www.tvuai.com.br\/portal\/\",\"name\":\"TVUAI\",\"description\":\"Tudo sobre o Sul de Minas\",\"publisher\":{\"@id\":\"https:\/\/www.tvuai.com.br\/portal\/#organization\"},\"potentialAction\":[{\"@type\":\"SearchAction\",\"target\":{\"@type\":\"EntryPoint\",\"urlTemplate\":\"https:\/\/www.tvuai.com.br\/portal\/?s={search_term_string}\"},\"query-input\":{\"@type\":\"PropertyValueSpecification\",\"valueRequired\":true,\"valueName\":\"search_term_string\"}}],\"inLanguage\":\"pt-BR\"},{\"@type\":\"Organization\",\"@id\":\"https:\/\/www.tvuai.com.br\/portal\/#organization\",\"name\":\"TVUAI\",\"url\":\"https:\/\/www.tvuai.com.br\/portal\/\",\"logo\":{\"@type\":\"ImageObject\",\"inLanguage\":\"pt-BR\",\"@id\":\"https:\/\/www.tvuai.com.br\/portal\/#\/schema\/logo\/image\/\",\"url\":\"https:\/\/i0.wp.com\/www.tvuai.com.br\/portal\/wp-content\/uploads\/2017\/12\/logo_tvuai_100H.png?fit=207%2C100&ssl=1\",\"contentUrl\":\"https:\/\/i0.wp.com\/www.tvuai.com.br\/portal\/wp-content\/uploads\/2017\/12\/logo_tvuai_100H.png?fit=207%2C100&ssl=1\",\"width\":207,\"height\":100,\"caption\":\"TVUAI\"},\"image\":{\"@id\":\"https:\/\/www.tvuai.com.br\/portal\/#\/schema\/logo\/image\/\"},\"sameAs\":[\"http:\/\/www.facebook.com\/pages\/TV-Uai-Comunica\u00e7\u00e3o\/139062546157369\",\"https:\/\/x.com\/tvuai\",\"https:\/\/www.instagram.com\/tvuai_network\/\",\"https:\/\/www.youtube.com\/channel\/UCB7ZPB3wRv-OpoZ_09jmnkQ\"]},{\"@type\":\"Person\",\"@id\":\"https:\/\/www.tvuai.com.br\/portal\/#\/schema\/person\/245e50e9127451fd0b7fd76f519ebbfe\",\"name\":\"tvuai\",\"url\":\"https:\/\/www.tvuai.com.br\/portal\/author\/tvuai\/\"}]}<\/script>\n<!-- \/ Yoast SEO plugin. -->","yoast_head_json":{"title":"Moda inclusiva: Reserva Mini lan\u00e7a cole\u00e7\u00e3o revolucion\u00e1ria feita por pessoas com S\u00edndrome de Down - TVUAI","robots":{"index":"index","follow":"follow","max-snippet":"max-snippet:-1","max-image-preview":"max-image-preview:large","max-video-preview":"max-video-preview:-1"},"canonical":"https:\/\/www.tvuai.com.br\/portal\/moda-inclusiva-reserva-mini-lanca-colecao-revolucionaria-feita-por-pessoas-com-sindrome-de-down\/","og_locale":"pt_BR","og_type":"article","og_title":"Moda inclusiva: Reserva Mini lan\u00e7a cole\u00e7\u00e3o revolucion\u00e1ria feita por pessoas com S\u00edndrome de Down - TVUAI","og_description":"Reserva Mini lan\u00e7a cole\u00e7\u00e3o inclusiva criada por pessoas com S\u00edndrome de Down A marca infantil Reserva Mini, pertencente ao Grupo Azzas 2154, lan\u00e7ou a cole\u00e7\u00e3o &#8220;Nada sobre n\u00f3s, sem n\u00f3s&#8221;, desenvolvida integralmente por pessoas com S\u00edndrome de Down. Desde a cria\u00e7\u00e3o e execu\u00e7\u00e3o at\u00e9 a divulga\u00e7\u00e3o, todos os aspectos do projeto foram conduzidos por esse [&hellip;]","og_url":"https:\/\/www.tvuai.com.br\/portal\/moda-inclusiva-reserva-mini-lanca-colecao-revolucionaria-feita-por-pessoas-com-sindrome-de-down\/","og_site_name":"TVUAI","article_publisher":"http:\/\/www.facebook.com\/pages\/TV-Uai-Comunica%c3%a7%c3%a3o\/139062546157369","article_published_time":"2025-03-24T13:09:43+00:00","article_modified_time":"2025-03-27T15:17:08+00:00","og_image":[{"width":200,"height":200,"url":"https:\/\/www.tvuai.com.br\/portal\/wp-content\/uploads\/2025\/03\/down0.jpg","type":"image\/jpeg"}],"author":"tvuai","twitter_card":"summary_large_image","twitter_creator":"@tvuai","twitter_site":"@tvuai","twitter_misc":{"Escrito por":"tvuai","Est. tempo de leitura":"3 minutos"},"schema":{"@context":"https:\/\/schema.org","@graph":[{"@type":"Article","@id":"https:\/\/www.tvuai.com.br\/portal\/moda-inclusiva-reserva-mini-lanca-colecao-revolucionaria-feita-por-pessoas-com-sindrome-de-down\/#article","isPartOf":{"@id":"https:\/\/www.tvuai.com.br\/portal\/moda-inclusiva-reserva-mini-lanca-colecao-revolucionaria-feita-por-pessoas-com-sindrome-de-down\/"},"author":{"name":"tvuai","@id":"https:\/\/www.tvuai.com.br\/portal\/#\/schema\/person\/245e50e9127451fd0b7fd76f519ebbfe"},"headline":"Moda inclusiva: Reserva Mini lan\u00e7a cole\u00e7\u00e3o revolucion\u00e1ria feita por pessoas com S\u00edndrome de Down","datePublished":"2025-03-24T13:09:43+00:00","dateModified":"2025-03-27T15:17:08+00:00","mainEntityOfPage":{"@id":"https:\/\/www.tvuai.com.br\/portal\/moda-inclusiva-reserva-mini-lanca-colecao-revolucionaria-feita-por-pessoas-com-sindrome-de-down\/"},"wordCount":411,"publisher":{"@id":"https:\/\/www.tvuai.com.br\/portal\/#organization"},"image":{"@id":"https:\/\/www.tvuai.com.br\/portal\/moda-inclusiva-reserva-mini-lanca-colecao-revolucionaria-feita-por-pessoas-com-sindrome-de-down\/#primaryimage"},"thumbnailUrl":"https:\/\/i0.wp.com\/www.tvuai.com.br\/portal\/wp-content\/uploads\/2025\/03\/down0.jpg?fit=200%2C200&ssl=1","keywords":["Carolina Portella","cole\u00e7\u00e3o \"Nada sobre n\u00f3s sem n\u00f3s\"","Grupo Azzas 2154","Instituto Serendipidade","Minas Gerais","Pouso Alegre","Reserva Mini","S\u00edndrome de Down","Sul de Minas","TV Uai","TV UAI Pouso Alegre","TVUAI25"],"articleSection":["Arte","Economia","Not\u00edcias","\u00daltimas Not\u00edcias"],"inLanguage":"pt-BR"},{"@type":"WebPage","@id":"https:\/\/www.tvuai.com.br\/portal\/moda-inclusiva-reserva-mini-lanca-colecao-revolucionaria-feita-por-pessoas-com-sindrome-de-down\/","url":"https:\/\/www.tvuai.com.br\/portal\/moda-inclusiva-reserva-mini-lanca-colecao-revolucionaria-feita-por-pessoas-com-sindrome-de-down\/","name":"Moda inclusiva: Reserva Mini lan\u00e7a cole\u00e7\u00e3o revolucion\u00e1ria feita por pessoas com S\u00edndrome de Down - TVUAI","isPartOf":{"@id":"https:\/\/www.tvuai.com.br\/portal\/#website"},"primaryImageOfPage":{"@id":"https:\/\/www.tvuai.com.br\/portal\/moda-inclusiva-reserva-mini-lanca-colecao-revolucionaria-feita-por-pessoas-com-sindrome-de-down\/#primaryimage"},"image":{"@id":"https:\/\/www.tvuai.com.br\/portal\/moda-inclusiva-reserva-mini-lanca-colecao-revolucionaria-feita-por-pessoas-com-sindrome-de-down\/#primaryimage"},"thumbnailUrl":"https:\/\/i0.wp.com\/www.tvuai.com.br\/portal\/wp-content\/uploads\/2025\/03\/down0.jpg?fit=200%2C200&ssl=1","datePublished":"2025-03-24T13:09:43+00:00","dateModified":"2025-03-27T15:17:08+00:00","breadcrumb":{"@id":"https:\/\/www.tvuai.com.br\/portal\/moda-inclusiva-reserva-mini-lanca-colecao-revolucionaria-feita-por-pessoas-com-sindrome-de-down\/#breadcrumb"},"inLanguage":"pt-BR","potentialAction":[{"@type":"ReadAction","target":["https:\/\/www.tvuai.com.br\/portal\/moda-inclusiva-reserva-mini-lanca-colecao-revolucionaria-feita-por-pessoas-com-sindrome-de-down\/"]}]},{"@type":"ImageObject","inLanguage":"pt-BR","@id":"https:\/\/www.tvuai.com.br\/portal\/moda-inclusiva-reserva-mini-lanca-colecao-revolucionaria-feita-por-pessoas-com-sindrome-de-down\/#primaryimage","url":"https:\/\/i0.wp.com\/www.tvuai.com.br\/portal\/wp-content\/uploads\/2025\/03\/down0.jpg?fit=200%2C200&ssl=1","contentUrl":"https:\/\/i0.wp.com\/www.tvuai.com.br\/portal\/wp-content\/uploads\/2025\/03\/down0.jpg?fit=200%2C200&ssl=1","width":200,"height":200},{"@type":"BreadcrumbList","@id":"https:\/\/www.tvuai.com.br\/portal\/moda-inclusiva-reserva-mini-lanca-colecao-revolucionaria-feita-por-pessoas-com-sindrome-de-down\/#breadcrumb","itemListElement":[{"@type":"ListItem","position":1,"name":"In\u00edcio","item":"https:\/\/www.tvuai.com.br\/portal\/"},{"@type":"ListItem","position":2,"name":"Moda inclusiva: Reserva Mini lan\u00e7a cole\u00e7\u00e3o revolucion\u00e1ria feita por pessoas com S\u00edndrome de Down"}]},{"@type":"WebSite","@id":"https:\/\/www.tvuai.com.br\/portal\/#website","url":"https:\/\/www.tvuai.com.br\/portal\/","name":"TVUAI","description":"Tudo sobre o Sul de Minas","publisher":{"@id":"https:\/\/www.tvuai.com.br\/portal\/#organization"},"potentialAction":[{"@type":"SearchAction","target":{"@type":"EntryPoint","urlTemplate":"https:\/\/www.tvuai.com.br\/portal\/?s={search_term_string}"},"query-input":{"@type":"PropertyValueSpecification","valueRequired":true,"valueName":"search_term_string"}}],"inLanguage":"pt-BR"},{"@type":"Organization","@id":"https:\/\/www.tvuai.com.br\/portal\/#organization","name":"TVUAI","url":"https:\/\/www.tvuai.com.br\/portal\/","logo":{"@type":"ImageObject","inLanguage":"pt-BR","@id":"https:\/\/www.tvuai.com.br\/portal\/#\/schema\/logo\/image\/","url":"https:\/\/i0.wp.com\/www.tvuai.com.br\/portal\/wp-content\/uploads\/2017\/12\/logo_tvuai_100H.png?fit=207%2C100&ssl=1","contentUrl":"https:\/\/i0.wp.com\/www.tvuai.com.br\/portal\/wp-content\/uploads\/2017\/12\/logo_tvuai_100H.png?fit=207%2C100&ssl=1","width":207,"height":100,"caption":"TVUAI"},"image":{"@id":"https:\/\/www.tvuai.com.br\/portal\/#\/schema\/logo\/image\/"},"sameAs":["http:\/\/www.facebook.com\/pages\/TV-Uai-Comunica\u00e7\u00e3o\/139062546157369","https:\/\/x.com\/tvuai","https:\/\/www.instagram.com\/tvuai_network\/","https:\/\/www.youtube.com\/channel\/UCB7ZPB3wRv-OpoZ_09jmnkQ"]},{"@type":"Person","@id":"https:\/\/www.tvuai.com.br\/portal\/#\/schema\/person\/245e50e9127451fd0b7fd76f519ebbfe","name":"tvuai","url":"https:\/\/www.tvuai.com.br\/portal\/author\/tvuai\/"}]}},"jetpack_featured_media_url":"https:\/\/i0.wp.com\/www.tvuai.com.br\/portal\/wp-content\/uploads\/2025\/03\/down0.jpg?fit=200%2C200&ssl=1","wpmagazine_modules_lite_featured_media_urls":{"thumbnail":["https:\/\/i0.wp.com\/www.tvuai.com.br\/portal\/wp-content\/uploads\/2025\/03\/down0.jpg?resize=150%2C150&ssl=1",150,150,true],"cvmm-medium":["https:\/\/i0.wp.com\/www.tvuai.com.br\/portal\/wp-content\/uploads\/2025\/03\/down0.jpg?resize=200%2C200&ssl=1",200,200,true],"cvmm-medium-plus":["https:\/\/i0.wp.com\/www.tvuai.com.br\/portal\/wp-content\/uploads\/2025\/03\/down0.jpg?resize=200%2C200&ssl=1",200,200,true],"cvmm-portrait":["https:\/\/i0.wp.com\/www.tvuai.com.br\/portal\/wp-content\/uploads\/2025\/03\/down0.jpg?resize=200%2C200&ssl=1",200,200,true],"cvmm-medium-square":["https:\/\/i0.wp.com\/www.tvuai.com.br\/portal\/wp-content\/uploads\/2025\/03\/down0.jpg?resize=200%2C200&ssl=1",200,200,true],"cvmm-large":["https:\/\/i0.wp.com\/www.tvuai.com.br\/portal\/wp-content\/uploads\/2025\/03\/down0.jpg?resize=200%2C200&ssl=1",200,200,true],"cvmm-small":["https:\/\/i0.wp.com\/www.tvuai.com.br\/portal\/wp-content\/uploads\/2025\/03\/down0.jpg?resize=130%2C95&ssl=1",130,95,true],"full":["https:\/\/i0.wp.com\/www.tvuai.com.br\/portal\/wp-content\/uploads\/2025\/03\/down0.jpg?fit=200%2C200&ssl=1",200,200,false]},"categories_names":{"1816":{"name":"Arte","link":"https:\/\/www.tvuai.com.br\/portal\/category\/arte\/"},"1815":{"name":"Economia","link":"https:\/\/www.tvuai.com.br\/portal\/category\/economia\/"},"19":{"name":"Not\u00edcias","link":"https:\/\/www.tvuai.com.br\/portal\/category\/noticias\/"},"5":{"name":"\u00daltimas Not\u00edcias","link":"https:\/\/www.tvuai.com.br\/portal\/category\/noticias\/ultimas\/"}},"tags_names":{"5053":{"name":"Carolina Portella","link":"https:\/\/www.tvuai.com.br\/portal\/tag\/carolina-portella\/"},"5052":{"name":"cole\u00e7\u00e3o \"Nada sobre n\u00f3s sem n\u00f3s\"","link":"https:\/\/www.tvuai.com.br\/portal\/tag\/colecao-nada-sobre-nos-sem-nos\/"},"5049":{"name":"Grupo Azzas 2154","link":"https:\/\/www.tvuai.com.br\/portal\/tag\/grupo-azzas-2154\/"},"5051":{"name":"Instituto Serendipidade","link":"https:\/\/www.tvuai.com.br\/portal\/tag\/instituto-serendipidade\/"},"184":{"name":"Minas Gerais","link":"https:\/\/www.tvuai.com.br\/portal\/tag\/minas-gerais\/"},"37":{"name":"Pouso Alegre","link":"https:\/\/www.tvuai.com.br\/portal\/tag\/pouso-alegre\/"},"5048":{"name":"Reserva Mini","link":"https:\/\/www.tvuai.com.br\/portal\/tag\/reserva-mini\/"},"5050":{"name":"S\u00edndrome de Down","link":"https:\/\/www.tvuai.com.br\/portal\/tag\/sindrome-de-down\/"},"39":{"name":"Sul de Minas","link":"https:\/\/www.tvuai.com.br\/portal\/tag\/sul-de-minas\/"},"27":{"name":"TV Uai","link":"https:\/\/www.tvuai.com.br\/portal\/tag\/tv-uai\/"},"1618":{"name":"TV UAI Pouso Alegre","link":"https:\/\/www.tvuai.com.br\/portal\/tag\/tv-uai-pouso-alegre\/"},"4796":{"name":"TVUAI25","link":"https:\/\/www.tvuai.com.br\/portal\/tag\/tvuai25\/"}},"comments_number":"0","jetpack_shortlink":"https:\/\/wp.me\/p9woix-2WX","jetpack_sharing_enabled":true,"_links":{"self":[{"href":"https:\/\/www.tvuai.com.br\/portal\/wp-json\/wp\/v2\/posts\/11343"}],"collection":[{"href":"https:\/\/www.tvuai.com.br\/portal\/wp-json\/wp\/v2\/posts"}],"about":[{"href":"https:\/\/www.tvuai.com.br\/portal\/wp-json\/wp\/v2\/types\/post"}],"author":[{"embeddable":true,"href":"https:\/\/www.tvuai.com.br\/portal\/wp-json\/wp\/v2\/users\/1"}],"replies":[{"embeddable":true,"href":"https:\/\/www.tvuai.com.br\/portal\/wp-json\/wp\/v2\/comments?post=11343"}],"version-history":[{"count":2,"href":"https:\/\/www.tvuai.com.br\/portal\/wp-json\/wp\/v2\/posts\/11343\/revisions"}],"predecessor-version":[{"id":11347,"href":"https:\/\/www.tvuai.com.br\/portal\/wp-json\/wp\/v2\/posts\/11343\/revisions\/11347"}],"wp:featuredmedia":[{"embeddable":true,"href":"https:\/\/www.tvuai.com.br\/portal\/wp-json\/wp\/v2\/media\/11345"}],"wp:attachment":[{"href":"https:\/\/www.tvuai.com.br\/portal\/wp-json\/wp\/v2\/media?parent=11343"}],"wp:term":[{"taxonomy":"category","embeddable":true,"href":"https:\/\/www.tvuai.com.br\/portal\/wp-json\/wp\/v2\/categories?post=11343"},{"taxonomy":"post_tag","embeddable":true,"href":"https:\/\/www.tvuai.com.br\/portal\/wp-json\/wp\/v2\/tags?post=11343"}],"curies":[{"name":"wp","href":"https:\/\/api.w.org\/{rel}","templated":true}]}}