{"id":1112,"date":"2019-09-06T17:57:55","date_gmt":"2019-09-06T20:57:55","guid":{"rendered":"http:\/\/www.tvuai.com.br\/portal\/?p=1112"},"modified":"2019-09-06T18:12:00","modified_gmt":"2019-09-06T21:12:00","slug":"fenecoop-e-queijo-superouro-sao-atracoes-em-sao-goncalo-do-sapucai","status":"publish","type":"post","link":"https:\/\/www.tvuai.com.br\/portal\/fenecoop-e-queijo-superouro-sao-atracoes-em-sao-goncalo-do-sapucai\/","title":{"rendered":"Fenecoop e queijo Superouro s\u00e3o atra\u00e7\u00f5es em S\u00e3o Gon\u00e7alo do Sapuca\u00ed"},"content":{"rendered":"<div class=\"5a1038e0903b96d426fcfcc338703013\" data-index=\"1\" style=\"float: right; margin:10px 0 10px 10px;\">\n<script async src=\"https:\/\/pagead2.googlesyndication.com\/pagead\/js\/adsbygoogle.js?client=ca-pub-9945944833605257\"\r\n     crossorigin=\"anonymous\"><\/script>\r\n<ins class=\"adsbygoogle\"\r\n     style=\"display:block; text-align:center;\"\r\n     data-ad-layout=\"in-article\"\r\n     data-ad-format=\"fluid\"\r\n     data-ad-client=\"ca-pub-9945944833605257\"\r\n     data-ad-slot=\"2343923581\"><\/ins>\r\n<script>\r\n     (adsbygoogle = window.adsbygoogle || []).push({});\r\n<\/script>\n<\/div>\n<h5><img data-recalc-dims=\"1\" fetchpriority=\"high\" decoding=\"async\" data-attachment-id=\"1082\" data-permalink=\"https:\/\/www.tvuai.com.br\/portal\/fenecoop-de-sao-goncalo-do-sapucai-completa-uma-decada-de-sucesso-este-ano-evento-acontece-de-3-a-5-de-setembro-na-coopervass\/convite-fenecoop\/\" data-orig-file=\"https:\/\/i0.wp.com\/www.tvuai.com.br\/portal\/wp-content\/uploads\/2019\/08\/Convite-Fenecoop.jpg?fit=300%2C450&amp;ssl=1\" data-orig-size=\"300,450\" data-comments-opened=\"0\" data-image-meta=\"{&quot;aperture&quot;:&quot;0&quot;,&quot;credit&quot;:&quot;&quot;,&quot;camera&quot;:&quot;&quot;,&quot;caption&quot;:&quot;&quot;,&quot;created_timestamp&quot;:&quot;0&quot;,&quot;copyright&quot;:&quot;&quot;,&quot;focal_length&quot;:&quot;0&quot;,&quot;iso&quot;:&quot;0&quot;,&quot;shutter_speed&quot;:&quot;0&quot;,&quot;title&quot;:&quot;&quot;,&quot;orientation&quot;:&quot;1&quot;}\" data-image-title=\"Convite-Fenecoop\" data-image-description=\"\" data-image-caption=\"\" data-medium-file=\"https:\/\/i0.wp.com\/www.tvuai.com.br\/portal\/wp-content\/uploads\/2019\/08\/Convite-Fenecoop.jpg?fit=200%2C300&amp;ssl=1\" data-large-file=\"https:\/\/i0.wp.com\/www.tvuai.com.br\/portal\/wp-content\/uploads\/2019\/08\/Convite-Fenecoop.jpg?fit=300%2C450&amp;ssl=1\" tabindex=\"0\" role=\"button\" class=\"size-full wp-image-1082 alignright\" src=\"https:\/\/i0.wp.com\/www.tvuai.com.br\/portal\/wp-content\/uploads\/2019\/08\/Convite-Fenecoop.jpg?resize=300%2C450\" alt=\"\" width=\"300\" height=\"450\" srcset=\"https:\/\/i0.wp.com\/www.tvuai.com.br\/portal\/wp-content\/uploads\/2019\/08\/Convite-Fenecoop.jpg?w=300&amp;ssl=1 300w, https:\/\/i0.wp.com\/www.tvuai.com.br\/portal\/wp-content\/uploads\/2019\/08\/Convite-Fenecoop.jpg?resize=200%2C300&amp;ssl=1 200w\" sizes=\"(max-width: 300px) 100vw, 300px\" \/><em><strong>A feira acontece de 3 a 5 de setembro, na Coopervass<\/strong><\/em><\/h5>\n<p>A Coopervass promove a 10\u00aa edi\u00e7\u00e3o da Fenecoop, feira que se realiza nos dias 3, 4 e 5 de setembro, com atra\u00e7\u00f5es imperd\u00edveis para o produtor rural.\u00a0 A Fenecoop congrega parcerias importantes, com condi\u00e7\u00f5es de oferecer inova\u00e7\u00f5es, insumos, m\u00e1quinas e as melhores oportunidades de negocia\u00e7\u00f5es para os produtores rurais planejarem e desenvolverem a\u00e7\u00f5es importantes no desenvolvimento do seu agroneg\u00f3cio.<\/p>\n<p>Com as chuvas da primavera se anunciando, \u00e9 hora de preparar a terra para receber as sementes ou de adubar os cafezais que precisam estar revigorados e assegurar a nova florada.\u00a0 A possibilidade de usar o caf\u00e9 colhido nesta \u00faltima safra como moeda de pagamento para a aquisi\u00e7\u00e3o de fertilizantes e insumos \u00e9 uma das vantagens oferecidas aos produtores na Fenecoop. \u00a0O sistema barter possibilita n\u00e3o s\u00f3 que o produtor adquira o que ele precisa, antes mesmo de vender o caf\u00e9, mas ainda parcelar o pagamento por at\u00e9 quatro safras adiante.<\/p>\n<p style=\"text-align: center\"><strong>Queijo premiado<\/strong><\/p>\n<p>O \u00eaxito da Fenecoop e de outras a\u00e7\u00f5es da Coopervass vem se confirmando com o reconhecimento do p\u00fablico pelos produtos e servi\u00e7os oferecidos pela Cooperativa. Uma prova recente desse reconhecimento deu-se com o queijo produzido pelo Latic\u00ednio da Coopervass, eleito um dos campe\u00f5es do Mundial de Queijo, realizado entre os dias 8 e 11 de agosto, em Arax\u00e1\/MG.\u00a0 O produto foi avaliado por jurados internacionais como um dos melhores do mundo e recebeu a medalha Superouro no mundial.<\/p>\n<p>A classifica\u00e7\u00e3o encheu de orgulho e motiva\u00e7\u00e3o a equipe do latic\u00ednio envolvida em todas as etapas do processo de produ\u00e7\u00e3o do queijo campe\u00e3o. \u201cTemos buscado nos aprimorar a cada dia e esse resultado foi a confirma\u00e7\u00e3o de que estamos no caminho certo\u201d, menciona o respons\u00e1vel pelo latic\u00ednio, Bruno Salles. Conforme ele, o queijo campe\u00e3o foi preparado exclusivamente para o concurso, mas diante de t\u00e3o boa aceita\u00e7\u00e3o, o latic\u00ednio da Coopervass j\u00e1 se prepara para inseri-lo no seu mix de produtos em escala industrial. A premia\u00e7\u00e3o do Mundial ainda contemplou tamb\u00e9m, com medalha de bronze, o Iogurte de Morango da Coopervass, outra confirma\u00e7\u00e3o do resultado de todo o aparelhamento industrial da cooperativa e pela busca constante por desenvolvimento e qualidade.<\/p>\n<p><strong>Servi\u00e7o<\/strong><\/p>\n<p>O que: Feira Fenecoop<\/p>\n<p>Onde: Coopervass \u2013 S\u00e3o Gon\u00e7alo do Sapuca\u00ed<\/p>\n<p>Quando:\u00a0 3, 4 e 5 de setembro<\/p>\n<p>Contato: <strong><span style=\"color: #003366\"><a style=\"color: #003366\" href=\"http:\/\/www.coopervass.com.br\">Coopervass<\/a><\/span><\/strong>\u00a0 (35) 3241-5959<\/p>\n\n<div style=\"font-size: 0px; height: 0px; line-height: 0px; margin: 0; padding: 0; clear: both;\"><\/div><div class='share-to-whatsapp-wrapper'><div class='share-on-whsp'>Share on: <\/div><a data-text='Fenecoop e queijo Superouro s\u00e3o atra\u00e7\u00f5es em S\u00e3o Gon\u00e7alo do Sapuca\u00ed' data-link='https:\/\/www.tvuai.com.br\/portal\/fenecoop-e-queijo-superouro-sao-atracoes-em-sao-goncalo-do-sapucai\/' class='whatsapp-button whatsapp-share'>WhatsApp<\/a><div class='clear '><\/div><\/div><!-- AddThis Advanced Settings generic via filter on the_content --><!-- AddThis Share Buttons generic via filter on the_content -->","protected":false},"excerpt":{"rendered":"<p>A feira acontece de 3 a 5 de setembro, na Coopervass A Coopervass promove a 10\u00aa edi\u00e7\u00e3o da Fenecoop, feira que se realiza nos dias 3, 4 e 5 de setembro, com atra\u00e7\u00f5es imperd\u00edveis para o produtor rural.\u00a0 A Fenecoop congrega parcerias importantes, com condi\u00e7\u00f5es de oferecer inova\u00e7\u00f5es, insumos, m\u00e1quinas e as melhores oportunidades de [&hellip;]<!-- AddThis Advanced Settings generic via filter on get_the_excerpt --><!-- AddThis Share Buttons generic via filter on get_the_excerpt --><\/p>\n","protected":false},"author":2,"featured_media":1083,"comment_status":"closed","ping_status":"closed","sticky":false,"template":"","format":"standard","meta":{"jetpack_post_was_ever_published":false,"_jetpack_newsletter_access":"","_jetpack_dont_email_post_to_subs":false,"_jetpack_newsletter_tier_id":0,"_jetpack_memberships_contains_paywalled_content":false,"_jetpack_memberships_contains_paid_content":false,"_joinchat":[],"footnotes":"","jetpack_publicize_message":"","jetpack_publicize_feature_enabled":true,"jetpack_social_post_already_shared":true,"jetpack_social_options":{"image_generator_settings":{"template":"highway","enabled":false},"version":2}},"categories":[20,19],"tags":[],"class_list":["post-1112","post","type-post","status-publish","format-standard","has-post-thumbnail","hentry","category-entretenimento","category-noticias"],"jetpack_publicize_connections":[],"yoast_head":"<!-- This site is optimized with the Yoast SEO plugin v23.5 - https:\/\/yoast.com\/wordpress\/plugins\/seo\/ -->\n<title>Fenecoop e queijo Superouro s\u00e3o atra\u00e7\u00f5es em S\u00e3o Gon\u00e7alo do Sapuca\u00ed - TVUAI<\/title>\n<meta name=\"robots\" content=\"index, follow, max-snippet:-1, max-image-preview:large, max-video-preview:-1\" \/>\n<link rel=\"canonical\" href=\"https:\/\/www.tvuai.com.br\/portal\/fenecoop-e-queijo-superouro-sao-atracoes-em-sao-goncalo-do-sapucai\/\" \/>\n<meta property=\"og:locale\" content=\"pt_BR\" \/>\n<meta property=\"og:type\" content=\"article\" \/>\n<meta property=\"og:title\" content=\"Fenecoop e queijo Superouro s\u00e3o atra\u00e7\u00f5es em S\u00e3o Gon\u00e7alo do Sapuca\u00ed - TVUAI\" \/>\n<meta property=\"og:description\" content=\"A feira acontece de 3 a 5 de setembro, na Coopervass A Coopervass promove a 10\u00aa edi\u00e7\u00e3o da Fenecoop, feira que se realiza nos dias 3, 4 e 5 de setembro, com atra\u00e7\u00f5es imperd\u00edveis para o produtor rural.\u00a0 A Fenecoop congrega parcerias importantes, com condi\u00e7\u00f5es de oferecer inova\u00e7\u00f5es, insumos, m\u00e1quinas e as melhores oportunidades de [&hellip;]\" \/>\n<meta property=\"og:url\" content=\"https:\/\/www.tvuai.com.br\/portal\/fenecoop-e-queijo-superouro-sao-atracoes-em-sao-goncalo-do-sapucai\/\" \/>\n<meta property=\"og:site_name\" content=\"TVUAI\" \/>\n<meta property=\"article:publisher\" content=\"http:\/\/www.facebook.com\/pages\/TV-Uai-Comunica%c3%a7%c3%a3o\/139062546157369\" \/>\n<meta property=\"article:author\" content=\"https:\/\/www.facebook.com\/tvuai\/\" \/>\n<meta property=\"article:published_time\" content=\"2019-09-06T20:57:55+00:00\" \/>\n<meta property=\"article:modified_time\" content=\"2019-09-06T21:12:00+00:00\" \/>\n<meta property=\"og:image\" content=\"https:\/\/i0.wp.com\/www.tvuai.com.br\/portal\/wp-content\/uploads\/2019\/08\/Convite-Fenecoop0.jpg?fit=200%2C148&ssl=1\" \/>\n\t<meta property=\"og:image:width\" content=\"200\" \/>\n\t<meta property=\"og:image:height\" content=\"148\" \/>\n\t<meta property=\"og:image:type\" content=\"image\/jpeg\" \/>\n<meta name=\"author\" content=\"Rosy Pantale\u00e3o\" \/>\n<meta name=\"twitter:card\" content=\"summary_large_image\" \/>\n<meta name=\"twitter:creator\" content=\"@tvuai\" \/>\n<meta name=\"twitter:site\" content=\"@tvuai\" \/>\n<meta name=\"twitter:label1\" content=\"Escrito por\" \/>\n\t<meta name=\"twitter:data1\" content=\"Rosy Pantale\u00e3o\" \/>\n\t<meta name=\"twitter:label2\" content=\"Est. tempo de leitura\" \/>\n\t<meta name=\"twitter:data2\" content=\"2 minutos\" \/>\n<script type=\"application\/ld+json\" class=\"yoast-schema-graph\">{\"@context\":\"https:\/\/schema.org\",\"@graph\":[{\"@type\":\"Article\",\"@id\":\"https:\/\/www.tvuai.com.br\/portal\/fenecoop-e-queijo-superouro-sao-atracoes-em-sao-goncalo-do-sapucai\/#article\",\"isPartOf\":{\"@id\":\"https:\/\/www.tvuai.com.br\/portal\/fenecoop-e-queijo-superouro-sao-atracoes-em-sao-goncalo-do-sapucai\/\"},\"author\":{\"name\":\"Rosy Pantale\u00e3o\",\"@id\":\"https:\/\/www.tvuai.com.br\/portal\/#\/schema\/person\/d1c5c2b1dc1e658906286802aad38555\"},\"headline\":\"Fenecoop e queijo Superouro s\u00e3o atra\u00e7\u00f5es em S\u00e3o Gon\u00e7alo do Sapuca\u00ed\",\"datePublished\":\"2019-09-06T20:57:55+00:00\",\"dateModified\":\"2019-09-06T21:12:00+00:00\",\"mainEntityOfPage\":{\"@id\":\"https:\/\/www.tvuai.com.br\/portal\/fenecoop-e-queijo-superouro-sao-atracoes-em-sao-goncalo-do-sapucai\/\"},\"wordCount\":418,\"publisher\":{\"@id\":\"https:\/\/www.tvuai.com.br\/portal\/#organization\"},\"image\":{\"@id\":\"https:\/\/www.tvuai.com.br\/portal\/fenecoop-e-queijo-superouro-sao-atracoes-em-sao-goncalo-do-sapucai\/#primaryimage\"},\"thumbnailUrl\":\"https:\/\/i0.wp.com\/www.tvuai.com.br\/portal\/wp-content\/uploads\/2019\/08\/Convite-Fenecoop0.jpg?fit=200%2C148&ssl=1\",\"articleSection\":[\"Entretenimento\",\"Not\u00edcias\"],\"inLanguage\":\"pt-BR\"},{\"@type\":\"WebPage\",\"@id\":\"https:\/\/www.tvuai.com.br\/portal\/fenecoop-e-queijo-superouro-sao-atracoes-em-sao-goncalo-do-sapucai\/\",\"url\":\"https:\/\/www.tvuai.com.br\/portal\/fenecoop-e-queijo-superouro-sao-atracoes-em-sao-goncalo-do-sapucai\/\",\"name\":\"Fenecoop e queijo Superouro s\u00e3o atra\u00e7\u00f5es em S\u00e3o Gon\u00e7alo do Sapuca\u00ed - TVUAI\",\"isPartOf\":{\"@id\":\"https:\/\/www.tvuai.com.br\/portal\/#website\"},\"primaryImageOfPage\":{\"@id\":\"https:\/\/www.tvuai.com.br\/portal\/fenecoop-e-queijo-superouro-sao-atracoes-em-sao-goncalo-do-sapucai\/#primaryimage\"},\"image\":{\"@id\":\"https:\/\/www.tvuai.com.br\/portal\/fenecoop-e-queijo-superouro-sao-atracoes-em-sao-goncalo-do-sapucai\/#primaryimage\"},\"thumbnailUrl\":\"https:\/\/i0.wp.com\/www.tvuai.com.br\/portal\/wp-content\/uploads\/2019\/08\/Convite-Fenecoop0.jpg?fit=200%2C148&ssl=1\",\"datePublished\":\"2019-09-06T20:57:55+00:00\",\"dateModified\":\"2019-09-06T21:12:00+00:00\",\"breadcrumb\":{\"@id\":\"https:\/\/www.tvuai.com.br\/portal\/fenecoop-e-queijo-superouro-sao-atracoes-em-sao-goncalo-do-sapucai\/#breadcrumb\"},\"inLanguage\":\"pt-BR\",\"potentialAction\":[{\"@type\":\"ReadAction\",\"target\":[\"https:\/\/www.tvuai.com.br\/portal\/fenecoop-e-queijo-superouro-sao-atracoes-em-sao-goncalo-do-sapucai\/\"]}]},{\"@type\":\"ImageObject\",\"inLanguage\":\"pt-BR\",\"@id\":\"https:\/\/www.tvuai.com.br\/portal\/fenecoop-e-queijo-superouro-sao-atracoes-em-sao-goncalo-do-sapucai\/#primaryimage\",\"url\":\"https:\/\/i0.wp.com\/www.tvuai.com.br\/portal\/wp-content\/uploads\/2019\/08\/Convite-Fenecoop0.jpg?fit=200%2C148&ssl=1\",\"contentUrl\":\"https:\/\/i0.wp.com\/www.tvuai.com.br\/portal\/wp-content\/uploads\/2019\/08\/Convite-Fenecoop0.jpg?fit=200%2C148&ssl=1\",\"width\":200,\"height\":148},{\"@type\":\"BreadcrumbList\",\"@id\":\"https:\/\/www.tvuai.com.br\/portal\/fenecoop-e-queijo-superouro-sao-atracoes-em-sao-goncalo-do-sapucai\/#breadcrumb\",\"itemListElement\":[{\"@type\":\"ListItem\",\"position\":1,\"name\":\"In\u00edcio\",\"item\":\"https:\/\/www.tvuai.com.br\/portal\/\"},{\"@type\":\"ListItem\",\"position\":2,\"name\":\"Fenecoop e queijo Superouro s\u00e3o atra\u00e7\u00f5es em S\u00e3o Gon\u00e7alo do Sapuca\u00ed\"}]},{\"@type\":\"WebSite\",\"@id\":\"https:\/\/www.tvuai.com.br\/portal\/#website\",\"url\":\"https:\/\/www.tvuai.com.br\/portal\/\",\"name\":\"TVUAI\",\"description\":\"Tudo sobre o Sul de Minas\",\"publisher\":{\"@id\":\"https:\/\/www.tvuai.com.br\/portal\/#organization\"},\"potentialAction\":[{\"@type\":\"SearchAction\",\"target\":{\"@type\":\"EntryPoint\",\"urlTemplate\":\"https:\/\/www.tvuai.com.br\/portal\/?s={search_term_string}\"},\"query-input\":{\"@type\":\"PropertyValueSpecification\",\"valueRequired\":true,\"valueName\":\"search_term_string\"}}],\"inLanguage\":\"pt-BR\"},{\"@type\":\"Organization\",\"@id\":\"https:\/\/www.tvuai.com.br\/portal\/#organization\",\"name\":\"TVUAI\",\"url\":\"https:\/\/www.tvuai.com.br\/portal\/\",\"logo\":{\"@type\":\"ImageObject\",\"inLanguage\":\"pt-BR\",\"@id\":\"https:\/\/www.tvuai.com.br\/portal\/#\/schema\/logo\/image\/\",\"url\":\"https:\/\/i0.wp.com\/www.tvuai.com.br\/portal\/wp-content\/uploads\/2017\/12\/logo_tvuai_100H.png?fit=207%2C100&ssl=1\",\"contentUrl\":\"https:\/\/i0.wp.com\/www.tvuai.com.br\/portal\/wp-content\/uploads\/2017\/12\/logo_tvuai_100H.png?fit=207%2C100&ssl=1\",\"width\":207,\"height\":100,\"caption\":\"TVUAI\"},\"image\":{\"@id\":\"https:\/\/www.tvuai.com.br\/portal\/#\/schema\/logo\/image\/\"},\"sameAs\":[\"http:\/\/www.facebook.com\/pages\/TV-Uai-Comunica\u00e7\u00e3o\/139062546157369\",\"https:\/\/x.com\/tvuai\",\"https:\/\/www.instagram.com\/tvuai_network\/\",\"https:\/\/www.youtube.com\/channel\/UCB7ZPB3wRv-OpoZ_09jmnkQ\"]},{\"@type\":\"Person\",\"@id\":\"https:\/\/www.tvuai.com.br\/portal\/#\/schema\/person\/d1c5c2b1dc1e658906286802aad38555\",\"name\":\"Rosy Pantale\u00e3o\",\"sameAs\":[\"https:\/\/www.tvuai.com.br\/portal\/\",\"https:\/\/www.facebook.com\/tvuai\/\",\"https:\/\/www.instagram.com\/tvuai\",\"https:\/\/x.com\/tvuai\",\"https:\/\/www.youtube.com\/channel\/UCB7ZPB3wRv-OpoZ_09jmnkQ\",\"tvuai\"],\"url\":\"https:\/\/www.tvuai.com.br\/portal\/author\/rosy\/\"}]}<\/script>\n<!-- \/ Yoast SEO plugin. -->","yoast_head_json":{"title":"Fenecoop e queijo Superouro s\u00e3o atra\u00e7\u00f5es em S\u00e3o Gon\u00e7alo do Sapuca\u00ed - TVUAI","robots":{"index":"index","follow":"follow","max-snippet":"max-snippet:-1","max-image-preview":"max-image-preview:large","max-video-preview":"max-video-preview:-1"},"canonical":"https:\/\/www.tvuai.com.br\/portal\/fenecoop-e-queijo-superouro-sao-atracoes-em-sao-goncalo-do-sapucai\/","og_locale":"pt_BR","og_type":"article","og_title":"Fenecoop e queijo Superouro s\u00e3o atra\u00e7\u00f5es em S\u00e3o Gon\u00e7alo do Sapuca\u00ed - TVUAI","og_description":"A feira acontece de 3 a 5 de setembro, na Coopervass A Coopervass promove a 10\u00aa edi\u00e7\u00e3o da Fenecoop, feira que se realiza nos dias 3, 4 e 5 de setembro, com atra\u00e7\u00f5es imperd\u00edveis para o produtor rural.\u00a0 A Fenecoop congrega parcerias importantes, com condi\u00e7\u00f5es de oferecer inova\u00e7\u00f5es, insumos, m\u00e1quinas e as melhores oportunidades de [&hellip;]","og_url":"https:\/\/www.tvuai.com.br\/portal\/fenecoop-e-queijo-superouro-sao-atracoes-em-sao-goncalo-do-sapucai\/","og_site_name":"TVUAI","article_publisher":"http:\/\/www.facebook.com\/pages\/TV-Uai-Comunica%c3%a7%c3%a3o\/139062546157369","article_author":"https:\/\/www.facebook.com\/tvuai\/","article_published_time":"2019-09-06T20:57:55+00:00","article_modified_time":"2019-09-06T21:12:00+00:00","og_image":[{"width":200,"height":148,"url":"https:\/\/i0.wp.com\/www.tvuai.com.br\/portal\/wp-content\/uploads\/2019\/08\/Convite-Fenecoop0.jpg?fit=200%2C148&ssl=1","type":"image\/jpeg"}],"author":"Rosy Pantale\u00e3o","twitter_card":"summary_large_image","twitter_creator":"@tvuai","twitter_site":"@tvuai","twitter_misc":{"Escrito por":"Rosy Pantale\u00e3o","Est. tempo de leitura":"2 minutos"},"schema":{"@context":"https:\/\/schema.org","@graph":[{"@type":"Article","@id":"https:\/\/www.tvuai.com.br\/portal\/fenecoop-e-queijo-superouro-sao-atracoes-em-sao-goncalo-do-sapucai\/#article","isPartOf":{"@id":"https:\/\/www.tvuai.com.br\/portal\/fenecoop-e-queijo-superouro-sao-atracoes-em-sao-goncalo-do-sapucai\/"},"author":{"name":"Rosy Pantale\u00e3o","@id":"https:\/\/www.tvuai.com.br\/portal\/#\/schema\/person\/d1c5c2b1dc1e658906286802aad38555"},"headline":"Fenecoop e queijo Superouro s\u00e3o atra\u00e7\u00f5es em S\u00e3o Gon\u00e7alo do Sapuca\u00ed","datePublished":"2019-09-06T20:57:55+00:00","dateModified":"2019-09-06T21:12:00+00:00","mainEntityOfPage":{"@id":"https:\/\/www.tvuai.com.br\/portal\/fenecoop-e-queijo-superouro-sao-atracoes-em-sao-goncalo-do-sapucai\/"},"wordCount":418,"publisher":{"@id":"https:\/\/www.tvuai.com.br\/portal\/#organization"},"image":{"@id":"https:\/\/www.tvuai.com.br\/portal\/fenecoop-e-queijo-superouro-sao-atracoes-em-sao-goncalo-do-sapucai\/#primaryimage"},"thumbnailUrl":"https:\/\/i0.wp.com\/www.tvuai.com.br\/portal\/wp-content\/uploads\/2019\/08\/Convite-Fenecoop0.jpg?fit=200%2C148&ssl=1","articleSection":["Entretenimento","Not\u00edcias"],"inLanguage":"pt-BR"},{"@type":"WebPage","@id":"https:\/\/www.tvuai.com.br\/portal\/fenecoop-e-queijo-superouro-sao-atracoes-em-sao-goncalo-do-sapucai\/","url":"https:\/\/www.tvuai.com.br\/portal\/fenecoop-e-queijo-superouro-sao-atracoes-em-sao-goncalo-do-sapucai\/","name":"Fenecoop e queijo Superouro s\u00e3o atra\u00e7\u00f5es em S\u00e3o Gon\u00e7alo do Sapuca\u00ed - TVUAI","isPartOf":{"@id":"https:\/\/www.tvuai.com.br\/portal\/#website"},"primaryImageOfPage":{"@id":"https:\/\/www.tvuai.com.br\/portal\/fenecoop-e-queijo-superouro-sao-atracoes-em-sao-goncalo-do-sapucai\/#primaryimage"},"image":{"@id":"https:\/\/www.tvuai.com.br\/portal\/fenecoop-e-queijo-superouro-sao-atracoes-em-sao-goncalo-do-sapucai\/#primaryimage"},"thumbnailUrl":"https:\/\/i0.wp.com\/www.tvuai.com.br\/portal\/wp-content\/uploads\/2019\/08\/Convite-Fenecoop0.jpg?fit=200%2C148&ssl=1","datePublished":"2019-09-06T20:57:55+00:00","dateModified":"2019-09-06T21:12:00+00:00","breadcrumb":{"@id":"https:\/\/www.tvuai.com.br\/portal\/fenecoop-e-queijo-superouro-sao-atracoes-em-sao-goncalo-do-sapucai\/#breadcrumb"},"inLanguage":"pt-BR","potentialAction":[{"@type":"ReadAction","target":["https:\/\/www.tvuai.com.br\/portal\/fenecoop-e-queijo-superouro-sao-atracoes-em-sao-goncalo-do-sapucai\/"]}]},{"@type":"ImageObject","inLanguage":"pt-BR","@id":"https:\/\/www.tvuai.com.br\/portal\/fenecoop-e-queijo-superouro-sao-atracoes-em-sao-goncalo-do-sapucai\/#primaryimage","url":"https:\/\/i0.wp.com\/www.tvuai.com.br\/portal\/wp-content\/uploads\/2019\/08\/Convite-Fenecoop0.jpg?fit=200%2C148&ssl=1","contentUrl":"https:\/\/i0.wp.com\/www.tvuai.com.br\/portal\/wp-content\/uploads\/2019\/08\/Convite-Fenecoop0.jpg?fit=200%2C148&ssl=1","width":200,"height":148},{"@type":"BreadcrumbList","@id":"https:\/\/www.tvuai.com.br\/portal\/fenecoop-e-queijo-superouro-sao-atracoes-em-sao-goncalo-do-sapucai\/#breadcrumb","itemListElement":[{"@type":"ListItem","position":1,"name":"In\u00edcio","item":"https:\/\/www.tvuai.com.br\/portal\/"},{"@type":"ListItem","position":2,"name":"Fenecoop e queijo Superouro s\u00e3o atra\u00e7\u00f5es em S\u00e3o Gon\u00e7alo do Sapuca\u00ed"}]},{"@type":"WebSite","@id":"https:\/\/www.tvuai.com.br\/portal\/#website","url":"https:\/\/www.tvuai.com.br\/portal\/","name":"TVUAI","description":"Tudo sobre o Sul de Minas","publisher":{"@id":"https:\/\/www.tvuai.com.br\/portal\/#organization"},"potentialAction":[{"@type":"SearchAction","target":{"@type":"EntryPoint","urlTemplate":"https:\/\/www.tvuai.com.br\/portal\/?s={search_term_string}"},"query-input":{"@type":"PropertyValueSpecification","valueRequired":true,"valueName":"search_term_string"}}],"inLanguage":"pt-BR"},{"@type":"Organization","@id":"https:\/\/www.tvuai.com.br\/portal\/#organization","name":"TVUAI","url":"https:\/\/www.tvuai.com.br\/portal\/","logo":{"@type":"ImageObject","inLanguage":"pt-BR","@id":"https:\/\/www.tvuai.com.br\/portal\/#\/schema\/logo\/image\/","url":"https:\/\/i0.wp.com\/www.tvuai.com.br\/portal\/wp-content\/uploads\/2017\/12\/logo_tvuai_100H.png?fit=207%2C100&ssl=1","contentUrl":"https:\/\/i0.wp.com\/www.tvuai.com.br\/portal\/wp-content\/uploads\/2017\/12\/logo_tvuai_100H.png?fit=207%2C100&ssl=1","width":207,"height":100,"caption":"TVUAI"},"image":{"@id":"https:\/\/www.tvuai.com.br\/portal\/#\/schema\/logo\/image\/"},"sameAs":["http:\/\/www.facebook.com\/pages\/TV-Uai-Comunica\u00e7\u00e3o\/139062546157369","https:\/\/x.com\/tvuai","https:\/\/www.instagram.com\/tvuai_network\/","https:\/\/www.youtube.com\/channel\/UCB7ZPB3wRv-OpoZ_09jmnkQ"]},{"@type":"Person","@id":"https:\/\/www.tvuai.com.br\/portal\/#\/schema\/person\/d1c5c2b1dc1e658906286802aad38555","name":"Rosy Pantale\u00e3o","sameAs":["https:\/\/www.tvuai.com.br\/portal\/","https:\/\/www.facebook.com\/tvuai\/","https:\/\/www.instagram.com\/tvuai","https:\/\/x.com\/tvuai","https:\/\/www.youtube.com\/channel\/UCB7ZPB3wRv-OpoZ_09jmnkQ","tvuai"],"url":"https:\/\/www.tvuai.com.br\/portal\/author\/rosy\/"}]}},"jetpack_featured_media_url":"https:\/\/i0.wp.com\/www.tvuai.com.br\/portal\/wp-content\/uploads\/2019\/08\/Convite-Fenecoop0.jpg?fit=200%2C148&ssl=1","wpmagazine_modules_lite_featured_media_urls":{"thumbnail":["https:\/\/i0.wp.com\/www.tvuai.com.br\/portal\/wp-content\/uploads\/2019\/08\/Convite-Fenecoop0.jpg?resize=150%2C148&ssl=1",150,148,true],"cvmm-medium":["https:\/\/i0.wp.com\/www.tvuai.com.br\/portal\/wp-content\/uploads\/2019\/08\/Convite-Fenecoop0.jpg?resize=200%2C148&ssl=1",200,148,true],"cvmm-medium-plus":["https:\/\/i0.wp.com\/www.tvuai.com.br\/portal\/wp-content\/uploads\/2019\/08\/Convite-Fenecoop0.jpg?resize=200%2C148&ssl=1",200,148,true],"cvmm-portrait":["https:\/\/i0.wp.com\/www.tvuai.com.br\/portal\/wp-content\/uploads\/2019\/08\/Convite-Fenecoop0.jpg?resize=200%2C148&ssl=1",200,148,true],"cvmm-medium-square":["https:\/\/i0.wp.com\/www.tvuai.com.br\/portal\/wp-content\/uploads\/2019\/08\/Convite-Fenecoop0.jpg?resize=200%2C148&ssl=1",200,148,true],"cvmm-large":["https:\/\/i0.wp.com\/www.tvuai.com.br\/portal\/wp-content\/uploads\/2019\/08\/Convite-Fenecoop0.jpg?resize=200%2C148&ssl=1",200,148,true],"cvmm-small":["https:\/\/i0.wp.com\/www.tvuai.com.br\/portal\/wp-content\/uploads\/2019\/08\/Convite-Fenecoop0.jpg?resize=130%2C95&ssl=1",130,95,true],"full":["https:\/\/i0.wp.com\/www.tvuai.com.br\/portal\/wp-content\/uploads\/2019\/08\/Convite-Fenecoop0.jpg?fit=200%2C148&ssl=1",200,148,false]},"categories_names":{"20":{"name":"Entretenimento","link":"https:\/\/www.tvuai.com.br\/portal\/category\/entretenimento\/"},"19":{"name":"Not\u00edcias","link":"https:\/\/www.tvuai.com.br\/portal\/category\/noticias\/"}},"tags_names":[],"comments_number":"0","jetpack_shortlink":"https:\/\/wp.me\/p9woix-hW","jetpack_sharing_enabled":true,"_links":{"self":[{"href":"https:\/\/www.tvuai.com.br\/portal\/wp-json\/wp\/v2\/posts\/1112"}],"collection":[{"href":"https:\/\/www.tvuai.com.br\/portal\/wp-json\/wp\/v2\/posts"}],"about":[{"href":"https:\/\/www.tvuai.com.br\/portal\/wp-json\/wp\/v2\/types\/post"}],"author":[{"embeddable":true,"href":"https:\/\/www.tvuai.com.br\/portal\/wp-json\/wp\/v2\/users\/2"}],"replies":[{"embeddable":true,"href":"https:\/\/www.tvuai.com.br\/portal\/wp-json\/wp\/v2\/comments?post=1112"}],"version-history":[{"count":1,"href":"https:\/\/www.tvuai.com.br\/portal\/wp-json\/wp\/v2\/posts\/1112\/revisions"}],"predecessor-version":[{"id":1113,"href":"https:\/\/www.tvuai.com.br\/portal\/wp-json\/wp\/v2\/posts\/1112\/revisions\/1113"}],"wp:featuredmedia":[{"embeddable":true,"href":"https:\/\/www.tvuai.com.br\/portal\/wp-json\/wp\/v2\/media\/1083"}],"wp:attachment":[{"href":"https:\/\/www.tvuai.com.br\/portal\/wp-json\/wp\/v2\/media?parent=1112"}],"wp:term":[{"taxonomy":"category","embeddable":true,"href":"https:\/\/www.tvuai.com.br\/portal\/wp-json\/wp\/v2\/categories?post=1112"},{"taxonomy":"post_tag","embeddable":true,"href":"https:\/\/www.tvuai.com.br\/portal\/wp-json\/wp\/v2\/tags?post=1112"}],"curies":[{"name":"wp","href":"https:\/\/api.w.org\/{rel}","templated":true}]}}