{"id":11118,"date":"2025-02-24T16:27:42","date_gmt":"2025-02-24T19:27:42","guid":{"rendered":"https:\/\/www.tvuai.com.br\/portal\/?p=11118"},"modified":"2025-02-28T16:52:20","modified_gmt":"2025-02-28T19:52:20","slug":"reuniao-na-prefeitura-de-congonhal-define-novos-caminhos-para-a-educacao-com-mais-inclusao-e-menos-barreiras","status":"publish","type":"post","link":"https:\/\/www.tvuai.com.br\/portal\/reuniao-na-prefeitura-de-congonhal-define-novos-caminhos-para-a-educacao-com-mais-inclusao-e-menos-barreiras\/","title":{"rendered":"Reuni\u00e3o na Prefeitura de Congonhal define novos caminhos para a Educa\u00e7\u00e3o com mais inclus\u00e3o e menos barreiras"},"content":{"rendered":"<div class=\"5a1038e0903b96d426fcfcc338703013\" data-index=\"1\" style=\"float: right; margin:10px 0 10px 10px;\">\n<script async src=\"https:\/\/pagead2.googlesyndication.com\/pagead\/js\/adsbygoogle.js?client=ca-pub-9945944833605257\"\r\n     crossorigin=\"anonymous\"><\/script>\r\n<ins class=\"adsbygoogle\"\r\n     style=\"display:block; text-align:center;\"\r\n     data-ad-layout=\"in-article\"\r\n     data-ad-format=\"fluid\"\r\n     data-ad-client=\"ca-pub-9945944833605257\"\r\n     data-ad-slot=\"2343923581\"><\/ins>\r\n<script>\r\n     (adsbygoogle = window.adsbygoogle || []).push({});\r\n<\/script>\n<\/div>\n<h5 style=\"text-align: center;\" data-pm-slice=\"1 1 []\"><em><strong><img data-recalc-dims=\"1\" fetchpriority=\"high\" decoding=\"async\" data-attachment-id=\"11122\" data-permalink=\"https:\/\/www.tvuai.com.br\/portal\/reuniao-na-prefeitura-de-congonhal-define-novos-caminhos-para-a-educacao-com-mais-inclusao-e-menos-barreiras\/congonhaledu1\/\" data-orig-file=\"https:\/\/i0.wp.com\/www.tvuai.com.br\/portal\/wp-content\/uploads\/2025\/02\/congonhaledu1.jpg?fit=1435%2C1649&amp;ssl=1\" data-orig-size=\"1435,1649\" data-comments-opened=\"0\" data-image-meta=\"{&quot;aperture&quot;:&quot;0&quot;,&quot;credit&quot;:&quot;&quot;,&quot;camera&quot;:&quot;&quot;,&quot;caption&quot;:&quot;&quot;,&quot;created_timestamp&quot;:&quot;0&quot;,&quot;copyright&quot;:&quot;&quot;,&quot;focal_length&quot;:&quot;0&quot;,&quot;iso&quot;:&quot;0&quot;,&quot;shutter_speed&quot;:&quot;0&quot;,&quot;title&quot;:&quot;&quot;,&quot;orientation&quot;:&quot;0&quot;}\" data-image-title=\"congonhaledu1\" data-image-description=\"\" data-image-caption=\"\" data-medium-file=\"https:\/\/i0.wp.com\/www.tvuai.com.br\/portal\/wp-content\/uploads\/2025\/02\/congonhaledu1.jpg?fit=261%2C300&amp;ssl=1\" data-large-file=\"https:\/\/i0.wp.com\/www.tvuai.com.br\/portal\/wp-content\/uploads\/2025\/02\/congonhaledu1.jpg?fit=640%2C736&amp;ssl=1\" tabindex=\"0\" role=\"button\" class=\"size-medium wp-image-11122 aligncenter\" src=\"https:\/\/i0.wp.com\/www.tvuai.com.br\/portal\/wp-content\/uploads\/2025\/02\/congonhaledu1.jpg?resize=261%2C300&#038;ssl=1\" alt=\"\" width=\"261\" height=\"300\" srcset=\"https:\/\/i0.wp.com\/www.tvuai.com.br\/portal\/wp-content\/uploads\/2025\/02\/congonhaledu1.jpg?resize=261%2C300&amp;ssl=1 261w, https:\/\/i0.wp.com\/www.tvuai.com.br\/portal\/wp-content\/uploads\/2025\/02\/congonhaledu1.jpg?resize=891%2C1024&amp;ssl=1 891w, https:\/\/i0.wp.com\/www.tvuai.com.br\/portal\/wp-content\/uploads\/2025\/02\/congonhaledu1.jpg?resize=768%2C883&amp;ssl=1 768w, https:\/\/i0.wp.com\/www.tvuai.com.br\/portal\/wp-content\/uploads\/2025\/02\/congonhaledu1.jpg?resize=1337%2C1536&amp;ssl=1 1337w, https:\/\/i0.wp.com\/www.tvuai.com.br\/portal\/wp-content\/uploads\/2025\/02\/congonhaledu1.jpg?w=1435&amp;ssl=1 1435w, https:\/\/i0.wp.com\/www.tvuai.com.br\/portal\/wp-content\/uploads\/2025\/02\/congonhaledu1.jpg?w=1280&amp;ssl=1 1280w\" sizes=\"(max-width: 261px) 100vw, 261px\" \/>Prefeitura de Congonhal realiza reuni\u00e3o sobre educa\u00e7\u00e3o inclusiva<\/strong><\/em><\/h5>\n<p><img data-recalc-dims=\"1\" decoding=\"async\" data-attachment-id=\"11123\" data-permalink=\"https:\/\/www.tvuai.com.br\/portal\/reuniao-na-prefeitura-de-congonhal-define-novos-caminhos-para-a-educacao-com-mais-inclusao-e-menos-barreiras\/congonhaledu2\/\" data-orig-file=\"https:\/\/i0.wp.com\/www.tvuai.com.br\/portal\/wp-content\/uploads\/2025\/02\/congonhaledu2.jpg?fit=1439%2C1645&amp;ssl=1\" data-orig-size=\"1439,1645\" data-comments-opened=\"0\" data-image-meta=\"{&quot;aperture&quot;:&quot;0&quot;,&quot;credit&quot;:&quot;&quot;,&quot;camera&quot;:&quot;&quot;,&quot;caption&quot;:&quot;&quot;,&quot;created_timestamp&quot;:&quot;0&quot;,&quot;copyright&quot;:&quot;&quot;,&quot;focal_length&quot;:&quot;0&quot;,&quot;iso&quot;:&quot;0&quot;,&quot;shutter_speed&quot;:&quot;0&quot;,&quot;title&quot;:&quot;&quot;,&quot;orientation&quot;:&quot;0&quot;}\" data-image-title=\"congonhaledu2\" data-image-description=\"\" data-image-caption=\"\" data-medium-file=\"https:\/\/i0.wp.com\/www.tvuai.com.br\/portal\/wp-content\/uploads\/2025\/02\/congonhaledu2.jpg?fit=262%2C300&amp;ssl=1\" data-large-file=\"https:\/\/i0.wp.com\/www.tvuai.com.br\/portal\/wp-content\/uploads\/2025\/02\/congonhaledu2.jpg?fit=640%2C731&amp;ssl=1\" tabindex=\"0\" role=\"button\" class=\"size-medium wp-image-11123 alignright\" src=\"https:\/\/i0.wp.com\/www.tvuai.com.br\/portal\/wp-content\/uploads\/2025\/02\/congonhaledu2.jpg?resize=262%2C300&#038;ssl=1\" alt=\"\" width=\"262\" height=\"300\" srcset=\"https:\/\/i0.wp.com\/www.tvuai.com.br\/portal\/wp-content\/uploads\/2025\/02\/congonhaledu2.jpg?resize=262%2C300&amp;ssl=1 262w, https:\/\/i0.wp.com\/www.tvuai.com.br\/portal\/wp-content\/uploads\/2025\/02\/congonhaledu2.jpg?resize=896%2C1024&amp;ssl=1 896w, https:\/\/i0.wp.com\/www.tvuai.com.br\/portal\/wp-content\/uploads\/2025\/02\/congonhaledu2.jpg?resize=768%2C878&amp;ssl=1 768w, https:\/\/i0.wp.com\/www.tvuai.com.br\/portal\/wp-content\/uploads\/2025\/02\/congonhaledu2.jpg?resize=1344%2C1536&amp;ssl=1 1344w, https:\/\/i0.wp.com\/www.tvuai.com.br\/portal\/wp-content\/uploads\/2025\/02\/congonhaledu2.jpg?w=1439&amp;ssl=1 1439w, https:\/\/i0.wp.com\/www.tvuai.com.br\/portal\/wp-content\/uploads\/2025\/02\/congonhaledu2.jpg?w=1280&amp;ssl=1 1280w\" sizes=\"(max-width: 262px) 100vw, 262px\" \/>Na \u00faltima quarta-feira, 19, a Prefeitura Municipal de Congonhal promoveu uma reuni\u00e3o para debater avan\u00e7os e desafios da educa\u00e7\u00e3o inclusiva no munic\u00edpio. O encontro contou com a presen\u00e7a do prefeito Juninho, da secret\u00e1ria de Educa\u00e7\u00e3o D\u00e9bora e de vereadores, que discutiram a forma\u00e7\u00e3o dos profissionais de apoio como uma das prioridades para garantir um ensino mais acess\u00edvel.<\/p>\n<p>A educa\u00e7\u00e3o inclusiva busca assegurar que todos os alunos, independentemente de suas condi\u00e7\u00f5es, tenham acesso a um ambiente escolar adaptado e acolhedor. Nesse contexto, a capacita\u00e7\u00e3o dos profissionais de apoio \u00e9 essencial para oferecer suporte pedag\u00f3gico, emocional e social a estudantes com defici\u00eancia, Transtorno do Espectro Autista (TEA) e outras necessidades educacionais espec\u00edficas.<\/p>\n<p><img data-recalc-dims=\"1\" decoding=\"async\" data-attachment-id=\"11124\" data-permalink=\"https:\/\/www.tvuai.com.br\/portal\/reuniao-na-prefeitura-de-congonhal-define-novos-caminhos-para-a-educacao-com-mais-inclusao-e-menos-barreiras\/congonhaledu3\/\" data-orig-file=\"https:\/\/i0.wp.com\/www.tvuai.com.br\/portal\/wp-content\/uploads\/2025\/02\/congonhaledu3.jpg?fit=1435%2C1645&amp;ssl=1\" data-orig-size=\"1435,1645\" data-comments-opened=\"0\" data-image-meta=\"{&quot;aperture&quot;:&quot;0&quot;,&quot;credit&quot;:&quot;&quot;,&quot;camera&quot;:&quot;&quot;,&quot;caption&quot;:&quot;&quot;,&quot;created_timestamp&quot;:&quot;0&quot;,&quot;copyright&quot;:&quot;&quot;,&quot;focal_length&quot;:&quot;0&quot;,&quot;iso&quot;:&quot;0&quot;,&quot;shutter_speed&quot;:&quot;0&quot;,&quot;title&quot;:&quot;&quot;,&quot;orientation&quot;:&quot;0&quot;}\" data-image-title=\"congonhaledu3\" data-image-description=\"\" data-image-caption=\"\" data-medium-file=\"https:\/\/i0.wp.com\/www.tvuai.com.br\/portal\/wp-content\/uploads\/2025\/02\/congonhaledu3.jpg?fit=262%2C300&amp;ssl=1\" data-large-file=\"https:\/\/i0.wp.com\/www.tvuai.com.br\/portal\/wp-content\/uploads\/2025\/02\/congonhaledu3.jpg?fit=640%2C734&amp;ssl=1\" tabindex=\"0\" role=\"button\" class=\"size-medium wp-image-11124 alignleft\" src=\"https:\/\/i0.wp.com\/www.tvuai.com.br\/portal\/wp-content\/uploads\/2025\/02\/congonhaledu3.jpg?resize=262%2C300&#038;ssl=1\" alt=\"\" width=\"262\" height=\"300\" srcset=\"https:\/\/i0.wp.com\/www.tvuai.com.br\/portal\/wp-content\/uploads\/2025\/02\/congonhaledu3.jpg?resize=262%2C300&amp;ssl=1 262w, https:\/\/i0.wp.com\/www.tvuai.com.br\/portal\/wp-content\/uploads\/2025\/02\/congonhaledu3.jpg?resize=893%2C1024&amp;ssl=1 893w, https:\/\/i0.wp.com\/www.tvuai.com.br\/portal\/wp-content\/uploads\/2025\/02\/congonhaledu3.jpg?resize=768%2C880&amp;ssl=1 768w, https:\/\/i0.wp.com\/www.tvuai.com.br\/portal\/wp-content\/uploads\/2025\/02\/congonhaledu3.jpg?resize=1340%2C1536&amp;ssl=1 1340w, https:\/\/i0.wp.com\/www.tvuai.com.br\/portal\/wp-content\/uploads\/2025\/02\/congonhaledu3.jpg?w=1435&amp;ssl=1 1435w, https:\/\/i0.wp.com\/www.tvuai.com.br\/portal\/wp-content\/uploads\/2025\/02\/congonhaledu3.jpg?w=1280&amp;ssl=1 1280w\" sizes=\"(max-width: 262px) 100vw, 262px\" \/>De acordo com os participantes da reuni\u00e3o, investir na forma\u00e7\u00e3o desses profissionais representa um passo fundamental para promover mais autonomia, equidade e oportunidades a todos os estudantes. A iniciativa refor\u00e7a o compromisso da administra\u00e7\u00e3o municipal com a constru\u00e7\u00e3o de um sistema educacional mais acess\u00edvel e inclusivo para toda a comunidade.<\/p>\n<h6 style=\"text-align: right;\"><em><strong>Com informa\u00e7\u00f5es e fotos Prefeitura de Congonhal<\/strong><\/em><\/h6>\n\n<div style=\"font-size: 0px; height: 0px; line-height: 0px; margin: 0; padding: 0; clear: both;\"><\/div><div class='share-to-whatsapp-wrapper'><div class='share-on-whsp'>Share on: <\/div><a data-text='Reuni\u00e3o na Prefeitura de Congonhal define novos caminhos para a Educa\u00e7\u00e3o com mais inclus\u00e3o e menos barreiras' data-link='https:\/\/www.tvuai.com.br\/portal\/reuniao-na-prefeitura-de-congonhal-define-novos-caminhos-para-a-educacao-com-mais-inclusao-e-menos-barreiras\/' class='whatsapp-button whatsapp-share'>WhatsApp<\/a><div class='clear '><\/div><\/div><!-- AddThis Advanced Settings generic via filter on the_content --><!-- AddThis Share Buttons generic via filter on the_content -->","protected":false},"excerpt":{"rendered":"<p>Prefeitura de Congonhal realiza reuni\u00e3o sobre educa\u00e7\u00e3o inclusiva Na \u00faltima quarta-feira, 19, a Prefeitura Municipal de Congonhal promoveu uma reuni\u00e3o para debater avan\u00e7os e desafios da educa\u00e7\u00e3o inclusiva no munic\u00edpio. O encontro contou com a presen\u00e7a do prefeito Juninho, da secret\u00e1ria de Educa\u00e7\u00e3o D\u00e9bora e de vereadores, que discutiram a forma\u00e7\u00e3o dos profissionais de apoio [&hellip;]<!-- AddThis Advanced Settings generic via filter on get_the_excerpt --><!-- AddThis Share Buttons generic via filter on get_the_excerpt --><\/p>\n","protected":false},"author":1,"featured_media":11121,"comment_status":"closed","ping_status":"closed","sticky":false,"template":"","format":"standard","meta":{"jetpack_post_was_ever_published":false,"_jetpack_newsletter_access":"","_jetpack_dont_email_post_to_subs":false,"_jetpack_newsletter_tier_id":0,"_jetpack_memberships_contains_paywalled_content":false,"_jetpack_memberships_contains_paid_content":false,"_joinchat":[],"footnotes":"","jetpack_publicize_message":"","jetpack_publicize_feature_enabled":true,"jetpack_social_post_already_shared":false,"jetpack_social_options":{"image_generator_settings":{"template":"highway","enabled":false},"version":2}},"categories":[1845,19,1818,5],"tags":[2250,184,37,4921,4918,4920,39,4919,27,1618,4796],"class_list":["post-11118","post","type-post","status-publish","format-standard","has-post-thumbnail","hentry","category-educacao","category-noticias","category-politica","category-ultimas","tag-congonhal","tag-minas-gerais","tag-pouso-alegre","tag-prefeitode-congonhal-juninho","tag-prefeitura-municipal-de-congonhal","tag-secretaria-municipal-de-educacao-de-congonhal","tag-sul-de-minas","tag-transtorno-do-espectro-autista-tea","tag-tv-uai","tag-tv-uai-pouso-alegre","tag-tvuai25"],"jetpack_publicize_connections":[],"yoast_head":"<!-- This site is optimized with the Yoast SEO plugin v23.5 - https:\/\/yoast.com\/wordpress\/plugins\/seo\/ -->\n<title>Reuni\u00e3o na Prefeitura de Congonhal define novos caminhos para a Educa\u00e7\u00e3o com mais inclus\u00e3o e menos barreiras - TVUAI<\/title>\n<meta name=\"robots\" content=\"index, follow, max-snippet:-1, max-image-preview:large, max-video-preview:-1\" \/>\n<link rel=\"canonical\" href=\"https:\/\/www.tvuai.com.br\/portal\/reuniao-na-prefeitura-de-congonhal-define-novos-caminhos-para-a-educacao-com-mais-inclusao-e-menos-barreiras\/\" \/>\n<meta property=\"og:locale\" content=\"pt_BR\" \/>\n<meta property=\"og:type\" content=\"article\" \/>\n<meta property=\"og:title\" content=\"Reuni\u00e3o na Prefeitura de Congonhal define novos caminhos para a Educa\u00e7\u00e3o com mais inclus\u00e3o e menos barreiras - TVUAI\" \/>\n<meta property=\"og:description\" content=\"Prefeitura de Congonhal realiza reuni\u00e3o sobre educa\u00e7\u00e3o inclusiva Na \u00faltima quarta-feira, 19, a Prefeitura Municipal de Congonhal promoveu uma reuni\u00e3o para debater avan\u00e7os e desafios da educa\u00e7\u00e3o inclusiva no munic\u00edpio. O encontro contou com a presen\u00e7a do prefeito Juninho, da secret\u00e1ria de Educa\u00e7\u00e3o D\u00e9bora e de vereadores, que discutiram a forma\u00e7\u00e3o dos profissionais de apoio [&hellip;]\" \/>\n<meta property=\"og:url\" content=\"https:\/\/www.tvuai.com.br\/portal\/reuniao-na-prefeitura-de-congonhal-define-novos-caminhos-para-a-educacao-com-mais-inclusao-e-menos-barreiras\/\" \/>\n<meta property=\"og:site_name\" content=\"TVUAI\" \/>\n<meta property=\"article:publisher\" content=\"http:\/\/www.facebook.com\/pages\/TV-Uai-Comunica%c3%a7%c3%a3o\/139062546157369\" \/>\n<meta property=\"article:published_time\" content=\"2025-02-24T19:27:42+00:00\" \/>\n<meta property=\"article:modified_time\" content=\"2025-02-28T19:52:20+00:00\" \/>\n<meta property=\"og:image\" content=\"https:\/\/www.tvuai.com.br\/portal\/wp-content\/uploads\/2025\/02\/congonhaledu0.jpg\" \/>\n\t<meta property=\"og:image:width\" content=\"200\" \/>\n\t<meta property=\"og:image:height\" content=\"200\" \/>\n\t<meta property=\"og:image:type\" content=\"image\/jpeg\" \/>\n<meta name=\"author\" content=\"tvuai\" \/>\n<meta name=\"twitter:card\" content=\"summary_large_image\" \/>\n<meta name=\"twitter:creator\" content=\"@tvuai\" \/>\n<meta name=\"twitter:site\" content=\"@tvuai\" \/>\n<meta name=\"twitter:label1\" content=\"Escrito por\" \/>\n\t<meta name=\"twitter:data1\" content=\"tvuai\" \/>\n\t<meta name=\"twitter:label2\" content=\"Est. tempo de leitura\" \/>\n\t<meta name=\"twitter:data2\" content=\"2 minutos\" \/>\n<script type=\"application\/ld+json\" class=\"yoast-schema-graph\">{\"@context\":\"https:\/\/schema.org\",\"@graph\":[{\"@type\":\"Article\",\"@id\":\"https:\/\/www.tvuai.com.br\/portal\/reuniao-na-prefeitura-de-congonhal-define-novos-caminhos-para-a-educacao-com-mais-inclusao-e-menos-barreiras\/#article\",\"isPartOf\":{\"@id\":\"https:\/\/www.tvuai.com.br\/portal\/reuniao-na-prefeitura-de-congonhal-define-novos-caminhos-para-a-educacao-com-mais-inclusao-e-menos-barreiras\/\"},\"author\":{\"name\":\"tvuai\",\"@id\":\"https:\/\/www.tvuai.com.br\/portal\/#\/schema\/person\/245e50e9127451fd0b7fd76f519ebbfe\"},\"headline\":\"Reuni\u00e3o na Prefeitura de Congonhal define novos caminhos para a Educa\u00e7\u00e3o com mais inclus\u00e3o e menos barreiras\",\"datePublished\":\"2025-02-24T19:27:42+00:00\",\"dateModified\":\"2025-02-28T19:52:20+00:00\",\"mainEntityOfPage\":{\"@id\":\"https:\/\/www.tvuai.com.br\/portal\/reuniao-na-prefeitura-de-congonhal-define-novos-caminhos-para-a-educacao-com-mais-inclusao-e-menos-barreiras\/\"},\"wordCount\":218,\"publisher\":{\"@id\":\"https:\/\/www.tvuai.com.br\/portal\/#organization\"},\"image\":{\"@id\":\"https:\/\/www.tvuai.com.br\/portal\/reuniao-na-prefeitura-de-congonhal-define-novos-caminhos-para-a-educacao-com-mais-inclusao-e-menos-barreiras\/#primaryimage\"},\"thumbnailUrl\":\"https:\/\/i0.wp.com\/www.tvuai.com.br\/portal\/wp-content\/uploads\/2025\/02\/congonhaledu0.jpg?fit=200%2C200&ssl=1\",\"keywords\":[\"Congonhal\",\"Minas Gerais\",\"Pouso Alegre\",\"prefeitode Congonhal Juninho\",\"Prefeitura Municipal de Congonhal\",\"Secretaria Municipal de Educa\u00e7\u00e3o de Congonhal\",\"Sul de Minas\",\"Transtorno do Espectro Autista (TEA)\",\"TV Uai\",\"TV UAI Pouso Alegre\",\"TVUAI25\"],\"articleSection\":[\"Educa\u00e7\u00e3o\",\"Not\u00edcias\",\"Pol\u00edtica\",\"\u00daltimas Not\u00edcias\"],\"inLanguage\":\"pt-BR\"},{\"@type\":\"WebPage\",\"@id\":\"https:\/\/www.tvuai.com.br\/portal\/reuniao-na-prefeitura-de-congonhal-define-novos-caminhos-para-a-educacao-com-mais-inclusao-e-menos-barreiras\/\",\"url\":\"https:\/\/www.tvuai.com.br\/portal\/reuniao-na-prefeitura-de-congonhal-define-novos-caminhos-para-a-educacao-com-mais-inclusao-e-menos-barreiras\/\",\"name\":\"Reuni\u00e3o na Prefeitura de Congonhal define novos caminhos para a Educa\u00e7\u00e3o com mais inclus\u00e3o e menos barreiras - TVUAI\",\"isPartOf\":{\"@id\":\"https:\/\/www.tvuai.com.br\/portal\/#website\"},\"primaryImageOfPage\":{\"@id\":\"https:\/\/www.tvuai.com.br\/portal\/reuniao-na-prefeitura-de-congonhal-define-novos-caminhos-para-a-educacao-com-mais-inclusao-e-menos-barreiras\/#primaryimage\"},\"image\":{\"@id\":\"https:\/\/www.tvuai.com.br\/portal\/reuniao-na-prefeitura-de-congonhal-define-novos-caminhos-para-a-educacao-com-mais-inclusao-e-menos-barreiras\/#primaryimage\"},\"thumbnailUrl\":\"https:\/\/i0.wp.com\/www.tvuai.com.br\/portal\/wp-content\/uploads\/2025\/02\/congonhaledu0.jpg?fit=200%2C200&ssl=1\",\"datePublished\":\"2025-02-24T19:27:42+00:00\",\"dateModified\":\"2025-02-28T19:52:20+00:00\",\"breadcrumb\":{\"@id\":\"https:\/\/www.tvuai.com.br\/portal\/reuniao-na-prefeitura-de-congonhal-define-novos-caminhos-para-a-educacao-com-mais-inclusao-e-menos-barreiras\/#breadcrumb\"},\"inLanguage\":\"pt-BR\",\"potentialAction\":[{\"@type\":\"ReadAction\",\"target\":[\"https:\/\/www.tvuai.com.br\/portal\/reuniao-na-prefeitura-de-congonhal-define-novos-caminhos-para-a-educacao-com-mais-inclusao-e-menos-barreiras\/\"]}]},{\"@type\":\"ImageObject\",\"inLanguage\":\"pt-BR\",\"@id\":\"https:\/\/www.tvuai.com.br\/portal\/reuniao-na-prefeitura-de-congonhal-define-novos-caminhos-para-a-educacao-com-mais-inclusao-e-menos-barreiras\/#primaryimage\",\"url\":\"https:\/\/i0.wp.com\/www.tvuai.com.br\/portal\/wp-content\/uploads\/2025\/02\/congonhaledu0.jpg?fit=200%2C200&ssl=1\",\"contentUrl\":\"https:\/\/i0.wp.com\/www.tvuai.com.br\/portal\/wp-content\/uploads\/2025\/02\/congonhaledu0.jpg?fit=200%2C200&ssl=1\",\"width\":200,\"height\":200},{\"@type\":\"BreadcrumbList\",\"@id\":\"https:\/\/www.tvuai.com.br\/portal\/reuniao-na-prefeitura-de-congonhal-define-novos-caminhos-para-a-educacao-com-mais-inclusao-e-menos-barreiras\/#breadcrumb\",\"itemListElement\":[{\"@type\":\"ListItem\",\"position\":1,\"name\":\"In\u00edcio\",\"item\":\"https:\/\/www.tvuai.com.br\/portal\/\"},{\"@type\":\"ListItem\",\"position\":2,\"name\":\"Reuni\u00e3o na Prefeitura de Congonhal define novos caminhos para a Educa\u00e7\u00e3o com mais inclus\u00e3o e menos barreiras\"}]},{\"@type\":\"WebSite\",\"@id\":\"https:\/\/www.tvuai.com.br\/portal\/#website\",\"url\":\"https:\/\/www.tvuai.com.br\/portal\/\",\"name\":\"TVUAI\",\"description\":\"Tudo sobre o Sul de Minas\",\"publisher\":{\"@id\":\"https:\/\/www.tvuai.com.br\/portal\/#organization\"},\"potentialAction\":[{\"@type\":\"SearchAction\",\"target\":{\"@type\":\"EntryPoint\",\"urlTemplate\":\"https:\/\/www.tvuai.com.br\/portal\/?s={search_term_string}\"},\"query-input\":{\"@type\":\"PropertyValueSpecification\",\"valueRequired\":true,\"valueName\":\"search_term_string\"}}],\"inLanguage\":\"pt-BR\"},{\"@type\":\"Organization\",\"@id\":\"https:\/\/www.tvuai.com.br\/portal\/#organization\",\"name\":\"TVUAI\",\"url\":\"https:\/\/www.tvuai.com.br\/portal\/\",\"logo\":{\"@type\":\"ImageObject\",\"inLanguage\":\"pt-BR\",\"@id\":\"https:\/\/www.tvuai.com.br\/portal\/#\/schema\/logo\/image\/\",\"url\":\"https:\/\/i0.wp.com\/www.tvuai.com.br\/portal\/wp-content\/uploads\/2017\/12\/logo_tvuai_100H.png?fit=207%2C100&ssl=1\",\"contentUrl\":\"https:\/\/i0.wp.com\/www.tvuai.com.br\/portal\/wp-content\/uploads\/2017\/12\/logo_tvuai_100H.png?fit=207%2C100&ssl=1\",\"width\":207,\"height\":100,\"caption\":\"TVUAI\"},\"image\":{\"@id\":\"https:\/\/www.tvuai.com.br\/portal\/#\/schema\/logo\/image\/\"},\"sameAs\":[\"http:\/\/www.facebook.com\/pages\/TV-Uai-Comunica\u00e7\u00e3o\/139062546157369\",\"https:\/\/x.com\/tvuai\",\"https:\/\/www.instagram.com\/tvuai_network\/\",\"https:\/\/www.youtube.com\/channel\/UCB7ZPB3wRv-OpoZ_09jmnkQ\"]},{\"@type\":\"Person\",\"@id\":\"https:\/\/www.tvuai.com.br\/portal\/#\/schema\/person\/245e50e9127451fd0b7fd76f519ebbfe\",\"name\":\"tvuai\",\"url\":\"https:\/\/www.tvuai.com.br\/portal\/author\/tvuai\/\"}]}<\/script>\n<!-- \/ Yoast SEO plugin. -->","yoast_head_json":{"title":"Reuni\u00e3o na Prefeitura de Congonhal define novos caminhos para a Educa\u00e7\u00e3o com mais inclus\u00e3o e menos barreiras - TVUAI","robots":{"index":"index","follow":"follow","max-snippet":"max-snippet:-1","max-image-preview":"max-image-preview:large","max-video-preview":"max-video-preview:-1"},"canonical":"https:\/\/www.tvuai.com.br\/portal\/reuniao-na-prefeitura-de-congonhal-define-novos-caminhos-para-a-educacao-com-mais-inclusao-e-menos-barreiras\/","og_locale":"pt_BR","og_type":"article","og_title":"Reuni\u00e3o na Prefeitura de Congonhal define novos caminhos para a Educa\u00e7\u00e3o com mais inclus\u00e3o e menos barreiras - TVUAI","og_description":"Prefeitura de Congonhal realiza reuni\u00e3o sobre educa\u00e7\u00e3o inclusiva Na \u00faltima quarta-feira, 19, a Prefeitura Municipal de Congonhal promoveu uma reuni\u00e3o para debater avan\u00e7os e desafios da educa\u00e7\u00e3o inclusiva no munic\u00edpio. O encontro contou com a presen\u00e7a do prefeito Juninho, da secret\u00e1ria de Educa\u00e7\u00e3o D\u00e9bora e de vereadores, que discutiram a forma\u00e7\u00e3o dos profissionais de apoio [&hellip;]","og_url":"https:\/\/www.tvuai.com.br\/portal\/reuniao-na-prefeitura-de-congonhal-define-novos-caminhos-para-a-educacao-com-mais-inclusao-e-menos-barreiras\/","og_site_name":"TVUAI","article_publisher":"http:\/\/www.facebook.com\/pages\/TV-Uai-Comunica%c3%a7%c3%a3o\/139062546157369","article_published_time":"2025-02-24T19:27:42+00:00","article_modified_time":"2025-02-28T19:52:20+00:00","og_image":[{"width":200,"height":200,"url":"https:\/\/www.tvuai.com.br\/portal\/wp-content\/uploads\/2025\/02\/congonhaledu0.jpg","type":"image\/jpeg"}],"author":"tvuai","twitter_card":"summary_large_image","twitter_creator":"@tvuai","twitter_site":"@tvuai","twitter_misc":{"Escrito por":"tvuai","Est. tempo de leitura":"2 minutos"},"schema":{"@context":"https:\/\/schema.org","@graph":[{"@type":"Article","@id":"https:\/\/www.tvuai.com.br\/portal\/reuniao-na-prefeitura-de-congonhal-define-novos-caminhos-para-a-educacao-com-mais-inclusao-e-menos-barreiras\/#article","isPartOf":{"@id":"https:\/\/www.tvuai.com.br\/portal\/reuniao-na-prefeitura-de-congonhal-define-novos-caminhos-para-a-educacao-com-mais-inclusao-e-menos-barreiras\/"},"author":{"name":"tvuai","@id":"https:\/\/www.tvuai.com.br\/portal\/#\/schema\/person\/245e50e9127451fd0b7fd76f519ebbfe"},"headline":"Reuni\u00e3o na Prefeitura de Congonhal define novos caminhos para a Educa\u00e7\u00e3o com mais inclus\u00e3o e menos barreiras","datePublished":"2025-02-24T19:27:42+00:00","dateModified":"2025-02-28T19:52:20+00:00","mainEntityOfPage":{"@id":"https:\/\/www.tvuai.com.br\/portal\/reuniao-na-prefeitura-de-congonhal-define-novos-caminhos-para-a-educacao-com-mais-inclusao-e-menos-barreiras\/"},"wordCount":218,"publisher":{"@id":"https:\/\/www.tvuai.com.br\/portal\/#organization"},"image":{"@id":"https:\/\/www.tvuai.com.br\/portal\/reuniao-na-prefeitura-de-congonhal-define-novos-caminhos-para-a-educacao-com-mais-inclusao-e-menos-barreiras\/#primaryimage"},"thumbnailUrl":"https:\/\/i0.wp.com\/www.tvuai.com.br\/portal\/wp-content\/uploads\/2025\/02\/congonhaledu0.jpg?fit=200%2C200&ssl=1","keywords":["Congonhal","Minas Gerais","Pouso Alegre","prefeitode Congonhal Juninho","Prefeitura Municipal de Congonhal","Secretaria Municipal de Educa\u00e7\u00e3o de Congonhal","Sul de Minas","Transtorno do Espectro Autista (TEA)","TV Uai","TV UAI Pouso Alegre","TVUAI25"],"articleSection":["Educa\u00e7\u00e3o","Not\u00edcias","Pol\u00edtica","\u00daltimas Not\u00edcias"],"inLanguage":"pt-BR"},{"@type":"WebPage","@id":"https:\/\/www.tvuai.com.br\/portal\/reuniao-na-prefeitura-de-congonhal-define-novos-caminhos-para-a-educacao-com-mais-inclusao-e-menos-barreiras\/","url":"https:\/\/www.tvuai.com.br\/portal\/reuniao-na-prefeitura-de-congonhal-define-novos-caminhos-para-a-educacao-com-mais-inclusao-e-menos-barreiras\/","name":"Reuni\u00e3o na Prefeitura de Congonhal define novos caminhos para a Educa\u00e7\u00e3o com mais inclus\u00e3o e menos barreiras - TVUAI","isPartOf":{"@id":"https:\/\/www.tvuai.com.br\/portal\/#website"},"primaryImageOfPage":{"@id":"https:\/\/www.tvuai.com.br\/portal\/reuniao-na-prefeitura-de-congonhal-define-novos-caminhos-para-a-educacao-com-mais-inclusao-e-menos-barreiras\/#primaryimage"},"image":{"@id":"https:\/\/www.tvuai.com.br\/portal\/reuniao-na-prefeitura-de-congonhal-define-novos-caminhos-para-a-educacao-com-mais-inclusao-e-menos-barreiras\/#primaryimage"},"thumbnailUrl":"https:\/\/i0.wp.com\/www.tvuai.com.br\/portal\/wp-content\/uploads\/2025\/02\/congonhaledu0.jpg?fit=200%2C200&ssl=1","datePublished":"2025-02-24T19:27:42+00:00","dateModified":"2025-02-28T19:52:20+00:00","breadcrumb":{"@id":"https:\/\/www.tvuai.com.br\/portal\/reuniao-na-prefeitura-de-congonhal-define-novos-caminhos-para-a-educacao-com-mais-inclusao-e-menos-barreiras\/#breadcrumb"},"inLanguage":"pt-BR","potentialAction":[{"@type":"ReadAction","target":["https:\/\/www.tvuai.com.br\/portal\/reuniao-na-prefeitura-de-congonhal-define-novos-caminhos-para-a-educacao-com-mais-inclusao-e-menos-barreiras\/"]}]},{"@type":"ImageObject","inLanguage":"pt-BR","@id":"https:\/\/www.tvuai.com.br\/portal\/reuniao-na-prefeitura-de-congonhal-define-novos-caminhos-para-a-educacao-com-mais-inclusao-e-menos-barreiras\/#primaryimage","url":"https:\/\/i0.wp.com\/www.tvuai.com.br\/portal\/wp-content\/uploads\/2025\/02\/congonhaledu0.jpg?fit=200%2C200&ssl=1","contentUrl":"https:\/\/i0.wp.com\/www.tvuai.com.br\/portal\/wp-content\/uploads\/2025\/02\/congonhaledu0.jpg?fit=200%2C200&ssl=1","width":200,"height":200},{"@type":"BreadcrumbList","@id":"https:\/\/www.tvuai.com.br\/portal\/reuniao-na-prefeitura-de-congonhal-define-novos-caminhos-para-a-educacao-com-mais-inclusao-e-menos-barreiras\/#breadcrumb","itemListElement":[{"@type":"ListItem","position":1,"name":"In\u00edcio","item":"https:\/\/www.tvuai.com.br\/portal\/"},{"@type":"ListItem","position":2,"name":"Reuni\u00e3o na Prefeitura de Congonhal define novos caminhos para a Educa\u00e7\u00e3o com mais inclus\u00e3o e menos barreiras"}]},{"@type":"WebSite","@id":"https:\/\/www.tvuai.com.br\/portal\/#website","url":"https:\/\/www.tvuai.com.br\/portal\/","name":"TVUAI","description":"Tudo sobre o Sul de Minas","publisher":{"@id":"https:\/\/www.tvuai.com.br\/portal\/#organization"},"potentialAction":[{"@type":"SearchAction","target":{"@type":"EntryPoint","urlTemplate":"https:\/\/www.tvuai.com.br\/portal\/?s={search_term_string}"},"query-input":{"@type":"PropertyValueSpecification","valueRequired":true,"valueName":"search_term_string"}}],"inLanguage":"pt-BR"},{"@type":"Organization","@id":"https:\/\/www.tvuai.com.br\/portal\/#organization","name":"TVUAI","url":"https:\/\/www.tvuai.com.br\/portal\/","logo":{"@type":"ImageObject","inLanguage":"pt-BR","@id":"https:\/\/www.tvuai.com.br\/portal\/#\/schema\/logo\/image\/","url":"https:\/\/i0.wp.com\/www.tvuai.com.br\/portal\/wp-content\/uploads\/2017\/12\/logo_tvuai_100H.png?fit=207%2C100&ssl=1","contentUrl":"https:\/\/i0.wp.com\/www.tvuai.com.br\/portal\/wp-content\/uploads\/2017\/12\/logo_tvuai_100H.png?fit=207%2C100&ssl=1","width":207,"height":100,"caption":"TVUAI"},"image":{"@id":"https:\/\/www.tvuai.com.br\/portal\/#\/schema\/logo\/image\/"},"sameAs":["http:\/\/www.facebook.com\/pages\/TV-Uai-Comunica\u00e7\u00e3o\/139062546157369","https:\/\/x.com\/tvuai","https:\/\/www.instagram.com\/tvuai_network\/","https:\/\/www.youtube.com\/channel\/UCB7ZPB3wRv-OpoZ_09jmnkQ"]},{"@type":"Person","@id":"https:\/\/www.tvuai.com.br\/portal\/#\/schema\/person\/245e50e9127451fd0b7fd76f519ebbfe","name":"tvuai","url":"https:\/\/www.tvuai.com.br\/portal\/author\/tvuai\/"}]}},"jetpack_featured_media_url":"https:\/\/i0.wp.com\/www.tvuai.com.br\/portal\/wp-content\/uploads\/2025\/02\/congonhaledu0.jpg?fit=200%2C200&ssl=1","wpmagazine_modules_lite_featured_media_urls":{"thumbnail":["https:\/\/i0.wp.com\/www.tvuai.com.br\/portal\/wp-content\/uploads\/2025\/02\/congonhaledu0.jpg?resize=150%2C150&ssl=1",150,150,true],"cvmm-medium":["https:\/\/i0.wp.com\/www.tvuai.com.br\/portal\/wp-content\/uploads\/2025\/02\/congonhaledu0.jpg?resize=200%2C200&ssl=1",200,200,true],"cvmm-medium-plus":["https:\/\/i0.wp.com\/www.tvuai.com.br\/portal\/wp-content\/uploads\/2025\/02\/congonhaledu0.jpg?resize=200%2C200&ssl=1",200,200,true],"cvmm-portrait":["https:\/\/i0.wp.com\/www.tvuai.com.br\/portal\/wp-content\/uploads\/2025\/02\/congonhaledu0.jpg?resize=200%2C200&ssl=1",200,200,true],"cvmm-medium-square":["https:\/\/i0.wp.com\/www.tvuai.com.br\/portal\/wp-content\/uploads\/2025\/02\/congonhaledu0.jpg?resize=200%2C200&ssl=1",200,200,true],"cvmm-large":["https:\/\/i0.wp.com\/www.tvuai.com.br\/portal\/wp-content\/uploads\/2025\/02\/congonhaledu0.jpg?resize=200%2C200&ssl=1",200,200,true],"cvmm-small":["https:\/\/i0.wp.com\/www.tvuai.com.br\/portal\/wp-content\/uploads\/2025\/02\/congonhaledu0.jpg?resize=130%2C95&ssl=1",130,95,true],"full":["https:\/\/i0.wp.com\/www.tvuai.com.br\/portal\/wp-content\/uploads\/2025\/02\/congonhaledu0.jpg?fit=200%2C200&ssl=1",200,200,false]},"categories_names":{"1845":{"name":"Educa\u00e7\u00e3o","link":"https:\/\/www.tvuai.com.br\/portal\/category\/educacao\/"},"19":{"name":"Not\u00edcias","link":"https:\/\/www.tvuai.com.br\/portal\/category\/noticias\/"},"1818":{"name":"Pol\u00edtica","link":"https:\/\/www.tvuai.com.br\/portal\/category\/politica\/"},"5":{"name":"\u00daltimas Not\u00edcias","link":"https:\/\/www.tvuai.com.br\/portal\/category\/noticias\/ultimas\/"}},"tags_names":{"2250":{"name":"Congonhal","link":"https:\/\/www.tvuai.com.br\/portal\/tag\/congonhal\/"},"184":{"name":"Minas Gerais","link":"https:\/\/www.tvuai.com.br\/portal\/tag\/minas-gerais\/"},"37":{"name":"Pouso Alegre","link":"https:\/\/www.tvuai.com.br\/portal\/tag\/pouso-alegre\/"},"4921":{"name":"prefeitode Congonhal Juninho","link":"https:\/\/www.tvuai.com.br\/portal\/tag\/prefeitode-congonhal-juninho\/"},"4918":{"name":"Prefeitura Municipal de Congonhal","link":"https:\/\/www.tvuai.com.br\/portal\/tag\/prefeitura-municipal-de-congonhal\/"},"4920":{"name":"Secretaria Municipal de Educa\u00e7\u00e3o de Congonhal","link":"https:\/\/www.tvuai.com.br\/portal\/tag\/secretaria-municipal-de-educacao-de-congonhal\/"},"39":{"name":"Sul de Minas","link":"https:\/\/www.tvuai.com.br\/portal\/tag\/sul-de-minas\/"},"4919":{"name":"Transtorno do Espectro Autista (TEA)","link":"https:\/\/www.tvuai.com.br\/portal\/tag\/transtorno-do-espectro-autista-tea\/"},"27":{"name":"TV Uai","link":"https:\/\/www.tvuai.com.br\/portal\/tag\/tv-uai\/"},"1618":{"name":"TV UAI Pouso Alegre","link":"https:\/\/www.tvuai.com.br\/portal\/tag\/tv-uai-pouso-alegre\/"},"4796":{"name":"TVUAI25","link":"https:\/\/www.tvuai.com.br\/portal\/tag\/tvuai25\/"}},"comments_number":"0","jetpack_shortlink":"https:\/\/wp.me\/p9woix-2Tk","jetpack_sharing_enabled":true,"_links":{"self":[{"href":"https:\/\/www.tvuai.com.br\/portal\/wp-json\/wp\/v2\/posts\/11118"}],"collection":[{"href":"https:\/\/www.tvuai.com.br\/portal\/wp-json\/wp\/v2\/posts"}],"about":[{"href":"https:\/\/www.tvuai.com.br\/portal\/wp-json\/wp\/v2\/types\/post"}],"author":[{"embeddable":true,"href":"https:\/\/www.tvuai.com.br\/portal\/wp-json\/wp\/v2\/users\/1"}],"replies":[{"embeddable":true,"href":"https:\/\/www.tvuai.com.br\/portal\/wp-json\/wp\/v2\/comments?post=11118"}],"version-history":[{"count":3,"href":"https:\/\/www.tvuai.com.br\/portal\/wp-json\/wp\/v2\/posts\/11118\/revisions"}],"predecessor-version":[{"id":11125,"href":"https:\/\/www.tvuai.com.br\/portal\/wp-json\/wp\/v2\/posts\/11118\/revisions\/11125"}],"wp:featuredmedia":[{"embeddable":true,"href":"https:\/\/www.tvuai.com.br\/portal\/wp-json\/wp\/v2\/media\/11121"}],"wp:attachment":[{"href":"https:\/\/www.tvuai.com.br\/portal\/wp-json\/wp\/v2\/media?parent=11118"}],"wp:term":[{"taxonomy":"category","embeddable":true,"href":"https:\/\/www.tvuai.com.br\/portal\/wp-json\/wp\/v2\/categories?post=11118"},{"taxonomy":"post_tag","embeddable":true,"href":"https:\/\/www.tvuai.com.br\/portal\/wp-json\/wp\/v2\/tags?post=11118"}],"curies":[{"name":"wp","href":"https:\/\/api.w.org\/{rel}","templated":true}]}}