{"id":10914,"date":"2025-02-09T07:31:56","date_gmt":"2025-02-09T10:31:56","guid":{"rendered":"https:\/\/www.tvuai.com.br\/portal\/?p=10914"},"modified":"2025-02-12T12:01:52","modified_gmt":"2025-02-12T15:01:52","slug":"com-a-forca-da-solidariedade-14o-gac-em-pouso-alegre-tornou-se-o-coracao-do-projeto-rondon-no-sul-de-minas","status":"publish","type":"post","link":"https:\/\/www.tvuai.com.br\/portal\/com-a-forca-da-solidariedade-14o-gac-em-pouso-alegre-tornou-se-o-coracao-do-projeto-rondon-no-sul-de-minas\/","title":{"rendered":"Com a for\u00e7a da solidariedade 14\u00ba GAC em Pouso Alegre tornou-se o cora\u00e7\u00e3o do Projeto Rondon no sul de Minas"},"content":{"rendered":"<div class=\"5a1038e0903b96d426fcfcc338703013\" data-index=\"1\" style=\"float: right; margin:10px 0 10px 10px;\">\n<script async src=\"https:\/\/pagead2.googlesyndication.com\/pagead\/js\/adsbygoogle.js?client=ca-pub-9945944833605257\"\r\n     crossorigin=\"anonymous\"><\/script>\r\n<ins class=\"adsbygoogle\"\r\n     style=\"display:block; text-align:center;\"\r\n     data-ad-layout=\"in-article\"\r\n     data-ad-format=\"fluid\"\r\n     data-ad-client=\"ca-pub-9945944833605257\"\r\n     data-ad-slot=\"2343923581\"><\/ins>\r\n<script>\r\n     (adsbygoogle = window.adsbygoogle || []).push({});\r\n<\/script>\n<\/div>\n<div class=\"jetpack-video-wrapper\"><iframe title=\"Com a for\u00e7a da solidariedade 14\u00ba GAC em Pouso Alegre tornou-se o cora\u00e7\u00e3o do Projeto Rondon\" width=\"640\" height=\"360\" src=\"https:\/\/www.youtube.com\/embed\/T1zL2ZfLqF4?feature=oembed&#038;enablejsapi=1&#038;origin=https:\/\/www.tvuai.com.br\" frameborder=\"0\" allow=\"accelerometer; autoplay; clipboard-write; encrypted-media; gyroscope; picture-in-picture; web-share\" referrerpolicy=\"strict-origin-when-cross-origin\" allowfullscreen><\/iframe><\/div>\n<h5 style=\"text-align: center;\" data-pm-slice=\"1 1 []\"><em><strong>Projeto Rondon promoveu oficinas e beneficiou milhares de pessoas no sul de Minas Gerais<\/strong><\/em><\/h5>\n<p>Ap\u00f3s tr\u00eas semanas de intensa atua\u00e7\u00e3o, as atividades do Projeto Rondon em Minas Gerais chegaram ao fim, deixando um impacto positivo em 24 munic\u00edpios do sul de Minas. A iniciativa, coordenada pelo Minist\u00e9rio da Defesa, promoveu 1.829 oficinas pr\u00e1ticas em \u00e1reas como sa\u00fade, educa\u00e7\u00e3o, tecnologia, meio ambiente e cultura, beneficiando aproximadamente 65.400 pessoas.<\/p>\n<p><img data-recalc-dims=\"1\" fetchpriority=\"high\" decoding=\"async\" data-attachment-id=\"10919\" data-permalink=\"https:\/\/www.tvuai.com.br\/portal\/com-a-forca-da-solidariedade-14o-gac-em-pouso-alegre-tornou-se-o-coracao-do-projeto-rondon-no-sul-de-minas\/projeto-rondon4-2\/\" data-orig-file=\"https:\/\/i0.wp.com\/www.tvuai.com.br\/portal\/wp-content\/uploads\/2025\/02\/projeto-Rondon4.jpg?fit=1150%2C862&amp;ssl=1\" data-orig-size=\"1150,862\" data-comments-opened=\"0\" data-image-meta=\"{&quot;aperture&quot;:&quot;0&quot;,&quot;credit&quot;:&quot;&quot;,&quot;camera&quot;:&quot;&quot;,&quot;caption&quot;:&quot;&quot;,&quot;created_timestamp&quot;:&quot;0&quot;,&quot;copyright&quot;:&quot;&quot;,&quot;focal_length&quot;:&quot;0&quot;,&quot;iso&quot;:&quot;0&quot;,&quot;shutter_speed&quot;:&quot;0&quot;,&quot;title&quot;:&quot;&quot;,&quot;orientation&quot;:&quot;0&quot;}\" data-image-title=\"projeto Rondon4\" data-image-description=\"\" data-image-caption=\"\" data-medium-file=\"https:\/\/i0.wp.com\/www.tvuai.com.br\/portal\/wp-content\/uploads\/2025\/02\/projeto-Rondon4.jpg?fit=300%2C225&amp;ssl=1\" data-large-file=\"https:\/\/i0.wp.com\/www.tvuai.com.br\/portal\/wp-content\/uploads\/2025\/02\/projeto-Rondon4.jpg?fit=640%2C480&amp;ssl=1\" tabindex=\"0\" role=\"button\" class=\"size-medium wp-image-10919 alignleft\" src=\"https:\/\/i0.wp.com\/www.tvuai.com.br\/portal\/wp-content\/uploads\/2025\/02\/projeto-Rondon4.jpg?resize=300%2C225&#038;ssl=1\" alt=\"\" width=\"300\" height=\"225\" srcset=\"https:\/\/i0.wp.com\/www.tvuai.com.br\/portal\/wp-content\/uploads\/2025\/02\/projeto-Rondon4.jpg?resize=300%2C225&amp;ssl=1 300w, https:\/\/i0.wp.com\/www.tvuai.com.br\/portal\/wp-content\/uploads\/2025\/02\/projeto-Rondon4.jpg?resize=1024%2C768&amp;ssl=1 1024w, https:\/\/i0.wp.com\/www.tvuai.com.br\/portal\/wp-content\/uploads\/2025\/02\/projeto-Rondon4.jpg?resize=768%2C576&amp;ssl=1 768w, https:\/\/i0.wp.com\/www.tvuai.com.br\/portal\/wp-content\/uploads\/2025\/02\/projeto-Rondon4.jpg?resize=136%2C102&amp;ssl=1 136w, https:\/\/i0.wp.com\/www.tvuai.com.br\/portal\/wp-content\/uploads\/2025\/02\/projeto-Rondon4.jpg?w=1150&amp;ssl=1 1150w\" sizes=\"(max-width: 300px) 100vw, 300px\" \/>As a\u00e7\u00f5es sociais foram realizadas em duas etapas: a primeira entre 17 e 31 de janeiro, e a segunda de 27 de janeiro a 7 de fevereiro. O 14\u00ba Grupo de Artilharia de Campanha (14\u00ba GAC), com sede em Pouso Alegre, atuou como ponto central de coordena\u00e7\u00e3o e suporte log\u00edstico para as opera\u00e7\u00f5es denominadas &#8220;Sul de Minas I&#8221; e &#8220;Sul de Minas II&#8221;.<\/p>\n<p style=\"text-align: center;\"><strong>Voluntariado e engajamento social<\/strong><\/p>\n<p>A edi\u00e7\u00e3o contou com a participa\u00e7\u00e3o de 495 volunt\u00e1rios, entre universit\u00e1rios e professores, oriundos de dez estados e do Distrito Federal. Esses rondonistas desempenharam um papel essencial na realiza\u00e7\u00e3o das atividades, promovendo conhecimento e capacita\u00e7\u00e3o para as comunidades atendidas.<\/p>\n<p><img data-recalc-dims=\"1\" decoding=\"async\" data-attachment-id=\"10917\" data-permalink=\"https:\/\/www.tvuai.com.br\/portal\/com-a-forca-da-solidariedade-14o-gac-em-pouso-alegre-tornou-se-o-coracao-do-projeto-rondon-no-sul-de-minas\/projeto-rondon2-3\/\" data-orig-file=\"https:\/\/i0.wp.com\/www.tvuai.com.br\/portal\/wp-content\/uploads\/2025\/02\/projeto-Rondon2.jpg?fit=1280%2C960&amp;ssl=1\" data-orig-size=\"1280,960\" data-comments-opened=\"0\" data-image-meta=\"{&quot;aperture&quot;:&quot;0&quot;,&quot;credit&quot;:&quot;&quot;,&quot;camera&quot;:&quot;&quot;,&quot;caption&quot;:&quot;&quot;,&quot;created_timestamp&quot;:&quot;0&quot;,&quot;copyright&quot;:&quot;&quot;,&quot;focal_length&quot;:&quot;0&quot;,&quot;iso&quot;:&quot;0&quot;,&quot;shutter_speed&quot;:&quot;0&quot;,&quot;title&quot;:&quot;&quot;,&quot;orientation&quot;:&quot;0&quot;}\" data-image-title=\"projeto Rondon2\" data-image-description=\"\" data-image-caption=\"\" data-medium-file=\"https:\/\/i0.wp.com\/www.tvuai.com.br\/portal\/wp-content\/uploads\/2025\/02\/projeto-Rondon2.jpg?fit=300%2C225&amp;ssl=1\" data-large-file=\"https:\/\/i0.wp.com\/www.tvuai.com.br\/portal\/wp-content\/uploads\/2025\/02\/projeto-Rondon2.jpg?fit=640%2C480&amp;ssl=1\" tabindex=\"0\" role=\"button\" class=\"size-medium wp-image-10917 alignright\" src=\"https:\/\/i0.wp.com\/www.tvuai.com.br\/portal\/wp-content\/uploads\/2025\/02\/projeto-Rondon2.jpg?resize=300%2C225&#038;ssl=1\" alt=\"\" width=\"300\" height=\"225\" srcset=\"https:\/\/i0.wp.com\/www.tvuai.com.br\/portal\/wp-content\/uploads\/2025\/02\/projeto-Rondon2.jpg?resize=300%2C225&amp;ssl=1 300w, https:\/\/i0.wp.com\/www.tvuai.com.br\/portal\/wp-content\/uploads\/2025\/02\/projeto-Rondon2.jpg?resize=1024%2C768&amp;ssl=1 1024w, https:\/\/i0.wp.com\/www.tvuai.com.br\/portal\/wp-content\/uploads\/2025\/02\/projeto-Rondon2.jpg?resize=768%2C576&amp;ssl=1 768w, https:\/\/i0.wp.com\/www.tvuai.com.br\/portal\/wp-content\/uploads\/2025\/02\/projeto-Rondon2.jpg?resize=136%2C102&amp;ssl=1 136w, https:\/\/i0.wp.com\/www.tvuai.com.br\/portal\/wp-content\/uploads\/2025\/02\/projeto-Rondon2.jpg?w=1280&amp;ssl=1 1280w\" sizes=\"(max-width: 300px) 100vw, 300px\" \/>O Secret\u00e1rio de Pessoal, Sa\u00fade, Desporto e Projetos Sociais do Minist\u00e9rio da Defesa, Iderv\u00e2nio da Silva Costa, destacou a relev\u00e2ncia do projeto. &#8220;Os n\u00fameros refletem a grandeza dessas opera\u00e7\u00f5es. A parceria entre os governos federal, estadual e municipal, as For\u00e7as Armadas e as Institui\u00e7\u00f5es de Ensino Superior \u00e9 fundamental para a concretiza\u00e7\u00e3o dessas a\u00e7\u00f5es. Em cada cidade visitada, testemunhamos o engajamento da sociedade e a transforma\u00e7\u00e3o social proporcionada pelo projeto. Os estudantes deram um verdadeiro exemplo de cidadania e solidariedade&#8221;, afirmou.<\/p>\n<p style=\"text-align: center;\"><strong>Munic\u00edpios atendidos<\/strong><\/p>\n<p><img data-recalc-dims=\"1\" decoding=\"async\" data-attachment-id=\"10916\" data-permalink=\"https:\/\/www.tvuai.com.br\/portal\/com-a-forca-da-solidariedade-14o-gac-em-pouso-alegre-tornou-se-o-coracao-do-projeto-rondon-no-sul-de-minas\/projeto-rondon1-2\/\" data-orig-file=\"https:\/\/i0.wp.com\/www.tvuai.com.br\/portal\/wp-content\/uploads\/2025\/02\/projeto-Rondon1.jpg?fit=1280%2C853&amp;ssl=1\" data-orig-size=\"1280,853\" data-comments-opened=\"0\" data-image-meta=\"{&quot;aperture&quot;:&quot;0&quot;,&quot;credit&quot;:&quot;&quot;,&quot;camera&quot;:&quot;&quot;,&quot;caption&quot;:&quot;&quot;,&quot;created_timestamp&quot;:&quot;0&quot;,&quot;copyright&quot;:&quot;&quot;,&quot;focal_length&quot;:&quot;0&quot;,&quot;iso&quot;:&quot;0&quot;,&quot;shutter_speed&quot;:&quot;0&quot;,&quot;title&quot;:&quot;&quot;,&quot;orientation&quot;:&quot;0&quot;}\" data-image-title=\"projeto Rondon1\" data-image-description=\"\" data-image-caption=\"\" data-medium-file=\"https:\/\/i0.wp.com\/www.tvuai.com.br\/portal\/wp-content\/uploads\/2025\/02\/projeto-Rondon1.jpg?fit=300%2C200&amp;ssl=1\" data-large-file=\"https:\/\/i0.wp.com\/www.tvuai.com.br\/portal\/wp-content\/uploads\/2025\/02\/projeto-Rondon1.jpg?fit=640%2C426&amp;ssl=1\" tabindex=\"0\" role=\"button\" class=\"size-medium wp-image-10916 alignleft\" src=\"https:\/\/i0.wp.com\/www.tvuai.com.br\/portal\/wp-content\/uploads\/2025\/02\/projeto-Rondon1.jpg?resize=300%2C200&#038;ssl=1\" alt=\"\" width=\"300\" height=\"200\" srcset=\"https:\/\/i0.wp.com\/www.tvuai.com.br\/portal\/wp-content\/uploads\/2025\/02\/projeto-Rondon1.jpg?resize=300%2C200&amp;ssl=1 300w, https:\/\/i0.wp.com\/www.tvuai.com.br\/portal\/wp-content\/uploads\/2025\/02\/projeto-Rondon1.jpg?resize=1024%2C682&amp;ssl=1 1024w, https:\/\/i0.wp.com\/www.tvuai.com.br\/portal\/wp-content\/uploads\/2025\/02\/projeto-Rondon1.jpg?resize=768%2C512&amp;ssl=1 768w, https:\/\/i0.wp.com\/www.tvuai.com.br\/portal\/wp-content\/uploads\/2025\/02\/projeto-Rondon1.jpg?w=1280&amp;ssl=1 1280w\" sizes=\"(max-width: 300px) 100vw, 300px\" \/>Na &#8220;Opera\u00e7\u00e3o Sul de Minas I&#8221;, foram contempladas as cidades de Braz\u00f3polis, Carea\u00e7u, Concei\u00e7\u00e3o dos Ouros, Piranguinho, Delfim Moreira, Gon\u00e7alves, Heliodora, Jesu\u00e2nia, Lambari, Marmel\u00f3polis, S\u00e3o Jos\u00e9 do Alegre e S\u00e3o Sebasti\u00e3o da Bela Vista. J\u00e1 a &#8220;Opera\u00e7\u00e3o Sul de Minas II&#8221; beneficiou os munic\u00edpios de Andradas, Bueno Brand\u00e3o, C\u00f3rrego do Bom Jesus, Estiva, Cambu\u00ed, Ibiti\u00fara de Minas, Monte Si\u00e3o, Munhoz, Senador Amaral, Senador Jos\u00e9 Bento, Ouro Fino e Toledo.<\/p>\n<p>&nbsp;<\/p>\n<p style=\"text-align: center;\"><strong>Hist\u00f3ria e impacto do Projeto Rondon<\/strong><\/p>\n<p><img data-recalc-dims=\"1\" loading=\"lazy\" decoding=\"async\" data-attachment-id=\"10918\" data-permalink=\"https:\/\/www.tvuai.com.br\/portal\/com-a-forca-da-solidariedade-14o-gac-em-pouso-alegre-tornou-se-o-coracao-do-projeto-rondon-no-sul-de-minas\/projeto-rondon3-2\/\" data-orig-file=\"https:\/\/i0.wp.com\/www.tvuai.com.br\/portal\/wp-content\/uploads\/2025\/02\/projeto-Rondon3.jpg?fit=1150%2C766&amp;ssl=1\" data-orig-size=\"1150,766\" data-comments-opened=\"0\" data-image-meta=\"{&quot;aperture&quot;:&quot;0&quot;,&quot;credit&quot;:&quot;&quot;,&quot;camera&quot;:&quot;&quot;,&quot;caption&quot;:&quot;&quot;,&quot;created_timestamp&quot;:&quot;0&quot;,&quot;copyright&quot;:&quot;&quot;,&quot;focal_length&quot;:&quot;0&quot;,&quot;iso&quot;:&quot;0&quot;,&quot;shutter_speed&quot;:&quot;0&quot;,&quot;title&quot;:&quot;&quot;,&quot;orientation&quot;:&quot;0&quot;}\" data-image-title=\"projeto Rondon3\" data-image-description=\"\" data-image-caption=\"\" data-medium-file=\"https:\/\/i0.wp.com\/www.tvuai.com.br\/portal\/wp-content\/uploads\/2025\/02\/projeto-Rondon3.jpg?fit=300%2C200&amp;ssl=1\" data-large-file=\"https:\/\/i0.wp.com\/www.tvuai.com.br\/portal\/wp-content\/uploads\/2025\/02\/projeto-Rondon3.jpg?fit=640%2C426&amp;ssl=1\" tabindex=\"0\" role=\"button\" class=\"size-medium wp-image-10918 alignright\" src=\"https:\/\/i0.wp.com\/www.tvuai.com.br\/portal\/wp-content\/uploads\/2025\/02\/projeto-Rondon3.jpg?resize=300%2C200&#038;ssl=1\" alt=\"\" width=\"300\" height=\"200\" srcset=\"https:\/\/i0.wp.com\/www.tvuai.com.br\/portal\/wp-content\/uploads\/2025\/02\/projeto-Rondon3.jpg?resize=300%2C200&amp;ssl=1 300w, https:\/\/i0.wp.com\/www.tvuai.com.br\/portal\/wp-content\/uploads\/2025\/02\/projeto-Rondon3.jpg?resize=1024%2C682&amp;ssl=1 1024w, https:\/\/i0.wp.com\/www.tvuai.com.br\/portal\/wp-content\/uploads\/2025\/02\/projeto-Rondon3.jpg?resize=768%2C512&amp;ssl=1 768w, https:\/\/i0.wp.com\/www.tvuai.com.br\/portal\/wp-content\/uploads\/2025\/02\/projeto-Rondon3.jpg?w=1150&amp;ssl=1 1150w\" sizes=\"(max-width: 300px) 100vw, 300px\" \/>Criado para contribuir com o desenvolvimento sustent\u00e1vel das comunidades atendidas e fortalecer a cidadania, o Projeto Rondon tem desempenhado um papel fundamental no bem-estar social e na melhoria da qualidade de vida das popula\u00e7\u00f5es beneficiadas.<\/p>\n<p>Desde 2005, j\u00e1 foram realizadas 96 opera\u00e7\u00f5es em 24 unidades federativas e 1.300 munic\u00edpios, impactando diretamente cerca de 1,8 milh\u00e3o de pessoas. As pr\u00f3ximas edi\u00e7\u00f5es do projeto est\u00e3o previstas para ocorrer nos estados do Amazonas e do Paran\u00e1.<\/p>\n<h6 style=\"text-align: right;\"><em><strong>Com informa\u00e7\u00f5es de Helena L\u2019acosta, fotos Sepesd\/Minist\u00e9rio da Defesa e v\u00eddeo Ag Com Soc AD\/1<\/strong><\/em><\/h6>\n\n<div style=\"font-size: 0px; height: 0px; line-height: 0px; margin: 0; padding: 0; clear: both;\"><\/div><div class='share-to-whatsapp-wrapper'><div class='share-on-whsp'>Share on: <\/div><a data-text='Com a for\u00e7a da solidariedade 14\u00ba GAC em Pouso Alegre tornou-se o cora\u00e7\u00e3o do Projeto Rondon no sul de Minas' data-link='https:\/\/www.tvuai.com.br\/portal\/com-a-forca-da-solidariedade-14o-gac-em-pouso-alegre-tornou-se-o-coracao-do-projeto-rondon-no-sul-de-minas\/' class='whatsapp-button whatsapp-share'>WhatsApp<\/a><div class='clear '><\/div><\/div><!-- AddThis Advanced Settings generic via filter on the_content --><!-- AddThis Share Buttons generic via filter on the_content -->","protected":false},"excerpt":{"rendered":"<p>Projeto Rondon promoveu oficinas e beneficiou milhares de pessoas no sul de Minas Gerais Ap\u00f3s tr\u00eas semanas de intensa atua\u00e7\u00e3o, as atividades do Projeto Rondon em Minas Gerais chegaram ao fim, deixando um impacto positivo em 24 munic\u00edpios do sul de Minas. A iniciativa, coordenada pelo Minist\u00e9rio da Defesa, promoveu 1.829 oficinas pr\u00e1ticas em \u00e1reas [&hellip;]<!-- AddThis Advanced Settings generic via filter on get_the_excerpt --><!-- AddThis Share Buttons generic via filter on get_the_excerpt --><\/p>\n","protected":false},"author":1,"featured_media":10921,"comment_status":"closed","ping_status":"closed","sticky":false,"template":"","format":"standard","meta":{"jetpack_post_was_ever_published":false,"_jetpack_newsletter_access":"","_jetpack_dont_email_post_to_subs":false,"_jetpack_newsletter_tier_id":0,"_jetpack_memberships_contains_paywalled_content":false,"_jetpack_memberships_contains_paid_content":false,"_joinchat":[],"footnotes":"","jetpack_publicize_message":"","jetpack_publicize_feature_enabled":true,"jetpack_social_post_already_shared":true,"jetpack_social_options":{"image_generator_settings":{"template":"highway","enabled":false},"version":2}},"categories":[1642,1845,19,5,21],"tags":[4813,389,4143,2005,605,4273,1012,2422,1949,641,4279,1773,4811,4275,1228,4809,4810,4274,4277,184,4278,1887,4035,4806,538,3558,37,4805,4228,591,4036,1229,4812,39,4807,4808,4037,27,1618,4796],"class_list":["post-10914","post","type-post","status-publish","format-standard","has-post-thumbnail","hentry","category-tecnologia","category-educacao","category-noticias","category-ultimas","category-videos","tag-ag-com-soc-ad-1","tag-andradas","tag-brazopolis","tag-bueno-brandao","tag-cambui","tag-careacu","tag-conceicao-dos-ouros","tag-corrego-do-bom-jesus","tag-delfim-moreira","tag-estiva","tag-exercito-brasileiro","tag-goncalves","tag-helena-lacosta","tag-heliodora","tag-ibitiura-de-minas","tag-idervanio-da-silva-costa","tag-jesuania","tag-lambari","tag-marmelopolis","tag-minas-gerais","tag-ministerio-da-defesa","tag-monte-siao","tag-munhoz","tag-o-14o-grupo-de-artilharia-de-campanha-14o-gac","tag-ouro-fino","tag-piranguinho","tag-pouso-alegre","tag-projeto-rondon-em-minas-gerais","tag-sao-jose-do-alegre","tag-sao-sebastiao-da-bela-vista","tag-senador-amaral","tag-senador-jose-bento","tag-sepesd","tag-sul-de-minas","tag-sul-de-minas-i","tag-sul-de-minas-ii","tag-toledo","tag-tv-uai","tag-tv-uai-pouso-alegre","tag-tvuai25"],"jetpack_publicize_connections":[],"yoast_head":"<!-- This site is optimized with the Yoast SEO plugin v23.5 - https:\/\/yoast.com\/wordpress\/plugins\/seo\/ -->\n<title>Com a for\u00e7a da solidariedade 14\u00ba GAC em Pouso Alegre tornou-se o cora\u00e7\u00e3o do Projeto Rondon no sul de Minas - TVUAI<\/title>\n<meta name=\"robots\" content=\"index, follow, max-snippet:-1, max-image-preview:large, max-video-preview:-1\" \/>\n<link rel=\"canonical\" href=\"https:\/\/www.tvuai.com.br\/portal\/com-a-forca-da-solidariedade-14o-gac-em-pouso-alegre-tornou-se-o-coracao-do-projeto-rondon-no-sul-de-minas\/\" \/>\n<meta property=\"og:locale\" content=\"pt_BR\" \/>\n<meta property=\"og:type\" content=\"article\" \/>\n<meta property=\"og:title\" content=\"Com a for\u00e7a da solidariedade 14\u00ba GAC em Pouso Alegre tornou-se o cora\u00e7\u00e3o do Projeto Rondon no sul de Minas - TVUAI\" \/>\n<meta property=\"og:description\" content=\"Projeto Rondon promoveu oficinas e beneficiou milhares de pessoas no sul de Minas Gerais Ap\u00f3s tr\u00eas semanas de intensa atua\u00e7\u00e3o, as atividades do Projeto Rondon em Minas Gerais chegaram ao fim, deixando um impacto positivo em 24 munic\u00edpios do sul de Minas. A iniciativa, coordenada pelo Minist\u00e9rio da Defesa, promoveu 1.829 oficinas pr\u00e1ticas em \u00e1reas [&hellip;]\" \/>\n<meta property=\"og:url\" content=\"https:\/\/www.tvuai.com.br\/portal\/com-a-forca-da-solidariedade-14o-gac-em-pouso-alegre-tornou-se-o-coracao-do-projeto-rondon-no-sul-de-minas\/\" \/>\n<meta property=\"og:site_name\" content=\"TVUAI\" \/>\n<meta property=\"article:publisher\" content=\"http:\/\/www.facebook.com\/pages\/TV-Uai-Comunica%c3%a7%c3%a3o\/139062546157369\" \/>\n<meta property=\"article:published_time\" content=\"2025-02-09T10:31:56+00:00\" \/>\n<meta property=\"article:modified_time\" content=\"2025-02-12T15:01:52+00:00\" \/>\n<meta property=\"og:image\" content=\"https:\/\/www.tvuai.com.br\/portal\/wp-content\/uploads\/2025\/02\/projeto-Rondon0.jpg\" \/>\n\t<meta property=\"og:image:width\" content=\"200\" \/>\n\t<meta property=\"og:image:height\" content=\"200\" \/>\n\t<meta property=\"og:image:type\" content=\"image\/jpeg\" \/>\n<meta name=\"author\" content=\"tvuai\" \/>\n<meta name=\"twitter:card\" content=\"summary_large_image\" \/>\n<meta name=\"twitter:creator\" content=\"@tvuai\" \/>\n<meta name=\"twitter:site\" content=\"@tvuai\" \/>\n<meta name=\"twitter:label1\" content=\"Escrito por\" \/>\n\t<meta name=\"twitter:data1\" content=\"tvuai\" \/>\n\t<meta name=\"twitter:label2\" content=\"Est. tempo de leitura\" \/>\n\t<meta name=\"twitter:data2\" content=\"4 minutos\" \/>\n<script type=\"application\/ld+json\" class=\"yoast-schema-graph\">{\"@context\":\"https:\/\/schema.org\",\"@graph\":[{\"@type\":\"Article\",\"@id\":\"https:\/\/www.tvuai.com.br\/portal\/com-a-forca-da-solidariedade-14o-gac-em-pouso-alegre-tornou-se-o-coracao-do-projeto-rondon-no-sul-de-minas\/#article\",\"isPartOf\":{\"@id\":\"https:\/\/www.tvuai.com.br\/portal\/com-a-forca-da-solidariedade-14o-gac-em-pouso-alegre-tornou-se-o-coracao-do-projeto-rondon-no-sul-de-minas\/\"},\"author\":{\"name\":\"tvuai\",\"@id\":\"https:\/\/www.tvuai.com.br\/portal\/#\/schema\/person\/245e50e9127451fd0b7fd76f519ebbfe\"},\"headline\":\"Com a for\u00e7a da solidariedade 14\u00ba GAC em Pouso Alegre tornou-se o cora\u00e7\u00e3o do Projeto Rondon no sul de Minas\",\"datePublished\":\"2025-02-09T10:31:56+00:00\",\"dateModified\":\"2025-02-12T15:01:52+00:00\",\"mainEntityOfPage\":{\"@id\":\"https:\/\/www.tvuai.com.br\/portal\/com-a-forca-da-solidariedade-14o-gac-em-pouso-alegre-tornou-se-o-coracao-do-projeto-rondon-no-sul-de-minas\/\"},\"wordCount\":498,\"publisher\":{\"@id\":\"https:\/\/www.tvuai.com.br\/portal\/#organization\"},\"image\":{\"@id\":\"https:\/\/www.tvuai.com.br\/portal\/com-a-forca-da-solidariedade-14o-gac-em-pouso-alegre-tornou-se-o-coracao-do-projeto-rondon-no-sul-de-minas\/#primaryimage\"},\"thumbnailUrl\":\"https:\/\/i0.wp.com\/www.tvuai.com.br\/portal\/wp-content\/uploads\/2025\/02\/projeto-Rondon0.jpg?fit=200%2C200&ssl=1\",\"keywords\":[\"Ag Com Soc AD\/1\",\"Andradas\",\"Braz\u00f3polis\",\"Bueno Brand\u00e3o\",\"Cambu\u00ed\",\"Carea\u00e7u\",\"Concei\u00e7\u00e3o dos Ouros\",\"C\u00f3rrego do Bom Jesus\",\"Delfim Moreira\",\"Estiva\",\"Ex\u00e9rcito brasileiro\",\"Gon\u00e7alves\",\"Helena L\u2019acosta\",\"Heliodora\",\"Ibiti\u00fara de Minas\",\"Iderv\u00e2nio da Silva Costa\",\"Jesu\u00e2nia\",\"Lambari\",\"Marmel\u00f3polis\",\"Minas Gerais\",\"Minist\u00e9rio da Defesa\",\"Monte Si\u00e3o\",\"Munhoz\",\"O 14\u00ba Grupo de Artilharia de Campanha (14\u00ba GAC)\",\"Ouro Fino\",\"Piranguinho\",\"Pouso Alegre\",\"Projeto Rondon em Minas Gerais\",\"S\u00e3o Jos\u00e9 do Alegre\",\"S\u00e3o Sebasti\u00e3o da Bela Vista\",\"Senador Amaral\",\"Senador Jos\u00e9 Bento\",\"Sepesd\",\"Sul de Minas\",\"Sul de Minas I\",\"Sul de Minas II\",\"Toledo\",\"TV Uai\",\"TV UAI Pouso Alegre\",\"TVUAI25\"],\"articleSection\":[\"Ci\u00eancia e Tecnologia\",\"Educa\u00e7\u00e3o\",\"Not\u00edcias\",\"\u00daltimas Not\u00edcias\",\"Videos\"],\"inLanguage\":\"pt-BR\"},{\"@type\":\"WebPage\",\"@id\":\"https:\/\/www.tvuai.com.br\/portal\/com-a-forca-da-solidariedade-14o-gac-em-pouso-alegre-tornou-se-o-coracao-do-projeto-rondon-no-sul-de-minas\/\",\"url\":\"https:\/\/www.tvuai.com.br\/portal\/com-a-forca-da-solidariedade-14o-gac-em-pouso-alegre-tornou-se-o-coracao-do-projeto-rondon-no-sul-de-minas\/\",\"name\":\"Com a for\u00e7a da solidariedade 14\u00ba GAC em Pouso Alegre tornou-se o cora\u00e7\u00e3o do Projeto Rondon no sul de Minas - TVUAI\",\"isPartOf\":{\"@id\":\"https:\/\/www.tvuai.com.br\/portal\/#website\"},\"primaryImageOfPage\":{\"@id\":\"https:\/\/www.tvuai.com.br\/portal\/com-a-forca-da-solidariedade-14o-gac-em-pouso-alegre-tornou-se-o-coracao-do-projeto-rondon-no-sul-de-minas\/#primaryimage\"},\"image\":{\"@id\":\"https:\/\/www.tvuai.com.br\/portal\/com-a-forca-da-solidariedade-14o-gac-em-pouso-alegre-tornou-se-o-coracao-do-projeto-rondon-no-sul-de-minas\/#primaryimage\"},\"thumbnailUrl\":\"https:\/\/i0.wp.com\/www.tvuai.com.br\/portal\/wp-content\/uploads\/2025\/02\/projeto-Rondon0.jpg?fit=200%2C200&ssl=1\",\"datePublished\":\"2025-02-09T10:31:56+00:00\",\"dateModified\":\"2025-02-12T15:01:52+00:00\",\"breadcrumb\":{\"@id\":\"https:\/\/www.tvuai.com.br\/portal\/com-a-forca-da-solidariedade-14o-gac-em-pouso-alegre-tornou-se-o-coracao-do-projeto-rondon-no-sul-de-minas\/#breadcrumb\"},\"inLanguage\":\"pt-BR\",\"potentialAction\":[{\"@type\":\"ReadAction\",\"target\":[\"https:\/\/www.tvuai.com.br\/portal\/com-a-forca-da-solidariedade-14o-gac-em-pouso-alegre-tornou-se-o-coracao-do-projeto-rondon-no-sul-de-minas\/\"]}]},{\"@type\":\"ImageObject\",\"inLanguage\":\"pt-BR\",\"@id\":\"https:\/\/www.tvuai.com.br\/portal\/com-a-forca-da-solidariedade-14o-gac-em-pouso-alegre-tornou-se-o-coracao-do-projeto-rondon-no-sul-de-minas\/#primaryimage\",\"url\":\"https:\/\/i0.wp.com\/www.tvuai.com.br\/portal\/wp-content\/uploads\/2025\/02\/projeto-Rondon0.jpg?fit=200%2C200&ssl=1\",\"contentUrl\":\"https:\/\/i0.wp.com\/www.tvuai.com.br\/portal\/wp-content\/uploads\/2025\/02\/projeto-Rondon0.jpg?fit=200%2C200&ssl=1\",\"width\":200,\"height\":200},{\"@type\":\"BreadcrumbList\",\"@id\":\"https:\/\/www.tvuai.com.br\/portal\/com-a-forca-da-solidariedade-14o-gac-em-pouso-alegre-tornou-se-o-coracao-do-projeto-rondon-no-sul-de-minas\/#breadcrumb\",\"itemListElement\":[{\"@type\":\"ListItem\",\"position\":1,\"name\":\"In\u00edcio\",\"item\":\"https:\/\/www.tvuai.com.br\/portal\/\"},{\"@type\":\"ListItem\",\"position\":2,\"name\":\"Com a for\u00e7a da solidariedade 14\u00ba GAC em Pouso Alegre tornou-se o cora\u00e7\u00e3o do Projeto Rondon no sul de Minas\"}]},{\"@type\":\"WebSite\",\"@id\":\"https:\/\/www.tvuai.com.br\/portal\/#website\",\"url\":\"https:\/\/www.tvuai.com.br\/portal\/\",\"name\":\"TVUAI\",\"description\":\"Tudo sobre o Sul de Minas\",\"publisher\":{\"@id\":\"https:\/\/www.tvuai.com.br\/portal\/#organization\"},\"potentialAction\":[{\"@type\":\"SearchAction\",\"target\":{\"@type\":\"EntryPoint\",\"urlTemplate\":\"https:\/\/www.tvuai.com.br\/portal\/?s={search_term_string}\"},\"query-input\":{\"@type\":\"PropertyValueSpecification\",\"valueRequired\":true,\"valueName\":\"search_term_string\"}}],\"inLanguage\":\"pt-BR\"},{\"@type\":\"Organization\",\"@id\":\"https:\/\/www.tvuai.com.br\/portal\/#organization\",\"name\":\"TVUAI\",\"url\":\"https:\/\/www.tvuai.com.br\/portal\/\",\"logo\":{\"@type\":\"ImageObject\",\"inLanguage\":\"pt-BR\",\"@id\":\"https:\/\/www.tvuai.com.br\/portal\/#\/schema\/logo\/image\/\",\"url\":\"https:\/\/i0.wp.com\/www.tvuai.com.br\/portal\/wp-content\/uploads\/2017\/12\/logo_tvuai_100H.png?fit=207%2C100&ssl=1\",\"contentUrl\":\"https:\/\/i0.wp.com\/www.tvuai.com.br\/portal\/wp-content\/uploads\/2017\/12\/logo_tvuai_100H.png?fit=207%2C100&ssl=1\",\"width\":207,\"height\":100,\"caption\":\"TVUAI\"},\"image\":{\"@id\":\"https:\/\/www.tvuai.com.br\/portal\/#\/schema\/logo\/image\/\"},\"sameAs\":[\"http:\/\/www.facebook.com\/pages\/TV-Uai-Comunica\u00e7\u00e3o\/139062546157369\",\"https:\/\/x.com\/tvuai\",\"https:\/\/www.instagram.com\/tvuai_network\/\",\"https:\/\/www.youtube.com\/channel\/UCB7ZPB3wRv-OpoZ_09jmnkQ\"]},{\"@type\":\"Person\",\"@id\":\"https:\/\/www.tvuai.com.br\/portal\/#\/schema\/person\/245e50e9127451fd0b7fd76f519ebbfe\",\"name\":\"tvuai\",\"url\":\"https:\/\/www.tvuai.com.br\/portal\/author\/tvuai\/\"}]}<\/script>\n<!-- \/ Yoast SEO plugin. -->","yoast_head_json":{"title":"Com a for\u00e7a da solidariedade 14\u00ba GAC em Pouso Alegre tornou-se o cora\u00e7\u00e3o do Projeto Rondon no sul de Minas - TVUAI","robots":{"index":"index","follow":"follow","max-snippet":"max-snippet:-1","max-image-preview":"max-image-preview:large","max-video-preview":"max-video-preview:-1"},"canonical":"https:\/\/www.tvuai.com.br\/portal\/com-a-forca-da-solidariedade-14o-gac-em-pouso-alegre-tornou-se-o-coracao-do-projeto-rondon-no-sul-de-minas\/","og_locale":"pt_BR","og_type":"article","og_title":"Com a for\u00e7a da solidariedade 14\u00ba GAC em Pouso Alegre tornou-se o cora\u00e7\u00e3o do Projeto Rondon no sul de Minas - TVUAI","og_description":"Projeto Rondon promoveu oficinas e beneficiou milhares de pessoas no sul de Minas Gerais Ap\u00f3s tr\u00eas semanas de intensa atua\u00e7\u00e3o, as atividades do Projeto Rondon em Minas Gerais chegaram ao fim, deixando um impacto positivo em 24 munic\u00edpios do sul de Minas. A iniciativa, coordenada pelo Minist\u00e9rio da Defesa, promoveu 1.829 oficinas pr\u00e1ticas em \u00e1reas [&hellip;]","og_url":"https:\/\/www.tvuai.com.br\/portal\/com-a-forca-da-solidariedade-14o-gac-em-pouso-alegre-tornou-se-o-coracao-do-projeto-rondon-no-sul-de-minas\/","og_site_name":"TVUAI","article_publisher":"http:\/\/www.facebook.com\/pages\/TV-Uai-Comunica%c3%a7%c3%a3o\/139062546157369","article_published_time":"2025-02-09T10:31:56+00:00","article_modified_time":"2025-02-12T15:01:52+00:00","og_image":[{"width":200,"height":200,"url":"https:\/\/www.tvuai.com.br\/portal\/wp-content\/uploads\/2025\/02\/projeto-Rondon0.jpg","type":"image\/jpeg"}],"author":"tvuai","twitter_card":"summary_large_image","twitter_creator":"@tvuai","twitter_site":"@tvuai","twitter_misc":{"Escrito por":"tvuai","Est. tempo de leitura":"4 minutos"},"schema":{"@context":"https:\/\/schema.org","@graph":[{"@type":"Article","@id":"https:\/\/www.tvuai.com.br\/portal\/com-a-forca-da-solidariedade-14o-gac-em-pouso-alegre-tornou-se-o-coracao-do-projeto-rondon-no-sul-de-minas\/#article","isPartOf":{"@id":"https:\/\/www.tvuai.com.br\/portal\/com-a-forca-da-solidariedade-14o-gac-em-pouso-alegre-tornou-se-o-coracao-do-projeto-rondon-no-sul-de-minas\/"},"author":{"name":"tvuai","@id":"https:\/\/www.tvuai.com.br\/portal\/#\/schema\/person\/245e50e9127451fd0b7fd76f519ebbfe"},"headline":"Com a for\u00e7a da solidariedade 14\u00ba GAC em Pouso Alegre tornou-se o cora\u00e7\u00e3o do Projeto Rondon no sul de Minas","datePublished":"2025-02-09T10:31:56+00:00","dateModified":"2025-02-12T15:01:52+00:00","mainEntityOfPage":{"@id":"https:\/\/www.tvuai.com.br\/portal\/com-a-forca-da-solidariedade-14o-gac-em-pouso-alegre-tornou-se-o-coracao-do-projeto-rondon-no-sul-de-minas\/"},"wordCount":498,"publisher":{"@id":"https:\/\/www.tvuai.com.br\/portal\/#organization"},"image":{"@id":"https:\/\/www.tvuai.com.br\/portal\/com-a-forca-da-solidariedade-14o-gac-em-pouso-alegre-tornou-se-o-coracao-do-projeto-rondon-no-sul-de-minas\/#primaryimage"},"thumbnailUrl":"https:\/\/i0.wp.com\/www.tvuai.com.br\/portal\/wp-content\/uploads\/2025\/02\/projeto-Rondon0.jpg?fit=200%2C200&ssl=1","keywords":["Ag Com Soc AD\/1","Andradas","Braz\u00f3polis","Bueno Brand\u00e3o","Cambu\u00ed","Carea\u00e7u","Concei\u00e7\u00e3o dos Ouros","C\u00f3rrego do Bom Jesus","Delfim Moreira","Estiva","Ex\u00e9rcito brasileiro","Gon\u00e7alves","Helena L\u2019acosta","Heliodora","Ibiti\u00fara de Minas","Iderv\u00e2nio da Silva Costa","Jesu\u00e2nia","Lambari","Marmel\u00f3polis","Minas Gerais","Minist\u00e9rio da Defesa","Monte Si\u00e3o","Munhoz","O 14\u00ba Grupo de Artilharia de Campanha (14\u00ba GAC)","Ouro Fino","Piranguinho","Pouso Alegre","Projeto Rondon em Minas Gerais","S\u00e3o Jos\u00e9 do Alegre","S\u00e3o Sebasti\u00e3o da Bela Vista","Senador Amaral","Senador Jos\u00e9 Bento","Sepesd","Sul de Minas","Sul de Minas I","Sul de Minas II","Toledo","TV Uai","TV UAI Pouso Alegre","TVUAI25"],"articleSection":["Ci\u00eancia e Tecnologia","Educa\u00e7\u00e3o","Not\u00edcias","\u00daltimas Not\u00edcias","Videos"],"inLanguage":"pt-BR"},{"@type":"WebPage","@id":"https:\/\/www.tvuai.com.br\/portal\/com-a-forca-da-solidariedade-14o-gac-em-pouso-alegre-tornou-se-o-coracao-do-projeto-rondon-no-sul-de-minas\/","url":"https:\/\/www.tvuai.com.br\/portal\/com-a-forca-da-solidariedade-14o-gac-em-pouso-alegre-tornou-se-o-coracao-do-projeto-rondon-no-sul-de-minas\/","name":"Com a for\u00e7a da solidariedade 14\u00ba GAC em Pouso Alegre tornou-se o cora\u00e7\u00e3o do Projeto Rondon no sul de Minas - TVUAI","isPartOf":{"@id":"https:\/\/www.tvuai.com.br\/portal\/#website"},"primaryImageOfPage":{"@id":"https:\/\/www.tvuai.com.br\/portal\/com-a-forca-da-solidariedade-14o-gac-em-pouso-alegre-tornou-se-o-coracao-do-projeto-rondon-no-sul-de-minas\/#primaryimage"},"image":{"@id":"https:\/\/www.tvuai.com.br\/portal\/com-a-forca-da-solidariedade-14o-gac-em-pouso-alegre-tornou-se-o-coracao-do-projeto-rondon-no-sul-de-minas\/#primaryimage"},"thumbnailUrl":"https:\/\/i0.wp.com\/www.tvuai.com.br\/portal\/wp-content\/uploads\/2025\/02\/projeto-Rondon0.jpg?fit=200%2C200&ssl=1","datePublished":"2025-02-09T10:31:56+00:00","dateModified":"2025-02-12T15:01:52+00:00","breadcrumb":{"@id":"https:\/\/www.tvuai.com.br\/portal\/com-a-forca-da-solidariedade-14o-gac-em-pouso-alegre-tornou-se-o-coracao-do-projeto-rondon-no-sul-de-minas\/#breadcrumb"},"inLanguage":"pt-BR","potentialAction":[{"@type":"ReadAction","target":["https:\/\/www.tvuai.com.br\/portal\/com-a-forca-da-solidariedade-14o-gac-em-pouso-alegre-tornou-se-o-coracao-do-projeto-rondon-no-sul-de-minas\/"]}]},{"@type":"ImageObject","inLanguage":"pt-BR","@id":"https:\/\/www.tvuai.com.br\/portal\/com-a-forca-da-solidariedade-14o-gac-em-pouso-alegre-tornou-se-o-coracao-do-projeto-rondon-no-sul-de-minas\/#primaryimage","url":"https:\/\/i0.wp.com\/www.tvuai.com.br\/portal\/wp-content\/uploads\/2025\/02\/projeto-Rondon0.jpg?fit=200%2C200&ssl=1","contentUrl":"https:\/\/i0.wp.com\/www.tvuai.com.br\/portal\/wp-content\/uploads\/2025\/02\/projeto-Rondon0.jpg?fit=200%2C200&ssl=1","width":200,"height":200},{"@type":"BreadcrumbList","@id":"https:\/\/www.tvuai.com.br\/portal\/com-a-forca-da-solidariedade-14o-gac-em-pouso-alegre-tornou-se-o-coracao-do-projeto-rondon-no-sul-de-minas\/#breadcrumb","itemListElement":[{"@type":"ListItem","position":1,"name":"In\u00edcio","item":"https:\/\/www.tvuai.com.br\/portal\/"},{"@type":"ListItem","position":2,"name":"Com a for\u00e7a da solidariedade 14\u00ba GAC em Pouso Alegre tornou-se o cora\u00e7\u00e3o do Projeto Rondon no sul de Minas"}]},{"@type":"WebSite","@id":"https:\/\/www.tvuai.com.br\/portal\/#website","url":"https:\/\/www.tvuai.com.br\/portal\/","name":"TVUAI","description":"Tudo sobre o Sul de Minas","publisher":{"@id":"https:\/\/www.tvuai.com.br\/portal\/#organization"},"potentialAction":[{"@type":"SearchAction","target":{"@type":"EntryPoint","urlTemplate":"https:\/\/www.tvuai.com.br\/portal\/?s={search_term_string}"},"query-input":{"@type":"PropertyValueSpecification","valueRequired":true,"valueName":"search_term_string"}}],"inLanguage":"pt-BR"},{"@type":"Organization","@id":"https:\/\/www.tvuai.com.br\/portal\/#organization","name":"TVUAI","url":"https:\/\/www.tvuai.com.br\/portal\/","logo":{"@type":"ImageObject","inLanguage":"pt-BR","@id":"https:\/\/www.tvuai.com.br\/portal\/#\/schema\/logo\/image\/","url":"https:\/\/i0.wp.com\/www.tvuai.com.br\/portal\/wp-content\/uploads\/2017\/12\/logo_tvuai_100H.png?fit=207%2C100&ssl=1","contentUrl":"https:\/\/i0.wp.com\/www.tvuai.com.br\/portal\/wp-content\/uploads\/2017\/12\/logo_tvuai_100H.png?fit=207%2C100&ssl=1","width":207,"height":100,"caption":"TVUAI"},"image":{"@id":"https:\/\/www.tvuai.com.br\/portal\/#\/schema\/logo\/image\/"},"sameAs":["http:\/\/www.facebook.com\/pages\/TV-Uai-Comunica\u00e7\u00e3o\/139062546157369","https:\/\/x.com\/tvuai","https:\/\/www.instagram.com\/tvuai_network\/","https:\/\/www.youtube.com\/channel\/UCB7ZPB3wRv-OpoZ_09jmnkQ"]},{"@type":"Person","@id":"https:\/\/www.tvuai.com.br\/portal\/#\/schema\/person\/245e50e9127451fd0b7fd76f519ebbfe","name":"tvuai","url":"https:\/\/www.tvuai.com.br\/portal\/author\/tvuai\/"}]}},"jetpack_featured_media_url":"https:\/\/i0.wp.com\/www.tvuai.com.br\/portal\/wp-content\/uploads\/2025\/02\/projeto-Rondon0.jpg?fit=200%2C200&ssl=1","wpmagazine_modules_lite_featured_media_urls":{"thumbnail":["https:\/\/i0.wp.com\/www.tvuai.com.br\/portal\/wp-content\/uploads\/2025\/02\/projeto-Rondon0.jpg?resize=150%2C150&ssl=1",150,150,true],"cvmm-medium":["https:\/\/i0.wp.com\/www.tvuai.com.br\/portal\/wp-content\/uploads\/2025\/02\/projeto-Rondon0.jpg?resize=200%2C200&ssl=1",200,200,true],"cvmm-medium-plus":["https:\/\/i0.wp.com\/www.tvuai.com.br\/portal\/wp-content\/uploads\/2025\/02\/projeto-Rondon0.jpg?resize=200%2C200&ssl=1",200,200,true],"cvmm-portrait":["https:\/\/i0.wp.com\/www.tvuai.com.br\/portal\/wp-content\/uploads\/2025\/02\/projeto-Rondon0.jpg?resize=200%2C200&ssl=1",200,200,true],"cvmm-medium-square":["https:\/\/i0.wp.com\/www.tvuai.com.br\/portal\/wp-content\/uploads\/2025\/02\/projeto-Rondon0.jpg?resize=200%2C200&ssl=1",200,200,true],"cvmm-large":["https:\/\/i0.wp.com\/www.tvuai.com.br\/portal\/wp-content\/uploads\/2025\/02\/projeto-Rondon0.jpg?resize=200%2C200&ssl=1",200,200,true],"cvmm-small":["https:\/\/i0.wp.com\/www.tvuai.com.br\/portal\/wp-content\/uploads\/2025\/02\/projeto-Rondon0.jpg?resize=130%2C95&ssl=1",130,95,true],"full":["https:\/\/i0.wp.com\/www.tvuai.com.br\/portal\/wp-content\/uploads\/2025\/02\/projeto-Rondon0.jpg?fit=200%2C200&ssl=1",200,200,false]},"categories_names":{"1642":{"name":"Ci\u00eancia e Tecnologia","link":"https:\/\/www.tvuai.com.br\/portal\/category\/tecnologia\/"},"1845":{"name":"Educa\u00e7\u00e3o","link":"https:\/\/www.tvuai.com.br\/portal\/category\/educacao\/"},"19":{"name":"Not\u00edcias","link":"https:\/\/www.tvuai.com.br\/portal\/category\/noticias\/"},"5":{"name":"\u00daltimas Not\u00edcias","link":"https:\/\/www.tvuai.com.br\/portal\/category\/noticias\/ultimas\/"},"21":{"name":"Videos","link":"https:\/\/www.tvuai.com.br\/portal\/category\/videos\/"}},"tags_names":{"4813":{"name":"Ag Com Soc AD\/1","link":"https:\/\/www.tvuai.com.br\/portal\/tag\/ag-com-soc-ad-1\/"},"389":{"name":"Andradas","link":"https:\/\/www.tvuai.com.br\/portal\/tag\/andradas\/"},"4143":{"name":"Braz\u00f3polis","link":"https:\/\/www.tvuai.com.br\/portal\/tag\/brazopolis\/"},"2005":{"name":"Bueno Brand\u00e3o","link":"https:\/\/www.tvuai.com.br\/portal\/tag\/bueno-brandao\/"},"605":{"name":"Cambu\u00ed","link":"https:\/\/www.tvuai.com.br\/portal\/tag\/cambui\/"},"4273":{"name":"Carea\u00e7u","link":"https:\/\/www.tvuai.com.br\/portal\/tag\/careacu\/"},"1012":{"name":"Concei\u00e7\u00e3o dos Ouros","link":"https:\/\/www.tvuai.com.br\/portal\/tag\/conceicao-dos-ouros\/"},"2422":{"name":"C\u00f3rrego do Bom Jesus","link":"https:\/\/www.tvuai.com.br\/portal\/tag\/corrego-do-bom-jesus\/"},"1949":{"name":"Delfim Moreira","link":"https:\/\/www.tvuai.com.br\/portal\/tag\/delfim-moreira\/"},"641":{"name":"Estiva","link":"https:\/\/www.tvuai.com.br\/portal\/tag\/estiva\/"},"4279":{"name":"Ex\u00e9rcito brasileiro","link":"https:\/\/www.tvuai.com.br\/portal\/tag\/exercito-brasileiro\/"},"1773":{"name":"Gon\u00e7alves","link":"https:\/\/www.tvuai.com.br\/portal\/tag\/goncalves\/"},"4811":{"name":"Helena L\u2019acosta","link":"https:\/\/www.tvuai.com.br\/portal\/tag\/helena-lacosta\/"},"4275":{"name":"Heliodora","link":"https:\/\/www.tvuai.com.br\/portal\/tag\/heliodora\/"},"1228":{"name":"Ibiti\u00fara de Minas","link":"https:\/\/www.tvuai.com.br\/portal\/tag\/ibitiura-de-minas\/"},"4809":{"name":"Iderv\u00e2nio da Silva Costa","link":"https:\/\/www.tvuai.com.br\/portal\/tag\/idervanio-da-silva-costa\/"},"4810":{"name":"Jesu\u00e2nia","link":"https:\/\/www.tvuai.com.br\/portal\/tag\/jesuania\/"},"4274":{"name":"Lambari","link":"https:\/\/www.tvuai.com.br\/portal\/tag\/lambari\/"},"4277":{"name":"Marmel\u00f3polis","link":"https:\/\/www.tvuai.com.br\/portal\/tag\/marmelopolis\/"},"184":{"name":"Minas Gerais","link":"https:\/\/www.tvuai.com.br\/portal\/tag\/minas-gerais\/"},"4278":{"name":"Minist\u00e9rio da Defesa","link":"https:\/\/www.tvuai.com.br\/portal\/tag\/ministerio-da-defesa\/"},"1887":{"name":"Monte Si\u00e3o","link":"https:\/\/www.tvuai.com.br\/portal\/tag\/monte-siao\/"},"4035":{"name":"Munhoz","link":"https:\/\/www.tvuai.com.br\/portal\/tag\/munhoz\/"},"4806":{"name":"O 14\u00ba Grupo de Artilharia de Campanha (14\u00ba GAC)","link":"https:\/\/www.tvuai.com.br\/portal\/tag\/o-14o-grupo-de-artilharia-de-campanha-14o-gac\/"},"538":{"name":"Ouro Fino","link":"https:\/\/www.tvuai.com.br\/portal\/tag\/ouro-fino\/"},"3558":{"name":"Piranguinho","link":"https:\/\/www.tvuai.com.br\/portal\/tag\/piranguinho\/"},"37":{"name":"Pouso Alegre","link":"https:\/\/www.tvuai.com.br\/portal\/tag\/pouso-alegre\/"},"4805":{"name":"Projeto Rondon em Minas Gerais","link":"https:\/\/www.tvuai.com.br\/portal\/tag\/projeto-rondon-em-minas-gerais\/"},"4228":{"name":"S\u00e3o Jos\u00e9 do Alegre","link":"https:\/\/www.tvuai.com.br\/portal\/tag\/sao-jose-do-alegre\/"},"591":{"name":"S\u00e3o Sebasti\u00e3o da Bela Vista","link":"https:\/\/www.tvuai.com.br\/portal\/tag\/sao-sebastiao-da-bela-vista\/"},"4036":{"name":"Senador Amaral","link":"https:\/\/www.tvuai.com.br\/portal\/tag\/senador-amaral\/"},"1229":{"name":"Senador Jos\u00e9 Bento","link":"https:\/\/www.tvuai.com.br\/portal\/tag\/senador-jose-bento\/"},"4812":{"name":"Sepesd","link":"https:\/\/www.tvuai.com.br\/portal\/tag\/sepesd\/"},"39":{"name":"Sul de Minas","link":"https:\/\/www.tvuai.com.br\/portal\/tag\/sul-de-minas\/"},"4807":{"name":"Sul de Minas I","link":"https:\/\/www.tvuai.com.br\/portal\/tag\/sul-de-minas-i\/"},"4808":{"name":"Sul de Minas II","link":"https:\/\/www.tvuai.com.br\/portal\/tag\/sul-de-minas-ii\/"},"4037":{"name":"Toledo","link":"https:\/\/www.tvuai.com.br\/portal\/tag\/toledo\/"},"27":{"name":"TV Uai","link":"https:\/\/www.tvuai.com.br\/portal\/tag\/tv-uai\/"},"1618":{"name":"TV UAI Pouso Alegre","link":"https:\/\/www.tvuai.com.br\/portal\/tag\/tv-uai-pouso-alegre\/"},"4796":{"name":"TVUAI25","link":"https:\/\/www.tvuai.com.br\/portal\/tag\/tvuai25\/"}},"comments_number":"0","jetpack_shortlink":"https:\/\/wp.me\/p9woix-2Q2","jetpack_sharing_enabled":true,"_links":{"self":[{"href":"https:\/\/www.tvuai.com.br\/portal\/wp-json\/wp\/v2\/posts\/10914"}],"collection":[{"href":"https:\/\/www.tvuai.com.br\/portal\/wp-json\/wp\/v2\/posts"}],"about":[{"href":"https:\/\/www.tvuai.com.br\/portal\/wp-json\/wp\/v2\/types\/post"}],"author":[{"embeddable":true,"href":"https:\/\/www.tvuai.com.br\/portal\/wp-json\/wp\/v2\/users\/1"}],"replies":[{"embeddable":true,"href":"https:\/\/www.tvuai.com.br\/portal\/wp-json\/wp\/v2\/comments?post=10914"}],"version-history":[{"count":3,"href":"https:\/\/www.tvuai.com.br\/portal\/wp-json\/wp\/v2\/posts\/10914\/revisions"}],"predecessor-version":[{"id":10922,"href":"https:\/\/www.tvuai.com.br\/portal\/wp-json\/wp\/v2\/posts\/10914\/revisions\/10922"}],"wp:featuredmedia":[{"embeddable":true,"href":"https:\/\/www.tvuai.com.br\/portal\/wp-json\/wp\/v2\/media\/10921"}],"wp:attachment":[{"href":"https:\/\/www.tvuai.com.br\/portal\/wp-json\/wp\/v2\/media?parent=10914"}],"wp:term":[{"taxonomy":"category","embeddable":true,"href":"https:\/\/www.tvuai.com.br\/portal\/wp-json\/wp\/v2\/categories?post=10914"},{"taxonomy":"post_tag","embeddable":true,"href":"https:\/\/www.tvuai.com.br\/portal\/wp-json\/wp\/v2\/tags?post=10914"}],"curies":[{"name":"wp","href":"https:\/\/api.w.org\/{rel}","templated":true}]}}