{"id":1065,"date":"2019-08-22T14:28:10","date_gmt":"2019-08-22T17:28:10","guid":{"rendered":"http:\/\/www.tvuai.com.br\/portal\/?p=1065"},"modified":"2019-09-06T18:04:07","modified_gmt":"2019-09-06T21:04:07","slug":"fuvs-comemora-indicacao-de-bilac-pinto-que-assume-secretaria-do-governo-mineiro","status":"publish","type":"post","link":"https:\/\/www.tvuai.com.br\/portal\/fuvs-comemora-indicacao-de-bilac-pinto-que-assume-secretaria-do-governo-mineiro\/","title":{"rendered":"FUVS comemora indica\u00e7\u00e3o de Bilac Pinto que assume secretaria do governo mineiro"},"content":{"rendered":"<div class=\"5a1038e0903b96d426fcfcc338703013\" data-index=\"1\" style=\"float: right; margin:10px 0 10px 10px;\">\n<script async src=\"https:\/\/pagead2.googlesyndication.com\/pagead\/js\/adsbygoogle.js?client=ca-pub-9945944833605257\"\r\n     crossorigin=\"anonymous\"><\/script>\r\n<ins class=\"adsbygoogle\"\r\n     style=\"display:block; text-align:center;\"\r\n     data-ad-layout=\"in-article\"\r\n     data-ad-format=\"fluid\"\r\n     data-ad-client=\"ca-pub-9945944833605257\"\r\n     data-ad-slot=\"2343923581\"><\/ins>\r\n<script>\r\n     (adsbygoogle = window.adsbygoogle || []).push({});\r\n<\/script>\n<\/div>\n<p><img data-recalc-dims=\"1\" fetchpriority=\"high\" decoding=\"async\" data-attachment-id=\"1067\" data-permalink=\"https:\/\/www.tvuai.com.br\/portal\/fuvs-comemora-indicacao-de-bilac-pinto-que-assume-secretaria-do-governo-mineiro\/bilacfuvs1\/\" data-orig-file=\"https:\/\/i0.wp.com\/www.tvuai.com.br\/portal\/wp-content\/uploads\/2019\/08\/bilacfuvs1.jpg?fit=600%2C442&amp;ssl=1\" data-orig-size=\"600,442\" data-comments-opened=\"0\" data-image-meta=\"{&quot;aperture&quot;:&quot;0&quot;,&quot;credit&quot;:&quot;&quot;,&quot;camera&quot;:&quot;&quot;,&quot;caption&quot;:&quot;&quot;,&quot;created_timestamp&quot;:&quot;0&quot;,&quot;copyright&quot;:&quot;&quot;,&quot;focal_length&quot;:&quot;0&quot;,&quot;iso&quot;:&quot;0&quot;,&quot;shutter_speed&quot;:&quot;0&quot;,&quot;title&quot;:&quot;&quot;,&quot;orientation&quot;:&quot;0&quot;}\" data-image-title=\"bilacfuvs1\" data-image-description=\"\" data-image-caption=\"\" data-medium-file=\"https:\/\/i0.wp.com\/www.tvuai.com.br\/portal\/wp-content\/uploads\/2019\/08\/bilacfuvs1.jpg?fit=300%2C221&amp;ssl=1\" data-large-file=\"https:\/\/i0.wp.com\/www.tvuai.com.br\/portal\/wp-content\/uploads\/2019\/08\/bilacfuvs1.jpg?fit=600%2C442&amp;ssl=1\" tabindex=\"0\" role=\"button\" class=\"aligncenter size-full wp-image-1067\" src=\"https:\/\/i0.wp.com\/www.tvuai.com.br\/portal\/wp-content\/uploads\/2019\/08\/bilacfuvs1.jpg?resize=600%2C442\" alt=\"\" width=\"600\" height=\"442\" srcset=\"https:\/\/i0.wp.com\/www.tvuai.com.br\/portal\/wp-content\/uploads\/2019\/08\/bilacfuvs1.jpg?w=600&amp;ssl=1 600w, https:\/\/i0.wp.com\/www.tvuai.com.br\/portal\/wp-content\/uploads\/2019\/08\/bilacfuvs1.jpg?resize=300%2C221&amp;ssl=1 300w\" sizes=\"(max-width: 600px) 100vw, 600px\" \/>O presidente da Funda\u00e7\u00e3o de Ensino Superior do Vale do Sapuca\u00ed (FUVS), Jos\u00e9 Walter da Mota Matos, aproveitou entrevista concedida na Educativa Univ\u00e1s nesta quarta-feira, dia 22 de agosto, para parabenizar o deputado federal, Bilac Pinto, pelo novo cargo no governo de Minas. \u201cTer um pol\u00edtico e um ser humano como o Bilac Pinto assumindo a pasta de secretaria do governo mineiro, sendo o homem forte no governo de Minas cria uma expectativa muito positiva para n\u00f3s da FUVS e da cidade de Pouso Alegre\u201d, afirmou o presidente da FUVS, lembrando com gratid\u00e3o que Bilac Pinto sempre demonstrou muita aten\u00e7\u00e3o e carinho ajudando muito o Hospital das Cl\u00ednicas Samuel Lib\u00e2nio (HCSL).<\/p>\n<p>Durante entrevista, Jos\u00e9 Walter, que estava acompanhado do prefeito de Pouso Alegre, Rafael Sim\u00f5es, destacou os trabalhos expressivos desenvolvidos pelo executivo municipal, chamando aten\u00e7\u00e3o para obras como a via noroeste, o asfaltamento da estrada de S\u00e3o Jos\u00e9 do P\u00e2ntano, a cria\u00e7\u00e3o de v\u00e1rias unidades de sa\u00fade em comunidades locais e os diversos servi\u00e7os realizados nos bairros Faisqueira, S\u00e3o Jo\u00e3o e S\u00e3o Geraldo.<\/p>\n<p>Solidariedade<\/p>\n<p>O prefeito de S\u00e3o Sebasti\u00e3o da Bela Vista, Augusto Hart Ferreira, tamb\u00e9m acompanhou o presidente da FUVS durante entrevista na Educativa Univ\u00e1s. A prefeitura de Bela Vista realiza a festa de Pe\u00e3o de 12 a 15 de setembro deste ano, sendo que parte da renda ser\u00e1 destinada ao Hospital das Cl\u00ednicas Samuel Lib\u00e2nio (HCSL). J\u00e1 est\u00e3o confirmados shows do sertanejo Eduardo Costa (dia 12 de setembro) e Z\u00e9 Neto e Cristiano (dia 13 de setembro). A Prefeitura de Bela Vista, ciente da import\u00e2ncia do Hospital Samuel Lib\u00e2nio, criou tamb\u00e9m uma campanha para levantar recursos financeiros para ajudar na manuten\u00e7\u00e3o dos servi\u00e7os prestados pelo HCSL a popula\u00e7\u00e3o da regi\u00e3o. &#8220;Precisamos cada vez mais unir nossas for\u00e7as e ajudar o nosso Hospital, t\u00e3o necess\u00e1rio na promo\u00e7\u00e3o e manuten\u00e7\u00e3o da sa\u00fade&#8221;, disse o prefeito Augusto.<\/p>\n<p>O prefeito Rafael Sim\u00f5es parabenizou o trabalho feito pelo Conselho Diretor da FUVS e reafirmou seu compromisso de apoio e ajudar o HCSL. &#8220;O Hospital Samuel Lib\u00e2nio \u00e9 a nave m\u00e3e da sa\u00fade. J\u00e1 nos reunimos com outros munic\u00edpios para apresentar a necessidade de unirmos for\u00e7as para ajudar a institui\u00e7\u00e3o a manter-se viva, em p\u00e9. O munic\u00edpio de Pouso Alegre est\u00e1 fazendo sua parte, atrav\u00e9s de repasses que est\u00e3o garantindo a sobreviv\u00eancia do Hospital. Vamos todos juntos em prol do nosso Hospital&#8221;, afirma o prefeito de Pouso Alegre.<\/p>\n<p>&nbsp;<\/p>\n<h6 style=\"text-align: right\"><em><strong>Informe publicit\u00e1rio<\/strong><\/em><\/h6>\n\n<div style=\"font-size: 0px; height: 0px; line-height: 0px; margin: 0; padding: 0; clear: both;\"><\/div><div class='share-to-whatsapp-wrapper'><div class='share-on-whsp'>Share on: <\/div><a data-text='FUVS comemora indica\u00e7\u00e3o de Bilac Pinto que assume secretaria do governo mineiro' data-link='https:\/\/www.tvuai.com.br\/portal\/fuvs-comemora-indicacao-de-bilac-pinto-que-assume-secretaria-do-governo-mineiro\/' class='whatsapp-button whatsapp-share'>WhatsApp<\/a><div class='clear '><\/div><\/div><!-- AddThis Advanced Settings generic via filter on the_content --><!-- AddThis Share Buttons generic via filter on the_content -->","protected":false},"excerpt":{"rendered":"<p>O presidente da Funda\u00e7\u00e3o de Ensino Superior do Vale do Sapuca\u00ed (FUVS), Jos\u00e9 Walter da Mota Matos, aproveitou entrevista concedida na Educativa Univ\u00e1s nesta quarta-feira, dia 22 de agosto, para parabenizar o deputado federal, Bilac Pinto, pelo novo cargo no governo de Minas. \u201cTer um pol\u00edtico e um ser humano como o Bilac Pinto assumindo [&hellip;]<!-- AddThis Advanced Settings generic via filter on get_the_excerpt --><!-- AddThis Share Buttons generic via filter on get_the_excerpt --><\/p>\n","protected":false},"author":2,"featured_media":1066,"comment_status":"closed","ping_status":"closed","sticky":false,"template":"","format":"standard","meta":{"jetpack_post_was_ever_published":false,"_jetpack_newsletter_access":"","_jetpack_dont_email_post_to_subs":false,"_jetpack_newsletter_tier_id":0,"_jetpack_memberships_contains_paywalled_content":false,"_jetpack_memberships_contains_paid_content":false,"_joinchat":[],"footnotes":"","jetpack_publicize_message":"","jetpack_publicize_feature_enabled":true,"jetpack_social_post_already_shared":true,"jetpack_social_options":{"image_generator_settings":{"template":"highway","enabled":false},"version":2}},"categories":[19],"tags":[],"class_list":["post-1065","post","type-post","status-publish","format-standard","has-post-thumbnail","hentry","category-noticias"],"jetpack_publicize_connections":[],"yoast_head":"<!-- This site is optimized with the Yoast SEO plugin v23.5 - https:\/\/yoast.com\/wordpress\/plugins\/seo\/ -->\n<title>FUVS comemora indica\u00e7\u00e3o de Bilac Pinto que assume secretaria do governo mineiro - TVUAI<\/title>\n<meta name=\"robots\" content=\"index, follow, max-snippet:-1, max-image-preview:large, max-video-preview:-1\" \/>\n<link rel=\"canonical\" href=\"https:\/\/www.tvuai.com.br\/portal\/fuvs-comemora-indicacao-de-bilac-pinto-que-assume-secretaria-do-governo-mineiro\/\" \/>\n<meta property=\"og:locale\" content=\"pt_BR\" \/>\n<meta property=\"og:type\" content=\"article\" \/>\n<meta property=\"og:title\" content=\"FUVS comemora indica\u00e7\u00e3o de Bilac Pinto que assume secretaria do governo mineiro - TVUAI\" \/>\n<meta property=\"og:description\" content=\"O presidente da Funda\u00e7\u00e3o de Ensino Superior do Vale do Sapuca\u00ed (FUVS), Jos\u00e9 Walter da Mota Matos, aproveitou entrevista concedida na Educativa Univ\u00e1s nesta quarta-feira, dia 22 de agosto, para parabenizar o deputado federal, Bilac Pinto, pelo novo cargo no governo de Minas. \u201cTer um pol\u00edtico e um ser humano como o Bilac Pinto assumindo [&hellip;]\" \/>\n<meta property=\"og:url\" content=\"https:\/\/www.tvuai.com.br\/portal\/fuvs-comemora-indicacao-de-bilac-pinto-que-assume-secretaria-do-governo-mineiro\/\" \/>\n<meta property=\"og:site_name\" content=\"TVUAI\" \/>\n<meta property=\"article:publisher\" content=\"http:\/\/www.facebook.com\/pages\/TV-Uai-Comunica%c3%a7%c3%a3o\/139062546157369\" \/>\n<meta property=\"article:author\" content=\"https:\/\/www.facebook.com\/tvuai\/\" \/>\n<meta property=\"article:published_time\" content=\"2019-08-22T17:28:10+00:00\" \/>\n<meta property=\"article:modified_time\" content=\"2019-09-06T21:04:07+00:00\" \/>\n<meta property=\"og:image\" content=\"https:\/\/i0.wp.com\/www.tvuai.com.br\/portal\/wp-content\/uploads\/2019\/08\/bilacfuvs0.jpg?fit=200%2C176&ssl=1\" \/>\n\t<meta property=\"og:image:width\" content=\"200\" \/>\n\t<meta property=\"og:image:height\" content=\"176\" \/>\n\t<meta property=\"og:image:type\" content=\"image\/jpeg\" \/>\n<meta name=\"author\" content=\"Rosy Pantale\u00e3o\" \/>\n<meta name=\"twitter:card\" content=\"summary_large_image\" \/>\n<meta name=\"twitter:creator\" content=\"@tvuai\" \/>\n<meta name=\"twitter:site\" content=\"@tvuai\" \/>\n<meta name=\"twitter:label1\" content=\"Escrito por\" \/>\n\t<meta name=\"twitter:data1\" content=\"Rosy Pantale\u00e3o\" \/>\n\t<meta name=\"twitter:label2\" content=\"Est. tempo de leitura\" \/>\n\t<meta name=\"twitter:data2\" content=\"2 minutos\" \/>\n<script type=\"application\/ld+json\" class=\"yoast-schema-graph\">{\"@context\":\"https:\/\/schema.org\",\"@graph\":[{\"@type\":\"Article\",\"@id\":\"https:\/\/www.tvuai.com.br\/portal\/fuvs-comemora-indicacao-de-bilac-pinto-que-assume-secretaria-do-governo-mineiro\/#article\",\"isPartOf\":{\"@id\":\"https:\/\/www.tvuai.com.br\/portal\/fuvs-comemora-indicacao-de-bilac-pinto-que-assume-secretaria-do-governo-mineiro\/\"},\"author\":{\"name\":\"Rosy Pantale\u00e3o\",\"@id\":\"https:\/\/www.tvuai.com.br\/portal\/#\/schema\/person\/d1c5c2b1dc1e658906286802aad38555\"},\"headline\":\"FUVS comemora indica\u00e7\u00e3o de Bilac Pinto que assume secretaria do governo mineiro\",\"datePublished\":\"2019-08-22T17:28:10+00:00\",\"dateModified\":\"2019-09-06T21:04:07+00:00\",\"mainEntityOfPage\":{\"@id\":\"https:\/\/www.tvuai.com.br\/portal\/fuvs-comemora-indicacao-de-bilac-pinto-que-assume-secretaria-do-governo-mineiro\/\"},\"wordCount\":456,\"publisher\":{\"@id\":\"https:\/\/www.tvuai.com.br\/portal\/#organization\"},\"image\":{\"@id\":\"https:\/\/www.tvuai.com.br\/portal\/fuvs-comemora-indicacao-de-bilac-pinto-que-assume-secretaria-do-governo-mineiro\/#primaryimage\"},\"thumbnailUrl\":\"https:\/\/i0.wp.com\/www.tvuai.com.br\/portal\/wp-content\/uploads\/2019\/08\/bilacfuvs0.jpg?fit=200%2C176&ssl=1\",\"articleSection\":[\"Not\u00edcias\"],\"inLanguage\":\"pt-BR\"},{\"@type\":\"WebPage\",\"@id\":\"https:\/\/www.tvuai.com.br\/portal\/fuvs-comemora-indicacao-de-bilac-pinto-que-assume-secretaria-do-governo-mineiro\/\",\"url\":\"https:\/\/www.tvuai.com.br\/portal\/fuvs-comemora-indicacao-de-bilac-pinto-que-assume-secretaria-do-governo-mineiro\/\",\"name\":\"FUVS comemora indica\u00e7\u00e3o de Bilac Pinto que assume secretaria do governo mineiro - TVUAI\",\"isPartOf\":{\"@id\":\"https:\/\/www.tvuai.com.br\/portal\/#website\"},\"primaryImageOfPage\":{\"@id\":\"https:\/\/www.tvuai.com.br\/portal\/fuvs-comemora-indicacao-de-bilac-pinto-que-assume-secretaria-do-governo-mineiro\/#primaryimage\"},\"image\":{\"@id\":\"https:\/\/www.tvuai.com.br\/portal\/fuvs-comemora-indicacao-de-bilac-pinto-que-assume-secretaria-do-governo-mineiro\/#primaryimage\"},\"thumbnailUrl\":\"https:\/\/i0.wp.com\/www.tvuai.com.br\/portal\/wp-content\/uploads\/2019\/08\/bilacfuvs0.jpg?fit=200%2C176&ssl=1\",\"datePublished\":\"2019-08-22T17:28:10+00:00\",\"dateModified\":\"2019-09-06T21:04:07+00:00\",\"breadcrumb\":{\"@id\":\"https:\/\/www.tvuai.com.br\/portal\/fuvs-comemora-indicacao-de-bilac-pinto-que-assume-secretaria-do-governo-mineiro\/#breadcrumb\"},\"inLanguage\":\"pt-BR\",\"potentialAction\":[{\"@type\":\"ReadAction\",\"target\":[\"https:\/\/www.tvuai.com.br\/portal\/fuvs-comemora-indicacao-de-bilac-pinto-que-assume-secretaria-do-governo-mineiro\/\"]}]},{\"@type\":\"ImageObject\",\"inLanguage\":\"pt-BR\",\"@id\":\"https:\/\/www.tvuai.com.br\/portal\/fuvs-comemora-indicacao-de-bilac-pinto-que-assume-secretaria-do-governo-mineiro\/#primaryimage\",\"url\":\"https:\/\/i0.wp.com\/www.tvuai.com.br\/portal\/wp-content\/uploads\/2019\/08\/bilacfuvs0.jpg?fit=200%2C176&ssl=1\",\"contentUrl\":\"https:\/\/i0.wp.com\/www.tvuai.com.br\/portal\/wp-content\/uploads\/2019\/08\/bilacfuvs0.jpg?fit=200%2C176&ssl=1\",\"width\":200,\"height\":176},{\"@type\":\"BreadcrumbList\",\"@id\":\"https:\/\/www.tvuai.com.br\/portal\/fuvs-comemora-indicacao-de-bilac-pinto-que-assume-secretaria-do-governo-mineiro\/#breadcrumb\",\"itemListElement\":[{\"@type\":\"ListItem\",\"position\":1,\"name\":\"In\u00edcio\",\"item\":\"https:\/\/www.tvuai.com.br\/portal\/\"},{\"@type\":\"ListItem\",\"position\":2,\"name\":\"FUVS comemora indica\u00e7\u00e3o de Bilac Pinto que assume secretaria do governo mineiro\"}]},{\"@type\":\"WebSite\",\"@id\":\"https:\/\/www.tvuai.com.br\/portal\/#website\",\"url\":\"https:\/\/www.tvuai.com.br\/portal\/\",\"name\":\"TVUAI\",\"description\":\"Tudo sobre o Sul de Minas\",\"publisher\":{\"@id\":\"https:\/\/www.tvuai.com.br\/portal\/#organization\"},\"potentialAction\":[{\"@type\":\"SearchAction\",\"target\":{\"@type\":\"EntryPoint\",\"urlTemplate\":\"https:\/\/www.tvuai.com.br\/portal\/?s={search_term_string}\"},\"query-input\":{\"@type\":\"PropertyValueSpecification\",\"valueRequired\":true,\"valueName\":\"search_term_string\"}}],\"inLanguage\":\"pt-BR\"},{\"@type\":\"Organization\",\"@id\":\"https:\/\/www.tvuai.com.br\/portal\/#organization\",\"name\":\"TVUAI\",\"url\":\"https:\/\/www.tvuai.com.br\/portal\/\",\"logo\":{\"@type\":\"ImageObject\",\"inLanguage\":\"pt-BR\",\"@id\":\"https:\/\/www.tvuai.com.br\/portal\/#\/schema\/logo\/image\/\",\"url\":\"https:\/\/i0.wp.com\/www.tvuai.com.br\/portal\/wp-content\/uploads\/2017\/12\/logo_tvuai_100H.png?fit=207%2C100&ssl=1\",\"contentUrl\":\"https:\/\/i0.wp.com\/www.tvuai.com.br\/portal\/wp-content\/uploads\/2017\/12\/logo_tvuai_100H.png?fit=207%2C100&ssl=1\",\"width\":207,\"height\":100,\"caption\":\"TVUAI\"},\"image\":{\"@id\":\"https:\/\/www.tvuai.com.br\/portal\/#\/schema\/logo\/image\/\"},\"sameAs\":[\"http:\/\/www.facebook.com\/pages\/TV-Uai-Comunica\u00e7\u00e3o\/139062546157369\",\"https:\/\/x.com\/tvuai\",\"https:\/\/www.instagram.com\/tvuai_network\/\",\"https:\/\/www.youtube.com\/channel\/UCB7ZPB3wRv-OpoZ_09jmnkQ\"]},{\"@type\":\"Person\",\"@id\":\"https:\/\/www.tvuai.com.br\/portal\/#\/schema\/person\/d1c5c2b1dc1e658906286802aad38555\",\"name\":\"Rosy Pantale\u00e3o\",\"sameAs\":[\"https:\/\/www.tvuai.com.br\/portal\/\",\"https:\/\/www.facebook.com\/tvuai\/\",\"https:\/\/www.instagram.com\/tvuai\",\"https:\/\/x.com\/tvuai\",\"https:\/\/www.youtube.com\/channel\/UCB7ZPB3wRv-OpoZ_09jmnkQ\",\"tvuai\"],\"url\":\"https:\/\/www.tvuai.com.br\/portal\/author\/rosy\/\"}]}<\/script>\n<!-- \/ Yoast SEO plugin. -->","yoast_head_json":{"title":"FUVS comemora indica\u00e7\u00e3o de Bilac Pinto que assume secretaria do governo mineiro - TVUAI","robots":{"index":"index","follow":"follow","max-snippet":"max-snippet:-1","max-image-preview":"max-image-preview:large","max-video-preview":"max-video-preview:-1"},"canonical":"https:\/\/www.tvuai.com.br\/portal\/fuvs-comemora-indicacao-de-bilac-pinto-que-assume-secretaria-do-governo-mineiro\/","og_locale":"pt_BR","og_type":"article","og_title":"FUVS comemora indica\u00e7\u00e3o de Bilac Pinto que assume secretaria do governo mineiro - TVUAI","og_description":"O presidente da Funda\u00e7\u00e3o de Ensino Superior do Vale do Sapuca\u00ed (FUVS), Jos\u00e9 Walter da Mota Matos, aproveitou entrevista concedida na Educativa Univ\u00e1s nesta quarta-feira, dia 22 de agosto, para parabenizar o deputado federal, Bilac Pinto, pelo novo cargo no governo de Minas. \u201cTer um pol\u00edtico e um ser humano como o Bilac Pinto assumindo [&hellip;]","og_url":"https:\/\/www.tvuai.com.br\/portal\/fuvs-comemora-indicacao-de-bilac-pinto-que-assume-secretaria-do-governo-mineiro\/","og_site_name":"TVUAI","article_publisher":"http:\/\/www.facebook.com\/pages\/TV-Uai-Comunica%c3%a7%c3%a3o\/139062546157369","article_author":"https:\/\/www.facebook.com\/tvuai\/","article_published_time":"2019-08-22T17:28:10+00:00","article_modified_time":"2019-09-06T21:04:07+00:00","og_image":[{"width":200,"height":176,"url":"https:\/\/i0.wp.com\/www.tvuai.com.br\/portal\/wp-content\/uploads\/2019\/08\/bilacfuvs0.jpg?fit=200%2C176&ssl=1","type":"image\/jpeg"}],"author":"Rosy Pantale\u00e3o","twitter_card":"summary_large_image","twitter_creator":"@tvuai","twitter_site":"@tvuai","twitter_misc":{"Escrito por":"Rosy Pantale\u00e3o","Est. tempo de leitura":"2 minutos"},"schema":{"@context":"https:\/\/schema.org","@graph":[{"@type":"Article","@id":"https:\/\/www.tvuai.com.br\/portal\/fuvs-comemora-indicacao-de-bilac-pinto-que-assume-secretaria-do-governo-mineiro\/#article","isPartOf":{"@id":"https:\/\/www.tvuai.com.br\/portal\/fuvs-comemora-indicacao-de-bilac-pinto-que-assume-secretaria-do-governo-mineiro\/"},"author":{"name":"Rosy Pantale\u00e3o","@id":"https:\/\/www.tvuai.com.br\/portal\/#\/schema\/person\/d1c5c2b1dc1e658906286802aad38555"},"headline":"FUVS comemora indica\u00e7\u00e3o de Bilac Pinto que assume secretaria do governo mineiro","datePublished":"2019-08-22T17:28:10+00:00","dateModified":"2019-09-06T21:04:07+00:00","mainEntityOfPage":{"@id":"https:\/\/www.tvuai.com.br\/portal\/fuvs-comemora-indicacao-de-bilac-pinto-que-assume-secretaria-do-governo-mineiro\/"},"wordCount":456,"publisher":{"@id":"https:\/\/www.tvuai.com.br\/portal\/#organization"},"image":{"@id":"https:\/\/www.tvuai.com.br\/portal\/fuvs-comemora-indicacao-de-bilac-pinto-que-assume-secretaria-do-governo-mineiro\/#primaryimage"},"thumbnailUrl":"https:\/\/i0.wp.com\/www.tvuai.com.br\/portal\/wp-content\/uploads\/2019\/08\/bilacfuvs0.jpg?fit=200%2C176&ssl=1","articleSection":["Not\u00edcias"],"inLanguage":"pt-BR"},{"@type":"WebPage","@id":"https:\/\/www.tvuai.com.br\/portal\/fuvs-comemora-indicacao-de-bilac-pinto-que-assume-secretaria-do-governo-mineiro\/","url":"https:\/\/www.tvuai.com.br\/portal\/fuvs-comemora-indicacao-de-bilac-pinto-que-assume-secretaria-do-governo-mineiro\/","name":"FUVS comemora indica\u00e7\u00e3o de Bilac Pinto que assume secretaria do governo mineiro - TVUAI","isPartOf":{"@id":"https:\/\/www.tvuai.com.br\/portal\/#website"},"primaryImageOfPage":{"@id":"https:\/\/www.tvuai.com.br\/portal\/fuvs-comemora-indicacao-de-bilac-pinto-que-assume-secretaria-do-governo-mineiro\/#primaryimage"},"image":{"@id":"https:\/\/www.tvuai.com.br\/portal\/fuvs-comemora-indicacao-de-bilac-pinto-que-assume-secretaria-do-governo-mineiro\/#primaryimage"},"thumbnailUrl":"https:\/\/i0.wp.com\/www.tvuai.com.br\/portal\/wp-content\/uploads\/2019\/08\/bilacfuvs0.jpg?fit=200%2C176&ssl=1","datePublished":"2019-08-22T17:28:10+00:00","dateModified":"2019-09-06T21:04:07+00:00","breadcrumb":{"@id":"https:\/\/www.tvuai.com.br\/portal\/fuvs-comemora-indicacao-de-bilac-pinto-que-assume-secretaria-do-governo-mineiro\/#breadcrumb"},"inLanguage":"pt-BR","potentialAction":[{"@type":"ReadAction","target":["https:\/\/www.tvuai.com.br\/portal\/fuvs-comemora-indicacao-de-bilac-pinto-que-assume-secretaria-do-governo-mineiro\/"]}]},{"@type":"ImageObject","inLanguage":"pt-BR","@id":"https:\/\/www.tvuai.com.br\/portal\/fuvs-comemora-indicacao-de-bilac-pinto-que-assume-secretaria-do-governo-mineiro\/#primaryimage","url":"https:\/\/i0.wp.com\/www.tvuai.com.br\/portal\/wp-content\/uploads\/2019\/08\/bilacfuvs0.jpg?fit=200%2C176&ssl=1","contentUrl":"https:\/\/i0.wp.com\/www.tvuai.com.br\/portal\/wp-content\/uploads\/2019\/08\/bilacfuvs0.jpg?fit=200%2C176&ssl=1","width":200,"height":176},{"@type":"BreadcrumbList","@id":"https:\/\/www.tvuai.com.br\/portal\/fuvs-comemora-indicacao-de-bilac-pinto-que-assume-secretaria-do-governo-mineiro\/#breadcrumb","itemListElement":[{"@type":"ListItem","position":1,"name":"In\u00edcio","item":"https:\/\/www.tvuai.com.br\/portal\/"},{"@type":"ListItem","position":2,"name":"FUVS comemora indica\u00e7\u00e3o de Bilac Pinto que assume secretaria do governo mineiro"}]},{"@type":"WebSite","@id":"https:\/\/www.tvuai.com.br\/portal\/#website","url":"https:\/\/www.tvuai.com.br\/portal\/","name":"TVUAI","description":"Tudo sobre o Sul de Minas","publisher":{"@id":"https:\/\/www.tvuai.com.br\/portal\/#organization"},"potentialAction":[{"@type":"SearchAction","target":{"@type":"EntryPoint","urlTemplate":"https:\/\/www.tvuai.com.br\/portal\/?s={search_term_string}"},"query-input":{"@type":"PropertyValueSpecification","valueRequired":true,"valueName":"search_term_string"}}],"inLanguage":"pt-BR"},{"@type":"Organization","@id":"https:\/\/www.tvuai.com.br\/portal\/#organization","name":"TVUAI","url":"https:\/\/www.tvuai.com.br\/portal\/","logo":{"@type":"ImageObject","inLanguage":"pt-BR","@id":"https:\/\/www.tvuai.com.br\/portal\/#\/schema\/logo\/image\/","url":"https:\/\/i0.wp.com\/www.tvuai.com.br\/portal\/wp-content\/uploads\/2017\/12\/logo_tvuai_100H.png?fit=207%2C100&ssl=1","contentUrl":"https:\/\/i0.wp.com\/www.tvuai.com.br\/portal\/wp-content\/uploads\/2017\/12\/logo_tvuai_100H.png?fit=207%2C100&ssl=1","width":207,"height":100,"caption":"TVUAI"},"image":{"@id":"https:\/\/www.tvuai.com.br\/portal\/#\/schema\/logo\/image\/"},"sameAs":["http:\/\/www.facebook.com\/pages\/TV-Uai-Comunica\u00e7\u00e3o\/139062546157369","https:\/\/x.com\/tvuai","https:\/\/www.instagram.com\/tvuai_network\/","https:\/\/www.youtube.com\/channel\/UCB7ZPB3wRv-OpoZ_09jmnkQ"]},{"@type":"Person","@id":"https:\/\/www.tvuai.com.br\/portal\/#\/schema\/person\/d1c5c2b1dc1e658906286802aad38555","name":"Rosy Pantale\u00e3o","sameAs":["https:\/\/www.tvuai.com.br\/portal\/","https:\/\/www.facebook.com\/tvuai\/","https:\/\/www.instagram.com\/tvuai","https:\/\/x.com\/tvuai","https:\/\/www.youtube.com\/channel\/UCB7ZPB3wRv-OpoZ_09jmnkQ","tvuai"],"url":"https:\/\/www.tvuai.com.br\/portal\/author\/rosy\/"}]}},"jetpack_featured_media_url":"https:\/\/i0.wp.com\/www.tvuai.com.br\/portal\/wp-content\/uploads\/2019\/08\/bilacfuvs0.jpg?fit=200%2C176&ssl=1","wpmagazine_modules_lite_featured_media_urls":{"thumbnail":["https:\/\/i0.wp.com\/www.tvuai.com.br\/portal\/wp-content\/uploads\/2019\/08\/bilacfuvs0.jpg?resize=150%2C150&ssl=1",150,150,true],"cvmm-medium":["https:\/\/i0.wp.com\/www.tvuai.com.br\/portal\/wp-content\/uploads\/2019\/08\/bilacfuvs0.jpg?resize=200%2C176&ssl=1",200,176,true],"cvmm-medium-plus":["https:\/\/i0.wp.com\/www.tvuai.com.br\/portal\/wp-content\/uploads\/2019\/08\/bilacfuvs0.jpg?resize=200%2C176&ssl=1",200,176,true],"cvmm-portrait":["https:\/\/i0.wp.com\/www.tvuai.com.br\/portal\/wp-content\/uploads\/2019\/08\/bilacfuvs0.jpg?resize=200%2C176&ssl=1",200,176,true],"cvmm-medium-square":["https:\/\/i0.wp.com\/www.tvuai.com.br\/portal\/wp-content\/uploads\/2019\/08\/bilacfuvs0.jpg?resize=200%2C176&ssl=1",200,176,true],"cvmm-large":["https:\/\/i0.wp.com\/www.tvuai.com.br\/portal\/wp-content\/uploads\/2019\/08\/bilacfuvs0.jpg?resize=200%2C176&ssl=1",200,176,true],"cvmm-small":["https:\/\/i0.wp.com\/www.tvuai.com.br\/portal\/wp-content\/uploads\/2019\/08\/bilacfuvs0.jpg?resize=130%2C95&ssl=1",130,95,true],"full":["https:\/\/i0.wp.com\/www.tvuai.com.br\/portal\/wp-content\/uploads\/2019\/08\/bilacfuvs0.jpg?fit=200%2C176&ssl=1",200,176,false]},"categories_names":{"19":{"name":"Not\u00edcias","link":"https:\/\/www.tvuai.com.br\/portal\/category\/noticias\/"}},"tags_names":[],"comments_number":"0","jetpack_shortlink":"https:\/\/wp.me\/p9woix-hb","jetpack_sharing_enabled":true,"_links":{"self":[{"href":"https:\/\/www.tvuai.com.br\/portal\/wp-json\/wp\/v2\/posts\/1065"}],"collection":[{"href":"https:\/\/www.tvuai.com.br\/portal\/wp-json\/wp\/v2\/posts"}],"about":[{"href":"https:\/\/www.tvuai.com.br\/portal\/wp-json\/wp\/v2\/types\/post"}],"author":[{"embeddable":true,"href":"https:\/\/www.tvuai.com.br\/portal\/wp-json\/wp\/v2\/users\/2"}],"replies":[{"embeddable":true,"href":"https:\/\/www.tvuai.com.br\/portal\/wp-json\/wp\/v2\/comments?post=1065"}],"version-history":[{"count":1,"href":"https:\/\/www.tvuai.com.br\/portal\/wp-json\/wp\/v2\/posts\/1065\/revisions"}],"predecessor-version":[{"id":1068,"href":"https:\/\/www.tvuai.com.br\/portal\/wp-json\/wp\/v2\/posts\/1065\/revisions\/1068"}],"wp:featuredmedia":[{"embeddable":true,"href":"https:\/\/www.tvuai.com.br\/portal\/wp-json\/wp\/v2\/media\/1066"}],"wp:attachment":[{"href":"https:\/\/www.tvuai.com.br\/portal\/wp-json\/wp\/v2\/media?parent=1065"}],"wp:term":[{"taxonomy":"category","embeddable":true,"href":"https:\/\/www.tvuai.com.br\/portal\/wp-json\/wp\/v2\/categories?post=1065"},{"taxonomy":"post_tag","embeddable":true,"href":"https:\/\/www.tvuai.com.br\/portal\/wp-json\/wp\/v2\/tags?post=1065"}],"curies":[{"name":"wp","href":"https:\/\/api.w.org\/{rel}","templated":true}]}}